{"id":6190,"date":"2025-07-11T09:42:44","date_gmt":"2025-07-11T07:42:44","guid":{"rendered":"https:\/\/www.strassenweb.de\/nachrichten\/ich-entferne-das-unangenehme-regal-in-meinem-unordentlichsten-kuechenschrank-und-wechsle-stattdessen-zu-einem-genialen-18-dollar-organizer-in-hoehe-von-18-us-dollar\/"},"modified":"2025-07-11T09:42:45","modified_gmt":"2025-07-11T07:42:45","slug":"ich-entferne-das-unangenehme-regal-in-meinem-unordentlichsten-kuechenschrank-und-wechsle-stattdessen-zu-einem-genialen-18-dollar-organizer-in-hoehe-von-18-us-dollar","status":"publish","type":"post","link":"https:\/\/www.strassenweb.de\/nachrichten\/ich-entferne-das-unangenehme-regal-in-meinem-unordentlichsten-kuechenschrank-und-wechsle-stattdessen-zu-einem-genialen-18-dollar-organizer-in-hoehe-von-18-us-dollar\/","title":{"rendered":"Ich entferne das unangenehme Regal in meinem unordentlichsten K\u00fcchenschrank und wechsle stattdessen zu einem genialen 18 -Dollar -Organizer in H\u00f6he von 18 US -Dollar"},"content":{"rendered":"<div id=\"article-body\" class=\"article__body \">\n<p>Es ist nur mein Gl\u00fcck, dass der gr\u00f6\u00dfte Schrank in meiner K\u00fcche auch das unzug\u00e4nglichste f\u00fcr mich ist, zumal ich R\u00fcckenschmerzen und eingeschr\u00e4nkte Mobilit\u00e4t habe.<\/p>\n<div id=\"ad-unit-1\" class=\"ad-unit\"><\/div>\n<p>Deshalb gehe ich radikal, um es zu reparieren: Ich entferne das Regal und lasse meinen K\u00fcchenschrank mit einem genialen 18 -Dollar -Pot -Organizer von Amazon aus. Es bedeutet, dass ich meinen Mann nicht mehr bitten muss, die T\u00f6pfe oder Pfannen zu streiten, die ich brauche, und kann sie leicht selbst besorgen k\u00f6nnen.<\/p>\n<aside data-block-type=\"embed\" data-render-type=\"fte\" data-skip=\"dealsy\" data-widget-type=\"seasonal\" class=\"hawk-base\"><\/aside>\n<p>Hurra! Es ist eine brillante M\u00f6glichkeit, einen K\u00fcchenschrank zu organisieren und meinen schwierigen Raum funktionaler zu machen.<\/p>\n<div class=\"van_vid_carousel\">\n<div class=\"van_vid_carousel__padding\">\n<div class=\"van_vid_carousel__container\"><\/div>\n<\/div>\n<\/div>\n<aside data-component-name=\"Recirculation:ArticleRiver\" data-nosnippet class=\"pt-3 pb-4 mb-4 border-b border-solid border-(#333)\">\n<span class=\"\nafter:content-('') after:flex-1 after:ml-4 after:my-(0.7rem) after:border-t-(#333) after:border-t after:border-solid\nbefore:content-('') before:flex-1 before:mr-4 before:my-(0.7rem) before:border-t-(#333) before:border-t before:border-solid\nfont-article-heading pb-3 !text-base font-bold uppercase sm:text-sm text-(#333) flex\"><\/p>\n<p>Sie m\u00f6gen m\u00f6gen<br \/>\n<\/span><\/p>\n<ul class=\"flex flex-col gap-3 m-0\">\n<li class=\"m-0 list-none\" name=\"recirculation-inline\" data-analytics-id=\"recirculation-inline-1\" analytics-label=\"adviser:related\">\n<picture data-new-v2-image=\"true\" class=\"w-(--article-river-thumbnail-width,60px) flex-shrink-0\"><source type=\"image\/webp\"  ><\/source><\/p>\n<\/picture>\n<span class=\"hover:text-inherit font-article-heading text-base text-(#333) leading-5 content-center\">Dies ist der einzige Veranstalter des K\u00fcchenschranks, den ich f\u00fcr unordentliche Pfannen kaufe &#8211; es macht auch meinen unangenehmen Schrank zug\u00e4nglich <\/span><\/p>\n<\/li>\n<li class=\"m-0 list-none\" name=\"recirculation-inline\" data-analytics-id=\"recirculation-inline-2\" analytics-label=\"adviser:related\">\n<picture data-new-v2-image=\"true\" class=\"w-(--article-river-thumbnail-width,60px) flex-shrink-0\"><source type=\"image\/webp\"  ><\/source><br \/>\n<img decoding=\"async\" alt=\"Dunkelorange K\u00fcche Utility -Bereich mit dunkelgelber Tapete. Der Boden ist blau-wei\u00dfes Diamantmuster und es gibt eine Kombination aus eingebauten unteren Schr\u00e4nken und freistehenden Mitte des Jahrhundertschranks\"   loading=\"lazy\" data-new-v2-image=\"true\" src=\"https:\/\/www.strassenweb.de\/nachrichten\/wp-content\/uploads\/2025\/07\/xw5ArkDYQTX3UEFfGqnaoK.jpg\" data-pin-media=\"https:\/\/www.strassenweb.de\/nachrichten\/wp-content\/uploads\/2025\/07\/xw5ArkDYQTX3UEFfGqnaoK.jpg\" data-pin-nopin=\"true\" class=\"aspect-(--img-listing-aspect-ratio,16\/9) object-cover w-(--article-river-thumbnail-width,60px) flex-shrink-0\">\n<\/picture>\n<span class=\"hover:text-inherit font-article-heading text-base text-(#333) leading-5 content-center\">Dieser $ 14 -Stufe -Joseph Joseph Cabinet Organizer verdoppelt sofort Ihren Speicherplatz <\/span><\/p>\n<\/li>\n<\/ul>\n<\/aside>\n<h2 id=\"tiered-pots-and-pan-organizers-are-genius-3\">Stufte T\u00f6pfe und Pan -Organisatoren sind Genie<\/h2>\n<div class=\"product-container horizontal-product-container\">\n<div class=\"product-block-row\"><\/div>\n<\/div>\n<p>Ich w\u00fcnschte, ich h\u00e4tte von diesem raffinierten Gegenstand gewusst, um mir vor Jahren die Funktionalit\u00e4t in meinem K\u00fcchenschrank zu verbessern, da es mir so viel Zeit und schmerzhafte Verletzungen an meinem R\u00fccken gespart h\u00e4tte.<\/p>\n<div id=\"ad-unit-2\" class=\"ad-unit\"><\/div>\n<p>Ich finde es toll, dass Sie die Arme so anpassen k\u00f6nnen, dass Sie die H\u00f6he Ihrer T\u00f6pfe und Pfannen entsprechen, damit Sie nicht mit Standard -Zulassungen festhalten, die nicht mit Ihrem Kochgeschirr \u00fcbereinstimmen.<\/p>\n<div class=\"min-h-(270px) mb-4\" id=\"viafoura-engagement-starter-wrapper\" data-component-name=\"Elk:Embed:EngagementStarter\">\n<div class=\"viafoura\">\n<vf-conversation-starter target=\"viafoura-comments\" title=\"Have your say\" description=\"What's the most awkward cabinet in your kitchen? We'd love to hear about your challenges, or solutions!\" minimum-comment-count=\"5\"><br \/>\n<\/vf-conversation-starter>\n<\/div>\n<\/div>\n<p>K\u00e4ufer lieben auch die K\u00fcchenaufbewahrungsidee und nennen sie &#8222;einen Torh\u00fcter&#8220;. <u>Margaret Brady<\/u>verifiziert ein K\u00e4ufer, sagte, ihre T\u00f6pfe und Pfannen seien ein Chaos, bis sie dies f\u00fcgte und f\u00fcgte hinzu, &#8222;schwere und eine gro\u00dfartige L\u00f6sung f\u00fcr meine T\u00f6pfe und Pfannenorganisation in meinem Schrank. Ich habe vor dem Kauf viele andere L\u00f6sungen ausprobiert, und dieser ist ein Torh\u00fcter! &#8218;<\/p>\n<p><u>Antonio Lloyd<\/u>Ein weiterer verifizierter K\u00e4ufer liebt dies und freut sich \u00fcber die Transformation in ihrem Kabinett und f\u00fcgt hinzu: &#8222;Werkt wie beschrieben! Dieses Produkt ist nicht nur robust, sondern mein Schrank hat auch nie besser ausgesehen! &#8218;<\/p>\n<div id=\"slice-container-newsletterForm-articleInbodyContent-eej3VckKZpRzLooW6mLPZQ\" class=\"slice-container newsletter-inbodyContent-slice newsletterForm-articleInbodyContent-eej3VckKZpRzLooW6mLPZQ slice-container-newsletterForm\"><\/div>\n<p>Wenn Sie diesen Artikel mit einer ausstrahlten K\u00fcchenschrankschublade, ebenfalls von Amazon, zu einer brillanten Kombination f\u00fcr unangenehme, niedrige Schr\u00e4nke machen.<\/p>\n<h2 class=\"article-body__section\" id=\"section-what-to-shop\"><span>Was einkaufen<\/span><\/h2>\n<div class=\"product-container hero-product-container product-block-no-wrap\">\n<div class=\"product-block-row\"><\/div>\n<div class=\"product-block-row\"><\/div>\n<div class=\"product-block-row\"><\/div>\n<\/div>\n<hr>\n<p>Wir lieben gro\u00dfartige Ideen und Dinge, die unsere Lagerung maximieren, damit wir das Beste aus unseren H\u00e4usern herausholen k\u00f6nnen. Wenn Sie sich nicht sicher sind, was noch zu verbessern ist, sollten Sie vertikale Speicher hinzuf\u00fcgen.<\/p>\n<div class=\"block\" id=\"articleTag\" data-component-name=\"PostArticleLinks\">\n<div class=\"border-b border-b-black border-solid py-2.5 text-black font-bold uppercase\">Themen<\/div>\n<nav class=\"py-2.5 flex gap-2.5 flex-wrap\" data-analytics-id=\"article-tag\">\n<p>Amazon Amazon Prime Day Storage<br \/>\n<\/nav>\n<\/div>\n<\/div>\n","protected":false},"excerpt":{"rendered":"<p>Es ist nur mein Gl\u00fcck, dass der gr\u00f6\u00dfte Schrank in meiner K\u00fcche auch das unzug\u00e4nglichste f\u00fcr mich ist, zumal ich R\u00fcckenschmerzen und eingeschr\u00e4nkte Mobilit\u00e4t habe.<\/p>\n","protected":false},"author":1,"featured_media":6191,"comment_status":"closed","ping_status":"","sticky":false,"template":"","format":"standard","meta":{"footnotes":""},"categories":[118],"tags":[112,539,22,8569,4347,84,129,8571,1860,7222,8570,646,7088,37,1617,21,8572],"class_list":["post-6190","post","type-post","status-publish","format-standard","has-post-thumbnail","hentry","category-haus-garten","tag-das","tag-dollar","tag-einem","tag-entferne","tag-genialen","tag-hoehe","tag-ich","tag-kuechenschrank","tag-meinem","tag-organizer","tag-regal","tag-stattdessen","tag-unangenehme","tag-und","tag-unordentlichsten","tag-von","tag-wechsle","generate-columns","tablet-grid-50","mobile-grid-100","grid-parent","grid-50"],"yoast_head":"<!-- This site is optimized with the Yoast SEO plugin v27.3 - https:\/\/yoast.com\/product\/yoast-seo-wordpress\/ -->\n<title>Ich entferne das unangenehme Regal in meinem unordentlichsten K\u00fcchenschrank und wechsle stattdessen zu einem genialen 18 -Dollar -Organizer in H\u00f6he von 18 US -Dollar - Nachrichten - Stra\u00dfenweb<\/title>\n<meta name=\"robots\" content=\"index, follow, max-snippet:-1, max-image-preview:large, max-video-preview:-1\" \/>\n<link rel=\"canonical\" href=\"https:\/\/www.strassenweb.de\/nachrichten\/ich-entferne-das-unangenehme-regal-in-meinem-unordentlichsten-kuechenschrank-und-wechsle-stattdessen-zu-einem-genialen-18-dollar-organizer-in-hoehe-von-18-us-dollar\/\" \/>\n<meta property=\"og:locale\" content=\"de_DE\" \/>\n<meta property=\"og:type\" content=\"article\" \/>\n<meta property=\"og:title\" content=\"Ich entferne das unangenehme Regal in meinem unordentlichsten K\u00fcchenschrank und wechsle stattdessen zu einem genialen 18 -Dollar -Organizer in H\u00f6he von 18 US -Dollar - Nachrichten - Stra\u00dfenweb\" \/>\n<meta property=\"og:description\" content=\"Es ist nur mein Gl\u00fcck, dass der gr\u00f6\u00dfte Schrank in meiner K\u00fcche auch das unzug\u00e4nglichste f\u00fcr mich ist, zumal ich R\u00fcckenschmerzen und eingeschr\u00e4nkte Mobilit\u00e4t habe.\" \/>\n<meta property=\"og:url\" content=\"https:\/\/www.strassenweb.de\/nachrichten\/ich-entferne-das-unangenehme-regal-in-meinem-unordentlichsten-kuechenschrank-und-wechsle-stattdessen-zu-einem-genialen-18-dollar-organizer-in-hoehe-von-18-us-dollar\/\" \/>\n<meta property=\"og:site_name\" content=\"Stra\u00dfenweb\" \/>\n<meta property=\"article:publisher\" content=\"https:\/\/www.facebook.com\/strassenweb\/\" \/>\n<meta property=\"article:published_time\" content=\"2025-07-11T07:42:44+00:00\" \/>\n<meta property=\"article:modified_time\" content=\"2025-07-11T07:42:45+00:00\" \/>\n<meta property=\"og:image\" content=\"https:\/\/www.strassenweb.de\/nachrichten\/wp-content\/uploads\/2025\/07\/Ich-entferne-das-unangenehme-Regal-in-meinem-unordentlichsten-Kuechenschrank-und.jpg\" \/>\n\t<meta property=\"og:image:width\" content=\"1600\" \/>\n\t<meta property=\"og:image:height\" content=\"900\" \/>\n\t<meta property=\"og:image:type\" content=\"image\/jpeg\" \/>\n<meta name=\"author\" content=\"Robert Hoffmann\" \/>\n<meta name=\"twitter:card\" content=\"summary_large_image\" \/>\n<meta name=\"twitter:label1\" content=\"Verfasst von\" \/>\n\t<meta name=\"twitter:data1\" content=\"Robert Hoffmann\" \/>\n\t<meta name=\"twitter:label2\" content=\"Gesch\u00e4tzte Lesezeit\" \/>\n\t<meta name=\"twitter:data2\" content=\"2\u00a0Minuten\" \/>\n<script type=\"application\/ld+json\" class=\"yoast-schema-graph\">{\"@context\":\"https:\\\/\\\/schema.org\",\"@graph\":[{\"@type\":\"Article\",\"@id\":\"https:\\\/\\\/www.strassenweb.de\\\/nachrichten\\\/ich-entferne-das-unangenehme-regal-in-meinem-unordentlichsten-kuechenschrank-und-wechsle-stattdessen-zu-einem-genialen-18-dollar-organizer-in-hoehe-von-18-us-dollar\\\/#article\",\"isPartOf\":{\"@id\":\"https:\\\/\\\/www.strassenweb.de\\\/nachrichten\\\/ich-entferne-das-unangenehme-regal-in-meinem-unordentlichsten-kuechenschrank-und-wechsle-stattdessen-zu-einem-genialen-18-dollar-organizer-in-hoehe-von-18-us-dollar\\\/\"},\"author\":{\"name\":\"Robert Hoffmann\",\"@id\":\"https:\\\/\\\/www.strassenweb.de\\\/nachrichten\\\/#\\\/schema\\\/person\\\/87c9c9067f1211da429a744dc5a5aa41\"},\"headline\":\"Ich entferne das unangenehme Regal in meinem unordentlichsten K\u00fcchenschrank und wechsle stattdessen zu einem genialen 18 -Dollar -Organizer in H\u00f6he von 18 US -Dollar\",\"datePublished\":\"2025-07-11T07:42:44+00:00\",\"dateModified\":\"2025-07-11T07:42:45+00:00\",\"mainEntityOfPage\":{\"@id\":\"https:\\\/\\\/www.strassenweb.de\\\/nachrichten\\\/ich-entferne-das-unangenehme-regal-in-meinem-unordentlichsten-kuechenschrank-und-wechsle-stattdessen-zu-einem-genialen-18-dollar-organizer-in-hoehe-von-18-us-dollar\\\/\"},\"wordCount\":430,\"publisher\":{\"@id\":\"https:\\\/\\\/www.strassenweb.de\\\/nachrichten\\\/#organization\"},\"image\":{\"@id\":\"https:\\\/\\\/www.strassenweb.de\\\/nachrichten\\\/ich-entferne-das-unangenehme-regal-in-meinem-unordentlichsten-kuechenschrank-und-wechsle-stattdessen-zu-einem-genialen-18-dollar-organizer-in-hoehe-von-18-us-dollar\\\/#primaryimage\"},\"thumbnailUrl\":\"https:\\\/\\\/www.strassenweb.de\\\/nachrichten\\\/wp-content\\\/uploads\\\/2025\\\/07\\\/Ich-entferne-das-unangenehme-Regal-in-meinem-unordentlichsten-Kuechenschrank-und.jpg\",\"keywords\":[\"das\",\"Dollar\",\"einem\",\"entferne\",\"genialen\",\"H\u00f6he\",\"ich\",\"K\u00fcchenschrank\",\"meinem\",\"Organizer\",\"Regal\",\"stattdessen\",\"unangenehme\",\"und\",\"unordentlichsten\",\"von\",\"wechsle\"],\"articleSection\":[\"Haus &amp; Garten\"],\"inLanguage\":\"de\"},{\"@type\":\"WebPage\",\"@id\":\"https:\\\/\\\/www.strassenweb.de\\\/nachrichten\\\/ich-entferne-das-unangenehme-regal-in-meinem-unordentlichsten-kuechenschrank-und-wechsle-stattdessen-zu-einem-genialen-18-dollar-organizer-in-hoehe-von-18-us-dollar\\\/\",\"url\":\"https:\\\/\\\/www.strassenweb.de\\\/nachrichten\\\/ich-entferne-das-unangenehme-regal-in-meinem-unordentlichsten-kuechenschrank-und-wechsle-stattdessen-zu-einem-genialen-18-dollar-organizer-in-hoehe-von-18-us-dollar\\\/\",\"name\":\"Ich entferne das unangenehme Regal in meinem unordentlichsten K\u00fcchenschrank und wechsle stattdessen zu einem genialen 18 -Dollar -Organizer in H\u00f6he von 18 US -Dollar - Nachrichten - Stra\u00dfenweb\",\"isPartOf\":{\"@id\":\"https:\\\/\\\/www.strassenweb.de\\\/nachrichten\\\/#website\"},\"primaryImageOfPage\":{\"@id\":\"https:\\\/\\\/www.strassenweb.de\\\/nachrichten\\\/ich-entferne-das-unangenehme-regal-in-meinem-unordentlichsten-kuechenschrank-und-wechsle-stattdessen-zu-einem-genialen-18-dollar-organizer-in-hoehe-von-18-us-dollar\\\/#primaryimage\"},\"image\":{\"@id\":\"https:\\\/\\\/www.strassenweb.de\\\/nachrichten\\\/ich-entferne-das-unangenehme-regal-in-meinem-unordentlichsten-kuechenschrank-und-wechsle-stattdessen-zu-einem-genialen-18-dollar-organizer-in-hoehe-von-18-us-dollar\\\/#primaryimage\"},\"thumbnailUrl\":\"https:\\\/\\\/www.strassenweb.de\\\/nachrichten\\\/wp-content\\\/uploads\\\/2025\\\/07\\\/Ich-entferne-das-unangenehme-Regal-in-meinem-unordentlichsten-Kuechenschrank-und.jpg\",\"datePublished\":\"2025-07-11T07:42:44+00:00\",\"dateModified\":\"2025-07-11T07:42:45+00:00\",\"breadcrumb\":{\"@id\":\"https:\\\/\\\/www.strassenweb.de\\\/nachrichten\\\/ich-entferne-das-unangenehme-regal-in-meinem-unordentlichsten-kuechenschrank-und-wechsle-stattdessen-zu-einem-genialen-18-dollar-organizer-in-hoehe-von-18-us-dollar\\\/#breadcrumb\"},\"inLanguage\":\"de\",\"potentialAction\":[{\"@type\":\"ReadAction\",\"target\":[\"https:\\\/\\\/www.strassenweb.de\\\/nachrichten\\\/ich-entferne-das-unangenehme-regal-in-meinem-unordentlichsten-kuechenschrank-und-wechsle-stattdessen-zu-einem-genialen-18-dollar-organizer-in-hoehe-von-18-us-dollar\\\/\"]}]},{\"@type\":\"ImageObject\",\"inLanguage\":\"de\",\"@id\":\"https:\\\/\\\/www.strassenweb.de\\\/nachrichten\\\/ich-entferne-das-unangenehme-regal-in-meinem-unordentlichsten-kuechenschrank-und-wechsle-stattdessen-zu-einem-genialen-18-dollar-organizer-in-hoehe-von-18-us-dollar\\\/#primaryimage\",\"url\":\"https:\\\/\\\/www.strassenweb.de\\\/nachrichten\\\/wp-content\\\/uploads\\\/2025\\\/07\\\/Ich-entferne-das-unangenehme-Regal-in-meinem-unordentlichsten-Kuechenschrank-und.jpg\",\"contentUrl\":\"https:\\\/\\\/www.strassenweb.de\\\/nachrichten\\\/wp-content\\\/uploads\\\/2025\\\/07\\\/Ich-entferne-das-unangenehme-Regal-in-meinem-unordentlichsten-Kuechenschrank-und.jpg\",\"width\":1600,\"height\":900,\"caption\":\"Kitsch pink kitchen with yellow shel-shaped backsplash tiles behind cream and gold range cooker. It&amp;#039;s a kitchen diner with breakfast bar and gold accented pendant lights\"},{\"@type\":\"BreadcrumbList\",\"@id\":\"https:\\\/\\\/www.strassenweb.de\\\/nachrichten\\\/ich-entferne-das-unangenehme-regal-in-meinem-unordentlichsten-kuechenschrank-und-wechsle-stattdessen-zu-einem-genialen-18-dollar-organizer-in-hoehe-von-18-us-dollar\\\/#breadcrumb\",\"itemListElement\":[{\"@type\":\"ListItem\",\"position\":1,\"name\":\"Home\",\"item\":\"https:\\\/\\\/www.strassenweb.de\\\/nachrichten\\\/\"},{\"@type\":\"ListItem\",\"position\":2,\"name\":\"Ich entferne das unangenehme Regal in meinem unordentlichsten K\u00fcchenschrank und wechsle stattdessen zu einem genialen 18 -Dollar -Organizer in H\u00f6he von 18 US -Dollar\"}]},{\"@type\":\"WebSite\",\"@id\":\"https:\\\/\\\/www.strassenweb.de\\\/nachrichten\\\/#website\",\"url\":\"https:\\\/\\\/www.strassenweb.de\\\/nachrichten\\\/\",\"name\":\"Stra\u00dfenweb\",\"description\":\"Stra\u00dfenverzeichnis f\u00fcr Deutschland\",\"publisher\":{\"@id\":\"https:\\\/\\\/www.strassenweb.de\\\/nachrichten\\\/#organization\"},\"potentialAction\":[{\"@type\":\"SearchAction\",\"target\":{\"@type\":\"EntryPoint\",\"urlTemplate\":\"https:\\\/\\\/www.strassenweb.de\\\/nachrichten\\\/?s={search_term_string}\"},\"query-input\":{\"@type\":\"PropertyValueSpecification\",\"valueRequired\":true,\"valueName\":\"search_term_string\"}}],\"inLanguage\":\"de\"},{\"@type\":\"Organization\",\"@id\":\"https:\\\/\\\/www.strassenweb.de\\\/nachrichten\\\/#organization\",\"name\":\"Stra\u00dfenweb\",\"url\":\"https:\\\/\\\/www.strassenweb.de\\\/nachrichten\\\/\",\"logo\":{\"@type\":\"ImageObject\",\"inLanguage\":\"de\",\"@id\":\"https:\\\/\\\/www.strassenweb.de\\\/nachrichten\\\/#\\\/schema\\\/logo\\\/image\\\/\",\"url\":\"https:\\\/\\\/www.strassenweb.de\\\/nachrichten\\\/wp-content\\\/uploads\\\/2024\\\/09\\\/cropped-favicon.png\",\"contentUrl\":\"https:\\\/\\\/www.strassenweb.de\\\/nachrichten\\\/wp-content\\\/uploads\\\/2024\\\/09\\\/cropped-favicon.png\",\"width\":512,\"height\":512,\"caption\":\"Stra\u00dfenweb\"},\"image\":{\"@id\":\"https:\\\/\\\/www.strassenweb.de\\\/nachrichten\\\/#\\\/schema\\\/logo\\\/image\\\/\"},\"sameAs\":[\"https:\\\/\\\/www.facebook.com\\\/strassenweb\\\/\"]},{\"@type\":\"Person\",\"@id\":\"https:\\\/\\\/www.strassenweb.de\\\/nachrichten\\\/#\\\/schema\\\/person\\\/87c9c9067f1211da429a744dc5a5aa41\",\"name\":\"Robert Hoffmann\",\"image\":{\"@type\":\"ImageObject\",\"inLanguage\":\"de\",\"@id\":\"https:\\\/\\\/www.strassenweb.de\\\/nachrichten\\\/wp-content\\\/uploads\\\/2024\\\/09\\\/strassenweb-150x150.jpg\",\"url\":\"https:\\\/\\\/www.strassenweb.de\\\/nachrichten\\\/wp-content\\\/uploads\\\/2024\\\/09\\\/strassenweb-150x150.jpg\",\"contentUrl\":\"https:\\\/\\\/www.strassenweb.de\\\/nachrichten\\\/wp-content\\\/uploads\\\/2024\\\/09\\\/strassenweb-150x150.jpg\",\"caption\":\"Robert Hoffmann\"},\"description\":\"Ich hei\u00dfe Robert Hoffmann und ich bin ein leidenschaftlicher Verfechter von \u00d6kologie und Biodiversit\u00e4t. Seit meiner Kindheit in den W\u00e4ldern Bayerns f\u00fchle ich mich mit der Natur verbunden und bin entschlossen, sie zu sch\u00fctzen. Heute widme ich mein Leben der Sensibilisierung anderer f\u00fcr die Bedeutung des Umweltschutzes f\u00fcr zuk\u00fcnftige Generationen.\",\"sameAs\":[\"https:\\\/\\\/www.strassenweb.de\\\/\"]}]}<\/script>\n<!-- \/ Yoast SEO plugin. -->","yoast_head_json":{"title":"Ich entferne das unangenehme Regal in meinem unordentlichsten K\u00fcchenschrank und wechsle stattdessen zu einem genialen 18 -Dollar -Organizer in H\u00f6he von 18 US -Dollar - Nachrichten - Stra\u00dfenweb","robots":{"index":"index","follow":"follow","max-snippet":"max-snippet:-1","max-image-preview":"max-image-preview:large","max-video-preview":"max-video-preview:-1"},"canonical":"https:\/\/www.strassenweb.de\/nachrichten\/ich-entferne-das-unangenehme-regal-in-meinem-unordentlichsten-kuechenschrank-und-wechsle-stattdessen-zu-einem-genialen-18-dollar-organizer-in-hoehe-von-18-us-dollar\/","og_locale":"de_DE","og_type":"article","og_title":"Ich entferne das unangenehme Regal in meinem unordentlichsten K\u00fcchenschrank und wechsle stattdessen zu einem genialen 18 -Dollar -Organizer in H\u00f6he von 18 US -Dollar - Nachrichten - Stra\u00dfenweb","og_description":"Es ist nur mein Gl\u00fcck, dass der gr\u00f6\u00dfte Schrank in meiner K\u00fcche auch das unzug\u00e4nglichste f\u00fcr mich ist, zumal ich R\u00fcckenschmerzen und eingeschr\u00e4nkte Mobilit\u00e4t habe.","og_url":"https:\/\/www.strassenweb.de\/nachrichten\/ich-entferne-das-unangenehme-regal-in-meinem-unordentlichsten-kuechenschrank-und-wechsle-stattdessen-zu-einem-genialen-18-dollar-organizer-in-hoehe-von-18-us-dollar\/","og_site_name":"Stra\u00dfenweb","article_publisher":"https:\/\/www.facebook.com\/strassenweb\/","article_published_time":"2025-07-11T07:42:44+00:00","article_modified_time":"2025-07-11T07:42:45+00:00","og_image":[{"width":1600,"height":900,"url":"https:\/\/www.strassenweb.de\/nachrichten\/wp-content\/uploads\/2025\/07\/Ich-entferne-das-unangenehme-Regal-in-meinem-unordentlichsten-Kuechenschrank-und.jpg","type":"image\/jpeg"}],"author":"Robert Hoffmann","twitter_card":"summary_large_image","twitter_misc":{"Verfasst von":"Robert Hoffmann","Gesch\u00e4tzte Lesezeit":"2\u00a0Minuten"},"schema":{"@context":"https:\/\/schema.org","@graph":[{"@type":"Article","@id":"https:\/\/www.strassenweb.de\/nachrichten\/ich-entferne-das-unangenehme-regal-in-meinem-unordentlichsten-kuechenschrank-und-wechsle-stattdessen-zu-einem-genialen-18-dollar-organizer-in-hoehe-von-18-us-dollar\/#article","isPartOf":{"@id":"https:\/\/www.strassenweb.de\/nachrichten\/ich-entferne-das-unangenehme-regal-in-meinem-unordentlichsten-kuechenschrank-und-wechsle-stattdessen-zu-einem-genialen-18-dollar-organizer-in-hoehe-von-18-us-dollar\/"},"author":{"name":"Robert Hoffmann","@id":"https:\/\/www.strassenweb.de\/nachrichten\/#\/schema\/person\/87c9c9067f1211da429a744dc5a5aa41"},"headline":"Ich entferne das unangenehme Regal in meinem unordentlichsten K\u00fcchenschrank und wechsle stattdessen zu einem genialen 18 -Dollar -Organizer in H\u00f6he von 18 US -Dollar","datePublished":"2025-07-11T07:42:44+00:00","dateModified":"2025-07-11T07:42:45+00:00","mainEntityOfPage":{"@id":"https:\/\/www.strassenweb.de\/nachrichten\/ich-entferne-das-unangenehme-regal-in-meinem-unordentlichsten-kuechenschrank-und-wechsle-stattdessen-zu-einem-genialen-18-dollar-organizer-in-hoehe-von-18-us-dollar\/"},"wordCount":430,"publisher":{"@id":"https:\/\/www.strassenweb.de\/nachrichten\/#organization"},"image":{"@id":"https:\/\/www.strassenweb.de\/nachrichten\/ich-entferne-das-unangenehme-regal-in-meinem-unordentlichsten-kuechenschrank-und-wechsle-stattdessen-zu-einem-genialen-18-dollar-organizer-in-hoehe-von-18-us-dollar\/#primaryimage"},"thumbnailUrl":"https:\/\/www.strassenweb.de\/nachrichten\/wp-content\/uploads\/2025\/07\/Ich-entferne-das-unangenehme-Regal-in-meinem-unordentlichsten-Kuechenschrank-und.jpg","keywords":["das","Dollar","einem","entferne","genialen","H\u00f6he","ich","K\u00fcchenschrank","meinem","Organizer","Regal","stattdessen","unangenehme","und","unordentlichsten","von","wechsle"],"articleSection":["Haus &amp; Garten"],"inLanguage":"de"},{"@type":"WebPage","@id":"https:\/\/www.strassenweb.de\/nachrichten\/ich-entferne-das-unangenehme-regal-in-meinem-unordentlichsten-kuechenschrank-und-wechsle-stattdessen-zu-einem-genialen-18-dollar-organizer-in-hoehe-von-18-us-dollar\/","url":"https:\/\/www.strassenweb.de\/nachrichten\/ich-entferne-das-unangenehme-regal-in-meinem-unordentlichsten-kuechenschrank-und-wechsle-stattdessen-zu-einem-genialen-18-dollar-organizer-in-hoehe-von-18-us-dollar\/","name":"Ich entferne das unangenehme Regal in meinem unordentlichsten K\u00fcchenschrank und wechsle stattdessen zu einem genialen 18 -Dollar -Organizer in H\u00f6he von 18 US -Dollar - Nachrichten - Stra\u00dfenweb","isPartOf":{"@id":"https:\/\/www.strassenweb.de\/nachrichten\/#website"},"primaryImageOfPage":{"@id":"https:\/\/www.strassenweb.de\/nachrichten\/ich-entferne-das-unangenehme-regal-in-meinem-unordentlichsten-kuechenschrank-und-wechsle-stattdessen-zu-einem-genialen-18-dollar-organizer-in-hoehe-von-18-us-dollar\/#primaryimage"},"image":{"@id":"https:\/\/www.strassenweb.de\/nachrichten\/ich-entferne-das-unangenehme-regal-in-meinem-unordentlichsten-kuechenschrank-und-wechsle-stattdessen-zu-einem-genialen-18-dollar-organizer-in-hoehe-von-18-us-dollar\/#primaryimage"},"thumbnailUrl":"https:\/\/www.strassenweb.de\/nachrichten\/wp-content\/uploads\/2025\/07\/Ich-entferne-das-unangenehme-Regal-in-meinem-unordentlichsten-Kuechenschrank-und.jpg","datePublished":"2025-07-11T07:42:44+00:00","dateModified":"2025-07-11T07:42:45+00:00","breadcrumb":{"@id":"https:\/\/www.strassenweb.de\/nachrichten\/ich-entferne-das-unangenehme-regal-in-meinem-unordentlichsten-kuechenschrank-und-wechsle-stattdessen-zu-einem-genialen-18-dollar-organizer-in-hoehe-von-18-us-dollar\/#breadcrumb"},"inLanguage":"de","potentialAction":[{"@type":"ReadAction","target":["https:\/\/www.strassenweb.de\/nachrichten\/ich-entferne-das-unangenehme-regal-in-meinem-unordentlichsten-kuechenschrank-und-wechsle-stattdessen-zu-einem-genialen-18-dollar-organizer-in-hoehe-von-18-us-dollar\/"]}]},{"@type":"ImageObject","inLanguage":"de","@id":"https:\/\/www.strassenweb.de\/nachrichten\/ich-entferne-das-unangenehme-regal-in-meinem-unordentlichsten-kuechenschrank-und-wechsle-stattdessen-zu-einem-genialen-18-dollar-organizer-in-hoehe-von-18-us-dollar\/#primaryimage","url":"https:\/\/www.strassenweb.de\/nachrichten\/wp-content\/uploads\/2025\/07\/Ich-entferne-das-unangenehme-Regal-in-meinem-unordentlichsten-Kuechenschrank-und.jpg","contentUrl":"https:\/\/www.strassenweb.de\/nachrichten\/wp-content\/uploads\/2025\/07\/Ich-entferne-das-unangenehme-Regal-in-meinem-unordentlichsten-Kuechenschrank-und.jpg","width":1600,"height":900,"caption":"Kitsch pink kitchen with yellow shel-shaped backsplash tiles behind cream and gold range cooker. It&amp;#039;s a kitchen diner with breakfast bar and gold accented pendant lights"},{"@type":"BreadcrumbList","@id":"https:\/\/www.strassenweb.de\/nachrichten\/ich-entferne-das-unangenehme-regal-in-meinem-unordentlichsten-kuechenschrank-und-wechsle-stattdessen-zu-einem-genialen-18-dollar-organizer-in-hoehe-von-18-us-dollar\/#breadcrumb","itemListElement":[{"@type":"ListItem","position":1,"name":"Home","item":"https:\/\/www.strassenweb.de\/nachrichten\/"},{"@type":"ListItem","position":2,"name":"Ich entferne das unangenehme Regal in meinem unordentlichsten K\u00fcchenschrank und wechsle stattdessen zu einem genialen 18 -Dollar -Organizer in H\u00f6he von 18 US -Dollar"}]},{"@type":"WebSite","@id":"https:\/\/www.strassenweb.de\/nachrichten\/#website","url":"https:\/\/www.strassenweb.de\/nachrichten\/","name":"Stra\u00dfenweb","description":"Stra\u00dfenverzeichnis f\u00fcr Deutschland","publisher":{"@id":"https:\/\/www.strassenweb.de\/nachrichten\/#organization"},"potentialAction":[{"@type":"SearchAction","target":{"@type":"EntryPoint","urlTemplate":"https:\/\/www.strassenweb.de\/nachrichten\/?s={search_term_string}"},"query-input":{"@type":"PropertyValueSpecification","valueRequired":true,"valueName":"search_term_string"}}],"inLanguage":"de"},{"@type":"Organization","@id":"https:\/\/www.strassenweb.de\/nachrichten\/#organization","name":"Stra\u00dfenweb","url":"https:\/\/www.strassenweb.de\/nachrichten\/","logo":{"@type":"ImageObject","inLanguage":"de","@id":"https:\/\/www.strassenweb.de\/nachrichten\/#\/schema\/logo\/image\/","url":"https:\/\/www.strassenweb.de\/nachrichten\/wp-content\/uploads\/2024\/09\/cropped-favicon.png","contentUrl":"https:\/\/www.strassenweb.de\/nachrichten\/wp-content\/uploads\/2024\/09\/cropped-favicon.png","width":512,"height":512,"caption":"Stra\u00dfenweb"},"image":{"@id":"https:\/\/www.strassenweb.de\/nachrichten\/#\/schema\/logo\/image\/"},"sameAs":["https:\/\/www.facebook.com\/strassenweb\/"]},{"@type":"Person","@id":"https:\/\/www.strassenweb.de\/nachrichten\/#\/schema\/person\/87c9c9067f1211da429a744dc5a5aa41","name":"Robert Hoffmann","image":{"@type":"ImageObject","inLanguage":"de","@id":"https:\/\/www.strassenweb.de\/nachrichten\/wp-content\/uploads\/2024\/09\/strassenweb-150x150.jpg","url":"https:\/\/www.strassenweb.de\/nachrichten\/wp-content\/uploads\/2024\/09\/strassenweb-150x150.jpg","contentUrl":"https:\/\/www.strassenweb.de\/nachrichten\/wp-content\/uploads\/2024\/09\/strassenweb-150x150.jpg","caption":"Robert Hoffmann"},"description":"Ich hei\u00dfe Robert Hoffmann und ich bin ein leidenschaftlicher Verfechter von \u00d6kologie und Biodiversit\u00e4t. Seit meiner Kindheit in den W\u00e4ldern Bayerns f\u00fchle ich mich mit der Natur verbunden und bin entschlossen, sie zu sch\u00fctzen. Heute widme ich mein Leben der Sensibilisierung anderer f\u00fcr die Bedeutung des Umweltschutzes f\u00fcr zuk\u00fcnftige Generationen.","sameAs":["https:\/\/www.strassenweb.de\/"]}]}},"_links":{"self":[{"href":"https:\/\/www.strassenweb.de\/nachrichten\/wp-json\/wp\/v2\/posts\/6190","targetHints":{"allow":["GET"]}}],"collection":[{"href":"https:\/\/www.strassenweb.de\/nachrichten\/wp-json\/wp\/v2\/posts"}],"about":[{"href":"https:\/\/www.strassenweb.de\/nachrichten\/wp-json\/wp\/v2\/types\/post"}],"author":[{"embeddable":true,"href":"https:\/\/www.strassenweb.de\/nachrichten\/wp-json\/wp\/v2\/users\/1"}],"replies":[{"embeddable":true,"href":"https:\/\/www.strassenweb.de\/nachrichten\/wp-json\/wp\/v2\/comments?post=6190"}],"version-history":[{"count":0,"href":"https:\/\/www.strassenweb.de\/nachrichten\/wp-json\/wp\/v2\/posts\/6190\/revisions"}],"wp:featuredmedia":[{"embeddable":true,"href":"https:\/\/www.strassenweb.de\/nachrichten\/wp-json\/wp\/v2\/media\/6191"}],"wp:attachment":[{"href":"https:\/\/www.strassenweb.de\/nachrichten\/wp-json\/wp\/v2\/media?parent=6190"}],"wp:term":[{"taxonomy":"category","embeddable":true,"href":"https:\/\/www.strassenweb.de\/nachrichten\/wp-json\/wp\/v2\/categories?post=6190"},{"taxonomy":"post_tag","embeddable":true,"href":"https:\/\/www.strassenweb.de\/nachrichten\/wp-json\/wp\/v2\/tags?post=6190"}],"curies":[{"name":"wp","href":"https:\/\/api.w.org\/{rel}","templated":true}]}}