{"id":6171,"date":"2025-07-10T05:42:14","date_gmt":"2025-07-10T03:42:14","guid":{"rendered":"https:\/\/www.strassenweb.de\/nachrichten\/nach-20-jahren-garten-sind-dies-die-7-must-have-stauden-die-ich-niemals-ohne-haette\/"},"modified":"2025-07-10T05:42:15","modified_gmt":"2025-07-10T03:42:15","slug":"nach-20-jahren-garten-sind-dies-die-7-must-have-stauden-die-ich-niemals-ohne-haette","status":"publish","type":"post","link":"https:\/\/www.strassenweb.de\/nachrichten\/nach-20-jahren-garten-sind-dies-die-7-must-have-stauden-die-ich-niemals-ohne-haette\/","title":{"rendered":"Nach 20 Jahren Garten sind dies die 7 Must-Have-Stauden, die ich niemals ohne h\u00e4tte"},"content":{"rendered":"<div id=\"article-body\" class=\"article__body \">\n<p>Stalwarts unserer Vorder- und Hinterh\u00f6fe k\u00f6nnen Jahr f\u00fcr Jahr monatelange Farb- und Zinsen bieten. Im Allgemeinen sind die Wartung mit niedrigeren Pflege als j\u00e4hrliche Pflanzen, Stauden, sobald sich festgestellt hat, neigen dazu, im Garten zuverl\u00e4ssige Macher zu sein. Mit einer Staude f\u00fcr jeden Aspekt und jeden Ort gibt es f\u00fcr jeden G\u00e4rtner eine gro\u00dfe Auswahl dieser Pflanzen.<\/p>\n<div id=\"ad-unit-1\" class=\"ad-unit\"><\/div>\n<p>Nachdem ich kommerzielle, h\u00e4usliche und Gemeinschaftsg\u00e4rten und einen kleinen Blumenfarm geleitet hatte, hatte ich die M\u00f6glichkeit, viele verschiedene Stauden zu z\u00fcchten, sei es f\u00fcr Blumen, Laub oder Samenk\u00f6pfe oder andere Eigenschaften wie Bodenabdeckung oder Textur. Im Laufe der Jahre habe ich gelernt, welche es wirklich wert sind, Jahr f\u00fcr Jahr zu wachsen und gut zu arbeiten.<\/p>\n<aside data-block-type=\"embed\" data-render-type=\"fte\" data-skip=\"dealsy\" data-widget-type=\"seasonal\" class=\"hawk-base\"><\/aside>\n<p>Wenn es darum geht, die besten Stauden auszuw\u00e4hlen, ist die Liste endlos. Ihr Garten hat jedoch einen eigenen Stil, Design und Farbschema, und Ihre Must-Have-Stauden werden nicht die gleiche sein wie die eines anderen. Aber diese sieben sind ein gro\u00dfartiger Ort, um zu beginnen. Hier sind meine sieben Must-Have-Stauden, die nicht nur monatelang gut aussehen, sondern in einigen F\u00e4llen die Tierwelt f\u00fcr die kommenden Jahre ermutigen.<\/p>\n<div class=\"van_vid_carousel\">\n<div class=\"van_vid_carousel__padding\">\n<div class=\"van_vid_carousel__container\"><\/div>\n<\/div>\n<\/div>\n<aside data-component-name=\"Recirculation:ArticleRiver\" data-nosnippet class=\"pt-3 pb-4 mb-4 border-b border-solid border-(#333)\">\n<span class=\"\nafter:content-('') after:flex-1 after:ml-4 after:my-(0.7rem) after:border-t-(#333) after:border-t after:border-solid\nbefore:content-('') before:flex-1 before:mr-4 before:my-(0.7rem) before:border-t-(#333) before:border-t before:border-solid\nfont-article-heading pb-3 !text-base font-bold uppercase sm:text-sm text-(#333) flex\"><\/p>\n<p>Sie m\u00f6gen m\u00f6gen<br \/>\n<\/span><\/p>\n<ul class=\"flex flex-col gap-3 m-0\">\n<li class=\"m-0 list-none\" name=\"recirculation-inline\" data-analytics-id=\"recirculation-inline-1\" analytics-label=\"adviser:related\">\n<picture data-new-v2-image=\"true\" class=\"w-(--article-river-thumbnail-width,60px) flex-shrink-0\"><source type=\"image\/webp\"  ><\/source><\/p>\n<\/picture>\n<span class=\"hover:text-inherit font-article-heading text-base text-(#333) leading-5 content-center\">Ich bin ein professioneller G\u00e4rtner, und das sind 7 an undemsiedelnde mehrj\u00e4hrige Blumen, die ich im Juni f\u00fcr jahrelange glorreiche, lang anhaltende Bl\u00fcten pflanzen w\u00fcrde <\/span><\/p>\n<\/li>\n<li class=\"m-0 list-none\" name=\"recirculation-inline\" data-analytics-id=\"recirculation-inline-2\" analytics-label=\"adviser:related\">\n<picture data-new-v2-image=\"true\" class=\"w-(--article-river-thumbnail-width,60px) flex-shrink-0\"><source type=\"image\/webp\"  ><\/source><br \/>\n<img decoding=\"async\" alt=\"Eurybia divaricata oder der wei\u00dfe Holzstern mit Massen wei\u00dfer G\u00e4nsebl\u00fcmchen w\u00e4hrend des Fr\u00fchlings \"   loading=\"lazy\" data-new-v2-image=\"true\" src=\"https:\/\/www.strassenweb.de\/nachrichten\/wp-content\/uploads\/2025\/06\/bj9sgRLmmaGeGvQnVDtqPb.jpg\" data-pin-media=\"https:\/\/www.strassenweb.de\/nachrichten\/wp-content\/uploads\/2025\/06\/bj9sgRLmmaGeGvQnVDtqPb.jpg\" data-pin-nopin=\"true\" class=\"aspect-(--img-listing-aspect-ratio,16\/9) object-cover w-(--article-river-thumbnail-width,60px) flex-shrink-0\">\n<\/picture>\n<span class=\"hover:text-inherit font-article-heading text-base text-(#333) leading-5 content-center\">5 Stauden, die von Vernachl\u00e4ssigung gedeihen-Expertenempfehlungen f\u00fcr wartungsarme Pflanzen, die unglaublich einfach zu wachsen sind<\/span><\/p>\n<\/li>\n<\/ul>\n<\/aside>\n<h2 id=\"7-must-have-perennials-to-grow-in-your-garden-3\">7 Must-Have-Stauden, um in Ihrem Garten zu wachsen<\/h2>\n<p>Wenn Sie einen Grenze neu gestalten oder einen neuen von Grund auf neu starten, m\u00f6chten Sie h\u00f6chstwahrscheinlich einige Stauden pflanzen. Die Stauden sind Jahr f\u00fcr Jahr h\u00e4ufig ein gro\u00dfes Preis-Leistungs-Verh\u00e4ltnis und sind wartungsarmer und wartungsarm.<\/p>\n<div id=\"ad-unit-2\" class=\"ad-unit\"><\/div>\n<p>Diese Must-Have-Stauden werden Ihr Garten Jahr f\u00fcr Jahr verbessern, von Unkraut-Supprimierungs-Bodenbedeckungen bis hin zu Blumen, die sanft in der Brise schwanken.<\/p>\n<h3 class=\"article-body__section\" id=\"section-1-russian-sage\"><span>1. Russischer Salbei<\/span><\/h3>\n<figure class=\"van-image-figure inline-layout \" data-bordeaux-image-check>\n<div class=\"image-full-width-wrapper\">\n<div class=\"image-widthsetter\" style=\"max-width:2000px;\"><\/div>\n<\/div>\n<\/figure>\n<p>Eine der h\u00e4rtesten und d\u00fcrretoleranten Stauden, die ich kenne, russischer Salbei (<em>Salvia yangii<\/em>fr\u00fcher bekannt als <em>Perovskia atriplicifolia<\/em>) passt perfekt zu einem hei\u00dfen und trockenen Rand oder einem Kiesgarten.<\/p>\n<p>Hardy In den US-amerikanischen Hardinit\u00e4tszonen 4-9 w\u00e4chst diese h\u00f6lzige Staude auf etwa vier Fu\u00df hoch und ist mit duftend silbriggrauem Laub und atemberaubenden Lavendelblumen im Sommer geschm\u00fcckt.<\/p>\n<p>Nachdem ich im Laufe der Jahre viele russische Salbei gepflanzt und gepflegt hat, kann ich daf\u00fcr b\u00fcrgen, dass es nach Vernachl\u00e4ssigung gedeiht und in der Vegetationsperiode so gut wie seinen eigenen Ger\u00e4ten \u00fcberlassen werden kann. Ein weiterer Vorteil des Wachstums <em>Salvia yangii<\/em>ist, dass es eine gro\u00dfartige Pflanze ist, um Best\u00e4uber in Ihren Garten zu ermutigen, wie Bienen in Blumen dazu str\u00f6men.<\/p>\n<p>Sie k\u00f6nnen &#8222;Russian Sage von Nature Hills&#8220; kaufen und sobald sich eine laufende Pflege errichtet. Indem Sie im fr\u00fchen Fr\u00fchling darauf warten, hart zur\u00fcckzugewinnen, werden Sie und die \u00f6rtliche Wildtiere in den Wintermonaten das Skelettger\u00fcst genie\u00dfen.<\/p>\n<h3 class=\"article-body__section\" id=\"section-2-white-valerian-centranthus\"><span>2. Wei\u00dfer Valerian (Centranthus)<\/span><\/h3>\n<figure class=\"van-image-figure inline-layout \" data-bordeaux-image-check>\n<div class=\"image-full-width-wrapper\">\n<div class=\"image-widthsetter\" style=\"max-width:2400px;\"><\/div>\n<\/div>\n<\/figure>\n<p>Die wei\u00dfe Version des rosa Valerianer, der in Gro\u00dfbritannien reichlich w\u00e4chst, <em>Centranthus Ruber<\/em> &#8218;Albus&#8216; ist ein Favorit von mir f\u00fcr die Front bis zur Mitte eines Grenze.<\/p>\n<p>Es w\u00e4chst auf etwa 4 Fu\u00df hoch und produziert Haufen reine wei\u00dfe Bl\u00fcten \u00fcber seinem graugr\u00fcnen Laub. Als Magnet f\u00fcr Best\u00e4uber liebe es, zuzusehen, wie die Motten dazu str\u00f6men, wenn die Hitze des Tages nachl\u00e4sst.<\/p>\n<p>Es ist geeignet, in USDA-Zonen 5-8 zu wachsen, abgesehen von der seltsamen Deadhead und lebt von Vernachl\u00e4ssigung und beleuchtet die Grenzen am Abend. Ich habe es wiederholt in sonnigen H\u00fctteng\u00e4rten und K\u00fcstenentw\u00fcrfen benutzt, wo es zu gedeihen scheint.<\/p>\n<p>Kommen Sie im Winter, schneiden Sie einfach die St\u00e4ngel auf knapp \u00fcber dem Boden zur\u00fcck und sehen Sie zu, wie es im folgenden Fr\u00fchling wieder auftaucht. Centranthus Valerian Ruber White Snowcloud sind bei Amazon erh\u00e4ltlich.<\/p>\n<h3 class=\"article-body__section\" id=\"section-3-balkan-clary\"><span>3. Balkan Clary<\/span><\/h3>\n<figure class=\"van-image-figure inline-layout \" data-bordeaux-image-check>\n<div class=\"image-full-width-wrapper\">\n<div class=\"image-widthsetter\" style=\"max-width:2000px;\"><\/div>\n<\/div>\n<\/figure>\n<p>Bei so vielen sch\u00f6nen Salvien zur Auswahl ist es schwierig, nur einen auszuw\u00e4hlen. Allerdings auch als Woodland Sage oder bekannt <em>Salvia Nemorosa, <\/em>Balkan Clary ist eine meiner Sorten von Salvia.<\/p>\n<p>Als ich ab dem fr\u00fchen Sommer vertikale Spikes erzeugt, die mit violettblauen Bl\u00fcten bedeckt sind, fand ich es ideal, um einem Bett oder einer Grenze voller weitl\u00e4ufiger oder schlaffe Pflanzen eine kontrastierende aufrechte Struktur hinzuzuf\u00fcgen. Bei einem leichten oder sandigen, gut durchl\u00e4ssigen Boden gedeiht es und beeindruckt Jahr f\u00fcr Jahr zuverl\u00e4ssig.<\/p>\n<p>Diese sonnenliebende Staude ist f\u00fcr den Wachstum in den US-Zonen 4-9 geeignet. Es ist bekannt, dass sie alle Arten von Best\u00e4ubern anzieht, einschlie\u00dflich<em> <\/em>Kolibris<em>.<\/em><\/p>\n<p><em>Ein wunderbar leicht zu wachsener und wartungsarmer Wartungspunkt wird sp\u00e4ter in der Saison einen neuen Flush-Tothead der verbrauchten Blumenspitzen f\u00f6rdern. <\/em><\/p>\n<p><em>Salvia Nemorosa &#8218;<\/em>Caradonna &#8218;ist von Nature Hills erh\u00e4ltlich<em>&#8218;.<\/em>Um es am besten auszusehen, teilen Sie im fr\u00fchen Fr\u00fchling alle 3 bis 4 Jahre gro\u00dfe Klumpen.<\/p>\n<h3 class=\"article-body__section\" id=\"section-4-geranium-rozanne\"><span>4. Geranium Rozanne<\/span><\/h3>\n<figure class=\"van-image-figure inline-layout \" data-bordeaux-image-check>\n<div class=\"image-full-width-wrapper\">\n<div class=\"image-widthsetter\" style=\"max-width:2000px;\"><\/div>\n<\/div>\n<\/figure>\n<p>Dieses preisgekr\u00f6nte &#8218;Hardy Geranium&#8216; oder Cranesbill wird von G\u00e4rtnern und aus gutem Grund bekannt und weit verbreitet und weit verbreitet. Hart und kr\u00e4ftig, <em>Geranie<\/em> Rozanne Bl\u00fcten monatelang Bl\u00fcten und zeigen seine blau-violetten Bl\u00fcten mit kontrastierenden wei\u00dfen Zentren.<\/p>\n<p>In Zonen 5-8 gilt diese krautige Staude und eignet sich ideal f\u00fcr Grenzen und Beh\u00e4lter in voller Sonne oder einem teilweisen Schatten.<\/p>\n<p>Rozanne, die nicht nur eine feste Bodenbedeckung bietet, sondern auch eine feste Bodenbedeckung, sondern auch Interesse und Farbe verleiht, wobei ihre weitl\u00e4ufige Natur bis zu drei Fu\u00df durch.<\/p>\n<p>Wie bei anderen Cranesbill -Sorten kann Rozanne Trockenzauber tolerieren, sieht aber am besten aus, wenn sie in den trockeneren Monaten regelm\u00e4\u00dfig bew\u00e4ssert werden. Im Hochsommer kann ein leichter Preistr\u00e4ger jeglicher tattiger Laub und verbrauchender Blumen bis zum Herbst weitere Bl\u00fcten ermutigen.<\/p>\n<p>Sie k\u00f6nnen kaufen <em>Geranie<\/em> Rozanne von Burpee und obwohl es mehrere Jahre weiterhin gut aussieht, m\u00f6chten Sie vielleicht \u00e4ltere Pflanzen im fr\u00fchen Fr\u00fchling oder Herbst teilen, um ein neues Wachstum zu f\u00f6rdern.<\/p>\n<h3 class=\"article-body__section\" id=\"section-5-lady-s-mantle\"><span>5. Damenmantel<\/span><\/h3>\n<figure class=\"van-image-figure inline-layout \" data-bordeaux-image-check>\n<div class=\"image-full-width-wrapper\">\n<div class=\"image-widthsetter\" style=\"max-width:2400px;\"><\/div>\n<\/div>\n<\/figure>\n<p>Gesch\u00e4tzt f\u00fcr seine attraktiven Laub und lind-gelbe Blumen, <em>Alchemila Mollis<\/em>oder der Mantel der Dame, wie er auch genannt wird, wird von jedem G\u00e4rtner nicht verehrt, da er sich selbst setzte.<\/p>\n<p>Pflanzen Sie es jedoch dort, wo es Ihnen nichts ausmacht, es zu tun, und Sie werden durch seine F\u00e4higkeit zur Unkraut-Supprimierung und die empfindlichen Bl\u00fcten im Sommer belohnt. Der Mantel der Lady ist anpassungsf\u00e4hig und hart und lebt in der vollen und teilweisen Sonne.<\/p>\n<p>Diese robuste Staude w\u00e4chst auf etwa 1 bis 2 Fu\u00df hoch und bildet eine ideale Anlage vor dem grenz\u00fcberschreitenden oder zum Umbau eines Pfades. Bei einem langen, freien Weg zu Edge und einem begrenzten Budget erwies sich der wachsende Mantel der Dame aus dem Samen als kosteng\u00fcnstige und optisch atemberaubende L\u00f6sung.<\/p>\n<p>Toting der verbrauchten Blumen hilft, sich selbst zu besch\u00e4ftigen und ihre Ausbreitung einzud\u00e4mmen. Sie k\u00f6nnen Damen -Mantelpflanzen von Nature Hills kaufen.<\/p>\n<h3 class=\"article-body__section\" id=\"section-6-verbena-bonariensis\"><span>6. Verbena bonariensis<\/span><\/h3>\n<figure class=\"van-image-figure inline-layout \" data-bordeaux-image-check>\n<div class=\"image-full-width-wrapper\">\n<div class=\"image-widthsetter\" style=\"max-width:2000px;\"><\/div>\n<\/div>\n<\/figure>\n<p>Ein weiterer preisgekr\u00f6nter Must-Have-St\u00e4ndiger, <em>Verbena bonariensis<\/em> Oder hohe Verbena, wie es einfach genannt wird, wird mit Sicherheit einen leistungsstarken und doch zierlichen Schlag einpacken, wo immer Sie ihn pflanzen.<\/p>\n<p>Diese vertrauensw\u00fcrdige und anmutige Staude erzeugt mit bis zu sechs Fu\u00df hohen, schlanken, schlanken Stielen mit bis zu sechs Fu\u00df hohen Bl\u00fcten und ist perfekt, um Ihren Grenzen einen Hauch von Eleganz zu verleihen.<\/p>\n<p>Geeignet f\u00fcr hei\u00dfe und trockene R\u00e4ume in US-Zonen 7-11, habe ich benutzt <em>Verbena bonariensis<\/em> f\u00fcr Gr\u00f6\u00dfe und Struktur in vielen Projekten, von H\u00fctteng\u00e4rten bis hin zu Felsg\u00e4rten und nie entt\u00e4uscht.<\/p>\n<p>Wenn die Bienen und Schmetterlinge, die in der Bl\u00fcte angezogen wurden, nicht genug waren, k\u00f6nnen Sie die Samenk\u00f6pfe f\u00fcr alle Futterv\u00f6gel im Winter lassen.<\/p>\n<p>Wenn Sie als produktive Selbstverseiger die Blumen nicht t\u00f6dlich machen, werden Sie im folgenden Fr\u00fchjahr eine Streuung neuer Pflanzen haben. In formellen G\u00e4rten m\u00f6chten Sie dies m\u00f6glicherweise verhindern oder die neuen S\u00e4mlinge anwogen.<\/p>\n<p>In weniger formalen G\u00e4rten bin ich immer versucht, die Natur ihren Kurs laufen zu lassen und zu sehen, wo sie auftauchen. Verbena bonariensis ist bei Burpee erh\u00e4ltlich.<\/p>\n<h3 class=\"article-body__section\" id=\"section-7-mexican-feather-grass\"><span>7. Mexikanisches Federgras<\/span><\/h3>\n<figure class=\"van-image-figure inline-layout \" data-bordeaux-image-check>\n<div class=\"image-full-width-wrapper\">\n<div class=\"image-widthsetter\" style=\"max-width:2400px;\"><\/div>\n<\/div>\n<\/figure>\n<p>Obwohl keine klassische bl\u00fchende Stauung, <em>Stipa Tenuissima<\/em> ist definitiv eine meiner Must-Have-Stauden aufgrund seiner weichen federartigen Textur und der mehrfache Male, die ich verwendet habe.<\/p>\n<p>Mit dem Klimawandel und der steigenden globalen Temperaturen bitten mich immer mehr Menschen nach d\u00fcrretoleranten Pflanztipps, zu denen ich oft mexikanisches Federgras und andere Ziergras vorschlage.<\/p>\n<p>Fast schockierend d\u00fcrretolerant, einmal etabliert, <em>Stipa Tenuissima<\/em> ist wirklich wartungsarm und eine gro\u00dfartige Staude, um jedem sonnigen Bett oder Grenze zarte Bewegung zu verleihen. Es ist ein perfekter Partner, um zwischen russischen Salbei und Balkan Clary zu weben.<\/p>\n<p>In den US-Zonen 7-11 muss dieses Ziergras in einem gut durchl\u00e4ssigen Boden angebaut werden. Andernfalls schmollt es im Winter von nassen F\u00fc\u00dfen. Wenn Sie bewachsen und unordentlich sind, k\u00f6nnen Sie im fr\u00fchen Fr\u00fchling jedes tote Laub mit behandschuhten H\u00e4nden ausk\u00e4mmen oder wenn Sie sich mutig f\u00fchlen, schneiden Sie schwer zur\u00fcck, um sich zu verj\u00fcngen. Mexikanisches Federgras ist von Nature Hills erh\u00e4ltlich.<\/p>\n<hr>\n<p>Mit Str\u00e4uchern und Stauden, die h\u00e4ufig das R\u00fcckgrat der meisten Gartengrenzen liefern, k\u00f6nnen j\u00e4hrliche Pflanzen eine perfekte M\u00f6glichkeit sein, zus\u00e4tzliche Farbe zu injizieren oder eine L\u00fccke in letzter Minute zu f\u00fcllen.<\/p>\n<p>Im Allgemeinen im fr\u00fchen Fr\u00fchling oder sogar im Herbst zuvor k\u00f6nnen Sie bis Anfang Juli sogar Einj\u00e4hrige f\u00fcr ein gro\u00dfartiges Fr\u00fchherbst -Display s\u00e4en.<\/p>\n<\/div>\n","protected":false},"excerpt":{"rendered":"<p>Stalwarts unserer Vorder- und Hinterh\u00f6fe k\u00f6nnen Jahr f\u00fcr Jahr monatelange Farb- und Zinsen bieten. Im Allgemeinen sind die Wartung mit niedrigeren Pflege als j\u00e4hrliche Pflanzen,<\/p>\n","protected":false},"author":1,"featured_media":6172,"comment_status":"closed","ping_status":"","sticky":false,"template":"","format":"standard","meta":{"footnotes":""},"categories":[118],"tags":[9,503,320,1533,129,608,8547,341,444,65,58],"class_list":["post-6171","post","type-post","status-publish","format-standard","has-post-thumbnail","hentry","category-haus-garten","tag-die","tag-dies","tag-garten","tag-haette","tag-ich","tag-jahren","tag-musthavestauden","tag-nach","tag-niemals","tag-ohne","tag-sind","generate-columns","tablet-grid-50","mobile-grid-100","grid-parent","grid-50"],"yoast_head":"<!-- This site is optimized with the Yoast SEO plugin v27.3 - https:\/\/yoast.com\/product\/yoast-seo-wordpress\/ -->\n<title>Nach 20 Jahren Garten sind dies die 7 Must-Have-Stauden, die ich niemals ohne h\u00e4tte - Nachrichten - Stra\u00dfenweb<\/title>\n<meta name=\"robots\" content=\"index, follow, max-snippet:-1, max-image-preview:large, max-video-preview:-1\" \/>\n<link rel=\"canonical\" href=\"https:\/\/www.strassenweb.de\/nachrichten\/nach-20-jahren-garten-sind-dies-die-7-must-have-stauden-die-ich-niemals-ohne-haette\/\" \/>\n<meta property=\"og:locale\" content=\"de_DE\" \/>\n<meta property=\"og:type\" content=\"article\" \/>\n<meta property=\"og:title\" content=\"Nach 20 Jahren Garten sind dies die 7 Must-Have-Stauden, die ich niemals ohne h\u00e4tte - Nachrichten - Stra\u00dfenweb\" \/>\n<meta property=\"og:description\" content=\"Stalwarts unserer Vorder- und Hinterh\u00f6fe k\u00f6nnen Jahr f\u00fcr Jahr monatelange Farb- und Zinsen bieten. Im Allgemeinen sind die Wartung mit niedrigeren Pflege als j\u00e4hrliche Pflanzen,\" \/>\n<meta property=\"og:url\" content=\"https:\/\/www.strassenweb.de\/nachrichten\/nach-20-jahren-garten-sind-dies-die-7-must-have-stauden-die-ich-niemals-ohne-haette\/\" \/>\n<meta property=\"og:site_name\" content=\"Stra\u00dfenweb\" \/>\n<meta property=\"article:publisher\" content=\"https:\/\/www.facebook.com\/strassenweb\/\" \/>\n<meta property=\"article:published_time\" content=\"2025-07-10T03:42:14+00:00\" \/>\n<meta property=\"article:modified_time\" content=\"2025-07-10T03:42:15+00:00\" \/>\n<meta property=\"og:image\" content=\"https:\/\/www.strassenweb.de\/nachrichten\/wp-content\/uploads\/2025\/07\/Nach-20-Jahren-Garten-sind-dies-die-7-Must-Have-Stauden-die.jpg\" \/>\n\t<meta property=\"og:image:width\" content=\"1600\" \/>\n\t<meta property=\"og:image:height\" content=\"900\" \/>\n\t<meta property=\"og:image:type\" content=\"image\/jpeg\" \/>\n<meta name=\"author\" content=\"Robert Hoffmann\" \/>\n<meta name=\"twitter:card\" content=\"summary_large_image\" \/>\n<meta name=\"twitter:label1\" content=\"Verfasst von\" \/>\n\t<meta name=\"twitter:data1\" content=\"Robert Hoffmann\" \/>\n\t<meta name=\"twitter:label2\" content=\"Gesch\u00e4tzte Lesezeit\" \/>\n\t<meta name=\"twitter:data2\" content=\"8\u00a0Minuten\" \/>\n<script type=\"application\/ld+json\" class=\"yoast-schema-graph\">{\"@context\":\"https:\\\/\\\/schema.org\",\"@graph\":[{\"@type\":\"Article\",\"@id\":\"https:\\\/\\\/www.strassenweb.de\\\/nachrichten\\\/nach-20-jahren-garten-sind-dies-die-7-must-have-stauden-die-ich-niemals-ohne-haette\\\/#article\",\"isPartOf\":{\"@id\":\"https:\\\/\\\/www.strassenweb.de\\\/nachrichten\\\/nach-20-jahren-garten-sind-dies-die-7-must-have-stauden-die-ich-niemals-ohne-haette\\\/\"},\"author\":{\"name\":\"Robert Hoffmann\",\"@id\":\"https:\\\/\\\/www.strassenweb.de\\\/nachrichten\\\/#\\\/schema\\\/person\\\/87c9c9067f1211da429a744dc5a5aa41\"},\"headline\":\"Nach 20 Jahren Garten sind dies die 7 Must-Have-Stauden, die ich niemals ohne h\u00e4tte\",\"datePublished\":\"2025-07-10T03:42:14+00:00\",\"dateModified\":\"2025-07-10T03:42:15+00:00\",\"mainEntityOfPage\":{\"@id\":\"https:\\\/\\\/www.strassenweb.de\\\/nachrichten\\\/nach-20-jahren-garten-sind-dies-die-7-must-have-stauden-die-ich-niemals-ohne-haette\\\/\"},\"wordCount\":1616,\"publisher\":{\"@id\":\"https:\\\/\\\/www.strassenweb.de\\\/nachrichten\\\/#organization\"},\"image\":{\"@id\":\"https:\\\/\\\/www.strassenweb.de\\\/nachrichten\\\/nach-20-jahren-garten-sind-dies-die-7-must-have-stauden-die-ich-niemals-ohne-haette\\\/#primaryimage\"},\"thumbnailUrl\":\"https:\\\/\\\/www.strassenweb.de\\\/nachrichten\\\/wp-content\\\/uploads\\\/2025\\\/07\\\/Nach-20-Jahren-Garten-sind-dies-die-7-Must-Have-Stauden-die.jpg\",\"keywords\":[\"die\",\"dies\",\"Garten\",\"h\u00e4tte\",\"ich\",\"Jahren\",\"MustHaveStauden\",\"Nach\",\"niemals\",\"ohne\",\"sind\"],\"articleSection\":[\"Haus &amp; Garten\"],\"inLanguage\":\"de\"},{\"@type\":\"WebPage\",\"@id\":\"https:\\\/\\\/www.strassenweb.de\\\/nachrichten\\\/nach-20-jahren-garten-sind-dies-die-7-must-have-stauden-die-ich-niemals-ohne-haette\\\/\",\"url\":\"https:\\\/\\\/www.strassenweb.de\\\/nachrichten\\\/nach-20-jahren-garten-sind-dies-die-7-must-have-stauden-die-ich-niemals-ohne-haette\\\/\",\"name\":\"Nach 20 Jahren Garten sind dies die 7 Must-Have-Stauden, die ich niemals ohne h\u00e4tte - Nachrichten - Stra\u00dfenweb\",\"isPartOf\":{\"@id\":\"https:\\\/\\\/www.strassenweb.de\\\/nachrichten\\\/#website\"},\"primaryImageOfPage\":{\"@id\":\"https:\\\/\\\/www.strassenweb.de\\\/nachrichten\\\/nach-20-jahren-garten-sind-dies-die-7-must-have-stauden-die-ich-niemals-ohne-haette\\\/#primaryimage\"},\"image\":{\"@id\":\"https:\\\/\\\/www.strassenweb.de\\\/nachrichten\\\/nach-20-jahren-garten-sind-dies-die-7-must-have-stauden-die-ich-niemals-ohne-haette\\\/#primaryimage\"},\"thumbnailUrl\":\"https:\\\/\\\/www.strassenweb.de\\\/nachrichten\\\/wp-content\\\/uploads\\\/2025\\\/07\\\/Nach-20-Jahren-Garten-sind-dies-die-7-Must-Have-Stauden-die.jpg\",\"datePublished\":\"2025-07-10T03:42:14+00:00\",\"dateModified\":\"2025-07-10T03:42:15+00:00\",\"breadcrumb\":{\"@id\":\"https:\\\/\\\/www.strassenweb.de\\\/nachrichten\\\/nach-20-jahren-garten-sind-dies-die-7-must-have-stauden-die-ich-niemals-ohne-haette\\\/#breadcrumb\"},\"inLanguage\":\"de\",\"potentialAction\":[{\"@type\":\"ReadAction\",\"target\":[\"https:\\\/\\\/www.strassenweb.de\\\/nachrichten\\\/nach-20-jahren-garten-sind-dies-die-7-must-have-stauden-die-ich-niemals-ohne-haette\\\/\"]}]},{\"@type\":\"ImageObject\",\"inLanguage\":\"de\",\"@id\":\"https:\\\/\\\/www.strassenweb.de\\\/nachrichten\\\/nach-20-jahren-garten-sind-dies-die-7-must-have-stauden-die-ich-niemals-ohne-haette\\\/#primaryimage\",\"url\":\"https:\\\/\\\/www.strassenweb.de\\\/nachrichten\\\/wp-content\\\/uploads\\\/2025\\\/07\\\/Nach-20-Jahren-Garten-sind-dies-die-7-Must-Have-Stauden-die.jpg\",\"contentUrl\":\"https:\\\/\\\/www.strassenweb.de\\\/nachrichten\\\/wp-content\\\/uploads\\\/2025\\\/07\\\/Nach-20-Jahren-Garten-sind-dies-die-7-Must-Have-Stauden-die.jpg\",\"width\":1600,\"height\":900,\"caption\":\"A mass of perennial plants in a garden\"},{\"@type\":\"BreadcrumbList\",\"@id\":\"https:\\\/\\\/www.strassenweb.de\\\/nachrichten\\\/nach-20-jahren-garten-sind-dies-die-7-must-have-stauden-die-ich-niemals-ohne-haette\\\/#breadcrumb\",\"itemListElement\":[{\"@type\":\"ListItem\",\"position\":1,\"name\":\"Home\",\"item\":\"https:\\\/\\\/www.strassenweb.de\\\/nachrichten\\\/\"},{\"@type\":\"ListItem\",\"position\":2,\"name\":\"Nach 20 Jahren Garten sind dies die 7 Must-Have-Stauden, die ich niemals ohne h\u00e4tte\"}]},{\"@type\":\"WebSite\",\"@id\":\"https:\\\/\\\/www.strassenweb.de\\\/nachrichten\\\/#website\",\"url\":\"https:\\\/\\\/www.strassenweb.de\\\/nachrichten\\\/\",\"name\":\"Stra\u00dfenweb\",\"description\":\"Stra\u00dfenverzeichnis f\u00fcr Deutschland\",\"publisher\":{\"@id\":\"https:\\\/\\\/www.strassenweb.de\\\/nachrichten\\\/#organization\"},\"potentialAction\":[{\"@type\":\"SearchAction\",\"target\":{\"@type\":\"EntryPoint\",\"urlTemplate\":\"https:\\\/\\\/www.strassenweb.de\\\/nachrichten\\\/?s={search_term_string}\"},\"query-input\":{\"@type\":\"PropertyValueSpecification\",\"valueRequired\":true,\"valueName\":\"search_term_string\"}}],\"inLanguage\":\"de\"},{\"@type\":\"Organization\",\"@id\":\"https:\\\/\\\/www.strassenweb.de\\\/nachrichten\\\/#organization\",\"name\":\"Stra\u00dfenweb\",\"url\":\"https:\\\/\\\/www.strassenweb.de\\\/nachrichten\\\/\",\"logo\":{\"@type\":\"ImageObject\",\"inLanguage\":\"de\",\"@id\":\"https:\\\/\\\/www.strassenweb.de\\\/nachrichten\\\/#\\\/schema\\\/logo\\\/image\\\/\",\"url\":\"https:\\\/\\\/www.strassenweb.de\\\/nachrichten\\\/wp-content\\\/uploads\\\/2024\\\/09\\\/cropped-favicon.png\",\"contentUrl\":\"https:\\\/\\\/www.strassenweb.de\\\/nachrichten\\\/wp-content\\\/uploads\\\/2024\\\/09\\\/cropped-favicon.png\",\"width\":512,\"height\":512,\"caption\":\"Stra\u00dfenweb\"},\"image\":{\"@id\":\"https:\\\/\\\/www.strassenweb.de\\\/nachrichten\\\/#\\\/schema\\\/logo\\\/image\\\/\"},\"sameAs\":[\"https:\\\/\\\/www.facebook.com\\\/strassenweb\\\/\"]},{\"@type\":\"Person\",\"@id\":\"https:\\\/\\\/www.strassenweb.de\\\/nachrichten\\\/#\\\/schema\\\/person\\\/87c9c9067f1211da429a744dc5a5aa41\",\"name\":\"Robert Hoffmann\",\"image\":{\"@type\":\"ImageObject\",\"inLanguage\":\"de\",\"@id\":\"https:\\\/\\\/www.strassenweb.de\\\/nachrichten\\\/wp-content\\\/uploads\\\/2024\\\/09\\\/strassenweb-150x150.jpg\",\"url\":\"https:\\\/\\\/www.strassenweb.de\\\/nachrichten\\\/wp-content\\\/uploads\\\/2024\\\/09\\\/strassenweb-150x150.jpg\",\"contentUrl\":\"https:\\\/\\\/www.strassenweb.de\\\/nachrichten\\\/wp-content\\\/uploads\\\/2024\\\/09\\\/strassenweb-150x150.jpg\",\"caption\":\"Robert Hoffmann\"},\"description\":\"Ich hei\u00dfe Robert Hoffmann und ich bin ein leidenschaftlicher Verfechter von \u00d6kologie und Biodiversit\u00e4t. Seit meiner Kindheit in den W\u00e4ldern Bayerns f\u00fchle ich mich mit der Natur verbunden und bin entschlossen, sie zu sch\u00fctzen. Heute widme ich mein Leben der Sensibilisierung anderer f\u00fcr die Bedeutung des Umweltschutzes f\u00fcr zuk\u00fcnftige Generationen.\",\"sameAs\":[\"https:\\\/\\\/www.strassenweb.de\\\/\"]}]}<\/script>\n<!-- \/ Yoast SEO plugin. -->","yoast_head_json":{"title":"Nach 20 Jahren Garten sind dies die 7 Must-Have-Stauden, die ich niemals ohne h\u00e4tte - Nachrichten - Stra\u00dfenweb","robots":{"index":"index","follow":"follow","max-snippet":"max-snippet:-1","max-image-preview":"max-image-preview:large","max-video-preview":"max-video-preview:-1"},"canonical":"https:\/\/www.strassenweb.de\/nachrichten\/nach-20-jahren-garten-sind-dies-die-7-must-have-stauden-die-ich-niemals-ohne-haette\/","og_locale":"de_DE","og_type":"article","og_title":"Nach 20 Jahren Garten sind dies die 7 Must-Have-Stauden, die ich niemals ohne h\u00e4tte - Nachrichten - Stra\u00dfenweb","og_description":"Stalwarts unserer Vorder- und Hinterh\u00f6fe k\u00f6nnen Jahr f\u00fcr Jahr monatelange Farb- und Zinsen bieten. Im Allgemeinen sind die Wartung mit niedrigeren Pflege als j\u00e4hrliche Pflanzen,","og_url":"https:\/\/www.strassenweb.de\/nachrichten\/nach-20-jahren-garten-sind-dies-die-7-must-have-stauden-die-ich-niemals-ohne-haette\/","og_site_name":"Stra\u00dfenweb","article_publisher":"https:\/\/www.facebook.com\/strassenweb\/","article_published_time":"2025-07-10T03:42:14+00:00","article_modified_time":"2025-07-10T03:42:15+00:00","og_image":[{"width":1600,"height":900,"url":"https:\/\/www.strassenweb.de\/nachrichten\/wp-content\/uploads\/2025\/07\/Nach-20-Jahren-Garten-sind-dies-die-7-Must-Have-Stauden-die.jpg","type":"image\/jpeg"}],"author":"Robert Hoffmann","twitter_card":"summary_large_image","twitter_misc":{"Verfasst von":"Robert Hoffmann","Gesch\u00e4tzte Lesezeit":"8\u00a0Minuten"},"schema":{"@context":"https:\/\/schema.org","@graph":[{"@type":"Article","@id":"https:\/\/www.strassenweb.de\/nachrichten\/nach-20-jahren-garten-sind-dies-die-7-must-have-stauden-die-ich-niemals-ohne-haette\/#article","isPartOf":{"@id":"https:\/\/www.strassenweb.de\/nachrichten\/nach-20-jahren-garten-sind-dies-die-7-must-have-stauden-die-ich-niemals-ohne-haette\/"},"author":{"name":"Robert Hoffmann","@id":"https:\/\/www.strassenweb.de\/nachrichten\/#\/schema\/person\/87c9c9067f1211da429a744dc5a5aa41"},"headline":"Nach 20 Jahren Garten sind dies die 7 Must-Have-Stauden, die ich niemals ohne h\u00e4tte","datePublished":"2025-07-10T03:42:14+00:00","dateModified":"2025-07-10T03:42:15+00:00","mainEntityOfPage":{"@id":"https:\/\/www.strassenweb.de\/nachrichten\/nach-20-jahren-garten-sind-dies-die-7-must-have-stauden-die-ich-niemals-ohne-haette\/"},"wordCount":1616,"publisher":{"@id":"https:\/\/www.strassenweb.de\/nachrichten\/#organization"},"image":{"@id":"https:\/\/www.strassenweb.de\/nachrichten\/nach-20-jahren-garten-sind-dies-die-7-must-have-stauden-die-ich-niemals-ohne-haette\/#primaryimage"},"thumbnailUrl":"https:\/\/www.strassenweb.de\/nachrichten\/wp-content\/uploads\/2025\/07\/Nach-20-Jahren-Garten-sind-dies-die-7-Must-Have-Stauden-die.jpg","keywords":["die","dies","Garten","h\u00e4tte","ich","Jahren","MustHaveStauden","Nach","niemals","ohne","sind"],"articleSection":["Haus &amp; Garten"],"inLanguage":"de"},{"@type":"WebPage","@id":"https:\/\/www.strassenweb.de\/nachrichten\/nach-20-jahren-garten-sind-dies-die-7-must-have-stauden-die-ich-niemals-ohne-haette\/","url":"https:\/\/www.strassenweb.de\/nachrichten\/nach-20-jahren-garten-sind-dies-die-7-must-have-stauden-die-ich-niemals-ohne-haette\/","name":"Nach 20 Jahren Garten sind dies die 7 Must-Have-Stauden, die ich niemals ohne h\u00e4tte - Nachrichten - Stra\u00dfenweb","isPartOf":{"@id":"https:\/\/www.strassenweb.de\/nachrichten\/#website"},"primaryImageOfPage":{"@id":"https:\/\/www.strassenweb.de\/nachrichten\/nach-20-jahren-garten-sind-dies-die-7-must-have-stauden-die-ich-niemals-ohne-haette\/#primaryimage"},"image":{"@id":"https:\/\/www.strassenweb.de\/nachrichten\/nach-20-jahren-garten-sind-dies-die-7-must-have-stauden-die-ich-niemals-ohne-haette\/#primaryimage"},"thumbnailUrl":"https:\/\/www.strassenweb.de\/nachrichten\/wp-content\/uploads\/2025\/07\/Nach-20-Jahren-Garten-sind-dies-die-7-Must-Have-Stauden-die.jpg","datePublished":"2025-07-10T03:42:14+00:00","dateModified":"2025-07-10T03:42:15+00:00","breadcrumb":{"@id":"https:\/\/www.strassenweb.de\/nachrichten\/nach-20-jahren-garten-sind-dies-die-7-must-have-stauden-die-ich-niemals-ohne-haette\/#breadcrumb"},"inLanguage":"de","potentialAction":[{"@type":"ReadAction","target":["https:\/\/www.strassenweb.de\/nachrichten\/nach-20-jahren-garten-sind-dies-die-7-must-have-stauden-die-ich-niemals-ohne-haette\/"]}]},{"@type":"ImageObject","inLanguage":"de","@id":"https:\/\/www.strassenweb.de\/nachrichten\/nach-20-jahren-garten-sind-dies-die-7-must-have-stauden-die-ich-niemals-ohne-haette\/#primaryimage","url":"https:\/\/www.strassenweb.de\/nachrichten\/wp-content\/uploads\/2025\/07\/Nach-20-Jahren-Garten-sind-dies-die-7-Must-Have-Stauden-die.jpg","contentUrl":"https:\/\/www.strassenweb.de\/nachrichten\/wp-content\/uploads\/2025\/07\/Nach-20-Jahren-Garten-sind-dies-die-7-Must-Have-Stauden-die.jpg","width":1600,"height":900,"caption":"A mass of perennial plants in a garden"},{"@type":"BreadcrumbList","@id":"https:\/\/www.strassenweb.de\/nachrichten\/nach-20-jahren-garten-sind-dies-die-7-must-have-stauden-die-ich-niemals-ohne-haette\/#breadcrumb","itemListElement":[{"@type":"ListItem","position":1,"name":"Home","item":"https:\/\/www.strassenweb.de\/nachrichten\/"},{"@type":"ListItem","position":2,"name":"Nach 20 Jahren Garten sind dies die 7 Must-Have-Stauden, die ich niemals ohne h\u00e4tte"}]},{"@type":"WebSite","@id":"https:\/\/www.strassenweb.de\/nachrichten\/#website","url":"https:\/\/www.strassenweb.de\/nachrichten\/","name":"Stra\u00dfenweb","description":"Stra\u00dfenverzeichnis f\u00fcr Deutschland","publisher":{"@id":"https:\/\/www.strassenweb.de\/nachrichten\/#organization"},"potentialAction":[{"@type":"SearchAction","target":{"@type":"EntryPoint","urlTemplate":"https:\/\/www.strassenweb.de\/nachrichten\/?s={search_term_string}"},"query-input":{"@type":"PropertyValueSpecification","valueRequired":true,"valueName":"search_term_string"}}],"inLanguage":"de"},{"@type":"Organization","@id":"https:\/\/www.strassenweb.de\/nachrichten\/#organization","name":"Stra\u00dfenweb","url":"https:\/\/www.strassenweb.de\/nachrichten\/","logo":{"@type":"ImageObject","inLanguage":"de","@id":"https:\/\/www.strassenweb.de\/nachrichten\/#\/schema\/logo\/image\/","url":"https:\/\/www.strassenweb.de\/nachrichten\/wp-content\/uploads\/2024\/09\/cropped-favicon.png","contentUrl":"https:\/\/www.strassenweb.de\/nachrichten\/wp-content\/uploads\/2024\/09\/cropped-favicon.png","width":512,"height":512,"caption":"Stra\u00dfenweb"},"image":{"@id":"https:\/\/www.strassenweb.de\/nachrichten\/#\/schema\/logo\/image\/"},"sameAs":["https:\/\/www.facebook.com\/strassenweb\/"]},{"@type":"Person","@id":"https:\/\/www.strassenweb.de\/nachrichten\/#\/schema\/person\/87c9c9067f1211da429a744dc5a5aa41","name":"Robert Hoffmann","image":{"@type":"ImageObject","inLanguage":"de","@id":"https:\/\/www.strassenweb.de\/nachrichten\/wp-content\/uploads\/2024\/09\/strassenweb-150x150.jpg","url":"https:\/\/www.strassenweb.de\/nachrichten\/wp-content\/uploads\/2024\/09\/strassenweb-150x150.jpg","contentUrl":"https:\/\/www.strassenweb.de\/nachrichten\/wp-content\/uploads\/2024\/09\/strassenweb-150x150.jpg","caption":"Robert Hoffmann"},"description":"Ich hei\u00dfe Robert Hoffmann und ich bin ein leidenschaftlicher Verfechter von \u00d6kologie und Biodiversit\u00e4t. Seit meiner Kindheit in den W\u00e4ldern Bayerns f\u00fchle ich mich mit der Natur verbunden und bin entschlossen, sie zu sch\u00fctzen. Heute widme ich mein Leben der Sensibilisierung anderer f\u00fcr die Bedeutung des Umweltschutzes f\u00fcr zuk\u00fcnftige Generationen.","sameAs":["https:\/\/www.strassenweb.de\/"]}]}},"_links":{"self":[{"href":"https:\/\/www.strassenweb.de\/nachrichten\/wp-json\/wp\/v2\/posts\/6171","targetHints":{"allow":["GET"]}}],"collection":[{"href":"https:\/\/www.strassenweb.de\/nachrichten\/wp-json\/wp\/v2\/posts"}],"about":[{"href":"https:\/\/www.strassenweb.de\/nachrichten\/wp-json\/wp\/v2\/types\/post"}],"author":[{"embeddable":true,"href":"https:\/\/www.strassenweb.de\/nachrichten\/wp-json\/wp\/v2\/users\/1"}],"replies":[{"embeddable":true,"href":"https:\/\/www.strassenweb.de\/nachrichten\/wp-json\/wp\/v2\/comments?post=6171"}],"version-history":[{"count":0,"href":"https:\/\/www.strassenweb.de\/nachrichten\/wp-json\/wp\/v2\/posts\/6171\/revisions"}],"wp:featuredmedia":[{"embeddable":true,"href":"https:\/\/www.strassenweb.de\/nachrichten\/wp-json\/wp\/v2\/media\/6172"}],"wp:attachment":[{"href":"https:\/\/www.strassenweb.de\/nachrichten\/wp-json\/wp\/v2\/media?parent=6171"}],"wp:term":[{"taxonomy":"category","embeddable":true,"href":"https:\/\/www.strassenweb.de\/nachrichten\/wp-json\/wp\/v2\/categories?post=6171"},{"taxonomy":"post_tag","embeddable":true,"href":"https:\/\/www.strassenweb.de\/nachrichten\/wp-json\/wp\/v2\/tags?post=6171"}],"curies":[{"name":"wp","href":"https:\/\/api.w.org\/{rel}","templated":true}]}}