{"id":616,"date":"2024-10-05T05:43:00","date_gmt":"2024-10-05T03:43:00","guid":{"rendered":"https:\/\/www.strassenweb.de\/nachrichten\/weltregenwaldtag-auf-dem-weg-in-eine-gruenere-zukunft\/"},"modified":"2024-10-05T05:43:01","modified_gmt":"2024-10-05T03:43:01","slug":"weltregenwaldtag-auf-dem-weg-in-eine-gruenere-zukunft","status":"publish","type":"post","link":"https:\/\/www.strassenweb.de\/nachrichten\/weltregenwaldtag-auf-dem-weg-in-eine-gruenere-zukunft\/","title":{"rendered":"Weltregenwaldtag: Auf dem Weg in eine gr\u00fcnere Zukunft"},"content":{"rendered":"<p>Am 22. Juni feierten wir den Weltregenwaldtag, ein Moment, um \u00fcber die Bedeutung dieser Sch\u00e4tze der Artenvielfalt nachzudenken, die f\u00fcr die Sicherung einer nachhaltigen Zukunft unseres Planeten von entscheidender Bedeutung sind. Inmitten der vielen Initiativen, die sich dem Waldschutz widmen, zeichnen sich auch spannende Entwicklungen im Tourismussektor ab.<\/p>\n<p><strong>Das Reich der B\u00e4ume<\/strong><\/p>\n<p>Regenw\u00e4lder sind wahre \u201egr\u00fcne Lungen\u201c, die 31 % der Erdoberfl\u00e4che bedecken und bemerkenswerte 80 % der terrestrischen Artenvielfalt beherbergen. Sie kommen haupts\u00e4chlich im Amazonas (S\u00fcdamerika), im Kongo (Zentralafrika) und in S\u00fcdostasien vor. Diese W\u00e4lder sind nicht nur aus \u00f6kologischer Sicht, sondern auch kulturell und wirtschaftlich f\u00fcr die Menschen weltweit von Bedeutung.<\/p>\n<p>W\u00e4lder regulieren den Wasserkreislauf, helfen bei der Luftreinigung, filtern Wasser und sind eine lebenswichtige Quelle nat\u00fcrlicher Ressourcen und Produkte, die sich positiv auf unsere Gesundheit auswirken. Ihre Rolle im Kampf gegen den Klimawandel ist von entscheidender Bedeutung: Sch\u00e4tzungen zufolge k\u00f6nnen 1.000 B\u00e4ume \u00fcber einen Zeitraum von 20 Jahren etwa 36 Tonnen CO2 absorbieren.<\/p>\n<p><strong>Die Gefahr der Entwaldung<\/strong><\/p>\n<p>Weltweit sind Entwaldung und Waldsch\u00e4digung die gr\u00f6\u00dften Bedrohungen f\u00fcr diese wertvollen \u00d6kosysteme. Die Entwaldung erfolgt aus vielen Gr\u00fcnden, vor allem zur Umwandlung in landwirtschaftliche Fl\u00e4chen (50 %), zur Viehhaltung (40 %), zur Ausbreitung st\u00e4dtischer und l\u00e4ndlicher Gebiete, zur Forstwirtschaft und zur Ausbeutung von Bergbaugebieten. Dieser Prozess ist weltweit zu beobachten, kommt jedoch vor allem in Entwicklungsl\u00e4ndern vor.<\/p>\n<p>Nach Angaben der Ern\u00e4hrungs- und Landwirtschaftsorganisation der Vereinten Nationen (FAO) gingen zwischen 1990 und 2020 420 Millionen Hektar Wald durch Abholzung verloren, eine Fl\u00e4che, die der Fl\u00e4che der Europ\u00e4ischen Union entspricht.<\/p>\n<p>Die Entwaldung ist eine Hauptursache des Klimawandels: Gro\u00dfe, vom Menschen verursachte Br\u00e4nde, um Land f\u00fcr Landwirtschaft und Viehzucht zu roden, erh\u00f6hen die CO2-Produktion, eines der Treibhausgase, die f\u00fcr die globale Erw\u00e4rmung verantwortlich sind. Die Entwaldung f\u00fchrt zu hydrogeologischer Instabilit\u00e4t und Bodenerosion, da der von Baumwurzeln gehaltene Mutterboden durch starke Regenf\u00e4lle ersatzlos weggesp\u00fclt wird.<\/p>\n<p>Dar\u00fcber hinaus treibt die Abholzung der W\u00e4lder Wildtiere n\u00e4her an menschliche Siedlungen heran, was Konflikte mit Menschen, Nutztieren und Haustieren versch\u00e4rft und die Wahrscheinlichkeit der Ausbreitung von Virusepidemien erh\u00f6ht.<\/p>\n<p><strong>Den Planeten regenerieren<\/strong><\/p>\n<p>Es ist jedoch noch nicht zu sp\u00e4t, zu handeln. Weltweit zielen Wiederaufforstungsinitiativen und -projekte darauf ab, gesch\u00e4digte Regenw\u00e4lder wiederherzustellen und die noch intakten zu sch\u00fctzen. Wiederaufforstung ist eine Schl\u00fcsselstrategie zur Bek\u00e4mpfung der Regenwaldzerst\u00f6rung. Der Schwerpunkt liegt auf dem Schutz der Umwelt durch Erleichterung und Beschleunigung der Wiederherstellung einer gesunden Waldstruktur, der Regeneration der Waldbedeckung und der Erhaltung der Artenvielfalt des \u00d6kosystems.<\/p>\n<p><strong>Verantwortungsvoller Tourismus: Eine Reise in Richtung Nachhaltigkeit<\/strong><\/p>\n<p>Der Tourismussektor spielt eine grundlegende Rolle beim Umweltschutz, aber wenn er nicht effektiv verwaltet wird, kann er schwerwiegende negative Auswirkungen auf das Gebiet haben. Gl\u00fccklicherweise achten heute immer mehr Reisende auf den Schutz von Land und die Umwelt und tragen aktiv zur Verbreitung eines verantwortungsvollen Tourismus bei.<\/p>\n<p>In diesem Zusammenhang hat die World Sustainability Foundation (WSF) die Initiative \u201e1 Gast \u2013 1 Baum gepflanzt\u201c ins Leben gerufen, die Tourismuseinrichtungen dazu ermutigt, f\u00fcr jeden Gast einen Baum zu pflanzen. Alle touristischen Aktivit\u00e4ten wie Hotels, Resorts, Residenzen, B&#038;Bs, Campingpl\u00e4tze und Reiseb\u00fcros weltweit sind zur Teilnahme eingeladen.<\/p>\n<p>Das Wiederaufforstungsprojekt umfasst das Pflanzen neuer B\u00e4ume dort, wo sie zuvor existierten, wobei ausschlie\u00dflich endemische Arten verwendet werden, die in der Region heimisch und exklusiv sind. Die Initiative zielt au\u00dferdem darauf ab, lokale Gemeinschaften zu st\u00e4rken, die biologische Vielfalt und die Tierwelt zu sch\u00fctzen und aktiv zur Gesundheit des Planeten beizutragen.<\/p>\n<p>In Zentralafrika hat das WSF in Zusammenarbeit mit Trees for the Future \u00fcber 5.500 B\u00e4ume gepflanzt; Dutzende lokale Gemeindemitglieder sind an der Pflanzung und \u00dcberwachung beteiligt. Ein weiteres Aufforstungsprojekt l\u00e4uft in Indonesien.<\/p>\n<p>Dar\u00fcber hinaus unterst\u00fctzt das WSF das Projekt f\u00fcr singende Lemuren (<em>Indri indri<\/em>) im Maromizaha-Wald in Madagaskar, wo durch seinen Beitrag der Wald um 10 Hektar mit etwa 20.000 lokalen Pflanzen erweitert wurde, wodurch der nat\u00fcrliche Lebensraum der 14 Indri-Familien und aller Waldbewohner erweitert werden konnte.<\/p>\n<p>Durch die Teilnahme am Projekt \u201e1 Gast \u2013 1 Baum gepflanzt\u201c k\u00f6nnen Tourismusbetriebe ihr konkretes Engagement f\u00fcr den Umweltschutz unter Beweis stellen und G\u00e4ste in sinnvolle Umweltschutzaktivit\u00e4ten einbeziehen. G\u00e4ste und lokale Gemeinschaften sind eingeladen, sich dem Projekt anzuschlie\u00dfen und Baum f\u00fcr Baum den Schutz der biologischen Vielfalt und den Klimaschutz zu f\u00f6rdern.<\/p>\n<p>Das WSF erm\u00f6glicht Unternehmen und Einzelpersonen die aktive Teilnahme an Wiederaufforstungsinitiativen: Wenn Sie sich durch das Pflanzen eines oder mehrerer B\u00e4ume anschlie\u00dfen m\u00f6chten, kontaktieren Sie uns unter info@worldsustainabilityfoundation.org<\/p>\n<p>Weitere Informationen zum Projekt und den bereits beigetretenen Einrichtungen finden Sie auf der Seite: Save the Forests<\/p>\n<p><strong>Wussten Sie?<\/strong><\/p>\n<p>\u00b7 1,6 Milliarden Menschen sind f\u00fcr ihren Lebensunterhalt auf Waldressourcen angewiesen.<\/p>\n<p>\u00b7 In indigenen Gebieten sind einheimische W\u00e4lder am besten erhalten.<\/p>\n<p>\u00b7 Weltweit sind \u00fcber 60.000 Baumarten bekannt.<\/p>\n<p>\u00b7 Mehr als 58 % der bekannten Arten sind in einem einzigen Land endemisch: Brasilien, Kolumbien und Indonesien haben die meisten endemischen B\u00e4ume.<\/p>\n<p>\u00b7 Haie sind \u00e4lter als B\u00e4ume. B\u00e4ume gibt es seit etwa 470 Millionen Jahren, Haie bereits seit \u00fcber 500 Millionen Jahren.<\/p>\n<p>\u00b7 Die \u00e4ltesten lebenden B\u00e4ume sind etwa 4.000\u20135.000 Jahre alt.<\/p>\n","protected":false},"excerpt":{"rendered":"<p>Am 22. Juni feierten wir den Weltregenwaldtag, ein Moment, um \u00fcber die Bedeutung dieser Sch\u00e4tze der Artenvielfalt nachzudenken, die f\u00fcr die Sicherung einer nachhaltigen Zukunft<\/p>\n","protected":false},"author":1,"featured_media":617,"comment_status":"closed","ping_status":"","sticky":false,"template":"","format":"standard","meta":{"footnotes":""},"categories":[101],"tags":[46,91,74,1227,1226,1225,1228],"class_list":["post-616","post","type-post","status-publish","format-standard","has-post-thumbnail","hentry","category-oekologie","tag-auf","tag-dem","tag-eine","tag-gruenere","tag-weg","tag-weltregenwaldtag","tag-zukunft","generate-columns","tablet-grid-50","mobile-grid-100","grid-parent","grid-50"],"yoast_head":"<!-- This site is optimized with the Yoast SEO plugin v27.3 - https:\/\/yoast.com\/product\/yoast-seo-wordpress\/ -->\n<title>Weltregenwaldtag: Auf dem Weg in eine gr\u00fcnere Zukunft - Nachrichten - Stra\u00dfenweb<\/title>\n<meta name=\"robots\" content=\"index, follow, max-snippet:-1, max-image-preview:large, max-video-preview:-1\" \/>\n<link rel=\"canonical\" href=\"https:\/\/www.strassenweb.de\/nachrichten\/weltregenwaldtag-auf-dem-weg-in-eine-gruenere-zukunft\/\" \/>\n<meta property=\"og:locale\" content=\"de_DE\" \/>\n<meta property=\"og:type\" content=\"article\" \/>\n<meta property=\"og:title\" content=\"Weltregenwaldtag: Auf dem Weg in eine gr\u00fcnere Zukunft - Nachrichten - Stra\u00dfenweb\" \/>\n<meta property=\"og:description\" content=\"Am 22. Juni feierten wir den Weltregenwaldtag, ein Moment, um \u00fcber die Bedeutung dieser Sch\u00e4tze der Artenvielfalt nachzudenken, die f\u00fcr die Sicherung einer nachhaltigen Zukunft\" \/>\n<meta property=\"og:url\" content=\"https:\/\/www.strassenweb.de\/nachrichten\/weltregenwaldtag-auf-dem-weg-in-eine-gruenere-zukunft\/\" \/>\n<meta property=\"og:site_name\" content=\"Stra\u00dfenweb\" \/>\n<meta property=\"article:publisher\" content=\"https:\/\/www.facebook.com\/strassenweb\/\" \/>\n<meta property=\"article:published_time\" content=\"2024-10-05T03:43:00+00:00\" \/>\n<meta property=\"article:modified_time\" content=\"2024-10-05T03:43:01+00:00\" \/>\n<meta property=\"og:image\" content=\"https:\/\/www.strassenweb.de\/nachrichten\/wp-content\/uploads\/2024\/10\/Weltregenwaldtag-Auf-dem-Weg-in-eine-gruenere-Zukunft.jpg\" \/>\n\t<meta property=\"og:image:width\" content=\"900\" \/>\n\t<meta property=\"og:image:height\" content=\"640\" \/>\n\t<meta property=\"og:image:type\" content=\"image\/jpeg\" \/>\n<meta name=\"author\" content=\"Robert Hoffmann\" \/>\n<meta name=\"twitter:card\" content=\"summary_large_image\" \/>\n<meta name=\"twitter:label1\" content=\"Verfasst von\" \/>\n\t<meta name=\"twitter:data1\" content=\"Robert Hoffmann\" \/>\n\t<meta name=\"twitter:label2\" content=\"Gesch\u00e4tzte Lesezeit\" \/>\n\t<meta name=\"twitter:data2\" content=\"4\u00a0Minuten\" \/>\n<script type=\"application\/ld+json\" class=\"yoast-schema-graph\">{\"@context\":\"https:\\\/\\\/schema.org\",\"@graph\":[{\"@type\":\"Article\",\"@id\":\"https:\\\/\\\/www.strassenweb.de\\\/nachrichten\\\/weltregenwaldtag-auf-dem-weg-in-eine-gruenere-zukunft\\\/#article\",\"isPartOf\":{\"@id\":\"https:\\\/\\\/www.strassenweb.de\\\/nachrichten\\\/weltregenwaldtag-auf-dem-weg-in-eine-gruenere-zukunft\\\/\"},\"author\":{\"name\":\"Robert Hoffmann\",\"@id\":\"https:\\\/\\\/www.strassenweb.de\\\/nachrichten\\\/#\\\/schema\\\/person\\\/87c9c9067f1211da429a744dc5a5aa41\"},\"headline\":\"Weltregenwaldtag: Auf dem Weg in eine gr\u00fcnere Zukunft\",\"datePublished\":\"2024-10-05T03:43:00+00:00\",\"dateModified\":\"2024-10-05T03:43:01+00:00\",\"mainEntityOfPage\":{\"@id\":\"https:\\\/\\\/www.strassenweb.de\\\/nachrichten\\\/weltregenwaldtag-auf-dem-weg-in-eine-gruenere-zukunft\\\/\"},\"wordCount\":863,\"publisher\":{\"@id\":\"https:\\\/\\\/www.strassenweb.de\\\/nachrichten\\\/#organization\"},\"image\":{\"@id\":\"https:\\\/\\\/www.strassenweb.de\\\/nachrichten\\\/weltregenwaldtag-auf-dem-weg-in-eine-gruenere-zukunft\\\/#primaryimage\"},\"thumbnailUrl\":\"https:\\\/\\\/www.strassenweb.de\\\/nachrichten\\\/wp-content\\\/uploads\\\/2024\\\/10\\\/Weltregenwaldtag-Auf-dem-Weg-in-eine-gruenere-Zukunft.jpg\",\"keywords\":[\"auf\",\"dem\",\"eine\",\"gr\u00fcnere\",\"Weg\",\"Weltregenwaldtag\",\"Zukunft\"],\"articleSection\":[\"\u00d6kologie\"],\"inLanguage\":\"de\"},{\"@type\":\"WebPage\",\"@id\":\"https:\\\/\\\/www.strassenweb.de\\\/nachrichten\\\/weltregenwaldtag-auf-dem-weg-in-eine-gruenere-zukunft\\\/\",\"url\":\"https:\\\/\\\/www.strassenweb.de\\\/nachrichten\\\/weltregenwaldtag-auf-dem-weg-in-eine-gruenere-zukunft\\\/\",\"name\":\"Weltregenwaldtag: Auf dem Weg in eine gr\u00fcnere Zukunft - Nachrichten - Stra\u00dfenweb\",\"isPartOf\":{\"@id\":\"https:\\\/\\\/www.strassenweb.de\\\/nachrichten\\\/#website\"},\"primaryImageOfPage\":{\"@id\":\"https:\\\/\\\/www.strassenweb.de\\\/nachrichten\\\/weltregenwaldtag-auf-dem-weg-in-eine-gruenere-zukunft\\\/#primaryimage\"},\"image\":{\"@id\":\"https:\\\/\\\/www.strassenweb.de\\\/nachrichten\\\/weltregenwaldtag-auf-dem-weg-in-eine-gruenere-zukunft\\\/#primaryimage\"},\"thumbnailUrl\":\"https:\\\/\\\/www.strassenweb.de\\\/nachrichten\\\/wp-content\\\/uploads\\\/2024\\\/10\\\/Weltregenwaldtag-Auf-dem-Weg-in-eine-gruenere-Zukunft.jpg\",\"datePublished\":\"2024-10-05T03:43:00+00:00\",\"dateModified\":\"2024-10-05T03:43:01+00:00\",\"breadcrumb\":{\"@id\":\"https:\\\/\\\/www.strassenweb.de\\\/nachrichten\\\/weltregenwaldtag-auf-dem-weg-in-eine-gruenere-zukunft\\\/#breadcrumb\"},\"inLanguage\":\"de\",\"potentialAction\":[{\"@type\":\"ReadAction\",\"target\":[\"https:\\\/\\\/www.strassenweb.de\\\/nachrichten\\\/weltregenwaldtag-auf-dem-weg-in-eine-gruenere-zukunft\\\/\"]}]},{\"@type\":\"ImageObject\",\"inLanguage\":\"de\",\"@id\":\"https:\\\/\\\/www.strassenweb.de\\\/nachrichten\\\/weltregenwaldtag-auf-dem-weg-in-eine-gruenere-zukunft\\\/#primaryimage\",\"url\":\"https:\\\/\\\/www.strassenweb.de\\\/nachrichten\\\/wp-content\\\/uploads\\\/2024\\\/10\\\/Weltregenwaldtag-Auf-dem-Weg-in-eine-gruenere-Zukunft.jpg\",\"contentUrl\":\"https:\\\/\\\/www.strassenweb.de\\\/nachrichten\\\/wp-content\\\/uploads\\\/2024\\\/10\\\/Weltregenwaldtag-Auf-dem-Weg-in-eine-gruenere-Zukunft.jpg\",\"width\":900,\"height\":640,\"caption\":\"World Rainforest Day: Moving Towards a Greener Future\"},{\"@type\":\"BreadcrumbList\",\"@id\":\"https:\\\/\\\/www.strassenweb.de\\\/nachrichten\\\/weltregenwaldtag-auf-dem-weg-in-eine-gruenere-zukunft\\\/#breadcrumb\",\"itemListElement\":[{\"@type\":\"ListItem\",\"position\":1,\"name\":\"Home\",\"item\":\"https:\\\/\\\/www.strassenweb.de\\\/nachrichten\\\/\"},{\"@type\":\"ListItem\",\"position\":2,\"name\":\"Weltregenwaldtag: Auf dem Weg in eine gr\u00fcnere Zukunft\"}]},{\"@type\":\"WebSite\",\"@id\":\"https:\\\/\\\/www.strassenweb.de\\\/nachrichten\\\/#website\",\"url\":\"https:\\\/\\\/www.strassenweb.de\\\/nachrichten\\\/\",\"name\":\"Stra\u00dfenweb\",\"description\":\"Stra\u00dfenverzeichnis f\u00fcr Deutschland\",\"publisher\":{\"@id\":\"https:\\\/\\\/www.strassenweb.de\\\/nachrichten\\\/#organization\"},\"potentialAction\":[{\"@type\":\"SearchAction\",\"target\":{\"@type\":\"EntryPoint\",\"urlTemplate\":\"https:\\\/\\\/www.strassenweb.de\\\/nachrichten\\\/?s={search_term_string}\"},\"query-input\":{\"@type\":\"PropertyValueSpecification\",\"valueRequired\":true,\"valueName\":\"search_term_string\"}}],\"inLanguage\":\"de\"},{\"@type\":\"Organization\",\"@id\":\"https:\\\/\\\/www.strassenweb.de\\\/nachrichten\\\/#organization\",\"name\":\"Stra\u00dfenweb\",\"url\":\"https:\\\/\\\/www.strassenweb.de\\\/nachrichten\\\/\",\"logo\":{\"@type\":\"ImageObject\",\"inLanguage\":\"de\",\"@id\":\"https:\\\/\\\/www.strassenweb.de\\\/nachrichten\\\/#\\\/schema\\\/logo\\\/image\\\/\",\"url\":\"https:\\\/\\\/www.strassenweb.de\\\/nachrichten\\\/wp-content\\\/uploads\\\/2024\\\/09\\\/cropped-favicon.png\",\"contentUrl\":\"https:\\\/\\\/www.strassenweb.de\\\/nachrichten\\\/wp-content\\\/uploads\\\/2024\\\/09\\\/cropped-favicon.png\",\"width\":512,\"height\":512,\"caption\":\"Stra\u00dfenweb\"},\"image\":{\"@id\":\"https:\\\/\\\/www.strassenweb.de\\\/nachrichten\\\/#\\\/schema\\\/logo\\\/image\\\/\"},\"sameAs\":[\"https:\\\/\\\/www.facebook.com\\\/strassenweb\\\/\"]},{\"@type\":\"Person\",\"@id\":\"https:\\\/\\\/www.strassenweb.de\\\/nachrichten\\\/#\\\/schema\\\/person\\\/87c9c9067f1211da429a744dc5a5aa41\",\"name\":\"Robert Hoffmann\",\"image\":{\"@type\":\"ImageObject\",\"inLanguage\":\"de\",\"@id\":\"https:\\\/\\\/www.strassenweb.de\\\/nachrichten\\\/wp-content\\\/uploads\\\/2024\\\/09\\\/strassenweb-150x150.jpg\",\"url\":\"https:\\\/\\\/www.strassenweb.de\\\/nachrichten\\\/wp-content\\\/uploads\\\/2024\\\/09\\\/strassenweb-150x150.jpg\",\"contentUrl\":\"https:\\\/\\\/www.strassenweb.de\\\/nachrichten\\\/wp-content\\\/uploads\\\/2024\\\/09\\\/strassenweb-150x150.jpg\",\"caption\":\"Robert Hoffmann\"},\"description\":\"Ich hei\u00dfe Robert Hoffmann und ich bin ein leidenschaftlicher Verfechter von \u00d6kologie und Biodiversit\u00e4t. Seit meiner Kindheit in den W\u00e4ldern Bayerns f\u00fchle ich mich mit der Natur verbunden und bin entschlossen, sie zu sch\u00fctzen. Heute widme ich mein Leben der Sensibilisierung anderer f\u00fcr die Bedeutung des Umweltschutzes f\u00fcr zuk\u00fcnftige Generationen.\",\"sameAs\":[\"https:\\\/\\\/www.strassenweb.de\\\/\"]}]}<\/script>\n<!-- \/ Yoast SEO plugin. -->","yoast_head_json":{"title":"Weltregenwaldtag: Auf dem Weg in eine gr\u00fcnere Zukunft - Nachrichten - Stra\u00dfenweb","robots":{"index":"index","follow":"follow","max-snippet":"max-snippet:-1","max-image-preview":"max-image-preview:large","max-video-preview":"max-video-preview:-1"},"canonical":"https:\/\/www.strassenweb.de\/nachrichten\/weltregenwaldtag-auf-dem-weg-in-eine-gruenere-zukunft\/","og_locale":"de_DE","og_type":"article","og_title":"Weltregenwaldtag: Auf dem Weg in eine gr\u00fcnere Zukunft - Nachrichten - Stra\u00dfenweb","og_description":"Am 22. Juni feierten wir den Weltregenwaldtag, ein Moment, um \u00fcber die Bedeutung dieser Sch\u00e4tze der Artenvielfalt nachzudenken, die f\u00fcr die Sicherung einer nachhaltigen Zukunft","og_url":"https:\/\/www.strassenweb.de\/nachrichten\/weltregenwaldtag-auf-dem-weg-in-eine-gruenere-zukunft\/","og_site_name":"Stra\u00dfenweb","article_publisher":"https:\/\/www.facebook.com\/strassenweb\/","article_published_time":"2024-10-05T03:43:00+00:00","article_modified_time":"2024-10-05T03:43:01+00:00","og_image":[{"width":900,"height":640,"url":"https:\/\/www.strassenweb.de\/nachrichten\/wp-content\/uploads\/2024\/10\/Weltregenwaldtag-Auf-dem-Weg-in-eine-gruenere-Zukunft.jpg","type":"image\/jpeg"}],"author":"Robert Hoffmann","twitter_card":"summary_large_image","twitter_misc":{"Verfasst von":"Robert Hoffmann","Gesch\u00e4tzte Lesezeit":"4\u00a0Minuten"},"schema":{"@context":"https:\/\/schema.org","@graph":[{"@type":"Article","@id":"https:\/\/www.strassenweb.de\/nachrichten\/weltregenwaldtag-auf-dem-weg-in-eine-gruenere-zukunft\/#article","isPartOf":{"@id":"https:\/\/www.strassenweb.de\/nachrichten\/weltregenwaldtag-auf-dem-weg-in-eine-gruenere-zukunft\/"},"author":{"name":"Robert Hoffmann","@id":"https:\/\/www.strassenweb.de\/nachrichten\/#\/schema\/person\/87c9c9067f1211da429a744dc5a5aa41"},"headline":"Weltregenwaldtag: Auf dem Weg in eine gr\u00fcnere Zukunft","datePublished":"2024-10-05T03:43:00+00:00","dateModified":"2024-10-05T03:43:01+00:00","mainEntityOfPage":{"@id":"https:\/\/www.strassenweb.de\/nachrichten\/weltregenwaldtag-auf-dem-weg-in-eine-gruenere-zukunft\/"},"wordCount":863,"publisher":{"@id":"https:\/\/www.strassenweb.de\/nachrichten\/#organization"},"image":{"@id":"https:\/\/www.strassenweb.de\/nachrichten\/weltregenwaldtag-auf-dem-weg-in-eine-gruenere-zukunft\/#primaryimage"},"thumbnailUrl":"https:\/\/www.strassenweb.de\/nachrichten\/wp-content\/uploads\/2024\/10\/Weltregenwaldtag-Auf-dem-Weg-in-eine-gruenere-Zukunft.jpg","keywords":["auf","dem","eine","gr\u00fcnere","Weg","Weltregenwaldtag","Zukunft"],"articleSection":["\u00d6kologie"],"inLanguage":"de"},{"@type":"WebPage","@id":"https:\/\/www.strassenweb.de\/nachrichten\/weltregenwaldtag-auf-dem-weg-in-eine-gruenere-zukunft\/","url":"https:\/\/www.strassenweb.de\/nachrichten\/weltregenwaldtag-auf-dem-weg-in-eine-gruenere-zukunft\/","name":"Weltregenwaldtag: Auf dem Weg in eine gr\u00fcnere Zukunft - Nachrichten - Stra\u00dfenweb","isPartOf":{"@id":"https:\/\/www.strassenweb.de\/nachrichten\/#website"},"primaryImageOfPage":{"@id":"https:\/\/www.strassenweb.de\/nachrichten\/weltregenwaldtag-auf-dem-weg-in-eine-gruenere-zukunft\/#primaryimage"},"image":{"@id":"https:\/\/www.strassenweb.de\/nachrichten\/weltregenwaldtag-auf-dem-weg-in-eine-gruenere-zukunft\/#primaryimage"},"thumbnailUrl":"https:\/\/www.strassenweb.de\/nachrichten\/wp-content\/uploads\/2024\/10\/Weltregenwaldtag-Auf-dem-Weg-in-eine-gruenere-Zukunft.jpg","datePublished":"2024-10-05T03:43:00+00:00","dateModified":"2024-10-05T03:43:01+00:00","breadcrumb":{"@id":"https:\/\/www.strassenweb.de\/nachrichten\/weltregenwaldtag-auf-dem-weg-in-eine-gruenere-zukunft\/#breadcrumb"},"inLanguage":"de","potentialAction":[{"@type":"ReadAction","target":["https:\/\/www.strassenweb.de\/nachrichten\/weltregenwaldtag-auf-dem-weg-in-eine-gruenere-zukunft\/"]}]},{"@type":"ImageObject","inLanguage":"de","@id":"https:\/\/www.strassenweb.de\/nachrichten\/weltregenwaldtag-auf-dem-weg-in-eine-gruenere-zukunft\/#primaryimage","url":"https:\/\/www.strassenweb.de\/nachrichten\/wp-content\/uploads\/2024\/10\/Weltregenwaldtag-Auf-dem-Weg-in-eine-gruenere-Zukunft.jpg","contentUrl":"https:\/\/www.strassenweb.de\/nachrichten\/wp-content\/uploads\/2024\/10\/Weltregenwaldtag-Auf-dem-Weg-in-eine-gruenere-Zukunft.jpg","width":900,"height":640,"caption":"World Rainforest Day: Moving Towards a Greener Future"},{"@type":"BreadcrumbList","@id":"https:\/\/www.strassenweb.de\/nachrichten\/weltregenwaldtag-auf-dem-weg-in-eine-gruenere-zukunft\/#breadcrumb","itemListElement":[{"@type":"ListItem","position":1,"name":"Home","item":"https:\/\/www.strassenweb.de\/nachrichten\/"},{"@type":"ListItem","position":2,"name":"Weltregenwaldtag: Auf dem Weg in eine gr\u00fcnere Zukunft"}]},{"@type":"WebSite","@id":"https:\/\/www.strassenweb.de\/nachrichten\/#website","url":"https:\/\/www.strassenweb.de\/nachrichten\/","name":"Stra\u00dfenweb","description":"Stra\u00dfenverzeichnis f\u00fcr Deutschland","publisher":{"@id":"https:\/\/www.strassenweb.de\/nachrichten\/#organization"},"potentialAction":[{"@type":"SearchAction","target":{"@type":"EntryPoint","urlTemplate":"https:\/\/www.strassenweb.de\/nachrichten\/?s={search_term_string}"},"query-input":{"@type":"PropertyValueSpecification","valueRequired":true,"valueName":"search_term_string"}}],"inLanguage":"de"},{"@type":"Organization","@id":"https:\/\/www.strassenweb.de\/nachrichten\/#organization","name":"Stra\u00dfenweb","url":"https:\/\/www.strassenweb.de\/nachrichten\/","logo":{"@type":"ImageObject","inLanguage":"de","@id":"https:\/\/www.strassenweb.de\/nachrichten\/#\/schema\/logo\/image\/","url":"https:\/\/www.strassenweb.de\/nachrichten\/wp-content\/uploads\/2024\/09\/cropped-favicon.png","contentUrl":"https:\/\/www.strassenweb.de\/nachrichten\/wp-content\/uploads\/2024\/09\/cropped-favicon.png","width":512,"height":512,"caption":"Stra\u00dfenweb"},"image":{"@id":"https:\/\/www.strassenweb.de\/nachrichten\/#\/schema\/logo\/image\/"},"sameAs":["https:\/\/www.facebook.com\/strassenweb\/"]},{"@type":"Person","@id":"https:\/\/www.strassenweb.de\/nachrichten\/#\/schema\/person\/87c9c9067f1211da429a744dc5a5aa41","name":"Robert Hoffmann","image":{"@type":"ImageObject","inLanguage":"de","@id":"https:\/\/www.strassenweb.de\/nachrichten\/wp-content\/uploads\/2024\/09\/strassenweb-150x150.jpg","url":"https:\/\/www.strassenweb.de\/nachrichten\/wp-content\/uploads\/2024\/09\/strassenweb-150x150.jpg","contentUrl":"https:\/\/www.strassenweb.de\/nachrichten\/wp-content\/uploads\/2024\/09\/strassenweb-150x150.jpg","caption":"Robert Hoffmann"},"description":"Ich hei\u00dfe Robert Hoffmann und ich bin ein leidenschaftlicher Verfechter von \u00d6kologie und Biodiversit\u00e4t. Seit meiner Kindheit in den W\u00e4ldern Bayerns f\u00fchle ich mich mit der Natur verbunden und bin entschlossen, sie zu sch\u00fctzen. Heute widme ich mein Leben der Sensibilisierung anderer f\u00fcr die Bedeutung des Umweltschutzes f\u00fcr zuk\u00fcnftige Generationen.","sameAs":["https:\/\/www.strassenweb.de\/"]}]}},"_links":{"self":[{"href":"https:\/\/www.strassenweb.de\/nachrichten\/wp-json\/wp\/v2\/posts\/616","targetHints":{"allow":["GET"]}}],"collection":[{"href":"https:\/\/www.strassenweb.de\/nachrichten\/wp-json\/wp\/v2\/posts"}],"about":[{"href":"https:\/\/www.strassenweb.de\/nachrichten\/wp-json\/wp\/v2\/types\/post"}],"author":[{"embeddable":true,"href":"https:\/\/www.strassenweb.de\/nachrichten\/wp-json\/wp\/v2\/users\/1"}],"replies":[{"embeddable":true,"href":"https:\/\/www.strassenweb.de\/nachrichten\/wp-json\/wp\/v2\/comments?post=616"}],"version-history":[{"count":0,"href":"https:\/\/www.strassenweb.de\/nachrichten\/wp-json\/wp\/v2\/posts\/616\/revisions"}],"wp:featuredmedia":[{"embeddable":true,"href":"https:\/\/www.strassenweb.de\/nachrichten\/wp-json\/wp\/v2\/media\/617"}],"wp:attachment":[{"href":"https:\/\/www.strassenweb.de\/nachrichten\/wp-json\/wp\/v2\/media?parent=616"}],"wp:term":[{"taxonomy":"category","embeddable":true,"href":"https:\/\/www.strassenweb.de\/nachrichten\/wp-json\/wp\/v2\/categories?post=616"},{"taxonomy":"post_tag","embeddable":true,"href":"https:\/\/www.strassenweb.de\/nachrichten\/wp-json\/wp\/v2\/tags?post=616"}],"curies":[{"name":"wp","href":"https:\/\/api.w.org\/{rel}","templated":true}]}}