{"id":6148,"date":"2025-07-08T21:39:33","date_gmt":"2025-07-08T19:39:33","guid":{"rendered":"https:\/\/www.strassenweb.de\/nachrichten\/ich-habe-gerade-festgestellt\/"},"modified":"2025-07-08T21:39:33","modified_gmt":"2025-07-08T19:39:33","slug":"ich-habe-gerade-festgestellt","status":"publish","type":"post","link":"https:\/\/www.strassenweb.de\/nachrichten\/ich-habe-gerade-festgestellt\/","title":{"rendered":"Ich habe gerade festgestellt"},"content":{"rendered":"<div id=\"article-body\" class=\"article__body \">\n<p>Wenn der Sommer in vollem Gange ist, machen G\u00e4rtner \u00fcberall das Beste aus der Bl\u00fcte, dass ihre H\u00f6fe sie genie\u00dfen. Es ist aber auch eine gesch\u00e4ftige Zeit f\u00fcr die Bek\u00e4mpfung von Gartensch\u00e4dlingen, um sicherzustellen, dass die Pflanzen w\u00e4hrend der w\u00e4rmsten Jahreszeit bestehen.<\/p>\n<div id=\"ad-unit-1\" class=\"ad-unit\"><\/div>\n<p>Es stellt sich heraus, dass es ein super Gew\u00fcrz gibt, das einige der st\u00f6rendsten Sch\u00e4dlinge fernhalten kann: Chilipulver. Es ist eine dreifache Bedrohung, die Eichh\u00f6rnchen, Ameisen und Schnecken (entlang vieler anderer Sch\u00e4dlinge) effektiv abschreckt. Dies ist nat\u00fcrlich keine \u00dcberraschung, da Chilipulver tats\u00e4chlich eines der besten Gew\u00fcrze ist, um gemeinsame Gartensch\u00e4dlinge abzuhalten. Dies ist seinem scharfen Geruch und Geschmack zu verdanken, der f\u00fcr eine Vielzahl von Sommergartensch\u00e4dlingen ung\u00fcnstig ist, einschlie\u00dflich der oben genannten.<\/p>\n<aside data-block-type=\"embed\" data-render-type=\"fte\" data-skip=\"dealsy\" data-widget-type=\"seasonal\" class=\"hawk-base\"><\/aside>\n<p>Egal, ob Sie sich in einem st\u00e4ndigen Kampf gegen Eichh\u00f6rnchen befinden, die Nahrung aus Vogelh\u00e4uschen stehlen, Ameisen machen, die unansehnliche Ameisenh\u00fcgel auf Ihrem Rasen machen, oder dass Sie Ihre Blattkulturen kauen, Chilipulver h\u00e4lt Ihren Garten sicher. Schauen wir uns genau an und warum es so gut funktioniert und wie man Chilipulver verwendet, um die Sch\u00e4dlinge effektiv abzuhalten.<\/p>\n<div class=\"van_vid_carousel\">\n<div class=\"van_vid_carousel__padding\">\n<div class=\"van_vid_carousel__container\"><\/div>\n<\/div>\n<\/div>\n<aside data-component-name=\"Recirculation:ArticleRiver\" data-nosnippet class=\"pt-3 pb-4 mb-4 border-b border-solid border-(#333)\">\n<span class=\"\nafter:content-('') after:flex-1 after:ml-4 after:my-(0.7rem) after:border-t-(#333) after:border-t after:border-solid\nbefore:content-('') before:flex-1 before:mr-4 before:my-(0.7rem) before:border-t-(#333) before:border-t before:border-solid\nfont-article-heading pb-3 !text-base font-bold uppercase sm:text-sm text-(#333) flex\"><\/p>\n<p>Sie m\u00f6gen m\u00f6gen<br \/>\n<\/span><\/p>\n<ul class=\"flex flex-col gap-3 m-0\">\n<li class=\"m-0 list-none\" name=\"recirculation-inline\" data-analytics-id=\"recirculation-inline-1\" analytics-label=\"adviser:related\">\n<picture data-new-v2-image=\"true\" class=\"w-(--article-river-thumbnail-width,60px) flex-shrink-0\"><source type=\"image\/webp\"  ><\/source><\/p>\n<\/picture>\n<span class=\"hover:text-inherit font-article-heading text-base text-(#333) leading-5 content-center\">Ich fordere Sie auf, diesen Sommer Zimt auf Ihren Rasen zu streuen &#8211; es funktioniert tats\u00e4chlich f\u00fcr gr\u00fcneres Gras und wird von Ameisen los <\/span><\/p>\n<\/li>\n<li class=\"m-0 list-none\" name=\"recirculation-inline\" data-analytics-id=\"recirculation-inline-2\" analytics-label=\"adviser:related\">\n<picture data-new-v2-image=\"true\" class=\"w-(--article-river-thumbnail-width,60px) flex-shrink-0\"><source type=\"image\/webp\"  ><\/source><br \/>\n<img decoding=\"async\" alt=\"Nahaufnahme eines grauen Eichh\u00f6rnchens in Schneegl\u00f6ckchen im Fr\u00fchling\"   loading=\"lazy\" data-new-v2-image=\"true\" src=\"https:\/\/www.strassenweb.de\/nachrichten\/wp-content\/uploads\/2025\/07\/vYcfpNR9ALQHo7fmzHdDnJ.jpg\" data-pin-media=\"https:\/\/www.strassenweb.de\/nachrichten\/wp-content\/uploads\/2025\/07\/vYcfpNR9ALQHo7fmzHdDnJ.jpg\" data-pin-nopin=\"true\" class=\"aspect-(--img-listing-aspect-ratio,16\/9) object-cover w-(--article-river-thumbnail-width,60px) flex-shrink-0\">\n<\/picture>\n<span class=\"hover:text-inherit font-article-heading text-base text-(#333) leading-5 content-center\">Halten Sie Eichh\u00f6rnchen endg\u00fcltig aus dem Garten mit einer leicht zu erbauten Blume, die sie nicht ausstehen k\u00f6nnen-aber Sie werden lieben<\/span><\/p>\n<\/li>\n<\/ul>\n<\/aside>\n<h3 class=\"article-body__section\" id=\"section-why-does-chili-powder-deter-pests\"><span>Warum sch\u00fctzt Chilipulver Sch\u00e4dlinge?<\/span><\/h3>\n<figure class=\"van-image-figure inline-layout \" data-bordeaux-image-check>\n<div class=\"image-full-width-wrapper\">\n<div class=\"image-widthsetter\" style=\"max-width:2400px;\"><\/div>\n<\/div>\n<\/figure>\n<p>Es gibt mehrere Gr\u00fcnde, warum Chilipulver oder Flocken Sch\u00e4dlinge abschrecken.<\/p>\n<div id=\"ad-unit-2\" class=\"ad-unit\"><\/div>\n<p>Genau wie bei der Verwendung von Cayenne -Pfeffer, um Eichh\u00f6rnchen zu verhindern, ist der w\u00fcrzige Geschmack des chemischen Verbundkapsaikins in Chilipulver (von Walmart) f\u00fcr eine breite Palette von Sch\u00e4dlingen unangenehm.<\/p>\n<p>Die Sch\u00e4rfe von Chilipulver macht es ebenfalls effektiv, um Schnecken und Schnecken loszuwerden, da Capsaicin sie irritiert und ein brennendes Gef\u00fchl liefert.<\/p>\n<p>F\u00fcr die Verwendung von Chilipulver, um Ameisen abzuhalten, m\u00f6gen diese Insekten den starken Geruch nicht. Capsaicin irritiert auch die F\u00fc\u00dfe und die Antennen von Ameisen, mit denen sie navigieren, sodass das Gew\u00fcrz ihr nachfolgendes Muster st\u00f6rt.<\/p>\n<p>Die gute Nachricht ist, dass Chilipulver diesen Insekten und Tieren auch keinen langfristigen Schaden zuf\u00fcgt. Stattdessen ist es nur vor\u00fcbergehend unangenehm und trainiert sie, um sich von dem Bereich fernzuhalten, in dem Sie das Gew\u00fcrz bestreut haben.<\/p>\n<div class=\"min-h-(270px) mb-4\" id=\"viafoura-engagement-starter-wrapper\" data-component-name=\"Elk:Embed:EngagementStarter\">\n<div class=\"viafoura\">\n<vf-conversation-starter target=\"viafoura-comments\" title=\"What's the best spice for deterring squirrels?\" description=\"Both chili powder and cayenne pepper work well to repel squirrels, but have you had any success with other spices?\" minimum-comment-count=\"5\"><br \/>\n<\/vf-conversation-starter>\n<\/div>\n<\/div>\n<h3 class=\"article-body__section\" id=\"section-how-to-use-chili-powder-to-deter-pests\"><span>So verwenden Sie Chilipulver, um Sch\u00e4dlinge zu verhindern<\/span><\/h3>\n<figure class=\"van-image-figure inline-layout \" data-bordeaux-image-check>\n<div class=\"image-full-width-wrapper\">\n<div class=\"image-widthsetter\" style=\"max-width:2000px;\"><\/div>\n<\/div>\n<\/figure>\n<p>Um Chilipulver zu verwenden, um die Sch\u00e4dlinge im Hof \u200b\u200babzuhalten, k\u00f6nnen Sie einige verschiedene Methoden anwenden.<\/p>\n<p>Wenn Ihr K\u00fcchengarten von Schnecken und Schnecken angegriffen wird, streuen Sie Chilipulver direkt in die Basis Ihrer Pflanzen als Schneckenkontrolle. Sie k\u00f6nnen dies ebenfalls in Ihrem geschnittenen Blumengarten verwenden, um Ihre Dahlien, eine weitere beliebte Pflanze zwischen Schnecken zu sch\u00fctzen.<\/p>\n<p>Wenn Sie Chilipulver verwenden, um Eichh\u00f6rnchen von Vogelh\u00e4uschen fernzuhalten, sollten Sie das Gew\u00fcrz zu Vogelfutter hinzuf\u00fcgen. V\u00f6gel haben nicht die Geschmacksrezeptoren, um das Capsaicin zu erkennen, sodass sie sie beim F\u00fcttern nicht beeinflusst.<\/p>\n<p>Sie k\u00f6nnen auch Eichh\u00f6rnchen an anderer Stelle im Hof \u200b\u200bloswerden, indem Sie erneut Chilipulver bestreuen. Um einen noch effektiveren Ansatz zu erhalten, sollten Sie auch Pfefferminze neben dem Chilipulver die Eichh\u00f6rnchen (oder dieses \u00e4therische \u00d6l von Pfefferminz\u00f6l vom Amazonas) abhalten &#8211; es ist ein weiterer starker Duft, den sie nicht m\u00f6gen.<\/p>\n<p>Um Chilipulver zu verwenden, um Ameisen zu entfernen, verwenden Sie eine \u00e4hnliche Technik, indem Sie das Gew\u00fcrz direkt um Ameisenh\u00fcgel und Gebiete anwenden, in denen sich Ameisen in Ihrem Garten versammelt haben. M\u00f6glicherweise m\u00f6chten Sie auch Chilipulver an die Eing\u00e4nge von H\u00e4usern streuen, um Ameisen in Innenr\u00e4umen loszuwerden.<\/p>\n<p>&#8222;Eine andere Methode besteht <em>H\u00e4user &#038; G\u00e4rten<\/em>&#8218;Kopf der G\u00e4rten, <u>Rachel Bull<\/u>.<\/p>\n<p>&#8218;Legen Sie Ihre Mischung in eine leere Spr\u00fchflasche (von Amazon) und spr\u00fchen Sie auf Ameisenh\u00fcgel und Pfade.<\/p>\n<p>&#8222;Dieses Spray kann auch auf die unteren Bl\u00e4tter von Pflanzen aufgetragen werden, die von Schnecken angegriffen werden, beispielsweise davon abgehalten werden, sie vom Rest der Pflanze zu kauen&#8220;, f\u00fcgt Rachel hinzu.<\/p>\n<h3 class=\"article-body__section\" id=\"section-faqs\"><span>FAQs<\/span><\/h3>\n<h2 id=\"does-chili-powder-deter-deer-3\">Heck Chilipulver Hirsche?<\/h2>\n<p>Ja, Chilipulver kann verwendet werden, um die Hirsche abzuschrecken. Dies liegt haupts\u00e4chlich daran, dass Hirsche den starken Duft dieses Gew\u00fcrzs unangenehm finden. Genau wie Chilipulver, um Sch\u00e4dlinge wie Eichh\u00f6rnchen, Ameisen und Schnecken abzuhalten, k\u00f6nnen Sie Chilipulver (von Amazonas) um die Pflanzen streuen, die Sie vor Hirschen sch\u00fctzen m\u00f6chten.<\/p>\n<hr>\n<p>Manchmal ist der beste Weg, Sch\u00e4dlinge zu stoppen, die Pflanzen in ihren Spuren zerst\u00f6ren k\u00f6nnen, indem sie zusammen ein paar Methoden anwenden. Neben der Verwendung von Chili-Pulver, um Sch\u00e4dlinge zu verhindern, erw\u00e4gen Sie, einige der besten Sch\u00e4dlingsanlagen anzubauen. Die folgenden Gew\u00fcrze und \u00e4therischen \u00d6le sind auch wirksame Abschreckungsmittel f\u00fcr eine Vielzahl von Gartensch\u00e4dlingen:<\/p>\n<div class=\"product-container hero-product-container product-block-no-wrap\">\n<div class=\"product-block-row\"><\/div>\n<div class=\"product-block-row\"><\/div>\n<div class=\"product-block-row\"><\/div>\n<\/div>\n<div class=\"block\" id=\"articleTag\" data-component-name=\"PostArticleLinks\">\n<div class=\"border-b border-b-black border-solid py-2.5 text-black font-bold uppercase\">Themen<\/div>\n<nav class=\"py-2.5 flex gap-2.5 flex-wrap\" data-analytics-id=\"article-tag\">\n<p>Sch\u00e4dlinge<br \/>\n<\/nav>\n<\/div>\n<\/div>\n","protected":false},"excerpt":{"rendered":"<p>Wenn der Sommer in vollem Gange ist, machen G\u00e4rtner \u00fcberall das Beste aus der Bl\u00fcte, dass ihre H\u00f6fe sie genie\u00dfen. Es ist aber auch eine<\/p>\n","protected":false},"author":1,"featured_media":5639,"comment_status":"closed","ping_status":"","sticky":false,"template":"","format":"standard","meta":{"footnotes":""},"categories":[118],"tags":[3237,495,823,129],"class_list":["post-6148","post","type-post","status-publish","format-standard","has-post-thumbnail","hentry","category-haus-garten","tag-festgestellt","tag-gerade","tag-habe","tag-ich","generate-columns","tablet-grid-50","mobile-grid-100","grid-parent","grid-50"],"yoast_head":"<!-- This site is optimized with the Yoast SEO plugin v27.3 - https:\/\/yoast.com\/product\/yoast-seo-wordpress\/ -->\n<title>Ich habe gerade festgestellt - Nachrichten - Stra\u00dfenweb<\/title>\n<meta name=\"robots\" content=\"index, follow, max-snippet:-1, max-image-preview:large, max-video-preview:-1\" \/>\n<link rel=\"canonical\" href=\"https:\/\/www.strassenweb.de\/nachrichten\/ich-habe-gerade-festgestellt\/\" \/>\n<meta property=\"og:locale\" content=\"de_DE\" \/>\n<meta property=\"og:type\" content=\"article\" \/>\n<meta property=\"og:title\" content=\"Ich habe gerade festgestellt - Nachrichten - Stra\u00dfenweb\" \/>\n<meta property=\"og:description\" content=\"Wenn der Sommer in vollem Gange ist, machen G\u00e4rtner \u00fcberall das Beste aus der Bl\u00fcte, dass ihre H\u00f6fe sie genie\u00dfen. Es ist aber auch eine\" \/>\n<meta property=\"og:url\" content=\"https:\/\/www.strassenweb.de\/nachrichten\/ich-habe-gerade-festgestellt\/\" \/>\n<meta property=\"og:site_name\" content=\"Stra\u00dfenweb\" \/>\n<meta property=\"article:publisher\" content=\"https:\/\/www.facebook.com\/strassenweb\/\" \/>\n<meta property=\"article:published_time\" content=\"2025-07-08T19:39:33+00:00\" \/>\n<meta property=\"og:image\" content=\"https:\/\/www.strassenweb.de\/nachrichten\/wp-content\/uploads\/2025\/06\/9rmpySX8qvfdV6JRNVNvR5.jpg\" \/>\n\t<meta property=\"og:image:width\" content=\"1600\" \/>\n\t<meta property=\"og:image:height\" content=\"900\" \/>\n\t<meta property=\"og:image:type\" content=\"image\/jpeg\" \/>\n<meta name=\"author\" content=\"Robert Hoffmann\" \/>\n<meta name=\"twitter:card\" content=\"summary_large_image\" \/>\n<meta name=\"twitter:label1\" content=\"Verfasst von\" \/>\n\t<meta name=\"twitter:data1\" content=\"Robert Hoffmann\" \/>\n\t<meta name=\"twitter:label2\" content=\"Gesch\u00e4tzte Lesezeit\" \/>\n\t<meta name=\"twitter:data2\" content=\"4\u00a0Minuten\" \/>\n<script type=\"application\/ld+json\" class=\"yoast-schema-graph\">{\"@context\":\"https:\\\/\\\/schema.org\",\"@graph\":[{\"@type\":\"Article\",\"@id\":\"https:\\\/\\\/www.strassenweb.de\\\/nachrichten\\\/ich-habe-gerade-festgestellt\\\/#article\",\"isPartOf\":{\"@id\":\"https:\\\/\\\/www.strassenweb.de\\\/nachrichten\\\/ich-habe-gerade-festgestellt\\\/\"},\"author\":{\"name\":\"Robert Hoffmann\",\"@id\":\"https:\\\/\\\/www.strassenweb.de\\\/nachrichten\\\/#\\\/schema\\\/person\\\/87c9c9067f1211da429a744dc5a5aa41\"},\"headline\":\"Ich habe gerade festgestellt\",\"datePublished\":\"2025-07-08T19:39:33+00:00\",\"mainEntityOfPage\":{\"@id\":\"https:\\\/\\\/www.strassenweb.de\\\/nachrichten\\\/ich-habe-gerade-festgestellt\\\/\"},\"wordCount\":828,\"publisher\":{\"@id\":\"https:\\\/\\\/www.strassenweb.de\\\/nachrichten\\\/#organization\"},\"image\":{\"@id\":\"https:\\\/\\\/www.strassenweb.de\\\/nachrichten\\\/ich-habe-gerade-festgestellt\\\/#primaryimage\"},\"thumbnailUrl\":\"https:\\\/\\\/www.strassenweb.de\\\/nachrichten\\\/wp-content\\\/uploads\\\/2025\\\/06\\\/9rmpySX8qvfdV6JRNVNvR5.jpg\",\"keywords\":[\"festgestellt\",\"gerade\",\"habe\",\"ich\"],\"articleSection\":[\"Haus &amp; Garten\"],\"inLanguage\":\"de\"},{\"@type\":\"WebPage\",\"@id\":\"https:\\\/\\\/www.strassenweb.de\\\/nachrichten\\\/ich-habe-gerade-festgestellt\\\/\",\"url\":\"https:\\\/\\\/www.strassenweb.de\\\/nachrichten\\\/ich-habe-gerade-festgestellt\\\/\",\"name\":\"Ich habe gerade festgestellt - Nachrichten - Stra\u00dfenweb\",\"isPartOf\":{\"@id\":\"https:\\\/\\\/www.strassenweb.de\\\/nachrichten\\\/#website\"},\"primaryImageOfPage\":{\"@id\":\"https:\\\/\\\/www.strassenweb.de\\\/nachrichten\\\/ich-habe-gerade-festgestellt\\\/#primaryimage\"},\"image\":{\"@id\":\"https:\\\/\\\/www.strassenweb.de\\\/nachrichten\\\/ich-habe-gerade-festgestellt\\\/#primaryimage\"},\"thumbnailUrl\":\"https:\\\/\\\/www.strassenweb.de\\\/nachrichten\\\/wp-content\\\/uploads\\\/2025\\\/06\\\/9rmpySX8qvfdV6JRNVNvR5.jpg\",\"datePublished\":\"2025-07-08T19:39:33+00:00\",\"breadcrumb\":{\"@id\":\"https:\\\/\\\/www.strassenweb.de\\\/nachrichten\\\/ich-habe-gerade-festgestellt\\\/#breadcrumb\"},\"inLanguage\":\"de\",\"potentialAction\":[{\"@type\":\"ReadAction\",\"target\":[\"https:\\\/\\\/www.strassenweb.de\\\/nachrichten\\\/ich-habe-gerade-festgestellt\\\/\"]}]},{\"@type\":\"ImageObject\",\"inLanguage\":\"de\",\"@id\":\"https:\\\/\\\/www.strassenweb.de\\\/nachrichten\\\/ich-habe-gerade-festgestellt\\\/#primaryimage\",\"url\":\"https:\\\/\\\/www.strassenweb.de\\\/nachrichten\\\/wp-content\\\/uploads\\\/2025\\\/06\\\/9rmpySX8qvfdV6JRNVNvR5.jpg\",\"contentUrl\":\"https:\\\/\\\/www.strassenweb.de\\\/nachrichten\\\/wp-content\\\/uploads\\\/2025\\\/06\\\/9rmpySX8qvfdV6JRNVNvR5.jpg\",\"width\":1600,\"height\":900,\"caption\":\"The Children With Cancer UK &lsquo;A Place To Be...&rsquo; show garden at the 2025 RHS Chelsea Flower Show, designed by Tom Clarke and Ros Coutts-Harwood, with evergreen shrubs and dense perennial planting\"},{\"@type\":\"BreadcrumbList\",\"@id\":\"https:\\\/\\\/www.strassenweb.de\\\/nachrichten\\\/ich-habe-gerade-festgestellt\\\/#breadcrumb\",\"itemListElement\":[{\"@type\":\"ListItem\",\"position\":1,\"name\":\"Home\",\"item\":\"https:\\\/\\\/www.strassenweb.de\\\/nachrichten\\\/\"},{\"@type\":\"ListItem\",\"position\":2,\"name\":\"Ich habe gerade festgestellt\"}]},{\"@type\":\"WebSite\",\"@id\":\"https:\\\/\\\/www.strassenweb.de\\\/nachrichten\\\/#website\",\"url\":\"https:\\\/\\\/www.strassenweb.de\\\/nachrichten\\\/\",\"name\":\"Stra\u00dfenweb\",\"description\":\"Stra\u00dfenverzeichnis f\u00fcr Deutschland\",\"publisher\":{\"@id\":\"https:\\\/\\\/www.strassenweb.de\\\/nachrichten\\\/#organization\"},\"potentialAction\":[{\"@type\":\"SearchAction\",\"target\":{\"@type\":\"EntryPoint\",\"urlTemplate\":\"https:\\\/\\\/www.strassenweb.de\\\/nachrichten\\\/?s={search_term_string}\"},\"query-input\":{\"@type\":\"PropertyValueSpecification\",\"valueRequired\":true,\"valueName\":\"search_term_string\"}}],\"inLanguage\":\"de\"},{\"@type\":\"Organization\",\"@id\":\"https:\\\/\\\/www.strassenweb.de\\\/nachrichten\\\/#organization\",\"name\":\"Stra\u00dfenweb\",\"url\":\"https:\\\/\\\/www.strassenweb.de\\\/nachrichten\\\/\",\"logo\":{\"@type\":\"ImageObject\",\"inLanguage\":\"de\",\"@id\":\"https:\\\/\\\/www.strassenweb.de\\\/nachrichten\\\/#\\\/schema\\\/logo\\\/image\\\/\",\"url\":\"https:\\\/\\\/www.strassenweb.de\\\/nachrichten\\\/wp-content\\\/uploads\\\/2024\\\/09\\\/cropped-favicon.png\",\"contentUrl\":\"https:\\\/\\\/www.strassenweb.de\\\/nachrichten\\\/wp-content\\\/uploads\\\/2024\\\/09\\\/cropped-favicon.png\",\"width\":512,\"height\":512,\"caption\":\"Stra\u00dfenweb\"},\"image\":{\"@id\":\"https:\\\/\\\/www.strassenweb.de\\\/nachrichten\\\/#\\\/schema\\\/logo\\\/image\\\/\"},\"sameAs\":[\"https:\\\/\\\/www.facebook.com\\\/strassenweb\\\/\"]},{\"@type\":\"Person\",\"@id\":\"https:\\\/\\\/www.strassenweb.de\\\/nachrichten\\\/#\\\/schema\\\/person\\\/87c9c9067f1211da429a744dc5a5aa41\",\"name\":\"Robert Hoffmann\",\"image\":{\"@type\":\"ImageObject\",\"inLanguage\":\"de\",\"@id\":\"https:\\\/\\\/www.strassenweb.de\\\/nachrichten\\\/wp-content\\\/uploads\\\/2024\\\/09\\\/strassenweb-150x150.jpg\",\"url\":\"https:\\\/\\\/www.strassenweb.de\\\/nachrichten\\\/wp-content\\\/uploads\\\/2024\\\/09\\\/strassenweb-150x150.jpg\",\"contentUrl\":\"https:\\\/\\\/www.strassenweb.de\\\/nachrichten\\\/wp-content\\\/uploads\\\/2024\\\/09\\\/strassenweb-150x150.jpg\",\"caption\":\"Robert Hoffmann\"},\"description\":\"Ich hei\u00dfe Robert Hoffmann und ich bin ein leidenschaftlicher Verfechter von \u00d6kologie und Biodiversit\u00e4t. Seit meiner Kindheit in den W\u00e4ldern Bayerns f\u00fchle ich mich mit der Natur verbunden und bin entschlossen, sie zu sch\u00fctzen. Heute widme ich mein Leben der Sensibilisierung anderer f\u00fcr die Bedeutung des Umweltschutzes f\u00fcr zuk\u00fcnftige Generationen.\",\"sameAs\":[\"https:\\\/\\\/www.strassenweb.de\\\/\"]}]}<\/script>\n<!-- \/ Yoast SEO plugin. -->","yoast_head_json":{"title":"Ich habe gerade festgestellt - Nachrichten - Stra\u00dfenweb","robots":{"index":"index","follow":"follow","max-snippet":"max-snippet:-1","max-image-preview":"max-image-preview:large","max-video-preview":"max-video-preview:-1"},"canonical":"https:\/\/www.strassenweb.de\/nachrichten\/ich-habe-gerade-festgestellt\/","og_locale":"de_DE","og_type":"article","og_title":"Ich habe gerade festgestellt - Nachrichten - Stra\u00dfenweb","og_description":"Wenn der Sommer in vollem Gange ist, machen G\u00e4rtner \u00fcberall das Beste aus der Bl\u00fcte, dass ihre H\u00f6fe sie genie\u00dfen. Es ist aber auch eine","og_url":"https:\/\/www.strassenweb.de\/nachrichten\/ich-habe-gerade-festgestellt\/","og_site_name":"Stra\u00dfenweb","article_publisher":"https:\/\/www.facebook.com\/strassenweb\/","article_published_time":"2025-07-08T19:39:33+00:00","og_image":[{"width":1600,"height":900,"url":"https:\/\/www.strassenweb.de\/nachrichten\/wp-content\/uploads\/2025\/06\/9rmpySX8qvfdV6JRNVNvR5.jpg","type":"image\/jpeg"}],"author":"Robert Hoffmann","twitter_card":"summary_large_image","twitter_misc":{"Verfasst von":"Robert Hoffmann","Gesch\u00e4tzte Lesezeit":"4\u00a0Minuten"},"schema":{"@context":"https:\/\/schema.org","@graph":[{"@type":"Article","@id":"https:\/\/www.strassenweb.de\/nachrichten\/ich-habe-gerade-festgestellt\/#article","isPartOf":{"@id":"https:\/\/www.strassenweb.de\/nachrichten\/ich-habe-gerade-festgestellt\/"},"author":{"name":"Robert Hoffmann","@id":"https:\/\/www.strassenweb.de\/nachrichten\/#\/schema\/person\/87c9c9067f1211da429a744dc5a5aa41"},"headline":"Ich habe gerade festgestellt","datePublished":"2025-07-08T19:39:33+00:00","mainEntityOfPage":{"@id":"https:\/\/www.strassenweb.de\/nachrichten\/ich-habe-gerade-festgestellt\/"},"wordCount":828,"publisher":{"@id":"https:\/\/www.strassenweb.de\/nachrichten\/#organization"},"image":{"@id":"https:\/\/www.strassenweb.de\/nachrichten\/ich-habe-gerade-festgestellt\/#primaryimage"},"thumbnailUrl":"https:\/\/www.strassenweb.de\/nachrichten\/wp-content\/uploads\/2025\/06\/9rmpySX8qvfdV6JRNVNvR5.jpg","keywords":["festgestellt","gerade","habe","ich"],"articleSection":["Haus &amp; Garten"],"inLanguage":"de"},{"@type":"WebPage","@id":"https:\/\/www.strassenweb.de\/nachrichten\/ich-habe-gerade-festgestellt\/","url":"https:\/\/www.strassenweb.de\/nachrichten\/ich-habe-gerade-festgestellt\/","name":"Ich habe gerade festgestellt - Nachrichten - Stra\u00dfenweb","isPartOf":{"@id":"https:\/\/www.strassenweb.de\/nachrichten\/#website"},"primaryImageOfPage":{"@id":"https:\/\/www.strassenweb.de\/nachrichten\/ich-habe-gerade-festgestellt\/#primaryimage"},"image":{"@id":"https:\/\/www.strassenweb.de\/nachrichten\/ich-habe-gerade-festgestellt\/#primaryimage"},"thumbnailUrl":"https:\/\/www.strassenweb.de\/nachrichten\/wp-content\/uploads\/2025\/06\/9rmpySX8qvfdV6JRNVNvR5.jpg","datePublished":"2025-07-08T19:39:33+00:00","breadcrumb":{"@id":"https:\/\/www.strassenweb.de\/nachrichten\/ich-habe-gerade-festgestellt\/#breadcrumb"},"inLanguage":"de","potentialAction":[{"@type":"ReadAction","target":["https:\/\/www.strassenweb.de\/nachrichten\/ich-habe-gerade-festgestellt\/"]}]},{"@type":"ImageObject","inLanguage":"de","@id":"https:\/\/www.strassenweb.de\/nachrichten\/ich-habe-gerade-festgestellt\/#primaryimage","url":"https:\/\/www.strassenweb.de\/nachrichten\/wp-content\/uploads\/2025\/06\/9rmpySX8qvfdV6JRNVNvR5.jpg","contentUrl":"https:\/\/www.strassenweb.de\/nachrichten\/wp-content\/uploads\/2025\/06\/9rmpySX8qvfdV6JRNVNvR5.jpg","width":1600,"height":900,"caption":"The Children With Cancer UK &lsquo;A Place To Be...&rsquo; show garden at the 2025 RHS Chelsea Flower Show, designed by Tom Clarke and Ros Coutts-Harwood, with evergreen shrubs and dense perennial planting"},{"@type":"BreadcrumbList","@id":"https:\/\/www.strassenweb.de\/nachrichten\/ich-habe-gerade-festgestellt\/#breadcrumb","itemListElement":[{"@type":"ListItem","position":1,"name":"Home","item":"https:\/\/www.strassenweb.de\/nachrichten\/"},{"@type":"ListItem","position":2,"name":"Ich habe gerade festgestellt"}]},{"@type":"WebSite","@id":"https:\/\/www.strassenweb.de\/nachrichten\/#website","url":"https:\/\/www.strassenweb.de\/nachrichten\/","name":"Stra\u00dfenweb","description":"Stra\u00dfenverzeichnis f\u00fcr Deutschland","publisher":{"@id":"https:\/\/www.strassenweb.de\/nachrichten\/#organization"},"potentialAction":[{"@type":"SearchAction","target":{"@type":"EntryPoint","urlTemplate":"https:\/\/www.strassenweb.de\/nachrichten\/?s={search_term_string}"},"query-input":{"@type":"PropertyValueSpecification","valueRequired":true,"valueName":"search_term_string"}}],"inLanguage":"de"},{"@type":"Organization","@id":"https:\/\/www.strassenweb.de\/nachrichten\/#organization","name":"Stra\u00dfenweb","url":"https:\/\/www.strassenweb.de\/nachrichten\/","logo":{"@type":"ImageObject","inLanguage":"de","@id":"https:\/\/www.strassenweb.de\/nachrichten\/#\/schema\/logo\/image\/","url":"https:\/\/www.strassenweb.de\/nachrichten\/wp-content\/uploads\/2024\/09\/cropped-favicon.png","contentUrl":"https:\/\/www.strassenweb.de\/nachrichten\/wp-content\/uploads\/2024\/09\/cropped-favicon.png","width":512,"height":512,"caption":"Stra\u00dfenweb"},"image":{"@id":"https:\/\/www.strassenweb.de\/nachrichten\/#\/schema\/logo\/image\/"},"sameAs":["https:\/\/www.facebook.com\/strassenweb\/"]},{"@type":"Person","@id":"https:\/\/www.strassenweb.de\/nachrichten\/#\/schema\/person\/87c9c9067f1211da429a744dc5a5aa41","name":"Robert Hoffmann","image":{"@type":"ImageObject","inLanguage":"de","@id":"https:\/\/www.strassenweb.de\/nachrichten\/wp-content\/uploads\/2024\/09\/strassenweb-150x150.jpg","url":"https:\/\/www.strassenweb.de\/nachrichten\/wp-content\/uploads\/2024\/09\/strassenweb-150x150.jpg","contentUrl":"https:\/\/www.strassenweb.de\/nachrichten\/wp-content\/uploads\/2024\/09\/strassenweb-150x150.jpg","caption":"Robert Hoffmann"},"description":"Ich hei\u00dfe Robert Hoffmann und ich bin ein leidenschaftlicher Verfechter von \u00d6kologie und Biodiversit\u00e4t. Seit meiner Kindheit in den W\u00e4ldern Bayerns f\u00fchle ich mich mit der Natur verbunden und bin entschlossen, sie zu sch\u00fctzen. Heute widme ich mein Leben der Sensibilisierung anderer f\u00fcr die Bedeutung des Umweltschutzes f\u00fcr zuk\u00fcnftige Generationen.","sameAs":["https:\/\/www.strassenweb.de\/"]}]}},"_links":{"self":[{"href":"https:\/\/www.strassenweb.de\/nachrichten\/wp-json\/wp\/v2\/posts\/6148","targetHints":{"allow":["GET"]}}],"collection":[{"href":"https:\/\/www.strassenweb.de\/nachrichten\/wp-json\/wp\/v2\/posts"}],"about":[{"href":"https:\/\/www.strassenweb.de\/nachrichten\/wp-json\/wp\/v2\/types\/post"}],"author":[{"embeddable":true,"href":"https:\/\/www.strassenweb.de\/nachrichten\/wp-json\/wp\/v2\/users\/1"}],"replies":[{"embeddable":true,"href":"https:\/\/www.strassenweb.de\/nachrichten\/wp-json\/wp\/v2\/comments?post=6148"}],"version-history":[{"count":0,"href":"https:\/\/www.strassenweb.de\/nachrichten\/wp-json\/wp\/v2\/posts\/6148\/revisions"}],"wp:featuredmedia":[{"embeddable":true,"href":"https:\/\/www.strassenweb.de\/nachrichten\/wp-json\/wp\/v2\/media\/5639"}],"wp:attachment":[{"href":"https:\/\/www.strassenweb.de\/nachrichten\/wp-json\/wp\/v2\/media?parent=6148"}],"wp:term":[{"taxonomy":"category","embeddable":true,"href":"https:\/\/www.strassenweb.de\/nachrichten\/wp-json\/wp\/v2\/categories?post=6148"},{"taxonomy":"post_tag","embeddable":true,"href":"https:\/\/www.strassenweb.de\/nachrichten\/wp-json\/wp\/v2\/tags?post=6148"}],"curies":[{"name":"wp","href":"https:\/\/api.w.org\/{rel}","templated":true}]}}