{"id":6142,"date":"2025-07-08T14:39:14","date_gmt":"2025-07-08T12:39:14","guid":{"rendered":"https:\/\/www.strassenweb.de\/nachrichten\/die-menschen-koennen-die-biologische-vielfalt-und-klang-genau-beurteilen\/"},"modified":"2025-07-08T14:39:14","modified_gmt":"2025-07-08T12:39:14","slug":"die-menschen-koennen-die-biologische-vielfalt-und-klang-genau-beurteilen","status":"publish","type":"post","link":"https:\/\/www.strassenweb.de\/nachrichten\/die-menschen-koennen-die-biologische-vielfalt-und-klang-genau-beurteilen\/","title":{"rendered":"Die Menschen k\u00f6nnen die biologische Vielfalt und Klang genau beurteilen"},"content":{"rendered":"<p>Die intuitive Wahrnehmung der biologischen Vielfalt durch die Menschen durch visuelle und Audio -Hinweise ist bemerkenswert genau und passt eng mit wissenschaftlichen Ma\u00dfnahmen der biologischen Vielfalt \u00fcberein. Dies ist laut neuen Forschungsergebnissen, die im British Ecological Society Journal ver\u00f6ffentlicht wurden, <em>Menschen und Natur<\/em>.<\/p>\n<p>In einer neuen Studie, die von Forschern des Deutschen Zentrums f\u00fcr integrative Biodiversit\u00e4tsforschung (IDIV), des Helmholtz Center for Environmental Research (UFZ) und der Friedrich Schiller University Jena, wurden Teilnehmer ohne \u00f6kologische Ausbildung gebeten, Bilder und Audioaufzeichnungen von W\u00e4ldern zu sortieren, die auf der Grundlage der wahrgenommenen biologischen Vielfalt basierten.<\/p>\n<p>Die Forscher fanden heraus, dass die biologischen Vielfaltniveaus, die die Teilnehmer aus den Bildern und Audioaufnahmen wahrnahmen, der tats\u00e4chlichen Artenvielfalt der W\u00e4lder eng miteinander \u00fcbereinstimmten.<\/p>\n<p>Wie wir die nat\u00fcrliche Welt wahrnehmen, hat Auswirkungen auf unsere Gesundheit. Fr\u00fchere Untersuchungen haben darauf hingewiesen, dass es sich eher um die biologische Vielfalt als an die biologische Vielfalt handelt, die mit unserem Wohlbefinden verbunden ist.<\/p>\n<p>Der f\u00fchrende Autor Kevin Rozario, IDIV, sagte: \u201eDa vermutet wird, dass die wahrgenommene biologische Vielfalt in psychische gesundheitliche Vorteile f\u00fchrt, ist es wichtig zu identifizieren, was Menschen in Bezug auf die biologische Vielfalt wahrnehmen, was der Beitrag der verschiedenen Sinne sein k\u00f6nnte und unter welchen Umst\u00e4nden die Wahrnehmung der biologischen Vielfalt der Biodiversit\u00e4t mit dem, was Ecologists messen, messen.\u201c<\/p>\n<p>Um zu verstehen, welche Indikatoren f\u00fcr die Artenvielfalt der Biodiversit\u00e4t wahrgenommen haben, baten die Forscher auch die Studienteilnehmer, die Bilder und Audioaufnahmen gem\u00e4\u00df allen ihnen aufgefallenen Kriterien zu sortieren.<\/p>\n<p>Visuell bemerkten die Menschen Vegetationsdichte, leichte Bedingungen oder Farbe. Akustisch bemerkten Menschen V\u00f6geleigenschaften, Volumen oder Emotionen, die der Audio hervorrief.<\/p>\n<p>&#8222;Wir erleben nicht nur ein Aussterben von Arten, sondern auch und aus dem Aussterben der Erlebnisse der Biodiverse.&#8220; sagte Kevin Rozario.<\/p>\n<p>\u201eWir empfehlen, verschiedene W\u00e4lder zu sparen und wiederherzustellen, die durch eine Vielzahl von Baumarten und -strukturen gekennzeichnet sind, um auch Lebensr\u00e4ume f\u00fcr verschiedene Vokalisierungsarten zu bieten. Diese Erhaltungsma\u00dfnahmen werden den doppelten Vorteil haben, die Erhaltungsziele zu erreichen und gleichzeitig die Erfahrung der Menschen mit der biologischen Vielfalt zu erh\u00f6hen und daher wahrscheinlich das geistige Wohlbefinden zu erh\u00f6hen.\u201c<\/p>\n<p>In jedem der beiden Sortierstudien wurden 48 Teilnehmer mit 57 Fotografien oder 16 Audioaufnahmen von Waldfl\u00e4chen in ganz Deutschland, Belgien und Polen mit unterschiedlichem biologischen Vielfalt pr\u00e4sentiert.<\/p>\n<p>Die tats\u00e4chliche biologische Vielfalt der W\u00e4lder in den Fotografien wurde anhand einer Kombination von vier h\u00e4ufig verwendeten Indikatoren f\u00fcr Waldvielfalt bewertet: Baumartenreichtum, Waldstrukturvielfalt, strukturelle Vielfalt und Unterschichth\u00e4ufigkeit. Die tats\u00e4chliche biologische Vielfalt in den Audiodateien wurde \u00fcber den Reichtum von Vogelarten gemessen.<\/p>\n<p>In der Studie baten die Forscher die Teilnehmer, die Bilder und Audioaufnahmen basierend auf allem zu sortieren, das ihnen beim Betrachten der Waldreize oder des Anh\u00f6rens von ihnen auf der Grundlage der wahrgenommenen visuellen bzw. akustischen Vielfalt sortierte.<\/p>\n<p>Die Forscher warnen davor, dass die F\u00e4higkeit der Menschen, die biologische Vielfalt genau wahrzunehmen, darauf abh\u00e4ngt, dass sie Umgebungen direkt mit unterschiedlichen Artenvielfaltniveaus vergleichen k\u00f6nnen. Sie weisen auf \u00e4hnliche Studien hin, die feststellten, dass die Teilnehmer die biologische Vielfalt nicht leicht wahrnehmen konnten, wenn sie gebeten wurden, ein Umfeld selbst zu bewerten.<\/p>\n<p>Die Forscher stellen au\u00dferdem fest, dass die Mehrheit ihrer Studienteilnehmer Universit\u00e4tsbilder waren und dass zuk\u00fcnftige Studien versuchen k\u00f6nnten, ihre Methoden mit repr\u00e4sentativeren Stichproben der allgemeinen Bev\u00f6lkerung zu replizieren.<\/p>\n<hr class=\"wp-block-separator has-alpha-channel-opacity\">\n<p><em>Fotokredit: hohe Artenvielfalt, Kevin Rozario<\/em><\/p>\n","protected":false},"excerpt":{"rendered":"<p>Die intuitive Wahrnehmung der biologischen Vielfalt durch die Menschen durch visuelle und Audio -Hinweise ist bemerkenswert genau und passt eng mit wissenschaftlichen Ma\u00dfnahmen der biologischen<\/p>\n","protected":false},"author":1,"featured_media":6143,"comment_status":"closed","ping_status":"","sticky":false,"template":"","format":"standard","meta":{"footnotes":""},"categories":[101],"tags":[8516,8514,9,794,8515,689,408,37,3023],"class_list":["post-6142","post","type-post","status-publish","format-standard","has-post-thumbnail","hentry","category-oekologie","tag-beurteilen","tag-biologische","tag-die","tag-genau","tag-klang","tag-koennen","tag-menschen","tag-und","tag-vielfalt","generate-columns","tablet-grid-50","mobile-grid-100","grid-parent","grid-50"],"yoast_head":"<!-- This site is optimized with the Yoast SEO plugin v27.3 - https:\/\/yoast.com\/product\/yoast-seo-wordpress\/ -->\n<title>Die Menschen k\u00f6nnen die biologische Vielfalt und Klang genau beurteilen - Nachrichten - Stra\u00dfenweb<\/title>\n<meta name=\"robots\" content=\"index, follow, max-snippet:-1, max-image-preview:large, max-video-preview:-1\" \/>\n<link rel=\"canonical\" href=\"https:\/\/www.strassenweb.de\/nachrichten\/die-menschen-koennen-die-biologische-vielfalt-und-klang-genau-beurteilen\/\" \/>\n<meta property=\"og:locale\" content=\"de_DE\" \/>\n<meta property=\"og:type\" content=\"article\" \/>\n<meta property=\"og:title\" content=\"Die Menschen k\u00f6nnen die biologische Vielfalt und Klang genau beurteilen - Nachrichten - Stra\u00dfenweb\" \/>\n<meta property=\"og:description\" content=\"Die intuitive Wahrnehmung der biologischen Vielfalt durch die Menschen durch visuelle und Audio -Hinweise ist bemerkenswert genau und passt eng mit wissenschaftlichen Ma\u00dfnahmen der biologischen\" \/>\n<meta property=\"og:url\" content=\"https:\/\/www.strassenweb.de\/nachrichten\/die-menschen-koennen-die-biologische-vielfalt-und-klang-genau-beurteilen\/\" \/>\n<meta property=\"og:site_name\" content=\"Stra\u00dfenweb\" \/>\n<meta property=\"article:publisher\" content=\"https:\/\/www.facebook.com\/strassenweb\/\" \/>\n<meta property=\"article:published_time\" content=\"2025-07-08T12:39:14+00:00\" \/>\n<meta property=\"og:image\" content=\"https:\/\/www.strassenweb.de\/nachrichten\/wp-content\/uploads\/2025\/07\/Die-Menschen-koennen-die-biologische-Vielfalt-und-Klang-genau-beurteilen.jpg\" \/>\n\t<meta property=\"og:image:width\" content=\"900\" \/>\n\t<meta property=\"og:image:height\" content=\"675\" \/>\n\t<meta property=\"og:image:type\" content=\"image\/jpeg\" \/>\n<meta name=\"author\" content=\"Robert Hoffmann\" \/>\n<meta name=\"twitter:card\" content=\"summary_large_image\" \/>\n<meta name=\"twitter:label1\" content=\"Verfasst von\" \/>\n\t<meta name=\"twitter:data1\" content=\"Robert Hoffmann\" \/>\n\t<meta name=\"twitter:label2\" content=\"Gesch\u00e4tzte Lesezeit\" \/>\n\t<meta name=\"twitter:data2\" content=\"3\u00a0Minuten\" \/>\n<script type=\"application\/ld+json\" class=\"yoast-schema-graph\">{\"@context\":\"https:\\\/\\\/schema.org\",\"@graph\":[{\"@type\":\"Article\",\"@id\":\"https:\\\/\\\/www.strassenweb.de\\\/nachrichten\\\/die-menschen-koennen-die-biologische-vielfalt-und-klang-genau-beurteilen\\\/#article\",\"isPartOf\":{\"@id\":\"https:\\\/\\\/www.strassenweb.de\\\/nachrichten\\\/die-menschen-koennen-die-biologische-vielfalt-und-klang-genau-beurteilen\\\/\"},\"author\":{\"name\":\"Robert Hoffmann\",\"@id\":\"https:\\\/\\\/www.strassenweb.de\\\/nachrichten\\\/#\\\/schema\\\/person\\\/87c9c9067f1211da429a744dc5a5aa41\"},\"headline\":\"Die Menschen k\u00f6nnen die biologische Vielfalt und Klang genau beurteilen\",\"datePublished\":\"2025-07-08T12:39:14+00:00\",\"mainEntityOfPage\":{\"@id\":\"https:\\\/\\\/www.strassenweb.de\\\/nachrichten\\\/die-menschen-koennen-die-biologische-vielfalt-und-klang-genau-beurteilen\\\/\"},\"wordCount\":579,\"publisher\":{\"@id\":\"https:\\\/\\\/www.strassenweb.de\\\/nachrichten\\\/#organization\"},\"image\":{\"@id\":\"https:\\\/\\\/www.strassenweb.de\\\/nachrichten\\\/die-menschen-koennen-die-biologische-vielfalt-und-klang-genau-beurteilen\\\/#primaryimage\"},\"thumbnailUrl\":\"https:\\\/\\\/www.strassenweb.de\\\/nachrichten\\\/wp-content\\\/uploads\\\/2025\\\/07\\\/Die-Menschen-koennen-die-biologische-Vielfalt-und-Klang-genau-beurteilen.jpg\",\"keywords\":[\"beurteilen\",\"biologische\",\"die\",\"genau\",\"Klang\",\"k\u00f6nnen\",\"Menschen\",\"und\",\"Vielfalt\"],\"articleSection\":[\"\u00d6kologie\"],\"inLanguage\":\"de\"},{\"@type\":\"WebPage\",\"@id\":\"https:\\\/\\\/www.strassenweb.de\\\/nachrichten\\\/die-menschen-koennen-die-biologische-vielfalt-und-klang-genau-beurteilen\\\/\",\"url\":\"https:\\\/\\\/www.strassenweb.de\\\/nachrichten\\\/die-menschen-koennen-die-biologische-vielfalt-und-klang-genau-beurteilen\\\/\",\"name\":\"Die Menschen k\u00f6nnen die biologische Vielfalt und Klang genau beurteilen - Nachrichten - Stra\u00dfenweb\",\"isPartOf\":{\"@id\":\"https:\\\/\\\/www.strassenweb.de\\\/nachrichten\\\/#website\"},\"primaryImageOfPage\":{\"@id\":\"https:\\\/\\\/www.strassenweb.de\\\/nachrichten\\\/die-menschen-koennen-die-biologische-vielfalt-und-klang-genau-beurteilen\\\/#primaryimage\"},\"image\":{\"@id\":\"https:\\\/\\\/www.strassenweb.de\\\/nachrichten\\\/die-menschen-koennen-die-biologische-vielfalt-und-klang-genau-beurteilen\\\/#primaryimage\"},\"thumbnailUrl\":\"https:\\\/\\\/www.strassenweb.de\\\/nachrichten\\\/wp-content\\\/uploads\\\/2025\\\/07\\\/Die-Menschen-koennen-die-biologische-Vielfalt-und-Klang-genau-beurteilen.jpg\",\"datePublished\":\"2025-07-08T12:39:14+00:00\",\"breadcrumb\":{\"@id\":\"https:\\\/\\\/www.strassenweb.de\\\/nachrichten\\\/die-menschen-koennen-die-biologische-vielfalt-und-klang-genau-beurteilen\\\/#breadcrumb\"},\"inLanguage\":\"de\",\"potentialAction\":[{\"@type\":\"ReadAction\",\"target\":[\"https:\\\/\\\/www.strassenweb.de\\\/nachrichten\\\/die-menschen-koennen-die-biologische-vielfalt-und-klang-genau-beurteilen\\\/\"]}]},{\"@type\":\"ImageObject\",\"inLanguage\":\"de\",\"@id\":\"https:\\\/\\\/www.strassenweb.de\\\/nachrichten\\\/die-menschen-koennen-die-biologische-vielfalt-und-klang-genau-beurteilen\\\/#primaryimage\",\"url\":\"https:\\\/\\\/www.strassenweb.de\\\/nachrichten\\\/wp-content\\\/uploads\\\/2025\\\/07\\\/Die-Menschen-koennen-die-biologische-Vielfalt-und-Klang-genau-beurteilen.jpg\",\"contentUrl\":\"https:\\\/\\\/www.strassenweb.de\\\/nachrichten\\\/wp-content\\\/uploads\\\/2025\\\/07\\\/Die-Menschen-koennen-die-biologische-Vielfalt-und-Klang-genau-beurteilen.jpg\",\"width\":900,\"height\":675,\"caption\":\"People can accurately judge biodiversity through sight and sound\"},{\"@type\":\"BreadcrumbList\",\"@id\":\"https:\\\/\\\/www.strassenweb.de\\\/nachrichten\\\/die-menschen-koennen-die-biologische-vielfalt-und-klang-genau-beurteilen\\\/#breadcrumb\",\"itemListElement\":[{\"@type\":\"ListItem\",\"position\":1,\"name\":\"Home\",\"item\":\"https:\\\/\\\/www.strassenweb.de\\\/nachrichten\\\/\"},{\"@type\":\"ListItem\",\"position\":2,\"name\":\"Die Menschen k\u00f6nnen die biologische Vielfalt und Klang genau beurteilen\"}]},{\"@type\":\"WebSite\",\"@id\":\"https:\\\/\\\/www.strassenweb.de\\\/nachrichten\\\/#website\",\"url\":\"https:\\\/\\\/www.strassenweb.de\\\/nachrichten\\\/\",\"name\":\"Stra\u00dfenweb\",\"description\":\"Stra\u00dfenverzeichnis f\u00fcr Deutschland\",\"publisher\":{\"@id\":\"https:\\\/\\\/www.strassenweb.de\\\/nachrichten\\\/#organization\"},\"potentialAction\":[{\"@type\":\"SearchAction\",\"target\":{\"@type\":\"EntryPoint\",\"urlTemplate\":\"https:\\\/\\\/www.strassenweb.de\\\/nachrichten\\\/?s={search_term_string}\"},\"query-input\":{\"@type\":\"PropertyValueSpecification\",\"valueRequired\":true,\"valueName\":\"search_term_string\"}}],\"inLanguage\":\"de\"},{\"@type\":\"Organization\",\"@id\":\"https:\\\/\\\/www.strassenweb.de\\\/nachrichten\\\/#organization\",\"name\":\"Stra\u00dfenweb\",\"url\":\"https:\\\/\\\/www.strassenweb.de\\\/nachrichten\\\/\",\"logo\":{\"@type\":\"ImageObject\",\"inLanguage\":\"de\",\"@id\":\"https:\\\/\\\/www.strassenweb.de\\\/nachrichten\\\/#\\\/schema\\\/logo\\\/image\\\/\",\"url\":\"https:\\\/\\\/www.strassenweb.de\\\/nachrichten\\\/wp-content\\\/uploads\\\/2024\\\/09\\\/cropped-favicon.png\",\"contentUrl\":\"https:\\\/\\\/www.strassenweb.de\\\/nachrichten\\\/wp-content\\\/uploads\\\/2024\\\/09\\\/cropped-favicon.png\",\"width\":512,\"height\":512,\"caption\":\"Stra\u00dfenweb\"},\"image\":{\"@id\":\"https:\\\/\\\/www.strassenweb.de\\\/nachrichten\\\/#\\\/schema\\\/logo\\\/image\\\/\"},\"sameAs\":[\"https:\\\/\\\/www.facebook.com\\\/strassenweb\\\/\"]},{\"@type\":\"Person\",\"@id\":\"https:\\\/\\\/www.strassenweb.de\\\/nachrichten\\\/#\\\/schema\\\/person\\\/87c9c9067f1211da429a744dc5a5aa41\",\"name\":\"Robert Hoffmann\",\"image\":{\"@type\":\"ImageObject\",\"inLanguage\":\"de\",\"@id\":\"https:\\\/\\\/www.strassenweb.de\\\/nachrichten\\\/wp-content\\\/uploads\\\/2024\\\/09\\\/strassenweb-150x150.jpg\",\"url\":\"https:\\\/\\\/www.strassenweb.de\\\/nachrichten\\\/wp-content\\\/uploads\\\/2024\\\/09\\\/strassenweb-150x150.jpg\",\"contentUrl\":\"https:\\\/\\\/www.strassenweb.de\\\/nachrichten\\\/wp-content\\\/uploads\\\/2024\\\/09\\\/strassenweb-150x150.jpg\",\"caption\":\"Robert Hoffmann\"},\"description\":\"Ich hei\u00dfe Robert Hoffmann und ich bin ein leidenschaftlicher Verfechter von \u00d6kologie und Biodiversit\u00e4t. Seit meiner Kindheit in den W\u00e4ldern Bayerns f\u00fchle ich mich mit der Natur verbunden und bin entschlossen, sie zu sch\u00fctzen. Heute widme ich mein Leben der Sensibilisierung anderer f\u00fcr die Bedeutung des Umweltschutzes f\u00fcr zuk\u00fcnftige Generationen.\",\"sameAs\":[\"https:\\\/\\\/www.strassenweb.de\\\/\"]}]}<\/script>\n<!-- \/ Yoast SEO plugin. -->","yoast_head_json":{"title":"Die Menschen k\u00f6nnen die biologische Vielfalt und Klang genau beurteilen - Nachrichten - Stra\u00dfenweb","robots":{"index":"index","follow":"follow","max-snippet":"max-snippet:-1","max-image-preview":"max-image-preview:large","max-video-preview":"max-video-preview:-1"},"canonical":"https:\/\/www.strassenweb.de\/nachrichten\/die-menschen-koennen-die-biologische-vielfalt-und-klang-genau-beurteilen\/","og_locale":"de_DE","og_type":"article","og_title":"Die Menschen k\u00f6nnen die biologische Vielfalt und Klang genau beurteilen - Nachrichten - Stra\u00dfenweb","og_description":"Die intuitive Wahrnehmung der biologischen Vielfalt durch die Menschen durch visuelle und Audio -Hinweise ist bemerkenswert genau und passt eng mit wissenschaftlichen Ma\u00dfnahmen der biologischen","og_url":"https:\/\/www.strassenweb.de\/nachrichten\/die-menschen-koennen-die-biologische-vielfalt-und-klang-genau-beurteilen\/","og_site_name":"Stra\u00dfenweb","article_publisher":"https:\/\/www.facebook.com\/strassenweb\/","article_published_time":"2025-07-08T12:39:14+00:00","og_image":[{"width":900,"height":675,"url":"https:\/\/www.strassenweb.de\/nachrichten\/wp-content\/uploads\/2025\/07\/Die-Menschen-koennen-die-biologische-Vielfalt-und-Klang-genau-beurteilen.jpg","type":"image\/jpeg"}],"author":"Robert Hoffmann","twitter_card":"summary_large_image","twitter_misc":{"Verfasst von":"Robert Hoffmann","Gesch\u00e4tzte Lesezeit":"3\u00a0Minuten"},"schema":{"@context":"https:\/\/schema.org","@graph":[{"@type":"Article","@id":"https:\/\/www.strassenweb.de\/nachrichten\/die-menschen-koennen-die-biologische-vielfalt-und-klang-genau-beurteilen\/#article","isPartOf":{"@id":"https:\/\/www.strassenweb.de\/nachrichten\/die-menschen-koennen-die-biologische-vielfalt-und-klang-genau-beurteilen\/"},"author":{"name":"Robert Hoffmann","@id":"https:\/\/www.strassenweb.de\/nachrichten\/#\/schema\/person\/87c9c9067f1211da429a744dc5a5aa41"},"headline":"Die Menschen k\u00f6nnen die biologische Vielfalt und Klang genau beurteilen","datePublished":"2025-07-08T12:39:14+00:00","mainEntityOfPage":{"@id":"https:\/\/www.strassenweb.de\/nachrichten\/die-menschen-koennen-die-biologische-vielfalt-und-klang-genau-beurteilen\/"},"wordCount":579,"publisher":{"@id":"https:\/\/www.strassenweb.de\/nachrichten\/#organization"},"image":{"@id":"https:\/\/www.strassenweb.de\/nachrichten\/die-menschen-koennen-die-biologische-vielfalt-und-klang-genau-beurteilen\/#primaryimage"},"thumbnailUrl":"https:\/\/www.strassenweb.de\/nachrichten\/wp-content\/uploads\/2025\/07\/Die-Menschen-koennen-die-biologische-Vielfalt-und-Klang-genau-beurteilen.jpg","keywords":["beurteilen","biologische","die","genau","Klang","k\u00f6nnen","Menschen","und","Vielfalt"],"articleSection":["\u00d6kologie"],"inLanguage":"de"},{"@type":"WebPage","@id":"https:\/\/www.strassenweb.de\/nachrichten\/die-menschen-koennen-die-biologische-vielfalt-und-klang-genau-beurteilen\/","url":"https:\/\/www.strassenweb.de\/nachrichten\/die-menschen-koennen-die-biologische-vielfalt-und-klang-genau-beurteilen\/","name":"Die Menschen k\u00f6nnen die biologische Vielfalt und Klang genau beurteilen - Nachrichten - Stra\u00dfenweb","isPartOf":{"@id":"https:\/\/www.strassenweb.de\/nachrichten\/#website"},"primaryImageOfPage":{"@id":"https:\/\/www.strassenweb.de\/nachrichten\/die-menschen-koennen-die-biologische-vielfalt-und-klang-genau-beurteilen\/#primaryimage"},"image":{"@id":"https:\/\/www.strassenweb.de\/nachrichten\/die-menschen-koennen-die-biologische-vielfalt-und-klang-genau-beurteilen\/#primaryimage"},"thumbnailUrl":"https:\/\/www.strassenweb.de\/nachrichten\/wp-content\/uploads\/2025\/07\/Die-Menschen-koennen-die-biologische-Vielfalt-und-Klang-genau-beurteilen.jpg","datePublished":"2025-07-08T12:39:14+00:00","breadcrumb":{"@id":"https:\/\/www.strassenweb.de\/nachrichten\/die-menschen-koennen-die-biologische-vielfalt-und-klang-genau-beurteilen\/#breadcrumb"},"inLanguage":"de","potentialAction":[{"@type":"ReadAction","target":["https:\/\/www.strassenweb.de\/nachrichten\/die-menschen-koennen-die-biologische-vielfalt-und-klang-genau-beurteilen\/"]}]},{"@type":"ImageObject","inLanguage":"de","@id":"https:\/\/www.strassenweb.de\/nachrichten\/die-menschen-koennen-die-biologische-vielfalt-und-klang-genau-beurteilen\/#primaryimage","url":"https:\/\/www.strassenweb.de\/nachrichten\/wp-content\/uploads\/2025\/07\/Die-Menschen-koennen-die-biologische-Vielfalt-und-Klang-genau-beurteilen.jpg","contentUrl":"https:\/\/www.strassenweb.de\/nachrichten\/wp-content\/uploads\/2025\/07\/Die-Menschen-koennen-die-biologische-Vielfalt-und-Klang-genau-beurteilen.jpg","width":900,"height":675,"caption":"People can accurately judge biodiversity through sight and sound"},{"@type":"BreadcrumbList","@id":"https:\/\/www.strassenweb.de\/nachrichten\/die-menschen-koennen-die-biologische-vielfalt-und-klang-genau-beurteilen\/#breadcrumb","itemListElement":[{"@type":"ListItem","position":1,"name":"Home","item":"https:\/\/www.strassenweb.de\/nachrichten\/"},{"@type":"ListItem","position":2,"name":"Die Menschen k\u00f6nnen die biologische Vielfalt und Klang genau beurteilen"}]},{"@type":"WebSite","@id":"https:\/\/www.strassenweb.de\/nachrichten\/#website","url":"https:\/\/www.strassenweb.de\/nachrichten\/","name":"Stra\u00dfenweb","description":"Stra\u00dfenverzeichnis f\u00fcr Deutschland","publisher":{"@id":"https:\/\/www.strassenweb.de\/nachrichten\/#organization"},"potentialAction":[{"@type":"SearchAction","target":{"@type":"EntryPoint","urlTemplate":"https:\/\/www.strassenweb.de\/nachrichten\/?s={search_term_string}"},"query-input":{"@type":"PropertyValueSpecification","valueRequired":true,"valueName":"search_term_string"}}],"inLanguage":"de"},{"@type":"Organization","@id":"https:\/\/www.strassenweb.de\/nachrichten\/#organization","name":"Stra\u00dfenweb","url":"https:\/\/www.strassenweb.de\/nachrichten\/","logo":{"@type":"ImageObject","inLanguage":"de","@id":"https:\/\/www.strassenweb.de\/nachrichten\/#\/schema\/logo\/image\/","url":"https:\/\/www.strassenweb.de\/nachrichten\/wp-content\/uploads\/2024\/09\/cropped-favicon.png","contentUrl":"https:\/\/www.strassenweb.de\/nachrichten\/wp-content\/uploads\/2024\/09\/cropped-favicon.png","width":512,"height":512,"caption":"Stra\u00dfenweb"},"image":{"@id":"https:\/\/www.strassenweb.de\/nachrichten\/#\/schema\/logo\/image\/"},"sameAs":["https:\/\/www.facebook.com\/strassenweb\/"]},{"@type":"Person","@id":"https:\/\/www.strassenweb.de\/nachrichten\/#\/schema\/person\/87c9c9067f1211da429a744dc5a5aa41","name":"Robert Hoffmann","image":{"@type":"ImageObject","inLanguage":"de","@id":"https:\/\/www.strassenweb.de\/nachrichten\/wp-content\/uploads\/2024\/09\/strassenweb-150x150.jpg","url":"https:\/\/www.strassenweb.de\/nachrichten\/wp-content\/uploads\/2024\/09\/strassenweb-150x150.jpg","contentUrl":"https:\/\/www.strassenweb.de\/nachrichten\/wp-content\/uploads\/2024\/09\/strassenweb-150x150.jpg","caption":"Robert Hoffmann"},"description":"Ich hei\u00dfe Robert Hoffmann und ich bin ein leidenschaftlicher Verfechter von \u00d6kologie und Biodiversit\u00e4t. Seit meiner Kindheit in den W\u00e4ldern Bayerns f\u00fchle ich mich mit der Natur verbunden und bin entschlossen, sie zu sch\u00fctzen. Heute widme ich mein Leben der Sensibilisierung anderer f\u00fcr die Bedeutung des Umweltschutzes f\u00fcr zuk\u00fcnftige Generationen.","sameAs":["https:\/\/www.strassenweb.de\/"]}]}},"_links":{"self":[{"href":"https:\/\/www.strassenweb.de\/nachrichten\/wp-json\/wp\/v2\/posts\/6142","targetHints":{"allow":["GET"]}}],"collection":[{"href":"https:\/\/www.strassenweb.de\/nachrichten\/wp-json\/wp\/v2\/posts"}],"about":[{"href":"https:\/\/www.strassenweb.de\/nachrichten\/wp-json\/wp\/v2\/types\/post"}],"author":[{"embeddable":true,"href":"https:\/\/www.strassenweb.de\/nachrichten\/wp-json\/wp\/v2\/users\/1"}],"replies":[{"embeddable":true,"href":"https:\/\/www.strassenweb.de\/nachrichten\/wp-json\/wp\/v2\/comments?post=6142"}],"version-history":[{"count":0,"href":"https:\/\/www.strassenweb.de\/nachrichten\/wp-json\/wp\/v2\/posts\/6142\/revisions"}],"wp:featuredmedia":[{"embeddable":true,"href":"https:\/\/www.strassenweb.de\/nachrichten\/wp-json\/wp\/v2\/media\/6143"}],"wp:attachment":[{"href":"https:\/\/www.strassenweb.de\/nachrichten\/wp-json\/wp\/v2\/media?parent=6142"}],"wp:term":[{"taxonomy":"category","embeddable":true,"href":"https:\/\/www.strassenweb.de\/nachrichten\/wp-json\/wp\/v2\/categories?post=6142"},{"taxonomy":"post_tag","embeddable":true,"href":"https:\/\/www.strassenweb.de\/nachrichten\/wp-json\/wp\/v2\/tags?post=6142"}],"curies":[{"name":"wp","href":"https:\/\/api.w.org\/{rel}","templated":true}]}}