{"id":6130,"date":"2025-07-08T01:40:25","date_gmt":"2025-07-07T23:40:25","guid":{"rendered":"https:\/\/www.strassenweb.de\/nachrichten\/ich-musste-meiner-winzigen-kueche-schnell-zusaetzlichen-aufbewahrungsaufbewahrung-hinzufuegen-ich-wollte-gerade-1000-us\/"},"modified":"2025-07-08T01:40:26","modified_gmt":"2025-07-07T23:40:26","slug":"ich-musste-meiner-winzigen-kueche-schnell-zusaetzlichen-aufbewahrungsaufbewahrung-hinzufuegen-ich-wollte-gerade-1000-us","status":"publish","type":"post","link":"https:\/\/www.strassenweb.de\/nachrichten\/ich-musste-meiner-winzigen-kueche-schnell-zusaetzlichen-aufbewahrungsaufbewahrung-hinzufuegen-ich-wollte-gerade-1000-us\/","title":{"rendered":"Ich musste meiner winzigen K\u00fcche schnell zus\u00e4tzlichen Aufbewahrungsaufbewahrung hinzuf\u00fcgen &#8211; ich wollte gerade 1000 US"},"content":{"rendered":"<div id=\"article-body\" class=\"article__body \">\n<p>Ich liebe meine winzige K\u00fcche und das meine ich wirklich. Es funktioniert im Moment perfekt f\u00fcr mich und ist Teil eines offenen Raums, der ideal f\u00fcr diesen Gastgeber ist, der w\u00e4hrend des Kochens nie die Geselligkeit verpassen m\u00f6chte. Es gibt jedoch eine Sache, die ich verbessern m\u00f6chte, und das dr\u00fcckt in mehr Wandspeicher.<\/p>\n<div id=\"ad-unit-1\" class=\"ad-unit\"><\/div>\n<p>Der Ort, den ich geplant habe, ist kein riesiger Wandraum, daher sind gro\u00dfe Regale keine Option, ich brauche etwas Schickes und Kompaktes, das ich wie eine Mini -Speisekammer verwenden kann &#8211; ich m\u00f6chte, dass diese K\u00fcchenaufbewahrung h\u00fcbsch aussieht, aber auch praktisch funktioniert. Ich bekam Zitate f\u00fcr etwas ma\u00dfgeschneidertes und eingebautes, und was ich zur\u00fcckbekommen habe, war meistens in den Tausenden. Also begann ich mit der Suche nach einem Nicht-Demo, erschwinglicheren Versionen, die meiner kleinen K\u00fcche zus\u00e4tzliche Aufbewahrung verleihen w\u00fcrden.<\/p>\n<p>Ich fand alles, was ich suchte, bei unerwartet affnigen Preisen bei Joanna Gaines &#8218;Magnolia.<\/p>\n<div class=\"van_vid_carousel\">\n<div class=\"van_vid_carousel__padding\">\n<div class=\"van_vid_carousel__container\"><\/div>\n<\/div>\n<\/div>\n<aside data-component-name=\"Recirculation:ArticleRiver\" data-nosnippet class=\"pt-3 pb-4 mb-4 border-b border-solid border-(#333)\">\n<span class=\"\nafter:content-('') after:flex-1 after:ml-4 after:my-(0.7rem) after:border-t-(#333) after:border-t after:border-solid\nbefore:content-('') before:flex-1 before:mr-4 before:my-(0.7rem) before:border-t-(#333) before:border-t before:border-solid\nfont-article-heading pb-3 !text-base font-bold uppercase sm:text-sm text-(#333) flex\"><\/p>\n<p>Sie m\u00f6gen m\u00f6gen<br \/>\n<\/span><\/p>\n<ul class=\"flex flex-col gap-3 m-0\">\n<li class=\"m-0 list-none\" name=\"recirculation-inline\" data-analytics-id=\"recirculation-inline-1\" analytics-label=\"adviser:related\">\n<picture data-new-v2-image=\"true\" class=\"w-(--article-river-thumbnail-width,60px) flex-shrink-0\"><source type=\"image\/webp\"  ><\/source><\/p>\n<\/picture>\n<span class=\"hover:text-inherit font-article-heading text-base text-(#333) leading-5 content-center\">Ich kann keine K\u00fcche haben, die so schick ist wie Brooke Shields &#8218;, aber ich kann ihre intelligente Speichermethode stehlen &#8211; mit Raum, von dem ich nie wusste, dass ich es hatte<\/span><\/p>\n<\/li>\n<li class=\"m-0 list-none\" name=\"recirculation-inline\" data-analytics-id=\"recirculation-inline-2\" analytics-label=\"adviser:related\">\n<picture data-new-v2-image=\"true\" class=\"w-(--article-river-thumbnail-width,60px) flex-shrink-0\"><source type=\"image\/webp\"  ><\/source><br \/>\n<img decoding=\"async\" alt=\"Gwyneth Paltrow im schwarzen Rollkragenpullover auf wei\u00dfem Hintergrund\"   loading=\"lazy\" data-new-v2-image=\"true\" src=\"https:\/\/www.strassenweb.de\/nachrichten\/wp-content\/uploads\/2025\/03\/BfLakKVnsnse2WJqaPre9D.jpg\" data-pin-media=\"https:\/\/www.strassenweb.de\/nachrichten\/wp-content\/uploads\/2025\/03\/BfLakKVnsnse2WJqaPre9D.jpg\" data-pin-nopin=\"true\" class=\"aspect-(--img-listing-aspect-ratio,16\/9) object-cover w-(--article-river-thumbnail-width,60px) flex-shrink-0\">\n<\/picture>\n<span class=\"hover:text-inherit font-article-heading text-base text-(#333) leading-5 content-center\">Gwyneth Paltrows ruhige Luxusk\u00fcche ist so sch\u00f6n, dass wir ihre ultra-schlauen Schr\u00e4nke fast \u00fcbersehen haben-sie nutzen &#8222;jeden Zentimeter&#8220; Stauraum<\/span><\/p>\n<\/li>\n<\/ul>\n<\/aside>\n<figure class=\"van-image-figure inline-layout \" data-bordeaux-image-check>\n<div class=\"image-full-width-wrapper\">\n<div class=\"image-widthsetter\" style=\"max-width:2000px;\"><\/div>\n<\/div>\n<\/figure>\n<p>Der Brief war festes Holz, nichts Riesiges, Wandmontierbares und Platz f\u00fcr Lagerung und Dekor &#8211; ein einzelner Schrank, der nicht mehr als ein paar hundert Dollar gekostet hat. Und Magnolias Site ist voll von Teilen, die all diese K\u00e4stchen ankreuzen, und auch f\u00fcr \u00fcberraschend vern\u00fcnftige Preise.<\/p>\n<div id=\"ad-unit-2\" class=\"ad-unit\"><\/div>\n<aside data-block-type=\"embed\" data-render-type=\"fte\" data-skip=\"dealsy\" data-widget-type=\"seasonal\" class=\"hawk-base\"><\/aside>\n<p>Im Moment l\u00e4uft ein Sommerverkauf auf der Website und macht diese Qualit\u00e4tsst\u00fccke noch mehr zu einem Schn\u00e4ppchen, wobei die Preise von nur 95 US <em>Fraktion <\/em>vom Preis f\u00fcr sehr \u00e4hnliche ma\u00dfgeschneiderte Designs wurde ich zitiert.<\/p>\n<div class=\"product-container hero-product-container product-block-no-wrap\">\n<div class=\"product-block-row\"><\/div>\n<div class=\"product-block-row\"><\/div>\n<div class=\"product-block-row\"><\/div>\n<div class=\"product-block-row\"><\/div>\n<div class=\"product-block-row\"><\/div>\n<div class=\"product-block-row\"><\/div>\n<\/div>\n<hr>\n<p>Und diese St\u00fccke funktionieren nicht nur in K\u00fcchen. Sie sind eine einfache, schnelle und erschwingliche M\u00f6glichkeit, jedem Raum zus\u00e4tzliche Aufbewahrung zu verleihen, obwohl ich mir vorstellen kann, dass sie ideal sind als Badezimmerlager. Auch im Magnolia Sale gibt es noch viel mehr Schn\u00e4ppchen, egal in welchem \u200b\u200bRaum Sie sich konzentrieren, es gibt bis zu 60% Rabatt in allen Abteilungen.<\/p>\n<\/div>\n","protected":false},"excerpt":{"rendered":"<p>Ich liebe meine winzige K\u00fcche und das meine ich wirklich. Es funktioniert im Moment perfekt f\u00fcr mich und ist Teil eines offenen Raums, der ideal<\/p>\n","protected":false},"author":1,"featured_media":6131,"comment_status":"closed","ping_status":"","sticky":false,"template":"","format":"standard","meta":{"footnotes":""},"categories":[118],"tags":[8499,495,786,129,468,1666,2115,1793,1531,6857,1197],"class_list":["post-6130","post","type-post","status-publish","format-standard","has-post-thumbnail","hentry","category-haus-garten","tag-aufbewahrungsaufbewahrung","tag-gerade","tag-hinzufuegen","tag-ich","tag-kueche","tag-meiner","tag-musste","tag-schnell","tag-winzigen","tag-wollte","tag-zusaetzlichen","generate-columns","tablet-grid-50","mobile-grid-100","grid-parent","grid-50"],"yoast_head":"<!-- This site is optimized with the Yoast SEO plugin v27.3 - https:\/\/yoast.com\/product\/yoast-seo-wordpress\/ -->\n<title>Ich musste meiner winzigen K\u00fcche schnell zus\u00e4tzlichen Aufbewahrungsaufbewahrung hinzuf\u00fcgen - ich wollte gerade 1000 US - Nachrichten - Stra\u00dfenweb<\/title>\n<meta name=\"robots\" content=\"index, follow, max-snippet:-1, max-image-preview:large, max-video-preview:-1\" \/>\n<link rel=\"canonical\" href=\"https:\/\/www.strassenweb.de\/nachrichten\/ich-musste-meiner-winzigen-kueche-schnell-zusaetzlichen-aufbewahrungsaufbewahrung-hinzufuegen-ich-wollte-gerade-1000-us\/\" \/>\n<meta property=\"og:locale\" content=\"de_DE\" \/>\n<meta property=\"og:type\" content=\"article\" \/>\n<meta property=\"og:title\" content=\"Ich musste meiner winzigen K\u00fcche schnell zus\u00e4tzlichen Aufbewahrungsaufbewahrung hinzuf\u00fcgen - ich wollte gerade 1000 US - Nachrichten - Stra\u00dfenweb\" \/>\n<meta property=\"og:description\" content=\"Ich liebe meine winzige K\u00fcche und das meine ich wirklich. Es funktioniert im Moment perfekt f\u00fcr mich und ist Teil eines offenen Raums, der ideal\" \/>\n<meta property=\"og:url\" content=\"https:\/\/www.strassenweb.de\/nachrichten\/ich-musste-meiner-winzigen-kueche-schnell-zusaetzlichen-aufbewahrungsaufbewahrung-hinzufuegen-ich-wollte-gerade-1000-us\/\" \/>\n<meta property=\"og:site_name\" content=\"Stra\u00dfenweb\" \/>\n<meta property=\"article:publisher\" content=\"https:\/\/www.facebook.com\/strassenweb\/\" \/>\n<meta property=\"article:published_time\" content=\"2025-07-07T23:40:25+00:00\" \/>\n<meta property=\"article:modified_time\" content=\"2025-07-07T23:40:26+00:00\" \/>\n<meta property=\"og:image\" content=\"https:\/\/www.strassenweb.de\/nachrichten\/wp-content\/uploads\/2025\/07\/Ich-musste-meiner-winzigen-Kueche-schnell-zusaetzlichen-Aufbewahrungsaufbewahrung-hinzufuegen.jpg\" \/>\n\t<meta property=\"og:image:width\" content=\"1600\" \/>\n\t<meta property=\"og:image:height\" content=\"900\" \/>\n\t<meta property=\"og:image:type\" content=\"image\/jpeg\" \/>\n<meta name=\"author\" content=\"Robert Hoffmann\" \/>\n<meta name=\"twitter:card\" content=\"summary_large_image\" \/>\n<meta name=\"twitter:label1\" content=\"Verfasst von\" \/>\n\t<meta name=\"twitter:data1\" content=\"Robert Hoffmann\" \/>\n\t<meta name=\"twitter:label2\" content=\"Gesch\u00e4tzte Lesezeit\" \/>\n\t<meta name=\"twitter:data2\" content=\"2\u00a0Minuten\" \/>\n<script type=\"application\/ld+json\" class=\"yoast-schema-graph\">{\"@context\":\"https:\\\/\\\/schema.org\",\"@graph\":[{\"@type\":\"Article\",\"@id\":\"https:\\\/\\\/www.strassenweb.de\\\/nachrichten\\\/ich-musste-meiner-winzigen-kueche-schnell-zusaetzlichen-aufbewahrungsaufbewahrung-hinzufuegen-ich-wollte-gerade-1000-us\\\/#article\",\"isPartOf\":{\"@id\":\"https:\\\/\\\/www.strassenweb.de\\\/nachrichten\\\/ich-musste-meiner-winzigen-kueche-schnell-zusaetzlichen-aufbewahrungsaufbewahrung-hinzufuegen-ich-wollte-gerade-1000-us\\\/\"},\"author\":{\"name\":\"Robert Hoffmann\",\"@id\":\"https:\\\/\\\/www.strassenweb.de\\\/nachrichten\\\/#\\\/schema\\\/person\\\/87c9c9067f1211da429a744dc5a5aa41\"},\"headline\":\"Ich musste meiner winzigen K\u00fcche schnell zus\u00e4tzlichen Aufbewahrungsaufbewahrung hinzuf\u00fcgen &#8211; ich wollte gerade 1000 US\",\"datePublished\":\"2025-07-07T23:40:25+00:00\",\"dateModified\":\"2025-07-07T23:40:26+00:00\",\"mainEntityOfPage\":{\"@id\":\"https:\\\/\\\/www.strassenweb.de\\\/nachrichten\\\/ich-musste-meiner-winzigen-kueche-schnell-zusaetzlichen-aufbewahrungsaufbewahrung-hinzufuegen-ich-wollte-gerade-1000-us\\\/\"},\"wordCount\":392,\"publisher\":{\"@id\":\"https:\\\/\\\/www.strassenweb.de\\\/nachrichten\\\/#organization\"},\"image\":{\"@id\":\"https:\\\/\\\/www.strassenweb.de\\\/nachrichten\\\/ich-musste-meiner-winzigen-kueche-schnell-zusaetzlichen-aufbewahrungsaufbewahrung-hinzufuegen-ich-wollte-gerade-1000-us\\\/#primaryimage\"},\"thumbnailUrl\":\"https:\\\/\\\/www.strassenweb.de\\\/nachrichten\\\/wp-content\\\/uploads\\\/2025\\\/07\\\/Ich-musste-meiner-winzigen-Kueche-schnell-zusaetzlichen-Aufbewahrungsaufbewahrung-hinzufuegen.jpg\",\"keywords\":[\"Aufbewahrungsaufbewahrung\",\"gerade\",\"Hinzuf\u00fcgen\",\"ich\",\"K\u00fcche\",\"meiner\",\"musste\",\"schnell\",\"winzigen\",\"wollte\",\"zus\u00e4tzlichen\"],\"articleSection\":[\"Haus &amp; Garten\"],\"inLanguage\":\"de\"},{\"@type\":\"WebPage\",\"@id\":\"https:\\\/\\\/www.strassenweb.de\\\/nachrichten\\\/ich-musste-meiner-winzigen-kueche-schnell-zusaetzlichen-aufbewahrungsaufbewahrung-hinzufuegen-ich-wollte-gerade-1000-us\\\/\",\"url\":\"https:\\\/\\\/www.strassenweb.de\\\/nachrichten\\\/ich-musste-meiner-winzigen-kueche-schnell-zusaetzlichen-aufbewahrungsaufbewahrung-hinzufuegen-ich-wollte-gerade-1000-us\\\/\",\"name\":\"Ich musste meiner winzigen K\u00fcche schnell zus\u00e4tzlichen Aufbewahrungsaufbewahrung hinzuf\u00fcgen - ich wollte gerade 1000 US - Nachrichten - Stra\u00dfenweb\",\"isPartOf\":{\"@id\":\"https:\\\/\\\/www.strassenweb.de\\\/nachrichten\\\/#website\"},\"primaryImageOfPage\":{\"@id\":\"https:\\\/\\\/www.strassenweb.de\\\/nachrichten\\\/ich-musste-meiner-winzigen-kueche-schnell-zusaetzlichen-aufbewahrungsaufbewahrung-hinzufuegen-ich-wollte-gerade-1000-us\\\/#primaryimage\"},\"image\":{\"@id\":\"https:\\\/\\\/www.strassenweb.de\\\/nachrichten\\\/ich-musste-meiner-winzigen-kueche-schnell-zusaetzlichen-aufbewahrungsaufbewahrung-hinzufuegen-ich-wollte-gerade-1000-us\\\/#primaryimage\"},\"thumbnailUrl\":\"https:\\\/\\\/www.strassenweb.de\\\/nachrichten\\\/wp-content\\\/uploads\\\/2025\\\/07\\\/Ich-musste-meiner-winzigen-Kueche-schnell-zusaetzlichen-Aufbewahrungsaufbewahrung-hinzufuegen.jpg\",\"datePublished\":\"2025-07-07T23:40:25+00:00\",\"dateModified\":\"2025-07-07T23:40:26+00:00\",\"breadcrumb\":{\"@id\":\"https:\\\/\\\/www.strassenweb.de\\\/nachrichten\\\/ich-musste-meiner-winzigen-kueche-schnell-zusaetzlichen-aufbewahrungsaufbewahrung-hinzufuegen-ich-wollte-gerade-1000-us\\\/#breadcrumb\"},\"inLanguage\":\"de\",\"potentialAction\":[{\"@type\":\"ReadAction\",\"target\":[\"https:\\\/\\\/www.strassenweb.de\\\/nachrichten\\\/ich-musste-meiner-winzigen-kueche-schnell-zusaetzlichen-aufbewahrungsaufbewahrung-hinzufuegen-ich-wollte-gerade-1000-us\\\/\"]}]},{\"@type\":\"ImageObject\",\"inLanguage\":\"de\",\"@id\":\"https:\\\/\\\/www.strassenweb.de\\\/nachrichten\\\/ich-musste-meiner-winzigen-kueche-schnell-zusaetzlichen-aufbewahrungsaufbewahrung-hinzufuegen-ich-wollte-gerade-1000-us\\\/#primaryimage\",\"url\":\"https:\\\/\\\/www.strassenweb.de\\\/nachrichten\\\/wp-content\\\/uploads\\\/2025\\\/07\\\/Ich-musste-meiner-winzigen-Kueche-schnell-zusaetzlichen-Aufbewahrungsaufbewahrung-hinzufuegen.jpg\",\"contentUrl\":\"https:\\\/\\\/www.strassenweb.de\\\/nachrichten\\\/wp-content\\\/uploads\\\/2025\\\/07\\\/Ich-musste-meiner-winzigen-Kueche-schnell-zusaetzlichen-Aufbewahrungsaufbewahrung-hinzufuegen.jpg\",\"width\":1600,\"height\":900,\"caption\":\"Dark green pantry with wall storage with different size jars and a freestanding island with a marble top\"},{\"@type\":\"BreadcrumbList\",\"@id\":\"https:\\\/\\\/www.strassenweb.de\\\/nachrichten\\\/ich-musste-meiner-winzigen-kueche-schnell-zusaetzlichen-aufbewahrungsaufbewahrung-hinzufuegen-ich-wollte-gerade-1000-us\\\/#breadcrumb\",\"itemListElement\":[{\"@type\":\"ListItem\",\"position\":1,\"name\":\"Home\",\"item\":\"https:\\\/\\\/www.strassenweb.de\\\/nachrichten\\\/\"},{\"@type\":\"ListItem\",\"position\":2,\"name\":\"Ich musste meiner winzigen K\u00fcche schnell zus\u00e4tzlichen Aufbewahrungsaufbewahrung hinzuf\u00fcgen &#8211; ich wollte gerade 1000 US\"}]},{\"@type\":\"WebSite\",\"@id\":\"https:\\\/\\\/www.strassenweb.de\\\/nachrichten\\\/#website\",\"url\":\"https:\\\/\\\/www.strassenweb.de\\\/nachrichten\\\/\",\"name\":\"Stra\u00dfenweb\",\"description\":\"Stra\u00dfenverzeichnis f\u00fcr Deutschland\",\"publisher\":{\"@id\":\"https:\\\/\\\/www.strassenweb.de\\\/nachrichten\\\/#organization\"},\"potentialAction\":[{\"@type\":\"SearchAction\",\"target\":{\"@type\":\"EntryPoint\",\"urlTemplate\":\"https:\\\/\\\/www.strassenweb.de\\\/nachrichten\\\/?s={search_term_string}\"},\"query-input\":{\"@type\":\"PropertyValueSpecification\",\"valueRequired\":true,\"valueName\":\"search_term_string\"}}],\"inLanguage\":\"de\"},{\"@type\":\"Organization\",\"@id\":\"https:\\\/\\\/www.strassenweb.de\\\/nachrichten\\\/#organization\",\"name\":\"Stra\u00dfenweb\",\"url\":\"https:\\\/\\\/www.strassenweb.de\\\/nachrichten\\\/\",\"logo\":{\"@type\":\"ImageObject\",\"inLanguage\":\"de\",\"@id\":\"https:\\\/\\\/www.strassenweb.de\\\/nachrichten\\\/#\\\/schema\\\/logo\\\/image\\\/\",\"url\":\"https:\\\/\\\/www.strassenweb.de\\\/nachrichten\\\/wp-content\\\/uploads\\\/2024\\\/09\\\/cropped-favicon.png\",\"contentUrl\":\"https:\\\/\\\/www.strassenweb.de\\\/nachrichten\\\/wp-content\\\/uploads\\\/2024\\\/09\\\/cropped-favicon.png\",\"width\":512,\"height\":512,\"caption\":\"Stra\u00dfenweb\"},\"image\":{\"@id\":\"https:\\\/\\\/www.strassenweb.de\\\/nachrichten\\\/#\\\/schema\\\/logo\\\/image\\\/\"},\"sameAs\":[\"https:\\\/\\\/www.facebook.com\\\/strassenweb\\\/\"]},{\"@type\":\"Person\",\"@id\":\"https:\\\/\\\/www.strassenweb.de\\\/nachrichten\\\/#\\\/schema\\\/person\\\/87c9c9067f1211da429a744dc5a5aa41\",\"name\":\"Robert Hoffmann\",\"image\":{\"@type\":\"ImageObject\",\"inLanguage\":\"de\",\"@id\":\"https:\\\/\\\/www.strassenweb.de\\\/nachrichten\\\/wp-content\\\/uploads\\\/2024\\\/09\\\/strassenweb-150x150.jpg\",\"url\":\"https:\\\/\\\/www.strassenweb.de\\\/nachrichten\\\/wp-content\\\/uploads\\\/2024\\\/09\\\/strassenweb-150x150.jpg\",\"contentUrl\":\"https:\\\/\\\/www.strassenweb.de\\\/nachrichten\\\/wp-content\\\/uploads\\\/2024\\\/09\\\/strassenweb-150x150.jpg\",\"caption\":\"Robert Hoffmann\"},\"description\":\"Ich hei\u00dfe Robert Hoffmann und ich bin ein leidenschaftlicher Verfechter von \u00d6kologie und Biodiversit\u00e4t. Seit meiner Kindheit in den W\u00e4ldern Bayerns f\u00fchle ich mich mit der Natur verbunden und bin entschlossen, sie zu sch\u00fctzen. Heute widme ich mein Leben der Sensibilisierung anderer f\u00fcr die Bedeutung des Umweltschutzes f\u00fcr zuk\u00fcnftige Generationen.\",\"sameAs\":[\"https:\\\/\\\/www.strassenweb.de\\\/\"]}]}<\/script>\n<!-- \/ Yoast SEO plugin. -->","yoast_head_json":{"title":"Ich musste meiner winzigen K\u00fcche schnell zus\u00e4tzlichen Aufbewahrungsaufbewahrung hinzuf\u00fcgen - ich wollte gerade 1000 US - Nachrichten - Stra\u00dfenweb","robots":{"index":"index","follow":"follow","max-snippet":"max-snippet:-1","max-image-preview":"max-image-preview:large","max-video-preview":"max-video-preview:-1"},"canonical":"https:\/\/www.strassenweb.de\/nachrichten\/ich-musste-meiner-winzigen-kueche-schnell-zusaetzlichen-aufbewahrungsaufbewahrung-hinzufuegen-ich-wollte-gerade-1000-us\/","og_locale":"de_DE","og_type":"article","og_title":"Ich musste meiner winzigen K\u00fcche schnell zus\u00e4tzlichen Aufbewahrungsaufbewahrung hinzuf\u00fcgen - ich wollte gerade 1000 US - Nachrichten - Stra\u00dfenweb","og_description":"Ich liebe meine winzige K\u00fcche und das meine ich wirklich. Es funktioniert im Moment perfekt f\u00fcr mich und ist Teil eines offenen Raums, der ideal","og_url":"https:\/\/www.strassenweb.de\/nachrichten\/ich-musste-meiner-winzigen-kueche-schnell-zusaetzlichen-aufbewahrungsaufbewahrung-hinzufuegen-ich-wollte-gerade-1000-us\/","og_site_name":"Stra\u00dfenweb","article_publisher":"https:\/\/www.facebook.com\/strassenweb\/","article_published_time":"2025-07-07T23:40:25+00:00","article_modified_time":"2025-07-07T23:40:26+00:00","og_image":[{"width":1600,"height":900,"url":"https:\/\/www.strassenweb.de\/nachrichten\/wp-content\/uploads\/2025\/07\/Ich-musste-meiner-winzigen-Kueche-schnell-zusaetzlichen-Aufbewahrungsaufbewahrung-hinzufuegen.jpg","type":"image\/jpeg"}],"author":"Robert Hoffmann","twitter_card":"summary_large_image","twitter_misc":{"Verfasst von":"Robert Hoffmann","Gesch\u00e4tzte Lesezeit":"2\u00a0Minuten"},"schema":{"@context":"https:\/\/schema.org","@graph":[{"@type":"Article","@id":"https:\/\/www.strassenweb.de\/nachrichten\/ich-musste-meiner-winzigen-kueche-schnell-zusaetzlichen-aufbewahrungsaufbewahrung-hinzufuegen-ich-wollte-gerade-1000-us\/#article","isPartOf":{"@id":"https:\/\/www.strassenweb.de\/nachrichten\/ich-musste-meiner-winzigen-kueche-schnell-zusaetzlichen-aufbewahrungsaufbewahrung-hinzufuegen-ich-wollte-gerade-1000-us\/"},"author":{"name":"Robert Hoffmann","@id":"https:\/\/www.strassenweb.de\/nachrichten\/#\/schema\/person\/87c9c9067f1211da429a744dc5a5aa41"},"headline":"Ich musste meiner winzigen K\u00fcche schnell zus\u00e4tzlichen Aufbewahrungsaufbewahrung hinzuf\u00fcgen &#8211; ich wollte gerade 1000 US","datePublished":"2025-07-07T23:40:25+00:00","dateModified":"2025-07-07T23:40:26+00:00","mainEntityOfPage":{"@id":"https:\/\/www.strassenweb.de\/nachrichten\/ich-musste-meiner-winzigen-kueche-schnell-zusaetzlichen-aufbewahrungsaufbewahrung-hinzufuegen-ich-wollte-gerade-1000-us\/"},"wordCount":392,"publisher":{"@id":"https:\/\/www.strassenweb.de\/nachrichten\/#organization"},"image":{"@id":"https:\/\/www.strassenweb.de\/nachrichten\/ich-musste-meiner-winzigen-kueche-schnell-zusaetzlichen-aufbewahrungsaufbewahrung-hinzufuegen-ich-wollte-gerade-1000-us\/#primaryimage"},"thumbnailUrl":"https:\/\/www.strassenweb.de\/nachrichten\/wp-content\/uploads\/2025\/07\/Ich-musste-meiner-winzigen-Kueche-schnell-zusaetzlichen-Aufbewahrungsaufbewahrung-hinzufuegen.jpg","keywords":["Aufbewahrungsaufbewahrung","gerade","Hinzuf\u00fcgen","ich","K\u00fcche","meiner","musste","schnell","winzigen","wollte","zus\u00e4tzlichen"],"articleSection":["Haus &amp; Garten"],"inLanguage":"de"},{"@type":"WebPage","@id":"https:\/\/www.strassenweb.de\/nachrichten\/ich-musste-meiner-winzigen-kueche-schnell-zusaetzlichen-aufbewahrungsaufbewahrung-hinzufuegen-ich-wollte-gerade-1000-us\/","url":"https:\/\/www.strassenweb.de\/nachrichten\/ich-musste-meiner-winzigen-kueche-schnell-zusaetzlichen-aufbewahrungsaufbewahrung-hinzufuegen-ich-wollte-gerade-1000-us\/","name":"Ich musste meiner winzigen K\u00fcche schnell zus\u00e4tzlichen Aufbewahrungsaufbewahrung hinzuf\u00fcgen - ich wollte gerade 1000 US - Nachrichten - Stra\u00dfenweb","isPartOf":{"@id":"https:\/\/www.strassenweb.de\/nachrichten\/#website"},"primaryImageOfPage":{"@id":"https:\/\/www.strassenweb.de\/nachrichten\/ich-musste-meiner-winzigen-kueche-schnell-zusaetzlichen-aufbewahrungsaufbewahrung-hinzufuegen-ich-wollte-gerade-1000-us\/#primaryimage"},"image":{"@id":"https:\/\/www.strassenweb.de\/nachrichten\/ich-musste-meiner-winzigen-kueche-schnell-zusaetzlichen-aufbewahrungsaufbewahrung-hinzufuegen-ich-wollte-gerade-1000-us\/#primaryimage"},"thumbnailUrl":"https:\/\/www.strassenweb.de\/nachrichten\/wp-content\/uploads\/2025\/07\/Ich-musste-meiner-winzigen-Kueche-schnell-zusaetzlichen-Aufbewahrungsaufbewahrung-hinzufuegen.jpg","datePublished":"2025-07-07T23:40:25+00:00","dateModified":"2025-07-07T23:40:26+00:00","breadcrumb":{"@id":"https:\/\/www.strassenweb.de\/nachrichten\/ich-musste-meiner-winzigen-kueche-schnell-zusaetzlichen-aufbewahrungsaufbewahrung-hinzufuegen-ich-wollte-gerade-1000-us\/#breadcrumb"},"inLanguage":"de","potentialAction":[{"@type":"ReadAction","target":["https:\/\/www.strassenweb.de\/nachrichten\/ich-musste-meiner-winzigen-kueche-schnell-zusaetzlichen-aufbewahrungsaufbewahrung-hinzufuegen-ich-wollte-gerade-1000-us\/"]}]},{"@type":"ImageObject","inLanguage":"de","@id":"https:\/\/www.strassenweb.de\/nachrichten\/ich-musste-meiner-winzigen-kueche-schnell-zusaetzlichen-aufbewahrungsaufbewahrung-hinzufuegen-ich-wollte-gerade-1000-us\/#primaryimage","url":"https:\/\/www.strassenweb.de\/nachrichten\/wp-content\/uploads\/2025\/07\/Ich-musste-meiner-winzigen-Kueche-schnell-zusaetzlichen-Aufbewahrungsaufbewahrung-hinzufuegen.jpg","contentUrl":"https:\/\/www.strassenweb.de\/nachrichten\/wp-content\/uploads\/2025\/07\/Ich-musste-meiner-winzigen-Kueche-schnell-zusaetzlichen-Aufbewahrungsaufbewahrung-hinzufuegen.jpg","width":1600,"height":900,"caption":"Dark green pantry with wall storage with different size jars and a freestanding island with a marble top"},{"@type":"BreadcrumbList","@id":"https:\/\/www.strassenweb.de\/nachrichten\/ich-musste-meiner-winzigen-kueche-schnell-zusaetzlichen-aufbewahrungsaufbewahrung-hinzufuegen-ich-wollte-gerade-1000-us\/#breadcrumb","itemListElement":[{"@type":"ListItem","position":1,"name":"Home","item":"https:\/\/www.strassenweb.de\/nachrichten\/"},{"@type":"ListItem","position":2,"name":"Ich musste meiner winzigen K\u00fcche schnell zus\u00e4tzlichen Aufbewahrungsaufbewahrung hinzuf\u00fcgen &#8211; ich wollte gerade 1000 US"}]},{"@type":"WebSite","@id":"https:\/\/www.strassenweb.de\/nachrichten\/#website","url":"https:\/\/www.strassenweb.de\/nachrichten\/","name":"Stra\u00dfenweb","description":"Stra\u00dfenverzeichnis f\u00fcr Deutschland","publisher":{"@id":"https:\/\/www.strassenweb.de\/nachrichten\/#organization"},"potentialAction":[{"@type":"SearchAction","target":{"@type":"EntryPoint","urlTemplate":"https:\/\/www.strassenweb.de\/nachrichten\/?s={search_term_string}"},"query-input":{"@type":"PropertyValueSpecification","valueRequired":true,"valueName":"search_term_string"}}],"inLanguage":"de"},{"@type":"Organization","@id":"https:\/\/www.strassenweb.de\/nachrichten\/#organization","name":"Stra\u00dfenweb","url":"https:\/\/www.strassenweb.de\/nachrichten\/","logo":{"@type":"ImageObject","inLanguage":"de","@id":"https:\/\/www.strassenweb.de\/nachrichten\/#\/schema\/logo\/image\/","url":"https:\/\/www.strassenweb.de\/nachrichten\/wp-content\/uploads\/2024\/09\/cropped-favicon.png","contentUrl":"https:\/\/www.strassenweb.de\/nachrichten\/wp-content\/uploads\/2024\/09\/cropped-favicon.png","width":512,"height":512,"caption":"Stra\u00dfenweb"},"image":{"@id":"https:\/\/www.strassenweb.de\/nachrichten\/#\/schema\/logo\/image\/"},"sameAs":["https:\/\/www.facebook.com\/strassenweb\/"]},{"@type":"Person","@id":"https:\/\/www.strassenweb.de\/nachrichten\/#\/schema\/person\/87c9c9067f1211da429a744dc5a5aa41","name":"Robert Hoffmann","image":{"@type":"ImageObject","inLanguage":"de","@id":"https:\/\/www.strassenweb.de\/nachrichten\/wp-content\/uploads\/2024\/09\/strassenweb-150x150.jpg","url":"https:\/\/www.strassenweb.de\/nachrichten\/wp-content\/uploads\/2024\/09\/strassenweb-150x150.jpg","contentUrl":"https:\/\/www.strassenweb.de\/nachrichten\/wp-content\/uploads\/2024\/09\/strassenweb-150x150.jpg","caption":"Robert Hoffmann"},"description":"Ich hei\u00dfe Robert Hoffmann und ich bin ein leidenschaftlicher Verfechter von \u00d6kologie und Biodiversit\u00e4t. Seit meiner Kindheit in den W\u00e4ldern Bayerns f\u00fchle ich mich mit der Natur verbunden und bin entschlossen, sie zu sch\u00fctzen. Heute widme ich mein Leben der Sensibilisierung anderer f\u00fcr die Bedeutung des Umweltschutzes f\u00fcr zuk\u00fcnftige Generationen.","sameAs":["https:\/\/www.strassenweb.de\/"]}]}},"_links":{"self":[{"href":"https:\/\/www.strassenweb.de\/nachrichten\/wp-json\/wp\/v2\/posts\/6130","targetHints":{"allow":["GET"]}}],"collection":[{"href":"https:\/\/www.strassenweb.de\/nachrichten\/wp-json\/wp\/v2\/posts"}],"about":[{"href":"https:\/\/www.strassenweb.de\/nachrichten\/wp-json\/wp\/v2\/types\/post"}],"author":[{"embeddable":true,"href":"https:\/\/www.strassenweb.de\/nachrichten\/wp-json\/wp\/v2\/users\/1"}],"replies":[{"embeddable":true,"href":"https:\/\/www.strassenweb.de\/nachrichten\/wp-json\/wp\/v2\/comments?post=6130"}],"version-history":[{"count":0,"href":"https:\/\/www.strassenweb.de\/nachrichten\/wp-json\/wp\/v2\/posts\/6130\/revisions"}],"wp:featuredmedia":[{"embeddable":true,"href":"https:\/\/www.strassenweb.de\/nachrichten\/wp-json\/wp\/v2\/media\/6131"}],"wp:attachment":[{"href":"https:\/\/www.strassenweb.de\/nachrichten\/wp-json\/wp\/v2\/media?parent=6130"}],"wp:term":[{"taxonomy":"category","embeddable":true,"href":"https:\/\/www.strassenweb.de\/nachrichten\/wp-json\/wp\/v2\/categories?post=6130"},{"taxonomy":"post_tag","embeddable":true,"href":"https:\/\/www.strassenweb.de\/nachrichten\/wp-json\/wp\/v2\/tags?post=6130"}],"curies":[{"name":"wp","href":"https:\/\/api.w.org\/{rel}","templated":true}]}}