{"id":613,"date":"2024-10-05T04:40:25","date_gmt":"2024-10-05T02:40:25","guid":{"rendered":"https:\/\/www.strassenweb.de\/nachrichten\/so-machen-sie-salbei-winterfest-einfache-schritte-um-ihre-pflanzen-vor-der-kaelte-zu-schuetzen\/"},"modified":"2024-10-05T04:40:26","modified_gmt":"2024-10-05T02:40:26","slug":"so-machen-sie-salbei-winterfest-einfache-schritte-um-ihre-pflanzen-vor-der-kaelte-zu-schuetzen","status":"publish","type":"post","link":"https:\/\/www.strassenweb.de\/nachrichten\/so-machen-sie-salbei-winterfest-einfache-schritte-um-ihre-pflanzen-vor-der-kaelte-zu-schuetzen\/","title":{"rendered":"So machen Sie Salbei winterfest \u2013 einfache Schritte, um Ihre Pflanzen vor der K\u00e4lte zu sch\u00fctzen"},"content":{"rendered":"<p><\/p>\n<div id=\"article-body\" class=\"article__body \">\n<p>\u00dcberwinternde Salvias k\u00f6nnen sie vor Frost, Schnee, bei\u00dfenden St\u00fcrmen und anderen rauen Winterwettern sch\u00fctzen. Dies kann ihnen helfen, die kalte Jahreszeit zu \u00fcberstehen und im folgenden Fr\u00fchjahr wieder zu ihrer bl\u00fchenden Pracht zur\u00fcckzukehren. Doch wie man Salvia winterfest macht, h\u00e4ngt von der Sorte, die man anbaut, und dem Wohnort ab.<\/p>\n<div id=\"ad-unit-1\" class=\"ad-unit\"><\/div>\n<p>Es handelt sich nicht um einen einheitlichen Ansatz f\u00fcr alle Salvias. Diese Pflanze ist in ihrem Arten- und Sortenspektrum (einschlie\u00dflich Salbei und Rosmarin) vielf\u00e4ltig. Unser Fokus liegt jedoch auf den nicht-kulinarischen Varianten. Wenn Sie herausgefunden haben, wie man Salbei anbaut, wissen Sie, dass diese beliebte Staude ein Favorit f\u00fcr Beete, Rabatten und T\u00f6pfe ist.<\/p>\n<aside class=\"hawk-nest\" data-render-type=\"fte\" data-skip=\"dealsy\" data-widget-type=\"seasonal\">\n<div class=\"hawk-master-widget-hawk-base-wrapper\"><\/div>\n<\/aside>\n<p>Unsere Gartenbauexperten geben Ratschl\u00e4ge zur Pflege von Salbeipflanzen in den k\u00e4lteren, nasseren Monaten, damit Sie sie immer wieder genie\u00dfen k\u00f6nnen.<\/p>\n<div id=\"desktop-in-article\" class=\"in-article ad-unit\">\n<div id=\"desktop-taboola-mid-article\"><\/div>\n<\/div>\n<div id=\"mobile-in-article\" class=\"in-article ad-unit\">\n<div id=\"mobile-taboola-mid-article\"><\/div>\n<\/div>\n<h2 id=\"expert-advice-on-how-to-winterize-salvias-3\">Kompetente Beratung zur Winterfestmachung von Salbeien<\/h2>\n<figure class=\"van-image-figure inline-layout \" data-bordeaux-image-check>\n<div class=\"image-full-width-wrapper\">\n<div class=\"image-widthsetter\" style=\"max-width:2400px;\"><\/div>\n<\/div>\n<\/figure>\n<p>\u201eDas \u00dcberwintern von Salbeien ist einzigartig in der Winterh\u00e4rtekategorie des jeweiligen Salbeis und Ihrer Gartenh\u00e4rtezone\u201c, sagt Heather Wheatley, Gartenbauerin bei Proven Winners.<\/p>\n<div class=\"van_vid_carousel\">\n<div class=\"van_vid_carousel__padding\">\n<div class=\"van_vid_carousel__container\"><\/div>\n<\/div>\n<\/div>\n<p>\u201eEs handelt sich um eine erstaunliche Gattung, zu der einj\u00e4hrige Beet-Salvias, langlebige oder mehrj\u00e4hrige Salvias und temperenniale Pflanzen geh\u00f6ren, die in einigen Zonen winterhart und in anderen mehrj\u00e4hrige Pflanzen sind.\u201c \u201eEs ist wichtig zu wissen, welche Salbeipflanzen Sie f\u00fcr Ihren Garten ausgew\u00e4hlt haben.\u201c<\/p>\n<div id=\"ad-unit-2\" class=\"ad-unit\"><\/div>\n<h2 class=\"article-body__section\" id=\"section-cutting-back-salvias-for-winter\"><span>Salvia f\u00fcr den Winter zur\u00fcckschneiden<\/span><\/h2>\n<figure class=\"van-image-figure inline-layout \" data-bordeaux-image-check>\n<div class=\"image-full-width-wrapper\">\n<div class=\"image-widthsetter\" style=\"max-width:2400px;\"><\/div>\n<\/div>\n<\/figure>\n<p>Der Herbst ist eine gute Zeit, um eine Reihe von Pflanzen in Ihrem Garten zur\u00fcckzuschneiden, abzuschneiden und zu beschneiden, und einige mehrj\u00e4hrige Salbeipflanzen k\u00f6nnen von einem Schnitt profitieren. Wenn das Wetter wieder w\u00e4rmer wird, f\u00f6rdert das Abschneiden von \u00fcbersch\u00fcssigem Laub ein frisches Wachstum.<\/p>\n<p>Mit einer anst\u00e4ndigen Gartenschere wie dieser robusten, gesenkgeschmiedeten Gartenschere von True Leaf Market k\u00f6nnen Sie die Gartenarbeiten im Herbst problemlos bew\u00e4ltigen.<\/p>\n<p>\u201eIch liebe Salvia wegen ihrer leuchtenden Bl\u00fcten und ihrer F\u00e4higkeit, Kolibris und Best\u00e4uber anzulocken, wodurch sich mein Garten mit Farbe und Bewegung lebendig anf\u00fchlt\u201c, sagt Maureen Wright, Pflanzenexpertin bei Fast Growing Trees.<\/p>\n<p>\u201eDamit diese Sch\u00f6nheiten gedeihen, insbesondere in den USDA-Zonen 4\u20137, empfiehlt es sich, sie von Ende Oktober bis Anfang M\u00e4rz winterfest zu machen\u201c, sagt Maureen.<\/p>\n<p>\u201eBesonders zarte und Randsalbeien profitieren von einem zus\u00e4tzlichen Winterschutz, w\u00e4hrend winterharte Sorten m\u00f6glicherweise weniger ben\u00f6tigen.\u201c Ohne Schutz kann Frost ihre Wurzeln sch\u00e4digen und zarte Sorten \u00fcberleben m\u00f6glicherweise nicht.<\/p>\n<p>\u201eMeine bevorzugte Methode besteht darin, nach dem ersten Frost zun\u00e4chst die St\u00e4ngel zur\u00fcckzuschneiden und dann eine dicke Schicht Mulch (7,6\u201310 cm) aufzutragen, um die Wurzeln zu sch\u00fctzen.\u201c<\/p>\n<h3 class=\"article-body__section\" id=\"section-types-of-salvia-to-trim-now-or-leave-until-spring\"><span>Arten von Salvia, die Sie jetzt schneiden oder bis zum Fr\u00fchjahr stehen lassen k\u00f6nnen<\/span><\/h3>\n<figure class=\"van-image-figure inline-layout \" data-bordeaux-image-check>\n<div class=\"image-full-width-wrapper\">\n<div class=\"image-widthsetter\" style=\"max-width:2400px;\"><\/div>\n<\/div>\n<\/figure>\n<p>Wenn Sie eine winterharte, mehrj\u00e4hrige Salbeipflanze anbauen, die f\u00fcr Ihre Region k\u00e4ltetolerant ist, k\u00f6nnen Sie sie im Herbst zur\u00fcckschneiden, um einen sch\u00f6neren Wintergarten zu erhalten. Dies ist jedoch nicht unbedingt erforderlich und kann bis zum Fr\u00fchjahr belassen werden. Dies gilt auch f\u00fcr krautige Salvias.<\/p>\n<p>Wenn Sie bis zum Fr\u00fchjahr warten, um Ihren Salvia-Anbau zu reduzieren, k\u00f6nnen Sie den Wildtieren den Winter \u00fcber mit Nahrung versorgen.<\/p>\n<p>\u201eSalvia ist eine vielf\u00e4ltige Pflanzengruppe, von der einige f\u00fcr die USDA-Zonen 3 bis 4 winterhart sind, w\u00e4hrend andere Sorten f\u00fcr Zone 9 empfindlicher sind\u201c, sagt Gartenexpertin Janet Loughrey. \u201eDie h\u00e4rtesten Arten ben\u00f6tigen kaum oder gar keinen Winterschutz.\u201c<\/p>\n<p>\u201eStrauchige Salbeipflanzen mit holzigem Wuchs k\u00f6nnen im fr\u00fchen bis mittleren Herbst um bis zu ein Drittel zur\u00fcckgeschnitten werden.\u201c Geben Sie den Pflanzen Zeit, sich zu erholen, bevor der erste harte Frost einsetzt und die Pflanzen in den Ruhezustand \u00fcbergehen\u201c, f\u00e4hrt Janet fort.<\/p>\n<p>\u201eDurch das Beschneiden wird verhindert, dass die Pflanzen bei starkem Winterwind umhergewirbelt werden.\u201c Lassen Sie einen Teil des oberen gr\u00fcnen Bewuchses stehen, um zus\u00e4tzlichen Schutz zu bieten.<\/p>\n<p>\u201eNicht strauchige krautige Arten, die bis zum Boden absterben, k\u00f6nnen auf eine H\u00f6he von 10 bis 20 cm zur\u00fcckgeschnitten oder in Ruhe gelassen werden.\u201c Im Fr\u00fchjahr werden die Pflanzen neue Triebe aus der Basis sprie\u00dfen lassen. Salvias sind W\u00e4rmeliebhaber und zeigen daher m\u00f6glicherweise erst dann neues Wachstum, wenn das Wetter Mitte bis Ende des Fr\u00fchlings w\u00e4rmer wird.<\/p>\n<p>\u201eWinterharte Salvias, wie z <em>Salvia nemorosa<\/em> Und <em>Salvia x sylvestris<\/em>\u201eIn Regionen mit milden Wintern kann man sie bis zum Fr\u00fchjahr belassen\u201c, sagt Tabar Gifford, Meisterg\u00e4rtner bei High Country Gardens. \u201eIn k\u00e4lteren Zonen ist ein R\u00fcckschnitt im Sp\u00e4therbst hilfreich f\u00fcr die \u00dcberwinterung.\u201c<\/p>\n<p>\u201eIn k\u00e4lteren Klimazonen (Zonen 7 und k\u00e4lter) zum Beispiel zarte Salvias.\u201c <em>Salvia guaranitica<\/em> Und <em>Salvia leucantha<\/em> Um Sch\u00e4den vorzubeugen, sollte im Herbst ein R\u00fcckschnitt erfolgen. In w\u00e4rmeren Klimazonen (Zonen 8 und h\u00f6her) k\u00f6nnen sie im zeitigen Fr\u00fchjahr belassen und beschnitten werden.<\/p>\n<p>Diese Staude <em>salvia x sylvestris<\/em> von Nature Hills bl\u00fcht mit tiefvioletten Bl\u00fcten, mag einen sonnigen Standort und ist in den USDA-Winterh\u00e4rtezonen 3\u20138 winterhart. Es ist auch eine gro\u00dfartige Pflanze f\u00fcr Best\u00e4uber.<\/p>\n<h3 class=\"article-body__section\" id=\"section-mulching-salvias-for-winter\"><span>Salbei f\u00fcr den Winter mulchen<\/span><\/h3>\n<figure class=\"van-image-figure inline-layout \" data-bordeaux-image-check>\n<div class=\"image-full-width-wrapper\">\n<div class=\"image-widthsetter\" style=\"max-width:2400px;\"><\/div>\n<\/div>\n<\/figure>\n<p>Pflanzenwurzeln mit Mulch zu bedecken hat zahlreiche Vorteile sowohl f\u00fcr Ihre Pflanzen als auch f\u00fcr Ihre Blumenbeete. Abgesehen von der Unterdr\u00fcckung von Unkraut kann Mulchen den Boden n\u00e4hren und Pflanzenwurzeln vor der K\u00e4lte sch\u00fctzen, wenn die Temperaturen sinken.<\/p>\n<p>\u201eWenn Salvia in Ihrer Wachstumszone nur selten vorkommt, bedecken Sie die Krone der Pflanze mit mehreren Zentimetern organischem Mulch, um den Wurzelbereich vor starkem Frost zu sch\u00fctzen\u201c, sagt Janet.<\/p>\n<p>\u201eBio-Mulch h\u00e4lt den Winter \u00fcber.\u201c Leichtere Mulche, wie z. B. abgefallenes Laub, k\u00f6nnen sich verdichten und schneller zerfallen. Dichterer Mulch wie zerkleinerte Rinde oder Rindenschnitzel braucht l\u00e4nger, um sich zu zersetzen. \u201eBeide Materialien sind eine gute Wahl, um Salvia-Pflanzen \u00fcber den Winter zu sch\u00fctzen und zu isolieren.\u201c<\/p>\n<p>\u201eWir haben das Gl\u00fcck, \u00fcber eine gro\u00dfe Vielfalt an Salbeien zu verf\u00fcgen, die in den G\u00e4rten unserer Kunden in NYC und in meinem eigenen Garten in Connecticut wunderbar gedeihen\u201c, sagt Landschaftsarchitektin Kat Aul Cervoni von Staghorn Living.<\/p>\n<p>\u201eF\u00fcr viele Salvia-Arten ist eine \u00dcberwinterung oder besondere Pflege im Winter nicht notwendig, da es sich um mehrj\u00e4hrige Pflanzen handelt, die in unserer Gegend winterhart sind. <em>Salvia glabrescens<\/em> (Japanischer Waldsalbei) ist in unserer Region ebenfalls winterhart und kann daher unver\u00e4ndert im Garten \u00fcberwintert werden.<\/p>\n<p>\u201eBei winterharten, mehrj\u00e4hrigen Salvia-Arten warten wir damit, die alten St\u00e4ngel im zeitigen Fr\u00fchjahr zur\u00fcckzuschneiden und mulchen andernfalls im Herbst gut um den Wurzelansatz herum, um eine gute Isolierung zu gew\u00e4hrleisten.\u201c<\/p>\n<p>\u201eF\u00fcr halbharte oder nicht winterharte Sorten empfehlen wir, sie entweder an einem gesch\u00fctzten Ort in die Erde zu pflanzen und gut zu mulchen, oder sie einzutopfen und \u00fcber den Winter drinnen in ein Gew\u00e4chshaus, eine Garage oder ein Fr\u00fchbeet zu bringen \u2013 das sollte so sein.\u201c Auch auf 4 bis 6 Zoll zur\u00fcckschneiden.&#8216;<\/p>\n<p>\u201eSeien Sie beim Mulchen von mehrj\u00e4hrigen Salvias vorsichtig, wenn Sie nasse Winter oder nasse Fr\u00fchlinge haben\u201c, sagt Heather. \u201eDie meisten Salvias m\u00f6gen keine Feuchtigkeit, N\u00e4sse oder Ansammlungen um ihre Basis.\u201c Mulch kann dieses Problem verschlimmern. Stellen Sie daher sicher, dass Sie die Bew\u00e4sserung in diesem Bereich abschalten, wenn Sie Mulch verwenden.\u201c<\/p>\n<p>Der wundersch\u00f6ne Salbei \u201eRose Marvel\u201c von Burpee eignet sich f\u00fcr Beete und Rabatten in den Zonen 4\u20139 und bl\u00fcht jedes Fr\u00fchjahr in rosa Bl\u00fctenpracht.<\/p>\n<h3 class=\"article-body__section\" id=\"section-protecting-potted-salvias\"><span>Topfsalbei sch\u00fctzen<\/span><\/h3>\n<figure class=\"van-image-figure inline-layout \" data-bordeaux-image-check>\n<div class=\"image-full-width-wrapper\">\n<div class=\"image-widthsetter\" style=\"max-width:2400px;\"><\/div>\n<\/div>\n<\/figure>\n<p>Wenn Sie Salvia f\u00fcr den Containergartenbau ausgew\u00e4hlt haben, sind diese m\u00f6glicherweise einem gr\u00f6\u00dferen K\u00e4lterisiko ausgesetzt als solche im Boden. Es sei denn, Sie planen, sie f\u00fcr den Winter in ein Gew\u00e4chshaus zu bringen.<\/p>\n<p>\u201eContainerisierte Salvias sind anf\u00e4lliger f\u00fcr das Einfrieren der Wurzeln als solche im Boden\u201c, erkl\u00e4rt Janet Loughrey. \u201eTopfpflanzen k\u00f6nnen im Freien \u00fcberwintert oder ins Haus gebracht werden.\u201c<\/p>\n<p>\u201eGrunds\u00e4tzlich k\u00f6nnen T\u00f6pfe im Freien stehen bleiben, wenn der Salbei winterhart ist und bis zu zwei Zonen k\u00e4lter ist.\u201c Wenn Sie beispielsweise in der USDA-Zone 7 leben, k\u00f6nnen Salvia-Pflanzen, die gegen\u00fcber Zone 5 winterhart sind, in T\u00f6pfen im Freien gelassen werden.<\/p>\n<p>\u201eStellen Sie T\u00f6pfe an eine windgesch\u00fctzte Seite eines Hauses oder einer anderen Struktur. Pflanzen und T\u00f6pfe k\u00f6nnen f\u00fcr zus\u00e4tzlichen Schutz auch mit Sackleinen, Plastikfolie, Stroh oder Bl\u00e4ttern abgedeckt werden. Halten Sie die Pflanzen trocken, da zu viel Winterfeuchtigkeit sie t\u00f6ten kann.<\/p>\n<hr>\n<p>Welche Art von Salvia-Art Sie auch anbauen, ob k\u00e4lteresistent und pflegeleicht oder zartere Sorten, die mehr Schutz ben\u00f6tigen, Sie k\u00f6nnen sich auf ihre R\u00fcckkehr im n\u00e4chsten Fr\u00fchjahr freuen.<\/p>\n<\/div>\n","protected":false},"excerpt":{"rendered":"<p>\u00dcberwinternde Salvias k\u00f6nnen sie vor Frost, Schnee, bei\u00dfenden St\u00fcrmen und anderen rauen Winterwettern sch\u00fctzen. Dies kann ihnen helfen, die kalte Jahreszeit zu \u00fcberstehen und im<\/p>\n","protected":false},"author":1,"featured_media":614,"comment_status":"closed","ping_status":"","sticky":false,"template":"","format":"standard","meta":{"footnotes":""},"categories":[118],"tags":[81,1224,225,431,410,246,1222,839,1074,165,524,1223],"class_list":["post-613","post","type-post","status-publish","format-standard","has-post-thumbnail","hentry","category-haus-garten","tag-der","tag-einfache","tag-ihre","tag-kaelte","tag-machen","tag-pflanzen","tag-salbei","tag-schritte","tag-schuetzen","tag-sie","tag-vor","tag-winterfest","generate-columns","tablet-grid-50","mobile-grid-100","grid-parent","grid-50"],"yoast_head":"<!-- This site is optimized with the Yoast SEO plugin v27.3 - https:\/\/yoast.com\/product\/yoast-seo-wordpress\/ -->\n<title>So machen Sie Salbei winterfest \u2013 einfache Schritte, um Ihre Pflanzen vor der K\u00e4lte zu sch\u00fctzen - Nachrichten - Stra\u00dfenweb<\/title>\n<meta name=\"robots\" content=\"index, follow, max-snippet:-1, max-image-preview:large, max-video-preview:-1\" \/>\n<link rel=\"canonical\" href=\"https:\/\/www.strassenweb.de\/nachrichten\/so-machen-sie-salbei-winterfest-einfache-schritte-um-ihre-pflanzen-vor-der-kaelte-zu-schuetzen\/\" \/>\n<meta property=\"og:locale\" content=\"de_DE\" \/>\n<meta property=\"og:type\" content=\"article\" \/>\n<meta property=\"og:title\" content=\"So machen Sie Salbei winterfest \u2013 einfache Schritte, um Ihre Pflanzen vor der K\u00e4lte zu sch\u00fctzen - Nachrichten - Stra\u00dfenweb\" \/>\n<meta property=\"og:description\" content=\"\u00dcberwinternde Salvias k\u00f6nnen sie vor Frost, Schnee, bei\u00dfenden St\u00fcrmen und anderen rauen Winterwettern sch\u00fctzen. Dies kann ihnen helfen, die kalte Jahreszeit zu \u00fcberstehen und im\" \/>\n<meta property=\"og:url\" content=\"https:\/\/www.strassenweb.de\/nachrichten\/so-machen-sie-salbei-winterfest-einfache-schritte-um-ihre-pflanzen-vor-der-kaelte-zu-schuetzen\/\" \/>\n<meta property=\"og:site_name\" content=\"Stra\u00dfenweb\" \/>\n<meta property=\"article:publisher\" content=\"https:\/\/www.facebook.com\/strassenweb\/\" \/>\n<meta property=\"article:published_time\" content=\"2024-10-05T02:40:25+00:00\" \/>\n<meta property=\"article:modified_time\" content=\"2024-10-05T02:40:26+00:00\" \/>\n<meta property=\"og:image\" content=\"https:\/\/www.strassenweb.de\/nachrichten\/wp-content\/uploads\/2024\/10\/So-machen-Sie-Salbei-winterfest-\u2013-einfache-Schritte-um-Ihre.jpg\" \/>\n\t<meta property=\"og:image:width\" content=\"1200\" \/>\n\t<meta property=\"og:image:height\" content=\"675\" \/>\n\t<meta property=\"og:image:type\" content=\"image\/jpeg\" \/>\n<meta name=\"author\" content=\"Robert Hoffmann\" \/>\n<meta name=\"twitter:card\" content=\"summary_large_image\" \/>\n<meta name=\"twitter:label1\" content=\"Verfasst von\" \/>\n\t<meta name=\"twitter:data1\" content=\"Robert Hoffmann\" \/>\n\t<meta name=\"twitter:label2\" content=\"Gesch\u00e4tzte Lesezeit\" \/>\n\t<meta name=\"twitter:data2\" content=\"7\u00a0Minuten\" \/>\n<script type=\"application\/ld+json\" class=\"yoast-schema-graph\">{\"@context\":\"https:\\\/\\\/schema.org\",\"@graph\":[{\"@type\":\"Article\",\"@id\":\"https:\\\/\\\/www.strassenweb.de\\\/nachrichten\\\/so-machen-sie-salbei-winterfest-einfache-schritte-um-ihre-pflanzen-vor-der-kaelte-zu-schuetzen\\\/#article\",\"isPartOf\":{\"@id\":\"https:\\\/\\\/www.strassenweb.de\\\/nachrichten\\\/so-machen-sie-salbei-winterfest-einfache-schritte-um-ihre-pflanzen-vor-der-kaelte-zu-schuetzen\\\/\"},\"author\":{\"name\":\"Robert Hoffmann\",\"@id\":\"https:\\\/\\\/www.strassenweb.de\\\/nachrichten\\\/#\\\/schema\\\/person\\\/87c9c9067f1211da429a744dc5a5aa41\"},\"headline\":\"So machen Sie Salbei winterfest \u2013 einfache Schritte, um Ihre Pflanzen vor der K\u00e4lte zu sch\u00fctzen\",\"datePublished\":\"2024-10-05T02:40:25+00:00\",\"dateModified\":\"2024-10-05T02:40:26+00:00\",\"mainEntityOfPage\":{\"@id\":\"https:\\\/\\\/www.strassenweb.de\\\/nachrichten\\\/so-machen-sie-salbei-winterfest-einfache-schritte-um-ihre-pflanzen-vor-der-kaelte-zu-schuetzen\\\/\"},\"wordCount\":1438,\"publisher\":{\"@id\":\"https:\\\/\\\/www.strassenweb.de\\\/nachrichten\\\/#organization\"},\"image\":{\"@id\":\"https:\\\/\\\/www.strassenweb.de\\\/nachrichten\\\/so-machen-sie-salbei-winterfest-einfache-schritte-um-ihre-pflanzen-vor-der-kaelte-zu-schuetzen\\\/#primaryimage\"},\"thumbnailUrl\":\"https:\\\/\\\/www.strassenweb.de\\\/nachrichten\\\/wp-content\\\/uploads\\\/2024\\\/10\\\/So-machen-Sie-Salbei-winterfest-\u2013-einfache-Schritte-um-Ihre.jpg\",\"keywords\":[\"der\",\"einfache\",\"ihre\",\"K\u00e4lte\",\"machen\",\"Pflanzen\",\"Salbei\",\"Schritte\",\"sch\u00fctzen\",\"Sie\",\"vor\",\"winterfest\"],\"articleSection\":[\"Haus &amp; Garten\"],\"inLanguage\":\"de\"},{\"@type\":\"WebPage\",\"@id\":\"https:\\\/\\\/www.strassenweb.de\\\/nachrichten\\\/so-machen-sie-salbei-winterfest-einfache-schritte-um-ihre-pflanzen-vor-der-kaelte-zu-schuetzen\\\/\",\"url\":\"https:\\\/\\\/www.strassenweb.de\\\/nachrichten\\\/so-machen-sie-salbei-winterfest-einfache-schritte-um-ihre-pflanzen-vor-der-kaelte-zu-schuetzen\\\/\",\"name\":\"So machen Sie Salbei winterfest \u2013 einfache Schritte, um Ihre Pflanzen vor der K\u00e4lte zu sch\u00fctzen - Nachrichten - Stra\u00dfenweb\",\"isPartOf\":{\"@id\":\"https:\\\/\\\/www.strassenweb.de\\\/nachrichten\\\/#website\"},\"primaryImageOfPage\":{\"@id\":\"https:\\\/\\\/www.strassenweb.de\\\/nachrichten\\\/so-machen-sie-salbei-winterfest-einfache-schritte-um-ihre-pflanzen-vor-der-kaelte-zu-schuetzen\\\/#primaryimage\"},\"image\":{\"@id\":\"https:\\\/\\\/www.strassenweb.de\\\/nachrichten\\\/so-machen-sie-salbei-winterfest-einfache-schritte-um-ihre-pflanzen-vor-der-kaelte-zu-schuetzen\\\/#primaryimage\"},\"thumbnailUrl\":\"https:\\\/\\\/www.strassenweb.de\\\/nachrichten\\\/wp-content\\\/uploads\\\/2024\\\/10\\\/So-machen-Sie-Salbei-winterfest-\u2013-einfache-Schritte-um-Ihre.jpg\",\"datePublished\":\"2024-10-05T02:40:25+00:00\",\"dateModified\":\"2024-10-05T02:40:26+00:00\",\"breadcrumb\":{\"@id\":\"https:\\\/\\\/www.strassenweb.de\\\/nachrichten\\\/so-machen-sie-salbei-winterfest-einfache-schritte-um-ihre-pflanzen-vor-der-kaelte-zu-schuetzen\\\/#breadcrumb\"},\"inLanguage\":\"de\",\"potentialAction\":[{\"@type\":\"ReadAction\",\"target\":[\"https:\\\/\\\/www.strassenweb.de\\\/nachrichten\\\/so-machen-sie-salbei-winterfest-einfache-schritte-um-ihre-pflanzen-vor-der-kaelte-zu-schuetzen\\\/\"]}]},{\"@type\":\"ImageObject\",\"inLanguage\":\"de\",\"@id\":\"https:\\\/\\\/www.strassenweb.de\\\/nachrichten\\\/so-machen-sie-salbei-winterfest-einfache-schritte-um-ihre-pflanzen-vor-der-kaelte-zu-schuetzen\\\/#primaryimage\",\"url\":\"https:\\\/\\\/www.strassenweb.de\\\/nachrichten\\\/wp-content\\\/uploads\\\/2024\\\/10\\\/So-machen-Sie-Salbei-winterfest-\u2013-einfache-Schritte-um-Ihre.jpg\",\"contentUrl\":\"https:\\\/\\\/www.strassenweb.de\\\/nachrichten\\\/wp-content\\\/uploads\\\/2024\\\/10\\\/So-machen-Sie-Salbei-winterfest-\u2013-einfache-Schritte-um-Ihre.jpg\",\"width\":1200,\"height\":675,\"caption\":\"So machen Sie Salbei winterfest \u2013 einfache Schritte, um Ihre Pflanzen vor der K\u00e4lte zu sch\u00fctzen\"},{\"@type\":\"BreadcrumbList\",\"@id\":\"https:\\\/\\\/www.strassenweb.de\\\/nachrichten\\\/so-machen-sie-salbei-winterfest-einfache-schritte-um-ihre-pflanzen-vor-der-kaelte-zu-schuetzen\\\/#breadcrumb\",\"itemListElement\":[{\"@type\":\"ListItem\",\"position\":1,\"name\":\"Home\",\"item\":\"https:\\\/\\\/www.strassenweb.de\\\/nachrichten\\\/\"},{\"@type\":\"ListItem\",\"position\":2,\"name\":\"So machen Sie Salbei winterfest \u2013 einfache Schritte, um Ihre Pflanzen vor der K\u00e4lte zu sch\u00fctzen\"}]},{\"@type\":\"WebSite\",\"@id\":\"https:\\\/\\\/www.strassenweb.de\\\/nachrichten\\\/#website\",\"url\":\"https:\\\/\\\/www.strassenweb.de\\\/nachrichten\\\/\",\"name\":\"Stra\u00dfenweb\",\"description\":\"Stra\u00dfenverzeichnis f\u00fcr Deutschland\",\"publisher\":{\"@id\":\"https:\\\/\\\/www.strassenweb.de\\\/nachrichten\\\/#organization\"},\"potentialAction\":[{\"@type\":\"SearchAction\",\"target\":{\"@type\":\"EntryPoint\",\"urlTemplate\":\"https:\\\/\\\/www.strassenweb.de\\\/nachrichten\\\/?s={search_term_string}\"},\"query-input\":{\"@type\":\"PropertyValueSpecification\",\"valueRequired\":true,\"valueName\":\"search_term_string\"}}],\"inLanguage\":\"de\"},{\"@type\":\"Organization\",\"@id\":\"https:\\\/\\\/www.strassenweb.de\\\/nachrichten\\\/#organization\",\"name\":\"Stra\u00dfenweb\",\"url\":\"https:\\\/\\\/www.strassenweb.de\\\/nachrichten\\\/\",\"logo\":{\"@type\":\"ImageObject\",\"inLanguage\":\"de\",\"@id\":\"https:\\\/\\\/www.strassenweb.de\\\/nachrichten\\\/#\\\/schema\\\/logo\\\/image\\\/\",\"url\":\"https:\\\/\\\/www.strassenweb.de\\\/nachrichten\\\/wp-content\\\/uploads\\\/2024\\\/09\\\/cropped-favicon.png\",\"contentUrl\":\"https:\\\/\\\/www.strassenweb.de\\\/nachrichten\\\/wp-content\\\/uploads\\\/2024\\\/09\\\/cropped-favicon.png\",\"width\":512,\"height\":512,\"caption\":\"Stra\u00dfenweb\"},\"image\":{\"@id\":\"https:\\\/\\\/www.strassenweb.de\\\/nachrichten\\\/#\\\/schema\\\/logo\\\/image\\\/\"},\"sameAs\":[\"https:\\\/\\\/www.facebook.com\\\/strassenweb\\\/\"]},{\"@type\":\"Person\",\"@id\":\"https:\\\/\\\/www.strassenweb.de\\\/nachrichten\\\/#\\\/schema\\\/person\\\/87c9c9067f1211da429a744dc5a5aa41\",\"name\":\"Robert Hoffmann\",\"image\":{\"@type\":\"ImageObject\",\"inLanguage\":\"de\",\"@id\":\"https:\\\/\\\/www.strassenweb.de\\\/nachrichten\\\/wp-content\\\/uploads\\\/2024\\\/09\\\/strassenweb-150x150.jpg\",\"url\":\"https:\\\/\\\/www.strassenweb.de\\\/nachrichten\\\/wp-content\\\/uploads\\\/2024\\\/09\\\/strassenweb-150x150.jpg\",\"contentUrl\":\"https:\\\/\\\/www.strassenweb.de\\\/nachrichten\\\/wp-content\\\/uploads\\\/2024\\\/09\\\/strassenweb-150x150.jpg\",\"caption\":\"Robert Hoffmann\"},\"description\":\"Ich hei\u00dfe Robert Hoffmann und ich bin ein leidenschaftlicher Verfechter von \u00d6kologie und Biodiversit\u00e4t. Seit meiner Kindheit in den W\u00e4ldern Bayerns f\u00fchle ich mich mit der Natur verbunden und bin entschlossen, sie zu sch\u00fctzen. Heute widme ich mein Leben der Sensibilisierung anderer f\u00fcr die Bedeutung des Umweltschutzes f\u00fcr zuk\u00fcnftige Generationen.\",\"sameAs\":[\"https:\\\/\\\/www.strassenweb.de\\\/\"]}]}<\/script>\n<!-- \/ Yoast SEO plugin. -->","yoast_head_json":{"title":"So machen Sie Salbei winterfest \u2013 einfache Schritte, um Ihre Pflanzen vor der K\u00e4lte zu sch\u00fctzen - Nachrichten - Stra\u00dfenweb","robots":{"index":"index","follow":"follow","max-snippet":"max-snippet:-1","max-image-preview":"max-image-preview:large","max-video-preview":"max-video-preview:-1"},"canonical":"https:\/\/www.strassenweb.de\/nachrichten\/so-machen-sie-salbei-winterfest-einfache-schritte-um-ihre-pflanzen-vor-der-kaelte-zu-schuetzen\/","og_locale":"de_DE","og_type":"article","og_title":"So machen Sie Salbei winterfest \u2013 einfache Schritte, um Ihre Pflanzen vor der K\u00e4lte zu sch\u00fctzen - Nachrichten - Stra\u00dfenweb","og_description":"\u00dcberwinternde Salvias k\u00f6nnen sie vor Frost, Schnee, bei\u00dfenden St\u00fcrmen und anderen rauen Winterwettern sch\u00fctzen. Dies kann ihnen helfen, die kalte Jahreszeit zu \u00fcberstehen und im","og_url":"https:\/\/www.strassenweb.de\/nachrichten\/so-machen-sie-salbei-winterfest-einfache-schritte-um-ihre-pflanzen-vor-der-kaelte-zu-schuetzen\/","og_site_name":"Stra\u00dfenweb","article_publisher":"https:\/\/www.facebook.com\/strassenweb\/","article_published_time":"2024-10-05T02:40:25+00:00","article_modified_time":"2024-10-05T02:40:26+00:00","og_image":[{"width":1200,"height":675,"url":"https:\/\/www.strassenweb.de\/nachrichten\/wp-content\/uploads\/2024\/10\/So-machen-Sie-Salbei-winterfest-\u2013-einfache-Schritte-um-Ihre.jpg","type":"image\/jpeg"}],"author":"Robert Hoffmann","twitter_card":"summary_large_image","twitter_misc":{"Verfasst von":"Robert Hoffmann","Gesch\u00e4tzte Lesezeit":"7\u00a0Minuten"},"schema":{"@context":"https:\/\/schema.org","@graph":[{"@type":"Article","@id":"https:\/\/www.strassenweb.de\/nachrichten\/so-machen-sie-salbei-winterfest-einfache-schritte-um-ihre-pflanzen-vor-der-kaelte-zu-schuetzen\/#article","isPartOf":{"@id":"https:\/\/www.strassenweb.de\/nachrichten\/so-machen-sie-salbei-winterfest-einfache-schritte-um-ihre-pflanzen-vor-der-kaelte-zu-schuetzen\/"},"author":{"name":"Robert Hoffmann","@id":"https:\/\/www.strassenweb.de\/nachrichten\/#\/schema\/person\/87c9c9067f1211da429a744dc5a5aa41"},"headline":"So machen Sie Salbei winterfest \u2013 einfache Schritte, um Ihre Pflanzen vor der K\u00e4lte zu sch\u00fctzen","datePublished":"2024-10-05T02:40:25+00:00","dateModified":"2024-10-05T02:40:26+00:00","mainEntityOfPage":{"@id":"https:\/\/www.strassenweb.de\/nachrichten\/so-machen-sie-salbei-winterfest-einfache-schritte-um-ihre-pflanzen-vor-der-kaelte-zu-schuetzen\/"},"wordCount":1438,"publisher":{"@id":"https:\/\/www.strassenweb.de\/nachrichten\/#organization"},"image":{"@id":"https:\/\/www.strassenweb.de\/nachrichten\/so-machen-sie-salbei-winterfest-einfache-schritte-um-ihre-pflanzen-vor-der-kaelte-zu-schuetzen\/#primaryimage"},"thumbnailUrl":"https:\/\/www.strassenweb.de\/nachrichten\/wp-content\/uploads\/2024\/10\/So-machen-Sie-Salbei-winterfest-\u2013-einfache-Schritte-um-Ihre.jpg","keywords":["der","einfache","ihre","K\u00e4lte","machen","Pflanzen","Salbei","Schritte","sch\u00fctzen","Sie","vor","winterfest"],"articleSection":["Haus &amp; Garten"],"inLanguage":"de"},{"@type":"WebPage","@id":"https:\/\/www.strassenweb.de\/nachrichten\/so-machen-sie-salbei-winterfest-einfache-schritte-um-ihre-pflanzen-vor-der-kaelte-zu-schuetzen\/","url":"https:\/\/www.strassenweb.de\/nachrichten\/so-machen-sie-salbei-winterfest-einfache-schritte-um-ihre-pflanzen-vor-der-kaelte-zu-schuetzen\/","name":"So machen Sie Salbei winterfest \u2013 einfache Schritte, um Ihre Pflanzen vor der K\u00e4lte zu sch\u00fctzen - Nachrichten - Stra\u00dfenweb","isPartOf":{"@id":"https:\/\/www.strassenweb.de\/nachrichten\/#website"},"primaryImageOfPage":{"@id":"https:\/\/www.strassenweb.de\/nachrichten\/so-machen-sie-salbei-winterfest-einfache-schritte-um-ihre-pflanzen-vor-der-kaelte-zu-schuetzen\/#primaryimage"},"image":{"@id":"https:\/\/www.strassenweb.de\/nachrichten\/so-machen-sie-salbei-winterfest-einfache-schritte-um-ihre-pflanzen-vor-der-kaelte-zu-schuetzen\/#primaryimage"},"thumbnailUrl":"https:\/\/www.strassenweb.de\/nachrichten\/wp-content\/uploads\/2024\/10\/So-machen-Sie-Salbei-winterfest-\u2013-einfache-Schritte-um-Ihre.jpg","datePublished":"2024-10-05T02:40:25+00:00","dateModified":"2024-10-05T02:40:26+00:00","breadcrumb":{"@id":"https:\/\/www.strassenweb.de\/nachrichten\/so-machen-sie-salbei-winterfest-einfache-schritte-um-ihre-pflanzen-vor-der-kaelte-zu-schuetzen\/#breadcrumb"},"inLanguage":"de","potentialAction":[{"@type":"ReadAction","target":["https:\/\/www.strassenweb.de\/nachrichten\/so-machen-sie-salbei-winterfest-einfache-schritte-um-ihre-pflanzen-vor-der-kaelte-zu-schuetzen\/"]}]},{"@type":"ImageObject","inLanguage":"de","@id":"https:\/\/www.strassenweb.de\/nachrichten\/so-machen-sie-salbei-winterfest-einfache-schritte-um-ihre-pflanzen-vor-der-kaelte-zu-schuetzen\/#primaryimage","url":"https:\/\/www.strassenweb.de\/nachrichten\/wp-content\/uploads\/2024\/10\/So-machen-Sie-Salbei-winterfest-\u2013-einfache-Schritte-um-Ihre.jpg","contentUrl":"https:\/\/www.strassenweb.de\/nachrichten\/wp-content\/uploads\/2024\/10\/So-machen-Sie-Salbei-winterfest-\u2013-einfache-Schritte-um-Ihre.jpg","width":1200,"height":675,"caption":"So machen Sie Salbei winterfest \u2013 einfache Schritte, um Ihre Pflanzen vor der K\u00e4lte zu sch\u00fctzen"},{"@type":"BreadcrumbList","@id":"https:\/\/www.strassenweb.de\/nachrichten\/so-machen-sie-salbei-winterfest-einfache-schritte-um-ihre-pflanzen-vor-der-kaelte-zu-schuetzen\/#breadcrumb","itemListElement":[{"@type":"ListItem","position":1,"name":"Home","item":"https:\/\/www.strassenweb.de\/nachrichten\/"},{"@type":"ListItem","position":2,"name":"So machen Sie Salbei winterfest \u2013 einfache Schritte, um Ihre Pflanzen vor der K\u00e4lte zu sch\u00fctzen"}]},{"@type":"WebSite","@id":"https:\/\/www.strassenweb.de\/nachrichten\/#website","url":"https:\/\/www.strassenweb.de\/nachrichten\/","name":"Stra\u00dfenweb","description":"Stra\u00dfenverzeichnis f\u00fcr Deutschland","publisher":{"@id":"https:\/\/www.strassenweb.de\/nachrichten\/#organization"},"potentialAction":[{"@type":"SearchAction","target":{"@type":"EntryPoint","urlTemplate":"https:\/\/www.strassenweb.de\/nachrichten\/?s={search_term_string}"},"query-input":{"@type":"PropertyValueSpecification","valueRequired":true,"valueName":"search_term_string"}}],"inLanguage":"de"},{"@type":"Organization","@id":"https:\/\/www.strassenweb.de\/nachrichten\/#organization","name":"Stra\u00dfenweb","url":"https:\/\/www.strassenweb.de\/nachrichten\/","logo":{"@type":"ImageObject","inLanguage":"de","@id":"https:\/\/www.strassenweb.de\/nachrichten\/#\/schema\/logo\/image\/","url":"https:\/\/www.strassenweb.de\/nachrichten\/wp-content\/uploads\/2024\/09\/cropped-favicon.png","contentUrl":"https:\/\/www.strassenweb.de\/nachrichten\/wp-content\/uploads\/2024\/09\/cropped-favicon.png","width":512,"height":512,"caption":"Stra\u00dfenweb"},"image":{"@id":"https:\/\/www.strassenweb.de\/nachrichten\/#\/schema\/logo\/image\/"},"sameAs":["https:\/\/www.facebook.com\/strassenweb\/"]},{"@type":"Person","@id":"https:\/\/www.strassenweb.de\/nachrichten\/#\/schema\/person\/87c9c9067f1211da429a744dc5a5aa41","name":"Robert Hoffmann","image":{"@type":"ImageObject","inLanguage":"de","@id":"https:\/\/www.strassenweb.de\/nachrichten\/wp-content\/uploads\/2024\/09\/strassenweb-150x150.jpg","url":"https:\/\/www.strassenweb.de\/nachrichten\/wp-content\/uploads\/2024\/09\/strassenweb-150x150.jpg","contentUrl":"https:\/\/www.strassenweb.de\/nachrichten\/wp-content\/uploads\/2024\/09\/strassenweb-150x150.jpg","caption":"Robert Hoffmann"},"description":"Ich hei\u00dfe Robert Hoffmann und ich bin ein leidenschaftlicher Verfechter von \u00d6kologie und Biodiversit\u00e4t. Seit meiner Kindheit in den W\u00e4ldern Bayerns f\u00fchle ich mich mit der Natur verbunden und bin entschlossen, sie zu sch\u00fctzen. Heute widme ich mein Leben der Sensibilisierung anderer f\u00fcr die Bedeutung des Umweltschutzes f\u00fcr zuk\u00fcnftige Generationen.","sameAs":["https:\/\/www.strassenweb.de\/"]}]}},"_links":{"self":[{"href":"https:\/\/www.strassenweb.de\/nachrichten\/wp-json\/wp\/v2\/posts\/613","targetHints":{"allow":["GET"]}}],"collection":[{"href":"https:\/\/www.strassenweb.de\/nachrichten\/wp-json\/wp\/v2\/posts"}],"about":[{"href":"https:\/\/www.strassenweb.de\/nachrichten\/wp-json\/wp\/v2\/types\/post"}],"author":[{"embeddable":true,"href":"https:\/\/www.strassenweb.de\/nachrichten\/wp-json\/wp\/v2\/users\/1"}],"replies":[{"embeddable":true,"href":"https:\/\/www.strassenweb.de\/nachrichten\/wp-json\/wp\/v2\/comments?post=613"}],"version-history":[{"count":0,"href":"https:\/\/www.strassenweb.de\/nachrichten\/wp-json\/wp\/v2\/posts\/613\/revisions"}],"wp:featuredmedia":[{"embeddable":true,"href":"https:\/\/www.strassenweb.de\/nachrichten\/wp-json\/wp\/v2\/media\/614"}],"wp:attachment":[{"href":"https:\/\/www.strassenweb.de\/nachrichten\/wp-json\/wp\/v2\/media?parent=613"}],"wp:term":[{"taxonomy":"category","embeddable":true,"href":"https:\/\/www.strassenweb.de\/nachrichten\/wp-json\/wp\/v2\/categories?post=613"},{"taxonomy":"post_tag","embeddable":true,"href":"https:\/\/www.strassenweb.de\/nachrichten\/wp-json\/wp\/v2\/tags?post=613"}],"curies":[{"name":"wp","href":"https:\/\/api.w.org\/{rel}","templated":true}]}}