{"id":6121,"date":"2025-07-07T13:41:39","date_gmt":"2025-07-07T11:41:39","guid":{"rendered":"https:\/\/www.strassenweb.de\/nachrichten\/dekorieren-sie-ihr-zuhause-geht-darum-ihre-persoenlichkeit-zu-zeigen-nicht-alles-weg-zu-verbergen-einen-fuehrenden-innenarchitekten-was-zu-sehen-ist-und-was-sie-versteckt-halten-sollen\/"},"modified":"2025-07-07T13:41:40","modified_gmt":"2025-07-07T11:41:40","slug":"dekorieren-sie-ihr-zuhause-geht-darum-ihre-persoenlichkeit-zu-zeigen-nicht-alles-weg-zu-verbergen-einen-fuehrenden-innenarchitekten-was-zu-sehen-ist-und-was-sie-versteckt-halten-sollen","status":"publish","type":"post","link":"https:\/\/www.strassenweb.de\/nachrichten\/dekorieren-sie-ihr-zuhause-geht-darum-ihre-persoenlichkeit-zu-zeigen-nicht-alles-weg-zu-verbergen-einen-fuehrenden-innenarchitekten-was-zu-sehen-ist-und-was-sie-versteckt-halten-sollen\/","title":{"rendered":"&#8222;Dekorieren Sie Ihr Zuhause, geht darum, Ihre Pers\u00f6nlichkeit zu zeigen, nicht alles weg zu verbergen&#8220; &#8211; einen f\u00fchrenden Innenarchitekten, was zu sehen ist und was Sie versteckt halten sollen"},"content":{"rendered":"<div id=\"article-body\" class=\"article__body \">\n<p>Alle Ihre Dinge m\u00fcssen ein Zuhause in Ihrem Haus haben, um eine friedliche Lebensumgebung zu schaffen. Wenn alles drau\u00dfen ist und nicht an einem \u00fcberlegten Ort ist, ist es eine ziemlich stressige Art zu leben. Also, welches Projekt wir also annehmen, wir beginnen immer mit dem Grundriss, herausfinden, wof\u00fcr die R\u00e4ume verwendet werden und wohin alles gehen sollte.<\/p>\n<div id=\"ad-unit-1\" class=\"ad-unit\"><\/div>\n<p>Das hei\u00dft nicht, dass alles in versteckten Speicherideen versteckt werden muss. Ihre Besitzt\u00fcmer spiegeln Ihre Pers\u00f6nlichkeit wider, und einige von ihnen m\u00f6chten Sie ausstellen. Aber es geht darum, am Anfang zu trainieren, welche Dinge, die Sie verstecken m\u00f6chten (die langweiligen, praktischen) und was Sie sehen m\u00f6chten.<\/p>\n<figure class=\"van-image-figure inline-layout \" data-bordeaux-image-check>\n<div class=\"image-full-width-wrapper\">\n<div class=\"image-widthsetter\" style=\"max-width:2000px;\"><\/div>\n<\/div>\n<\/figure>\n<p>Custom Cabinetry ist oft eine sehr gute L\u00f6sung f\u00fcr den kreativen Speicher. Wir benutzen es gerne, insbesondere in kleinen R\u00e4umen: Sie k\u00f6nnen integrierte Regale entwerfen, die ein Bett oder ein Sofa umgeben, mit Ecken f\u00fcr alles.<\/p>\n<div class=\"van_vid_carousel\">\n<div class=\"van_vid_carousel__padding\">\n<div class=\"van_vid_carousel__container\"><\/div>\n<\/div>\n<\/div>\n<aside data-component-name=\"Recirculation:ArticleRiver\" data-nosnippet class=\"pt-3 pb-4 mb-4 border-b border-solid border-(#333)\">\n<span class=\"\nafter:content-('') after:flex-1 after:ml-4 after:my-(0.7rem) after:border-t-(#333) after:border-t after:border-solid\nbefore:content-('') before:flex-1 before:mr-4 before:my-(0.7rem) before:border-t-(#333) before:border-t before:border-solid\nfont-article-heading pb-3 !text-base font-bold uppercase sm:text-sm text-(#333) flex\"><\/p>\n<p>Sie m\u00f6gen m\u00f6gen<br \/>\n<\/span><\/p>\n<ul class=\"flex flex-col gap-3 m-0\">\n<li class=\"m-0 list-none\" name=\"recirculation-inline\" data-analytics-id=\"recirculation-inline-1\" analytics-label=\"adviser:related\">\n<picture data-new-v2-image=\"true\" class=\"w-(--article-river-thumbnail-width,60px) flex-shrink-0\"><source type=\"image\/webp\"  ><\/source><\/p>\n<\/picture>\n<span class=\"hover:text-inherit font-article-heading text-base text-(#333) leading-5 content-center\">Wie dieser Innenarchitekte mit einem Spielzimmer im Zentrum dieser farbenfrohen Apartment in Manhattan in Manhattan angepackt wurde &#8211; es musste eine Balance aus &#8222;sch\u00f6n und funktional&#8220; sein, um zu sein.<\/span><\/p>\n<\/li>\n<li class=\"m-0 list-none\" name=\"recirculation-inline\" data-analytics-id=\"recirculation-inline-2\" analytics-label=\"adviser:related\">\n<picture data-new-v2-image=\"true\" class=\"w-(--article-river-thumbnail-width,60px) flex-shrink-0\"><source type=\"image\/webp\"  ><\/source><br \/>\n<img decoding=\"async\" alt=\"Ankleidezimmer mit eingebauten Schr\u00e4nken und Spiegelfliesen an einer Wand. Graue Tapete.\"   loading=\"lazy\" data-new-v2-image=\"true\" src=\"https:\/\/www.strassenweb.de\/nachrichten\/wp-content\/uploads\/2025\/07\/au6fTcNUwnDRXEFPTGDqyf.jpg\" data-pin-media=\"https:\/\/www.strassenweb.de\/nachrichten\/wp-content\/uploads\/2025\/07\/au6fTcNUwnDRXEFPTGDqyf.jpg\" data-pin-nopin=\"true\" class=\"aspect-(--img-listing-aspect-ratio,16\/9) object-cover w-(--article-river-thumbnail-width,60px) flex-shrink-0\">\n<\/picture>\n<span class=\"hover:text-inherit font-article-heading text-base text-(#333) leading-5 content-center\">9 Kleidung Aufbewahrungsideen von den Profis, um jedem Schlafzimmer ein Boutique -Gef\u00fchl zu verleihen &#8211; jeden Tag einfach zu kleiden machen<\/span><\/p>\n<\/li>\n<\/ul>\n<\/aside>\n<p>In einem B\u00fcro, das wir entworfen haben, hatten wir ein Tagesbett von Regalen umgeben, mit Hockern, die in die Regale geschleudert wurden, die als Nachttische verwendet werden konnten, wenn die G\u00e4ste vorbei blieben. Eingebaute Kleiderschr\u00e4nke sind oft die platzg\u00fcnstigsten-Sie k\u00f6nnen sie auf den Raum anpassen, den Sie haben.<\/p>\n<div id=\"ad-unit-2\" class=\"ad-unit\"><\/div>\n<figure class=\"van-image-figure inline-layout \" data-bordeaux-image-check>\n<div class=\"image-full-width-wrapper\">\n<div class=\"image-widthsetter\" style=\"max-width:2000px;\"><\/div>\n<\/div>\n<\/figure>\n<p>Freistehende M\u00f6bel sind ebenfalls wichtig. Ich denke, Sie brauchen eine Mischung aus integriert und freistehend. Wir beziehen h\u00e4ufig antike M\u00f6bel wie einen W\u00e4scheschrank als Badezimmerlager oder verwenden ein vorhandenes St\u00fcck, m\u00f6glicherweise indem wir ihm eine neue Farbfarbe verleihen oder die Hardware \u00e4ndern.<\/p>\n<p>Multifunktionale R\u00e4ume ben\u00f6tigen h\u00e4ufig clevere Speichertricks. Zum Beispiel haben wir in einem k\u00fcrzlich entworfenen Speisesaal-Spielraum einen kleinen Vorhang \u00fcber einen ungenutzten Kamin gelegt, in dem wir Spielzeug aufbewahren konnten. In Wohnzimmern, die von der ganzen Familie genutzt werden, sind Osmanen mit Lagerung im Inneren ein gro\u00dfartiger Raumspeicher.<\/p>\n<figure class=\"van-image-figure inline-layout \" data-bordeaux-image-check>\n<div class=\"image-full-width-wrapper\">\n<div class=\"image-widthsetter\" style=\"max-width:2000px;\"><\/div>\n<\/div>\n<\/figure>\n<p>K\u00fcchen sind R\u00e4ume, die sorgf\u00e4ltig ber\u00fccksichtigt werden m\u00fcssen. Wir verwenden oft eine Mischung aus offener und geschlossener Lagerung in der K\u00fcche &#8211; Sie m\u00f6chten eine visuelle Mischung. Meine alte K\u00fcche hatte keine sehr hohen Decken, so dass wir keine Wandschr\u00e4nke benutzten und stattdessen ein zur\u00fcckgewonnenes Regal mit Kunst und Objekten mit Haken f\u00fcr Pfannen und Utensilien zeigten.<\/p>\n<p>Vorratskammern k\u00f6nnen eine clevere M\u00f6glichkeit sein, alles aus der Hauptk\u00fcche herauszuholen &#8211; und Sie k\u00f6nnen auch in den kleinsten R\u00e4umen einen machen. Ich legte die Mikrowelle oft in ein Regal in einer Speisekammer, um sie aus dem Hauptraum zu bekommen, und ich mag es, Essen in Glasgl\u00e4ser zu dekantieren. Stoffr\u00f6cke Verkleidungsger\u00e4te sind auch eine nette Geste. Ich mag es, so viel Stoff in einen Raum wie m\u00f6glich zu bringen, um den Look zu erweichen.<\/p>\n<figure class=\"van-image-figure inline-layout \" data-bordeaux-image-check>\n<div class=\"image-full-width-wrapper\">\n<div class=\"image-widthsetter\" style=\"max-width:2000px;\"><\/div>\n<\/div>\n<\/figure>\n<p>Speicherk\u00f6rbe sind h\u00e4ufig die Antwort. Wir verwenden sie viel, z. B. unter Waschbecken oder Waschtischen im Badezimmer oder zur Aufbewahrung von Picknickausr\u00fcstung auf Schr\u00e4nken in K\u00fcchen oder G\u00e4stebettw\u00e4sche \u00fcber Kleiderschr\u00e4nken in Schlafzimmern.<\/p>\n<p>Haken sind so n\u00fctzlich f\u00fcr die Aufbewahrung &#8211; in Badezimmern f\u00fcr Handt\u00fccher und Roben oder auf den T\u00fcren von T\u00fcren f\u00fcr M\u00e4ntel oder Kleiderb\u00fcgel. Sie m\u00fcssen nur sch\u00f6ne Hardware ausw\u00e4hlen, da sie immer ausgestellt ist.<\/p>\n<figure class=\"van-image-figure inline-layout \" data-bordeaux-image-check>\n<div class=\"image-full-width-wrapper\">\n<div class=\"image-widthsetter\" style=\"max-width:2000px;\"><\/div>\n<\/div>\n<\/figure>\n<p>Flure sind immer eine Speicherherausforderung &#8211; besonders schmale Eing\u00e4nge. Wir legen oft ein Regal \u00fcber einen K\u00fchler, wenn Sie eingehen und Ihre Schl\u00fcssel irgendwo platzieren m\u00f6chten, oder einen Konsolentisch, wenn mehr Platz vorhanden ist. Wenn es m\u00f6glich ist, k\u00f6nnen Sie kluge Dinge mit dem Raum unter der Treppe tun.<\/p>\n<aside data-block-type=\"embed\" data-render-type=\"fte\" data-skip=\"dealsy\" data-widget-type=\"seasonal\" class=\"hawk-base\"><\/aside>\n<p>Denken Sie daran, welcher Ihrer Sch\u00e4tze Sie aufbewahren m\u00f6chten. Bei der Dekoration Ihres Hauses geht es darum, Ihre Pers\u00f6nlichkeit zu zeigen &#8211; nicht alles zu verbergen. Haben Sie kleine Sammlungen von Dingen auf offenem Regalen oder in Glasschr\u00e4nken und sind stolz auf das, was Sie ausstellen.<\/p>\n<h2 id=\"shop-chic-storage-3\">Shot Chic Storage<\/h2>\n<div class=\"product-container hero-product-container product-block-no-wrap\">\n<div class=\"product-block-row\"><\/div>\n<div class=\"product-block-row\"><\/div>\n<div class=\"product-block-row\"><\/div>\n<\/div>\n<\/div>\n","protected":false},"excerpt":{"rendered":"<p>Alle Ihre Dinge m\u00fcssen ein Zuhause in Ihrem Haus haben, um eine friedliche Lebensumgebung zu schaffen. Wenn alles drau\u00dfen ist und nicht an einem \u00fcberlegten<\/p>\n","protected":false},"author":1,"featured_media":6122,"comment_status":"closed","ping_status":"","sticky":false,"template":"","format":"standard","meta":{"footnotes":""},"categories":[118],"tags":[157,3634,1126,166,8493,510,720,170,225,717,15,61,4002,1559,165,721,37,7720,5230,1226,706,171],"class_list":["post-6121","post","type-post","status-publish","format-standard","has-post-thumbnail","hentry","category-haus-garten","tag-alles","tag-darum","tag-dekorieren","tag-einen","tag-fuehrenden","tag-geht","tag-halten","tag-ihr","tag-ihre","tag-innenarchitekten","tag-ist","tag-nicht","tag-persoenlichkeit","tag-sehen","tag-sie","tag-sollen","tag-und","tag-verbergen","tag-versteckt","tag-weg","tag-zeigen","tag-zuhause","generate-columns","tablet-grid-50","mobile-grid-100","grid-parent","grid-50"],"yoast_head":"<!-- This site is optimized with the Yoast SEO plugin v27.3 - https:\/\/yoast.com\/product\/yoast-seo-wordpress\/ -->\n<title>&quot;Dekorieren Sie Ihr Zuhause, geht darum, Ihre Pers\u00f6nlichkeit zu zeigen, nicht alles weg zu verbergen&quot; - einen f\u00fchrenden Innenarchitekten, was zu sehen ist und was Sie versteckt halten sollen - Nachrichten - Stra\u00dfenweb<\/title>\n<meta name=\"robots\" content=\"index, follow, max-snippet:-1, max-image-preview:large, max-video-preview:-1\" \/>\n<link rel=\"canonical\" href=\"https:\/\/www.strassenweb.de\/nachrichten\/dekorieren-sie-ihr-zuhause-geht-darum-ihre-persoenlichkeit-zu-zeigen-nicht-alles-weg-zu-verbergen-einen-fuehrenden-innenarchitekten-was-zu-sehen-ist-und-was-sie-versteckt-halten-sollen\/\" \/>\n<meta property=\"og:locale\" content=\"de_DE\" \/>\n<meta property=\"og:type\" content=\"article\" \/>\n<meta property=\"og:title\" content=\"&quot;Dekorieren Sie Ihr Zuhause, geht darum, Ihre Pers\u00f6nlichkeit zu zeigen, nicht alles weg zu verbergen&quot; - einen f\u00fchrenden Innenarchitekten, was zu sehen ist und was Sie versteckt halten sollen - Nachrichten - Stra\u00dfenweb\" \/>\n<meta property=\"og:description\" content=\"Alle Ihre Dinge m\u00fcssen ein Zuhause in Ihrem Haus haben, um eine friedliche Lebensumgebung zu schaffen. Wenn alles drau\u00dfen ist und nicht an einem \u00fcberlegten\" \/>\n<meta property=\"og:url\" content=\"https:\/\/www.strassenweb.de\/nachrichten\/dekorieren-sie-ihr-zuhause-geht-darum-ihre-persoenlichkeit-zu-zeigen-nicht-alles-weg-zu-verbergen-einen-fuehrenden-innenarchitekten-was-zu-sehen-ist-und-was-sie-versteckt-halten-sollen\/\" \/>\n<meta property=\"og:site_name\" content=\"Stra\u00dfenweb\" \/>\n<meta property=\"article:publisher\" content=\"https:\/\/www.facebook.com\/strassenweb\/\" \/>\n<meta property=\"article:published_time\" content=\"2025-07-07T11:41:39+00:00\" \/>\n<meta property=\"article:modified_time\" content=\"2025-07-07T11:41:40+00:00\" \/>\n<meta property=\"og:image\" content=\"https:\/\/www.strassenweb.de\/nachrichten\/wp-content\/uploads\/2025\/07\/Dekorieren-Sie-Ihr-Zuhause-geht-darum-Ihre-Persoenlichkeit-zu-zeigen.jpg\" \/>\n\t<meta property=\"og:image:width\" content=\"1600\" \/>\n\t<meta property=\"og:image:height\" content=\"900\" \/>\n\t<meta property=\"og:image:type\" content=\"image\/jpeg\" \/>\n<meta name=\"author\" content=\"Robert Hoffmann\" \/>\n<meta name=\"twitter:card\" content=\"summary_large_image\" \/>\n<meta name=\"twitter:label1\" content=\"Verfasst von\" \/>\n\t<meta name=\"twitter:data1\" content=\"Robert Hoffmann\" \/>\n\t<meta name=\"twitter:label2\" content=\"Gesch\u00e4tzte Lesezeit\" \/>\n\t<meta name=\"twitter:data2\" content=\"4\u00a0Minuten\" \/>\n<script type=\"application\/ld+json\" class=\"yoast-schema-graph\">{\"@context\":\"https:\\\/\\\/schema.org\",\"@graph\":[{\"@type\":\"Article\",\"@id\":\"https:\\\/\\\/www.strassenweb.de\\\/nachrichten\\\/dekorieren-sie-ihr-zuhause-geht-darum-ihre-persoenlichkeit-zu-zeigen-nicht-alles-weg-zu-verbergen-einen-fuehrenden-innenarchitekten-was-zu-sehen-ist-und-was-sie-versteckt-halten-sollen\\\/#article\",\"isPartOf\":{\"@id\":\"https:\\\/\\\/www.strassenweb.de\\\/nachrichten\\\/dekorieren-sie-ihr-zuhause-geht-darum-ihre-persoenlichkeit-zu-zeigen-nicht-alles-weg-zu-verbergen-einen-fuehrenden-innenarchitekten-was-zu-sehen-ist-und-was-sie-versteckt-halten-sollen\\\/\"},\"author\":{\"name\":\"Robert Hoffmann\",\"@id\":\"https:\\\/\\\/www.strassenweb.de\\\/nachrichten\\\/#\\\/schema\\\/person\\\/87c9c9067f1211da429a744dc5a5aa41\"},\"headline\":\"&#8222;Dekorieren Sie Ihr Zuhause, geht darum, Ihre Pers\u00f6nlichkeit zu zeigen, nicht alles weg zu verbergen&#8220; &#8211; einen f\u00fchrenden Innenarchitekten, was zu sehen ist und was Sie versteckt halten sollen\",\"datePublished\":\"2025-07-07T11:41:39+00:00\",\"dateModified\":\"2025-07-07T11:41:40+00:00\",\"mainEntityOfPage\":{\"@id\":\"https:\\\/\\\/www.strassenweb.de\\\/nachrichten\\\/dekorieren-sie-ihr-zuhause-geht-darum-ihre-persoenlichkeit-zu-zeigen-nicht-alles-weg-zu-verbergen-einen-fuehrenden-innenarchitekten-was-zu-sehen-ist-und-was-sie-versteckt-halten-sollen\\\/\"},\"wordCount\":742,\"publisher\":{\"@id\":\"https:\\\/\\\/www.strassenweb.de\\\/nachrichten\\\/#organization\"},\"image\":{\"@id\":\"https:\\\/\\\/www.strassenweb.de\\\/nachrichten\\\/dekorieren-sie-ihr-zuhause-geht-darum-ihre-persoenlichkeit-zu-zeigen-nicht-alles-weg-zu-verbergen-einen-fuehrenden-innenarchitekten-was-zu-sehen-ist-und-was-sie-versteckt-halten-sollen\\\/#primaryimage\"},\"thumbnailUrl\":\"https:\\\/\\\/www.strassenweb.de\\\/nachrichten\\\/wp-content\\\/uploads\\\/2025\\\/07\\\/Dekorieren-Sie-Ihr-Zuhause-geht-darum-Ihre-Persoenlichkeit-zu-zeigen.jpg\",\"keywords\":[\"alles\",\"darum\",\"dekorieren\",\"einen\",\"f\u00fchrenden\",\"geht\",\"halten\",\"Ihr\",\"ihre\",\"Innenarchitekten\",\"ist\",\"nicht\",\"Pers\u00f6nlichkeit\",\"sehen\",\"Sie\",\"sollen\",\"und\",\"verbergen\",\"versteckt\",\"Weg\",\"zeigen\",\"Zuhause\"],\"articleSection\":[\"Haus &amp; Garten\"],\"inLanguage\":\"de\"},{\"@type\":\"WebPage\",\"@id\":\"https:\\\/\\\/www.strassenweb.de\\\/nachrichten\\\/dekorieren-sie-ihr-zuhause-geht-darum-ihre-persoenlichkeit-zu-zeigen-nicht-alles-weg-zu-verbergen-einen-fuehrenden-innenarchitekten-was-zu-sehen-ist-und-was-sie-versteckt-halten-sollen\\\/\",\"url\":\"https:\\\/\\\/www.strassenweb.de\\\/nachrichten\\\/dekorieren-sie-ihr-zuhause-geht-darum-ihre-persoenlichkeit-zu-zeigen-nicht-alles-weg-zu-verbergen-einen-fuehrenden-innenarchitekten-was-zu-sehen-ist-und-was-sie-versteckt-halten-sollen\\\/\",\"name\":\"\\\"Dekorieren Sie Ihr Zuhause, geht darum, Ihre Pers\u00f6nlichkeit zu zeigen, nicht alles weg zu verbergen\\\" - einen f\u00fchrenden Innenarchitekten, was zu sehen ist und was Sie versteckt halten sollen - Nachrichten - Stra\u00dfenweb\",\"isPartOf\":{\"@id\":\"https:\\\/\\\/www.strassenweb.de\\\/nachrichten\\\/#website\"},\"primaryImageOfPage\":{\"@id\":\"https:\\\/\\\/www.strassenweb.de\\\/nachrichten\\\/dekorieren-sie-ihr-zuhause-geht-darum-ihre-persoenlichkeit-zu-zeigen-nicht-alles-weg-zu-verbergen-einen-fuehrenden-innenarchitekten-was-zu-sehen-ist-und-was-sie-versteckt-halten-sollen\\\/#primaryimage\"},\"image\":{\"@id\":\"https:\\\/\\\/www.strassenweb.de\\\/nachrichten\\\/dekorieren-sie-ihr-zuhause-geht-darum-ihre-persoenlichkeit-zu-zeigen-nicht-alles-weg-zu-verbergen-einen-fuehrenden-innenarchitekten-was-zu-sehen-ist-und-was-sie-versteckt-halten-sollen\\\/#primaryimage\"},\"thumbnailUrl\":\"https:\\\/\\\/www.strassenweb.de\\\/nachrichten\\\/wp-content\\\/uploads\\\/2025\\\/07\\\/Dekorieren-Sie-Ihr-Zuhause-geht-darum-Ihre-Persoenlichkeit-zu-zeigen.jpg\",\"datePublished\":\"2025-07-07T11:41:39+00:00\",\"dateModified\":\"2025-07-07T11:41:40+00:00\",\"breadcrumb\":{\"@id\":\"https:\\\/\\\/www.strassenweb.de\\\/nachrichten\\\/dekorieren-sie-ihr-zuhause-geht-darum-ihre-persoenlichkeit-zu-zeigen-nicht-alles-weg-zu-verbergen-einen-fuehrenden-innenarchitekten-was-zu-sehen-ist-und-was-sie-versteckt-halten-sollen\\\/#breadcrumb\"},\"inLanguage\":\"de\",\"potentialAction\":[{\"@type\":\"ReadAction\",\"target\":[\"https:\\\/\\\/www.strassenweb.de\\\/nachrichten\\\/dekorieren-sie-ihr-zuhause-geht-darum-ihre-persoenlichkeit-zu-zeigen-nicht-alles-weg-zu-verbergen-einen-fuehrenden-innenarchitekten-was-zu-sehen-ist-und-was-sie-versteckt-halten-sollen\\\/\"]}]},{\"@type\":\"ImageObject\",\"inLanguage\":\"de\",\"@id\":\"https:\\\/\\\/www.strassenweb.de\\\/nachrichten\\\/dekorieren-sie-ihr-zuhause-geht-darum-ihre-persoenlichkeit-zu-zeigen-nicht-alles-weg-zu-verbergen-einen-fuehrenden-innenarchitekten-was-zu-sehen-ist-und-was-sie-versteckt-halten-sollen\\\/#primaryimage\",\"url\":\"https:\\\/\\\/www.strassenweb.de\\\/nachrichten\\\/wp-content\\\/uploads\\\/2025\\\/07\\\/Dekorieren-Sie-Ihr-Zuhause-geht-darum-Ihre-Persoenlichkeit-zu-zeigen.jpg\",\"contentUrl\":\"https:\\\/\\\/www.strassenweb.de\\\/nachrichten\\\/wp-content\\\/uploads\\\/2025\\\/07\\\/Dekorieren-Sie-Ihr-Zuhause-geht-darum-Ihre-Persoenlichkeit-zu-zeigen.jpg\",\"width\":1600,\"height\":900,\"caption\":\"Yellow bedroom with striped headboard and light blue built in narrow storage unit filled with books\"},{\"@type\":\"BreadcrumbList\",\"@id\":\"https:\\\/\\\/www.strassenweb.de\\\/nachrichten\\\/dekorieren-sie-ihr-zuhause-geht-darum-ihre-persoenlichkeit-zu-zeigen-nicht-alles-weg-zu-verbergen-einen-fuehrenden-innenarchitekten-was-zu-sehen-ist-und-was-sie-versteckt-halten-sollen\\\/#breadcrumb\",\"itemListElement\":[{\"@type\":\"ListItem\",\"position\":1,\"name\":\"Home\",\"item\":\"https:\\\/\\\/www.strassenweb.de\\\/nachrichten\\\/\"},{\"@type\":\"ListItem\",\"position\":2,\"name\":\"&#8222;Dekorieren Sie Ihr Zuhause, geht darum, Ihre Pers\u00f6nlichkeit zu zeigen, nicht alles weg zu verbergen&#8220; &#8211; einen f\u00fchrenden Innenarchitekten, was zu sehen ist und was Sie versteckt halten sollen\"}]},{\"@type\":\"WebSite\",\"@id\":\"https:\\\/\\\/www.strassenweb.de\\\/nachrichten\\\/#website\",\"url\":\"https:\\\/\\\/www.strassenweb.de\\\/nachrichten\\\/\",\"name\":\"Stra\u00dfenweb\",\"description\":\"Stra\u00dfenverzeichnis f\u00fcr Deutschland\",\"publisher\":{\"@id\":\"https:\\\/\\\/www.strassenweb.de\\\/nachrichten\\\/#organization\"},\"potentialAction\":[{\"@type\":\"SearchAction\",\"target\":{\"@type\":\"EntryPoint\",\"urlTemplate\":\"https:\\\/\\\/www.strassenweb.de\\\/nachrichten\\\/?s={search_term_string}\"},\"query-input\":{\"@type\":\"PropertyValueSpecification\",\"valueRequired\":true,\"valueName\":\"search_term_string\"}}],\"inLanguage\":\"de\"},{\"@type\":\"Organization\",\"@id\":\"https:\\\/\\\/www.strassenweb.de\\\/nachrichten\\\/#organization\",\"name\":\"Stra\u00dfenweb\",\"url\":\"https:\\\/\\\/www.strassenweb.de\\\/nachrichten\\\/\",\"logo\":{\"@type\":\"ImageObject\",\"inLanguage\":\"de\",\"@id\":\"https:\\\/\\\/www.strassenweb.de\\\/nachrichten\\\/#\\\/schema\\\/logo\\\/image\\\/\",\"url\":\"https:\\\/\\\/www.strassenweb.de\\\/nachrichten\\\/wp-content\\\/uploads\\\/2024\\\/09\\\/cropped-favicon.png\",\"contentUrl\":\"https:\\\/\\\/www.strassenweb.de\\\/nachrichten\\\/wp-content\\\/uploads\\\/2024\\\/09\\\/cropped-favicon.png\",\"width\":512,\"height\":512,\"caption\":\"Stra\u00dfenweb\"},\"image\":{\"@id\":\"https:\\\/\\\/www.strassenweb.de\\\/nachrichten\\\/#\\\/schema\\\/logo\\\/image\\\/\"},\"sameAs\":[\"https:\\\/\\\/www.facebook.com\\\/strassenweb\\\/\"]},{\"@type\":\"Person\",\"@id\":\"https:\\\/\\\/www.strassenweb.de\\\/nachrichten\\\/#\\\/schema\\\/person\\\/87c9c9067f1211da429a744dc5a5aa41\",\"name\":\"Robert Hoffmann\",\"image\":{\"@type\":\"ImageObject\",\"inLanguage\":\"de\",\"@id\":\"https:\\\/\\\/www.strassenweb.de\\\/nachrichten\\\/wp-content\\\/uploads\\\/2024\\\/09\\\/strassenweb-150x150.jpg\",\"url\":\"https:\\\/\\\/www.strassenweb.de\\\/nachrichten\\\/wp-content\\\/uploads\\\/2024\\\/09\\\/strassenweb-150x150.jpg\",\"contentUrl\":\"https:\\\/\\\/www.strassenweb.de\\\/nachrichten\\\/wp-content\\\/uploads\\\/2024\\\/09\\\/strassenweb-150x150.jpg\",\"caption\":\"Robert Hoffmann\"},\"description\":\"Ich hei\u00dfe Robert Hoffmann und ich bin ein leidenschaftlicher Verfechter von \u00d6kologie und Biodiversit\u00e4t. Seit meiner Kindheit in den W\u00e4ldern Bayerns f\u00fchle ich mich mit der Natur verbunden und bin entschlossen, sie zu sch\u00fctzen. Heute widme ich mein Leben der Sensibilisierung anderer f\u00fcr die Bedeutung des Umweltschutzes f\u00fcr zuk\u00fcnftige Generationen.\",\"sameAs\":[\"https:\\\/\\\/www.strassenweb.de\\\/\"]}]}<\/script>\n<!-- \/ Yoast SEO plugin. -->","yoast_head_json":{"title":"\"Dekorieren Sie Ihr Zuhause, geht darum, Ihre Pers\u00f6nlichkeit zu zeigen, nicht alles weg zu verbergen\" - einen f\u00fchrenden Innenarchitekten, was zu sehen ist und was Sie versteckt halten sollen - Nachrichten - Stra\u00dfenweb","robots":{"index":"index","follow":"follow","max-snippet":"max-snippet:-1","max-image-preview":"max-image-preview:large","max-video-preview":"max-video-preview:-1"},"canonical":"https:\/\/www.strassenweb.de\/nachrichten\/dekorieren-sie-ihr-zuhause-geht-darum-ihre-persoenlichkeit-zu-zeigen-nicht-alles-weg-zu-verbergen-einen-fuehrenden-innenarchitekten-was-zu-sehen-ist-und-was-sie-versteckt-halten-sollen\/","og_locale":"de_DE","og_type":"article","og_title":"\"Dekorieren Sie Ihr Zuhause, geht darum, Ihre Pers\u00f6nlichkeit zu zeigen, nicht alles weg zu verbergen\" - einen f\u00fchrenden Innenarchitekten, was zu sehen ist und was Sie versteckt halten sollen - Nachrichten - Stra\u00dfenweb","og_description":"Alle Ihre Dinge m\u00fcssen ein Zuhause in Ihrem Haus haben, um eine friedliche Lebensumgebung zu schaffen. Wenn alles drau\u00dfen ist und nicht an einem \u00fcberlegten","og_url":"https:\/\/www.strassenweb.de\/nachrichten\/dekorieren-sie-ihr-zuhause-geht-darum-ihre-persoenlichkeit-zu-zeigen-nicht-alles-weg-zu-verbergen-einen-fuehrenden-innenarchitekten-was-zu-sehen-ist-und-was-sie-versteckt-halten-sollen\/","og_site_name":"Stra\u00dfenweb","article_publisher":"https:\/\/www.facebook.com\/strassenweb\/","article_published_time":"2025-07-07T11:41:39+00:00","article_modified_time":"2025-07-07T11:41:40+00:00","og_image":[{"width":1600,"height":900,"url":"https:\/\/www.strassenweb.de\/nachrichten\/wp-content\/uploads\/2025\/07\/Dekorieren-Sie-Ihr-Zuhause-geht-darum-Ihre-Persoenlichkeit-zu-zeigen.jpg","type":"image\/jpeg"}],"author":"Robert Hoffmann","twitter_card":"summary_large_image","twitter_misc":{"Verfasst von":"Robert Hoffmann","Gesch\u00e4tzte Lesezeit":"4\u00a0Minuten"},"schema":{"@context":"https:\/\/schema.org","@graph":[{"@type":"Article","@id":"https:\/\/www.strassenweb.de\/nachrichten\/dekorieren-sie-ihr-zuhause-geht-darum-ihre-persoenlichkeit-zu-zeigen-nicht-alles-weg-zu-verbergen-einen-fuehrenden-innenarchitekten-was-zu-sehen-ist-und-was-sie-versteckt-halten-sollen\/#article","isPartOf":{"@id":"https:\/\/www.strassenweb.de\/nachrichten\/dekorieren-sie-ihr-zuhause-geht-darum-ihre-persoenlichkeit-zu-zeigen-nicht-alles-weg-zu-verbergen-einen-fuehrenden-innenarchitekten-was-zu-sehen-ist-und-was-sie-versteckt-halten-sollen\/"},"author":{"name":"Robert Hoffmann","@id":"https:\/\/www.strassenweb.de\/nachrichten\/#\/schema\/person\/87c9c9067f1211da429a744dc5a5aa41"},"headline":"&#8222;Dekorieren Sie Ihr Zuhause, geht darum, Ihre Pers\u00f6nlichkeit zu zeigen, nicht alles weg zu verbergen&#8220; &#8211; einen f\u00fchrenden Innenarchitekten, was zu sehen ist und was Sie versteckt halten sollen","datePublished":"2025-07-07T11:41:39+00:00","dateModified":"2025-07-07T11:41:40+00:00","mainEntityOfPage":{"@id":"https:\/\/www.strassenweb.de\/nachrichten\/dekorieren-sie-ihr-zuhause-geht-darum-ihre-persoenlichkeit-zu-zeigen-nicht-alles-weg-zu-verbergen-einen-fuehrenden-innenarchitekten-was-zu-sehen-ist-und-was-sie-versteckt-halten-sollen\/"},"wordCount":742,"publisher":{"@id":"https:\/\/www.strassenweb.de\/nachrichten\/#organization"},"image":{"@id":"https:\/\/www.strassenweb.de\/nachrichten\/dekorieren-sie-ihr-zuhause-geht-darum-ihre-persoenlichkeit-zu-zeigen-nicht-alles-weg-zu-verbergen-einen-fuehrenden-innenarchitekten-was-zu-sehen-ist-und-was-sie-versteckt-halten-sollen\/#primaryimage"},"thumbnailUrl":"https:\/\/www.strassenweb.de\/nachrichten\/wp-content\/uploads\/2025\/07\/Dekorieren-Sie-Ihr-Zuhause-geht-darum-Ihre-Persoenlichkeit-zu-zeigen.jpg","keywords":["alles","darum","dekorieren","einen","f\u00fchrenden","geht","halten","Ihr","ihre","Innenarchitekten","ist","nicht","Pers\u00f6nlichkeit","sehen","Sie","sollen","und","verbergen","versteckt","Weg","zeigen","Zuhause"],"articleSection":["Haus &amp; Garten"],"inLanguage":"de"},{"@type":"WebPage","@id":"https:\/\/www.strassenweb.de\/nachrichten\/dekorieren-sie-ihr-zuhause-geht-darum-ihre-persoenlichkeit-zu-zeigen-nicht-alles-weg-zu-verbergen-einen-fuehrenden-innenarchitekten-was-zu-sehen-ist-und-was-sie-versteckt-halten-sollen\/","url":"https:\/\/www.strassenweb.de\/nachrichten\/dekorieren-sie-ihr-zuhause-geht-darum-ihre-persoenlichkeit-zu-zeigen-nicht-alles-weg-zu-verbergen-einen-fuehrenden-innenarchitekten-was-zu-sehen-ist-und-was-sie-versteckt-halten-sollen\/","name":"\"Dekorieren Sie Ihr Zuhause, geht darum, Ihre Pers\u00f6nlichkeit zu zeigen, nicht alles weg zu verbergen\" - einen f\u00fchrenden Innenarchitekten, was zu sehen ist und was Sie versteckt halten sollen - Nachrichten - Stra\u00dfenweb","isPartOf":{"@id":"https:\/\/www.strassenweb.de\/nachrichten\/#website"},"primaryImageOfPage":{"@id":"https:\/\/www.strassenweb.de\/nachrichten\/dekorieren-sie-ihr-zuhause-geht-darum-ihre-persoenlichkeit-zu-zeigen-nicht-alles-weg-zu-verbergen-einen-fuehrenden-innenarchitekten-was-zu-sehen-ist-und-was-sie-versteckt-halten-sollen\/#primaryimage"},"image":{"@id":"https:\/\/www.strassenweb.de\/nachrichten\/dekorieren-sie-ihr-zuhause-geht-darum-ihre-persoenlichkeit-zu-zeigen-nicht-alles-weg-zu-verbergen-einen-fuehrenden-innenarchitekten-was-zu-sehen-ist-und-was-sie-versteckt-halten-sollen\/#primaryimage"},"thumbnailUrl":"https:\/\/www.strassenweb.de\/nachrichten\/wp-content\/uploads\/2025\/07\/Dekorieren-Sie-Ihr-Zuhause-geht-darum-Ihre-Persoenlichkeit-zu-zeigen.jpg","datePublished":"2025-07-07T11:41:39+00:00","dateModified":"2025-07-07T11:41:40+00:00","breadcrumb":{"@id":"https:\/\/www.strassenweb.de\/nachrichten\/dekorieren-sie-ihr-zuhause-geht-darum-ihre-persoenlichkeit-zu-zeigen-nicht-alles-weg-zu-verbergen-einen-fuehrenden-innenarchitekten-was-zu-sehen-ist-und-was-sie-versteckt-halten-sollen\/#breadcrumb"},"inLanguage":"de","potentialAction":[{"@type":"ReadAction","target":["https:\/\/www.strassenweb.de\/nachrichten\/dekorieren-sie-ihr-zuhause-geht-darum-ihre-persoenlichkeit-zu-zeigen-nicht-alles-weg-zu-verbergen-einen-fuehrenden-innenarchitekten-was-zu-sehen-ist-und-was-sie-versteckt-halten-sollen\/"]}]},{"@type":"ImageObject","inLanguage":"de","@id":"https:\/\/www.strassenweb.de\/nachrichten\/dekorieren-sie-ihr-zuhause-geht-darum-ihre-persoenlichkeit-zu-zeigen-nicht-alles-weg-zu-verbergen-einen-fuehrenden-innenarchitekten-was-zu-sehen-ist-und-was-sie-versteckt-halten-sollen\/#primaryimage","url":"https:\/\/www.strassenweb.de\/nachrichten\/wp-content\/uploads\/2025\/07\/Dekorieren-Sie-Ihr-Zuhause-geht-darum-Ihre-Persoenlichkeit-zu-zeigen.jpg","contentUrl":"https:\/\/www.strassenweb.de\/nachrichten\/wp-content\/uploads\/2025\/07\/Dekorieren-Sie-Ihr-Zuhause-geht-darum-Ihre-Persoenlichkeit-zu-zeigen.jpg","width":1600,"height":900,"caption":"Yellow bedroom with striped headboard and light blue built in narrow storage unit filled with books"},{"@type":"BreadcrumbList","@id":"https:\/\/www.strassenweb.de\/nachrichten\/dekorieren-sie-ihr-zuhause-geht-darum-ihre-persoenlichkeit-zu-zeigen-nicht-alles-weg-zu-verbergen-einen-fuehrenden-innenarchitekten-was-zu-sehen-ist-und-was-sie-versteckt-halten-sollen\/#breadcrumb","itemListElement":[{"@type":"ListItem","position":1,"name":"Home","item":"https:\/\/www.strassenweb.de\/nachrichten\/"},{"@type":"ListItem","position":2,"name":"&#8222;Dekorieren Sie Ihr Zuhause, geht darum, Ihre Pers\u00f6nlichkeit zu zeigen, nicht alles weg zu verbergen&#8220; &#8211; einen f\u00fchrenden Innenarchitekten, was zu sehen ist und was Sie versteckt halten sollen"}]},{"@type":"WebSite","@id":"https:\/\/www.strassenweb.de\/nachrichten\/#website","url":"https:\/\/www.strassenweb.de\/nachrichten\/","name":"Stra\u00dfenweb","description":"Stra\u00dfenverzeichnis f\u00fcr Deutschland","publisher":{"@id":"https:\/\/www.strassenweb.de\/nachrichten\/#organization"},"potentialAction":[{"@type":"SearchAction","target":{"@type":"EntryPoint","urlTemplate":"https:\/\/www.strassenweb.de\/nachrichten\/?s={search_term_string}"},"query-input":{"@type":"PropertyValueSpecification","valueRequired":true,"valueName":"search_term_string"}}],"inLanguage":"de"},{"@type":"Organization","@id":"https:\/\/www.strassenweb.de\/nachrichten\/#organization","name":"Stra\u00dfenweb","url":"https:\/\/www.strassenweb.de\/nachrichten\/","logo":{"@type":"ImageObject","inLanguage":"de","@id":"https:\/\/www.strassenweb.de\/nachrichten\/#\/schema\/logo\/image\/","url":"https:\/\/www.strassenweb.de\/nachrichten\/wp-content\/uploads\/2024\/09\/cropped-favicon.png","contentUrl":"https:\/\/www.strassenweb.de\/nachrichten\/wp-content\/uploads\/2024\/09\/cropped-favicon.png","width":512,"height":512,"caption":"Stra\u00dfenweb"},"image":{"@id":"https:\/\/www.strassenweb.de\/nachrichten\/#\/schema\/logo\/image\/"},"sameAs":["https:\/\/www.facebook.com\/strassenweb\/"]},{"@type":"Person","@id":"https:\/\/www.strassenweb.de\/nachrichten\/#\/schema\/person\/87c9c9067f1211da429a744dc5a5aa41","name":"Robert Hoffmann","image":{"@type":"ImageObject","inLanguage":"de","@id":"https:\/\/www.strassenweb.de\/nachrichten\/wp-content\/uploads\/2024\/09\/strassenweb-150x150.jpg","url":"https:\/\/www.strassenweb.de\/nachrichten\/wp-content\/uploads\/2024\/09\/strassenweb-150x150.jpg","contentUrl":"https:\/\/www.strassenweb.de\/nachrichten\/wp-content\/uploads\/2024\/09\/strassenweb-150x150.jpg","caption":"Robert Hoffmann"},"description":"Ich hei\u00dfe Robert Hoffmann und ich bin ein leidenschaftlicher Verfechter von \u00d6kologie und Biodiversit\u00e4t. Seit meiner Kindheit in den W\u00e4ldern Bayerns f\u00fchle ich mich mit der Natur verbunden und bin entschlossen, sie zu sch\u00fctzen. Heute widme ich mein Leben der Sensibilisierung anderer f\u00fcr die Bedeutung des Umweltschutzes f\u00fcr zuk\u00fcnftige Generationen.","sameAs":["https:\/\/www.strassenweb.de\/"]}]}},"_links":{"self":[{"href":"https:\/\/www.strassenweb.de\/nachrichten\/wp-json\/wp\/v2\/posts\/6121","targetHints":{"allow":["GET"]}}],"collection":[{"href":"https:\/\/www.strassenweb.de\/nachrichten\/wp-json\/wp\/v2\/posts"}],"about":[{"href":"https:\/\/www.strassenweb.de\/nachrichten\/wp-json\/wp\/v2\/types\/post"}],"author":[{"embeddable":true,"href":"https:\/\/www.strassenweb.de\/nachrichten\/wp-json\/wp\/v2\/users\/1"}],"replies":[{"embeddable":true,"href":"https:\/\/www.strassenweb.de\/nachrichten\/wp-json\/wp\/v2\/comments?post=6121"}],"version-history":[{"count":0,"href":"https:\/\/www.strassenweb.de\/nachrichten\/wp-json\/wp\/v2\/posts\/6121\/revisions"}],"wp:featuredmedia":[{"embeddable":true,"href":"https:\/\/www.strassenweb.de\/nachrichten\/wp-json\/wp\/v2\/media\/6122"}],"wp:attachment":[{"href":"https:\/\/www.strassenweb.de\/nachrichten\/wp-json\/wp\/v2\/media?parent=6121"}],"wp:term":[{"taxonomy":"category","embeddable":true,"href":"https:\/\/www.strassenweb.de\/nachrichten\/wp-json\/wp\/v2\/categories?post=6121"},{"taxonomy":"post_tag","embeddable":true,"href":"https:\/\/www.strassenweb.de\/nachrichten\/wp-json\/wp\/v2\/tags?post=6121"}],"curies":[{"name":"wp","href":"https:\/\/api.w.org\/{rel}","templated":true}]}}