{"id":610,"date":"2024-10-05T01:39:25","date_gmt":"2024-10-04T23:39:25","guid":{"rendered":"https:\/\/www.strassenweb.de\/nachrichten\/der-westeuropaeische-bestand-an-turteltauben-ist-nach-voruebergehendem-jagdverbot-um-25-gestiegen\/"},"modified":"2024-10-05T01:39:26","modified_gmt":"2024-10-04T23:39:26","slug":"der-westeuropaeische-bestand-an-turteltauben-ist-nach-voruebergehendem-jagdverbot-um-25-gestiegen","status":"publish","type":"post","link":"https:\/\/www.strassenweb.de\/nachrichten\/der-westeuropaeische-bestand-an-turteltauben-ist-nach-voruebergehendem-jagdverbot-um-25-gestiegen\/","title":{"rendered":"Der westeurop\u00e4ische Bestand an Turteltauben ist nach vor\u00fcbergehendem Jagdverbot um 25 % gestiegen"},"content":{"rendered":"<ul class=\"wp-block-list\">\n<li>Natursch\u00fctzer feiern einen deutlichen Anstieg der Turteltaubenzahlen in Westeuropa nach nur zwei Jahren Jagdmoratorium, was der britischen Bev\u00f6lkerung Hoffnung f\u00fcr die Zukunft gibt.<\/li>\n<li>Die Nachricht \u00fcber den 25-prozentigen Anstieg der Turteltaubenpopulation in ganz Westeuropa, d. h. um weitere 400.000 Brutpaare, von 2021 bis 2023, kommt zu einem Zeitpunkt, zu dem Frankreich, Spanien und Portugal eine Jagdpause im vierten Jahr best\u00e4tigen.<\/li>\n<li>Im Vereinigten K\u00f6nigreich tragen Landwirte, Landbesitzer, Gemeinden und Freiwillige durch das Projekt \u201eOperation Turtle Dove\u201c dazu bei, den lebenswichtigen Lebensraum dieser Zugv\u00f6gel hier am n\u00f6rdlichen Rand ihres Brutgebiets zu sichern. Das RSPB und unsere Projektpartner gehen davon aus, dass diese Bem\u00fchungen zusammen mit dem Bev\u00f6lkerungswachstum auf dem westlichen Kontinent dazu f\u00fchren werden, dass die Zahl der Turteltauben im Vereinigten K\u00f6nigreich erneut steigen wird.<\/li>\n<\/ul>\n<p>Natursch\u00fctzer in ganz Westeuropa jubeln, nachdem ein neuer Bericht einen rapiden Anstieg der Turteltauben-Brutpopulation um 25 % aufzeigt, nachdem die Turteltaubenjagd nur zwei Jahre lang verboten war.<\/p>\n<p>Der f\u00fcr die Europ\u00e4ische Kommission erstellte Bericht stammt von einem internationalen Wissenschaftlerteam, das Regierungen bei der nachhaltigen Bewirtschaftung ihrer Turteltaubenpopulationen ber\u00e4t. Das seit 2021 in Frankreich, Spanien und Portugal geltende vor\u00fcbergehende Jagdverbot resultierte aus evidenzbasierten Ratschl\u00e4gen desselben Teams.<\/p>\n<p>Die Jagd auf Turteltauben wird seit vielen Jahren in Frankreich, Spanien und Portugal betrieben, und vor 2018 wurden allein in diesen drei L\u00e4ndern jeden Herbst rund eine Million Turteltauben gejagt. Diese Zahlen waren f\u00fcr die Population eindeutig nicht tragbar und f\u00fchrten zur Entwicklung eines besseren Managementsystems, beginnend mit dem j\u00fcngsten vor\u00fcbergehenden Jagdverbot. Der im Bericht offenbarte schnelle anf\u00e4ngliche Erfolg dieses Verbots hat allen drei beteiligten L\u00e4ndern den Ansto\u00df gegeben, im Jahr 2024 zum vierten Mal in Folge keine Turteltaubenjagd einzuf\u00fchren. <\/p>\n<p>Als Teil eines langfristigen nachhaltigen Managementprozesses wurde dieses Jagdmoratorium in einem internationalen Aktionsplan zum Schutz der Turteltauben gefordert. Das RSPB leitete die Erstellung dieses Plans, der 2018 ins Leben gerufen wurde und Experten aus dem gesamten Verbreitungsgebiet der Turteltaube zusammenbringt, um grenz\u00fcberschreitend zusammenzuarbeiten, um die Ma\u00dfnahmen zu ermitteln, die erforderlich sind, um die Zukunft der Turteltaube, auch als Brutvogel im Vereinigten K\u00f6nigreich, zu sichern.<\/p>\n<p><strong>Der Hauptautor des Berichts an die Europ\u00e4ische Kommission, Dr. Carles Carboneras vom spanischen Institut f\u00fcr Wild- und Wildtierforschung (IREC), sagte<\/strong> \u201e<em>Der rasche Beginn der Erholung der westeurop\u00e4ischen Brutpopulation der Turteltauben seit 2021 zeigt uns den Wert eines gut recherchierten und gut umgesetzten Schutzaktionsplans. Der gemeinsame internationale Plan zeigte uns, welche Ma\u00dfnahmen in welchem \u200b\u200bUmfang und an welcher Stelle erforderlich waren. Mit unserer wissenschaftlichen Beratung haben Regierungen, Landverwalter und J\u00e4ger die Empfehlungen des Plans umgesetzt, und wir beginnen gerade erst, den daraus resultierenden Erfolg zu sehen.\u201c <\/em><\/p>\n<p>Derselbe Plan macht deutlich, dass die andere vorrangige Schutzma\u00dfnahme f\u00fcr Turteltauben darin besteht, sicherzustellen, dass ihnen gute Lebensr\u00e4ume f\u00fcr die Brutzeit zur Verf\u00fcgung stehen. Dies gilt insbesondere f\u00fcr L\u00e4nder wie das Vereinigte K\u00f6nigreich, wo sich im 20. Jahrhundert die Art und Weise \u00e4nderte, wie wir unser Land bewirtschafteten<sup>Th<\/sup> Jahrhundert beraubte die Turteltauben einen Gro\u00dfteil ihrer Samennahrung. Aber wenn wir jetzt Hand in Hand mit den Landwirten arbeiten, k\u00f6nnen diese wichtigen Lebensr\u00e4ume wiederhergestellt werden.<\/p>\n<p><strong>sagte Rick Bayne, leitender Projektmanager f\u00fcr Operation Turtle Dove<\/strong>\u201e<em>Der j\u00fcngste Anstieg der Turteltaubenzahlen in ganz Westeuropa ist eine wirklich aufregende Nachricht, die unsere Bem\u00fchungen zum Schutz dieser V\u00f6gel hier im Vereinigten K\u00f6nigreich umso lohnenswerter macht.<\/em><\/p>\n<p><em>Wie diese Nachricht und der Internationale Artenschutzplan<sup>1<\/sup> zeigt deutlich, dass die Kombination aus der Beendigung der nicht nachhaltigen Jagd und der Schaffung geeigneterer Lebensr\u00e4ume hier in ihren Brutgebieten der Schl\u00fcssel dazu ist, dass die Zahl dieser besonderen V\u00f6gel wieder steigt. Wir wissen, dass beide Ma\u00dfnahmen zusammen erfolgen m\u00fcssen, und diese hervorragende Nachricht ist ein \u00fcberzeugender Beweis daf\u00fcr, dass unsere Schutzstrategie f\u00fcr Turteltauben funktioniert.\u201c<\/em><\/p>\n<p>Operation Turtle Dove, eine Partnerschaft zwischen dem RSPB, Natural England, dem Pensthorpe Conservation Trust und Fair to Nature, hat es sich zum Ziel gesetzt, der Brutpopulation der Turteltauben im Vereinigten K\u00f6nigreich bei der Erholung zu helfen.<\/p>\n<p><strong>Rick f\u00e4hrt fort: \u201e<\/strong><em>Wir werden in Frankreich, Spanien und Portugal ein viertes Jahr ohne Jagd erleben; die gleichen L\u00e4nder, durch die alle in Westeuropa br\u00fctenden Turteltauben \u2013 einschlie\u00dflich aller im Vereinigten K\u00f6nigreich br\u00fctenden \u2013 wandern. Das bedeutet, dass es jetzt an der Zeit ist, unsere Anstrengungen wirklich zu verdoppeln und daf\u00fcr zu sorgen, dass wir im Vereinigten K\u00f6nigreich noch mehr Nist- und Nahrungsgebiete schaffen, damit immer mehr von uns den sommerlichen Schnurrruf dieses wunderbaren Vogels genie\u00dfen k\u00f6nnen.\u201c<\/em><\/p>\n<p>Die j\u00fcngste und rasche Erholung in ganz Westeuropa \u2013 dieser Gesamtbestand umfasst mittlerweile fast 2 Millionen Brutgebiete \u2013 gibt Hunderten von Landwirten und Landbesitzern im Vereinigten K\u00f6nigreich Hoffnung, die auf ihrem Land lebenswichtige Lebensr\u00e4ume f\u00fcr Turteltauben bieten; Bl\u00fchende Parzellen und Beete zur Bereitstellung von Samennahrung und dichtes Dornengestr\u00fcpp zur Schaffung sicherer Nistpl\u00e4tze. Es wird vorhergesagt, dass mehr Turteltauben das Vereinigte K\u00f6nigreich erreichen werden, um diese Lebensr\u00e4ume zu nutzen und im Gegenzug mehr eigene K\u00fcken aufzuziehen, was die Zahl weiter steigern wird. Das Vereinigte K\u00f6nigreich liegt am n\u00f6rdlichen Rand der westeurop\u00e4ischen Bev\u00f6lkerung und es wird erwartet, dass die \u201eErholungswelle\u201c etwas l\u00e4nger brauchen wird, um diesen n\u00f6rdlichen Rand zu erreichen, aber sie wird uns erreichen.<\/p>\n<p>Die Schaffung und der Schutz von Lebensr\u00e4umen auf Ackerland, von samenreichen Bl\u00fchfl\u00e4chen und Teichen bis hin zu dornigen Buschwerken und hohen, breiten Hecken \u2013 sogar in G\u00e4rten und \u00f6rtlichen Gr\u00fcnfl\u00e4chen \u2013 kann Turteltauben bei ihrer R\u00fcckkehr nach Gro\u00dfbritannien zugute kommen und sicherstellen, dass diese R\u00e4ume f\u00fcr Turteltauben geeignet sind . Nachdem die V\u00f6gel auf ihrem Zug von Afrika s\u00fcdlich der Sahara 3.000 Meilen durch Frankreich, Spanien und Portugal gereist sind, k\u00f6nnen sie dank dieser Arbeit hier im Vereinigten K\u00f6nigreich schnell neue Kraft tanken und mit dem Br\u00fcten beginnen, wobei die Paare im Sommer, wenn die Bedingungen f\u00fcr sie gut sind, mehrere Bruten aufziehen. Auch andere V\u00f6gel in diesen Gebieten, wie das Rebhuhn, die Nachtigall und die Goldammer, sowie eine ganze Reihe anderer Wildtiere k\u00f6nnen von dem f\u00fcr Turteltauben freundlichen Lebensraum profitieren.  <\/p>\n<p><strong>Wie Dr. Guy Anderson, Programmmanager f\u00fcr Zugv\u00f6gel beim RSPB, sagte<\/strong> <em>\u201eDer Beginn einer Erholung der Turteltauben auf kontinentalem Niveau ist sicherlich etwas, das gefeiert werden muss. Die weiterhin fantastische Arbeit unserer naturfreundlichen Landwirte, Landverwalter und Gemeinden wird von entscheidender Bedeutung sein, um sicherzustellen, dass diesen besonderen V\u00f6geln der richtige Lebensraum zur Verf\u00fcgung steht, wenn sie hierher zum Br\u00fcten ziehen. Aber nachdem all dies geschehen ist, k\u00f6nnen wir uns darauf freuen, zu beobachten, wie sich auch die Brutpopulation im Vereinigten K\u00f6nigreich erholt. Jetzt brauchen unsere Landwirte mehr denn je die Garantie der Unterst\u00fctzung durch die Regierungen des Vereinigten K\u00f6nigreichs durch Agrarumweltprogramme, um weiterhin auf diese Weise mit der Natur zu arbeiten und Landwirte in die Lage zu versetzen, nicht nur f\u00fcr die Tierwelt, sondern auch f\u00fcr das Klima und langfristige Nahrungsmittel zu sorgen Sicherheit auch\u201c.<\/em><\/p>\n<hr class=\"wp-block-separator has-alpha-channel-opacity\">\n<p><em>: Turteltaube Streptopelia turtur, Erwachsener sitzt im Wei\u00dfdornbusch, Bedfordshire, Mai, Ben Andrew (rspb-images.com)<\/em><\/p>\n","protected":false},"excerpt":{"rendered":"<p>Natursch\u00fctzer feiern einen deutlichen Anstieg der Turteltaubenzahlen in Westeuropa nach nur zwei Jahren Jagdmoratorium, was der britischen Bev\u00f6lkerung Hoffnung f\u00fcr die Zukunft gibt. Die Nachricht<\/p>\n","protected":false},"author":1,"featured_media":611,"comment_status":"closed","ping_status":"","sticky":false,"template":"","format":"standard","meta":{"footnotes":""},"categories":[101],"tags":[1217,81,1221,15,1220,341,1218,1219,1216],"class_list":["post-610","post","type-post","status-publish","format-standard","has-post-thumbnail","hentry","category-oekologie","tag-bestand","tag-der","tag-gestiegen","tag-ist","tag-jagdverbot","tag-nach","tag-turteltauben","tag-voruebergehendem","tag-westeuropaeische","generate-columns","tablet-grid-50","mobile-grid-100","grid-parent","grid-50"],"yoast_head":"<!-- This site is optimized with the Yoast SEO plugin v27.3 - https:\/\/yoast.com\/product\/yoast-seo-wordpress\/ -->\n<title>Der westeurop\u00e4ische Bestand an Turteltauben ist nach vor\u00fcbergehendem Jagdverbot um 25 % gestiegen - Nachrichten - Stra\u00dfenweb<\/title>\n<meta name=\"robots\" content=\"index, follow, max-snippet:-1, max-image-preview:large, max-video-preview:-1\" \/>\n<link rel=\"canonical\" href=\"https:\/\/www.strassenweb.de\/nachrichten\/der-westeuropaeische-bestand-an-turteltauben-ist-nach-voruebergehendem-jagdverbot-um-25-gestiegen\/\" \/>\n<meta property=\"og:locale\" content=\"de_DE\" \/>\n<meta property=\"og:type\" content=\"article\" \/>\n<meta property=\"og:title\" content=\"Der westeurop\u00e4ische Bestand an Turteltauben ist nach vor\u00fcbergehendem Jagdverbot um 25 % gestiegen - Nachrichten - Stra\u00dfenweb\" \/>\n<meta property=\"og:description\" content=\"Natursch\u00fctzer feiern einen deutlichen Anstieg der Turteltaubenzahlen in Westeuropa nach nur zwei Jahren Jagdmoratorium, was der britischen Bev\u00f6lkerung Hoffnung f\u00fcr die Zukunft gibt. Die Nachricht\" \/>\n<meta property=\"og:url\" content=\"https:\/\/www.strassenweb.de\/nachrichten\/der-westeuropaeische-bestand-an-turteltauben-ist-nach-voruebergehendem-jagdverbot-um-25-gestiegen\/\" \/>\n<meta property=\"og:site_name\" content=\"Stra\u00dfenweb\" \/>\n<meta property=\"article:publisher\" content=\"https:\/\/www.facebook.com\/strassenweb\/\" \/>\n<meta property=\"article:published_time\" content=\"2024-10-04T23:39:25+00:00\" \/>\n<meta property=\"article:modified_time\" content=\"2024-10-04T23:39:26+00:00\" \/>\n<meta property=\"og:image\" content=\"https:\/\/www.strassenweb.de\/nachrichten\/wp-content\/uploads\/2024\/10\/Der-westeuropaeische-Bestand-an-Turteltauben-ist-nach-voruebergehendem-Jagdverbot-um.jpg\" \/>\n\t<meta property=\"og:image:width\" content=\"900\" \/>\n\t<meta property=\"og:image:height\" content=\"629\" \/>\n\t<meta property=\"og:image:type\" content=\"image\/jpeg\" \/>\n<meta name=\"author\" content=\"Robert Hoffmann\" \/>\n<meta name=\"twitter:card\" content=\"summary_large_image\" \/>\n<meta name=\"twitter:label1\" content=\"Verfasst von\" \/>\n\t<meta name=\"twitter:data1\" content=\"Robert Hoffmann\" \/>\n\t<meta name=\"twitter:label2\" content=\"Gesch\u00e4tzte Lesezeit\" \/>\n\t<meta name=\"twitter:data2\" content=\"6\u00a0Minuten\" \/>\n<script type=\"application\/ld+json\" class=\"yoast-schema-graph\">{\"@context\":\"https:\\\/\\\/schema.org\",\"@graph\":[{\"@type\":\"Article\",\"@id\":\"https:\\\/\\\/www.strassenweb.de\\\/nachrichten\\\/der-westeuropaeische-bestand-an-turteltauben-ist-nach-voruebergehendem-jagdverbot-um-25-gestiegen\\\/#article\",\"isPartOf\":{\"@id\":\"https:\\\/\\\/www.strassenweb.de\\\/nachrichten\\\/der-westeuropaeische-bestand-an-turteltauben-ist-nach-voruebergehendem-jagdverbot-um-25-gestiegen\\\/\"},\"author\":{\"name\":\"Robert Hoffmann\",\"@id\":\"https:\\\/\\\/www.strassenweb.de\\\/nachrichten\\\/#\\\/schema\\\/person\\\/87c9c9067f1211da429a744dc5a5aa41\"},\"headline\":\"Der westeurop\u00e4ische Bestand an Turteltauben ist nach vor\u00fcbergehendem Jagdverbot um 25 % gestiegen\",\"datePublished\":\"2024-10-04T23:39:25+00:00\",\"dateModified\":\"2024-10-04T23:39:26+00:00\",\"mainEntityOfPage\":{\"@id\":\"https:\\\/\\\/www.strassenweb.de\\\/nachrichten\\\/der-westeuropaeische-bestand-an-turteltauben-ist-nach-voruebergehendem-jagdverbot-um-25-gestiegen\\\/\"},\"wordCount\":1200,\"publisher\":{\"@id\":\"https:\\\/\\\/www.strassenweb.de\\\/nachrichten\\\/#organization\"},\"image\":{\"@id\":\"https:\\\/\\\/www.strassenweb.de\\\/nachrichten\\\/der-westeuropaeische-bestand-an-turteltauben-ist-nach-voruebergehendem-jagdverbot-um-25-gestiegen\\\/#primaryimage\"},\"thumbnailUrl\":\"https:\\\/\\\/www.strassenweb.de\\\/nachrichten\\\/wp-content\\\/uploads\\\/2024\\\/10\\\/Der-westeuropaeische-Bestand-an-Turteltauben-ist-nach-voruebergehendem-Jagdverbot-um.jpg\",\"keywords\":[\"Bestand\",\"der\",\"gestiegen\",\"ist\",\"Jagdverbot\",\"Nach\",\"Turteltauben\",\"vor\u00fcbergehendem\",\"westeurop\u00e4ische\"],\"articleSection\":[\"\u00d6kologie\"],\"inLanguage\":\"de\"},{\"@type\":\"WebPage\",\"@id\":\"https:\\\/\\\/www.strassenweb.de\\\/nachrichten\\\/der-westeuropaeische-bestand-an-turteltauben-ist-nach-voruebergehendem-jagdverbot-um-25-gestiegen\\\/\",\"url\":\"https:\\\/\\\/www.strassenweb.de\\\/nachrichten\\\/der-westeuropaeische-bestand-an-turteltauben-ist-nach-voruebergehendem-jagdverbot-um-25-gestiegen\\\/\",\"name\":\"Der westeurop\u00e4ische Bestand an Turteltauben ist nach vor\u00fcbergehendem Jagdverbot um 25 % gestiegen - Nachrichten - Stra\u00dfenweb\",\"isPartOf\":{\"@id\":\"https:\\\/\\\/www.strassenweb.de\\\/nachrichten\\\/#website\"},\"primaryImageOfPage\":{\"@id\":\"https:\\\/\\\/www.strassenweb.de\\\/nachrichten\\\/der-westeuropaeische-bestand-an-turteltauben-ist-nach-voruebergehendem-jagdverbot-um-25-gestiegen\\\/#primaryimage\"},\"image\":{\"@id\":\"https:\\\/\\\/www.strassenweb.de\\\/nachrichten\\\/der-westeuropaeische-bestand-an-turteltauben-ist-nach-voruebergehendem-jagdverbot-um-25-gestiegen\\\/#primaryimage\"},\"thumbnailUrl\":\"https:\\\/\\\/www.strassenweb.de\\\/nachrichten\\\/wp-content\\\/uploads\\\/2024\\\/10\\\/Der-westeuropaeische-Bestand-an-Turteltauben-ist-nach-voruebergehendem-Jagdverbot-um.jpg\",\"datePublished\":\"2024-10-04T23:39:25+00:00\",\"dateModified\":\"2024-10-04T23:39:26+00:00\",\"breadcrumb\":{\"@id\":\"https:\\\/\\\/www.strassenweb.de\\\/nachrichten\\\/der-westeuropaeische-bestand-an-turteltauben-ist-nach-voruebergehendem-jagdverbot-um-25-gestiegen\\\/#breadcrumb\"},\"inLanguage\":\"de\",\"potentialAction\":[{\"@type\":\"ReadAction\",\"target\":[\"https:\\\/\\\/www.strassenweb.de\\\/nachrichten\\\/der-westeuropaeische-bestand-an-turteltauben-ist-nach-voruebergehendem-jagdverbot-um-25-gestiegen\\\/\"]}]},{\"@type\":\"ImageObject\",\"inLanguage\":\"de\",\"@id\":\"https:\\\/\\\/www.strassenweb.de\\\/nachrichten\\\/der-westeuropaeische-bestand-an-turteltauben-ist-nach-voruebergehendem-jagdverbot-um-25-gestiegen\\\/#primaryimage\",\"url\":\"https:\\\/\\\/www.strassenweb.de\\\/nachrichten\\\/wp-content\\\/uploads\\\/2024\\\/10\\\/Der-westeuropaeische-Bestand-an-Turteltauben-ist-nach-voruebergehendem-Jagdverbot-um.jpg\",\"contentUrl\":\"https:\\\/\\\/www.strassenweb.de\\\/nachrichten\\\/wp-content\\\/uploads\\\/2024\\\/10\\\/Der-westeuropaeische-Bestand-an-Turteltauben-ist-nach-voruebergehendem-Jagdverbot-um.jpg\",\"width\":900,\"height\":629,\"caption\":\"Western European population of Turtle Doves up 25% following temporary hunting ban\"},{\"@type\":\"BreadcrumbList\",\"@id\":\"https:\\\/\\\/www.strassenweb.de\\\/nachrichten\\\/der-westeuropaeische-bestand-an-turteltauben-ist-nach-voruebergehendem-jagdverbot-um-25-gestiegen\\\/#breadcrumb\",\"itemListElement\":[{\"@type\":\"ListItem\",\"position\":1,\"name\":\"Home\",\"item\":\"https:\\\/\\\/www.strassenweb.de\\\/nachrichten\\\/\"},{\"@type\":\"ListItem\",\"position\":2,\"name\":\"Der westeurop\u00e4ische Bestand an Turteltauben ist nach vor\u00fcbergehendem Jagdverbot um 25 % gestiegen\"}]},{\"@type\":\"WebSite\",\"@id\":\"https:\\\/\\\/www.strassenweb.de\\\/nachrichten\\\/#website\",\"url\":\"https:\\\/\\\/www.strassenweb.de\\\/nachrichten\\\/\",\"name\":\"Stra\u00dfenweb\",\"description\":\"Stra\u00dfenverzeichnis f\u00fcr Deutschland\",\"publisher\":{\"@id\":\"https:\\\/\\\/www.strassenweb.de\\\/nachrichten\\\/#organization\"},\"potentialAction\":[{\"@type\":\"SearchAction\",\"target\":{\"@type\":\"EntryPoint\",\"urlTemplate\":\"https:\\\/\\\/www.strassenweb.de\\\/nachrichten\\\/?s={search_term_string}\"},\"query-input\":{\"@type\":\"PropertyValueSpecification\",\"valueRequired\":true,\"valueName\":\"search_term_string\"}}],\"inLanguage\":\"de\"},{\"@type\":\"Organization\",\"@id\":\"https:\\\/\\\/www.strassenweb.de\\\/nachrichten\\\/#organization\",\"name\":\"Stra\u00dfenweb\",\"url\":\"https:\\\/\\\/www.strassenweb.de\\\/nachrichten\\\/\",\"logo\":{\"@type\":\"ImageObject\",\"inLanguage\":\"de\",\"@id\":\"https:\\\/\\\/www.strassenweb.de\\\/nachrichten\\\/#\\\/schema\\\/logo\\\/image\\\/\",\"url\":\"https:\\\/\\\/www.strassenweb.de\\\/nachrichten\\\/wp-content\\\/uploads\\\/2024\\\/09\\\/cropped-favicon.png\",\"contentUrl\":\"https:\\\/\\\/www.strassenweb.de\\\/nachrichten\\\/wp-content\\\/uploads\\\/2024\\\/09\\\/cropped-favicon.png\",\"width\":512,\"height\":512,\"caption\":\"Stra\u00dfenweb\"},\"image\":{\"@id\":\"https:\\\/\\\/www.strassenweb.de\\\/nachrichten\\\/#\\\/schema\\\/logo\\\/image\\\/\"},\"sameAs\":[\"https:\\\/\\\/www.facebook.com\\\/strassenweb\\\/\"]},{\"@type\":\"Person\",\"@id\":\"https:\\\/\\\/www.strassenweb.de\\\/nachrichten\\\/#\\\/schema\\\/person\\\/87c9c9067f1211da429a744dc5a5aa41\",\"name\":\"Robert Hoffmann\",\"image\":{\"@type\":\"ImageObject\",\"inLanguage\":\"de\",\"@id\":\"https:\\\/\\\/www.strassenweb.de\\\/nachrichten\\\/wp-content\\\/uploads\\\/2024\\\/09\\\/strassenweb-150x150.jpg\",\"url\":\"https:\\\/\\\/www.strassenweb.de\\\/nachrichten\\\/wp-content\\\/uploads\\\/2024\\\/09\\\/strassenweb-150x150.jpg\",\"contentUrl\":\"https:\\\/\\\/www.strassenweb.de\\\/nachrichten\\\/wp-content\\\/uploads\\\/2024\\\/09\\\/strassenweb-150x150.jpg\",\"caption\":\"Robert Hoffmann\"},\"description\":\"Ich hei\u00dfe Robert Hoffmann und ich bin ein leidenschaftlicher Verfechter von \u00d6kologie und Biodiversit\u00e4t. Seit meiner Kindheit in den W\u00e4ldern Bayerns f\u00fchle ich mich mit der Natur verbunden und bin entschlossen, sie zu sch\u00fctzen. Heute widme ich mein Leben der Sensibilisierung anderer f\u00fcr die Bedeutung des Umweltschutzes f\u00fcr zuk\u00fcnftige Generationen.\",\"sameAs\":[\"https:\\\/\\\/www.strassenweb.de\\\/\"]}]}<\/script>\n<!-- \/ Yoast SEO plugin. -->","yoast_head_json":{"title":"Der westeurop\u00e4ische Bestand an Turteltauben ist nach vor\u00fcbergehendem Jagdverbot um 25 % gestiegen - Nachrichten - Stra\u00dfenweb","robots":{"index":"index","follow":"follow","max-snippet":"max-snippet:-1","max-image-preview":"max-image-preview:large","max-video-preview":"max-video-preview:-1"},"canonical":"https:\/\/www.strassenweb.de\/nachrichten\/der-westeuropaeische-bestand-an-turteltauben-ist-nach-voruebergehendem-jagdverbot-um-25-gestiegen\/","og_locale":"de_DE","og_type":"article","og_title":"Der westeurop\u00e4ische Bestand an Turteltauben ist nach vor\u00fcbergehendem Jagdverbot um 25 % gestiegen - Nachrichten - Stra\u00dfenweb","og_description":"Natursch\u00fctzer feiern einen deutlichen Anstieg der Turteltaubenzahlen in Westeuropa nach nur zwei Jahren Jagdmoratorium, was der britischen Bev\u00f6lkerung Hoffnung f\u00fcr die Zukunft gibt. Die Nachricht","og_url":"https:\/\/www.strassenweb.de\/nachrichten\/der-westeuropaeische-bestand-an-turteltauben-ist-nach-voruebergehendem-jagdverbot-um-25-gestiegen\/","og_site_name":"Stra\u00dfenweb","article_publisher":"https:\/\/www.facebook.com\/strassenweb\/","article_published_time":"2024-10-04T23:39:25+00:00","article_modified_time":"2024-10-04T23:39:26+00:00","og_image":[{"width":900,"height":629,"url":"https:\/\/www.strassenweb.de\/nachrichten\/wp-content\/uploads\/2024\/10\/Der-westeuropaeische-Bestand-an-Turteltauben-ist-nach-voruebergehendem-Jagdverbot-um.jpg","type":"image\/jpeg"}],"author":"Robert Hoffmann","twitter_card":"summary_large_image","twitter_misc":{"Verfasst von":"Robert Hoffmann","Gesch\u00e4tzte Lesezeit":"6\u00a0Minuten"},"schema":{"@context":"https:\/\/schema.org","@graph":[{"@type":"Article","@id":"https:\/\/www.strassenweb.de\/nachrichten\/der-westeuropaeische-bestand-an-turteltauben-ist-nach-voruebergehendem-jagdverbot-um-25-gestiegen\/#article","isPartOf":{"@id":"https:\/\/www.strassenweb.de\/nachrichten\/der-westeuropaeische-bestand-an-turteltauben-ist-nach-voruebergehendem-jagdverbot-um-25-gestiegen\/"},"author":{"name":"Robert Hoffmann","@id":"https:\/\/www.strassenweb.de\/nachrichten\/#\/schema\/person\/87c9c9067f1211da429a744dc5a5aa41"},"headline":"Der westeurop\u00e4ische Bestand an Turteltauben ist nach vor\u00fcbergehendem Jagdverbot um 25 % gestiegen","datePublished":"2024-10-04T23:39:25+00:00","dateModified":"2024-10-04T23:39:26+00:00","mainEntityOfPage":{"@id":"https:\/\/www.strassenweb.de\/nachrichten\/der-westeuropaeische-bestand-an-turteltauben-ist-nach-voruebergehendem-jagdverbot-um-25-gestiegen\/"},"wordCount":1200,"publisher":{"@id":"https:\/\/www.strassenweb.de\/nachrichten\/#organization"},"image":{"@id":"https:\/\/www.strassenweb.de\/nachrichten\/der-westeuropaeische-bestand-an-turteltauben-ist-nach-voruebergehendem-jagdverbot-um-25-gestiegen\/#primaryimage"},"thumbnailUrl":"https:\/\/www.strassenweb.de\/nachrichten\/wp-content\/uploads\/2024\/10\/Der-westeuropaeische-Bestand-an-Turteltauben-ist-nach-voruebergehendem-Jagdverbot-um.jpg","keywords":["Bestand","der","gestiegen","ist","Jagdverbot","Nach","Turteltauben","vor\u00fcbergehendem","westeurop\u00e4ische"],"articleSection":["\u00d6kologie"],"inLanguage":"de"},{"@type":"WebPage","@id":"https:\/\/www.strassenweb.de\/nachrichten\/der-westeuropaeische-bestand-an-turteltauben-ist-nach-voruebergehendem-jagdverbot-um-25-gestiegen\/","url":"https:\/\/www.strassenweb.de\/nachrichten\/der-westeuropaeische-bestand-an-turteltauben-ist-nach-voruebergehendem-jagdverbot-um-25-gestiegen\/","name":"Der westeurop\u00e4ische Bestand an Turteltauben ist nach vor\u00fcbergehendem Jagdverbot um 25 % gestiegen - Nachrichten - Stra\u00dfenweb","isPartOf":{"@id":"https:\/\/www.strassenweb.de\/nachrichten\/#website"},"primaryImageOfPage":{"@id":"https:\/\/www.strassenweb.de\/nachrichten\/der-westeuropaeische-bestand-an-turteltauben-ist-nach-voruebergehendem-jagdverbot-um-25-gestiegen\/#primaryimage"},"image":{"@id":"https:\/\/www.strassenweb.de\/nachrichten\/der-westeuropaeische-bestand-an-turteltauben-ist-nach-voruebergehendem-jagdverbot-um-25-gestiegen\/#primaryimage"},"thumbnailUrl":"https:\/\/www.strassenweb.de\/nachrichten\/wp-content\/uploads\/2024\/10\/Der-westeuropaeische-Bestand-an-Turteltauben-ist-nach-voruebergehendem-Jagdverbot-um.jpg","datePublished":"2024-10-04T23:39:25+00:00","dateModified":"2024-10-04T23:39:26+00:00","breadcrumb":{"@id":"https:\/\/www.strassenweb.de\/nachrichten\/der-westeuropaeische-bestand-an-turteltauben-ist-nach-voruebergehendem-jagdverbot-um-25-gestiegen\/#breadcrumb"},"inLanguage":"de","potentialAction":[{"@type":"ReadAction","target":["https:\/\/www.strassenweb.de\/nachrichten\/der-westeuropaeische-bestand-an-turteltauben-ist-nach-voruebergehendem-jagdverbot-um-25-gestiegen\/"]}]},{"@type":"ImageObject","inLanguage":"de","@id":"https:\/\/www.strassenweb.de\/nachrichten\/der-westeuropaeische-bestand-an-turteltauben-ist-nach-voruebergehendem-jagdverbot-um-25-gestiegen\/#primaryimage","url":"https:\/\/www.strassenweb.de\/nachrichten\/wp-content\/uploads\/2024\/10\/Der-westeuropaeische-Bestand-an-Turteltauben-ist-nach-voruebergehendem-Jagdverbot-um.jpg","contentUrl":"https:\/\/www.strassenweb.de\/nachrichten\/wp-content\/uploads\/2024\/10\/Der-westeuropaeische-Bestand-an-Turteltauben-ist-nach-voruebergehendem-Jagdverbot-um.jpg","width":900,"height":629,"caption":"Western European population of Turtle Doves up 25% following temporary hunting ban"},{"@type":"BreadcrumbList","@id":"https:\/\/www.strassenweb.de\/nachrichten\/der-westeuropaeische-bestand-an-turteltauben-ist-nach-voruebergehendem-jagdverbot-um-25-gestiegen\/#breadcrumb","itemListElement":[{"@type":"ListItem","position":1,"name":"Home","item":"https:\/\/www.strassenweb.de\/nachrichten\/"},{"@type":"ListItem","position":2,"name":"Der westeurop\u00e4ische Bestand an Turteltauben ist nach vor\u00fcbergehendem Jagdverbot um 25 % gestiegen"}]},{"@type":"WebSite","@id":"https:\/\/www.strassenweb.de\/nachrichten\/#website","url":"https:\/\/www.strassenweb.de\/nachrichten\/","name":"Stra\u00dfenweb","description":"Stra\u00dfenverzeichnis f\u00fcr Deutschland","publisher":{"@id":"https:\/\/www.strassenweb.de\/nachrichten\/#organization"},"potentialAction":[{"@type":"SearchAction","target":{"@type":"EntryPoint","urlTemplate":"https:\/\/www.strassenweb.de\/nachrichten\/?s={search_term_string}"},"query-input":{"@type":"PropertyValueSpecification","valueRequired":true,"valueName":"search_term_string"}}],"inLanguage":"de"},{"@type":"Organization","@id":"https:\/\/www.strassenweb.de\/nachrichten\/#organization","name":"Stra\u00dfenweb","url":"https:\/\/www.strassenweb.de\/nachrichten\/","logo":{"@type":"ImageObject","inLanguage":"de","@id":"https:\/\/www.strassenweb.de\/nachrichten\/#\/schema\/logo\/image\/","url":"https:\/\/www.strassenweb.de\/nachrichten\/wp-content\/uploads\/2024\/09\/cropped-favicon.png","contentUrl":"https:\/\/www.strassenweb.de\/nachrichten\/wp-content\/uploads\/2024\/09\/cropped-favicon.png","width":512,"height":512,"caption":"Stra\u00dfenweb"},"image":{"@id":"https:\/\/www.strassenweb.de\/nachrichten\/#\/schema\/logo\/image\/"},"sameAs":["https:\/\/www.facebook.com\/strassenweb\/"]},{"@type":"Person","@id":"https:\/\/www.strassenweb.de\/nachrichten\/#\/schema\/person\/87c9c9067f1211da429a744dc5a5aa41","name":"Robert Hoffmann","image":{"@type":"ImageObject","inLanguage":"de","@id":"https:\/\/www.strassenweb.de\/nachrichten\/wp-content\/uploads\/2024\/09\/strassenweb-150x150.jpg","url":"https:\/\/www.strassenweb.de\/nachrichten\/wp-content\/uploads\/2024\/09\/strassenweb-150x150.jpg","contentUrl":"https:\/\/www.strassenweb.de\/nachrichten\/wp-content\/uploads\/2024\/09\/strassenweb-150x150.jpg","caption":"Robert Hoffmann"},"description":"Ich hei\u00dfe Robert Hoffmann und ich bin ein leidenschaftlicher Verfechter von \u00d6kologie und Biodiversit\u00e4t. Seit meiner Kindheit in den W\u00e4ldern Bayerns f\u00fchle ich mich mit der Natur verbunden und bin entschlossen, sie zu sch\u00fctzen. Heute widme ich mein Leben der Sensibilisierung anderer f\u00fcr die Bedeutung des Umweltschutzes f\u00fcr zuk\u00fcnftige Generationen.","sameAs":["https:\/\/www.strassenweb.de\/"]}]}},"_links":{"self":[{"href":"https:\/\/www.strassenweb.de\/nachrichten\/wp-json\/wp\/v2\/posts\/610","targetHints":{"allow":["GET"]}}],"collection":[{"href":"https:\/\/www.strassenweb.de\/nachrichten\/wp-json\/wp\/v2\/posts"}],"about":[{"href":"https:\/\/www.strassenweb.de\/nachrichten\/wp-json\/wp\/v2\/types\/post"}],"author":[{"embeddable":true,"href":"https:\/\/www.strassenweb.de\/nachrichten\/wp-json\/wp\/v2\/users\/1"}],"replies":[{"embeddable":true,"href":"https:\/\/www.strassenweb.de\/nachrichten\/wp-json\/wp\/v2\/comments?post=610"}],"version-history":[{"count":0,"href":"https:\/\/www.strassenweb.de\/nachrichten\/wp-json\/wp\/v2\/posts\/610\/revisions"}],"wp:featuredmedia":[{"embeddable":true,"href":"https:\/\/www.strassenweb.de\/nachrichten\/wp-json\/wp\/v2\/media\/611"}],"wp:attachment":[{"href":"https:\/\/www.strassenweb.de\/nachrichten\/wp-json\/wp\/v2\/media?parent=610"}],"wp:term":[{"taxonomy":"category","embeddable":true,"href":"https:\/\/www.strassenweb.de\/nachrichten\/wp-json\/wp\/v2\/categories?post=610"},{"taxonomy":"post_tag","embeddable":true,"href":"https:\/\/www.strassenweb.de\/nachrichten\/wp-json\/wp\/v2\/tags?post=610"}],"curies":[{"name":"wp","href":"https:\/\/api.w.org\/{rel}","templated":true}]}}