{"id":6098,"date":"2025-07-06T05:40:20","date_gmt":"2025-07-06T03:40:20","guid":{"rendered":"https:\/\/www.strassenweb.de\/nachrichten\/martha-stewarts-butterkueche-aus-den-1970er-jahren-feiert-ein-grosses-comeback-und-das-wiederholen-des-looks-koennte-nicht-einfacher-sein-hier-ist-die-einzige-farbe-die-sie-jetzt-benoetigen\/"},"modified":"2025-07-06T05:40:21","modified_gmt":"2025-07-06T03:40:21","slug":"martha-stewarts-butterkueche-aus-den-1970er-jahren-feiert-ein-grosses-comeback-und-das-wiederholen-des-looks-koennte-nicht-einfacher-sein-hier-ist-die-einzige-farbe-die-sie-jetzt-benoetigen","status":"publish","type":"post","link":"https:\/\/www.strassenweb.de\/nachrichten\/martha-stewarts-butterkueche-aus-den-1970er-jahren-feiert-ein-grosses-comeback-und-das-wiederholen-des-looks-koennte-nicht-einfacher-sein-hier-ist-die-einzige-farbe-die-sie-jetzt-benoetigen\/","title":{"rendered":"Martha Stewarts Butterk\u00fcche aus den 1970er Jahren feiert ein gro\u00dfes Comeback und das Wiederholen des Looks k\u00f6nnte nicht einfacher sein &#8211; hier ist die einzige Farbe, die Sie jetzt ben\u00f6tigen"},"content":{"rendered":"<div id=\"article-body\" class=\"article__body \">\n<p>Lange bevor Dopamin-Dekor und sonnenverw\u00f6hnte Innenr\u00e4ume in die Halt gingen, war Martha Stewart bereits der Kurve voraus. Ihre legend\u00e4re Butterk\u00fcche aus den 1970er Jahren mit weichen, goldenen T\u00f6nen und zeitlosen Charme feiert ein temperamentvolles Comeback &#8211; und alle Anzeichen deuten darauf hin, dass dieser warme, nostalgische Farbton zu einem der definierenden Farbtrends von 2026 wird.<\/p>\n<div id=\"ad-unit-1\" class=\"ad-unit\"><\/div>\n<p>Martha Stewarts buttergelbe K\u00fcche ist eine perfekte Verschmelzung von Nostalgie, Charme und cleverem Design. Es zeigt perfekt, wie Kulturerbe in zeitgen\u00f6ssischen H\u00e4usern sowohl freudig als auch dauerhaft sein kann. Dieser lebendige Farbton f\u00fcllt den Raum mit W\u00e4rme und ist ideal, um Ihrem Zuhause eine erhebende, positive Energie zu verleihen.<\/p>\n<aside data-block-type=\"embed\" data-render-type=\"fte\" data-skip=\"dealsy\" data-widget-type=\"seasonal\" class=\"hawk-base\"><\/aside>\n<p>Es ist offiziell: Die buttergelbe K\u00fcche ist f\u00fcr 2025 wirklich zur\u00fcck.<\/p>\n<div class=\"van_vid_carousel\">\n<div class=\"van_vid_carousel__padding\">\n<div class=\"van_vid_carousel__container\"><\/div>\n<\/div>\n<\/div>\n<aside data-component-name=\"Recirculation:ArticleRiver\" data-nosnippet class=\"pt-3 pb-4 mb-4 border-b border-solid border-(#333)\">\n<span class=\"\nafter:content-('') after:flex-1 after:ml-4 after:my-(0.7rem) after:border-t-(#333) after:border-t after:border-solid\nbefore:content-('') before:flex-1 before:mr-4 before:my-(0.7rem) before:border-t-(#333) before:border-t before:border-solid\nfont-article-heading pb-3 !text-base font-bold uppercase sm:text-sm text-(#333) flex\"><\/p>\n<p>Sie m\u00f6gen m\u00f6gen<br \/>\n<\/span><\/p>\n<ul class=\"flex flex-col gap-3 m-0\">\n<li class=\"m-0 list-none\" name=\"recirculation-inline\" data-analytics-id=\"recirculation-inline-1\" analytics-label=\"adviser:related\">\n<picture data-new-v2-image=\"true\" class=\"w-(--article-river-thumbnail-width,60px) flex-shrink-0\"><source type=\"image\/webp\"  ><\/source><\/p>\n<\/picture>\n<span class=\"hover:text-inherit font-article-heading text-base text-(#333) leading-5 content-center\">Martha Stewarts nostalgische K\u00fcchenschrankfarbe ersetzt Grau &#8211; und ich prognostiziere, dass dieser \u201eneue Neutral\u201c der herausragende Trend im Jahr 2026 sein wird<\/span><\/p>\n<\/li>\n<li class=\"m-0 list-none\" name=\"recirculation-inline\" data-analytics-id=\"recirculation-inline-2\" analytics-label=\"adviser:related\">\n<picture data-new-v2-image=\"true\" class=\"w-(--article-river-thumbnail-width,60px) flex-shrink-0\"><source type=\"image\/webp\"  ><\/source><br \/>\n<img decoding=\"async\" alt=\"Gloria Steinem in ihrem Wohnzimmer\"   loading=\"lazy\" data-new-v2-image=\"true\" src=\"https:\/\/www.strassenweb.de\/nachrichten\/wp-content\/uploads\/2025\/06\/ymXvBDADJH8BbYDtsTfjFC.jpg\" data-pin-media=\"https:\/\/www.strassenweb.de\/nachrichten\/wp-content\/uploads\/2025\/06\/ymXvBDADJH8BbYDtsTfjFC.jpg\" data-pin-nopin=\"true\" class=\"aspect-(--img-listing-aspect-ratio,16\/9) object-cover w-(--article-river-thumbnail-width,60px) flex-shrink-0\">\n<\/picture>\n<span class=\"hover:text-inherit font-article-heading text-base text-(#333) leading-5 content-center\">Gloria Steinem hat den gr\u00f6\u00dften Farbtrend 2025 in ihrem Wohnzimmer seit 1990 angenommen &#8211; ihr erhebender Raum versichert mir, dass er niemals aus der Mode gehen wird<\/span><\/p>\n<\/li>\n<\/ul>\n<\/aside>\n<div class=\"instagram-embed\">\n<blockquote class=\"instagram-media\" data-instgrm-version=\"6\" style=\"width:99.375%; width:-webkit-calc(100% - 2px); width:calc(100% - 2px);\">\n<p>Ein Beitrag, der von Martha Stewart (@MarthasteWart) geteilt wurde<\/p>\n<p>Ein Foto von on <\/p>\n<\/blockquote>\n<\/div>\n<p>Im Gegensatz zu den k\u00fchleren Graut\u00f6nen und starken Wei\u00dfen der vergangenen Jahre bietet Buttergelb etwas Weichlicheres und emotionaleres Resonanz. Es bringt eine Stimmungsw\u00e4rme mit sich, die sowohl raffiniert als auch zug\u00e4nglich ist, perfekt f\u00fcr R\u00e4ume, die als Herz des Hauses dienen. Designer stellen diesen Retro-Klassiker jetzt in erh\u00f6hten Oberfl\u00e4chen neu, von handgemalten K\u00fcchenschaltern bis hin zu Servieren.<\/p>\n<div id=\"ad-unit-2\" class=\"ad-unit\"><\/div>\n<p>\u201eUm Buttergelb in einem Wohnobjekt zu verwenden, m\u00fcssen Sie es als\u201e neutral \u201cim Schema betrachten. Als Folie, um andere Farben auszul\u00f6sen, um nicht alles andere zu \u00fcberwinden \u201c, erkl\u00e4rt Susan Deliss, ein Textildesigner und Innenarchitekt. &#8222;Vermeiden Sie alles, was Kanarien oder Banane sagt, und entscheiden Sie sich f\u00fcr etwas, das die Architektur auswirkt, oder erw\u00e4rmt sich einen k\u00fchleren Raum.&#8220;<\/p>\n<p>Wenn Sie sich fragen, welche Farben Sie mit Buttergelb kombinieren sollen, erwarten Sie, dass dieser Farbton mit nat\u00fcrlichen Texturen, warmen Metallen und cremigen Off-Whites gepaart wird und K\u00fcchen eine sonnenverw\u00f6hnte, gelebte Eleganz ausleihen. Ob in einem traditionellen Bauernhaus oder in einem modernen rustikalen Programm, Buttergelb ist bereit, eine ruhige Revolution zu f\u00fchren, die eine neue \u00c4ra des Farbvertrauens, des Komforts und des nostalgischen Luxus einleitet.<\/p>\n<p>Mit seinem beruhigenden Gef\u00fchl und seiner zur\u00fcckhaltenden Eleganz ist Buttergelb mehr als ein vor\u00fcbergehender Trend. Es ist eine R\u00fcckkehr zu W\u00e4rme, Weichheit und der Seele des Hauses. Und als wir uns auf 2026 schauen, ist klar: Martha hat es die ganze Zeit richtig gemacht.<\/p>\n<div id=\"slice-container-newsletterForm-articleInbodyContent-zYiwwrJmz5S8SqWPjf5WJY\" class=\"slice-container newsletter-inbodyContent-slice newsletterForm-articleInbodyContent-zYiwwrJmz5S8SqWPjf5WJY slice-container-newsletterForm\"><\/div>\n<figure class=\"van-image-figure inline-layout \" data-bordeaux-image-check>\n<div class=\"image-full-width-wrapper\">\n<div class=\"image-widthsetter\" style=\"max-width:2000px;\"><\/div>\n<\/div>\n<\/figure>\n<h3 class=\"article-body__section\" id=\"section-shop-the-yellow-edit\"><span>Kaufen Sie die gelbe Bearbeitung ein<\/span><\/h3>\n<p>Erhellen Sie Ihr Zuhause (nicht nur Ihre K\u00fcche) mit buttergelben Akzenten. Kaufen Sie mein bevorzugter lebendiges Heimdekor, das W\u00e4rme, Nostalgie und eine sonnige Stimmung in jedes Zimmer bringt.<\/p>\n<div class=\"product-container hero-product-container product-block-no-wrap\">\n<div class=\"product-block-row\"><\/div>\n<div class=\"product-block-row\"><\/div>\n<div class=\"product-block-row\"><\/div>\n<div class=\"product-block-row\"><\/div>\n<div class=\"product-block-row\"><\/div>\n<div class=\"product-block-row\"><\/div>\n<\/div>\n<div class=\"block\" id=\"articleTag\" data-component-name=\"PostArticleLinks\">\n<div class=\"border-b border-b-black border-solid py-2.5 text-black font-bold uppercase\">Themen<\/div>\n<nav class=\"py-2.5 flex gap-2.5 flex-wrap\" data-analytics-id=\"article-tag\">\n<p>Martha Stewart<br \/>\n<\/nav>\n<\/div>\n<\/div>\n<p><script async src=\"\/\/www.instagram.com\/embed.js\"><\/script><\/p>\n","protected":false},"excerpt":{"rendered":"<p>Lange bevor Dopamin-Dekor und sonnenverw\u00f6hnte Innenr\u00e4ume in die Halt gingen, war Martha Stewart bereits der Kurve voraus. Ihre legend\u00e4re Butterk\u00fcche aus den 1970er Jahren mit<\/p>\n","protected":false},"author":1,"featured_media":6099,"comment_status":"closed","ping_status":"","sticky":false,"template":"","format":"standard","meta":{"footnotes":""},"categories":[118],"tags":[7876,287,5490,8470,2187,112,78,281,9,43,4077,2339,1202,105,2669,163,15,608,1272,694,2894,61,306,165,2895,37,2961],"class_list":["post-6098","post","type-post","status-publish","format-standard","has-post-thumbnail","hentry","category-haus-garten","tag-1970er","tag-aus","tag-benoetigen","tag-butterkueche","tag-comeback","tag-das","tag-den","tag-des","tag-die","tag-ein","tag-einfacher","tag-einzige","tag-farbe","tag-feiert","tag-grosses","tag-hier","tag-ist","tag-jahren","tag-jetzt","tag-koennte","tag-martha","tag-nicht","tag-sein","tag-sie","tag-stewarts","tag-und","tag-wiederholen","generate-columns","tablet-grid-50","mobile-grid-100","grid-parent","grid-50"],"yoast_head":"<!-- This site is optimized with the Yoast SEO plugin v27.3 - https:\/\/yoast.com\/product\/yoast-seo-wordpress\/ -->\n<title>Martha Stewarts Butterk\u00fcche aus den 1970er Jahren feiert ein gro\u00dfes Comeback und das Wiederholen des Looks k\u00f6nnte nicht einfacher sein - hier ist die einzige Farbe, die Sie jetzt ben\u00f6tigen - Nachrichten - Stra\u00dfenweb<\/title>\n<meta name=\"robots\" content=\"index, follow, max-snippet:-1, max-image-preview:large, max-video-preview:-1\" \/>\n<link rel=\"canonical\" href=\"https:\/\/www.strassenweb.de\/nachrichten\/martha-stewarts-butterkueche-aus-den-1970er-jahren-feiert-ein-grosses-comeback-und-das-wiederholen-des-looks-koennte-nicht-einfacher-sein-hier-ist-die-einzige-farbe-die-sie-jetzt-benoetigen\/\" \/>\n<meta property=\"og:locale\" content=\"de_DE\" \/>\n<meta property=\"og:type\" content=\"article\" \/>\n<meta property=\"og:title\" content=\"Martha Stewarts Butterk\u00fcche aus den 1970er Jahren feiert ein gro\u00dfes Comeback und das Wiederholen des Looks k\u00f6nnte nicht einfacher sein - hier ist die einzige Farbe, die Sie jetzt ben\u00f6tigen - Nachrichten - Stra\u00dfenweb\" \/>\n<meta property=\"og:description\" content=\"Lange bevor Dopamin-Dekor und sonnenverw\u00f6hnte Innenr\u00e4ume in die Halt gingen, war Martha Stewart bereits der Kurve voraus. Ihre legend\u00e4re Butterk\u00fcche aus den 1970er Jahren mit\" \/>\n<meta property=\"og:url\" content=\"https:\/\/www.strassenweb.de\/nachrichten\/martha-stewarts-butterkueche-aus-den-1970er-jahren-feiert-ein-grosses-comeback-und-das-wiederholen-des-looks-koennte-nicht-einfacher-sein-hier-ist-die-einzige-farbe-die-sie-jetzt-benoetigen\/\" \/>\n<meta property=\"og:site_name\" content=\"Stra\u00dfenweb\" \/>\n<meta property=\"article:publisher\" content=\"https:\/\/www.facebook.com\/strassenweb\/\" \/>\n<meta property=\"article:published_time\" content=\"2025-07-06T03:40:20+00:00\" \/>\n<meta property=\"article:modified_time\" content=\"2025-07-06T03:40:21+00:00\" \/>\n<meta property=\"og:image\" content=\"https:\/\/www.strassenweb.de\/nachrichten\/wp-content\/uploads\/2025\/06\/TByWjoAvCagNgyQ8tk6sVU.jpg\" \/>\n\t<meta property=\"og:image:width\" content=\"1600\" \/>\n\t<meta property=\"og:image:height\" content=\"900\" \/>\n\t<meta property=\"og:image:type\" content=\"image\/jpeg\" \/>\n<meta name=\"author\" content=\"Robert Hoffmann\" \/>\n<meta name=\"twitter:card\" content=\"summary_large_image\" \/>\n<meta name=\"twitter:label1\" content=\"Verfasst von\" \/>\n\t<meta name=\"twitter:data1\" content=\"Robert Hoffmann\" \/>\n\t<meta name=\"twitter:label2\" content=\"Gesch\u00e4tzte Lesezeit\" \/>\n\t<meta name=\"twitter:data2\" content=\"2\u00a0Minuten\" \/>\n<script type=\"application\/ld+json\" class=\"yoast-schema-graph\">{\"@context\":\"https:\\\/\\\/schema.org\",\"@graph\":[{\"@type\":\"Article\",\"@id\":\"https:\\\/\\\/www.strassenweb.de\\\/nachrichten\\\/martha-stewarts-butterkueche-aus-den-1970er-jahren-feiert-ein-grosses-comeback-und-das-wiederholen-des-looks-koennte-nicht-einfacher-sein-hier-ist-die-einzige-farbe-die-sie-jetzt-benoetigen\\\/#article\",\"isPartOf\":{\"@id\":\"https:\\\/\\\/www.strassenweb.de\\\/nachrichten\\\/martha-stewarts-butterkueche-aus-den-1970er-jahren-feiert-ein-grosses-comeback-und-das-wiederholen-des-looks-koennte-nicht-einfacher-sein-hier-ist-die-einzige-farbe-die-sie-jetzt-benoetigen\\\/\"},\"author\":{\"name\":\"Robert Hoffmann\",\"@id\":\"https:\\\/\\\/www.strassenweb.de\\\/nachrichten\\\/#\\\/schema\\\/person\\\/87c9c9067f1211da429a744dc5a5aa41\"},\"headline\":\"Martha Stewarts Butterk\u00fcche aus den 1970er Jahren feiert ein gro\u00dfes Comeback und das Wiederholen des Looks k\u00f6nnte nicht einfacher sein &#8211; hier ist die einzige Farbe, die Sie jetzt ben\u00f6tigen\",\"datePublished\":\"2025-07-06T03:40:20+00:00\",\"dateModified\":\"2025-07-06T03:40:21+00:00\",\"mainEntityOfPage\":{\"@id\":\"https:\\\/\\\/www.strassenweb.de\\\/nachrichten\\\/martha-stewarts-butterkueche-aus-den-1970er-jahren-feiert-ein-grosses-comeback-und-das-wiederholen-des-looks-koennte-nicht-einfacher-sein-hier-ist-die-einzige-farbe-die-sie-jetzt-benoetigen\\\/\"},\"wordCount\":513,\"publisher\":{\"@id\":\"https:\\\/\\\/www.strassenweb.de\\\/nachrichten\\\/#organization\"},\"image\":{\"@id\":\"https:\\\/\\\/www.strassenweb.de\\\/nachrichten\\\/martha-stewarts-butterkueche-aus-den-1970er-jahren-feiert-ein-grosses-comeback-und-das-wiederholen-des-looks-koennte-nicht-einfacher-sein-hier-ist-die-einzige-farbe-die-sie-jetzt-benoetigen\\\/#primaryimage\"},\"thumbnailUrl\":\"https:\\\/\\\/www.strassenweb.de\\\/nachrichten\\\/wp-content\\\/uploads\\\/2025\\\/06\\\/TByWjoAvCagNgyQ8tk6sVU.jpg\",\"keywords\":[\"1970er\",\"aus\",\"ben\u00f6tigen\",\"Butterk\u00fcche\",\"Comeback\",\"das\",\"den\",\"des\",\"die\",\"ein\",\"einfacher\",\"einzige\",\"Farbe\",\"feiert\",\"Gro\u00dfes\",\"hier\",\"ist\",\"Jahren\",\"jetzt\",\"k\u00f6nnte\",\"Martha\",\"nicht\",\"sein\",\"Sie\",\"Stewarts\",\"und\",\"wiederholen\"],\"articleSection\":[\"Haus &amp; Garten\"],\"inLanguage\":\"de\"},{\"@type\":\"WebPage\",\"@id\":\"https:\\\/\\\/www.strassenweb.de\\\/nachrichten\\\/martha-stewarts-butterkueche-aus-den-1970er-jahren-feiert-ein-grosses-comeback-und-das-wiederholen-des-looks-koennte-nicht-einfacher-sein-hier-ist-die-einzige-farbe-die-sie-jetzt-benoetigen\\\/\",\"url\":\"https:\\\/\\\/www.strassenweb.de\\\/nachrichten\\\/martha-stewarts-butterkueche-aus-den-1970er-jahren-feiert-ein-grosses-comeback-und-das-wiederholen-des-looks-koennte-nicht-einfacher-sein-hier-ist-die-einzige-farbe-die-sie-jetzt-benoetigen\\\/\",\"name\":\"Martha Stewarts Butterk\u00fcche aus den 1970er Jahren feiert ein gro\u00dfes Comeback und das Wiederholen des Looks k\u00f6nnte nicht einfacher sein - hier ist die einzige Farbe, die Sie jetzt ben\u00f6tigen - Nachrichten - Stra\u00dfenweb\",\"isPartOf\":{\"@id\":\"https:\\\/\\\/www.strassenweb.de\\\/nachrichten\\\/#website\"},\"primaryImageOfPage\":{\"@id\":\"https:\\\/\\\/www.strassenweb.de\\\/nachrichten\\\/martha-stewarts-butterkueche-aus-den-1970er-jahren-feiert-ein-grosses-comeback-und-das-wiederholen-des-looks-koennte-nicht-einfacher-sein-hier-ist-die-einzige-farbe-die-sie-jetzt-benoetigen\\\/#primaryimage\"},\"image\":{\"@id\":\"https:\\\/\\\/www.strassenweb.de\\\/nachrichten\\\/martha-stewarts-butterkueche-aus-den-1970er-jahren-feiert-ein-grosses-comeback-und-das-wiederholen-des-looks-koennte-nicht-einfacher-sein-hier-ist-die-einzige-farbe-die-sie-jetzt-benoetigen\\\/#primaryimage\"},\"thumbnailUrl\":\"https:\\\/\\\/www.strassenweb.de\\\/nachrichten\\\/wp-content\\\/uploads\\\/2025\\\/06\\\/TByWjoAvCagNgyQ8tk6sVU.jpg\",\"datePublished\":\"2025-07-06T03:40:20+00:00\",\"dateModified\":\"2025-07-06T03:40:21+00:00\",\"breadcrumb\":{\"@id\":\"https:\\\/\\\/www.strassenweb.de\\\/nachrichten\\\/martha-stewarts-butterkueche-aus-den-1970er-jahren-feiert-ein-grosses-comeback-und-das-wiederholen-des-looks-koennte-nicht-einfacher-sein-hier-ist-die-einzige-farbe-die-sie-jetzt-benoetigen\\\/#breadcrumb\"},\"inLanguage\":\"de\",\"potentialAction\":[{\"@type\":\"ReadAction\",\"target\":[\"https:\\\/\\\/www.strassenweb.de\\\/nachrichten\\\/martha-stewarts-butterkueche-aus-den-1970er-jahren-feiert-ein-grosses-comeback-und-das-wiederholen-des-looks-koennte-nicht-einfacher-sein-hier-ist-die-einzige-farbe-die-sie-jetzt-benoetigen\\\/\"]}]},{\"@type\":\"ImageObject\",\"inLanguage\":\"de\",\"@id\":\"https:\\\/\\\/www.strassenweb.de\\\/nachrichten\\\/martha-stewarts-butterkueche-aus-den-1970er-jahren-feiert-ein-grosses-comeback-und-das-wiederholen-des-looks-koennte-nicht-einfacher-sein-hier-ist-die-einzige-farbe-die-sie-jetzt-benoetigen\\\/#primaryimage\",\"url\":\"https:\\\/\\\/www.strassenweb.de\\\/nachrichten\\\/wp-content\\\/uploads\\\/2025\\\/06\\\/TByWjoAvCagNgyQ8tk6sVU.jpg\",\"contentUrl\":\"https:\\\/\\\/www.strassenweb.de\\\/nachrichten\\\/wp-content\\\/uploads\\\/2025\\\/06\\\/TByWjoAvCagNgyQ8tk6sVU.jpg\",\"width\":1600,\"height\":900,\"caption\":\"Martha Stewart\"},{\"@type\":\"BreadcrumbList\",\"@id\":\"https:\\\/\\\/www.strassenweb.de\\\/nachrichten\\\/martha-stewarts-butterkueche-aus-den-1970er-jahren-feiert-ein-grosses-comeback-und-das-wiederholen-des-looks-koennte-nicht-einfacher-sein-hier-ist-die-einzige-farbe-die-sie-jetzt-benoetigen\\\/#breadcrumb\",\"itemListElement\":[{\"@type\":\"ListItem\",\"position\":1,\"name\":\"Home\",\"item\":\"https:\\\/\\\/www.strassenweb.de\\\/nachrichten\\\/\"},{\"@type\":\"ListItem\",\"position\":2,\"name\":\"Martha Stewarts Butterk\u00fcche aus den 1970er Jahren feiert ein gro\u00dfes Comeback und das Wiederholen des Looks k\u00f6nnte nicht einfacher sein &#8211; hier ist die einzige Farbe, die Sie jetzt ben\u00f6tigen\"}]},{\"@type\":\"WebSite\",\"@id\":\"https:\\\/\\\/www.strassenweb.de\\\/nachrichten\\\/#website\",\"url\":\"https:\\\/\\\/www.strassenweb.de\\\/nachrichten\\\/\",\"name\":\"Stra\u00dfenweb\",\"description\":\"Stra\u00dfenverzeichnis f\u00fcr Deutschland\",\"publisher\":{\"@id\":\"https:\\\/\\\/www.strassenweb.de\\\/nachrichten\\\/#organization\"},\"potentialAction\":[{\"@type\":\"SearchAction\",\"target\":{\"@type\":\"EntryPoint\",\"urlTemplate\":\"https:\\\/\\\/www.strassenweb.de\\\/nachrichten\\\/?s={search_term_string}\"},\"query-input\":{\"@type\":\"PropertyValueSpecification\",\"valueRequired\":true,\"valueName\":\"search_term_string\"}}],\"inLanguage\":\"de\"},{\"@type\":\"Organization\",\"@id\":\"https:\\\/\\\/www.strassenweb.de\\\/nachrichten\\\/#organization\",\"name\":\"Stra\u00dfenweb\",\"url\":\"https:\\\/\\\/www.strassenweb.de\\\/nachrichten\\\/\",\"logo\":{\"@type\":\"ImageObject\",\"inLanguage\":\"de\",\"@id\":\"https:\\\/\\\/www.strassenweb.de\\\/nachrichten\\\/#\\\/schema\\\/logo\\\/image\\\/\",\"url\":\"https:\\\/\\\/www.strassenweb.de\\\/nachrichten\\\/wp-content\\\/uploads\\\/2024\\\/09\\\/cropped-favicon.png\",\"contentUrl\":\"https:\\\/\\\/www.strassenweb.de\\\/nachrichten\\\/wp-content\\\/uploads\\\/2024\\\/09\\\/cropped-favicon.png\",\"width\":512,\"height\":512,\"caption\":\"Stra\u00dfenweb\"},\"image\":{\"@id\":\"https:\\\/\\\/www.strassenweb.de\\\/nachrichten\\\/#\\\/schema\\\/logo\\\/image\\\/\"},\"sameAs\":[\"https:\\\/\\\/www.facebook.com\\\/strassenweb\\\/\"]},{\"@type\":\"Person\",\"@id\":\"https:\\\/\\\/www.strassenweb.de\\\/nachrichten\\\/#\\\/schema\\\/person\\\/87c9c9067f1211da429a744dc5a5aa41\",\"name\":\"Robert Hoffmann\",\"image\":{\"@type\":\"ImageObject\",\"inLanguage\":\"de\",\"@id\":\"https:\\\/\\\/www.strassenweb.de\\\/nachrichten\\\/wp-content\\\/uploads\\\/2024\\\/09\\\/strassenweb-150x150.jpg\",\"url\":\"https:\\\/\\\/www.strassenweb.de\\\/nachrichten\\\/wp-content\\\/uploads\\\/2024\\\/09\\\/strassenweb-150x150.jpg\",\"contentUrl\":\"https:\\\/\\\/www.strassenweb.de\\\/nachrichten\\\/wp-content\\\/uploads\\\/2024\\\/09\\\/strassenweb-150x150.jpg\",\"caption\":\"Robert Hoffmann\"},\"description\":\"Ich hei\u00dfe Robert Hoffmann und ich bin ein leidenschaftlicher Verfechter von \u00d6kologie und Biodiversit\u00e4t. Seit meiner Kindheit in den W\u00e4ldern Bayerns f\u00fchle ich mich mit der Natur verbunden und bin entschlossen, sie zu sch\u00fctzen. Heute widme ich mein Leben der Sensibilisierung anderer f\u00fcr die Bedeutung des Umweltschutzes f\u00fcr zuk\u00fcnftige Generationen.\",\"sameAs\":[\"https:\\\/\\\/www.strassenweb.de\\\/\"]}]}<\/script>\n<!-- \/ Yoast SEO plugin. -->","yoast_head_json":{"title":"Martha Stewarts Butterk\u00fcche aus den 1970er Jahren feiert ein gro\u00dfes Comeback und das Wiederholen des Looks k\u00f6nnte nicht einfacher sein - hier ist die einzige Farbe, die Sie jetzt ben\u00f6tigen - Nachrichten - Stra\u00dfenweb","robots":{"index":"index","follow":"follow","max-snippet":"max-snippet:-1","max-image-preview":"max-image-preview:large","max-video-preview":"max-video-preview:-1"},"canonical":"https:\/\/www.strassenweb.de\/nachrichten\/martha-stewarts-butterkueche-aus-den-1970er-jahren-feiert-ein-grosses-comeback-und-das-wiederholen-des-looks-koennte-nicht-einfacher-sein-hier-ist-die-einzige-farbe-die-sie-jetzt-benoetigen\/","og_locale":"de_DE","og_type":"article","og_title":"Martha Stewarts Butterk\u00fcche aus den 1970er Jahren feiert ein gro\u00dfes Comeback und das Wiederholen des Looks k\u00f6nnte nicht einfacher sein - hier ist die einzige Farbe, die Sie jetzt ben\u00f6tigen - Nachrichten - Stra\u00dfenweb","og_description":"Lange bevor Dopamin-Dekor und sonnenverw\u00f6hnte Innenr\u00e4ume in die Halt gingen, war Martha Stewart bereits der Kurve voraus. Ihre legend\u00e4re Butterk\u00fcche aus den 1970er Jahren mit","og_url":"https:\/\/www.strassenweb.de\/nachrichten\/martha-stewarts-butterkueche-aus-den-1970er-jahren-feiert-ein-grosses-comeback-und-das-wiederholen-des-looks-koennte-nicht-einfacher-sein-hier-ist-die-einzige-farbe-die-sie-jetzt-benoetigen\/","og_site_name":"Stra\u00dfenweb","article_publisher":"https:\/\/www.facebook.com\/strassenweb\/","article_published_time":"2025-07-06T03:40:20+00:00","article_modified_time":"2025-07-06T03:40:21+00:00","og_image":[{"width":1600,"height":900,"url":"https:\/\/www.strassenweb.de\/nachrichten\/wp-content\/uploads\/2025\/06\/TByWjoAvCagNgyQ8tk6sVU.jpg","type":"image\/jpeg"}],"author":"Robert Hoffmann","twitter_card":"summary_large_image","twitter_misc":{"Verfasst von":"Robert Hoffmann","Gesch\u00e4tzte Lesezeit":"2\u00a0Minuten"},"schema":{"@context":"https:\/\/schema.org","@graph":[{"@type":"Article","@id":"https:\/\/www.strassenweb.de\/nachrichten\/martha-stewarts-butterkueche-aus-den-1970er-jahren-feiert-ein-grosses-comeback-und-das-wiederholen-des-looks-koennte-nicht-einfacher-sein-hier-ist-die-einzige-farbe-die-sie-jetzt-benoetigen\/#article","isPartOf":{"@id":"https:\/\/www.strassenweb.de\/nachrichten\/martha-stewarts-butterkueche-aus-den-1970er-jahren-feiert-ein-grosses-comeback-und-das-wiederholen-des-looks-koennte-nicht-einfacher-sein-hier-ist-die-einzige-farbe-die-sie-jetzt-benoetigen\/"},"author":{"name":"Robert Hoffmann","@id":"https:\/\/www.strassenweb.de\/nachrichten\/#\/schema\/person\/87c9c9067f1211da429a744dc5a5aa41"},"headline":"Martha Stewarts Butterk\u00fcche aus den 1970er Jahren feiert ein gro\u00dfes Comeback und das Wiederholen des Looks k\u00f6nnte nicht einfacher sein &#8211; hier ist die einzige Farbe, die Sie jetzt ben\u00f6tigen","datePublished":"2025-07-06T03:40:20+00:00","dateModified":"2025-07-06T03:40:21+00:00","mainEntityOfPage":{"@id":"https:\/\/www.strassenweb.de\/nachrichten\/martha-stewarts-butterkueche-aus-den-1970er-jahren-feiert-ein-grosses-comeback-und-das-wiederholen-des-looks-koennte-nicht-einfacher-sein-hier-ist-die-einzige-farbe-die-sie-jetzt-benoetigen\/"},"wordCount":513,"publisher":{"@id":"https:\/\/www.strassenweb.de\/nachrichten\/#organization"},"image":{"@id":"https:\/\/www.strassenweb.de\/nachrichten\/martha-stewarts-butterkueche-aus-den-1970er-jahren-feiert-ein-grosses-comeback-und-das-wiederholen-des-looks-koennte-nicht-einfacher-sein-hier-ist-die-einzige-farbe-die-sie-jetzt-benoetigen\/#primaryimage"},"thumbnailUrl":"https:\/\/www.strassenweb.de\/nachrichten\/wp-content\/uploads\/2025\/06\/TByWjoAvCagNgyQ8tk6sVU.jpg","keywords":["1970er","aus","ben\u00f6tigen","Butterk\u00fcche","Comeback","das","den","des","die","ein","einfacher","einzige","Farbe","feiert","Gro\u00dfes","hier","ist","Jahren","jetzt","k\u00f6nnte","Martha","nicht","sein","Sie","Stewarts","und","wiederholen"],"articleSection":["Haus &amp; Garten"],"inLanguage":"de"},{"@type":"WebPage","@id":"https:\/\/www.strassenweb.de\/nachrichten\/martha-stewarts-butterkueche-aus-den-1970er-jahren-feiert-ein-grosses-comeback-und-das-wiederholen-des-looks-koennte-nicht-einfacher-sein-hier-ist-die-einzige-farbe-die-sie-jetzt-benoetigen\/","url":"https:\/\/www.strassenweb.de\/nachrichten\/martha-stewarts-butterkueche-aus-den-1970er-jahren-feiert-ein-grosses-comeback-und-das-wiederholen-des-looks-koennte-nicht-einfacher-sein-hier-ist-die-einzige-farbe-die-sie-jetzt-benoetigen\/","name":"Martha Stewarts Butterk\u00fcche aus den 1970er Jahren feiert ein gro\u00dfes Comeback und das Wiederholen des Looks k\u00f6nnte nicht einfacher sein - hier ist die einzige Farbe, die Sie jetzt ben\u00f6tigen - Nachrichten - Stra\u00dfenweb","isPartOf":{"@id":"https:\/\/www.strassenweb.de\/nachrichten\/#website"},"primaryImageOfPage":{"@id":"https:\/\/www.strassenweb.de\/nachrichten\/martha-stewarts-butterkueche-aus-den-1970er-jahren-feiert-ein-grosses-comeback-und-das-wiederholen-des-looks-koennte-nicht-einfacher-sein-hier-ist-die-einzige-farbe-die-sie-jetzt-benoetigen\/#primaryimage"},"image":{"@id":"https:\/\/www.strassenweb.de\/nachrichten\/martha-stewarts-butterkueche-aus-den-1970er-jahren-feiert-ein-grosses-comeback-und-das-wiederholen-des-looks-koennte-nicht-einfacher-sein-hier-ist-die-einzige-farbe-die-sie-jetzt-benoetigen\/#primaryimage"},"thumbnailUrl":"https:\/\/www.strassenweb.de\/nachrichten\/wp-content\/uploads\/2025\/06\/TByWjoAvCagNgyQ8tk6sVU.jpg","datePublished":"2025-07-06T03:40:20+00:00","dateModified":"2025-07-06T03:40:21+00:00","breadcrumb":{"@id":"https:\/\/www.strassenweb.de\/nachrichten\/martha-stewarts-butterkueche-aus-den-1970er-jahren-feiert-ein-grosses-comeback-und-das-wiederholen-des-looks-koennte-nicht-einfacher-sein-hier-ist-die-einzige-farbe-die-sie-jetzt-benoetigen\/#breadcrumb"},"inLanguage":"de","potentialAction":[{"@type":"ReadAction","target":["https:\/\/www.strassenweb.de\/nachrichten\/martha-stewarts-butterkueche-aus-den-1970er-jahren-feiert-ein-grosses-comeback-und-das-wiederholen-des-looks-koennte-nicht-einfacher-sein-hier-ist-die-einzige-farbe-die-sie-jetzt-benoetigen\/"]}]},{"@type":"ImageObject","inLanguage":"de","@id":"https:\/\/www.strassenweb.de\/nachrichten\/martha-stewarts-butterkueche-aus-den-1970er-jahren-feiert-ein-grosses-comeback-und-das-wiederholen-des-looks-koennte-nicht-einfacher-sein-hier-ist-die-einzige-farbe-die-sie-jetzt-benoetigen\/#primaryimage","url":"https:\/\/www.strassenweb.de\/nachrichten\/wp-content\/uploads\/2025\/06\/TByWjoAvCagNgyQ8tk6sVU.jpg","contentUrl":"https:\/\/www.strassenweb.de\/nachrichten\/wp-content\/uploads\/2025\/06\/TByWjoAvCagNgyQ8tk6sVU.jpg","width":1600,"height":900,"caption":"Martha Stewart"},{"@type":"BreadcrumbList","@id":"https:\/\/www.strassenweb.de\/nachrichten\/martha-stewarts-butterkueche-aus-den-1970er-jahren-feiert-ein-grosses-comeback-und-das-wiederholen-des-looks-koennte-nicht-einfacher-sein-hier-ist-die-einzige-farbe-die-sie-jetzt-benoetigen\/#breadcrumb","itemListElement":[{"@type":"ListItem","position":1,"name":"Home","item":"https:\/\/www.strassenweb.de\/nachrichten\/"},{"@type":"ListItem","position":2,"name":"Martha Stewarts Butterk\u00fcche aus den 1970er Jahren feiert ein gro\u00dfes Comeback und das Wiederholen des Looks k\u00f6nnte nicht einfacher sein &#8211; hier ist die einzige Farbe, die Sie jetzt ben\u00f6tigen"}]},{"@type":"WebSite","@id":"https:\/\/www.strassenweb.de\/nachrichten\/#website","url":"https:\/\/www.strassenweb.de\/nachrichten\/","name":"Stra\u00dfenweb","description":"Stra\u00dfenverzeichnis f\u00fcr Deutschland","publisher":{"@id":"https:\/\/www.strassenweb.de\/nachrichten\/#organization"},"potentialAction":[{"@type":"SearchAction","target":{"@type":"EntryPoint","urlTemplate":"https:\/\/www.strassenweb.de\/nachrichten\/?s={search_term_string}"},"query-input":{"@type":"PropertyValueSpecification","valueRequired":true,"valueName":"search_term_string"}}],"inLanguage":"de"},{"@type":"Organization","@id":"https:\/\/www.strassenweb.de\/nachrichten\/#organization","name":"Stra\u00dfenweb","url":"https:\/\/www.strassenweb.de\/nachrichten\/","logo":{"@type":"ImageObject","inLanguage":"de","@id":"https:\/\/www.strassenweb.de\/nachrichten\/#\/schema\/logo\/image\/","url":"https:\/\/www.strassenweb.de\/nachrichten\/wp-content\/uploads\/2024\/09\/cropped-favicon.png","contentUrl":"https:\/\/www.strassenweb.de\/nachrichten\/wp-content\/uploads\/2024\/09\/cropped-favicon.png","width":512,"height":512,"caption":"Stra\u00dfenweb"},"image":{"@id":"https:\/\/www.strassenweb.de\/nachrichten\/#\/schema\/logo\/image\/"},"sameAs":["https:\/\/www.facebook.com\/strassenweb\/"]},{"@type":"Person","@id":"https:\/\/www.strassenweb.de\/nachrichten\/#\/schema\/person\/87c9c9067f1211da429a744dc5a5aa41","name":"Robert Hoffmann","image":{"@type":"ImageObject","inLanguage":"de","@id":"https:\/\/www.strassenweb.de\/nachrichten\/wp-content\/uploads\/2024\/09\/strassenweb-150x150.jpg","url":"https:\/\/www.strassenweb.de\/nachrichten\/wp-content\/uploads\/2024\/09\/strassenweb-150x150.jpg","contentUrl":"https:\/\/www.strassenweb.de\/nachrichten\/wp-content\/uploads\/2024\/09\/strassenweb-150x150.jpg","caption":"Robert Hoffmann"},"description":"Ich hei\u00dfe Robert Hoffmann und ich bin ein leidenschaftlicher Verfechter von \u00d6kologie und Biodiversit\u00e4t. Seit meiner Kindheit in den W\u00e4ldern Bayerns f\u00fchle ich mich mit der Natur verbunden und bin entschlossen, sie zu sch\u00fctzen. Heute widme ich mein Leben der Sensibilisierung anderer f\u00fcr die Bedeutung des Umweltschutzes f\u00fcr zuk\u00fcnftige Generationen.","sameAs":["https:\/\/www.strassenweb.de\/"]}]}},"_links":{"self":[{"href":"https:\/\/www.strassenweb.de\/nachrichten\/wp-json\/wp\/v2\/posts\/6098","targetHints":{"allow":["GET"]}}],"collection":[{"href":"https:\/\/www.strassenweb.de\/nachrichten\/wp-json\/wp\/v2\/posts"}],"about":[{"href":"https:\/\/www.strassenweb.de\/nachrichten\/wp-json\/wp\/v2\/types\/post"}],"author":[{"embeddable":true,"href":"https:\/\/www.strassenweb.de\/nachrichten\/wp-json\/wp\/v2\/users\/1"}],"replies":[{"embeddable":true,"href":"https:\/\/www.strassenweb.de\/nachrichten\/wp-json\/wp\/v2\/comments?post=6098"}],"version-history":[{"count":0,"href":"https:\/\/www.strassenweb.de\/nachrichten\/wp-json\/wp\/v2\/posts\/6098\/revisions"}],"wp:featuredmedia":[{"embeddable":true,"href":"https:\/\/www.strassenweb.de\/nachrichten\/wp-json\/wp\/v2\/media\/6099"}],"wp:attachment":[{"href":"https:\/\/www.strassenweb.de\/nachrichten\/wp-json\/wp\/v2\/media?parent=6098"}],"wp:term":[{"taxonomy":"category","embeddable":true,"href":"https:\/\/www.strassenweb.de\/nachrichten\/wp-json\/wp\/v2\/categories?post=6098"},{"taxonomy":"post_tag","embeddable":true,"href":"https:\/\/www.strassenweb.de\/nachrichten\/wp-json\/wp\/v2\/tags?post=6098"}],"curies":[{"name":"wp","href":"https:\/\/api.w.org\/{rel}","templated":true}]}}