{"id":6080,"date":"2025-07-05T05:40:10","date_gmt":"2025-07-05T03:40:10","guid":{"rendered":"https:\/\/www.strassenweb.de\/nachrichten\/ich-habe-einen-klugen-weg-gefunden-um-meinen-nackten-zaun-sofort-zu-bedecken-und-einen-vertikalen-kuechengarten-zu-kreieren-der-so-gut-schmeckt-wie-er-aussieht\/"},"modified":"2025-07-05T05:40:11","modified_gmt":"2025-07-05T03:40:11","slug":"ich-habe-einen-klugen-weg-gefunden-um-meinen-nackten-zaun-sofort-zu-bedecken-und-einen-vertikalen-kuechengarten-zu-kreieren-der-so-gut-schmeckt-wie-er-aussieht","status":"publish","type":"post","link":"https:\/\/www.strassenweb.de\/nachrichten\/ich-habe-einen-klugen-weg-gefunden-um-meinen-nackten-zaun-sofort-zu-bedecken-und-einen-vertikalen-kuechengarten-zu-kreieren-der-so-gut-schmeckt-wie-er-aussieht\/","title":{"rendered":"Ich habe einen klugen Weg gefunden, um meinen nackten Zaun sofort zu bedecken &#8211; und einen vertikalen K\u00fcchengarten zu kreieren, der so gut schmeckt, wie er aussieht"},"content":{"rendered":"<div id=\"article-body\" class=\"article__body \">\n<p>In jedem Hof, in gro\u00dfem oder Minute, gibt es immer R\u00e4ume, die wir schnell abdecken, verschleiern oder gr\u00fcn werden m\u00f6chten. Wir haben nicht immer die Zeit, auf das Wachstum der Kletterer zu warten, noch haben wir das Budget, in etablierte B\u00e4ume zu investieren.<\/p>\n<div id=\"ad-unit-1\" class=\"ad-unit\"><\/div>\n<p>Dies war ein Problem, mit dem ich in meinem Garten konfrontiert war, nachdem ich ein gro\u00dfes Bett ger\u00e4umt hatte, das zuvor mit Brombeeren, Ivy und Streifen, unattraktiven Reben verstopft war. Ich beschloss, alles auszugraben und von Grund auf neu zu beginnen, aber bevor ich im Herbst wieder pflanzen kann, wollte ich einen Weg finden, um diese gro\u00dfen Zaunplatten zu bedecken, die ich durch Entfernen so viele alte Pflanzen enth\u00fcllt hatte.<\/p>\n<aside data-block-type=\"embed\" data-render-type=\"fte\" data-skip=\"dealsy\" data-widget-type=\"seasonal\" class=\"hawk-base\"><\/aside>\n<p>Ich zeige genau, wie ich dieses Problem in einem aktuellen Video f\u00fcr gel\u00f6st habe <em>H\u00e4user &#038; G\u00e4rten &#8218;<\/em> Soziale Serie, Bl\u00fctenbl\u00e4tter und Wurzeln. In dem Video, das Sie unten sehen k\u00f6nnen, nehme ich Sie durch jeden Schritt und zeige Ihnen, wie einfach es ist, diese Gartenzaunidee zu replizieren.<\/p>\n<div class=\"van_vid_carousel\">\n<div class=\"van_vid_carousel__padding\">\n<div class=\"van_vid_carousel__container\"><\/div>\n<\/div>\n<\/div>\n<aside data-component-name=\"Recirculation:ArticleRiver\" data-nosnippet class=\"pt-3 pb-4 mb-4 border-b border-solid border-(#333)\">\n<span class=\"\nafter:content-('') after:flex-1 after:ml-4 after:my-(0.7rem) after:border-t-(#333) after:border-t after:border-solid\nbefore:content-('') before:flex-1 before:mr-4 before:my-(0.7rem) before:border-t-(#333) before:border-t before:border-solid\nfont-article-heading pb-3 !text-base font-bold uppercase sm:text-sm text-(#333) flex\"><\/p>\n<p>Sie m\u00f6gen m\u00f6gen<br \/>\n<\/span><\/p>\n<ul class=\"flex flex-col gap-3 m-0\">\n<li class=\"m-0 list-none\" name=\"recirculation-inline\" data-analytics-id=\"recirculation-inline-1\" analytics-label=\"adviser:related\">\n<picture data-new-v2-image=\"true\" class=\"w-(--article-river-thumbnail-width,60px) flex-shrink-0\"><source type=\"image\/webp\"  ><\/source><\/p>\n<\/picture>\n<span class=\"hover:text-inherit font-article-heading text-base text-(#333) leading-5 content-center\">Aldi hat gerade den perfekten h\u00e4ngenden Pflanzer f\u00fcr kleine G\u00e4rten auf den Markt gebracht, und es ist eine clevere M\u00f6glichkeit, auf einem Zaun oder Balkon Privatsph\u00e4re und Schatten zu schaffen <\/span><\/p>\n<\/li>\n<li class=\"m-0 list-none\" name=\"recirculation-inline\" data-analytics-id=\"recirculation-inline-2\" analytics-label=\"adviser:related\">\n<picture data-new-v2-image=\"true\" class=\"w-(--article-river-thumbnail-width,60px) flex-shrink-0\"><source type=\"image\/webp\"  ><\/source><br \/>\n<img decoding=\"async\" alt=\"Wigwam -f\u00f6rmige Erbsen- und Bohnen -Stick -Stick -Gitter\/St\u00fctze im Gem\u00fcse -K\u00fcchengarten\"   loading=\"lazy\" data-new-v2-image=\"true\" src=\"https:\/\/www.strassenweb.de\/nachrichten\/wp-content\/uploads\/2025\/06\/KcfKR3SwVLtQPGPghhYac5.jpg\" data-pin-media=\"https:\/\/www.strassenweb.de\/nachrichten\/wp-content\/uploads\/2025\/06\/KcfKR3SwVLtQPGPghhYac5.jpg\" data-pin-nopin=\"true\" class=\"aspect-(--img-listing-aspect-ratio,16\/9) object-cover w-(--article-river-thumbnail-width,60px) flex-shrink-0\">\n<\/picture>\n<span class=\"hover:text-inherit font-article-heading text-base text-(#333) leading-5 content-center\">So planen Sie einen K\u00fcchengarten-eine Schritt-f\u00fcr-Schritt-Anleitung zur Auswahl des idealen Layouts, der Auswahl der besten Pflanzen und der \u00e4u\u00dferst sch\u00f6n<\/span><\/p>\n<\/li>\n<\/ul>\n<\/aside>\n<div class=\"instagram-embed\">\n<blockquote class=\"instagram-media\" data-instgrm-captioned data-instgrm-version=\"6\" style=\"width:99.375%; width:-webkit-calc(100% - 2px); width:calc(100% - 2px);\">\n<p>Ein Beitrag, der von Homes &#038; Gardens geteilt wird (@homesandgardensofficial)<\/p>\n<p>Ein Foto von on <\/p>\n<\/blockquote>\n<\/div>\n<h3 class=\"article-body__section\" id=\"section-how-to-green-up-a-bare-fence-fast\"><span>Wie man einen nackten Zaun schnell aufr\u00fct<\/span><\/h3>\n<p>Ich beschloss, eine Reihe kleiner, heiliger Pflanzer zu verwenden und sie mit einer Vielzahl von frischen, Topfkr\u00e4utern zu f\u00fcllen, um einen vertikalen K\u00fcchengarten zu kreieren.<\/p>\n<div id=\"ad-unit-2\" class=\"ad-unit\"><\/div>\n<p>Alles, was Sie daf\u00fcr ben\u00f6tigen, sind h\u00e4ngende Pflanzer, wie diese wei\u00dfen von Amazon, die in einem Satz von 10 erh\u00e4ltlich sind. (\u00dcberpr\u00fcfen Sie, ob Sie Entw\u00e4sserungsl\u00f6cher haben, bevor Sie sie kaufen.)<\/p>\n<p>Ich habe mich entschieden, sie mit Kr\u00e4utern zu f\u00fcllen, weil dieser Zaun in der N\u00e4he meiner K\u00fcche und meiner Terrasse liegt, also wollte ich jeden Tag in der Lage sein, dort rauszugehen und von diesem Display zu schneiden.<\/p>\n<p>Ich habe mehrere M\u00fcnzsorten ausgew\u00e4hlt, darunter Apfel-, Inder- und Schokoladenpfefferminze. gemeinsamer Thymian; Zitronen -Thymian; Zitronenverbena; Salbei; Rosemary und Curry Plant.<\/p>\n<p>In Walmart finden Sie eine Vielzahl von lebenden Kr\u00e4uterpflanzen und viele Kr\u00e4uterpflanzen- und Samenauswahl bei Burpee.<\/p>\n<p>Nachdem Sie sie \u00fcber die Zaunpaneele angeschlossen haben, legen Sie einfach Ihre kleinen Kr\u00e4utert\u00f6pfe hinein und arrangieren Sie es auf eine Weise, die ausgewogen und sch\u00f6n aussieht. Wenn ich beispielsweise in der oberen linken Ecke ein nachfolgendes Kraut habe, w\u00fcrde ich auch eine in der unteren Mitte platzieren, um das Design auszugleichen.<\/p>\n<p><strong>Top Tipp<\/strong>: Um dieses Display aufrechtzuerhalten und es frisch und gesund aussehen zu lassen, m\u00fcssen Sie zwei wichtige Dinge tun.<\/p>\n<p>Das erste besteht darin, die Kr\u00e4utert\u00f6pfe t\u00e4glich zu gie\u00dfen. An sehr hei\u00dfen Tagen w\u00fcrde ich morgens und abends als erstes gie\u00dfen.<\/p>\n<p>Zweitens schneiden Sie ihnen so viel wie m\u00f6glich von ihnen aus. Dies wird die Pflanzen dazu ermutigen, weiterhin frisches Wachstum zu veranstalten und sie \u00fcppig und lebendig aussehen zu lassen. Au\u00dferdem erhalten Sie dabei eine st\u00e4ndige Versorgung mit Kr\u00e4utertee.<\/p>\n<h3 class=\"article-body__section\" id=\"section-how-to-use-this-idea-in-small-gardens\"><span>So verwenden Sie diese Idee in kleinen G\u00e4rten<\/span><\/h3>\n<figure class=\"van-image-figure inline-layout \" data-bordeaux-image-check>\n<div class=\"image-full-width-wrapper\">\n<div class=\"image-widthsetter\" style=\"max-width:2400px;\"><\/div>\n<\/div>\n<\/figure>\n<p>Diese Art von Pflanzgef\u00e4\u00dfen sind wirklich vielseitig, und es gibt viele M\u00f6glichkeiten, diese Idee wiederherzustellen, auch ohne ein gro\u00dfes Zaunpanel.<\/p>\n<p>Sie k\u00f6nnen h\u00e4ngende Pflanzer \u00fcber die Innenseite Ihres Balkons oder Ihrer Terrasse platzieren. Sie k\u00f6nnten sogar eine h\u00f6lzerne Palette erhalten, dies am Ende aufhalten und sie verwenden, um Pflanzer zu h\u00e4ngen.<\/p>\n<p>Ich w\u00fcrde mich dann f\u00fcr eine Palette entscheiden, wenn m\u00f6glich an einer Wand zu montieren, mehr Interesse zu wecken und mir mehr Platz zum Wachstum zu geben, aber Sie k\u00f6nnten sie auf den Boden sitzen und sicherstellen, dass es nicht f\u00e4llt, indem Sie einige schwere T\u00f6pfe vor sich legen (oder auf der R\u00fcckseite befestigen).<\/p>\n<p>Es gibt auch andere Optionen, wie z. B. stapelbare vertikale Pflanzer wie diese, von Amazon, die Sie an einem Zaun oder einer Wand befestigen k\u00f6nnen. Dies sind in der Regel modulare Systeme selbst, aber Sie haben etwas weniger Freiheit, sie zu bewegen, wenn Sie Ihr Display \u00e4ndern m\u00f6chten.<\/p>\n<div class=\"product-container hero-product-container product-block-no-wrap\">\n<div class=\"product-block-row\"><\/div>\n<div class=\"product-block-row\"><\/div>\n<div class=\"product-block-row\"><\/div>\n<\/div>\n<hr>\n<p>Denken Sie daran, dass Ihr vertikaler Garten ein saisonales Display sein kann, das Sie im Fr\u00fchling f\u00fcr Miniatur -Lampen oder Primulas wechseln k\u00f6nnen &#8211; um Ihre eigene Version eines Auricula -Theaters zu erstellen.<\/p>\n<\/div>\n<p><script async src=\"\/\/www.instagram.com\/embed.js\"><\/script><\/p>\n","protected":false},"excerpt":{"rendered":"<p>In jedem Hof, in gro\u00dfem oder Minute, gibt es immer R\u00e4ume, die wir schnell abdecken, verschleiern oder gr\u00fcn werden m\u00f6chten. Wir haben nicht immer die<\/p>\n","protected":false},"author":1,"featured_media":6081,"comment_status":"closed","ping_status":"","sticky":false,"template":"","format":"standard","meta":{"footnotes":""},"categories":[118],"tags":[1083,8449,81,166,626,740,823,129,7077,8451,8450,1096,8448,8452,197,37,5611,1226,26,1853],"class_list":["post-6080","post","type-post","status-publish","format-standard","has-post-thumbnail","hentry","category-haus-garten","tag-aussieht","tag-bedecken","tag-der","tag-einen","tag-gefunden","tag-gut","tag-habe","tag-ich","tag-klugen","tag-kreieren","tag-kuechengarten","tag-meinen","tag-nackten","tag-schmeckt","tag-sofort","tag-und","tag-vertikalen","tag-weg","tag-wie","tag-zaun","generate-columns","tablet-grid-50","mobile-grid-100","grid-parent","grid-50"],"yoast_head":"<!-- This site is optimized with the Yoast SEO plugin v27.3 - https:\/\/yoast.com\/product\/yoast-seo-wordpress\/ -->\n<title>Ich habe einen klugen Weg gefunden, um meinen nackten Zaun sofort zu bedecken - und einen vertikalen K\u00fcchengarten zu kreieren, der so gut schmeckt, wie er aussieht - Nachrichten - Stra\u00dfenweb<\/title>\n<meta name=\"robots\" content=\"index, follow, max-snippet:-1, max-image-preview:large, max-video-preview:-1\" \/>\n<link rel=\"canonical\" href=\"https:\/\/www.strassenweb.de\/nachrichten\/ich-habe-einen-klugen-weg-gefunden-um-meinen-nackten-zaun-sofort-zu-bedecken-und-einen-vertikalen-kuechengarten-zu-kreieren-der-so-gut-schmeckt-wie-er-aussieht\/\" \/>\n<meta property=\"og:locale\" content=\"de_DE\" \/>\n<meta property=\"og:type\" content=\"article\" \/>\n<meta property=\"og:title\" content=\"Ich habe einen klugen Weg gefunden, um meinen nackten Zaun sofort zu bedecken - und einen vertikalen K\u00fcchengarten zu kreieren, der so gut schmeckt, wie er aussieht - Nachrichten - Stra\u00dfenweb\" \/>\n<meta property=\"og:description\" content=\"In jedem Hof, in gro\u00dfem oder Minute, gibt es immer R\u00e4ume, die wir schnell abdecken, verschleiern oder gr\u00fcn werden m\u00f6chten. Wir haben nicht immer die\" \/>\n<meta property=\"og:url\" content=\"https:\/\/www.strassenweb.de\/nachrichten\/ich-habe-einen-klugen-weg-gefunden-um-meinen-nackten-zaun-sofort-zu-bedecken-und-einen-vertikalen-kuechengarten-zu-kreieren-der-so-gut-schmeckt-wie-er-aussieht\/\" \/>\n<meta property=\"og:site_name\" content=\"Stra\u00dfenweb\" \/>\n<meta property=\"article:publisher\" content=\"https:\/\/www.facebook.com\/strassenweb\/\" \/>\n<meta property=\"article:published_time\" content=\"2025-07-05T03:40:10+00:00\" \/>\n<meta property=\"article:modified_time\" content=\"2025-07-05T03:40:11+00:00\" \/>\n<meta property=\"og:image\" content=\"https:\/\/www.strassenweb.de\/nachrichten\/wp-content\/uploads\/2025\/07\/Ich-habe-einen-klugen-Weg-gefunden-um-meinen-nackten-Zaun.jpg\" \/>\n\t<meta property=\"og:image:width\" content=\"1600\" \/>\n\t<meta property=\"og:image:height\" content=\"900\" \/>\n\t<meta property=\"og:image:type\" content=\"image\/jpeg\" \/>\n<meta name=\"author\" content=\"Robert Hoffmann\" \/>\n<meta name=\"twitter:card\" content=\"summary_large_image\" \/>\n<meta name=\"twitter:label1\" content=\"Verfasst von\" \/>\n\t<meta name=\"twitter:data1\" content=\"Robert Hoffmann\" \/>\n\t<meta name=\"twitter:label2\" content=\"Gesch\u00e4tzte Lesezeit\" \/>\n\t<meta name=\"twitter:data2\" content=\"4\u00a0Minuten\" \/>\n<script type=\"application\/ld+json\" class=\"yoast-schema-graph\">{\"@context\":\"https:\\\/\\\/schema.org\",\"@graph\":[{\"@type\":\"Article\",\"@id\":\"https:\\\/\\\/www.strassenweb.de\\\/nachrichten\\\/ich-habe-einen-klugen-weg-gefunden-um-meinen-nackten-zaun-sofort-zu-bedecken-und-einen-vertikalen-kuechengarten-zu-kreieren-der-so-gut-schmeckt-wie-er-aussieht\\\/#article\",\"isPartOf\":{\"@id\":\"https:\\\/\\\/www.strassenweb.de\\\/nachrichten\\\/ich-habe-einen-klugen-weg-gefunden-um-meinen-nackten-zaun-sofort-zu-bedecken-und-einen-vertikalen-kuechengarten-zu-kreieren-der-so-gut-schmeckt-wie-er-aussieht\\\/\"},\"author\":{\"name\":\"Robert Hoffmann\",\"@id\":\"https:\\\/\\\/www.strassenweb.de\\\/nachrichten\\\/#\\\/schema\\\/person\\\/87c9c9067f1211da429a744dc5a5aa41\"},\"headline\":\"Ich habe einen klugen Weg gefunden, um meinen nackten Zaun sofort zu bedecken &#8211; und einen vertikalen K\u00fcchengarten zu kreieren, der so gut schmeckt, wie er aussieht\",\"datePublished\":\"2025-07-05T03:40:10+00:00\",\"dateModified\":\"2025-07-05T03:40:11+00:00\",\"mainEntityOfPage\":{\"@id\":\"https:\\\/\\\/www.strassenweb.de\\\/nachrichten\\\/ich-habe-einen-klugen-weg-gefunden-um-meinen-nackten-zaun-sofort-zu-bedecken-und-einen-vertikalen-kuechengarten-zu-kreieren-der-so-gut-schmeckt-wie-er-aussieht\\\/\"},\"wordCount\":799,\"publisher\":{\"@id\":\"https:\\\/\\\/www.strassenweb.de\\\/nachrichten\\\/#organization\"},\"image\":{\"@id\":\"https:\\\/\\\/www.strassenweb.de\\\/nachrichten\\\/ich-habe-einen-klugen-weg-gefunden-um-meinen-nackten-zaun-sofort-zu-bedecken-und-einen-vertikalen-kuechengarten-zu-kreieren-der-so-gut-schmeckt-wie-er-aussieht\\\/#primaryimage\"},\"thumbnailUrl\":\"https:\\\/\\\/www.strassenweb.de\\\/nachrichten\\\/wp-content\\\/uploads\\\/2025\\\/07\\\/Ich-habe-einen-klugen-Weg-gefunden-um-meinen-nackten-Zaun.jpg\",\"keywords\":[\"aussieht\",\"bedecken\",\"der\",\"einen\",\"gefunden\",\"gut\",\"habe\",\"ich\",\"klugen\",\"kreieren\",\"K\u00fcchengarten\",\"meinen\",\"nackten\",\"schmeckt\",\"sofort\",\"und\",\"vertikalen\",\"Weg\",\"Wie\",\"Zaun\"],\"articleSection\":[\"Haus &amp; Garten\"],\"inLanguage\":\"de\"},{\"@type\":\"WebPage\",\"@id\":\"https:\\\/\\\/www.strassenweb.de\\\/nachrichten\\\/ich-habe-einen-klugen-weg-gefunden-um-meinen-nackten-zaun-sofort-zu-bedecken-und-einen-vertikalen-kuechengarten-zu-kreieren-der-so-gut-schmeckt-wie-er-aussieht\\\/\",\"url\":\"https:\\\/\\\/www.strassenweb.de\\\/nachrichten\\\/ich-habe-einen-klugen-weg-gefunden-um-meinen-nackten-zaun-sofort-zu-bedecken-und-einen-vertikalen-kuechengarten-zu-kreieren-der-so-gut-schmeckt-wie-er-aussieht\\\/\",\"name\":\"Ich habe einen klugen Weg gefunden, um meinen nackten Zaun sofort zu bedecken - und einen vertikalen K\u00fcchengarten zu kreieren, der so gut schmeckt, wie er aussieht - Nachrichten - Stra\u00dfenweb\",\"isPartOf\":{\"@id\":\"https:\\\/\\\/www.strassenweb.de\\\/nachrichten\\\/#website\"},\"primaryImageOfPage\":{\"@id\":\"https:\\\/\\\/www.strassenweb.de\\\/nachrichten\\\/ich-habe-einen-klugen-weg-gefunden-um-meinen-nackten-zaun-sofort-zu-bedecken-und-einen-vertikalen-kuechengarten-zu-kreieren-der-so-gut-schmeckt-wie-er-aussieht\\\/#primaryimage\"},\"image\":{\"@id\":\"https:\\\/\\\/www.strassenweb.de\\\/nachrichten\\\/ich-habe-einen-klugen-weg-gefunden-um-meinen-nackten-zaun-sofort-zu-bedecken-und-einen-vertikalen-kuechengarten-zu-kreieren-der-so-gut-schmeckt-wie-er-aussieht\\\/#primaryimage\"},\"thumbnailUrl\":\"https:\\\/\\\/www.strassenweb.de\\\/nachrichten\\\/wp-content\\\/uploads\\\/2025\\\/07\\\/Ich-habe-einen-klugen-Weg-gefunden-um-meinen-nackten-Zaun.jpg\",\"datePublished\":\"2025-07-05T03:40:10+00:00\",\"dateModified\":\"2025-07-05T03:40:11+00:00\",\"breadcrumb\":{\"@id\":\"https:\\\/\\\/www.strassenweb.de\\\/nachrichten\\\/ich-habe-einen-klugen-weg-gefunden-um-meinen-nackten-zaun-sofort-zu-bedecken-und-einen-vertikalen-kuechengarten-zu-kreieren-der-so-gut-schmeckt-wie-er-aussieht\\\/#breadcrumb\"},\"inLanguage\":\"de\",\"potentialAction\":[{\"@type\":\"ReadAction\",\"target\":[\"https:\\\/\\\/www.strassenweb.de\\\/nachrichten\\\/ich-habe-einen-klugen-weg-gefunden-um-meinen-nackten-zaun-sofort-zu-bedecken-und-einen-vertikalen-kuechengarten-zu-kreieren-der-so-gut-schmeckt-wie-er-aussieht\\\/\"]}]},{\"@type\":\"ImageObject\",\"inLanguage\":\"de\",\"@id\":\"https:\\\/\\\/www.strassenweb.de\\\/nachrichten\\\/ich-habe-einen-klugen-weg-gefunden-um-meinen-nackten-zaun-sofort-zu-bedecken-und-einen-vertikalen-kuechengarten-zu-kreieren-der-so-gut-schmeckt-wie-er-aussieht\\\/#primaryimage\",\"url\":\"https:\\\/\\\/www.strassenweb.de\\\/nachrichten\\\/wp-content\\\/uploads\\\/2025\\\/07\\\/Ich-habe-einen-klugen-Weg-gefunden-um-meinen-nackten-Zaun.jpg\",\"contentUrl\":\"https:\\\/\\\/www.strassenweb.de\\\/nachrichten\\\/wp-content\\\/uploads\\\/2025\\\/07\\\/Ich-habe-einen-klugen-Weg-gefunden-um-meinen-nackten-Zaun.jpg\",\"width\":1600,\"height\":900,\"caption\":\"Still life of potted fresh herbs, shovel and garden gloves on wooden background\"},{\"@type\":\"BreadcrumbList\",\"@id\":\"https:\\\/\\\/www.strassenweb.de\\\/nachrichten\\\/ich-habe-einen-klugen-weg-gefunden-um-meinen-nackten-zaun-sofort-zu-bedecken-und-einen-vertikalen-kuechengarten-zu-kreieren-der-so-gut-schmeckt-wie-er-aussieht\\\/#breadcrumb\",\"itemListElement\":[{\"@type\":\"ListItem\",\"position\":1,\"name\":\"Home\",\"item\":\"https:\\\/\\\/www.strassenweb.de\\\/nachrichten\\\/\"},{\"@type\":\"ListItem\",\"position\":2,\"name\":\"Ich habe einen klugen Weg gefunden, um meinen nackten Zaun sofort zu bedecken &#8211; und einen vertikalen K\u00fcchengarten zu kreieren, der so gut schmeckt, wie er aussieht\"}]},{\"@type\":\"WebSite\",\"@id\":\"https:\\\/\\\/www.strassenweb.de\\\/nachrichten\\\/#website\",\"url\":\"https:\\\/\\\/www.strassenweb.de\\\/nachrichten\\\/\",\"name\":\"Stra\u00dfenweb\",\"description\":\"Stra\u00dfenverzeichnis f\u00fcr Deutschland\",\"publisher\":{\"@id\":\"https:\\\/\\\/www.strassenweb.de\\\/nachrichten\\\/#organization\"},\"potentialAction\":[{\"@type\":\"SearchAction\",\"target\":{\"@type\":\"EntryPoint\",\"urlTemplate\":\"https:\\\/\\\/www.strassenweb.de\\\/nachrichten\\\/?s={search_term_string}\"},\"query-input\":{\"@type\":\"PropertyValueSpecification\",\"valueRequired\":true,\"valueName\":\"search_term_string\"}}],\"inLanguage\":\"de\"},{\"@type\":\"Organization\",\"@id\":\"https:\\\/\\\/www.strassenweb.de\\\/nachrichten\\\/#organization\",\"name\":\"Stra\u00dfenweb\",\"url\":\"https:\\\/\\\/www.strassenweb.de\\\/nachrichten\\\/\",\"logo\":{\"@type\":\"ImageObject\",\"inLanguage\":\"de\",\"@id\":\"https:\\\/\\\/www.strassenweb.de\\\/nachrichten\\\/#\\\/schema\\\/logo\\\/image\\\/\",\"url\":\"https:\\\/\\\/www.strassenweb.de\\\/nachrichten\\\/wp-content\\\/uploads\\\/2024\\\/09\\\/cropped-favicon.png\",\"contentUrl\":\"https:\\\/\\\/www.strassenweb.de\\\/nachrichten\\\/wp-content\\\/uploads\\\/2024\\\/09\\\/cropped-favicon.png\",\"width\":512,\"height\":512,\"caption\":\"Stra\u00dfenweb\"},\"image\":{\"@id\":\"https:\\\/\\\/www.strassenweb.de\\\/nachrichten\\\/#\\\/schema\\\/logo\\\/image\\\/\"},\"sameAs\":[\"https:\\\/\\\/www.facebook.com\\\/strassenweb\\\/\"]},{\"@type\":\"Person\",\"@id\":\"https:\\\/\\\/www.strassenweb.de\\\/nachrichten\\\/#\\\/schema\\\/person\\\/87c9c9067f1211da429a744dc5a5aa41\",\"name\":\"Robert Hoffmann\",\"image\":{\"@type\":\"ImageObject\",\"inLanguage\":\"de\",\"@id\":\"https:\\\/\\\/www.strassenweb.de\\\/nachrichten\\\/wp-content\\\/uploads\\\/2024\\\/09\\\/strassenweb-150x150.jpg\",\"url\":\"https:\\\/\\\/www.strassenweb.de\\\/nachrichten\\\/wp-content\\\/uploads\\\/2024\\\/09\\\/strassenweb-150x150.jpg\",\"contentUrl\":\"https:\\\/\\\/www.strassenweb.de\\\/nachrichten\\\/wp-content\\\/uploads\\\/2024\\\/09\\\/strassenweb-150x150.jpg\",\"caption\":\"Robert Hoffmann\"},\"description\":\"Ich hei\u00dfe Robert Hoffmann und ich bin ein leidenschaftlicher Verfechter von \u00d6kologie und Biodiversit\u00e4t. Seit meiner Kindheit in den W\u00e4ldern Bayerns f\u00fchle ich mich mit der Natur verbunden und bin entschlossen, sie zu sch\u00fctzen. Heute widme ich mein Leben der Sensibilisierung anderer f\u00fcr die Bedeutung des Umweltschutzes f\u00fcr zuk\u00fcnftige Generationen.\",\"sameAs\":[\"https:\\\/\\\/www.strassenweb.de\\\/\"]}]}<\/script>\n<!-- \/ Yoast SEO plugin. -->","yoast_head_json":{"title":"Ich habe einen klugen Weg gefunden, um meinen nackten Zaun sofort zu bedecken - und einen vertikalen K\u00fcchengarten zu kreieren, der so gut schmeckt, wie er aussieht - Nachrichten - Stra\u00dfenweb","robots":{"index":"index","follow":"follow","max-snippet":"max-snippet:-1","max-image-preview":"max-image-preview:large","max-video-preview":"max-video-preview:-1"},"canonical":"https:\/\/www.strassenweb.de\/nachrichten\/ich-habe-einen-klugen-weg-gefunden-um-meinen-nackten-zaun-sofort-zu-bedecken-und-einen-vertikalen-kuechengarten-zu-kreieren-der-so-gut-schmeckt-wie-er-aussieht\/","og_locale":"de_DE","og_type":"article","og_title":"Ich habe einen klugen Weg gefunden, um meinen nackten Zaun sofort zu bedecken - und einen vertikalen K\u00fcchengarten zu kreieren, der so gut schmeckt, wie er aussieht - Nachrichten - Stra\u00dfenweb","og_description":"In jedem Hof, in gro\u00dfem oder Minute, gibt es immer R\u00e4ume, die wir schnell abdecken, verschleiern oder gr\u00fcn werden m\u00f6chten. Wir haben nicht immer die","og_url":"https:\/\/www.strassenweb.de\/nachrichten\/ich-habe-einen-klugen-weg-gefunden-um-meinen-nackten-zaun-sofort-zu-bedecken-und-einen-vertikalen-kuechengarten-zu-kreieren-der-so-gut-schmeckt-wie-er-aussieht\/","og_site_name":"Stra\u00dfenweb","article_publisher":"https:\/\/www.facebook.com\/strassenweb\/","article_published_time":"2025-07-05T03:40:10+00:00","article_modified_time":"2025-07-05T03:40:11+00:00","og_image":[{"width":1600,"height":900,"url":"https:\/\/www.strassenweb.de\/nachrichten\/wp-content\/uploads\/2025\/07\/Ich-habe-einen-klugen-Weg-gefunden-um-meinen-nackten-Zaun.jpg","type":"image\/jpeg"}],"author":"Robert Hoffmann","twitter_card":"summary_large_image","twitter_misc":{"Verfasst von":"Robert Hoffmann","Gesch\u00e4tzte Lesezeit":"4\u00a0Minuten"},"schema":{"@context":"https:\/\/schema.org","@graph":[{"@type":"Article","@id":"https:\/\/www.strassenweb.de\/nachrichten\/ich-habe-einen-klugen-weg-gefunden-um-meinen-nackten-zaun-sofort-zu-bedecken-und-einen-vertikalen-kuechengarten-zu-kreieren-der-so-gut-schmeckt-wie-er-aussieht\/#article","isPartOf":{"@id":"https:\/\/www.strassenweb.de\/nachrichten\/ich-habe-einen-klugen-weg-gefunden-um-meinen-nackten-zaun-sofort-zu-bedecken-und-einen-vertikalen-kuechengarten-zu-kreieren-der-so-gut-schmeckt-wie-er-aussieht\/"},"author":{"name":"Robert Hoffmann","@id":"https:\/\/www.strassenweb.de\/nachrichten\/#\/schema\/person\/87c9c9067f1211da429a744dc5a5aa41"},"headline":"Ich habe einen klugen Weg gefunden, um meinen nackten Zaun sofort zu bedecken &#8211; und einen vertikalen K\u00fcchengarten zu kreieren, der so gut schmeckt, wie er aussieht","datePublished":"2025-07-05T03:40:10+00:00","dateModified":"2025-07-05T03:40:11+00:00","mainEntityOfPage":{"@id":"https:\/\/www.strassenweb.de\/nachrichten\/ich-habe-einen-klugen-weg-gefunden-um-meinen-nackten-zaun-sofort-zu-bedecken-und-einen-vertikalen-kuechengarten-zu-kreieren-der-so-gut-schmeckt-wie-er-aussieht\/"},"wordCount":799,"publisher":{"@id":"https:\/\/www.strassenweb.de\/nachrichten\/#organization"},"image":{"@id":"https:\/\/www.strassenweb.de\/nachrichten\/ich-habe-einen-klugen-weg-gefunden-um-meinen-nackten-zaun-sofort-zu-bedecken-und-einen-vertikalen-kuechengarten-zu-kreieren-der-so-gut-schmeckt-wie-er-aussieht\/#primaryimage"},"thumbnailUrl":"https:\/\/www.strassenweb.de\/nachrichten\/wp-content\/uploads\/2025\/07\/Ich-habe-einen-klugen-Weg-gefunden-um-meinen-nackten-Zaun.jpg","keywords":["aussieht","bedecken","der","einen","gefunden","gut","habe","ich","klugen","kreieren","K\u00fcchengarten","meinen","nackten","schmeckt","sofort","und","vertikalen","Weg","Wie","Zaun"],"articleSection":["Haus &amp; Garten"],"inLanguage":"de"},{"@type":"WebPage","@id":"https:\/\/www.strassenweb.de\/nachrichten\/ich-habe-einen-klugen-weg-gefunden-um-meinen-nackten-zaun-sofort-zu-bedecken-und-einen-vertikalen-kuechengarten-zu-kreieren-der-so-gut-schmeckt-wie-er-aussieht\/","url":"https:\/\/www.strassenweb.de\/nachrichten\/ich-habe-einen-klugen-weg-gefunden-um-meinen-nackten-zaun-sofort-zu-bedecken-und-einen-vertikalen-kuechengarten-zu-kreieren-der-so-gut-schmeckt-wie-er-aussieht\/","name":"Ich habe einen klugen Weg gefunden, um meinen nackten Zaun sofort zu bedecken - und einen vertikalen K\u00fcchengarten zu kreieren, der so gut schmeckt, wie er aussieht - Nachrichten - Stra\u00dfenweb","isPartOf":{"@id":"https:\/\/www.strassenweb.de\/nachrichten\/#website"},"primaryImageOfPage":{"@id":"https:\/\/www.strassenweb.de\/nachrichten\/ich-habe-einen-klugen-weg-gefunden-um-meinen-nackten-zaun-sofort-zu-bedecken-und-einen-vertikalen-kuechengarten-zu-kreieren-der-so-gut-schmeckt-wie-er-aussieht\/#primaryimage"},"image":{"@id":"https:\/\/www.strassenweb.de\/nachrichten\/ich-habe-einen-klugen-weg-gefunden-um-meinen-nackten-zaun-sofort-zu-bedecken-und-einen-vertikalen-kuechengarten-zu-kreieren-der-so-gut-schmeckt-wie-er-aussieht\/#primaryimage"},"thumbnailUrl":"https:\/\/www.strassenweb.de\/nachrichten\/wp-content\/uploads\/2025\/07\/Ich-habe-einen-klugen-Weg-gefunden-um-meinen-nackten-Zaun.jpg","datePublished":"2025-07-05T03:40:10+00:00","dateModified":"2025-07-05T03:40:11+00:00","breadcrumb":{"@id":"https:\/\/www.strassenweb.de\/nachrichten\/ich-habe-einen-klugen-weg-gefunden-um-meinen-nackten-zaun-sofort-zu-bedecken-und-einen-vertikalen-kuechengarten-zu-kreieren-der-so-gut-schmeckt-wie-er-aussieht\/#breadcrumb"},"inLanguage":"de","potentialAction":[{"@type":"ReadAction","target":["https:\/\/www.strassenweb.de\/nachrichten\/ich-habe-einen-klugen-weg-gefunden-um-meinen-nackten-zaun-sofort-zu-bedecken-und-einen-vertikalen-kuechengarten-zu-kreieren-der-so-gut-schmeckt-wie-er-aussieht\/"]}]},{"@type":"ImageObject","inLanguage":"de","@id":"https:\/\/www.strassenweb.de\/nachrichten\/ich-habe-einen-klugen-weg-gefunden-um-meinen-nackten-zaun-sofort-zu-bedecken-und-einen-vertikalen-kuechengarten-zu-kreieren-der-so-gut-schmeckt-wie-er-aussieht\/#primaryimage","url":"https:\/\/www.strassenweb.de\/nachrichten\/wp-content\/uploads\/2025\/07\/Ich-habe-einen-klugen-Weg-gefunden-um-meinen-nackten-Zaun.jpg","contentUrl":"https:\/\/www.strassenweb.de\/nachrichten\/wp-content\/uploads\/2025\/07\/Ich-habe-einen-klugen-Weg-gefunden-um-meinen-nackten-Zaun.jpg","width":1600,"height":900,"caption":"Still life of potted fresh herbs, shovel and garden gloves on wooden background"},{"@type":"BreadcrumbList","@id":"https:\/\/www.strassenweb.de\/nachrichten\/ich-habe-einen-klugen-weg-gefunden-um-meinen-nackten-zaun-sofort-zu-bedecken-und-einen-vertikalen-kuechengarten-zu-kreieren-der-so-gut-schmeckt-wie-er-aussieht\/#breadcrumb","itemListElement":[{"@type":"ListItem","position":1,"name":"Home","item":"https:\/\/www.strassenweb.de\/nachrichten\/"},{"@type":"ListItem","position":2,"name":"Ich habe einen klugen Weg gefunden, um meinen nackten Zaun sofort zu bedecken &#8211; und einen vertikalen K\u00fcchengarten zu kreieren, der so gut schmeckt, wie er aussieht"}]},{"@type":"WebSite","@id":"https:\/\/www.strassenweb.de\/nachrichten\/#website","url":"https:\/\/www.strassenweb.de\/nachrichten\/","name":"Stra\u00dfenweb","description":"Stra\u00dfenverzeichnis f\u00fcr Deutschland","publisher":{"@id":"https:\/\/www.strassenweb.de\/nachrichten\/#organization"},"potentialAction":[{"@type":"SearchAction","target":{"@type":"EntryPoint","urlTemplate":"https:\/\/www.strassenweb.de\/nachrichten\/?s={search_term_string}"},"query-input":{"@type":"PropertyValueSpecification","valueRequired":true,"valueName":"search_term_string"}}],"inLanguage":"de"},{"@type":"Organization","@id":"https:\/\/www.strassenweb.de\/nachrichten\/#organization","name":"Stra\u00dfenweb","url":"https:\/\/www.strassenweb.de\/nachrichten\/","logo":{"@type":"ImageObject","inLanguage":"de","@id":"https:\/\/www.strassenweb.de\/nachrichten\/#\/schema\/logo\/image\/","url":"https:\/\/www.strassenweb.de\/nachrichten\/wp-content\/uploads\/2024\/09\/cropped-favicon.png","contentUrl":"https:\/\/www.strassenweb.de\/nachrichten\/wp-content\/uploads\/2024\/09\/cropped-favicon.png","width":512,"height":512,"caption":"Stra\u00dfenweb"},"image":{"@id":"https:\/\/www.strassenweb.de\/nachrichten\/#\/schema\/logo\/image\/"},"sameAs":["https:\/\/www.facebook.com\/strassenweb\/"]},{"@type":"Person","@id":"https:\/\/www.strassenweb.de\/nachrichten\/#\/schema\/person\/87c9c9067f1211da429a744dc5a5aa41","name":"Robert Hoffmann","image":{"@type":"ImageObject","inLanguage":"de","@id":"https:\/\/www.strassenweb.de\/nachrichten\/wp-content\/uploads\/2024\/09\/strassenweb-150x150.jpg","url":"https:\/\/www.strassenweb.de\/nachrichten\/wp-content\/uploads\/2024\/09\/strassenweb-150x150.jpg","contentUrl":"https:\/\/www.strassenweb.de\/nachrichten\/wp-content\/uploads\/2024\/09\/strassenweb-150x150.jpg","caption":"Robert Hoffmann"},"description":"Ich hei\u00dfe Robert Hoffmann und ich bin ein leidenschaftlicher Verfechter von \u00d6kologie und Biodiversit\u00e4t. Seit meiner Kindheit in den W\u00e4ldern Bayerns f\u00fchle ich mich mit der Natur verbunden und bin entschlossen, sie zu sch\u00fctzen. Heute widme ich mein Leben der Sensibilisierung anderer f\u00fcr die Bedeutung des Umweltschutzes f\u00fcr zuk\u00fcnftige Generationen.","sameAs":["https:\/\/www.strassenweb.de\/"]}]}},"_links":{"self":[{"href":"https:\/\/www.strassenweb.de\/nachrichten\/wp-json\/wp\/v2\/posts\/6080","targetHints":{"allow":["GET"]}}],"collection":[{"href":"https:\/\/www.strassenweb.de\/nachrichten\/wp-json\/wp\/v2\/posts"}],"about":[{"href":"https:\/\/www.strassenweb.de\/nachrichten\/wp-json\/wp\/v2\/types\/post"}],"author":[{"embeddable":true,"href":"https:\/\/www.strassenweb.de\/nachrichten\/wp-json\/wp\/v2\/users\/1"}],"replies":[{"embeddable":true,"href":"https:\/\/www.strassenweb.de\/nachrichten\/wp-json\/wp\/v2\/comments?post=6080"}],"version-history":[{"count":0,"href":"https:\/\/www.strassenweb.de\/nachrichten\/wp-json\/wp\/v2\/posts\/6080\/revisions"}],"wp:featuredmedia":[{"embeddable":true,"href":"https:\/\/www.strassenweb.de\/nachrichten\/wp-json\/wp\/v2\/media\/6081"}],"wp:attachment":[{"href":"https:\/\/www.strassenweb.de\/nachrichten\/wp-json\/wp\/v2\/media?parent=6080"}],"wp:term":[{"taxonomy":"category","embeddable":true,"href":"https:\/\/www.strassenweb.de\/nachrichten\/wp-json\/wp\/v2\/categories?post=6080"},{"taxonomy":"post_tag","embeddable":true,"href":"https:\/\/www.strassenweb.de\/nachrichten\/wp-json\/wp\/v2\/tags?post=6080"}],"curies":[{"name":"wp","href":"https:\/\/api.w.org\/{rel}","templated":true}]}}