{"id":6053,"date":"2025-07-04T01:39:28","date_gmt":"2025-07-03T23:39:28","guid":{"rendered":"https:\/\/www.strassenweb.de\/nachrichten\/dies-ist-der-einzige-veranstalter-des-kuechenschranks-den-ich-im-vierten-juli-verkauf-fuer-unordentliche-pfannen-kaufe-es-wird-auch-meinen-unangenehmen-schrank-zugaenglich-machen\/"},"modified":"2025-07-04T01:39:29","modified_gmt":"2025-07-03T23:39:29","slug":"dies-ist-der-einzige-veranstalter-des-kuechenschranks-den-ich-im-vierten-juli-verkauf-fuer-unordentliche-pfannen-kaufe-es-wird-auch-meinen-unangenehmen-schrank-zugaenglich-machen","status":"publish","type":"post","link":"https:\/\/www.strassenweb.de\/nachrichten\/dies-ist-der-einzige-veranstalter-des-kuechenschranks-den-ich-im-vierten-juli-verkauf-fuer-unordentliche-pfannen-kaufe-es-wird-auch-meinen-unangenehmen-schrank-zugaenglich-machen\/","title":{"rendered":"Dies ist der einzige Veranstalter des K\u00fcchenschranks, den ich im vierten Juli -Verkauf f\u00fcr unordentliche Pfannen kaufe &#8211; es wird auch meinen unangenehmen Schrank zug\u00e4nglich machen"},"content":{"rendered":"<div id=\"article-body\" class=\"article__body \">\n<p>Hassen Sie es nicht, wenn der unangenehmste Schrank, der in Ihrer K\u00fcche zugreifen kann, auch derjenige mit dem gr\u00f6\u00dften Platz ist?<\/p>\n<div id=\"ad-unit-1\" class=\"ad-unit\"><\/div>\n<p>Deshalb das <u>Auszugsnetzkorb-Regalsystem aus dem Container Store<\/u> Ist das einzige, was ich im Verkauf am 4. Juli kaufe, und ich werde sicher den 30% igen Rabatt genie\u00dfen.<\/p>\n<aside data-block-type=\"embed\" data-render-type=\"fte\" data-skip=\"dealsy\" data-widget-type=\"seasonal\" class=\"hawk-base\"><\/aside>\n<p>Clevere Speicherl\u00f6sungen wie diese sind genau das, was f\u00fcr die Organisation von K\u00fcchenschr\u00e4nken ben\u00f6tigt wird und selbst die unangenehmsten von schreiender Frustration bis hin zur stromlinienf\u00f6rmigen Gl\u00fcckseligkeit entnehmen.<\/p>\n<div class=\"van_vid_carousel\">\n<div class=\"van_vid_carousel__padding\">\n<div class=\"van_vid_carousel__container\"><\/div>\n<\/div>\n<\/div>\n<aside data-component-name=\"Recirculation:ArticleRiver\" data-nosnippet class=\"pt-3 pb-4 mb-4 border-b border-solid border-(#333)\">\n<span class=\"\nafter:content-('') after:flex-1 after:ml-4 after:my-(0.7rem) after:border-t-(#333) after:border-t after:border-solid\nbefore:content-('') before:flex-1 before:mr-4 before:my-(0.7rem) before:border-t-(#333) before:border-t before:border-solid\nfont-article-heading pb-3 !text-base font-bold uppercase sm:text-sm text-(#333) flex\"><\/p>\n<p>Sie m\u00f6gen m\u00f6gen<br \/>\n<\/span><\/p>\n<ul class=\"flex flex-col gap-3 m-0\">\n<li class=\"m-0 list-none\" name=\"recirculation-inline\" data-analytics-id=\"recirculation-inline-1\" analytics-label=\"adviser:related\">\n<picture data-new-v2-image=\"true\" class=\"w-(--article-river-thumbnail-width,60px) flex-shrink-0\"><source type=\"image\/webp\"  ><\/source><\/p>\n<\/picture>\n<span class=\"hover:text-inherit font-article-heading text-base text-(#333) leading-5 content-center\">Diese reduzierte Wayfair-Ausziehschublade ist die perfekte zug\u00e4ngliche L\u00f6sung f\u00fcr den K\u00fcchenschrank Tsunamis<\/span><\/p>\n<\/li>\n<li class=\"m-0 list-none\" name=\"recirculation-inline\" data-analytics-id=\"recirculation-inline-2\" analytics-label=\"adviser:related\">\n<picture data-new-v2-image=\"true\" class=\"w-(--article-river-thumbnail-width,60px) flex-shrink-0\"><source type=\"image\/webp\"  ><\/source><br \/>\n<img decoding=\"async\" alt=\"Dunkelorange K\u00fcche Utility -Bereich mit dunkelgelber Tapete. Der Boden ist blau-wei\u00dfes Diamantmuster und es gibt eine Kombination aus eingebauten unteren Schr\u00e4nken und freistehenden Mitte des Jahrhundertschranks\"   loading=\"lazy\" data-new-v2-image=\"true\" src=\"https:\/\/www.strassenweb.de\/nachrichten\/wp-content\/uploads\/2025\/07\/xw5ArkDYQTX3UEFfGqnaoK.jpg\" data-pin-media=\"https:\/\/www.strassenweb.de\/nachrichten\/wp-content\/uploads\/2025\/07\/xw5ArkDYQTX3UEFfGqnaoK.jpg\" data-pin-nopin=\"true\" class=\"aspect-(--img-listing-aspect-ratio,16\/9) object-cover w-(--article-river-thumbnail-width,60px) flex-shrink-0\">\n<\/picture>\n<span class=\"hover:text-inherit font-article-heading text-base text-(#333) leading-5 content-center\">Dieser $ 14 -Stufe -Joseph Joseph Cabinet Organizer verdoppelt sofort Ihren Speicherplatz <\/span><\/p>\n<\/li>\n<\/ul>\n<\/aside>\n<h2 id=\"this-mesh-pull-out-tray-is-genius-3\">Dieses Mesh-Auszugsblech ist Genie<\/h2>\n<div class=\"product-container horizontal-product-container\">\n<div class=\"product-block-row\"><\/div>\n<\/div>\n<p>Anstatt mit einem Tsunami aus T\u00f6pfen und Pfannen herumzuschl\u00e4gen, bringt diese clevere Auszugsschublade Ihr Kochgeschirr aus diesem unangenehmen Schrank in das Licht, um sie leicht zu sehen und zu verwenden.<\/p>\n<div id=\"ad-unit-2\" class=\"ad-unit\"><\/div>\n<p>Stellen Sie einfach sicher, dass es gen\u00fcgend Platz gibt, um es zu installieren, und machen Sie sich an die Arbeit, um die Vorteile dieser ernsthaft intelligenten Speicherl\u00f6sung zu genie\u00dfen.<\/p>\n<p>Mit 4,9\/5 von Happy Shoppers ist es alles andere als ein eingetroffenes Wunder. \u00dcber 50 Rezensenten lassen ihr Lob f\u00fcr das St\u00fcck auf der Website gelobt.<\/p>\n<p>K\u00e4ufer <em>Natalie<\/em> schreibt: &#8218;Unser Snack -Kabinett w\u00fcrde etwas im R\u00fccken verlieren und vergessen, bis es abgelaufen oder abgestanden war. Mit der Schublade ist alles zug\u00e4nglich, ohne in den R\u00fccken kriechen zu m\u00fcssen. Sie verlieren ein wenig Platz\/Lagerung, aber der Kompromiss ist es wert. &#8218;<\/p>\n<div id=\"slice-container-newsletterForm-articleInbodyContent-g5ZGa4np5kevRhaQG6PCXe\" class=\"slice-container newsletter-inbodyContent-slice newsletterForm-articleInbodyContent-g5ZGa4np5kevRhaQG6PCXe slice-container-newsletterForm\"><\/div>\n<p>Verifizierter K\u00e4ufer <em>Daisyh sagt<\/em> Es war &#8222;so einfach zu installieren&#8220; und f\u00fcgte hinzu, dass es f\u00fcr meinen oberen Schrank eine sehr n\u00fctzliche, perfekte Gr\u00f6\u00dfe ist und ungef\u00e4hr 5 Minuten dauerte, um zu installieren. Sehr erfreut! &#8218;<\/p>\n<h2 class=\"article-body__section\" id=\"section-what-to-shop\"><span>Was einkaufen<\/span><\/h2>\n<div class=\"product-container hero-product-container product-block-no-wrap\">\n<div class=\"product-block-row\"><\/div>\n<div class=\"product-block-row\"><\/div>\n<div class=\"product-block-row\"><\/div>\n<\/div>\n<hr>\n<p>Erfahren Sie, was professionelle Organisatoren immer in gut organisierten H\u00e4usern entdecken und welche Dinge Sie jetzt von Ihren K\u00fcchenschr\u00e4nken loswerden m\u00fcssen.<\/p>\n<div class=\"block\" id=\"articleTag\" data-component-name=\"PostArticleLinks\">\n<div class=\"border-b border-b-black border-solid py-2.5 text-black font-bold uppercase\">Themen<\/div>\n<nav class=\"py-2.5 flex gap-2.5 flex-wrap\" data-analytics-id=\"article-tag\">\n<p>Lagerung<br \/>\n<\/nav>\n<\/div>\n<\/div>\n","protected":false},"excerpt":{"rendered":"<p>Hassen Sie es nicht, wenn der unangenehmste Schrank, der in Ihrer K\u00fcche zugreifen kann, auch derjenige mit dem gr\u00f6\u00dften Platz ist? Deshalb das Auszugsnetzkorb-Regalsystem aus<\/p>\n","protected":false},"author":1,"featured_media":6054,"comment_status":"closed","ping_status":"","sticky":false,"template":"","format":"standard","meta":{"footnotes":""},"categories":[118],"tags":[436,78,81,281,503,2339,55,129,15,891,3294,6231,410,1096,3840,2746,6506,3499,8423,735,8424,71,1026],"class_list":["post-6053","post","type-post","status-publish","format-standard","has-post-thumbnail","hentry","category-haus-garten","tag-auch","tag-den","tag-der","tag-des","tag-dies","tag-einzige","tag-fuer","tag-ich","tag-ist","tag-juli","tag-kaufe","tag-kuechenschranks","tag-machen","tag-meinen","tag-pfannen","tag-schrank","tag-unangenehmen","tag-unordentliche","tag-veranstalter","tag-verkauf","tag-vierten","tag-wird","tag-zugaenglich","generate-columns","tablet-grid-50","mobile-grid-100","grid-parent","grid-50"],"yoast_head":"<!-- This site is optimized with the Yoast SEO plugin v27.3 - https:\/\/yoast.com\/product\/yoast-seo-wordpress\/ -->\n<title>Dies ist der einzige Veranstalter des K\u00fcchenschranks, den ich im vierten Juli -Verkauf f\u00fcr unordentliche Pfannen kaufe - es wird auch meinen unangenehmen Schrank zug\u00e4nglich machen - Nachrichten - Stra\u00dfenweb<\/title>\n<meta name=\"robots\" content=\"index, follow, max-snippet:-1, max-image-preview:large, max-video-preview:-1\" \/>\n<link rel=\"canonical\" href=\"https:\/\/www.strassenweb.de\/nachrichten\/dies-ist-der-einzige-veranstalter-des-kuechenschranks-den-ich-im-vierten-juli-verkauf-fuer-unordentliche-pfannen-kaufe-es-wird-auch-meinen-unangenehmen-schrank-zugaenglich-machen\/\" \/>\n<meta property=\"og:locale\" content=\"de_DE\" \/>\n<meta property=\"og:type\" content=\"article\" \/>\n<meta property=\"og:title\" content=\"Dies ist der einzige Veranstalter des K\u00fcchenschranks, den ich im vierten Juli -Verkauf f\u00fcr unordentliche Pfannen kaufe - es wird auch meinen unangenehmen Schrank zug\u00e4nglich machen - Nachrichten - Stra\u00dfenweb\" \/>\n<meta property=\"og:description\" content=\"Hassen Sie es nicht, wenn der unangenehmste Schrank, der in Ihrer K\u00fcche zugreifen kann, auch derjenige mit dem gr\u00f6\u00dften Platz ist? Deshalb das Auszugsnetzkorb-Regalsystem aus\" \/>\n<meta property=\"og:url\" content=\"https:\/\/www.strassenweb.de\/nachrichten\/dies-ist-der-einzige-veranstalter-des-kuechenschranks-den-ich-im-vierten-juli-verkauf-fuer-unordentliche-pfannen-kaufe-es-wird-auch-meinen-unangenehmen-schrank-zugaenglich-machen\/\" \/>\n<meta property=\"og:site_name\" content=\"Stra\u00dfenweb\" \/>\n<meta property=\"article:publisher\" content=\"https:\/\/www.facebook.com\/strassenweb\/\" \/>\n<meta property=\"article:published_time\" content=\"2025-07-03T23:39:28+00:00\" \/>\n<meta property=\"article:modified_time\" content=\"2025-07-03T23:39:29+00:00\" \/>\n<meta property=\"og:image\" content=\"https:\/\/www.strassenweb.de\/nachrichten\/wp-content\/uploads\/2025\/07\/Dies-ist-der-einzige-Veranstalter-des-Kuechenschranks-den-ich-im.jpg\" \/>\n\t<meta property=\"og:image:width\" content=\"1600\" \/>\n\t<meta property=\"og:image:height\" content=\"900\" \/>\n\t<meta property=\"og:image:type\" content=\"image\/jpeg\" \/>\n<meta name=\"author\" content=\"Robert Hoffmann\" \/>\n<meta name=\"twitter:card\" content=\"summary_large_image\" \/>\n<meta name=\"twitter:label1\" content=\"Verfasst von\" \/>\n\t<meta name=\"twitter:data1\" content=\"Robert Hoffmann\" \/>\n\t<meta name=\"twitter:label2\" content=\"Gesch\u00e4tzte Lesezeit\" \/>\n\t<meta name=\"twitter:data2\" content=\"2\u00a0Minuten\" \/>\n<script type=\"application\/ld+json\" class=\"yoast-schema-graph\">{\"@context\":\"https:\\\/\\\/schema.org\",\"@graph\":[{\"@type\":\"Article\",\"@id\":\"https:\\\/\\\/www.strassenweb.de\\\/nachrichten\\\/dies-ist-der-einzige-veranstalter-des-kuechenschranks-den-ich-im-vierten-juli-verkauf-fuer-unordentliche-pfannen-kaufe-es-wird-auch-meinen-unangenehmen-schrank-zugaenglich-machen\\\/#article\",\"isPartOf\":{\"@id\":\"https:\\\/\\\/www.strassenweb.de\\\/nachrichten\\\/dies-ist-der-einzige-veranstalter-des-kuechenschranks-den-ich-im-vierten-juli-verkauf-fuer-unordentliche-pfannen-kaufe-es-wird-auch-meinen-unangenehmen-schrank-zugaenglich-machen\\\/\"},\"author\":{\"name\":\"Robert Hoffmann\",\"@id\":\"https:\\\/\\\/www.strassenweb.de\\\/nachrichten\\\/#\\\/schema\\\/person\\\/87c9c9067f1211da429a744dc5a5aa41\"},\"headline\":\"Dies ist der einzige Veranstalter des K\u00fcchenschranks, den ich im vierten Juli -Verkauf f\u00fcr unordentliche Pfannen kaufe &#8211; es wird auch meinen unangenehmen Schrank zug\u00e4nglich machen\",\"datePublished\":\"2025-07-03T23:39:28+00:00\",\"dateModified\":\"2025-07-03T23:39:29+00:00\",\"mainEntityOfPage\":{\"@id\":\"https:\\\/\\\/www.strassenweb.de\\\/nachrichten\\\/dies-ist-der-einzige-veranstalter-des-kuechenschranks-den-ich-im-vierten-juli-verkauf-fuer-unordentliche-pfannen-kaufe-es-wird-auch-meinen-unangenehmen-schrank-zugaenglich-machen\\\/\"},\"wordCount\":357,\"publisher\":{\"@id\":\"https:\\\/\\\/www.strassenweb.de\\\/nachrichten\\\/#organization\"},\"image\":{\"@id\":\"https:\\\/\\\/www.strassenweb.de\\\/nachrichten\\\/dies-ist-der-einzige-veranstalter-des-kuechenschranks-den-ich-im-vierten-juli-verkauf-fuer-unordentliche-pfannen-kaufe-es-wird-auch-meinen-unangenehmen-schrank-zugaenglich-machen\\\/#primaryimage\"},\"thumbnailUrl\":\"https:\\\/\\\/www.strassenweb.de\\\/nachrichten\\\/wp-content\\\/uploads\\\/2025\\\/07\\\/Dies-ist-der-einzige-Veranstalter-des-Kuechenschranks-den-ich-im.jpg\",\"keywords\":[\"Auch\",\"den\",\"der\",\"des\",\"dies\",\"einzige\",\"f\u00fcr\",\"ich\",\"ist\",\"Juli\",\"kaufe\",\"K\u00fcchenschranks\",\"machen\",\"meinen\",\"Pfannen\",\"Schrank\",\"unangenehmen\",\"unordentliche\",\"Veranstalter\",\"Verkauf\",\"vierten\",\"wird\",\"zug\u00e4nglich\"],\"articleSection\":[\"Haus &amp; Garten\"],\"inLanguage\":\"de\"},{\"@type\":\"WebPage\",\"@id\":\"https:\\\/\\\/www.strassenweb.de\\\/nachrichten\\\/dies-ist-der-einzige-veranstalter-des-kuechenschranks-den-ich-im-vierten-juli-verkauf-fuer-unordentliche-pfannen-kaufe-es-wird-auch-meinen-unangenehmen-schrank-zugaenglich-machen\\\/\",\"url\":\"https:\\\/\\\/www.strassenweb.de\\\/nachrichten\\\/dies-ist-der-einzige-veranstalter-des-kuechenschranks-den-ich-im-vierten-juli-verkauf-fuer-unordentliche-pfannen-kaufe-es-wird-auch-meinen-unangenehmen-schrank-zugaenglich-machen\\\/\",\"name\":\"Dies ist der einzige Veranstalter des K\u00fcchenschranks, den ich im vierten Juli -Verkauf f\u00fcr unordentliche Pfannen kaufe - es wird auch meinen unangenehmen Schrank zug\u00e4nglich machen - Nachrichten - Stra\u00dfenweb\",\"isPartOf\":{\"@id\":\"https:\\\/\\\/www.strassenweb.de\\\/nachrichten\\\/#website\"},\"primaryImageOfPage\":{\"@id\":\"https:\\\/\\\/www.strassenweb.de\\\/nachrichten\\\/dies-ist-der-einzige-veranstalter-des-kuechenschranks-den-ich-im-vierten-juli-verkauf-fuer-unordentliche-pfannen-kaufe-es-wird-auch-meinen-unangenehmen-schrank-zugaenglich-machen\\\/#primaryimage\"},\"image\":{\"@id\":\"https:\\\/\\\/www.strassenweb.de\\\/nachrichten\\\/dies-ist-der-einzige-veranstalter-des-kuechenschranks-den-ich-im-vierten-juli-verkauf-fuer-unordentliche-pfannen-kaufe-es-wird-auch-meinen-unangenehmen-schrank-zugaenglich-machen\\\/#primaryimage\"},\"thumbnailUrl\":\"https:\\\/\\\/www.strassenweb.de\\\/nachrichten\\\/wp-content\\\/uploads\\\/2025\\\/07\\\/Dies-ist-der-einzige-Veranstalter-des-Kuechenschranks-den-ich-im.jpg\",\"datePublished\":\"2025-07-03T23:39:28+00:00\",\"dateModified\":\"2025-07-03T23:39:29+00:00\",\"breadcrumb\":{\"@id\":\"https:\\\/\\\/www.strassenweb.de\\\/nachrichten\\\/dies-ist-der-einzige-veranstalter-des-kuechenschranks-den-ich-im-vierten-juli-verkauf-fuer-unordentliche-pfannen-kaufe-es-wird-auch-meinen-unangenehmen-schrank-zugaenglich-machen\\\/#breadcrumb\"},\"inLanguage\":\"de\",\"potentialAction\":[{\"@type\":\"ReadAction\",\"target\":[\"https:\\\/\\\/www.strassenweb.de\\\/nachrichten\\\/dies-ist-der-einzige-veranstalter-des-kuechenschranks-den-ich-im-vierten-juli-verkauf-fuer-unordentliche-pfannen-kaufe-es-wird-auch-meinen-unangenehmen-schrank-zugaenglich-machen\\\/\"]}]},{\"@type\":\"ImageObject\",\"inLanguage\":\"de\",\"@id\":\"https:\\\/\\\/www.strassenweb.de\\\/nachrichten\\\/dies-ist-der-einzige-veranstalter-des-kuechenschranks-den-ich-im-vierten-juli-verkauf-fuer-unordentliche-pfannen-kaufe-es-wird-auch-meinen-unangenehmen-schrank-zugaenglich-machen\\\/#primaryimage\",\"url\":\"https:\\\/\\\/www.strassenweb.de\\\/nachrichten\\\/wp-content\\\/uploads\\\/2025\\\/07\\\/Dies-ist-der-einzige-Veranstalter-des-Kuechenschranks-den-ich-im.jpg\",\"contentUrl\":\"https:\\\/\\\/www.strassenweb.de\\\/nachrichten\\\/wp-content\\\/uploads\\\/2025\\\/07\\\/Dies-ist-der-einzige-Veranstalter-des-Kuechenschranks-den-ich-im.jpg\",\"width\":1600,\"height\":900,\"caption\":\"Large kitchen with bi-fold windows and island. It&amp;#039;s bright, open and has triple aspect windows showing the home&amp;#039;s elevation with trees all around\"},{\"@type\":\"BreadcrumbList\",\"@id\":\"https:\\\/\\\/www.strassenweb.de\\\/nachrichten\\\/dies-ist-der-einzige-veranstalter-des-kuechenschranks-den-ich-im-vierten-juli-verkauf-fuer-unordentliche-pfannen-kaufe-es-wird-auch-meinen-unangenehmen-schrank-zugaenglich-machen\\\/#breadcrumb\",\"itemListElement\":[{\"@type\":\"ListItem\",\"position\":1,\"name\":\"Home\",\"item\":\"https:\\\/\\\/www.strassenweb.de\\\/nachrichten\\\/\"},{\"@type\":\"ListItem\",\"position\":2,\"name\":\"Dies ist der einzige Veranstalter des K\u00fcchenschranks, den ich im vierten Juli -Verkauf f\u00fcr unordentliche Pfannen kaufe &#8211; es wird auch meinen unangenehmen Schrank zug\u00e4nglich machen\"}]},{\"@type\":\"WebSite\",\"@id\":\"https:\\\/\\\/www.strassenweb.de\\\/nachrichten\\\/#website\",\"url\":\"https:\\\/\\\/www.strassenweb.de\\\/nachrichten\\\/\",\"name\":\"Stra\u00dfenweb\",\"description\":\"Stra\u00dfenverzeichnis f\u00fcr Deutschland\",\"publisher\":{\"@id\":\"https:\\\/\\\/www.strassenweb.de\\\/nachrichten\\\/#organization\"},\"potentialAction\":[{\"@type\":\"SearchAction\",\"target\":{\"@type\":\"EntryPoint\",\"urlTemplate\":\"https:\\\/\\\/www.strassenweb.de\\\/nachrichten\\\/?s={search_term_string}\"},\"query-input\":{\"@type\":\"PropertyValueSpecification\",\"valueRequired\":true,\"valueName\":\"search_term_string\"}}],\"inLanguage\":\"de\"},{\"@type\":\"Organization\",\"@id\":\"https:\\\/\\\/www.strassenweb.de\\\/nachrichten\\\/#organization\",\"name\":\"Stra\u00dfenweb\",\"url\":\"https:\\\/\\\/www.strassenweb.de\\\/nachrichten\\\/\",\"logo\":{\"@type\":\"ImageObject\",\"inLanguage\":\"de\",\"@id\":\"https:\\\/\\\/www.strassenweb.de\\\/nachrichten\\\/#\\\/schema\\\/logo\\\/image\\\/\",\"url\":\"https:\\\/\\\/www.strassenweb.de\\\/nachrichten\\\/wp-content\\\/uploads\\\/2024\\\/09\\\/cropped-favicon.png\",\"contentUrl\":\"https:\\\/\\\/www.strassenweb.de\\\/nachrichten\\\/wp-content\\\/uploads\\\/2024\\\/09\\\/cropped-favicon.png\",\"width\":512,\"height\":512,\"caption\":\"Stra\u00dfenweb\"},\"image\":{\"@id\":\"https:\\\/\\\/www.strassenweb.de\\\/nachrichten\\\/#\\\/schema\\\/logo\\\/image\\\/\"},\"sameAs\":[\"https:\\\/\\\/www.facebook.com\\\/strassenweb\\\/\"]},{\"@type\":\"Person\",\"@id\":\"https:\\\/\\\/www.strassenweb.de\\\/nachrichten\\\/#\\\/schema\\\/person\\\/87c9c9067f1211da429a744dc5a5aa41\",\"name\":\"Robert Hoffmann\",\"image\":{\"@type\":\"ImageObject\",\"inLanguage\":\"de\",\"@id\":\"https:\\\/\\\/www.strassenweb.de\\\/nachrichten\\\/wp-content\\\/uploads\\\/2024\\\/09\\\/strassenweb-150x150.jpg\",\"url\":\"https:\\\/\\\/www.strassenweb.de\\\/nachrichten\\\/wp-content\\\/uploads\\\/2024\\\/09\\\/strassenweb-150x150.jpg\",\"contentUrl\":\"https:\\\/\\\/www.strassenweb.de\\\/nachrichten\\\/wp-content\\\/uploads\\\/2024\\\/09\\\/strassenweb-150x150.jpg\",\"caption\":\"Robert Hoffmann\"},\"description\":\"Ich hei\u00dfe Robert Hoffmann und ich bin ein leidenschaftlicher Verfechter von \u00d6kologie und Biodiversit\u00e4t. Seit meiner Kindheit in den W\u00e4ldern Bayerns f\u00fchle ich mich mit der Natur verbunden und bin entschlossen, sie zu sch\u00fctzen. Heute widme ich mein Leben der Sensibilisierung anderer f\u00fcr die Bedeutung des Umweltschutzes f\u00fcr zuk\u00fcnftige Generationen.\",\"sameAs\":[\"https:\\\/\\\/www.strassenweb.de\\\/\"]}]}<\/script>\n<!-- \/ Yoast SEO plugin. -->","yoast_head_json":{"title":"Dies ist der einzige Veranstalter des K\u00fcchenschranks, den ich im vierten Juli -Verkauf f\u00fcr unordentliche Pfannen kaufe - es wird auch meinen unangenehmen Schrank zug\u00e4nglich machen - Nachrichten - Stra\u00dfenweb","robots":{"index":"index","follow":"follow","max-snippet":"max-snippet:-1","max-image-preview":"max-image-preview:large","max-video-preview":"max-video-preview:-1"},"canonical":"https:\/\/www.strassenweb.de\/nachrichten\/dies-ist-der-einzige-veranstalter-des-kuechenschranks-den-ich-im-vierten-juli-verkauf-fuer-unordentliche-pfannen-kaufe-es-wird-auch-meinen-unangenehmen-schrank-zugaenglich-machen\/","og_locale":"de_DE","og_type":"article","og_title":"Dies ist der einzige Veranstalter des K\u00fcchenschranks, den ich im vierten Juli -Verkauf f\u00fcr unordentliche Pfannen kaufe - es wird auch meinen unangenehmen Schrank zug\u00e4nglich machen - Nachrichten - Stra\u00dfenweb","og_description":"Hassen Sie es nicht, wenn der unangenehmste Schrank, der in Ihrer K\u00fcche zugreifen kann, auch derjenige mit dem gr\u00f6\u00dften Platz ist? Deshalb das Auszugsnetzkorb-Regalsystem aus","og_url":"https:\/\/www.strassenweb.de\/nachrichten\/dies-ist-der-einzige-veranstalter-des-kuechenschranks-den-ich-im-vierten-juli-verkauf-fuer-unordentliche-pfannen-kaufe-es-wird-auch-meinen-unangenehmen-schrank-zugaenglich-machen\/","og_site_name":"Stra\u00dfenweb","article_publisher":"https:\/\/www.facebook.com\/strassenweb\/","article_published_time":"2025-07-03T23:39:28+00:00","article_modified_time":"2025-07-03T23:39:29+00:00","og_image":[{"width":1600,"height":900,"url":"https:\/\/www.strassenweb.de\/nachrichten\/wp-content\/uploads\/2025\/07\/Dies-ist-der-einzige-Veranstalter-des-Kuechenschranks-den-ich-im.jpg","type":"image\/jpeg"}],"author":"Robert Hoffmann","twitter_card":"summary_large_image","twitter_misc":{"Verfasst von":"Robert Hoffmann","Gesch\u00e4tzte Lesezeit":"2\u00a0Minuten"},"schema":{"@context":"https:\/\/schema.org","@graph":[{"@type":"Article","@id":"https:\/\/www.strassenweb.de\/nachrichten\/dies-ist-der-einzige-veranstalter-des-kuechenschranks-den-ich-im-vierten-juli-verkauf-fuer-unordentliche-pfannen-kaufe-es-wird-auch-meinen-unangenehmen-schrank-zugaenglich-machen\/#article","isPartOf":{"@id":"https:\/\/www.strassenweb.de\/nachrichten\/dies-ist-der-einzige-veranstalter-des-kuechenschranks-den-ich-im-vierten-juli-verkauf-fuer-unordentliche-pfannen-kaufe-es-wird-auch-meinen-unangenehmen-schrank-zugaenglich-machen\/"},"author":{"name":"Robert Hoffmann","@id":"https:\/\/www.strassenweb.de\/nachrichten\/#\/schema\/person\/87c9c9067f1211da429a744dc5a5aa41"},"headline":"Dies ist der einzige Veranstalter des K\u00fcchenschranks, den ich im vierten Juli -Verkauf f\u00fcr unordentliche Pfannen kaufe &#8211; es wird auch meinen unangenehmen Schrank zug\u00e4nglich machen","datePublished":"2025-07-03T23:39:28+00:00","dateModified":"2025-07-03T23:39:29+00:00","mainEntityOfPage":{"@id":"https:\/\/www.strassenweb.de\/nachrichten\/dies-ist-der-einzige-veranstalter-des-kuechenschranks-den-ich-im-vierten-juli-verkauf-fuer-unordentliche-pfannen-kaufe-es-wird-auch-meinen-unangenehmen-schrank-zugaenglich-machen\/"},"wordCount":357,"publisher":{"@id":"https:\/\/www.strassenweb.de\/nachrichten\/#organization"},"image":{"@id":"https:\/\/www.strassenweb.de\/nachrichten\/dies-ist-der-einzige-veranstalter-des-kuechenschranks-den-ich-im-vierten-juli-verkauf-fuer-unordentliche-pfannen-kaufe-es-wird-auch-meinen-unangenehmen-schrank-zugaenglich-machen\/#primaryimage"},"thumbnailUrl":"https:\/\/www.strassenweb.de\/nachrichten\/wp-content\/uploads\/2025\/07\/Dies-ist-der-einzige-Veranstalter-des-Kuechenschranks-den-ich-im.jpg","keywords":["Auch","den","der","des","dies","einzige","f\u00fcr","ich","ist","Juli","kaufe","K\u00fcchenschranks","machen","meinen","Pfannen","Schrank","unangenehmen","unordentliche","Veranstalter","Verkauf","vierten","wird","zug\u00e4nglich"],"articleSection":["Haus &amp; Garten"],"inLanguage":"de"},{"@type":"WebPage","@id":"https:\/\/www.strassenweb.de\/nachrichten\/dies-ist-der-einzige-veranstalter-des-kuechenschranks-den-ich-im-vierten-juli-verkauf-fuer-unordentliche-pfannen-kaufe-es-wird-auch-meinen-unangenehmen-schrank-zugaenglich-machen\/","url":"https:\/\/www.strassenweb.de\/nachrichten\/dies-ist-der-einzige-veranstalter-des-kuechenschranks-den-ich-im-vierten-juli-verkauf-fuer-unordentliche-pfannen-kaufe-es-wird-auch-meinen-unangenehmen-schrank-zugaenglich-machen\/","name":"Dies ist der einzige Veranstalter des K\u00fcchenschranks, den ich im vierten Juli -Verkauf f\u00fcr unordentliche Pfannen kaufe - es wird auch meinen unangenehmen Schrank zug\u00e4nglich machen - Nachrichten - Stra\u00dfenweb","isPartOf":{"@id":"https:\/\/www.strassenweb.de\/nachrichten\/#website"},"primaryImageOfPage":{"@id":"https:\/\/www.strassenweb.de\/nachrichten\/dies-ist-der-einzige-veranstalter-des-kuechenschranks-den-ich-im-vierten-juli-verkauf-fuer-unordentliche-pfannen-kaufe-es-wird-auch-meinen-unangenehmen-schrank-zugaenglich-machen\/#primaryimage"},"image":{"@id":"https:\/\/www.strassenweb.de\/nachrichten\/dies-ist-der-einzige-veranstalter-des-kuechenschranks-den-ich-im-vierten-juli-verkauf-fuer-unordentliche-pfannen-kaufe-es-wird-auch-meinen-unangenehmen-schrank-zugaenglich-machen\/#primaryimage"},"thumbnailUrl":"https:\/\/www.strassenweb.de\/nachrichten\/wp-content\/uploads\/2025\/07\/Dies-ist-der-einzige-Veranstalter-des-Kuechenschranks-den-ich-im.jpg","datePublished":"2025-07-03T23:39:28+00:00","dateModified":"2025-07-03T23:39:29+00:00","breadcrumb":{"@id":"https:\/\/www.strassenweb.de\/nachrichten\/dies-ist-der-einzige-veranstalter-des-kuechenschranks-den-ich-im-vierten-juli-verkauf-fuer-unordentliche-pfannen-kaufe-es-wird-auch-meinen-unangenehmen-schrank-zugaenglich-machen\/#breadcrumb"},"inLanguage":"de","potentialAction":[{"@type":"ReadAction","target":["https:\/\/www.strassenweb.de\/nachrichten\/dies-ist-der-einzige-veranstalter-des-kuechenschranks-den-ich-im-vierten-juli-verkauf-fuer-unordentliche-pfannen-kaufe-es-wird-auch-meinen-unangenehmen-schrank-zugaenglich-machen\/"]}]},{"@type":"ImageObject","inLanguage":"de","@id":"https:\/\/www.strassenweb.de\/nachrichten\/dies-ist-der-einzige-veranstalter-des-kuechenschranks-den-ich-im-vierten-juli-verkauf-fuer-unordentliche-pfannen-kaufe-es-wird-auch-meinen-unangenehmen-schrank-zugaenglich-machen\/#primaryimage","url":"https:\/\/www.strassenweb.de\/nachrichten\/wp-content\/uploads\/2025\/07\/Dies-ist-der-einzige-Veranstalter-des-Kuechenschranks-den-ich-im.jpg","contentUrl":"https:\/\/www.strassenweb.de\/nachrichten\/wp-content\/uploads\/2025\/07\/Dies-ist-der-einzige-Veranstalter-des-Kuechenschranks-den-ich-im.jpg","width":1600,"height":900,"caption":"Large kitchen with bi-fold windows and island. It&amp;#039;s bright, open and has triple aspect windows showing the home&amp;#039;s elevation with trees all around"},{"@type":"BreadcrumbList","@id":"https:\/\/www.strassenweb.de\/nachrichten\/dies-ist-der-einzige-veranstalter-des-kuechenschranks-den-ich-im-vierten-juli-verkauf-fuer-unordentliche-pfannen-kaufe-es-wird-auch-meinen-unangenehmen-schrank-zugaenglich-machen\/#breadcrumb","itemListElement":[{"@type":"ListItem","position":1,"name":"Home","item":"https:\/\/www.strassenweb.de\/nachrichten\/"},{"@type":"ListItem","position":2,"name":"Dies ist der einzige Veranstalter des K\u00fcchenschranks, den ich im vierten Juli -Verkauf f\u00fcr unordentliche Pfannen kaufe &#8211; es wird auch meinen unangenehmen Schrank zug\u00e4nglich machen"}]},{"@type":"WebSite","@id":"https:\/\/www.strassenweb.de\/nachrichten\/#website","url":"https:\/\/www.strassenweb.de\/nachrichten\/","name":"Stra\u00dfenweb","description":"Stra\u00dfenverzeichnis f\u00fcr Deutschland","publisher":{"@id":"https:\/\/www.strassenweb.de\/nachrichten\/#organization"},"potentialAction":[{"@type":"SearchAction","target":{"@type":"EntryPoint","urlTemplate":"https:\/\/www.strassenweb.de\/nachrichten\/?s={search_term_string}"},"query-input":{"@type":"PropertyValueSpecification","valueRequired":true,"valueName":"search_term_string"}}],"inLanguage":"de"},{"@type":"Organization","@id":"https:\/\/www.strassenweb.de\/nachrichten\/#organization","name":"Stra\u00dfenweb","url":"https:\/\/www.strassenweb.de\/nachrichten\/","logo":{"@type":"ImageObject","inLanguage":"de","@id":"https:\/\/www.strassenweb.de\/nachrichten\/#\/schema\/logo\/image\/","url":"https:\/\/www.strassenweb.de\/nachrichten\/wp-content\/uploads\/2024\/09\/cropped-favicon.png","contentUrl":"https:\/\/www.strassenweb.de\/nachrichten\/wp-content\/uploads\/2024\/09\/cropped-favicon.png","width":512,"height":512,"caption":"Stra\u00dfenweb"},"image":{"@id":"https:\/\/www.strassenweb.de\/nachrichten\/#\/schema\/logo\/image\/"},"sameAs":["https:\/\/www.facebook.com\/strassenweb\/"]},{"@type":"Person","@id":"https:\/\/www.strassenweb.de\/nachrichten\/#\/schema\/person\/87c9c9067f1211da429a744dc5a5aa41","name":"Robert Hoffmann","image":{"@type":"ImageObject","inLanguage":"de","@id":"https:\/\/www.strassenweb.de\/nachrichten\/wp-content\/uploads\/2024\/09\/strassenweb-150x150.jpg","url":"https:\/\/www.strassenweb.de\/nachrichten\/wp-content\/uploads\/2024\/09\/strassenweb-150x150.jpg","contentUrl":"https:\/\/www.strassenweb.de\/nachrichten\/wp-content\/uploads\/2024\/09\/strassenweb-150x150.jpg","caption":"Robert Hoffmann"},"description":"Ich hei\u00dfe Robert Hoffmann und ich bin ein leidenschaftlicher Verfechter von \u00d6kologie und Biodiversit\u00e4t. Seit meiner Kindheit in den W\u00e4ldern Bayerns f\u00fchle ich mich mit der Natur verbunden und bin entschlossen, sie zu sch\u00fctzen. Heute widme ich mein Leben der Sensibilisierung anderer f\u00fcr die Bedeutung des Umweltschutzes f\u00fcr zuk\u00fcnftige Generationen.","sameAs":["https:\/\/www.strassenweb.de\/"]}]}},"_links":{"self":[{"href":"https:\/\/www.strassenweb.de\/nachrichten\/wp-json\/wp\/v2\/posts\/6053","targetHints":{"allow":["GET"]}}],"collection":[{"href":"https:\/\/www.strassenweb.de\/nachrichten\/wp-json\/wp\/v2\/posts"}],"about":[{"href":"https:\/\/www.strassenweb.de\/nachrichten\/wp-json\/wp\/v2\/types\/post"}],"author":[{"embeddable":true,"href":"https:\/\/www.strassenweb.de\/nachrichten\/wp-json\/wp\/v2\/users\/1"}],"replies":[{"embeddable":true,"href":"https:\/\/www.strassenweb.de\/nachrichten\/wp-json\/wp\/v2\/comments?post=6053"}],"version-history":[{"count":0,"href":"https:\/\/www.strassenweb.de\/nachrichten\/wp-json\/wp\/v2\/posts\/6053\/revisions"}],"wp:featuredmedia":[{"embeddable":true,"href":"https:\/\/www.strassenweb.de\/nachrichten\/wp-json\/wp\/v2\/media\/6054"}],"wp:attachment":[{"href":"https:\/\/www.strassenweb.de\/nachrichten\/wp-json\/wp\/v2\/media?parent=6053"}],"wp:term":[{"taxonomy":"category","embeddable":true,"href":"https:\/\/www.strassenweb.de\/nachrichten\/wp-json\/wp\/v2\/categories?post=6053"},{"taxonomy":"post_tag","embeddable":true,"href":"https:\/\/www.strassenweb.de\/nachrichten\/wp-json\/wp\/v2\/tags?post=6053"}],"curies":[{"name":"wp","href":"https:\/\/api.w.org\/{rel}","templated":true}]}}