{"id":604,"date":"2024-10-04T21:46:00","date_gmt":"2024-10-04T19:46:00","guid":{"rendered":"https:\/\/www.strassenweb.de\/nachrichten\/fuenf-umweltthemen-die-weiter-oben-auf-der-wahlagenda-stehen-sollten\/"},"modified":"2024-10-04T21:46:00","modified_gmt":"2024-10-04T19:46:00","slug":"fuenf-umweltthemen-die-weiter-oben-auf-der-wahlagenda-stehen-sollten","status":"publish","type":"post","link":"https:\/\/www.strassenweb.de\/nachrichten\/fuenf-umweltthemen-die-weiter-oben-auf-der-wahlagenda-stehen-sollten\/","title":{"rendered":"F\u00fcnf Umweltthemen, die weiter oben auf der Wahlagenda stehen sollten"},"content":{"rendered":"<figure class=\"wp-block-image\"><\/figure>\n<p>Mari Martiskainen, <em>Universit\u00e4t Sussex<\/em><\/p>\n<p>W\u00e4hrend sich die meisten britischen Parlamentswahlk\u00e4mpfe bisher auf Themen wie Wirtschaftswachstum und die Bew\u00e4ltigung der Lebenshaltungskostenkrise konzentrierten, wird einigen wichtigen Umweltthemen nicht gen\u00fcgend Aufmerksamkeit geschenkt.<\/p>\n<p>Der Klimawandel sollte ganz oben auf der Agenda stehen. Die Welt erlebt rekordverd\u00e4chtige Temperaturen, wobei der Temperaturanstieg in der Antarktis besonders alarmierend ist. In diesem Jahr gab es in Gro\u00dfbritannien eine Rekordzahl wetterbedingter Versicherungsanspr\u00fcche im Zusammenhang mit extremen Wetterereignissen.<\/p>\n<p>Doch obwohl die Bek\u00e4mpfung des Klimawandels potenzielle Vorteile f\u00fcr Arbeitspl\u00e4tze, Energiesicherheit und niedrigere Rechnungen mit sich bringt, wird sie von den W\u00e4hlern nicht als oberste Priorit\u00e4t angesehen. Und die meisten politischen Parteien schenken ihm relativ wenig Aufmerksamkeit.<\/p>\n<p>Ob es den Politikern oder den W\u00e4hlern gef\u00e4llt oder nicht, die Auswirkungen des Klimawandels auf die Wirtschaft, die Ern\u00e4hrungssicherheit, die \u00f6ffentliche Gesundheit und die Migration sollten nicht ignoriert werden. Dieser Wahlkampf bietet die Gelegenheit, durch die Diskussion kritischer Umweltherausforderungen starke politische F\u00fchrung zu zeigen, doch gro\u00dfe politische Parteien gehen auf Nummer sicher.<\/p>\n<h2 class=\"wp-block-heading\">1. Finanzierung des Netto-Null-\u00dcbergangs<\/h2>\n<p>W\u00e4hrend die Gr\u00fcnen dem Klimawandel oberste Priorit\u00e4t einr\u00e4umen, hat keine der gr\u00f6\u00dferen Parteien dieses Thema zu einer treibenden Kraft f\u00fcr ihre Politik gemacht.<\/p>\n<p>Das Manifest der Konservativen Partei bekr\u00e4ftigt ihr Engagement f\u00fcr den Klimawandel, indem sie sich mit der Widerstandsf\u00e4higkeit der am st\u00e4rksten gef\u00e4hrdeten Mitglieder des Commonwealth befasst, schlie\u00dft jedoch Wege in eine kohlenstoffarme Zukunft aus, einschlie\u00dflich Umweltabgaben, Stra\u00dfenbenutzungsgeb\u00fchren und einer Vielfliegerabgabe.<\/p>\n<p>Das Labour-Manifest erkennt an, dass die Klima- und Naturkrisen ernste langfristige Herausforderungen darstellen. Sein Plan f\u00fcr die \u00f6ffentliche Great British Energy umfasst Ma\u00dfnahmen wie die Verdoppelung der Onshore-Windenergie, die Verdreifachung der Solarenergie und die Vervierfachung der Offshore-Windkraft bis 2030, mit Investitionen in Kohlenstoffabscheidung und -speicherung, Wasserstoff und Meeresenergie sowie Energiespeicherung.<\/p>\n<p>Doch Details dar\u00fcber, wie die Netto-Null-Umstellung finanziert werden soll, fehlen fl\u00e4chendeckend. Das Vereinigte K\u00f6nigreich ben\u00f6tigt bessere Investitionen sowohl in die Netto-Null-Emissionen als auch in die Anpassung an den Klimawandel. Eine Abkehr von fossilen Brennstoffen verringert nicht nur die Treibhausgasemissionen, sondern minimiert auch die Belastung durch volatile, teure und umweltsch\u00e4dliche Energiequellen. Auch \u00fcber die Vorteile einer geringeren Energienachfrage wird im Wahlkampf nur begrenzt diskutiert.<\/p>\n<h2 class=\"wp-block-heading\">2. Wiederherstellung der Artenvielfalt<\/h2>\n<p>Viele Menschen sind von den j\u00fcngsten Anstiegen der Lebensmittelpreise betroffen, wobei mehr als vier von zehn Erwachsenen aufgrund der steigenden Kosten weniger Lebensmittel gekauft haben. W\u00e4hrend die Lebensmittelkosten f\u00fcr viele von Nachteil sind, ist die billige Lebensmittelproduktion mit grundlegenden Umweltproblemen verbunden.<\/p>\n<p>Von Politikern wird kaum erw\u00e4hnt, wie sich der Verlust der biologischen Vielfalt, die Naturkrise und die intensive Landwirtschaft auf die langfristige Ern\u00e4hrungssicherheit auswirken. In einem neuen Bericht des Thinktanks ODI hei\u00dft es, dass fast 50 % der Arten zur\u00fcckgehen und bis zu einer Million Arten m\u00f6glicherweise vom Aussterben bedroht sind.<\/p>\n<p>Das Vereinigte K\u00f6nigreich bleibt hinter seinen Zusagen zur\u00fcck, zur Bew\u00e4ltigung und Finanzierung dieses globalen Verlusts der biologischen Vielfalt beizutragen. Wir sind bei der Nahrungsversorgung auf die Natur angewiesen und ein gesundes \u00d6kosystem ist f\u00fcr die Nahrungsmittelversorgung von entscheidender Bedeutung. Im Vereinigten K\u00f6nigreich wurde ein R\u00fcckgang der Best\u00e4uber festgestellt, und in den USA wurde der Verlust von Best\u00e4ubern bereits mit geringeren Ernteertr\u00e4gen in Verbindung gebracht.<\/p>\n<p>Fast die H\u00e4lfte der Lebensmittel im Vereinigten K\u00f6nigreich stammen aus anderen L\u00e4ndern, daher sollte dies ein Thema f\u00fcr eine enge internationale Zusammenarbeit sein. Der Verlust der biologischen Vielfalt kann durch den Schutz von Arten und W\u00e4ldern, die Reduzierung von Emissionen, eine regenerativere Landwirtschaft und den Einsatz naturbasierter L\u00f6sungen wie Wiederverwilderung gemildert werden.<\/p>\n<h2 class=\"wp-block-heading\">3. Fl\u00fcsse s\u00e4ubern<\/h2>\n<p>Es gab gro\u00dfe \u00f6ffentliche Emp\u00f6rung dar\u00fcber, dass Wasserunternehmen Abwasser in Fl\u00fcsse und ins Meer pumpen, wobei Sch\u00e4tzungen zufolge mehr als 80 % der englischen Fl\u00fcsse durch Abwasser\u00fcberl\u00e4ufe und G\u00fclleabfluss von landwirtschaftlichen Feldern stark verschmutzt sind.<\/p>\n<p>Nur wenige Politiker fordern eine systemische \u00c4nderung der Funktionsweise des britischen Wassersystems. Abwasser war f\u00fcr die Liberaldemokraten ein gro\u00dfes Wahlkampfthema, aber in den Mediendiskussionen ging es vor allem darum, dass Parteichef Ed Davey in den Lake Windermere st\u00fcrzte, um auf das Problem aufmerksam zu machen, und nicht um detaillierte politische Vorschl\u00e4ge.<\/p>\n<p>Es fehlt auch an Diskussionen dar\u00fcber, wie die zunehmenden \u00dcberschwemmungen aufgrund zunehmender Wetterextreme abgemildert werden k\u00f6nnen. Ma\u00dfnahmen wie die Wiederverwilderung k\u00f6nnten die Widerstandsf\u00e4higkeit des Vereinigten K\u00f6nigreichs gegen \u00dcberschwemmungen verbessern. England verf\u00fcgt \u00fcber ein vollst\u00e4ndig privatisiertes Wassersystem, was f\u00fcr die meisten L\u00e4nder ungew\u00f6hnlich ist, und es gibt keine Debatte dar\u00fcber, ob dies der beste Ansatz f\u00fcr die Bereitstellung einer zuverl\u00e4ssigen und sauberen Wasserversorgung ist, die f\u00fcr alle lebenswichtig ist.<\/p>\n<h2 class=\"wp-block-heading\">4. Nachr\u00fcstung von H\u00e4usern<\/h2>\n<p>Eine weitere verpasste Chance besteht darin, die undichten und ineffizienten H\u00e4user in Gro\u00dfbritannien zu reparieren. In England und Wales betr\u00e4gt die durchschnittliche Energieeffizienzklasse eines Hauses D. Bei H\u00e4usern, die vor 1930 gebaut wurden, werden mehr als 80 % der H\u00e4user von D bis G bewertet, was auf eine niedrige Energieeffizienz hinweist.<\/p>\n<figure class=\"wp-block-image\"><img decoding=\"async\" src=\"https:\/\/www.strassenweb.de\/nachrichten\/wp-content\/uploads\/2024\/10\/1728071160_341_Fuenf-Umweltthemen-die-weiter-oben-auf-der-Wahlagenda-stehen-sollten.0&#038;q=45&#038;auto=format&#038;w=754&#038;fit=clip.jpeg\" alt=\"Graue Luftw\u00e4rmepumpeneinheit an der Fassade eines alten roten Backsteinhauses, gr\u00fcnes Gras und Blumen im Vordergrund\"><\/figure>\n<p>Sowohl in den Wahlprogrammen der Labour Party als auch der Scottish National Party (SNP) gibt es Richtlinien f\u00fcr die Nachr\u00fcstung von H\u00e4usern. Labour wird Zusch\u00fcsse und zinsg\u00fcnstige Darlehen f\u00fcr Ma\u00dfnahmen wie Isolierung, Sonnenkollektoren, Batterien und kohlenstoffarme Heizung bereitstellen. Die SNP verspricht niedrigere Mehrwertsteuers\u00e4tze f\u00fcr den Bausektor, um die Sanierung bestehender Geb\u00e4ude zu f\u00f6rdern.<\/p>\n<p>Es fehlt jedoch ein vollst\u00e4ndig kalkuliertes Wohnungsverbesserungsprogramm, das sich mit H\u00e4usern im Vereinigten K\u00f6nigreich befassen w\u00fcrde, die einer Sanierung bed\u00fcrfen. Das Vereinigte K\u00f6nigreich ben\u00f6tigt ein langfristiges Programm mit leicht zug\u00e4nglichen Zusch\u00fcssen und zinslosen Darlehen, damit Haushalte Ma\u00dfnahmen wie Isolierung, W\u00e4rmepumpen und Solarenergie installieren k\u00f6nnen, um letztendlich auch ihre Energiekosten zu senken.<\/p>\n<p>Energieeffiziente H\u00e4user k\u00f6nnen dazu beitragen, die Energiearmut zu verringern und komfortablere Lebensbedingungen zu schaffen. H\u00e4user m\u00fcssen dringend klimaresistenter werden, indem sie besser auf extreme Wetterbedingungen wie Hitzewellen im Sommer und kalte Winterereignisse vorbereitet werden.<\/p>\n<h2 class=\"wp-block-heading\">5. Verbesserung des nachhaltigen Transports<\/h2>\n<p>Gro\u00dfbritannien muss seine hohe Abh\u00e4ngigkeit von Autos drastisch reduzieren. Im Jahr 2023 war in Gro\u00dfbritannien eine Rekordzahl von 41,4 Millionen Fahrzeugen unterwegs. W\u00e4hrend die Emissionen von Autos reduziert wurden, ist nur jedes 40. Fahrzeug emissionsfrei. Die Politik k\u00f6nnte aktive Fortbewegungsm\u00f6glichkeiten (wie Fahrradfahren und Zufu\u00dfgehen) besser unterst\u00fctzen oder die Anbindung an den \u00f6ffentlichen Nahverkehr verbessern.<\/p>\n<p>Das Schweigen zu diesem Thema ist nicht \u00fcberraschend, wenn man bedenkt, dass sich Staugeb\u00fchren und damit verbundene Ma\u00dfnahmen in manchen Gegenden als unpopul\u00e4r erwiesen haben. Aber H\u00e4user mit enger Anbindung an \u00f6ffentliche Verkehrsmittel und Richtlinien, die 15-Minuten-St\u00e4dte mit zug\u00e4nglichen nachhaltigen Transportm\u00f6glichkeiten f\u00f6rdern, k\u00f6nnten zahlreiche Vorteile f\u00fcr Gesundheit und Wohlbefinden bringen. Verkehrsarme Quartiere k\u00f6nnen Spielraum f\u00fcr Kinder schaffen und die Lebensqualit\u00e4t der Bewohner steigern.<\/p>\n<p>Mari Martiskainen, Professorin f\u00fcr Energie und Gesellschaft, SPRU, University of Sussex Business School, <em>Universit\u00e4t Sussex<\/em><\/p>\n<p>  wird von The Conversation unter einer Creative Commons-Lizenz erneut ver\u00f6ffentlicht. Lesen Sie den Originalartikel.<\/p>\n","protected":false},"excerpt":{"rendered":"<p>Mari Martiskainen, Universit\u00e4t Sussex W\u00e4hrend sich die meisten britischen Parlamentswahlk\u00e4mpfe bisher auf Themen wie Wirtschaftswachstum und die Bew\u00e4ltigung der Lebenshaltungskostenkrise konzentrierten, wird einigen wichtigen Umweltthemen<\/p>\n","protected":false},"author":1,"featured_media":605,"comment_status":"closed","ping_status":"","sticky":false,"template":"","format":"standard","meta":{"footnotes":""},"categories":[101],"tags":[46,81,9,1127,761,560,1207,1204,1206,1205],"class_list":["post-604","post","type-post","status-publish","format-standard","has-post-thumbnail","hentry","category-oekologie","tag-auf","tag-der","tag-die","tag-fuenf","tag-oben","tag-sollten","tag-stehen","tag-umweltthemen","tag-wahlagenda","tag-weiter","generate-columns","tablet-grid-50","mobile-grid-100","grid-parent","grid-50"],"yoast_head":"<!-- This site is optimized with the Yoast SEO plugin v27.3 - https:\/\/yoast.com\/product\/yoast-seo-wordpress\/ -->\n<title>F\u00fcnf Umweltthemen, die weiter oben auf der Wahlagenda stehen sollten - Nachrichten - Stra\u00dfenweb<\/title>\n<meta name=\"robots\" content=\"index, follow, max-snippet:-1, max-image-preview:large, max-video-preview:-1\" \/>\n<link rel=\"canonical\" href=\"https:\/\/www.strassenweb.de\/nachrichten\/fuenf-umweltthemen-die-weiter-oben-auf-der-wahlagenda-stehen-sollten\/\" \/>\n<meta property=\"og:locale\" content=\"de_DE\" \/>\n<meta property=\"og:type\" content=\"article\" \/>\n<meta property=\"og:title\" content=\"F\u00fcnf Umweltthemen, die weiter oben auf der Wahlagenda stehen sollten - Nachrichten - Stra\u00dfenweb\" \/>\n<meta property=\"og:description\" content=\"Mari Martiskainen, Universit\u00e4t Sussex W\u00e4hrend sich die meisten britischen Parlamentswahlk\u00e4mpfe bisher auf Themen wie Wirtschaftswachstum und die Bew\u00e4ltigung der Lebenshaltungskostenkrise konzentrierten, wird einigen wichtigen Umweltthemen\" \/>\n<meta property=\"og:url\" content=\"https:\/\/www.strassenweb.de\/nachrichten\/fuenf-umweltthemen-die-weiter-oben-auf-der-wahlagenda-stehen-sollten\/\" \/>\n<meta property=\"og:site_name\" content=\"Stra\u00dfenweb\" \/>\n<meta property=\"article:publisher\" content=\"https:\/\/www.facebook.com\/strassenweb\/\" \/>\n<meta property=\"article:published_time\" content=\"2024-10-04T19:46:00+00:00\" \/>\n<meta property=\"og:image\" content=\"https:\/\/www.strassenweb.de\/nachrichten\/wp-content\/uploads\/2024\/10\/Fuenf-Umweltthemen-die-weiter-oben-auf-der-Wahlagenda-stehen-sollten.jpg\" \/>\n\t<meta property=\"og:image:width\" content=\"754\" \/>\n\t<meta property=\"og:image:height\" content=\"503\" \/>\n\t<meta property=\"og:image:type\" content=\"image\/jpeg\" \/>\n<meta name=\"author\" content=\"Robert Hoffmann\" \/>\n<meta name=\"twitter:card\" content=\"summary_large_image\" \/>\n<meta name=\"twitter:label1\" content=\"Verfasst von\" \/>\n\t<meta name=\"twitter:data1\" content=\"Robert Hoffmann\" \/>\n\t<meta name=\"twitter:label2\" content=\"Gesch\u00e4tzte Lesezeit\" \/>\n\t<meta name=\"twitter:data2\" content=\"6\u00a0Minuten\" \/>\n<script type=\"application\/ld+json\" class=\"yoast-schema-graph\">{\"@context\":\"https:\\\/\\\/schema.org\",\"@graph\":[{\"@type\":\"Article\",\"@id\":\"https:\\\/\\\/www.strassenweb.de\\\/nachrichten\\\/fuenf-umweltthemen-die-weiter-oben-auf-der-wahlagenda-stehen-sollten\\\/#article\",\"isPartOf\":{\"@id\":\"https:\\\/\\\/www.strassenweb.de\\\/nachrichten\\\/fuenf-umweltthemen-die-weiter-oben-auf-der-wahlagenda-stehen-sollten\\\/\"},\"author\":{\"name\":\"Robert Hoffmann\",\"@id\":\"https:\\\/\\\/www.strassenweb.de\\\/nachrichten\\\/#\\\/schema\\\/person\\\/87c9c9067f1211da429a744dc5a5aa41\"},\"headline\":\"F\u00fcnf Umweltthemen, die weiter oben auf der Wahlagenda stehen sollten\",\"datePublished\":\"2024-10-04T19:46:00+00:00\",\"mainEntityOfPage\":{\"@id\":\"https:\\\/\\\/www.strassenweb.de\\\/nachrichten\\\/fuenf-umweltthemen-die-weiter-oben-auf-der-wahlagenda-stehen-sollten\\\/\"},\"wordCount\":1195,\"publisher\":{\"@id\":\"https:\\\/\\\/www.strassenweb.de\\\/nachrichten\\\/#organization\"},\"image\":{\"@id\":\"https:\\\/\\\/www.strassenweb.de\\\/nachrichten\\\/fuenf-umweltthemen-die-weiter-oben-auf-der-wahlagenda-stehen-sollten\\\/#primaryimage\"},\"thumbnailUrl\":\"https:\\\/\\\/www.strassenweb.de\\\/nachrichten\\\/wp-content\\\/uploads\\\/2024\\\/10\\\/Fuenf-Umweltthemen-die-weiter-oben-auf-der-Wahlagenda-stehen-sollten.jpg\",\"keywords\":[\"auf\",\"der\",\"die\",\"f\u00fcnf\",\"oben\",\"sollten\",\"stehen\",\"Umweltthemen\",\"Wahlagenda\",\"weiter\"],\"articleSection\":[\"\u00d6kologie\"],\"inLanguage\":\"de\"},{\"@type\":\"WebPage\",\"@id\":\"https:\\\/\\\/www.strassenweb.de\\\/nachrichten\\\/fuenf-umweltthemen-die-weiter-oben-auf-der-wahlagenda-stehen-sollten\\\/\",\"url\":\"https:\\\/\\\/www.strassenweb.de\\\/nachrichten\\\/fuenf-umweltthemen-die-weiter-oben-auf-der-wahlagenda-stehen-sollten\\\/\",\"name\":\"F\u00fcnf Umweltthemen, die weiter oben auf der Wahlagenda stehen sollten - Nachrichten - Stra\u00dfenweb\",\"isPartOf\":{\"@id\":\"https:\\\/\\\/www.strassenweb.de\\\/nachrichten\\\/#website\"},\"primaryImageOfPage\":{\"@id\":\"https:\\\/\\\/www.strassenweb.de\\\/nachrichten\\\/fuenf-umweltthemen-die-weiter-oben-auf-der-wahlagenda-stehen-sollten\\\/#primaryimage\"},\"image\":{\"@id\":\"https:\\\/\\\/www.strassenweb.de\\\/nachrichten\\\/fuenf-umweltthemen-die-weiter-oben-auf-der-wahlagenda-stehen-sollten\\\/#primaryimage\"},\"thumbnailUrl\":\"https:\\\/\\\/www.strassenweb.de\\\/nachrichten\\\/wp-content\\\/uploads\\\/2024\\\/10\\\/Fuenf-Umweltthemen-die-weiter-oben-auf-der-Wahlagenda-stehen-sollten.jpg\",\"datePublished\":\"2024-10-04T19:46:00+00:00\",\"breadcrumb\":{\"@id\":\"https:\\\/\\\/www.strassenweb.de\\\/nachrichten\\\/fuenf-umweltthemen-die-weiter-oben-auf-der-wahlagenda-stehen-sollten\\\/#breadcrumb\"},\"inLanguage\":\"de\",\"potentialAction\":[{\"@type\":\"ReadAction\",\"target\":[\"https:\\\/\\\/www.strassenweb.de\\\/nachrichten\\\/fuenf-umweltthemen-die-weiter-oben-auf-der-wahlagenda-stehen-sollten\\\/\"]}]},{\"@type\":\"ImageObject\",\"inLanguage\":\"de\",\"@id\":\"https:\\\/\\\/www.strassenweb.de\\\/nachrichten\\\/fuenf-umweltthemen-die-weiter-oben-auf-der-wahlagenda-stehen-sollten\\\/#primaryimage\",\"url\":\"https:\\\/\\\/www.strassenweb.de\\\/nachrichten\\\/wp-content\\\/uploads\\\/2024\\\/10\\\/Fuenf-Umweltthemen-die-weiter-oben-auf-der-Wahlagenda-stehen-sollten.jpg\",\"contentUrl\":\"https:\\\/\\\/www.strassenweb.de\\\/nachrichten\\\/wp-content\\\/uploads\\\/2024\\\/10\\\/Fuenf-Umweltthemen-die-weiter-oben-auf-der-Wahlagenda-stehen-sollten.jpg\",\"width\":754,\"height\":503,\"caption\":\"F\u00fcnf Umweltthemen, die weiter oben auf der Wahlagenda stehen sollten\"},{\"@type\":\"BreadcrumbList\",\"@id\":\"https:\\\/\\\/www.strassenweb.de\\\/nachrichten\\\/fuenf-umweltthemen-die-weiter-oben-auf-der-wahlagenda-stehen-sollten\\\/#breadcrumb\",\"itemListElement\":[{\"@type\":\"ListItem\",\"position\":1,\"name\":\"Home\",\"item\":\"https:\\\/\\\/www.strassenweb.de\\\/nachrichten\\\/\"},{\"@type\":\"ListItem\",\"position\":2,\"name\":\"F\u00fcnf Umweltthemen, die weiter oben auf der Wahlagenda stehen sollten\"}]},{\"@type\":\"WebSite\",\"@id\":\"https:\\\/\\\/www.strassenweb.de\\\/nachrichten\\\/#website\",\"url\":\"https:\\\/\\\/www.strassenweb.de\\\/nachrichten\\\/\",\"name\":\"Stra\u00dfenweb\",\"description\":\"Stra\u00dfenverzeichnis f\u00fcr Deutschland\",\"publisher\":{\"@id\":\"https:\\\/\\\/www.strassenweb.de\\\/nachrichten\\\/#organization\"},\"potentialAction\":[{\"@type\":\"SearchAction\",\"target\":{\"@type\":\"EntryPoint\",\"urlTemplate\":\"https:\\\/\\\/www.strassenweb.de\\\/nachrichten\\\/?s={search_term_string}\"},\"query-input\":{\"@type\":\"PropertyValueSpecification\",\"valueRequired\":true,\"valueName\":\"search_term_string\"}}],\"inLanguage\":\"de\"},{\"@type\":\"Organization\",\"@id\":\"https:\\\/\\\/www.strassenweb.de\\\/nachrichten\\\/#organization\",\"name\":\"Stra\u00dfenweb\",\"url\":\"https:\\\/\\\/www.strassenweb.de\\\/nachrichten\\\/\",\"logo\":{\"@type\":\"ImageObject\",\"inLanguage\":\"de\",\"@id\":\"https:\\\/\\\/www.strassenweb.de\\\/nachrichten\\\/#\\\/schema\\\/logo\\\/image\\\/\",\"url\":\"https:\\\/\\\/www.strassenweb.de\\\/nachrichten\\\/wp-content\\\/uploads\\\/2024\\\/09\\\/cropped-favicon.png\",\"contentUrl\":\"https:\\\/\\\/www.strassenweb.de\\\/nachrichten\\\/wp-content\\\/uploads\\\/2024\\\/09\\\/cropped-favicon.png\",\"width\":512,\"height\":512,\"caption\":\"Stra\u00dfenweb\"},\"image\":{\"@id\":\"https:\\\/\\\/www.strassenweb.de\\\/nachrichten\\\/#\\\/schema\\\/logo\\\/image\\\/\"},\"sameAs\":[\"https:\\\/\\\/www.facebook.com\\\/strassenweb\\\/\"]},{\"@type\":\"Person\",\"@id\":\"https:\\\/\\\/www.strassenweb.de\\\/nachrichten\\\/#\\\/schema\\\/person\\\/87c9c9067f1211da429a744dc5a5aa41\",\"name\":\"Robert Hoffmann\",\"image\":{\"@type\":\"ImageObject\",\"inLanguage\":\"de\",\"@id\":\"https:\\\/\\\/www.strassenweb.de\\\/nachrichten\\\/wp-content\\\/uploads\\\/2024\\\/09\\\/strassenweb-150x150.jpg\",\"url\":\"https:\\\/\\\/www.strassenweb.de\\\/nachrichten\\\/wp-content\\\/uploads\\\/2024\\\/09\\\/strassenweb-150x150.jpg\",\"contentUrl\":\"https:\\\/\\\/www.strassenweb.de\\\/nachrichten\\\/wp-content\\\/uploads\\\/2024\\\/09\\\/strassenweb-150x150.jpg\",\"caption\":\"Robert Hoffmann\"},\"description\":\"Ich hei\u00dfe Robert Hoffmann und ich bin ein leidenschaftlicher Verfechter von \u00d6kologie und Biodiversit\u00e4t. Seit meiner Kindheit in den W\u00e4ldern Bayerns f\u00fchle ich mich mit der Natur verbunden und bin entschlossen, sie zu sch\u00fctzen. Heute widme ich mein Leben der Sensibilisierung anderer f\u00fcr die Bedeutung des Umweltschutzes f\u00fcr zuk\u00fcnftige Generationen.\",\"sameAs\":[\"https:\\\/\\\/www.strassenweb.de\\\/\"]}]}<\/script>\n<!-- \/ Yoast SEO plugin. -->","yoast_head_json":{"title":"F\u00fcnf Umweltthemen, die weiter oben auf der Wahlagenda stehen sollten - Nachrichten - Stra\u00dfenweb","robots":{"index":"index","follow":"follow","max-snippet":"max-snippet:-1","max-image-preview":"max-image-preview:large","max-video-preview":"max-video-preview:-1"},"canonical":"https:\/\/www.strassenweb.de\/nachrichten\/fuenf-umweltthemen-die-weiter-oben-auf-der-wahlagenda-stehen-sollten\/","og_locale":"de_DE","og_type":"article","og_title":"F\u00fcnf Umweltthemen, die weiter oben auf der Wahlagenda stehen sollten - Nachrichten - Stra\u00dfenweb","og_description":"Mari Martiskainen, Universit\u00e4t Sussex W\u00e4hrend sich die meisten britischen Parlamentswahlk\u00e4mpfe bisher auf Themen wie Wirtschaftswachstum und die Bew\u00e4ltigung der Lebenshaltungskostenkrise konzentrierten, wird einigen wichtigen Umweltthemen","og_url":"https:\/\/www.strassenweb.de\/nachrichten\/fuenf-umweltthemen-die-weiter-oben-auf-der-wahlagenda-stehen-sollten\/","og_site_name":"Stra\u00dfenweb","article_publisher":"https:\/\/www.facebook.com\/strassenweb\/","article_published_time":"2024-10-04T19:46:00+00:00","og_image":[{"width":754,"height":503,"url":"https:\/\/www.strassenweb.de\/nachrichten\/wp-content\/uploads\/2024\/10\/Fuenf-Umweltthemen-die-weiter-oben-auf-der-Wahlagenda-stehen-sollten.jpg","type":"image\/jpeg"}],"author":"Robert Hoffmann","twitter_card":"summary_large_image","twitter_misc":{"Verfasst von":"Robert Hoffmann","Gesch\u00e4tzte Lesezeit":"6\u00a0Minuten"},"schema":{"@context":"https:\/\/schema.org","@graph":[{"@type":"Article","@id":"https:\/\/www.strassenweb.de\/nachrichten\/fuenf-umweltthemen-die-weiter-oben-auf-der-wahlagenda-stehen-sollten\/#article","isPartOf":{"@id":"https:\/\/www.strassenweb.de\/nachrichten\/fuenf-umweltthemen-die-weiter-oben-auf-der-wahlagenda-stehen-sollten\/"},"author":{"name":"Robert Hoffmann","@id":"https:\/\/www.strassenweb.de\/nachrichten\/#\/schema\/person\/87c9c9067f1211da429a744dc5a5aa41"},"headline":"F\u00fcnf Umweltthemen, die weiter oben auf der Wahlagenda stehen sollten","datePublished":"2024-10-04T19:46:00+00:00","mainEntityOfPage":{"@id":"https:\/\/www.strassenweb.de\/nachrichten\/fuenf-umweltthemen-die-weiter-oben-auf-der-wahlagenda-stehen-sollten\/"},"wordCount":1195,"publisher":{"@id":"https:\/\/www.strassenweb.de\/nachrichten\/#organization"},"image":{"@id":"https:\/\/www.strassenweb.de\/nachrichten\/fuenf-umweltthemen-die-weiter-oben-auf-der-wahlagenda-stehen-sollten\/#primaryimage"},"thumbnailUrl":"https:\/\/www.strassenweb.de\/nachrichten\/wp-content\/uploads\/2024\/10\/Fuenf-Umweltthemen-die-weiter-oben-auf-der-Wahlagenda-stehen-sollten.jpg","keywords":["auf","der","die","f\u00fcnf","oben","sollten","stehen","Umweltthemen","Wahlagenda","weiter"],"articleSection":["\u00d6kologie"],"inLanguage":"de"},{"@type":"WebPage","@id":"https:\/\/www.strassenweb.de\/nachrichten\/fuenf-umweltthemen-die-weiter-oben-auf-der-wahlagenda-stehen-sollten\/","url":"https:\/\/www.strassenweb.de\/nachrichten\/fuenf-umweltthemen-die-weiter-oben-auf-der-wahlagenda-stehen-sollten\/","name":"F\u00fcnf Umweltthemen, die weiter oben auf der Wahlagenda stehen sollten - Nachrichten - Stra\u00dfenweb","isPartOf":{"@id":"https:\/\/www.strassenweb.de\/nachrichten\/#website"},"primaryImageOfPage":{"@id":"https:\/\/www.strassenweb.de\/nachrichten\/fuenf-umweltthemen-die-weiter-oben-auf-der-wahlagenda-stehen-sollten\/#primaryimage"},"image":{"@id":"https:\/\/www.strassenweb.de\/nachrichten\/fuenf-umweltthemen-die-weiter-oben-auf-der-wahlagenda-stehen-sollten\/#primaryimage"},"thumbnailUrl":"https:\/\/www.strassenweb.de\/nachrichten\/wp-content\/uploads\/2024\/10\/Fuenf-Umweltthemen-die-weiter-oben-auf-der-Wahlagenda-stehen-sollten.jpg","datePublished":"2024-10-04T19:46:00+00:00","breadcrumb":{"@id":"https:\/\/www.strassenweb.de\/nachrichten\/fuenf-umweltthemen-die-weiter-oben-auf-der-wahlagenda-stehen-sollten\/#breadcrumb"},"inLanguage":"de","potentialAction":[{"@type":"ReadAction","target":["https:\/\/www.strassenweb.de\/nachrichten\/fuenf-umweltthemen-die-weiter-oben-auf-der-wahlagenda-stehen-sollten\/"]}]},{"@type":"ImageObject","inLanguage":"de","@id":"https:\/\/www.strassenweb.de\/nachrichten\/fuenf-umweltthemen-die-weiter-oben-auf-der-wahlagenda-stehen-sollten\/#primaryimage","url":"https:\/\/www.strassenweb.de\/nachrichten\/wp-content\/uploads\/2024\/10\/Fuenf-Umweltthemen-die-weiter-oben-auf-der-Wahlagenda-stehen-sollten.jpg","contentUrl":"https:\/\/www.strassenweb.de\/nachrichten\/wp-content\/uploads\/2024\/10\/Fuenf-Umweltthemen-die-weiter-oben-auf-der-Wahlagenda-stehen-sollten.jpg","width":754,"height":503,"caption":"F\u00fcnf Umweltthemen, die weiter oben auf der Wahlagenda stehen sollten"},{"@type":"BreadcrumbList","@id":"https:\/\/www.strassenweb.de\/nachrichten\/fuenf-umweltthemen-die-weiter-oben-auf-der-wahlagenda-stehen-sollten\/#breadcrumb","itemListElement":[{"@type":"ListItem","position":1,"name":"Home","item":"https:\/\/www.strassenweb.de\/nachrichten\/"},{"@type":"ListItem","position":2,"name":"F\u00fcnf Umweltthemen, die weiter oben auf der Wahlagenda stehen sollten"}]},{"@type":"WebSite","@id":"https:\/\/www.strassenweb.de\/nachrichten\/#website","url":"https:\/\/www.strassenweb.de\/nachrichten\/","name":"Stra\u00dfenweb","description":"Stra\u00dfenverzeichnis f\u00fcr Deutschland","publisher":{"@id":"https:\/\/www.strassenweb.de\/nachrichten\/#organization"},"potentialAction":[{"@type":"SearchAction","target":{"@type":"EntryPoint","urlTemplate":"https:\/\/www.strassenweb.de\/nachrichten\/?s={search_term_string}"},"query-input":{"@type":"PropertyValueSpecification","valueRequired":true,"valueName":"search_term_string"}}],"inLanguage":"de"},{"@type":"Organization","@id":"https:\/\/www.strassenweb.de\/nachrichten\/#organization","name":"Stra\u00dfenweb","url":"https:\/\/www.strassenweb.de\/nachrichten\/","logo":{"@type":"ImageObject","inLanguage":"de","@id":"https:\/\/www.strassenweb.de\/nachrichten\/#\/schema\/logo\/image\/","url":"https:\/\/www.strassenweb.de\/nachrichten\/wp-content\/uploads\/2024\/09\/cropped-favicon.png","contentUrl":"https:\/\/www.strassenweb.de\/nachrichten\/wp-content\/uploads\/2024\/09\/cropped-favicon.png","width":512,"height":512,"caption":"Stra\u00dfenweb"},"image":{"@id":"https:\/\/www.strassenweb.de\/nachrichten\/#\/schema\/logo\/image\/"},"sameAs":["https:\/\/www.facebook.com\/strassenweb\/"]},{"@type":"Person","@id":"https:\/\/www.strassenweb.de\/nachrichten\/#\/schema\/person\/87c9c9067f1211da429a744dc5a5aa41","name":"Robert Hoffmann","image":{"@type":"ImageObject","inLanguage":"de","@id":"https:\/\/www.strassenweb.de\/nachrichten\/wp-content\/uploads\/2024\/09\/strassenweb-150x150.jpg","url":"https:\/\/www.strassenweb.de\/nachrichten\/wp-content\/uploads\/2024\/09\/strassenweb-150x150.jpg","contentUrl":"https:\/\/www.strassenweb.de\/nachrichten\/wp-content\/uploads\/2024\/09\/strassenweb-150x150.jpg","caption":"Robert Hoffmann"},"description":"Ich hei\u00dfe Robert Hoffmann und ich bin ein leidenschaftlicher Verfechter von \u00d6kologie und Biodiversit\u00e4t. Seit meiner Kindheit in den W\u00e4ldern Bayerns f\u00fchle ich mich mit der Natur verbunden und bin entschlossen, sie zu sch\u00fctzen. Heute widme ich mein Leben der Sensibilisierung anderer f\u00fcr die Bedeutung des Umweltschutzes f\u00fcr zuk\u00fcnftige Generationen.","sameAs":["https:\/\/www.strassenweb.de\/"]}]}},"_links":{"self":[{"href":"https:\/\/www.strassenweb.de\/nachrichten\/wp-json\/wp\/v2\/posts\/604","targetHints":{"allow":["GET"]}}],"collection":[{"href":"https:\/\/www.strassenweb.de\/nachrichten\/wp-json\/wp\/v2\/posts"}],"about":[{"href":"https:\/\/www.strassenweb.de\/nachrichten\/wp-json\/wp\/v2\/types\/post"}],"author":[{"embeddable":true,"href":"https:\/\/www.strassenweb.de\/nachrichten\/wp-json\/wp\/v2\/users\/1"}],"replies":[{"embeddable":true,"href":"https:\/\/www.strassenweb.de\/nachrichten\/wp-json\/wp\/v2\/comments?post=604"}],"version-history":[{"count":0,"href":"https:\/\/www.strassenweb.de\/nachrichten\/wp-json\/wp\/v2\/posts\/604\/revisions"}],"wp:featuredmedia":[{"embeddable":true,"href":"https:\/\/www.strassenweb.de\/nachrichten\/wp-json\/wp\/v2\/media\/605"}],"wp:attachment":[{"href":"https:\/\/www.strassenweb.de\/nachrichten\/wp-json\/wp\/v2\/media?parent=604"}],"wp:term":[{"taxonomy":"category","embeddable":true,"href":"https:\/\/www.strassenweb.de\/nachrichten\/wp-json\/wp\/v2\/categories?post=604"},{"taxonomy":"post_tag","embeddable":true,"href":"https:\/\/www.strassenweb.de\/nachrichten\/wp-json\/wp\/v2\/tags?post=604"}],"curies":[{"name":"wp","href":"https:\/\/api.w.org\/{rel}","templated":true}]}}