{"id":6033,"date":"2025-07-03T01:39:20","date_gmt":"2025-07-02T23:39:20","guid":{"rendered":"https:\/\/www.strassenweb.de\/nachrichten\/joanna-gaines-kult-favoriten-teppich-zusammenarbeit-steht-im-verkauf-ja-sogar-der-neueste-fruehling-sommer-2025-start\/"},"modified":"2025-07-03T01:39:23","modified_gmt":"2025-07-02T23:39:23","slug":"joanna-gaines-kult-favoriten-teppich-zusammenarbeit-steht-im-verkauf-ja-sogar-der-neueste-fruehling-sommer-2025-start","status":"publish","type":"post","link":"https:\/\/www.strassenweb.de\/nachrichten\/joanna-gaines-kult-favoriten-teppich-zusammenarbeit-steht-im-verkauf-ja-sogar-der-neueste-fruehling-sommer-2025-start\/","title":{"rendered":"Joanna Gaines &#8218;Kult-Favoriten-Teppich-Zusammenarbeit steht im Verkauf-ja, sogar der neueste Fr\u00fchling\/Sommer 2025-Start"},"content":{"rendered":"<div id=\"article-body\" class=\"article__body \">\n<p>Es ist kaum zu glauben, dass es neun Jahre her ist, seit unsere Lieblings-Design-Design-Pers\u00f6nlichkeit auf dem Bildschirm, Joanna Gaines, zum ersten Mal mit Loloi zusammengearbeitet hat. Magnolia Home von Joanna Gaines x Loloi ist seitdem eine Hauptst\u00fctze in der Teppichwelt und sicherlich in unserem hier bei <em>H\u00e4user &#038; G\u00e4rten <\/em>&#8211; Eine Zusammenarbeit, die so simpatico, es f\u00fchlt sich an, als w\u00fcrde es immer existieren und die Rug -Trends -Saison nach der Saison setzen.<\/p>\n<p>Aus diesem Grund sperrten wir, wenn diese meistverkauften Teppiche zum Verkauf angeboten werden. Im Moment ist ein gro\u00dfer Teil des Joanna Gaines x Loloi-Teppichs (und Kissen!) Archiv-ja, einschlie\u00dflich neuerer St\u00fccke-in Gesch\u00e4ften wie Amazon und Wayfair markiert. Und nein, es sind nicht nur die merkw\u00fcrdigen Farben oder die Reste der Saison. Es ist das gute Zeug.<\/p>\n<div class=\"instagram-embed\">\n<blockquote class=\"instagram-media\" data-instgrm-captioned data-instgrm-version=\"6\" style=\"width:99.375%; width:-webkit-calc(100% - 2px); width:calc(100% - 2px);\">\n<p>Ein Beitrag, der von Loloi (@Loloirugs) geteilt wird<\/p>\n<p>Ein Foto von on <\/p>\n<\/blockquote>\n<\/div>\n<aside data-block-type=\"embed\" data-render-type=\"fte\" data-skip=\"dealsy\" data-widget-type=\"seasonal\" class=\"hawk-base\"><\/aside>\n<p>Vor wenigen Wochen lie\u00df das Duo eine gro\u00dfe Rugkollektion f\u00fcr Fr\u00fchling \/Sommer 2025 fallen, die tats\u00e4chlich aus f\u00fcnf kleineren Sammlungen (Henley, Pace, Ryder, Waylon und Wimberly) f\u00fcr insgesamt 25 Stile bestand, die jeweils mit dem bekannten Vintage-Zauber Joannas bekannter Charme Joannas zertifiziert und infundiert wurden.<\/p>\n<aside data-component-name=\"Recirculation:ArticleRiver\" data-nosnippet class=\"pt-3 pb-4 mb-4 border-b border-solid border-(#333)\">\n<span class=\"\nafter:content-('') after:flex-1 after:ml-4 after:my-(0.7rem) after:border-t-(#333) after:border-t after:border-solid\nbefore:content-('') before:flex-1 before:mr-4 before:my-(0.7rem) before:border-t-(#333) before:border-t before:border-solid\nfont-article-heading pb-3 !text-base font-bold uppercase sm:text-sm text-(#333) flex\"><\/p>\n<p>Sie m\u00f6gen m\u00f6gen<br \/>\n<\/span><\/p>\n<ul class=\"flex flex-col gap-3 m-0\">\n<li class=\"m-0 list-none\" name=\"recirculation-inline\" data-analytics-id=\"recirculation-inline-1\" analytics-label=\"adviser:related\">\n<picture data-new-v2-image=\"true\" class=\"w-(--article-river-thumbnail-width,60px) flex-shrink-0\"><source type=\"image\/webp\"  ><\/source><\/p>\n<\/picture>\n<span class=\"hover:text-inherit font-article-heading text-base text-(#333) leading-5 content-center\">Joanna Gaines &#8218;Outdoor -Kollektion bei Target wurde massiv reduziert &#8211; und es gibt einen herausragenden Patio -Stuhl, der unter 50 US<\/span><\/p>\n<\/li>\n<li class=\"m-0 list-none\" name=\"recirculation-inline\" data-analytics-id=\"recirculation-inline-2\" analytics-label=\"adviser:related\">\n<picture data-new-v2-image=\"true\" class=\"w-(--article-river-thumbnail-width,60px) flex-shrink-0\"><source type=\"image\/webp\"  ><\/source><br \/>\n<img decoding=\"async\" alt=\"Traditionelles neutrales Bauernhaus Wohnzimmer von Marie Flanigan mit Kamin, gro\u00dfem rustikalem Sofa, h\u00f6lzernen Couchtisch, Olivenbaum und zwei wei\u00dfen Armst\u00fchlen\"   loading=\"lazy\" data-new-v2-image=\"true\" src=\"https:\/\/www.strassenweb.de\/nachrichten\/wp-content\/uploads\/2025\/07\/eryFz6PGSsSZCaz7TYhYbQ.jpg\" data-pin-media=\"https:\/\/www.strassenweb.de\/nachrichten\/wp-content\/uploads\/2025\/07\/eryFz6PGSsSZCaz7TYhYbQ.jpg\" data-pin-nopin=\"true\" class=\"aspect-(--img-listing-aspect-ratio,16\/9) object-cover w-(--article-river-thumbnail-width,60px) flex-shrink-0\">\n<\/picture>\n<span class=\"hover:text-inherit font-article-heading text-base text-(#333) leading-5 content-center\">Ich habe einen Designer -Geschmack mit einem Rabattbudget &#8211; hier sind die 12 besten Teppiche, Spiegel und Lichter, die ich im Verkauf einkaufe, um mein Zuhause zu beenden<\/span><\/p>\n<\/li>\n<\/ul>\n<\/aside>\n<p>Sie erstrecken sich von gerahmten, grenz\u00fcberschreitenden Stilen bis hin zu Tufted, t\u00fcrkisch inspirierten Designs und waschbaren Teppichen, die f\u00fcr hochvertr\u00e4gliche R\u00e4ume gedacht sind-und tragen das Erbe von Joannas ber\u00fchmtem, gelebten, geschichteten Look.<\/p>\n<figure class=\"van-image-figure inline-layout \" data-bordeaux-image-check>\n<div class=\"image-full-width-wrapper\">\n<div class=\"image-widthsetter\" style=\"max-width:3520px;\"><\/div>\n<\/div><figcaption class=\"inline-layout \">\n<div class=\"caption-text\">\n<p>Joannas Fr\u00fchling 2025 Teppich mit Loloi hat nur getroffen &#8211; aber zum Gl\u00fcck auch die Markdowns.<\/p>\n<\/div>\n<\/figcaption><\/figure>\n<p>Punkten Sie: Dies sind Teppiche, die das Dekorieren mit Vintage erleichtern. Teppiche, die Sie zum vollen Preis haben m\u00f6chten. Aber sie sind nicht vollen Preis. Erst am 11. Juli. Betrachten Sie dies als Ihr Ansto\u00df &#8211; denn das einzige, was besser als ein zeitloser Teppich ist, ist ein zeitloser Teppich, den Sie erhalten haben <em>zum Verkauf<\/em>.<\/p>\n<div class=\"product-container hero-product-container product-block-no-wrap\">\n<div class=\"product-block-row\"><\/div>\n<div class=\"product-block-row\"><\/div>\n<div class=\"product-block-row\"><\/div>\n<div class=\"product-block-row\"><\/div>\n<div class=\"product-block-row\"><\/div>\n<div class=\"product-block-row\"><\/div>\n<\/div>\n<hr>\n<p>Joanna Gaines &#8218;Zusammenarbeit mit Loloi sind immer beliebter und wir sehen viel Liebe bei jedem neuen Start. Selbst zum vollen Preis sind die Preise angemessen, insbesondere angesichts der Gr\u00f6\u00dfe und Qualit\u00e4t, so dass sie Ihre Investition noch mehr wert sind.<\/p>\n<div id=\"slice-container-newsletterForm-articleInbodyContent-4a4B8bpcUzUVeVxKM4hmT7\" class=\"slice-container newsletter-inbodyContent-slice newsletterForm-articleInbodyContent-4a4B8bpcUzUVeVxKM4hmT7 slice-container-newsletterForm\"><\/div>\n<div class=\"block\" id=\"articleTag\" data-component-name=\"PostArticleLinks\">\n<div class=\"border-b border-b-black border-solid py-2.5 text-black font-bold uppercase\">Themen<\/div>\n<nav class=\"py-2.5 flex gap-2.5 flex-wrap\" data-analytics-id=\"article-tag\">\n<p>Joanna Gaines<br \/>\n<\/nav>\n<\/div>\n<\/div>\n<p><script async src=\"\/\/www.instagram.com\/embed.js\"><\/script><\/p>\n","protected":false},"excerpt":{"rendered":"<p>Es ist kaum zu glauben, dass es neun Jahre her ist, seit unsere Lieblings-Design-Design-Pers\u00f6nlichkeit auf dem Bildschirm, Joanna Gaines, zum ersten Mal mit Loloi zusammengearbeitet<\/p>\n","protected":false},"author":1,"featured_media":6034,"comment_status":"closed","ping_status":"","sticky":false,"template":"","format":"standard","meta":{"footnotes":""},"categories":[118],"tags":[8400,81,8399,194,193,8397,1568,3250,1876,8398],"class_list":["post-6033","post","type-post","status-publish","format-standard","has-post-thumbnail","hentry","category-haus-garten","tag-2025start","tag-der","tag-fruehlingsommer","tag-gaines","tag-joanna","tag-kultfavoritenteppichzusammenarbeit","tag-neueste","tag-sogar","tag-steht","tag-verkaufja","generate-columns","tablet-grid-50","mobile-grid-100","grid-parent","grid-50"],"yoast_head":"<!-- This site is optimized with the Yoast SEO plugin v27.3 - https:\/\/yoast.com\/product\/yoast-seo-wordpress\/ -->\n<title>Joanna Gaines &#039;Kult-Favoriten-Teppich-Zusammenarbeit steht im Verkauf-ja, sogar der neueste Fr\u00fchling\/Sommer 2025-Start - Nachrichten - Stra\u00dfenweb<\/title>\n<meta name=\"robots\" content=\"index, follow, max-snippet:-1, max-image-preview:large, max-video-preview:-1\" \/>\n<link rel=\"canonical\" href=\"https:\/\/www.strassenweb.de\/nachrichten\/joanna-gaines-kult-favoriten-teppich-zusammenarbeit-steht-im-verkauf-ja-sogar-der-neueste-fruehling-sommer-2025-start\/\" \/>\n<meta property=\"og:locale\" content=\"de_DE\" \/>\n<meta property=\"og:type\" content=\"article\" \/>\n<meta property=\"og:title\" content=\"Joanna Gaines &#039;Kult-Favoriten-Teppich-Zusammenarbeit steht im Verkauf-ja, sogar der neueste Fr\u00fchling\/Sommer 2025-Start - Nachrichten - Stra\u00dfenweb\" \/>\n<meta property=\"og:description\" content=\"Es ist kaum zu glauben, dass es neun Jahre her ist, seit unsere Lieblings-Design-Design-Pers\u00f6nlichkeit auf dem Bildschirm, Joanna Gaines, zum ersten Mal mit Loloi zusammengearbeitet\" \/>\n<meta property=\"og:url\" content=\"https:\/\/www.strassenweb.de\/nachrichten\/joanna-gaines-kult-favoriten-teppich-zusammenarbeit-steht-im-verkauf-ja-sogar-der-neueste-fruehling-sommer-2025-start\/\" \/>\n<meta property=\"og:site_name\" content=\"Stra\u00dfenweb\" \/>\n<meta property=\"article:publisher\" content=\"https:\/\/www.facebook.com\/strassenweb\/\" \/>\n<meta property=\"article:published_time\" content=\"2025-07-02T23:39:20+00:00\" \/>\n<meta property=\"article:modified_time\" content=\"2025-07-02T23:39:23+00:00\" \/>\n<meta property=\"og:image\" content=\"https:\/\/www.strassenweb.de\/nachrichten\/wp-content\/uploads\/2025\/07\/Joanna-Gaines-Kult-Favoriten-Teppich-Zusammenarbeit-steht-im-Verkauf-ja-sogar-der-neueste-FruehlingSommer-scaled.jpg\" \/>\n\t<meta property=\"og:image:width\" content=\"2560\" \/>\n\t<meta property=\"og:image:height\" content=\"1440\" \/>\n\t<meta property=\"og:image:type\" content=\"image\/jpeg\" \/>\n<meta name=\"author\" content=\"Robert Hoffmann\" \/>\n<meta name=\"twitter:card\" content=\"summary_large_image\" \/>\n<meta name=\"twitter:label1\" content=\"Verfasst von\" \/>\n\t<meta name=\"twitter:data1\" content=\"Robert Hoffmann\" \/>\n\t<meta name=\"twitter:label2\" content=\"Gesch\u00e4tzte Lesezeit\" \/>\n\t<meta name=\"twitter:data2\" content=\"2\u00a0Minuten\" \/>\n<script type=\"application\/ld+json\" class=\"yoast-schema-graph\">{\"@context\":\"https:\\\/\\\/schema.org\",\"@graph\":[{\"@type\":\"Article\",\"@id\":\"https:\\\/\\\/www.strassenweb.de\\\/nachrichten\\\/joanna-gaines-kult-favoriten-teppich-zusammenarbeit-steht-im-verkauf-ja-sogar-der-neueste-fruehling-sommer-2025-start\\\/#article\",\"isPartOf\":{\"@id\":\"https:\\\/\\\/www.strassenweb.de\\\/nachrichten\\\/joanna-gaines-kult-favoriten-teppich-zusammenarbeit-steht-im-verkauf-ja-sogar-der-neueste-fruehling-sommer-2025-start\\\/\"},\"author\":{\"name\":\"Robert Hoffmann\",\"@id\":\"https:\\\/\\\/www.strassenweb.de\\\/nachrichten\\\/#\\\/schema\\\/person\\\/87c9c9067f1211da429a744dc5a5aa41\"},\"headline\":\"Joanna Gaines &#8218;Kult-Favoriten-Teppich-Zusammenarbeit steht im Verkauf-ja, sogar der neueste Fr\u00fchling\\\/Sommer 2025-Start\",\"datePublished\":\"2025-07-02T23:39:20+00:00\",\"dateModified\":\"2025-07-02T23:39:23+00:00\",\"mainEntityOfPage\":{\"@id\":\"https:\\\/\\\/www.strassenweb.de\\\/nachrichten\\\/joanna-gaines-kult-favoriten-teppich-zusammenarbeit-steht-im-verkauf-ja-sogar-der-neueste-fruehling-sommer-2025-start\\\/\"},\"wordCount\":420,\"publisher\":{\"@id\":\"https:\\\/\\\/www.strassenweb.de\\\/nachrichten\\\/#organization\"},\"image\":{\"@id\":\"https:\\\/\\\/www.strassenweb.de\\\/nachrichten\\\/joanna-gaines-kult-favoriten-teppich-zusammenarbeit-steht-im-verkauf-ja-sogar-der-neueste-fruehling-sommer-2025-start\\\/#primaryimage\"},\"thumbnailUrl\":\"https:\\\/\\\/www.strassenweb.de\\\/nachrichten\\\/wp-content\\\/uploads\\\/2025\\\/07\\\/Joanna-Gaines-Kult-Favoriten-Teppich-Zusammenarbeit-steht-im-Verkauf-ja-sogar-der-neueste-FruehlingSommer-scaled.jpg\",\"keywords\":[\"2025Start\",\"der\",\"Fr\u00fchlingSommer\",\"Gaines\",\"Joanna\",\"KultFavoritenTeppichZusammenarbeit\",\"Neueste\",\"sogar\",\"steht\",\"Verkaufja\"],\"articleSection\":[\"Haus &amp; Garten\"],\"inLanguage\":\"de\"},{\"@type\":\"WebPage\",\"@id\":\"https:\\\/\\\/www.strassenweb.de\\\/nachrichten\\\/joanna-gaines-kult-favoriten-teppich-zusammenarbeit-steht-im-verkauf-ja-sogar-der-neueste-fruehling-sommer-2025-start\\\/\",\"url\":\"https:\\\/\\\/www.strassenweb.de\\\/nachrichten\\\/joanna-gaines-kult-favoriten-teppich-zusammenarbeit-steht-im-verkauf-ja-sogar-der-neueste-fruehling-sommer-2025-start\\\/\",\"name\":\"Joanna Gaines 'Kult-Favoriten-Teppich-Zusammenarbeit steht im Verkauf-ja, sogar der neueste Fr\u00fchling\\\/Sommer 2025-Start - Nachrichten - Stra\u00dfenweb\",\"isPartOf\":{\"@id\":\"https:\\\/\\\/www.strassenweb.de\\\/nachrichten\\\/#website\"},\"primaryImageOfPage\":{\"@id\":\"https:\\\/\\\/www.strassenweb.de\\\/nachrichten\\\/joanna-gaines-kult-favoriten-teppich-zusammenarbeit-steht-im-verkauf-ja-sogar-der-neueste-fruehling-sommer-2025-start\\\/#primaryimage\"},\"image\":{\"@id\":\"https:\\\/\\\/www.strassenweb.de\\\/nachrichten\\\/joanna-gaines-kult-favoriten-teppich-zusammenarbeit-steht-im-verkauf-ja-sogar-der-neueste-fruehling-sommer-2025-start\\\/#primaryimage\"},\"thumbnailUrl\":\"https:\\\/\\\/www.strassenweb.de\\\/nachrichten\\\/wp-content\\\/uploads\\\/2025\\\/07\\\/Joanna-Gaines-Kult-Favoriten-Teppich-Zusammenarbeit-steht-im-Verkauf-ja-sogar-der-neueste-FruehlingSommer-scaled.jpg\",\"datePublished\":\"2025-07-02T23:39:20+00:00\",\"dateModified\":\"2025-07-02T23:39:23+00:00\",\"breadcrumb\":{\"@id\":\"https:\\\/\\\/www.strassenweb.de\\\/nachrichten\\\/joanna-gaines-kult-favoriten-teppich-zusammenarbeit-steht-im-verkauf-ja-sogar-der-neueste-fruehling-sommer-2025-start\\\/#breadcrumb\"},\"inLanguage\":\"de\",\"potentialAction\":[{\"@type\":\"ReadAction\",\"target\":[\"https:\\\/\\\/www.strassenweb.de\\\/nachrichten\\\/joanna-gaines-kult-favoriten-teppich-zusammenarbeit-steht-im-verkauf-ja-sogar-der-neueste-fruehling-sommer-2025-start\\\/\"]}]},{\"@type\":\"ImageObject\",\"inLanguage\":\"de\",\"@id\":\"https:\\\/\\\/www.strassenweb.de\\\/nachrichten\\\/joanna-gaines-kult-favoriten-teppich-zusammenarbeit-steht-im-verkauf-ja-sogar-der-neueste-fruehling-sommer-2025-start\\\/#primaryimage\",\"url\":\"https:\\\/\\\/www.strassenweb.de\\\/nachrichten\\\/wp-content\\\/uploads\\\/2025\\\/07\\\/Joanna-Gaines-Kult-Favoriten-Teppich-Zusammenarbeit-steht-im-Verkauf-ja-sogar-der-neueste-FruehlingSommer-scaled.jpg\",\"contentUrl\":\"https:\\\/\\\/www.strassenweb.de\\\/nachrichten\\\/wp-content\\\/uploads\\\/2025\\\/07\\\/Joanna-Gaines-Kult-Favoriten-Teppich-Zusammenarbeit-steht-im-Verkauf-ja-sogar-der-neueste-FruehlingSommer-scaled.jpg\",\"width\":2560,\"height\":1440,\"caption\":\"Joanna Gaines x Loloi vintage-inspired patterned rug photographed in a sunlit living room with a green couch, stone fireplace, and tall windows\"},{\"@type\":\"BreadcrumbList\",\"@id\":\"https:\\\/\\\/www.strassenweb.de\\\/nachrichten\\\/joanna-gaines-kult-favoriten-teppich-zusammenarbeit-steht-im-verkauf-ja-sogar-der-neueste-fruehling-sommer-2025-start\\\/#breadcrumb\",\"itemListElement\":[{\"@type\":\"ListItem\",\"position\":1,\"name\":\"Home\",\"item\":\"https:\\\/\\\/www.strassenweb.de\\\/nachrichten\\\/\"},{\"@type\":\"ListItem\",\"position\":2,\"name\":\"Joanna Gaines &#8218;Kult-Favoriten-Teppich-Zusammenarbeit steht im Verkauf-ja, sogar der neueste Fr\u00fchling\\\/Sommer 2025-Start\"}]},{\"@type\":\"WebSite\",\"@id\":\"https:\\\/\\\/www.strassenweb.de\\\/nachrichten\\\/#website\",\"url\":\"https:\\\/\\\/www.strassenweb.de\\\/nachrichten\\\/\",\"name\":\"Stra\u00dfenweb\",\"description\":\"Stra\u00dfenverzeichnis f\u00fcr Deutschland\",\"publisher\":{\"@id\":\"https:\\\/\\\/www.strassenweb.de\\\/nachrichten\\\/#organization\"},\"potentialAction\":[{\"@type\":\"SearchAction\",\"target\":{\"@type\":\"EntryPoint\",\"urlTemplate\":\"https:\\\/\\\/www.strassenweb.de\\\/nachrichten\\\/?s={search_term_string}\"},\"query-input\":{\"@type\":\"PropertyValueSpecification\",\"valueRequired\":true,\"valueName\":\"search_term_string\"}}],\"inLanguage\":\"de\"},{\"@type\":\"Organization\",\"@id\":\"https:\\\/\\\/www.strassenweb.de\\\/nachrichten\\\/#organization\",\"name\":\"Stra\u00dfenweb\",\"url\":\"https:\\\/\\\/www.strassenweb.de\\\/nachrichten\\\/\",\"logo\":{\"@type\":\"ImageObject\",\"inLanguage\":\"de\",\"@id\":\"https:\\\/\\\/www.strassenweb.de\\\/nachrichten\\\/#\\\/schema\\\/logo\\\/image\\\/\",\"url\":\"https:\\\/\\\/www.strassenweb.de\\\/nachrichten\\\/wp-content\\\/uploads\\\/2024\\\/09\\\/cropped-favicon.png\",\"contentUrl\":\"https:\\\/\\\/www.strassenweb.de\\\/nachrichten\\\/wp-content\\\/uploads\\\/2024\\\/09\\\/cropped-favicon.png\",\"width\":512,\"height\":512,\"caption\":\"Stra\u00dfenweb\"},\"image\":{\"@id\":\"https:\\\/\\\/www.strassenweb.de\\\/nachrichten\\\/#\\\/schema\\\/logo\\\/image\\\/\"},\"sameAs\":[\"https:\\\/\\\/www.facebook.com\\\/strassenweb\\\/\"]},{\"@type\":\"Person\",\"@id\":\"https:\\\/\\\/www.strassenweb.de\\\/nachrichten\\\/#\\\/schema\\\/person\\\/87c9c9067f1211da429a744dc5a5aa41\",\"name\":\"Robert Hoffmann\",\"image\":{\"@type\":\"ImageObject\",\"inLanguage\":\"de\",\"@id\":\"https:\\\/\\\/www.strassenweb.de\\\/nachrichten\\\/wp-content\\\/uploads\\\/2024\\\/09\\\/strassenweb-150x150.jpg\",\"url\":\"https:\\\/\\\/www.strassenweb.de\\\/nachrichten\\\/wp-content\\\/uploads\\\/2024\\\/09\\\/strassenweb-150x150.jpg\",\"contentUrl\":\"https:\\\/\\\/www.strassenweb.de\\\/nachrichten\\\/wp-content\\\/uploads\\\/2024\\\/09\\\/strassenweb-150x150.jpg\",\"caption\":\"Robert Hoffmann\"},\"description\":\"Ich hei\u00dfe Robert Hoffmann und ich bin ein leidenschaftlicher Verfechter von \u00d6kologie und Biodiversit\u00e4t. Seit meiner Kindheit in den W\u00e4ldern Bayerns f\u00fchle ich mich mit der Natur verbunden und bin entschlossen, sie zu sch\u00fctzen. Heute widme ich mein Leben der Sensibilisierung anderer f\u00fcr die Bedeutung des Umweltschutzes f\u00fcr zuk\u00fcnftige Generationen.\",\"sameAs\":[\"https:\\\/\\\/www.strassenweb.de\\\/\"]}]}<\/script>\n<!-- \/ Yoast SEO plugin. -->","yoast_head_json":{"title":"Joanna Gaines 'Kult-Favoriten-Teppich-Zusammenarbeit steht im Verkauf-ja, sogar der neueste Fr\u00fchling\/Sommer 2025-Start - Nachrichten - Stra\u00dfenweb","robots":{"index":"index","follow":"follow","max-snippet":"max-snippet:-1","max-image-preview":"max-image-preview:large","max-video-preview":"max-video-preview:-1"},"canonical":"https:\/\/www.strassenweb.de\/nachrichten\/joanna-gaines-kult-favoriten-teppich-zusammenarbeit-steht-im-verkauf-ja-sogar-der-neueste-fruehling-sommer-2025-start\/","og_locale":"de_DE","og_type":"article","og_title":"Joanna Gaines 'Kult-Favoriten-Teppich-Zusammenarbeit steht im Verkauf-ja, sogar der neueste Fr\u00fchling\/Sommer 2025-Start - Nachrichten - Stra\u00dfenweb","og_description":"Es ist kaum zu glauben, dass es neun Jahre her ist, seit unsere Lieblings-Design-Design-Pers\u00f6nlichkeit auf dem Bildschirm, Joanna Gaines, zum ersten Mal mit Loloi zusammengearbeitet","og_url":"https:\/\/www.strassenweb.de\/nachrichten\/joanna-gaines-kult-favoriten-teppich-zusammenarbeit-steht-im-verkauf-ja-sogar-der-neueste-fruehling-sommer-2025-start\/","og_site_name":"Stra\u00dfenweb","article_publisher":"https:\/\/www.facebook.com\/strassenweb\/","article_published_time":"2025-07-02T23:39:20+00:00","article_modified_time":"2025-07-02T23:39:23+00:00","og_image":[{"width":2560,"height":1440,"url":"https:\/\/www.strassenweb.de\/nachrichten\/wp-content\/uploads\/2025\/07\/Joanna-Gaines-Kult-Favoriten-Teppich-Zusammenarbeit-steht-im-Verkauf-ja-sogar-der-neueste-FruehlingSommer-scaled.jpg","type":"image\/jpeg"}],"author":"Robert Hoffmann","twitter_card":"summary_large_image","twitter_misc":{"Verfasst von":"Robert Hoffmann","Gesch\u00e4tzte Lesezeit":"2\u00a0Minuten"},"schema":{"@context":"https:\/\/schema.org","@graph":[{"@type":"Article","@id":"https:\/\/www.strassenweb.de\/nachrichten\/joanna-gaines-kult-favoriten-teppich-zusammenarbeit-steht-im-verkauf-ja-sogar-der-neueste-fruehling-sommer-2025-start\/#article","isPartOf":{"@id":"https:\/\/www.strassenweb.de\/nachrichten\/joanna-gaines-kult-favoriten-teppich-zusammenarbeit-steht-im-verkauf-ja-sogar-der-neueste-fruehling-sommer-2025-start\/"},"author":{"name":"Robert Hoffmann","@id":"https:\/\/www.strassenweb.de\/nachrichten\/#\/schema\/person\/87c9c9067f1211da429a744dc5a5aa41"},"headline":"Joanna Gaines &#8218;Kult-Favoriten-Teppich-Zusammenarbeit steht im Verkauf-ja, sogar der neueste Fr\u00fchling\/Sommer 2025-Start","datePublished":"2025-07-02T23:39:20+00:00","dateModified":"2025-07-02T23:39:23+00:00","mainEntityOfPage":{"@id":"https:\/\/www.strassenweb.de\/nachrichten\/joanna-gaines-kult-favoriten-teppich-zusammenarbeit-steht-im-verkauf-ja-sogar-der-neueste-fruehling-sommer-2025-start\/"},"wordCount":420,"publisher":{"@id":"https:\/\/www.strassenweb.de\/nachrichten\/#organization"},"image":{"@id":"https:\/\/www.strassenweb.de\/nachrichten\/joanna-gaines-kult-favoriten-teppich-zusammenarbeit-steht-im-verkauf-ja-sogar-der-neueste-fruehling-sommer-2025-start\/#primaryimage"},"thumbnailUrl":"https:\/\/www.strassenweb.de\/nachrichten\/wp-content\/uploads\/2025\/07\/Joanna-Gaines-Kult-Favoriten-Teppich-Zusammenarbeit-steht-im-Verkauf-ja-sogar-der-neueste-FruehlingSommer-scaled.jpg","keywords":["2025Start","der","Fr\u00fchlingSommer","Gaines","Joanna","KultFavoritenTeppichZusammenarbeit","Neueste","sogar","steht","Verkaufja"],"articleSection":["Haus &amp; Garten"],"inLanguage":"de"},{"@type":"WebPage","@id":"https:\/\/www.strassenweb.de\/nachrichten\/joanna-gaines-kult-favoriten-teppich-zusammenarbeit-steht-im-verkauf-ja-sogar-der-neueste-fruehling-sommer-2025-start\/","url":"https:\/\/www.strassenweb.de\/nachrichten\/joanna-gaines-kult-favoriten-teppich-zusammenarbeit-steht-im-verkauf-ja-sogar-der-neueste-fruehling-sommer-2025-start\/","name":"Joanna Gaines 'Kult-Favoriten-Teppich-Zusammenarbeit steht im Verkauf-ja, sogar der neueste Fr\u00fchling\/Sommer 2025-Start - Nachrichten - Stra\u00dfenweb","isPartOf":{"@id":"https:\/\/www.strassenweb.de\/nachrichten\/#website"},"primaryImageOfPage":{"@id":"https:\/\/www.strassenweb.de\/nachrichten\/joanna-gaines-kult-favoriten-teppich-zusammenarbeit-steht-im-verkauf-ja-sogar-der-neueste-fruehling-sommer-2025-start\/#primaryimage"},"image":{"@id":"https:\/\/www.strassenweb.de\/nachrichten\/joanna-gaines-kult-favoriten-teppich-zusammenarbeit-steht-im-verkauf-ja-sogar-der-neueste-fruehling-sommer-2025-start\/#primaryimage"},"thumbnailUrl":"https:\/\/www.strassenweb.de\/nachrichten\/wp-content\/uploads\/2025\/07\/Joanna-Gaines-Kult-Favoriten-Teppich-Zusammenarbeit-steht-im-Verkauf-ja-sogar-der-neueste-FruehlingSommer-scaled.jpg","datePublished":"2025-07-02T23:39:20+00:00","dateModified":"2025-07-02T23:39:23+00:00","breadcrumb":{"@id":"https:\/\/www.strassenweb.de\/nachrichten\/joanna-gaines-kult-favoriten-teppich-zusammenarbeit-steht-im-verkauf-ja-sogar-der-neueste-fruehling-sommer-2025-start\/#breadcrumb"},"inLanguage":"de","potentialAction":[{"@type":"ReadAction","target":["https:\/\/www.strassenweb.de\/nachrichten\/joanna-gaines-kult-favoriten-teppich-zusammenarbeit-steht-im-verkauf-ja-sogar-der-neueste-fruehling-sommer-2025-start\/"]}]},{"@type":"ImageObject","inLanguage":"de","@id":"https:\/\/www.strassenweb.de\/nachrichten\/joanna-gaines-kult-favoriten-teppich-zusammenarbeit-steht-im-verkauf-ja-sogar-der-neueste-fruehling-sommer-2025-start\/#primaryimage","url":"https:\/\/www.strassenweb.de\/nachrichten\/wp-content\/uploads\/2025\/07\/Joanna-Gaines-Kult-Favoriten-Teppich-Zusammenarbeit-steht-im-Verkauf-ja-sogar-der-neueste-FruehlingSommer-scaled.jpg","contentUrl":"https:\/\/www.strassenweb.de\/nachrichten\/wp-content\/uploads\/2025\/07\/Joanna-Gaines-Kult-Favoriten-Teppich-Zusammenarbeit-steht-im-Verkauf-ja-sogar-der-neueste-FruehlingSommer-scaled.jpg","width":2560,"height":1440,"caption":"Joanna Gaines x Loloi vintage-inspired patterned rug photographed in a sunlit living room with a green couch, stone fireplace, and tall windows"},{"@type":"BreadcrumbList","@id":"https:\/\/www.strassenweb.de\/nachrichten\/joanna-gaines-kult-favoriten-teppich-zusammenarbeit-steht-im-verkauf-ja-sogar-der-neueste-fruehling-sommer-2025-start\/#breadcrumb","itemListElement":[{"@type":"ListItem","position":1,"name":"Home","item":"https:\/\/www.strassenweb.de\/nachrichten\/"},{"@type":"ListItem","position":2,"name":"Joanna Gaines &#8218;Kult-Favoriten-Teppich-Zusammenarbeit steht im Verkauf-ja, sogar der neueste Fr\u00fchling\/Sommer 2025-Start"}]},{"@type":"WebSite","@id":"https:\/\/www.strassenweb.de\/nachrichten\/#website","url":"https:\/\/www.strassenweb.de\/nachrichten\/","name":"Stra\u00dfenweb","description":"Stra\u00dfenverzeichnis f\u00fcr Deutschland","publisher":{"@id":"https:\/\/www.strassenweb.de\/nachrichten\/#organization"},"potentialAction":[{"@type":"SearchAction","target":{"@type":"EntryPoint","urlTemplate":"https:\/\/www.strassenweb.de\/nachrichten\/?s={search_term_string}"},"query-input":{"@type":"PropertyValueSpecification","valueRequired":true,"valueName":"search_term_string"}}],"inLanguage":"de"},{"@type":"Organization","@id":"https:\/\/www.strassenweb.de\/nachrichten\/#organization","name":"Stra\u00dfenweb","url":"https:\/\/www.strassenweb.de\/nachrichten\/","logo":{"@type":"ImageObject","inLanguage":"de","@id":"https:\/\/www.strassenweb.de\/nachrichten\/#\/schema\/logo\/image\/","url":"https:\/\/www.strassenweb.de\/nachrichten\/wp-content\/uploads\/2024\/09\/cropped-favicon.png","contentUrl":"https:\/\/www.strassenweb.de\/nachrichten\/wp-content\/uploads\/2024\/09\/cropped-favicon.png","width":512,"height":512,"caption":"Stra\u00dfenweb"},"image":{"@id":"https:\/\/www.strassenweb.de\/nachrichten\/#\/schema\/logo\/image\/"},"sameAs":["https:\/\/www.facebook.com\/strassenweb\/"]},{"@type":"Person","@id":"https:\/\/www.strassenweb.de\/nachrichten\/#\/schema\/person\/87c9c9067f1211da429a744dc5a5aa41","name":"Robert Hoffmann","image":{"@type":"ImageObject","inLanguage":"de","@id":"https:\/\/www.strassenweb.de\/nachrichten\/wp-content\/uploads\/2024\/09\/strassenweb-150x150.jpg","url":"https:\/\/www.strassenweb.de\/nachrichten\/wp-content\/uploads\/2024\/09\/strassenweb-150x150.jpg","contentUrl":"https:\/\/www.strassenweb.de\/nachrichten\/wp-content\/uploads\/2024\/09\/strassenweb-150x150.jpg","caption":"Robert Hoffmann"},"description":"Ich hei\u00dfe Robert Hoffmann und ich bin ein leidenschaftlicher Verfechter von \u00d6kologie und Biodiversit\u00e4t. Seit meiner Kindheit in den W\u00e4ldern Bayerns f\u00fchle ich mich mit der Natur verbunden und bin entschlossen, sie zu sch\u00fctzen. Heute widme ich mein Leben der Sensibilisierung anderer f\u00fcr die Bedeutung des Umweltschutzes f\u00fcr zuk\u00fcnftige Generationen.","sameAs":["https:\/\/www.strassenweb.de\/"]}]}},"_links":{"self":[{"href":"https:\/\/www.strassenweb.de\/nachrichten\/wp-json\/wp\/v2\/posts\/6033","targetHints":{"allow":["GET"]}}],"collection":[{"href":"https:\/\/www.strassenweb.de\/nachrichten\/wp-json\/wp\/v2\/posts"}],"about":[{"href":"https:\/\/www.strassenweb.de\/nachrichten\/wp-json\/wp\/v2\/types\/post"}],"author":[{"embeddable":true,"href":"https:\/\/www.strassenweb.de\/nachrichten\/wp-json\/wp\/v2\/users\/1"}],"replies":[{"embeddable":true,"href":"https:\/\/www.strassenweb.de\/nachrichten\/wp-json\/wp\/v2\/comments?post=6033"}],"version-history":[{"count":0,"href":"https:\/\/www.strassenweb.de\/nachrichten\/wp-json\/wp\/v2\/posts\/6033\/revisions"}],"wp:featuredmedia":[{"embeddable":true,"href":"https:\/\/www.strassenweb.de\/nachrichten\/wp-json\/wp\/v2\/media\/6034"}],"wp:attachment":[{"href":"https:\/\/www.strassenweb.de\/nachrichten\/wp-json\/wp\/v2\/media?parent=6033"}],"wp:term":[{"taxonomy":"category","embeddable":true,"href":"https:\/\/www.strassenweb.de\/nachrichten\/wp-json\/wp\/v2\/categories?post=6033"},{"taxonomy":"post_tag","embeddable":true,"href":"https:\/\/www.strassenweb.de\/nachrichten\/wp-json\/wp\/v2\/tags?post=6033"}],"curies":[{"name":"wp","href":"https:\/\/api.w.org\/{rel}","templated":true}]}}