{"id":6030,"date":"2025-07-02T21:40:45","date_gmt":"2025-07-02T19:40:45","guid":{"rendered":"https:\/\/www.strassenweb.de\/nachrichten\/warum-wird-meine-palme-gelb-5-moegliche-gruende-und-expertenloesungen-um-ihre-anlage-wieder-gesund-zu-machen\/"},"modified":"2025-07-02T21:40:46","modified_gmt":"2025-07-02T19:40:46","slug":"warum-wird-meine-palme-gelb-5-moegliche-gruende-und-expertenloesungen-um-ihre-anlage-wieder-gesund-zu-machen","status":"publish","type":"post","link":"https:\/\/www.strassenweb.de\/nachrichten\/warum-wird-meine-palme-gelb-5-moegliche-gruende-und-expertenloesungen-um-ihre-anlage-wieder-gesund-zu-machen\/","title":{"rendered":"Warum wird meine Palme gelb? 5 m\u00f6gliche Gr\u00fcnde und Expertenl\u00f6sungen, um Ihre Anlage wieder gesund zu machen"},"content":{"rendered":"<div id=\"article-body\" class=\"article__body \">\n<p><strong>F: Die Bl\u00e4tter auf meinen Innenstopfpalmen haben definitiv bessere Tage gesehen. Von ihrer Spitze bis zum Ende beginnt jedes Blatt gelb zu werden, wobei einige sogar abfallen. Was k\u00f6nnte dies dazu bringen, und ist es zu sp\u00e4t, um das Problem zu beheben?<\/strong><\/p>\n<div id=\"ad-unit-1\" class=\"ad-unit\"><\/div>\n<p>A: Es gibt eine Reihe von Gr\u00fcnden, warum die Bl\u00e4tter Ihrer Palmen gelungten k\u00f6nnen. Einige davon erfordern Aufmerksamkeit und ver\u00e4ndern die Art und Weise, wie Sie sich um Ihre Palmen k\u00fcmmern, andere sind v\u00f6llig nat\u00fcrlich und kein Grund zur Sorge.<\/p>\n<p>Sogar die besten Innenb\u00e4ume sind mit diesen Problemen konfrontiert, aber zum Gl\u00fcck k\u00f6nnen Sie eine Menge tun, um Probleme zu beheben. Hier teilen wir zusammen mit Experten Einsichten die h\u00e4ufigsten Ursachen f\u00fcr vergilbende Palmen und Ratschl\u00e4ge, was zu tun ist.<\/p>\n<div class=\"van_vid_carousel\">\n<div class=\"van_vid_carousel__padding\">\n<div class=\"van_vid_carousel__container\"><\/div>\n<\/div>\n<\/div>\n<aside data-component-name=\"Recirculation:ArticleRiver\" data-nosnippet class=\"pt-3 pb-4 mb-4 border-b border-solid border-(#333)\">\n<span class=\"\nafter:content-('') after:flex-1 after:ml-4 after:my-(0.7rem) after:border-t-(#333) after:border-t after:border-solid\nbefore:content-('') before:flex-1 before:mr-4 before:my-(0.7rem) before:border-t-(#333) before:border-t before:border-solid\nfont-article-heading pb-3 !text-base font-bold uppercase sm:text-sm text-(#333) flex\"><\/p>\n<p>Sie m\u00f6gen m\u00f6gen<br \/>\n<\/span><\/p>\n<ul class=\"flex flex-col gap-3 m-0\">\n<li class=\"m-0 list-none\" name=\"recirculation-inline\" data-analytics-id=\"recirculation-inline-1\" analytics-label=\"adviser:related\">\n<picture data-new-v2-image=\"true\" class=\"w-(--article-river-thumbnail-width,60px) flex-shrink-0\"><source type=\"image\/webp\"  ><\/source><\/p>\n<\/picture>\n<span class=\"hover:text-inherit font-article-heading text-base text-(#333) leading-5 content-center\">Hat Ihre Hortensie gelbe Bl\u00e4tter? Ein N\u00e4hrstoffmangel k\u00f6nnte das Problem sein, warnen Experten, aber Sie k\u00f6nnen ihn mit 1 einfacher Test beheben<\/span><\/p>\n<\/li>\n<li class=\"m-0 list-none\" name=\"recirculation-inline\" data-analytics-id=\"recirculation-inline-2\" analytics-label=\"adviser:related\">\n<picture data-new-v2-image=\"true\" class=\"w-(--article-river-thumbnail-width,60px) flex-shrink-0\"><source type=\"image\/webp\"  ><\/source><br \/>\n<img decoding=\"async\" alt=\"Wie man einen sterbenden Kalathea wiederbelebt\"   loading=\"lazy\" data-new-v2-image=\"true\" src=\"https:\/\/www.strassenweb.de\/nachrichten\/wp-content\/uploads\/2025\/05\/Fshv8WWk28ZWrU3yAkPppA.jpg\" data-pin-media=\"https:\/\/www.strassenweb.de\/nachrichten\/wp-content\/uploads\/2025\/05\/Fshv8WWk28ZWrU3yAkPppA.jpg\" data-pin-nopin=\"true\" class=\"aspect-(--img-listing-aspect-ratio,16\/9) object-cover w-(--article-river-thumbnail-width,60px) flex-shrink-0\">\n<\/picture>\n<span class=\"hover:text-inherit font-article-heading text-base text-(#333) leading-5 content-center\">Hauspflanzexperten garantieren, dass diese 5 Schritte eine sterbende Calathea wiederbeleben &#8211; sowie Tipps, wie sie in Zukunft gedeihen k\u00f6nnen<\/span><\/p>\n<\/li>\n<\/ul>\n<\/aside>\n<figure class=\"van-image-figure inline-layout \" data-bordeaux-image-check>\n<div class=\"image-full-width-wrapper\">\n<div class=\"image-widthsetter\" style=\"max-width:2400px;\"><\/div>\n<\/div>\n<\/figure>\n<h2 id=\"5-reasons-why-your-palm-trees-are-turning-yellow-3\">5 Gr\u00fcnde, warum Ihre Palmen gelb werden<\/h2>\n<aside data-block-type=\"embed\" data-render-type=\"fte\" data-skip=\"dealsy\" data-widget-type=\"seasonal\" class=\"hawk-base\"><\/aside>\n<p>Das Folgende k\u00f6nnte alle Gr\u00fcnde sein, die zu den Bl\u00e4ttern auf Ihren Palmen beitragen, die gelb werden, lautet, <u>Tatiana B. Anderson<\/u>ein tropischer Pflanzenexperte bei toptropicals.com, und <u>Alexandra Moreno,<\/u> Landschaftsdesigner und tropischer Pflanzenexperte bei Atlanta Palms.<\/p>\n<div id=\"ad-unit-2\" class=\"ad-unit\"><\/div>\n<h3 class=\"article-body__section\" id=\"section-1-nutrient-deficiency\"><span>1. N\u00e4hrstoffmangel<\/span><\/h3>\n<figure class=\"van-image-figure inline-layout \" data-bordeaux-image-check>\n<div class=\"image-full-width-wrapper\">\n<div class=\"image-widthsetter\" style=\"max-width:2000px;\"><\/div>\n<\/div>\n<\/figure>\n<p>N\u00e4hrstoffe sind ein wesentlicher Faktor f\u00fcr jede Pflanze, um gesund und stark zu werden, aber Palmen sind sehr speziell \u00fcber ihre. Wenn Sie versuchen, eine Palme zu z\u00fcchten und der Boden, in dem er gepflanzt ist, enth\u00e4lt niedrige N\u00e4hrstoffe oder die falschen N\u00e4hrstoffe insgesamt, werden Ihre Palmen in kurzer Zeit gelb werden.<\/p>\n<p>&#8222;N\u00e4hrstoffmangel ist die h\u00e4ufigste Ursache f\u00fcr Palmenprobleme&#8220;, sagt Tatiana. &#8218;Palmen sind schwere Futterh\u00e4uschen, und selbst ein leichtes Ungleichgewicht kann zu vergilbten. Mangel an Stickstoff, Magnesium, Eisen oder Kalium sind die Hauptursachen. &#8218;<\/p>\n<p>Das Hinzuf\u00fcgen eines Palmbaumd\u00fcngers mit langsamer Freisetzung in den Boden wie den Granulard\u00fcnger von Jobes organischer F\u00f6rderung von Amazon alle zwei bis drei Monate hilft dabei, diesen Fehler mit dem Pflanzen in Innenr\u00e4umen zu beheben und den Boden Ihrer Palme konsequent zu halten.<\/p>\n<h3 class=\"article-body__section\" id=\"section-2-over-or-under-watering\"><span>2. \u00dcber oder unter Bew\u00e4sserung<\/span><\/h3>\n<figure class=\"van-image-figure inline-layout \" data-bordeaux-image-check>\n<div class=\"image-full-width-wrapper\">\n<div class=\"image-widthsetter\" style=\"max-width:2400px;\"><\/div>\n<\/div>\n<\/figure>\n<p>\u00dcberw\u00e4sserung und Unterw\u00e4sserung Ihrer Palme ist auf gleichen Weise sch\u00e4dlich. Daher ist es wichtig zu lernen, wie Sie Ihre Palme genau w\u00e4ssern, um zu verhindern, dass sie gelb wird.<\/p>\n<p>&#8222;Es kann schwierig sein, eine \u00fcberwasserdurchschnittliche Pflanze zu reparieren, da zu viel Wasser die Wurzeln einer Palme ersticken und zu vergilbt f\u00fchren kann. Wenn Sie jedoch zu lange in trockenem Boden in trockenem Boden lassen, belastet die Pflanze und verursacht auch die Wedel gelb&#8220;, sagt Tatiana.<\/p>\n<p>Um zu verfolgen, wann Wasseranlagen gepflanzt werden sollen, sollten Sie in ein Pflanzenwassermesser wie das Xlux Long -Sondenboden -Feuchtigkeitsmessger\u00e4t von Amazon investieren. Dieses Messger\u00e4t wird Ihnen deutlich sagen, ob der Boden im Topf Ihrer Handfl\u00e4che feucht, zu nass oder zu trocken ist, sodass Sie Ihren Bew\u00e4sserungsplan einstellen.<\/p>\n<h3 class=\"article-body__section\" id=\"section-3-pests-or-disease\"><span>3.. Sch\u00e4dlinge oder Krankheiten<\/span><\/h3>\n<figure class=\"van-image-figure inline-layout \" data-bordeaux-image-check>\n<div class=\"image-full-width-wrapper\">\n<div class=\"image-widthsetter\" style=\"max-width:2000px;\"><\/div>\n<\/div>\n<\/figure>\n<p>Wenn Ihre Topffl\u00e4chen an einer Krankheit oder einem laufenden Sch\u00e4dling krank sind, werden sie allm\u00e4hlich absterben und \u00fcberall oder in Flecken gelb gelb werden.<\/p>\n<p>Indem Sie Ihre Palme regelm\u00e4\u00dfig nach Thrips, Spinnenmilben, skalieren Insekten, mehligen Insekten und anderen Bedenken \u00fcberpr\u00fcfen, k\u00f6nnen Sie Ihren Palmen den besten Schuss bei der Erholung geben.<\/p>\n<p>&#8222;\u00dcberpr\u00fcfen Sie Ihre Handfl\u00e4che regelm\u00e4\u00dfig und behandeln Sie Sch\u00e4dlinge fr\u00fch mit organischen Gartenhilfsmitteln wie Neem\u00f6l, insektizidischer Seife oder Gartenbau\u00f6l&#8220;, sagt Tatiana. \u201eWenn Ihr Baum t\u00f6dlich gelb, kann nicht viel getan werden.<\/p>\n<p>&#8218;Es ist eine schwere Krankheit, die durch ein Phytoplasma verursacht wird, eine Art von bakterien\u00e4hnlichen Organismus, die haupts\u00e4chlich Kokosnuss Palmen betreffen. Es f\u00fchrt zu einem vorzeitigen Fruchtabfall, der Vergilgung von Wedeln, die von den unteren beginnen, und den m\u00f6glichen Tod des Baumes. &#8218;<\/p>\n<p>Die besten Naturals 100% Pure Neem Oil und das Mehrzweck-Insektizide von Bonide Captain Jack von Amazon sind beide gute Produkte.<\/p>\n<h3 class=\"article-body__section\" id=\"section-4-incorrect-climate-conditions\"><span>4.. Falsche Klimabedingungen<\/span><\/h3>\n<figure class=\"van-image-figure inline-layout \" data-bordeaux-image-check>\n<div class=\"image-full-width-wrapper\">\n<div class=\"image-widthsetter\" style=\"max-width:2000px;\"><\/div>\n<\/div>\n<\/figure>\n<p>Wenn Sie an Palmen denken, kommen sonnige Orte und gro\u00dfe, gl\u00e4nzende B\u00e4ume wahrscheinlich in den Sinn. Wenn Ihre Topffl\u00e4chen also kalt oder an einem Ort zu kalt sind, sind sie nicht am gl\u00fccklichsten in ihrem Innengarten.<\/p>\n<p>&#8222;Wenn Ihre Palmen nicht gen\u00fcgend Sonnenlicht oder die richtige Menge an Luftfeuchtigkeit erhalten, die sie zu gelb beginnen und gelbes neues Wachstum anstelle von Gr\u00fcn produzieren k\u00f6nnen&#8220;, sagt Alexandra. &#8222;Wenn Sie Ihre Palmb\u00e4ume n\u00e4her an sonnigen Fenstern bewegen, kann dies helfen, aber dies muss wahrscheinlich mit einem wachsenden Licht und einem Innenbefeuchter erg\u00e4nzt werden.&#8220;<\/p>\n<p>Der Yadoker -LED -Verstellbares wachsen Licht und der ewige Komfort Cool Cool Mist Feuchter von Amazon ist sowohl hoch bewertet als auch einfach zu bedienen.<\/p>\n<h3 class=\"article-body__section\" id=\"section-5-natural-ageing\"><span>5. nat\u00fcrliches Altern<\/span><\/h3>\n<p>Wenn Sie Ihre Palmen f\u00fcr eine Weile hatten und sich fragen, warum sie jetzt scheinbar nirgendwo gelb zu gelb anfangen, k\u00f6nnte es einfach wegen ihres Alters liegen. In den sp\u00e4teren Jahren ist es ein nat\u00fcrlicher Teil des Wachstumszyklus einer Palmen zu Gelb. Wenn dies also der Fall ist, m\u00fcssen Sie Ihre Pflanzenpflege nicht \u00e4ndern.<\/p>\n<p>&#8222;Ein Zeichen, dass Ihr Palmbaumgelben aus dem nat\u00fcrlichen Altern stammt, ist, wenn die unteren Wedel gelb werden, w\u00e4hrend das obere Wachstum tendenziell gesund und gr\u00fcn bleibt&#8220;, sagt Alexandra.<\/p>\n<p>Sie k\u00f6nnen eine Palme beschneiden und diese mit einer Schere wie der Deli -Gartenschere von Walmart abschneiden. Genauige Schnitte damit zu machen, ist f\u00fcr Ihre Palme weitaus ges\u00fcnder als das Ziehen oder Abdrehen sterbender Bl\u00e4tter, da es keinen Schaden verursacht.<\/p>\n<hr>\n<p>Das Erlernen des Erstellens von Pflanzend\u00fcnger ist eine gro\u00dfartige F\u00e4higkeit, die Sie f\u00fcr jedes Gr\u00fcn in Ihrer Sammlung zusammenarbeiten k\u00f6nnen. Warum sollten Sie es nicht versuchen, wenn Ihre Palmen einen n\u00e4hrstoffreichen Schub ben\u00f6tigen?<\/p>\n<\/div>\n","protected":false},"excerpt":{"rendered":"<p>F: Die Bl\u00e4tter auf meinen Innenstopfpalmen haben definitiv bessere Tage gesehen. Von ihrer Spitze bis zum Ende beginnt jedes Blatt gelb zu werden, wobei einige<\/p>\n","protected":false},"author":1,"featured_media":6031,"comment_status":"closed","ping_status":"","sticky":false,"template":"","format":"standard","meta":{"footnotes":""},"categories":[118],"tags":[8396,8395,3905,2226,1056,225,410,1054,1669,8394,37,744,1440,71],"class_list":["post-6030","post","type-post","status-publish","format-standard","has-post-thumbnail","hentry","category-haus-garten","tag-anlage","tag-expertenloesungen","tag-gelb","tag-gesund","tag-gruende","tag-ihre","tag-machen","tag-meine","tag-moegliche","tag-palme","tag-und","tag-warum","tag-wieder","tag-wird","generate-columns","tablet-grid-50","mobile-grid-100","grid-parent","grid-50"],"yoast_head":"<!-- This site is optimized with the Yoast SEO plugin v27.3 - https:\/\/yoast.com\/product\/yoast-seo-wordpress\/ -->\n<title>Warum wird meine Palme gelb? 5 m\u00f6gliche Gr\u00fcnde und Expertenl\u00f6sungen, um Ihre Anlage wieder gesund zu machen - Nachrichten - Stra\u00dfenweb<\/title>\n<meta name=\"robots\" content=\"index, follow, max-snippet:-1, max-image-preview:large, max-video-preview:-1\" \/>\n<link rel=\"canonical\" href=\"https:\/\/www.strassenweb.de\/nachrichten\/warum-wird-meine-palme-gelb-5-moegliche-gruende-und-expertenloesungen-um-ihre-anlage-wieder-gesund-zu-machen\/\" \/>\n<meta property=\"og:locale\" content=\"de_DE\" \/>\n<meta property=\"og:type\" content=\"article\" \/>\n<meta property=\"og:title\" content=\"Warum wird meine Palme gelb? 5 m\u00f6gliche Gr\u00fcnde und Expertenl\u00f6sungen, um Ihre Anlage wieder gesund zu machen - Nachrichten - Stra\u00dfenweb\" \/>\n<meta property=\"og:description\" content=\"F: Die Bl\u00e4tter auf meinen Innenstopfpalmen haben definitiv bessere Tage gesehen. Von ihrer Spitze bis zum Ende beginnt jedes Blatt gelb zu werden, wobei einige\" \/>\n<meta property=\"og:url\" content=\"https:\/\/www.strassenweb.de\/nachrichten\/warum-wird-meine-palme-gelb-5-moegliche-gruende-und-expertenloesungen-um-ihre-anlage-wieder-gesund-zu-machen\/\" \/>\n<meta property=\"og:site_name\" content=\"Stra\u00dfenweb\" \/>\n<meta property=\"article:publisher\" content=\"https:\/\/www.facebook.com\/strassenweb\/\" \/>\n<meta property=\"article:published_time\" content=\"2025-07-02T19:40:45+00:00\" \/>\n<meta property=\"article:modified_time\" content=\"2025-07-02T19:40:46+00:00\" \/>\n<meta property=\"og:image\" content=\"https:\/\/www.strassenweb.de\/nachrichten\/wp-content\/uploads\/2025\/07\/Warum-wird-meine-Palme-gelb-5-moegliche-Gruende-und-Expertenloesungen.jpg\" \/>\n\t<meta property=\"og:image:width\" content=\"1600\" \/>\n\t<meta property=\"og:image:height\" content=\"900\" \/>\n\t<meta property=\"og:image:type\" content=\"image\/jpeg\" \/>\n<meta name=\"author\" content=\"Robert Hoffmann\" \/>\n<meta name=\"twitter:card\" content=\"summary_large_image\" \/>\n<meta name=\"twitter:label1\" content=\"Verfasst von\" \/>\n\t<meta name=\"twitter:data1\" content=\"Robert Hoffmann\" \/>\n\t<meta name=\"twitter:label2\" content=\"Gesch\u00e4tzte Lesezeit\" \/>\n\t<meta name=\"twitter:data2\" content=\"5\u00a0Minuten\" \/>\n<script type=\"application\/ld+json\" class=\"yoast-schema-graph\">{\"@context\":\"https:\\\/\\\/schema.org\",\"@graph\":[{\"@type\":\"Article\",\"@id\":\"https:\\\/\\\/www.strassenweb.de\\\/nachrichten\\\/warum-wird-meine-palme-gelb-5-moegliche-gruende-und-expertenloesungen-um-ihre-anlage-wieder-gesund-zu-machen\\\/#article\",\"isPartOf\":{\"@id\":\"https:\\\/\\\/www.strassenweb.de\\\/nachrichten\\\/warum-wird-meine-palme-gelb-5-moegliche-gruende-und-expertenloesungen-um-ihre-anlage-wieder-gesund-zu-machen\\\/\"},\"author\":{\"name\":\"Robert Hoffmann\",\"@id\":\"https:\\\/\\\/www.strassenweb.de\\\/nachrichten\\\/#\\\/schema\\\/person\\\/87c9c9067f1211da429a744dc5a5aa41\"},\"headline\":\"Warum wird meine Palme gelb? 5 m\u00f6gliche Gr\u00fcnde und Expertenl\u00f6sungen, um Ihre Anlage wieder gesund zu machen\",\"datePublished\":\"2025-07-02T19:40:45+00:00\",\"dateModified\":\"2025-07-02T19:40:46+00:00\",\"mainEntityOfPage\":{\"@id\":\"https:\\\/\\\/www.strassenweb.de\\\/nachrichten\\\/warum-wird-meine-palme-gelb-5-moegliche-gruende-und-expertenloesungen-um-ihre-anlage-wieder-gesund-zu-machen\\\/\"},\"wordCount\":1002,\"publisher\":{\"@id\":\"https:\\\/\\\/www.strassenweb.de\\\/nachrichten\\\/#organization\"},\"image\":{\"@id\":\"https:\\\/\\\/www.strassenweb.de\\\/nachrichten\\\/warum-wird-meine-palme-gelb-5-moegliche-gruende-und-expertenloesungen-um-ihre-anlage-wieder-gesund-zu-machen\\\/#primaryimage\"},\"thumbnailUrl\":\"https:\\\/\\\/www.strassenweb.de\\\/nachrichten\\\/wp-content\\\/uploads\\\/2025\\\/07\\\/Warum-wird-meine-Palme-gelb-5-moegliche-Gruende-und-Expertenloesungen.jpg\",\"keywords\":[\"Anlage\",\"Expertenl\u00f6sungen\",\"gelb\",\"gesund\",\"Gr\u00fcnde\",\"ihre\",\"machen\",\"meine\",\"m\u00f6gliche\",\"Palme\",\"und\",\"warum\",\"wieder\",\"wird\"],\"articleSection\":[\"Haus &amp; Garten\"],\"inLanguage\":\"de\"},{\"@type\":\"WebPage\",\"@id\":\"https:\\\/\\\/www.strassenweb.de\\\/nachrichten\\\/warum-wird-meine-palme-gelb-5-moegliche-gruende-und-expertenloesungen-um-ihre-anlage-wieder-gesund-zu-machen\\\/\",\"url\":\"https:\\\/\\\/www.strassenweb.de\\\/nachrichten\\\/warum-wird-meine-palme-gelb-5-moegliche-gruende-und-expertenloesungen-um-ihre-anlage-wieder-gesund-zu-machen\\\/\",\"name\":\"Warum wird meine Palme gelb? 5 m\u00f6gliche Gr\u00fcnde und Expertenl\u00f6sungen, um Ihre Anlage wieder gesund zu machen - Nachrichten - Stra\u00dfenweb\",\"isPartOf\":{\"@id\":\"https:\\\/\\\/www.strassenweb.de\\\/nachrichten\\\/#website\"},\"primaryImageOfPage\":{\"@id\":\"https:\\\/\\\/www.strassenweb.de\\\/nachrichten\\\/warum-wird-meine-palme-gelb-5-moegliche-gruende-und-expertenloesungen-um-ihre-anlage-wieder-gesund-zu-machen\\\/#primaryimage\"},\"image\":{\"@id\":\"https:\\\/\\\/www.strassenweb.de\\\/nachrichten\\\/warum-wird-meine-palme-gelb-5-moegliche-gruende-und-expertenloesungen-um-ihre-anlage-wieder-gesund-zu-machen\\\/#primaryimage\"},\"thumbnailUrl\":\"https:\\\/\\\/www.strassenweb.de\\\/nachrichten\\\/wp-content\\\/uploads\\\/2025\\\/07\\\/Warum-wird-meine-Palme-gelb-5-moegliche-Gruende-und-Expertenloesungen.jpg\",\"datePublished\":\"2025-07-02T19:40:45+00:00\",\"dateModified\":\"2025-07-02T19:40:46+00:00\",\"breadcrumb\":{\"@id\":\"https:\\\/\\\/www.strassenweb.de\\\/nachrichten\\\/warum-wird-meine-palme-gelb-5-moegliche-gruende-und-expertenloesungen-um-ihre-anlage-wieder-gesund-zu-machen\\\/#breadcrumb\"},\"inLanguage\":\"de\",\"potentialAction\":[{\"@type\":\"ReadAction\",\"target\":[\"https:\\\/\\\/www.strassenweb.de\\\/nachrichten\\\/warum-wird-meine-palme-gelb-5-moegliche-gruende-und-expertenloesungen-um-ihre-anlage-wieder-gesund-zu-machen\\\/\"]}]},{\"@type\":\"ImageObject\",\"inLanguage\":\"de\",\"@id\":\"https:\\\/\\\/www.strassenweb.de\\\/nachrichten\\\/warum-wird-meine-palme-gelb-5-moegliche-gruende-und-expertenloesungen-um-ihre-anlage-wieder-gesund-zu-machen\\\/#primaryimage\",\"url\":\"https:\\\/\\\/www.strassenweb.de\\\/nachrichten\\\/wp-content\\\/uploads\\\/2025\\\/07\\\/Warum-wird-meine-Palme-gelb-5-moegliche-Gruende-und-Expertenloesungen.jpg\",\"contentUrl\":\"https:\\\/\\\/www.strassenweb.de\\\/nachrichten\\\/wp-content\\\/uploads\\\/2025\\\/07\\\/Warum-wird-meine-Palme-gelb-5-moegliche-Gruende-und-Expertenloesungen.jpg\",\"width\":1600,\"height\":900,\"caption\":\"indoor plant Kentia palm\"},{\"@type\":\"BreadcrumbList\",\"@id\":\"https:\\\/\\\/www.strassenweb.de\\\/nachrichten\\\/warum-wird-meine-palme-gelb-5-moegliche-gruende-und-expertenloesungen-um-ihre-anlage-wieder-gesund-zu-machen\\\/#breadcrumb\",\"itemListElement\":[{\"@type\":\"ListItem\",\"position\":1,\"name\":\"Home\",\"item\":\"https:\\\/\\\/www.strassenweb.de\\\/nachrichten\\\/\"},{\"@type\":\"ListItem\",\"position\":2,\"name\":\"Warum wird meine Palme gelb? 5 m\u00f6gliche Gr\u00fcnde und Expertenl\u00f6sungen, um Ihre Anlage wieder gesund zu machen\"}]},{\"@type\":\"WebSite\",\"@id\":\"https:\\\/\\\/www.strassenweb.de\\\/nachrichten\\\/#website\",\"url\":\"https:\\\/\\\/www.strassenweb.de\\\/nachrichten\\\/\",\"name\":\"Stra\u00dfenweb\",\"description\":\"Stra\u00dfenverzeichnis f\u00fcr Deutschland\",\"publisher\":{\"@id\":\"https:\\\/\\\/www.strassenweb.de\\\/nachrichten\\\/#organization\"},\"potentialAction\":[{\"@type\":\"SearchAction\",\"target\":{\"@type\":\"EntryPoint\",\"urlTemplate\":\"https:\\\/\\\/www.strassenweb.de\\\/nachrichten\\\/?s={search_term_string}\"},\"query-input\":{\"@type\":\"PropertyValueSpecification\",\"valueRequired\":true,\"valueName\":\"search_term_string\"}}],\"inLanguage\":\"de\"},{\"@type\":\"Organization\",\"@id\":\"https:\\\/\\\/www.strassenweb.de\\\/nachrichten\\\/#organization\",\"name\":\"Stra\u00dfenweb\",\"url\":\"https:\\\/\\\/www.strassenweb.de\\\/nachrichten\\\/\",\"logo\":{\"@type\":\"ImageObject\",\"inLanguage\":\"de\",\"@id\":\"https:\\\/\\\/www.strassenweb.de\\\/nachrichten\\\/#\\\/schema\\\/logo\\\/image\\\/\",\"url\":\"https:\\\/\\\/www.strassenweb.de\\\/nachrichten\\\/wp-content\\\/uploads\\\/2024\\\/09\\\/cropped-favicon.png\",\"contentUrl\":\"https:\\\/\\\/www.strassenweb.de\\\/nachrichten\\\/wp-content\\\/uploads\\\/2024\\\/09\\\/cropped-favicon.png\",\"width\":512,\"height\":512,\"caption\":\"Stra\u00dfenweb\"},\"image\":{\"@id\":\"https:\\\/\\\/www.strassenweb.de\\\/nachrichten\\\/#\\\/schema\\\/logo\\\/image\\\/\"},\"sameAs\":[\"https:\\\/\\\/www.facebook.com\\\/strassenweb\\\/\"]},{\"@type\":\"Person\",\"@id\":\"https:\\\/\\\/www.strassenweb.de\\\/nachrichten\\\/#\\\/schema\\\/person\\\/87c9c9067f1211da429a744dc5a5aa41\",\"name\":\"Robert Hoffmann\",\"image\":{\"@type\":\"ImageObject\",\"inLanguage\":\"de\",\"@id\":\"https:\\\/\\\/www.strassenweb.de\\\/nachrichten\\\/wp-content\\\/uploads\\\/2024\\\/09\\\/strassenweb-150x150.jpg\",\"url\":\"https:\\\/\\\/www.strassenweb.de\\\/nachrichten\\\/wp-content\\\/uploads\\\/2024\\\/09\\\/strassenweb-150x150.jpg\",\"contentUrl\":\"https:\\\/\\\/www.strassenweb.de\\\/nachrichten\\\/wp-content\\\/uploads\\\/2024\\\/09\\\/strassenweb-150x150.jpg\",\"caption\":\"Robert Hoffmann\"},\"description\":\"Ich hei\u00dfe Robert Hoffmann und ich bin ein leidenschaftlicher Verfechter von \u00d6kologie und Biodiversit\u00e4t. Seit meiner Kindheit in den W\u00e4ldern Bayerns f\u00fchle ich mich mit der Natur verbunden und bin entschlossen, sie zu sch\u00fctzen. Heute widme ich mein Leben der Sensibilisierung anderer f\u00fcr die Bedeutung des Umweltschutzes f\u00fcr zuk\u00fcnftige Generationen.\",\"sameAs\":[\"https:\\\/\\\/www.strassenweb.de\\\/\"]}]}<\/script>\n<!-- \/ Yoast SEO plugin. -->","yoast_head_json":{"title":"Warum wird meine Palme gelb? 5 m\u00f6gliche Gr\u00fcnde und Expertenl\u00f6sungen, um Ihre Anlage wieder gesund zu machen - Nachrichten - Stra\u00dfenweb","robots":{"index":"index","follow":"follow","max-snippet":"max-snippet:-1","max-image-preview":"max-image-preview:large","max-video-preview":"max-video-preview:-1"},"canonical":"https:\/\/www.strassenweb.de\/nachrichten\/warum-wird-meine-palme-gelb-5-moegliche-gruende-und-expertenloesungen-um-ihre-anlage-wieder-gesund-zu-machen\/","og_locale":"de_DE","og_type":"article","og_title":"Warum wird meine Palme gelb? 5 m\u00f6gliche Gr\u00fcnde und Expertenl\u00f6sungen, um Ihre Anlage wieder gesund zu machen - Nachrichten - Stra\u00dfenweb","og_description":"F: Die Bl\u00e4tter auf meinen Innenstopfpalmen haben definitiv bessere Tage gesehen. Von ihrer Spitze bis zum Ende beginnt jedes Blatt gelb zu werden, wobei einige","og_url":"https:\/\/www.strassenweb.de\/nachrichten\/warum-wird-meine-palme-gelb-5-moegliche-gruende-und-expertenloesungen-um-ihre-anlage-wieder-gesund-zu-machen\/","og_site_name":"Stra\u00dfenweb","article_publisher":"https:\/\/www.facebook.com\/strassenweb\/","article_published_time":"2025-07-02T19:40:45+00:00","article_modified_time":"2025-07-02T19:40:46+00:00","og_image":[{"width":1600,"height":900,"url":"https:\/\/www.strassenweb.de\/nachrichten\/wp-content\/uploads\/2025\/07\/Warum-wird-meine-Palme-gelb-5-moegliche-Gruende-und-Expertenloesungen.jpg","type":"image\/jpeg"}],"author":"Robert Hoffmann","twitter_card":"summary_large_image","twitter_misc":{"Verfasst von":"Robert Hoffmann","Gesch\u00e4tzte Lesezeit":"5\u00a0Minuten"},"schema":{"@context":"https:\/\/schema.org","@graph":[{"@type":"Article","@id":"https:\/\/www.strassenweb.de\/nachrichten\/warum-wird-meine-palme-gelb-5-moegliche-gruende-und-expertenloesungen-um-ihre-anlage-wieder-gesund-zu-machen\/#article","isPartOf":{"@id":"https:\/\/www.strassenweb.de\/nachrichten\/warum-wird-meine-palme-gelb-5-moegliche-gruende-und-expertenloesungen-um-ihre-anlage-wieder-gesund-zu-machen\/"},"author":{"name":"Robert Hoffmann","@id":"https:\/\/www.strassenweb.de\/nachrichten\/#\/schema\/person\/87c9c9067f1211da429a744dc5a5aa41"},"headline":"Warum wird meine Palme gelb? 5 m\u00f6gliche Gr\u00fcnde und Expertenl\u00f6sungen, um Ihre Anlage wieder gesund zu machen","datePublished":"2025-07-02T19:40:45+00:00","dateModified":"2025-07-02T19:40:46+00:00","mainEntityOfPage":{"@id":"https:\/\/www.strassenweb.de\/nachrichten\/warum-wird-meine-palme-gelb-5-moegliche-gruende-und-expertenloesungen-um-ihre-anlage-wieder-gesund-zu-machen\/"},"wordCount":1002,"publisher":{"@id":"https:\/\/www.strassenweb.de\/nachrichten\/#organization"},"image":{"@id":"https:\/\/www.strassenweb.de\/nachrichten\/warum-wird-meine-palme-gelb-5-moegliche-gruende-und-expertenloesungen-um-ihre-anlage-wieder-gesund-zu-machen\/#primaryimage"},"thumbnailUrl":"https:\/\/www.strassenweb.de\/nachrichten\/wp-content\/uploads\/2025\/07\/Warum-wird-meine-Palme-gelb-5-moegliche-Gruende-und-Expertenloesungen.jpg","keywords":["Anlage","Expertenl\u00f6sungen","gelb","gesund","Gr\u00fcnde","ihre","machen","meine","m\u00f6gliche","Palme","und","warum","wieder","wird"],"articleSection":["Haus &amp; Garten"],"inLanguage":"de"},{"@type":"WebPage","@id":"https:\/\/www.strassenweb.de\/nachrichten\/warum-wird-meine-palme-gelb-5-moegliche-gruende-und-expertenloesungen-um-ihre-anlage-wieder-gesund-zu-machen\/","url":"https:\/\/www.strassenweb.de\/nachrichten\/warum-wird-meine-palme-gelb-5-moegliche-gruende-und-expertenloesungen-um-ihre-anlage-wieder-gesund-zu-machen\/","name":"Warum wird meine Palme gelb? 5 m\u00f6gliche Gr\u00fcnde und Expertenl\u00f6sungen, um Ihre Anlage wieder gesund zu machen - Nachrichten - Stra\u00dfenweb","isPartOf":{"@id":"https:\/\/www.strassenweb.de\/nachrichten\/#website"},"primaryImageOfPage":{"@id":"https:\/\/www.strassenweb.de\/nachrichten\/warum-wird-meine-palme-gelb-5-moegliche-gruende-und-expertenloesungen-um-ihre-anlage-wieder-gesund-zu-machen\/#primaryimage"},"image":{"@id":"https:\/\/www.strassenweb.de\/nachrichten\/warum-wird-meine-palme-gelb-5-moegliche-gruende-und-expertenloesungen-um-ihre-anlage-wieder-gesund-zu-machen\/#primaryimage"},"thumbnailUrl":"https:\/\/www.strassenweb.de\/nachrichten\/wp-content\/uploads\/2025\/07\/Warum-wird-meine-Palme-gelb-5-moegliche-Gruende-und-Expertenloesungen.jpg","datePublished":"2025-07-02T19:40:45+00:00","dateModified":"2025-07-02T19:40:46+00:00","breadcrumb":{"@id":"https:\/\/www.strassenweb.de\/nachrichten\/warum-wird-meine-palme-gelb-5-moegliche-gruende-und-expertenloesungen-um-ihre-anlage-wieder-gesund-zu-machen\/#breadcrumb"},"inLanguage":"de","potentialAction":[{"@type":"ReadAction","target":["https:\/\/www.strassenweb.de\/nachrichten\/warum-wird-meine-palme-gelb-5-moegliche-gruende-und-expertenloesungen-um-ihre-anlage-wieder-gesund-zu-machen\/"]}]},{"@type":"ImageObject","inLanguage":"de","@id":"https:\/\/www.strassenweb.de\/nachrichten\/warum-wird-meine-palme-gelb-5-moegliche-gruende-und-expertenloesungen-um-ihre-anlage-wieder-gesund-zu-machen\/#primaryimage","url":"https:\/\/www.strassenweb.de\/nachrichten\/wp-content\/uploads\/2025\/07\/Warum-wird-meine-Palme-gelb-5-moegliche-Gruende-und-Expertenloesungen.jpg","contentUrl":"https:\/\/www.strassenweb.de\/nachrichten\/wp-content\/uploads\/2025\/07\/Warum-wird-meine-Palme-gelb-5-moegliche-Gruende-und-Expertenloesungen.jpg","width":1600,"height":900,"caption":"indoor plant Kentia palm"},{"@type":"BreadcrumbList","@id":"https:\/\/www.strassenweb.de\/nachrichten\/warum-wird-meine-palme-gelb-5-moegliche-gruende-und-expertenloesungen-um-ihre-anlage-wieder-gesund-zu-machen\/#breadcrumb","itemListElement":[{"@type":"ListItem","position":1,"name":"Home","item":"https:\/\/www.strassenweb.de\/nachrichten\/"},{"@type":"ListItem","position":2,"name":"Warum wird meine Palme gelb? 5 m\u00f6gliche Gr\u00fcnde und Expertenl\u00f6sungen, um Ihre Anlage wieder gesund zu machen"}]},{"@type":"WebSite","@id":"https:\/\/www.strassenweb.de\/nachrichten\/#website","url":"https:\/\/www.strassenweb.de\/nachrichten\/","name":"Stra\u00dfenweb","description":"Stra\u00dfenverzeichnis f\u00fcr Deutschland","publisher":{"@id":"https:\/\/www.strassenweb.de\/nachrichten\/#organization"},"potentialAction":[{"@type":"SearchAction","target":{"@type":"EntryPoint","urlTemplate":"https:\/\/www.strassenweb.de\/nachrichten\/?s={search_term_string}"},"query-input":{"@type":"PropertyValueSpecification","valueRequired":true,"valueName":"search_term_string"}}],"inLanguage":"de"},{"@type":"Organization","@id":"https:\/\/www.strassenweb.de\/nachrichten\/#organization","name":"Stra\u00dfenweb","url":"https:\/\/www.strassenweb.de\/nachrichten\/","logo":{"@type":"ImageObject","inLanguage":"de","@id":"https:\/\/www.strassenweb.de\/nachrichten\/#\/schema\/logo\/image\/","url":"https:\/\/www.strassenweb.de\/nachrichten\/wp-content\/uploads\/2024\/09\/cropped-favicon.png","contentUrl":"https:\/\/www.strassenweb.de\/nachrichten\/wp-content\/uploads\/2024\/09\/cropped-favicon.png","width":512,"height":512,"caption":"Stra\u00dfenweb"},"image":{"@id":"https:\/\/www.strassenweb.de\/nachrichten\/#\/schema\/logo\/image\/"},"sameAs":["https:\/\/www.facebook.com\/strassenweb\/"]},{"@type":"Person","@id":"https:\/\/www.strassenweb.de\/nachrichten\/#\/schema\/person\/87c9c9067f1211da429a744dc5a5aa41","name":"Robert Hoffmann","image":{"@type":"ImageObject","inLanguage":"de","@id":"https:\/\/www.strassenweb.de\/nachrichten\/wp-content\/uploads\/2024\/09\/strassenweb-150x150.jpg","url":"https:\/\/www.strassenweb.de\/nachrichten\/wp-content\/uploads\/2024\/09\/strassenweb-150x150.jpg","contentUrl":"https:\/\/www.strassenweb.de\/nachrichten\/wp-content\/uploads\/2024\/09\/strassenweb-150x150.jpg","caption":"Robert Hoffmann"},"description":"Ich hei\u00dfe Robert Hoffmann und ich bin ein leidenschaftlicher Verfechter von \u00d6kologie und Biodiversit\u00e4t. Seit meiner Kindheit in den W\u00e4ldern Bayerns f\u00fchle ich mich mit der Natur verbunden und bin entschlossen, sie zu sch\u00fctzen. Heute widme ich mein Leben der Sensibilisierung anderer f\u00fcr die Bedeutung des Umweltschutzes f\u00fcr zuk\u00fcnftige Generationen.","sameAs":["https:\/\/www.strassenweb.de\/"]}]}},"_links":{"self":[{"href":"https:\/\/www.strassenweb.de\/nachrichten\/wp-json\/wp\/v2\/posts\/6030","targetHints":{"allow":["GET"]}}],"collection":[{"href":"https:\/\/www.strassenweb.de\/nachrichten\/wp-json\/wp\/v2\/posts"}],"about":[{"href":"https:\/\/www.strassenweb.de\/nachrichten\/wp-json\/wp\/v2\/types\/post"}],"author":[{"embeddable":true,"href":"https:\/\/www.strassenweb.de\/nachrichten\/wp-json\/wp\/v2\/users\/1"}],"replies":[{"embeddable":true,"href":"https:\/\/www.strassenweb.de\/nachrichten\/wp-json\/wp\/v2\/comments?post=6030"}],"version-history":[{"count":0,"href":"https:\/\/www.strassenweb.de\/nachrichten\/wp-json\/wp\/v2\/posts\/6030\/revisions"}],"wp:featuredmedia":[{"embeddable":true,"href":"https:\/\/www.strassenweb.de\/nachrichten\/wp-json\/wp\/v2\/media\/6031"}],"wp:attachment":[{"href":"https:\/\/www.strassenweb.de\/nachrichten\/wp-json\/wp\/v2\/media?parent=6030"}],"wp:term":[{"taxonomy":"category","embeddable":true,"href":"https:\/\/www.strassenweb.de\/nachrichten\/wp-json\/wp\/v2\/categories?post=6030"},{"taxonomy":"post_tag","embeddable":true,"href":"https:\/\/www.strassenweb.de\/nachrichten\/wp-json\/wp\/v2\/tags?post=6030"}],"curies":[{"name":"wp","href":"https:\/\/api.w.org\/{rel}","templated":true}]}}