{"id":6024,"date":"2025-07-02T14:41:58","date_gmt":"2025-07-02T12:41:58","guid":{"rendered":"https:\/\/www.strassenweb.de\/nachrichten\/boden-verlieren-rufen-sie-die-regierung-an-um-unsere-unersetzlichen-wiesen-zu-schuetzen\/"},"modified":"2025-07-02T14:41:59","modified_gmt":"2025-07-02T12:41:59","slug":"boden-verlieren-rufen-sie-die-regierung-an-um-unsere-unersetzlichen-wiesen-zu-schuetzen","status":"publish","type":"post","link":"https:\/\/www.strassenweb.de\/nachrichten\/boden-verlieren-rufen-sie-die-regierung-an-um-unsere-unersetzlichen-wiesen-zu-schuetzen\/","title":{"rendered":"Boden verlieren: Rufen Sie die Regierung an, um unsere unersetzlichen Wiesen zu sch\u00fctzen"},"content":{"rendered":"<p>Gro\u00dfbritanniens historische Wiesen sind lebende Archive unseres kulturellen, landwirtschaftlichen und nat\u00fcrlichen Erbes &#8211; genauso wichtig wie historische Geb\u00e4ude oder Denkm\u00e4ler. Diese unersetzlichen Lebensr\u00e4ume verschwinden jedoch mit alarmierender Geschwindigkeit und deckten jetzt nur 0,8% des Englands Land in winzigen Fragmenten ab, was eine Fl\u00e4che von etwa der H\u00e4lfte von Cornwall (406 Quadratmeilen) insgesamt umfasst.<\/p>\n<p>Heute fordert sich am Vorabend des National Meadows Day (5. Juli) die Naturschutz -Wohlt\u00e4tigkeitsorganisation Plantlife auf, dringende Ma\u00dfnahmen zu fordern, um die \u00dcberreste unersetzlicher Wiesen zu sch\u00fctzen &#8211; bevor sie f\u00fcr immer verloren gehen. <\/p>\n<p>&#8222;Niemand w\u00fcrde in Betracht ziehen, die H\u00e4user des Parlaments niederzuschlagen und sie anderswo wieder aufzubauen&#8220;, sagte Nicola Hutchinson, stellvertretender Gesch\u00e4ftsf\u00fchrer und Direktor f\u00fcr Naturschutz, Plantlife. &#8222;Dennoch wird die Natur in den heutigen politischen Priorit\u00e4ten von Ziegeln und M\u00f6rser beobachtet, \u00fcber das falsche Versprechen, dass sie an einem anderen Ort ersetzt wird. Man kann jahrzehntelange \u00f6kologische Reichtum nicht nachbilden &#8211; diese Graslands sind unersetzlich &#8211; wenn sie nicht weg sind, sind sie f\u00fcr immer verschwunden.&#8220; <\/p>\n<p>Das Naturschutzgebiet von Pluglife&#8217;s Lugg Meadow in Herefordshire &#8211; eine im Domesday Book of 1086 aufgezeichnete Genie -Wiese ist \u00e4lter als die H\u00e4user des Parlaments. Heimat von national knappen und schutzbed\u00fcrftigen Pflanzenarten, darunter Herefordshires engbl\u00e4ttrige Wasserdropwort <em>Oenanthe Silaifolia<\/em>Derzeit ist es durch die vorgeschlagene Entwicklung im benachbarten Land bedroht.  <\/p>\n<p>In England schl\u00e4gt die britische Regierung eine umfassende \u00c4nderungen der Planungspolitik mit der Planungs- und Infrastrukturgesetz vor, die unsere beliebtesten Lebensr\u00e4ume und Wildtiere gef\u00e4hrdet. Plantlife fordert die Regierung auf, diese Wiesen zu sch\u00fctzen, indem er der offiziellen Liste der unersetzlichen Lebensr\u00e4ume vorrangige Lebensr\u00e4ume mit Grasland hinzugef\u00fcgt hat &#8211; eine Bezeichnung, die derzeit Lebensr\u00e4ume wie alte W\u00e4lder und Tieflandger\u00e4usche umfasst &#8211; basierend auf Alter, Einzigartigkeit, Artenvielfalt und Seltenheit.  <\/p>\n<p>Die Wohlt\u00e4tigkeitsorganisation argumentiert, dass Wiesen, die diese unersetzlichen Kriterien erf\u00fcllen, \u00fcbersehen werden und daher durch landwirtschaftliche Intensivierung, Wohnungsbau und andere Entwicklung ein h\u00f6heres Risiko ausgesetzt sind.  <\/p>\n<p>Die fr\u00fchere Regierung hat sich verpflichtet, sich im Jahr 2024 \u00f6ffentlich \u00fcber die gegenseitige Liste der unersetzlichen Lebensr\u00e4ume zu beraten, aber diese Konsultation hat noch nicht stattgefunden, und die Labour -Regierung hat das Engagement nicht wiederholt. <\/p>\n<p>&#8222;Die Regierung hat keine M\u00f6glichkeit zu verfolgen, wie viele Wiesen verloren gehen. Die meisten unersetzlichen Wiesen haben keinen angemessenen rechtlichen Schutz. Daher klammern Sie sich an winzigen, isolierten Fragmenten, die f\u00fcr die Ausrottung anf\u00e4llig sind&#8220;, sagte Jenny Hawley, Policy &#038; Advocacy Manager bei Plantlife. &#8222;Ohne besseren Schutz riskieren sie, unter unseren F\u00fc\u00dfen zu verschwinden.&#8220; <\/p>\n<p>Mit Meadows war es nicht nur ein typischer Anblick des Sommers, sondern war einst das schlagende Herz der Gemeinschaften, das f\u00fcr unser traditionelles Landwirtschaftserbe intrinsisch war.  <\/p>\n<p>Viele haben Jahrzehnte oder sogar Jahrhunderte genommen, um komplexe Bodenstrukturen und Beziehungen zwischen Arten zu entwickeln. In einer einzigen gesunden Wiese kann bis zu 150 Arten von Wildblumenarten beheimatet sein, was wiederum S\u00e4ugetiere und V\u00f6gel, Best\u00e4ubungsbienen, Schmetterlinge und Hoverflies unterst\u00fctzt.  <\/p>\n<p>Sie sind auch f\u00fcr die Bek\u00e4mpfung der biologischen Vielfalt und der Klimakrisen von entscheidender Bedeutung, die Kohlenstoff abgeschlossen und \u00fcberflutete Linderung und sauberer Luft und Wasser &#8211; w\u00e4hrend der Herstellung von Nahrungsmitteln als Ackerland. <\/p>\n<p>Im vergangenen Jahrhundert hat unsere Wiesen zu einer \u00fcbergreifenden, \u00fcberlenkten Wiesen f\u00fcr Geb\u00e4ude gepfl\u00fcgt und durch fehlgeleitete Baumpflanzung zerst\u00f6rt.  <\/p>\n<p>Plantlife fordert Mitglieder der \u00d6ffentlichkeit auf, an ihren Abgeordneten zu schreiben und Ma\u00dfnahmen zu fordern. Durch die Forderung, dass Priority Habitat Grasslands formell als unersetzliche Lebensr\u00e4ume anerkannt werden, k\u00f6nnen wir einen besseren Schutz f\u00fcr die Wiesen sichern, die unsere Landschaften, Geschichte und Identit\u00e4t gepr\u00e4gt haben. <\/p>\n<hr class=\"wp-block-separator has-alpha-channel-opacity\">\n<p><em>Fotokredit: Wiese in Nordwales (C) Matt Pitts &#8211; Plantlife<\/em><\/p>\n","protected":false},"excerpt":{"rendered":"<p>Gro\u00dfbritanniens historische Wiesen sind lebende Archive unseres kulturellen, landwirtschaftlichen und nat\u00fcrlichen Erbes &#8211; genauso wichtig wie historische Geb\u00e4ude oder Denkm\u00e4ler. Diese unersetzlichen Lebensr\u00e4ume verschwinden jedoch<\/p>\n","protected":false},"author":1,"featured_media":6025,"comment_status":"closed","ping_status":"","sticky":false,"template":"","format":"standard","meta":{"footnotes":""},"categories":[101],"tags":[489,9,140,8388,1074,165,8389,1068,8387,8390],"class_list":["post-6024","post","type-post","status-publish","format-standard","has-post-thumbnail","hentry","category-oekologie","tag-boeden","tag-die","tag-regierung","tag-rufen","tag-schuetzen","tag-sie","tag-unersetzlichen","tag-unsere","tag-verlieren","tag-wiesen","generate-columns","tablet-grid-50","mobile-grid-100","grid-parent","grid-50"],"yoast_head":"<!-- This site is optimized with the Yoast SEO plugin v27.3 - https:\/\/yoast.com\/product\/yoast-seo-wordpress\/ -->\n<title>Boden verlieren: Rufen Sie die Regierung an, um unsere unersetzlichen Wiesen zu sch\u00fctzen - Nachrichten - Stra\u00dfenweb<\/title>\n<meta name=\"robots\" content=\"index, follow, max-snippet:-1, max-image-preview:large, max-video-preview:-1\" \/>\n<link rel=\"canonical\" href=\"https:\/\/www.strassenweb.de\/nachrichten\/boden-verlieren-rufen-sie-die-regierung-an-um-unsere-unersetzlichen-wiesen-zu-schuetzen\/\" \/>\n<meta property=\"og:locale\" content=\"de_DE\" \/>\n<meta property=\"og:type\" content=\"article\" \/>\n<meta property=\"og:title\" content=\"Boden verlieren: Rufen Sie die Regierung an, um unsere unersetzlichen Wiesen zu sch\u00fctzen - Nachrichten - Stra\u00dfenweb\" \/>\n<meta property=\"og:description\" content=\"Gro\u00dfbritanniens historische Wiesen sind lebende Archive unseres kulturellen, landwirtschaftlichen und nat\u00fcrlichen Erbes &#8211; genauso wichtig wie historische Geb\u00e4ude oder Denkm\u00e4ler. Diese unersetzlichen Lebensr\u00e4ume verschwinden jedoch\" \/>\n<meta property=\"og:url\" content=\"https:\/\/www.strassenweb.de\/nachrichten\/boden-verlieren-rufen-sie-die-regierung-an-um-unsere-unersetzlichen-wiesen-zu-schuetzen\/\" \/>\n<meta property=\"og:site_name\" content=\"Stra\u00dfenweb\" \/>\n<meta property=\"article:publisher\" content=\"https:\/\/www.facebook.com\/strassenweb\/\" \/>\n<meta property=\"article:published_time\" content=\"2025-07-02T12:41:58+00:00\" \/>\n<meta property=\"article:modified_time\" content=\"2025-07-02T12:41:59+00:00\" \/>\n<meta property=\"og:image\" content=\"https:\/\/www.strassenweb.de\/nachrichten\/wp-content\/uploads\/2025\/07\/Boden-verlieren-Rufen-Sie-die-Regierung-an-um-unsere-unersetzlichen.jpg\" \/>\n\t<meta property=\"og:image:width\" content=\"900\" \/>\n\t<meta property=\"og:image:height\" content=\"600\" \/>\n\t<meta property=\"og:image:type\" content=\"image\/jpeg\" \/>\n<meta name=\"author\" content=\"Robert Hoffmann\" \/>\n<meta name=\"twitter:card\" content=\"summary_large_image\" \/>\n<meta name=\"twitter:label1\" content=\"Verfasst von\" \/>\n\t<meta name=\"twitter:data1\" content=\"Robert Hoffmann\" \/>\n\t<meta name=\"twitter:label2\" content=\"Gesch\u00e4tzte Lesezeit\" \/>\n\t<meta name=\"twitter:data2\" content=\"3\u00a0Minuten\" \/>\n<script type=\"application\/ld+json\" class=\"yoast-schema-graph\">{\"@context\":\"https:\\\/\\\/schema.org\",\"@graph\":[{\"@type\":\"Article\",\"@id\":\"https:\\\/\\\/www.strassenweb.de\\\/nachrichten\\\/boden-verlieren-rufen-sie-die-regierung-an-um-unsere-unersetzlichen-wiesen-zu-schuetzen\\\/#article\",\"isPartOf\":{\"@id\":\"https:\\\/\\\/www.strassenweb.de\\\/nachrichten\\\/boden-verlieren-rufen-sie-die-regierung-an-um-unsere-unersetzlichen-wiesen-zu-schuetzen\\\/\"},\"author\":{\"name\":\"Robert Hoffmann\",\"@id\":\"https:\\\/\\\/www.strassenweb.de\\\/nachrichten\\\/#\\\/schema\\\/person\\\/87c9c9067f1211da429a744dc5a5aa41\"},\"headline\":\"Boden verlieren: Rufen Sie die Regierung an, um unsere unersetzlichen Wiesen zu sch\u00fctzen\",\"datePublished\":\"2025-07-02T12:41:58+00:00\",\"dateModified\":\"2025-07-02T12:41:59+00:00\",\"mainEntityOfPage\":{\"@id\":\"https:\\\/\\\/www.strassenweb.de\\\/nachrichten\\\/boden-verlieren-rufen-sie-die-regierung-an-um-unsere-unersetzlichen-wiesen-zu-schuetzen\\\/\"},\"wordCount\":632,\"publisher\":{\"@id\":\"https:\\\/\\\/www.strassenweb.de\\\/nachrichten\\\/#organization\"},\"image\":{\"@id\":\"https:\\\/\\\/www.strassenweb.de\\\/nachrichten\\\/boden-verlieren-rufen-sie-die-regierung-an-um-unsere-unersetzlichen-wiesen-zu-schuetzen\\\/#primaryimage\"},\"thumbnailUrl\":\"https:\\\/\\\/www.strassenweb.de\\\/nachrichten\\\/wp-content\\\/uploads\\\/2025\\\/07\\\/Boden-verlieren-Rufen-Sie-die-Regierung-an-um-unsere-unersetzlichen.jpg\",\"keywords\":[\"B\u00f6den\",\"die\",\"Regierung\",\"Rufen\",\"sch\u00fctzen\",\"Sie\",\"unersetzlichen\",\"Unsere\",\"verlieren\",\"Wiesen\"],\"articleSection\":[\"\u00d6kologie\"],\"inLanguage\":\"de\"},{\"@type\":\"WebPage\",\"@id\":\"https:\\\/\\\/www.strassenweb.de\\\/nachrichten\\\/boden-verlieren-rufen-sie-die-regierung-an-um-unsere-unersetzlichen-wiesen-zu-schuetzen\\\/\",\"url\":\"https:\\\/\\\/www.strassenweb.de\\\/nachrichten\\\/boden-verlieren-rufen-sie-die-regierung-an-um-unsere-unersetzlichen-wiesen-zu-schuetzen\\\/\",\"name\":\"Boden verlieren: Rufen Sie die Regierung an, um unsere unersetzlichen Wiesen zu sch\u00fctzen - Nachrichten - Stra\u00dfenweb\",\"isPartOf\":{\"@id\":\"https:\\\/\\\/www.strassenweb.de\\\/nachrichten\\\/#website\"},\"primaryImageOfPage\":{\"@id\":\"https:\\\/\\\/www.strassenweb.de\\\/nachrichten\\\/boden-verlieren-rufen-sie-die-regierung-an-um-unsere-unersetzlichen-wiesen-zu-schuetzen\\\/#primaryimage\"},\"image\":{\"@id\":\"https:\\\/\\\/www.strassenweb.de\\\/nachrichten\\\/boden-verlieren-rufen-sie-die-regierung-an-um-unsere-unersetzlichen-wiesen-zu-schuetzen\\\/#primaryimage\"},\"thumbnailUrl\":\"https:\\\/\\\/www.strassenweb.de\\\/nachrichten\\\/wp-content\\\/uploads\\\/2025\\\/07\\\/Boden-verlieren-Rufen-Sie-die-Regierung-an-um-unsere-unersetzlichen.jpg\",\"datePublished\":\"2025-07-02T12:41:58+00:00\",\"dateModified\":\"2025-07-02T12:41:59+00:00\",\"breadcrumb\":{\"@id\":\"https:\\\/\\\/www.strassenweb.de\\\/nachrichten\\\/boden-verlieren-rufen-sie-die-regierung-an-um-unsere-unersetzlichen-wiesen-zu-schuetzen\\\/#breadcrumb\"},\"inLanguage\":\"de\",\"potentialAction\":[{\"@type\":\"ReadAction\",\"target\":[\"https:\\\/\\\/www.strassenweb.de\\\/nachrichten\\\/boden-verlieren-rufen-sie-die-regierung-an-um-unsere-unersetzlichen-wiesen-zu-schuetzen\\\/\"]}]},{\"@type\":\"ImageObject\",\"inLanguage\":\"de\",\"@id\":\"https:\\\/\\\/www.strassenweb.de\\\/nachrichten\\\/boden-verlieren-rufen-sie-die-regierung-an-um-unsere-unersetzlichen-wiesen-zu-schuetzen\\\/#primaryimage\",\"url\":\"https:\\\/\\\/www.strassenweb.de\\\/nachrichten\\\/wp-content\\\/uploads\\\/2025\\\/07\\\/Boden-verlieren-Rufen-Sie-die-Regierung-an-um-unsere-unersetzlichen.jpg\",\"contentUrl\":\"https:\\\/\\\/www.strassenweb.de\\\/nachrichten\\\/wp-content\\\/uploads\\\/2025\\\/07\\\/Boden-verlieren-Rufen-Sie-die-Regierung-an-um-unsere-unersetzlichen.jpg\",\"width\":900,\"height\":600,\"caption\":\"Losing Ground: Call on Government to Protect Our Irreplaceable Meadows\"},{\"@type\":\"BreadcrumbList\",\"@id\":\"https:\\\/\\\/www.strassenweb.de\\\/nachrichten\\\/boden-verlieren-rufen-sie-die-regierung-an-um-unsere-unersetzlichen-wiesen-zu-schuetzen\\\/#breadcrumb\",\"itemListElement\":[{\"@type\":\"ListItem\",\"position\":1,\"name\":\"Home\",\"item\":\"https:\\\/\\\/www.strassenweb.de\\\/nachrichten\\\/\"},{\"@type\":\"ListItem\",\"position\":2,\"name\":\"Boden verlieren: Rufen Sie die Regierung an, um unsere unersetzlichen Wiesen zu sch\u00fctzen\"}]},{\"@type\":\"WebSite\",\"@id\":\"https:\\\/\\\/www.strassenweb.de\\\/nachrichten\\\/#website\",\"url\":\"https:\\\/\\\/www.strassenweb.de\\\/nachrichten\\\/\",\"name\":\"Stra\u00dfenweb\",\"description\":\"Stra\u00dfenverzeichnis f\u00fcr Deutschland\",\"publisher\":{\"@id\":\"https:\\\/\\\/www.strassenweb.de\\\/nachrichten\\\/#organization\"},\"potentialAction\":[{\"@type\":\"SearchAction\",\"target\":{\"@type\":\"EntryPoint\",\"urlTemplate\":\"https:\\\/\\\/www.strassenweb.de\\\/nachrichten\\\/?s={search_term_string}\"},\"query-input\":{\"@type\":\"PropertyValueSpecification\",\"valueRequired\":true,\"valueName\":\"search_term_string\"}}],\"inLanguage\":\"de\"},{\"@type\":\"Organization\",\"@id\":\"https:\\\/\\\/www.strassenweb.de\\\/nachrichten\\\/#organization\",\"name\":\"Stra\u00dfenweb\",\"url\":\"https:\\\/\\\/www.strassenweb.de\\\/nachrichten\\\/\",\"logo\":{\"@type\":\"ImageObject\",\"inLanguage\":\"de\",\"@id\":\"https:\\\/\\\/www.strassenweb.de\\\/nachrichten\\\/#\\\/schema\\\/logo\\\/image\\\/\",\"url\":\"https:\\\/\\\/www.strassenweb.de\\\/nachrichten\\\/wp-content\\\/uploads\\\/2024\\\/09\\\/cropped-favicon.png\",\"contentUrl\":\"https:\\\/\\\/www.strassenweb.de\\\/nachrichten\\\/wp-content\\\/uploads\\\/2024\\\/09\\\/cropped-favicon.png\",\"width\":512,\"height\":512,\"caption\":\"Stra\u00dfenweb\"},\"image\":{\"@id\":\"https:\\\/\\\/www.strassenweb.de\\\/nachrichten\\\/#\\\/schema\\\/logo\\\/image\\\/\"},\"sameAs\":[\"https:\\\/\\\/www.facebook.com\\\/strassenweb\\\/\"]},{\"@type\":\"Person\",\"@id\":\"https:\\\/\\\/www.strassenweb.de\\\/nachrichten\\\/#\\\/schema\\\/person\\\/87c9c9067f1211da429a744dc5a5aa41\",\"name\":\"Robert Hoffmann\",\"image\":{\"@type\":\"ImageObject\",\"inLanguage\":\"de\",\"@id\":\"https:\\\/\\\/www.strassenweb.de\\\/nachrichten\\\/wp-content\\\/uploads\\\/2024\\\/09\\\/strassenweb-150x150.jpg\",\"url\":\"https:\\\/\\\/www.strassenweb.de\\\/nachrichten\\\/wp-content\\\/uploads\\\/2024\\\/09\\\/strassenweb-150x150.jpg\",\"contentUrl\":\"https:\\\/\\\/www.strassenweb.de\\\/nachrichten\\\/wp-content\\\/uploads\\\/2024\\\/09\\\/strassenweb-150x150.jpg\",\"caption\":\"Robert Hoffmann\"},\"description\":\"Ich hei\u00dfe Robert Hoffmann und ich bin ein leidenschaftlicher Verfechter von \u00d6kologie und Biodiversit\u00e4t. Seit meiner Kindheit in den W\u00e4ldern Bayerns f\u00fchle ich mich mit der Natur verbunden und bin entschlossen, sie zu sch\u00fctzen. Heute widme ich mein Leben der Sensibilisierung anderer f\u00fcr die Bedeutung des Umweltschutzes f\u00fcr zuk\u00fcnftige Generationen.\",\"sameAs\":[\"https:\\\/\\\/www.strassenweb.de\\\/\"]}]}<\/script>\n<!-- \/ Yoast SEO plugin. -->","yoast_head_json":{"title":"Boden verlieren: Rufen Sie die Regierung an, um unsere unersetzlichen Wiesen zu sch\u00fctzen - Nachrichten - Stra\u00dfenweb","robots":{"index":"index","follow":"follow","max-snippet":"max-snippet:-1","max-image-preview":"max-image-preview:large","max-video-preview":"max-video-preview:-1"},"canonical":"https:\/\/www.strassenweb.de\/nachrichten\/boden-verlieren-rufen-sie-die-regierung-an-um-unsere-unersetzlichen-wiesen-zu-schuetzen\/","og_locale":"de_DE","og_type":"article","og_title":"Boden verlieren: Rufen Sie die Regierung an, um unsere unersetzlichen Wiesen zu sch\u00fctzen - Nachrichten - Stra\u00dfenweb","og_description":"Gro\u00dfbritanniens historische Wiesen sind lebende Archive unseres kulturellen, landwirtschaftlichen und nat\u00fcrlichen Erbes &#8211; genauso wichtig wie historische Geb\u00e4ude oder Denkm\u00e4ler. Diese unersetzlichen Lebensr\u00e4ume verschwinden jedoch","og_url":"https:\/\/www.strassenweb.de\/nachrichten\/boden-verlieren-rufen-sie-die-regierung-an-um-unsere-unersetzlichen-wiesen-zu-schuetzen\/","og_site_name":"Stra\u00dfenweb","article_publisher":"https:\/\/www.facebook.com\/strassenweb\/","article_published_time":"2025-07-02T12:41:58+00:00","article_modified_time":"2025-07-02T12:41:59+00:00","og_image":[{"width":900,"height":600,"url":"https:\/\/www.strassenweb.de\/nachrichten\/wp-content\/uploads\/2025\/07\/Boden-verlieren-Rufen-Sie-die-Regierung-an-um-unsere-unersetzlichen.jpg","type":"image\/jpeg"}],"author":"Robert Hoffmann","twitter_card":"summary_large_image","twitter_misc":{"Verfasst von":"Robert Hoffmann","Gesch\u00e4tzte Lesezeit":"3\u00a0Minuten"},"schema":{"@context":"https:\/\/schema.org","@graph":[{"@type":"Article","@id":"https:\/\/www.strassenweb.de\/nachrichten\/boden-verlieren-rufen-sie-die-regierung-an-um-unsere-unersetzlichen-wiesen-zu-schuetzen\/#article","isPartOf":{"@id":"https:\/\/www.strassenweb.de\/nachrichten\/boden-verlieren-rufen-sie-die-regierung-an-um-unsere-unersetzlichen-wiesen-zu-schuetzen\/"},"author":{"name":"Robert Hoffmann","@id":"https:\/\/www.strassenweb.de\/nachrichten\/#\/schema\/person\/87c9c9067f1211da429a744dc5a5aa41"},"headline":"Boden verlieren: Rufen Sie die Regierung an, um unsere unersetzlichen Wiesen zu sch\u00fctzen","datePublished":"2025-07-02T12:41:58+00:00","dateModified":"2025-07-02T12:41:59+00:00","mainEntityOfPage":{"@id":"https:\/\/www.strassenweb.de\/nachrichten\/boden-verlieren-rufen-sie-die-regierung-an-um-unsere-unersetzlichen-wiesen-zu-schuetzen\/"},"wordCount":632,"publisher":{"@id":"https:\/\/www.strassenweb.de\/nachrichten\/#organization"},"image":{"@id":"https:\/\/www.strassenweb.de\/nachrichten\/boden-verlieren-rufen-sie-die-regierung-an-um-unsere-unersetzlichen-wiesen-zu-schuetzen\/#primaryimage"},"thumbnailUrl":"https:\/\/www.strassenweb.de\/nachrichten\/wp-content\/uploads\/2025\/07\/Boden-verlieren-Rufen-Sie-die-Regierung-an-um-unsere-unersetzlichen.jpg","keywords":["B\u00f6den","die","Regierung","Rufen","sch\u00fctzen","Sie","unersetzlichen","Unsere","verlieren","Wiesen"],"articleSection":["\u00d6kologie"],"inLanguage":"de"},{"@type":"WebPage","@id":"https:\/\/www.strassenweb.de\/nachrichten\/boden-verlieren-rufen-sie-die-regierung-an-um-unsere-unersetzlichen-wiesen-zu-schuetzen\/","url":"https:\/\/www.strassenweb.de\/nachrichten\/boden-verlieren-rufen-sie-die-regierung-an-um-unsere-unersetzlichen-wiesen-zu-schuetzen\/","name":"Boden verlieren: Rufen Sie die Regierung an, um unsere unersetzlichen Wiesen zu sch\u00fctzen - Nachrichten - Stra\u00dfenweb","isPartOf":{"@id":"https:\/\/www.strassenweb.de\/nachrichten\/#website"},"primaryImageOfPage":{"@id":"https:\/\/www.strassenweb.de\/nachrichten\/boden-verlieren-rufen-sie-die-regierung-an-um-unsere-unersetzlichen-wiesen-zu-schuetzen\/#primaryimage"},"image":{"@id":"https:\/\/www.strassenweb.de\/nachrichten\/boden-verlieren-rufen-sie-die-regierung-an-um-unsere-unersetzlichen-wiesen-zu-schuetzen\/#primaryimage"},"thumbnailUrl":"https:\/\/www.strassenweb.de\/nachrichten\/wp-content\/uploads\/2025\/07\/Boden-verlieren-Rufen-Sie-die-Regierung-an-um-unsere-unersetzlichen.jpg","datePublished":"2025-07-02T12:41:58+00:00","dateModified":"2025-07-02T12:41:59+00:00","breadcrumb":{"@id":"https:\/\/www.strassenweb.de\/nachrichten\/boden-verlieren-rufen-sie-die-regierung-an-um-unsere-unersetzlichen-wiesen-zu-schuetzen\/#breadcrumb"},"inLanguage":"de","potentialAction":[{"@type":"ReadAction","target":["https:\/\/www.strassenweb.de\/nachrichten\/boden-verlieren-rufen-sie-die-regierung-an-um-unsere-unersetzlichen-wiesen-zu-schuetzen\/"]}]},{"@type":"ImageObject","inLanguage":"de","@id":"https:\/\/www.strassenweb.de\/nachrichten\/boden-verlieren-rufen-sie-die-regierung-an-um-unsere-unersetzlichen-wiesen-zu-schuetzen\/#primaryimage","url":"https:\/\/www.strassenweb.de\/nachrichten\/wp-content\/uploads\/2025\/07\/Boden-verlieren-Rufen-Sie-die-Regierung-an-um-unsere-unersetzlichen.jpg","contentUrl":"https:\/\/www.strassenweb.de\/nachrichten\/wp-content\/uploads\/2025\/07\/Boden-verlieren-Rufen-Sie-die-Regierung-an-um-unsere-unersetzlichen.jpg","width":900,"height":600,"caption":"Losing Ground: Call on Government to Protect Our Irreplaceable Meadows"},{"@type":"BreadcrumbList","@id":"https:\/\/www.strassenweb.de\/nachrichten\/boden-verlieren-rufen-sie-die-regierung-an-um-unsere-unersetzlichen-wiesen-zu-schuetzen\/#breadcrumb","itemListElement":[{"@type":"ListItem","position":1,"name":"Home","item":"https:\/\/www.strassenweb.de\/nachrichten\/"},{"@type":"ListItem","position":2,"name":"Boden verlieren: Rufen Sie die Regierung an, um unsere unersetzlichen Wiesen zu sch\u00fctzen"}]},{"@type":"WebSite","@id":"https:\/\/www.strassenweb.de\/nachrichten\/#website","url":"https:\/\/www.strassenweb.de\/nachrichten\/","name":"Stra\u00dfenweb","description":"Stra\u00dfenverzeichnis f\u00fcr Deutschland","publisher":{"@id":"https:\/\/www.strassenweb.de\/nachrichten\/#organization"},"potentialAction":[{"@type":"SearchAction","target":{"@type":"EntryPoint","urlTemplate":"https:\/\/www.strassenweb.de\/nachrichten\/?s={search_term_string}"},"query-input":{"@type":"PropertyValueSpecification","valueRequired":true,"valueName":"search_term_string"}}],"inLanguage":"de"},{"@type":"Organization","@id":"https:\/\/www.strassenweb.de\/nachrichten\/#organization","name":"Stra\u00dfenweb","url":"https:\/\/www.strassenweb.de\/nachrichten\/","logo":{"@type":"ImageObject","inLanguage":"de","@id":"https:\/\/www.strassenweb.de\/nachrichten\/#\/schema\/logo\/image\/","url":"https:\/\/www.strassenweb.de\/nachrichten\/wp-content\/uploads\/2024\/09\/cropped-favicon.png","contentUrl":"https:\/\/www.strassenweb.de\/nachrichten\/wp-content\/uploads\/2024\/09\/cropped-favicon.png","width":512,"height":512,"caption":"Stra\u00dfenweb"},"image":{"@id":"https:\/\/www.strassenweb.de\/nachrichten\/#\/schema\/logo\/image\/"},"sameAs":["https:\/\/www.facebook.com\/strassenweb\/"]},{"@type":"Person","@id":"https:\/\/www.strassenweb.de\/nachrichten\/#\/schema\/person\/87c9c9067f1211da429a744dc5a5aa41","name":"Robert Hoffmann","image":{"@type":"ImageObject","inLanguage":"de","@id":"https:\/\/www.strassenweb.de\/nachrichten\/wp-content\/uploads\/2024\/09\/strassenweb-150x150.jpg","url":"https:\/\/www.strassenweb.de\/nachrichten\/wp-content\/uploads\/2024\/09\/strassenweb-150x150.jpg","contentUrl":"https:\/\/www.strassenweb.de\/nachrichten\/wp-content\/uploads\/2024\/09\/strassenweb-150x150.jpg","caption":"Robert Hoffmann"},"description":"Ich hei\u00dfe Robert Hoffmann und ich bin ein leidenschaftlicher Verfechter von \u00d6kologie und Biodiversit\u00e4t. Seit meiner Kindheit in den W\u00e4ldern Bayerns f\u00fchle ich mich mit der Natur verbunden und bin entschlossen, sie zu sch\u00fctzen. Heute widme ich mein Leben der Sensibilisierung anderer f\u00fcr die Bedeutung des Umweltschutzes f\u00fcr zuk\u00fcnftige Generationen.","sameAs":["https:\/\/www.strassenweb.de\/"]}]}},"_links":{"self":[{"href":"https:\/\/www.strassenweb.de\/nachrichten\/wp-json\/wp\/v2\/posts\/6024","targetHints":{"allow":["GET"]}}],"collection":[{"href":"https:\/\/www.strassenweb.de\/nachrichten\/wp-json\/wp\/v2\/posts"}],"about":[{"href":"https:\/\/www.strassenweb.de\/nachrichten\/wp-json\/wp\/v2\/types\/post"}],"author":[{"embeddable":true,"href":"https:\/\/www.strassenweb.de\/nachrichten\/wp-json\/wp\/v2\/users\/1"}],"replies":[{"embeddable":true,"href":"https:\/\/www.strassenweb.de\/nachrichten\/wp-json\/wp\/v2\/comments?post=6024"}],"version-history":[{"count":0,"href":"https:\/\/www.strassenweb.de\/nachrichten\/wp-json\/wp\/v2\/posts\/6024\/revisions"}],"wp:featuredmedia":[{"embeddable":true,"href":"https:\/\/www.strassenweb.de\/nachrichten\/wp-json\/wp\/v2\/media\/6025"}],"wp:attachment":[{"href":"https:\/\/www.strassenweb.de\/nachrichten\/wp-json\/wp\/v2\/media?parent=6024"}],"wp:term":[{"taxonomy":"category","embeddable":true,"href":"https:\/\/www.strassenweb.de\/nachrichten\/wp-json\/wp\/v2\/categories?post=6024"},{"taxonomy":"post_tag","embeddable":true,"href":"https:\/\/www.strassenweb.de\/nachrichten\/wp-json\/wp\/v2\/tags?post=6024"}],"curies":[{"name":"wp","href":"https:\/\/api.w.org\/{rel}","templated":true}]}}