{"id":6003,"date":"2025-07-01T14:39:40","date_gmt":"2025-07-01T12:39:40","guid":{"rendered":"https:\/\/www.strassenweb.de\/nachrichten\/rspb-kuendigt-eine-veranstaltung-a-night-of-nature-fuer-den-6-september-2025-an\/"},"modified":"2025-07-01T14:39:41","modified_gmt":"2025-07-01T12:39:41","slug":"rspb-kuendigt-eine-veranstaltung-a-night-of-nature-fuer-den-6-september-2025-an","status":"publish","type":"post","link":"https:\/\/www.strassenweb.de\/nachrichten\/rspb-kuendigt-eine-veranstaltung-a-night-of-nature-fuer-den-6-september-2025-an\/","title":{"rendered":"RSPB k\u00fcndigt eine Veranstaltung &#8222;A Night of Nature&#8220; f\u00fcr den 6. September 2025 an"},"content":{"rendered":"<ul class=\"wp-block-list\">\n<li><strong>Ein einmalige Veranstaltung am Londoner Troxy-Veranstaltungsort wird Kino und Live-Musik f\u00fcr eine immersive Feier der nat\u00fcrlichen Welt vermischen <\/strong><\/li>\n<li><strong>Auff\u00fchrungen von Multimillionen verkauft die Vokalgruppe G4 und das Vesper-Streichquartett <\/strong><\/li>\n<li><strong>Eine Nacht der Natur wird von RSPB -Pr\u00e4sident Amir Khan und RSPB -Botschafter und Schauspieler\/Direktor Samuel West veranstaltet<\/strong><\/li>\n<\/ul>\n<p>Das RSPB wird am 6. September 2025 eine einzigartige Live-Veranstaltung &#8222;A Night of Nature&#8220; in Londoner Troxy veranstalten. Eine audiovisuelle Feier der nat\u00fcrlichen Welt, die f\u00fcr alle offen ist. Das einmalige Erlebnis wird das Kino mit der Unmittelbarkeit eines Konzerts vermischen, dank Live-Musik, die mit atemberaubenden Foots und nat\u00fcrlichen Habiten, die von Multi-Millionen verkauft wurden, mit Multi-Million-Vokal-Gruppen und x-Faktoren, und x-Faktoren, und x-Faktoren, und x Faktor, und x-Faktor-Finalisten) und x-Faktor-Finalisten) und x-Faktor-Finalisten) und \u00b7 faktor-landesh\u00e4usern) und achf.  <\/p>\n<p>Der Abend wird von RSPB -Pr\u00e4sident Amir Khan (Guten Morgen Gro\u00dfbritanniens, Lorraine) und RSPB -Botschafter und Schauspieler\/Regisseur Sam West (Slow Horses, alle Kreaturen gro\u00dfartig und klein) veranstaltet.  <\/p>\n<p>In einer Zeit, in der \u00fcber 590.000 Menschen an der Big Garden Birdwatch des RSPB teilgenommen haben, ist klar, dass die Verbindung der \u00d6ffentlichkeit zur Natur stark ist &#8211; und w\u00e4chst. Angesichts einer Klima- und Artenvielfaltskrise muss diese Verbindung jedoch in Aktion f\u00fchren. Deshalb veranstaltet RSPB jetzt eine Nacht der Natur: um diese Energie zu nutzen und unsere kollektive Bindung zur nat\u00fcrlichen Welt zu vertiefen. Die Vorteile der Handlungsf\u00fchrung sind tiefgreifend &#8211; mehr Wildtiere, ges\u00fcndere \u00d6kosysteme und ein verbessertes k\u00f6rperliches und geistiges Wohlbefinden f\u00fcr diejenigen, die sich engagieren. W\u00e4hrend wir auf dem von unseren 1,2 Millionen Mitgliedern geteilten Gemeinschaftsgeist aufbauen, laden wir alle ein, Teil von etwas Gr\u00f6\u00dferem zu sein: eine hoffnungsvolle Bewegung f\u00fcr die Natur, die in Verbindung, F\u00fcrsorge und echten Ver\u00e4nderungen verwurzelt ist. <\/p>\n<p>G4 hat sich urspr\u00fcnglich f\u00fcr den X-Faktor ber\u00fchmt und &#8218;Pop Opera&#8216; sowohl zum Reality-TV als auch zum Mainstream-Publikum gebracht-ihre nachfolgenden drei Alben, die \u00fcber 2 Millionen Exemplare in Gro\u00dfbritannien verkauft wurden (einschlie\u00dflich ihres Nr. 1-Charting-Deb\u00fcts), und sie haben mehrmals in Gro\u00dfbritannien ausverkauft. Ihre festgelegte Liste f\u00fcr &#8222;A Night of Nature&#8220; wird den breiten Umfang ihres Repertoires widerspiegeln und Interpretationen aus den Welten des Musiktheaters, Rock &#038; Pop und Klassikers aufnehmen. <\/p>\n<p>RSPB -CEO BECCY SPEIGHT \u00fcber eine Nacht der Natur. \u201eEine Nacht der Natur wird ein ganz besonderer Abend sein &#8211; eine Feier der Sch\u00f6nheit und des Wunderns der nat\u00fcrlichen Welt durch Live -Musik, m\u00e4chtige Bilder und gemeinsame Inspiration. Mit Auftritten von G4 und Vesper, die von unserem Pr\u00e4sidenten Dr. Amir Khan und Schauspieler Samuel West veranstaltet werden, ist diese Veranstaltung unserem Anh\u00e4nger. <\/p>\n<p>Tickets sind jetzt ab 28 \u00a3 \u00fcber DICE: A Night of Nature Tickets | Von \u00a3 28 | 6. September @ Troxy, London | W\u00dcRFEL.  <\/p>\n","protected":false},"excerpt":{"rendered":"<p>Ein einmalige Veranstaltung am Londoner Troxy-Veranstaltungsort wird Kino und Live-Musik f\u00fcr eine immersive Feier der nat\u00fcrlichen Welt vermischen Auff\u00fchrungen von Multimillionen verkauft die Vokalgruppe G4<\/p>\n","protected":false},"author":1,"featured_media":6004,"comment_status":"closed","ping_status":"","sticky":false,"template":"","format":"standard","meta":{"footnotes":""},"categories":[101],"tags":[78,74,55,8217,1330,8367,565,92,8366],"class_list":["post-6003","post","type-post","status-publish","format-standard","has-post-thumbnail","hentry","category-oekologie","tag-den","tag-eine","tag-fuer","tag-kuendigt","tag-nature","tag-night","tag-rspb","tag-september","tag-veranstaltung","generate-columns","tablet-grid-50","mobile-grid-100","grid-parent","grid-50"],"yoast_head":"<!-- This site is optimized with the Yoast SEO plugin v27.3 - https:\/\/yoast.com\/product\/yoast-seo-wordpress\/ -->\n<title>RSPB k\u00fcndigt eine Veranstaltung &quot;A Night of Nature&quot; f\u00fcr den 6. September 2025 an - Nachrichten - Stra\u00dfenweb<\/title>\n<meta name=\"robots\" content=\"index, follow, max-snippet:-1, max-image-preview:large, max-video-preview:-1\" \/>\n<link rel=\"canonical\" href=\"https:\/\/www.strassenweb.de\/nachrichten\/rspb-kuendigt-eine-veranstaltung-a-night-of-nature-fuer-den-6-september-2025-an\/\" \/>\n<meta property=\"og:locale\" content=\"de_DE\" \/>\n<meta property=\"og:type\" content=\"article\" \/>\n<meta property=\"og:title\" content=\"RSPB k\u00fcndigt eine Veranstaltung &quot;A Night of Nature&quot; f\u00fcr den 6. September 2025 an - Nachrichten - Stra\u00dfenweb\" \/>\n<meta property=\"og:description\" content=\"Ein einmalige Veranstaltung am Londoner Troxy-Veranstaltungsort wird Kino und Live-Musik f\u00fcr eine immersive Feier der nat\u00fcrlichen Welt vermischen Auff\u00fchrungen von Multimillionen verkauft die Vokalgruppe G4\" \/>\n<meta property=\"og:url\" content=\"https:\/\/www.strassenweb.de\/nachrichten\/rspb-kuendigt-eine-veranstaltung-a-night-of-nature-fuer-den-6-september-2025-an\/\" \/>\n<meta property=\"og:site_name\" content=\"Stra\u00dfenweb\" \/>\n<meta property=\"article:publisher\" content=\"https:\/\/www.facebook.com\/strassenweb\/\" \/>\n<meta property=\"article:published_time\" content=\"2025-07-01T12:39:40+00:00\" \/>\n<meta property=\"article:modified_time\" content=\"2025-07-01T12:39:41+00:00\" \/>\n<meta property=\"og:image\" content=\"https:\/\/www.strassenweb.de\/nachrichten\/wp-content\/uploads\/2025\/07\/RSPB-kuendigt-eine-Veranstaltung-A-Night-of-Nature-fuer-den.jpg\" \/>\n\t<meta property=\"og:image:width\" content=\"900\" \/>\n\t<meta property=\"og:image:height\" content=\"600\" \/>\n\t<meta property=\"og:image:type\" content=\"image\/jpeg\" \/>\n<meta name=\"author\" content=\"Robert Hoffmann\" \/>\n<meta name=\"twitter:card\" content=\"summary_large_image\" \/>\n<meta name=\"twitter:label1\" content=\"Verfasst von\" \/>\n\t<meta name=\"twitter:data1\" content=\"Robert Hoffmann\" \/>\n\t<meta name=\"twitter:label2\" content=\"Gesch\u00e4tzte Lesezeit\" \/>\n\t<meta name=\"twitter:data2\" content=\"2\u00a0Minuten\" \/>\n<script type=\"application\/ld+json\" class=\"yoast-schema-graph\">{\"@context\":\"https:\\\/\\\/schema.org\",\"@graph\":[{\"@type\":\"Article\",\"@id\":\"https:\\\/\\\/www.strassenweb.de\\\/nachrichten\\\/rspb-kuendigt-eine-veranstaltung-a-night-of-nature-fuer-den-6-september-2025-an\\\/#article\",\"isPartOf\":{\"@id\":\"https:\\\/\\\/www.strassenweb.de\\\/nachrichten\\\/rspb-kuendigt-eine-veranstaltung-a-night-of-nature-fuer-den-6-september-2025-an\\\/\"},\"author\":{\"name\":\"Robert Hoffmann\",\"@id\":\"https:\\\/\\\/www.strassenweb.de\\\/nachrichten\\\/#\\\/schema\\\/person\\\/87c9c9067f1211da429a744dc5a5aa41\"},\"headline\":\"RSPB k\u00fcndigt eine Veranstaltung &#8222;A Night of Nature&#8220; f\u00fcr den 6. September 2025 an\",\"datePublished\":\"2025-07-01T12:39:40+00:00\",\"dateModified\":\"2025-07-01T12:39:41+00:00\",\"mainEntityOfPage\":{\"@id\":\"https:\\\/\\\/www.strassenweb.de\\\/nachrichten\\\/rspb-kuendigt-eine-veranstaltung-a-night-of-nature-fuer-den-6-september-2025-an\\\/\"},\"wordCount\":469,\"publisher\":{\"@id\":\"https:\\\/\\\/www.strassenweb.de\\\/nachrichten\\\/#organization\"},\"image\":{\"@id\":\"https:\\\/\\\/www.strassenweb.de\\\/nachrichten\\\/rspb-kuendigt-eine-veranstaltung-a-night-of-nature-fuer-den-6-september-2025-an\\\/#primaryimage\"},\"thumbnailUrl\":\"https:\\\/\\\/www.strassenweb.de\\\/nachrichten\\\/wp-content\\\/uploads\\\/2025\\\/07\\\/RSPB-kuendigt-eine-Veranstaltung-A-Night-of-Nature-fuer-den.jpg\",\"keywords\":[\"den\",\"eine\",\"f\u00fcr\",\"k\u00fcndigt\",\"Nature\",\"Night\",\"RSPB\",\"September\",\"Veranstaltung\"],\"articleSection\":[\"\u00d6kologie\"],\"inLanguage\":\"de\"},{\"@type\":\"WebPage\",\"@id\":\"https:\\\/\\\/www.strassenweb.de\\\/nachrichten\\\/rspb-kuendigt-eine-veranstaltung-a-night-of-nature-fuer-den-6-september-2025-an\\\/\",\"url\":\"https:\\\/\\\/www.strassenweb.de\\\/nachrichten\\\/rspb-kuendigt-eine-veranstaltung-a-night-of-nature-fuer-den-6-september-2025-an\\\/\",\"name\":\"RSPB k\u00fcndigt eine Veranstaltung \\\"A Night of Nature\\\" f\u00fcr den 6. September 2025 an - Nachrichten - Stra\u00dfenweb\",\"isPartOf\":{\"@id\":\"https:\\\/\\\/www.strassenweb.de\\\/nachrichten\\\/#website\"},\"primaryImageOfPage\":{\"@id\":\"https:\\\/\\\/www.strassenweb.de\\\/nachrichten\\\/rspb-kuendigt-eine-veranstaltung-a-night-of-nature-fuer-den-6-september-2025-an\\\/#primaryimage\"},\"image\":{\"@id\":\"https:\\\/\\\/www.strassenweb.de\\\/nachrichten\\\/rspb-kuendigt-eine-veranstaltung-a-night-of-nature-fuer-den-6-september-2025-an\\\/#primaryimage\"},\"thumbnailUrl\":\"https:\\\/\\\/www.strassenweb.de\\\/nachrichten\\\/wp-content\\\/uploads\\\/2025\\\/07\\\/RSPB-kuendigt-eine-Veranstaltung-A-Night-of-Nature-fuer-den.jpg\",\"datePublished\":\"2025-07-01T12:39:40+00:00\",\"dateModified\":\"2025-07-01T12:39:41+00:00\",\"breadcrumb\":{\"@id\":\"https:\\\/\\\/www.strassenweb.de\\\/nachrichten\\\/rspb-kuendigt-eine-veranstaltung-a-night-of-nature-fuer-den-6-september-2025-an\\\/#breadcrumb\"},\"inLanguage\":\"de\",\"potentialAction\":[{\"@type\":\"ReadAction\",\"target\":[\"https:\\\/\\\/www.strassenweb.de\\\/nachrichten\\\/rspb-kuendigt-eine-veranstaltung-a-night-of-nature-fuer-den-6-september-2025-an\\\/\"]}]},{\"@type\":\"ImageObject\",\"inLanguage\":\"de\",\"@id\":\"https:\\\/\\\/www.strassenweb.de\\\/nachrichten\\\/rspb-kuendigt-eine-veranstaltung-a-night-of-nature-fuer-den-6-september-2025-an\\\/#primaryimage\",\"url\":\"https:\\\/\\\/www.strassenweb.de\\\/nachrichten\\\/wp-content\\\/uploads\\\/2025\\\/07\\\/RSPB-kuendigt-eine-Veranstaltung-A-Night-of-Nature-fuer-den.jpg\",\"contentUrl\":\"https:\\\/\\\/www.strassenweb.de\\\/nachrichten\\\/wp-content\\\/uploads\\\/2025\\\/07\\\/RSPB-kuendigt-eine-Veranstaltung-A-Night-of-Nature-fuer-den.jpg\",\"width\":900,\"height\":600,\"caption\":\"RSPB Announces \u2018A Night of Nature\u2019 event for September 6, 2025\"},{\"@type\":\"BreadcrumbList\",\"@id\":\"https:\\\/\\\/www.strassenweb.de\\\/nachrichten\\\/rspb-kuendigt-eine-veranstaltung-a-night-of-nature-fuer-den-6-september-2025-an\\\/#breadcrumb\",\"itemListElement\":[{\"@type\":\"ListItem\",\"position\":1,\"name\":\"Home\",\"item\":\"https:\\\/\\\/www.strassenweb.de\\\/nachrichten\\\/\"},{\"@type\":\"ListItem\",\"position\":2,\"name\":\"RSPB k\u00fcndigt eine Veranstaltung &#8222;A Night of Nature&#8220; f\u00fcr den 6. September 2025 an\"}]},{\"@type\":\"WebSite\",\"@id\":\"https:\\\/\\\/www.strassenweb.de\\\/nachrichten\\\/#website\",\"url\":\"https:\\\/\\\/www.strassenweb.de\\\/nachrichten\\\/\",\"name\":\"Stra\u00dfenweb\",\"description\":\"Stra\u00dfenverzeichnis f\u00fcr Deutschland\",\"publisher\":{\"@id\":\"https:\\\/\\\/www.strassenweb.de\\\/nachrichten\\\/#organization\"},\"potentialAction\":[{\"@type\":\"SearchAction\",\"target\":{\"@type\":\"EntryPoint\",\"urlTemplate\":\"https:\\\/\\\/www.strassenweb.de\\\/nachrichten\\\/?s={search_term_string}\"},\"query-input\":{\"@type\":\"PropertyValueSpecification\",\"valueRequired\":true,\"valueName\":\"search_term_string\"}}],\"inLanguage\":\"de\"},{\"@type\":\"Organization\",\"@id\":\"https:\\\/\\\/www.strassenweb.de\\\/nachrichten\\\/#organization\",\"name\":\"Stra\u00dfenweb\",\"url\":\"https:\\\/\\\/www.strassenweb.de\\\/nachrichten\\\/\",\"logo\":{\"@type\":\"ImageObject\",\"inLanguage\":\"de\",\"@id\":\"https:\\\/\\\/www.strassenweb.de\\\/nachrichten\\\/#\\\/schema\\\/logo\\\/image\\\/\",\"url\":\"https:\\\/\\\/www.strassenweb.de\\\/nachrichten\\\/wp-content\\\/uploads\\\/2024\\\/09\\\/cropped-favicon.png\",\"contentUrl\":\"https:\\\/\\\/www.strassenweb.de\\\/nachrichten\\\/wp-content\\\/uploads\\\/2024\\\/09\\\/cropped-favicon.png\",\"width\":512,\"height\":512,\"caption\":\"Stra\u00dfenweb\"},\"image\":{\"@id\":\"https:\\\/\\\/www.strassenweb.de\\\/nachrichten\\\/#\\\/schema\\\/logo\\\/image\\\/\"},\"sameAs\":[\"https:\\\/\\\/www.facebook.com\\\/strassenweb\\\/\"]},{\"@type\":\"Person\",\"@id\":\"https:\\\/\\\/www.strassenweb.de\\\/nachrichten\\\/#\\\/schema\\\/person\\\/87c9c9067f1211da429a744dc5a5aa41\",\"name\":\"Robert Hoffmann\",\"image\":{\"@type\":\"ImageObject\",\"inLanguage\":\"de\",\"@id\":\"https:\\\/\\\/www.strassenweb.de\\\/nachrichten\\\/wp-content\\\/uploads\\\/2024\\\/09\\\/strassenweb-150x150.jpg\",\"url\":\"https:\\\/\\\/www.strassenweb.de\\\/nachrichten\\\/wp-content\\\/uploads\\\/2024\\\/09\\\/strassenweb-150x150.jpg\",\"contentUrl\":\"https:\\\/\\\/www.strassenweb.de\\\/nachrichten\\\/wp-content\\\/uploads\\\/2024\\\/09\\\/strassenweb-150x150.jpg\",\"caption\":\"Robert Hoffmann\"},\"description\":\"Ich hei\u00dfe Robert Hoffmann und ich bin ein leidenschaftlicher Verfechter von \u00d6kologie und Biodiversit\u00e4t. Seit meiner Kindheit in den W\u00e4ldern Bayerns f\u00fchle ich mich mit der Natur verbunden und bin entschlossen, sie zu sch\u00fctzen. Heute widme ich mein Leben der Sensibilisierung anderer f\u00fcr die Bedeutung des Umweltschutzes f\u00fcr zuk\u00fcnftige Generationen.\",\"sameAs\":[\"https:\\\/\\\/www.strassenweb.de\\\/\"]}]}<\/script>\n<!-- \/ Yoast SEO plugin. -->","yoast_head_json":{"title":"RSPB k\u00fcndigt eine Veranstaltung \"A Night of Nature\" f\u00fcr den 6. September 2025 an - Nachrichten - Stra\u00dfenweb","robots":{"index":"index","follow":"follow","max-snippet":"max-snippet:-1","max-image-preview":"max-image-preview:large","max-video-preview":"max-video-preview:-1"},"canonical":"https:\/\/www.strassenweb.de\/nachrichten\/rspb-kuendigt-eine-veranstaltung-a-night-of-nature-fuer-den-6-september-2025-an\/","og_locale":"de_DE","og_type":"article","og_title":"RSPB k\u00fcndigt eine Veranstaltung \"A Night of Nature\" f\u00fcr den 6. September 2025 an - Nachrichten - Stra\u00dfenweb","og_description":"Ein einmalige Veranstaltung am Londoner Troxy-Veranstaltungsort wird Kino und Live-Musik f\u00fcr eine immersive Feier der nat\u00fcrlichen Welt vermischen Auff\u00fchrungen von Multimillionen verkauft die Vokalgruppe G4","og_url":"https:\/\/www.strassenweb.de\/nachrichten\/rspb-kuendigt-eine-veranstaltung-a-night-of-nature-fuer-den-6-september-2025-an\/","og_site_name":"Stra\u00dfenweb","article_publisher":"https:\/\/www.facebook.com\/strassenweb\/","article_published_time":"2025-07-01T12:39:40+00:00","article_modified_time":"2025-07-01T12:39:41+00:00","og_image":[{"width":900,"height":600,"url":"https:\/\/www.strassenweb.de\/nachrichten\/wp-content\/uploads\/2025\/07\/RSPB-kuendigt-eine-Veranstaltung-A-Night-of-Nature-fuer-den.jpg","type":"image\/jpeg"}],"author":"Robert Hoffmann","twitter_card":"summary_large_image","twitter_misc":{"Verfasst von":"Robert Hoffmann","Gesch\u00e4tzte Lesezeit":"2\u00a0Minuten"},"schema":{"@context":"https:\/\/schema.org","@graph":[{"@type":"Article","@id":"https:\/\/www.strassenweb.de\/nachrichten\/rspb-kuendigt-eine-veranstaltung-a-night-of-nature-fuer-den-6-september-2025-an\/#article","isPartOf":{"@id":"https:\/\/www.strassenweb.de\/nachrichten\/rspb-kuendigt-eine-veranstaltung-a-night-of-nature-fuer-den-6-september-2025-an\/"},"author":{"name":"Robert Hoffmann","@id":"https:\/\/www.strassenweb.de\/nachrichten\/#\/schema\/person\/87c9c9067f1211da429a744dc5a5aa41"},"headline":"RSPB k\u00fcndigt eine Veranstaltung &#8222;A Night of Nature&#8220; f\u00fcr den 6. September 2025 an","datePublished":"2025-07-01T12:39:40+00:00","dateModified":"2025-07-01T12:39:41+00:00","mainEntityOfPage":{"@id":"https:\/\/www.strassenweb.de\/nachrichten\/rspb-kuendigt-eine-veranstaltung-a-night-of-nature-fuer-den-6-september-2025-an\/"},"wordCount":469,"publisher":{"@id":"https:\/\/www.strassenweb.de\/nachrichten\/#organization"},"image":{"@id":"https:\/\/www.strassenweb.de\/nachrichten\/rspb-kuendigt-eine-veranstaltung-a-night-of-nature-fuer-den-6-september-2025-an\/#primaryimage"},"thumbnailUrl":"https:\/\/www.strassenweb.de\/nachrichten\/wp-content\/uploads\/2025\/07\/RSPB-kuendigt-eine-Veranstaltung-A-Night-of-Nature-fuer-den.jpg","keywords":["den","eine","f\u00fcr","k\u00fcndigt","Nature","Night","RSPB","September","Veranstaltung"],"articleSection":["\u00d6kologie"],"inLanguage":"de"},{"@type":"WebPage","@id":"https:\/\/www.strassenweb.de\/nachrichten\/rspb-kuendigt-eine-veranstaltung-a-night-of-nature-fuer-den-6-september-2025-an\/","url":"https:\/\/www.strassenweb.de\/nachrichten\/rspb-kuendigt-eine-veranstaltung-a-night-of-nature-fuer-den-6-september-2025-an\/","name":"RSPB k\u00fcndigt eine Veranstaltung \"A Night of Nature\" f\u00fcr den 6. September 2025 an - Nachrichten - Stra\u00dfenweb","isPartOf":{"@id":"https:\/\/www.strassenweb.de\/nachrichten\/#website"},"primaryImageOfPage":{"@id":"https:\/\/www.strassenweb.de\/nachrichten\/rspb-kuendigt-eine-veranstaltung-a-night-of-nature-fuer-den-6-september-2025-an\/#primaryimage"},"image":{"@id":"https:\/\/www.strassenweb.de\/nachrichten\/rspb-kuendigt-eine-veranstaltung-a-night-of-nature-fuer-den-6-september-2025-an\/#primaryimage"},"thumbnailUrl":"https:\/\/www.strassenweb.de\/nachrichten\/wp-content\/uploads\/2025\/07\/RSPB-kuendigt-eine-Veranstaltung-A-Night-of-Nature-fuer-den.jpg","datePublished":"2025-07-01T12:39:40+00:00","dateModified":"2025-07-01T12:39:41+00:00","breadcrumb":{"@id":"https:\/\/www.strassenweb.de\/nachrichten\/rspb-kuendigt-eine-veranstaltung-a-night-of-nature-fuer-den-6-september-2025-an\/#breadcrumb"},"inLanguage":"de","potentialAction":[{"@type":"ReadAction","target":["https:\/\/www.strassenweb.de\/nachrichten\/rspb-kuendigt-eine-veranstaltung-a-night-of-nature-fuer-den-6-september-2025-an\/"]}]},{"@type":"ImageObject","inLanguage":"de","@id":"https:\/\/www.strassenweb.de\/nachrichten\/rspb-kuendigt-eine-veranstaltung-a-night-of-nature-fuer-den-6-september-2025-an\/#primaryimage","url":"https:\/\/www.strassenweb.de\/nachrichten\/wp-content\/uploads\/2025\/07\/RSPB-kuendigt-eine-Veranstaltung-A-Night-of-Nature-fuer-den.jpg","contentUrl":"https:\/\/www.strassenweb.de\/nachrichten\/wp-content\/uploads\/2025\/07\/RSPB-kuendigt-eine-Veranstaltung-A-Night-of-Nature-fuer-den.jpg","width":900,"height":600,"caption":"RSPB Announces \u2018A Night of Nature\u2019 event for September 6, 2025"},{"@type":"BreadcrumbList","@id":"https:\/\/www.strassenweb.de\/nachrichten\/rspb-kuendigt-eine-veranstaltung-a-night-of-nature-fuer-den-6-september-2025-an\/#breadcrumb","itemListElement":[{"@type":"ListItem","position":1,"name":"Home","item":"https:\/\/www.strassenweb.de\/nachrichten\/"},{"@type":"ListItem","position":2,"name":"RSPB k\u00fcndigt eine Veranstaltung &#8222;A Night of Nature&#8220; f\u00fcr den 6. September 2025 an"}]},{"@type":"WebSite","@id":"https:\/\/www.strassenweb.de\/nachrichten\/#website","url":"https:\/\/www.strassenweb.de\/nachrichten\/","name":"Stra\u00dfenweb","description":"Stra\u00dfenverzeichnis f\u00fcr Deutschland","publisher":{"@id":"https:\/\/www.strassenweb.de\/nachrichten\/#organization"},"potentialAction":[{"@type":"SearchAction","target":{"@type":"EntryPoint","urlTemplate":"https:\/\/www.strassenweb.de\/nachrichten\/?s={search_term_string}"},"query-input":{"@type":"PropertyValueSpecification","valueRequired":true,"valueName":"search_term_string"}}],"inLanguage":"de"},{"@type":"Organization","@id":"https:\/\/www.strassenweb.de\/nachrichten\/#organization","name":"Stra\u00dfenweb","url":"https:\/\/www.strassenweb.de\/nachrichten\/","logo":{"@type":"ImageObject","inLanguage":"de","@id":"https:\/\/www.strassenweb.de\/nachrichten\/#\/schema\/logo\/image\/","url":"https:\/\/www.strassenweb.de\/nachrichten\/wp-content\/uploads\/2024\/09\/cropped-favicon.png","contentUrl":"https:\/\/www.strassenweb.de\/nachrichten\/wp-content\/uploads\/2024\/09\/cropped-favicon.png","width":512,"height":512,"caption":"Stra\u00dfenweb"},"image":{"@id":"https:\/\/www.strassenweb.de\/nachrichten\/#\/schema\/logo\/image\/"},"sameAs":["https:\/\/www.facebook.com\/strassenweb\/"]},{"@type":"Person","@id":"https:\/\/www.strassenweb.de\/nachrichten\/#\/schema\/person\/87c9c9067f1211da429a744dc5a5aa41","name":"Robert Hoffmann","image":{"@type":"ImageObject","inLanguage":"de","@id":"https:\/\/www.strassenweb.de\/nachrichten\/wp-content\/uploads\/2024\/09\/strassenweb-150x150.jpg","url":"https:\/\/www.strassenweb.de\/nachrichten\/wp-content\/uploads\/2024\/09\/strassenweb-150x150.jpg","contentUrl":"https:\/\/www.strassenweb.de\/nachrichten\/wp-content\/uploads\/2024\/09\/strassenweb-150x150.jpg","caption":"Robert Hoffmann"},"description":"Ich hei\u00dfe Robert Hoffmann und ich bin ein leidenschaftlicher Verfechter von \u00d6kologie und Biodiversit\u00e4t. Seit meiner Kindheit in den W\u00e4ldern Bayerns f\u00fchle ich mich mit der Natur verbunden und bin entschlossen, sie zu sch\u00fctzen. Heute widme ich mein Leben der Sensibilisierung anderer f\u00fcr die Bedeutung des Umweltschutzes f\u00fcr zuk\u00fcnftige Generationen.","sameAs":["https:\/\/www.strassenweb.de\/"]}]}},"_links":{"self":[{"href":"https:\/\/www.strassenweb.de\/nachrichten\/wp-json\/wp\/v2\/posts\/6003","targetHints":{"allow":["GET"]}}],"collection":[{"href":"https:\/\/www.strassenweb.de\/nachrichten\/wp-json\/wp\/v2\/posts"}],"about":[{"href":"https:\/\/www.strassenweb.de\/nachrichten\/wp-json\/wp\/v2\/types\/post"}],"author":[{"embeddable":true,"href":"https:\/\/www.strassenweb.de\/nachrichten\/wp-json\/wp\/v2\/users\/1"}],"replies":[{"embeddable":true,"href":"https:\/\/www.strassenweb.de\/nachrichten\/wp-json\/wp\/v2\/comments?post=6003"}],"version-history":[{"count":0,"href":"https:\/\/www.strassenweb.de\/nachrichten\/wp-json\/wp\/v2\/posts\/6003\/revisions"}],"wp:featuredmedia":[{"embeddable":true,"href":"https:\/\/www.strassenweb.de\/nachrichten\/wp-json\/wp\/v2\/media\/6004"}],"wp:attachment":[{"href":"https:\/\/www.strassenweb.de\/nachrichten\/wp-json\/wp\/v2\/media?parent=6003"}],"wp:term":[{"taxonomy":"category","embeddable":true,"href":"https:\/\/www.strassenweb.de\/nachrichten\/wp-json\/wp\/v2\/categories?post=6003"},{"taxonomy":"post_tag","embeddable":true,"href":"https:\/\/www.strassenweb.de\/nachrichten\/wp-json\/wp\/v2\/tags?post=6003"}],"curies":[{"name":"wp","href":"https:\/\/api.w.org\/{rel}","templated":true}]}}