{"id":5994,"date":"2025-07-01T05:40:03","date_gmt":"2025-07-01T03:40:03","guid":{"rendered":"https:\/\/www.strassenweb.de\/nachrichten\/wenn-sie-2025-eine-kueche-entwerfen-moechten-die-im-jahr-2045-genauso-stilvoll-aussieht-machen-sie-sich-notizen-aus-diesem-mittleren-raum\/"},"modified":"2025-07-01T05:40:03","modified_gmt":"2025-07-01T03:40:03","slug":"wenn-sie-2025-eine-kueche-entwerfen-moechten-die-im-jahr-2045-genauso-stilvoll-aussieht-machen-sie-sich-notizen-aus-diesem-mittleren-raum","status":"publish","type":"post","link":"https:\/\/www.strassenweb.de\/nachrichten\/wenn-sie-2025-eine-kueche-entwerfen-moechten-die-im-jahr-2045-genauso-stilvoll-aussieht-machen-sie-sich-notizen-aus-diesem-mittleren-raum\/","title":{"rendered":"Wenn Sie 2025 eine K\u00fcche entwerfen m\u00f6chten, die im Jahr 2045 genauso stilvoll aussieht, machen Sie sich Notizen aus diesem mittleren Raum"},"content":{"rendered":"<div id=\"article-body\" class=\"article__body \">\n<p>Wenn Sie einen neutraleren Raum entwerfen, beschr\u00e4nken Sie sich auf eine Palette aus Wei\u00df, Off-Wei\u00df und Creme. Und wenn wir uns weiterhin mit dieser abgerissenen Farbe in der K\u00fcche verlieben, f\u00fchlt es sich wie eine \u00c4sthetik an, um sie zu vermeiden.<\/p>\n<div id=\"ad-unit-1\" class=\"ad-unit\"><\/div>\n<p>Diese mittelschonistische K\u00fcche beweist jedoch, dass ein neutrales Schema nicht stark sein muss und keine Pers\u00f6nlichkeit hat. Es ist das genaue Gegenteil, gef\u00fcllt mit nat\u00fcrlichen Materialien und einem Gef\u00fchl des gelebten Stils ohne visuelle Unordnung.<\/p>\n<p>Mit warmen Holzt\u00f6nen, Statementsbeleuchtung und strukturiertem Dekor ist ein Design, das 2025 und dar\u00fcber hinaus f\u00fcr den Midimalismus kostet. So hat der Designer diesen beruhigenden, zeitlosen Raum geschaffen.<\/p>\n<div class=\"van_vid_carousel\">\n<div class=\"van_vid_carousel__padding\">\n<div class=\"van_vid_carousel__container\"><\/div>\n<\/div>\n<\/div>\n<aside data-component-name=\"Recirculation:ArticleRiver\" data-nosnippet class=\"pt-3 pb-4 mb-4 border-b border-solid border-(#333)\">\n<span class=\"\nafter:content-('') after:flex-1 after:ml-4 after:my-(0.7rem) after:border-t-(#333) after:border-t after:border-solid\nbefore:content-('') before:flex-1 before:mr-4 before:my-(0.7rem) before:border-t-(#333) before:border-t before:border-solid\nfont-article-heading pb-3 !text-base font-bold uppercase sm:text-sm text-(#333) flex\"><\/p>\n<p>Sie m\u00f6gen m\u00f6gen<br \/>\n<\/span><\/p>\n<ul class=\"flex flex-col gap-3 m-0\">\n<li class=\"m-0 list-none\" name=\"recirculation-inline\" data-analytics-id=\"recirculation-inline-1\" analytics-label=\"adviser:related\">\n<picture data-new-v2-image=\"true\" class=\"w-(--article-river-thumbnail-width,60px) flex-shrink-0\"><source type=\"image\/webp\"  ><\/source><\/p>\n<\/picture>\n<span class=\"hover:text-inherit font-article-heading text-base text-(#333) leading-5 content-center\">Eine m\u00fcde K\u00fcche wurde in den klassischsten Raum neu interpretiert &#8211; und sie beweist<\/span><\/p>\n<\/li>\n<li class=\"m-0 list-none\" name=\"recirculation-inline\" data-analytics-id=\"recirculation-inline-2\" analytics-label=\"adviser:related\">\n<picture data-new-v2-image=\"true\" class=\"w-(--article-river-thumbnail-width,60px) flex-shrink-0\"><source type=\"image\/webp\"  ><\/source><br \/>\n<img decoding=\"async\" alt=\"Eine K\u00fcche mit dunkelblauen Schr\u00e4nken, wei\u00dfen W\u00e4nden, eine h\u00f6lzerne Insel und eine Speisendecke mit Bankett -Sitzgelegenheiten\"   loading=\"lazy\" data-new-v2-image=\"true\" src=\"https:\/\/www.strassenweb.de\/nachrichten\/wp-content\/uploads\/2025\/07\/BLykNPaeak7TTPkumRfvKb.jpg\" data-pin-media=\"https:\/\/www.strassenweb.de\/nachrichten\/wp-content\/uploads\/2025\/07\/BLykNPaeak7TTPkumRfvKb.jpg\" data-pin-nopin=\"true\" class=\"aspect-(--img-listing-aspect-ratio,16\/9) object-cover w-(--article-river-thumbnail-width,60px) flex-shrink-0\">\n<\/picture>\n<span class=\"hover:text-inherit font-article-heading text-base text-(#333) leading-5 content-center\">Diese einstigen K\u00fcche ist jetzt ein zeitloser Raum mit den gem\u00fctlichsten Details-und es ist die klassische Farbpalette, die es zu einem schicken, einladenden Raum gemacht hat<\/span><\/p>\n<\/li>\n<li class=\"m-0 list-none\" name=\"recirculation-inline\" data-analytics-id=\"recirculation-inline-3\" analytics-label=\"adviser:related\">\n<picture data-new-v2-image=\"true\" class=\"w-(--article-river-thumbnail-width,60px) flex-shrink-0\"><source type=\"image\/webp\"  ><\/source><br \/>\n<img decoding=\"async\" alt=\"Eine K\u00fcche mit warmen neutralen Schr\u00e4nken und einer Marmor -Arbeitsplatte, Backsplash und Regal, die mit kuratiertem Dekor aus dem Innenraum von Shoppe Bamern dekoriert wurden \"   loading=\"lazy\" data-new-v2-image=\"true\" src=\"https:\/\/www.strassenweb.de\/nachrichten\/wp-content\/uploads\/2025\/07\/E56DceTpVdy3VHiSBvEQGR.jpg\" data-pin-media=\"https:\/\/www.strassenweb.de\/nachrichten\/wp-content\/uploads\/2025\/07\/E56DceTpVdy3VHiSBvEQGR.jpg\" data-pin-nopin=\"true\" class=\"aspect-(--img-listing-aspect-ratio,16\/9) object-cover w-(--article-river-thumbnail-width,60px) flex-shrink-0\">\n<\/picture>\n<span class=\"hover:text-inherit font-article-heading text-base text-(#333) leading-5 content-center\">Diese leise elegante, aber charmante K\u00fcche ist eine Lektion im gelebten Stil-und ich habe alle Accessoires im Vintage-Stil gefunden, die Sie ben\u00f6tigen, um den Look wieder herzustellen<\/span><\/p>\n<\/li>\n<\/ul>\n<\/aside>\n<figure class=\"van-image-figure inline-layout \" data-bordeaux-image-check>\n<div class=\"image-full-width-wrapper\">\n<div class=\"image-widthsetter\" style=\"max-width:2000px;\"><\/div>\n<\/div>\n<\/figure>\n<p>Es ist nicht oft, dass Sie auf ein Zuhause sto\u00dfen, das authentischen Stil aus der Mitte des Jahrhunderts ausstrahlt, aber dieses Haus ist ein sch\u00f6nes Beispiel. Und w\u00e4hrend viele Zimmer in diesem Haus den urspr\u00fcnglichen Charme bewahrten, war die K\u00fcche nicht in einem so guten Zustand.<\/p>\n<div id=\"ad-unit-2\" class=\"ad-unit\"><\/div>\n<aside data-block-type=\"embed\" data-render-type=\"fte\" data-skip=\"dealsy\" data-widget-type=\"seasonal\" class=\"hawk-base\"><\/aside>\n<p>&#8218;Die K\u00fcche zeigte originale Schr\u00e4nke aus der Mitte des Jahrhunderts, die unsere Kunden bewunderten, aber leider funktionierte sie nicht gut f\u00fcr ihre Familie und konnte nicht erhalten bleiben. Der Raum f\u00fchlte sich dunkel und datiert an, mit schweren braunen Ton-auf-Ton-Oberfl\u00e4chen, die immer dingy erschienen \u201c, erkl\u00e4rt die Innenarchitektin Amanda Jacobs.<\/p>\n<p>&#8222;Alles wurde entfernt und wir haben von Grund auf angefangen&#8220;, erkl\u00e4rt sie, was bedeutete, dass sie eine leere Tafel hatte, um die K\u00fcche zu kreieren, von denen ihre Kunden getr\u00e4umt hatten. &#8222;Wir haben Gipsb\u00f6den, brandneue White Oak Custom Cabinetry und wundersch\u00f6ne Taj Mahal Kitchen -Arbeitsplatten installiert.&#8220;<\/p>\n<figure class=\"van-image-figure inline-layout \" data-bordeaux-image-check>\n<div class=\"image-full-width-wrapper\">\n<div class=\"image-widthsetter\" style=\"max-width:2400px;\"><\/div>\n<\/div>\n<\/figure>\n<p>Die Kunden wollten, dass sich die K\u00fcche leicht und luftig f\u00fchlte, und wei\u00dfe W\u00e4nde waren ein Muss, daher war Amanda die Aufgabe, diesen Auftrag zu erf\u00fcllen und gleichzeitig sicherzustellen, dass sich das System immer noch zeitlos und voller W\u00e4rme anf\u00fchlte.<\/p>\n<p>Es ging darum, das richtige Gleichgewicht zwischen den leichten Holzkabinen, den blassen Gipsb\u00f6den und dem Wunsch der Kunden nach wei\u00dfen W\u00e4nden zu finden. Ich war entschlossen, sicherzustellen, dass sich der Raum trotz der helleren Palette immer noch warm und einladend anf\u00fchlte \u201c, erkl\u00e4rt sie.<\/p>\n<p>Aber es ist nicht zu leugnen, dass die neu renovierten K\u00fcchenk\u00fcchen den Auftrag nageln und die perfekte Balance zwischen hellen Farben und warmen, charakteristischen Details haben. Und die Holzkabinen sind ein wichtiges Merkmal, um W\u00e4rme zu verleihen und der Architektur des Hauses aus der Mitte des Jahrhunderts zu nicken.<\/p>\n<figure class=\"van-image-figure inline-layout \" data-bordeaux-image-check>\n<div class=\"image-full-width-wrapper\">\n<div class=\"image-widthsetter\" style=\"max-width:2000px;\"><\/div>\n<\/div>\n<\/figure>\n<p>&#8218;Der Raum f\u00fchlt sich modern, organisch, stilvoll und m\u00fchelos mit den Bereichen der Elemente der Mitte des Jahrhunderts an. Seine Offenheit ist wirklich auff\u00e4llig, und die Verwendung weicherer Materialien l\u00e4sst es warm, einladend und zug\u00e4nglich anf\u00fchlen \u201c, bemerkt Amanda.<\/p>\n<p>Aber die offene, luftige Helligkeit des Raums liegt nicht nur auf die leichten Farben, die im gesamten Raum verwendet werden, sondern auch zu den eingef\u00fchrten Sperrfenstern, um das nat\u00fcrliche Licht den sehr hohen Raum zu erm\u00f6glichen, der sonst keine Fenster aufweisen w\u00fcrde.<\/p>\n<p>&#8218;Dieser Raum war eine echte Herausforderung, da sein Ma\u00dfstab das Potenzial hatte, sich \u00fcberw\u00e4ltigend zu f\u00fchlen. Das Einbeziehen von Bahnfenstern hat einen signifikanten Unterschied gemacht \u201c, erkl\u00e4rt sie.<\/p>\n<p>\u201eSie haben dazu beigetragen, das Gef\u00fchl der Offenheit zu bewahren und gleichzeitig die Weite zu mildern, nat\u00fcrlicheres Licht einzubringen und die Aussicht auf die Natur zu rahmen. Es schuf eine Verbindung zur umliegenden Landschaft, in der sich der Raum geerdet, luftig und einladender f\u00fchlte. &#8218;<\/p>\n<figure class=\"van-image-figure inline-layout \" data-bordeaux-image-check>\n<div class=\"image-full-width-wrapper\">\n<div class=\"image-widthsetter\" style=\"max-width:2000px;\"><\/div>\n<\/div>\n<\/figure>\n<p>Das Gesamtk\u00fcchenlayout ist einfach, aber f\u00fcr den Raum v\u00f6llig effektiv. L-f\u00f6rmige Schr\u00e4nke, eine gro\u00dfe K\u00fccheninsel und offene Regale f\u00fcr Dekor und \u00e4sthetische K\u00fcchengeschirr f\u00fcllen den Raum, ohne ihn zu \u00fcberf\u00fcllen.<\/p>\n<p>Aber f\u00fcr Amanda ist es die Mischung aus Materialien, die wirklich auff\u00e4llt. &#8222;Die Taj Mahal Thecters Binden alles zusammen, w\u00e4hrend der Rauchglask\u00fcchen-Backsplash, der als einziges Fliesen verwendet wird, genau den richtigen Kontrast zu seinem nat\u00fcrlichen, rohhaltigen Finish hinzuf\u00fcgt&#8220;, erkl\u00e4rt sie.<\/p>\n<p>Und die Funktionalit\u00e4t wurde nicht vergessen, eher in Kombination mit Sch\u00f6nheit, um einen Raum zu schaffen, der den Bed\u00fcrfnissen der Kunden gerecht wird und gleichzeitig stilvoll bleibt. &#8222;Ein dedizierter Kaffee- und Tee -Ecke f\u00fcgt die t\u00e4gliche Funktion hinzu, und ein Messingarmatur im Zentrum wirkt wie ein Schmuckst\u00fcck &#8211; subtil, aber auff\u00e4llig.&#8220;<\/p>\n<figure class=\"van-image-figure inline-layout \" data-bordeaux-image-check>\n<div class=\"image-full-width-wrapper\">\n<div class=\"image-widthsetter\" style=\"max-width:2000px;\"><\/div>\n<\/div>\n<\/figure>\n<p>Aber es ist das Dekor in der K\u00fcche, das ihm ein personalisiertes, gelebtes Gef\u00fchl verleiht und uns einen Blick darauf gibt, wer die Besitzer sind. Von den Arbeitsplatten bis zum offenen Regal gibt es viele Details zu bewundern.<\/p>\n<p>\u201eHier beginnt der Spa\u00df: Einzigartige Materialien und dekorative Akzente, um Pers\u00f6nlichkeit und Interesse in den Raum zu bringen. Es ist der letzte Schliff, der es wirklich vollst\u00e4ndig anf\u00fchlt. Das rauchige Glas der Anh\u00e4nger war ein so sch\u00f6ner Akzent und eine Anspielung auf das vorherige braune Farbschema \u201c, sagt Amanda.<\/p>\n<p>Die Arbeitsplatten wurden sorgf\u00e4ltig mit Kunst, Kerzen und erh\u00f6hten K\u00fcchengeschirr eingerichtet, um sicherzustellen, dass sich der Raum pers\u00f6nlich anf\u00fchlt und \u00fcberhaupt nicht \u00fcberf\u00fcllt ist. Die Regale folgt dem gleichen Thema, mit h\u00fcbschen Glaswaren und Topfpflanzen im Mittelpunkt.<\/p>\n<p>Es beweist, dass sich Ihre K\u00fcche mit dem richtigen Dekor ohne mutige Farben und gesch\u00e4ftige Funktionen wirklich charaktervoll anf\u00fchlen kann und ein starkes Argument daf\u00fcr ist, dass sie mehr Schemata abgeschrieben haben.<\/p>\n<h2 id=\"shop-the-look-3\">Kaufen Sie den Look ein<\/h2>\n<div class=\"product-container hero-product-container product-block-no-wrap\">\n<div class=\"product-block-row\"><\/div>\n<div class=\"product-block-row\"><\/div>\n<div class=\"product-block-row\"><\/div>\n<\/div>\n<hr>\n<p>Wei\u00dfe K\u00fcchenschr\u00e4nke sind nicht mehr und sie werden durch w\u00e4rmere, nat\u00fcrlichere Oberfl\u00e4chen wie das Holz in diesem Design ersetzt. Es ist die perfekte Balance zwischen sauberer und abgerufener, aber immer noch voller Stil, Charakter und Pers\u00f6nlichkeit. Es beweist, dass Midimalismus ein K\u00fcchentrend ist, der hier bleibt, und eine gro\u00dfartige M\u00f6glichkeit, zeitlose K\u00fcchendesignelemente einzuf\u00fchren.<\/p>\n<\/div>\n","protected":false},"excerpt":{"rendered":"<p>Wenn Sie einen neutraleren Raum entwerfen, beschr\u00e4nken Sie sich auf eine Palette aus Wei\u00df, Off-Wei\u00df und Creme. Und wenn wir uns weiterhin mit dieser abgerissenen<\/p>\n","protected":false},"author":1,"featured_media":5995,"comment_status":"closed","ping_status":"","sticky":false,"template":"","format":"standard","meta":{"footnotes":""},"categories":[118],"tags":[287,1083,9,32,74,3042,2674,384,468,410,8360,647,8359,182,142,165,1912,1076],"class_list":["post-5994","post","type-post","status-publish","format-standard","has-post-thumbnail","hentry","category-haus-garten","tag-aus","tag-aussieht","tag-die","tag-diesem","tag-eine","tag-entwerfen","tag-genauso","tag-jahr","tag-kueche","tag-machen","tag-mittleren","tag-moechten","tag-notizen","tag-raum","tag-sich","tag-sie","tag-stilvoll","tag-wenn","generate-columns","tablet-grid-50","mobile-grid-100","grid-parent","grid-50"],"yoast_head":"<!-- This site is optimized with the Yoast SEO plugin v27.3 - https:\/\/yoast.com\/product\/yoast-seo-wordpress\/ -->\n<title>Wenn Sie 2025 eine K\u00fcche entwerfen m\u00f6chten, die im Jahr 2045 genauso stilvoll aussieht, machen Sie sich Notizen aus diesem mittleren Raum - Nachrichten - Stra\u00dfenweb<\/title>\n<meta name=\"robots\" content=\"index, follow, max-snippet:-1, max-image-preview:large, max-video-preview:-1\" \/>\n<link rel=\"canonical\" href=\"https:\/\/www.strassenweb.de\/nachrichten\/wenn-sie-2025-eine-kueche-entwerfen-moechten-die-im-jahr-2045-genauso-stilvoll-aussieht-machen-sie-sich-notizen-aus-diesem-mittleren-raum\/\" \/>\n<meta property=\"og:locale\" content=\"de_DE\" \/>\n<meta property=\"og:type\" content=\"article\" \/>\n<meta property=\"og:title\" content=\"Wenn Sie 2025 eine K\u00fcche entwerfen m\u00f6chten, die im Jahr 2045 genauso stilvoll aussieht, machen Sie sich Notizen aus diesem mittleren Raum - Nachrichten - Stra\u00dfenweb\" \/>\n<meta property=\"og:description\" content=\"Wenn Sie einen neutraleren Raum entwerfen, beschr\u00e4nken Sie sich auf eine Palette aus Wei\u00df, Off-Wei\u00df und Creme. Und wenn wir uns weiterhin mit dieser abgerissenen\" \/>\n<meta property=\"og:url\" content=\"https:\/\/www.strassenweb.de\/nachrichten\/wenn-sie-2025-eine-kueche-entwerfen-moechten-die-im-jahr-2045-genauso-stilvoll-aussieht-machen-sie-sich-notizen-aus-diesem-mittleren-raum\/\" \/>\n<meta property=\"og:site_name\" content=\"Stra\u00dfenweb\" \/>\n<meta property=\"article:publisher\" content=\"https:\/\/www.facebook.com\/strassenweb\/\" \/>\n<meta property=\"article:published_time\" content=\"2025-07-01T03:40:03+00:00\" \/>\n<meta property=\"og:image\" content=\"https:\/\/www.strassenweb.de\/nachrichten\/wp-content\/uploads\/2025\/07\/Wenn-Sie-2025-eine-Kueche-entwerfen-moechten-die-im-Jahr.jpg\" \/>\n\t<meta property=\"og:image:width\" content=\"1600\" \/>\n\t<meta property=\"og:image:height\" content=\"900\" \/>\n\t<meta property=\"og:image:type\" content=\"image\/jpeg\" \/>\n<meta name=\"author\" content=\"Robert Hoffmann\" \/>\n<meta name=\"twitter:card\" content=\"summary_large_image\" \/>\n<meta name=\"twitter:label1\" content=\"Verfasst von\" \/>\n\t<meta name=\"twitter:data1\" content=\"Robert Hoffmann\" \/>\n\t<meta name=\"twitter:label2\" content=\"Gesch\u00e4tzte Lesezeit\" \/>\n\t<meta name=\"twitter:data2\" content=\"5\u00a0Minuten\" \/>\n<script type=\"application\/ld+json\" class=\"yoast-schema-graph\">{\"@context\":\"https:\\\/\\\/schema.org\",\"@graph\":[{\"@type\":\"Article\",\"@id\":\"https:\\\/\\\/www.strassenweb.de\\\/nachrichten\\\/wenn-sie-2025-eine-kueche-entwerfen-moechten-die-im-jahr-2045-genauso-stilvoll-aussieht-machen-sie-sich-notizen-aus-diesem-mittleren-raum\\\/#article\",\"isPartOf\":{\"@id\":\"https:\\\/\\\/www.strassenweb.de\\\/nachrichten\\\/wenn-sie-2025-eine-kueche-entwerfen-moechten-die-im-jahr-2045-genauso-stilvoll-aussieht-machen-sie-sich-notizen-aus-diesem-mittleren-raum\\\/\"},\"author\":{\"name\":\"Robert Hoffmann\",\"@id\":\"https:\\\/\\\/www.strassenweb.de\\\/nachrichten\\\/#\\\/schema\\\/person\\\/87c9c9067f1211da429a744dc5a5aa41\"},\"headline\":\"Wenn Sie 2025 eine K\u00fcche entwerfen m\u00f6chten, die im Jahr 2045 genauso stilvoll aussieht, machen Sie sich Notizen aus diesem mittleren Raum\",\"datePublished\":\"2025-07-01T03:40:03+00:00\",\"mainEntityOfPage\":{\"@id\":\"https:\\\/\\\/www.strassenweb.de\\\/nachrichten\\\/wenn-sie-2025-eine-kueche-entwerfen-moechten-die-im-jahr-2045-genauso-stilvoll-aussieht-machen-sie-sich-notizen-aus-diesem-mittleren-raum\\\/\"},\"wordCount\":1075,\"publisher\":{\"@id\":\"https:\\\/\\\/www.strassenweb.de\\\/nachrichten\\\/#organization\"},\"image\":{\"@id\":\"https:\\\/\\\/www.strassenweb.de\\\/nachrichten\\\/wenn-sie-2025-eine-kueche-entwerfen-moechten-die-im-jahr-2045-genauso-stilvoll-aussieht-machen-sie-sich-notizen-aus-diesem-mittleren-raum\\\/#primaryimage\"},\"thumbnailUrl\":\"https:\\\/\\\/www.strassenweb.de\\\/nachrichten\\\/wp-content\\\/uploads\\\/2025\\\/07\\\/Wenn-Sie-2025-eine-Kueche-entwerfen-moechten-die-im-Jahr.jpg\",\"keywords\":[\"aus\",\"aussieht\",\"die\",\"diesem\",\"eine\",\"entwerfen\",\"genauso\",\"Jahr\",\"K\u00fcche\",\"machen\",\"mittleren\",\"M\u00f6chten\",\"Notizen\",\"Raum\",\"sich\",\"Sie\",\"stilvoll\",\"wenn\"],\"articleSection\":[\"Haus &amp; Garten\"],\"inLanguage\":\"de\"},{\"@type\":\"WebPage\",\"@id\":\"https:\\\/\\\/www.strassenweb.de\\\/nachrichten\\\/wenn-sie-2025-eine-kueche-entwerfen-moechten-die-im-jahr-2045-genauso-stilvoll-aussieht-machen-sie-sich-notizen-aus-diesem-mittleren-raum\\\/\",\"url\":\"https:\\\/\\\/www.strassenweb.de\\\/nachrichten\\\/wenn-sie-2025-eine-kueche-entwerfen-moechten-die-im-jahr-2045-genauso-stilvoll-aussieht-machen-sie-sich-notizen-aus-diesem-mittleren-raum\\\/\",\"name\":\"Wenn Sie 2025 eine K\u00fcche entwerfen m\u00f6chten, die im Jahr 2045 genauso stilvoll aussieht, machen Sie sich Notizen aus diesem mittleren Raum - Nachrichten - Stra\u00dfenweb\",\"isPartOf\":{\"@id\":\"https:\\\/\\\/www.strassenweb.de\\\/nachrichten\\\/#website\"},\"primaryImageOfPage\":{\"@id\":\"https:\\\/\\\/www.strassenweb.de\\\/nachrichten\\\/wenn-sie-2025-eine-kueche-entwerfen-moechten-die-im-jahr-2045-genauso-stilvoll-aussieht-machen-sie-sich-notizen-aus-diesem-mittleren-raum\\\/#primaryimage\"},\"image\":{\"@id\":\"https:\\\/\\\/www.strassenweb.de\\\/nachrichten\\\/wenn-sie-2025-eine-kueche-entwerfen-moechten-die-im-jahr-2045-genauso-stilvoll-aussieht-machen-sie-sich-notizen-aus-diesem-mittleren-raum\\\/#primaryimage\"},\"thumbnailUrl\":\"https:\\\/\\\/www.strassenweb.de\\\/nachrichten\\\/wp-content\\\/uploads\\\/2025\\\/07\\\/Wenn-Sie-2025-eine-Kueche-entwerfen-moechten-die-im-Jahr.jpg\",\"datePublished\":\"2025-07-01T03:40:03+00:00\",\"breadcrumb\":{\"@id\":\"https:\\\/\\\/www.strassenweb.de\\\/nachrichten\\\/wenn-sie-2025-eine-kueche-entwerfen-moechten-die-im-jahr-2045-genauso-stilvoll-aussieht-machen-sie-sich-notizen-aus-diesem-mittleren-raum\\\/#breadcrumb\"},\"inLanguage\":\"de\",\"potentialAction\":[{\"@type\":\"ReadAction\",\"target\":[\"https:\\\/\\\/www.strassenweb.de\\\/nachrichten\\\/wenn-sie-2025-eine-kueche-entwerfen-moechten-die-im-jahr-2045-genauso-stilvoll-aussieht-machen-sie-sich-notizen-aus-diesem-mittleren-raum\\\/\"]}]},{\"@type\":\"ImageObject\",\"inLanguage\":\"de\",\"@id\":\"https:\\\/\\\/www.strassenweb.de\\\/nachrichten\\\/wenn-sie-2025-eine-kueche-entwerfen-moechten-die-im-jahr-2045-genauso-stilvoll-aussieht-machen-sie-sich-notizen-aus-diesem-mittleren-raum\\\/#primaryimage\",\"url\":\"https:\\\/\\\/www.strassenweb.de\\\/nachrichten\\\/wp-content\\\/uploads\\\/2025\\\/07\\\/Wenn-Sie-2025-eine-Kueche-entwerfen-moechten-die-im-Jahr.jpg\",\"contentUrl\":\"https:\\\/\\\/www.strassenweb.de\\\/nachrichten\\\/wp-content\\\/uploads\\\/2025\\\/07\\\/Wenn-Sie-2025-eine-Kueche-entwerfen-moechten-die-im-Jahr.jpg\",\"width\":1600,\"height\":900,\"caption\":\"A large kitchen with white walls, marble countertops, and wooden cabinets\"},{\"@type\":\"BreadcrumbList\",\"@id\":\"https:\\\/\\\/www.strassenweb.de\\\/nachrichten\\\/wenn-sie-2025-eine-kueche-entwerfen-moechten-die-im-jahr-2045-genauso-stilvoll-aussieht-machen-sie-sich-notizen-aus-diesem-mittleren-raum\\\/#breadcrumb\",\"itemListElement\":[{\"@type\":\"ListItem\",\"position\":1,\"name\":\"Home\",\"item\":\"https:\\\/\\\/www.strassenweb.de\\\/nachrichten\\\/\"},{\"@type\":\"ListItem\",\"position\":2,\"name\":\"Wenn Sie 2025 eine K\u00fcche entwerfen m\u00f6chten, die im Jahr 2045 genauso stilvoll aussieht, machen Sie sich Notizen aus diesem mittleren Raum\"}]},{\"@type\":\"WebSite\",\"@id\":\"https:\\\/\\\/www.strassenweb.de\\\/nachrichten\\\/#website\",\"url\":\"https:\\\/\\\/www.strassenweb.de\\\/nachrichten\\\/\",\"name\":\"Stra\u00dfenweb\",\"description\":\"Stra\u00dfenverzeichnis f\u00fcr Deutschland\",\"publisher\":{\"@id\":\"https:\\\/\\\/www.strassenweb.de\\\/nachrichten\\\/#organization\"},\"potentialAction\":[{\"@type\":\"SearchAction\",\"target\":{\"@type\":\"EntryPoint\",\"urlTemplate\":\"https:\\\/\\\/www.strassenweb.de\\\/nachrichten\\\/?s={search_term_string}\"},\"query-input\":{\"@type\":\"PropertyValueSpecification\",\"valueRequired\":true,\"valueName\":\"search_term_string\"}}],\"inLanguage\":\"de\"},{\"@type\":\"Organization\",\"@id\":\"https:\\\/\\\/www.strassenweb.de\\\/nachrichten\\\/#organization\",\"name\":\"Stra\u00dfenweb\",\"url\":\"https:\\\/\\\/www.strassenweb.de\\\/nachrichten\\\/\",\"logo\":{\"@type\":\"ImageObject\",\"inLanguage\":\"de\",\"@id\":\"https:\\\/\\\/www.strassenweb.de\\\/nachrichten\\\/#\\\/schema\\\/logo\\\/image\\\/\",\"url\":\"https:\\\/\\\/www.strassenweb.de\\\/nachrichten\\\/wp-content\\\/uploads\\\/2024\\\/09\\\/cropped-favicon.png\",\"contentUrl\":\"https:\\\/\\\/www.strassenweb.de\\\/nachrichten\\\/wp-content\\\/uploads\\\/2024\\\/09\\\/cropped-favicon.png\",\"width\":512,\"height\":512,\"caption\":\"Stra\u00dfenweb\"},\"image\":{\"@id\":\"https:\\\/\\\/www.strassenweb.de\\\/nachrichten\\\/#\\\/schema\\\/logo\\\/image\\\/\"},\"sameAs\":[\"https:\\\/\\\/www.facebook.com\\\/strassenweb\\\/\"]},{\"@type\":\"Person\",\"@id\":\"https:\\\/\\\/www.strassenweb.de\\\/nachrichten\\\/#\\\/schema\\\/person\\\/87c9c9067f1211da429a744dc5a5aa41\",\"name\":\"Robert Hoffmann\",\"image\":{\"@type\":\"ImageObject\",\"inLanguage\":\"de\",\"@id\":\"https:\\\/\\\/www.strassenweb.de\\\/nachrichten\\\/wp-content\\\/uploads\\\/2024\\\/09\\\/strassenweb-150x150.jpg\",\"url\":\"https:\\\/\\\/www.strassenweb.de\\\/nachrichten\\\/wp-content\\\/uploads\\\/2024\\\/09\\\/strassenweb-150x150.jpg\",\"contentUrl\":\"https:\\\/\\\/www.strassenweb.de\\\/nachrichten\\\/wp-content\\\/uploads\\\/2024\\\/09\\\/strassenweb-150x150.jpg\",\"caption\":\"Robert Hoffmann\"},\"description\":\"Ich hei\u00dfe Robert Hoffmann und ich bin ein leidenschaftlicher Verfechter von \u00d6kologie und Biodiversit\u00e4t. Seit meiner Kindheit in den W\u00e4ldern Bayerns f\u00fchle ich mich mit der Natur verbunden und bin entschlossen, sie zu sch\u00fctzen. Heute widme ich mein Leben der Sensibilisierung anderer f\u00fcr die Bedeutung des Umweltschutzes f\u00fcr zuk\u00fcnftige Generationen.\",\"sameAs\":[\"https:\\\/\\\/www.strassenweb.de\\\/\"]}]}<\/script>\n<!-- \/ Yoast SEO plugin. -->","yoast_head_json":{"title":"Wenn Sie 2025 eine K\u00fcche entwerfen m\u00f6chten, die im Jahr 2045 genauso stilvoll aussieht, machen Sie sich Notizen aus diesem mittleren Raum - Nachrichten - Stra\u00dfenweb","robots":{"index":"index","follow":"follow","max-snippet":"max-snippet:-1","max-image-preview":"max-image-preview:large","max-video-preview":"max-video-preview:-1"},"canonical":"https:\/\/www.strassenweb.de\/nachrichten\/wenn-sie-2025-eine-kueche-entwerfen-moechten-die-im-jahr-2045-genauso-stilvoll-aussieht-machen-sie-sich-notizen-aus-diesem-mittleren-raum\/","og_locale":"de_DE","og_type":"article","og_title":"Wenn Sie 2025 eine K\u00fcche entwerfen m\u00f6chten, die im Jahr 2045 genauso stilvoll aussieht, machen Sie sich Notizen aus diesem mittleren Raum - Nachrichten - Stra\u00dfenweb","og_description":"Wenn Sie einen neutraleren Raum entwerfen, beschr\u00e4nken Sie sich auf eine Palette aus Wei\u00df, Off-Wei\u00df und Creme. Und wenn wir uns weiterhin mit dieser abgerissenen","og_url":"https:\/\/www.strassenweb.de\/nachrichten\/wenn-sie-2025-eine-kueche-entwerfen-moechten-die-im-jahr-2045-genauso-stilvoll-aussieht-machen-sie-sich-notizen-aus-diesem-mittleren-raum\/","og_site_name":"Stra\u00dfenweb","article_publisher":"https:\/\/www.facebook.com\/strassenweb\/","article_published_time":"2025-07-01T03:40:03+00:00","og_image":[{"width":1600,"height":900,"url":"https:\/\/www.strassenweb.de\/nachrichten\/wp-content\/uploads\/2025\/07\/Wenn-Sie-2025-eine-Kueche-entwerfen-moechten-die-im-Jahr.jpg","type":"image\/jpeg"}],"author":"Robert Hoffmann","twitter_card":"summary_large_image","twitter_misc":{"Verfasst von":"Robert Hoffmann","Gesch\u00e4tzte Lesezeit":"5\u00a0Minuten"},"schema":{"@context":"https:\/\/schema.org","@graph":[{"@type":"Article","@id":"https:\/\/www.strassenweb.de\/nachrichten\/wenn-sie-2025-eine-kueche-entwerfen-moechten-die-im-jahr-2045-genauso-stilvoll-aussieht-machen-sie-sich-notizen-aus-diesem-mittleren-raum\/#article","isPartOf":{"@id":"https:\/\/www.strassenweb.de\/nachrichten\/wenn-sie-2025-eine-kueche-entwerfen-moechten-die-im-jahr-2045-genauso-stilvoll-aussieht-machen-sie-sich-notizen-aus-diesem-mittleren-raum\/"},"author":{"name":"Robert Hoffmann","@id":"https:\/\/www.strassenweb.de\/nachrichten\/#\/schema\/person\/87c9c9067f1211da429a744dc5a5aa41"},"headline":"Wenn Sie 2025 eine K\u00fcche entwerfen m\u00f6chten, die im Jahr 2045 genauso stilvoll aussieht, machen Sie sich Notizen aus diesem mittleren Raum","datePublished":"2025-07-01T03:40:03+00:00","mainEntityOfPage":{"@id":"https:\/\/www.strassenweb.de\/nachrichten\/wenn-sie-2025-eine-kueche-entwerfen-moechten-die-im-jahr-2045-genauso-stilvoll-aussieht-machen-sie-sich-notizen-aus-diesem-mittleren-raum\/"},"wordCount":1075,"publisher":{"@id":"https:\/\/www.strassenweb.de\/nachrichten\/#organization"},"image":{"@id":"https:\/\/www.strassenweb.de\/nachrichten\/wenn-sie-2025-eine-kueche-entwerfen-moechten-die-im-jahr-2045-genauso-stilvoll-aussieht-machen-sie-sich-notizen-aus-diesem-mittleren-raum\/#primaryimage"},"thumbnailUrl":"https:\/\/www.strassenweb.de\/nachrichten\/wp-content\/uploads\/2025\/07\/Wenn-Sie-2025-eine-Kueche-entwerfen-moechten-die-im-Jahr.jpg","keywords":["aus","aussieht","die","diesem","eine","entwerfen","genauso","Jahr","K\u00fcche","machen","mittleren","M\u00f6chten","Notizen","Raum","sich","Sie","stilvoll","wenn"],"articleSection":["Haus &amp; Garten"],"inLanguage":"de"},{"@type":"WebPage","@id":"https:\/\/www.strassenweb.de\/nachrichten\/wenn-sie-2025-eine-kueche-entwerfen-moechten-die-im-jahr-2045-genauso-stilvoll-aussieht-machen-sie-sich-notizen-aus-diesem-mittleren-raum\/","url":"https:\/\/www.strassenweb.de\/nachrichten\/wenn-sie-2025-eine-kueche-entwerfen-moechten-die-im-jahr-2045-genauso-stilvoll-aussieht-machen-sie-sich-notizen-aus-diesem-mittleren-raum\/","name":"Wenn Sie 2025 eine K\u00fcche entwerfen m\u00f6chten, die im Jahr 2045 genauso stilvoll aussieht, machen Sie sich Notizen aus diesem mittleren Raum - Nachrichten - Stra\u00dfenweb","isPartOf":{"@id":"https:\/\/www.strassenweb.de\/nachrichten\/#website"},"primaryImageOfPage":{"@id":"https:\/\/www.strassenweb.de\/nachrichten\/wenn-sie-2025-eine-kueche-entwerfen-moechten-die-im-jahr-2045-genauso-stilvoll-aussieht-machen-sie-sich-notizen-aus-diesem-mittleren-raum\/#primaryimage"},"image":{"@id":"https:\/\/www.strassenweb.de\/nachrichten\/wenn-sie-2025-eine-kueche-entwerfen-moechten-die-im-jahr-2045-genauso-stilvoll-aussieht-machen-sie-sich-notizen-aus-diesem-mittleren-raum\/#primaryimage"},"thumbnailUrl":"https:\/\/www.strassenweb.de\/nachrichten\/wp-content\/uploads\/2025\/07\/Wenn-Sie-2025-eine-Kueche-entwerfen-moechten-die-im-Jahr.jpg","datePublished":"2025-07-01T03:40:03+00:00","breadcrumb":{"@id":"https:\/\/www.strassenweb.de\/nachrichten\/wenn-sie-2025-eine-kueche-entwerfen-moechten-die-im-jahr-2045-genauso-stilvoll-aussieht-machen-sie-sich-notizen-aus-diesem-mittleren-raum\/#breadcrumb"},"inLanguage":"de","potentialAction":[{"@type":"ReadAction","target":["https:\/\/www.strassenweb.de\/nachrichten\/wenn-sie-2025-eine-kueche-entwerfen-moechten-die-im-jahr-2045-genauso-stilvoll-aussieht-machen-sie-sich-notizen-aus-diesem-mittleren-raum\/"]}]},{"@type":"ImageObject","inLanguage":"de","@id":"https:\/\/www.strassenweb.de\/nachrichten\/wenn-sie-2025-eine-kueche-entwerfen-moechten-die-im-jahr-2045-genauso-stilvoll-aussieht-machen-sie-sich-notizen-aus-diesem-mittleren-raum\/#primaryimage","url":"https:\/\/www.strassenweb.de\/nachrichten\/wp-content\/uploads\/2025\/07\/Wenn-Sie-2025-eine-Kueche-entwerfen-moechten-die-im-Jahr.jpg","contentUrl":"https:\/\/www.strassenweb.de\/nachrichten\/wp-content\/uploads\/2025\/07\/Wenn-Sie-2025-eine-Kueche-entwerfen-moechten-die-im-Jahr.jpg","width":1600,"height":900,"caption":"A large kitchen with white walls, marble countertops, and wooden cabinets"},{"@type":"BreadcrumbList","@id":"https:\/\/www.strassenweb.de\/nachrichten\/wenn-sie-2025-eine-kueche-entwerfen-moechten-die-im-jahr-2045-genauso-stilvoll-aussieht-machen-sie-sich-notizen-aus-diesem-mittleren-raum\/#breadcrumb","itemListElement":[{"@type":"ListItem","position":1,"name":"Home","item":"https:\/\/www.strassenweb.de\/nachrichten\/"},{"@type":"ListItem","position":2,"name":"Wenn Sie 2025 eine K\u00fcche entwerfen m\u00f6chten, die im Jahr 2045 genauso stilvoll aussieht, machen Sie sich Notizen aus diesem mittleren Raum"}]},{"@type":"WebSite","@id":"https:\/\/www.strassenweb.de\/nachrichten\/#website","url":"https:\/\/www.strassenweb.de\/nachrichten\/","name":"Stra\u00dfenweb","description":"Stra\u00dfenverzeichnis f\u00fcr Deutschland","publisher":{"@id":"https:\/\/www.strassenweb.de\/nachrichten\/#organization"},"potentialAction":[{"@type":"SearchAction","target":{"@type":"EntryPoint","urlTemplate":"https:\/\/www.strassenweb.de\/nachrichten\/?s={search_term_string}"},"query-input":{"@type":"PropertyValueSpecification","valueRequired":true,"valueName":"search_term_string"}}],"inLanguage":"de"},{"@type":"Organization","@id":"https:\/\/www.strassenweb.de\/nachrichten\/#organization","name":"Stra\u00dfenweb","url":"https:\/\/www.strassenweb.de\/nachrichten\/","logo":{"@type":"ImageObject","inLanguage":"de","@id":"https:\/\/www.strassenweb.de\/nachrichten\/#\/schema\/logo\/image\/","url":"https:\/\/www.strassenweb.de\/nachrichten\/wp-content\/uploads\/2024\/09\/cropped-favicon.png","contentUrl":"https:\/\/www.strassenweb.de\/nachrichten\/wp-content\/uploads\/2024\/09\/cropped-favicon.png","width":512,"height":512,"caption":"Stra\u00dfenweb"},"image":{"@id":"https:\/\/www.strassenweb.de\/nachrichten\/#\/schema\/logo\/image\/"},"sameAs":["https:\/\/www.facebook.com\/strassenweb\/"]},{"@type":"Person","@id":"https:\/\/www.strassenweb.de\/nachrichten\/#\/schema\/person\/87c9c9067f1211da429a744dc5a5aa41","name":"Robert Hoffmann","image":{"@type":"ImageObject","inLanguage":"de","@id":"https:\/\/www.strassenweb.de\/nachrichten\/wp-content\/uploads\/2024\/09\/strassenweb-150x150.jpg","url":"https:\/\/www.strassenweb.de\/nachrichten\/wp-content\/uploads\/2024\/09\/strassenweb-150x150.jpg","contentUrl":"https:\/\/www.strassenweb.de\/nachrichten\/wp-content\/uploads\/2024\/09\/strassenweb-150x150.jpg","caption":"Robert Hoffmann"},"description":"Ich hei\u00dfe Robert Hoffmann und ich bin ein leidenschaftlicher Verfechter von \u00d6kologie und Biodiversit\u00e4t. Seit meiner Kindheit in den W\u00e4ldern Bayerns f\u00fchle ich mich mit der Natur verbunden und bin entschlossen, sie zu sch\u00fctzen. Heute widme ich mein Leben der Sensibilisierung anderer f\u00fcr die Bedeutung des Umweltschutzes f\u00fcr zuk\u00fcnftige Generationen.","sameAs":["https:\/\/www.strassenweb.de\/"]}]}},"_links":{"self":[{"href":"https:\/\/www.strassenweb.de\/nachrichten\/wp-json\/wp\/v2\/posts\/5994","targetHints":{"allow":["GET"]}}],"collection":[{"href":"https:\/\/www.strassenweb.de\/nachrichten\/wp-json\/wp\/v2\/posts"}],"about":[{"href":"https:\/\/www.strassenweb.de\/nachrichten\/wp-json\/wp\/v2\/types\/post"}],"author":[{"embeddable":true,"href":"https:\/\/www.strassenweb.de\/nachrichten\/wp-json\/wp\/v2\/users\/1"}],"replies":[{"embeddable":true,"href":"https:\/\/www.strassenweb.de\/nachrichten\/wp-json\/wp\/v2\/comments?post=5994"}],"version-history":[{"count":0,"href":"https:\/\/www.strassenweb.de\/nachrichten\/wp-json\/wp\/v2\/posts\/5994\/revisions"}],"wp:featuredmedia":[{"embeddable":true,"href":"https:\/\/www.strassenweb.de\/nachrichten\/wp-json\/wp\/v2\/media\/5995"}],"wp:attachment":[{"href":"https:\/\/www.strassenweb.de\/nachrichten\/wp-json\/wp\/v2\/media?parent=5994"}],"wp:term":[{"taxonomy":"category","embeddable":true,"href":"https:\/\/www.strassenweb.de\/nachrichten\/wp-json\/wp\/v2\/categories?post=5994"},{"taxonomy":"post_tag","embeddable":true,"href":"https:\/\/www.strassenweb.de\/nachrichten\/wp-json\/wp\/v2\/tags?post=5994"}],"curies":[{"name":"wp","href":"https:\/\/api.w.org\/{rel}","templated":true}]}}