{"id":5977,"date":"2025-06-30T05:39:49","date_gmt":"2025-06-30T03:39:49","guid":{"rendered":"https:\/\/www.strassenweb.de\/nachrichten\/diese-tipps-fuer-die-aufbewahrung-von-gurken-bedeuten-weniger-reisen-in-den-laden-um-sich-mit-salatzutaten-einzudecken-einige-koennten-sie-ueberraschen\/"},"modified":"2025-06-30T05:39:49","modified_gmt":"2025-06-30T03:39:49","slug":"diese-tipps-fuer-die-aufbewahrung-von-gurken-bedeuten-weniger-reisen-in-den-laden-um-sich-mit-salatzutaten-einzudecken-einige-koennten-sie-ueberraschen","status":"publish","type":"post","link":"https:\/\/www.strassenweb.de\/nachrichten\/diese-tipps-fuer-die-aufbewahrung-von-gurken-bedeuten-weniger-reisen-in-den-laden-um-sich-mit-salatzutaten-einzudecken-einige-koennten-sie-ueberraschen\/","title":{"rendered":"Diese Tipps f\u00fcr die Aufbewahrung von Gurken bedeuten weniger Reisen in den Laden, um sich mit Salatzutaten einzudecken &#8211; einige k\u00f6nnten Sie \u00fcberraschen"},"content":{"rendered":"<div id=\"article-body\" class=\"article__body \">\n<p>Ich liebe Gurken f\u00fcr den erfrischenden Crunch und den tiefen gr\u00fcnen Farbton, den sie zu Rezepten hinzuf\u00fcgen, und einfach mit einem hausgemachten Dip alleine zu essen. Wenn Sie jedoch wissen, wie man Gurken richtig aufbewahrt, vermeiden Sie es, einen lauernden &#8211; schleimigen und vergessenen &#8211; im Boden des K\u00fchlschranks zu finden, und es wird sicherlich dazu f\u00fchren, dass dieser schmackhafte Sommersalat hergestellt wird.<\/p>\n<div id=\"ad-unit-1\" class=\"ad-unit\"><\/div>\n<p>Ich habe auf die harte Tour gelernt, dass Gurken schnell schlecht werden k\u00f6nnen, wenn sie nicht richtig gespeichert sind, und von knusprig und mild zu feucht und bitter. Um sicherzustellen, dass Ihre Gurken so lange wie m\u00f6glich frisch bleiben, konsultierte ich Experteng\u00e4rtner, um ihre Top -Tipps f\u00fcr die Aufbewahrung von Gurken zu enth\u00fcllen. Und mit diesem Wissen bewaffnet zu sein, wird den Geschmack, die Textur und die Frische Ihrer Gurken f\u00fcr den Gurken ausmachen.<\/p>\n<h2 class=\"article-body__section\" id=\"section-how-to-store-cucumbers\"><span>Wie man Gurken aufbewahrt<\/span><\/h2>\n<aside data-block-type=\"embed\" data-render-type=\"fte\" data-skip=\"dealsy\" data-widget-type=\"seasonal\" class=\"hawk-base\"><\/aside>\n<p>Wenn Sie wissen, wie Sie Gurken anbauen und wann Sie Gurkensamen pflanzen, werden Sie wahrscheinlich auf eine reichliche Ernte aufbewahrt, wenn sie zum Ernte bereit sind. Wenn Sie lernen, wie man Gurken richtig aufbewahrt, k\u00f6nnen Sie das Beste aus Ihrem Transport herausholen, egal ob es aus Ihrem Garten oder dem Lebensmittelgesch\u00e4ft stammt.<\/p>\n<div class=\"van_vid_carousel\">\n<div class=\"van_vid_carousel__padding\">\n<div class=\"van_vid_carousel__container\"><\/div>\n<\/div>\n<\/div>\n<aside data-component-name=\"Recirculation:ArticleRiver\" data-nosnippet class=\"pt-3 pb-4 mb-4 border-b border-solid border-(#333)\">\n<span class=\"\nafter:content-('') after:flex-1 after:ml-4 after:my-(0.7rem) after:border-t-(#333) after:border-t after:border-solid\nbefore:content-('') before:flex-1 before:mr-4 before:my-(0.7rem) before:border-t-(#333) before:border-t before:border-solid\nfont-article-heading pb-3 !text-base font-bold uppercase sm:text-sm text-(#333) flex\"><\/p>\n<p>Sie m\u00f6gen m\u00f6gen<br \/>\n<\/span><\/p>\n<ul class=\"flex flex-col gap-3 m-0\">\n<li class=\"m-0 list-none\" name=\"recirculation-inline\" data-analytics-id=\"recirculation-inline-1\" analytics-label=\"adviser:related\">\n<picture data-new-v2-image=\"true\" class=\"w-(--article-river-thumbnail-width,60px) flex-shrink-0\"><source type=\"image\/webp\"  ><\/source><\/p>\n<\/picture>\n<span class=\"hover:text-inherit font-article-heading text-base text-(#333) leading-5 content-center\">Ich habe diesen entscheidenden Tipp nie gewusst<\/span><\/p>\n<\/li>\n<li class=\"m-0 list-none\" name=\"recirculation-inline\" data-analytics-id=\"recirculation-inline-2\" analytics-label=\"adviser:related\">\n<picture data-new-v2-image=\"true\" class=\"w-(--article-river-thumbnail-width,60px) flex-shrink-0\"><source type=\"image\/webp\"  ><\/source><br \/>\n<img decoding=\"async\" alt=\"Tr\u00fcmmer mehrfarbiger Tomaten mit anderen Gem\u00fcse und Fr\u00fcchten, die es umgeben\"   loading=\"lazy\" data-new-v2-image=\"true\" src=\"https:\/\/www.strassenweb.de\/nachrichten\/wp-content\/uploads\/2025\/06\/bstzGdjAo9uAjHPhZ9Y6Jh.jpg\" data-pin-media=\"https:\/\/www.strassenweb.de\/nachrichten\/wp-content\/uploads\/2025\/06\/bstzGdjAo9uAjHPhZ9Y6Jh.jpg\" data-pin-nopin=\"true\" class=\"aspect-(--img-listing-aspect-ratio,16\/9) object-cover w-(--article-river-thumbnail-width,60px) flex-shrink-0\">\n<\/picture>\n<span class=\"hover:text-inherit font-article-heading text-base text-(#333) leading-5 content-center\">Ich kann nicht glauben, dass ich gerade diese &#8222;geheimen&#8220; Tipps f\u00fcr die Aufbewahrung von Tomaten entdeckt habe &#8211; und ich habe meine K\u00fcche sofort neu ordne <\/span><\/p>\n<\/li>\n<li class=\"m-0 list-none\" name=\"recirculation-inline\" data-analytics-id=\"recirculation-inline-3\" analytics-label=\"adviser:related\">\n<picture data-new-v2-image=\"true\" class=\"w-(--article-river-thumbnail-width,60px) flex-shrink-0\"><source type=\"image\/webp\"  ><\/source><br \/>\n<img decoding=\"async\" alt=\"Ein G\u00e4rtner, der eine Gurke im Innenr\u00e4umen erntet\"   loading=\"lazy\" data-new-v2-image=\"true\" src=\"https:\/\/www.strassenweb.de\/nachrichten\/wp-content\/uploads\/2025\/06\/tcQzQQHUKmfKFJ3QdZf7xi.jpg\" data-pin-media=\"https:\/\/www.strassenweb.de\/nachrichten\/wp-content\/uploads\/2025\/06\/tcQzQQHUKmfKFJ3QdZf7xi.jpg\" data-pin-nopin=\"true\" class=\"aspect-(--img-listing-aspect-ratio,16\/9) object-cover w-(--article-river-thumbnail-width,60px) flex-shrink-0\">\n<\/picture>\n<span class=\"hover:text-inherit font-article-heading text-base text-(#333) leading-5 content-center\">Wie man Gurken in Innenr\u00e4umen anbaut &#8211; Experten enth\u00fcllen 5 Dinge, die Sie f\u00fcr gro\u00dfartige Ernten richtig bekommen m\u00fcssen, ohne Platz im Freien zu ben\u00f6tigen<\/span><\/p>\n<\/li>\n<\/ul>\n<\/aside>\n<h2 class=\"article-body__section\" id=\"section-1-store-cucumbers-in-your-fridge-s-crisper-drawer\"><span>1. Laden Sie Gurken in der knirscheren Schublade Ihres K\u00fchlschranks<\/span><\/h2>\n<p>Gurken sind eher besonders \u00fcber ihre Lagerbed\u00fcrfnisse und bevorzugen kalt, aber mit einiger Luftfeuchtigkeit, sodass die sch\u00e4rfere Schublade in Ihrem K\u00fchlschrank der ideale Ort ist. Wenn. Wie ich wussten Sie sich nicht, dass die sch\u00e4rfere Schublade feuchtere Bedingungen bot oder dass Gurken eine kalte, aber leicht feuchte Umgebung bevorzugten. Dieser Tipp k\u00f6nnte Ihr Salatgem\u00fcse wirklich ein Regal (oder ein K\u00fchlschrank) retten.<\/p>\n<div id=\"ad-unit-2\" class=\"ad-unit\"><\/div>\n<p>Zoe Ganslaw, Feldmanagerin im Pennsylvania Horticultural Society Community Farm im Norristown Farm Park, sagt: \u201eDie ideale Lagertemperatur f\u00fcr Gurken betr\u00e4gt 50-55<strong>\u00b0<\/strong>Fahrenheit und feucht. Obwohl Ihr K\u00fchlschrank wahrscheinlich k\u00e4lter ist, hilft es, die Temperaturunterschiede entgegenzuwirken. \u201c<\/p>\n<p>Wenn Sie andere Produkte in Ihrer knirscheren Schublade aufbewahren, k\u00f6nnen Sie den Bereich ordentlich und ordentlich mit Beh\u00e4ltern wie dem CRIUSIA 6 PC Draxer -Organisator von Amazon halten. Ich finde meinen K\u00fchlschrank so viel einfacher zu bedienen, wenn er nachdenklich organisiert und vorbereitet ist, bevor ich aus dem Gesch\u00e4ft zur\u00fcckkehre, um zu entladen.<\/p>\n<h2 class=\"article-body__section\" id=\"section-2-wrap-whole-cucumbers-in-paper-towel-then-bag-them\"><span>2. Wickeln Sie ganze Gurken in das Papiertuch und packen Sie sie dann ein<\/span><\/h2>\n<p>Ich habe einige Leute bemerkt, die Gurken in Papiert\u00fccher gewickelt haben, bevor ich sie in der Vergangenheit aufbewahrte, aber jetzt wei\u00df ich warum. Das Papierhandtuch absorbiert \u00fcbersch\u00fcssige Feuchtigkeit sowohl aus den Gurken als auch aus dem K\u00fchlschrank, was dazu beitr\u00e4gt, dass sie vorzeitig verrottet werden.<\/p>\n<p>Tammy Sons, CEO von TN Nursery, der Gartenbau studierte und einen Familien -Kindergarten betreibt, erkl\u00e4rt: \u201eWenn es darum geht, Gurken aufzubewahren, behandle ich sie wie zarte Blumen. Ich lagere ganze Gurken ungewaschen, locker in ein Papiertuch gewickelt und in eine offene Produktbeutel in der sch\u00e4rferen Schublade gef\u00fcllt. Wenn Sie sie zu trocken halten, schrumpfen sie; Wenn sie zu nass werden, verrotten sie. &#8218;<\/p>\n<p>Daf\u00fcr k\u00f6nnen Sie Plastik- oder Papierproduktbeutel verwenden, aber jedes hat etwas, wor\u00fcber Sie sich bewusst sind. Wenn Sie Plastikt\u00fcten verwenden, k\u00f6nnen Ihre Gurken schwitzen und \u00fcbersch\u00fcssige Feuchtigkeit k\u00f6nnen gefangen werden. Um dem entgegenzuwirken, speichern Sie kleinere Chargen mit viel Papiertuch und Bel\u00fcftung, indem die Tasche oben ge\u00f6ffnet bleibt.<\/p>\n<p>Wenn Sie Papierproduktbeutel verwenden (wie diese tollen Wertverwalter, von Walmart, m\u00fcssen Sie gen\u00fcgend Papiertuch verwenden, damit \u00fcbersch\u00fcssige Feuchtigkeit nicht durch die Papiert\u00fcte einweist und es dazu bringt, Feuchtigkeit in der N\u00e4he der Gurke zu zerfallen oder zu halten. Lassen Sie die Tops immer offen, damit Ihre Gurken atmen k\u00f6nnen.<\/p>\n<h2 class=\"article-body__section\" id=\"section-3-if-you-open-your-fridge-a-lot-store-cucumbers-with-a-metal-spoon\"><span>3. Wenn Sie Ihren K\u00fchlschrank viel \u00f6ffnen, lagern Sie Gurken mit einem Metalll\u00f6ffel<\/span><\/h2>\n<p>Dies mag nach einer Geschichte einer alten Frauen klingen, aber laut den Experten, die Ihre Gurken neben einem Metalll\u00f6ffel speichern, h\u00e4lt sie sie tats\u00e4chlich l\u00e4nger. Dies liegt daran, dass es helfen kann, die Temperatur zu regulieren, was besonders wichtig ist, wenn Sie in einem gesch\u00e4ftigen Haushalt leben, in dem der K\u00fchlschrank st\u00e4ndig f\u00fcr Snacks \u00fcberfallen wird.<\/p>\n<p>Jessica Mercer PhD, ein Experte bei Pflanzenabh\u00e4ngigen, sagt: \u201eWenn K\u00fchlschrankt\u00fcren st\u00e4ndig in Ihrem Haushalt ge\u00f6ffnet sind, k\u00f6nnen Sie Temperaturschwankungen pufferen, indem Sie dem Aufbewahrungsbeutel einen Metalll\u00f6ffel hinzuf\u00fcgen. Z\u00fcchter und produzierende Manager sagen, der L\u00f6ffel absorbiert kurze Explosionen mit warmer Luft und h\u00e4lt das Mikroklima um die Gurken stabil, was Ihnen ein oder zwei zus\u00e4tzliche Tage kaufen kann, bevor Softeflects erscheinen. &#8218;<\/p>\n<p>Jedes Metall -Implementierung wird jedoch von L\u00f6ffeln empfohlen, da sie weniger wahrscheinlich sind als ein Messer oder eine Gabel, um die Gurke zu besch\u00e4digen oder Sie zu verletzen, wenn Sie es aus dem K\u00fchlschrank greifen.<\/p>\n<h2 class=\"article-body__section\" id=\"section-4-cover-cut-ends-with-saran-wrap\"><span>4. Deckgeschnittene Enden mit Saran Wrap<\/span><\/h2>\n<p>M\u00f6glicherweise m\u00fcssen Sie auf einmal keine ganze Gurke verwenden. In diesem Fall finde ich, dass die Enden trocken oder verf\u00e4rbt werden k\u00f6nnen und m\u00fcssen abgehackt werden, wenn ich bereit bin, etwas mehr zu verwenden. Der beste Weg, um Abfall zu vermeiden und die Gurke frisch zu halten, ist einfach, das Ende in Saran Wrap zu wickeln, da diese Feuchtigkeit laut Jessica aufbewahrt.<\/p>\n<p>\u00bbBedecken Sie die geschnittene Gesicht Ihrer Gurke mit Plastikfolie oder einem Silikon-Lebensmittel-Hugger, schreiben Sie es in ein Papiertuch und k\u00fchlen Sie sie. Schnittgurken wie diese halten normalerweise drei Tage lang, bevor sie weicher beginnen. &#8218;<\/p>\n<p>Ich benutze den Hugger -Set von Hoan Silicone Food von 4 bei Amazon. Das Set verf\u00fcgt \u00fcber vier unterschiedliche Hugger, um eine Vielzahl von Obst und Gem\u00fcse vor dem Verderben zu sch\u00fctzen.<\/p>\n<h2 class=\"article-body__section\" id=\"section-5-keep-cucumber-slices-in-an-airtight-container\"><span>5. Gurkenscheiben in einem luftdichten Beh\u00e4lter halten<\/span><\/h2>\n<p>Wenn ich G\u00e4ste erwarte und Salate servieren m\u00f6chte, bereite ich meine Zutaten gerne im Voraus vor. Aber ich stellte immer fest, dass Gurkenscheiben zum Zeitpunkt meiner Bereitstellung ein wenig schlaff werden w\u00fcrden.<\/p>\n<p>Ich habe seitdem den Schl\u00fcssel gelernt, um sie in dem besten Zustand zu halten. &#8222;Bei der Aufbewahrung geschnittener Gurken bewahre ich sie in einem luftdichten Glasbeh\u00e4lter mit einem trockenen Papiertuch darunter&#8220;, sagt Tammy. \u201eEs h\u00e4lt sie trocken und verhindert, dass sich eine feuchte Kante bildet. Wenn Sie versucht sind, sie in Wasser zu saugen, um sie l\u00e4nger frisch zu halten, tun Sie es nicht. Wasserlaugung Geschmack und Textur. &#8218;<\/p>\n<p>Ich werde in diese 24 -teiligen Glasfutterbeh\u00e4lter von Amazon investieren, die sich perfekt f\u00fcr die Aufbewahrung von Scheiben fernhalten und eine optimale Frische gew\u00e4hrleisten.<\/p>\n<div class=\"product-container hero-product-container product-block-no-wrap\">\n<div class=\"product-block-row\"><\/div>\n<div class=\"product-block-row\"><\/div>\n<div class=\"product-block-row\"><\/div>\n<\/div>\n<h2 class=\"article-body__section\" id=\"section-cucumber-storage-faqs\"><span>Gurkenspeicher -FAQs<\/span><\/h2>\n<h2 class=\"article-body__section\" id=\"section-how-do-i-know-when-cucumbers-are-ready-to-pick\"><span>Woher wei\u00df ich, wann Gurken bereit sind, auszuw\u00e4hlen?<\/span><\/h2>\n<p>Wenn Sie wissen, wann Sie Gurken ausw\u00e4hlen m\u00fcssen, h\u00e4ngt von zwei Hauptfaktoren ab: Farbe und Gurkengr\u00f6\u00dfe, die Sie ernten m\u00f6chten.<\/p>\n<p>&#8222;Ernten Sie Ihre Gurken, wenn sie die gew\u00fcnschte Gr\u00f6\u00dfe erreichen, was von der Vielfalt abh\u00e4ngt, die Sie wachsen&#8220;, sagt Zoe. \u201eSie sollten eine tiefgr\u00fcne Farbe haben und sich fest und prall f\u00fchlen. Wenn sie falten aussehen oder sich weich f\u00fchlen, warten Sie ein paar Tage vor der Ernte. Gurken erfordern eine h\u00e4ufige Ernte, da sie schnell erh\u00f6hen k\u00f6nnen. Wenn m\u00f6glich, jeden zweiten Tag zu ernten. &#8218;<\/p>\n<h2 class=\"article-body__section\" id=\"section-why-do-cucumbers-get-bitter\"><span>Warum werden Gurken bitter?<\/span><\/h2>\n<p>Wenn Ihre Gurken bitter schmecken, gibt es viele Faktoren im Spiel, die ihr Geschmacksprofil m\u00f6glicherweise ver\u00e4ndert haben.<\/p>\n<p>\u201eWenn Gurkenpflanzen gestresst sind, erzeugen sie einen \u00dcberschuss der bitteren Komponente <em>Cucurbitacin<\/em>Daher haben alle Gurken, die daraus wachsen, nat\u00fcrlich einen bittereren Geschmack \u201c, sagt Zoe. Dieser Stress kann durch Krankheiten, Sch\u00e4dlinge, \u00fcbersch\u00fcssige W\u00e4rme oder nicht genug Wasser verursacht werden. Sie k\u00f6nnen auch bitter schmecken, wenn sie \u00fcberfertigen und nicht rechtzeitig geerntet wurden. Ein Zeichen f\u00fcr eine \u00fcberreiche Gurke ist die Gelbf\u00e4rbung der Haut. &#8218;<\/p>\n<hr>\n<p>Wenn Sie Ihren Produktgarten erweitern m\u00f6chten, sind Gurken relativ einfach zu wachsen. Sie k\u00f6nnen Gurken in T\u00f6pfen oder im Boden wachsen. Selbst wenn Sie keinen gro\u00dfen Garten haben, k\u00f6nnen Sie es trotzdem versuchen.<\/p>\n<\/div>\n","protected":false},"excerpt":{"rendered":"<p>Ich liebe Gurken f\u00fcr den erfrischenden Crunch und den tiefen gr\u00fcnen Farbton, den sie zu Rezepten hinzuf\u00fcgen, und einfach mit einem hausgemachten Dip alleine zu<\/p>\n","protected":false},"author":1,"featured_media":5978,"comment_status":"closed","ping_status":"","sticky":false,"template":"","format":"standard","meta":{"footnotes":""},"categories":[118],"tags":[4737,5215,78,9,143,2740,8340,55,8338,674,1862,146,4482,8339,142,165,1701,1893,21,648],"class_list":["post-5977","post","type-post","status-publish","format-standard","has-post-thumbnail","hentry","category-haus-garten","tag-aufbewahrung","tag-bedeuten","tag-den","tag-die","tag-diese","tag-einige","tag-einzudecken","tag-fuer","tag-gurken","tag-koennten","tag-laden","tag-mit","tag-reisen","tag-salatzutaten","tag-sich","tag-sie","tag-tipps","tag-ueberraschen","tag-von","tag-weniger","generate-columns","tablet-grid-50","mobile-grid-100","grid-parent","grid-50"],"yoast_head":"<!-- This site is optimized with the Yoast SEO plugin v27.3 - https:\/\/yoast.com\/product\/yoast-seo-wordpress\/ -->\n<title>Diese Tipps f\u00fcr die Aufbewahrung von Gurken bedeuten weniger Reisen in den Laden, um sich mit Salatzutaten einzudecken - einige k\u00f6nnten Sie \u00fcberraschen - Nachrichten - Stra\u00dfenweb<\/title>\n<meta name=\"robots\" content=\"index, follow, max-snippet:-1, max-image-preview:large, max-video-preview:-1\" \/>\n<link rel=\"canonical\" href=\"https:\/\/www.strassenweb.de\/nachrichten\/diese-tipps-fuer-die-aufbewahrung-von-gurken-bedeuten-weniger-reisen-in-den-laden-um-sich-mit-salatzutaten-einzudecken-einige-koennten-sie-ueberraschen\/\" \/>\n<meta property=\"og:locale\" content=\"de_DE\" \/>\n<meta property=\"og:type\" content=\"article\" \/>\n<meta property=\"og:title\" content=\"Diese Tipps f\u00fcr die Aufbewahrung von Gurken bedeuten weniger Reisen in den Laden, um sich mit Salatzutaten einzudecken - einige k\u00f6nnten Sie \u00fcberraschen - Nachrichten - Stra\u00dfenweb\" \/>\n<meta property=\"og:description\" content=\"Ich liebe Gurken f\u00fcr den erfrischenden Crunch und den tiefen gr\u00fcnen Farbton, den sie zu Rezepten hinzuf\u00fcgen, und einfach mit einem hausgemachten Dip alleine zu\" \/>\n<meta property=\"og:url\" content=\"https:\/\/www.strassenweb.de\/nachrichten\/diese-tipps-fuer-die-aufbewahrung-von-gurken-bedeuten-weniger-reisen-in-den-laden-um-sich-mit-salatzutaten-einzudecken-einige-koennten-sie-ueberraschen\/\" \/>\n<meta property=\"og:site_name\" content=\"Stra\u00dfenweb\" \/>\n<meta property=\"article:publisher\" content=\"https:\/\/www.facebook.com\/strassenweb\/\" \/>\n<meta property=\"article:published_time\" content=\"2025-06-30T03:39:49+00:00\" \/>\n<meta property=\"og:image\" content=\"https:\/\/www.strassenweb.de\/nachrichten\/wp-content\/uploads\/2025\/06\/Diese-Tipps-fuer-die-Aufbewahrung-von-Gurken-bedeuten-weniger-Reisen.jpg\" \/>\n\t<meta property=\"og:image:width\" content=\"1600\" \/>\n\t<meta property=\"og:image:height\" content=\"900\" \/>\n\t<meta property=\"og:image:type\" content=\"image\/jpeg\" \/>\n<meta name=\"author\" content=\"Robert Hoffmann\" \/>\n<meta name=\"twitter:card\" content=\"summary_large_image\" \/>\n<meta name=\"twitter:label1\" content=\"Verfasst von\" \/>\n\t<meta name=\"twitter:data1\" content=\"Robert Hoffmann\" \/>\n\t<meta name=\"twitter:label2\" content=\"Gesch\u00e4tzte Lesezeit\" \/>\n\t<meta name=\"twitter:data2\" content=\"7\u00a0Minuten\" \/>\n<script type=\"application\/ld+json\" class=\"yoast-schema-graph\">{\"@context\":\"https:\\\/\\\/schema.org\",\"@graph\":[{\"@type\":\"Article\",\"@id\":\"https:\\\/\\\/www.strassenweb.de\\\/nachrichten\\\/diese-tipps-fuer-die-aufbewahrung-von-gurken-bedeuten-weniger-reisen-in-den-laden-um-sich-mit-salatzutaten-einzudecken-einige-koennten-sie-ueberraschen\\\/#article\",\"isPartOf\":{\"@id\":\"https:\\\/\\\/www.strassenweb.de\\\/nachrichten\\\/diese-tipps-fuer-die-aufbewahrung-von-gurken-bedeuten-weniger-reisen-in-den-laden-um-sich-mit-salatzutaten-einzudecken-einige-koennten-sie-ueberraschen\\\/\"},\"author\":{\"name\":\"Robert Hoffmann\",\"@id\":\"https:\\\/\\\/www.strassenweb.de\\\/nachrichten\\\/#\\\/schema\\\/person\\\/87c9c9067f1211da429a744dc5a5aa41\"},\"headline\":\"Diese Tipps f\u00fcr die Aufbewahrung von Gurken bedeuten weniger Reisen in den Laden, um sich mit Salatzutaten einzudecken &#8211; einige k\u00f6nnten Sie \u00fcberraschen\",\"datePublished\":\"2025-06-30T03:39:49+00:00\",\"mainEntityOfPage\":{\"@id\":\"https:\\\/\\\/www.strassenweb.de\\\/nachrichten\\\/diese-tipps-fuer-die-aufbewahrung-von-gurken-bedeuten-weniger-reisen-in-den-laden-um-sich-mit-salatzutaten-einzudecken-einige-koennten-sie-ueberraschen\\\/\"},\"wordCount\":1424,\"publisher\":{\"@id\":\"https:\\\/\\\/www.strassenweb.de\\\/nachrichten\\\/#organization\"},\"image\":{\"@id\":\"https:\\\/\\\/www.strassenweb.de\\\/nachrichten\\\/diese-tipps-fuer-die-aufbewahrung-von-gurken-bedeuten-weniger-reisen-in-den-laden-um-sich-mit-salatzutaten-einzudecken-einige-koennten-sie-ueberraschen\\\/#primaryimage\"},\"thumbnailUrl\":\"https:\\\/\\\/www.strassenweb.de\\\/nachrichten\\\/wp-content\\\/uploads\\\/2025\\\/06\\\/Diese-Tipps-fuer-die-Aufbewahrung-von-Gurken-bedeuten-weniger-Reisen.jpg\",\"keywords\":[\"Aufbewahrung\",\"bedeuten\",\"den\",\"die\",\"diese\",\"einige\",\"einzudecken\",\"f\u00fcr\",\"Gurken\",\"k\u00f6nnten\",\"Laden\",\"mit\",\"reisen\",\"Salatzutaten\",\"sich\",\"Sie\",\"Tipps\",\"\u00fcberraschen\",\"von\",\"weniger\"],\"articleSection\":[\"Haus &amp; Garten\"],\"inLanguage\":\"de\"},{\"@type\":\"WebPage\",\"@id\":\"https:\\\/\\\/www.strassenweb.de\\\/nachrichten\\\/diese-tipps-fuer-die-aufbewahrung-von-gurken-bedeuten-weniger-reisen-in-den-laden-um-sich-mit-salatzutaten-einzudecken-einige-koennten-sie-ueberraschen\\\/\",\"url\":\"https:\\\/\\\/www.strassenweb.de\\\/nachrichten\\\/diese-tipps-fuer-die-aufbewahrung-von-gurken-bedeuten-weniger-reisen-in-den-laden-um-sich-mit-salatzutaten-einzudecken-einige-koennten-sie-ueberraschen\\\/\",\"name\":\"Diese Tipps f\u00fcr die Aufbewahrung von Gurken bedeuten weniger Reisen in den Laden, um sich mit Salatzutaten einzudecken - einige k\u00f6nnten Sie \u00fcberraschen - Nachrichten - Stra\u00dfenweb\",\"isPartOf\":{\"@id\":\"https:\\\/\\\/www.strassenweb.de\\\/nachrichten\\\/#website\"},\"primaryImageOfPage\":{\"@id\":\"https:\\\/\\\/www.strassenweb.de\\\/nachrichten\\\/diese-tipps-fuer-die-aufbewahrung-von-gurken-bedeuten-weniger-reisen-in-den-laden-um-sich-mit-salatzutaten-einzudecken-einige-koennten-sie-ueberraschen\\\/#primaryimage\"},\"image\":{\"@id\":\"https:\\\/\\\/www.strassenweb.de\\\/nachrichten\\\/diese-tipps-fuer-die-aufbewahrung-von-gurken-bedeuten-weniger-reisen-in-den-laden-um-sich-mit-salatzutaten-einzudecken-einige-koennten-sie-ueberraschen\\\/#primaryimage\"},\"thumbnailUrl\":\"https:\\\/\\\/www.strassenweb.de\\\/nachrichten\\\/wp-content\\\/uploads\\\/2025\\\/06\\\/Diese-Tipps-fuer-die-Aufbewahrung-von-Gurken-bedeuten-weniger-Reisen.jpg\",\"datePublished\":\"2025-06-30T03:39:49+00:00\",\"breadcrumb\":{\"@id\":\"https:\\\/\\\/www.strassenweb.de\\\/nachrichten\\\/diese-tipps-fuer-die-aufbewahrung-von-gurken-bedeuten-weniger-reisen-in-den-laden-um-sich-mit-salatzutaten-einzudecken-einige-koennten-sie-ueberraschen\\\/#breadcrumb\"},\"inLanguage\":\"de\",\"potentialAction\":[{\"@type\":\"ReadAction\",\"target\":[\"https:\\\/\\\/www.strassenweb.de\\\/nachrichten\\\/diese-tipps-fuer-die-aufbewahrung-von-gurken-bedeuten-weniger-reisen-in-den-laden-um-sich-mit-salatzutaten-einzudecken-einige-koennten-sie-ueberraschen\\\/\"]}]},{\"@type\":\"ImageObject\",\"inLanguage\":\"de\",\"@id\":\"https:\\\/\\\/www.strassenweb.de\\\/nachrichten\\\/diese-tipps-fuer-die-aufbewahrung-von-gurken-bedeuten-weniger-reisen-in-den-laden-um-sich-mit-salatzutaten-einzudecken-einige-koennten-sie-ueberraschen\\\/#primaryimage\",\"url\":\"https:\\\/\\\/www.strassenweb.de\\\/nachrichten\\\/wp-content\\\/uploads\\\/2025\\\/06\\\/Diese-Tipps-fuer-die-Aufbewahrung-von-Gurken-bedeuten-weniger-Reisen.jpg\",\"contentUrl\":\"https:\\\/\\\/www.strassenweb.de\\\/nachrichten\\\/wp-content\\\/uploads\\\/2025\\\/06\\\/Diese-Tipps-fuer-die-Aufbewahrung-von-Gurken-bedeuten-weniger-Reisen.jpg\",\"width\":1600,\"height\":900,\"caption\":\"Two hands picking cucumbers from a plant next to a woven basket of cucumbers\"},{\"@type\":\"BreadcrumbList\",\"@id\":\"https:\\\/\\\/www.strassenweb.de\\\/nachrichten\\\/diese-tipps-fuer-die-aufbewahrung-von-gurken-bedeuten-weniger-reisen-in-den-laden-um-sich-mit-salatzutaten-einzudecken-einige-koennten-sie-ueberraschen\\\/#breadcrumb\",\"itemListElement\":[{\"@type\":\"ListItem\",\"position\":1,\"name\":\"Home\",\"item\":\"https:\\\/\\\/www.strassenweb.de\\\/nachrichten\\\/\"},{\"@type\":\"ListItem\",\"position\":2,\"name\":\"Diese Tipps f\u00fcr die Aufbewahrung von Gurken bedeuten weniger Reisen in den Laden, um sich mit Salatzutaten einzudecken &#8211; einige k\u00f6nnten Sie \u00fcberraschen\"}]},{\"@type\":\"WebSite\",\"@id\":\"https:\\\/\\\/www.strassenweb.de\\\/nachrichten\\\/#website\",\"url\":\"https:\\\/\\\/www.strassenweb.de\\\/nachrichten\\\/\",\"name\":\"Stra\u00dfenweb\",\"description\":\"Stra\u00dfenverzeichnis f\u00fcr Deutschland\",\"publisher\":{\"@id\":\"https:\\\/\\\/www.strassenweb.de\\\/nachrichten\\\/#organization\"},\"potentialAction\":[{\"@type\":\"SearchAction\",\"target\":{\"@type\":\"EntryPoint\",\"urlTemplate\":\"https:\\\/\\\/www.strassenweb.de\\\/nachrichten\\\/?s={search_term_string}\"},\"query-input\":{\"@type\":\"PropertyValueSpecification\",\"valueRequired\":true,\"valueName\":\"search_term_string\"}}],\"inLanguage\":\"de\"},{\"@type\":\"Organization\",\"@id\":\"https:\\\/\\\/www.strassenweb.de\\\/nachrichten\\\/#organization\",\"name\":\"Stra\u00dfenweb\",\"url\":\"https:\\\/\\\/www.strassenweb.de\\\/nachrichten\\\/\",\"logo\":{\"@type\":\"ImageObject\",\"inLanguage\":\"de\",\"@id\":\"https:\\\/\\\/www.strassenweb.de\\\/nachrichten\\\/#\\\/schema\\\/logo\\\/image\\\/\",\"url\":\"https:\\\/\\\/www.strassenweb.de\\\/nachrichten\\\/wp-content\\\/uploads\\\/2024\\\/09\\\/cropped-favicon.png\",\"contentUrl\":\"https:\\\/\\\/www.strassenweb.de\\\/nachrichten\\\/wp-content\\\/uploads\\\/2024\\\/09\\\/cropped-favicon.png\",\"width\":512,\"height\":512,\"caption\":\"Stra\u00dfenweb\"},\"image\":{\"@id\":\"https:\\\/\\\/www.strassenweb.de\\\/nachrichten\\\/#\\\/schema\\\/logo\\\/image\\\/\"},\"sameAs\":[\"https:\\\/\\\/www.facebook.com\\\/strassenweb\\\/\"]},{\"@type\":\"Person\",\"@id\":\"https:\\\/\\\/www.strassenweb.de\\\/nachrichten\\\/#\\\/schema\\\/person\\\/87c9c9067f1211da429a744dc5a5aa41\",\"name\":\"Robert Hoffmann\",\"image\":{\"@type\":\"ImageObject\",\"inLanguage\":\"de\",\"@id\":\"https:\\\/\\\/www.strassenweb.de\\\/nachrichten\\\/wp-content\\\/uploads\\\/2024\\\/09\\\/strassenweb-150x150.jpg\",\"url\":\"https:\\\/\\\/www.strassenweb.de\\\/nachrichten\\\/wp-content\\\/uploads\\\/2024\\\/09\\\/strassenweb-150x150.jpg\",\"contentUrl\":\"https:\\\/\\\/www.strassenweb.de\\\/nachrichten\\\/wp-content\\\/uploads\\\/2024\\\/09\\\/strassenweb-150x150.jpg\",\"caption\":\"Robert Hoffmann\"},\"description\":\"Ich hei\u00dfe Robert Hoffmann und ich bin ein leidenschaftlicher Verfechter von \u00d6kologie und Biodiversit\u00e4t. Seit meiner Kindheit in den W\u00e4ldern Bayerns f\u00fchle ich mich mit der Natur verbunden und bin entschlossen, sie zu sch\u00fctzen. Heute widme ich mein Leben der Sensibilisierung anderer f\u00fcr die Bedeutung des Umweltschutzes f\u00fcr zuk\u00fcnftige Generationen.\",\"sameAs\":[\"https:\\\/\\\/www.strassenweb.de\\\/\"]}]}<\/script>\n<!-- \/ Yoast SEO plugin. -->","yoast_head_json":{"title":"Diese Tipps f\u00fcr die Aufbewahrung von Gurken bedeuten weniger Reisen in den Laden, um sich mit Salatzutaten einzudecken - einige k\u00f6nnten Sie \u00fcberraschen - Nachrichten - Stra\u00dfenweb","robots":{"index":"index","follow":"follow","max-snippet":"max-snippet:-1","max-image-preview":"max-image-preview:large","max-video-preview":"max-video-preview:-1"},"canonical":"https:\/\/www.strassenweb.de\/nachrichten\/diese-tipps-fuer-die-aufbewahrung-von-gurken-bedeuten-weniger-reisen-in-den-laden-um-sich-mit-salatzutaten-einzudecken-einige-koennten-sie-ueberraschen\/","og_locale":"de_DE","og_type":"article","og_title":"Diese Tipps f\u00fcr die Aufbewahrung von Gurken bedeuten weniger Reisen in den Laden, um sich mit Salatzutaten einzudecken - einige k\u00f6nnten Sie \u00fcberraschen - Nachrichten - Stra\u00dfenweb","og_description":"Ich liebe Gurken f\u00fcr den erfrischenden Crunch und den tiefen gr\u00fcnen Farbton, den sie zu Rezepten hinzuf\u00fcgen, und einfach mit einem hausgemachten Dip alleine zu","og_url":"https:\/\/www.strassenweb.de\/nachrichten\/diese-tipps-fuer-die-aufbewahrung-von-gurken-bedeuten-weniger-reisen-in-den-laden-um-sich-mit-salatzutaten-einzudecken-einige-koennten-sie-ueberraschen\/","og_site_name":"Stra\u00dfenweb","article_publisher":"https:\/\/www.facebook.com\/strassenweb\/","article_published_time":"2025-06-30T03:39:49+00:00","og_image":[{"width":1600,"height":900,"url":"https:\/\/www.strassenweb.de\/nachrichten\/wp-content\/uploads\/2025\/06\/Diese-Tipps-fuer-die-Aufbewahrung-von-Gurken-bedeuten-weniger-Reisen.jpg","type":"image\/jpeg"}],"author":"Robert Hoffmann","twitter_card":"summary_large_image","twitter_misc":{"Verfasst von":"Robert Hoffmann","Gesch\u00e4tzte Lesezeit":"7\u00a0Minuten"},"schema":{"@context":"https:\/\/schema.org","@graph":[{"@type":"Article","@id":"https:\/\/www.strassenweb.de\/nachrichten\/diese-tipps-fuer-die-aufbewahrung-von-gurken-bedeuten-weniger-reisen-in-den-laden-um-sich-mit-salatzutaten-einzudecken-einige-koennten-sie-ueberraschen\/#article","isPartOf":{"@id":"https:\/\/www.strassenweb.de\/nachrichten\/diese-tipps-fuer-die-aufbewahrung-von-gurken-bedeuten-weniger-reisen-in-den-laden-um-sich-mit-salatzutaten-einzudecken-einige-koennten-sie-ueberraschen\/"},"author":{"name":"Robert Hoffmann","@id":"https:\/\/www.strassenweb.de\/nachrichten\/#\/schema\/person\/87c9c9067f1211da429a744dc5a5aa41"},"headline":"Diese Tipps f\u00fcr die Aufbewahrung von Gurken bedeuten weniger Reisen in den Laden, um sich mit Salatzutaten einzudecken &#8211; einige k\u00f6nnten Sie \u00fcberraschen","datePublished":"2025-06-30T03:39:49+00:00","mainEntityOfPage":{"@id":"https:\/\/www.strassenweb.de\/nachrichten\/diese-tipps-fuer-die-aufbewahrung-von-gurken-bedeuten-weniger-reisen-in-den-laden-um-sich-mit-salatzutaten-einzudecken-einige-koennten-sie-ueberraschen\/"},"wordCount":1424,"publisher":{"@id":"https:\/\/www.strassenweb.de\/nachrichten\/#organization"},"image":{"@id":"https:\/\/www.strassenweb.de\/nachrichten\/diese-tipps-fuer-die-aufbewahrung-von-gurken-bedeuten-weniger-reisen-in-den-laden-um-sich-mit-salatzutaten-einzudecken-einige-koennten-sie-ueberraschen\/#primaryimage"},"thumbnailUrl":"https:\/\/www.strassenweb.de\/nachrichten\/wp-content\/uploads\/2025\/06\/Diese-Tipps-fuer-die-Aufbewahrung-von-Gurken-bedeuten-weniger-Reisen.jpg","keywords":["Aufbewahrung","bedeuten","den","die","diese","einige","einzudecken","f\u00fcr","Gurken","k\u00f6nnten","Laden","mit","reisen","Salatzutaten","sich","Sie","Tipps","\u00fcberraschen","von","weniger"],"articleSection":["Haus &amp; Garten"],"inLanguage":"de"},{"@type":"WebPage","@id":"https:\/\/www.strassenweb.de\/nachrichten\/diese-tipps-fuer-die-aufbewahrung-von-gurken-bedeuten-weniger-reisen-in-den-laden-um-sich-mit-salatzutaten-einzudecken-einige-koennten-sie-ueberraschen\/","url":"https:\/\/www.strassenweb.de\/nachrichten\/diese-tipps-fuer-die-aufbewahrung-von-gurken-bedeuten-weniger-reisen-in-den-laden-um-sich-mit-salatzutaten-einzudecken-einige-koennten-sie-ueberraschen\/","name":"Diese Tipps f\u00fcr die Aufbewahrung von Gurken bedeuten weniger Reisen in den Laden, um sich mit Salatzutaten einzudecken - einige k\u00f6nnten Sie \u00fcberraschen - Nachrichten - Stra\u00dfenweb","isPartOf":{"@id":"https:\/\/www.strassenweb.de\/nachrichten\/#website"},"primaryImageOfPage":{"@id":"https:\/\/www.strassenweb.de\/nachrichten\/diese-tipps-fuer-die-aufbewahrung-von-gurken-bedeuten-weniger-reisen-in-den-laden-um-sich-mit-salatzutaten-einzudecken-einige-koennten-sie-ueberraschen\/#primaryimage"},"image":{"@id":"https:\/\/www.strassenweb.de\/nachrichten\/diese-tipps-fuer-die-aufbewahrung-von-gurken-bedeuten-weniger-reisen-in-den-laden-um-sich-mit-salatzutaten-einzudecken-einige-koennten-sie-ueberraschen\/#primaryimage"},"thumbnailUrl":"https:\/\/www.strassenweb.de\/nachrichten\/wp-content\/uploads\/2025\/06\/Diese-Tipps-fuer-die-Aufbewahrung-von-Gurken-bedeuten-weniger-Reisen.jpg","datePublished":"2025-06-30T03:39:49+00:00","breadcrumb":{"@id":"https:\/\/www.strassenweb.de\/nachrichten\/diese-tipps-fuer-die-aufbewahrung-von-gurken-bedeuten-weniger-reisen-in-den-laden-um-sich-mit-salatzutaten-einzudecken-einige-koennten-sie-ueberraschen\/#breadcrumb"},"inLanguage":"de","potentialAction":[{"@type":"ReadAction","target":["https:\/\/www.strassenweb.de\/nachrichten\/diese-tipps-fuer-die-aufbewahrung-von-gurken-bedeuten-weniger-reisen-in-den-laden-um-sich-mit-salatzutaten-einzudecken-einige-koennten-sie-ueberraschen\/"]}]},{"@type":"ImageObject","inLanguage":"de","@id":"https:\/\/www.strassenweb.de\/nachrichten\/diese-tipps-fuer-die-aufbewahrung-von-gurken-bedeuten-weniger-reisen-in-den-laden-um-sich-mit-salatzutaten-einzudecken-einige-koennten-sie-ueberraschen\/#primaryimage","url":"https:\/\/www.strassenweb.de\/nachrichten\/wp-content\/uploads\/2025\/06\/Diese-Tipps-fuer-die-Aufbewahrung-von-Gurken-bedeuten-weniger-Reisen.jpg","contentUrl":"https:\/\/www.strassenweb.de\/nachrichten\/wp-content\/uploads\/2025\/06\/Diese-Tipps-fuer-die-Aufbewahrung-von-Gurken-bedeuten-weniger-Reisen.jpg","width":1600,"height":900,"caption":"Two hands picking cucumbers from a plant next to a woven basket of cucumbers"},{"@type":"BreadcrumbList","@id":"https:\/\/www.strassenweb.de\/nachrichten\/diese-tipps-fuer-die-aufbewahrung-von-gurken-bedeuten-weniger-reisen-in-den-laden-um-sich-mit-salatzutaten-einzudecken-einige-koennten-sie-ueberraschen\/#breadcrumb","itemListElement":[{"@type":"ListItem","position":1,"name":"Home","item":"https:\/\/www.strassenweb.de\/nachrichten\/"},{"@type":"ListItem","position":2,"name":"Diese Tipps f\u00fcr die Aufbewahrung von Gurken bedeuten weniger Reisen in den Laden, um sich mit Salatzutaten einzudecken &#8211; einige k\u00f6nnten Sie \u00fcberraschen"}]},{"@type":"WebSite","@id":"https:\/\/www.strassenweb.de\/nachrichten\/#website","url":"https:\/\/www.strassenweb.de\/nachrichten\/","name":"Stra\u00dfenweb","description":"Stra\u00dfenverzeichnis f\u00fcr Deutschland","publisher":{"@id":"https:\/\/www.strassenweb.de\/nachrichten\/#organization"},"potentialAction":[{"@type":"SearchAction","target":{"@type":"EntryPoint","urlTemplate":"https:\/\/www.strassenweb.de\/nachrichten\/?s={search_term_string}"},"query-input":{"@type":"PropertyValueSpecification","valueRequired":true,"valueName":"search_term_string"}}],"inLanguage":"de"},{"@type":"Organization","@id":"https:\/\/www.strassenweb.de\/nachrichten\/#organization","name":"Stra\u00dfenweb","url":"https:\/\/www.strassenweb.de\/nachrichten\/","logo":{"@type":"ImageObject","inLanguage":"de","@id":"https:\/\/www.strassenweb.de\/nachrichten\/#\/schema\/logo\/image\/","url":"https:\/\/www.strassenweb.de\/nachrichten\/wp-content\/uploads\/2024\/09\/cropped-favicon.png","contentUrl":"https:\/\/www.strassenweb.de\/nachrichten\/wp-content\/uploads\/2024\/09\/cropped-favicon.png","width":512,"height":512,"caption":"Stra\u00dfenweb"},"image":{"@id":"https:\/\/www.strassenweb.de\/nachrichten\/#\/schema\/logo\/image\/"},"sameAs":["https:\/\/www.facebook.com\/strassenweb\/"]},{"@type":"Person","@id":"https:\/\/www.strassenweb.de\/nachrichten\/#\/schema\/person\/87c9c9067f1211da429a744dc5a5aa41","name":"Robert Hoffmann","image":{"@type":"ImageObject","inLanguage":"de","@id":"https:\/\/www.strassenweb.de\/nachrichten\/wp-content\/uploads\/2024\/09\/strassenweb-150x150.jpg","url":"https:\/\/www.strassenweb.de\/nachrichten\/wp-content\/uploads\/2024\/09\/strassenweb-150x150.jpg","contentUrl":"https:\/\/www.strassenweb.de\/nachrichten\/wp-content\/uploads\/2024\/09\/strassenweb-150x150.jpg","caption":"Robert Hoffmann"},"description":"Ich hei\u00dfe Robert Hoffmann und ich bin ein leidenschaftlicher Verfechter von \u00d6kologie und Biodiversit\u00e4t. Seit meiner Kindheit in den W\u00e4ldern Bayerns f\u00fchle ich mich mit der Natur verbunden und bin entschlossen, sie zu sch\u00fctzen. Heute widme ich mein Leben der Sensibilisierung anderer f\u00fcr die Bedeutung des Umweltschutzes f\u00fcr zuk\u00fcnftige Generationen.","sameAs":["https:\/\/www.strassenweb.de\/"]}]}},"_links":{"self":[{"href":"https:\/\/www.strassenweb.de\/nachrichten\/wp-json\/wp\/v2\/posts\/5977","targetHints":{"allow":["GET"]}}],"collection":[{"href":"https:\/\/www.strassenweb.de\/nachrichten\/wp-json\/wp\/v2\/posts"}],"about":[{"href":"https:\/\/www.strassenweb.de\/nachrichten\/wp-json\/wp\/v2\/types\/post"}],"author":[{"embeddable":true,"href":"https:\/\/www.strassenweb.de\/nachrichten\/wp-json\/wp\/v2\/users\/1"}],"replies":[{"embeddable":true,"href":"https:\/\/www.strassenweb.de\/nachrichten\/wp-json\/wp\/v2\/comments?post=5977"}],"version-history":[{"count":0,"href":"https:\/\/www.strassenweb.de\/nachrichten\/wp-json\/wp\/v2\/posts\/5977\/revisions"}],"wp:featuredmedia":[{"embeddable":true,"href":"https:\/\/www.strassenweb.de\/nachrichten\/wp-json\/wp\/v2\/media\/5978"}],"wp:attachment":[{"href":"https:\/\/www.strassenweb.de\/nachrichten\/wp-json\/wp\/v2\/media?parent=5977"}],"wp:term":[{"taxonomy":"category","embeddable":true,"href":"https:\/\/www.strassenweb.de\/nachrichten\/wp-json\/wp\/v2\/categories?post=5977"},{"taxonomy":"post_tag","embeddable":true,"href":"https:\/\/www.strassenweb.de\/nachrichten\/wp-json\/wp\/v2\/tags?post=5977"}],"curies":[{"name":"wp","href":"https:\/\/api.w.org\/{rel}","templated":true}]}}