{"id":5974,"date":"2025-06-30T01:40:18","date_gmt":"2025-06-29T23:40:18","guid":{"rendered":"https:\/\/www.strassenweb.de\/nachrichten\/in-diesem-sommer-hat-mir-etwas-bisher-etwas-vermisst\/"},"modified":"2025-06-30T01:40:18","modified_gmt":"2025-06-29T23:40:18","slug":"in-diesem-sommer-hat-mir-etwas-bisher-etwas-vermisst","status":"publish","type":"post","link":"https:\/\/www.strassenweb.de\/nachrichten\/in-diesem-sommer-hat-mir-etwas-bisher-etwas-vermisst\/","title":{"rendered":"In diesem Sommer hat mir etwas bisher etwas vermisst"},"content":{"rendered":"<div id=\"article-body\" class=\"article__body \">\n<p>Ich wei\u00df, dass viele Leute es lieben, in den Herbst- und Wintermonaten zu hosten, aber f\u00fcr mich l\u00e4uft meine Hosting -Saison von Ende April bis zum Arbeitstag. Ich verbringe gerne Abende im Freien mit Cocktailstunden mit Freunden und meinen Wochenenden mit der Familie und genie\u00dfe Mahlzeiten bei w\u00e4rmerem Wetter auf meiner Terrasse.<\/p>\n<div id=\"ad-unit-1\" class=\"ad-unit\"><\/div>\n<p>Dies bedeutet, dass ich jedes Jahr meine Terrasse festnage und eine Oase im Freien im Freien schafft, in der ich mehr Zeit verbringe als mein Wohnzimmer im Innen. Aber bisher in diesem Sommer fehlte etwas.<\/p>\n<p>Diese Woche habe ich genau entdeckt, was es war &#8211; eine H\u00e4ngematte. Und nicht irgendeine H\u00e4ngematte, eine schicke H\u00e4ngematte aus Lulu und Georgia. Und Bonus, im Moment hat es 15% Rabatt und dann zus\u00e4tzliche 20% Rabatt, was Teil ihres ortsweiten Sommerverkaufs in dieser Woche ist.<\/p>\n<div class=\"van_vid_carousel\">\n<div class=\"van_vid_carousel__padding\">\n<div class=\"van_vid_carousel__container\"><\/div>\n<\/div>\n<\/div>\n<aside data-component-name=\"Recirculation:ArticleRiver\" data-nosnippet class=\"pt-3 pb-4 mb-4 border-b border-solid border-(#333)\">\n<span class=\"\nafter:content-('') after:flex-1 after:ml-4 after:my-(0.7rem) after:border-t-(#333) after:border-t after:border-solid\nbefore:content-('') before:flex-1 before:mr-4 before:my-(0.7rem) before:border-t-(#333) before:border-t before:border-solid\nfont-article-heading pb-3 !text-base font-bold uppercase sm:text-sm text-(#333) flex\"><\/p>\n<p>Sie m\u00f6gen m\u00f6gen<br \/>\n<\/span><\/p>\n<ul class=\"flex flex-col gap-3 m-0\">\n<li class=\"m-0 list-none\" name=\"recirculation-inline\" data-analytics-id=\"recirculation-inline-1\" analytics-label=\"adviser:related\">\n<picture data-new-v2-image=\"true\" class=\"w-(--article-river-thumbnail-width,60px) flex-shrink-0\"><source type=\"image\/webp\"  ><\/source><\/p>\n<\/picture>\n<span class=\"hover:text-inherit font-article-heading text-base text-(#333) leading-5 content-center\">Ich m\u00f6chte einen Au\u00dfenbereich im Hamptons-Stil direkt aus einem Nancy Meyers-Film schaffen-hier sind die Terrassenfunde, die ich einkaufen kann, um den Look zu bekommen<\/span><\/p>\n<\/li>\n<li class=\"m-0 list-none\" name=\"recirculation-inline\" data-analytics-id=\"recirculation-inline-2\" analytics-label=\"adviser:related\">\n<picture data-new-v2-image=\"true\" class=\"w-(--article-river-thumbnail-width,60px) flex-shrink-0\"><source type=\"image\/webp\"  ><\/source><br \/>\n<img decoding=\"async\" alt=\"Garten mit \u00fcppiger Rasen und Topiary -Hecke mit wei\u00dfen Blumen in den Grenzen und einer wei\u00dfen Holzbank\"   loading=\"lazy\" data-new-v2-image=\"true\" src=\"https:\/\/www.strassenweb.de\/nachrichten\/wp-content\/uploads\/2025\/06\/4jaYCxHvJ6dNoqhXCivfFK.jpg\" data-pin-media=\"https:\/\/www.strassenweb.de\/nachrichten\/wp-content\/uploads\/2025\/06\/4jaYCxHvJ6dNoqhXCivfFK.jpg\" data-pin-nopin=\"true\" class=\"aspect-(--img-listing-aspect-ratio,16\/9) object-cover w-(--article-river-thumbnail-width,60px) flex-shrink-0\">\n<\/picture>\n<span class=\"hover:text-inherit font-article-heading text-base text-(#333) leading-5 content-center\">Ich wollte unbedingt diese neue Aldi -H\u00e4ngematte aufbewahren! Es nagelt den gr\u00f6\u00dften Sommertrend f\u00fcr Retro -Streifen &#8211; und es kostet nur 19,99 US -Dollar<\/span><\/p>\n<\/li>\n<li class=\"m-0 list-none\" name=\"recirculation-inline\" data-analytics-id=\"recirculation-inline-3\" analytics-label=\"adviser:related\">\n<picture data-new-v2-image=\"true\" class=\"w-(--article-river-thumbnail-width,60px) flex-shrink-0\"><source type=\"image\/webp\"  ><\/source><br \/>\n<img decoding=\"async\" alt=\"Wayfair gestreifte Outdoor -M\u00f6bel\"   loading=\"lazy\" data-new-v2-image=\"true\" src=\"https:\/\/www.strassenweb.de\/nachrichten\/wp-content\/uploads\/2025\/06\/SHbiT6A5ZVMySg8dGVscaK.jpg\" data-pin-media=\"https:\/\/www.strassenweb.de\/nachrichten\/wp-content\/uploads\/2025\/06\/SHbiT6A5ZVMySg8dGVscaK.jpg\" data-pin-nopin=\"true\" class=\"aspect-(--img-listing-aspect-ratio,16\/9) object-cover w-(--article-river-thumbnail-width,60px) flex-shrink-0\">\n<\/picture>\n<span class=\"hover:text-inherit font-article-heading text-base text-(#333) leading-5 content-center\">Es gibt ein unglaublich schickes, gestreiftes Outdoor -Dekor, das sich im Weg zum Tagesverkauf versteckt &#8211; dies sind unsere Lieblingsst\u00fccke (ab 50 US -Dollar)<\/span><\/p>\n<\/li>\n<\/ul>\n<\/aside>\n<figure class=\"van-image-figure inline-layout \" data-bordeaux-image-check>\n<div class=\"image-full-width-wrapper\">\n<div class=\"image-widthsetter\" style=\"max-width:2000px;\"><\/div>\n<\/div>\n<\/figure>\n<p>Ich habe es immer geliebt, im Urlaub in einer H\u00e4ngematte zu faulenzen. Ich kann nicht glauben, dass ich so lange gebraucht habe, um einen in meine eigene Terrasse zu bringen. Was es dem Raum hinzugef\u00fcgt hat, ist eine entspanntere Atmosph\u00e4re. Ich habe sowohl einen Loungebereich als auch einen Essbereich im Freien in meinem Hinterhof, die beide stark genutzt werden, und das Aufh\u00e4ngen dieser H\u00e4ngematte am Rand des Wohnbereichs hat fast einen ganz neuen Au\u00dfenraum geschaffen.<\/p>\n<div id=\"ad-unit-2\" class=\"ad-unit\"><\/div>\n<aside data-block-type=\"embed\" data-render-type=\"fte\" data-skip=\"dealsy\" data-widget-type=\"seasonal\" class=\"hawk-base\"><\/aside>\n<p>Es dient einem anderen Zweck als die anderen R\u00e4ume; Es ist eine Flucht f\u00fcr G\u00e4ste, wenn sie es brauchen, und dort habe ich festgestellt, dass ich die meiste Zeit verbringe, wenn ich auch allein im Hinterhof bin. Es ist das gleiche entspannte Gef\u00fchl wie auf einer Couch im Freien, aber noch mehr. Ich f\u00fchle mich wie im Urlaub, wenn ich sanft in dieser H\u00e4ngematte mit einem Buch und einem Eiskaffee schwinge. Eine Resort-\u00e4hnliche Flucht f\u00fcr 134,60 US-Dollar? Ja, bitte.<\/p>\n<div class=\"product-container horizontal-product-container\">\n<div class=\"product-block-row\"><\/div>\n<\/div>\n<hr>\n<p>Der Sommerverkauf von Lulu und Georgia ist mit vielen mehr stilvollen Teilen gef\u00fcllt, um Ihre Terrasse zu aktualisieren, und auch in Ihren Innenr\u00e4umen. Es gibt bis zu 30% Rabatt auf der gesamten Website, aber das beinhaltet auch Verkaufsartikel, sodass Sie jetzt einige wirklich gute Qualit\u00e4t zu wirklich vern\u00fcnftigen Preisen finden. Achten Sie also darauf, diese Angebote nicht zu verpassen, solange sie dauern.<\/p>\n<div id=\"slice-container-newsletterForm-articleInbodyContent-sxWm4x4ahm2w6uCnAeYLgE\" class=\"slice-container newsletter-inbodyContent-slice newsletterForm-articleInbodyContent-sxWm4x4ahm2w6uCnAeYLgE slice-container-newsletterForm\"><\/div>\n<\/div>\n","protected":false},"excerpt":{"rendered":"<p>Ich wei\u00df, dass viele Leute es lieben, in den Herbst- und Wintermonaten zu hosten, aber f\u00fcr mich l\u00e4uft meine Hosting -Saison von Ende April bis<\/p>\n","protected":false},"author":1,"featured_media":5975,"comment_status":"closed","ping_status":"","sticky":false,"template":"","format":"standard","meta":{"footnotes":""},"categories":[118],"tags":[2124,32,1855,189,603,385,8337],"class_list":["post-5974","post","type-post","status-publish","format-standard","has-post-thumbnail","hentry","category-haus-garten","tag-bisher","tag-diesem","tag-etwas","tag-hat","tag-mir","tag-sommer","tag-vermisst","generate-columns","tablet-grid-50","mobile-grid-100","grid-parent","grid-50"],"yoast_head":"<!-- This site is optimized with the Yoast SEO plugin v27.3 - https:\/\/yoast.com\/product\/yoast-seo-wordpress\/ -->\n<title>In diesem Sommer hat mir etwas bisher etwas vermisst - Nachrichten - Stra\u00dfenweb<\/title>\n<meta name=\"robots\" content=\"index, follow, max-snippet:-1, max-image-preview:large, max-video-preview:-1\" \/>\n<link rel=\"canonical\" href=\"https:\/\/www.strassenweb.de\/nachrichten\/in-diesem-sommer-hat-mir-etwas-bisher-etwas-vermisst\/\" \/>\n<meta property=\"og:locale\" content=\"de_DE\" \/>\n<meta property=\"og:type\" content=\"article\" \/>\n<meta property=\"og:title\" content=\"In diesem Sommer hat mir etwas bisher etwas vermisst - Nachrichten - Stra\u00dfenweb\" \/>\n<meta property=\"og:description\" content=\"Ich wei\u00df, dass viele Leute es lieben, in den Herbst- und Wintermonaten zu hosten, aber f\u00fcr mich l\u00e4uft meine Hosting -Saison von Ende April bis\" \/>\n<meta property=\"og:url\" content=\"https:\/\/www.strassenweb.de\/nachrichten\/in-diesem-sommer-hat-mir-etwas-bisher-etwas-vermisst\/\" \/>\n<meta property=\"og:site_name\" content=\"Stra\u00dfenweb\" \/>\n<meta property=\"article:publisher\" content=\"https:\/\/www.facebook.com\/strassenweb\/\" \/>\n<meta property=\"article:published_time\" content=\"2025-06-29T23:40:18+00:00\" \/>\n<meta property=\"og:image\" content=\"https:\/\/www.strassenweb.de\/nachrichten\/wp-content\/uploads\/2025\/06\/In-diesem-Sommer-hat-mir-etwas-bisher-etwas-vermisst.jpg\" \/>\n\t<meta property=\"og:image:width\" content=\"1600\" \/>\n\t<meta property=\"og:image:height\" content=\"900\" \/>\n\t<meta property=\"og:image:type\" content=\"image\/jpeg\" \/>\n<meta name=\"author\" content=\"Robert Hoffmann\" \/>\n<meta name=\"twitter:card\" content=\"summary_large_image\" \/>\n<meta name=\"twitter:label1\" content=\"Verfasst von\" \/>\n\t<meta name=\"twitter:data1\" content=\"Robert Hoffmann\" \/>\n\t<meta name=\"twitter:label2\" content=\"Gesch\u00e4tzte Lesezeit\" \/>\n\t<meta name=\"twitter:data2\" content=\"2\u00a0Minuten\" \/>\n<script type=\"application\/ld+json\" class=\"yoast-schema-graph\">{\"@context\":\"https:\\\/\\\/schema.org\",\"@graph\":[{\"@type\":\"Article\",\"@id\":\"https:\\\/\\\/www.strassenweb.de\\\/nachrichten\\\/in-diesem-sommer-hat-mir-etwas-bisher-etwas-vermisst\\\/#article\",\"isPartOf\":{\"@id\":\"https:\\\/\\\/www.strassenweb.de\\\/nachrichten\\\/in-diesem-sommer-hat-mir-etwas-bisher-etwas-vermisst\\\/\"},\"author\":{\"name\":\"Robert Hoffmann\",\"@id\":\"https:\\\/\\\/www.strassenweb.de\\\/nachrichten\\\/#\\\/schema\\\/person\\\/87c9c9067f1211da429a744dc5a5aa41\"},\"headline\":\"In diesem Sommer hat mir etwas bisher etwas vermisst\",\"datePublished\":\"2025-06-29T23:40:18+00:00\",\"mainEntityOfPage\":{\"@id\":\"https:\\\/\\\/www.strassenweb.de\\\/nachrichten\\\/in-diesem-sommer-hat-mir-etwas-bisher-etwas-vermisst\\\/\"},\"wordCount\":460,\"publisher\":{\"@id\":\"https:\\\/\\\/www.strassenweb.de\\\/nachrichten\\\/#organization\"},\"image\":{\"@id\":\"https:\\\/\\\/www.strassenweb.de\\\/nachrichten\\\/in-diesem-sommer-hat-mir-etwas-bisher-etwas-vermisst\\\/#primaryimage\"},\"thumbnailUrl\":\"https:\\\/\\\/www.strassenweb.de\\\/nachrichten\\\/wp-content\\\/uploads\\\/2025\\\/06\\\/In-diesem-Sommer-hat-mir-etwas-bisher-etwas-vermisst.jpg\",\"keywords\":[\"bisher\",\"diesem\",\"etwas\",\"hat\",\"mir\",\"Sommer\",\"vermisst\"],\"articleSection\":[\"Haus &amp; Garten\"],\"inLanguage\":\"de\"},{\"@type\":\"WebPage\",\"@id\":\"https:\\\/\\\/www.strassenweb.de\\\/nachrichten\\\/in-diesem-sommer-hat-mir-etwas-bisher-etwas-vermisst\\\/\",\"url\":\"https:\\\/\\\/www.strassenweb.de\\\/nachrichten\\\/in-diesem-sommer-hat-mir-etwas-bisher-etwas-vermisst\\\/\",\"name\":\"In diesem Sommer hat mir etwas bisher etwas vermisst - Nachrichten - Stra\u00dfenweb\",\"isPartOf\":{\"@id\":\"https:\\\/\\\/www.strassenweb.de\\\/nachrichten\\\/#website\"},\"primaryImageOfPage\":{\"@id\":\"https:\\\/\\\/www.strassenweb.de\\\/nachrichten\\\/in-diesem-sommer-hat-mir-etwas-bisher-etwas-vermisst\\\/#primaryimage\"},\"image\":{\"@id\":\"https:\\\/\\\/www.strassenweb.de\\\/nachrichten\\\/in-diesem-sommer-hat-mir-etwas-bisher-etwas-vermisst\\\/#primaryimage\"},\"thumbnailUrl\":\"https:\\\/\\\/www.strassenweb.de\\\/nachrichten\\\/wp-content\\\/uploads\\\/2025\\\/06\\\/In-diesem-Sommer-hat-mir-etwas-bisher-etwas-vermisst.jpg\",\"datePublished\":\"2025-06-29T23:40:18+00:00\",\"breadcrumb\":{\"@id\":\"https:\\\/\\\/www.strassenweb.de\\\/nachrichten\\\/in-diesem-sommer-hat-mir-etwas-bisher-etwas-vermisst\\\/#breadcrumb\"},\"inLanguage\":\"de\",\"potentialAction\":[{\"@type\":\"ReadAction\",\"target\":[\"https:\\\/\\\/www.strassenweb.de\\\/nachrichten\\\/in-diesem-sommer-hat-mir-etwas-bisher-etwas-vermisst\\\/\"]}]},{\"@type\":\"ImageObject\",\"inLanguage\":\"de\",\"@id\":\"https:\\\/\\\/www.strassenweb.de\\\/nachrichten\\\/in-diesem-sommer-hat-mir-etwas-bisher-etwas-vermisst\\\/#primaryimage\",\"url\":\"https:\\\/\\\/www.strassenweb.de\\\/nachrichten\\\/wp-content\\\/uploads\\\/2025\\\/06\\\/In-diesem-Sommer-hat-mir-etwas-bisher-etwas-vermisst.jpg\",\"contentUrl\":\"https:\\\/\\\/www.strassenweb.de\\\/nachrichten\\\/wp-content\\\/uploads\\\/2025\\\/06\\\/In-diesem-Sommer-hat-mir-etwas-bisher-etwas-vermisst.jpg\",\"width\":1600,\"height\":900,\"caption\":\"Lulu and Georgia hammock with striped scalloped edges and matching pillow\"},{\"@type\":\"BreadcrumbList\",\"@id\":\"https:\\\/\\\/www.strassenweb.de\\\/nachrichten\\\/in-diesem-sommer-hat-mir-etwas-bisher-etwas-vermisst\\\/#breadcrumb\",\"itemListElement\":[{\"@type\":\"ListItem\",\"position\":1,\"name\":\"Home\",\"item\":\"https:\\\/\\\/www.strassenweb.de\\\/nachrichten\\\/\"},{\"@type\":\"ListItem\",\"position\":2,\"name\":\"In diesem Sommer hat mir etwas bisher etwas vermisst\"}]},{\"@type\":\"WebSite\",\"@id\":\"https:\\\/\\\/www.strassenweb.de\\\/nachrichten\\\/#website\",\"url\":\"https:\\\/\\\/www.strassenweb.de\\\/nachrichten\\\/\",\"name\":\"Stra\u00dfenweb\",\"description\":\"Stra\u00dfenverzeichnis f\u00fcr Deutschland\",\"publisher\":{\"@id\":\"https:\\\/\\\/www.strassenweb.de\\\/nachrichten\\\/#organization\"},\"potentialAction\":[{\"@type\":\"SearchAction\",\"target\":{\"@type\":\"EntryPoint\",\"urlTemplate\":\"https:\\\/\\\/www.strassenweb.de\\\/nachrichten\\\/?s={search_term_string}\"},\"query-input\":{\"@type\":\"PropertyValueSpecification\",\"valueRequired\":true,\"valueName\":\"search_term_string\"}}],\"inLanguage\":\"de\"},{\"@type\":\"Organization\",\"@id\":\"https:\\\/\\\/www.strassenweb.de\\\/nachrichten\\\/#organization\",\"name\":\"Stra\u00dfenweb\",\"url\":\"https:\\\/\\\/www.strassenweb.de\\\/nachrichten\\\/\",\"logo\":{\"@type\":\"ImageObject\",\"inLanguage\":\"de\",\"@id\":\"https:\\\/\\\/www.strassenweb.de\\\/nachrichten\\\/#\\\/schema\\\/logo\\\/image\\\/\",\"url\":\"https:\\\/\\\/www.strassenweb.de\\\/nachrichten\\\/wp-content\\\/uploads\\\/2024\\\/09\\\/cropped-favicon.png\",\"contentUrl\":\"https:\\\/\\\/www.strassenweb.de\\\/nachrichten\\\/wp-content\\\/uploads\\\/2024\\\/09\\\/cropped-favicon.png\",\"width\":512,\"height\":512,\"caption\":\"Stra\u00dfenweb\"},\"image\":{\"@id\":\"https:\\\/\\\/www.strassenweb.de\\\/nachrichten\\\/#\\\/schema\\\/logo\\\/image\\\/\"},\"sameAs\":[\"https:\\\/\\\/www.facebook.com\\\/strassenweb\\\/\"]},{\"@type\":\"Person\",\"@id\":\"https:\\\/\\\/www.strassenweb.de\\\/nachrichten\\\/#\\\/schema\\\/person\\\/87c9c9067f1211da429a744dc5a5aa41\",\"name\":\"Robert Hoffmann\",\"image\":{\"@type\":\"ImageObject\",\"inLanguage\":\"de\",\"@id\":\"https:\\\/\\\/www.strassenweb.de\\\/nachrichten\\\/wp-content\\\/uploads\\\/2024\\\/09\\\/strassenweb-150x150.jpg\",\"url\":\"https:\\\/\\\/www.strassenweb.de\\\/nachrichten\\\/wp-content\\\/uploads\\\/2024\\\/09\\\/strassenweb-150x150.jpg\",\"contentUrl\":\"https:\\\/\\\/www.strassenweb.de\\\/nachrichten\\\/wp-content\\\/uploads\\\/2024\\\/09\\\/strassenweb-150x150.jpg\",\"caption\":\"Robert Hoffmann\"},\"description\":\"Ich hei\u00dfe Robert Hoffmann und ich bin ein leidenschaftlicher Verfechter von \u00d6kologie und Biodiversit\u00e4t. Seit meiner Kindheit in den W\u00e4ldern Bayerns f\u00fchle ich mich mit der Natur verbunden und bin entschlossen, sie zu sch\u00fctzen. Heute widme ich mein Leben der Sensibilisierung anderer f\u00fcr die Bedeutung des Umweltschutzes f\u00fcr zuk\u00fcnftige Generationen.\",\"sameAs\":[\"https:\\\/\\\/www.strassenweb.de\\\/\"]}]}<\/script>\n<!-- \/ Yoast SEO plugin. -->","yoast_head_json":{"title":"In diesem Sommer hat mir etwas bisher etwas vermisst - Nachrichten - Stra\u00dfenweb","robots":{"index":"index","follow":"follow","max-snippet":"max-snippet:-1","max-image-preview":"max-image-preview:large","max-video-preview":"max-video-preview:-1"},"canonical":"https:\/\/www.strassenweb.de\/nachrichten\/in-diesem-sommer-hat-mir-etwas-bisher-etwas-vermisst\/","og_locale":"de_DE","og_type":"article","og_title":"In diesem Sommer hat mir etwas bisher etwas vermisst - Nachrichten - Stra\u00dfenweb","og_description":"Ich wei\u00df, dass viele Leute es lieben, in den Herbst- und Wintermonaten zu hosten, aber f\u00fcr mich l\u00e4uft meine Hosting -Saison von Ende April bis","og_url":"https:\/\/www.strassenweb.de\/nachrichten\/in-diesem-sommer-hat-mir-etwas-bisher-etwas-vermisst\/","og_site_name":"Stra\u00dfenweb","article_publisher":"https:\/\/www.facebook.com\/strassenweb\/","article_published_time":"2025-06-29T23:40:18+00:00","og_image":[{"width":1600,"height":900,"url":"https:\/\/www.strassenweb.de\/nachrichten\/wp-content\/uploads\/2025\/06\/In-diesem-Sommer-hat-mir-etwas-bisher-etwas-vermisst.jpg","type":"image\/jpeg"}],"author":"Robert Hoffmann","twitter_card":"summary_large_image","twitter_misc":{"Verfasst von":"Robert Hoffmann","Gesch\u00e4tzte Lesezeit":"2\u00a0Minuten"},"schema":{"@context":"https:\/\/schema.org","@graph":[{"@type":"Article","@id":"https:\/\/www.strassenweb.de\/nachrichten\/in-diesem-sommer-hat-mir-etwas-bisher-etwas-vermisst\/#article","isPartOf":{"@id":"https:\/\/www.strassenweb.de\/nachrichten\/in-diesem-sommer-hat-mir-etwas-bisher-etwas-vermisst\/"},"author":{"name":"Robert Hoffmann","@id":"https:\/\/www.strassenweb.de\/nachrichten\/#\/schema\/person\/87c9c9067f1211da429a744dc5a5aa41"},"headline":"In diesem Sommer hat mir etwas bisher etwas vermisst","datePublished":"2025-06-29T23:40:18+00:00","mainEntityOfPage":{"@id":"https:\/\/www.strassenweb.de\/nachrichten\/in-diesem-sommer-hat-mir-etwas-bisher-etwas-vermisst\/"},"wordCount":460,"publisher":{"@id":"https:\/\/www.strassenweb.de\/nachrichten\/#organization"},"image":{"@id":"https:\/\/www.strassenweb.de\/nachrichten\/in-diesem-sommer-hat-mir-etwas-bisher-etwas-vermisst\/#primaryimage"},"thumbnailUrl":"https:\/\/www.strassenweb.de\/nachrichten\/wp-content\/uploads\/2025\/06\/In-diesem-Sommer-hat-mir-etwas-bisher-etwas-vermisst.jpg","keywords":["bisher","diesem","etwas","hat","mir","Sommer","vermisst"],"articleSection":["Haus &amp; Garten"],"inLanguage":"de"},{"@type":"WebPage","@id":"https:\/\/www.strassenweb.de\/nachrichten\/in-diesem-sommer-hat-mir-etwas-bisher-etwas-vermisst\/","url":"https:\/\/www.strassenweb.de\/nachrichten\/in-diesem-sommer-hat-mir-etwas-bisher-etwas-vermisst\/","name":"In diesem Sommer hat mir etwas bisher etwas vermisst - Nachrichten - Stra\u00dfenweb","isPartOf":{"@id":"https:\/\/www.strassenweb.de\/nachrichten\/#website"},"primaryImageOfPage":{"@id":"https:\/\/www.strassenweb.de\/nachrichten\/in-diesem-sommer-hat-mir-etwas-bisher-etwas-vermisst\/#primaryimage"},"image":{"@id":"https:\/\/www.strassenweb.de\/nachrichten\/in-diesem-sommer-hat-mir-etwas-bisher-etwas-vermisst\/#primaryimage"},"thumbnailUrl":"https:\/\/www.strassenweb.de\/nachrichten\/wp-content\/uploads\/2025\/06\/In-diesem-Sommer-hat-mir-etwas-bisher-etwas-vermisst.jpg","datePublished":"2025-06-29T23:40:18+00:00","breadcrumb":{"@id":"https:\/\/www.strassenweb.de\/nachrichten\/in-diesem-sommer-hat-mir-etwas-bisher-etwas-vermisst\/#breadcrumb"},"inLanguage":"de","potentialAction":[{"@type":"ReadAction","target":["https:\/\/www.strassenweb.de\/nachrichten\/in-diesem-sommer-hat-mir-etwas-bisher-etwas-vermisst\/"]}]},{"@type":"ImageObject","inLanguage":"de","@id":"https:\/\/www.strassenweb.de\/nachrichten\/in-diesem-sommer-hat-mir-etwas-bisher-etwas-vermisst\/#primaryimage","url":"https:\/\/www.strassenweb.de\/nachrichten\/wp-content\/uploads\/2025\/06\/In-diesem-Sommer-hat-mir-etwas-bisher-etwas-vermisst.jpg","contentUrl":"https:\/\/www.strassenweb.de\/nachrichten\/wp-content\/uploads\/2025\/06\/In-diesem-Sommer-hat-mir-etwas-bisher-etwas-vermisst.jpg","width":1600,"height":900,"caption":"Lulu and Georgia hammock with striped scalloped edges and matching pillow"},{"@type":"BreadcrumbList","@id":"https:\/\/www.strassenweb.de\/nachrichten\/in-diesem-sommer-hat-mir-etwas-bisher-etwas-vermisst\/#breadcrumb","itemListElement":[{"@type":"ListItem","position":1,"name":"Home","item":"https:\/\/www.strassenweb.de\/nachrichten\/"},{"@type":"ListItem","position":2,"name":"In diesem Sommer hat mir etwas bisher etwas vermisst"}]},{"@type":"WebSite","@id":"https:\/\/www.strassenweb.de\/nachrichten\/#website","url":"https:\/\/www.strassenweb.de\/nachrichten\/","name":"Stra\u00dfenweb","description":"Stra\u00dfenverzeichnis f\u00fcr Deutschland","publisher":{"@id":"https:\/\/www.strassenweb.de\/nachrichten\/#organization"},"potentialAction":[{"@type":"SearchAction","target":{"@type":"EntryPoint","urlTemplate":"https:\/\/www.strassenweb.de\/nachrichten\/?s={search_term_string}"},"query-input":{"@type":"PropertyValueSpecification","valueRequired":true,"valueName":"search_term_string"}}],"inLanguage":"de"},{"@type":"Organization","@id":"https:\/\/www.strassenweb.de\/nachrichten\/#organization","name":"Stra\u00dfenweb","url":"https:\/\/www.strassenweb.de\/nachrichten\/","logo":{"@type":"ImageObject","inLanguage":"de","@id":"https:\/\/www.strassenweb.de\/nachrichten\/#\/schema\/logo\/image\/","url":"https:\/\/www.strassenweb.de\/nachrichten\/wp-content\/uploads\/2024\/09\/cropped-favicon.png","contentUrl":"https:\/\/www.strassenweb.de\/nachrichten\/wp-content\/uploads\/2024\/09\/cropped-favicon.png","width":512,"height":512,"caption":"Stra\u00dfenweb"},"image":{"@id":"https:\/\/www.strassenweb.de\/nachrichten\/#\/schema\/logo\/image\/"},"sameAs":["https:\/\/www.facebook.com\/strassenweb\/"]},{"@type":"Person","@id":"https:\/\/www.strassenweb.de\/nachrichten\/#\/schema\/person\/87c9c9067f1211da429a744dc5a5aa41","name":"Robert Hoffmann","image":{"@type":"ImageObject","inLanguage":"de","@id":"https:\/\/www.strassenweb.de\/nachrichten\/wp-content\/uploads\/2024\/09\/strassenweb-150x150.jpg","url":"https:\/\/www.strassenweb.de\/nachrichten\/wp-content\/uploads\/2024\/09\/strassenweb-150x150.jpg","contentUrl":"https:\/\/www.strassenweb.de\/nachrichten\/wp-content\/uploads\/2024\/09\/strassenweb-150x150.jpg","caption":"Robert Hoffmann"},"description":"Ich hei\u00dfe Robert Hoffmann und ich bin ein leidenschaftlicher Verfechter von \u00d6kologie und Biodiversit\u00e4t. Seit meiner Kindheit in den W\u00e4ldern Bayerns f\u00fchle ich mich mit der Natur verbunden und bin entschlossen, sie zu sch\u00fctzen. Heute widme ich mein Leben der Sensibilisierung anderer f\u00fcr die Bedeutung des Umweltschutzes f\u00fcr zuk\u00fcnftige Generationen.","sameAs":["https:\/\/www.strassenweb.de\/"]}]}},"_links":{"self":[{"href":"https:\/\/www.strassenweb.de\/nachrichten\/wp-json\/wp\/v2\/posts\/5974","targetHints":{"allow":["GET"]}}],"collection":[{"href":"https:\/\/www.strassenweb.de\/nachrichten\/wp-json\/wp\/v2\/posts"}],"about":[{"href":"https:\/\/www.strassenweb.de\/nachrichten\/wp-json\/wp\/v2\/types\/post"}],"author":[{"embeddable":true,"href":"https:\/\/www.strassenweb.de\/nachrichten\/wp-json\/wp\/v2\/users\/1"}],"replies":[{"embeddable":true,"href":"https:\/\/www.strassenweb.de\/nachrichten\/wp-json\/wp\/v2\/comments?post=5974"}],"version-history":[{"count":0,"href":"https:\/\/www.strassenweb.de\/nachrichten\/wp-json\/wp\/v2\/posts\/5974\/revisions"}],"wp:featuredmedia":[{"embeddable":true,"href":"https:\/\/www.strassenweb.de\/nachrichten\/wp-json\/wp\/v2\/media\/5975"}],"wp:attachment":[{"href":"https:\/\/www.strassenweb.de\/nachrichten\/wp-json\/wp\/v2\/media?parent=5974"}],"wp:term":[{"taxonomy":"category","embeddable":true,"href":"https:\/\/www.strassenweb.de\/nachrichten\/wp-json\/wp\/v2\/categories?post=5974"},{"taxonomy":"post_tag","embeddable":true,"href":"https:\/\/www.strassenweb.de\/nachrichten\/wp-json\/wp\/v2\/tags?post=5974"}],"curies":[{"name":"wp","href":"https:\/\/api.w.org\/{rel}","templated":true}]}}