{"id":5971,"date":"2025-06-29T21:39:33","date_gmt":"2025-06-29T19:39:33","guid":{"rendered":"https:\/\/www.strassenweb.de\/nachrichten\/ich-habe-es-satt-dass-meine-outdoor-kissen-von-ploetzlichen-sommerduschen-durchnaesst-werden-diese-multifunktionale-premium-fix-ist-das-worauf-die-1000er-menschen-schwoeren\/"},"modified":"2025-06-29T21:39:34","modified_gmt":"2025-06-29T19:39:34","slug":"ich-habe-es-satt-dass-meine-outdoor-kissen-von-ploetzlichen-sommerduschen-durchnaesst-werden-diese-multifunktionale-premium-fix-ist-das-worauf-die-1000er-menschen-schwoeren","status":"publish","type":"post","link":"https:\/\/www.strassenweb.de\/nachrichten\/ich-habe-es-satt-dass-meine-outdoor-kissen-von-ploetzlichen-sommerduschen-durchnaesst-werden-diese-multifunktionale-premium-fix-ist-das-worauf-die-1000er-menschen-schwoeren\/","title":{"rendered":"Ich habe es satt, dass meine Outdoor-Kissen von pl\u00f6tzlichen Sommerduschen durchn\u00e4sst werden-diese multifunktionale &#8218;Premium&#8216;-Fix ist das, worauf die 1000er Menschen schw\u00f6ren"},"content":{"rendered":"<div id=\"article-body\" class=\"article__body \">\n<p>Ich habe nur einen kleinen Garten, aber auf meinen Terrassenm\u00f6beln mit bequemen, dicken Kissen zu sitzen, ist eine der kleinen Freuden meines Lebens. Die gleichen Kissen werden jedoch in einer pl\u00f6tzlichen Sommerdusche durchn\u00e4sst, und es ist nicht so angenehm.<\/p>\n<div id=\"ad-unit-1\" class=\"ad-unit\"><\/div>\n<p>Um meine Kissen bereit zu halten, wann immer ich bin, spreche ich dieses multifunktionale <u>Wasserdicht im Freienpolsterlager von Amazon von Amazon<\/u>.<\/p>\n<aside data-block-type=\"embed\" data-render-type=\"fte\" data-skip=\"dealsy\" data-widget-type=\"seasonal\" class=\"hawk-base\"><\/aside>\n<p>Das <u>Aufbewahrungsideen im Freien f\u00fcr kleine Yards<\/u> ist die perfekte Erg\u00e4nzung und h\u00e4lt meine Kissen trocken, wenn sie nicht benutzt wird, w\u00e4hrend ich f\u00fcr die G\u00e4ste als praktische zus\u00e4tzliche Sitzpl\u00e4tze verdoppelt und die Notwendigkeit negiert, dass ich zus\u00e4tzliche Sitze festlegt, die ich nicht oft brauche.<\/p>\n<div class=\"van_vid_carousel\">\n<div class=\"van_vid_carousel__padding\">\n<div class=\"van_vid_carousel__container\"><\/div>\n<\/div>\n<\/div>\n<aside data-component-name=\"Recirculation:ArticleRiver\" data-nosnippet class=\"pt-3 pb-4 mb-4 border-b border-solid border-(#333)\">\n<span class=\"\nafter:content-('') after:flex-1 after:ml-4 after:my-(0.7rem) after:border-t-(#333) after:border-t after:border-solid\nbefore:content-('') before:flex-1 before:mr-4 before:my-(0.7rem) before:border-t-(#333) before:border-t before:border-solid\nfont-article-heading pb-3 !text-base font-bold uppercase sm:text-sm text-(#333) flex\"><\/p>\n<p>Sie m\u00f6gen m\u00f6gen<br \/>\n<\/span><\/p>\n<ul class=\"flex flex-col gap-3 m-0\">\n<li class=\"m-0 list-none\" name=\"recirculation-inline\" data-analytics-id=\"recirculation-inline-1\" analytics-label=\"adviser:related\">\n<picture data-new-v2-image=\"true\" class=\"w-(--article-river-thumbnail-width,60px) flex-shrink-0\"><source type=\"image\/webp\"  ><\/source><\/p>\n<\/picture>\n<span class=\"hover:text-inherit font-article-heading text-base text-(#333) leading-5 content-center\">Ich bin ein Homes -Editor und dies sind die 4 wichtigsten Speicherelemente, die ich in diesem Fr\u00fchjahr \u201ezum Wagen hinzuf\u00fcgen\u201c &#8211; und warum Sie es auch sollten<\/span><\/p>\n<\/li>\n<li class=\"m-0 list-none\" name=\"recirculation-inline\" data-analytics-id=\"recirculation-inline-2\" analytics-label=\"adviser:related\">\n<picture data-new-v2-image=\"true\" class=\"w-(--article-river-thumbnail-width,60px) flex-shrink-0\"><source type=\"image\/webp\"  ><\/source><br \/>\n<img decoding=\"async\" alt=\"Gro\u00dfer sehr sauberer und gut gepflegter, gepflasterter Bereich im Freien, der Poolhaus, Essm\u00f6bel im Freien und die Rand eines Pools im Vordergrund zeigt\"   loading=\"lazy\" data-new-v2-image=\"true\" src=\"https:\/\/www.strassenweb.de\/nachrichten\/wp-content\/uploads\/2025\/04\/2uUowkBJVo6ogUnziksN83.jpg\" data-pin-media=\"https:\/\/www.strassenweb.de\/nachrichten\/wp-content\/uploads\/2025\/04\/2uUowkBJVo6ogUnziksN83.jpg\" data-pin-nopin=\"true\" class=\"aspect-(--img-listing-aspect-ratio,16\/9) object-cover w-(--article-river-thumbnail-width,60px) flex-shrink-0\">\n<\/picture>\n<span class=\"hover:text-inherit font-article-heading text-base text-(#333) leading-5 content-center\">Dies ist der einzige Fehler, der dazu f\u00fchren k\u00f6nnte, dass Ihre Terrassenm\u00f6bel doppelt so schnell abnutzen<\/span><\/p>\n<\/li>\n<li class=\"m-0 list-none\" name=\"recirculation-inline\" data-analytics-id=\"recirculation-inline-3\" analytics-label=\"adviser:related\">\n<picture data-new-v2-image=\"true\" class=\"w-(--article-river-thumbnail-width,60px) flex-shrink-0\"><source type=\"image\/webp\"  ><\/source><br \/>\n<img decoding=\"async\" alt=\"Martha Stewart\"   loading=\"lazy\" data-new-v2-image=\"true\" src=\"https:\/\/www.strassenweb.de\/nachrichten\/wp-content\/uploads\/2025\/03\/bVN24TqBeLcbMNmXvZuFkg.jpg\" data-pin-media=\"https:\/\/www.strassenweb.de\/nachrichten\/wp-content\/uploads\/2025\/03\/bVN24TqBeLcbMNmXvZuFkg.jpg\" data-pin-nopin=\"true\" class=\"aspect-(--img-listing-aspect-ratio,16\/9) object-cover w-(--article-river-thumbnail-width,60px) flex-shrink-0\">\n<\/picture>\n<span class=\"hover:text-inherit font-article-heading text-base text-(#333) leading-5 content-center\">Ich brauche eine intelligente, aber schicke Aufbewahrungsbank f\u00fcr meinen winzigen Wohnungseingang-dieses Martha Stewart-entworfene St\u00fcck ist die L\u00f6sung (und es wird um 57%reduziert)<\/span><\/p>\n<\/li>\n<\/ul>\n<\/aside>\n<h2 id=\"why-an-outdoor-cushion-storage-bench-is-a-winner-3\">Warum eine Aufbewahrungsbank im Freien ein Gewinner ist<\/h2>\n<div class=\"product-container horizontal-product-container\">\n<div class=\"product-block-row\"><\/div>\n<\/div>\n<p>Ich habe Hunderte von Auflistungen in mehreren Einzelh\u00e4ndlern durchgesetzt und mich f\u00fcr seine Vielseitigkeit, einen angemessenen Preis und hochwertige Materialien f\u00fcr die oben genannte Gesamtheit entschieden.<\/p>\n<div id=\"ad-unit-2\" class=\"ad-unit\"><\/div>\n<p>Entscheidend ist, dass die Schachtel abschlie\u00dfbar ist. Wenn Sie also etwas anderes einkleben m\u00f6chten, anstatt sich in Ihren staubigen Schuppen oder in die Garage zu \u00fcbertreffen, ist sie genau zur Hand. Au\u00dferdem werden Sie nicht in den Deckel gefangen werden, da sie Hydraulik f\u00fcr eine langsame und sichere \u00d6ffnung und Schlie\u00dfung des Deckels enth\u00e4lt.<\/p>\n<p>Der ger\u00e4umige <u>Amazon Outdoor Storage Bank,<\/u> Das ist die perfekte L\u00f6sung f\u00fcr pl\u00f6tzliche Sommerschauer als bequeme Sitzpl\u00e4tze f\u00fcr G\u00e4ste. Es besteht aus wasserdichtem Harz mit hoher Dichte, ist verbl\u00fcffend und in einem Nachahmungs-Rattan-Muster (ein beliebter <u>Dekorationstrend im Freien<\/u>) Um es mit anderen Hinterhofspeicherideen einzuschlie\u00dfen, anstatt sich wie ein schmerzender Daumen herauszuholen.<\/p>\n<p>Das Kissen, mit dem es geliefert wird, ist wasserdicht und das Harz ist riss- und rostfeste. Mehr als 5000 K\u00e4ufer haben es bewertet und haben durchschnittlich 4,4\/5 Sterne.<\/p>\n<p>Der verifizierte K\u00e4ufer Taryn T sagt, es sei &#8222;ger\u00e4umig, schlank und wirklich wasserdicht&#8220;. Sie erkl\u00e4rt weiter in ihrer Rezension: \u201eDiese Deckbox passt alles, von Poolt\u00fcchern und Schwimmer bis hin zu Gartenwerkzeugen und h\u00e4lt alles w\u00e4hrend Oregon -Regenf\u00e4lle trocken.<\/p>\n<p>&#8218;Es war einfach zu versammeln (habe mich unter 30 Minuten alleine gemacht), und der Deckel hat einen reibungslosen hydraulischen Auftrieb, der zu diesem Preis mehr Pr\u00e4mie als ich erwartet hatte. Bonuspunkte: Es dient als zus\u00e4tzliche Sitzgelegenheiten auf unserer Terrasse. Wenn Sie einen funktionalen Speicher im Freien w\u00fcnschen, der nicht sperrig aussieht, dann ist dies. &#8218;<\/p>\n<p>In \u00e4hnlicher Weise wird Ihnen diese Schachtel gut dienen wie ein <u>Veranda Speicheridee<\/u>F\u00fcr den Fall, dass Sie Brennholz oder andere Outdoor -Gegenst\u00e4nde griffbereit halten m\u00fcssen, z. B. Wanderschuhe oder Hundeleitungen, aber au\u00dfer Reichweite von Sch\u00e4dlingen und opportunistischen Dieben.<\/p>\n<figure class=\"van-image-figure inline-layout \" data-bordeaux-image-check=\"\">\n<div class=\"image-full-width-wrapper\">\n<div class=\"image-widthsetter\" style=\"max-width:2000px;\"><\/div>\n<\/div><figcaption class=\"inline-layout \">\n<div class=\"caption-text\">\n<p>Kleine Yards wie meine k\u00f6nnen immer noch eine gro\u00dfe Freude bringen, besonders mit einer sch\u00f6nen Terrasse. Das Sofa und der Couchtisch sind abgebildet von Neptun.<\/p>\n<\/div>\n<\/figcaption><\/figure>\n<p>Es ist die perfekte L\u00f6sung f\u00fcr meine Notlage. Ich bin behindert, mit begrenzter Mobilit\u00e4t und hohen Schmerzen, daher verlasse ich das Haus oft nicht drei Wochen lang. Es kann mir ein wenig verr\u00fcckt schicken, weshalb meine kleine Terrasse so wichtig f\u00fcr mein Wohlbefinden ist.<\/p>\n<p>Deshalb hatte ich genug von meinen sch\u00f6nen, dicken Kissen im Freien, die durchn\u00e4sst wurden und tagelang aus dem anderen t\u00e4tig waren, bis sie abtrocknen. Ich habe wasserdichte M\u00f6belabdeckungen bei Walmart zur Verf\u00fcgung, aber wenn ich drau\u00dfen f\u00fcr eine Morning -Tasse Joe oder meine Mittagspause gesessen habe, und erwarte, dass ich innerhalb weniger Stunden wieder da drau\u00dfen bin, habe ich die Decke abgelassen.<\/p>\n<p>Betreten: Pl\u00f6tzliche Regenwolken, um meinen Tag zu ruinieren und meinen durchzuweichen <u>Au\u00dfenkissen, die gereinigt werden k\u00f6nnen<\/u>Aber seien wir ehrlich, wer hat tats\u00e4chlich die Zeit?<\/p>\n<p>Ein wasserdichte Lagerbeh\u00e4lter f\u00fcr meine Kissen ist die perfekte Antwort.<\/p>\n<h2 class=\"article-body__section\" id=\"section-what-to-shop\"><span>Was einkaufen<\/span><\/h2>\n<p><em>Alle Preise waren zum Zeitpunkt der Ver\u00f6ffentlichung korrekt.<\/em><\/p>\n<div class=\"product-container hero-product-container product-block-no-wrap\">\n<div class=\"product-block-row\"><\/div>\n<div class=\"product-block-row\"><\/div>\n<div class=\"product-block-row\"><\/div>\n<\/div>\n<hr>\n<p>Als n\u00e4chstes lernen <u>So reinigen Sie Ihre wei\u00dfen Au\u00dfenkissen<\/u>Reinigen Sie Ihre Terrasse und reinigen Sie Ihren Grill, bereit f\u00fcr einen Sommer mit Hosting und Spa\u00df.<\/p>\n<div class=\"block\" id=\"articleTag\" data-component-name=\"PostArticleLinks\">\n<div class=\"border-b border-b-black border-solid py-2.5 text-black font-bold uppercase\">Themen<\/div>\n<nav class=\"py-2.5 flex gap-2.5 flex-wrap\" data-analytics-id=\"article-tag\">\n<p>Lagerung<br \/>\n<\/nav>\n<\/div>\n<\/div>\n","protected":false},"excerpt":{"rendered":"<p>Ich habe nur einen kleinen Garten, aber auf meinen Terrassenm\u00f6beln mit bequemen, dicken Kissen zu sitzen, ist eine der kleinen Freuden meines Lebens. Die gleichen<\/p>\n","protected":false},"author":1,"featured_media":5972,"comment_status":"closed","ping_status":"","sticky":false,"template":"","format":"standard","meta":{"footnotes":""},"categories":[118],"tags":[8336,112,51,9,8333,823,129,15,1054,408,6170,8330,8331,8335,6890,1971,8332,21,8334,5163],"class_list":["post-5971","post","type-post","status-publish","format-standard","has-post-thumbnail","hentry","category-haus-garten","tag-1000er","tag-das","tag-dass","tag-die","tag-durchnaesst","tag-habe","tag-ich","tag-ist","tag-meine","tag-menschen","tag-multifunktionale","tag-outdoorkissen","tag-ploetzlichen","tag-premiumfix","tag-satt","tag-schwoeren","tag-sommerduschen","tag-von","tag-werdendiese","tag-worauf","generate-columns","tablet-grid-50","mobile-grid-100","grid-parent","grid-50"],"yoast_head":"<!-- This site is optimized with the Yoast SEO plugin v27.3 - https:\/\/yoast.com\/product\/yoast-seo-wordpress\/ -->\n<title>Ich habe es satt, dass meine Outdoor-Kissen von pl\u00f6tzlichen Sommerduschen durchn\u00e4sst werden-diese multifunktionale &#039;Premium&#039;-Fix ist das, worauf die 1000er Menschen schw\u00f6ren - Nachrichten - Stra\u00dfenweb<\/title>\n<meta name=\"robots\" content=\"index, follow, max-snippet:-1, max-image-preview:large, max-video-preview:-1\" \/>\n<link rel=\"canonical\" href=\"https:\/\/www.strassenweb.de\/nachrichten\/ich-habe-es-satt-dass-meine-outdoor-kissen-von-ploetzlichen-sommerduschen-durchnaesst-werden-diese-multifunktionale-premium-fix-ist-das-worauf-die-1000er-menschen-schwoeren\/\" \/>\n<meta property=\"og:locale\" content=\"de_DE\" \/>\n<meta property=\"og:type\" content=\"article\" \/>\n<meta property=\"og:title\" content=\"Ich habe es satt, dass meine Outdoor-Kissen von pl\u00f6tzlichen Sommerduschen durchn\u00e4sst werden-diese multifunktionale &#039;Premium&#039;-Fix ist das, worauf die 1000er Menschen schw\u00f6ren - Nachrichten - Stra\u00dfenweb\" \/>\n<meta property=\"og:description\" content=\"Ich habe nur einen kleinen Garten, aber auf meinen Terrassenm\u00f6beln mit bequemen, dicken Kissen zu sitzen, ist eine der kleinen Freuden meines Lebens. Die gleichen\" \/>\n<meta property=\"og:url\" content=\"https:\/\/www.strassenweb.de\/nachrichten\/ich-habe-es-satt-dass-meine-outdoor-kissen-von-ploetzlichen-sommerduschen-durchnaesst-werden-diese-multifunktionale-premium-fix-ist-das-worauf-die-1000er-menschen-schwoeren\/\" \/>\n<meta property=\"og:site_name\" content=\"Stra\u00dfenweb\" \/>\n<meta property=\"article:publisher\" content=\"https:\/\/www.facebook.com\/strassenweb\/\" \/>\n<meta property=\"article:published_time\" content=\"2025-06-29T19:39:33+00:00\" \/>\n<meta property=\"article:modified_time\" content=\"2025-06-29T19:39:34+00:00\" \/>\n<meta property=\"og:image\" content=\"https:\/\/www.strassenweb.de\/nachrichten\/wp-content\/uploads\/2025\/06\/Ich-habe-es-satt-dass-meine-Outdoor-Kissen-von-ploetzlichen-Sommerduschen.jpg\" \/>\n\t<meta property=\"og:image:width\" content=\"1600\" \/>\n\t<meta property=\"og:image:height\" content=\"900\" \/>\n\t<meta property=\"og:image:type\" content=\"image\/jpeg\" \/>\n<meta name=\"author\" content=\"Robert Hoffmann\" \/>\n<meta name=\"twitter:card\" content=\"summary_large_image\" \/>\n<meta name=\"twitter:label1\" content=\"Verfasst von\" \/>\n\t<meta name=\"twitter:data1\" content=\"Robert Hoffmann\" \/>\n\t<meta name=\"twitter:label2\" content=\"Gesch\u00e4tzte Lesezeit\" \/>\n\t<meta name=\"twitter:data2\" content=\"4\u00a0Minuten\" \/>\n<script type=\"application\/ld+json\" class=\"yoast-schema-graph\">{\"@context\":\"https:\\\/\\\/schema.org\",\"@graph\":[{\"@type\":\"Article\",\"@id\":\"https:\\\/\\\/www.strassenweb.de\\\/nachrichten\\\/ich-habe-es-satt-dass-meine-outdoor-kissen-von-ploetzlichen-sommerduschen-durchnaesst-werden-diese-multifunktionale-premium-fix-ist-das-worauf-die-1000er-menschen-schwoeren\\\/#article\",\"isPartOf\":{\"@id\":\"https:\\\/\\\/www.strassenweb.de\\\/nachrichten\\\/ich-habe-es-satt-dass-meine-outdoor-kissen-von-ploetzlichen-sommerduschen-durchnaesst-werden-diese-multifunktionale-premium-fix-ist-das-worauf-die-1000er-menschen-schwoeren\\\/\"},\"author\":{\"name\":\"Robert Hoffmann\",\"@id\":\"https:\\\/\\\/www.strassenweb.de\\\/nachrichten\\\/#\\\/schema\\\/person\\\/87c9c9067f1211da429a744dc5a5aa41\"},\"headline\":\"Ich habe es satt, dass meine Outdoor-Kissen von pl\u00f6tzlichen Sommerduschen durchn\u00e4sst werden-diese multifunktionale &#8218;Premium&#8216;-Fix ist das, worauf die 1000er Menschen schw\u00f6ren\",\"datePublished\":\"2025-06-29T19:39:33+00:00\",\"dateModified\":\"2025-06-29T19:39:34+00:00\",\"mainEntityOfPage\":{\"@id\":\"https:\\\/\\\/www.strassenweb.de\\\/nachrichten\\\/ich-habe-es-satt-dass-meine-outdoor-kissen-von-ploetzlichen-sommerduschen-durchnaesst-werden-diese-multifunktionale-premium-fix-ist-das-worauf-die-1000er-menschen-schwoeren\\\/\"},\"wordCount\":776,\"publisher\":{\"@id\":\"https:\\\/\\\/www.strassenweb.de\\\/nachrichten\\\/#organization\"},\"image\":{\"@id\":\"https:\\\/\\\/www.strassenweb.de\\\/nachrichten\\\/ich-habe-es-satt-dass-meine-outdoor-kissen-von-ploetzlichen-sommerduschen-durchnaesst-werden-diese-multifunktionale-premium-fix-ist-das-worauf-die-1000er-menschen-schwoeren\\\/#primaryimage\"},\"thumbnailUrl\":\"https:\\\/\\\/www.strassenweb.de\\\/nachrichten\\\/wp-content\\\/uploads\\\/2025\\\/06\\\/Ich-habe-es-satt-dass-meine-Outdoor-Kissen-von-ploetzlichen-Sommerduschen.jpg\",\"keywords\":[\"1000er\",\"das\",\"dass\",\"die\",\"durchn\u00e4sst\",\"habe\",\"ich\",\"ist\",\"meine\",\"Menschen\",\"multifunktionale\",\"OutdoorKissen\",\"pl\u00f6tzlichen\",\"PremiumFix\",\"satt\",\"schw\u00f6ren\",\"Sommerduschen\",\"von\",\"werdendiese\",\"worauf\"],\"articleSection\":[\"Haus &amp; Garten\"],\"inLanguage\":\"de\"},{\"@type\":\"WebPage\",\"@id\":\"https:\\\/\\\/www.strassenweb.de\\\/nachrichten\\\/ich-habe-es-satt-dass-meine-outdoor-kissen-von-ploetzlichen-sommerduschen-durchnaesst-werden-diese-multifunktionale-premium-fix-ist-das-worauf-die-1000er-menschen-schwoeren\\\/\",\"url\":\"https:\\\/\\\/www.strassenweb.de\\\/nachrichten\\\/ich-habe-es-satt-dass-meine-outdoor-kissen-von-ploetzlichen-sommerduschen-durchnaesst-werden-diese-multifunktionale-premium-fix-ist-das-worauf-die-1000er-menschen-schwoeren\\\/\",\"name\":\"Ich habe es satt, dass meine Outdoor-Kissen von pl\u00f6tzlichen Sommerduschen durchn\u00e4sst werden-diese multifunktionale 'Premium'-Fix ist das, worauf die 1000er Menschen schw\u00f6ren - Nachrichten - Stra\u00dfenweb\",\"isPartOf\":{\"@id\":\"https:\\\/\\\/www.strassenweb.de\\\/nachrichten\\\/#website\"},\"primaryImageOfPage\":{\"@id\":\"https:\\\/\\\/www.strassenweb.de\\\/nachrichten\\\/ich-habe-es-satt-dass-meine-outdoor-kissen-von-ploetzlichen-sommerduschen-durchnaesst-werden-diese-multifunktionale-premium-fix-ist-das-worauf-die-1000er-menschen-schwoeren\\\/#primaryimage\"},\"image\":{\"@id\":\"https:\\\/\\\/www.strassenweb.de\\\/nachrichten\\\/ich-habe-es-satt-dass-meine-outdoor-kissen-von-ploetzlichen-sommerduschen-durchnaesst-werden-diese-multifunktionale-premium-fix-ist-das-worauf-die-1000er-menschen-schwoeren\\\/#primaryimage\"},\"thumbnailUrl\":\"https:\\\/\\\/www.strassenweb.de\\\/nachrichten\\\/wp-content\\\/uploads\\\/2025\\\/06\\\/Ich-habe-es-satt-dass-meine-Outdoor-Kissen-von-ploetzlichen-Sommerduschen.jpg\",\"datePublished\":\"2025-06-29T19:39:33+00:00\",\"dateModified\":\"2025-06-29T19:39:34+00:00\",\"breadcrumb\":{\"@id\":\"https:\\\/\\\/www.strassenweb.de\\\/nachrichten\\\/ich-habe-es-satt-dass-meine-outdoor-kissen-von-ploetzlichen-sommerduschen-durchnaesst-werden-diese-multifunktionale-premium-fix-ist-das-worauf-die-1000er-menschen-schwoeren\\\/#breadcrumb\"},\"inLanguage\":\"de\",\"potentialAction\":[{\"@type\":\"ReadAction\",\"target\":[\"https:\\\/\\\/www.strassenweb.de\\\/nachrichten\\\/ich-habe-es-satt-dass-meine-outdoor-kissen-von-ploetzlichen-sommerduschen-durchnaesst-werden-diese-multifunktionale-premium-fix-ist-das-worauf-die-1000er-menschen-schwoeren\\\/\"]}]},{\"@type\":\"ImageObject\",\"inLanguage\":\"de\",\"@id\":\"https:\\\/\\\/www.strassenweb.de\\\/nachrichten\\\/ich-habe-es-satt-dass-meine-outdoor-kissen-von-ploetzlichen-sommerduschen-durchnaesst-werden-diese-multifunktionale-premium-fix-ist-das-worauf-die-1000er-menschen-schwoeren\\\/#primaryimage\",\"url\":\"https:\\\/\\\/www.strassenweb.de\\\/nachrichten\\\/wp-content\\\/uploads\\\/2025\\\/06\\\/Ich-habe-es-satt-dass-meine-Outdoor-Kissen-von-ploetzlichen-Sommerduschen.jpg\",\"contentUrl\":\"https:\\\/\\\/www.strassenweb.de\\\/nachrichten\\\/wp-content\\\/uploads\\\/2025\\\/06\\\/Ich-habe-es-satt-dass-meine-Outdoor-Kissen-von-ploetzlichen-Sommerduschen.jpg\",\"width\":1600,\"height\":900,\"caption\":\"Four outdoor wooden chairs with deep white cushions and throw pillows, spaced out around a low-profile round metal fire pit. The floor is pebbled, there is a stacked rock border and everygreen shrubs in the background\"},{\"@type\":\"BreadcrumbList\",\"@id\":\"https:\\\/\\\/www.strassenweb.de\\\/nachrichten\\\/ich-habe-es-satt-dass-meine-outdoor-kissen-von-ploetzlichen-sommerduschen-durchnaesst-werden-diese-multifunktionale-premium-fix-ist-das-worauf-die-1000er-menschen-schwoeren\\\/#breadcrumb\",\"itemListElement\":[{\"@type\":\"ListItem\",\"position\":1,\"name\":\"Home\",\"item\":\"https:\\\/\\\/www.strassenweb.de\\\/nachrichten\\\/\"},{\"@type\":\"ListItem\",\"position\":2,\"name\":\"Ich habe es satt, dass meine Outdoor-Kissen von pl\u00f6tzlichen Sommerduschen durchn\u00e4sst werden-diese multifunktionale &#8218;Premium&#8216;-Fix ist das, worauf die 1000er Menschen schw\u00f6ren\"}]},{\"@type\":\"WebSite\",\"@id\":\"https:\\\/\\\/www.strassenweb.de\\\/nachrichten\\\/#website\",\"url\":\"https:\\\/\\\/www.strassenweb.de\\\/nachrichten\\\/\",\"name\":\"Stra\u00dfenweb\",\"description\":\"Stra\u00dfenverzeichnis f\u00fcr Deutschland\",\"publisher\":{\"@id\":\"https:\\\/\\\/www.strassenweb.de\\\/nachrichten\\\/#organization\"},\"potentialAction\":[{\"@type\":\"SearchAction\",\"target\":{\"@type\":\"EntryPoint\",\"urlTemplate\":\"https:\\\/\\\/www.strassenweb.de\\\/nachrichten\\\/?s={search_term_string}\"},\"query-input\":{\"@type\":\"PropertyValueSpecification\",\"valueRequired\":true,\"valueName\":\"search_term_string\"}}],\"inLanguage\":\"de\"},{\"@type\":\"Organization\",\"@id\":\"https:\\\/\\\/www.strassenweb.de\\\/nachrichten\\\/#organization\",\"name\":\"Stra\u00dfenweb\",\"url\":\"https:\\\/\\\/www.strassenweb.de\\\/nachrichten\\\/\",\"logo\":{\"@type\":\"ImageObject\",\"inLanguage\":\"de\",\"@id\":\"https:\\\/\\\/www.strassenweb.de\\\/nachrichten\\\/#\\\/schema\\\/logo\\\/image\\\/\",\"url\":\"https:\\\/\\\/www.strassenweb.de\\\/nachrichten\\\/wp-content\\\/uploads\\\/2024\\\/09\\\/cropped-favicon.png\",\"contentUrl\":\"https:\\\/\\\/www.strassenweb.de\\\/nachrichten\\\/wp-content\\\/uploads\\\/2024\\\/09\\\/cropped-favicon.png\",\"width\":512,\"height\":512,\"caption\":\"Stra\u00dfenweb\"},\"image\":{\"@id\":\"https:\\\/\\\/www.strassenweb.de\\\/nachrichten\\\/#\\\/schema\\\/logo\\\/image\\\/\"},\"sameAs\":[\"https:\\\/\\\/www.facebook.com\\\/strassenweb\\\/\"]},{\"@type\":\"Person\",\"@id\":\"https:\\\/\\\/www.strassenweb.de\\\/nachrichten\\\/#\\\/schema\\\/person\\\/87c9c9067f1211da429a744dc5a5aa41\",\"name\":\"Robert Hoffmann\",\"image\":{\"@type\":\"ImageObject\",\"inLanguage\":\"de\",\"@id\":\"https:\\\/\\\/www.strassenweb.de\\\/nachrichten\\\/wp-content\\\/uploads\\\/2024\\\/09\\\/strassenweb-150x150.jpg\",\"url\":\"https:\\\/\\\/www.strassenweb.de\\\/nachrichten\\\/wp-content\\\/uploads\\\/2024\\\/09\\\/strassenweb-150x150.jpg\",\"contentUrl\":\"https:\\\/\\\/www.strassenweb.de\\\/nachrichten\\\/wp-content\\\/uploads\\\/2024\\\/09\\\/strassenweb-150x150.jpg\",\"caption\":\"Robert Hoffmann\"},\"description\":\"Ich hei\u00dfe Robert Hoffmann und ich bin ein leidenschaftlicher Verfechter von \u00d6kologie und Biodiversit\u00e4t. Seit meiner Kindheit in den W\u00e4ldern Bayerns f\u00fchle ich mich mit der Natur verbunden und bin entschlossen, sie zu sch\u00fctzen. Heute widme ich mein Leben der Sensibilisierung anderer f\u00fcr die Bedeutung des Umweltschutzes f\u00fcr zuk\u00fcnftige Generationen.\",\"sameAs\":[\"https:\\\/\\\/www.strassenweb.de\\\/\"]}]}<\/script>\n<!-- \/ Yoast SEO plugin. -->","yoast_head_json":{"title":"Ich habe es satt, dass meine Outdoor-Kissen von pl\u00f6tzlichen Sommerduschen durchn\u00e4sst werden-diese multifunktionale 'Premium'-Fix ist das, worauf die 1000er Menschen schw\u00f6ren - Nachrichten - Stra\u00dfenweb","robots":{"index":"index","follow":"follow","max-snippet":"max-snippet:-1","max-image-preview":"max-image-preview:large","max-video-preview":"max-video-preview:-1"},"canonical":"https:\/\/www.strassenweb.de\/nachrichten\/ich-habe-es-satt-dass-meine-outdoor-kissen-von-ploetzlichen-sommerduschen-durchnaesst-werden-diese-multifunktionale-premium-fix-ist-das-worauf-die-1000er-menschen-schwoeren\/","og_locale":"de_DE","og_type":"article","og_title":"Ich habe es satt, dass meine Outdoor-Kissen von pl\u00f6tzlichen Sommerduschen durchn\u00e4sst werden-diese multifunktionale 'Premium'-Fix ist das, worauf die 1000er Menschen schw\u00f6ren - Nachrichten - Stra\u00dfenweb","og_description":"Ich habe nur einen kleinen Garten, aber auf meinen Terrassenm\u00f6beln mit bequemen, dicken Kissen zu sitzen, ist eine der kleinen Freuden meines Lebens. Die gleichen","og_url":"https:\/\/www.strassenweb.de\/nachrichten\/ich-habe-es-satt-dass-meine-outdoor-kissen-von-ploetzlichen-sommerduschen-durchnaesst-werden-diese-multifunktionale-premium-fix-ist-das-worauf-die-1000er-menschen-schwoeren\/","og_site_name":"Stra\u00dfenweb","article_publisher":"https:\/\/www.facebook.com\/strassenweb\/","article_published_time":"2025-06-29T19:39:33+00:00","article_modified_time":"2025-06-29T19:39:34+00:00","og_image":[{"width":1600,"height":900,"url":"https:\/\/www.strassenweb.de\/nachrichten\/wp-content\/uploads\/2025\/06\/Ich-habe-es-satt-dass-meine-Outdoor-Kissen-von-ploetzlichen-Sommerduschen.jpg","type":"image\/jpeg"}],"author":"Robert Hoffmann","twitter_card":"summary_large_image","twitter_misc":{"Verfasst von":"Robert Hoffmann","Gesch\u00e4tzte Lesezeit":"4\u00a0Minuten"},"schema":{"@context":"https:\/\/schema.org","@graph":[{"@type":"Article","@id":"https:\/\/www.strassenweb.de\/nachrichten\/ich-habe-es-satt-dass-meine-outdoor-kissen-von-ploetzlichen-sommerduschen-durchnaesst-werden-diese-multifunktionale-premium-fix-ist-das-worauf-die-1000er-menschen-schwoeren\/#article","isPartOf":{"@id":"https:\/\/www.strassenweb.de\/nachrichten\/ich-habe-es-satt-dass-meine-outdoor-kissen-von-ploetzlichen-sommerduschen-durchnaesst-werden-diese-multifunktionale-premium-fix-ist-das-worauf-die-1000er-menschen-schwoeren\/"},"author":{"name":"Robert Hoffmann","@id":"https:\/\/www.strassenweb.de\/nachrichten\/#\/schema\/person\/87c9c9067f1211da429a744dc5a5aa41"},"headline":"Ich habe es satt, dass meine Outdoor-Kissen von pl\u00f6tzlichen Sommerduschen durchn\u00e4sst werden-diese multifunktionale &#8218;Premium&#8216;-Fix ist das, worauf die 1000er Menschen schw\u00f6ren","datePublished":"2025-06-29T19:39:33+00:00","dateModified":"2025-06-29T19:39:34+00:00","mainEntityOfPage":{"@id":"https:\/\/www.strassenweb.de\/nachrichten\/ich-habe-es-satt-dass-meine-outdoor-kissen-von-ploetzlichen-sommerduschen-durchnaesst-werden-diese-multifunktionale-premium-fix-ist-das-worauf-die-1000er-menschen-schwoeren\/"},"wordCount":776,"publisher":{"@id":"https:\/\/www.strassenweb.de\/nachrichten\/#organization"},"image":{"@id":"https:\/\/www.strassenweb.de\/nachrichten\/ich-habe-es-satt-dass-meine-outdoor-kissen-von-ploetzlichen-sommerduschen-durchnaesst-werden-diese-multifunktionale-premium-fix-ist-das-worauf-die-1000er-menschen-schwoeren\/#primaryimage"},"thumbnailUrl":"https:\/\/www.strassenweb.de\/nachrichten\/wp-content\/uploads\/2025\/06\/Ich-habe-es-satt-dass-meine-Outdoor-Kissen-von-ploetzlichen-Sommerduschen.jpg","keywords":["1000er","das","dass","die","durchn\u00e4sst","habe","ich","ist","meine","Menschen","multifunktionale","OutdoorKissen","pl\u00f6tzlichen","PremiumFix","satt","schw\u00f6ren","Sommerduschen","von","werdendiese","worauf"],"articleSection":["Haus &amp; Garten"],"inLanguage":"de"},{"@type":"WebPage","@id":"https:\/\/www.strassenweb.de\/nachrichten\/ich-habe-es-satt-dass-meine-outdoor-kissen-von-ploetzlichen-sommerduschen-durchnaesst-werden-diese-multifunktionale-premium-fix-ist-das-worauf-die-1000er-menschen-schwoeren\/","url":"https:\/\/www.strassenweb.de\/nachrichten\/ich-habe-es-satt-dass-meine-outdoor-kissen-von-ploetzlichen-sommerduschen-durchnaesst-werden-diese-multifunktionale-premium-fix-ist-das-worauf-die-1000er-menschen-schwoeren\/","name":"Ich habe es satt, dass meine Outdoor-Kissen von pl\u00f6tzlichen Sommerduschen durchn\u00e4sst werden-diese multifunktionale 'Premium'-Fix ist das, worauf die 1000er Menschen schw\u00f6ren - Nachrichten - Stra\u00dfenweb","isPartOf":{"@id":"https:\/\/www.strassenweb.de\/nachrichten\/#website"},"primaryImageOfPage":{"@id":"https:\/\/www.strassenweb.de\/nachrichten\/ich-habe-es-satt-dass-meine-outdoor-kissen-von-ploetzlichen-sommerduschen-durchnaesst-werden-diese-multifunktionale-premium-fix-ist-das-worauf-die-1000er-menschen-schwoeren\/#primaryimage"},"image":{"@id":"https:\/\/www.strassenweb.de\/nachrichten\/ich-habe-es-satt-dass-meine-outdoor-kissen-von-ploetzlichen-sommerduschen-durchnaesst-werden-diese-multifunktionale-premium-fix-ist-das-worauf-die-1000er-menschen-schwoeren\/#primaryimage"},"thumbnailUrl":"https:\/\/www.strassenweb.de\/nachrichten\/wp-content\/uploads\/2025\/06\/Ich-habe-es-satt-dass-meine-Outdoor-Kissen-von-ploetzlichen-Sommerduschen.jpg","datePublished":"2025-06-29T19:39:33+00:00","dateModified":"2025-06-29T19:39:34+00:00","breadcrumb":{"@id":"https:\/\/www.strassenweb.de\/nachrichten\/ich-habe-es-satt-dass-meine-outdoor-kissen-von-ploetzlichen-sommerduschen-durchnaesst-werden-diese-multifunktionale-premium-fix-ist-das-worauf-die-1000er-menschen-schwoeren\/#breadcrumb"},"inLanguage":"de","potentialAction":[{"@type":"ReadAction","target":["https:\/\/www.strassenweb.de\/nachrichten\/ich-habe-es-satt-dass-meine-outdoor-kissen-von-ploetzlichen-sommerduschen-durchnaesst-werden-diese-multifunktionale-premium-fix-ist-das-worauf-die-1000er-menschen-schwoeren\/"]}]},{"@type":"ImageObject","inLanguage":"de","@id":"https:\/\/www.strassenweb.de\/nachrichten\/ich-habe-es-satt-dass-meine-outdoor-kissen-von-ploetzlichen-sommerduschen-durchnaesst-werden-diese-multifunktionale-premium-fix-ist-das-worauf-die-1000er-menschen-schwoeren\/#primaryimage","url":"https:\/\/www.strassenweb.de\/nachrichten\/wp-content\/uploads\/2025\/06\/Ich-habe-es-satt-dass-meine-Outdoor-Kissen-von-ploetzlichen-Sommerduschen.jpg","contentUrl":"https:\/\/www.strassenweb.de\/nachrichten\/wp-content\/uploads\/2025\/06\/Ich-habe-es-satt-dass-meine-Outdoor-Kissen-von-ploetzlichen-Sommerduschen.jpg","width":1600,"height":900,"caption":"Four outdoor wooden chairs with deep white cushions and throw pillows, spaced out around a low-profile round metal fire pit. The floor is pebbled, there is a stacked rock border and everygreen shrubs in the background"},{"@type":"BreadcrumbList","@id":"https:\/\/www.strassenweb.de\/nachrichten\/ich-habe-es-satt-dass-meine-outdoor-kissen-von-ploetzlichen-sommerduschen-durchnaesst-werden-diese-multifunktionale-premium-fix-ist-das-worauf-die-1000er-menschen-schwoeren\/#breadcrumb","itemListElement":[{"@type":"ListItem","position":1,"name":"Home","item":"https:\/\/www.strassenweb.de\/nachrichten\/"},{"@type":"ListItem","position":2,"name":"Ich habe es satt, dass meine Outdoor-Kissen von pl\u00f6tzlichen Sommerduschen durchn\u00e4sst werden-diese multifunktionale &#8218;Premium&#8216;-Fix ist das, worauf die 1000er Menschen schw\u00f6ren"}]},{"@type":"WebSite","@id":"https:\/\/www.strassenweb.de\/nachrichten\/#website","url":"https:\/\/www.strassenweb.de\/nachrichten\/","name":"Stra\u00dfenweb","description":"Stra\u00dfenverzeichnis f\u00fcr Deutschland","publisher":{"@id":"https:\/\/www.strassenweb.de\/nachrichten\/#organization"},"potentialAction":[{"@type":"SearchAction","target":{"@type":"EntryPoint","urlTemplate":"https:\/\/www.strassenweb.de\/nachrichten\/?s={search_term_string}"},"query-input":{"@type":"PropertyValueSpecification","valueRequired":true,"valueName":"search_term_string"}}],"inLanguage":"de"},{"@type":"Organization","@id":"https:\/\/www.strassenweb.de\/nachrichten\/#organization","name":"Stra\u00dfenweb","url":"https:\/\/www.strassenweb.de\/nachrichten\/","logo":{"@type":"ImageObject","inLanguage":"de","@id":"https:\/\/www.strassenweb.de\/nachrichten\/#\/schema\/logo\/image\/","url":"https:\/\/www.strassenweb.de\/nachrichten\/wp-content\/uploads\/2024\/09\/cropped-favicon.png","contentUrl":"https:\/\/www.strassenweb.de\/nachrichten\/wp-content\/uploads\/2024\/09\/cropped-favicon.png","width":512,"height":512,"caption":"Stra\u00dfenweb"},"image":{"@id":"https:\/\/www.strassenweb.de\/nachrichten\/#\/schema\/logo\/image\/"},"sameAs":["https:\/\/www.facebook.com\/strassenweb\/"]},{"@type":"Person","@id":"https:\/\/www.strassenweb.de\/nachrichten\/#\/schema\/person\/87c9c9067f1211da429a744dc5a5aa41","name":"Robert Hoffmann","image":{"@type":"ImageObject","inLanguage":"de","@id":"https:\/\/www.strassenweb.de\/nachrichten\/wp-content\/uploads\/2024\/09\/strassenweb-150x150.jpg","url":"https:\/\/www.strassenweb.de\/nachrichten\/wp-content\/uploads\/2024\/09\/strassenweb-150x150.jpg","contentUrl":"https:\/\/www.strassenweb.de\/nachrichten\/wp-content\/uploads\/2024\/09\/strassenweb-150x150.jpg","caption":"Robert Hoffmann"},"description":"Ich hei\u00dfe Robert Hoffmann und ich bin ein leidenschaftlicher Verfechter von \u00d6kologie und Biodiversit\u00e4t. Seit meiner Kindheit in den W\u00e4ldern Bayerns f\u00fchle ich mich mit der Natur verbunden und bin entschlossen, sie zu sch\u00fctzen. Heute widme ich mein Leben der Sensibilisierung anderer f\u00fcr die Bedeutung des Umweltschutzes f\u00fcr zuk\u00fcnftige Generationen.","sameAs":["https:\/\/www.strassenweb.de\/"]}]}},"_links":{"self":[{"href":"https:\/\/www.strassenweb.de\/nachrichten\/wp-json\/wp\/v2\/posts\/5971","targetHints":{"allow":["GET"]}}],"collection":[{"href":"https:\/\/www.strassenweb.de\/nachrichten\/wp-json\/wp\/v2\/posts"}],"about":[{"href":"https:\/\/www.strassenweb.de\/nachrichten\/wp-json\/wp\/v2\/types\/post"}],"author":[{"embeddable":true,"href":"https:\/\/www.strassenweb.de\/nachrichten\/wp-json\/wp\/v2\/users\/1"}],"replies":[{"embeddable":true,"href":"https:\/\/www.strassenweb.de\/nachrichten\/wp-json\/wp\/v2\/comments?post=5971"}],"version-history":[{"count":0,"href":"https:\/\/www.strassenweb.de\/nachrichten\/wp-json\/wp\/v2\/posts\/5971\/revisions"}],"wp:featuredmedia":[{"embeddable":true,"href":"https:\/\/www.strassenweb.de\/nachrichten\/wp-json\/wp\/v2\/media\/5972"}],"wp:attachment":[{"href":"https:\/\/www.strassenweb.de\/nachrichten\/wp-json\/wp\/v2\/media?parent=5971"}],"wp:term":[{"taxonomy":"category","embeddable":true,"href":"https:\/\/www.strassenweb.de\/nachrichten\/wp-json\/wp\/v2\/categories?post=5971"},{"taxonomy":"post_tag","embeddable":true,"href":"https:\/\/www.strassenweb.de\/nachrichten\/wp-json\/wp\/v2\/tags?post=5971"}],"curies":[{"name":"wp","href":"https:\/\/api.w.org\/{rel}","templated":true}]}}