{"id":5965,"date":"2025-06-29T13:39:17","date_gmt":"2025-06-29T11:39:17","guid":{"rendered":"https:\/\/www.strassenweb.de\/nachrichten\/jennifer-anistons-moderne-rustikale-luxuskueche-ist-dunkel-sinnlich-und-ernsthaft-dekadent-dieser-trend-wird-die-kuechen-2026-dominieren\/"},"modified":"2025-06-29T13:39:19","modified_gmt":"2025-06-29T11:39:19","slug":"jennifer-anistons-moderne-rustikale-luxuskueche-ist-dunkel-sinnlich-und-ernsthaft-dekadent-dieser-trend-wird-die-kuechen-2026-dominieren","status":"publish","type":"post","link":"https:\/\/www.strassenweb.de\/nachrichten\/jennifer-anistons-moderne-rustikale-luxuskueche-ist-dunkel-sinnlich-und-ernsthaft-dekadent-dieser-trend-wird-die-kuechen-2026-dominieren\/","title":{"rendered":"Jennifer Anistons moderne rustikale Luxusk\u00fcche ist dunkel, sinnlich und ernsthaft dekadent &#8211; dieser Trend wird die K\u00fcchen 2026 dominieren"},"content":{"rendered":"<div id=\"article-body\" class=\"article__body \">\n<p>Der moderne rustikale Trend ist seit langem ein Favorit, aber er entwickelt sich jetzt mit einer deutlich luxuri\u00f6sen Kante. Die heutigen K\u00fcchen verbinden die taktile Sch\u00f6nheit gealterter Materialien und architektonischer Charakter mit den schlanken Linien und m\u00fchelosen Funktionen des zeitgen\u00f6ssischen Designs und liefern zeitlose W\u00e4rme mit einem erh\u00f6hten, design-dichtem Finish.<\/p>\n<div id=\"ad-unit-1\" class=\"ad-unit\"><\/div>\n<p>Jennifer Anistons dunkler K\u00fcche, die von Stephen Shadley entworfen wurde, ist eine atemberaubende Verk\u00f6rperung der Luxus -K\u00fcche trifft den modernen rustikalen K\u00fcchentrend. Es ist ein Designansatz, der kunstvoll organische W\u00e4rme mit raffinierter Raffinesse kombiniert.<\/p>\n<aside data-block-type=\"embed\" data-render-type=\"fte\" data-skip=\"dealsy\" data-widget-type=\"seasonal\" class=\"hawk-base\"><\/aside>\n<p>In dem Rahmen der Mitte des Jahrhunderts ihres Hauses von 1965 mischt sich der Space nat\u00fcrliche Texturen mit raffinierten Oberfl\u00e4chen aus, insbesondere einer reichen schwarzen K\u00fcchenfarbe, die Tiefe und Drama verleiht.<\/p>\n<div class=\"van_vid_carousel\">\n<div class=\"van_vid_carousel__padding\">\n<div class=\"van_vid_carousel__container\"><\/div>\n<\/div>\n<\/div>\n<aside data-component-name=\"Recirculation:ArticleRiver\" data-nosnippet class=\"pt-3 pb-4 mb-4 border-b border-solid border-(#333)\">\n<span class=\"\nafter:content-('') after:flex-1 after:ml-4 after:my-(0.7rem) after:border-t-(#333) after:border-t after:border-solid\nbefore:content-('') before:flex-1 before:mr-4 before:my-(0.7rem) before:border-t-(#333) before:border-t before:border-solid\nfont-article-heading pb-3 !text-base font-bold uppercase sm:text-sm text-(#333) flex\"><\/p>\n<p>Sie m\u00f6gen m\u00f6gen<br \/>\n<\/span><\/p>\n<ul class=\"flex flex-col gap-3 m-0\">\n<li class=\"m-0 list-none\" name=\"recirculation-inline\" data-analytics-id=\"recirculation-inline-1\" analytics-label=\"adviser:related\">\n<picture data-new-v2-image=\"true\" class=\"w-(--article-river-thumbnail-width,60px) flex-shrink-0\"><source type=\"image\/webp\"  ><\/source><\/p>\n<\/picture>\n<span class=\"hover:text-inherit font-article-heading text-base text-(#333) leading-5 content-center\">Ashton Kutcher und Mila Kunis &#8218;K\u00fcche f\u00fchlt sich absolut modern an, w\u00e4hrend man Jahrzehnte alt aussieht &#8211; Sie k\u00f6nnen den Look erhalten, indem Sie diesem rustikalen Trend folgen<\/span><\/p>\n<\/li>\n<li class=\"m-0 list-none\" name=\"recirculation-inline\" data-analytics-id=\"recirculation-inline-2\" analytics-label=\"adviser:related\">\n<picture data-new-v2-image=\"true\" class=\"w-(--article-river-thumbnail-width,60px) flex-shrink-0\"><source type=\"image\/webp\"  ><\/source><br \/>\n<img decoding=\"async\" alt=\"Sarah Michelle Gellar\"   loading=\"lazy\" data-new-v2-image=\"true\" src=\"https:\/\/www.strassenweb.de\/nachrichten\/wp-content\/uploads\/2025\/06\/kLDYpTeJF9oiMMVkZMyRc8.jpg\" data-pin-media=\"https:\/\/www.strassenweb.de\/nachrichten\/wp-content\/uploads\/2025\/06\/kLDYpTeJF9oiMMVkZMyRc8.jpg\" data-pin-nopin=\"true\" class=\"aspect-(--img-listing-aspect-ratio,16\/9) object-cover w-(--article-river-thumbnail-width,60px) flex-shrink-0\">\n<\/picture>\n<span class=\"hover:text-inherit font-article-heading text-base text-(#333) leading-5 content-center\">Sarah Michelle Gellars K\u00fcchenschr\u00e4nke sind launisch und doch erh\u00f6ht &#8211; ich habe immer dunkle Farbe mit Vorsicht verwendet, aber sie machen mutigere T\u00f6ne zug\u00e4nglich<\/span><\/p>\n<\/li>\n<li class=\"m-0 list-none\" name=\"recirculation-inline\" data-analytics-id=\"recirculation-inline-3\" analytics-label=\"adviser:related\">\n<picture data-new-v2-image=\"true\" class=\"w-(--article-river-thumbnail-width,60px) flex-shrink-0\"><source type=\"image\/webp\"  ><\/source><br \/>\n<img decoding=\"async\" alt=\"K\u00fcchentrends 2025\"   loading=\"lazy\" data-new-v2-image=\"true\" src=\"https:\/\/www.strassenweb.de\/nachrichten\/wp-content\/uploads\/2025\/06\/ufhMMeUwvL5TTBkhMknEfB.jpg\" data-pin-media=\"https:\/\/www.strassenweb.de\/nachrichten\/wp-content\/uploads\/2025\/06\/ufhMMeUwvL5TTBkhMknEfB.jpg\" data-pin-nopin=\"true\" class=\"aspect-(--img-listing-aspect-ratio,16\/9) object-cover w-(--article-river-thumbnail-width,60px) flex-shrink-0\">\n<\/picture>\n<span class=\"hover:text-inherit font-article-heading text-base text-(#333) leading-5 content-center\">Dies sind laut Designern die 24 begehrtesten K\u00fcchentrends f\u00fcr 2025 f\u00fcr 2025<\/span><\/p>\n<\/li>\n<\/ul>\n<\/aside>\n<p>&#8222;Der k\u00f6stliche Kontrast zwischen leichteren Objekten vor einem dunklen Hintergrund betont einzigartige Eigenschaften in Materialien und feinere Details, die Sie m\u00f6glicherweise in einem hellen farbenfrohen Raum verpasst haben&#8220;, bemerkt Marianne Shillingford, Creative Director bei Dulux.<\/p>\n<div id=\"ad-unit-2\" class=\"ad-unit\"><\/div>\n<p>Mit seiner Mischung aus taktilen Elementen, klaren Linien und stimmungsvollen T\u00f6nen zeigt Jennifers K\u00fcche, wie rustikaler Charme und zeitgen\u00f6ssische Eleganz wunderbar koexistieren k\u00f6nnen &#8211; ein Look, der die begehrtesten Innenr\u00e4ume von heute definiert.<\/p>\n<div class=\"instagram-embed\">\n<blockquote class=\"instagram-media\" data-instgrm-captioned data-instgrm-version=\"6\" style=\"width:99.375%; width:-webkit-calc(100% - 2px); width:calc(100% - 2px);\">\n<p>Ein Beitrag, der von Jane Hallworth (@hallworthandheathens) geteilt wird<\/p>\n<p>Ein Foto von on <\/p>\n<\/blockquote>\n<\/div>\n<p>F\u00fcr mich sind die Barhocker das Heldenelement. Sie werden aus reichem, facettiertem Holz mit dramatischen Getreide und handgeschnitzten Konturen hergestellt und pr\u00e4sentieren rustikale Handwerkskunst in einer deutlich modernen Form. Ihre sich verj\u00fcngenden, fast architektonischen Beine bringen sie jenseits von Bauernhaus zu etwas, das weitaus kuratierter und luxuri\u00f6ser ist.<\/p>\n<p>Ein weiteres herausragendes Merkmal ist die K\u00fccheninsel. Die Insel mit Wasserfallkanten mit einer schlanken Arbeitsplatte mit dunkler Steink\u00fcche verleiht dem zeitgen\u00f6ssischen Politur und Kontrast. Seine klaren Linien und die glatte Finish -Anspielung auf den modernen Minimalismus, w\u00e4hrend die Tiefe des Tons und die Gewinnung der materiellen Wurzel fest in einer geerdeten, erdigen Palette &#8211; Markenzeichen der rustikalen \u00c4sthetik &#8211; fest geworden sind.<\/p>\n<div id=\"slice-container-newsletterForm-articleInbodyContent-HKqifkyTdrMiUXExxRYABJ\" class=\"slice-container newsletter-inbodyContent-slice newsletterForm-articleInbodyContent-HKqifkyTdrMiUXExxRYABJ slice-container-newsletterForm\"><\/div>\n<p>Die blasse Holzk\u00fcchenschr\u00e4nke sorgen f\u00fcr ein weiches Gegengewicht zur ansonsten dunklen K\u00fcche. Das minimale, grifffreie Design richtet sich an moderne Stile, w\u00e4hrend der nat\u00fcrliche Ton den Raum einladend und warm h\u00e4lt und die \u201erustikale\u201c Seite der Gleichung entscheidet.<\/p>\n<hr>\n<p>Diese K\u00fcche mischt sich aus und fungiert, rustikal und raffiniert, Erbst\u00fcck und zeitgem\u00e4\u00df. Nichts f\u00fchlt sich \u00fcberm\u00e4\u00dfig gestaltet oder zu kostbar an, aber jedes Element ist absichtlich und erh\u00f6ht.<\/p>\n<p>Es ist nicht nur ein Ort zum Kochen &#8211; dies ist ein unterhaltsamer Raum. Die Art, die sich gleicherma\u00dfen f\u00fcr den Morgenkaffee oder einen Wein-und-Koch-Abend mit ruhigem Selbstvertrauen anf\u00fchlt.<\/p>\n<h3 class=\"article-body__section\" id=\"section-shop-the-modern-rustic-luxe-look\"><span>Kaufen Sie den modernen rustikalen Luxus -Look ein<\/span><\/h3>\n<div class=\"product-container hero-product-container product-block-no-wrap\">\n<div class=\"product-block-row\"><\/div>\n<div class=\"product-block-row\"><\/div>\n<div class=\"product-block-row\"><\/div>\n<\/div>\n<div class=\"block\" id=\"articleTag\" data-component-name=\"PostArticleLinks\">\n<div class=\"border-b border-b-black border-solid py-2.5 text-black font-bold uppercase\">Themen<\/div>\n<nav class=\"py-2.5 flex gap-2.5 flex-wrap\" data-analytics-id=\"article-tag\">\n<p>Jennifer Aniston<br \/>\n<\/nav>\n<\/div>\n<\/div>\n<p><script async src=\"\/\/www.instagram.com\/embed.js\"><\/script><\/p>\n","protected":false},"excerpt":{"rendered":"<p>Der moderne rustikale Trend ist seit langem ein Favorit, aber er entwickelt sich jetzt mit einer deutlich luxuri\u00f6sen Kante. Die heutigen K\u00fcchen verbinden die taktile<\/p>\n","protected":false},"author":1,"featured_media":5966,"comment_status":"closed","ping_status":"","sticky":false,"template":"","format":"standard","meta":{"footnotes":""},"categories":[118],"tags":[2711,8326,9,1554,1462,8324,5675,15,528,992,5855,387,1316,8325,504,37,71],"class_list":["post-5965","post","type-post","status-publish","format-standard","has-post-thumbnail","hentry","category-haus-garten","tag-anistons","tag-dekadent","tag-die","tag-dieser","tag-dominieren","tag-dunkel","tag-ernsthaft","tag-ist","tag-jennifer","tag-kuechen","tag-luxuskueche","tag-moderne","tag-rustikale","tag-sinnlich","tag-trend","tag-und","tag-wird","generate-columns","tablet-grid-50","mobile-grid-100","grid-parent","grid-50"],"yoast_head":"<!-- This site is optimized with the Yoast SEO plugin v27.3 - https:\/\/yoast.com\/product\/yoast-seo-wordpress\/ -->\n<title>Jennifer Anistons moderne rustikale Luxusk\u00fcche ist dunkel, sinnlich und ernsthaft dekadent - dieser Trend wird die K\u00fcchen 2026 dominieren - Nachrichten - Stra\u00dfenweb<\/title>\n<meta name=\"robots\" content=\"index, follow, max-snippet:-1, max-image-preview:large, max-video-preview:-1\" \/>\n<link rel=\"canonical\" href=\"https:\/\/www.strassenweb.de\/nachrichten\/jennifer-anistons-moderne-rustikale-luxuskueche-ist-dunkel-sinnlich-und-ernsthaft-dekadent-dieser-trend-wird-die-kuechen-2026-dominieren\/\" \/>\n<meta property=\"og:locale\" content=\"de_DE\" \/>\n<meta property=\"og:type\" content=\"article\" \/>\n<meta property=\"og:title\" content=\"Jennifer Anistons moderne rustikale Luxusk\u00fcche ist dunkel, sinnlich und ernsthaft dekadent - dieser Trend wird die K\u00fcchen 2026 dominieren - Nachrichten - Stra\u00dfenweb\" \/>\n<meta property=\"og:description\" content=\"Der moderne rustikale Trend ist seit langem ein Favorit, aber er entwickelt sich jetzt mit einer deutlich luxuri\u00f6sen Kante. Die heutigen K\u00fcchen verbinden die taktile\" \/>\n<meta property=\"og:url\" content=\"https:\/\/www.strassenweb.de\/nachrichten\/jennifer-anistons-moderne-rustikale-luxuskueche-ist-dunkel-sinnlich-und-ernsthaft-dekadent-dieser-trend-wird-die-kuechen-2026-dominieren\/\" \/>\n<meta property=\"og:site_name\" content=\"Stra\u00dfenweb\" \/>\n<meta property=\"article:publisher\" content=\"https:\/\/www.facebook.com\/strassenweb\/\" \/>\n<meta property=\"article:published_time\" content=\"2025-06-29T11:39:17+00:00\" \/>\n<meta property=\"article:modified_time\" content=\"2025-06-29T11:39:19+00:00\" \/>\n<meta property=\"og:image\" content=\"https:\/\/www.strassenweb.de\/nachrichten\/wp-content\/uploads\/2025\/06\/Jennifer-Anistons-moderne-rustikale-Luxuskueche-ist-dunkel-sinnlich-und-ernsthaft-scaled.jpg\" \/>\n\t<meta property=\"og:image:width\" content=\"2560\" \/>\n\t<meta property=\"og:image:height\" content=\"1440\" \/>\n\t<meta property=\"og:image:type\" content=\"image\/jpeg\" \/>\n<meta name=\"author\" content=\"Robert Hoffmann\" \/>\n<meta name=\"twitter:card\" content=\"summary_large_image\" \/>\n<meta name=\"twitter:label1\" content=\"Verfasst von\" \/>\n\t<meta name=\"twitter:data1\" content=\"Robert Hoffmann\" \/>\n\t<meta name=\"twitter:label2\" content=\"Gesch\u00e4tzte Lesezeit\" \/>\n\t<meta name=\"twitter:data2\" content=\"3\u00a0Minuten\" \/>\n<script type=\"application\/ld+json\" class=\"yoast-schema-graph\">{\"@context\":\"https:\\\/\\\/schema.org\",\"@graph\":[{\"@type\":\"Article\",\"@id\":\"https:\\\/\\\/www.strassenweb.de\\\/nachrichten\\\/jennifer-anistons-moderne-rustikale-luxuskueche-ist-dunkel-sinnlich-und-ernsthaft-dekadent-dieser-trend-wird-die-kuechen-2026-dominieren\\\/#article\",\"isPartOf\":{\"@id\":\"https:\\\/\\\/www.strassenweb.de\\\/nachrichten\\\/jennifer-anistons-moderne-rustikale-luxuskueche-ist-dunkel-sinnlich-und-ernsthaft-dekadent-dieser-trend-wird-die-kuechen-2026-dominieren\\\/\"},\"author\":{\"name\":\"Robert Hoffmann\",\"@id\":\"https:\\\/\\\/www.strassenweb.de\\\/nachrichten\\\/#\\\/schema\\\/person\\\/87c9c9067f1211da429a744dc5a5aa41\"},\"headline\":\"Jennifer Anistons moderne rustikale Luxusk\u00fcche ist dunkel, sinnlich und ernsthaft dekadent &#8211; dieser Trend wird die K\u00fcchen 2026 dominieren\",\"datePublished\":\"2025-06-29T11:39:17+00:00\",\"dateModified\":\"2025-06-29T11:39:19+00:00\",\"mainEntityOfPage\":{\"@id\":\"https:\\\/\\\/www.strassenweb.de\\\/nachrichten\\\/jennifer-anistons-moderne-rustikale-luxuskueche-ist-dunkel-sinnlich-und-ernsthaft-dekadent-dieser-trend-wird-die-kuechen-2026-dominieren\\\/\"},\"wordCount\":555,\"publisher\":{\"@id\":\"https:\\\/\\\/www.strassenweb.de\\\/nachrichten\\\/#organization\"},\"image\":{\"@id\":\"https:\\\/\\\/www.strassenweb.de\\\/nachrichten\\\/jennifer-anistons-moderne-rustikale-luxuskueche-ist-dunkel-sinnlich-und-ernsthaft-dekadent-dieser-trend-wird-die-kuechen-2026-dominieren\\\/#primaryimage\"},\"thumbnailUrl\":\"https:\\\/\\\/www.strassenweb.de\\\/nachrichten\\\/wp-content\\\/uploads\\\/2025\\\/06\\\/Jennifer-Anistons-moderne-rustikale-Luxuskueche-ist-dunkel-sinnlich-und-ernsthaft-scaled.jpg\",\"keywords\":[\"Anistons\",\"dekadent\",\"die\",\"dieser\",\"dominieren\",\"dunkel\",\"ernsthaft\",\"ist\",\"Jennifer\",\"K\u00fcchen\",\"Luxusk\u00fcche\",\"Moderne\",\"rustikale\",\"sinnlich\",\"Trend\",\"und\",\"wird\"],\"articleSection\":[\"Haus &amp; Garten\"],\"inLanguage\":\"de\"},{\"@type\":\"WebPage\",\"@id\":\"https:\\\/\\\/www.strassenweb.de\\\/nachrichten\\\/jennifer-anistons-moderne-rustikale-luxuskueche-ist-dunkel-sinnlich-und-ernsthaft-dekadent-dieser-trend-wird-die-kuechen-2026-dominieren\\\/\",\"url\":\"https:\\\/\\\/www.strassenweb.de\\\/nachrichten\\\/jennifer-anistons-moderne-rustikale-luxuskueche-ist-dunkel-sinnlich-und-ernsthaft-dekadent-dieser-trend-wird-die-kuechen-2026-dominieren\\\/\",\"name\":\"Jennifer Anistons moderne rustikale Luxusk\u00fcche ist dunkel, sinnlich und ernsthaft dekadent - dieser Trend wird die K\u00fcchen 2026 dominieren - Nachrichten - Stra\u00dfenweb\",\"isPartOf\":{\"@id\":\"https:\\\/\\\/www.strassenweb.de\\\/nachrichten\\\/#website\"},\"primaryImageOfPage\":{\"@id\":\"https:\\\/\\\/www.strassenweb.de\\\/nachrichten\\\/jennifer-anistons-moderne-rustikale-luxuskueche-ist-dunkel-sinnlich-und-ernsthaft-dekadent-dieser-trend-wird-die-kuechen-2026-dominieren\\\/#primaryimage\"},\"image\":{\"@id\":\"https:\\\/\\\/www.strassenweb.de\\\/nachrichten\\\/jennifer-anistons-moderne-rustikale-luxuskueche-ist-dunkel-sinnlich-und-ernsthaft-dekadent-dieser-trend-wird-die-kuechen-2026-dominieren\\\/#primaryimage\"},\"thumbnailUrl\":\"https:\\\/\\\/www.strassenweb.de\\\/nachrichten\\\/wp-content\\\/uploads\\\/2025\\\/06\\\/Jennifer-Anistons-moderne-rustikale-Luxuskueche-ist-dunkel-sinnlich-und-ernsthaft-scaled.jpg\",\"datePublished\":\"2025-06-29T11:39:17+00:00\",\"dateModified\":\"2025-06-29T11:39:19+00:00\",\"breadcrumb\":{\"@id\":\"https:\\\/\\\/www.strassenweb.de\\\/nachrichten\\\/jennifer-anistons-moderne-rustikale-luxuskueche-ist-dunkel-sinnlich-und-ernsthaft-dekadent-dieser-trend-wird-die-kuechen-2026-dominieren\\\/#breadcrumb\"},\"inLanguage\":\"de\",\"potentialAction\":[{\"@type\":\"ReadAction\",\"target\":[\"https:\\\/\\\/www.strassenweb.de\\\/nachrichten\\\/jennifer-anistons-moderne-rustikale-luxuskueche-ist-dunkel-sinnlich-und-ernsthaft-dekadent-dieser-trend-wird-die-kuechen-2026-dominieren\\\/\"]}]},{\"@type\":\"ImageObject\",\"inLanguage\":\"de\",\"@id\":\"https:\\\/\\\/www.strassenweb.de\\\/nachrichten\\\/jennifer-anistons-moderne-rustikale-luxuskueche-ist-dunkel-sinnlich-und-ernsthaft-dekadent-dieser-trend-wird-die-kuechen-2026-dominieren\\\/#primaryimage\",\"url\":\"https:\\\/\\\/www.strassenweb.de\\\/nachrichten\\\/wp-content\\\/uploads\\\/2025\\\/06\\\/Jennifer-Anistons-moderne-rustikale-Luxuskueche-ist-dunkel-sinnlich-und-ernsthaft-scaled.jpg\",\"contentUrl\":\"https:\\\/\\\/www.strassenweb.de\\\/nachrichten\\\/wp-content\\\/uploads\\\/2025\\\/06\\\/Jennifer-Anistons-moderne-rustikale-Luxuskueche-ist-dunkel-sinnlich-und-ernsthaft-scaled.jpg\",\"width\":2560,\"height\":1440,\"caption\":\"Jennifer Aniston\"},{\"@type\":\"BreadcrumbList\",\"@id\":\"https:\\\/\\\/www.strassenweb.de\\\/nachrichten\\\/jennifer-anistons-moderne-rustikale-luxuskueche-ist-dunkel-sinnlich-und-ernsthaft-dekadent-dieser-trend-wird-die-kuechen-2026-dominieren\\\/#breadcrumb\",\"itemListElement\":[{\"@type\":\"ListItem\",\"position\":1,\"name\":\"Home\",\"item\":\"https:\\\/\\\/www.strassenweb.de\\\/nachrichten\\\/\"},{\"@type\":\"ListItem\",\"position\":2,\"name\":\"Jennifer Anistons moderne rustikale Luxusk\u00fcche ist dunkel, sinnlich und ernsthaft dekadent &#8211; dieser Trend wird die K\u00fcchen 2026 dominieren\"}]},{\"@type\":\"WebSite\",\"@id\":\"https:\\\/\\\/www.strassenweb.de\\\/nachrichten\\\/#website\",\"url\":\"https:\\\/\\\/www.strassenweb.de\\\/nachrichten\\\/\",\"name\":\"Stra\u00dfenweb\",\"description\":\"Stra\u00dfenverzeichnis f\u00fcr Deutschland\",\"publisher\":{\"@id\":\"https:\\\/\\\/www.strassenweb.de\\\/nachrichten\\\/#organization\"},\"potentialAction\":[{\"@type\":\"SearchAction\",\"target\":{\"@type\":\"EntryPoint\",\"urlTemplate\":\"https:\\\/\\\/www.strassenweb.de\\\/nachrichten\\\/?s={search_term_string}\"},\"query-input\":{\"@type\":\"PropertyValueSpecification\",\"valueRequired\":true,\"valueName\":\"search_term_string\"}}],\"inLanguage\":\"de\"},{\"@type\":\"Organization\",\"@id\":\"https:\\\/\\\/www.strassenweb.de\\\/nachrichten\\\/#organization\",\"name\":\"Stra\u00dfenweb\",\"url\":\"https:\\\/\\\/www.strassenweb.de\\\/nachrichten\\\/\",\"logo\":{\"@type\":\"ImageObject\",\"inLanguage\":\"de\",\"@id\":\"https:\\\/\\\/www.strassenweb.de\\\/nachrichten\\\/#\\\/schema\\\/logo\\\/image\\\/\",\"url\":\"https:\\\/\\\/www.strassenweb.de\\\/nachrichten\\\/wp-content\\\/uploads\\\/2024\\\/09\\\/cropped-favicon.png\",\"contentUrl\":\"https:\\\/\\\/www.strassenweb.de\\\/nachrichten\\\/wp-content\\\/uploads\\\/2024\\\/09\\\/cropped-favicon.png\",\"width\":512,\"height\":512,\"caption\":\"Stra\u00dfenweb\"},\"image\":{\"@id\":\"https:\\\/\\\/www.strassenweb.de\\\/nachrichten\\\/#\\\/schema\\\/logo\\\/image\\\/\"},\"sameAs\":[\"https:\\\/\\\/www.facebook.com\\\/strassenweb\\\/\"]},{\"@type\":\"Person\",\"@id\":\"https:\\\/\\\/www.strassenweb.de\\\/nachrichten\\\/#\\\/schema\\\/person\\\/87c9c9067f1211da429a744dc5a5aa41\",\"name\":\"Robert Hoffmann\",\"image\":{\"@type\":\"ImageObject\",\"inLanguage\":\"de\",\"@id\":\"https:\\\/\\\/www.strassenweb.de\\\/nachrichten\\\/wp-content\\\/uploads\\\/2024\\\/09\\\/strassenweb-150x150.jpg\",\"url\":\"https:\\\/\\\/www.strassenweb.de\\\/nachrichten\\\/wp-content\\\/uploads\\\/2024\\\/09\\\/strassenweb-150x150.jpg\",\"contentUrl\":\"https:\\\/\\\/www.strassenweb.de\\\/nachrichten\\\/wp-content\\\/uploads\\\/2024\\\/09\\\/strassenweb-150x150.jpg\",\"caption\":\"Robert Hoffmann\"},\"description\":\"Ich hei\u00dfe Robert Hoffmann und ich bin ein leidenschaftlicher Verfechter von \u00d6kologie und Biodiversit\u00e4t. Seit meiner Kindheit in den W\u00e4ldern Bayerns f\u00fchle ich mich mit der Natur verbunden und bin entschlossen, sie zu sch\u00fctzen. Heute widme ich mein Leben der Sensibilisierung anderer f\u00fcr die Bedeutung des Umweltschutzes f\u00fcr zuk\u00fcnftige Generationen.\",\"sameAs\":[\"https:\\\/\\\/www.strassenweb.de\\\/\"]}]}<\/script>\n<!-- \/ Yoast SEO plugin. -->","yoast_head_json":{"title":"Jennifer Anistons moderne rustikale Luxusk\u00fcche ist dunkel, sinnlich und ernsthaft dekadent - dieser Trend wird die K\u00fcchen 2026 dominieren - Nachrichten - Stra\u00dfenweb","robots":{"index":"index","follow":"follow","max-snippet":"max-snippet:-1","max-image-preview":"max-image-preview:large","max-video-preview":"max-video-preview:-1"},"canonical":"https:\/\/www.strassenweb.de\/nachrichten\/jennifer-anistons-moderne-rustikale-luxuskueche-ist-dunkel-sinnlich-und-ernsthaft-dekadent-dieser-trend-wird-die-kuechen-2026-dominieren\/","og_locale":"de_DE","og_type":"article","og_title":"Jennifer Anistons moderne rustikale Luxusk\u00fcche ist dunkel, sinnlich und ernsthaft dekadent - dieser Trend wird die K\u00fcchen 2026 dominieren - Nachrichten - Stra\u00dfenweb","og_description":"Der moderne rustikale Trend ist seit langem ein Favorit, aber er entwickelt sich jetzt mit einer deutlich luxuri\u00f6sen Kante. Die heutigen K\u00fcchen verbinden die taktile","og_url":"https:\/\/www.strassenweb.de\/nachrichten\/jennifer-anistons-moderne-rustikale-luxuskueche-ist-dunkel-sinnlich-und-ernsthaft-dekadent-dieser-trend-wird-die-kuechen-2026-dominieren\/","og_site_name":"Stra\u00dfenweb","article_publisher":"https:\/\/www.facebook.com\/strassenweb\/","article_published_time":"2025-06-29T11:39:17+00:00","article_modified_time":"2025-06-29T11:39:19+00:00","og_image":[{"width":2560,"height":1440,"url":"https:\/\/www.strassenweb.de\/nachrichten\/wp-content\/uploads\/2025\/06\/Jennifer-Anistons-moderne-rustikale-Luxuskueche-ist-dunkel-sinnlich-und-ernsthaft-scaled.jpg","type":"image\/jpeg"}],"author":"Robert Hoffmann","twitter_card":"summary_large_image","twitter_misc":{"Verfasst von":"Robert Hoffmann","Gesch\u00e4tzte Lesezeit":"3\u00a0Minuten"},"schema":{"@context":"https:\/\/schema.org","@graph":[{"@type":"Article","@id":"https:\/\/www.strassenweb.de\/nachrichten\/jennifer-anistons-moderne-rustikale-luxuskueche-ist-dunkel-sinnlich-und-ernsthaft-dekadent-dieser-trend-wird-die-kuechen-2026-dominieren\/#article","isPartOf":{"@id":"https:\/\/www.strassenweb.de\/nachrichten\/jennifer-anistons-moderne-rustikale-luxuskueche-ist-dunkel-sinnlich-und-ernsthaft-dekadent-dieser-trend-wird-die-kuechen-2026-dominieren\/"},"author":{"name":"Robert Hoffmann","@id":"https:\/\/www.strassenweb.de\/nachrichten\/#\/schema\/person\/87c9c9067f1211da429a744dc5a5aa41"},"headline":"Jennifer Anistons moderne rustikale Luxusk\u00fcche ist dunkel, sinnlich und ernsthaft dekadent &#8211; dieser Trend wird die K\u00fcchen 2026 dominieren","datePublished":"2025-06-29T11:39:17+00:00","dateModified":"2025-06-29T11:39:19+00:00","mainEntityOfPage":{"@id":"https:\/\/www.strassenweb.de\/nachrichten\/jennifer-anistons-moderne-rustikale-luxuskueche-ist-dunkel-sinnlich-und-ernsthaft-dekadent-dieser-trend-wird-die-kuechen-2026-dominieren\/"},"wordCount":555,"publisher":{"@id":"https:\/\/www.strassenweb.de\/nachrichten\/#organization"},"image":{"@id":"https:\/\/www.strassenweb.de\/nachrichten\/jennifer-anistons-moderne-rustikale-luxuskueche-ist-dunkel-sinnlich-und-ernsthaft-dekadent-dieser-trend-wird-die-kuechen-2026-dominieren\/#primaryimage"},"thumbnailUrl":"https:\/\/www.strassenweb.de\/nachrichten\/wp-content\/uploads\/2025\/06\/Jennifer-Anistons-moderne-rustikale-Luxuskueche-ist-dunkel-sinnlich-und-ernsthaft-scaled.jpg","keywords":["Anistons","dekadent","die","dieser","dominieren","dunkel","ernsthaft","ist","Jennifer","K\u00fcchen","Luxusk\u00fcche","Moderne","rustikale","sinnlich","Trend","und","wird"],"articleSection":["Haus &amp; Garten"],"inLanguage":"de"},{"@type":"WebPage","@id":"https:\/\/www.strassenweb.de\/nachrichten\/jennifer-anistons-moderne-rustikale-luxuskueche-ist-dunkel-sinnlich-und-ernsthaft-dekadent-dieser-trend-wird-die-kuechen-2026-dominieren\/","url":"https:\/\/www.strassenweb.de\/nachrichten\/jennifer-anistons-moderne-rustikale-luxuskueche-ist-dunkel-sinnlich-und-ernsthaft-dekadent-dieser-trend-wird-die-kuechen-2026-dominieren\/","name":"Jennifer Anistons moderne rustikale Luxusk\u00fcche ist dunkel, sinnlich und ernsthaft dekadent - dieser Trend wird die K\u00fcchen 2026 dominieren - Nachrichten - Stra\u00dfenweb","isPartOf":{"@id":"https:\/\/www.strassenweb.de\/nachrichten\/#website"},"primaryImageOfPage":{"@id":"https:\/\/www.strassenweb.de\/nachrichten\/jennifer-anistons-moderne-rustikale-luxuskueche-ist-dunkel-sinnlich-und-ernsthaft-dekadent-dieser-trend-wird-die-kuechen-2026-dominieren\/#primaryimage"},"image":{"@id":"https:\/\/www.strassenweb.de\/nachrichten\/jennifer-anistons-moderne-rustikale-luxuskueche-ist-dunkel-sinnlich-und-ernsthaft-dekadent-dieser-trend-wird-die-kuechen-2026-dominieren\/#primaryimage"},"thumbnailUrl":"https:\/\/www.strassenweb.de\/nachrichten\/wp-content\/uploads\/2025\/06\/Jennifer-Anistons-moderne-rustikale-Luxuskueche-ist-dunkel-sinnlich-und-ernsthaft-scaled.jpg","datePublished":"2025-06-29T11:39:17+00:00","dateModified":"2025-06-29T11:39:19+00:00","breadcrumb":{"@id":"https:\/\/www.strassenweb.de\/nachrichten\/jennifer-anistons-moderne-rustikale-luxuskueche-ist-dunkel-sinnlich-und-ernsthaft-dekadent-dieser-trend-wird-die-kuechen-2026-dominieren\/#breadcrumb"},"inLanguage":"de","potentialAction":[{"@type":"ReadAction","target":["https:\/\/www.strassenweb.de\/nachrichten\/jennifer-anistons-moderne-rustikale-luxuskueche-ist-dunkel-sinnlich-und-ernsthaft-dekadent-dieser-trend-wird-die-kuechen-2026-dominieren\/"]}]},{"@type":"ImageObject","inLanguage":"de","@id":"https:\/\/www.strassenweb.de\/nachrichten\/jennifer-anistons-moderne-rustikale-luxuskueche-ist-dunkel-sinnlich-und-ernsthaft-dekadent-dieser-trend-wird-die-kuechen-2026-dominieren\/#primaryimage","url":"https:\/\/www.strassenweb.de\/nachrichten\/wp-content\/uploads\/2025\/06\/Jennifer-Anistons-moderne-rustikale-Luxuskueche-ist-dunkel-sinnlich-und-ernsthaft-scaled.jpg","contentUrl":"https:\/\/www.strassenweb.de\/nachrichten\/wp-content\/uploads\/2025\/06\/Jennifer-Anistons-moderne-rustikale-Luxuskueche-ist-dunkel-sinnlich-und-ernsthaft-scaled.jpg","width":2560,"height":1440,"caption":"Jennifer Aniston"},{"@type":"BreadcrumbList","@id":"https:\/\/www.strassenweb.de\/nachrichten\/jennifer-anistons-moderne-rustikale-luxuskueche-ist-dunkel-sinnlich-und-ernsthaft-dekadent-dieser-trend-wird-die-kuechen-2026-dominieren\/#breadcrumb","itemListElement":[{"@type":"ListItem","position":1,"name":"Home","item":"https:\/\/www.strassenweb.de\/nachrichten\/"},{"@type":"ListItem","position":2,"name":"Jennifer Anistons moderne rustikale Luxusk\u00fcche ist dunkel, sinnlich und ernsthaft dekadent &#8211; dieser Trend wird die K\u00fcchen 2026 dominieren"}]},{"@type":"WebSite","@id":"https:\/\/www.strassenweb.de\/nachrichten\/#website","url":"https:\/\/www.strassenweb.de\/nachrichten\/","name":"Stra\u00dfenweb","description":"Stra\u00dfenverzeichnis f\u00fcr Deutschland","publisher":{"@id":"https:\/\/www.strassenweb.de\/nachrichten\/#organization"},"potentialAction":[{"@type":"SearchAction","target":{"@type":"EntryPoint","urlTemplate":"https:\/\/www.strassenweb.de\/nachrichten\/?s={search_term_string}"},"query-input":{"@type":"PropertyValueSpecification","valueRequired":true,"valueName":"search_term_string"}}],"inLanguage":"de"},{"@type":"Organization","@id":"https:\/\/www.strassenweb.de\/nachrichten\/#organization","name":"Stra\u00dfenweb","url":"https:\/\/www.strassenweb.de\/nachrichten\/","logo":{"@type":"ImageObject","inLanguage":"de","@id":"https:\/\/www.strassenweb.de\/nachrichten\/#\/schema\/logo\/image\/","url":"https:\/\/www.strassenweb.de\/nachrichten\/wp-content\/uploads\/2024\/09\/cropped-favicon.png","contentUrl":"https:\/\/www.strassenweb.de\/nachrichten\/wp-content\/uploads\/2024\/09\/cropped-favicon.png","width":512,"height":512,"caption":"Stra\u00dfenweb"},"image":{"@id":"https:\/\/www.strassenweb.de\/nachrichten\/#\/schema\/logo\/image\/"},"sameAs":["https:\/\/www.facebook.com\/strassenweb\/"]},{"@type":"Person","@id":"https:\/\/www.strassenweb.de\/nachrichten\/#\/schema\/person\/87c9c9067f1211da429a744dc5a5aa41","name":"Robert Hoffmann","image":{"@type":"ImageObject","inLanguage":"de","@id":"https:\/\/www.strassenweb.de\/nachrichten\/wp-content\/uploads\/2024\/09\/strassenweb-150x150.jpg","url":"https:\/\/www.strassenweb.de\/nachrichten\/wp-content\/uploads\/2024\/09\/strassenweb-150x150.jpg","contentUrl":"https:\/\/www.strassenweb.de\/nachrichten\/wp-content\/uploads\/2024\/09\/strassenweb-150x150.jpg","caption":"Robert Hoffmann"},"description":"Ich hei\u00dfe Robert Hoffmann und ich bin ein leidenschaftlicher Verfechter von \u00d6kologie und Biodiversit\u00e4t. Seit meiner Kindheit in den W\u00e4ldern Bayerns f\u00fchle ich mich mit der Natur verbunden und bin entschlossen, sie zu sch\u00fctzen. Heute widme ich mein Leben der Sensibilisierung anderer f\u00fcr die Bedeutung des Umweltschutzes f\u00fcr zuk\u00fcnftige Generationen.","sameAs":["https:\/\/www.strassenweb.de\/"]}]}},"_links":{"self":[{"href":"https:\/\/www.strassenweb.de\/nachrichten\/wp-json\/wp\/v2\/posts\/5965","targetHints":{"allow":["GET"]}}],"collection":[{"href":"https:\/\/www.strassenweb.de\/nachrichten\/wp-json\/wp\/v2\/posts"}],"about":[{"href":"https:\/\/www.strassenweb.de\/nachrichten\/wp-json\/wp\/v2\/types\/post"}],"author":[{"embeddable":true,"href":"https:\/\/www.strassenweb.de\/nachrichten\/wp-json\/wp\/v2\/users\/1"}],"replies":[{"embeddable":true,"href":"https:\/\/www.strassenweb.de\/nachrichten\/wp-json\/wp\/v2\/comments?post=5965"}],"version-history":[{"count":0,"href":"https:\/\/www.strassenweb.de\/nachrichten\/wp-json\/wp\/v2\/posts\/5965\/revisions"}],"wp:featuredmedia":[{"embeddable":true,"href":"https:\/\/www.strassenweb.de\/nachrichten\/wp-json\/wp\/v2\/media\/5966"}],"wp:attachment":[{"href":"https:\/\/www.strassenweb.de\/nachrichten\/wp-json\/wp\/v2\/media?parent=5965"}],"wp:term":[{"taxonomy":"category","embeddable":true,"href":"https:\/\/www.strassenweb.de\/nachrichten\/wp-json\/wp\/v2\/categories?post=5965"},{"taxonomy":"post_tag","embeddable":true,"href":"https:\/\/www.strassenweb.de\/nachrichten\/wp-json\/wp\/v2\/tags?post=5965"}],"curies":[{"name":"wp","href":"https:\/\/api.w.org\/{rel}","templated":true}]}}