{"id":5961,"date":"2025-06-29T05:44:00","date_gmt":"2025-06-29T03:44:00","guid":{"rendered":"https:\/\/www.strassenweb.de\/nachrichten\/es-ist-nicht-zu-spaet-im-juli-stauden-und-biennials-zu-saeen-um-ihre-grenzen-mit-zurueckkehrenden-blueten-zu-fuellen-hier-sind-meine-picks-fuer-7-blumen-um-diesen-monat-zu-pflanzen\/"},"modified":"2025-06-29T05:44:01","modified_gmt":"2025-06-29T03:44:01","slug":"es-ist-nicht-zu-spaet-im-juli-stauden-und-biennials-zu-saeen-um-ihre-grenzen-mit-zurueckkehrenden-blueten-zu-fuellen-hier-sind-meine-picks-fuer-7-blumen-um-diesen-monat-zu-pflanzen","status":"publish","type":"post","link":"https:\/\/www.strassenweb.de\/nachrichten\/es-ist-nicht-zu-spaet-im-juli-stauden-und-biennials-zu-saeen-um-ihre-grenzen-mit-zurueckkehrenden-blueten-zu-fuellen-hier-sind-meine-picks-fuer-7-blumen-um-diesen-monat-zu-pflanzen\/","title":{"rendered":"Es ist nicht zu sp\u00e4t, im Juli Stauden und Biennials zu s\u00e4en, um Ihre Grenzen mit zur\u00fcckkehrenden Bl\u00fcten zu f\u00fcllen &#8211; hier sind meine Picks f\u00fcr 7 Blumen, um diesen Monat zu pflanzen"},"content":{"rendered":"<div id=\"article-body\" class=\"article__body \">\n<p>St\u00e4ndigen, Biennials und Einj\u00e4hrige k\u00f6nnen diesen Monat alle in voller Bl\u00fcte sein, aber ist es zu sp\u00e4t, Blumen im Juli zu pflanzen? Die Antwort lautet nein, es gibt Pflanzen, die Sie zu Betten und Grenzen hinzuf\u00fcgen k\u00f6nnen, um die Anzeigen in diesem Monat zu steigern, und Sie k\u00f6nnen sogar weiter nachdenken.<\/p>\n<div id=\"ad-unit-1\" class=\"ad-unit\"><\/div>\n<p>Es gibt eine Auswahl an Biennials und Stauden, die im Juli aus Samen gestartet werden k\u00f6nnen. Anbieter sind nicht nur die Samen, sondern auch eine kosteng\u00fcnstige M\u00f6glichkeit, Ihre bl\u00fchenden Displays f\u00fcr zuk\u00fcnftige wachsende Jahreszeiten zu steigern.<\/p>\n<p>Ich habe in meinen Jahren als professioneller G\u00e4rtner viele Blumen gewachsen, als ich jedes Jahr Hunderte von Jahrb\u00fcchern, Biennials und Stauden aus Saatgut f\u00fcr Gartenausstellungen oder zum Schneiden in Blumenstoffe oder Vasen gewachsen bin. Ich habe im Juli sieben zweij\u00e4hrliche oder mehrj\u00e4hrige Blumen ausgew\u00e4hlt und f\u00fcr jeden einige S\u00e4enberatung gegeben.<\/p>\n<div class=\"van_vid_carousel\">\n<div class=\"van_vid_carousel__padding\">\n<div class=\"van_vid_carousel__container\"><\/div>\n<\/div>\n<\/div>\n<aside data-component-name=\"Recirculation:ArticleRiver\" data-nosnippet class=\"pt-3 pb-4 mb-4 border-b border-solid border-(#333)\">\n<span class=\"\nafter:content-('') after:flex-1 after:ml-4 after:my-(0.7rem) after:border-t-(#333) after:border-t after:border-solid\nbefore:content-('') before:flex-1 before:mr-4 before:my-(0.7rem) before:border-t-(#333) before:border-t before:border-solid\nfont-article-heading pb-3 !text-base font-bold uppercase sm:text-sm text-(#333) flex\"><\/p>\n<p>Sie m\u00f6gen m\u00f6gen<br \/>\n<\/span><\/p>\n<ul class=\"flex flex-col gap-3 m-0\">\n<li class=\"m-0 list-none\" name=\"recirculation-inline\" data-analytics-id=\"recirculation-inline-1\" analytics-label=\"adviser:related\">\n<picture data-new-v2-image=\"true\" class=\"w-(--article-river-thumbnail-width,60px) flex-shrink-0\"><source type=\"image\/webp\"  ><\/source><\/p>\n<\/picture>\n<span class=\"hover:text-inherit font-article-heading text-base text-(#333) leading-5 content-center\">Pflanzen Sie diese 7 schnell wachsenden Jahrb\u00fccher jetzt f\u00fcr reichliche Bl\u00fcten im Sp\u00e4tsommer und im Herbst, wie von einem professionellen G\u00e4rtner empfohlen<\/span><\/p>\n<\/li>\n<li class=\"m-0 list-none\" name=\"recirculation-inline\" data-analytics-id=\"recirculation-inline-2\" analytics-label=\"adviser:related\">\n<picture data-new-v2-image=\"true\" class=\"w-(--article-river-thumbnail-width,60px) flex-shrink-0\"><source type=\"image\/webp\"  ><\/source><br \/>\n<img decoding=\"async\" alt=\"Ein Blumenbeet voller lila und wei\u00dfer Bl\u00fcten im Sommer\"   loading=\"lazy\" data-new-v2-image=\"true\" src=\"https:\/\/www.strassenweb.de\/nachrichten\/wp-content\/uploads\/2025\/05\/XeyTT7J3yfQKqq5VeMtSBF.jpg\" data-pin-media=\"https:\/\/www.strassenweb.de\/nachrichten\/wp-content\/uploads\/2025\/05\/XeyTT7J3yfQKqq5VeMtSBF.jpg\" data-pin-nopin=\"true\" class=\"aspect-(--img-listing-aspect-ratio,16\/9) object-cover w-(--article-river-thumbnail-width,60px) flex-shrink-0\">\n<\/picture>\n<span class=\"hover:text-inherit font-article-heading text-base text-(#333) leading-5 content-center\">7 Stauden zum Pflanzen im Mai &#8211; Sie k\u00f6nnen sie diesen Monat aus dem Samen ausbauen, um Geld zu sparen und in den kommenden Jahren herrliche Bl\u00fctenausstellungen zu genie\u00dfen<\/span><\/p>\n<\/li>\n<li class=\"m-0 list-none\" name=\"recirculation-inline\" data-analytics-id=\"recirculation-inline-3\" analytics-label=\"adviser:related\">\n<picture data-new-v2-image=\"true\" class=\"w-(--article-river-thumbnail-width,60px) flex-shrink-0\"><source type=\"image\/webp\"  ><\/source><br \/>\n<img decoding=\"async\" alt=\"Eine farbenfrohe Blumengrenze voller roter, rosa und lila Bl\u00fcten mit einem Steinweg\"   loading=\"lazy\" data-new-v2-image=\"true\" src=\"https:\/\/www.strassenweb.de\/nachrichten\/wp-content\/uploads\/2025\/06\/iQHPehY47ZsYcyXyWR23pm.jpg\" data-pin-media=\"https:\/\/www.strassenweb.de\/nachrichten\/wp-content\/uploads\/2025\/06\/iQHPehY47ZsYcyXyWR23pm.jpg\" data-pin-nopin=\"true\" class=\"aspect-(--img-listing-aspect-ratio,16\/9) object-cover w-(--article-river-thumbnail-width,60px) flex-shrink-0\">\n<\/picture>\n<span class=\"hover:text-inherit font-article-heading text-base text-(#333) leading-5 content-center\">Ich bin ein professioneller G\u00e4rtner, und das sind 7 an undemsiedelnde mehrj\u00e4hrige Blumen, die ich im Juni f\u00fcr jahrelange glorreiche, lang anhaltende Bl\u00fcten pflanzen w\u00fcrde <\/span><\/p>\n<\/li>\n<\/ul>\n<\/aside>\n<figure class=\"van-image-figure inline-layout \" data-bordeaux-image-check>\n<div class=\"image-full-width-wrapper\">\n<div class=\"image-widthsetter\" style=\"max-width:2400px;\"><\/div>\n<\/div>\n<\/figure>\n<h2 id=\"is-it-too-late-to-plant-flowers-in-july-3\">Ist es zu sp\u00e4t, im Juli Blumen zu pflanzen?<\/h2>\n<aside data-block-type=\"embed\" data-render-type=\"fte\" data-skip=\"dealsy\" data-widget-type=\"seasonal\" class=\"hawk-base\"><\/aside>\n<p>Es wird normalerweise empfohlen, im Fr\u00fchjahr oder Herbst Pflanzen zu Blumenbeeten, R\u00e4ndern oder Beh\u00e4ltern hinzuzuf\u00fcgen. In den hei\u00dferen Monaten, wie Juli, gibt es jedoch den Umfang, um Stauden in den hei\u00dferen Monaten zu pflanzen, wenn Sie ein paar L\u00fccken f\u00fcllen oder Ihre Betten aufpeppen m\u00f6chten.<\/p>\n<div id=\"ad-unit-2\" class=\"ad-unit\"><\/div>\n<p>Um neue Pflanzen aufzubauen, wird empfohlen, in den k\u00fchleren Teilen des Tages und das Bew\u00e4sserung des Pflanzlochs zu pflanzen, sowie eine regelm\u00e4\u00dfige tiefe Bew\u00e4sserung, um die Pflanzen einzuhalten.<\/p>\n<p>W\u00e4hrend das Wachsen aus Samen im Juli nicht die Norm ist, k\u00f6nnen Sie einige Pflanzen anfangen. Es bietet eine budgetfreundliche M\u00f6glichkeit, neue Pflanzen einzuf\u00fchren, die im n\u00e4chsten Jahr und m\u00f6glicherweise f\u00fcr die kommenden Jahre Farbe und Textur in Ihren Garten bringen.<\/p>\n<h2 id=\"7-of-the-best-biennial-and-perennial-flowers-to-plant-in-july-3\">7 der besten zweij\u00e4hrigen und mehrj\u00e4hrigen Bl\u00fcten im Juli zu pflanzen<\/h2>\n<p>Schauen wir uns also eine sch\u00f6ne Auswahl an Biennials und Stauden an, die im Juli gro\u00dfartige Blumen zum Pflanzen machen &#8211; mit ein wenig Zeit und Anstrengungen in diesem Sommer k\u00f6nnen Sie in Zukunft fantastische Bl\u00fchen -Displays erhalten.<\/p>\n<h3 class=\"article-body__section\" id=\"section-scabious\"><span>Sch\u00e4dlich <\/span><\/h3>\n<figure class=\"van-image-figure inline-layout \" data-bordeaux-image-check>\n<div class=\"image-full-width-wrapper\">\n<div class=\"image-widthsetter\" style=\"max-width:2000px;\"><\/div>\n<\/div>\n<\/figure>\n<p>Diese empfindlichen, h\u00fcbschen Blumen k\u00f6nnen viele Namen verfolgen. Egal, ob Sie sie als kr\u00e4ftig, scabiosa oder die Nadelkissenblume kennen, diese herrlichen H\u00fcttengartenpflanzen sehen in Blumenbeeten nicht umwerfend aus, machen gro\u00dfartige Pflanzen f\u00fcr Best\u00e4uber und k\u00f6nnen auch fabelhafte geschnittene Blumen sein.<\/p>\n<p>Verschiedene Sorten sind in Pastellfarben aus rosa, lila, lila oder wei\u00df und reichen von sieben bis 30 Zoll gro\u00df. Es bedeutet, dass es einen Vergleich f\u00fcr verschiedene Stile oder Designs gibt.<\/p>\n<p>Um in diesem Monat Scabiosa zu wachsen, k\u00f6nnen Sie in Innenr\u00e4umen in Tabletts oder T\u00f6pfen mit Samenkompost s\u00e4en. Dies ist f\u00fcr die zweite Julih\u00e4lfte geeignet, und die Pflanzen k\u00f6nnen angebaut, aufgetopft und im Fr\u00fchjahr drau\u00dfen gepflanzt werden.<\/p>\n<p>Alternativ k\u00f6nnen Sie im Laufe des Monats Samen direkt im Freien s\u00e4en. S\u00e4en d\u00fcnne Samen einen halben Zoll tief, bedecken Sie sie mit einer d\u00fcnnen Bodenschicht und halten Sie feucht f\u00fcr eine gute Keimung.<\/p>\n<p>Unabh\u00e4ngig von der Option, die Sie w\u00e4hlen, wird der Scabious n\u00e4chstes Jahr bl\u00fchen, und Sie haben Bl\u00fctenpflanzen, die jedes Jahr in den US-amerikanischen Hardiness-Zonen 4-9 nachwachsen.<\/p>\n<p>Sehen Sie sich die Reichweite der Scabiosa -Samen bei Amazon an<\/p>\n<p>Sehen Sie sich die Reichweite der Scabiosa -Samen bei Walmart an<\/p>\n<p>Sehen Sie sich die Reichweite der Scabiosa -Samen in Burpee an<\/p>\n<p>Sehen Sie sich das Angebot der Scabiosa -Samen auf dem True Leaf Market an<\/p>\n<h3 class=\"article-body__section\" id=\"section-coneflower\"><span>Zapfen<\/span><\/h3>\n<figure class=\"van-image-figure inline-layout \" data-bordeaux-image-check>\n<div class=\"image-full-width-wrapper\">\n<div class=\"image-widthsetter\" style=\"max-width:2000px;\"><\/div>\n<\/div>\n<\/figure>\n<p>Konleiblrowers, auch allgemein als Echinacea bekannt, sind spektakul\u00e4re Erg\u00e4nzungen zu Betten oder Beh\u00e4ltern. Die Bl\u00fctenbl\u00e4tter \u00f6ffnen sich und erstrecken sich dann nach hinten um den gro\u00dfen zentralen Samenkopf, um einem Raum zu einer Textur und Struktur, noch lange nach ihrer Sp\u00e4tsommerbl\u00fchen.<\/p>\n<p>Es sind einheimische Pflanzen, die die volle Sonne lieben. Wenn Sie ihnen mehr als sechs Stunden t\u00e4glich Sonnenlicht geben, belohnen sie Sie mit einer gro\u00dfartigen Ausstellung von Bl\u00fcten, die von Bienen und Schmetterlingen geliebt werden.<\/p>\n<p>Zapfensamen k\u00f6nnen diesen Monat in Tabletts oder T\u00f6pfe ges\u00e4t werden. Halten Sie die Beh\u00e4lter an einem gesch\u00fctzten Ort, wie z. B. einem kalten Rahmen, und die jungen Pflanzen k\u00f6nnen in die Betten gehen, wo die Konefllowers im n\u00e4chsten Jahr in die Bl\u00fcte bringen k\u00f6nnen.<\/p>\n<p>Es stehen viele gro\u00dfartige Zapfensorten zur Auswahl, einschlie\u00dflich Typen, die Bl\u00fcten in einer Mischung aus Farben produzieren. Ein Beispiel sind diese &#8222;Cheyenne Spirit&#8220; -E -Echinacea -Samen auf dem wahren Blattmarkt, der kastanienbraun, mandaristische, gelbe und creme Bl\u00fcten verf\u00fcgt.<\/p>\n<p>Sobald Sie die mehrj\u00e4hrigen Pflanzen in Ihren Grenzen haben, k\u00f6nnen Sie jedes Jahr sogar Konefl\u00e4chersamen ernten, um mehr Pflanzen zu s\u00e4en.<\/p>\n<h3 class=\"article-body__section\" id=\"section-wallflowers\"><span>Wandblumen<\/span><\/h3>\n<figure class=\"van-image-figure inline-layout \" data-bordeaux-image-check>\n<div class=\"image-full-width-wrapper\">\n<div class=\"image-widthsetter\" style=\"max-width:2400px;\"><\/div>\n<\/div>\n<\/figure>\n<p>Wandblumen sind traditionell zweij\u00e4hrliche Pflanzen, obwohl einige mehrj\u00e4hrige Typen f\u00fcr mehrere wachsende Jahreszeiten bl\u00fchen k\u00f6nnen. Selbst mehrj\u00e4hrige Sorten m\u00fcssen in der Regel alle paar Jahre propagiert werden, da sie nur von kurzer Dauer sein k\u00f6nnen.<\/p>\n<p>Mallflowers sind winterhart in den US-amerikanischen Hardinit\u00e4tszonen 4 bis 9 und bilden hervorragende federbl\u00fctige Pflanzen f\u00fcr Betten, R\u00e4nder und Beh\u00e4lter. Sie sind in einer Vielzahl von Farben erh\u00e4ltlich, viele Sorten sind stark duftet, und Wallflowers k\u00f6nnen vom Fr\u00fchling bis zum Sp\u00e4tsommer oder Herbst bl\u00fchen, wenn die Wachstumsbedingungen richtig sind und regelm\u00e4\u00dfige Deadheading erfolgt.<\/p>\n<p>Mauerbl\u00fcmchensamen k\u00f6nnen im sp\u00e4ten Fr\u00fchling bis zum Fr\u00fchsommer entweder drinnen oder drau\u00dfen ges\u00e4t werden. Samen k\u00f6nnen in Tabletts oder T\u00f6pfen begonnen werden, die mit Kompost gef\u00fcllt sind, aber sie m\u00f6gen keine Temperaturen, die zu warm sind und keimen am besten bei 55-65 \u00b0 F.<\/p>\n<p>Die einfache Alternative besteht darin, Samen im Freien zu s\u00e4en. Machen Sie einen halben Zoll von etwa 12 Zoll voneinander entfernt und s\u00e4en Sie die Samen d\u00fcnn, bevor Sie sie mit Erde bedecken. Halten Sie den Boden feucht, und die Samen sollten innerhalb von zwei Wochen keimen.<\/p>\n<p>Verpflanzen Sie die S\u00e4mlinge von ihrem Starterbett in ihre endg\u00fcltige Position. Die Pflanzen werden gl\u00fccklich \u00fcberwintern, um im Fr\u00fchling in herrliche Bl\u00fcte zu kommen.<\/p>\n<h3 class=\"article-body__section\" id=\"section-myosotis\"><span>Myosotis<\/span><\/h3>\n<figure class=\"van-image-figure inline-layout \" data-bordeaux-image-check>\n<div class=\"image-full-width-wrapper\">\n<div class=\"image-widthsetter\" style=\"max-width:2000px;\"><\/div>\n<\/div>\n<\/figure>\n<p>Myosotis werden auch allgemein als Vergissme-Nots bezeichnet, und kommen in verschiedenen Formen, einschlie\u00dflich zweij\u00e4hriger und kurzlebiger mehrj\u00e4hriger Typen. Vergissmeinnot ideal, um jeden Garten im Fr\u00fchjahr und Fr\u00fchsommer unverwechselbare blaue Bl\u00fcten in den Fr\u00fchling und Fr\u00fchsommer hinzuzuf\u00fcgen.<\/p>\n<p>Dar\u00fcber hinaus sind sie als produktive, selbstversuchende Blumen bekannt, sodass sie Jahr f\u00fcr Jahr zur\u00fcckkehren, wenn sie einmal in einem Garten gepflanzt wurden. Sobald Sie in einen Raum eingef\u00fchrt wurden, m\u00fcssen Sie sie nie wieder s\u00e4en, und Sie k\u00f6nnen ihre charmanten Blumen jeden Fr\u00fchling genie\u00dfen.<\/p>\n<p>Vergiss-me-nicht-Samen k\u00f6nnen von Fr\u00fchling bis Anfang August direkt in ihre wachsende Position an einem sonnigen oder teilschatten Ort gepflanzt werden. Streuen Sie die Samen in den Boden und bedecken Sie sie mit einer d\u00fcnnen Kompostschicht.<\/p>\n<p>Halten Sie den Boden feucht, und die Samen sollten innerhalb von zwei Wochen keimen. Die S\u00e4mlinge sollten auf etwa 10 Zoll voneinander entfernt sein. Diese jungen Pflanzen werden im n\u00e4chsten Fr\u00fchjahr zu Bl\u00fcten \u00fcberwintern.<\/p>\n<p>Sehen Sie sich die Reichweite der Myosotis -Samen bei Amazon an<\/p>\n<p>Sehen Sie die Reichweite der Myosotis -Samen bei Walmart<\/p>\n<p>Sehen Sie sich das Angebot der Myosotis -Samen auf dem True Leaf Market an<\/p>\n<h3 class=\"article-body__section\" id=\"section-delphinium\"><span>Rittersporn <\/span><\/h3>\n<figure class=\"van-image-figure inline-layout \" data-bordeaux-image-check>\n<div class=\"image-full-width-wrapper\">\n<div class=\"image-widthsetter\" style=\"max-width:2400px;\"><\/div>\n<\/div>\n<\/figure>\n<p>Delphinien sind beliebte gro\u00dfe mehrj\u00e4hrige Pflanzen f\u00fcr H\u00fctteng\u00e4rten. Diese dramatischen Pflanzen haben lebhafte, dichte Bl\u00fctenspitzen, die im Fr\u00fchsommer in die glorreiche Bl\u00fcte raketen und in die herrliche Bl\u00fcte brachen.<\/p>\n<p>Diese Blumenspitzen k\u00f6nnen sechs Fu\u00df hoch erreichen und befinden sich typischerweise in Blau- oder Lila -Schatten. Es gibt jedoch Arten von Delphinien, die in Wei\u00df oder Rosa erh\u00e4ltlich sind.<\/p>\n<p>Der Anbau von Delphinien aus Saatgut ist eine kosteng\u00fcnstige M\u00f6glichkeit, in den kommenden Jahren viele Sommerblumen zu haben, und der Juli ist nicht zu sp\u00e4t. W\u00e4hrend Delphiniums zu Beginn des Jahres oft in Innenr\u00e4umen ges\u00e4t werden, k\u00f6nnen Sie im Sommer diesen Monat direkt im Freien Samen s\u00e4en.<\/p>\n<p>S\u00e4en Sie die Samen in eine sonnige, gesch\u00fctzte Position in gut abrei\u00dfende, reichhaltige Boden. S\u00e4en Sie die Samen d\u00fcnn auf die Oberfl\u00e4che, bedecken Sie sie mit einer d\u00fcnnen Bodenschicht und halten Sie den Boden feucht.<\/p>\n<p>Wenn Sie diesen Monat das Fenster verpassen, um im Freien zu s\u00e4en, besteht eine weitere M\u00f6glichkeit, im n\u00e4chsten Jahr Delphinien f\u00fcr Bl\u00fcten zu s\u00e4en. Sie k\u00f6nnen im Sp\u00e4tsommer oder im fr\u00fchen Herbst Samen im Innenraum auss\u00e4en, um im Fr\u00fchling im Freien zu pflanzen.<\/p>\n<p>Sehen Sie sich den Bereich der Delphiniumsamen bei Amazon an<\/p>\n<p>Sehen Sie sich den Bereich der Delphiniumsamen bei Walmart an<\/p>\n<p>Sehen Sie sich den Bereich der Delphiniumsamen bei Burpee an<\/p>\n<p>Sehen Sie sich das Bereich der Delphiniumsamen auf dem True Leaf Market an<\/p>\n<h3 class=\"article-body__section\" id=\"section-sweet-williams\"><span>S\u00fc\u00dfer Williams<\/span><\/h3>\n<figure class=\"van-image-figure inline-layout \" data-bordeaux-image-check>\n<div class=\"image-full-width-wrapper\">\n<div class=\"image-widthsetter\" style=\"max-width:2400px;\"><\/div>\n<\/div>\n<\/figure>\n<p>Sweet Williams oder Dianthus Barbatus sind Biennials oder kurzlebige Stauden in milderen Klimazonen.<\/p>\n<p>Sie bl\u00fchen im sp\u00e4ten Fr\u00fchling und Sommer mit charmanten, gezackten Blumen in Rot-, Rosa-, Lila- und Wei\u00dft\u00f6nen und eignen sich ideal f\u00fcr H\u00fcttengartenbetten, Blumengrenzen, geschnittene Blumeng\u00e4rten oder Beh\u00e4lterg\u00e4rten.<\/p>\n<p>Sweet Williams w\u00e4chst gerne in Sonnenlicht und gut abtr\u00e4glicher Boden. Sie sind leichte Bl\u00fcten, um aus Samen zu wachsen, und k\u00f6nnen im sp\u00e4ten Fr\u00fchling oder Fr\u00fchsommer direkt in ihre wachsende Position ges\u00e4t werden.<\/p>\n<p>Alternativ k\u00f6nnen sie im Innenraum in Tabletts, Modulen oder kleinen T\u00f6pfen gestartet werden, die im Sp\u00e4tsommer oder Fr\u00fchherbst im n\u00e4chsten Jahr drau\u00dfen gepflanzt werden sollen.<\/p>\n<p>Wo immer Sie s\u00fc\u00dfe William-Samen s\u00e4en, werden sie am besten in Tiefen von nur 1-2 mm gepflanzt und entwickeln sich lieber bei k\u00fchlen Temperaturen von 50 bis 55 \u00b0 F. Zu hoch, und es besteht das Risiko f\u00fcr langbeinige S\u00e4mlinge.<\/p>\n<p>Diese s\u00fc\u00dfe William Seeds &#8218;Double Mix&#8216; auf dem True Leaf Market ist eine sch\u00f6ne Auswahl, um eine Mischung aus Bl\u00fcten in Schatten aus purpurroten, scharlachroten und rosa zu bekommen, die durch Kolibris, Schmetterlinge und Bienen geliebt werden.<\/p>\n<h3 class=\"article-body__section\" id=\"section-gaillardia\"><span>Gaillardia <\/span><\/h3>\n<figure class=\"van-image-figure inline-layout \" data-bordeaux-image-check>\n<div class=\"image-full-width-wrapper\">\n<div class=\"image-widthsetter\" style=\"max-width:2400px;\"><\/div>\n<\/div>\n<\/figure>\n<p>Auch als Deckenblumen bezeichnet, sind dies auff\u00e4llige, kurzlebige Stauden, die lebhafte Bl\u00fctenausstellungen aufweisen. Die dochsyartigen Blumen sind in roten, orange und gelben Schatten ausgestattet, um Betten mit auff\u00e4lligen Farbdarstellungen zu f\u00fcllen.<\/p>\n<p>Sobald sie sich etabliert haben, ist Gaillardia eine wartungsarme, d\u00fcrretolerante Pflanze, die sich leicht selbstversuchte und weiter in demselben Gebiet w\u00e4chst. Sie sind ideale Pflanzen f\u00fcr H\u00fctten- oder Wildblumeng\u00e4rten und sind leicht aus Samen zu wachsen.<\/p>\n<p>Sie k\u00f6nnen Gaillardia -Samen im Juli direkt in den Boden s\u00e4en, um im folgenden Jahr zu bl\u00fchen. Die jungen Pflanzen, die sich im Sp\u00e4tsommer entwickeln, k\u00f6nnen in den US-amerikanischen Hardiness-Zonen 3-10 \u00fcberwintern und im n\u00e4chsten Sommer und Herbst eine gro\u00dfartige Blumenausstellung hervorbringen.<\/p>\n<p>Eine besonders beliebte Sorte ist &#8218;Arizona Sun&#8216;, ein All-America-Selektionssieger mit bikolorierten Bl\u00fctenbl\u00e4ttern, gelb am Rand und dunkelrot in der Mitte. Sie k\u00f6nnen &#8222;Arizona Sun&#8220; Gaillardia -Samen von Burpee zum Aussaat bringen.<\/p>\n<h3 class=\"article-body__section\" id=\"section-faqs\"><span>FAQs<\/span><\/h3>\n<h2 id=\"can-i-plant-a-rose-in-july-3\">Kann ich im Juli eine Rose pflanzen?<\/h2>\n<p>Sie k\u00f6nnen im Juli im Juli in Betten oder Beh\u00e4lter auf Beh\u00e4lter gewachsen. Es ist jedoch nicht der ideale Zeitpunkt, um Rosen zu pflanzen, da sie aktiv wachsen, und Sie m\u00fcssen sie regelm\u00e4\u00dfig gie\u00dfen, um sicherzustellen, dass sie sich in den hei\u00dferen Monaten festlegen.<\/p>\n<p>Rosen, die im Juli gepflanzt wurden, haben in diesem Sommer m\u00f6glicherweise keine gro\u00dfartige bl\u00fchende Ausstellung aufgestellt, werden aber in den kommenden Jahren besser abschneiden. Wenn Sie Rosen anbauen wollen, werden sie am besten im Fr\u00fchjahr oder Herbst gepflanzt.<\/p>\n<hr>\n<p>Es kann ein arbeitsreicher Monat im Garten sein. Es gibt nicht nur Blumen zu pflanzen, sondern auch viel Bew\u00e4sserung, F\u00fctterung, Unkraut und Tot zu tun, damit Ihre Pflanzen ihr Bestes aussehen lassen. Es kann sich alle zu einer langen Sommergarten -Checkliste summieren.<\/p>\n<p>Um Ihnen bei der Planung Ihres Monats zu helfen, k\u00f6nnen unsere F\u00fchrer zu Pflanzen im Juli und Pflanzen zur D\u00fcngung im Juli helfen, sicherzustellen, dass Ihr Garten im Sommer ordentlich, gesund und reichlich aussieht.<\/p>\n<div class=\"block\" id=\"articleTag\" data-component-name=\"PostArticleLinks\">\n<div class=\"border-b border-b-black border-solid py-2.5 text-black font-bold uppercase\">Themen<\/div>\n<nav class=\"py-2.5 flex gap-2.5 flex-wrap\" data-analytics-id=\"article-tag\">\n<p>Blumen saisonale Gartenarbeit<br \/>\n<\/nav>\n<\/div>\n<\/div>\n","protected":false},"excerpt":{"rendered":"<p>St\u00e4ndigen, Biennials und Einj\u00e4hrige k\u00f6nnen diesen Monat alle in voller Bl\u00fcte sein, aber ist es zu sp\u00e4t, Blumen im Juli zu pflanzen? Die Antwort lautet<\/p>\n","protected":false},"author":1,"featured_media":5962,"comment_status":"closed","ping_status":"","sticky":false,"template":"","format":"standard","meta":{"footnotes":""},"categories":[118],"tags":[8318,2224,1201,208,7051,55,93,163,225,15,891,1054,146,2512,61,246,4892,8319,58,1174,1199,37,8320],"class_list":["post-5961","post","type-post","status-publish","format-standard","has-post-thumbnail","hentry","category-haus-garten","tag-biennials","tag-blumen","tag-blueten","tag-diesen","tag-fuellen","tag-fuer","tag-grenzen","tag-hier","tag-ihre","tag-ist","tag-juli","tag-meine","tag-mit","tag-monat","tag-nicht","tag-pflanzen","tag-picks","tag-saeen","tag-sind","tag-spaet","tag-stauden","tag-und","tag-zurueckkehrenden","generate-columns","tablet-grid-50","mobile-grid-100","grid-parent","grid-50"],"yoast_head":"<!-- This site is optimized with the Yoast SEO plugin v27.3 - https:\/\/yoast.com\/product\/yoast-seo-wordpress\/ -->\n<title>Es ist nicht zu sp\u00e4t, im Juli Stauden und Biennials zu s\u00e4en, um Ihre Grenzen mit zur\u00fcckkehrenden Bl\u00fcten zu f\u00fcllen - hier sind meine Picks f\u00fcr 7 Blumen, um diesen Monat zu pflanzen - Nachrichten - Stra\u00dfenweb<\/title>\n<meta name=\"robots\" content=\"index, follow, max-snippet:-1, max-image-preview:large, max-video-preview:-1\" \/>\n<link rel=\"canonical\" href=\"https:\/\/www.strassenweb.de\/nachrichten\/es-ist-nicht-zu-spaet-im-juli-stauden-und-biennials-zu-saeen-um-ihre-grenzen-mit-zurueckkehrenden-blueten-zu-fuellen-hier-sind-meine-picks-fuer-7-blumen-um-diesen-monat-zu-pflanzen\/\" \/>\n<meta property=\"og:locale\" content=\"de_DE\" \/>\n<meta property=\"og:type\" content=\"article\" \/>\n<meta property=\"og:title\" content=\"Es ist nicht zu sp\u00e4t, im Juli Stauden und Biennials zu s\u00e4en, um Ihre Grenzen mit zur\u00fcckkehrenden Bl\u00fcten zu f\u00fcllen - hier sind meine Picks f\u00fcr 7 Blumen, um diesen Monat zu pflanzen - Nachrichten - Stra\u00dfenweb\" \/>\n<meta property=\"og:description\" content=\"St\u00e4ndigen, Biennials und Einj\u00e4hrige k\u00f6nnen diesen Monat alle in voller Bl\u00fcte sein, aber ist es zu sp\u00e4t, Blumen im Juli zu pflanzen? Die Antwort lautet\" \/>\n<meta property=\"og:url\" content=\"https:\/\/www.strassenweb.de\/nachrichten\/es-ist-nicht-zu-spaet-im-juli-stauden-und-biennials-zu-saeen-um-ihre-grenzen-mit-zurueckkehrenden-blueten-zu-fuellen-hier-sind-meine-picks-fuer-7-blumen-um-diesen-monat-zu-pflanzen\/\" \/>\n<meta property=\"og:site_name\" content=\"Stra\u00dfenweb\" \/>\n<meta property=\"article:publisher\" content=\"https:\/\/www.facebook.com\/strassenweb\/\" \/>\n<meta property=\"article:published_time\" content=\"2025-06-29T03:44:00+00:00\" \/>\n<meta property=\"article:modified_time\" content=\"2025-06-29T03:44:01+00:00\" \/>\n<meta property=\"og:image\" content=\"https:\/\/www.strassenweb.de\/nachrichten\/wp-content\/uploads\/2025\/06\/Es-ist-nicht-zu-spaet-im-Juli-Stauden-und-Biennials.jpg\" \/>\n\t<meta property=\"og:image:width\" content=\"1600\" \/>\n\t<meta property=\"og:image:height\" content=\"900\" \/>\n\t<meta property=\"og:image:type\" content=\"image\/jpeg\" \/>\n<meta name=\"author\" content=\"Robert Hoffmann\" \/>\n<meta name=\"twitter:card\" content=\"summary_large_image\" \/>\n<meta name=\"twitter:label1\" content=\"Verfasst von\" \/>\n\t<meta name=\"twitter:data1\" content=\"Robert Hoffmann\" \/>\n\t<meta name=\"twitter:label2\" content=\"Gesch\u00e4tzte Lesezeit\" \/>\n\t<meta name=\"twitter:data2\" content=\"11\u00a0Minuten\" \/>\n<script type=\"application\/ld+json\" class=\"yoast-schema-graph\">{\"@context\":\"https:\\\/\\\/schema.org\",\"@graph\":[{\"@type\":\"Article\",\"@id\":\"https:\\\/\\\/www.strassenweb.de\\\/nachrichten\\\/es-ist-nicht-zu-spaet-im-juli-stauden-und-biennials-zu-saeen-um-ihre-grenzen-mit-zurueckkehrenden-blueten-zu-fuellen-hier-sind-meine-picks-fuer-7-blumen-um-diesen-monat-zu-pflanzen\\\/#article\",\"isPartOf\":{\"@id\":\"https:\\\/\\\/www.strassenweb.de\\\/nachrichten\\\/es-ist-nicht-zu-spaet-im-juli-stauden-und-biennials-zu-saeen-um-ihre-grenzen-mit-zurueckkehrenden-blueten-zu-fuellen-hier-sind-meine-picks-fuer-7-blumen-um-diesen-monat-zu-pflanzen\\\/\"},\"author\":{\"name\":\"Robert Hoffmann\",\"@id\":\"https:\\\/\\\/www.strassenweb.de\\\/nachrichten\\\/#\\\/schema\\\/person\\\/87c9c9067f1211da429a744dc5a5aa41\"},\"headline\":\"Es ist nicht zu sp\u00e4t, im Juli Stauden und Biennials zu s\u00e4en, um Ihre Grenzen mit zur\u00fcckkehrenden Bl\u00fcten zu f\u00fcllen &#8211; hier sind meine Picks f\u00fcr 7 Blumen, um diesen Monat zu pflanzen\",\"datePublished\":\"2025-06-29T03:44:00+00:00\",\"dateModified\":\"2025-06-29T03:44:01+00:00\",\"mainEntityOfPage\":{\"@id\":\"https:\\\/\\\/www.strassenweb.de\\\/nachrichten\\\/es-ist-nicht-zu-spaet-im-juli-stauden-und-biennials-zu-saeen-um-ihre-grenzen-mit-zurueckkehrenden-blueten-zu-fuellen-hier-sind-meine-picks-fuer-7-blumen-um-diesen-monat-zu-pflanzen\\\/\"},\"wordCount\":2206,\"publisher\":{\"@id\":\"https:\\\/\\\/www.strassenweb.de\\\/nachrichten\\\/#organization\"},\"image\":{\"@id\":\"https:\\\/\\\/www.strassenweb.de\\\/nachrichten\\\/es-ist-nicht-zu-spaet-im-juli-stauden-und-biennials-zu-saeen-um-ihre-grenzen-mit-zurueckkehrenden-blueten-zu-fuellen-hier-sind-meine-picks-fuer-7-blumen-um-diesen-monat-zu-pflanzen\\\/#primaryimage\"},\"thumbnailUrl\":\"https:\\\/\\\/www.strassenweb.de\\\/nachrichten\\\/wp-content\\\/uploads\\\/2025\\\/06\\\/Es-ist-nicht-zu-spaet-im-Juli-Stauden-und-Biennials.jpg\",\"keywords\":[\"Biennials\",\"Blumen\",\"Bl\u00fcten\",\"diesen\",\"f\u00fcllen\",\"f\u00fcr\",\"Grenzen\",\"hier\",\"ihre\",\"ist\",\"Juli\",\"meine\",\"mit\",\"Monat\",\"nicht\",\"Pflanzen\",\"Picks\",\"s\u00e4en\",\"sind\",\"sp\u00e4t\",\"Stauden\",\"und\",\"zur\u00fcckkehrenden\"],\"articleSection\":[\"Haus &amp; Garten\"],\"inLanguage\":\"de\"},{\"@type\":\"WebPage\",\"@id\":\"https:\\\/\\\/www.strassenweb.de\\\/nachrichten\\\/es-ist-nicht-zu-spaet-im-juli-stauden-und-biennials-zu-saeen-um-ihre-grenzen-mit-zurueckkehrenden-blueten-zu-fuellen-hier-sind-meine-picks-fuer-7-blumen-um-diesen-monat-zu-pflanzen\\\/\",\"url\":\"https:\\\/\\\/www.strassenweb.de\\\/nachrichten\\\/es-ist-nicht-zu-spaet-im-juli-stauden-und-biennials-zu-saeen-um-ihre-grenzen-mit-zurueckkehrenden-blueten-zu-fuellen-hier-sind-meine-picks-fuer-7-blumen-um-diesen-monat-zu-pflanzen\\\/\",\"name\":\"Es ist nicht zu sp\u00e4t, im Juli Stauden und Biennials zu s\u00e4en, um Ihre Grenzen mit zur\u00fcckkehrenden Bl\u00fcten zu f\u00fcllen - hier sind meine Picks f\u00fcr 7 Blumen, um diesen Monat zu pflanzen - Nachrichten - Stra\u00dfenweb\",\"isPartOf\":{\"@id\":\"https:\\\/\\\/www.strassenweb.de\\\/nachrichten\\\/#website\"},\"primaryImageOfPage\":{\"@id\":\"https:\\\/\\\/www.strassenweb.de\\\/nachrichten\\\/es-ist-nicht-zu-spaet-im-juli-stauden-und-biennials-zu-saeen-um-ihre-grenzen-mit-zurueckkehrenden-blueten-zu-fuellen-hier-sind-meine-picks-fuer-7-blumen-um-diesen-monat-zu-pflanzen\\\/#primaryimage\"},\"image\":{\"@id\":\"https:\\\/\\\/www.strassenweb.de\\\/nachrichten\\\/es-ist-nicht-zu-spaet-im-juli-stauden-und-biennials-zu-saeen-um-ihre-grenzen-mit-zurueckkehrenden-blueten-zu-fuellen-hier-sind-meine-picks-fuer-7-blumen-um-diesen-monat-zu-pflanzen\\\/#primaryimage\"},\"thumbnailUrl\":\"https:\\\/\\\/www.strassenweb.de\\\/nachrichten\\\/wp-content\\\/uploads\\\/2025\\\/06\\\/Es-ist-nicht-zu-spaet-im-Juli-Stauden-und-Biennials.jpg\",\"datePublished\":\"2025-06-29T03:44:00+00:00\",\"dateModified\":\"2025-06-29T03:44:01+00:00\",\"breadcrumb\":{\"@id\":\"https:\\\/\\\/www.strassenweb.de\\\/nachrichten\\\/es-ist-nicht-zu-spaet-im-juli-stauden-und-biennials-zu-saeen-um-ihre-grenzen-mit-zurueckkehrenden-blueten-zu-fuellen-hier-sind-meine-picks-fuer-7-blumen-um-diesen-monat-zu-pflanzen\\\/#breadcrumb\"},\"inLanguage\":\"de\",\"potentialAction\":[{\"@type\":\"ReadAction\",\"target\":[\"https:\\\/\\\/www.strassenweb.de\\\/nachrichten\\\/es-ist-nicht-zu-spaet-im-juli-stauden-und-biennials-zu-saeen-um-ihre-grenzen-mit-zurueckkehrenden-blueten-zu-fuellen-hier-sind-meine-picks-fuer-7-blumen-um-diesen-monat-zu-pflanzen\\\/\"]}]},{\"@type\":\"ImageObject\",\"inLanguage\":\"de\",\"@id\":\"https:\\\/\\\/www.strassenweb.de\\\/nachrichten\\\/es-ist-nicht-zu-spaet-im-juli-stauden-und-biennials-zu-saeen-um-ihre-grenzen-mit-zurueckkehrenden-blueten-zu-fuellen-hier-sind-meine-picks-fuer-7-blumen-um-diesen-monat-zu-pflanzen\\\/#primaryimage\",\"url\":\"https:\\\/\\\/www.strassenweb.de\\\/nachrichten\\\/wp-content\\\/uploads\\\/2025\\\/06\\\/Es-ist-nicht-zu-spaet-im-Juli-Stauden-und-Biennials.jpg\",\"contentUrl\":\"https:\\\/\\\/www.strassenweb.de\\\/nachrichten\\\/wp-content\\\/uploads\\\/2025\\\/06\\\/Es-ist-nicht-zu-spaet-im-Juli-Stauden-und-Biennials.jpg\",\"width\":1600,\"height\":900,\"caption\":\"perennial planting\"},{\"@type\":\"BreadcrumbList\",\"@id\":\"https:\\\/\\\/www.strassenweb.de\\\/nachrichten\\\/es-ist-nicht-zu-spaet-im-juli-stauden-und-biennials-zu-saeen-um-ihre-grenzen-mit-zurueckkehrenden-blueten-zu-fuellen-hier-sind-meine-picks-fuer-7-blumen-um-diesen-monat-zu-pflanzen\\\/#breadcrumb\",\"itemListElement\":[{\"@type\":\"ListItem\",\"position\":1,\"name\":\"Home\",\"item\":\"https:\\\/\\\/www.strassenweb.de\\\/nachrichten\\\/\"},{\"@type\":\"ListItem\",\"position\":2,\"name\":\"Es ist nicht zu sp\u00e4t, im Juli Stauden und Biennials zu s\u00e4en, um Ihre Grenzen mit zur\u00fcckkehrenden Bl\u00fcten zu f\u00fcllen &#8211; hier sind meine Picks f\u00fcr 7 Blumen, um diesen Monat zu pflanzen\"}]},{\"@type\":\"WebSite\",\"@id\":\"https:\\\/\\\/www.strassenweb.de\\\/nachrichten\\\/#website\",\"url\":\"https:\\\/\\\/www.strassenweb.de\\\/nachrichten\\\/\",\"name\":\"Stra\u00dfenweb\",\"description\":\"Stra\u00dfenverzeichnis f\u00fcr Deutschland\",\"publisher\":{\"@id\":\"https:\\\/\\\/www.strassenweb.de\\\/nachrichten\\\/#organization\"},\"potentialAction\":[{\"@type\":\"SearchAction\",\"target\":{\"@type\":\"EntryPoint\",\"urlTemplate\":\"https:\\\/\\\/www.strassenweb.de\\\/nachrichten\\\/?s={search_term_string}\"},\"query-input\":{\"@type\":\"PropertyValueSpecification\",\"valueRequired\":true,\"valueName\":\"search_term_string\"}}],\"inLanguage\":\"de\"},{\"@type\":\"Organization\",\"@id\":\"https:\\\/\\\/www.strassenweb.de\\\/nachrichten\\\/#organization\",\"name\":\"Stra\u00dfenweb\",\"url\":\"https:\\\/\\\/www.strassenweb.de\\\/nachrichten\\\/\",\"logo\":{\"@type\":\"ImageObject\",\"inLanguage\":\"de\",\"@id\":\"https:\\\/\\\/www.strassenweb.de\\\/nachrichten\\\/#\\\/schema\\\/logo\\\/image\\\/\",\"url\":\"https:\\\/\\\/www.strassenweb.de\\\/nachrichten\\\/wp-content\\\/uploads\\\/2024\\\/09\\\/cropped-favicon.png\",\"contentUrl\":\"https:\\\/\\\/www.strassenweb.de\\\/nachrichten\\\/wp-content\\\/uploads\\\/2024\\\/09\\\/cropped-favicon.png\",\"width\":512,\"height\":512,\"caption\":\"Stra\u00dfenweb\"},\"image\":{\"@id\":\"https:\\\/\\\/www.strassenweb.de\\\/nachrichten\\\/#\\\/schema\\\/logo\\\/image\\\/\"},\"sameAs\":[\"https:\\\/\\\/www.facebook.com\\\/strassenweb\\\/\"]},{\"@type\":\"Person\",\"@id\":\"https:\\\/\\\/www.strassenweb.de\\\/nachrichten\\\/#\\\/schema\\\/person\\\/87c9c9067f1211da429a744dc5a5aa41\",\"name\":\"Robert Hoffmann\",\"image\":{\"@type\":\"ImageObject\",\"inLanguage\":\"de\",\"@id\":\"https:\\\/\\\/www.strassenweb.de\\\/nachrichten\\\/wp-content\\\/uploads\\\/2024\\\/09\\\/strassenweb-150x150.jpg\",\"url\":\"https:\\\/\\\/www.strassenweb.de\\\/nachrichten\\\/wp-content\\\/uploads\\\/2024\\\/09\\\/strassenweb-150x150.jpg\",\"contentUrl\":\"https:\\\/\\\/www.strassenweb.de\\\/nachrichten\\\/wp-content\\\/uploads\\\/2024\\\/09\\\/strassenweb-150x150.jpg\",\"caption\":\"Robert Hoffmann\"},\"description\":\"Ich hei\u00dfe Robert Hoffmann und ich bin ein leidenschaftlicher Verfechter von \u00d6kologie und Biodiversit\u00e4t. Seit meiner Kindheit in den W\u00e4ldern Bayerns f\u00fchle ich mich mit der Natur verbunden und bin entschlossen, sie zu sch\u00fctzen. Heute widme ich mein Leben der Sensibilisierung anderer f\u00fcr die Bedeutung des Umweltschutzes f\u00fcr zuk\u00fcnftige Generationen.\",\"sameAs\":[\"https:\\\/\\\/www.strassenweb.de\\\/\"]}]}<\/script>\n<!-- \/ Yoast SEO plugin. -->","yoast_head_json":{"title":"Es ist nicht zu sp\u00e4t, im Juli Stauden und Biennials zu s\u00e4en, um Ihre Grenzen mit zur\u00fcckkehrenden Bl\u00fcten zu f\u00fcllen - hier sind meine Picks f\u00fcr 7 Blumen, um diesen Monat zu pflanzen - Nachrichten - Stra\u00dfenweb","robots":{"index":"index","follow":"follow","max-snippet":"max-snippet:-1","max-image-preview":"max-image-preview:large","max-video-preview":"max-video-preview:-1"},"canonical":"https:\/\/www.strassenweb.de\/nachrichten\/es-ist-nicht-zu-spaet-im-juli-stauden-und-biennials-zu-saeen-um-ihre-grenzen-mit-zurueckkehrenden-blueten-zu-fuellen-hier-sind-meine-picks-fuer-7-blumen-um-diesen-monat-zu-pflanzen\/","og_locale":"de_DE","og_type":"article","og_title":"Es ist nicht zu sp\u00e4t, im Juli Stauden und Biennials zu s\u00e4en, um Ihre Grenzen mit zur\u00fcckkehrenden Bl\u00fcten zu f\u00fcllen - hier sind meine Picks f\u00fcr 7 Blumen, um diesen Monat zu pflanzen - Nachrichten - Stra\u00dfenweb","og_description":"St\u00e4ndigen, Biennials und Einj\u00e4hrige k\u00f6nnen diesen Monat alle in voller Bl\u00fcte sein, aber ist es zu sp\u00e4t, Blumen im Juli zu pflanzen? Die Antwort lautet","og_url":"https:\/\/www.strassenweb.de\/nachrichten\/es-ist-nicht-zu-spaet-im-juli-stauden-und-biennials-zu-saeen-um-ihre-grenzen-mit-zurueckkehrenden-blueten-zu-fuellen-hier-sind-meine-picks-fuer-7-blumen-um-diesen-monat-zu-pflanzen\/","og_site_name":"Stra\u00dfenweb","article_publisher":"https:\/\/www.facebook.com\/strassenweb\/","article_published_time":"2025-06-29T03:44:00+00:00","article_modified_time":"2025-06-29T03:44:01+00:00","og_image":[{"width":1600,"height":900,"url":"https:\/\/www.strassenweb.de\/nachrichten\/wp-content\/uploads\/2025\/06\/Es-ist-nicht-zu-spaet-im-Juli-Stauden-und-Biennials.jpg","type":"image\/jpeg"}],"author":"Robert Hoffmann","twitter_card":"summary_large_image","twitter_misc":{"Verfasst von":"Robert Hoffmann","Gesch\u00e4tzte Lesezeit":"11\u00a0Minuten"},"schema":{"@context":"https:\/\/schema.org","@graph":[{"@type":"Article","@id":"https:\/\/www.strassenweb.de\/nachrichten\/es-ist-nicht-zu-spaet-im-juli-stauden-und-biennials-zu-saeen-um-ihre-grenzen-mit-zurueckkehrenden-blueten-zu-fuellen-hier-sind-meine-picks-fuer-7-blumen-um-diesen-monat-zu-pflanzen\/#article","isPartOf":{"@id":"https:\/\/www.strassenweb.de\/nachrichten\/es-ist-nicht-zu-spaet-im-juli-stauden-und-biennials-zu-saeen-um-ihre-grenzen-mit-zurueckkehrenden-blueten-zu-fuellen-hier-sind-meine-picks-fuer-7-blumen-um-diesen-monat-zu-pflanzen\/"},"author":{"name":"Robert Hoffmann","@id":"https:\/\/www.strassenweb.de\/nachrichten\/#\/schema\/person\/87c9c9067f1211da429a744dc5a5aa41"},"headline":"Es ist nicht zu sp\u00e4t, im Juli Stauden und Biennials zu s\u00e4en, um Ihre Grenzen mit zur\u00fcckkehrenden Bl\u00fcten zu f\u00fcllen &#8211; hier sind meine Picks f\u00fcr 7 Blumen, um diesen Monat zu pflanzen","datePublished":"2025-06-29T03:44:00+00:00","dateModified":"2025-06-29T03:44:01+00:00","mainEntityOfPage":{"@id":"https:\/\/www.strassenweb.de\/nachrichten\/es-ist-nicht-zu-spaet-im-juli-stauden-und-biennials-zu-saeen-um-ihre-grenzen-mit-zurueckkehrenden-blueten-zu-fuellen-hier-sind-meine-picks-fuer-7-blumen-um-diesen-monat-zu-pflanzen\/"},"wordCount":2206,"publisher":{"@id":"https:\/\/www.strassenweb.de\/nachrichten\/#organization"},"image":{"@id":"https:\/\/www.strassenweb.de\/nachrichten\/es-ist-nicht-zu-spaet-im-juli-stauden-und-biennials-zu-saeen-um-ihre-grenzen-mit-zurueckkehrenden-blueten-zu-fuellen-hier-sind-meine-picks-fuer-7-blumen-um-diesen-monat-zu-pflanzen\/#primaryimage"},"thumbnailUrl":"https:\/\/www.strassenweb.de\/nachrichten\/wp-content\/uploads\/2025\/06\/Es-ist-nicht-zu-spaet-im-Juli-Stauden-und-Biennials.jpg","keywords":["Biennials","Blumen","Bl\u00fcten","diesen","f\u00fcllen","f\u00fcr","Grenzen","hier","ihre","ist","Juli","meine","mit","Monat","nicht","Pflanzen","Picks","s\u00e4en","sind","sp\u00e4t","Stauden","und","zur\u00fcckkehrenden"],"articleSection":["Haus &amp; Garten"],"inLanguage":"de"},{"@type":"WebPage","@id":"https:\/\/www.strassenweb.de\/nachrichten\/es-ist-nicht-zu-spaet-im-juli-stauden-und-biennials-zu-saeen-um-ihre-grenzen-mit-zurueckkehrenden-blueten-zu-fuellen-hier-sind-meine-picks-fuer-7-blumen-um-diesen-monat-zu-pflanzen\/","url":"https:\/\/www.strassenweb.de\/nachrichten\/es-ist-nicht-zu-spaet-im-juli-stauden-und-biennials-zu-saeen-um-ihre-grenzen-mit-zurueckkehrenden-blueten-zu-fuellen-hier-sind-meine-picks-fuer-7-blumen-um-diesen-monat-zu-pflanzen\/","name":"Es ist nicht zu sp\u00e4t, im Juli Stauden und Biennials zu s\u00e4en, um Ihre Grenzen mit zur\u00fcckkehrenden Bl\u00fcten zu f\u00fcllen - hier sind meine Picks f\u00fcr 7 Blumen, um diesen Monat zu pflanzen - Nachrichten - Stra\u00dfenweb","isPartOf":{"@id":"https:\/\/www.strassenweb.de\/nachrichten\/#website"},"primaryImageOfPage":{"@id":"https:\/\/www.strassenweb.de\/nachrichten\/es-ist-nicht-zu-spaet-im-juli-stauden-und-biennials-zu-saeen-um-ihre-grenzen-mit-zurueckkehrenden-blueten-zu-fuellen-hier-sind-meine-picks-fuer-7-blumen-um-diesen-monat-zu-pflanzen\/#primaryimage"},"image":{"@id":"https:\/\/www.strassenweb.de\/nachrichten\/es-ist-nicht-zu-spaet-im-juli-stauden-und-biennials-zu-saeen-um-ihre-grenzen-mit-zurueckkehrenden-blueten-zu-fuellen-hier-sind-meine-picks-fuer-7-blumen-um-diesen-monat-zu-pflanzen\/#primaryimage"},"thumbnailUrl":"https:\/\/www.strassenweb.de\/nachrichten\/wp-content\/uploads\/2025\/06\/Es-ist-nicht-zu-spaet-im-Juli-Stauden-und-Biennials.jpg","datePublished":"2025-06-29T03:44:00+00:00","dateModified":"2025-06-29T03:44:01+00:00","breadcrumb":{"@id":"https:\/\/www.strassenweb.de\/nachrichten\/es-ist-nicht-zu-spaet-im-juli-stauden-und-biennials-zu-saeen-um-ihre-grenzen-mit-zurueckkehrenden-blueten-zu-fuellen-hier-sind-meine-picks-fuer-7-blumen-um-diesen-monat-zu-pflanzen\/#breadcrumb"},"inLanguage":"de","potentialAction":[{"@type":"ReadAction","target":["https:\/\/www.strassenweb.de\/nachrichten\/es-ist-nicht-zu-spaet-im-juli-stauden-und-biennials-zu-saeen-um-ihre-grenzen-mit-zurueckkehrenden-blueten-zu-fuellen-hier-sind-meine-picks-fuer-7-blumen-um-diesen-monat-zu-pflanzen\/"]}]},{"@type":"ImageObject","inLanguage":"de","@id":"https:\/\/www.strassenweb.de\/nachrichten\/es-ist-nicht-zu-spaet-im-juli-stauden-und-biennials-zu-saeen-um-ihre-grenzen-mit-zurueckkehrenden-blueten-zu-fuellen-hier-sind-meine-picks-fuer-7-blumen-um-diesen-monat-zu-pflanzen\/#primaryimage","url":"https:\/\/www.strassenweb.de\/nachrichten\/wp-content\/uploads\/2025\/06\/Es-ist-nicht-zu-spaet-im-Juli-Stauden-und-Biennials.jpg","contentUrl":"https:\/\/www.strassenweb.de\/nachrichten\/wp-content\/uploads\/2025\/06\/Es-ist-nicht-zu-spaet-im-Juli-Stauden-und-Biennials.jpg","width":1600,"height":900,"caption":"perennial planting"},{"@type":"BreadcrumbList","@id":"https:\/\/www.strassenweb.de\/nachrichten\/es-ist-nicht-zu-spaet-im-juli-stauden-und-biennials-zu-saeen-um-ihre-grenzen-mit-zurueckkehrenden-blueten-zu-fuellen-hier-sind-meine-picks-fuer-7-blumen-um-diesen-monat-zu-pflanzen\/#breadcrumb","itemListElement":[{"@type":"ListItem","position":1,"name":"Home","item":"https:\/\/www.strassenweb.de\/nachrichten\/"},{"@type":"ListItem","position":2,"name":"Es ist nicht zu sp\u00e4t, im Juli Stauden und Biennials zu s\u00e4en, um Ihre Grenzen mit zur\u00fcckkehrenden Bl\u00fcten zu f\u00fcllen &#8211; hier sind meine Picks f\u00fcr 7 Blumen, um diesen Monat zu pflanzen"}]},{"@type":"WebSite","@id":"https:\/\/www.strassenweb.de\/nachrichten\/#website","url":"https:\/\/www.strassenweb.de\/nachrichten\/","name":"Stra\u00dfenweb","description":"Stra\u00dfenverzeichnis f\u00fcr Deutschland","publisher":{"@id":"https:\/\/www.strassenweb.de\/nachrichten\/#organization"},"potentialAction":[{"@type":"SearchAction","target":{"@type":"EntryPoint","urlTemplate":"https:\/\/www.strassenweb.de\/nachrichten\/?s={search_term_string}"},"query-input":{"@type":"PropertyValueSpecification","valueRequired":true,"valueName":"search_term_string"}}],"inLanguage":"de"},{"@type":"Organization","@id":"https:\/\/www.strassenweb.de\/nachrichten\/#organization","name":"Stra\u00dfenweb","url":"https:\/\/www.strassenweb.de\/nachrichten\/","logo":{"@type":"ImageObject","inLanguage":"de","@id":"https:\/\/www.strassenweb.de\/nachrichten\/#\/schema\/logo\/image\/","url":"https:\/\/www.strassenweb.de\/nachrichten\/wp-content\/uploads\/2024\/09\/cropped-favicon.png","contentUrl":"https:\/\/www.strassenweb.de\/nachrichten\/wp-content\/uploads\/2024\/09\/cropped-favicon.png","width":512,"height":512,"caption":"Stra\u00dfenweb"},"image":{"@id":"https:\/\/www.strassenweb.de\/nachrichten\/#\/schema\/logo\/image\/"},"sameAs":["https:\/\/www.facebook.com\/strassenweb\/"]},{"@type":"Person","@id":"https:\/\/www.strassenweb.de\/nachrichten\/#\/schema\/person\/87c9c9067f1211da429a744dc5a5aa41","name":"Robert Hoffmann","image":{"@type":"ImageObject","inLanguage":"de","@id":"https:\/\/www.strassenweb.de\/nachrichten\/wp-content\/uploads\/2024\/09\/strassenweb-150x150.jpg","url":"https:\/\/www.strassenweb.de\/nachrichten\/wp-content\/uploads\/2024\/09\/strassenweb-150x150.jpg","contentUrl":"https:\/\/www.strassenweb.de\/nachrichten\/wp-content\/uploads\/2024\/09\/strassenweb-150x150.jpg","caption":"Robert Hoffmann"},"description":"Ich hei\u00dfe Robert Hoffmann und ich bin ein leidenschaftlicher Verfechter von \u00d6kologie und Biodiversit\u00e4t. Seit meiner Kindheit in den W\u00e4ldern Bayerns f\u00fchle ich mich mit der Natur verbunden und bin entschlossen, sie zu sch\u00fctzen. Heute widme ich mein Leben der Sensibilisierung anderer f\u00fcr die Bedeutung des Umweltschutzes f\u00fcr zuk\u00fcnftige Generationen.","sameAs":["https:\/\/www.strassenweb.de\/"]}]}},"_links":{"self":[{"href":"https:\/\/www.strassenweb.de\/nachrichten\/wp-json\/wp\/v2\/posts\/5961","targetHints":{"allow":["GET"]}}],"collection":[{"href":"https:\/\/www.strassenweb.de\/nachrichten\/wp-json\/wp\/v2\/posts"}],"about":[{"href":"https:\/\/www.strassenweb.de\/nachrichten\/wp-json\/wp\/v2\/types\/post"}],"author":[{"embeddable":true,"href":"https:\/\/www.strassenweb.de\/nachrichten\/wp-json\/wp\/v2\/users\/1"}],"replies":[{"embeddable":true,"href":"https:\/\/www.strassenweb.de\/nachrichten\/wp-json\/wp\/v2\/comments?post=5961"}],"version-history":[{"count":0,"href":"https:\/\/www.strassenweb.de\/nachrichten\/wp-json\/wp\/v2\/posts\/5961\/revisions"}],"wp:featuredmedia":[{"embeddable":true,"href":"https:\/\/www.strassenweb.de\/nachrichten\/wp-json\/wp\/v2\/media\/5962"}],"wp:attachment":[{"href":"https:\/\/www.strassenweb.de\/nachrichten\/wp-json\/wp\/v2\/media?parent=5961"}],"wp:term":[{"taxonomy":"category","embeddable":true,"href":"https:\/\/www.strassenweb.de\/nachrichten\/wp-json\/wp\/v2\/categories?post=5961"},{"taxonomy":"post_tag","embeddable":true,"href":"https:\/\/www.strassenweb.de\/nachrichten\/wp-json\/wp\/v2\/tags?post=5961"}],"curies":[{"name":"wp","href":"https:\/\/api.w.org\/{rel}","templated":true}]}}