{"id":5955,"date":"2025-06-28T21:41:44","date_gmt":"2025-06-28T19:41:44","guid":{"rendered":"https:\/\/www.strassenweb.de\/nachrichten\/wie-ich-moderiere-ein-lebendiges-sommerfest-mit-noor-murad\/"},"modified":"2025-06-28T21:41:46","modified_gmt":"2025-06-28T19:41:46","slug":"wie-ich-moderiere-ein-lebendiges-sommerfest-mit-noor-murad","status":"publish","type":"post","link":"https:\/\/www.strassenweb.de\/nachrichten\/wie-ich-moderiere-ein-lebendiges-sommerfest-mit-noor-murad\/","title":{"rendered":"Wie ich moderiere &#8230; ein lebendiges Sommerfest mit Noor Murad"},"content":{"rendered":"<div id=\"article-body\" class=\"article__body \">\n<p>M\u00f6chten Sie wissen, wie ein professioneller Koch im Sommer veranstaltet? Wir haben in unserem exklusiven Interview f\u00fcr Homes &#038; Gardens mit dem Koch- und Kochbuchautor Noor Murad herausgefunden.<\/p>\n<div id=\"ad-unit-1\" class=\"ad-unit\"><\/div>\n<p>Noor stammte aus Bahrain und wurde am Culinary Institute of America in New York ausgebildet, bevor sie in ihren Zwanzigern nach Gro\u00dfbritannien zog, wo sie unter Ottolenghi arbeitete-der Meister der K\u00fcche des Nahen Ostens-, wurde der Chef der Ottolenghi-Testk\u00fcche und mitverfasst einige seiner B\u00fccher.<\/p>\n<aside data-block-type=\"embed\" data-render-type=\"fte\" data-skip=\"disabled\" data-widget-type=\"seasonal\" class=\"hawk-base\"><\/aside>\n<p>Noor hat jetzt ihr eigenes Rezeptbuch geschrieben, das mit farbenfrohen und kreativen Gerichten gef\u00fcllt ist, die von Zutaten und Techniken aus ihrer Heimatregion inspiriert sind. Hier teilt sie einige der lebendigsten Sommersalatrezepte aus<sub> <\/sub><em>Lugma: reichlich vorhandene Gerichte und Geschichten aus meinem Nahen Osten (Quadrille)<\/em>als Teil unserer <em>Wie ich moderiere <\/em>Serie &#8211; Ein faszinierender Blick darauf, wie einige unserer Lieblingsnamen in Lebensmitteln und Stil Gastgeber in ihren eigenen H\u00e4usern.<\/p>\n<div class=\"van_vid_carousel\">\n<div class=\"van_vid_carousel__padding\">\n<div class=\"van_vid_carousel__container\"><\/div>\n<\/div>\n<\/div>\n<aside data-component-name=\"Recirculation:ArticleRiver\" data-nosnippet class=\"pt-3 pb-4 mb-4 border-b border-solid border-(#333)\">\n<span class=\"\nafter:content-('') after:flex-1 after:ml-4 after:my-(0.7rem) after:border-t-(#333) after:border-t after:border-solid\nbefore:content-('') before:flex-1 before:mr-4 before:my-(0.7rem) before:border-t-(#333) before:border-t before:border-solid\nfont-article-heading pb-3 !text-base font-bold uppercase sm:text-sm text-(#333) flex\"><\/p>\n<p>Sie m\u00f6gen m\u00f6gen<br \/>\n<\/span><\/p>\n<ul class=\"flex flex-col gap-3 m-0\">\n<li class=\"m-0 list-none\" name=\"recirculation-inline\" data-analytics-id=\"recirculation-inline-1\" analytics-label=\"adviser:related\">\n<picture data-new-v2-image=\"true\" class=\"w-(--article-river-thumbnail-width,60px) flex-shrink-0\"><source type=\"image\/webp\"  ><\/source><\/p>\n<\/picture>\n<span class=\"hover:text-inherit font-article-heading text-base text-(#333) leading-5 content-center\">Auf der Suche nach Sommertisch -Inspo? Natalia Vodianovas Umgebung (mit handbemalten Platten) ist ein wahres Kunstwerk<\/span><\/p>\n<\/li>\n<li class=\"m-0 list-none\" name=\"recirculation-inline\" data-analytics-id=\"recirculation-inline-2\" analytics-label=\"adviser:related\">\n<picture data-new-v2-image=\"true\" class=\"w-(--article-river-thumbnail-width,60px) flex-shrink-0\"><source type=\"image\/webp\"  ><\/source><br \/>\n<img decoding=\"async\" alt=\"Floral Sommer Tisch mit einer Blumentischdecke, vielen Knospenvasen frischer heller Blumen, Kerzen und gr\u00fcn gewebten Taschen mit wei\u00dfen und gr\u00fcnen Tellern gestaltet\"   loading=\"lazy\" data-new-v2-image=\"true\" src=\"https:\/\/www.strassenweb.de\/nachrichten\/wp-content\/uploads\/2025\/06\/GcYGhEzS2yqZAaZ6di9P5Y.jpg\" data-pin-media=\"https:\/\/www.strassenweb.de\/nachrichten\/wp-content\/uploads\/2025\/06\/GcYGhEzS2yqZAaZ6di9P5Y.jpg\" data-pin-nopin=\"true\" class=\"aspect-(--img-listing-aspect-ratio,16\/9) object-cover w-(--article-river-thumbnail-width,60px) flex-shrink-0\">\n<\/picture>\n<span class=\"hover:text-inherit font-article-heading text-base text-(#333) leading-5 content-center\">Meine G\u00e4ste k\u00f6nnen nicht aufh\u00f6ren, \u00fcber diese langen Tisch -Setting -Ideen zu sprechen, die ich f\u00fcr das Sommer -Hosting schw\u00f6re,<\/span><\/p>\n<\/li>\n<li class=\"m-0 list-none\" name=\"recirculation-inline\" data-analytics-id=\"recirculation-inline-3\" analytics-label=\"adviser:related\">\n<picture data-new-v2-image=\"true\" class=\"w-(--article-river-thumbnail-width,60px) flex-shrink-0\"><source type=\"image\/webp\"  ><\/source><br \/>\n<img decoding=\"async\" alt=\"Gro\u00dfer langer Outdoor -Tisch, der auf einem Schindel -Terrasse mit einer rosa karierten R\u00fcschen -Tischdecke, kunstvollen St\u00fchlen, mit Blumen und hohen Taperkerzen gestaltet wurde\"   loading=\"lazy\" data-new-v2-image=\"true\" src=\"https:\/\/www.strassenweb.de\/nachrichten\/wp-content\/uploads\/2025\/06\/LojExzSihUZdiXsyzPxNUg.jpg\" data-pin-media=\"https:\/\/www.strassenweb.de\/nachrichten\/wp-content\/uploads\/2025\/06\/LojExzSihUZdiXsyzPxNUg.jpg\" data-pin-nopin=\"true\" class=\"aspect-(--img-listing-aspect-ratio,16\/9) object-cover w-(--article-river-thumbnail-width,60px) flex-shrink-0\">\n<\/picture>\n<span class=\"hover:text-inherit font-article-heading text-base text-(#333) leading-5 content-center\">Ihr Garten, aber besser &#8211; beeindrucken Sie Ihre G\u00e4ste den ganzen Sommer \u00fcber diese ideen im Freien im Freien<\/span><\/p>\n<\/li>\n<\/ul>\n<\/aside>\n<p>Noor hat ihre atemberaubenden Rezepte mit ihren Lieblings -Sommertischdekor -Ideen, die sowohl einen Aufprall erzeugen als auch die Farben in ihren Gerichten verbessern, f\u00fcr ein einfaches und entspanntes Sommerfest mit Freunden erg\u00e4nzt.<\/p>\n<h2 id=\"homes-gardens-how-i-host-episode-3\">Homes &#038; Gardens &#8218;Wie ich die Episode moderiere <\/h2>\n<div class=\"youtube-video youtube-facade\" data-nosnippet>\n<div class=\"video-aspect-box\">\n<div class=\"watch-on-iframe-6SmfzB1ntVk\" data-yt-video-token=\"6SmfzB1ntVk\" title=\"Al fresco dining with Noor Murad | How I Host... | Homes &amp; Gardens - YouTube\">\n<span class=\"youtube-video-title\">Im Freien mit Noor Murad | Wie ich moderiere &#8230; | H\u00e4user &#038; G\u00e4rten &#8211; YouTube<\/span><br \/>\n<img decoding=\"async\" src=\"https:\/\/www.strassenweb.de\/nachrichten\/wp-content\/uploads\/2025\/06\/maxresdefault.jpg\" alt=\"Im Freien mit Noor Murad | Wie ich moderiere ... | H\u00e4user &#038; G\u00e4rten - YouTube\" data-aspect-ratio=\"16\/9\" loading=\"lazy\">\n<\/div>\n<\/div>\n<p><svg class=\"play-button\" xmlns=\"http:\/\/www.w3.org\/2000\/svg\" viewbox=\"0 0 234.67 165.33\"><path fill=\"red\" d=\"M229.763 25.817c-2.699-10.162-10.65-18.165-20.748-20.881C190.716 0 117.333 0 117.333 0S43.951 0 25.651 4.936C15.553 7.652 7.6 15.655 4.903 25.817 0 44.236 0 82.667 0 82.667s0 38.429 4.903 56.85C7.6 149.68 15.553 157.681 25.65 160.4c18.3 4.934 91.682 4.934 91.682 4.934s73.383 0 91.682-4.934c10.098-2.718 18.049-10.72 20.748-20.882 4.904-18.421 4.904-56.85 4.904-56.85s0-38.431-4.904-56.85\"><\/path><path fill=\"#fff\" d=\"m93.333 117.559 61.333-34.89-61.333-34.894z\"><\/path><\/svg><\/p>\n<p>Achten Sie weiter <svg class=\"youtube-logo\" xmlns=\"http:\/\/www.w3.org\/2000\/svg\" viewbox=\"0 0 507.9 113.39\"><g fill=\"#fff\"><path d=\"M64.792 80.99V32.396l42.082 24.297zm93.803-63.285a20.285 20.285 0 0 0-14.32-14.32C131.642 0 80.99 0 80.99 0S30.337 0 17.705 3.385a20.286 20.286 0 0 0-14.32 14.32C0 30.338 0 56.693 0 56.693S0 83.049 3.385 95.68A20.285 20.285 0 0 0 17.705 110c12.632 3.386 63.285 3.386 63.285 3.386s50.652 0 63.285-3.386a20.284 20.284 0 0 0 14.32-14.32c3.385-12.632 3.385-38.988 3.385-38.988s0-26.355-3.385-38.988m94.473 74.326c.887-2.314 1.332-6.098 1.332-11.35V58.556c0-5.097-.445-8.822-1.332-11.178-.888-2.355-2.452-3.533-4.69-3.533-2.163 0-3.69 1.178-4.577 3.533-.888 2.356-1.332 6.081-1.332 11.178V80.68c0 5.25.424 9.035 1.275 11.35.848 2.318 2.392 3.475 4.633 3.475 2.239 0 3.803-1.157 4.691-3.475zm-17.953 11.122c-3.207-2.16-5.486-5.52-6.835-10.079-1.352-4.554-2.027-10.617-2.027-18.185v-10.31c0-7.644.771-13.784 2.316-18.417 1.544-4.633 3.956-8.011 7.24-10.135 3.282-2.123 7.587-3.186 12.916-3.186 5.251 0 9.459 1.082 12.626 3.243 3.165 2.162 5.482 5.542 6.95 10.136 1.466 4.595 2.2 10.715 2.2 18.36v10.31c0 7.567-.714 13.65-2.142 18.243-1.43 4.595-3.747 7.955-6.951 10.077-3.205 2.124-7.548 3.186-13.03 3.186-5.64 0-10.06-1.082-13.263-3.243m248.053-57.981c-.81 1.005-1.352 2.646-1.621 4.923-.272 2.278-.404 5.734-.404 10.367v5.097h11.697V60.46c0-4.555-.155-8.011-.463-10.367-.309-2.355-.868-4.014-1.678-4.98-.812-.966-2.067-1.449-3.766-1.449-1.7 0-2.954.503-3.765 1.506zm-2.025 29.886v3.591c0 4.557.132 7.974.404 10.251.269 2.279.828 3.94 1.68 4.982.849 1.041 2.16 1.564 3.938 1.564 2.392 0 4.035-.927 4.923-2.781.887-1.853 1.37-4.942 1.447-9.268l13.785.812c.077.62.116 1.469.116 2.548 0 6.565-1.795 11.47-5.387 14.712-3.589 3.242-8.669 4.865-15.232 4.865-7.876 0-13.398-2.47-16.564-7.414-3.168-4.94-4.75-12.586-4.75-22.935V63.589c0-10.657 1.641-18.436 4.924-23.342 3.281-4.903 8.9-7.355 16.854-7.355 5.482 0 9.691 1.004 12.626 3.012 2.933 2.01 5 5.137 6.197 9.383 1.197 4.247 1.796 10.117 1.796 17.607v12.163h-26.757m-284.953-1.33-18.187-65.68h15.869l6.37 29.77c1.623 7.339 2.82 13.594 3.591 18.766h.464c.54-3.706 1.738-9.922 3.591-18.65l6.603-29.886h15.869l-18.417 65.68v31.51h-15.754v-31.51M322.115 34.23v71.007h-12.511l-1.39-8.688h-.347c-3.399 6.564-8.496 9.845-15.291 9.845-4.71 0-8.185-1.543-10.425-4.633-2.24-3.087-3.359-7.915-3.359-14.48V34.23h15.985v52.126c0 3.168.348 5.426 1.043 6.776.695 1.353 1.853 2.027 3.475 2.027 1.39 0 2.722-.423 3.996-1.275 1.274-.849 2.22-1.928 2.838-3.241V34.229h15.986m81.995.001v71.007h-12.511l-1.391-8.688h-.345c-3.402 6.564-8.498 9.845-15.292 9.845-4.711 0-8.186-1.543-10.426-4.633-2.24-3.087-3.358-7.915-3.358-14.48V34.23h15.985v52.126c0 3.168.347 5.426 1.041 6.776.696 1.353 1.855 2.027 3.476 2.027 1.391 0 2.723-.423 3.996-1.275 1.275-.849 2.22-1.928 2.839-3.241V34.229h15.985\"><\/path><path d=\"M365.552 20.908h-15.87v84.329h-15.637v-84.33h-15.869V8.05h47.376v12.858m76.811 53.636c0 5.174-.215 9.229-.639 12.162-.424 2.937-1.139 5.021-2.143 6.255-1.004 1.236-2.357 1.854-4.053 1.854a7.404 7.404 0 0 1-3.65-.927c-1.12-.618-2.026-1.544-2.722-2.78V50.796c.54-1.93 1.467-3.513 2.78-4.749 1.313-1.234 2.74-1.853 4.285-1.853 1.623 0 2.876.637 3.766 1.91.886 1.275 1.505 3.418 1.853 6.43.348 3.011.523 7.297.523 12.857zm14.652-28.964c-.967-4.478-2.531-7.721-4.692-9.73-2.163-2.007-5.136-3.011-8.919-3.011-2.935 0-5.676.83-8.224 2.49a16.926 16.926 0 0 0-5.908 6.545h-.117l.001-37.416h-15.405v100.777h13.204l1.622-6.717h.347c1.235 2.393 3.088 4.285 5.56 5.675 2.47 1.39 5.213 2.085 8.225 2.085 5.404 0 9.382-2.491 11.931-7.471 2.548-4.982 3.823-12.76 3.823-23.341V64.23c0-7.953-.484-14.17-1.448-18.65\"><\/path><\/g><\/svg>\n<\/div>\n<hr>\n<p>&#8222;Ich genie\u00dfe es wirklich, im Sommer zu hosten, da wir die Wahl in Bezug auf das, was wir auf den Tisch bringen k\u00f6nnen, verw\u00f6hnt&#8220;, sagt Noor. \u201eEs gibt so viele Gem\u00fcse, mit denen man spielen kann, und die Leute sind im Sommer einfach gl\u00fccklicher, treten zur\u00fcck und genie\u00dfen die Gesellschaft des anderen. Ich liebe es auch, wenn sie das Essen probieren und es genie\u00dfen. Es ist etwas, das mir wirklich Freude bringt, sie zu sehen, wie sie eine sch\u00f6ne Zeit haben. &#8218;<\/p>\n<div id=\"ad-unit-2\" class=\"ad-unit\"><\/div>\n<p>Noor schafft eine wunderbar entspannte Atmosph\u00e4re in ihrem Garten, von der Banksitze mit bequemen Kissen bis hin zu den lustigen Laternen und den \u00fcberlegten, aber nicht zu &#8222;gemessenen&#8220; Tischeinstellungen, die sich daf\u00fcr eignen, Gerichte zu \u00fcbergeben, um zu teilen und Gespr\u00e4che zu inspirieren.<\/p>\n<p>&#8218;Nahen Osten lieben es zu f\u00fcttern. Wir sind ziemlich gro\u00dfz\u00fcgig in der Art und Weise, wie wir Essen servieren. Ein Tisch, der voll und reichlich aussieht, ist mein Stil \u201c, f\u00fcgt sie hinzu.<\/p>\n<figure class=\"van-image-figure inline-layout \" data-bordeaux-image-check>\n<div class=\"image-full-width-wrapper\">\n<div class=\"image-widthsetter\" style=\"max-width:2000px;\"><\/div>\n<\/div>\n<\/figure>\n<p>\u201eMenschen durch Essen zusammenzubringen, ist einfach eine sch\u00f6ne Art, Freundschaften und Verbindung zu feiern. Ich hoffe, eine sehr entspannte, ruhige und einladende Atmosph\u00e4re zu schaffen. Ich m\u00f6chte, dass die Leute einfach eingehen und sich zu Hause f\u00fchlen &#8211; sich voll und ganz darum gek\u00fcmmert \u201c, f\u00fcgt Noor hinzu.<\/p>\n<p>Das Essen ist der wichtigste Ausgangspunkt f\u00fcr das Hosting, und wie bei den farbenfrohen Gerichten von Noor kann das Dekor von Schl\u00fcsselfarben oder Themen im Essen inspiriert werden. Hier sind Noors Rezepte und Tabletop-Tipps, mit denen Sie ihr lebendiges Festnetz aus dem Nahen Osten zu Hause neu erstellen k\u00f6nnen.<\/p>\n<hr>\n<h2 id=\"noor-murad-s-stunning-middle-eastern-recipes-3\">Noor Murads atemberaubende Rezepte im Nahen Osten<\/h2>\n<p>Noors Rezepte sind einfache und k\u00f6stliche M\u00f6glichkeiten mit Gem\u00fcse und Obst, die sie mit einer cleveren Kombination aus s\u00fc\u00dfen, sauren, w\u00fcrzigen und herzhaften Zutaten verwandelt und sich von ihrer Erziehung inspirieren l\u00e4sst. &#8222;Ich f\u00fchre immer mit Aromen des Nahen Ostens-es ist nur mein Anspruch, es ist mein Instinkt, es ist die Art, wie ich koche&#8220;, erkl\u00e4rt sie.<\/p>\n<p>\u201eWenn ich \u00fcber die Planung eines Men\u00fcs nachdenke, denke ich an die Jahreszeit und dar\u00fcber nach, was in der Saison ist. Ich denke auch dar\u00fcber nach, wer kommt &#8211; jeder ist ganz anders -, also m\u00fcssen Sie Ihr Publikum kennen und f\u00fcr wen Sie kochen, und dann k\u00f6nnen Sie es von dort aus nehmen \u201c, erkl\u00e4rt sie.<\/p>\n<p>\u201eF\u00fcr diese Ausbreitung habe ich nur an wirklich nette, zarte, sommerliche Aromen gedacht. Sie m\u00fcssen sicherstellen, dass sich die Aromen auf sch\u00f6ne Weise wirklich erg\u00e4nzen und dass nicht ein Gericht so \u00fcberw\u00e4ltigend ist, dass die anderen Gerichte keine Chance haben \u201c, erkl\u00e4rt Noor. &#8222;Sie wollen kein Aufmerksamkeits-Suchende, sondern Gerichte, die alle zusammen spielen wollen.&#8220;<\/p>\n<h2 id=\"pan-fried-tomatoes-with-za-atar-pine-nuts-and-halloumi-3\">Pan gebratene Tomaten mit Za&#8217;atar, Pinienkernen und Halloumi<\/h2>\n<figure class=\"van-image-figure inline-layout \" data-bordeaux-image-check>\n<div class=\"image-full-width-wrapper\">\n<div class=\"image-widthsetter\" style=\"max-width:2000px;\"><\/div>\n<\/div>\n<\/figure>\n<p>&#8222;F\u00fcr diese mit Pfanne gebratenen Tomaten m\u00f6chte ich, dass sie weicher und ein bisschen Farbe annehmen, aber ich m\u00f6chte nicht, dass sie vollst\u00e4ndig auseinanderfallen&#8220;, sagt Noor. &#8222;Tomaten sind schon sehr s\u00fc\u00df, aber das Kochen in ein bisschen Oliven\u00f6l und Ahornsirup bringt das wirklich heraus und es ist einfach so sch\u00f6n.&#8220; Sie f\u00fcgt geriebene Halloumi und ger\u00f6stete goldene Kiefernkernen hinzu, die mit Oregano und Za&#8217;atar gekocht werden. &#8222;Ich besprenge es dann mit zus\u00e4tzlichem Za&#8217;tar, weil ich es einfach liebe, wie sch\u00f6n und krautig es ist&#8220;, f\u00fcgt Noor hinzu.<\/p>\n<h2 id=\"grilled-green-beans-with-lemon-and-feta-3\">Gegrillte gr\u00fcne Bohnen mit Zitrone und Feta<\/h2>\n<figure class=\"van-image-figure inline-layout \" data-bordeaux-image-check>\n<div class=\"image-full-width-wrapper\">\n<div class=\"image-widthsetter\" style=\"max-width:2000px;\"><\/div>\n<\/div>\n<\/figure>\n<p>&#8222;F\u00fcr dieses gr\u00fcnde gr\u00fcne Bohnengericht habe ich dieses sch\u00f6ne Dressing mit gegrillter Zitrone, langsam gekochtem Zwiebel, Zitronensaft, vielen Kr\u00e4utern und Ahornsirup gemacht&#8220;, erkl\u00e4rt Noor.<\/p>\n<p>\u00bbNehmen Sie sich Zeit, wenn Sie Dinge platten und wirklich Liebe und Gedanken hineinlegen. Wenn Sie Telledplatten haben, f\u00f6rdert es nur ein Gespr\u00e4ch \u201c, f\u00fcgt sie hinzu. \u201eMeine Lieblingsbesch\u00e4ftigung, Menschen zu haben, ist die Zusammengeh\u00f6rigkeit von allem &#8211; genie\u00dfen Essen und entspannend. Das ist der springende Punkt des Hosting, nicht wahr? &#8218;<\/p>\n<h2 id=\"sesame-beets-with-charred-scallions-3\">Sesamr\u00fcben mit verkohlten Fr\u00fchlingszwiebeln<\/h2>\n<figure class=\"van-image-figure inline-layout \" data-bordeaux-image-check>\n<div class=\"image-full-width-wrapper\">\n<div class=\"image-widthsetter\" style=\"max-width:2000px;\"><\/div>\n<\/div>\n<\/figure>\n<p>&#8222;Wenn ich ein Sommermen\u00fc plane, denke ich wirklich an Farbe&#8220;, erkl\u00e4rt Noor. &#8222;Zum Beispiel sind diese Sesamr\u00fcgen mit verkohlten Fr\u00fchlingszwiebeln eine sch\u00f6ne Art, um Ihrem Tisch Gl\u00fcck zu bringen.&#8220;<\/p>\n<p>Sie wirft sie in einen einfachen Dressing aus Joghurt, Tahini, ger\u00f6stetem Sesam\u00f6l und Limettensaft, bevor sie mit den verkohlten Fr\u00fchlingszwiebeln \u00fcbertrifft, sodass das hellgr\u00fcne gr\u00fcne sich wunderbar mit dem reichen Rosa der R\u00fcben kontrastiert.<\/p>\n<h2 id=\"ginger-nectarines-3\">Ingwernektarinen <\/h2>\n<figure class=\"van-image-figure inline-layout \" data-bordeaux-image-check>\n<div class=\"image-full-width-wrapper\">\n<div class=\"image-widthsetter\" style=\"max-width:2000px;\"><\/div>\n<\/div>\n<\/figure>\n<p>&#8218;Dies ist mein Ingwer -Nektaringericht &#8211; ich habe es bis zuletzt verlassen, damit die Nektarinen nicht verderben. Es ist so einfach zu machen, dass Sie es einfach vor dem Servieren zusammenstellen k\u00f6nnen \u201c, sagt Noor. Sie freut sich in Ingwer, Senfk\u00f6rner und Chili und benutzt das aromatische Braten\u00f6l als Basis f\u00fcr das Dressing, bevor sie mit Ahornsirup und Limettensaft mischt.<\/p>\n<p>&#8222;Mein Gro\u00dfvater hatte fr\u00fcher ein Haus im Libanon und ich habe viele meiner Kindheit dort verbracht&#8220;, teilt Noor mit. \u201eEs hat dieses sch\u00f6ne fruchtbare Land, in dem viele Obstsorten wachsen und am Ende einer Mahlzeit immer gro\u00dfe Teller mit frischen Steinfr\u00fcchten herausbringen &#8211; ich erinnere mich, dass ich sie nur mit dem Saft gegessen habe, der mein Kinn herunterbricht. Das hat mich dazu inspiriert, dieses Gericht zu machen. &#8218;<\/p>\n<hr>\n<h2 id=\"noor-murad-s-vibrant-summer-tablescape-3\">Noor Murads lebendiger Sommertischlandschaft <\/h2>\n<p>&#8218;Dieser Look ist ziemlich farbenfroh, wirklich lebendig &#8211; ich m\u00f6chte, dass er in jeder Hinsicht&#8216; Freude &#8217;schreibt, von einer hellen Tischdecke bis zu den farbenfrohen Kissen. Die Platten sind ziemlich nicht \u00fcbereinstimmend und neutral, weil ich m\u00f6chte, dass das Essen laut ist. &#8218; Noor erkl\u00e4rt.<\/p>\n<p>Sie schichtet ihren Tisch, beginnend mit einer kr\u00e4ftigen, sonnenhaut gelben Tischdecke und f\u00fcgt neutrale Grundlagen in nat\u00fcrlichen Farben und Texturen hinzu, bevor sie einige Statement Tortoishell Flair, rosa und gr\u00fcne Glaswaren sowie viele fr\u00f6hliche Gartenblumen eintauchen. Leinenservietten und blumige gewebte Serviettenringe verleihen einen letzten Schliff.<\/p>\n<p>&#8222;Meine Lieblingsfarben sind Sonnenuntergangsfarben &#8211; nicht nur im Essen, sondern Sie k\u00f6nnen es auch in den Blumen sehen&#8220;, f\u00fcgt Noor hinzu. \u201eIch habe angefangen, von \u00fcberall, wo ich reise, etwas mitzubringen. Ich liebe diese Knospenvasen wirklich &#8230; sie sind eine echte Aussage und am Ende des Tages k\u00f6nnen Sie die Blumen mit nach Hause nehmen, was so eine sch\u00f6ne Sache ist. &#8218;<\/p>\n<h3 class=\"article-body__section\" id=\"section-scroll-our-gallery-of-noor-s-summery-table\"><span>Scrollen Sie unsere Galerie von Noors sommerlicher Tabelle<\/span><\/h3>\n<div id=\"slice-container-imageGallery-GkexgHjMdPcQYB8dBaxLFF-QMTDm0UO1aykaCFWGzF0T2BvbJnKp7sr\" class=\"slice-container imageGallery-wrapper imageGallery-GkexgHjMdPcQYB8dBaxLFF-QMTDm0UO1aykaCFWGzF0T2BvbJnKp7sr slice-container-imageGallery\">\n<div data-hydrate=\"true\" class=\"inline-gallery first-slide-only\">\n<div class=\"inline-gallery__count\">Bild <!-- -->1<!-- --> von <!-- -->3<\/div>\n<div class=\"inline-gallery__arrows show\">\n<div class=\"arrows__arrows-inner\">\n<div data-testid=\"arrow-click-left\" class=\"arrows__left disable\" data-analytics-id=\"gallery-see-more\"><svg xmlns=\"http:\/\/www.w3.org\/2000\/svg\" viewbox=\"0 0 32 32\" width=\"32\" height=\"32\"><path d=\"M4.2 0l25.6 16.011L4.2 32V0z\"><\/path><\/svg><\/div>\n<div data-testid=\"arrow-click-right\" class=\"arrows__right \" data-analytics-id=\"gallery-see-more\"><svg xmlns=\"http:\/\/www.w3.org\/2000\/svg\" viewbox=\"0 0 32 32\" width=\"32\" height=\"32\"><path d=\"M4.2 0l25.6 16.011L4.2 32V0z\"><\/path><\/svg><\/div>\n<\/div>\n<\/div>\n<div style=\"overflow-x:hidden\" class=\"inline-gallery__items\">\n<div style=\"-webkit-flex-direction:row;flex-direction:row;-webkit-transition:all 0s ease 0s;transition:all 0s ease 0s;-webkit-transform:translate(0%, 0);transform:translate(0%, 0);direction:ltr;display:flex;will-change:transform\" class=\"react-swipeable-view-container\">\n<div style=\"width:100%;-webkit-flex-shrink:0;flex-shrink:0;overflow:auto\" aria-hidden=\"false\" data-swipeable=\"true\">\n<div class=\"items__item\">\n<div class=\"item__image-cont\">\n<div class=\"image-cont__image\">\n<figure class=\"image-wrapped__wrapper\" data-bordeaux-image-check=\"false\">\n<div class=\"image-wrapped__widthsetter\" style=\"max-width:2000px\">\n<div class=\"image-wrapped__aspect-padding\" style=\"padding-bottom:120%\">\n<div style=\"display:contents\"><picture data-hydrate=\"true\"><source class=\"image-wrapped__image image__image\" type=\"image\/webp\"   data-normal=\"https:\/\/www.strassenweb.de\/nachrichten\/wp-content\/uploads\/2025\/06\/aXvWWMer3FjvssFhtgu5d6.jpg\" data-original-mos=\"https:\/\/www.strassenweb.de\/nachrichten\/wp-content\/uploads\/2025\/06\/aXvWWMer3FjvssFhtgu5d6.jpg\" data-pin-media=\"https:\/\/www.strassenweb.de\/nachrichten\/wp-content\/uploads\/2025\/06\/aXvWWMer3FjvssFhtgu5d6.jpg\" data-pin-nopin=\"true\" data-slice-image=\"true\"><\/source><source class=\"image-wrapped__image image__image\" type=\"image\/jpeg\"   data-normal=\"https:\/\/www.strassenweb.de\/nachrichten\/wp-content\/uploads\/2025\/06\/aXvWWMer3FjvssFhtgu5d6.jpg\" data-original-mos=\"https:\/\/www.strassenweb.de\/nachrichten\/wp-content\/uploads\/2025\/06\/aXvWWMer3FjvssFhtgu5d6.jpg\" data-pin-media=\"https:\/\/www.strassenweb.de\/nachrichten\/wp-content\/uploads\/2025\/06\/aXvWWMer3FjvssFhtgu5d6.jpg\" data-pin-nopin=\"true\" data-slice-image=\"true\"><\/source><img decoding=\"async\" alt=\"Gelbe und wei\u00dfe Streifen -Tischdecke mit Tellern, Servietten und farbigen Brillen, die darauf eingestellt sind, mit Blumenvasen\"   class=\"image-wrapped__image image__image\" loading=\"lazy\" data-normal=\"https:\/\/www.strassenweb.de\/nachrichten\/wp-content\/uploads\/2025\/06\/aXvWWMer3FjvssFhtgu5d6.jpg\" src=\"https:\/\/www.strassenweb.de\/nachrichten\/wp-content\/uploads\/2025\/06\/aXvWWMer3FjvssFhtgu5d6.jpg\" data-pin-media=\"https:\/\/www.strassenweb.de\/nachrichten\/wp-content\/uploads\/2025\/06\/aXvWWMer3FjvssFhtgu5d6.jpg\" data-pin-nopin=\"true\" data-slice-image=\"true\"><\/picture><\/div>\n<\/div>\n<\/div>\n<\/figure>\n<\/div>\n<p><button class=\"image-cont__expand\" data-testid=\"expandButton\" data-analytics-id=\"gallery-expand-image\"><svg xmlns=\"http:\/\/www.w3.org\/2000\/svg\" width=\"32\" height=\"32\" viewbox=\"0 0 32 32\"><path d=\"M31.557 12.067L31.773 0 19.791.213l.05 3.216 6.225-.115-7.347 7.39 2.422 2.434 7.34-7.382-.108 6.213 3.184.098zM.215 19.903L0 31.97l11.984-.213-.05-3.217-6.225.113 7.348-7.388-2.42-2.436-7.34 7.383L3.402 20l-3.187-.098zM20.004 31.704L32 32.001l-.293-12.059-3.195.03.154 6.263-7.396-7.44-2.407 2.42 7.389 7.43-6.174-.148-.074 3.207zM12.213.33L.22.034l.293 12.059 3.195-.032-.152-6.26 7.394 7.438 2.404-2.418L5.967 3.39l6.174.15.072-3.209z\"><\/path><\/svg><\/button><\/div>\n<div class=\"item__description\"><\/div>\n<\/div>\n<\/div>\n<div style=\"width:100%;-webkit-flex-shrink:0;flex-shrink:0;overflow:auto\" aria-hidden=\"true\" data-swipeable=\"true\">\n<div class=\"items__item\">\n<div class=\"item__image-cont\">\n<div class=\"image-cont__image\">\n<figure class=\"image-wrapped__wrapper\" data-bordeaux-image-check=\"false\">\n<div class=\"image-wrapped__widthsetter\" style=\"max-width:2000px\">\n<div class=\"image-wrapped__aspect-padding\" style=\"padding-bottom:120%\">\n<div style=\"display:contents\"><picture data-hydrate=\"true\"><source class=\"image-wrapped__image image__image\" type=\"image\/webp\"   data-normal=\"https:\/\/www.strassenweb.de\/nachrichten\/wp-content\/uploads\/2025\/06\/FLPfsLwHLhGQFKHV7bY4yj.jpg\" data-original-mos=\"https:\/\/www.strassenweb.de\/nachrichten\/wp-content\/uploads\/2025\/06\/FLPfsLwHLhGQFKHV7bY4yj.jpg\" data-pin-media=\"https:\/\/www.strassenweb.de\/nachrichten\/wp-content\/uploads\/2025\/06\/FLPfsLwHLhGQFKHV7bY4yj.jpg\" data-pin-nopin=\"true\" data-slice-image=\"true\"><\/source><source class=\"image-wrapped__image image__image\" type=\"image\/jpeg\"   data-normal=\"https:\/\/www.strassenweb.de\/nachrichten\/wp-content\/uploads\/2025\/06\/FLPfsLwHLhGQFKHV7bY4yj.jpg\" data-original-mos=\"https:\/\/www.strassenweb.de\/nachrichten\/wp-content\/uploads\/2025\/06\/FLPfsLwHLhGQFKHV7bY4yj.jpg\" data-pin-media=\"https:\/\/www.strassenweb.de\/nachrichten\/wp-content\/uploads\/2025\/06\/FLPfsLwHLhGQFKHV7bY4yj.jpg\" data-pin-nopin=\"true\" data-slice-image=\"true\"><\/source><img decoding=\"async\" alt=\"Buntes Sommertisch im Freien mit Blumen, Frucht- und Salatenplatten, einer gelben und wei\u00dfen gestreiften Tischdecke und farbigen Glaswaren mit Kissen auf einer Bank\"   class=\"image-wrapped__image image__image\" loading=\"lazy\" data-normal=\"https:\/\/www.strassenweb.de\/nachrichten\/wp-content\/uploads\/2025\/06\/FLPfsLwHLhGQFKHV7bY4yj.jpg\" src=\"https:\/\/www.strassenweb.de\/nachrichten\/wp-content\/uploads\/2025\/06\/FLPfsLwHLhGQFKHV7bY4yj.jpg\" data-pin-media=\"https:\/\/www.strassenweb.de\/nachrichten\/wp-content\/uploads\/2025\/06\/FLPfsLwHLhGQFKHV7bY4yj.jpg\" data-pin-nopin=\"true\" data-slice-image=\"true\"><\/picture><\/div>\n<\/div>\n<\/div>\n<\/figure>\n<\/div>\n<p><button class=\"image-cont__expand\" data-testid=\"expandButton\" data-analytics-id=\"gallery-expand-image\"><svg xmlns=\"http:\/\/www.w3.org\/2000\/svg\" width=\"32\" height=\"32\" viewbox=\"0 0 32 32\"><path d=\"M31.557 12.067L31.773 0 19.791.213l.05 3.216 6.225-.115-7.347 7.39 2.422 2.434 7.34-7.382-.108 6.213 3.184.098zM.215 19.903L0 31.97l11.984-.213-.05-3.217-6.225.113 7.348-7.388-2.42-2.436-7.34 7.383L3.402 20l-3.187-.098zM20.004 31.704L32 32.001l-.293-12.059-3.195.03.154 6.263-7.396-7.44-2.407 2.42 7.389 7.43-6.174-.148-.074 3.207zM12.213.33L.22.034l.293 12.059 3.195-.032-.152-6.26 7.394 7.438 2.404-2.418L5.967 3.39l6.174.15.072-3.209z\"><\/path><\/svg><\/button><\/div>\n<div class=\"item__description\"><\/div>\n<\/div>\n<\/div>\n<div style=\"width:100%;-webkit-flex-shrink:0;flex-shrink:0;overflow:auto\" aria-hidden=\"true\" data-swipeable=\"true\">\n<div class=\"items__item\">\n<div class=\"item__image-cont\">\n<div class=\"image-cont__image\">\n<figure class=\"image-wrapped__wrapper\" data-bordeaux-image-check=\"false\">\n<div class=\"image-wrapped__widthsetter\" style=\"max-width:2000px\">\n<div class=\"image-wrapped__aspect-padding\" style=\"padding-bottom:120%\">\n<div style=\"display:contents\"><picture data-hydrate=\"true\"><source class=\"image-wrapped__image image__image\" type=\"image\/webp\"   data-normal=\"https:\/\/www.strassenweb.de\/nachrichten\/wp-content\/uploads\/2025\/06\/vu86spHbBamUWsN7ogHHzG.jpg\" data-original-mos=\"https:\/\/www.strassenweb.de\/nachrichten\/wp-content\/uploads\/2025\/06\/vu86spHbBamUWsN7ogHHzG.jpg\" data-pin-media=\"https:\/\/www.strassenweb.de\/nachrichten\/wp-content\/uploads\/2025\/06\/vu86spHbBamUWsN7ogHHzG.jpg\" data-pin-nopin=\"true\" data-slice-image=\"true\"><\/source><source class=\"image-wrapped__image image__image\" type=\"image\/jpeg\"   data-normal=\"https:\/\/www.strassenweb.de\/nachrichten\/wp-content\/uploads\/2025\/06\/vu86spHbBamUWsN7ogHHzG.jpg\" data-original-mos=\"https:\/\/www.strassenweb.de\/nachrichten\/wp-content\/uploads\/2025\/06\/vu86spHbBamUWsN7ogHHzG.jpg\" data-pin-media=\"https:\/\/www.strassenweb.de\/nachrichten\/wp-content\/uploads\/2025\/06\/vu86spHbBamUWsN7ogHHzG.jpg\" data-pin-nopin=\"true\" data-slice-image=\"true\"><\/source><img decoding=\"async\" alt=\"Nahaufnahme eines Ortes mit einem gr\u00fcnen Raffia -Blumen -Serviettenring auf gesprenkeltem Teller mit einer rosa Orangen- und Blue Blumen und anderen farbenfrohen Accessoires im Hintergrund\"   class=\"image-wrapped__image image__image\" loading=\"lazy\" data-normal=\"https:\/\/www.strassenweb.de\/nachrichten\/wp-content\/uploads\/2025\/06\/vu86spHbBamUWsN7ogHHzG.jpg\" src=\"https:\/\/www.strassenweb.de\/nachrichten\/wp-content\/uploads\/2025\/06\/vu86spHbBamUWsN7ogHHzG.jpg\" data-pin-media=\"https:\/\/www.strassenweb.de\/nachrichten\/wp-content\/uploads\/2025\/06\/vu86spHbBamUWsN7ogHHzG.jpg\" data-pin-nopin=\"true\" data-slice-image=\"true\"><\/picture><\/div>\n<\/div>\n<\/div>\n<\/figure>\n<\/div>\n<p><button class=\"image-cont__expand\" data-testid=\"expandButton\" data-analytics-id=\"gallery-expand-image\"><svg xmlns=\"http:\/\/www.w3.org\/2000\/svg\" width=\"32\" height=\"32\" viewbox=\"0 0 32 32\"><path d=\"M31.557 12.067L31.773 0 19.791.213l.05 3.216 6.225-.115-7.347 7.39 2.422 2.434 7.34-7.382-.108 6.213 3.184.098zM.215 19.903L0 31.97l11.984-.213-.05-3.217-6.225.113 7.348-7.388-2.42-2.436-7.34 7.383L3.402 20l-3.187-.098zM20.004 31.704L32 32.001l-.293-12.059-3.195.03.154 6.263-7.396-7.44-2.407 2.42 7.389 7.43-6.174-.148-.074 3.207zM12.213.33L.22.034l.293 12.059 3.195-.032-.152-6.26 7.394 7.438 2.404-2.418L5.967 3.39l6.174.15.072-3.209z\"><\/path><\/svg><\/button><\/div>\n<div class=\"item__description\"><\/div>\n<\/div>\n<\/div>\n<\/div>\n<\/div>\n<\/div>\n<\/div>\n<hr>\n<h2 id=\"shop-noor-s-vibrant-summer-look-3\">Kaufen Sie Noors lebendiger Sommer -Look ein<\/h2>\n<div class=\"product-container hero-product-container product-block-no-wrap\">\n<div class=\"product-block-row\"><\/div>\n<div class=\"product-block-row\"><\/div>\n<div class=\"product-block-row\"><\/div>\n<div class=\"product-block-row\"><\/div>\n<div class=\"product-block-row\"><\/div>\n<div class=\"product-block-row\"><\/div>\n<div class=\"product-block-row\"><\/div>\n<div class=\"product-block-row\"><\/div>\n<div class=\"product-block-row\"><\/div>\n<div class=\"product-block-row\"><\/div>\n<div class=\"product-block-row\"><\/div>\n<div class=\"product-block-row\"><\/div>\n<\/div>\n<hr>\n<p>Wenn Sie wie Noor Ihr eigenes elegantes und entspanntes Fest erstellen m\u00f6chten, sollten Sie ein bestimmtes Thema Gartenparty in Betracht ziehen. Sie k\u00f6nnen sich auch unsere Barbecue -Rezepte f\u00fcr ein einfaches Sommermen\u00fc f\u00fcr Freunde oder unser Mittagsmen\u00fc im Freien ansehen, um die rustikale \u00c4sthetik erh\u00f6ht zu haben.<\/p>\n<aside class=\"article__disclaimer\">\n<p><em> <\/em><\/p>\n<\/aside>\n<\/div>\n","protected":false},"excerpt":{"rendered":"<p>M\u00f6chten Sie wissen, wie ein professioneller Koch im Sommer veranstaltet? Wir haben in unserem exklusiven Interview f\u00fcr Homes &#038; Gardens mit dem Koch- und Kochbuchautor<\/p>\n","protected":false},"author":1,"featured_media":5956,"comment_status":"closed","ping_status":"","sticky":false,"template":"","format":"standard","meta":{"footnotes":""},"categories":[118],"tags":[43,129,8313,146,8312,8316,8315,8314,26],"class_list":["post-5955","post","type-post","status-publish","format-standard","has-post-thumbnail","hentry","category-haus-garten","tag-ein","tag-ich","tag-lebendiges","tag-mit","tag-moderiere","tag-murad","tag-noor","tag-sommerfest","tag-wie","generate-columns","tablet-grid-50","mobile-grid-100","grid-parent","grid-50"],"yoast_head":"<!-- This site is optimized with the Yoast SEO plugin v27.3 - https:\/\/yoast.com\/product\/yoast-seo-wordpress\/ -->\n<title>Wie ich moderiere ... ein lebendiges Sommerfest mit Noor Murad - Nachrichten - Stra\u00dfenweb<\/title>\n<meta name=\"robots\" content=\"index, follow, max-snippet:-1, max-image-preview:large, max-video-preview:-1\" \/>\n<link rel=\"canonical\" href=\"https:\/\/www.strassenweb.de\/nachrichten\/wie-ich-moderiere-ein-lebendiges-sommerfest-mit-noor-murad\/\" \/>\n<meta property=\"og:locale\" content=\"de_DE\" \/>\n<meta property=\"og:type\" content=\"article\" \/>\n<meta property=\"og:title\" content=\"Wie ich moderiere ... ein lebendiges Sommerfest mit Noor Murad - Nachrichten - Stra\u00dfenweb\" \/>\n<meta property=\"og:description\" content=\"M\u00f6chten Sie wissen, wie ein professioneller Koch im Sommer veranstaltet? Wir haben in unserem exklusiven Interview f\u00fcr Homes &#038; Gardens mit dem Koch- und Kochbuchautor\" \/>\n<meta property=\"og:url\" content=\"https:\/\/www.strassenweb.de\/nachrichten\/wie-ich-moderiere-ein-lebendiges-sommerfest-mit-noor-murad\/\" \/>\n<meta property=\"og:site_name\" content=\"Stra\u00dfenweb\" \/>\n<meta property=\"article:publisher\" content=\"https:\/\/www.facebook.com\/strassenweb\/\" \/>\n<meta property=\"article:published_time\" content=\"2025-06-28T19:41:44+00:00\" \/>\n<meta property=\"article:modified_time\" content=\"2025-06-28T19:41:46+00:00\" \/>\n<meta property=\"og:image\" content=\"https:\/\/www.strassenweb.de\/nachrichten\/wp-content\/uploads\/2025\/06\/Wie-ich-moderiere-ein-lebendiges-Sommerfest-mit-Noor-Murad-scaled.jpg\" \/>\n\t<meta property=\"og:image:width\" content=\"2560\" \/>\n\t<meta property=\"og:image:height\" content=\"1440\" \/>\n\t<meta property=\"og:image:type\" content=\"image\/jpeg\" \/>\n<meta name=\"author\" content=\"Robert Hoffmann\" \/>\n<meta name=\"twitter:card\" content=\"summary_large_image\" \/>\n<meta name=\"twitter:label1\" content=\"Verfasst von\" \/>\n\t<meta name=\"twitter:data1\" content=\"Robert Hoffmann\" \/>\n\t<meta name=\"twitter:label2\" content=\"Gesch\u00e4tzte Lesezeit\" \/>\n\t<meta name=\"twitter:data2\" content=\"7\u00a0Minuten\" \/>\n<script type=\"application\/ld+json\" class=\"yoast-schema-graph\">{\"@context\":\"https:\\\/\\\/schema.org\",\"@graph\":[{\"@type\":\"Article\",\"@id\":\"https:\\\/\\\/www.strassenweb.de\\\/nachrichten\\\/wie-ich-moderiere-ein-lebendiges-sommerfest-mit-noor-murad\\\/#article\",\"isPartOf\":{\"@id\":\"https:\\\/\\\/www.strassenweb.de\\\/nachrichten\\\/wie-ich-moderiere-ein-lebendiges-sommerfest-mit-noor-murad\\\/\"},\"author\":{\"name\":\"Robert Hoffmann\",\"@id\":\"https:\\\/\\\/www.strassenweb.de\\\/nachrichten\\\/#\\\/schema\\\/person\\\/87c9c9067f1211da429a744dc5a5aa41\"},\"headline\":\"Wie ich moderiere &#8230; ein lebendiges Sommerfest mit Noor Murad\",\"datePublished\":\"2025-06-28T19:41:44+00:00\",\"dateModified\":\"2025-06-28T19:41:46+00:00\",\"mainEntityOfPage\":{\"@id\":\"https:\\\/\\\/www.strassenweb.de\\\/nachrichten\\\/wie-ich-moderiere-ein-lebendiges-sommerfest-mit-noor-murad\\\/\"},\"wordCount\":1406,\"publisher\":{\"@id\":\"https:\\\/\\\/www.strassenweb.de\\\/nachrichten\\\/#organization\"},\"image\":{\"@id\":\"https:\\\/\\\/www.strassenweb.de\\\/nachrichten\\\/wie-ich-moderiere-ein-lebendiges-sommerfest-mit-noor-murad\\\/#primaryimage\"},\"thumbnailUrl\":\"https:\\\/\\\/www.strassenweb.de\\\/nachrichten\\\/wp-content\\\/uploads\\\/2025\\\/06\\\/Wie-ich-moderiere-ein-lebendiges-Sommerfest-mit-Noor-Murad-scaled.jpg\",\"keywords\":[\"ein\",\"ich\",\"lebendiges\",\"mit\",\"moderiere\",\"Murad\",\"Noor\",\"Sommerfest\",\"Wie\"],\"articleSection\":[\"Haus &amp; Garten\"],\"inLanguage\":\"de\"},{\"@type\":\"WebPage\",\"@id\":\"https:\\\/\\\/www.strassenweb.de\\\/nachrichten\\\/wie-ich-moderiere-ein-lebendiges-sommerfest-mit-noor-murad\\\/\",\"url\":\"https:\\\/\\\/www.strassenweb.de\\\/nachrichten\\\/wie-ich-moderiere-ein-lebendiges-sommerfest-mit-noor-murad\\\/\",\"name\":\"Wie ich moderiere ... ein lebendiges Sommerfest mit Noor Murad - Nachrichten - Stra\u00dfenweb\",\"isPartOf\":{\"@id\":\"https:\\\/\\\/www.strassenweb.de\\\/nachrichten\\\/#website\"},\"primaryImageOfPage\":{\"@id\":\"https:\\\/\\\/www.strassenweb.de\\\/nachrichten\\\/wie-ich-moderiere-ein-lebendiges-sommerfest-mit-noor-murad\\\/#primaryimage\"},\"image\":{\"@id\":\"https:\\\/\\\/www.strassenweb.de\\\/nachrichten\\\/wie-ich-moderiere-ein-lebendiges-sommerfest-mit-noor-murad\\\/#primaryimage\"},\"thumbnailUrl\":\"https:\\\/\\\/www.strassenweb.de\\\/nachrichten\\\/wp-content\\\/uploads\\\/2025\\\/06\\\/Wie-ich-moderiere-ein-lebendiges-Sommerfest-mit-Noor-Murad-scaled.jpg\",\"datePublished\":\"2025-06-28T19:41:44+00:00\",\"dateModified\":\"2025-06-28T19:41:46+00:00\",\"breadcrumb\":{\"@id\":\"https:\\\/\\\/www.strassenweb.de\\\/nachrichten\\\/wie-ich-moderiere-ein-lebendiges-sommerfest-mit-noor-murad\\\/#breadcrumb\"},\"inLanguage\":\"de\",\"potentialAction\":[{\"@type\":\"ReadAction\",\"target\":[\"https:\\\/\\\/www.strassenweb.de\\\/nachrichten\\\/wie-ich-moderiere-ein-lebendiges-sommerfest-mit-noor-murad\\\/\"]}]},{\"@type\":\"ImageObject\",\"inLanguage\":\"de\",\"@id\":\"https:\\\/\\\/www.strassenweb.de\\\/nachrichten\\\/wie-ich-moderiere-ein-lebendiges-sommerfest-mit-noor-murad\\\/#primaryimage\",\"url\":\"https:\\\/\\\/www.strassenweb.de\\\/nachrichten\\\/wp-content\\\/uploads\\\/2025\\\/06\\\/Wie-ich-moderiere-ein-lebendiges-Sommerfest-mit-Noor-Murad-scaled.jpg\",\"contentUrl\":\"https:\\\/\\\/www.strassenweb.de\\\/nachrichten\\\/wp-content\\\/uploads\\\/2025\\\/06\\\/Wie-ich-moderiere-ein-lebendiges-Sommerfest-mit-Noor-Murad-scaled.jpg\",\"width\":2560,\"height\":1440,\"caption\":\"Noor Murad standing in her yard by a table set for summer with colorful tableware and accessories and yellow hanging lanterns\"},{\"@type\":\"BreadcrumbList\",\"@id\":\"https:\\\/\\\/www.strassenweb.de\\\/nachrichten\\\/wie-ich-moderiere-ein-lebendiges-sommerfest-mit-noor-murad\\\/#breadcrumb\",\"itemListElement\":[{\"@type\":\"ListItem\",\"position\":1,\"name\":\"Home\",\"item\":\"https:\\\/\\\/www.strassenweb.de\\\/nachrichten\\\/\"},{\"@type\":\"ListItem\",\"position\":2,\"name\":\"Wie ich moderiere &#8230; ein lebendiges Sommerfest mit Noor Murad\"}]},{\"@type\":\"WebSite\",\"@id\":\"https:\\\/\\\/www.strassenweb.de\\\/nachrichten\\\/#website\",\"url\":\"https:\\\/\\\/www.strassenweb.de\\\/nachrichten\\\/\",\"name\":\"Stra\u00dfenweb\",\"description\":\"Stra\u00dfenverzeichnis f\u00fcr Deutschland\",\"publisher\":{\"@id\":\"https:\\\/\\\/www.strassenweb.de\\\/nachrichten\\\/#organization\"},\"potentialAction\":[{\"@type\":\"SearchAction\",\"target\":{\"@type\":\"EntryPoint\",\"urlTemplate\":\"https:\\\/\\\/www.strassenweb.de\\\/nachrichten\\\/?s={search_term_string}\"},\"query-input\":{\"@type\":\"PropertyValueSpecification\",\"valueRequired\":true,\"valueName\":\"search_term_string\"}}],\"inLanguage\":\"de\"},{\"@type\":\"Organization\",\"@id\":\"https:\\\/\\\/www.strassenweb.de\\\/nachrichten\\\/#organization\",\"name\":\"Stra\u00dfenweb\",\"url\":\"https:\\\/\\\/www.strassenweb.de\\\/nachrichten\\\/\",\"logo\":{\"@type\":\"ImageObject\",\"inLanguage\":\"de\",\"@id\":\"https:\\\/\\\/www.strassenweb.de\\\/nachrichten\\\/#\\\/schema\\\/logo\\\/image\\\/\",\"url\":\"https:\\\/\\\/www.strassenweb.de\\\/nachrichten\\\/wp-content\\\/uploads\\\/2024\\\/09\\\/cropped-favicon.png\",\"contentUrl\":\"https:\\\/\\\/www.strassenweb.de\\\/nachrichten\\\/wp-content\\\/uploads\\\/2024\\\/09\\\/cropped-favicon.png\",\"width\":512,\"height\":512,\"caption\":\"Stra\u00dfenweb\"},\"image\":{\"@id\":\"https:\\\/\\\/www.strassenweb.de\\\/nachrichten\\\/#\\\/schema\\\/logo\\\/image\\\/\"},\"sameAs\":[\"https:\\\/\\\/www.facebook.com\\\/strassenweb\\\/\"]},{\"@type\":\"Person\",\"@id\":\"https:\\\/\\\/www.strassenweb.de\\\/nachrichten\\\/#\\\/schema\\\/person\\\/87c9c9067f1211da429a744dc5a5aa41\",\"name\":\"Robert Hoffmann\",\"image\":{\"@type\":\"ImageObject\",\"inLanguage\":\"de\",\"@id\":\"https:\\\/\\\/www.strassenweb.de\\\/nachrichten\\\/wp-content\\\/uploads\\\/2024\\\/09\\\/strassenweb-150x150.jpg\",\"url\":\"https:\\\/\\\/www.strassenweb.de\\\/nachrichten\\\/wp-content\\\/uploads\\\/2024\\\/09\\\/strassenweb-150x150.jpg\",\"contentUrl\":\"https:\\\/\\\/www.strassenweb.de\\\/nachrichten\\\/wp-content\\\/uploads\\\/2024\\\/09\\\/strassenweb-150x150.jpg\",\"caption\":\"Robert Hoffmann\"},\"description\":\"Ich hei\u00dfe Robert Hoffmann und ich bin ein leidenschaftlicher Verfechter von \u00d6kologie und Biodiversit\u00e4t. Seit meiner Kindheit in den W\u00e4ldern Bayerns f\u00fchle ich mich mit der Natur verbunden und bin entschlossen, sie zu sch\u00fctzen. Heute widme ich mein Leben der Sensibilisierung anderer f\u00fcr die Bedeutung des Umweltschutzes f\u00fcr zuk\u00fcnftige Generationen.\",\"sameAs\":[\"https:\\\/\\\/www.strassenweb.de\\\/\"]}]}<\/script>\n<!-- \/ Yoast SEO plugin. -->","yoast_head_json":{"title":"Wie ich moderiere ... ein lebendiges Sommerfest mit Noor Murad - Nachrichten - Stra\u00dfenweb","robots":{"index":"index","follow":"follow","max-snippet":"max-snippet:-1","max-image-preview":"max-image-preview:large","max-video-preview":"max-video-preview:-1"},"canonical":"https:\/\/www.strassenweb.de\/nachrichten\/wie-ich-moderiere-ein-lebendiges-sommerfest-mit-noor-murad\/","og_locale":"de_DE","og_type":"article","og_title":"Wie ich moderiere ... ein lebendiges Sommerfest mit Noor Murad - Nachrichten - Stra\u00dfenweb","og_description":"M\u00f6chten Sie wissen, wie ein professioneller Koch im Sommer veranstaltet? Wir haben in unserem exklusiven Interview f\u00fcr Homes &#038; Gardens mit dem Koch- und Kochbuchautor","og_url":"https:\/\/www.strassenweb.de\/nachrichten\/wie-ich-moderiere-ein-lebendiges-sommerfest-mit-noor-murad\/","og_site_name":"Stra\u00dfenweb","article_publisher":"https:\/\/www.facebook.com\/strassenweb\/","article_published_time":"2025-06-28T19:41:44+00:00","article_modified_time":"2025-06-28T19:41:46+00:00","og_image":[{"width":2560,"height":1440,"url":"https:\/\/www.strassenweb.de\/nachrichten\/wp-content\/uploads\/2025\/06\/Wie-ich-moderiere-ein-lebendiges-Sommerfest-mit-Noor-Murad-scaled.jpg","type":"image\/jpeg"}],"author":"Robert Hoffmann","twitter_card":"summary_large_image","twitter_misc":{"Verfasst von":"Robert Hoffmann","Gesch\u00e4tzte Lesezeit":"7\u00a0Minuten"},"schema":{"@context":"https:\/\/schema.org","@graph":[{"@type":"Article","@id":"https:\/\/www.strassenweb.de\/nachrichten\/wie-ich-moderiere-ein-lebendiges-sommerfest-mit-noor-murad\/#article","isPartOf":{"@id":"https:\/\/www.strassenweb.de\/nachrichten\/wie-ich-moderiere-ein-lebendiges-sommerfest-mit-noor-murad\/"},"author":{"name":"Robert Hoffmann","@id":"https:\/\/www.strassenweb.de\/nachrichten\/#\/schema\/person\/87c9c9067f1211da429a744dc5a5aa41"},"headline":"Wie ich moderiere &#8230; ein lebendiges Sommerfest mit Noor Murad","datePublished":"2025-06-28T19:41:44+00:00","dateModified":"2025-06-28T19:41:46+00:00","mainEntityOfPage":{"@id":"https:\/\/www.strassenweb.de\/nachrichten\/wie-ich-moderiere-ein-lebendiges-sommerfest-mit-noor-murad\/"},"wordCount":1406,"publisher":{"@id":"https:\/\/www.strassenweb.de\/nachrichten\/#organization"},"image":{"@id":"https:\/\/www.strassenweb.de\/nachrichten\/wie-ich-moderiere-ein-lebendiges-sommerfest-mit-noor-murad\/#primaryimage"},"thumbnailUrl":"https:\/\/www.strassenweb.de\/nachrichten\/wp-content\/uploads\/2025\/06\/Wie-ich-moderiere-ein-lebendiges-Sommerfest-mit-Noor-Murad-scaled.jpg","keywords":["ein","ich","lebendiges","mit","moderiere","Murad","Noor","Sommerfest","Wie"],"articleSection":["Haus &amp; Garten"],"inLanguage":"de"},{"@type":"WebPage","@id":"https:\/\/www.strassenweb.de\/nachrichten\/wie-ich-moderiere-ein-lebendiges-sommerfest-mit-noor-murad\/","url":"https:\/\/www.strassenweb.de\/nachrichten\/wie-ich-moderiere-ein-lebendiges-sommerfest-mit-noor-murad\/","name":"Wie ich moderiere ... ein lebendiges Sommerfest mit Noor Murad - Nachrichten - Stra\u00dfenweb","isPartOf":{"@id":"https:\/\/www.strassenweb.de\/nachrichten\/#website"},"primaryImageOfPage":{"@id":"https:\/\/www.strassenweb.de\/nachrichten\/wie-ich-moderiere-ein-lebendiges-sommerfest-mit-noor-murad\/#primaryimage"},"image":{"@id":"https:\/\/www.strassenweb.de\/nachrichten\/wie-ich-moderiere-ein-lebendiges-sommerfest-mit-noor-murad\/#primaryimage"},"thumbnailUrl":"https:\/\/www.strassenweb.de\/nachrichten\/wp-content\/uploads\/2025\/06\/Wie-ich-moderiere-ein-lebendiges-Sommerfest-mit-Noor-Murad-scaled.jpg","datePublished":"2025-06-28T19:41:44+00:00","dateModified":"2025-06-28T19:41:46+00:00","breadcrumb":{"@id":"https:\/\/www.strassenweb.de\/nachrichten\/wie-ich-moderiere-ein-lebendiges-sommerfest-mit-noor-murad\/#breadcrumb"},"inLanguage":"de","potentialAction":[{"@type":"ReadAction","target":["https:\/\/www.strassenweb.de\/nachrichten\/wie-ich-moderiere-ein-lebendiges-sommerfest-mit-noor-murad\/"]}]},{"@type":"ImageObject","inLanguage":"de","@id":"https:\/\/www.strassenweb.de\/nachrichten\/wie-ich-moderiere-ein-lebendiges-sommerfest-mit-noor-murad\/#primaryimage","url":"https:\/\/www.strassenweb.de\/nachrichten\/wp-content\/uploads\/2025\/06\/Wie-ich-moderiere-ein-lebendiges-Sommerfest-mit-Noor-Murad-scaled.jpg","contentUrl":"https:\/\/www.strassenweb.de\/nachrichten\/wp-content\/uploads\/2025\/06\/Wie-ich-moderiere-ein-lebendiges-Sommerfest-mit-Noor-Murad-scaled.jpg","width":2560,"height":1440,"caption":"Noor Murad standing in her yard by a table set for summer with colorful tableware and accessories and yellow hanging lanterns"},{"@type":"BreadcrumbList","@id":"https:\/\/www.strassenweb.de\/nachrichten\/wie-ich-moderiere-ein-lebendiges-sommerfest-mit-noor-murad\/#breadcrumb","itemListElement":[{"@type":"ListItem","position":1,"name":"Home","item":"https:\/\/www.strassenweb.de\/nachrichten\/"},{"@type":"ListItem","position":2,"name":"Wie ich moderiere &#8230; ein lebendiges Sommerfest mit Noor Murad"}]},{"@type":"WebSite","@id":"https:\/\/www.strassenweb.de\/nachrichten\/#website","url":"https:\/\/www.strassenweb.de\/nachrichten\/","name":"Stra\u00dfenweb","description":"Stra\u00dfenverzeichnis f\u00fcr Deutschland","publisher":{"@id":"https:\/\/www.strassenweb.de\/nachrichten\/#organization"},"potentialAction":[{"@type":"SearchAction","target":{"@type":"EntryPoint","urlTemplate":"https:\/\/www.strassenweb.de\/nachrichten\/?s={search_term_string}"},"query-input":{"@type":"PropertyValueSpecification","valueRequired":true,"valueName":"search_term_string"}}],"inLanguage":"de"},{"@type":"Organization","@id":"https:\/\/www.strassenweb.de\/nachrichten\/#organization","name":"Stra\u00dfenweb","url":"https:\/\/www.strassenweb.de\/nachrichten\/","logo":{"@type":"ImageObject","inLanguage":"de","@id":"https:\/\/www.strassenweb.de\/nachrichten\/#\/schema\/logo\/image\/","url":"https:\/\/www.strassenweb.de\/nachrichten\/wp-content\/uploads\/2024\/09\/cropped-favicon.png","contentUrl":"https:\/\/www.strassenweb.de\/nachrichten\/wp-content\/uploads\/2024\/09\/cropped-favicon.png","width":512,"height":512,"caption":"Stra\u00dfenweb"},"image":{"@id":"https:\/\/www.strassenweb.de\/nachrichten\/#\/schema\/logo\/image\/"},"sameAs":["https:\/\/www.facebook.com\/strassenweb\/"]},{"@type":"Person","@id":"https:\/\/www.strassenweb.de\/nachrichten\/#\/schema\/person\/87c9c9067f1211da429a744dc5a5aa41","name":"Robert Hoffmann","image":{"@type":"ImageObject","inLanguage":"de","@id":"https:\/\/www.strassenweb.de\/nachrichten\/wp-content\/uploads\/2024\/09\/strassenweb-150x150.jpg","url":"https:\/\/www.strassenweb.de\/nachrichten\/wp-content\/uploads\/2024\/09\/strassenweb-150x150.jpg","contentUrl":"https:\/\/www.strassenweb.de\/nachrichten\/wp-content\/uploads\/2024\/09\/strassenweb-150x150.jpg","caption":"Robert Hoffmann"},"description":"Ich hei\u00dfe Robert Hoffmann und ich bin ein leidenschaftlicher Verfechter von \u00d6kologie und Biodiversit\u00e4t. Seit meiner Kindheit in den W\u00e4ldern Bayerns f\u00fchle ich mich mit der Natur verbunden und bin entschlossen, sie zu sch\u00fctzen. Heute widme ich mein Leben der Sensibilisierung anderer f\u00fcr die Bedeutung des Umweltschutzes f\u00fcr zuk\u00fcnftige Generationen.","sameAs":["https:\/\/www.strassenweb.de\/"]}]}},"_links":{"self":[{"href":"https:\/\/www.strassenweb.de\/nachrichten\/wp-json\/wp\/v2\/posts\/5955","targetHints":{"allow":["GET"]}}],"collection":[{"href":"https:\/\/www.strassenweb.de\/nachrichten\/wp-json\/wp\/v2\/posts"}],"about":[{"href":"https:\/\/www.strassenweb.de\/nachrichten\/wp-json\/wp\/v2\/types\/post"}],"author":[{"embeddable":true,"href":"https:\/\/www.strassenweb.de\/nachrichten\/wp-json\/wp\/v2\/users\/1"}],"replies":[{"embeddable":true,"href":"https:\/\/www.strassenweb.de\/nachrichten\/wp-json\/wp\/v2\/comments?post=5955"}],"version-history":[{"count":0,"href":"https:\/\/www.strassenweb.de\/nachrichten\/wp-json\/wp\/v2\/posts\/5955\/revisions"}],"wp:featuredmedia":[{"embeddable":true,"href":"https:\/\/www.strassenweb.de\/nachrichten\/wp-json\/wp\/v2\/media\/5956"}],"wp:attachment":[{"href":"https:\/\/www.strassenweb.de\/nachrichten\/wp-json\/wp\/v2\/media?parent=5955"}],"wp:term":[{"taxonomy":"category","embeddable":true,"href":"https:\/\/www.strassenweb.de\/nachrichten\/wp-json\/wp\/v2\/categories?post=5955"},{"taxonomy":"post_tag","embeddable":true,"href":"https:\/\/www.strassenweb.de\/nachrichten\/wp-json\/wp\/v2\/tags?post=5955"}],"curies":[{"name":"wp","href":"https:\/\/api.w.org\/{rel}","templated":true}]}}