{"id":595,"date":"2024-10-04T16:55:06","date_gmt":"2024-10-04T14:55:06","guid":{"rendered":"https:\/\/www.strassenweb.de\/nachrichten\/ich-miete-zum-ersten-mal-seit-20-jahren-und-koennte-nicht-gluecklicher-sein-hier-ist-der-grund\/"},"modified":"2024-10-04T16:55:07","modified_gmt":"2024-10-04T14:55:07","slug":"ich-miete-zum-ersten-mal-seit-20-jahren-und-koennte-nicht-gluecklicher-sein-hier-ist-der-grund","status":"publish","type":"post","link":"https:\/\/www.strassenweb.de\/nachrichten\/ich-miete-zum-ersten-mal-seit-20-jahren-und-koennte-nicht-gluecklicher-sein-hier-ist-der-grund\/","title":{"rendered":"Ich miete zum ersten Mal seit 20 Jahren und k\u00f6nnte nicht gl\u00fccklicher sein \u2013 hier ist der Grund"},"content":{"rendered":"<p><\/p>\n<div id=\"article-body\" class=\"article__body \">\n<p>Nachdem ich in den letzten 20 Jahren ein Haus besessen hatte, befand ich mich pl\u00f6tzlich in der Miete. Wir entschieden uns f\u00fcr eine Vereinfachung, verkauften die gro\u00dfe Renovierung, an der wir gearbeitet hatten, und kauften etwas Kleineres und Einfacheres. Das richtige Haus ist noch nicht verf\u00fcgbar, also mieten wir, w\u00e4hrend wir warten. Und ich war selbst \u00fcberrascht, wie sehr ich es liebe.<\/p>\n<div id=\"ad-unit-1\" class=\"ad-unit\"><\/div>\n<p>Im globalen Westen gilt Wohneigentum als das A und O. Gleichzeitig explodieren die Immobilienpreise, die L\u00f6hne stagnieren und die Mieten steigen. Ich bin mir dar\u00fcber im Klaren, dass die Vermieter vieler Mieter m\u00f6glicherweise geizig sind, dass sie m\u00f6glicherweise in beengten Gemeinschaftsr\u00e4umen leben und m\u00f6glicherweise mehr zahlen, als sie sich das Leben in einem minderwertigen Haus leisten k\u00f6nnen. Ich sch\u00e4tze das Gl\u00fcck, dass ich eine anst\u00e4ndige Vermietungsagentur habe, die sich um die Immobilie k\u00fcmmert, sie instandh\u00e4lt und mir einen fairen Preis f\u00fcr das Wohnen hier berechnet, daher ist meine Erfahrung rosiger als die anderer.<\/p>\n<p>Aber ich bin hier, um mich f\u00fcr die Vermietung bei Leuten einzusetzen, die es sonst vielleicht f\u00fcr einen R\u00fcckschritt halten w\u00fcrden, die hart gearbeitet und danach gestrebt haben, ein eigenes Haus zu besitzen, und zu der \u00dcberzeugung gelangt sind, dass dies die einzige Lebensweise sei. \u00dcberraschung! Mieten ist (zumindest f\u00fcr mich) der Himmel und ich habe es wirklich genossen, dass ich mich in meiner Mietwohnung wie zu Hause f\u00fchle.<\/p>\n<div id=\"desktop-in-article\" class=\"in-article ad-unit\">\n<div id=\"desktop-taboola-mid-article\"><\/div>\n<\/div>\n<div id=\"mobile-in-article\" class=\"in-article ad-unit\">\n<div id=\"mobile-taboola-mid-article\"><\/div>\n<\/div>\n<figure class=\"van-image-figure inline-layout \" data-bordeaux-image-check>\n<div class=\"image-full-width-wrapper\">\n<div class=\"image-widthsetter\" style=\"max-width:2752px;\"><\/div>\n<\/div>\n<\/figure>\n<p>\u201eDas Mieten hat etwas so Befreiendes\u201c, sagt die in Florida ans\u00e4ssige Innenarchitektin Lisa Gilmore von Lisa Gilmore Designs. Sie gibt zu, dass sie im selben Boot wie ich sitzt \u2013 gl\u00fccklich, in einer sch\u00f6nen Wohnung oben zu sein, mit einem anst\u00e4ndigen Eigent\u00fcmer \u2013 und stimmt zu, dass die Einstellung, die Mieter haben k\u00f6nnen, wenn man Gl\u00fcck hat, \u00fcberraschend ansprechend ist. \u201eSie k\u00f6nnen ein Viertel oder einen Geb\u00e4udestil auf Gr\u00f6\u00dfe ausprobieren, ihn \u00e4ndern, wenn er Ihnen nicht gef\u00e4llt, und auf Entdeckungstour gehen.\u201c<\/p>\n<div class=\"van_vid_carousel\">\n<div class=\"van_vid_carousel__padding\">\n<div class=\"van_vid_carousel__container\"><\/div>\n<\/div>\n<\/div>\n<aside class=\"hawk-nest\" data-render-type=\"fte\" data-skip=\"dealsy\" data-widget-type=\"seasonal\">\n<div class=\"hawk-master-widget-hawk-base-wrapper\"><\/div>\n<\/aside>\n<p>Ich wohne in einem Stadtteil, von dem ich nie gedacht h\u00e4tte, dass ich ihn kaufen w\u00fcrde, den ich aber gern zur Miete gemietet h\u00e4tte, da die Eins\u00e4tze geringer waren. Es ist gesch\u00e4ftiger, als ich gedacht h\u00e4tte, aber es stellte sich heraus, dass es sch\u00f6ner ist, Caf\u00e9s und Bars nur einen kurzen Spaziergang entfernt zu haben, als ich gedacht hatte (ich hatte zuvor auf dem Land und sehr friedlich gelebt).<\/p>\n<div id=\"ad-unit-2\" class=\"ad-unit\"><\/div>\n<p>Aber mehr als das. Ich lerne, mich in meiner Mietwohnung auf eine Weise zu entspannen, wie ich es in dem Haus, das ich besa\u00df, nie konnte. Damals gab es immer eine Arbeit zu erledigen, immer etwas mehr Renovierungsarbeiten zu bezahlen, immer ein bisschen Instandhaltung, die verwaltet und finanziert werden musste. Hier, in einer Mietwohnung, kann ich mir einen Riss im Putz ansehen und ihn kaum bemerken, was auf lange Sicht aber nicht mein Problem ist.<\/p>\n<figure class=\"van-image-figure inline-layout \" data-bordeaux-image-check>\n<div class=\"image-full-width-wrapper\">\n<div class=\"image-widthsetter\" style=\"max-width:2000px;\"><\/div>\n<\/div>\n<\/figure>\n<p>Nicht, dass Sie sich nicht auf Ihre Mietwohnung einlassen und daraus ein Zuhause schaffen k\u00f6nnen, in dem Sie sich wie zu Hause f\u00fchlen. Ich habe alle unsere M\u00f6bel, Pflanzen und B\u00fccher aus dem alten Haus ausgepackt und sie so gestaltet, dass der Raum unsere Geschichte erz\u00e4hlt und unsere Lieblingsdinge zur Schau stellt, auch wenn wir uns nicht f\u00fcr die klassische graue Farbe des Vermieters an der Wand entschieden haben.<\/p>\n<p>Und Lisa weist darauf hin, dass auch eine Miete mitwachsen kann. Vor f\u00fcnf Monaten bekam sie ein Baby und verwandelte das G\u00e4stezimmer oben in dieses Kinderzimmer. \u201eIch liebe Tapeten, aber bei einer Mietwohnung ist das riskant\u201c, sagt sie. \u201eAlso habe ich einen Schreiner etwas bauen lassen, das wie ein Fr\u00e4swerk aussah, indem ich Sicken verwendet und es mit franz\u00f6sischen Stollen an einem Brett befestigt habe. Anschlie\u00dfend k\u00f6nnen Sie das Brett in der Mitte tapezieren und an die Wand h\u00e4ngen. Es sieht aus wie eine T\u00e4felung, ist aber eigentlich ein Kunstwerk, das man mitnehmen kann, wenn man geht.\u201c<\/p>\n<figure class=\"van-image-figure inline-layout \" data-bordeaux-image-check>\n<div class=\"image-full-width-wrapper\">\n<div class=\"image-widthsetter\" style=\"max-width:2000px;\"><\/div>\n<\/div><figcaption class=\"inline-layout \">\n<div class=\"caption-text\">\n<p>Ich meine, wenn nur<\/p>\n<\/div>\n<\/figcaption><\/figure>\n<p>Nicht alles, was mit der Vermietung zu tun hat, ist ein wahrgewordener Traum. Selbst f\u00fcr uns Gl\u00fcckliche, die Platz haben und einen Vermieter, der ans Telefon geht, wenn etwas schief geht.<\/p>\n<p>\u201eIch w\u00fcrde sagen, dass die Wartung ein Problem sein kann\u201c, sagt Lisa. \u201eDer Au\u00dfenseite meines Hauses mangelt es definitiv an Attraktivit\u00e4t und sie ist in einer Farbe gestrichen, die ich hasse, aber die Reparatur hat f\u00fcr den Eigent\u00fcmer keine Priorit\u00e4t.\u201c Ich habe mit ein paar Pflanzen getan, was ich konnte, aber wenn ich sie besitze, w\u00fcrde ich sie mir auf jeden Fall gerne genauer ansehen.\u201c<\/p>\n<p>Bei mir begann sich die h\u00f6lzerne K\u00fcchenarbeitsplatte rund um die K\u00fcchensp\u00fcle zu verziehen und wurde an den R\u00e4ndern sogar schwarz, da im Laufe der Jahre Wasser eingedrungen war. Aber weil es nicht mein Zuhause ist, scheint es nicht mein Problem zu sein. Und wenn irgendetwas als Erinnerung daran dient, mich nicht f\u00fcr eine Holztheke zu entscheiden, wann immer \u2013 und wenn \u00fcberhaupt \u2013, werde ich eines Tages wieder meine eigene K\u00fcche renovieren. Wie Lisa sagt, geht es beim Mieten darum, Dinge auf ihre Gr\u00f6\u00dfe hin anzuprobieren. Und wenn Sie Gl\u00fcck haben, finden Sie vielleicht etwas, das Ihnen gef\u00e4llt.<\/p>\n<\/div>\n","protected":false},"excerpt":{"rendered":"<p>Nachdem ich in den letzten 20 Jahren ein Haus besessen hatte, befand ich mich pl\u00f6tzlich in der Miete. Wir entschieden uns f\u00fcr eine Vereinfachung, verkauften<\/p>\n","protected":false},"author":1,"featured_media":596,"comment_status":"closed","ping_status":"","sticky":false,"template":"","format":"standard","meta":{"footnotes":""},"categories":[118],"tags":[81,1189,1191,458,163,129,15,608,694,1190,1188,61,306,836,37,67],"class_list":["post-595","post","type-post","status-publish","format-standard","has-post-thumbnail","hentry","category-haus-garten","tag-der","tag-ersten","tag-gluecklicher","tag-grund","tag-hier","tag-ich","tag-ist","tag-jahren","tag-koennte","tag-mal","tag-miete","tag-nicht","tag-sein","tag-seit","tag-und","tag-zum","generate-columns","tablet-grid-50","mobile-grid-100","grid-parent","grid-50"],"yoast_head":"<!-- This site is optimized with the Yoast SEO plugin v27.3 - https:\/\/yoast.com\/product\/yoast-seo-wordpress\/ -->\n<title>Ich miete zum ersten Mal seit 20 Jahren und k\u00f6nnte nicht gl\u00fccklicher sein \u2013 hier ist der Grund - Nachrichten - Stra\u00dfenweb<\/title>\n<meta name=\"robots\" content=\"index, follow, max-snippet:-1, max-image-preview:large, max-video-preview:-1\" \/>\n<link rel=\"canonical\" href=\"https:\/\/www.strassenweb.de\/nachrichten\/ich-miete-zum-ersten-mal-seit-20-jahren-und-koennte-nicht-gluecklicher-sein-hier-ist-der-grund\/\" \/>\n<meta property=\"og:locale\" content=\"de_DE\" \/>\n<meta property=\"og:type\" content=\"article\" \/>\n<meta property=\"og:title\" content=\"Ich miete zum ersten Mal seit 20 Jahren und k\u00f6nnte nicht gl\u00fccklicher sein \u2013 hier ist der Grund - Nachrichten - Stra\u00dfenweb\" \/>\n<meta property=\"og:description\" content=\"Nachdem ich in den letzten 20 Jahren ein Haus besessen hatte, befand ich mich pl\u00f6tzlich in der Miete. Wir entschieden uns f\u00fcr eine Vereinfachung, verkauften\" \/>\n<meta property=\"og:url\" content=\"https:\/\/www.strassenweb.de\/nachrichten\/ich-miete-zum-ersten-mal-seit-20-jahren-und-koennte-nicht-gluecklicher-sein-hier-ist-der-grund\/\" \/>\n<meta property=\"og:site_name\" content=\"Stra\u00dfenweb\" \/>\n<meta property=\"article:publisher\" content=\"https:\/\/www.facebook.com\/strassenweb\/\" \/>\n<meta property=\"article:published_time\" content=\"2024-10-04T14:55:06+00:00\" \/>\n<meta property=\"article:modified_time\" content=\"2024-10-04T14:55:07+00:00\" \/>\n<meta property=\"og:image\" content=\"https:\/\/www.strassenweb.de\/nachrichten\/wp-content\/uploads\/2024\/10\/Ich-miete-zum-ersten-Mal-seit-20-Jahren-und-koennte.jpg\" \/>\n\t<meta property=\"og:image:width\" content=\"1200\" \/>\n\t<meta property=\"og:image:height\" content=\"675\" \/>\n\t<meta property=\"og:image:type\" content=\"image\/jpeg\" \/>\n<meta name=\"author\" content=\"Robert Hoffmann\" \/>\n<meta name=\"twitter:card\" content=\"summary_large_image\" \/>\n<meta name=\"twitter:label1\" content=\"Verfasst von\" \/>\n\t<meta name=\"twitter:data1\" content=\"Robert Hoffmann\" \/>\n\t<meta name=\"twitter:label2\" content=\"Gesch\u00e4tzte Lesezeit\" \/>\n\t<meta name=\"twitter:data2\" content=\"4\u00a0Minuten\" \/>\n<script type=\"application\/ld+json\" class=\"yoast-schema-graph\">{\"@context\":\"https:\\\/\\\/schema.org\",\"@graph\":[{\"@type\":\"Article\",\"@id\":\"https:\\\/\\\/www.strassenweb.de\\\/nachrichten\\\/ich-miete-zum-ersten-mal-seit-20-jahren-und-koennte-nicht-gluecklicher-sein-hier-ist-der-grund\\\/#article\",\"isPartOf\":{\"@id\":\"https:\\\/\\\/www.strassenweb.de\\\/nachrichten\\\/ich-miete-zum-ersten-mal-seit-20-jahren-und-koennte-nicht-gluecklicher-sein-hier-ist-der-grund\\\/\"},\"author\":{\"name\":\"Robert Hoffmann\",\"@id\":\"https:\\\/\\\/www.strassenweb.de\\\/nachrichten\\\/#\\\/schema\\\/person\\\/87c9c9067f1211da429a744dc5a5aa41\"},\"headline\":\"Ich miete zum ersten Mal seit 20 Jahren und k\u00f6nnte nicht gl\u00fccklicher sein \u2013 hier ist der Grund\",\"datePublished\":\"2024-10-04T14:55:06+00:00\",\"dateModified\":\"2024-10-04T14:55:07+00:00\",\"mainEntityOfPage\":{\"@id\":\"https:\\\/\\\/www.strassenweb.de\\\/nachrichten\\\/ich-miete-zum-ersten-mal-seit-20-jahren-und-koennte-nicht-gluecklicher-sein-hier-ist-der-grund\\\/\"},\"wordCount\":902,\"publisher\":{\"@id\":\"https:\\\/\\\/www.strassenweb.de\\\/nachrichten\\\/#organization\"},\"image\":{\"@id\":\"https:\\\/\\\/www.strassenweb.de\\\/nachrichten\\\/ich-miete-zum-ersten-mal-seit-20-jahren-und-koennte-nicht-gluecklicher-sein-hier-ist-der-grund\\\/#primaryimage\"},\"thumbnailUrl\":\"https:\\\/\\\/www.strassenweb.de\\\/nachrichten\\\/wp-content\\\/uploads\\\/2024\\\/10\\\/Ich-miete-zum-ersten-Mal-seit-20-Jahren-und-koennte.jpg\",\"keywords\":[\"der\",\"ersten\",\"gl\u00fccklicher\",\"Grund\",\"hier\",\"ich\",\"ist\",\"Jahren\",\"k\u00f6nnte\",\"Mal\",\"miete\",\"nicht\",\"sein\",\"seit\",\"und\",\"zum\"],\"articleSection\":[\"Haus &amp; Garten\"],\"inLanguage\":\"de\"},{\"@type\":\"WebPage\",\"@id\":\"https:\\\/\\\/www.strassenweb.de\\\/nachrichten\\\/ich-miete-zum-ersten-mal-seit-20-jahren-und-koennte-nicht-gluecklicher-sein-hier-ist-der-grund\\\/\",\"url\":\"https:\\\/\\\/www.strassenweb.de\\\/nachrichten\\\/ich-miete-zum-ersten-mal-seit-20-jahren-und-koennte-nicht-gluecklicher-sein-hier-ist-der-grund\\\/\",\"name\":\"Ich miete zum ersten Mal seit 20 Jahren und k\u00f6nnte nicht gl\u00fccklicher sein \u2013 hier ist der Grund - Nachrichten - Stra\u00dfenweb\",\"isPartOf\":{\"@id\":\"https:\\\/\\\/www.strassenweb.de\\\/nachrichten\\\/#website\"},\"primaryImageOfPage\":{\"@id\":\"https:\\\/\\\/www.strassenweb.de\\\/nachrichten\\\/ich-miete-zum-ersten-mal-seit-20-jahren-und-koennte-nicht-gluecklicher-sein-hier-ist-der-grund\\\/#primaryimage\"},\"image\":{\"@id\":\"https:\\\/\\\/www.strassenweb.de\\\/nachrichten\\\/ich-miete-zum-ersten-mal-seit-20-jahren-und-koennte-nicht-gluecklicher-sein-hier-ist-der-grund\\\/#primaryimage\"},\"thumbnailUrl\":\"https:\\\/\\\/www.strassenweb.de\\\/nachrichten\\\/wp-content\\\/uploads\\\/2024\\\/10\\\/Ich-miete-zum-ersten-Mal-seit-20-Jahren-und-koennte.jpg\",\"datePublished\":\"2024-10-04T14:55:06+00:00\",\"dateModified\":\"2024-10-04T14:55:07+00:00\",\"breadcrumb\":{\"@id\":\"https:\\\/\\\/www.strassenweb.de\\\/nachrichten\\\/ich-miete-zum-ersten-mal-seit-20-jahren-und-koennte-nicht-gluecklicher-sein-hier-ist-der-grund\\\/#breadcrumb\"},\"inLanguage\":\"de\",\"potentialAction\":[{\"@type\":\"ReadAction\",\"target\":[\"https:\\\/\\\/www.strassenweb.de\\\/nachrichten\\\/ich-miete-zum-ersten-mal-seit-20-jahren-und-koennte-nicht-gluecklicher-sein-hier-ist-der-grund\\\/\"]}]},{\"@type\":\"ImageObject\",\"inLanguage\":\"de\",\"@id\":\"https:\\\/\\\/www.strassenweb.de\\\/nachrichten\\\/ich-miete-zum-ersten-mal-seit-20-jahren-und-koennte-nicht-gluecklicher-sein-hier-ist-der-grund\\\/#primaryimage\",\"url\":\"https:\\\/\\\/www.strassenweb.de\\\/nachrichten\\\/wp-content\\\/uploads\\\/2024\\\/10\\\/Ich-miete-zum-ersten-Mal-seit-20-Jahren-und-koennte.jpg\",\"contentUrl\":\"https:\\\/\\\/www.strassenweb.de\\\/nachrichten\\\/wp-content\\\/uploads\\\/2024\\\/10\\\/Ich-miete-zum-ersten-Mal-seit-20-Jahren-und-koennte.jpg\",\"width\":1200,\"height\":675,\"caption\":\"Ich miete zum ersten Mal seit 20 Jahren und k\u00f6nnte nicht gl\u00fccklicher sein \u2013 hier ist der Grund\"},{\"@type\":\"BreadcrumbList\",\"@id\":\"https:\\\/\\\/www.strassenweb.de\\\/nachrichten\\\/ich-miete-zum-ersten-mal-seit-20-jahren-und-koennte-nicht-gluecklicher-sein-hier-ist-der-grund\\\/#breadcrumb\",\"itemListElement\":[{\"@type\":\"ListItem\",\"position\":1,\"name\":\"Home\",\"item\":\"https:\\\/\\\/www.strassenweb.de\\\/nachrichten\\\/\"},{\"@type\":\"ListItem\",\"position\":2,\"name\":\"Ich miete zum ersten Mal seit 20 Jahren und k\u00f6nnte nicht gl\u00fccklicher sein \u2013 hier ist der Grund\"}]},{\"@type\":\"WebSite\",\"@id\":\"https:\\\/\\\/www.strassenweb.de\\\/nachrichten\\\/#website\",\"url\":\"https:\\\/\\\/www.strassenweb.de\\\/nachrichten\\\/\",\"name\":\"Stra\u00dfenweb\",\"description\":\"Stra\u00dfenverzeichnis f\u00fcr Deutschland\",\"publisher\":{\"@id\":\"https:\\\/\\\/www.strassenweb.de\\\/nachrichten\\\/#organization\"},\"potentialAction\":[{\"@type\":\"SearchAction\",\"target\":{\"@type\":\"EntryPoint\",\"urlTemplate\":\"https:\\\/\\\/www.strassenweb.de\\\/nachrichten\\\/?s={search_term_string}\"},\"query-input\":{\"@type\":\"PropertyValueSpecification\",\"valueRequired\":true,\"valueName\":\"search_term_string\"}}],\"inLanguage\":\"de\"},{\"@type\":\"Organization\",\"@id\":\"https:\\\/\\\/www.strassenweb.de\\\/nachrichten\\\/#organization\",\"name\":\"Stra\u00dfenweb\",\"url\":\"https:\\\/\\\/www.strassenweb.de\\\/nachrichten\\\/\",\"logo\":{\"@type\":\"ImageObject\",\"inLanguage\":\"de\",\"@id\":\"https:\\\/\\\/www.strassenweb.de\\\/nachrichten\\\/#\\\/schema\\\/logo\\\/image\\\/\",\"url\":\"https:\\\/\\\/www.strassenweb.de\\\/nachrichten\\\/wp-content\\\/uploads\\\/2024\\\/09\\\/cropped-favicon.png\",\"contentUrl\":\"https:\\\/\\\/www.strassenweb.de\\\/nachrichten\\\/wp-content\\\/uploads\\\/2024\\\/09\\\/cropped-favicon.png\",\"width\":512,\"height\":512,\"caption\":\"Stra\u00dfenweb\"},\"image\":{\"@id\":\"https:\\\/\\\/www.strassenweb.de\\\/nachrichten\\\/#\\\/schema\\\/logo\\\/image\\\/\"},\"sameAs\":[\"https:\\\/\\\/www.facebook.com\\\/strassenweb\\\/\"]},{\"@type\":\"Person\",\"@id\":\"https:\\\/\\\/www.strassenweb.de\\\/nachrichten\\\/#\\\/schema\\\/person\\\/87c9c9067f1211da429a744dc5a5aa41\",\"name\":\"Robert Hoffmann\",\"image\":{\"@type\":\"ImageObject\",\"inLanguage\":\"de\",\"@id\":\"https:\\\/\\\/www.strassenweb.de\\\/nachrichten\\\/wp-content\\\/uploads\\\/2024\\\/09\\\/strassenweb-150x150.jpg\",\"url\":\"https:\\\/\\\/www.strassenweb.de\\\/nachrichten\\\/wp-content\\\/uploads\\\/2024\\\/09\\\/strassenweb-150x150.jpg\",\"contentUrl\":\"https:\\\/\\\/www.strassenweb.de\\\/nachrichten\\\/wp-content\\\/uploads\\\/2024\\\/09\\\/strassenweb-150x150.jpg\",\"caption\":\"Robert Hoffmann\"},\"description\":\"Ich hei\u00dfe Robert Hoffmann und ich bin ein leidenschaftlicher Verfechter von \u00d6kologie und Biodiversit\u00e4t. Seit meiner Kindheit in den W\u00e4ldern Bayerns f\u00fchle ich mich mit der Natur verbunden und bin entschlossen, sie zu sch\u00fctzen. Heute widme ich mein Leben der Sensibilisierung anderer f\u00fcr die Bedeutung des Umweltschutzes f\u00fcr zuk\u00fcnftige Generationen.\",\"sameAs\":[\"https:\\\/\\\/www.strassenweb.de\\\/\"]}]}<\/script>\n<!-- \/ Yoast SEO plugin. -->","yoast_head_json":{"title":"Ich miete zum ersten Mal seit 20 Jahren und k\u00f6nnte nicht gl\u00fccklicher sein \u2013 hier ist der Grund - Nachrichten - Stra\u00dfenweb","robots":{"index":"index","follow":"follow","max-snippet":"max-snippet:-1","max-image-preview":"max-image-preview:large","max-video-preview":"max-video-preview:-1"},"canonical":"https:\/\/www.strassenweb.de\/nachrichten\/ich-miete-zum-ersten-mal-seit-20-jahren-und-koennte-nicht-gluecklicher-sein-hier-ist-der-grund\/","og_locale":"de_DE","og_type":"article","og_title":"Ich miete zum ersten Mal seit 20 Jahren und k\u00f6nnte nicht gl\u00fccklicher sein \u2013 hier ist der Grund - Nachrichten - Stra\u00dfenweb","og_description":"Nachdem ich in den letzten 20 Jahren ein Haus besessen hatte, befand ich mich pl\u00f6tzlich in der Miete. Wir entschieden uns f\u00fcr eine Vereinfachung, verkauften","og_url":"https:\/\/www.strassenweb.de\/nachrichten\/ich-miete-zum-ersten-mal-seit-20-jahren-und-koennte-nicht-gluecklicher-sein-hier-ist-der-grund\/","og_site_name":"Stra\u00dfenweb","article_publisher":"https:\/\/www.facebook.com\/strassenweb\/","article_published_time":"2024-10-04T14:55:06+00:00","article_modified_time":"2024-10-04T14:55:07+00:00","og_image":[{"width":1200,"height":675,"url":"https:\/\/www.strassenweb.de\/nachrichten\/wp-content\/uploads\/2024\/10\/Ich-miete-zum-ersten-Mal-seit-20-Jahren-und-koennte.jpg","type":"image\/jpeg"}],"author":"Robert Hoffmann","twitter_card":"summary_large_image","twitter_misc":{"Verfasst von":"Robert Hoffmann","Gesch\u00e4tzte Lesezeit":"4\u00a0Minuten"},"schema":{"@context":"https:\/\/schema.org","@graph":[{"@type":"Article","@id":"https:\/\/www.strassenweb.de\/nachrichten\/ich-miete-zum-ersten-mal-seit-20-jahren-und-koennte-nicht-gluecklicher-sein-hier-ist-der-grund\/#article","isPartOf":{"@id":"https:\/\/www.strassenweb.de\/nachrichten\/ich-miete-zum-ersten-mal-seit-20-jahren-und-koennte-nicht-gluecklicher-sein-hier-ist-der-grund\/"},"author":{"name":"Robert Hoffmann","@id":"https:\/\/www.strassenweb.de\/nachrichten\/#\/schema\/person\/87c9c9067f1211da429a744dc5a5aa41"},"headline":"Ich miete zum ersten Mal seit 20 Jahren und k\u00f6nnte nicht gl\u00fccklicher sein \u2013 hier ist der Grund","datePublished":"2024-10-04T14:55:06+00:00","dateModified":"2024-10-04T14:55:07+00:00","mainEntityOfPage":{"@id":"https:\/\/www.strassenweb.de\/nachrichten\/ich-miete-zum-ersten-mal-seit-20-jahren-und-koennte-nicht-gluecklicher-sein-hier-ist-der-grund\/"},"wordCount":902,"publisher":{"@id":"https:\/\/www.strassenweb.de\/nachrichten\/#organization"},"image":{"@id":"https:\/\/www.strassenweb.de\/nachrichten\/ich-miete-zum-ersten-mal-seit-20-jahren-und-koennte-nicht-gluecklicher-sein-hier-ist-der-grund\/#primaryimage"},"thumbnailUrl":"https:\/\/www.strassenweb.de\/nachrichten\/wp-content\/uploads\/2024\/10\/Ich-miete-zum-ersten-Mal-seit-20-Jahren-und-koennte.jpg","keywords":["der","ersten","gl\u00fccklicher","Grund","hier","ich","ist","Jahren","k\u00f6nnte","Mal","miete","nicht","sein","seit","und","zum"],"articleSection":["Haus &amp; Garten"],"inLanguage":"de"},{"@type":"WebPage","@id":"https:\/\/www.strassenweb.de\/nachrichten\/ich-miete-zum-ersten-mal-seit-20-jahren-und-koennte-nicht-gluecklicher-sein-hier-ist-der-grund\/","url":"https:\/\/www.strassenweb.de\/nachrichten\/ich-miete-zum-ersten-mal-seit-20-jahren-und-koennte-nicht-gluecklicher-sein-hier-ist-der-grund\/","name":"Ich miete zum ersten Mal seit 20 Jahren und k\u00f6nnte nicht gl\u00fccklicher sein \u2013 hier ist der Grund - Nachrichten - Stra\u00dfenweb","isPartOf":{"@id":"https:\/\/www.strassenweb.de\/nachrichten\/#website"},"primaryImageOfPage":{"@id":"https:\/\/www.strassenweb.de\/nachrichten\/ich-miete-zum-ersten-mal-seit-20-jahren-und-koennte-nicht-gluecklicher-sein-hier-ist-der-grund\/#primaryimage"},"image":{"@id":"https:\/\/www.strassenweb.de\/nachrichten\/ich-miete-zum-ersten-mal-seit-20-jahren-und-koennte-nicht-gluecklicher-sein-hier-ist-der-grund\/#primaryimage"},"thumbnailUrl":"https:\/\/www.strassenweb.de\/nachrichten\/wp-content\/uploads\/2024\/10\/Ich-miete-zum-ersten-Mal-seit-20-Jahren-und-koennte.jpg","datePublished":"2024-10-04T14:55:06+00:00","dateModified":"2024-10-04T14:55:07+00:00","breadcrumb":{"@id":"https:\/\/www.strassenweb.de\/nachrichten\/ich-miete-zum-ersten-mal-seit-20-jahren-und-koennte-nicht-gluecklicher-sein-hier-ist-der-grund\/#breadcrumb"},"inLanguage":"de","potentialAction":[{"@type":"ReadAction","target":["https:\/\/www.strassenweb.de\/nachrichten\/ich-miete-zum-ersten-mal-seit-20-jahren-und-koennte-nicht-gluecklicher-sein-hier-ist-der-grund\/"]}]},{"@type":"ImageObject","inLanguage":"de","@id":"https:\/\/www.strassenweb.de\/nachrichten\/ich-miete-zum-ersten-mal-seit-20-jahren-und-koennte-nicht-gluecklicher-sein-hier-ist-der-grund\/#primaryimage","url":"https:\/\/www.strassenweb.de\/nachrichten\/wp-content\/uploads\/2024\/10\/Ich-miete-zum-ersten-Mal-seit-20-Jahren-und-koennte.jpg","contentUrl":"https:\/\/www.strassenweb.de\/nachrichten\/wp-content\/uploads\/2024\/10\/Ich-miete-zum-ersten-Mal-seit-20-Jahren-und-koennte.jpg","width":1200,"height":675,"caption":"Ich miete zum ersten Mal seit 20 Jahren und k\u00f6nnte nicht gl\u00fccklicher sein \u2013 hier ist der Grund"},{"@type":"BreadcrumbList","@id":"https:\/\/www.strassenweb.de\/nachrichten\/ich-miete-zum-ersten-mal-seit-20-jahren-und-koennte-nicht-gluecklicher-sein-hier-ist-der-grund\/#breadcrumb","itemListElement":[{"@type":"ListItem","position":1,"name":"Home","item":"https:\/\/www.strassenweb.de\/nachrichten\/"},{"@type":"ListItem","position":2,"name":"Ich miete zum ersten Mal seit 20 Jahren und k\u00f6nnte nicht gl\u00fccklicher sein \u2013 hier ist der Grund"}]},{"@type":"WebSite","@id":"https:\/\/www.strassenweb.de\/nachrichten\/#website","url":"https:\/\/www.strassenweb.de\/nachrichten\/","name":"Stra\u00dfenweb","description":"Stra\u00dfenverzeichnis f\u00fcr Deutschland","publisher":{"@id":"https:\/\/www.strassenweb.de\/nachrichten\/#organization"},"potentialAction":[{"@type":"SearchAction","target":{"@type":"EntryPoint","urlTemplate":"https:\/\/www.strassenweb.de\/nachrichten\/?s={search_term_string}"},"query-input":{"@type":"PropertyValueSpecification","valueRequired":true,"valueName":"search_term_string"}}],"inLanguage":"de"},{"@type":"Organization","@id":"https:\/\/www.strassenweb.de\/nachrichten\/#organization","name":"Stra\u00dfenweb","url":"https:\/\/www.strassenweb.de\/nachrichten\/","logo":{"@type":"ImageObject","inLanguage":"de","@id":"https:\/\/www.strassenweb.de\/nachrichten\/#\/schema\/logo\/image\/","url":"https:\/\/www.strassenweb.de\/nachrichten\/wp-content\/uploads\/2024\/09\/cropped-favicon.png","contentUrl":"https:\/\/www.strassenweb.de\/nachrichten\/wp-content\/uploads\/2024\/09\/cropped-favicon.png","width":512,"height":512,"caption":"Stra\u00dfenweb"},"image":{"@id":"https:\/\/www.strassenweb.de\/nachrichten\/#\/schema\/logo\/image\/"},"sameAs":["https:\/\/www.facebook.com\/strassenweb\/"]},{"@type":"Person","@id":"https:\/\/www.strassenweb.de\/nachrichten\/#\/schema\/person\/87c9c9067f1211da429a744dc5a5aa41","name":"Robert Hoffmann","image":{"@type":"ImageObject","inLanguage":"de","@id":"https:\/\/www.strassenweb.de\/nachrichten\/wp-content\/uploads\/2024\/09\/strassenweb-150x150.jpg","url":"https:\/\/www.strassenweb.de\/nachrichten\/wp-content\/uploads\/2024\/09\/strassenweb-150x150.jpg","contentUrl":"https:\/\/www.strassenweb.de\/nachrichten\/wp-content\/uploads\/2024\/09\/strassenweb-150x150.jpg","caption":"Robert Hoffmann"},"description":"Ich hei\u00dfe Robert Hoffmann und ich bin ein leidenschaftlicher Verfechter von \u00d6kologie und Biodiversit\u00e4t. Seit meiner Kindheit in den W\u00e4ldern Bayerns f\u00fchle ich mich mit der Natur verbunden und bin entschlossen, sie zu sch\u00fctzen. Heute widme ich mein Leben der Sensibilisierung anderer f\u00fcr die Bedeutung des Umweltschutzes f\u00fcr zuk\u00fcnftige Generationen.","sameAs":["https:\/\/www.strassenweb.de\/"]}]}},"_links":{"self":[{"href":"https:\/\/www.strassenweb.de\/nachrichten\/wp-json\/wp\/v2\/posts\/595","targetHints":{"allow":["GET"]}}],"collection":[{"href":"https:\/\/www.strassenweb.de\/nachrichten\/wp-json\/wp\/v2\/posts"}],"about":[{"href":"https:\/\/www.strassenweb.de\/nachrichten\/wp-json\/wp\/v2\/types\/post"}],"author":[{"embeddable":true,"href":"https:\/\/www.strassenweb.de\/nachrichten\/wp-json\/wp\/v2\/users\/1"}],"replies":[{"embeddable":true,"href":"https:\/\/www.strassenweb.de\/nachrichten\/wp-json\/wp\/v2\/comments?post=595"}],"version-history":[{"count":0,"href":"https:\/\/www.strassenweb.de\/nachrichten\/wp-json\/wp\/v2\/posts\/595\/revisions"}],"wp:featuredmedia":[{"embeddable":true,"href":"https:\/\/www.strassenweb.de\/nachrichten\/wp-json\/wp\/v2\/media\/596"}],"wp:attachment":[{"href":"https:\/\/www.strassenweb.de\/nachrichten\/wp-json\/wp\/v2\/media?parent=595"}],"wp:term":[{"taxonomy":"category","embeddable":true,"href":"https:\/\/www.strassenweb.de\/nachrichten\/wp-json\/wp\/v2\/categories?post=595"},{"taxonomy":"post_tag","embeddable":true,"href":"https:\/\/www.strassenweb.de\/nachrichten\/wp-json\/wp\/v2\/tags?post=595"}],"curies":[{"name":"wp","href":"https:\/\/api.w.org\/{rel}","templated":true}]}}