{"id":5932,"date":"2025-06-27T13:39:17","date_gmt":"2025-06-27T11:39:17","guid":{"rendered":"https:\/\/www.strassenweb.de\/nachrichten\/vor-15-jahren-sagte-martha-stewart-dass-jeder-gaertner-diese-drei-werkzeuge-benoetigte-ihr-rat-ist-genauso-relevant-fuer-den-sommer-2025\/"},"modified":"2025-06-27T13:39:18","modified_gmt":"2025-06-27T11:39:18","slug":"vor-15-jahren-sagte-martha-stewart-dass-jeder-gaertner-diese-drei-werkzeuge-benoetigte-ihr-rat-ist-genauso-relevant-fuer-den-sommer-2025","status":"publish","type":"post","link":"https:\/\/www.strassenweb.de\/nachrichten\/vor-15-jahren-sagte-martha-stewart-dass-jeder-gaertner-diese-drei-werkzeuge-benoetigte-ihr-rat-ist-genauso-relevant-fuer-den-sommer-2025\/","title":{"rendered":"Vor 15 Jahren sagte Martha Stewart, dass jeder G\u00e4rtner diese drei Werkzeuge ben\u00f6tigte &#8211; ihr Rat ist genauso relevant f\u00fcr den Sommer 2025"},"content":{"rendered":"<div id=\"article-body\" class=\"article__body \">\n<p>Egal, ob Sie ein erfahrener G\u00e4rtner oder neu in der Praxis sind, eine solide Liste von Werkzeugen zu haben, ist entscheidend f\u00fcr eine erfolgreiche Pflanzung. Gl\u00fccklicherweise hat Martha Stewart einige ihrer Lieblingswerkzeuge in einem Clip aus der Martha Stewart -Show bereitgestellt &#8211; und ihre Picks sind so zeitlos wie immer.<\/p>\n<div id=\"ad-unit-1\" class=\"ad-unit\"><\/div>\n<p>Zusammen mit Barbara Damrosch, dem Gartenexperten, durchlaufen sie die Gartenwerkzeuge, die jeder G\u00e4rtner braucht, und obwohl es sich um einen Archivclip handelt, klingelt ihr Unterricht heute genauso wahr.<\/p>\n<aside data-block-type=\"embed\" data-render-type=\"fte\" data-skip=\"dealsy\" data-widget-type=\"seasonal\" class=\"hawk-base\"><\/aside>\n<p>&#8222;Es ist Zeit, tats\u00e4chlich dar\u00fcber nachzudenken, Ihre Werkzeuge zu bestellen, Ihre Samen zu bestellen, alles f\u00fcr Ihre Gartenarbeit im Freien zu bekommen&#8220;, erkl\u00e4rt Martha im Clip.<\/p>\n<div class=\"van_vid_carousel\">\n<div class=\"van_vid_carousel__padding\">\n<div class=\"van_vid_carousel__container\"><\/div>\n<\/div>\n<\/div>\n<aside data-component-name=\"Recirculation:ArticleRiver\" data-nosnippet class=\"pt-3 pb-4 mb-4 border-b border-solid border-(#333)\">\n<span class=\"\nafter:content-('') after:flex-1 after:ml-4 after:my-(0.7rem) after:border-t-(#333) after:border-t after:border-solid\nbefore:content-('') before:flex-1 before:mr-4 before:my-(0.7rem) before:border-t-(#333) before:border-t before:border-solid\nfont-article-heading pb-3 !text-base font-bold uppercase sm:text-sm text-(#333) flex\"><\/p>\n<p>Sie m\u00f6gen m\u00f6gen<br \/>\n<\/span><\/p>\n<ul class=\"flex flex-col gap-3 m-0\">\n<li class=\"m-0 list-none\" name=\"recirculation-inline\" data-analytics-id=\"recirculation-inline-1\" analytics-label=\"adviser:related\">\n<picture data-new-v2-image=\"true\" class=\"w-(--article-river-thumbnail-width,60px) flex-shrink-0\"><source type=\"image\/webp\"  ><\/source><\/p>\n<\/picture>\n<span class=\"hover:text-inherit font-article-heading text-base text-(#333) leading-5 content-center\">Martha Stewart teilt das \u00fcberraschende wesentliche Werkzeug, das jeder in seiner Gartenbeutel haben sollte &#8211; und es ist f\u00fcr weniger als 30 US -Dollar bei QVC erh\u00e4ltlich<\/span><\/p>\n<\/li>\n<li class=\"m-0 list-none\" name=\"recirculation-inline\" data-analytics-id=\"recirculation-inline-2\" analytics-label=\"adviser:related\">\n<picture data-new-v2-image=\"true\" class=\"w-(--article-river-thumbnail-width,60px) flex-shrink-0\"><source type=\"image\/webp\"  ><\/source><br \/>\n<img decoding=\"async\" alt=\"Martha Steart zeitlose Schrankfarben\"   loading=\"lazy\" data-new-v2-image=\"true\" src=\"https:\/\/www.strassenweb.de\/nachrichten\/wp-content\/uploads\/2024\/11\/C5D4ZBbFN2XfMt3bbQ2bke.jpg\" data-pin-media=\"https:\/\/www.strassenweb.de\/nachrichten\/wp-content\/uploads\/2024\/11\/C5D4ZBbFN2XfMt3bbQ2bke.jpg\" data-pin-nopin=\"true\" class=\"aspect-(--img-listing-aspect-ratio,16\/9) object-cover w-(--article-river-thumbnail-width,60px) flex-shrink-0\">\n<\/picture>\n<span class=\"hover:text-inherit font-article-heading text-base text-(#333) leading-5 content-center\">Einen Gem\u00fcsegarten pflanzen? Martha Stewart sagt, dieser h\u00e4ufige Fehler k\u00f6nnte Sie davon abhalten, die Kunst des Wachstums zu beherrschen &#8222;.<\/span><\/p>\n<\/li>\n<li class=\"m-0 list-none\" name=\"recirculation-inline\" data-analytics-id=\"recirculation-inline-3\" analytics-label=\"adviser:related\">\n<picture data-new-v2-image=\"true\" class=\"w-(--article-river-thumbnail-width,60px) flex-shrink-0\"><source type=\"image\/webp\"  ><\/source><br \/>\n<img decoding=\"async\" alt=\"Martha Steart zeitlose Schrankfarben\"   loading=\"lazy\" data-new-v2-image=\"true\" src=\"https:\/\/www.strassenweb.de\/nachrichten\/wp-content\/uploads\/2024\/11\/C5D4ZBbFN2XfMt3bbQ2bke.jpg\" data-pin-media=\"https:\/\/www.strassenweb.de\/nachrichten\/wp-content\/uploads\/2024\/11\/C5D4ZBbFN2XfMt3bbQ2bke.jpg\" data-pin-nopin=\"true\" class=\"aspect-(--img-listing-aspect-ratio,16\/9) object-cover w-(--article-river-thumbnail-width,60px) flex-shrink-0\">\n<\/picture>\n<span class=\"hover:text-inherit font-article-heading text-base text-(#333) leading-5 content-center\">Martha Stewart verwendet diese Mehrzwecktasche &#8222;Die ganze Zeit&#8220; auf ihrer Bedford Farm-&#8222;ist es so n\u00fctzlich, um zu tragen, zu organisieren und zu lagern&#8220;.<\/span><\/p>\n<\/li>\n<\/ul>\n<\/aside>\n<div class=\"youtube-video\" data-nosnippet>\n<div class=\"video-aspect-box\"><a href=\"https:\/\/www.youtube.com\/watch?v=l-ukkwdz6ay\">https:\/\/www.youtube.com\/watch?v=l-ukkwdz6ay<\/a><\/div>\n<\/div>\n<h3 class=\"article-body__section\" id=\"section-shop-martha-stewart-s-gardening-essentials\"><span>Kaufen Sie Martha Stewarts Gartenbaus ein<\/span><\/h3>\n<div class=\"product-container hero-product-container product-block-no-wrap\">\n<div class=\"product-block-row\"><\/div>\n<div class=\"product-block-row\"><\/div>\n<div class=\"product-block-row\"><\/div>\n<\/div>\n<p>In erster Linie sagt Barbara, dass f\u00fcr jeden Garten ein Rechen erforderlich ist, w\u00e4hrend Sie sich darauf vorbereiten, Samen zu s\u00e4en.<\/p>\n<div id=\"ad-unit-2\" class=\"ad-unit\"><\/div>\n<p>&#8222;Dies ist ein Bettvorbereitungsscharde&#8220;, erkl\u00e4rt sie. \u201eUnd ich mag dieses Werkzeug so sehr, dass ich oft Betten mache, nur um die Gr\u00f6\u00dfe dieses Rechens zu erreichen. Dies ist ein 29-Zoll-Rechen, und ich baue meine Betten 30 Zoll breit. Dieses Ding ist wunderbar, um ein Bett zu gl\u00e4tten und ein Bett zu bilden, wenn Sie sich fertig machen. &#8218;<\/p>\n<p>Sie und Martha zeigen auch, wie man Reihenmarkierungen an den Rechen anh\u00e4lt, damit das Pflanzen von Samen einfach und effizient gemacht werden kann (und sie k\u00f6nnen ordentlich ausgerichtet werden).<\/p>\n<p>Ihr n\u00e4chstes Essential ist eine Kelle, die ein absolutes Muss zum Graben des perfekten Lochs ist.<\/p>\n<div id=\"slice-container-newsletterForm-articleInbodyContent-x74GZKaxvHbJ62mUS8MV8j\" class=\"slice-container newsletter-inbodyContent-slice newsletterForm-articleInbodyContent-x74GZKaxvHbJ62mUS8MV8j slice-container-newsletterForm\"><\/div>\n<p>\u201eDies ist die rechte Winkelkelle, weil Sie wissen, dass Sie an Ihrem Handgelenk arbeiten, aber sehen, was sie tut? Es geht einfach dort hinein \u201c, sagt Barbara, als sie und Martha in den Boden graben.<\/p>\n<p>&#8222;Es macht einfach das perfekte Loch&#8220;, sagt Martha. &#8222;Es ist alles klar gekennzeichnet, keine Vermutung.&#8220;<\/p>\n<p>Schlie\u00dflich sagt Barbara, dass ein wesentliches Werkzeug f\u00fcr das Unkraut einer soliden Hacke (vorzugsweise mit einem Metallhaken) ist.<\/p>\n<p>&#8222;Sie wissen, was noch besser ist, um sie zu bekommen, bevor sie \u00fcberhaupt anfangen&#8220;, sagt Barbara \u00fcber Unkraut. &#8218;Das ist die kollineare Hacke. Und Sie ziehen das einfach durch die Oberfl\u00e4che und kultivieren Sie auf diese Weise. Dies erfordert jedes kleine Unkraut, das gerade erst anf\u00e4ngt, genau zu wachsen. Es ist wie ein chirurgisches Instrument. Wenn Sie dies mindestens einmal pro Woche tun, werden Ihr Unkraut auf ein Minimum gehalten. &#8218;<\/p>\n<p>Marthas Tipps, obwohl 15 Jahre alt, sind heute heute so hilfsbereit wie damals. Es ist ein weiteres Zeichen f\u00fcr die Zeitlosigkeit ihres Einflusses.<\/p>\n<hr>\n<div class=\"block\" id=\"articleTag\" data-component-name=\"PostArticleLinks\">\n<div class=\"border-b border-b-black border-solid py-2.5 text-black font-bold uppercase\">Themen<\/div>\n<nav class=\"py-2.5 flex gap-2.5 flex-wrap\" data-analytics-id=\"article-tag\">\n<p>Martha Stewart<br \/>\n<\/nav>\n<\/div>\n<\/div>\n","protected":false},"excerpt":{"rendered":"<p>Egal, ob Sie ein erfahrener G\u00e4rtner oder neu in der Praxis sind, eine solide Liste von Werkzeugen zu haben, ist entscheidend f\u00fcr eine erfolgreiche Pflanzung.<\/p>\n","protected":false},"author":1,"featured_media":4974,"comment_status":"closed","ping_status":"","sticky":false,"template":"","format":"standard","meta":{"footnotes":""},"categories":[118],"tags":[8290,51,78,143,851,55,2098,2674,170,15,608,2162,2894,375,8291,4693,385,3131,524,2572],"class_list":["post-5932","post","type-post","status-publish","format-standard","has-post-thumbnail","hentry","category-haus-garten","tag-benoetigte","tag-dass","tag-den","tag-diese","tag-drei","tag-fuer","tag-gaertner","tag-genauso","tag-ihr","tag-ist","tag-jahren","tag-jeder","tag-martha","tag-rat","tag-relevant","tag-sagte","tag-sommer","tag-stewart","tag-vor","tag-werkzeuge","generate-columns","tablet-grid-50","mobile-grid-100","grid-parent","grid-50"],"yoast_head":"<!-- This site is optimized with the Yoast SEO plugin v27.3 - https:\/\/yoast.com\/product\/yoast-seo-wordpress\/ -->\n<title>Vor 15 Jahren sagte Martha Stewart, dass jeder G\u00e4rtner diese drei Werkzeuge ben\u00f6tigte - ihr Rat ist genauso relevant f\u00fcr den Sommer 2025 - Nachrichten - Stra\u00dfenweb<\/title>\n<meta name=\"robots\" content=\"index, follow, max-snippet:-1, max-image-preview:large, max-video-preview:-1\" \/>\n<link rel=\"canonical\" href=\"https:\/\/www.strassenweb.de\/nachrichten\/vor-15-jahren-sagte-martha-stewart-dass-jeder-gaertner-diese-drei-werkzeuge-benoetigte-ihr-rat-ist-genauso-relevant-fuer-den-sommer-2025\/\" \/>\n<meta property=\"og:locale\" content=\"de_DE\" \/>\n<meta property=\"og:type\" content=\"article\" \/>\n<meta property=\"og:title\" content=\"Vor 15 Jahren sagte Martha Stewart, dass jeder G\u00e4rtner diese drei Werkzeuge ben\u00f6tigte - ihr Rat ist genauso relevant f\u00fcr den Sommer 2025 - Nachrichten - Stra\u00dfenweb\" \/>\n<meta property=\"og:description\" content=\"Egal, ob Sie ein erfahrener G\u00e4rtner oder neu in der Praxis sind, eine solide Liste von Werkzeugen zu haben, ist entscheidend f\u00fcr eine erfolgreiche Pflanzung.\" \/>\n<meta property=\"og:url\" content=\"https:\/\/www.strassenweb.de\/nachrichten\/vor-15-jahren-sagte-martha-stewart-dass-jeder-gaertner-diese-drei-werkzeuge-benoetigte-ihr-rat-ist-genauso-relevant-fuer-den-sommer-2025\/\" \/>\n<meta property=\"og:site_name\" content=\"Stra\u00dfenweb\" \/>\n<meta property=\"article:publisher\" content=\"https:\/\/www.facebook.com\/strassenweb\/\" \/>\n<meta property=\"article:published_time\" content=\"2025-06-27T11:39:17+00:00\" \/>\n<meta property=\"article:modified_time\" content=\"2025-06-27T11:39:18+00:00\" \/>\n<meta property=\"og:image\" content=\"https:\/\/www.strassenweb.de\/nachrichten\/wp-content\/uploads\/2025\/05\/pYWhpthXmUEM6Z3xfGrQh3.jpg\" \/>\n\t<meta property=\"og:image:width\" content=\"1600\" \/>\n\t<meta property=\"og:image:height\" content=\"900\" \/>\n\t<meta property=\"og:image:type\" content=\"image\/jpeg\" \/>\n<meta name=\"author\" content=\"Robert Hoffmann\" \/>\n<meta name=\"twitter:card\" content=\"summary_large_image\" \/>\n<meta name=\"twitter:label1\" content=\"Verfasst von\" \/>\n\t<meta name=\"twitter:data1\" content=\"Robert Hoffmann\" \/>\n\t<meta name=\"twitter:label2\" content=\"Gesch\u00e4tzte Lesezeit\" \/>\n\t<meta name=\"twitter:data2\" content=\"3\u00a0Minuten\" \/>\n<script type=\"application\/ld+json\" class=\"yoast-schema-graph\">{\"@context\":\"https:\\\/\\\/schema.org\",\"@graph\":[{\"@type\":\"Article\",\"@id\":\"https:\\\/\\\/www.strassenweb.de\\\/nachrichten\\\/vor-15-jahren-sagte-martha-stewart-dass-jeder-gaertner-diese-drei-werkzeuge-benoetigte-ihr-rat-ist-genauso-relevant-fuer-den-sommer-2025\\\/#article\",\"isPartOf\":{\"@id\":\"https:\\\/\\\/www.strassenweb.de\\\/nachrichten\\\/vor-15-jahren-sagte-martha-stewart-dass-jeder-gaertner-diese-drei-werkzeuge-benoetigte-ihr-rat-ist-genauso-relevant-fuer-den-sommer-2025\\\/\"},\"author\":{\"name\":\"Robert Hoffmann\",\"@id\":\"https:\\\/\\\/www.strassenweb.de\\\/nachrichten\\\/#\\\/schema\\\/person\\\/87c9c9067f1211da429a744dc5a5aa41\"},\"headline\":\"Vor 15 Jahren sagte Martha Stewart, dass jeder G\u00e4rtner diese drei Werkzeuge ben\u00f6tigte &#8211; ihr Rat ist genauso relevant f\u00fcr den Sommer 2025\",\"datePublished\":\"2025-06-27T11:39:17+00:00\",\"dateModified\":\"2025-06-27T11:39:18+00:00\",\"mainEntityOfPage\":{\"@id\":\"https:\\\/\\\/www.strassenweb.de\\\/nachrichten\\\/vor-15-jahren-sagte-martha-stewart-dass-jeder-gaertner-diese-drei-werkzeuge-benoetigte-ihr-rat-ist-genauso-relevant-fuer-den-sommer-2025\\\/\"},\"wordCount\":530,\"publisher\":{\"@id\":\"https:\\\/\\\/www.strassenweb.de\\\/nachrichten\\\/#organization\"},\"image\":{\"@id\":\"https:\\\/\\\/www.strassenweb.de\\\/nachrichten\\\/vor-15-jahren-sagte-martha-stewart-dass-jeder-gaertner-diese-drei-werkzeuge-benoetigte-ihr-rat-ist-genauso-relevant-fuer-den-sommer-2025\\\/#primaryimage\"},\"thumbnailUrl\":\"https:\\\/\\\/www.strassenweb.de\\\/nachrichten\\\/wp-content\\\/uploads\\\/2025\\\/05\\\/pYWhpthXmUEM6Z3xfGrQh3.jpg\",\"keywords\":[\"ben\u00f6tigte\",\"dass\",\"den\",\"diese\",\"drei\",\"f\u00fcr\",\"G\u00e4rtner\",\"genauso\",\"Ihr\",\"ist\",\"Jahren\",\"jeder\",\"Martha\",\"Rat\",\"relevant\",\"sagte\",\"Sommer\",\"Stewart\",\"vor\",\"Werkzeuge\"],\"articleSection\":[\"Haus &amp; Garten\"],\"inLanguage\":\"de\"},{\"@type\":\"WebPage\",\"@id\":\"https:\\\/\\\/www.strassenweb.de\\\/nachrichten\\\/vor-15-jahren-sagte-martha-stewart-dass-jeder-gaertner-diese-drei-werkzeuge-benoetigte-ihr-rat-ist-genauso-relevant-fuer-den-sommer-2025\\\/\",\"url\":\"https:\\\/\\\/www.strassenweb.de\\\/nachrichten\\\/vor-15-jahren-sagte-martha-stewart-dass-jeder-gaertner-diese-drei-werkzeuge-benoetigte-ihr-rat-ist-genauso-relevant-fuer-den-sommer-2025\\\/\",\"name\":\"Vor 15 Jahren sagte Martha Stewart, dass jeder G\u00e4rtner diese drei Werkzeuge ben\u00f6tigte - ihr Rat ist genauso relevant f\u00fcr den Sommer 2025 - Nachrichten - Stra\u00dfenweb\",\"isPartOf\":{\"@id\":\"https:\\\/\\\/www.strassenweb.de\\\/nachrichten\\\/#website\"},\"primaryImageOfPage\":{\"@id\":\"https:\\\/\\\/www.strassenweb.de\\\/nachrichten\\\/vor-15-jahren-sagte-martha-stewart-dass-jeder-gaertner-diese-drei-werkzeuge-benoetigte-ihr-rat-ist-genauso-relevant-fuer-den-sommer-2025\\\/#primaryimage\"},\"image\":{\"@id\":\"https:\\\/\\\/www.strassenweb.de\\\/nachrichten\\\/vor-15-jahren-sagte-martha-stewart-dass-jeder-gaertner-diese-drei-werkzeuge-benoetigte-ihr-rat-ist-genauso-relevant-fuer-den-sommer-2025\\\/#primaryimage\"},\"thumbnailUrl\":\"https:\\\/\\\/www.strassenweb.de\\\/nachrichten\\\/wp-content\\\/uploads\\\/2025\\\/05\\\/pYWhpthXmUEM6Z3xfGrQh3.jpg\",\"datePublished\":\"2025-06-27T11:39:17+00:00\",\"dateModified\":\"2025-06-27T11:39:18+00:00\",\"breadcrumb\":{\"@id\":\"https:\\\/\\\/www.strassenweb.de\\\/nachrichten\\\/vor-15-jahren-sagte-martha-stewart-dass-jeder-gaertner-diese-drei-werkzeuge-benoetigte-ihr-rat-ist-genauso-relevant-fuer-den-sommer-2025\\\/#breadcrumb\"},\"inLanguage\":\"de\",\"potentialAction\":[{\"@type\":\"ReadAction\",\"target\":[\"https:\\\/\\\/www.strassenweb.de\\\/nachrichten\\\/vor-15-jahren-sagte-martha-stewart-dass-jeder-gaertner-diese-drei-werkzeuge-benoetigte-ihr-rat-ist-genauso-relevant-fuer-den-sommer-2025\\\/\"]}]},{\"@type\":\"ImageObject\",\"inLanguage\":\"de\",\"@id\":\"https:\\\/\\\/www.strassenweb.de\\\/nachrichten\\\/vor-15-jahren-sagte-martha-stewart-dass-jeder-gaertner-diese-drei-werkzeuge-benoetigte-ihr-rat-ist-genauso-relevant-fuer-den-sommer-2025\\\/#primaryimage\",\"url\":\"https:\\\/\\\/www.strassenweb.de\\\/nachrichten\\\/wp-content\\\/uploads\\\/2025\\\/05\\\/pYWhpthXmUEM6Z3xfGrQh3.jpg\",\"contentUrl\":\"https:\\\/\\\/www.strassenweb.de\\\/nachrichten\\\/wp-content\\\/uploads\\\/2025\\\/05\\\/pYWhpthXmUEM6Z3xfGrQh3.jpg\",\"width\":1600,\"height\":900,\"caption\":\"Martha Stewart\"},{\"@type\":\"BreadcrumbList\",\"@id\":\"https:\\\/\\\/www.strassenweb.de\\\/nachrichten\\\/vor-15-jahren-sagte-martha-stewart-dass-jeder-gaertner-diese-drei-werkzeuge-benoetigte-ihr-rat-ist-genauso-relevant-fuer-den-sommer-2025\\\/#breadcrumb\",\"itemListElement\":[{\"@type\":\"ListItem\",\"position\":1,\"name\":\"Home\",\"item\":\"https:\\\/\\\/www.strassenweb.de\\\/nachrichten\\\/\"},{\"@type\":\"ListItem\",\"position\":2,\"name\":\"Vor 15 Jahren sagte Martha Stewart, dass jeder G\u00e4rtner diese drei Werkzeuge ben\u00f6tigte &#8211; ihr Rat ist genauso relevant f\u00fcr den Sommer 2025\"}]},{\"@type\":\"WebSite\",\"@id\":\"https:\\\/\\\/www.strassenweb.de\\\/nachrichten\\\/#website\",\"url\":\"https:\\\/\\\/www.strassenweb.de\\\/nachrichten\\\/\",\"name\":\"Stra\u00dfenweb\",\"description\":\"Stra\u00dfenverzeichnis f\u00fcr Deutschland\",\"publisher\":{\"@id\":\"https:\\\/\\\/www.strassenweb.de\\\/nachrichten\\\/#organization\"},\"potentialAction\":[{\"@type\":\"SearchAction\",\"target\":{\"@type\":\"EntryPoint\",\"urlTemplate\":\"https:\\\/\\\/www.strassenweb.de\\\/nachrichten\\\/?s={search_term_string}\"},\"query-input\":{\"@type\":\"PropertyValueSpecification\",\"valueRequired\":true,\"valueName\":\"search_term_string\"}}],\"inLanguage\":\"de\"},{\"@type\":\"Organization\",\"@id\":\"https:\\\/\\\/www.strassenweb.de\\\/nachrichten\\\/#organization\",\"name\":\"Stra\u00dfenweb\",\"url\":\"https:\\\/\\\/www.strassenweb.de\\\/nachrichten\\\/\",\"logo\":{\"@type\":\"ImageObject\",\"inLanguage\":\"de\",\"@id\":\"https:\\\/\\\/www.strassenweb.de\\\/nachrichten\\\/#\\\/schema\\\/logo\\\/image\\\/\",\"url\":\"https:\\\/\\\/www.strassenweb.de\\\/nachrichten\\\/wp-content\\\/uploads\\\/2024\\\/09\\\/cropped-favicon.png\",\"contentUrl\":\"https:\\\/\\\/www.strassenweb.de\\\/nachrichten\\\/wp-content\\\/uploads\\\/2024\\\/09\\\/cropped-favicon.png\",\"width\":512,\"height\":512,\"caption\":\"Stra\u00dfenweb\"},\"image\":{\"@id\":\"https:\\\/\\\/www.strassenweb.de\\\/nachrichten\\\/#\\\/schema\\\/logo\\\/image\\\/\"},\"sameAs\":[\"https:\\\/\\\/www.facebook.com\\\/strassenweb\\\/\"]},{\"@type\":\"Person\",\"@id\":\"https:\\\/\\\/www.strassenweb.de\\\/nachrichten\\\/#\\\/schema\\\/person\\\/87c9c9067f1211da429a744dc5a5aa41\",\"name\":\"Robert Hoffmann\",\"image\":{\"@type\":\"ImageObject\",\"inLanguage\":\"de\",\"@id\":\"https:\\\/\\\/www.strassenweb.de\\\/nachrichten\\\/wp-content\\\/uploads\\\/2024\\\/09\\\/strassenweb-150x150.jpg\",\"url\":\"https:\\\/\\\/www.strassenweb.de\\\/nachrichten\\\/wp-content\\\/uploads\\\/2024\\\/09\\\/strassenweb-150x150.jpg\",\"contentUrl\":\"https:\\\/\\\/www.strassenweb.de\\\/nachrichten\\\/wp-content\\\/uploads\\\/2024\\\/09\\\/strassenweb-150x150.jpg\",\"caption\":\"Robert Hoffmann\"},\"description\":\"Ich hei\u00dfe Robert Hoffmann und ich bin ein leidenschaftlicher Verfechter von \u00d6kologie und Biodiversit\u00e4t. Seit meiner Kindheit in den W\u00e4ldern Bayerns f\u00fchle ich mich mit der Natur verbunden und bin entschlossen, sie zu sch\u00fctzen. Heute widme ich mein Leben der Sensibilisierung anderer f\u00fcr die Bedeutung des Umweltschutzes f\u00fcr zuk\u00fcnftige Generationen.\",\"sameAs\":[\"https:\\\/\\\/www.strassenweb.de\\\/\"]}]}<\/script>\n<!-- \/ Yoast SEO plugin. -->","yoast_head_json":{"title":"Vor 15 Jahren sagte Martha Stewart, dass jeder G\u00e4rtner diese drei Werkzeuge ben\u00f6tigte - ihr Rat ist genauso relevant f\u00fcr den Sommer 2025 - Nachrichten - Stra\u00dfenweb","robots":{"index":"index","follow":"follow","max-snippet":"max-snippet:-1","max-image-preview":"max-image-preview:large","max-video-preview":"max-video-preview:-1"},"canonical":"https:\/\/www.strassenweb.de\/nachrichten\/vor-15-jahren-sagte-martha-stewart-dass-jeder-gaertner-diese-drei-werkzeuge-benoetigte-ihr-rat-ist-genauso-relevant-fuer-den-sommer-2025\/","og_locale":"de_DE","og_type":"article","og_title":"Vor 15 Jahren sagte Martha Stewart, dass jeder G\u00e4rtner diese drei Werkzeuge ben\u00f6tigte - ihr Rat ist genauso relevant f\u00fcr den Sommer 2025 - Nachrichten - Stra\u00dfenweb","og_description":"Egal, ob Sie ein erfahrener G\u00e4rtner oder neu in der Praxis sind, eine solide Liste von Werkzeugen zu haben, ist entscheidend f\u00fcr eine erfolgreiche Pflanzung.","og_url":"https:\/\/www.strassenweb.de\/nachrichten\/vor-15-jahren-sagte-martha-stewart-dass-jeder-gaertner-diese-drei-werkzeuge-benoetigte-ihr-rat-ist-genauso-relevant-fuer-den-sommer-2025\/","og_site_name":"Stra\u00dfenweb","article_publisher":"https:\/\/www.facebook.com\/strassenweb\/","article_published_time":"2025-06-27T11:39:17+00:00","article_modified_time":"2025-06-27T11:39:18+00:00","og_image":[{"width":1600,"height":900,"url":"https:\/\/www.strassenweb.de\/nachrichten\/wp-content\/uploads\/2025\/05\/pYWhpthXmUEM6Z3xfGrQh3.jpg","type":"image\/jpeg"}],"author":"Robert Hoffmann","twitter_card":"summary_large_image","twitter_misc":{"Verfasst von":"Robert Hoffmann","Gesch\u00e4tzte Lesezeit":"3\u00a0Minuten"},"schema":{"@context":"https:\/\/schema.org","@graph":[{"@type":"Article","@id":"https:\/\/www.strassenweb.de\/nachrichten\/vor-15-jahren-sagte-martha-stewart-dass-jeder-gaertner-diese-drei-werkzeuge-benoetigte-ihr-rat-ist-genauso-relevant-fuer-den-sommer-2025\/#article","isPartOf":{"@id":"https:\/\/www.strassenweb.de\/nachrichten\/vor-15-jahren-sagte-martha-stewart-dass-jeder-gaertner-diese-drei-werkzeuge-benoetigte-ihr-rat-ist-genauso-relevant-fuer-den-sommer-2025\/"},"author":{"name":"Robert Hoffmann","@id":"https:\/\/www.strassenweb.de\/nachrichten\/#\/schema\/person\/87c9c9067f1211da429a744dc5a5aa41"},"headline":"Vor 15 Jahren sagte Martha Stewart, dass jeder G\u00e4rtner diese drei Werkzeuge ben\u00f6tigte &#8211; ihr Rat ist genauso relevant f\u00fcr den Sommer 2025","datePublished":"2025-06-27T11:39:17+00:00","dateModified":"2025-06-27T11:39:18+00:00","mainEntityOfPage":{"@id":"https:\/\/www.strassenweb.de\/nachrichten\/vor-15-jahren-sagte-martha-stewart-dass-jeder-gaertner-diese-drei-werkzeuge-benoetigte-ihr-rat-ist-genauso-relevant-fuer-den-sommer-2025\/"},"wordCount":530,"publisher":{"@id":"https:\/\/www.strassenweb.de\/nachrichten\/#organization"},"image":{"@id":"https:\/\/www.strassenweb.de\/nachrichten\/vor-15-jahren-sagte-martha-stewart-dass-jeder-gaertner-diese-drei-werkzeuge-benoetigte-ihr-rat-ist-genauso-relevant-fuer-den-sommer-2025\/#primaryimage"},"thumbnailUrl":"https:\/\/www.strassenweb.de\/nachrichten\/wp-content\/uploads\/2025\/05\/pYWhpthXmUEM6Z3xfGrQh3.jpg","keywords":["ben\u00f6tigte","dass","den","diese","drei","f\u00fcr","G\u00e4rtner","genauso","Ihr","ist","Jahren","jeder","Martha","Rat","relevant","sagte","Sommer","Stewart","vor","Werkzeuge"],"articleSection":["Haus &amp; Garten"],"inLanguage":"de"},{"@type":"WebPage","@id":"https:\/\/www.strassenweb.de\/nachrichten\/vor-15-jahren-sagte-martha-stewart-dass-jeder-gaertner-diese-drei-werkzeuge-benoetigte-ihr-rat-ist-genauso-relevant-fuer-den-sommer-2025\/","url":"https:\/\/www.strassenweb.de\/nachrichten\/vor-15-jahren-sagte-martha-stewart-dass-jeder-gaertner-diese-drei-werkzeuge-benoetigte-ihr-rat-ist-genauso-relevant-fuer-den-sommer-2025\/","name":"Vor 15 Jahren sagte Martha Stewart, dass jeder G\u00e4rtner diese drei Werkzeuge ben\u00f6tigte - ihr Rat ist genauso relevant f\u00fcr den Sommer 2025 - Nachrichten - Stra\u00dfenweb","isPartOf":{"@id":"https:\/\/www.strassenweb.de\/nachrichten\/#website"},"primaryImageOfPage":{"@id":"https:\/\/www.strassenweb.de\/nachrichten\/vor-15-jahren-sagte-martha-stewart-dass-jeder-gaertner-diese-drei-werkzeuge-benoetigte-ihr-rat-ist-genauso-relevant-fuer-den-sommer-2025\/#primaryimage"},"image":{"@id":"https:\/\/www.strassenweb.de\/nachrichten\/vor-15-jahren-sagte-martha-stewart-dass-jeder-gaertner-diese-drei-werkzeuge-benoetigte-ihr-rat-ist-genauso-relevant-fuer-den-sommer-2025\/#primaryimage"},"thumbnailUrl":"https:\/\/www.strassenweb.de\/nachrichten\/wp-content\/uploads\/2025\/05\/pYWhpthXmUEM6Z3xfGrQh3.jpg","datePublished":"2025-06-27T11:39:17+00:00","dateModified":"2025-06-27T11:39:18+00:00","breadcrumb":{"@id":"https:\/\/www.strassenweb.de\/nachrichten\/vor-15-jahren-sagte-martha-stewart-dass-jeder-gaertner-diese-drei-werkzeuge-benoetigte-ihr-rat-ist-genauso-relevant-fuer-den-sommer-2025\/#breadcrumb"},"inLanguage":"de","potentialAction":[{"@type":"ReadAction","target":["https:\/\/www.strassenweb.de\/nachrichten\/vor-15-jahren-sagte-martha-stewart-dass-jeder-gaertner-diese-drei-werkzeuge-benoetigte-ihr-rat-ist-genauso-relevant-fuer-den-sommer-2025\/"]}]},{"@type":"ImageObject","inLanguage":"de","@id":"https:\/\/www.strassenweb.de\/nachrichten\/vor-15-jahren-sagte-martha-stewart-dass-jeder-gaertner-diese-drei-werkzeuge-benoetigte-ihr-rat-ist-genauso-relevant-fuer-den-sommer-2025\/#primaryimage","url":"https:\/\/www.strassenweb.de\/nachrichten\/wp-content\/uploads\/2025\/05\/pYWhpthXmUEM6Z3xfGrQh3.jpg","contentUrl":"https:\/\/www.strassenweb.de\/nachrichten\/wp-content\/uploads\/2025\/05\/pYWhpthXmUEM6Z3xfGrQh3.jpg","width":1600,"height":900,"caption":"Martha Stewart"},{"@type":"BreadcrumbList","@id":"https:\/\/www.strassenweb.de\/nachrichten\/vor-15-jahren-sagte-martha-stewart-dass-jeder-gaertner-diese-drei-werkzeuge-benoetigte-ihr-rat-ist-genauso-relevant-fuer-den-sommer-2025\/#breadcrumb","itemListElement":[{"@type":"ListItem","position":1,"name":"Home","item":"https:\/\/www.strassenweb.de\/nachrichten\/"},{"@type":"ListItem","position":2,"name":"Vor 15 Jahren sagte Martha Stewart, dass jeder G\u00e4rtner diese drei Werkzeuge ben\u00f6tigte &#8211; ihr Rat ist genauso relevant f\u00fcr den Sommer 2025"}]},{"@type":"WebSite","@id":"https:\/\/www.strassenweb.de\/nachrichten\/#website","url":"https:\/\/www.strassenweb.de\/nachrichten\/","name":"Stra\u00dfenweb","description":"Stra\u00dfenverzeichnis f\u00fcr Deutschland","publisher":{"@id":"https:\/\/www.strassenweb.de\/nachrichten\/#organization"},"potentialAction":[{"@type":"SearchAction","target":{"@type":"EntryPoint","urlTemplate":"https:\/\/www.strassenweb.de\/nachrichten\/?s={search_term_string}"},"query-input":{"@type":"PropertyValueSpecification","valueRequired":true,"valueName":"search_term_string"}}],"inLanguage":"de"},{"@type":"Organization","@id":"https:\/\/www.strassenweb.de\/nachrichten\/#organization","name":"Stra\u00dfenweb","url":"https:\/\/www.strassenweb.de\/nachrichten\/","logo":{"@type":"ImageObject","inLanguage":"de","@id":"https:\/\/www.strassenweb.de\/nachrichten\/#\/schema\/logo\/image\/","url":"https:\/\/www.strassenweb.de\/nachrichten\/wp-content\/uploads\/2024\/09\/cropped-favicon.png","contentUrl":"https:\/\/www.strassenweb.de\/nachrichten\/wp-content\/uploads\/2024\/09\/cropped-favicon.png","width":512,"height":512,"caption":"Stra\u00dfenweb"},"image":{"@id":"https:\/\/www.strassenweb.de\/nachrichten\/#\/schema\/logo\/image\/"},"sameAs":["https:\/\/www.facebook.com\/strassenweb\/"]},{"@type":"Person","@id":"https:\/\/www.strassenweb.de\/nachrichten\/#\/schema\/person\/87c9c9067f1211da429a744dc5a5aa41","name":"Robert Hoffmann","image":{"@type":"ImageObject","inLanguage":"de","@id":"https:\/\/www.strassenweb.de\/nachrichten\/wp-content\/uploads\/2024\/09\/strassenweb-150x150.jpg","url":"https:\/\/www.strassenweb.de\/nachrichten\/wp-content\/uploads\/2024\/09\/strassenweb-150x150.jpg","contentUrl":"https:\/\/www.strassenweb.de\/nachrichten\/wp-content\/uploads\/2024\/09\/strassenweb-150x150.jpg","caption":"Robert Hoffmann"},"description":"Ich hei\u00dfe Robert Hoffmann und ich bin ein leidenschaftlicher Verfechter von \u00d6kologie und Biodiversit\u00e4t. Seit meiner Kindheit in den W\u00e4ldern Bayerns f\u00fchle ich mich mit der Natur verbunden und bin entschlossen, sie zu sch\u00fctzen. Heute widme ich mein Leben der Sensibilisierung anderer f\u00fcr die Bedeutung des Umweltschutzes f\u00fcr zuk\u00fcnftige Generationen.","sameAs":["https:\/\/www.strassenweb.de\/"]}]}},"_links":{"self":[{"href":"https:\/\/www.strassenweb.de\/nachrichten\/wp-json\/wp\/v2\/posts\/5932","targetHints":{"allow":["GET"]}}],"collection":[{"href":"https:\/\/www.strassenweb.de\/nachrichten\/wp-json\/wp\/v2\/posts"}],"about":[{"href":"https:\/\/www.strassenweb.de\/nachrichten\/wp-json\/wp\/v2\/types\/post"}],"author":[{"embeddable":true,"href":"https:\/\/www.strassenweb.de\/nachrichten\/wp-json\/wp\/v2\/users\/1"}],"replies":[{"embeddable":true,"href":"https:\/\/www.strassenweb.de\/nachrichten\/wp-json\/wp\/v2\/comments?post=5932"}],"version-history":[{"count":0,"href":"https:\/\/www.strassenweb.de\/nachrichten\/wp-json\/wp\/v2\/posts\/5932\/revisions"}],"wp:featuredmedia":[{"embeddable":true,"href":"https:\/\/www.strassenweb.de\/nachrichten\/wp-json\/wp\/v2\/media\/4974"}],"wp:attachment":[{"href":"https:\/\/www.strassenweb.de\/nachrichten\/wp-json\/wp\/v2\/media?parent=5932"}],"wp:term":[{"taxonomy":"category","embeddable":true,"href":"https:\/\/www.strassenweb.de\/nachrichten\/wp-json\/wp\/v2\/categories?post=5932"},{"taxonomy":"post_tag","embeddable":true,"href":"https:\/\/www.strassenweb.de\/nachrichten\/wp-json\/wp\/v2\/tags?post=5932"}],"curies":[{"name":"wp","href":"https:\/\/api.w.org\/{rel}","templated":true}]}}