{"id":5891,"date":"2025-06-25T13:40:54","date_gmt":"2025-06-25T11:40:54","guid":{"rendered":"https:\/\/www.strassenweb.de\/nachrichten\/wie-man-tothead-verbena-fuer-unerbittliche-bluete-aus-dieser-anmutigen-blume-den-ganzen-sommer-ueber\/"},"modified":"2025-06-25T13:40:55","modified_gmt":"2025-06-25T11:40:55","slug":"wie-man-tothead-verbena-fuer-unerbittliche-bluete-aus-dieser-anmutigen-blume-den-ganzen-sommer-ueber","status":"publish","type":"post","link":"https:\/\/www.strassenweb.de\/nachrichten\/wie-man-tothead-verbena-fuer-unerbittliche-bluete-aus-dieser-anmutigen-blume-den-ganzen-sommer-ueber\/","title":{"rendered":"Wie man Tothead Verbena &#8211; f\u00fcr unerbittliche Bl\u00fcte aus dieser anmutigen Blume den ganzen Sommer \u00fcber"},"content":{"rendered":"<div id=\"article-body\" class=\"article__body \">\n<p>Verbena ist eine extrem florierende und attraktive Gruppe von krautigen Stauden. Viele von uns konnten nicht ohne Verbena sein, nicht zuletzt f\u00fcr ihre Neigung, Pied -Piper f\u00fcr Millionen von Schmetterlingen, Kolibris und andere Best\u00e4uber zu spielen. Aber es gibt viele Arten von Verbena, und ob Sie Ihre Verbena -Blumen toten oder nicht, h\u00e4ngt von der Vielfalt ab, die Sie wachsen, und Ihrer \u00fcbergreifenden Gartenphilosophie.<\/p>\n<div id=\"ad-unit-1\" class=\"ad-unit\"><\/div>\n<p>Gl\u00fccklicherweise erfordert das Wissen, wie man Verbena anbaut, sehr wenig Anstrengung oder Anstrengung<em><strong> <\/strong><\/em>vom typischen G\u00e4rtner. Verbena ist in seinen vielen Sorten erfrischend leicht zu wachsen, und wenn Sie auf der Suche nach fafffreien gartenrandgrenze Ideen sind, dann verbena, insbesondere der Gro\u00dfe und Handsee <em>Verbena bonariensis, <\/em>Mit seinem stark architektonischen Skelett sollte ganz oben auf Ihrer Liste stehen. Die Verbena w\u00e4chst energisch und sobald seine Blumen zu verblassen beginnen, wird die uralte Frage unweigerlich gestellt: To Deadhead oder nicht zu Totenkopf?<\/p>\n<aside data-block-type=\"embed\" data-render-type=\"fte\" data-skip=\"dealsy\" data-widget-type=\"seasonal\" class=\"hawk-base\"><\/aside>\n<p>Hier entmystifizieren wir die Deadheading -Verbena -Debatte, und wenn Sie sich tot zur Ausgabe von Verbena f\u00fcr Ihre Pflanzen und Ihren Garten haben, erkl\u00e4ren wir, wie Sie dies in einfachen Schritten tun k\u00f6nnen.<\/p>\n<div class=\"van_vid_carousel\">\n<div class=\"van_vid_carousel__padding\">\n<div class=\"van_vid_carousel__container\"><\/div>\n<\/div>\n<\/div>\n<aside data-component-name=\"Recirculation:ArticleRiver\" data-nosnippet class=\"pt-3 pb-4 mb-4 border-b border-solid border-(#333)\">\n<span class=\"\nafter:content-('') after:flex-1 after:ml-4 after:my-(0.7rem) after:border-t-(#333) after:border-t after:border-solid\nbefore:content-('') before:flex-1 before:mr-4 before:my-(0.7rem) before:border-t-(#333) before:border-t before:border-solid\nfont-article-heading pb-3 !text-base font-bold uppercase sm:text-sm text-(#333) flex\"><\/p>\n<p>Sie m\u00f6gen m\u00f6gen<br \/>\n<\/span><\/p>\n<ul class=\"flex flex-col gap-3 m-0\">\n<li class=\"m-0 list-none\" name=\"recirculation-inline\" data-analytics-id=\"recirculation-inline-1\" analytics-label=\"adviser:related\">\n<picture data-new-v2-image=\"true\" class=\"w-(--article-river-thumbnail-width,60px) flex-shrink-0\"><source type=\"image\/webp\"  ><\/source><\/p>\n<\/picture>\n<span class=\"hover:text-inherit font-article-heading text-base text-(#333) leading-5 content-center\">Experten sagen, Sie sollten den ganzen Sommer \u00fcber Deadhead Bee Balm f\u00fcr Bl\u00fcten &#8211; hier und wie und wie es geht<\/span><\/p>\n<\/li>\n<li class=\"m-0 list-none\" name=\"recirculation-inline\" data-analytics-id=\"recirculation-inline-2\" analytics-label=\"adviser:related\">\n<picture data-new-v2-image=\"true\" class=\"w-(--article-river-thumbnail-width,60px) flex-shrink-0\"><source type=\"image\/webp\"  ><\/source><br \/>\n<img decoding=\"async\" alt=\"Eine Grenze zu Fuschia -Pflanzen\"   loading=\"lazy\" data-new-v2-image=\"true\" src=\"https:\/\/www.strassenweb.de\/nachrichten\/wp-content\/uploads\/2025\/06\/c5FRj7XqLPV8jgrnvSzgb7.jpg\" data-pin-media=\"https:\/\/www.strassenweb.de\/nachrichten\/wp-content\/uploads\/2025\/06\/c5FRj7XqLPV8jgrnvSzgb7.jpg\" data-pin-nopin=\"true\" class=\"aspect-(--img-listing-aspect-ratio,16\/9) object-cover w-(--article-river-thumbnail-width,60px) flex-shrink-0\">\n<\/picture>\n<span class=\"hover:text-inherit font-article-heading text-base text-(#333) leading-5 content-center\">Wie man Deadhead Fuchsias-f\u00fcr eine wirklich auftretende Sommerausstellung von Nonstop-Blumen<\/span><\/p>\n<\/li>\n<li class=\"m-0 list-none\" name=\"recirculation-inline\" data-analytics-id=\"recirculation-inline-3\" analytics-label=\"adviser:related\">\n<picture data-new-v2-image=\"true\" class=\"w-(--article-river-thumbnail-width,60px) flex-shrink-0\"><source type=\"image\/webp\"  ><\/source><br \/>\n<img decoding=\"async\" alt=\"Wei\u00dfe Bl\u00fcten von V Carlesii Schneeball\"   loading=\"lazy\" data-new-v2-image=\"true\" src=\"https:\/\/www.strassenweb.de\/nachrichten\/wp-content\/uploads\/2025\/05\/A4yWaXoBQjjPjV9BsuhikV.jpg\" data-pin-media=\"https:\/\/www.strassenweb.de\/nachrichten\/wp-content\/uploads\/2025\/05\/A4yWaXoBQjjPjV9BsuhikV.jpg\" data-pin-nopin=\"true\" class=\"aspect-(--img-listing-aspect-ratio,16\/9) object-cover w-(--article-river-thumbnail-width,60px) flex-shrink-0\">\n<\/picture>\n<span class=\"hover:text-inherit font-article-heading text-base text-(#333) leading-5 content-center\">Ist es notwendig, Tothead -Viburnum -Blumen zu machen? Hier ist alles, was ich nach einem Jahrzehnt als professioneller G\u00e4rtner wei\u00df<\/span><\/p>\n<\/li>\n<\/ul>\n<\/aside>\n<h2 id=\"which-varieties-of-verbena-to-deadhead-3\">Welche Sorten von Verbena to Deadhead<\/h2>\n<figure class=\"van-image-figure inline-layout \" data-bordeaux-image-check>\n<div class=\"image-full-width-wrapper\">\n<div class=\"image-widthsetter\" style=\"max-width:2000px;\"><\/div>\n<\/div>\n<\/figure>\n<p>Die einfache Antwort lautet, dass es v\u00f6llig davon abh\u00e4ngt, welche Vielfalt von Verbena Sie haben, aber im Gro\u00dfen und Ganzen werden die meisten mehrj\u00e4hrigen Verbena -Sorten den ganzen Sommer \u00fcber bis zu den ersten Frosts bl\u00fchen, sodass sie nicht wesentlich ist.<\/p>\n<div id=\"ad-unit-2\" class=\"ad-unit\"><\/div>\n<p>Einige Varianten von Verbena profitieren davon, tot zu sein, und bl\u00fchen l\u00e4nger und ausf\u00fchrlicher, wenn Sie dies tun. Diese Verbena -Sorten, die tot sein sollten, sind:<\/p>\n<p><strong>Nachfolgendes Verbena<\/strong>. Nachlaufende Sorten profitieren nicht nur davon, mehr Bl\u00fcten zu produzieren, sondern sie werden auch tendenziell ein bisschen zu langbeinig. Wenn Sie sie zur\u00fccksch\u00fctten, h\u00e4lt sie sie ges\u00fcnder und in der Lage, ihre Energie auf die Bl\u00fcte zu fokussieren.<\/p>\n<p><strong>Alle j\u00e4hrlichen Verbena -Sorten<\/strong>. Deadheading f\u00f6rdert buschigeres Wachstum und mehr Blumen. Wenn sie \u00fcbrig sind und nicht tot sind, k\u00f6nnen Pflanzen tattel und m\u00fcde aussehen. Sobald die Blumen w\u00e4hrend der gesamten Vegetationsperiode Deadhead verbraucht sind.<\/p>\n<p>Die meisten anderen Verbena -Sorten m\u00fcssen nicht tot sein, um mehr Blumen zu produzieren. Viele jedoch aus \u00e4sthetischen Gr\u00fcnden gerne Tothead -Verbena &#8211; um ihren Garten ordentlich und ordentlich aussehen zu lassen.<\/p>\n<p>Wenn Sie eine eher zur\u00fcckgezogene, minimale \u00c4sthetik m\u00f6gen, greifen Sie wahrscheinlich nach der Schere, wenn diese frechen Blumenk\u00f6pfe schlampig aussehen. In diesem Fall wird versichert, dass es nur als Segen f\u00fcr Ihre Verbena -Pflanze dient und die Saison des gl\u00fchenden Ruhms wieder aufnimmt.<\/p>\n<p>Wenn Sie eine \u00e4therischere, bl\u00fchendere, nicht manierende \u00c4sthetik bevorzugen, kann es sich lohnen, Ihre Verbena auf seine eigenen Ger\u00e4te zu \u00fcberlassen. Deadheading-Verbena verhindert, dass es sich selbst zu besch\u00e4digen, wertvolle Wildtiere in Ihren Garten zu ziehen, das Leben in Insekten zu unterst\u00fctzen und seinen Lebenszyklus zu erf\u00fcllen.<\/p>\n<h2 id=\"when-to-deadhead-verbena-3\">Wann toThead verbena<\/h2>\n<figure class=\"van-image-figure inline-layout \" data-bordeaux-image-check>\n<div class=\"image-full-width-wrapper\">\n<div class=\"image-widthsetter\" style=\"max-width:2000px;\"><\/div>\n<\/div>\n<\/figure>\n<p>Wenn Sie entscheiden, dass Sie Ihre Verbena toten m\u00f6chten, floriert dies nur noch. Die beste Zeit f\u00fcr Tothead -Verbena ist, wenn die erste Blumenwelle zu Beginn des Sommers zu verblassen beginnt.<\/p>\n<p>Wenn Sie nicht t\u00f6dlich sind, wenn der erste Bl\u00fctensp\u00fcl verblasst, werden einige Verbena -Sorten ihre Energie darauf konzentrieren, Samen zu produzieren, um sich zu reproduzieren, und sich nicht mit der Schaffung neuer Blumen k\u00fcmmern.<\/p>\n<p>In diesem Sinne verl\u00e4ngern sich die Bl\u00fctezeit, wenn Sie sich w\u00e4hrend des gesamten Sommers eine F\u00fclle von Bl\u00fcten w\u00e4hrend des gesamten Sommers haben.<\/p>\n<p>Sie k\u00f6nnen w\u00e4hrend der Sommermonate Deadhead -Verbena, aber nach Deadheading Anfang des Sommers ist es nicht notwendig, dies wieder zu tun, und sie werden bis zum ersten Frost weiter bl\u00fchen.<\/p>\n<p>Wenn jedoch Ihre aufrechten Verbenas zu hoch werden und sich unter ihrem Gewicht anfangen, k\u00f6nnen sie zu jedem Zeitpunkt im Sommer zur\u00fcckgeschnitten werden und nicht ein bisschen daraus leiden. Sie werden einfach weiterhin wundersch\u00f6n bl\u00fchen, aber in einer weniger einsch\u00fcchternen Gr\u00f6\u00dfe.<\/p>\n<h2 id=\"how-to-deadhead-verbena-3\">Wie man Tothead Verbena<\/h2>\n<figure class=\"van-image-figure inline-layout \" data-bordeaux-image-check>\n<div class=\"image-full-width-wrapper\">\n<div class=\"image-widthsetter\" style=\"max-width:2000px;\"><\/div>\n<\/div>\n<\/figure>\n<p>Deadheading Verbena k\u00f6nnte nicht einfacher sein.<\/p>\n<p>\u00dcberpr\u00fcfen Sie, ob Ihre Verbena Blumen vorbei sind (Sie m\u00f6chten keine gl\u00fccklichen und gesunden Blumen abgeben). Die Blumen werden verblasst, schlaff und stumpf aussehen. Dies bedeutet, dass sie bereit sind, entfernt zu werden, und es k\u00f6nnen neue Blumen entstehen.<\/p>\n<p>Stellen Sie wie immer sicher, dass Ihre Gartenschere oder Snips sauber sind. Einer der h\u00e4ufigsten Fehler mit Deadheading besteht darin, diesen Schritt zu \u00fcberspringen und die Krankheit versehentlich an alle Ihre Pflanzen zu \u00fcbertragen.<\/p>\n<p>Verwenden Sie Ihre Gartenschnitte oder Secateure, um den oberen Abschnitt der Pflanzen abzuschneiden. Gehen Sie Ihre Verbena leicht und schneiden Sie nicht mehr als ein Drittel der Pflanze ab. Schleifen Sie einfach den Stiel direkt hinter der verbrauchten Blume ab &#8211; keine weiter unten.<\/p>\n<p>\u00dcberlassen Sie die Anlage auf eigene Ger\u00e4te und stellen Sie sicher, dass sie gegebenenfalls bew\u00e4ssert und gef\u00fcttert wird, und bald werden Sie neue Knospen erscheinen.<\/p>\n<h2 id=\"shop-deadheading-essentials-3\">Shop Deadheading Essentials <\/h2>\n<div class=\"product-container hero-product-container product-block-no-wrap\">\n<div class=\"product-block-row\"><\/div>\n<div class=\"product-block-row\"><\/div>\n<div class=\"product-block-row\"><\/div>\n<\/div>\n<hr>\n<p>Es lohnt sich auch zu \u00fcberlegen, dass es sich um Verbena aus dem Samen anzieht, da es extrem unkompliziert und kosteng\u00fcnstig ist. Denken Sie nur daran, dass es \u00fcber 200 Arten von Verbena gibt, und viele von ihnen haben unterschiedliche wachsende Pr\u00e4ferenzen, die f\u00fcr das Klima spezifisch in verschiedenen US -H\u00e4rterzonen sind.<\/p>\n<p>Wenn das Wachsen aus Samen nach zu viel harter Arbeit klingt und ich f\u00fcr einen geneigt bin, aufgrund von Platzmangel, Zeit und Geduld aus dem Samen zu wachsen, ist es jedoch wert, zu lernen, wie man Verbena -Stecklinge aufnimmt, da dies im Wesentlichen viel mehr freie Verbena -Pflanzen ohne notwendige Reisen zum Gartenzentrum gibt.<\/p>\n<div class=\"block\" id=\"articleTag\" data-component-name=\"PostArticleLinks\">\n<div class=\"border-b border-b-black border-solid py-2.5 text-black font-bold uppercase\">Themen<\/div>\n<nav class=\"py-2.5 flex gap-2.5 flex-wrap\" data-analytics-id=\"article-tag\">\n<p>Blumen<br \/>\n<\/nav>\n<\/div>\n<\/div>\n","protected":false},"excerpt":{"rendered":"<p>Verbena ist eine extrem florierende und attraktive Gruppe von krautigen Stauden. Viele von uns konnten nicht ohne Verbena sein, nicht zuletzt f\u00fcr ihre Neigung, Pied<\/p>\n","protected":false},"author":1,"featured_media":5892,"comment_status":"closed","ping_status":"","sticky":false,"template":"","format":"standard","meta":{"footnotes":""},"categories":[118],"tags":[8245,287,7321,5974,78,1554,55,1608,134,385,7639,260,8244,8243,26],"class_list":["post-5891","post","type-post","status-publish","format-standard","has-post-thumbnail","hentry","category-haus-garten","tag-anmutigen","tag-aus","tag-blume","tag-bluete","tag-den","tag-dieser","tag-fuer","tag-ganzen","tag-man","tag-sommer","tag-tothead","tag-ueber","tag-unerbittliche","tag-verbena","tag-wie","generate-columns","tablet-grid-50","mobile-grid-100","grid-parent","grid-50"],"yoast_head":"<!-- This site is optimized with the Yoast SEO plugin v27.3 - https:\/\/yoast.com\/product\/yoast-seo-wordpress\/ -->\n<title>Wie man Tothead Verbena - f\u00fcr unerbittliche Bl\u00fcte aus dieser anmutigen Blume den ganzen Sommer \u00fcber - Nachrichten - Stra\u00dfenweb<\/title>\n<meta name=\"robots\" content=\"index, follow, max-snippet:-1, max-image-preview:large, max-video-preview:-1\" \/>\n<link rel=\"canonical\" href=\"https:\/\/www.strassenweb.de\/nachrichten\/wie-man-tothead-verbena-fuer-unerbittliche-bluete-aus-dieser-anmutigen-blume-den-ganzen-sommer-ueber\/\" \/>\n<meta property=\"og:locale\" content=\"de_DE\" \/>\n<meta property=\"og:type\" content=\"article\" \/>\n<meta property=\"og:title\" content=\"Wie man Tothead Verbena - f\u00fcr unerbittliche Bl\u00fcte aus dieser anmutigen Blume den ganzen Sommer \u00fcber - Nachrichten - Stra\u00dfenweb\" \/>\n<meta property=\"og:description\" content=\"Verbena ist eine extrem florierende und attraktive Gruppe von krautigen Stauden. Viele von uns konnten nicht ohne Verbena sein, nicht zuletzt f\u00fcr ihre Neigung, Pied\" \/>\n<meta property=\"og:url\" content=\"https:\/\/www.strassenweb.de\/nachrichten\/wie-man-tothead-verbena-fuer-unerbittliche-bluete-aus-dieser-anmutigen-blume-den-ganzen-sommer-ueber\/\" \/>\n<meta property=\"og:site_name\" content=\"Stra\u00dfenweb\" \/>\n<meta property=\"article:publisher\" content=\"https:\/\/www.facebook.com\/strassenweb\/\" \/>\n<meta property=\"article:published_time\" content=\"2025-06-25T11:40:54+00:00\" \/>\n<meta property=\"article:modified_time\" content=\"2025-06-25T11:40:55+00:00\" \/>\n<meta property=\"og:image\" content=\"https:\/\/www.strassenweb.de\/nachrichten\/wp-content\/uploads\/2025\/06\/Wie-man-Tothead-Verbena-fuer-unerbittliche-Bluete-aus-dieser.jpg\" \/>\n\t<meta property=\"og:image:width\" content=\"1920\" \/>\n\t<meta property=\"og:image:height\" content=\"1080\" \/>\n\t<meta property=\"og:image:type\" content=\"image\/jpeg\" \/>\n<meta name=\"author\" content=\"Robert Hoffmann\" \/>\n<meta name=\"twitter:card\" content=\"summary_large_image\" \/>\n<meta name=\"twitter:label1\" content=\"Verfasst von\" \/>\n\t<meta name=\"twitter:data1\" content=\"Robert Hoffmann\" \/>\n\t<meta name=\"twitter:label2\" content=\"Gesch\u00e4tzte Lesezeit\" \/>\n\t<meta name=\"twitter:data2\" content=\"5\u00a0Minuten\" \/>\n<script type=\"application\/ld+json\" class=\"yoast-schema-graph\">{\"@context\":\"https:\\\/\\\/schema.org\",\"@graph\":[{\"@type\":\"Article\",\"@id\":\"https:\\\/\\\/www.strassenweb.de\\\/nachrichten\\\/wie-man-tothead-verbena-fuer-unerbittliche-bluete-aus-dieser-anmutigen-blume-den-ganzen-sommer-ueber\\\/#article\",\"isPartOf\":{\"@id\":\"https:\\\/\\\/www.strassenweb.de\\\/nachrichten\\\/wie-man-tothead-verbena-fuer-unerbittliche-bluete-aus-dieser-anmutigen-blume-den-ganzen-sommer-ueber\\\/\"},\"author\":{\"name\":\"Robert Hoffmann\",\"@id\":\"https:\\\/\\\/www.strassenweb.de\\\/nachrichten\\\/#\\\/schema\\\/person\\\/87c9c9067f1211da429a744dc5a5aa41\"},\"headline\":\"Wie man Tothead Verbena &#8211; f\u00fcr unerbittliche Bl\u00fcte aus dieser anmutigen Blume den ganzen Sommer \u00fcber\",\"datePublished\":\"2025-06-25T11:40:54+00:00\",\"dateModified\":\"2025-06-25T11:40:55+00:00\",\"mainEntityOfPage\":{\"@id\":\"https:\\\/\\\/www.strassenweb.de\\\/nachrichten\\\/wie-man-tothead-verbena-fuer-unerbittliche-bluete-aus-dieser-anmutigen-blume-den-ganzen-sommer-ueber\\\/\"},\"wordCount\":1027,\"publisher\":{\"@id\":\"https:\\\/\\\/www.strassenweb.de\\\/nachrichten\\\/#organization\"},\"image\":{\"@id\":\"https:\\\/\\\/www.strassenweb.de\\\/nachrichten\\\/wie-man-tothead-verbena-fuer-unerbittliche-bluete-aus-dieser-anmutigen-blume-den-ganzen-sommer-ueber\\\/#primaryimage\"},\"thumbnailUrl\":\"https:\\\/\\\/www.strassenweb.de\\\/nachrichten\\\/wp-content\\\/uploads\\\/2025\\\/06\\\/Wie-man-Tothead-Verbena-fuer-unerbittliche-Bluete-aus-dieser.jpg\",\"keywords\":[\"anmutigen\",\"aus\",\"Blume\",\"Bl\u00fcte\",\"den\",\"dieser\",\"f\u00fcr\",\"ganzen\",\"man\",\"Sommer\",\"Tothead\",\"\u00fcber\",\"unerbittliche\",\"Verbena\",\"Wie\"],\"articleSection\":[\"Haus &amp; Garten\"],\"inLanguage\":\"de\"},{\"@type\":\"WebPage\",\"@id\":\"https:\\\/\\\/www.strassenweb.de\\\/nachrichten\\\/wie-man-tothead-verbena-fuer-unerbittliche-bluete-aus-dieser-anmutigen-blume-den-ganzen-sommer-ueber\\\/\",\"url\":\"https:\\\/\\\/www.strassenweb.de\\\/nachrichten\\\/wie-man-tothead-verbena-fuer-unerbittliche-bluete-aus-dieser-anmutigen-blume-den-ganzen-sommer-ueber\\\/\",\"name\":\"Wie man Tothead Verbena - f\u00fcr unerbittliche Bl\u00fcte aus dieser anmutigen Blume den ganzen Sommer \u00fcber - Nachrichten - Stra\u00dfenweb\",\"isPartOf\":{\"@id\":\"https:\\\/\\\/www.strassenweb.de\\\/nachrichten\\\/#website\"},\"primaryImageOfPage\":{\"@id\":\"https:\\\/\\\/www.strassenweb.de\\\/nachrichten\\\/wie-man-tothead-verbena-fuer-unerbittliche-bluete-aus-dieser-anmutigen-blume-den-ganzen-sommer-ueber\\\/#primaryimage\"},\"image\":{\"@id\":\"https:\\\/\\\/www.strassenweb.de\\\/nachrichten\\\/wie-man-tothead-verbena-fuer-unerbittliche-bluete-aus-dieser-anmutigen-blume-den-ganzen-sommer-ueber\\\/#primaryimage\"},\"thumbnailUrl\":\"https:\\\/\\\/www.strassenweb.de\\\/nachrichten\\\/wp-content\\\/uploads\\\/2025\\\/06\\\/Wie-man-Tothead-Verbena-fuer-unerbittliche-Bluete-aus-dieser.jpg\",\"datePublished\":\"2025-06-25T11:40:54+00:00\",\"dateModified\":\"2025-06-25T11:40:55+00:00\",\"breadcrumb\":{\"@id\":\"https:\\\/\\\/www.strassenweb.de\\\/nachrichten\\\/wie-man-tothead-verbena-fuer-unerbittliche-bluete-aus-dieser-anmutigen-blume-den-ganzen-sommer-ueber\\\/#breadcrumb\"},\"inLanguage\":\"de\",\"potentialAction\":[{\"@type\":\"ReadAction\",\"target\":[\"https:\\\/\\\/www.strassenweb.de\\\/nachrichten\\\/wie-man-tothead-verbena-fuer-unerbittliche-bluete-aus-dieser-anmutigen-blume-den-ganzen-sommer-ueber\\\/\"]}]},{\"@type\":\"ImageObject\",\"inLanguage\":\"de\",\"@id\":\"https:\\\/\\\/www.strassenweb.de\\\/nachrichten\\\/wie-man-tothead-verbena-fuer-unerbittliche-bluete-aus-dieser-anmutigen-blume-den-ganzen-sommer-ueber\\\/#primaryimage\",\"url\":\"https:\\\/\\\/www.strassenweb.de\\\/nachrichten\\\/wp-content\\\/uploads\\\/2025\\\/06\\\/Wie-man-Tothead-Verbena-fuer-unerbittliche-Bluete-aus-dieser.jpg\",\"contentUrl\":\"https:\\\/\\\/www.strassenweb.de\\\/nachrichten\\\/wp-content\\\/uploads\\\/2025\\\/06\\\/Wie-man-Tothead-Verbena-fuer-unerbittliche-Bluete-aus-dieser.jpg\",\"width\":1920,\"height\":1080,\"caption\":\"A seat in a back yard with pots filled with verbena\"},{\"@type\":\"BreadcrumbList\",\"@id\":\"https:\\\/\\\/www.strassenweb.de\\\/nachrichten\\\/wie-man-tothead-verbena-fuer-unerbittliche-bluete-aus-dieser-anmutigen-blume-den-ganzen-sommer-ueber\\\/#breadcrumb\",\"itemListElement\":[{\"@type\":\"ListItem\",\"position\":1,\"name\":\"Home\",\"item\":\"https:\\\/\\\/www.strassenweb.de\\\/nachrichten\\\/\"},{\"@type\":\"ListItem\",\"position\":2,\"name\":\"Wie man Tothead Verbena &#8211; f\u00fcr unerbittliche Bl\u00fcte aus dieser anmutigen Blume den ganzen Sommer \u00fcber\"}]},{\"@type\":\"WebSite\",\"@id\":\"https:\\\/\\\/www.strassenweb.de\\\/nachrichten\\\/#website\",\"url\":\"https:\\\/\\\/www.strassenweb.de\\\/nachrichten\\\/\",\"name\":\"Stra\u00dfenweb\",\"description\":\"Stra\u00dfenverzeichnis f\u00fcr Deutschland\",\"publisher\":{\"@id\":\"https:\\\/\\\/www.strassenweb.de\\\/nachrichten\\\/#organization\"},\"potentialAction\":[{\"@type\":\"SearchAction\",\"target\":{\"@type\":\"EntryPoint\",\"urlTemplate\":\"https:\\\/\\\/www.strassenweb.de\\\/nachrichten\\\/?s={search_term_string}\"},\"query-input\":{\"@type\":\"PropertyValueSpecification\",\"valueRequired\":true,\"valueName\":\"search_term_string\"}}],\"inLanguage\":\"de\"},{\"@type\":\"Organization\",\"@id\":\"https:\\\/\\\/www.strassenweb.de\\\/nachrichten\\\/#organization\",\"name\":\"Stra\u00dfenweb\",\"url\":\"https:\\\/\\\/www.strassenweb.de\\\/nachrichten\\\/\",\"logo\":{\"@type\":\"ImageObject\",\"inLanguage\":\"de\",\"@id\":\"https:\\\/\\\/www.strassenweb.de\\\/nachrichten\\\/#\\\/schema\\\/logo\\\/image\\\/\",\"url\":\"https:\\\/\\\/www.strassenweb.de\\\/nachrichten\\\/wp-content\\\/uploads\\\/2024\\\/09\\\/cropped-favicon.png\",\"contentUrl\":\"https:\\\/\\\/www.strassenweb.de\\\/nachrichten\\\/wp-content\\\/uploads\\\/2024\\\/09\\\/cropped-favicon.png\",\"width\":512,\"height\":512,\"caption\":\"Stra\u00dfenweb\"},\"image\":{\"@id\":\"https:\\\/\\\/www.strassenweb.de\\\/nachrichten\\\/#\\\/schema\\\/logo\\\/image\\\/\"},\"sameAs\":[\"https:\\\/\\\/www.facebook.com\\\/strassenweb\\\/\"]},{\"@type\":\"Person\",\"@id\":\"https:\\\/\\\/www.strassenweb.de\\\/nachrichten\\\/#\\\/schema\\\/person\\\/87c9c9067f1211da429a744dc5a5aa41\",\"name\":\"Robert Hoffmann\",\"image\":{\"@type\":\"ImageObject\",\"inLanguage\":\"de\",\"@id\":\"https:\\\/\\\/www.strassenweb.de\\\/nachrichten\\\/wp-content\\\/uploads\\\/2024\\\/09\\\/strassenweb-150x150.jpg\",\"url\":\"https:\\\/\\\/www.strassenweb.de\\\/nachrichten\\\/wp-content\\\/uploads\\\/2024\\\/09\\\/strassenweb-150x150.jpg\",\"contentUrl\":\"https:\\\/\\\/www.strassenweb.de\\\/nachrichten\\\/wp-content\\\/uploads\\\/2024\\\/09\\\/strassenweb-150x150.jpg\",\"caption\":\"Robert Hoffmann\"},\"description\":\"Ich hei\u00dfe Robert Hoffmann und ich bin ein leidenschaftlicher Verfechter von \u00d6kologie und Biodiversit\u00e4t. Seit meiner Kindheit in den W\u00e4ldern Bayerns f\u00fchle ich mich mit der Natur verbunden und bin entschlossen, sie zu sch\u00fctzen. Heute widme ich mein Leben der Sensibilisierung anderer f\u00fcr die Bedeutung des Umweltschutzes f\u00fcr zuk\u00fcnftige Generationen.\",\"sameAs\":[\"https:\\\/\\\/www.strassenweb.de\\\/\"]}]}<\/script>\n<!-- \/ Yoast SEO plugin. -->","yoast_head_json":{"title":"Wie man Tothead Verbena - f\u00fcr unerbittliche Bl\u00fcte aus dieser anmutigen Blume den ganzen Sommer \u00fcber - Nachrichten - Stra\u00dfenweb","robots":{"index":"index","follow":"follow","max-snippet":"max-snippet:-1","max-image-preview":"max-image-preview:large","max-video-preview":"max-video-preview:-1"},"canonical":"https:\/\/www.strassenweb.de\/nachrichten\/wie-man-tothead-verbena-fuer-unerbittliche-bluete-aus-dieser-anmutigen-blume-den-ganzen-sommer-ueber\/","og_locale":"de_DE","og_type":"article","og_title":"Wie man Tothead Verbena - f\u00fcr unerbittliche Bl\u00fcte aus dieser anmutigen Blume den ganzen Sommer \u00fcber - Nachrichten - Stra\u00dfenweb","og_description":"Verbena ist eine extrem florierende und attraktive Gruppe von krautigen Stauden. Viele von uns konnten nicht ohne Verbena sein, nicht zuletzt f\u00fcr ihre Neigung, Pied","og_url":"https:\/\/www.strassenweb.de\/nachrichten\/wie-man-tothead-verbena-fuer-unerbittliche-bluete-aus-dieser-anmutigen-blume-den-ganzen-sommer-ueber\/","og_site_name":"Stra\u00dfenweb","article_publisher":"https:\/\/www.facebook.com\/strassenweb\/","article_published_time":"2025-06-25T11:40:54+00:00","article_modified_time":"2025-06-25T11:40:55+00:00","og_image":[{"width":1920,"height":1080,"url":"https:\/\/www.strassenweb.de\/nachrichten\/wp-content\/uploads\/2025\/06\/Wie-man-Tothead-Verbena-fuer-unerbittliche-Bluete-aus-dieser.jpg","type":"image\/jpeg"}],"author":"Robert Hoffmann","twitter_card":"summary_large_image","twitter_misc":{"Verfasst von":"Robert Hoffmann","Gesch\u00e4tzte Lesezeit":"5\u00a0Minuten"},"schema":{"@context":"https:\/\/schema.org","@graph":[{"@type":"Article","@id":"https:\/\/www.strassenweb.de\/nachrichten\/wie-man-tothead-verbena-fuer-unerbittliche-bluete-aus-dieser-anmutigen-blume-den-ganzen-sommer-ueber\/#article","isPartOf":{"@id":"https:\/\/www.strassenweb.de\/nachrichten\/wie-man-tothead-verbena-fuer-unerbittliche-bluete-aus-dieser-anmutigen-blume-den-ganzen-sommer-ueber\/"},"author":{"name":"Robert Hoffmann","@id":"https:\/\/www.strassenweb.de\/nachrichten\/#\/schema\/person\/87c9c9067f1211da429a744dc5a5aa41"},"headline":"Wie man Tothead Verbena &#8211; f\u00fcr unerbittliche Bl\u00fcte aus dieser anmutigen Blume den ganzen Sommer \u00fcber","datePublished":"2025-06-25T11:40:54+00:00","dateModified":"2025-06-25T11:40:55+00:00","mainEntityOfPage":{"@id":"https:\/\/www.strassenweb.de\/nachrichten\/wie-man-tothead-verbena-fuer-unerbittliche-bluete-aus-dieser-anmutigen-blume-den-ganzen-sommer-ueber\/"},"wordCount":1027,"publisher":{"@id":"https:\/\/www.strassenweb.de\/nachrichten\/#organization"},"image":{"@id":"https:\/\/www.strassenweb.de\/nachrichten\/wie-man-tothead-verbena-fuer-unerbittliche-bluete-aus-dieser-anmutigen-blume-den-ganzen-sommer-ueber\/#primaryimage"},"thumbnailUrl":"https:\/\/www.strassenweb.de\/nachrichten\/wp-content\/uploads\/2025\/06\/Wie-man-Tothead-Verbena-fuer-unerbittliche-Bluete-aus-dieser.jpg","keywords":["anmutigen","aus","Blume","Bl\u00fcte","den","dieser","f\u00fcr","ganzen","man","Sommer","Tothead","\u00fcber","unerbittliche","Verbena","Wie"],"articleSection":["Haus &amp; Garten"],"inLanguage":"de"},{"@type":"WebPage","@id":"https:\/\/www.strassenweb.de\/nachrichten\/wie-man-tothead-verbena-fuer-unerbittliche-bluete-aus-dieser-anmutigen-blume-den-ganzen-sommer-ueber\/","url":"https:\/\/www.strassenweb.de\/nachrichten\/wie-man-tothead-verbena-fuer-unerbittliche-bluete-aus-dieser-anmutigen-blume-den-ganzen-sommer-ueber\/","name":"Wie man Tothead Verbena - f\u00fcr unerbittliche Bl\u00fcte aus dieser anmutigen Blume den ganzen Sommer \u00fcber - Nachrichten - Stra\u00dfenweb","isPartOf":{"@id":"https:\/\/www.strassenweb.de\/nachrichten\/#website"},"primaryImageOfPage":{"@id":"https:\/\/www.strassenweb.de\/nachrichten\/wie-man-tothead-verbena-fuer-unerbittliche-bluete-aus-dieser-anmutigen-blume-den-ganzen-sommer-ueber\/#primaryimage"},"image":{"@id":"https:\/\/www.strassenweb.de\/nachrichten\/wie-man-tothead-verbena-fuer-unerbittliche-bluete-aus-dieser-anmutigen-blume-den-ganzen-sommer-ueber\/#primaryimage"},"thumbnailUrl":"https:\/\/www.strassenweb.de\/nachrichten\/wp-content\/uploads\/2025\/06\/Wie-man-Tothead-Verbena-fuer-unerbittliche-Bluete-aus-dieser.jpg","datePublished":"2025-06-25T11:40:54+00:00","dateModified":"2025-06-25T11:40:55+00:00","breadcrumb":{"@id":"https:\/\/www.strassenweb.de\/nachrichten\/wie-man-tothead-verbena-fuer-unerbittliche-bluete-aus-dieser-anmutigen-blume-den-ganzen-sommer-ueber\/#breadcrumb"},"inLanguage":"de","potentialAction":[{"@type":"ReadAction","target":["https:\/\/www.strassenweb.de\/nachrichten\/wie-man-tothead-verbena-fuer-unerbittliche-bluete-aus-dieser-anmutigen-blume-den-ganzen-sommer-ueber\/"]}]},{"@type":"ImageObject","inLanguage":"de","@id":"https:\/\/www.strassenweb.de\/nachrichten\/wie-man-tothead-verbena-fuer-unerbittliche-bluete-aus-dieser-anmutigen-blume-den-ganzen-sommer-ueber\/#primaryimage","url":"https:\/\/www.strassenweb.de\/nachrichten\/wp-content\/uploads\/2025\/06\/Wie-man-Tothead-Verbena-fuer-unerbittliche-Bluete-aus-dieser.jpg","contentUrl":"https:\/\/www.strassenweb.de\/nachrichten\/wp-content\/uploads\/2025\/06\/Wie-man-Tothead-Verbena-fuer-unerbittliche-Bluete-aus-dieser.jpg","width":1920,"height":1080,"caption":"A seat in a back yard with pots filled with verbena"},{"@type":"BreadcrumbList","@id":"https:\/\/www.strassenweb.de\/nachrichten\/wie-man-tothead-verbena-fuer-unerbittliche-bluete-aus-dieser-anmutigen-blume-den-ganzen-sommer-ueber\/#breadcrumb","itemListElement":[{"@type":"ListItem","position":1,"name":"Home","item":"https:\/\/www.strassenweb.de\/nachrichten\/"},{"@type":"ListItem","position":2,"name":"Wie man Tothead Verbena &#8211; f\u00fcr unerbittliche Bl\u00fcte aus dieser anmutigen Blume den ganzen Sommer \u00fcber"}]},{"@type":"WebSite","@id":"https:\/\/www.strassenweb.de\/nachrichten\/#website","url":"https:\/\/www.strassenweb.de\/nachrichten\/","name":"Stra\u00dfenweb","description":"Stra\u00dfenverzeichnis f\u00fcr Deutschland","publisher":{"@id":"https:\/\/www.strassenweb.de\/nachrichten\/#organization"},"potentialAction":[{"@type":"SearchAction","target":{"@type":"EntryPoint","urlTemplate":"https:\/\/www.strassenweb.de\/nachrichten\/?s={search_term_string}"},"query-input":{"@type":"PropertyValueSpecification","valueRequired":true,"valueName":"search_term_string"}}],"inLanguage":"de"},{"@type":"Organization","@id":"https:\/\/www.strassenweb.de\/nachrichten\/#organization","name":"Stra\u00dfenweb","url":"https:\/\/www.strassenweb.de\/nachrichten\/","logo":{"@type":"ImageObject","inLanguage":"de","@id":"https:\/\/www.strassenweb.de\/nachrichten\/#\/schema\/logo\/image\/","url":"https:\/\/www.strassenweb.de\/nachrichten\/wp-content\/uploads\/2024\/09\/cropped-favicon.png","contentUrl":"https:\/\/www.strassenweb.de\/nachrichten\/wp-content\/uploads\/2024\/09\/cropped-favicon.png","width":512,"height":512,"caption":"Stra\u00dfenweb"},"image":{"@id":"https:\/\/www.strassenweb.de\/nachrichten\/#\/schema\/logo\/image\/"},"sameAs":["https:\/\/www.facebook.com\/strassenweb\/"]},{"@type":"Person","@id":"https:\/\/www.strassenweb.de\/nachrichten\/#\/schema\/person\/87c9c9067f1211da429a744dc5a5aa41","name":"Robert Hoffmann","image":{"@type":"ImageObject","inLanguage":"de","@id":"https:\/\/www.strassenweb.de\/nachrichten\/wp-content\/uploads\/2024\/09\/strassenweb-150x150.jpg","url":"https:\/\/www.strassenweb.de\/nachrichten\/wp-content\/uploads\/2024\/09\/strassenweb-150x150.jpg","contentUrl":"https:\/\/www.strassenweb.de\/nachrichten\/wp-content\/uploads\/2024\/09\/strassenweb-150x150.jpg","caption":"Robert Hoffmann"},"description":"Ich hei\u00dfe Robert Hoffmann und ich bin ein leidenschaftlicher Verfechter von \u00d6kologie und Biodiversit\u00e4t. Seit meiner Kindheit in den W\u00e4ldern Bayerns f\u00fchle ich mich mit der Natur verbunden und bin entschlossen, sie zu sch\u00fctzen. Heute widme ich mein Leben der Sensibilisierung anderer f\u00fcr die Bedeutung des Umweltschutzes f\u00fcr zuk\u00fcnftige Generationen.","sameAs":["https:\/\/www.strassenweb.de\/"]}]}},"_links":{"self":[{"href":"https:\/\/www.strassenweb.de\/nachrichten\/wp-json\/wp\/v2\/posts\/5891","targetHints":{"allow":["GET"]}}],"collection":[{"href":"https:\/\/www.strassenweb.de\/nachrichten\/wp-json\/wp\/v2\/posts"}],"about":[{"href":"https:\/\/www.strassenweb.de\/nachrichten\/wp-json\/wp\/v2\/types\/post"}],"author":[{"embeddable":true,"href":"https:\/\/www.strassenweb.de\/nachrichten\/wp-json\/wp\/v2\/users\/1"}],"replies":[{"embeddable":true,"href":"https:\/\/www.strassenweb.de\/nachrichten\/wp-json\/wp\/v2\/comments?post=5891"}],"version-history":[{"count":0,"href":"https:\/\/www.strassenweb.de\/nachrichten\/wp-json\/wp\/v2\/posts\/5891\/revisions"}],"wp:featuredmedia":[{"embeddable":true,"href":"https:\/\/www.strassenweb.de\/nachrichten\/wp-json\/wp\/v2\/media\/5892"}],"wp:attachment":[{"href":"https:\/\/www.strassenweb.de\/nachrichten\/wp-json\/wp\/v2\/media?parent=5891"}],"wp:term":[{"taxonomy":"category","embeddable":true,"href":"https:\/\/www.strassenweb.de\/nachrichten\/wp-json\/wp\/v2\/categories?post=5891"},{"taxonomy":"post_tag","embeddable":true,"href":"https:\/\/www.strassenweb.de\/nachrichten\/wp-json\/wp\/v2\/tags?post=5891"}],"curies":[{"name":"wp","href":"https:\/\/api.w.org\/{rel}","templated":true}]}}