{"id":589,"date":"2024-10-04T12:41:24","date_gmt":"2024-10-04T10:41:24","guid":{"rendered":"https:\/\/www.strassenweb.de\/nachrichten\/so-isolieren-sie-ein-garagentor-2-moeglichkeiten-diesen-lagerraum-bei-kaltem-wetter-zu-schuetzen\/"},"modified":"2024-10-04T12:41:29","modified_gmt":"2024-10-04T10:41:29","slug":"so-isolieren-sie-ein-garagentor-2-moeglichkeiten-diesen-lagerraum-bei-kaltem-wetter-zu-schuetzen","status":"publish","type":"post","link":"https:\/\/www.strassenweb.de\/nachrichten\/so-isolieren-sie-ein-garagentor-2-moeglichkeiten-diesen-lagerraum-bei-kaltem-wetter-zu-schuetzen\/","title":{"rendered":"So isolieren Sie ein Garagentor \u2013 2 M\u00f6glichkeiten, diesen Lagerraum bei kaltem Wetter zu sch\u00fctzen"},"content":{"rendered":"<p><\/p>\n<div id=\"article-body\" class=\"article__body \">\n<p>Wenn wir an die Isolierung eines Hauses denken, denken wir wahrscheinlich mehr an unsere Dachb\u00f6den als an unsere Garagen. Schlie\u00dflich verbringen nur die wenigsten von uns viel Zeit in der Garage, es sei denn, Sie haben Ihr Auto zu einem Versteck oder einem Heim-Fitnessstudio umgebaut.<\/p>\n<div id=\"ad-unit-1\" class=\"ad-unit\"><\/div>\n<p>Die Isolierung eines Garagentors bietet jedoch mehrere Vorteile <u>Machen Sie Ihre Garage winterfest wie ein Profi<\/u>sagen Auftragnehmer.<\/p>\n<aside class=\"hawk-nest\" data-render-type=\"fte\" data-skip=\"dealsy\" data-widget-type=\"seasonal\">\n<div class=\"hawk-master-widget-hawk-base-wrapper\"><\/div>\n<\/aside>\n<p>Von der sicheren Lagerung bis hin zum Schutz von Autos: Dies sind die beiden besten M\u00f6glichkeiten, ein Garagentor zu isolieren und warum es so tiefgreifende Auswirkungen auf Ihr Zuhause haben kann.<\/p>\n<div id=\"desktop-in-article\" class=\"in-article ad-unit\">\n<div id=\"desktop-taboola-mid-article\"><\/div>\n<\/div>\n<div id=\"mobile-in-article\" class=\"in-article ad-unit\">\n<div id=\"mobile-taboola-mid-article\"><\/div>\n<\/div>\n<h2 id=\"the-benefits-of-insulating-a-garage-door-3\">Die Vorteile der Isolierung eines Garagentors <\/h2>\n<p>W\u00e4hrend es sicherlich hilft, Ihre Garage im Winter warm zu halten, kann eine Isolierung Ihres Garagentors auch hilfreich sein <u>Halten Sie Ihre Garage bei hei\u00dfem Wetter k\u00fchl<\/u>So bleiben wichtige Lagerr\u00e4ume auf einer konstanten Temperatur, um Sch\u00e4den zu vermeiden, und tragen gleichzeitig dazu bei, die Temperatur in Ihrem Zuhause zu regulieren, da keine hei\u00dfe und kalte Luft eindringt.<\/p>\n<div class=\"van_vid_carousel\">\n<div class=\"van_vid_carousel__padding\">\n<div class=\"van_vid_carousel__container\"><\/div>\n<\/div>\n<\/div>\n<p>Da stellt sich die Frage, wie man ein Garagentor isoliert, damit es sich trotzdem leicht \u00f6ffnen und schlie\u00dfen l\u00e4sst. Matthew Coates, Wohnarchitekt und Eigent\u00fcmer von <u>Architekt von Bainbridge Island<\/u> sagt, der Trick bestehe darin, etwas Leichtes auszuw\u00e4hlen, aber mit einem hohen \u201eR\u201c-Wert. Dies ist das Ma\u00df daf\u00fcr, wie gut ein Material die W\u00e4rme\u00fcbertragung blockiert und je nach Jahreszeit die W\u00e4rme je nach Bedarf drinnen oder drau\u00dfen h\u00e4lt.<\/p>\n<div id=\"ad-unit-2\" class=\"ad-unit\"><\/div>\n<p>\u201eJe h\u00f6her der R-Wert, desto besser, da er die Hitze (oder K\u00e4lte) fernh\u00e4lt\u201c, erkl\u00e4rt Matthews. \u201eDie mit Abstand beste L\u00f6sung besteht darin, ein Garagentor zu kaufen, das bereits \u00fcber isolierte Paneele verf\u00fcgt, anstatt es nachtr\u00e4glich zu versuchen. Wenn Sie jedoch Kosten sparen m\u00f6chten, k\u00f6nnen Sie es auch nachr\u00fcsten.\u201c<\/p>\n<h3 class=\"article-body__section\" id=\"section-step-1-layer-with-polyurethane\"><span>Schritt 1: Schicht mit Polyurethan<\/span><\/h3>\n<figure class=\"van-image-figure inline-layout \" data-bordeaux-image-check>\n<div class=\"image-full-width-wrapper\">\n<div class=\"image-widthsetter\" style=\"max-width:2400px;\"><\/div>\n<\/div>\n<\/figure>\n<p>Wenn Sie nicht dar\u00fcber nachdenken m\u00f6chten <u>Kosten f\u00fcr den Austausch von Garagentoren<\/u>Polyurethan ist eine gute Option. Erschwinglich und leicht, Mike Miller, Inhaber von <u>ProLift Garagentore<\/u> erkl\u00e4rt: \u201eDas beste Material zur Isolierung eines Garagentors ist Polyurethan, gefolgt von Polystyrol.\u201c \u201eF\u00fcr den gr\u00f6\u00dftm\u00f6glichen Nutzen ist eine dreiteilige T\u00fcr, also Metall auf der Vorder- und R\u00fcckseite, mit dazwischen liegender Isolierung, die optimale L\u00f6sung.\u201c<\/p>\n<p>WG Hickman, Eigent\u00fcmer des Tri-County Air Service, stimmt dem zu. Er sagt: \u201eNachdem ich mit verschiedenen g\u00e4ngigen Isoliermaterialien experimentiert habe, sage ich, dass das beste Material zum Isolieren eines Garagentors ist <u>NGX-Isolierung, hergestellt von Owens Corning (erh\u00e4ltlich bei Amazon)<\/u>. \u201eNGX-D\u00e4mmplatten mit einem R-Wert von 7,5 sind die beste Wahl, da ein niedrigerer R-Wert m\u00f6glicherweise nicht dazu beitr\u00e4gt, die W\u00e4rme in der Garage zu halten, und Platten mit einem h\u00f6heren R-Wert m\u00f6glicherweise zu schwer f\u00fcr die T\u00fcrmechanismen sind.\u201c<\/p>\n<p>Mit diesen Platten ist die Isolierung eines Garagentors ein Kinderspiel <u>DIY-Projekt<\/u> man kann es oft selbst in Angriff nehmen.<\/p>\n<p>\u201eDer beste Weg, Ihr Garagentor zu isolieren, besteht darin, die D\u00e4mmplatte entsprechend der Gr\u00f6\u00dfe der T\u00fcrpaneele zuzuschneiden. Bitte stellen Sie sicher, dass Sie jedes Paneel ausmessen, bevor Sie Zuschnitte vornehmen, da diese oft unterschiedliche Gr\u00f6\u00dfen haben\u201c, warnt er. \u201eVerwenden Sie eine scharfe Klinge und ein T-Quadrat oder eine gerade Kante f\u00fcr passgenaue Schnitte, tragen Sie Spr\u00fchschaum \u00fcber und unter jedem T\u00fcrpaneel auf, um einen festen Sitz zu gew\u00e4hrleisten und Luftlecks zu verhindern, und befestigen Sie dann die Isolierungsschnitte an den T\u00fcrpaneelen.\u201c<\/p>\n<p><em>Alle Preise gelten zum Zeitpunkt der Ver\u00f6ffentlichung.<\/em><\/p>\n<div class=\"product-container hero-product-container product-block-no-wrap\"><\/div>\n<h3 class=\"article-body__section\" id=\"section-step-2-seal-gaps-around-the-edges\"><span>Schritt 2: L\u00fccken an den R\u00e4ndern abdichten<\/span><\/h3>\n<figure class=\"van-image-figure inline-layout \" data-bordeaux-image-check>\n<div class=\"image-full-width-wrapper\">\n<div class=\"image-widthsetter\" style=\"max-width:2400px;\"><\/div>\n<\/div>\n<\/figure>\n<p>Wenn die T\u00fcr selbst ausgepolstert ist, sollten Sie abschlie\u00dfend alle L\u00fccken an den Kanten abdichten, erinnert Kriss Swint, Direktorin f\u00fcr Marketingkommunikation und Designleiterin bei Westlake Royal Building Products. Sie k\u00f6nnen einen Isolator mit dem h\u00f6chsten R-Wert haben, aber wenn kalte Luft unter die T\u00fcr bl\u00e4st, ist das eher sinnlos.<\/p>\n<p>\u201eDas Anbringen oder Ersetzen der Verkleidung rund um das Garagentor ist einfach, effektiv und optisch ansprechend.\u201c <u>Wartungsarbeiten, um Ihre Energiekosten zu senken<\/u> und Risse und L\u00fccken abdichten\u201c, sagt Kriss. \u201ePVC-Verkleidungen bleiben aufgrund ihrer einfachen Pflege, Widerstandsf\u00e4higkeit, Gestaltungsvielfalt und Kosteneffizienz die erste Wahl f\u00fcr den Au\u00dfenbereich.\u201c<\/p>\n<hr>\n<p>Das Isolieren eines Garagentors ist eine schnelle Aufgabe, die Ihnen garantiert Freude bereitet <u>Aufbewahrungsideen<\/u> sicher vor schwankenden Temperaturen. Kriss Swint von Westlake Royal Building Products f\u00fcgt hinzu: \u201eF\u00fcr diejenigen, die ein gr\u00f6\u00dferes Upgrade w\u00fcnschen, verf\u00fcgen neue Garagentore in der Regel \u00fcber energieeffiziente Funktionen, eine robustere Isolierung und eine verbesserte Wetterschutztechnologie, insbesondere in Kombination mit aktualisierten Verkleidungen.\u201c Der Austausch eines Garagentors bietet au\u00dferdem eine durchschnittliche Kapitalrendite von 193 %, da er dabei hilft <u>Energiekosten senken<\/u>.&#8216;<\/p>\n<\/div>\n","protected":false},"excerpt":{"rendered":"<p>Wenn wir an die Isolierung eines Hauses denken, denken wir wahrscheinlich mehr an unsere Dachb\u00f6den als an unsere Garagen. Schlie\u00dflich verbringen nur die wenigsten von<\/p>\n","protected":false},"author":1,"featured_media":590,"comment_status":"closed","ping_status":"","sticky":false,"template":"","format":"standard","meta":{"footnotes":""},"categories":[118],"tags":[152,208,43,1177,1176,1179,1178,119,1074,165,1180],"class_list":["post-589","post","type-post","status-publish","format-standard","has-post-thumbnail","hentry","category-haus-garten","tag-bei","tag-diesen","tag-ein","tag-garagentor","tag-isolieren","tag-kaltem","tag-lagerraum","tag-moeglichkeiten","tag-schuetzen","tag-sie","tag-wetter","generate-columns","tablet-grid-50","mobile-grid-100","grid-parent","grid-50"],"yoast_head":"<!-- This site is optimized with the Yoast SEO plugin v27.3 - https:\/\/yoast.com\/product\/yoast-seo-wordpress\/ -->\n<title>So isolieren Sie ein Garagentor \u2013 2 M\u00f6glichkeiten, diesen Lagerraum bei kaltem Wetter zu sch\u00fctzen - Nachrichten - Stra\u00dfenweb<\/title>\n<meta name=\"robots\" content=\"index, follow, max-snippet:-1, max-image-preview:large, max-video-preview:-1\" \/>\n<link rel=\"canonical\" href=\"https:\/\/www.strassenweb.de\/nachrichten\/so-isolieren-sie-ein-garagentor-2-moeglichkeiten-diesen-lagerraum-bei-kaltem-wetter-zu-schuetzen\/\" \/>\n<meta property=\"og:locale\" content=\"de_DE\" \/>\n<meta property=\"og:type\" content=\"article\" \/>\n<meta property=\"og:title\" content=\"So isolieren Sie ein Garagentor \u2013 2 M\u00f6glichkeiten, diesen Lagerraum bei kaltem Wetter zu sch\u00fctzen - Nachrichten - Stra\u00dfenweb\" \/>\n<meta property=\"og:description\" content=\"Wenn wir an die Isolierung eines Hauses denken, denken wir wahrscheinlich mehr an unsere Dachb\u00f6den als an unsere Garagen. Schlie\u00dflich verbringen nur die wenigsten von\" \/>\n<meta property=\"og:url\" content=\"https:\/\/www.strassenweb.de\/nachrichten\/so-isolieren-sie-ein-garagentor-2-moeglichkeiten-diesen-lagerraum-bei-kaltem-wetter-zu-schuetzen\/\" \/>\n<meta property=\"og:site_name\" content=\"Stra\u00dfenweb\" \/>\n<meta property=\"article:publisher\" content=\"https:\/\/www.facebook.com\/strassenweb\/\" \/>\n<meta property=\"article:published_time\" content=\"2024-10-04T10:41:24+00:00\" \/>\n<meta property=\"article:modified_time\" content=\"2024-10-04T10:41:29+00:00\" \/>\n<meta property=\"og:image\" content=\"https:\/\/www.strassenweb.de\/nachrichten\/wp-content\/uploads\/2024\/10\/So-isolieren-Sie-ein-Garagentor-\u2013-2-Moeglichkeiten-diesen-Lagerraum.png\" \/>\n\t<meta property=\"og:image:width\" content=\"1200\" \/>\n\t<meta property=\"og:image:height\" content=\"675\" \/>\n\t<meta property=\"og:image:type\" content=\"image\/png\" \/>\n<meta name=\"author\" content=\"Robert Hoffmann\" \/>\n<meta name=\"twitter:card\" content=\"summary_large_image\" \/>\n<meta name=\"twitter:label1\" content=\"Verfasst von\" \/>\n\t<meta name=\"twitter:data1\" content=\"Robert Hoffmann\" \/>\n\t<meta name=\"twitter:label2\" content=\"Gesch\u00e4tzte Lesezeit\" \/>\n\t<meta name=\"twitter:data2\" content=\"4\u00a0Minuten\" \/>\n<script type=\"application\/ld+json\" class=\"yoast-schema-graph\">{\"@context\":\"https:\\\/\\\/schema.org\",\"@graph\":[{\"@type\":\"Article\",\"@id\":\"https:\\\/\\\/www.strassenweb.de\\\/nachrichten\\\/so-isolieren-sie-ein-garagentor-2-moeglichkeiten-diesen-lagerraum-bei-kaltem-wetter-zu-schuetzen\\\/#article\",\"isPartOf\":{\"@id\":\"https:\\\/\\\/www.strassenweb.de\\\/nachrichten\\\/so-isolieren-sie-ein-garagentor-2-moeglichkeiten-diesen-lagerraum-bei-kaltem-wetter-zu-schuetzen\\\/\"},\"author\":{\"name\":\"Robert Hoffmann\",\"@id\":\"https:\\\/\\\/www.strassenweb.de\\\/nachrichten\\\/#\\\/schema\\\/person\\\/87c9c9067f1211da429a744dc5a5aa41\"},\"headline\":\"So isolieren Sie ein Garagentor \u2013 2 M\u00f6glichkeiten, diesen Lagerraum bei kaltem Wetter zu sch\u00fctzen\",\"datePublished\":\"2024-10-04T10:41:24+00:00\",\"dateModified\":\"2024-10-04T10:41:29+00:00\",\"mainEntityOfPage\":{\"@id\":\"https:\\\/\\\/www.strassenweb.de\\\/nachrichten\\\/so-isolieren-sie-ein-garagentor-2-moeglichkeiten-diesen-lagerraum-bei-kaltem-wetter-zu-schuetzen\\\/\"},\"wordCount\":786,\"publisher\":{\"@id\":\"https:\\\/\\\/www.strassenweb.de\\\/nachrichten\\\/#organization\"},\"image\":{\"@id\":\"https:\\\/\\\/www.strassenweb.de\\\/nachrichten\\\/so-isolieren-sie-ein-garagentor-2-moeglichkeiten-diesen-lagerraum-bei-kaltem-wetter-zu-schuetzen\\\/#primaryimage\"},\"thumbnailUrl\":\"https:\\\/\\\/www.strassenweb.de\\\/nachrichten\\\/wp-content\\\/uploads\\\/2024\\\/10\\\/So-isolieren-Sie-ein-Garagentor-\u2013-2-Moeglichkeiten-diesen-Lagerraum.png\",\"keywords\":[\"Bei\",\"diesen\",\"ein\",\"Garagentor\",\"isolieren\",\"kaltem\",\"Lagerraum\",\"M\u00f6glichkeiten\",\"sch\u00fctzen\",\"Sie\",\"Wetter\"],\"articleSection\":[\"Haus &amp; Garten\"],\"inLanguage\":\"de\"},{\"@type\":\"WebPage\",\"@id\":\"https:\\\/\\\/www.strassenweb.de\\\/nachrichten\\\/so-isolieren-sie-ein-garagentor-2-moeglichkeiten-diesen-lagerraum-bei-kaltem-wetter-zu-schuetzen\\\/\",\"url\":\"https:\\\/\\\/www.strassenweb.de\\\/nachrichten\\\/so-isolieren-sie-ein-garagentor-2-moeglichkeiten-diesen-lagerraum-bei-kaltem-wetter-zu-schuetzen\\\/\",\"name\":\"So isolieren Sie ein Garagentor \u2013 2 M\u00f6glichkeiten, diesen Lagerraum bei kaltem Wetter zu sch\u00fctzen - Nachrichten - Stra\u00dfenweb\",\"isPartOf\":{\"@id\":\"https:\\\/\\\/www.strassenweb.de\\\/nachrichten\\\/#website\"},\"primaryImageOfPage\":{\"@id\":\"https:\\\/\\\/www.strassenweb.de\\\/nachrichten\\\/so-isolieren-sie-ein-garagentor-2-moeglichkeiten-diesen-lagerraum-bei-kaltem-wetter-zu-schuetzen\\\/#primaryimage\"},\"image\":{\"@id\":\"https:\\\/\\\/www.strassenweb.de\\\/nachrichten\\\/so-isolieren-sie-ein-garagentor-2-moeglichkeiten-diesen-lagerraum-bei-kaltem-wetter-zu-schuetzen\\\/#primaryimage\"},\"thumbnailUrl\":\"https:\\\/\\\/www.strassenweb.de\\\/nachrichten\\\/wp-content\\\/uploads\\\/2024\\\/10\\\/So-isolieren-Sie-ein-Garagentor-\u2013-2-Moeglichkeiten-diesen-Lagerraum.png\",\"datePublished\":\"2024-10-04T10:41:24+00:00\",\"dateModified\":\"2024-10-04T10:41:29+00:00\",\"breadcrumb\":{\"@id\":\"https:\\\/\\\/www.strassenweb.de\\\/nachrichten\\\/so-isolieren-sie-ein-garagentor-2-moeglichkeiten-diesen-lagerraum-bei-kaltem-wetter-zu-schuetzen\\\/#breadcrumb\"},\"inLanguage\":\"de\",\"potentialAction\":[{\"@type\":\"ReadAction\",\"target\":[\"https:\\\/\\\/www.strassenweb.de\\\/nachrichten\\\/so-isolieren-sie-ein-garagentor-2-moeglichkeiten-diesen-lagerraum-bei-kaltem-wetter-zu-schuetzen\\\/\"]}]},{\"@type\":\"ImageObject\",\"inLanguage\":\"de\",\"@id\":\"https:\\\/\\\/www.strassenweb.de\\\/nachrichten\\\/so-isolieren-sie-ein-garagentor-2-moeglichkeiten-diesen-lagerraum-bei-kaltem-wetter-zu-schuetzen\\\/#primaryimage\",\"url\":\"https:\\\/\\\/www.strassenweb.de\\\/nachrichten\\\/wp-content\\\/uploads\\\/2024\\\/10\\\/So-isolieren-Sie-ein-Garagentor-\u2013-2-Moeglichkeiten-diesen-Lagerraum.png\",\"contentUrl\":\"https:\\\/\\\/www.strassenweb.de\\\/nachrichten\\\/wp-content\\\/uploads\\\/2024\\\/10\\\/So-isolieren-Sie-ein-Garagentor-\u2013-2-Moeglichkeiten-diesen-Lagerraum.png\",\"width\":1200,\"height\":675,\"caption\":\"So isolieren Sie ein Garagentor \u2013 2 M\u00f6glichkeiten, diesen Lagerraum bei kaltem Wetter zu sch\u00fctzen\"},{\"@type\":\"BreadcrumbList\",\"@id\":\"https:\\\/\\\/www.strassenweb.de\\\/nachrichten\\\/so-isolieren-sie-ein-garagentor-2-moeglichkeiten-diesen-lagerraum-bei-kaltem-wetter-zu-schuetzen\\\/#breadcrumb\",\"itemListElement\":[{\"@type\":\"ListItem\",\"position\":1,\"name\":\"Home\",\"item\":\"https:\\\/\\\/www.strassenweb.de\\\/nachrichten\\\/\"},{\"@type\":\"ListItem\",\"position\":2,\"name\":\"So isolieren Sie ein Garagentor \u2013 2 M\u00f6glichkeiten, diesen Lagerraum bei kaltem Wetter zu sch\u00fctzen\"}]},{\"@type\":\"WebSite\",\"@id\":\"https:\\\/\\\/www.strassenweb.de\\\/nachrichten\\\/#website\",\"url\":\"https:\\\/\\\/www.strassenweb.de\\\/nachrichten\\\/\",\"name\":\"Stra\u00dfenweb\",\"description\":\"Stra\u00dfenverzeichnis f\u00fcr Deutschland\",\"publisher\":{\"@id\":\"https:\\\/\\\/www.strassenweb.de\\\/nachrichten\\\/#organization\"},\"potentialAction\":[{\"@type\":\"SearchAction\",\"target\":{\"@type\":\"EntryPoint\",\"urlTemplate\":\"https:\\\/\\\/www.strassenweb.de\\\/nachrichten\\\/?s={search_term_string}\"},\"query-input\":{\"@type\":\"PropertyValueSpecification\",\"valueRequired\":true,\"valueName\":\"search_term_string\"}}],\"inLanguage\":\"de\"},{\"@type\":\"Organization\",\"@id\":\"https:\\\/\\\/www.strassenweb.de\\\/nachrichten\\\/#organization\",\"name\":\"Stra\u00dfenweb\",\"url\":\"https:\\\/\\\/www.strassenweb.de\\\/nachrichten\\\/\",\"logo\":{\"@type\":\"ImageObject\",\"inLanguage\":\"de\",\"@id\":\"https:\\\/\\\/www.strassenweb.de\\\/nachrichten\\\/#\\\/schema\\\/logo\\\/image\\\/\",\"url\":\"https:\\\/\\\/www.strassenweb.de\\\/nachrichten\\\/wp-content\\\/uploads\\\/2024\\\/09\\\/cropped-favicon.png\",\"contentUrl\":\"https:\\\/\\\/www.strassenweb.de\\\/nachrichten\\\/wp-content\\\/uploads\\\/2024\\\/09\\\/cropped-favicon.png\",\"width\":512,\"height\":512,\"caption\":\"Stra\u00dfenweb\"},\"image\":{\"@id\":\"https:\\\/\\\/www.strassenweb.de\\\/nachrichten\\\/#\\\/schema\\\/logo\\\/image\\\/\"},\"sameAs\":[\"https:\\\/\\\/www.facebook.com\\\/strassenweb\\\/\"]},{\"@type\":\"Person\",\"@id\":\"https:\\\/\\\/www.strassenweb.de\\\/nachrichten\\\/#\\\/schema\\\/person\\\/87c9c9067f1211da429a744dc5a5aa41\",\"name\":\"Robert Hoffmann\",\"image\":{\"@type\":\"ImageObject\",\"inLanguage\":\"de\",\"@id\":\"https:\\\/\\\/www.strassenweb.de\\\/nachrichten\\\/wp-content\\\/uploads\\\/2024\\\/09\\\/strassenweb-150x150.jpg\",\"url\":\"https:\\\/\\\/www.strassenweb.de\\\/nachrichten\\\/wp-content\\\/uploads\\\/2024\\\/09\\\/strassenweb-150x150.jpg\",\"contentUrl\":\"https:\\\/\\\/www.strassenweb.de\\\/nachrichten\\\/wp-content\\\/uploads\\\/2024\\\/09\\\/strassenweb-150x150.jpg\",\"caption\":\"Robert Hoffmann\"},\"description\":\"Ich hei\u00dfe Robert Hoffmann und ich bin ein leidenschaftlicher Verfechter von \u00d6kologie und Biodiversit\u00e4t. Seit meiner Kindheit in den W\u00e4ldern Bayerns f\u00fchle ich mich mit der Natur verbunden und bin entschlossen, sie zu sch\u00fctzen. Heute widme ich mein Leben der Sensibilisierung anderer f\u00fcr die Bedeutung des Umweltschutzes f\u00fcr zuk\u00fcnftige Generationen.\",\"sameAs\":[\"https:\\\/\\\/www.strassenweb.de\\\/\"]}]}<\/script>\n<!-- \/ Yoast SEO plugin. -->","yoast_head_json":{"title":"So isolieren Sie ein Garagentor \u2013 2 M\u00f6glichkeiten, diesen Lagerraum bei kaltem Wetter zu sch\u00fctzen - Nachrichten - Stra\u00dfenweb","robots":{"index":"index","follow":"follow","max-snippet":"max-snippet:-1","max-image-preview":"max-image-preview:large","max-video-preview":"max-video-preview:-1"},"canonical":"https:\/\/www.strassenweb.de\/nachrichten\/so-isolieren-sie-ein-garagentor-2-moeglichkeiten-diesen-lagerraum-bei-kaltem-wetter-zu-schuetzen\/","og_locale":"de_DE","og_type":"article","og_title":"So isolieren Sie ein Garagentor \u2013 2 M\u00f6glichkeiten, diesen Lagerraum bei kaltem Wetter zu sch\u00fctzen - Nachrichten - Stra\u00dfenweb","og_description":"Wenn wir an die Isolierung eines Hauses denken, denken wir wahrscheinlich mehr an unsere Dachb\u00f6den als an unsere Garagen. Schlie\u00dflich verbringen nur die wenigsten von","og_url":"https:\/\/www.strassenweb.de\/nachrichten\/so-isolieren-sie-ein-garagentor-2-moeglichkeiten-diesen-lagerraum-bei-kaltem-wetter-zu-schuetzen\/","og_site_name":"Stra\u00dfenweb","article_publisher":"https:\/\/www.facebook.com\/strassenweb\/","article_published_time":"2024-10-04T10:41:24+00:00","article_modified_time":"2024-10-04T10:41:29+00:00","og_image":[{"width":1200,"height":675,"url":"https:\/\/www.strassenweb.de\/nachrichten\/wp-content\/uploads\/2024\/10\/So-isolieren-Sie-ein-Garagentor-\u2013-2-Moeglichkeiten-diesen-Lagerraum.png","type":"image\/png"}],"author":"Robert Hoffmann","twitter_card":"summary_large_image","twitter_misc":{"Verfasst von":"Robert Hoffmann","Gesch\u00e4tzte Lesezeit":"4\u00a0Minuten"},"schema":{"@context":"https:\/\/schema.org","@graph":[{"@type":"Article","@id":"https:\/\/www.strassenweb.de\/nachrichten\/so-isolieren-sie-ein-garagentor-2-moeglichkeiten-diesen-lagerraum-bei-kaltem-wetter-zu-schuetzen\/#article","isPartOf":{"@id":"https:\/\/www.strassenweb.de\/nachrichten\/so-isolieren-sie-ein-garagentor-2-moeglichkeiten-diesen-lagerraum-bei-kaltem-wetter-zu-schuetzen\/"},"author":{"name":"Robert Hoffmann","@id":"https:\/\/www.strassenweb.de\/nachrichten\/#\/schema\/person\/87c9c9067f1211da429a744dc5a5aa41"},"headline":"So isolieren Sie ein Garagentor \u2013 2 M\u00f6glichkeiten, diesen Lagerraum bei kaltem Wetter zu sch\u00fctzen","datePublished":"2024-10-04T10:41:24+00:00","dateModified":"2024-10-04T10:41:29+00:00","mainEntityOfPage":{"@id":"https:\/\/www.strassenweb.de\/nachrichten\/so-isolieren-sie-ein-garagentor-2-moeglichkeiten-diesen-lagerraum-bei-kaltem-wetter-zu-schuetzen\/"},"wordCount":786,"publisher":{"@id":"https:\/\/www.strassenweb.de\/nachrichten\/#organization"},"image":{"@id":"https:\/\/www.strassenweb.de\/nachrichten\/so-isolieren-sie-ein-garagentor-2-moeglichkeiten-diesen-lagerraum-bei-kaltem-wetter-zu-schuetzen\/#primaryimage"},"thumbnailUrl":"https:\/\/www.strassenweb.de\/nachrichten\/wp-content\/uploads\/2024\/10\/So-isolieren-Sie-ein-Garagentor-\u2013-2-Moeglichkeiten-diesen-Lagerraum.png","keywords":["Bei","diesen","ein","Garagentor","isolieren","kaltem","Lagerraum","M\u00f6glichkeiten","sch\u00fctzen","Sie","Wetter"],"articleSection":["Haus &amp; Garten"],"inLanguage":"de"},{"@type":"WebPage","@id":"https:\/\/www.strassenweb.de\/nachrichten\/so-isolieren-sie-ein-garagentor-2-moeglichkeiten-diesen-lagerraum-bei-kaltem-wetter-zu-schuetzen\/","url":"https:\/\/www.strassenweb.de\/nachrichten\/so-isolieren-sie-ein-garagentor-2-moeglichkeiten-diesen-lagerraum-bei-kaltem-wetter-zu-schuetzen\/","name":"So isolieren Sie ein Garagentor \u2013 2 M\u00f6glichkeiten, diesen Lagerraum bei kaltem Wetter zu sch\u00fctzen - Nachrichten - Stra\u00dfenweb","isPartOf":{"@id":"https:\/\/www.strassenweb.de\/nachrichten\/#website"},"primaryImageOfPage":{"@id":"https:\/\/www.strassenweb.de\/nachrichten\/so-isolieren-sie-ein-garagentor-2-moeglichkeiten-diesen-lagerraum-bei-kaltem-wetter-zu-schuetzen\/#primaryimage"},"image":{"@id":"https:\/\/www.strassenweb.de\/nachrichten\/so-isolieren-sie-ein-garagentor-2-moeglichkeiten-diesen-lagerraum-bei-kaltem-wetter-zu-schuetzen\/#primaryimage"},"thumbnailUrl":"https:\/\/www.strassenweb.de\/nachrichten\/wp-content\/uploads\/2024\/10\/So-isolieren-Sie-ein-Garagentor-\u2013-2-Moeglichkeiten-diesen-Lagerraum.png","datePublished":"2024-10-04T10:41:24+00:00","dateModified":"2024-10-04T10:41:29+00:00","breadcrumb":{"@id":"https:\/\/www.strassenweb.de\/nachrichten\/so-isolieren-sie-ein-garagentor-2-moeglichkeiten-diesen-lagerraum-bei-kaltem-wetter-zu-schuetzen\/#breadcrumb"},"inLanguage":"de","potentialAction":[{"@type":"ReadAction","target":["https:\/\/www.strassenweb.de\/nachrichten\/so-isolieren-sie-ein-garagentor-2-moeglichkeiten-diesen-lagerraum-bei-kaltem-wetter-zu-schuetzen\/"]}]},{"@type":"ImageObject","inLanguage":"de","@id":"https:\/\/www.strassenweb.de\/nachrichten\/so-isolieren-sie-ein-garagentor-2-moeglichkeiten-diesen-lagerraum-bei-kaltem-wetter-zu-schuetzen\/#primaryimage","url":"https:\/\/www.strassenweb.de\/nachrichten\/wp-content\/uploads\/2024\/10\/So-isolieren-Sie-ein-Garagentor-\u2013-2-Moeglichkeiten-diesen-Lagerraum.png","contentUrl":"https:\/\/www.strassenweb.de\/nachrichten\/wp-content\/uploads\/2024\/10\/So-isolieren-Sie-ein-Garagentor-\u2013-2-Moeglichkeiten-diesen-Lagerraum.png","width":1200,"height":675,"caption":"So isolieren Sie ein Garagentor \u2013 2 M\u00f6glichkeiten, diesen Lagerraum bei kaltem Wetter zu sch\u00fctzen"},{"@type":"BreadcrumbList","@id":"https:\/\/www.strassenweb.de\/nachrichten\/so-isolieren-sie-ein-garagentor-2-moeglichkeiten-diesen-lagerraum-bei-kaltem-wetter-zu-schuetzen\/#breadcrumb","itemListElement":[{"@type":"ListItem","position":1,"name":"Home","item":"https:\/\/www.strassenweb.de\/nachrichten\/"},{"@type":"ListItem","position":2,"name":"So isolieren Sie ein Garagentor \u2013 2 M\u00f6glichkeiten, diesen Lagerraum bei kaltem Wetter zu sch\u00fctzen"}]},{"@type":"WebSite","@id":"https:\/\/www.strassenweb.de\/nachrichten\/#website","url":"https:\/\/www.strassenweb.de\/nachrichten\/","name":"Stra\u00dfenweb","description":"Stra\u00dfenverzeichnis f\u00fcr Deutschland","publisher":{"@id":"https:\/\/www.strassenweb.de\/nachrichten\/#organization"},"potentialAction":[{"@type":"SearchAction","target":{"@type":"EntryPoint","urlTemplate":"https:\/\/www.strassenweb.de\/nachrichten\/?s={search_term_string}"},"query-input":{"@type":"PropertyValueSpecification","valueRequired":true,"valueName":"search_term_string"}}],"inLanguage":"de"},{"@type":"Organization","@id":"https:\/\/www.strassenweb.de\/nachrichten\/#organization","name":"Stra\u00dfenweb","url":"https:\/\/www.strassenweb.de\/nachrichten\/","logo":{"@type":"ImageObject","inLanguage":"de","@id":"https:\/\/www.strassenweb.de\/nachrichten\/#\/schema\/logo\/image\/","url":"https:\/\/www.strassenweb.de\/nachrichten\/wp-content\/uploads\/2024\/09\/cropped-favicon.png","contentUrl":"https:\/\/www.strassenweb.de\/nachrichten\/wp-content\/uploads\/2024\/09\/cropped-favicon.png","width":512,"height":512,"caption":"Stra\u00dfenweb"},"image":{"@id":"https:\/\/www.strassenweb.de\/nachrichten\/#\/schema\/logo\/image\/"},"sameAs":["https:\/\/www.facebook.com\/strassenweb\/"]},{"@type":"Person","@id":"https:\/\/www.strassenweb.de\/nachrichten\/#\/schema\/person\/87c9c9067f1211da429a744dc5a5aa41","name":"Robert Hoffmann","image":{"@type":"ImageObject","inLanguage":"de","@id":"https:\/\/www.strassenweb.de\/nachrichten\/wp-content\/uploads\/2024\/09\/strassenweb-150x150.jpg","url":"https:\/\/www.strassenweb.de\/nachrichten\/wp-content\/uploads\/2024\/09\/strassenweb-150x150.jpg","contentUrl":"https:\/\/www.strassenweb.de\/nachrichten\/wp-content\/uploads\/2024\/09\/strassenweb-150x150.jpg","caption":"Robert Hoffmann"},"description":"Ich hei\u00dfe Robert Hoffmann und ich bin ein leidenschaftlicher Verfechter von \u00d6kologie und Biodiversit\u00e4t. Seit meiner Kindheit in den W\u00e4ldern Bayerns f\u00fchle ich mich mit der Natur verbunden und bin entschlossen, sie zu sch\u00fctzen. Heute widme ich mein Leben der Sensibilisierung anderer f\u00fcr die Bedeutung des Umweltschutzes f\u00fcr zuk\u00fcnftige Generationen.","sameAs":["https:\/\/www.strassenweb.de\/"]}]}},"_links":{"self":[{"href":"https:\/\/www.strassenweb.de\/nachrichten\/wp-json\/wp\/v2\/posts\/589","targetHints":{"allow":["GET"]}}],"collection":[{"href":"https:\/\/www.strassenweb.de\/nachrichten\/wp-json\/wp\/v2\/posts"}],"about":[{"href":"https:\/\/www.strassenweb.de\/nachrichten\/wp-json\/wp\/v2\/types\/post"}],"author":[{"embeddable":true,"href":"https:\/\/www.strassenweb.de\/nachrichten\/wp-json\/wp\/v2\/users\/1"}],"replies":[{"embeddable":true,"href":"https:\/\/www.strassenweb.de\/nachrichten\/wp-json\/wp\/v2\/comments?post=589"}],"version-history":[{"count":0,"href":"https:\/\/www.strassenweb.de\/nachrichten\/wp-json\/wp\/v2\/posts\/589\/revisions"}],"wp:featuredmedia":[{"embeddable":true,"href":"https:\/\/www.strassenweb.de\/nachrichten\/wp-json\/wp\/v2\/media\/590"}],"wp:attachment":[{"href":"https:\/\/www.strassenweb.de\/nachrichten\/wp-json\/wp\/v2\/media?parent=589"}],"wp:term":[{"taxonomy":"category","embeddable":true,"href":"https:\/\/www.strassenweb.de\/nachrichten\/wp-json\/wp\/v2\/categories?post=589"},{"taxonomy":"post_tag","embeddable":true,"href":"https:\/\/www.strassenweb.de\/nachrichten\/wp-json\/wp\/v2\/tags?post=589"}],"curies":[{"name":"wp","href":"https:\/\/api.w.org\/{rel}","templated":true}]}}