{"id":5888,"date":"2025-06-25T09:39:20","date_gmt":"2025-06-25T07:39:20","guid":{"rendered":"https:\/\/www.strassenweb.de\/nachrichten\/goldie-hawns-90er-jahre-kueche-die-20-jahre-vor-dem-viraler-unerwarteten-blauen-trend-angezogen-wurde-ihre-farbe-hat-nie-mehr-belebend-ausgesehen\/"},"modified":"2025-06-25T09:39:21","modified_gmt":"2025-06-25T07:39:21","slug":"goldie-hawns-90er-jahre-kueche-die-20-jahre-vor-dem-viraler-unerwarteten-blauen-trend-angezogen-wurde-ihre-farbe-hat-nie-mehr-belebend-ausgesehen","status":"publish","type":"post","link":"https:\/\/www.strassenweb.de\/nachrichten\/goldie-hawns-90er-jahre-kueche-die-20-jahre-vor-dem-viraler-unerwarteten-blauen-trend-angezogen-wurde-ihre-farbe-hat-nie-mehr-belebend-ausgesehen\/","title":{"rendered":"Goldie Hawns 90er -Jahre -K\u00fcche, die 20 Jahre vor dem viraler &#8222;unerwarteten blauen&#8220; Trend angezogen wurde &#8211; ihre Farbe hat nie mehr belebend ausgesehen"},"content":{"rendered":"<div id=\"article-body\" class=\"article__body \">\n<p>Meistens sind die neuesten Trends nichts Neues. Stattdessen sind sie eine Neuerfindung \u00e4lterer Ideen. Daher kann es uns oft helfen, die Design Zukunft zu verstehen.<\/p>\n<div id=\"ad-unit-1\" class=\"ad-unit\"><\/div>\n<p>Heute machen wir eine Reise nach 1992, um Goldie Hawns K\u00fcche zu besuchen. Das bemerkenswerteste Feature ist ihr blau -wei\u00dfes, gefliester Backsplash, der sich gleichzeitig modern und retro anf\u00fchlt. Da die 90er -Jahre -Trends im Jahr 2025 ein Comeback feiern, f\u00fchlt sich das Styling wie eine erfrischende Einstellung zum \u201eunerwarteten blauen\u201c Look an, das in diesem Jahr \u00fcberall in den sozialen Medien gewesen ist.<\/p>\n<aside data-block-type=\"embed\" data-render-type=\"fte\" data-skip=\"dealsy\" data-widget-type=\"seasonal\" class=\"hawk-base\"><\/aside>\n<p>Obwohl es \u00fcber 20 Jahre her ist, seit das Foto aufgenommen wurde, ist die Dekoration mit Blau eine absolut zeitlose Wahl f\u00fcr eine K\u00fcche.<\/p>\n<div class=\"van_vid_carousel\">\n<div class=\"van_vid_carousel__padding\">\n<div class=\"van_vid_carousel__container\"><\/div>\n<\/div>\n<\/div>\n<aside data-component-name=\"Recirculation:ArticleRiver\" data-nosnippet class=\"pt-3 pb-4 mb-4 border-b border-solid border-(#333)\">\n<span class=\"\nafter:content-('') after:flex-1 after:ml-4 after:my-(0.7rem) after:border-t-(#333) after:border-t after:border-solid\nbefore:content-('') before:flex-1 before:mr-4 before:my-(0.7rem) before:border-t-(#333) before:border-t before:border-solid\nfont-article-heading pb-3 !text-base font-bold uppercase sm:text-sm text-(#333) flex\"><\/p>\n<p>Sie m\u00f6gen m\u00f6gen<br \/>\n<\/span><\/p>\n<ul class=\"flex flex-col gap-3 m-0\">\n<li class=\"m-0 list-none\" name=\"recirculation-inline\" data-analytics-id=\"recirculation-inline-1\" analytics-label=\"adviser:related\">\n<picture data-new-v2-image=\"true\" class=\"w-(--article-river-thumbnail-width,60px) flex-shrink-0\"><source type=\"image\/webp\"  ><\/source><\/p>\n<\/picture>\n<span class=\"hover:text-inherit font-article-heading text-base text-(#333) leading-5 content-center\">Dies sind die ikonischen K\u00fcchentrends der 90er Jahre, die laut Designern 2025 noch stilvoll sind<\/span><\/p>\n<\/li>\n<li class=\"m-0 list-none\" name=\"recirculation-inline\" data-analytics-id=\"recirculation-inline-2\" analytics-label=\"adviser:related\">\n<picture data-new-v2-image=\"true\" class=\"w-(--article-river-thumbnail-width,60px) flex-shrink-0\"><source type=\"image\/webp\"  ><\/source><br \/>\n<img decoding=\"async\" alt=\"Cesar#039; s n_elle in Nuance Verde\"   loading=\"lazy\" data-new-v2-image=\"true\" src=\"https:\/\/www.strassenweb.de\/nachrichten\/wp-content\/uploads\/2025\/06\/AAkhbL2GUgAksJuSVazRQT.jpg\" data-pin-media=\"https:\/\/www.strassenweb.de\/nachrichten\/wp-content\/uploads\/2025\/06\/AAkhbL2GUgAksJuSVazRQT.jpg\" data-pin-nopin=\"true\" class=\"aspect-(--img-listing-aspect-ratio,16\/9) object-cover w-(--article-river-thumbnail-width,60px) flex-shrink-0\">\n<\/picture>\n<span class=\"hover:text-inherit font-article-heading text-base text-(#333) leading-5 content-center\">Diese dekorative K\u00fccheninnovation &#8211; inspiriert von einem Farbtrend aus dem Jahr 2000 &#8211; wird das Kitchen -Design im Jahr 2026 umformieren<\/span><\/p>\n<\/li>\n<li class=\"m-0 list-none\" name=\"recirculation-inline\" data-analytics-id=\"recirculation-inline-3\" analytics-label=\"adviser:related\">\n<picture data-new-v2-image=\"true\" class=\"w-(--article-river-thumbnail-width,60px) flex-shrink-0\"><source type=\"image\/webp\"  ><\/source><br \/>\n<img decoding=\"async\" alt=\"Wohnzimmer\"   loading=\"lazy\" data-new-v2-image=\"true\" src=\"https:\/\/www.strassenweb.de\/nachrichten\/wp-content\/uploads\/2025\/06\/N6U2JGMNLW66om3TWECeLZ.jpg\" data-pin-media=\"https:\/\/www.strassenweb.de\/nachrichten\/wp-content\/uploads\/2025\/06\/N6U2JGMNLW66om3TWECeLZ.jpg\" data-pin-nopin=\"true\" class=\"aspect-(--img-listing-aspect-ratio,16\/9) object-cover w-(--article-river-thumbnail-width,60px) flex-shrink-0\">\n<\/picture>\n<span class=\"hover:text-inherit font-article-heading text-base text-(#333) leading-5 content-center\">5 Dekorieren von Trends, von denen Sie dachten<\/span><\/p>\n<\/li>\n<\/ul>\n<\/aside>\n<p>&#8222;F\u00fcr diejenigen, die neutrale Farbpaletten bevorzugen, aber ihren H\u00e4usern einen Hauch von Farbe verleihen m\u00f6chten, ist Blue eine gute Wahl&#8220;, erkl\u00e4rt der Design -Experte Shelley Cochrane.<\/p>\n<div id=\"ad-unit-2\" class=\"ad-unit\"><\/div>\n<p>\u201eEs ist eine stornierte Stauung, selbst f\u00fcr die farbigeren unter uns, weil es sehr vielseitig ist und je nach verwendeten Schatten unterschiedliche Stimmungen hervorrufen kann. Leichte Blues f\u00fchlen sich beruhigend an, w\u00e4hrend tiefere und dunklere Farbt\u00f6ne einen Raum mit einer belebenden Energie durchf\u00fchren k\u00f6nnen. &#8218;<\/p>\n<figure class=\"van-image-figure inline-layout \" data-bordeaux-image-check>\n<div class=\"image-full-width-wrapper\">\n<div class=\"image-widthsetter\" style=\"max-width:2000px;\"><\/div>\n<\/div><figcaption class=\"inline-layout \">\n<div class=\"caption-text\">\n<p>Goldie Hawn in ihrer K\u00fcche, 1992<\/p>\n<\/div>\n<\/figcaption><\/figure>\n<h3 class=\"article-body__section\" id=\"section-shop-the-blue-kitchen-edit\"><span>Kaufen Sie die Blue Kitchen -Bearbeitung ein<\/span><\/h3>\n<p>Wenn Sie sich \u00fcber eine ganze Renovierung nicht sicher sind, ist es einfach, Blaupops mit cleverem K\u00fcchenstyling einzubauen. Hier sind einige meiner Lieblingsst\u00fccke, um den Look zu bekommen.<\/p>\n<div class=\"product-container hero-product-container product-block-no-wrap\">\n<div class=\"product-block-row\"><\/div>\n<div class=\"product-block-row\"><\/div>\n<div class=\"product-block-row\"><\/div>\n<\/div>\n<p>Dar\u00fcber hinaus wird es schnell zu einem der beliebtesten K\u00fcchenverbesserungen f\u00fcr 2025, Blue als Teil eines gefliesten Backsplash zu enth\u00e4lt.<\/p>\n<div id=\"slice-container-newsletterForm-articleInbodyContent-pKibyA7CkinJJEtHWtnWfT\" class=\"slice-container newsletter-inbodyContent-slice newsletterForm-articleInbodyContent-pKibyA7CkinJJEtHWtnWfT slice-container-newsletterForm\"><\/div>\n<p>Melissa Klink, Creative Director bei Harvey Jones Kitchens, prognostiziert: \u201eDer neueste Trend, der in der K\u00fcchenrenovierung durch die K\u00fcchenrenovierung f\u00fcgt, ist in ein Update f\u00fcr den Backsplash. Zuvor sahen wir die Kunden, die Schr\u00e4nke neu streichen oder Hardware aufr\u00fcsten, um die neuesten Trendmuts zu pr\u00e4sentieren, und nun ist die schnellste Auswirkungen, die sich \u00fcber den Backsplash auszutauschen. F\u00fcr eine wirklich dramatische Ver\u00e4nderung belebt eine lebendige Fliese und ein frischer Lackierstil einen frischen Stil. &#8218;<\/p>\n<p>Wenn Sie Goldies blaue K\u00fcche -Backsplash -Idee replizieren, kann ein Kontraststyling einen langen Weg gehen. Shelly r\u00e4t: &#8222;Ich empfehle, eine blaue Akzentfarbe mit B\u00f6den und Decken in neutralen T\u00f6nen oder h\u00f6lzernen Finanzmitteln zu kombinieren, um einen Hauch von Lebendigkeit vor dem Hintergrund abzuwehren.&#8220;<\/p>\n<hr>\n<p>Der unerwartete blaue Look gibt es seit Jahrzehnten, und das Wiederaufleben der 90er Jahre bringt ihn mit Rache zur\u00fcck. Je mehr Dinge sich \u00e4ndern, desto mehr bleiben sie gleich.<\/p>\n<hr>\n<div class=\"block\" id=\"articleTag\" data-component-name=\"PostArticleLinks\">\n<div class=\"border-b border-b-black border-solid py-2.5 text-black font-bold uppercase\">Themen<\/div>\n<nav class=\"py-2.5 flex gap-2.5 flex-wrap\" data-analytics-id=\"article-tag\">\n<p>Goldie Hawn<br \/>\n<\/nav>\n<\/div>\n<\/div>\n","protected":false},"excerpt":{"rendered":"<p>Meistens sind die neuesten Trends nichts Neues. Stattdessen sind sie eine Neuerfindung \u00e4lterer Ideen. Daher kann es uns oft helfen, die Design Zukunft zu verstehen.<\/p>\n","protected":false},"author":1,"featured_media":5889,"comment_status":"closed","ping_status":"","sticky":false,"template":"","format":"standard","meta":{"footnotes":""},"categories":[118],"tags":[8239,8241,8242,5954,2078,91,9,1202,1895,189,8238,225,831,468,301,460,504,2495,8240,524,1529],"class_list":["post-5888","post","type-post","status-publish","format-standard","has-post-thumbnail","hentry","category-haus-garten","tag-90er","tag-angezogen","tag-ausgesehen","tag-belebend","tag-blauen","tag-dem","tag-die","tag-farbe","tag-goldie","tag-hat","tag-hawns","tag-ihre","tag-jahre","tag-kueche","tag-mehr","tag-nie","tag-trend","tag-unerwarteten","tag-viraler","tag-vor","tag-wuerde","generate-columns","tablet-grid-50","mobile-grid-100","grid-parent","grid-50"],"yoast_head":"<!-- This site is optimized with the Yoast SEO plugin v27.3 - https:\/\/yoast.com\/product\/yoast-seo-wordpress\/ -->\n<title>Goldie Hawns 90er -Jahre -K\u00fcche, die 20 Jahre vor dem viraler &quot;unerwarteten blauen&quot; Trend angezogen wurde - ihre Farbe hat nie mehr belebend ausgesehen - Nachrichten - Stra\u00dfenweb<\/title>\n<meta name=\"robots\" content=\"index, follow, max-snippet:-1, max-image-preview:large, max-video-preview:-1\" \/>\n<link rel=\"canonical\" href=\"https:\/\/www.strassenweb.de\/nachrichten\/goldie-hawns-90er-jahre-kueche-die-20-jahre-vor-dem-viraler-unerwarteten-blauen-trend-angezogen-wurde-ihre-farbe-hat-nie-mehr-belebend-ausgesehen\/\" \/>\n<meta property=\"og:locale\" content=\"de_DE\" \/>\n<meta property=\"og:type\" content=\"article\" \/>\n<meta property=\"og:title\" content=\"Goldie Hawns 90er -Jahre -K\u00fcche, die 20 Jahre vor dem viraler &quot;unerwarteten blauen&quot; Trend angezogen wurde - ihre Farbe hat nie mehr belebend ausgesehen - Nachrichten - Stra\u00dfenweb\" \/>\n<meta property=\"og:description\" content=\"Meistens sind die neuesten Trends nichts Neues. Stattdessen sind sie eine Neuerfindung \u00e4lterer Ideen. Daher kann es uns oft helfen, die Design Zukunft zu verstehen.\" \/>\n<meta property=\"og:url\" content=\"https:\/\/www.strassenweb.de\/nachrichten\/goldie-hawns-90er-jahre-kueche-die-20-jahre-vor-dem-viraler-unerwarteten-blauen-trend-angezogen-wurde-ihre-farbe-hat-nie-mehr-belebend-ausgesehen\/\" \/>\n<meta property=\"og:site_name\" content=\"Stra\u00dfenweb\" \/>\n<meta property=\"article:publisher\" content=\"https:\/\/www.facebook.com\/strassenweb\/\" \/>\n<meta property=\"article:published_time\" content=\"2025-06-25T07:39:20+00:00\" \/>\n<meta property=\"article:modified_time\" content=\"2025-06-25T07:39:21+00:00\" \/>\n<meta property=\"og:image\" content=\"https:\/\/www.strassenweb.de\/nachrichten\/wp-content\/uploads\/2025\/03\/RiChHYPeH3XHSaG2ZYPq5U.jpg\" \/>\n\t<meta property=\"og:image:width\" content=\"1600\" \/>\n\t<meta property=\"og:image:height\" content=\"900\" \/>\n\t<meta property=\"og:image:type\" content=\"image\/jpeg\" \/>\n<meta name=\"author\" content=\"Robert Hoffmann\" \/>\n<meta name=\"twitter:card\" content=\"summary_large_image\" \/>\n<meta name=\"twitter:label1\" content=\"Verfasst von\" \/>\n\t<meta name=\"twitter:data1\" content=\"Robert Hoffmann\" \/>\n\t<meta name=\"twitter:label2\" content=\"Gesch\u00e4tzte Lesezeit\" \/>\n\t<meta name=\"twitter:data2\" content=\"2\u00a0Minuten\" \/>\n<script type=\"application\/ld+json\" class=\"yoast-schema-graph\">{\"@context\":\"https:\\\/\\\/schema.org\",\"@graph\":[{\"@type\":\"Article\",\"@id\":\"https:\\\/\\\/www.strassenweb.de\\\/nachrichten\\\/goldie-hawns-90er-jahre-kueche-die-20-jahre-vor-dem-viraler-unerwarteten-blauen-trend-angezogen-wurde-ihre-farbe-hat-nie-mehr-belebend-ausgesehen\\\/#article\",\"isPartOf\":{\"@id\":\"https:\\\/\\\/www.strassenweb.de\\\/nachrichten\\\/goldie-hawns-90er-jahre-kueche-die-20-jahre-vor-dem-viraler-unerwarteten-blauen-trend-angezogen-wurde-ihre-farbe-hat-nie-mehr-belebend-ausgesehen\\\/\"},\"author\":{\"name\":\"Robert Hoffmann\",\"@id\":\"https:\\\/\\\/www.strassenweb.de\\\/nachrichten\\\/#\\\/schema\\\/person\\\/87c9c9067f1211da429a744dc5a5aa41\"},\"headline\":\"Goldie Hawns 90er -Jahre -K\u00fcche, die 20 Jahre vor dem viraler &#8222;unerwarteten blauen&#8220; Trend angezogen wurde &#8211; ihre Farbe hat nie mehr belebend ausgesehen\",\"datePublished\":\"2025-06-25T07:39:20+00:00\",\"dateModified\":\"2025-06-25T07:39:21+00:00\",\"mainEntityOfPage\":{\"@id\":\"https:\\\/\\\/www.strassenweb.de\\\/nachrichten\\\/goldie-hawns-90er-jahre-kueche-die-20-jahre-vor-dem-viraler-unerwarteten-blauen-trend-angezogen-wurde-ihre-farbe-hat-nie-mehr-belebend-ausgesehen\\\/\"},\"wordCount\":496,\"publisher\":{\"@id\":\"https:\\\/\\\/www.strassenweb.de\\\/nachrichten\\\/#organization\"},\"image\":{\"@id\":\"https:\\\/\\\/www.strassenweb.de\\\/nachrichten\\\/goldie-hawns-90er-jahre-kueche-die-20-jahre-vor-dem-viraler-unerwarteten-blauen-trend-angezogen-wurde-ihre-farbe-hat-nie-mehr-belebend-ausgesehen\\\/#primaryimage\"},\"thumbnailUrl\":\"https:\\\/\\\/www.strassenweb.de\\\/nachrichten\\\/wp-content\\\/uploads\\\/2025\\\/03\\\/RiChHYPeH3XHSaG2ZYPq5U.jpg\",\"keywords\":[\"90er\",\"angezogen\",\"ausgesehen\",\"belebend\",\"blauen\",\"dem\",\"die\",\"Farbe\",\"Goldie\",\"hat\",\"Hawns\",\"ihre\",\"Jahre\",\"K\u00fcche\",\"mehr\",\"nie\",\"Trend\",\"unerwarteten\",\"viraler\",\"vor\",\"w\u00fcrde\"],\"articleSection\":[\"Haus &amp; Garten\"],\"inLanguage\":\"de\"},{\"@type\":\"WebPage\",\"@id\":\"https:\\\/\\\/www.strassenweb.de\\\/nachrichten\\\/goldie-hawns-90er-jahre-kueche-die-20-jahre-vor-dem-viraler-unerwarteten-blauen-trend-angezogen-wurde-ihre-farbe-hat-nie-mehr-belebend-ausgesehen\\\/\",\"url\":\"https:\\\/\\\/www.strassenweb.de\\\/nachrichten\\\/goldie-hawns-90er-jahre-kueche-die-20-jahre-vor-dem-viraler-unerwarteten-blauen-trend-angezogen-wurde-ihre-farbe-hat-nie-mehr-belebend-ausgesehen\\\/\",\"name\":\"Goldie Hawns 90er -Jahre -K\u00fcche, die 20 Jahre vor dem viraler \\\"unerwarteten blauen\\\" Trend angezogen wurde - ihre Farbe hat nie mehr belebend ausgesehen - Nachrichten - Stra\u00dfenweb\",\"isPartOf\":{\"@id\":\"https:\\\/\\\/www.strassenweb.de\\\/nachrichten\\\/#website\"},\"primaryImageOfPage\":{\"@id\":\"https:\\\/\\\/www.strassenweb.de\\\/nachrichten\\\/goldie-hawns-90er-jahre-kueche-die-20-jahre-vor-dem-viraler-unerwarteten-blauen-trend-angezogen-wurde-ihre-farbe-hat-nie-mehr-belebend-ausgesehen\\\/#primaryimage\"},\"image\":{\"@id\":\"https:\\\/\\\/www.strassenweb.de\\\/nachrichten\\\/goldie-hawns-90er-jahre-kueche-die-20-jahre-vor-dem-viraler-unerwarteten-blauen-trend-angezogen-wurde-ihre-farbe-hat-nie-mehr-belebend-ausgesehen\\\/#primaryimage\"},\"thumbnailUrl\":\"https:\\\/\\\/www.strassenweb.de\\\/nachrichten\\\/wp-content\\\/uploads\\\/2025\\\/03\\\/RiChHYPeH3XHSaG2ZYPq5U.jpg\",\"datePublished\":\"2025-06-25T07:39:20+00:00\",\"dateModified\":\"2025-06-25T07:39:21+00:00\",\"breadcrumb\":{\"@id\":\"https:\\\/\\\/www.strassenweb.de\\\/nachrichten\\\/goldie-hawns-90er-jahre-kueche-die-20-jahre-vor-dem-viraler-unerwarteten-blauen-trend-angezogen-wurde-ihre-farbe-hat-nie-mehr-belebend-ausgesehen\\\/#breadcrumb\"},\"inLanguage\":\"de\",\"potentialAction\":[{\"@type\":\"ReadAction\",\"target\":[\"https:\\\/\\\/www.strassenweb.de\\\/nachrichten\\\/goldie-hawns-90er-jahre-kueche-die-20-jahre-vor-dem-viraler-unerwarteten-blauen-trend-angezogen-wurde-ihre-farbe-hat-nie-mehr-belebend-ausgesehen\\\/\"]}]},{\"@type\":\"ImageObject\",\"inLanguage\":\"de\",\"@id\":\"https:\\\/\\\/www.strassenweb.de\\\/nachrichten\\\/goldie-hawns-90er-jahre-kueche-die-20-jahre-vor-dem-viraler-unerwarteten-blauen-trend-angezogen-wurde-ihre-farbe-hat-nie-mehr-belebend-ausgesehen\\\/#primaryimage\",\"url\":\"https:\\\/\\\/www.strassenweb.de\\\/nachrichten\\\/wp-content\\\/uploads\\\/2025\\\/03\\\/RiChHYPeH3XHSaG2ZYPq5U.jpg\",\"contentUrl\":\"https:\\\/\\\/www.strassenweb.de\\\/nachrichten\\\/wp-content\\\/uploads\\\/2025\\\/03\\\/RiChHYPeH3XHSaG2ZYPq5U.jpg\",\"width\":1600,\"height\":900,\"caption\":\"Goldie Hawn\"},{\"@type\":\"BreadcrumbList\",\"@id\":\"https:\\\/\\\/www.strassenweb.de\\\/nachrichten\\\/goldie-hawns-90er-jahre-kueche-die-20-jahre-vor-dem-viraler-unerwarteten-blauen-trend-angezogen-wurde-ihre-farbe-hat-nie-mehr-belebend-ausgesehen\\\/#breadcrumb\",\"itemListElement\":[{\"@type\":\"ListItem\",\"position\":1,\"name\":\"Home\",\"item\":\"https:\\\/\\\/www.strassenweb.de\\\/nachrichten\\\/\"},{\"@type\":\"ListItem\",\"position\":2,\"name\":\"Goldie Hawns 90er -Jahre -K\u00fcche, die 20 Jahre vor dem viraler &#8222;unerwarteten blauen&#8220; Trend angezogen wurde &#8211; ihre Farbe hat nie mehr belebend ausgesehen\"}]},{\"@type\":\"WebSite\",\"@id\":\"https:\\\/\\\/www.strassenweb.de\\\/nachrichten\\\/#website\",\"url\":\"https:\\\/\\\/www.strassenweb.de\\\/nachrichten\\\/\",\"name\":\"Stra\u00dfenweb\",\"description\":\"Stra\u00dfenverzeichnis f\u00fcr Deutschland\",\"publisher\":{\"@id\":\"https:\\\/\\\/www.strassenweb.de\\\/nachrichten\\\/#organization\"},\"potentialAction\":[{\"@type\":\"SearchAction\",\"target\":{\"@type\":\"EntryPoint\",\"urlTemplate\":\"https:\\\/\\\/www.strassenweb.de\\\/nachrichten\\\/?s={search_term_string}\"},\"query-input\":{\"@type\":\"PropertyValueSpecification\",\"valueRequired\":true,\"valueName\":\"search_term_string\"}}],\"inLanguage\":\"de\"},{\"@type\":\"Organization\",\"@id\":\"https:\\\/\\\/www.strassenweb.de\\\/nachrichten\\\/#organization\",\"name\":\"Stra\u00dfenweb\",\"url\":\"https:\\\/\\\/www.strassenweb.de\\\/nachrichten\\\/\",\"logo\":{\"@type\":\"ImageObject\",\"inLanguage\":\"de\",\"@id\":\"https:\\\/\\\/www.strassenweb.de\\\/nachrichten\\\/#\\\/schema\\\/logo\\\/image\\\/\",\"url\":\"https:\\\/\\\/www.strassenweb.de\\\/nachrichten\\\/wp-content\\\/uploads\\\/2024\\\/09\\\/cropped-favicon.png\",\"contentUrl\":\"https:\\\/\\\/www.strassenweb.de\\\/nachrichten\\\/wp-content\\\/uploads\\\/2024\\\/09\\\/cropped-favicon.png\",\"width\":512,\"height\":512,\"caption\":\"Stra\u00dfenweb\"},\"image\":{\"@id\":\"https:\\\/\\\/www.strassenweb.de\\\/nachrichten\\\/#\\\/schema\\\/logo\\\/image\\\/\"},\"sameAs\":[\"https:\\\/\\\/www.facebook.com\\\/strassenweb\\\/\"]},{\"@type\":\"Person\",\"@id\":\"https:\\\/\\\/www.strassenweb.de\\\/nachrichten\\\/#\\\/schema\\\/person\\\/87c9c9067f1211da429a744dc5a5aa41\",\"name\":\"Robert Hoffmann\",\"image\":{\"@type\":\"ImageObject\",\"inLanguage\":\"de\",\"@id\":\"https:\\\/\\\/www.strassenweb.de\\\/nachrichten\\\/wp-content\\\/uploads\\\/2024\\\/09\\\/strassenweb-150x150.jpg\",\"url\":\"https:\\\/\\\/www.strassenweb.de\\\/nachrichten\\\/wp-content\\\/uploads\\\/2024\\\/09\\\/strassenweb-150x150.jpg\",\"contentUrl\":\"https:\\\/\\\/www.strassenweb.de\\\/nachrichten\\\/wp-content\\\/uploads\\\/2024\\\/09\\\/strassenweb-150x150.jpg\",\"caption\":\"Robert Hoffmann\"},\"description\":\"Ich hei\u00dfe Robert Hoffmann und ich bin ein leidenschaftlicher Verfechter von \u00d6kologie und Biodiversit\u00e4t. Seit meiner Kindheit in den W\u00e4ldern Bayerns f\u00fchle ich mich mit der Natur verbunden und bin entschlossen, sie zu sch\u00fctzen. Heute widme ich mein Leben der Sensibilisierung anderer f\u00fcr die Bedeutung des Umweltschutzes f\u00fcr zuk\u00fcnftige Generationen.\",\"sameAs\":[\"https:\\\/\\\/www.strassenweb.de\\\/\"]}]}<\/script>\n<!-- \/ Yoast SEO plugin. -->","yoast_head_json":{"title":"Goldie Hawns 90er -Jahre -K\u00fcche, die 20 Jahre vor dem viraler \"unerwarteten blauen\" Trend angezogen wurde - ihre Farbe hat nie mehr belebend ausgesehen - Nachrichten - Stra\u00dfenweb","robots":{"index":"index","follow":"follow","max-snippet":"max-snippet:-1","max-image-preview":"max-image-preview:large","max-video-preview":"max-video-preview:-1"},"canonical":"https:\/\/www.strassenweb.de\/nachrichten\/goldie-hawns-90er-jahre-kueche-die-20-jahre-vor-dem-viraler-unerwarteten-blauen-trend-angezogen-wurde-ihre-farbe-hat-nie-mehr-belebend-ausgesehen\/","og_locale":"de_DE","og_type":"article","og_title":"Goldie Hawns 90er -Jahre -K\u00fcche, die 20 Jahre vor dem viraler \"unerwarteten blauen\" Trend angezogen wurde - ihre Farbe hat nie mehr belebend ausgesehen - Nachrichten - Stra\u00dfenweb","og_description":"Meistens sind die neuesten Trends nichts Neues. Stattdessen sind sie eine Neuerfindung \u00e4lterer Ideen. Daher kann es uns oft helfen, die Design Zukunft zu verstehen.","og_url":"https:\/\/www.strassenweb.de\/nachrichten\/goldie-hawns-90er-jahre-kueche-die-20-jahre-vor-dem-viraler-unerwarteten-blauen-trend-angezogen-wurde-ihre-farbe-hat-nie-mehr-belebend-ausgesehen\/","og_site_name":"Stra\u00dfenweb","article_publisher":"https:\/\/www.facebook.com\/strassenweb\/","article_published_time":"2025-06-25T07:39:20+00:00","article_modified_time":"2025-06-25T07:39:21+00:00","og_image":[{"width":1600,"height":900,"url":"https:\/\/www.strassenweb.de\/nachrichten\/wp-content\/uploads\/2025\/03\/RiChHYPeH3XHSaG2ZYPq5U.jpg","type":"image\/jpeg"}],"author":"Robert Hoffmann","twitter_card":"summary_large_image","twitter_misc":{"Verfasst von":"Robert Hoffmann","Gesch\u00e4tzte Lesezeit":"2\u00a0Minuten"},"schema":{"@context":"https:\/\/schema.org","@graph":[{"@type":"Article","@id":"https:\/\/www.strassenweb.de\/nachrichten\/goldie-hawns-90er-jahre-kueche-die-20-jahre-vor-dem-viraler-unerwarteten-blauen-trend-angezogen-wurde-ihre-farbe-hat-nie-mehr-belebend-ausgesehen\/#article","isPartOf":{"@id":"https:\/\/www.strassenweb.de\/nachrichten\/goldie-hawns-90er-jahre-kueche-die-20-jahre-vor-dem-viraler-unerwarteten-blauen-trend-angezogen-wurde-ihre-farbe-hat-nie-mehr-belebend-ausgesehen\/"},"author":{"name":"Robert Hoffmann","@id":"https:\/\/www.strassenweb.de\/nachrichten\/#\/schema\/person\/87c9c9067f1211da429a744dc5a5aa41"},"headline":"Goldie Hawns 90er -Jahre -K\u00fcche, die 20 Jahre vor dem viraler &#8222;unerwarteten blauen&#8220; Trend angezogen wurde &#8211; ihre Farbe hat nie mehr belebend ausgesehen","datePublished":"2025-06-25T07:39:20+00:00","dateModified":"2025-06-25T07:39:21+00:00","mainEntityOfPage":{"@id":"https:\/\/www.strassenweb.de\/nachrichten\/goldie-hawns-90er-jahre-kueche-die-20-jahre-vor-dem-viraler-unerwarteten-blauen-trend-angezogen-wurde-ihre-farbe-hat-nie-mehr-belebend-ausgesehen\/"},"wordCount":496,"publisher":{"@id":"https:\/\/www.strassenweb.de\/nachrichten\/#organization"},"image":{"@id":"https:\/\/www.strassenweb.de\/nachrichten\/goldie-hawns-90er-jahre-kueche-die-20-jahre-vor-dem-viraler-unerwarteten-blauen-trend-angezogen-wurde-ihre-farbe-hat-nie-mehr-belebend-ausgesehen\/#primaryimage"},"thumbnailUrl":"https:\/\/www.strassenweb.de\/nachrichten\/wp-content\/uploads\/2025\/03\/RiChHYPeH3XHSaG2ZYPq5U.jpg","keywords":["90er","angezogen","ausgesehen","belebend","blauen","dem","die","Farbe","Goldie","hat","Hawns","ihre","Jahre","K\u00fcche","mehr","nie","Trend","unerwarteten","viraler","vor","w\u00fcrde"],"articleSection":["Haus &amp; Garten"],"inLanguage":"de"},{"@type":"WebPage","@id":"https:\/\/www.strassenweb.de\/nachrichten\/goldie-hawns-90er-jahre-kueche-die-20-jahre-vor-dem-viraler-unerwarteten-blauen-trend-angezogen-wurde-ihre-farbe-hat-nie-mehr-belebend-ausgesehen\/","url":"https:\/\/www.strassenweb.de\/nachrichten\/goldie-hawns-90er-jahre-kueche-die-20-jahre-vor-dem-viraler-unerwarteten-blauen-trend-angezogen-wurde-ihre-farbe-hat-nie-mehr-belebend-ausgesehen\/","name":"Goldie Hawns 90er -Jahre -K\u00fcche, die 20 Jahre vor dem viraler \"unerwarteten blauen\" Trend angezogen wurde - ihre Farbe hat nie mehr belebend ausgesehen - Nachrichten - Stra\u00dfenweb","isPartOf":{"@id":"https:\/\/www.strassenweb.de\/nachrichten\/#website"},"primaryImageOfPage":{"@id":"https:\/\/www.strassenweb.de\/nachrichten\/goldie-hawns-90er-jahre-kueche-die-20-jahre-vor-dem-viraler-unerwarteten-blauen-trend-angezogen-wurde-ihre-farbe-hat-nie-mehr-belebend-ausgesehen\/#primaryimage"},"image":{"@id":"https:\/\/www.strassenweb.de\/nachrichten\/goldie-hawns-90er-jahre-kueche-die-20-jahre-vor-dem-viraler-unerwarteten-blauen-trend-angezogen-wurde-ihre-farbe-hat-nie-mehr-belebend-ausgesehen\/#primaryimage"},"thumbnailUrl":"https:\/\/www.strassenweb.de\/nachrichten\/wp-content\/uploads\/2025\/03\/RiChHYPeH3XHSaG2ZYPq5U.jpg","datePublished":"2025-06-25T07:39:20+00:00","dateModified":"2025-06-25T07:39:21+00:00","breadcrumb":{"@id":"https:\/\/www.strassenweb.de\/nachrichten\/goldie-hawns-90er-jahre-kueche-die-20-jahre-vor-dem-viraler-unerwarteten-blauen-trend-angezogen-wurde-ihre-farbe-hat-nie-mehr-belebend-ausgesehen\/#breadcrumb"},"inLanguage":"de","potentialAction":[{"@type":"ReadAction","target":["https:\/\/www.strassenweb.de\/nachrichten\/goldie-hawns-90er-jahre-kueche-die-20-jahre-vor-dem-viraler-unerwarteten-blauen-trend-angezogen-wurde-ihre-farbe-hat-nie-mehr-belebend-ausgesehen\/"]}]},{"@type":"ImageObject","inLanguage":"de","@id":"https:\/\/www.strassenweb.de\/nachrichten\/goldie-hawns-90er-jahre-kueche-die-20-jahre-vor-dem-viraler-unerwarteten-blauen-trend-angezogen-wurde-ihre-farbe-hat-nie-mehr-belebend-ausgesehen\/#primaryimage","url":"https:\/\/www.strassenweb.de\/nachrichten\/wp-content\/uploads\/2025\/03\/RiChHYPeH3XHSaG2ZYPq5U.jpg","contentUrl":"https:\/\/www.strassenweb.de\/nachrichten\/wp-content\/uploads\/2025\/03\/RiChHYPeH3XHSaG2ZYPq5U.jpg","width":1600,"height":900,"caption":"Goldie Hawn"},{"@type":"BreadcrumbList","@id":"https:\/\/www.strassenweb.de\/nachrichten\/goldie-hawns-90er-jahre-kueche-die-20-jahre-vor-dem-viraler-unerwarteten-blauen-trend-angezogen-wurde-ihre-farbe-hat-nie-mehr-belebend-ausgesehen\/#breadcrumb","itemListElement":[{"@type":"ListItem","position":1,"name":"Home","item":"https:\/\/www.strassenweb.de\/nachrichten\/"},{"@type":"ListItem","position":2,"name":"Goldie Hawns 90er -Jahre -K\u00fcche, die 20 Jahre vor dem viraler &#8222;unerwarteten blauen&#8220; Trend angezogen wurde &#8211; ihre Farbe hat nie mehr belebend ausgesehen"}]},{"@type":"WebSite","@id":"https:\/\/www.strassenweb.de\/nachrichten\/#website","url":"https:\/\/www.strassenweb.de\/nachrichten\/","name":"Stra\u00dfenweb","description":"Stra\u00dfenverzeichnis f\u00fcr Deutschland","publisher":{"@id":"https:\/\/www.strassenweb.de\/nachrichten\/#organization"},"potentialAction":[{"@type":"SearchAction","target":{"@type":"EntryPoint","urlTemplate":"https:\/\/www.strassenweb.de\/nachrichten\/?s={search_term_string}"},"query-input":{"@type":"PropertyValueSpecification","valueRequired":true,"valueName":"search_term_string"}}],"inLanguage":"de"},{"@type":"Organization","@id":"https:\/\/www.strassenweb.de\/nachrichten\/#organization","name":"Stra\u00dfenweb","url":"https:\/\/www.strassenweb.de\/nachrichten\/","logo":{"@type":"ImageObject","inLanguage":"de","@id":"https:\/\/www.strassenweb.de\/nachrichten\/#\/schema\/logo\/image\/","url":"https:\/\/www.strassenweb.de\/nachrichten\/wp-content\/uploads\/2024\/09\/cropped-favicon.png","contentUrl":"https:\/\/www.strassenweb.de\/nachrichten\/wp-content\/uploads\/2024\/09\/cropped-favicon.png","width":512,"height":512,"caption":"Stra\u00dfenweb"},"image":{"@id":"https:\/\/www.strassenweb.de\/nachrichten\/#\/schema\/logo\/image\/"},"sameAs":["https:\/\/www.facebook.com\/strassenweb\/"]},{"@type":"Person","@id":"https:\/\/www.strassenweb.de\/nachrichten\/#\/schema\/person\/87c9c9067f1211da429a744dc5a5aa41","name":"Robert Hoffmann","image":{"@type":"ImageObject","inLanguage":"de","@id":"https:\/\/www.strassenweb.de\/nachrichten\/wp-content\/uploads\/2024\/09\/strassenweb-150x150.jpg","url":"https:\/\/www.strassenweb.de\/nachrichten\/wp-content\/uploads\/2024\/09\/strassenweb-150x150.jpg","contentUrl":"https:\/\/www.strassenweb.de\/nachrichten\/wp-content\/uploads\/2024\/09\/strassenweb-150x150.jpg","caption":"Robert Hoffmann"},"description":"Ich hei\u00dfe Robert Hoffmann und ich bin ein leidenschaftlicher Verfechter von \u00d6kologie und Biodiversit\u00e4t. Seit meiner Kindheit in den W\u00e4ldern Bayerns f\u00fchle ich mich mit der Natur verbunden und bin entschlossen, sie zu sch\u00fctzen. Heute widme ich mein Leben der Sensibilisierung anderer f\u00fcr die Bedeutung des Umweltschutzes f\u00fcr zuk\u00fcnftige Generationen.","sameAs":["https:\/\/www.strassenweb.de\/"]}]}},"_links":{"self":[{"href":"https:\/\/www.strassenweb.de\/nachrichten\/wp-json\/wp\/v2\/posts\/5888","targetHints":{"allow":["GET"]}}],"collection":[{"href":"https:\/\/www.strassenweb.de\/nachrichten\/wp-json\/wp\/v2\/posts"}],"about":[{"href":"https:\/\/www.strassenweb.de\/nachrichten\/wp-json\/wp\/v2\/types\/post"}],"author":[{"embeddable":true,"href":"https:\/\/www.strassenweb.de\/nachrichten\/wp-json\/wp\/v2\/users\/1"}],"replies":[{"embeddable":true,"href":"https:\/\/www.strassenweb.de\/nachrichten\/wp-json\/wp\/v2\/comments?post=5888"}],"version-history":[{"count":0,"href":"https:\/\/www.strassenweb.de\/nachrichten\/wp-json\/wp\/v2\/posts\/5888\/revisions"}],"wp:featuredmedia":[{"embeddable":true,"href":"https:\/\/www.strassenweb.de\/nachrichten\/wp-json\/wp\/v2\/media\/5889"}],"wp:attachment":[{"href":"https:\/\/www.strassenweb.de\/nachrichten\/wp-json\/wp\/v2\/media?parent=5888"}],"wp:term":[{"taxonomy":"category","embeddable":true,"href":"https:\/\/www.strassenweb.de\/nachrichten\/wp-json\/wp\/v2\/categories?post=5888"},{"taxonomy":"post_tag","embeddable":true,"href":"https:\/\/www.strassenweb.de\/nachrichten\/wp-json\/wp\/v2\/tags?post=5888"}],"curies":[{"name":"wp","href":"https:\/\/api.w.org\/{rel}","templated":true}]}}