{"id":5885,"date":"2025-06-25T05:40:58","date_gmt":"2025-06-25T03:40:58","guid":{"rendered":"https:\/\/www.strassenweb.de\/nachrichten\/wie-man-salvia-in-toepfen-anzieht\/"},"modified":"2025-06-25T05:40:59","modified_gmt":"2025-06-25T03:40:59","slug":"wie-man-salvia-in-toepfen-anzieht","status":"publish","type":"post","link":"https:\/\/www.strassenweb.de\/nachrichten\/wie-man-salvia-in-toepfen-anzieht\/","title":{"rendered":"Wie man Salvia in T\u00f6pfen anzieht"},"content":{"rendered":"<div id=\"article-body\" class=\"article__body \">\n<p>Salvias sind eine meiner Stauden f\u00fcr T\u00f6pfe und seit vielen Jahren. Sie bestehen nicht nur aus harten Sachen, sondern werden auch monatelang bl\u00fchen. Ich habe sie \u00fcberall gewachsen, von Fensterboxen auf St\u00e4dte -Balkonen bis zu gro\u00dfen Vasen in der Toskana, und sie liefern immer, \u00fcberlebende sengende Sommer und gefrorene Winter ohne Probleme.<\/p>\n<div id=\"ad-unit-1\" class=\"ad-unit\"><\/div>\n<p>Der <em>Salvia <\/em>Die Pflanzenfamilie ist riesig, wobei einige Botaniker und Gartenbauteile sch\u00e4tzen, dass m\u00f6glicherweise weltweit 3.000 Arten wachsen. Und mit so vielen Optionen werden Sie sicher eine finden, die f\u00fcr Ihren Geschmack und Ihr Klima geeignet ist. Zum Gl\u00fcck f\u00fcr uns sind viele perfekt f\u00fcr das Wachstum des Topfs, einschlie\u00dflich der klassischen Lila-Blue <em>Salvia Nemorosa &#8218;Caradonna&#8216;,<\/em> sowie die gr\u00f6\u00dfere <em>Salvia &#8218;Amistad&#8216;, <\/em>Das hat k\u00f6nigliche, violette Blumen, die den ganzen Sommer \u00fcber mit Best\u00e4ubern summen.<\/p>\n<p>Wenn Sie also eine einfache, lebendige Farbe f\u00fcr eine sonnige Terrasse oder einen Balkon w\u00fcnschen, ist ein gutes Salvia -Display nahezu unm\u00f6glich zu schlagen. Ich denke, das sind einige der besten Stauden: zuverl\u00e4ssig, niedrig und beliebt von Bienen. Was kann man nicht m\u00f6gen? Hier ist alles, was ich \u00fcber diese beeindruckende Art wei\u00df.<\/p>\n<div class=\"van_vid_carousel\">\n<div class=\"van_vid_carousel__padding\">\n<div class=\"van_vid_carousel__container\"><\/div>\n<\/div>\n<\/div>\n<aside data-component-name=\"Recirculation:ArticleRiver\" data-nosnippet class=\"pt-3 pb-4 mb-4 border-b border-solid border-(#333)\">\n<span class=\"\nafter:content-('') after:flex-1 after:ml-4 after:my-(0.7rem) after:border-t-(#333) after:border-t after:border-solid\nbefore:content-('') before:flex-1 before:mr-4 before:my-(0.7rem) before:border-t-(#333) before:border-t before:border-solid\nfont-article-heading pb-3 !text-base font-bold uppercase sm:text-sm text-(#333) flex\"><\/p>\n<p>Sie m\u00f6gen m\u00f6gen<br \/>\n<\/span><\/p>\n<ul class=\"flex flex-col gap-3 m-0\">\n<li class=\"m-0 list-none\" name=\"recirculation-inline\" data-analytics-id=\"recirculation-inline-1\" analytics-label=\"adviser:related\">\n<picture data-new-v2-image=\"true\" class=\"w-(--article-river-thumbnail-width,60px) flex-shrink-0\"><source type=\"image\/webp\"  ><\/source><\/p>\n<\/picture>\n<span class=\"hover:text-inherit font-article-heading text-base text-(#333) leading-5 content-center\">Wie man Lantana in T\u00f6pfen w\u00e4chst &#8211; und sogar winzige G\u00e4rten mit Massen kaleidoskopischer Blumen in diesem Jahr verwandelt<\/span><\/p>\n<\/li>\n<li class=\"m-0 list-none\" name=\"recirculation-inline\" data-analytics-id=\"recirculation-inline-2\" analytics-label=\"adviser:related\">\n<picture data-new-v2-image=\"true\" class=\"w-(--article-river-thumbnail-width,60px) flex-shrink-0\"><source type=\"image\/webp\"  ><\/source><br \/>\n<img decoding=\"async\" alt=\"Gartendesign mit Kies und Hochbeetpflanzung\"   loading=\"lazy\" data-new-v2-image=\"true\" src=\"https:\/\/www.strassenweb.de\/nachrichten\/wp-content\/uploads\/2025\/06\/feT6RyuuEVtgVWKftV5vKH.jpg\" data-pin-media=\"https:\/\/www.strassenweb.de\/nachrichten\/wp-content\/uploads\/2025\/06\/feT6RyuuEVtgVWKftV5vKH.jpg\" data-pin-nopin=\"true\" class=\"aspect-(--img-listing-aspect-ratio,16\/9) object-cover w-(--article-river-thumbnail-width,60px) flex-shrink-0\">\n<\/picture>\n<span class=\"hover:text-inherit font-article-heading text-base text-(#333) leading-5 content-center\">Terrassenanlagen, die von Vernachl\u00e4ssigung gedeihen-diese 5 lockeren Blumen f\u00fcr T\u00f6pfe lieben es, ignoriert zu werden, sagen Gartenprofis<\/span><\/p>\n<\/li>\n<li class=\"m-0 list-none\" name=\"recirculation-inline\" data-analytics-id=\"recirculation-inline-3\" analytics-label=\"adviser:related\">\n<picture data-new-v2-image=\"true\" class=\"w-(--article-river-thumbnail-width,60px) flex-shrink-0\"><source type=\"image\/webp\"  ><\/source><br \/>\n<img decoding=\"async\" alt=\"Rote Blumen auf Mandevilla Pflanze\"   loading=\"lazy\" data-new-v2-image=\"true\" src=\"https:\/\/www.strassenweb.de\/nachrichten\/wp-content\/uploads\/2025\/06\/Cziqxgps6VxUYeKmKyvjtD.jpg\" data-pin-media=\"https:\/\/www.strassenweb.de\/nachrichten\/wp-content\/uploads\/2025\/06\/Cziqxgps6VxUYeKmKyvjtD.jpg\" data-pin-nopin=\"true\" class=\"aspect-(--img-listing-aspect-ratio,16\/9) object-cover w-(--article-river-thumbnail-width,60px) flex-shrink-0\">\n<\/picture>\n<span class=\"hover:text-inherit font-article-heading text-base text-(#333) leading-5 content-center\">Topfpflanzen, die von Vernachl\u00e4ssigung gedeihen-5 lockere Picks f\u00fcr superbesch\u00e4ftigte G\u00e4rtnerinnen<\/span><\/p>\n<\/li>\n<\/ul>\n<\/aside>\n<figure class=\"van-image-figure inline-layout \" data-bordeaux-image-check>\n<div class=\"image-full-width-wrapper\">\n<div class=\"image-widthsetter\" style=\"max-width:2400px;\"><\/div>\n<\/div>\n<\/figure>\n<h2 id=\"how-to-grow-salvia-in-pots-3\">Wie man Salvia in T\u00f6pfen anbaut<\/h2>\n<aside data-block-type=\"embed\" data-render-type=\"fte\" data-skip=\"dealsy\" data-widget-type=\"seasonal\" class=\"hawk-base\"><\/aside>\n<p>Es ist ziemlich einfach, zu lernen, wie man Salvia in T\u00f6pfen w\u00e4chst, und dies sind gr\u00f6\u00dftenteils Stauden, die von Vernachl\u00e4ssigung gedeihen, solange sie alle paar Tage viel Sonnenschein genie\u00dfen und ein Wasser trinken.<\/p>\n<div id=\"ad-unit-2\" class=\"ad-unit\"><\/div>\n<p>Hier sind meine Tipps, um lang anhaltende Bl\u00fcten zu gew\u00e4hrleisten, die Jahr f\u00fcr Jahr zur\u00fcckkehren.<\/p>\n<h3 class=\"article-body__section\" id=\"section-growing-and-caring-for-salvia-in-pots\"><span>Wachstum und Pflege von Salvia in T\u00f6pfen<\/span><\/h3>\n<figure class=\"van-image-figure inline-layout \" data-bordeaux-image-check>\n<div class=\"image-full-width-wrapper\">\n<div class=\"image-widthsetter\" style=\"max-width:2000px;\"><\/div>\n<\/div>\n<\/figure>\n<p>Wenn Sie zum ersten Mal lernen, wie man Salvia in T\u00f6pfen anzieht, ist das Wichtigste, was man sich erinnert, die Entw\u00e4sserung. Glauben Sie mir, sie hassen es, in feuchtem, wassergepacktem Boden zu sitzen, besonders wenn Sie sich mit einigen der mediterranen Sorten versuchen.<\/p>\n<p>Wenn Sie also einen kleinen bis mittelgro\u00dfen Topf (10 bis 12 Zoll Durchmesser) ausw\u00e4hlen, stellen Sie sicher, dass er ein Entw\u00e4sserungsloch hat und gebrochene Scherben (oder Crock) an der Basis platzieren, um zu verhindern, dass der Boden ihn nach oben verstopft.<\/p>\n<p>Ich mag das Aussehen dieser rustikalen, abgerundeten Terrakotta -T\u00f6pfe, die bei Amazon erh\u00e4ltlich sind, die gut funktionieren, wenn sie mit rosa und lila Salvias gepflanzt werden.<\/p>\n<p>Nehmen Sie als n\u00e4chstes so etwas wie diesen Bio -Blumenerde von Whitney Farms, die bei Walmart erh\u00e4ltlich sind, Ihre T\u00f6pfe zu und kombinieren Sie die Mischung mit etwas Gartenbauk\u00f6rnern f\u00fcr ein wenig zus\u00e4tzliche Entw\u00e4sserung.<\/p>\n<p>W\u00e4hrend Sie Salvien jederzeit pflanzen k\u00f6nnen, ist meiner Meinung nach der Fr\u00fchjahr oder der Fr\u00fchsommer ideal, um den Pflanzen die Chance zu geben, zu wachsen, bevor das Wetter um den Hochsommer steigt.<\/p>\n<p>Wenn Sie in einer k\u00fchleren Region wie Zone 5 leben, positionieren Sie Ihre Salvia in voller Sonne. Ich empfehle ihnen mindestens sechs Stunden am Tag. S\u00fcd- oder Westger\u00e4te ist ideal, insbesondere f\u00fcr Sorten wie &#8222;Amistad&#8220;, die im Schatten schmollen.<\/p>\n<p>In w\u00e4rmeren Bereichen wie Zone 9 k\u00f6nnen Sie jedoch mit einem Teil der Teilseilschatten davonkommen, solange sie eine anst\u00e4ndige Menge an Morgensonnenscheinen genie\u00dfen.<\/p>\n<p>In Bezug auf die Sorgfalt ist die tiefe Bew\u00e4sserung am besten, insbesondere in den ersten Wochen, wenn Sie Ihre T\u00f6pfe mit einer vollen Dose Wasser einnehmen. Normalerweise ber\u00fchre ich den Boden, dr\u00fccke ungef\u00e4hr einen Zentimeter nach unten, um festzustellen, wie feucht oder trocken der Boden ist. Im Hochsommer, im Juli und August, werden Sie vielleicht einmal am Tag bew\u00e4ssert.<\/p>\n<p>Das F\u00fcttern ist nicht wirklich wichtig, insbesondere wenn die Mischung aus dem Beh\u00e4lter frisch ist, aber ein vierzehnt\u00e4giges Tomatenfutter (probieren Sie dieses Bio -Tomatenfutter von Espoma, das bei Walmart erh\u00e4ltlich ist) die Beh\u00e4lterpflanzen l\u00e4nger bl\u00fchen.<\/p>\n<p>Und schlie\u00dflich vergessen Sie nicht, dass sie tot sind. F\u00fcnf Minuten pro Woche zu verbringen, um Salvia -St\u00e4ngel zu schnappen und zu toten, hilft, einen zweiten Flush zu f\u00f6rdern, der manchmal direkt in den Herbst h\u00e4lt, wenn das Wetter Ball spielt.<\/p>\n<h3 class=\"article-body__section\" id=\"section-best-salvia-varieties-for-pots\"><span>Beste Salvia -Sorten f\u00fcr T\u00f6pfe<\/span><\/h3>\n<figure class=\"van-image-figure inline-layout \" data-bordeaux-image-check>\n<div class=\"image-full-width-wrapper\">\n<div class=\"image-widthsetter\" style=\"max-width:2000px;\"><\/div>\n<\/div>\n<\/figure>\n<p>Es gibt so viele verschiedene Arten von Salvias, dass Sie eine Farbe und einen Stil finden, der zu Ihrem Garten passt.<\/p>\n<p>Probieren Sie f\u00fcr eine kompakte Option den rosa-bl\u00fchenden Wiesen-Salbei &#8222;New Dimension&#8220;, der bei Walmart als Starterpflanzen erh\u00e4ltlich ist.<\/p>\n<p>Diese niedrig wachsende Staude, die nicht gr\u00f6\u00dfer als 12 Zoll ist, ist ideal f\u00fcr Balkone und kleine Terrassen.<\/p>\n<p>Probieren Sie f\u00fcr eine gr\u00f6\u00dfere Sorte diese &#8222;Black &#038; Blue&#8220; -Tarte mit lebenden Pflanzen von Burpee. Bei Mauve -Bl\u00fcten sieht diese ungew\u00f6hnliche Option in gr\u00f6\u00dferen T\u00f6pfen perfekt aus und w\u00e4chst bis zu vier Fu\u00df hoch.<\/p>\n<p>Wenn Sie nach einer rotbl\u00fchenden Option suchen, probieren Sie den Ananas-Salbei mit Live-Pflanzen bei Amazon.<\/p>\n<p>Mit purpurroten Trompetenblumen werden Kolibris und andere Best\u00e4uber diese hei\u00dfe Sorte verehren, wenn sie in T\u00f6pfe auf der Terrasse gepflanzt werden.<\/p>\n<h3 class=\"article-body__section\" id=\"section-faqs\"><span>FAQs<\/span><\/h3>\n<h2 id=\"are-salvias-fully-hardy-during-winter-3\">Sind Salvias im Winter vollst\u00e4ndig winterhart?<\/h2>\n<p>Nach meiner Erfahrung besteht keine Notwendigkeit, Salvias winterlich zu machen. In der Tat k\u00f6nnen viele Arten in Zone 3 \u00fcberleben und in den Wintermonaten Schnee, Frost und Regen gut tolerieren.<\/p>\n<p><em>Salvia Nemorosa<\/em>kann zum Beispiel bis zu Zone 4 gewachsen sein und sollte im Dezember und Januar keinen Schutz ben\u00f6tigen. Wenn Sie sich jedoch Sorgen machen, kann es helfen, T\u00f6pfe in der N\u00e4he des Hauses zusammen zu b\u00fcndeln und zu gruppieren, um sie etwas gesch\u00fctzter zu halten.<\/p>\n<hr>\n<p>Es gibt ungef\u00e4hr 50 Arten von Arten von <em>Salvia<\/em> Das sind einheimische Pflanzen Nordamerikas. In der Tat der Herbst Salbei oder <em>Salvia Greggii<\/em>wird in Teilen Texas w\u00e4chst, und aus dieser Art wurden die ber\u00fcchtigten &#8222;hei\u00dfen Lippen&#8220; -Sorten gez\u00fcchtet.<\/p>\n<p>Wenn rote und wei\u00dfe Blumen Ihr Ding sind, finden Sie Salvia &#8218;Hot Lips&#8216; Live -Pflanzen, die online \u00fcber Amazon verkauft werden.<\/p>\n<p>F\u00fcr eine weitere native Option, die Sie in Ihrem Garten ausprobieren k\u00f6nnen, finden Sie in unserem Leitfaden zum Anbau von Texas Sage. Obwohl diese nordamerikanische Art kein wahrer Weisen ist, ist sie eine weitere langbl\u00fchende Pflanze, die Grenzen mit Farbe f\u00fcllt.<\/p>\n<h2 id=\"shop-potted-salvia-accessories-3\">Kaufen Sie Spottescessoires Salvia -Accessoires<\/h2>\n<div class=\"product-container hero-product-container product-block-no-wrap\">\n<div class=\"product-block-row\"><\/div>\n<div class=\"product-block-row\"><\/div>\n<div class=\"product-block-row\"><\/div>\n<\/div>\n<div class=\"block\" id=\"articleTag\" data-component-name=\"PostArticleLinks\">\n<div class=\"border-b border-b-black border-solid py-2.5 text-black font-bold uppercase\">Themen<\/div>\n<nav class=\"py-2.5 flex gap-2.5 flex-wrap\" data-analytics-id=\"article-tag\">\n<p>Stauden Blumen<br \/>\n<\/nav>\n<\/div>\n<\/div>\n","protected":false},"excerpt":{"rendered":"<p>Salvias sind eine meiner Stauden f\u00fcr T\u00f6pfe und seit vielen Jahren. Sie bestehen nicht nur aus harten Sachen, sondern werden auch monatelang bl\u00fchen. Ich habe<\/p>\n","protected":false},"author":1,"featured_media":5886,"comment_status":"closed","ping_status":"","sticky":false,"template":"","format":"standard","meta":{"footnotes":""},"categories":[118],"tags":[5296,134,8237,4189,26],"class_list":["post-5885","post","type-post","status-publish","format-standard","has-post-thumbnail","hentry","category-haus-garten","tag-anzieht","tag-man","tag-salvia","tag-toepfen","tag-wie","generate-columns","tablet-grid-50","mobile-grid-100","grid-parent","grid-50"],"yoast_head":"<!-- This site is optimized with the Yoast SEO plugin v27.3 - https:\/\/yoast.com\/product\/yoast-seo-wordpress\/ -->\n<title>Wie man Salvia in T\u00f6pfen anzieht - Nachrichten - Stra\u00dfenweb<\/title>\n<meta name=\"robots\" content=\"index, follow, max-snippet:-1, max-image-preview:large, max-video-preview:-1\" \/>\n<link rel=\"canonical\" href=\"https:\/\/www.strassenweb.de\/nachrichten\/wie-man-salvia-in-toepfen-anzieht\/\" \/>\n<meta property=\"og:locale\" content=\"de_DE\" \/>\n<meta property=\"og:type\" content=\"article\" \/>\n<meta property=\"og:title\" content=\"Wie man Salvia in T\u00f6pfen anzieht - Nachrichten - Stra\u00dfenweb\" \/>\n<meta property=\"og:description\" content=\"Salvias sind eine meiner Stauden f\u00fcr T\u00f6pfe und seit vielen Jahren. Sie bestehen nicht nur aus harten Sachen, sondern werden auch monatelang bl\u00fchen. Ich habe\" \/>\n<meta property=\"og:url\" content=\"https:\/\/www.strassenweb.de\/nachrichten\/wie-man-salvia-in-toepfen-anzieht\/\" \/>\n<meta property=\"og:site_name\" content=\"Stra\u00dfenweb\" \/>\n<meta property=\"article:publisher\" content=\"https:\/\/www.facebook.com\/strassenweb\/\" \/>\n<meta property=\"article:published_time\" content=\"2025-06-25T03:40:58+00:00\" \/>\n<meta property=\"article:modified_time\" content=\"2025-06-25T03:40:59+00:00\" \/>\n<meta property=\"og:image\" content=\"https:\/\/www.strassenweb.de\/nachrichten\/wp-content\/uploads\/2025\/06\/Wie-man-Salvia-in-Toepfen-anzieht.jpg\" \/>\n\t<meta property=\"og:image:width\" content=\"1600\" \/>\n\t<meta property=\"og:image:height\" content=\"900\" \/>\n\t<meta property=\"og:image:type\" content=\"image\/jpeg\" \/>\n<meta name=\"author\" content=\"Robert Hoffmann\" \/>\n<meta name=\"twitter:card\" content=\"summary_large_image\" \/>\n<meta name=\"twitter:label1\" content=\"Verfasst von\" \/>\n\t<meta name=\"twitter:data1\" content=\"Robert Hoffmann\" \/>\n\t<meta name=\"twitter:label2\" content=\"Gesch\u00e4tzte Lesezeit\" \/>\n\t<meta name=\"twitter:data2\" content=\"5\u00a0Minuten\" \/>\n<script type=\"application\/ld+json\" class=\"yoast-schema-graph\">{\"@context\":\"https:\\\/\\\/schema.org\",\"@graph\":[{\"@type\":\"Article\",\"@id\":\"https:\\\/\\\/www.strassenweb.de\\\/nachrichten\\\/wie-man-salvia-in-toepfen-anzieht\\\/#article\",\"isPartOf\":{\"@id\":\"https:\\\/\\\/www.strassenweb.de\\\/nachrichten\\\/wie-man-salvia-in-toepfen-anzieht\\\/\"},\"author\":{\"name\":\"Robert Hoffmann\",\"@id\":\"https:\\\/\\\/www.strassenweb.de\\\/nachrichten\\\/#\\\/schema\\\/person\\\/87c9c9067f1211da429a744dc5a5aa41\"},\"headline\":\"Wie man Salvia in T\u00f6pfen anzieht\",\"datePublished\":\"2025-06-25T03:40:58+00:00\",\"dateModified\":\"2025-06-25T03:40:59+00:00\",\"mainEntityOfPage\":{\"@id\":\"https:\\\/\\\/www.strassenweb.de\\\/nachrichten\\\/wie-man-salvia-in-toepfen-anzieht\\\/\"},\"wordCount\":1104,\"publisher\":{\"@id\":\"https:\\\/\\\/www.strassenweb.de\\\/nachrichten\\\/#organization\"},\"image\":{\"@id\":\"https:\\\/\\\/www.strassenweb.de\\\/nachrichten\\\/wie-man-salvia-in-toepfen-anzieht\\\/#primaryimage\"},\"thumbnailUrl\":\"https:\\\/\\\/www.strassenweb.de\\\/nachrichten\\\/wp-content\\\/uploads\\\/2025\\\/06\\\/Wie-man-Salvia-in-Toepfen-anzieht.jpg\",\"keywords\":[\"anzieht\",\"man\",\"Salvia\",\"T\u00f6pfen\",\"Wie\"],\"articleSection\":[\"Haus &amp; Garten\"],\"inLanguage\":\"de\"},{\"@type\":\"WebPage\",\"@id\":\"https:\\\/\\\/www.strassenweb.de\\\/nachrichten\\\/wie-man-salvia-in-toepfen-anzieht\\\/\",\"url\":\"https:\\\/\\\/www.strassenweb.de\\\/nachrichten\\\/wie-man-salvia-in-toepfen-anzieht\\\/\",\"name\":\"Wie man Salvia in T\u00f6pfen anzieht - Nachrichten - Stra\u00dfenweb\",\"isPartOf\":{\"@id\":\"https:\\\/\\\/www.strassenweb.de\\\/nachrichten\\\/#website\"},\"primaryImageOfPage\":{\"@id\":\"https:\\\/\\\/www.strassenweb.de\\\/nachrichten\\\/wie-man-salvia-in-toepfen-anzieht\\\/#primaryimage\"},\"image\":{\"@id\":\"https:\\\/\\\/www.strassenweb.de\\\/nachrichten\\\/wie-man-salvia-in-toepfen-anzieht\\\/#primaryimage\"},\"thumbnailUrl\":\"https:\\\/\\\/www.strassenweb.de\\\/nachrichten\\\/wp-content\\\/uploads\\\/2025\\\/06\\\/Wie-man-Salvia-in-Toepfen-anzieht.jpg\",\"datePublished\":\"2025-06-25T03:40:58+00:00\",\"dateModified\":\"2025-06-25T03:40:59+00:00\",\"breadcrumb\":{\"@id\":\"https:\\\/\\\/www.strassenweb.de\\\/nachrichten\\\/wie-man-salvia-in-toepfen-anzieht\\\/#breadcrumb\"},\"inLanguage\":\"de\",\"potentialAction\":[{\"@type\":\"ReadAction\",\"target\":[\"https:\\\/\\\/www.strassenweb.de\\\/nachrichten\\\/wie-man-salvia-in-toepfen-anzieht\\\/\"]}]},{\"@type\":\"ImageObject\",\"inLanguage\":\"de\",\"@id\":\"https:\\\/\\\/www.strassenweb.de\\\/nachrichten\\\/wie-man-salvia-in-toepfen-anzieht\\\/#primaryimage\",\"url\":\"https:\\\/\\\/www.strassenweb.de\\\/nachrichten\\\/wp-content\\\/uploads\\\/2025\\\/06\\\/Wie-man-Salvia-in-Toepfen-anzieht.jpg\",\"contentUrl\":\"https:\\\/\\\/www.strassenweb.de\\\/nachrichten\\\/wp-content\\\/uploads\\\/2025\\\/06\\\/Wie-man-Salvia-in-Toepfen-anzieht.jpg\",\"width\":1600,\"height\":900,\"caption\":\"Salvia growing in a garden with purple blooms and green foliage\"},{\"@type\":\"BreadcrumbList\",\"@id\":\"https:\\\/\\\/www.strassenweb.de\\\/nachrichten\\\/wie-man-salvia-in-toepfen-anzieht\\\/#breadcrumb\",\"itemListElement\":[{\"@type\":\"ListItem\",\"position\":1,\"name\":\"Home\",\"item\":\"https:\\\/\\\/www.strassenweb.de\\\/nachrichten\\\/\"},{\"@type\":\"ListItem\",\"position\":2,\"name\":\"Wie man Salvia in T\u00f6pfen anzieht\"}]},{\"@type\":\"WebSite\",\"@id\":\"https:\\\/\\\/www.strassenweb.de\\\/nachrichten\\\/#website\",\"url\":\"https:\\\/\\\/www.strassenweb.de\\\/nachrichten\\\/\",\"name\":\"Stra\u00dfenweb\",\"description\":\"Stra\u00dfenverzeichnis f\u00fcr Deutschland\",\"publisher\":{\"@id\":\"https:\\\/\\\/www.strassenweb.de\\\/nachrichten\\\/#organization\"},\"potentialAction\":[{\"@type\":\"SearchAction\",\"target\":{\"@type\":\"EntryPoint\",\"urlTemplate\":\"https:\\\/\\\/www.strassenweb.de\\\/nachrichten\\\/?s={search_term_string}\"},\"query-input\":{\"@type\":\"PropertyValueSpecification\",\"valueRequired\":true,\"valueName\":\"search_term_string\"}}],\"inLanguage\":\"de\"},{\"@type\":\"Organization\",\"@id\":\"https:\\\/\\\/www.strassenweb.de\\\/nachrichten\\\/#organization\",\"name\":\"Stra\u00dfenweb\",\"url\":\"https:\\\/\\\/www.strassenweb.de\\\/nachrichten\\\/\",\"logo\":{\"@type\":\"ImageObject\",\"inLanguage\":\"de\",\"@id\":\"https:\\\/\\\/www.strassenweb.de\\\/nachrichten\\\/#\\\/schema\\\/logo\\\/image\\\/\",\"url\":\"https:\\\/\\\/www.strassenweb.de\\\/nachrichten\\\/wp-content\\\/uploads\\\/2024\\\/09\\\/cropped-favicon.png\",\"contentUrl\":\"https:\\\/\\\/www.strassenweb.de\\\/nachrichten\\\/wp-content\\\/uploads\\\/2024\\\/09\\\/cropped-favicon.png\",\"width\":512,\"height\":512,\"caption\":\"Stra\u00dfenweb\"},\"image\":{\"@id\":\"https:\\\/\\\/www.strassenweb.de\\\/nachrichten\\\/#\\\/schema\\\/logo\\\/image\\\/\"},\"sameAs\":[\"https:\\\/\\\/www.facebook.com\\\/strassenweb\\\/\"]},{\"@type\":\"Person\",\"@id\":\"https:\\\/\\\/www.strassenweb.de\\\/nachrichten\\\/#\\\/schema\\\/person\\\/87c9c9067f1211da429a744dc5a5aa41\",\"name\":\"Robert Hoffmann\",\"image\":{\"@type\":\"ImageObject\",\"inLanguage\":\"de\",\"@id\":\"https:\\\/\\\/www.strassenweb.de\\\/nachrichten\\\/wp-content\\\/uploads\\\/2024\\\/09\\\/strassenweb-150x150.jpg\",\"url\":\"https:\\\/\\\/www.strassenweb.de\\\/nachrichten\\\/wp-content\\\/uploads\\\/2024\\\/09\\\/strassenweb-150x150.jpg\",\"contentUrl\":\"https:\\\/\\\/www.strassenweb.de\\\/nachrichten\\\/wp-content\\\/uploads\\\/2024\\\/09\\\/strassenweb-150x150.jpg\",\"caption\":\"Robert Hoffmann\"},\"description\":\"Ich hei\u00dfe Robert Hoffmann und ich bin ein leidenschaftlicher Verfechter von \u00d6kologie und Biodiversit\u00e4t. Seit meiner Kindheit in den W\u00e4ldern Bayerns f\u00fchle ich mich mit der Natur verbunden und bin entschlossen, sie zu sch\u00fctzen. Heute widme ich mein Leben der Sensibilisierung anderer f\u00fcr die Bedeutung des Umweltschutzes f\u00fcr zuk\u00fcnftige Generationen.\",\"sameAs\":[\"https:\\\/\\\/www.strassenweb.de\\\/\"]}]}<\/script>\n<!-- \/ Yoast SEO plugin. -->","yoast_head_json":{"title":"Wie man Salvia in T\u00f6pfen anzieht - Nachrichten - Stra\u00dfenweb","robots":{"index":"index","follow":"follow","max-snippet":"max-snippet:-1","max-image-preview":"max-image-preview:large","max-video-preview":"max-video-preview:-1"},"canonical":"https:\/\/www.strassenweb.de\/nachrichten\/wie-man-salvia-in-toepfen-anzieht\/","og_locale":"de_DE","og_type":"article","og_title":"Wie man Salvia in T\u00f6pfen anzieht - Nachrichten - Stra\u00dfenweb","og_description":"Salvias sind eine meiner Stauden f\u00fcr T\u00f6pfe und seit vielen Jahren. Sie bestehen nicht nur aus harten Sachen, sondern werden auch monatelang bl\u00fchen. Ich habe","og_url":"https:\/\/www.strassenweb.de\/nachrichten\/wie-man-salvia-in-toepfen-anzieht\/","og_site_name":"Stra\u00dfenweb","article_publisher":"https:\/\/www.facebook.com\/strassenweb\/","article_published_time":"2025-06-25T03:40:58+00:00","article_modified_time":"2025-06-25T03:40:59+00:00","og_image":[{"width":1600,"height":900,"url":"https:\/\/www.strassenweb.de\/nachrichten\/wp-content\/uploads\/2025\/06\/Wie-man-Salvia-in-Toepfen-anzieht.jpg","type":"image\/jpeg"}],"author":"Robert Hoffmann","twitter_card":"summary_large_image","twitter_misc":{"Verfasst von":"Robert Hoffmann","Gesch\u00e4tzte Lesezeit":"5\u00a0Minuten"},"schema":{"@context":"https:\/\/schema.org","@graph":[{"@type":"Article","@id":"https:\/\/www.strassenweb.de\/nachrichten\/wie-man-salvia-in-toepfen-anzieht\/#article","isPartOf":{"@id":"https:\/\/www.strassenweb.de\/nachrichten\/wie-man-salvia-in-toepfen-anzieht\/"},"author":{"name":"Robert Hoffmann","@id":"https:\/\/www.strassenweb.de\/nachrichten\/#\/schema\/person\/87c9c9067f1211da429a744dc5a5aa41"},"headline":"Wie man Salvia in T\u00f6pfen anzieht","datePublished":"2025-06-25T03:40:58+00:00","dateModified":"2025-06-25T03:40:59+00:00","mainEntityOfPage":{"@id":"https:\/\/www.strassenweb.de\/nachrichten\/wie-man-salvia-in-toepfen-anzieht\/"},"wordCount":1104,"publisher":{"@id":"https:\/\/www.strassenweb.de\/nachrichten\/#organization"},"image":{"@id":"https:\/\/www.strassenweb.de\/nachrichten\/wie-man-salvia-in-toepfen-anzieht\/#primaryimage"},"thumbnailUrl":"https:\/\/www.strassenweb.de\/nachrichten\/wp-content\/uploads\/2025\/06\/Wie-man-Salvia-in-Toepfen-anzieht.jpg","keywords":["anzieht","man","Salvia","T\u00f6pfen","Wie"],"articleSection":["Haus &amp; Garten"],"inLanguage":"de"},{"@type":"WebPage","@id":"https:\/\/www.strassenweb.de\/nachrichten\/wie-man-salvia-in-toepfen-anzieht\/","url":"https:\/\/www.strassenweb.de\/nachrichten\/wie-man-salvia-in-toepfen-anzieht\/","name":"Wie man Salvia in T\u00f6pfen anzieht - Nachrichten - Stra\u00dfenweb","isPartOf":{"@id":"https:\/\/www.strassenweb.de\/nachrichten\/#website"},"primaryImageOfPage":{"@id":"https:\/\/www.strassenweb.de\/nachrichten\/wie-man-salvia-in-toepfen-anzieht\/#primaryimage"},"image":{"@id":"https:\/\/www.strassenweb.de\/nachrichten\/wie-man-salvia-in-toepfen-anzieht\/#primaryimage"},"thumbnailUrl":"https:\/\/www.strassenweb.de\/nachrichten\/wp-content\/uploads\/2025\/06\/Wie-man-Salvia-in-Toepfen-anzieht.jpg","datePublished":"2025-06-25T03:40:58+00:00","dateModified":"2025-06-25T03:40:59+00:00","breadcrumb":{"@id":"https:\/\/www.strassenweb.de\/nachrichten\/wie-man-salvia-in-toepfen-anzieht\/#breadcrumb"},"inLanguage":"de","potentialAction":[{"@type":"ReadAction","target":["https:\/\/www.strassenweb.de\/nachrichten\/wie-man-salvia-in-toepfen-anzieht\/"]}]},{"@type":"ImageObject","inLanguage":"de","@id":"https:\/\/www.strassenweb.de\/nachrichten\/wie-man-salvia-in-toepfen-anzieht\/#primaryimage","url":"https:\/\/www.strassenweb.de\/nachrichten\/wp-content\/uploads\/2025\/06\/Wie-man-Salvia-in-Toepfen-anzieht.jpg","contentUrl":"https:\/\/www.strassenweb.de\/nachrichten\/wp-content\/uploads\/2025\/06\/Wie-man-Salvia-in-Toepfen-anzieht.jpg","width":1600,"height":900,"caption":"Salvia growing in a garden with purple blooms and green foliage"},{"@type":"BreadcrumbList","@id":"https:\/\/www.strassenweb.de\/nachrichten\/wie-man-salvia-in-toepfen-anzieht\/#breadcrumb","itemListElement":[{"@type":"ListItem","position":1,"name":"Home","item":"https:\/\/www.strassenweb.de\/nachrichten\/"},{"@type":"ListItem","position":2,"name":"Wie man Salvia in T\u00f6pfen anzieht"}]},{"@type":"WebSite","@id":"https:\/\/www.strassenweb.de\/nachrichten\/#website","url":"https:\/\/www.strassenweb.de\/nachrichten\/","name":"Stra\u00dfenweb","description":"Stra\u00dfenverzeichnis f\u00fcr Deutschland","publisher":{"@id":"https:\/\/www.strassenweb.de\/nachrichten\/#organization"},"potentialAction":[{"@type":"SearchAction","target":{"@type":"EntryPoint","urlTemplate":"https:\/\/www.strassenweb.de\/nachrichten\/?s={search_term_string}"},"query-input":{"@type":"PropertyValueSpecification","valueRequired":true,"valueName":"search_term_string"}}],"inLanguage":"de"},{"@type":"Organization","@id":"https:\/\/www.strassenweb.de\/nachrichten\/#organization","name":"Stra\u00dfenweb","url":"https:\/\/www.strassenweb.de\/nachrichten\/","logo":{"@type":"ImageObject","inLanguage":"de","@id":"https:\/\/www.strassenweb.de\/nachrichten\/#\/schema\/logo\/image\/","url":"https:\/\/www.strassenweb.de\/nachrichten\/wp-content\/uploads\/2024\/09\/cropped-favicon.png","contentUrl":"https:\/\/www.strassenweb.de\/nachrichten\/wp-content\/uploads\/2024\/09\/cropped-favicon.png","width":512,"height":512,"caption":"Stra\u00dfenweb"},"image":{"@id":"https:\/\/www.strassenweb.de\/nachrichten\/#\/schema\/logo\/image\/"},"sameAs":["https:\/\/www.facebook.com\/strassenweb\/"]},{"@type":"Person","@id":"https:\/\/www.strassenweb.de\/nachrichten\/#\/schema\/person\/87c9c9067f1211da429a744dc5a5aa41","name":"Robert Hoffmann","image":{"@type":"ImageObject","inLanguage":"de","@id":"https:\/\/www.strassenweb.de\/nachrichten\/wp-content\/uploads\/2024\/09\/strassenweb-150x150.jpg","url":"https:\/\/www.strassenweb.de\/nachrichten\/wp-content\/uploads\/2024\/09\/strassenweb-150x150.jpg","contentUrl":"https:\/\/www.strassenweb.de\/nachrichten\/wp-content\/uploads\/2024\/09\/strassenweb-150x150.jpg","caption":"Robert Hoffmann"},"description":"Ich hei\u00dfe Robert Hoffmann und ich bin ein leidenschaftlicher Verfechter von \u00d6kologie und Biodiversit\u00e4t. Seit meiner Kindheit in den W\u00e4ldern Bayerns f\u00fchle ich mich mit der Natur verbunden und bin entschlossen, sie zu sch\u00fctzen. Heute widme ich mein Leben der Sensibilisierung anderer f\u00fcr die Bedeutung des Umweltschutzes f\u00fcr zuk\u00fcnftige Generationen.","sameAs":["https:\/\/www.strassenweb.de\/"]}]}},"_links":{"self":[{"href":"https:\/\/www.strassenweb.de\/nachrichten\/wp-json\/wp\/v2\/posts\/5885","targetHints":{"allow":["GET"]}}],"collection":[{"href":"https:\/\/www.strassenweb.de\/nachrichten\/wp-json\/wp\/v2\/posts"}],"about":[{"href":"https:\/\/www.strassenweb.de\/nachrichten\/wp-json\/wp\/v2\/types\/post"}],"author":[{"embeddable":true,"href":"https:\/\/www.strassenweb.de\/nachrichten\/wp-json\/wp\/v2\/users\/1"}],"replies":[{"embeddable":true,"href":"https:\/\/www.strassenweb.de\/nachrichten\/wp-json\/wp\/v2\/comments?post=5885"}],"version-history":[{"count":0,"href":"https:\/\/www.strassenweb.de\/nachrichten\/wp-json\/wp\/v2\/posts\/5885\/revisions"}],"wp:featuredmedia":[{"embeddable":true,"href":"https:\/\/www.strassenweb.de\/nachrichten\/wp-json\/wp\/v2\/media\/5886"}],"wp:attachment":[{"href":"https:\/\/www.strassenweb.de\/nachrichten\/wp-json\/wp\/v2\/media?parent=5885"}],"wp:term":[{"taxonomy":"category","embeddable":true,"href":"https:\/\/www.strassenweb.de\/nachrichten\/wp-json\/wp\/v2\/categories?post=5885"},{"taxonomy":"post_tag","embeddable":true,"href":"https:\/\/www.strassenweb.de\/nachrichten\/wp-json\/wp\/v2\/tags?post=5885"}],"curies":[{"name":"wp","href":"https:\/\/api.w.org\/{rel}","templated":true}]}}