{"id":5858,"date":"2025-06-24T02:39:13","date_gmt":"2025-06-24T00:39:13","guid":{"rendered":"https:\/\/www.strassenweb.de\/nachrichten\/world-cocoa-foundation-kuendigt-neue-vorstandsfuehrung-an\/"},"modified":"2025-06-24T02:39:13","modified_gmt":"2025-06-24T00:39:13","slug":"world-cocoa-foundation-kuendigt-neue-vorstandsfuehrung-an","status":"publish","type":"post","link":"https:\/\/www.strassenweb.de\/nachrichten\/world-cocoa-foundation-kuendigt-neue-vorstandsfuehrung-an\/","title":{"rendered":"World Cocoa Foundation k\u00fcndigt neue Vorstandsf\u00fchrung an"},"content":{"rendered":"<p>Die World Cocoa Foundation (WCF) k\u00fcndigte die Wahl ihrer neuen Vorstandsbeauftragten nach Abschluss der zweij\u00e4hrigen Amtszeit der vorherigen Beamten an.<\/p>\n<p>Tricia Brannigan, Vizepr\u00e4sidentin und Chief Procurement Officer der Hershey Company und fr\u00fcher WCF Vice-Vorsitzender und Schatzmeister, wurde zum Vorsitzenden des Vorstands ernannt. Brannigans Branchenwissen und Engagement f\u00fcr die WCF -Mission werden die Organisation bei der F\u00f6rderung ihrer Mission unterst\u00fctzen. Brannigan wird strategische F\u00fchrung und Anleitung bieten, da die WCF weiterhin Nachhaltigkeit und Belastbarkeit im gesamten Kakao -Sektor durch Zusammenarbeit, Innovation und Branchenf\u00fchrung f\u00f6rdert.<\/p>\n<p>Brannigan tritt die Nachfolge Christine McGrath, SVP und Chief Impact &#038; Sustainability Officer bei Mondel\u0113z International an, die ihre Amtszeit im Mai abgeschlossen hat. Liberato Milo, Leiter der S\u00fc\u00dfwaren, Eiscreme, Kakaogetr\u00e4nke und zul\u00e4ssigen SBU in Nestl\u00e9 und Mitglied des WCF Finance and Audit Committee, wurde zum stellvertretenden Vorsitzenden und Schatzmeister ernannt.<\/p>\n<p><em>&#8222;Wir danken unserem scheidenden Vorsitzenden Christine McGrath f\u00fcr ihre engagierte F\u00fchrung und wertvolle Beitr\u00e4ge und freuen sich, Tricia Brannigan als unseren neuen Vorsitzenden und Liberato Milo als stellvertretender Vorsitzender und Schatzmeister willkommen zu hei\u00dfen.&#8220; <\/em>sagte Chris Vincent, WCF -Pr\u00e4sident.<em> &#8222;Mit zunehmenden regulatorischen Erwartungen und wachsender Nachfrage nach R\u00fcckverfolgbarkeit und Sicherheit ist WCF nach wie vor verpflichtet, seine Mitglieder durch starke Governance, Anwaltschaft und koordinierte L\u00f6sungen zu unterst\u00fctzen, die die sektorweite Widerstandsf\u00e4higkeit, die Komplikanschaft und die nachhaltigen Auswirkungen st\u00e4rken.&#8220;<\/em><\/p>\n<p>Tricia Brannigan, WCF -Stuhl, kommentierte:<em> &#8222;Ich f\u00fchle mich geehrt, die Rolle des Vorsitzenden zu \u00fcbernehmen und freue mich darauf, die fortgesetzte Entwicklung der WCF -Strategie zu unterst\u00fctzen. Gemeinsam haben wir die M\u00f6glichkeit, eine sinnvolle Ver\u00e4nderung f\u00fcr den Kakaosektor vorzunehmen und eine nachhaltigere und widerstandsf\u00e4higere Zukunft f\u00fcr die gesamte Wertsch\u00f6pfungskette zu formen.&#8220;<\/em><\/p>\n<p>Tejinder Singh Saraon, CEO der Global Cocoa-Plattform von OFI, wird als Vorstandsoffizier und Sekret\u00e4r fortgesetzt, und Kojo Amoo-Gottfried, Gesch\u00e4ftsf\u00fchrer Cocoa und Schokolade, Nordamerika und Genuss in Cargill, wird als Vizeschuhe bleiben.<\/p>\n<p>Diese Ernennungen wurden auf der j\u00fcngsten WCF -Vorstandssitzung best\u00e4tigt und haben einen entscheidenden Moment f\u00fcr den Kakaosektor, der sich mit einer Reihe von Herausforderungen, einschlie\u00dflich Klimawandel, Krankheiten, sinkende Produktivit\u00e4t, sich entwickelnde Regulierung, Versorgungsdefiziten und Marktvolatilit\u00e4t, eingesetzt.<\/p>\n","protected":false},"excerpt":{"rendered":"<p>Die World Cocoa Foundation (WCF) k\u00fcndigte die Wahl ihrer neuen Vorstandsbeauftragten nach Abschluss der zweij\u00e4hrigen Amtszeit der vorherigen Beamten an. Tricia Brannigan, Vizepr\u00e4sidentin und Chief<\/p>\n","protected":false},"author":1,"featured_media":5859,"comment_status":"closed","ping_status":"","sticky":false,"template":"","format":"standard","meta":{"footnotes":""},"categories":[101],"tags":[5119,1087,8217,108,8218,1085],"class_list":["post-5858","post","type-post","status-publish","format-standard","has-post-thumbnail","hentry","category-oekologie","tag-cocoa","tag-foundation","tag-kuendigt","tag-neue","tag-vorstandsfuehrung","tag-world","generate-columns","tablet-grid-50","mobile-grid-100","grid-parent","grid-50"],"yoast_head":"<!-- This site is optimized with the Yoast SEO plugin v27.3 - https:\/\/yoast.com\/product\/yoast-seo-wordpress\/ -->\n<title>World Cocoa Foundation k\u00fcndigt neue Vorstandsf\u00fchrung an - Nachrichten - Stra\u00dfenweb<\/title>\n<meta name=\"robots\" content=\"index, follow, max-snippet:-1, max-image-preview:large, max-video-preview:-1\" \/>\n<link rel=\"canonical\" href=\"https:\/\/www.strassenweb.de\/nachrichten\/world-cocoa-foundation-kuendigt-neue-vorstandsfuehrung-an\/\" \/>\n<meta property=\"og:locale\" content=\"de_DE\" \/>\n<meta property=\"og:type\" content=\"article\" \/>\n<meta property=\"og:title\" content=\"World Cocoa Foundation k\u00fcndigt neue Vorstandsf\u00fchrung an - Nachrichten - Stra\u00dfenweb\" \/>\n<meta property=\"og:description\" content=\"Die World Cocoa Foundation (WCF) k\u00fcndigte die Wahl ihrer neuen Vorstandsbeauftragten nach Abschluss der zweij\u00e4hrigen Amtszeit der vorherigen Beamten an. Tricia Brannigan, Vizepr\u00e4sidentin und Chief\" \/>\n<meta property=\"og:url\" content=\"https:\/\/www.strassenweb.de\/nachrichten\/world-cocoa-foundation-kuendigt-neue-vorstandsfuehrung-an\/\" \/>\n<meta property=\"og:site_name\" content=\"Stra\u00dfenweb\" \/>\n<meta property=\"article:publisher\" content=\"https:\/\/www.facebook.com\/strassenweb\/\" \/>\n<meta property=\"article:published_time\" content=\"2025-06-24T00:39:13+00:00\" \/>\n<meta property=\"og:image\" content=\"https:\/\/www.strassenweb.de\/nachrichten\/wp-content\/uploads\/2025\/06\/World-Cocoa-Foundation-kuendigt-neue-Vorstandsfuehrung-an.jpg\" \/>\n\t<meta property=\"og:image:width\" content=\"900\" \/>\n\t<meta property=\"og:image:height\" content=\"600\" \/>\n\t<meta property=\"og:image:type\" content=\"image\/jpeg\" \/>\n<meta name=\"author\" content=\"Robert Hoffmann\" \/>\n<meta name=\"twitter:card\" content=\"summary_large_image\" \/>\n<meta name=\"twitter:label1\" content=\"Verfasst von\" \/>\n\t<meta name=\"twitter:data1\" content=\"Robert Hoffmann\" \/>\n\t<meta name=\"twitter:label2\" content=\"Gesch\u00e4tzte Lesezeit\" \/>\n\t<meta name=\"twitter:data2\" content=\"2\u00a0Minuten\" \/>\n<script type=\"application\/ld+json\" class=\"yoast-schema-graph\">{\"@context\":\"https:\\\/\\\/schema.org\",\"@graph\":[{\"@type\":\"Article\",\"@id\":\"https:\\\/\\\/www.strassenweb.de\\\/nachrichten\\\/world-cocoa-foundation-kuendigt-neue-vorstandsfuehrung-an\\\/#article\",\"isPartOf\":{\"@id\":\"https:\\\/\\\/www.strassenweb.de\\\/nachrichten\\\/world-cocoa-foundation-kuendigt-neue-vorstandsfuehrung-an\\\/\"},\"author\":{\"name\":\"Robert Hoffmann\",\"@id\":\"https:\\\/\\\/www.strassenweb.de\\\/nachrichten\\\/#\\\/schema\\\/person\\\/87c9c9067f1211da429a744dc5a5aa41\"},\"headline\":\"World Cocoa Foundation k\u00fcndigt neue Vorstandsf\u00fchrung an\",\"datePublished\":\"2025-06-24T00:39:13+00:00\",\"mainEntityOfPage\":{\"@id\":\"https:\\\/\\\/www.strassenweb.de\\\/nachrichten\\\/world-cocoa-foundation-kuendigt-neue-vorstandsfuehrung-an\\\/\"},\"wordCount\":379,\"publisher\":{\"@id\":\"https:\\\/\\\/www.strassenweb.de\\\/nachrichten\\\/#organization\"},\"image\":{\"@id\":\"https:\\\/\\\/www.strassenweb.de\\\/nachrichten\\\/world-cocoa-foundation-kuendigt-neue-vorstandsfuehrung-an\\\/#primaryimage\"},\"thumbnailUrl\":\"https:\\\/\\\/www.strassenweb.de\\\/nachrichten\\\/wp-content\\\/uploads\\\/2025\\\/06\\\/World-Cocoa-Foundation-kuendigt-neue-Vorstandsfuehrung-an.jpg\",\"keywords\":[\"Cocoa\",\"Foundation\",\"k\u00fcndigt\",\"Neue\",\"Vorstandsf\u00fchrung\",\"World\"],\"articleSection\":[\"\u00d6kologie\"],\"inLanguage\":\"de\"},{\"@type\":\"WebPage\",\"@id\":\"https:\\\/\\\/www.strassenweb.de\\\/nachrichten\\\/world-cocoa-foundation-kuendigt-neue-vorstandsfuehrung-an\\\/\",\"url\":\"https:\\\/\\\/www.strassenweb.de\\\/nachrichten\\\/world-cocoa-foundation-kuendigt-neue-vorstandsfuehrung-an\\\/\",\"name\":\"World Cocoa Foundation k\u00fcndigt neue Vorstandsf\u00fchrung an - Nachrichten - Stra\u00dfenweb\",\"isPartOf\":{\"@id\":\"https:\\\/\\\/www.strassenweb.de\\\/nachrichten\\\/#website\"},\"primaryImageOfPage\":{\"@id\":\"https:\\\/\\\/www.strassenweb.de\\\/nachrichten\\\/world-cocoa-foundation-kuendigt-neue-vorstandsfuehrung-an\\\/#primaryimage\"},\"image\":{\"@id\":\"https:\\\/\\\/www.strassenweb.de\\\/nachrichten\\\/world-cocoa-foundation-kuendigt-neue-vorstandsfuehrung-an\\\/#primaryimage\"},\"thumbnailUrl\":\"https:\\\/\\\/www.strassenweb.de\\\/nachrichten\\\/wp-content\\\/uploads\\\/2025\\\/06\\\/World-Cocoa-Foundation-kuendigt-neue-Vorstandsfuehrung-an.jpg\",\"datePublished\":\"2025-06-24T00:39:13+00:00\",\"breadcrumb\":{\"@id\":\"https:\\\/\\\/www.strassenweb.de\\\/nachrichten\\\/world-cocoa-foundation-kuendigt-neue-vorstandsfuehrung-an\\\/#breadcrumb\"},\"inLanguage\":\"de\",\"potentialAction\":[{\"@type\":\"ReadAction\",\"target\":[\"https:\\\/\\\/www.strassenweb.de\\\/nachrichten\\\/world-cocoa-foundation-kuendigt-neue-vorstandsfuehrung-an\\\/\"]}]},{\"@type\":\"ImageObject\",\"inLanguage\":\"de\",\"@id\":\"https:\\\/\\\/www.strassenweb.de\\\/nachrichten\\\/world-cocoa-foundation-kuendigt-neue-vorstandsfuehrung-an\\\/#primaryimage\",\"url\":\"https:\\\/\\\/www.strassenweb.de\\\/nachrichten\\\/wp-content\\\/uploads\\\/2025\\\/06\\\/World-Cocoa-Foundation-kuendigt-neue-Vorstandsfuehrung-an.jpg\",\"contentUrl\":\"https:\\\/\\\/www.strassenweb.de\\\/nachrichten\\\/wp-content\\\/uploads\\\/2025\\\/06\\\/World-Cocoa-Foundation-kuendigt-neue-Vorstandsfuehrung-an.jpg\",\"width\":900,\"height\":600,\"caption\":\"World Cocoa Foundation Announces New Board Leadership\"},{\"@type\":\"BreadcrumbList\",\"@id\":\"https:\\\/\\\/www.strassenweb.de\\\/nachrichten\\\/world-cocoa-foundation-kuendigt-neue-vorstandsfuehrung-an\\\/#breadcrumb\",\"itemListElement\":[{\"@type\":\"ListItem\",\"position\":1,\"name\":\"Home\",\"item\":\"https:\\\/\\\/www.strassenweb.de\\\/nachrichten\\\/\"},{\"@type\":\"ListItem\",\"position\":2,\"name\":\"World Cocoa Foundation k\u00fcndigt neue Vorstandsf\u00fchrung an\"}]},{\"@type\":\"WebSite\",\"@id\":\"https:\\\/\\\/www.strassenweb.de\\\/nachrichten\\\/#website\",\"url\":\"https:\\\/\\\/www.strassenweb.de\\\/nachrichten\\\/\",\"name\":\"Stra\u00dfenweb\",\"description\":\"Stra\u00dfenverzeichnis f\u00fcr Deutschland\",\"publisher\":{\"@id\":\"https:\\\/\\\/www.strassenweb.de\\\/nachrichten\\\/#organization\"},\"potentialAction\":[{\"@type\":\"SearchAction\",\"target\":{\"@type\":\"EntryPoint\",\"urlTemplate\":\"https:\\\/\\\/www.strassenweb.de\\\/nachrichten\\\/?s={search_term_string}\"},\"query-input\":{\"@type\":\"PropertyValueSpecification\",\"valueRequired\":true,\"valueName\":\"search_term_string\"}}],\"inLanguage\":\"de\"},{\"@type\":\"Organization\",\"@id\":\"https:\\\/\\\/www.strassenweb.de\\\/nachrichten\\\/#organization\",\"name\":\"Stra\u00dfenweb\",\"url\":\"https:\\\/\\\/www.strassenweb.de\\\/nachrichten\\\/\",\"logo\":{\"@type\":\"ImageObject\",\"inLanguage\":\"de\",\"@id\":\"https:\\\/\\\/www.strassenweb.de\\\/nachrichten\\\/#\\\/schema\\\/logo\\\/image\\\/\",\"url\":\"https:\\\/\\\/www.strassenweb.de\\\/nachrichten\\\/wp-content\\\/uploads\\\/2024\\\/09\\\/cropped-favicon.png\",\"contentUrl\":\"https:\\\/\\\/www.strassenweb.de\\\/nachrichten\\\/wp-content\\\/uploads\\\/2024\\\/09\\\/cropped-favicon.png\",\"width\":512,\"height\":512,\"caption\":\"Stra\u00dfenweb\"},\"image\":{\"@id\":\"https:\\\/\\\/www.strassenweb.de\\\/nachrichten\\\/#\\\/schema\\\/logo\\\/image\\\/\"},\"sameAs\":[\"https:\\\/\\\/www.facebook.com\\\/strassenweb\\\/\"]},{\"@type\":\"Person\",\"@id\":\"https:\\\/\\\/www.strassenweb.de\\\/nachrichten\\\/#\\\/schema\\\/person\\\/87c9c9067f1211da429a744dc5a5aa41\",\"name\":\"Robert Hoffmann\",\"image\":{\"@type\":\"ImageObject\",\"inLanguage\":\"de\",\"@id\":\"https:\\\/\\\/www.strassenweb.de\\\/nachrichten\\\/wp-content\\\/uploads\\\/2024\\\/09\\\/strassenweb-150x150.jpg\",\"url\":\"https:\\\/\\\/www.strassenweb.de\\\/nachrichten\\\/wp-content\\\/uploads\\\/2024\\\/09\\\/strassenweb-150x150.jpg\",\"contentUrl\":\"https:\\\/\\\/www.strassenweb.de\\\/nachrichten\\\/wp-content\\\/uploads\\\/2024\\\/09\\\/strassenweb-150x150.jpg\",\"caption\":\"Robert Hoffmann\"},\"description\":\"Ich hei\u00dfe Robert Hoffmann und ich bin ein leidenschaftlicher Verfechter von \u00d6kologie und Biodiversit\u00e4t. Seit meiner Kindheit in den W\u00e4ldern Bayerns f\u00fchle ich mich mit der Natur verbunden und bin entschlossen, sie zu sch\u00fctzen. Heute widme ich mein Leben der Sensibilisierung anderer f\u00fcr die Bedeutung des Umweltschutzes f\u00fcr zuk\u00fcnftige Generationen.\",\"sameAs\":[\"https:\\\/\\\/www.strassenweb.de\\\/\"]}]}<\/script>\n<!-- \/ Yoast SEO plugin. -->","yoast_head_json":{"title":"World Cocoa Foundation k\u00fcndigt neue Vorstandsf\u00fchrung an - Nachrichten - Stra\u00dfenweb","robots":{"index":"index","follow":"follow","max-snippet":"max-snippet:-1","max-image-preview":"max-image-preview:large","max-video-preview":"max-video-preview:-1"},"canonical":"https:\/\/www.strassenweb.de\/nachrichten\/world-cocoa-foundation-kuendigt-neue-vorstandsfuehrung-an\/","og_locale":"de_DE","og_type":"article","og_title":"World Cocoa Foundation k\u00fcndigt neue Vorstandsf\u00fchrung an - Nachrichten - Stra\u00dfenweb","og_description":"Die World Cocoa Foundation (WCF) k\u00fcndigte die Wahl ihrer neuen Vorstandsbeauftragten nach Abschluss der zweij\u00e4hrigen Amtszeit der vorherigen Beamten an. Tricia Brannigan, Vizepr\u00e4sidentin und Chief","og_url":"https:\/\/www.strassenweb.de\/nachrichten\/world-cocoa-foundation-kuendigt-neue-vorstandsfuehrung-an\/","og_site_name":"Stra\u00dfenweb","article_publisher":"https:\/\/www.facebook.com\/strassenweb\/","article_published_time":"2025-06-24T00:39:13+00:00","og_image":[{"width":900,"height":600,"url":"https:\/\/www.strassenweb.de\/nachrichten\/wp-content\/uploads\/2025\/06\/World-Cocoa-Foundation-kuendigt-neue-Vorstandsfuehrung-an.jpg","type":"image\/jpeg"}],"author":"Robert Hoffmann","twitter_card":"summary_large_image","twitter_misc":{"Verfasst von":"Robert Hoffmann","Gesch\u00e4tzte Lesezeit":"2\u00a0Minuten"},"schema":{"@context":"https:\/\/schema.org","@graph":[{"@type":"Article","@id":"https:\/\/www.strassenweb.de\/nachrichten\/world-cocoa-foundation-kuendigt-neue-vorstandsfuehrung-an\/#article","isPartOf":{"@id":"https:\/\/www.strassenweb.de\/nachrichten\/world-cocoa-foundation-kuendigt-neue-vorstandsfuehrung-an\/"},"author":{"name":"Robert Hoffmann","@id":"https:\/\/www.strassenweb.de\/nachrichten\/#\/schema\/person\/87c9c9067f1211da429a744dc5a5aa41"},"headline":"World Cocoa Foundation k\u00fcndigt neue Vorstandsf\u00fchrung an","datePublished":"2025-06-24T00:39:13+00:00","mainEntityOfPage":{"@id":"https:\/\/www.strassenweb.de\/nachrichten\/world-cocoa-foundation-kuendigt-neue-vorstandsfuehrung-an\/"},"wordCount":379,"publisher":{"@id":"https:\/\/www.strassenweb.de\/nachrichten\/#organization"},"image":{"@id":"https:\/\/www.strassenweb.de\/nachrichten\/world-cocoa-foundation-kuendigt-neue-vorstandsfuehrung-an\/#primaryimage"},"thumbnailUrl":"https:\/\/www.strassenweb.de\/nachrichten\/wp-content\/uploads\/2025\/06\/World-Cocoa-Foundation-kuendigt-neue-Vorstandsfuehrung-an.jpg","keywords":["Cocoa","Foundation","k\u00fcndigt","Neue","Vorstandsf\u00fchrung","World"],"articleSection":["\u00d6kologie"],"inLanguage":"de"},{"@type":"WebPage","@id":"https:\/\/www.strassenweb.de\/nachrichten\/world-cocoa-foundation-kuendigt-neue-vorstandsfuehrung-an\/","url":"https:\/\/www.strassenweb.de\/nachrichten\/world-cocoa-foundation-kuendigt-neue-vorstandsfuehrung-an\/","name":"World Cocoa Foundation k\u00fcndigt neue Vorstandsf\u00fchrung an - Nachrichten - Stra\u00dfenweb","isPartOf":{"@id":"https:\/\/www.strassenweb.de\/nachrichten\/#website"},"primaryImageOfPage":{"@id":"https:\/\/www.strassenweb.de\/nachrichten\/world-cocoa-foundation-kuendigt-neue-vorstandsfuehrung-an\/#primaryimage"},"image":{"@id":"https:\/\/www.strassenweb.de\/nachrichten\/world-cocoa-foundation-kuendigt-neue-vorstandsfuehrung-an\/#primaryimage"},"thumbnailUrl":"https:\/\/www.strassenweb.de\/nachrichten\/wp-content\/uploads\/2025\/06\/World-Cocoa-Foundation-kuendigt-neue-Vorstandsfuehrung-an.jpg","datePublished":"2025-06-24T00:39:13+00:00","breadcrumb":{"@id":"https:\/\/www.strassenweb.de\/nachrichten\/world-cocoa-foundation-kuendigt-neue-vorstandsfuehrung-an\/#breadcrumb"},"inLanguage":"de","potentialAction":[{"@type":"ReadAction","target":["https:\/\/www.strassenweb.de\/nachrichten\/world-cocoa-foundation-kuendigt-neue-vorstandsfuehrung-an\/"]}]},{"@type":"ImageObject","inLanguage":"de","@id":"https:\/\/www.strassenweb.de\/nachrichten\/world-cocoa-foundation-kuendigt-neue-vorstandsfuehrung-an\/#primaryimage","url":"https:\/\/www.strassenweb.de\/nachrichten\/wp-content\/uploads\/2025\/06\/World-Cocoa-Foundation-kuendigt-neue-Vorstandsfuehrung-an.jpg","contentUrl":"https:\/\/www.strassenweb.de\/nachrichten\/wp-content\/uploads\/2025\/06\/World-Cocoa-Foundation-kuendigt-neue-Vorstandsfuehrung-an.jpg","width":900,"height":600,"caption":"World Cocoa Foundation Announces New Board Leadership"},{"@type":"BreadcrumbList","@id":"https:\/\/www.strassenweb.de\/nachrichten\/world-cocoa-foundation-kuendigt-neue-vorstandsfuehrung-an\/#breadcrumb","itemListElement":[{"@type":"ListItem","position":1,"name":"Home","item":"https:\/\/www.strassenweb.de\/nachrichten\/"},{"@type":"ListItem","position":2,"name":"World Cocoa Foundation k\u00fcndigt neue Vorstandsf\u00fchrung an"}]},{"@type":"WebSite","@id":"https:\/\/www.strassenweb.de\/nachrichten\/#website","url":"https:\/\/www.strassenweb.de\/nachrichten\/","name":"Stra\u00dfenweb","description":"Stra\u00dfenverzeichnis f\u00fcr Deutschland","publisher":{"@id":"https:\/\/www.strassenweb.de\/nachrichten\/#organization"},"potentialAction":[{"@type":"SearchAction","target":{"@type":"EntryPoint","urlTemplate":"https:\/\/www.strassenweb.de\/nachrichten\/?s={search_term_string}"},"query-input":{"@type":"PropertyValueSpecification","valueRequired":true,"valueName":"search_term_string"}}],"inLanguage":"de"},{"@type":"Organization","@id":"https:\/\/www.strassenweb.de\/nachrichten\/#organization","name":"Stra\u00dfenweb","url":"https:\/\/www.strassenweb.de\/nachrichten\/","logo":{"@type":"ImageObject","inLanguage":"de","@id":"https:\/\/www.strassenweb.de\/nachrichten\/#\/schema\/logo\/image\/","url":"https:\/\/www.strassenweb.de\/nachrichten\/wp-content\/uploads\/2024\/09\/cropped-favicon.png","contentUrl":"https:\/\/www.strassenweb.de\/nachrichten\/wp-content\/uploads\/2024\/09\/cropped-favicon.png","width":512,"height":512,"caption":"Stra\u00dfenweb"},"image":{"@id":"https:\/\/www.strassenweb.de\/nachrichten\/#\/schema\/logo\/image\/"},"sameAs":["https:\/\/www.facebook.com\/strassenweb\/"]},{"@type":"Person","@id":"https:\/\/www.strassenweb.de\/nachrichten\/#\/schema\/person\/87c9c9067f1211da429a744dc5a5aa41","name":"Robert Hoffmann","image":{"@type":"ImageObject","inLanguage":"de","@id":"https:\/\/www.strassenweb.de\/nachrichten\/wp-content\/uploads\/2024\/09\/strassenweb-150x150.jpg","url":"https:\/\/www.strassenweb.de\/nachrichten\/wp-content\/uploads\/2024\/09\/strassenweb-150x150.jpg","contentUrl":"https:\/\/www.strassenweb.de\/nachrichten\/wp-content\/uploads\/2024\/09\/strassenweb-150x150.jpg","caption":"Robert Hoffmann"},"description":"Ich hei\u00dfe Robert Hoffmann und ich bin ein leidenschaftlicher Verfechter von \u00d6kologie und Biodiversit\u00e4t. Seit meiner Kindheit in den W\u00e4ldern Bayerns f\u00fchle ich mich mit der Natur verbunden und bin entschlossen, sie zu sch\u00fctzen. Heute widme ich mein Leben der Sensibilisierung anderer f\u00fcr die Bedeutung des Umweltschutzes f\u00fcr zuk\u00fcnftige Generationen.","sameAs":["https:\/\/www.strassenweb.de\/"]}]}},"_links":{"self":[{"href":"https:\/\/www.strassenweb.de\/nachrichten\/wp-json\/wp\/v2\/posts\/5858","targetHints":{"allow":["GET"]}}],"collection":[{"href":"https:\/\/www.strassenweb.de\/nachrichten\/wp-json\/wp\/v2\/posts"}],"about":[{"href":"https:\/\/www.strassenweb.de\/nachrichten\/wp-json\/wp\/v2\/types\/post"}],"author":[{"embeddable":true,"href":"https:\/\/www.strassenweb.de\/nachrichten\/wp-json\/wp\/v2\/users\/1"}],"replies":[{"embeddable":true,"href":"https:\/\/www.strassenweb.de\/nachrichten\/wp-json\/wp\/v2\/comments?post=5858"}],"version-history":[{"count":0,"href":"https:\/\/www.strassenweb.de\/nachrichten\/wp-json\/wp\/v2\/posts\/5858\/revisions"}],"wp:featuredmedia":[{"embeddable":true,"href":"https:\/\/www.strassenweb.de\/nachrichten\/wp-json\/wp\/v2\/media\/5859"}],"wp:attachment":[{"href":"https:\/\/www.strassenweb.de\/nachrichten\/wp-json\/wp\/v2\/media?parent=5858"}],"wp:term":[{"taxonomy":"category","embeddable":true,"href":"https:\/\/www.strassenweb.de\/nachrichten\/wp-json\/wp\/v2\/categories?post=5858"},{"taxonomy":"post_tag","embeddable":true,"href":"https:\/\/www.strassenweb.de\/nachrichten\/wp-json\/wp\/v2\/tags?post=5858"}],"curies":[{"name":"wp","href":"https:\/\/api.w.org\/{rel}","templated":true}]}}