{"id":5852,"date":"2025-06-23T21:48:12","date_gmt":"2025-06-23T19:48:12","guid":{"rendered":"https:\/\/www.strassenweb.de\/nachrichten\/ich-bin-ein-professioneller-gaertner-und-diese-1-natuerliche-zutat-ist-wichtig-um-japanischen-ahorns-im-sommer-zu-helfen-und-gibt-ihnen-auch-eine-lebendige-herbstfarbe\/"},"modified":"2025-06-23T21:48:13","modified_gmt":"2025-06-23T19:48:13","slug":"ich-bin-ein-professioneller-gaertner-und-diese-1-natuerliche-zutat-ist-wichtig-um-japanischen-ahorns-im-sommer-zu-helfen-und-gibt-ihnen-auch-eine-lebendige-herbstfarbe","status":"publish","type":"post","link":"https:\/\/www.strassenweb.de\/nachrichten\/ich-bin-ein-professioneller-gaertner-und-diese-1-natuerliche-zutat-ist-wichtig-um-japanischen-ahorns-im-sommer-zu-helfen-und-gibt-ihnen-auch-eine-lebendige-herbstfarbe\/","title":{"rendered":"Ich bin ein professioneller G\u00e4rtner, und diese 1 nat\u00fcrliche Zutat ist wichtig, um japanischen Ahorns im Sommer zu helfen &#8211; und gibt Ihnen auch eine lebendige Herbstfarbe"},"content":{"rendered":"<div id=\"article-body\" class=\"article__body \">\n<p>Japanische Maples sind f\u00fcr mich einige der besten (und einfachsten) B\u00e4ume, die in Hinterh\u00f6fen wachsen. Aber w\u00e4hrend sie wartungsarmer in langen, hei\u00dfen Sommer sind, k\u00f6nnen sie k\u00e4mpfen. Aus diesem Grund ist Mulching japanischer Maples eine schnelle, aber entscheidende Aufgabe, bevor das Quecksilber anf\u00e4ngt zu steigern.<\/p>\n<div id=\"ad-unit-1\" class=\"ad-unit\"><\/div>\n<p>Ich habe japanische Maples in vielen G\u00e4rten gepflegt, in denen ich als professioneller G\u00e4rtner gearbeitet habe und ob in T\u00f6pfen oder weitl\u00e4ufigen Grenzen gewachsen ist und Mulching im sp\u00e4ten Fr\u00fchling und Fr\u00fchsommer Dividenden zahlen kann. Glauben Sie mir, eine klobige, zwei bis vier Zoll gro\u00dfe Schicht, die im Juni angewendet wurde, kann den Unterschied zwischen \u00fcppigen, gr\u00fcnen Bl\u00e4ttern oder einem braunen, knusprigen Baldachin ausmachen.<\/p>\n<p>Wenn Sie also m\u00f6chten, dass Ihre japanischen Ahornb\u00e4ume in diesem Jahr f\u00fcr sein Bestes aussehen, selbst wenn die sengende Sonne im Juli und August am grausamsten ist, ist Mulching unerl\u00e4sslich. Hier teile ich alles, was ich wei\u00df, nach einem Jahrzehnt in \u00f6ffentlichen und privaten G\u00e4rten.<\/p>\n<div class=\"van_vid_carousel\">\n<div class=\"van_vid_carousel__padding\">\n<div class=\"van_vid_carousel__container\"><\/div>\n<\/div>\n<\/div>\n<aside data-component-name=\"Recirculation:ArticleRiver\" data-nosnippet class=\"pt-3 pb-4 mb-4 border-b border-solid border-(#333)\">\n<span class=\"\nafter:content-('') after:flex-1 after:ml-4 after:my-(0.7rem) after:border-t-(#333) after:border-t after:border-solid\nbefore:content-('') before:flex-1 before:mr-4 before:my-(0.7rem) before:border-t-(#333) before:border-t before:border-solid\nfont-article-heading pb-3 !text-base font-bold uppercase sm:text-sm text-(#333) flex\"><\/p>\n<p>Sie m\u00f6gen m\u00f6gen<br \/>\n<\/span><\/p>\n<ul class=\"flex flex-col gap-3 m-0\">\n<li class=\"m-0 list-none\" name=\"recirculation-inline\" data-analytics-id=\"recirculation-inline-1\" analytics-label=\"adviser:related\">\n<picture data-new-v2-image=\"true\" class=\"w-(--article-river-thumbnail-width,60px) flex-shrink-0\"><source type=\"image\/webp\"  ><\/source><\/p>\n<\/picture>\n<span class=\"hover:text-inherit font-article-heading text-base text-(#333) leading-5 content-center\">G\u00e4rtner mit japanischen Ahorns, die aufgefordert werden, diese einfache L\u00f6sung von 2-Zutaten zu verwenden, die die Sch\u00e4dlinge schnell aufh\u00f6rt, wenn Sie jetzt handeln<\/span><\/p>\n<\/li>\n<li class=\"m-0 list-none\" name=\"recirculation-inline\" data-analytics-id=\"recirculation-inline-2\" analytics-label=\"adviser:related\">\n<picture data-new-v2-image=\"true\" class=\"w-(--article-river-thumbnail-width,60px) flex-shrink-0\"><source type=\"image\/webp\"  ><\/source><br \/>\n<img decoding=\"async\" alt=\"A Hordersa &#039; Annabelle &#039; mit wei\u00dfen Bl\u00fcten bedeckt\"   loading=\"lazy\" data-new-v2-image=\"true\" src=\"https:\/\/www.strassenweb.de\/nachrichten\/wp-content\/uploads\/2025\/06\/zwQfEXmWLgc9LYgatRfHRZ.jpg\" data-pin-media=\"https:\/\/www.strassenweb.de\/nachrichten\/wp-content\/uploads\/2025\/06\/zwQfEXmWLgc9LYgatRfHRZ.jpg\" data-pin-nopin=\"true\" class=\"aspect-(--img-listing-aspect-ratio,16\/9) object-cover w-(--article-river-thumbnail-width,60px) flex-shrink-0\">\n<\/picture>\n<span class=\"hover:text-inherit font-article-heading text-base text-(#333) leading-5 content-center\">Ihre Hortensien florieren dank dieses nat\u00fcrlichen Materials, das einfach zu bedienen ist<\/span><\/p>\n<\/li>\n<li class=\"m-0 list-none\" name=\"recirculation-inline\" data-analytics-id=\"recirculation-inline-3\" analytics-label=\"adviser:related\">\n<picture data-new-v2-image=\"true\" class=\"w-(--article-river-thumbnail-width,60px) flex-shrink-0\"><source type=\"image\/webp\"  ><\/source><br \/>\n<img decoding=\"async\" alt=\"Der Glasshouse Garden von Jo Thompson bei der RHS Chelsea Flower Show 2025. Mit kleinen B\u00e4umen und farbenfrohen Rosen und Fingerhut\"   loading=\"lazy\" data-new-v2-image=\"true\" src=\"https:\/\/www.strassenweb.de\/nachrichten\/wp-content\/uploads\/2025\/06\/XPwBeDZ3wyrNHVukPpouW7.jpg\" data-pin-media=\"https:\/\/www.strassenweb.de\/nachrichten\/wp-content\/uploads\/2025\/06\/XPwBeDZ3wyrNHVukPpouW7.jpg\" data-pin-nopin=\"true\" class=\"aspect-(--img-listing-aspect-ratio,16\/9) object-cover w-(--article-river-thumbnail-width,60px) flex-shrink-0\">\n<\/picture>\n<span class=\"hover:text-inherit font-article-heading text-base text-(#333) leading-5 content-center\">5 kleine B\u00e4ume, die von Vernachl\u00e4ssigung gedeihen-Experten-Auswahl an sch\u00f6nen Kleinraum-Arten, die Sie gl\u00fccklicherweise ignorieren k\u00f6nnen<\/span><\/p>\n<\/li>\n<\/ul>\n<\/aside>\n<figure class=\"van-image-figure inline-layout \" data-bordeaux-image-check>\n<div class=\"image-full-width-wrapper\">\n<div class=\"image-widthsetter\" style=\"max-width:2400px;\"><\/div>\n<\/div>\n<\/figure>\n<h2 id=\"caring-for-japanese-maple-trees-in-summer-3\">Pflege japanischer Ahornb\u00e4ume im Sommer<\/h2>\n<aside data-block-type=\"embed\" data-render-type=\"fte\" data-skip=\"dealsy\" data-widget-type=\"seasonal\" class=\"hawk-base\"><\/aside>\n<p>Seien wir ehrlich, als Saison kann der Sommer f\u00fcr Pflanzen harte Arbeit sein. Berichte \u00fcber sengende Hitze und ausgedehnte D\u00fcrre sind nicht das, was wir G\u00e4rtner gerne sehen, wenn wir das Wetter \u00fcberpr\u00fcfen.<\/p>\n<div id=\"ad-unit-2\" class=\"ad-unit\"><\/div>\n<p>Insbesondere Waldanlagen, einschlie\u00dflich aller Arten japanischer Maples, k\u00f6nnen im Juni, Juli, August und September k\u00e4mpfen, in denen der Schatten ein Luxus und Feuchtigkeit ist, an dem es schwer zu bekommen ist.<\/p>\n<p>Aus diesem Grund empfehle ich einen kleinen Mulchort, der diesen Statement -Str\u00e4uchern und -b\u00e4umen wirklich helfen kann, in jeder US -amerikanischen Hardiness -Zone herausfordernde saisonale Ver\u00e4nderungen zu \u00fcberleben.<\/p>\n<h3 class=\"article-body__section\" id=\"section-mulching-japanese-maples\"><span>Japanische Maples mulchen<\/span><\/h3>\n<figure class=\"van-image-figure inline-layout \" data-bordeaux-image-check>\n<div class=\"image-full-width-wrapper\">\n<div class=\"image-widthsetter\" style=\"max-width:2000px;\"><\/div>\n<\/div>\n<\/figure>\n<p>Mulchende japanische Maples m\u00fcssen nicht kompliziert sein, aber meiner Erfahrung nach hilft es Ihren Pflanzen, diese einfache Aufgabe zu Ihrer Sommergarten -Checkliste zu f\u00fcgen, es wirklich zu einem kniffligen Sommerwetter zu helfen.<\/p>\n<p>Wenn Sie anfangen, nehmen Sie sich etwas Zeit, um einen Grundst\u00fcck zu erledigen. Dies gilt unabh\u00e4ngig davon, ob Sie japanische Ahornhaples in T\u00f6pfen oder Grenzen wachsen.<\/p>\n<p>Es ist nicht n\u00f6tig, am Wurzelball zu stupsen oder zu hacken &#8230; nur eine schnelle Geschwindigkeitsgeschwindigkeit, die L\u00f6wenzahn oder Kleebl\u00fcftungen sanft neckt, die um die Basis herum wachsen k\u00f6nnten.<\/p>\n<p>Dann wird die tiefe Bew\u00e4sserung einen gro\u00dfen Beitrag zur Gew\u00e4hrleistung des Erfolgs leisten. Verwenden Sie einen Schlauch auf einer langsamen Umgebung f\u00fcr gr\u00f6\u00dfere B\u00e4ume oder ein oder zwei volle Bew\u00e4sserungsdose f\u00fcr Topfproben.<\/p>\n<p>Es ist wichtig, in dieser Phase zu gie\u00dfen, und es ist wichtig, dass der Boden feucht ist, bevor Sie Mulch nach dem Auftragen Ihrer dicken Schicht Feuchtigkeit im Boden versiegeln.<\/p>\n<p>Anschlie\u00dfend k\u00f6nnen Sie Mulchen bekommen. Es gibt hier nicht wirklich irgendwelche Regeln, die hier folgen m\u00fcssen, nur, nur Ihren Mulch aus der Schubkarre schaufeln, sie gleichm\u00e4\u00dfig herausholen, um eine zwei bis vier Zoll gro\u00dfe Schicht zu bilden und eine kleine L\u00fccke von der Basis des Rumpfes zu halten.<\/p>\n<p>In Bezug auf das, was zu verwenden ist, gibt es viele verschiedene Arten von Mulch zur Auswahl, und jeder Blattform oder hausgemachte Kompost erledigt die Arbeit.<\/p>\n<p>Wenn Sie auf dem Markt sind, um Mulch zu kaufen, w\u00fcrde ich auch so etwas wie diesen Bio -Holzmulch von R\u00fccken zu den Wurzeln vorschlagen, die \u00fcber Amazon verkauft werden.<\/p>\n<hr>\n<p>Sobald Sie Mulching beendet haben, ist es eine gute Idee, auch japanische Ahornes zu d\u00fcngen.<\/p>\n<p>Verwenden Sie so etwas wie diesen organischen Baumfutter von Espoma, der bei Amazon erh\u00e4ltlich ist. Befolgen Sie jedoch unbedingt die Anweisungen f\u00fcr die Verpackung und f\u00fcttern Sie vor dem Ende des Sommers auf.<\/p>\n<h2 id=\"shop-mulching-essentials-3\">Mulching -Wesentliche einkaufen<\/h2>\n<div class=\"product-container hero-product-container product-block-no-wrap\">\n<div class=\"product-block-row\"><\/div>\n<div class=\"product-block-row\"><\/div>\n<div class=\"product-block-row\"><\/div>\n<\/div>\n<div class=\"block\" id=\"articleTag\" data-component-name=\"PostArticleLinks\">\n<div class=\"border-b border-b-black border-solid py-2.5 text-black font-bold uppercase\">Themen<\/div>\n<nav class=\"py-2.5 flex gap-2.5 flex-wrap\" data-analytics-id=\"article-tag\">\n<p>B\u00e4ume Str\u00e4ucher<br \/>\n<\/nav>\n<\/div>\n<\/div>\n","protected":false},"excerpt":{"rendered":"<p>Japanische Maples sind f\u00fcr mich einige der besten (und einfachsten) B\u00e4ume, die in Hinterh\u00f6fen wachsen. Aber w\u00e4hrend sie wartungsarmer in langen, hei\u00dfen Sommer sind, k\u00f6nnen<\/p>\n","protected":false},"author":1,"featured_media":5853,"comment_status":"closed","ping_status":"","sticky":false,"template":"","format":"standard","meta":{"footnotes":""},"categories":[118],"tags":[8214,436,1210,143,43,74,2098,53,470,8215,129,1046,15,8213,666,2816,6299,385,37,615,7531],"class_list":["post-5852","post","type-post","status-publish","format-standard","has-post-thumbnail","hentry","category-haus-garten","tag-ahorns","tag-auch","tag-bin","tag-diese","tag-ein","tag-eine","tag-gaertner","tag-gibt","tag-helfen","tag-herbstfarbe","tag-ich","tag-ihnen","tag-ist","tag-japanischen","tag-lebendige","tag-natuerliche","tag-professioneller","tag-sommer","tag-und","tag-wichtig","tag-zutat","generate-columns","tablet-grid-50","mobile-grid-100","grid-parent","grid-50"],"yoast_head":"<!-- This site is optimized with the Yoast SEO plugin v27.3 - https:\/\/yoast.com\/product\/yoast-seo-wordpress\/ -->\n<title>Ich bin ein professioneller G\u00e4rtner, und diese 1 nat\u00fcrliche Zutat ist wichtig, um japanischen Ahorns im Sommer zu helfen - und gibt Ihnen auch eine lebendige Herbstfarbe - Nachrichten - Stra\u00dfenweb<\/title>\n<meta name=\"robots\" content=\"index, follow, max-snippet:-1, max-image-preview:large, max-video-preview:-1\" \/>\n<link rel=\"canonical\" href=\"https:\/\/www.strassenweb.de\/nachrichten\/ich-bin-ein-professioneller-gaertner-und-diese-1-natuerliche-zutat-ist-wichtig-um-japanischen-ahorns-im-sommer-zu-helfen-und-gibt-ihnen-auch-eine-lebendige-herbstfarbe\/\" \/>\n<meta property=\"og:locale\" content=\"de_DE\" \/>\n<meta property=\"og:type\" content=\"article\" \/>\n<meta property=\"og:title\" content=\"Ich bin ein professioneller G\u00e4rtner, und diese 1 nat\u00fcrliche Zutat ist wichtig, um japanischen Ahorns im Sommer zu helfen - und gibt Ihnen auch eine lebendige Herbstfarbe - Nachrichten - Stra\u00dfenweb\" \/>\n<meta property=\"og:description\" content=\"Japanische Maples sind f\u00fcr mich einige der besten (und einfachsten) B\u00e4ume, die in Hinterh\u00f6fen wachsen. Aber w\u00e4hrend sie wartungsarmer in langen, hei\u00dfen Sommer sind, k\u00f6nnen\" \/>\n<meta property=\"og:url\" content=\"https:\/\/www.strassenweb.de\/nachrichten\/ich-bin-ein-professioneller-gaertner-und-diese-1-natuerliche-zutat-ist-wichtig-um-japanischen-ahorns-im-sommer-zu-helfen-und-gibt-ihnen-auch-eine-lebendige-herbstfarbe\/\" \/>\n<meta property=\"og:site_name\" content=\"Stra\u00dfenweb\" \/>\n<meta property=\"article:publisher\" content=\"https:\/\/www.facebook.com\/strassenweb\/\" \/>\n<meta property=\"article:published_time\" content=\"2025-06-23T19:48:12+00:00\" \/>\n<meta property=\"article:modified_time\" content=\"2025-06-23T19:48:13+00:00\" \/>\n<meta property=\"og:image\" content=\"https:\/\/www.strassenweb.de\/nachrichten\/wp-content\/uploads\/2025\/06\/Ich-bin-ein-professioneller-Gaertner-und-diese-1-natuerliche-Zutat.jpg\" \/>\n\t<meta property=\"og:image:width\" content=\"1600\" \/>\n\t<meta property=\"og:image:height\" content=\"900\" \/>\n\t<meta property=\"og:image:type\" content=\"image\/jpeg\" \/>\n<meta name=\"author\" content=\"Robert Hoffmann\" \/>\n<meta name=\"twitter:card\" content=\"summary_large_image\" \/>\n<meta name=\"twitter:label1\" content=\"Verfasst von\" \/>\n\t<meta name=\"twitter:data1\" content=\"Robert Hoffmann\" \/>\n\t<meta name=\"twitter:label2\" content=\"Gesch\u00e4tzte Lesezeit\" \/>\n\t<meta name=\"twitter:data2\" content=\"3\u00a0Minuten\" \/>\n<script type=\"application\/ld+json\" class=\"yoast-schema-graph\">{\"@context\":\"https:\\\/\\\/schema.org\",\"@graph\":[{\"@type\":\"Article\",\"@id\":\"https:\\\/\\\/www.strassenweb.de\\\/nachrichten\\\/ich-bin-ein-professioneller-gaertner-und-diese-1-natuerliche-zutat-ist-wichtig-um-japanischen-ahorns-im-sommer-zu-helfen-und-gibt-ihnen-auch-eine-lebendige-herbstfarbe\\\/#article\",\"isPartOf\":{\"@id\":\"https:\\\/\\\/www.strassenweb.de\\\/nachrichten\\\/ich-bin-ein-professioneller-gaertner-und-diese-1-natuerliche-zutat-ist-wichtig-um-japanischen-ahorns-im-sommer-zu-helfen-und-gibt-ihnen-auch-eine-lebendige-herbstfarbe\\\/\"},\"author\":{\"name\":\"Robert Hoffmann\",\"@id\":\"https:\\\/\\\/www.strassenweb.de\\\/nachrichten\\\/#\\\/schema\\\/person\\\/87c9c9067f1211da429a744dc5a5aa41\"},\"headline\":\"Ich bin ein professioneller G\u00e4rtner, und diese 1 nat\u00fcrliche Zutat ist wichtig, um japanischen Ahorns im Sommer zu helfen &#8211; und gibt Ihnen auch eine lebendige Herbstfarbe\",\"datePublished\":\"2025-06-23T19:48:12+00:00\",\"dateModified\":\"2025-06-23T19:48:13+00:00\",\"mainEntityOfPage\":{\"@id\":\"https:\\\/\\\/www.strassenweb.de\\\/nachrichten\\\/ich-bin-ein-professioneller-gaertner-und-diese-1-natuerliche-zutat-ist-wichtig-um-japanischen-ahorns-im-sommer-zu-helfen-und-gibt-ihnen-auch-eine-lebendige-herbstfarbe\\\/\"},\"wordCount\":718,\"publisher\":{\"@id\":\"https:\\\/\\\/www.strassenweb.de\\\/nachrichten\\\/#organization\"},\"image\":{\"@id\":\"https:\\\/\\\/www.strassenweb.de\\\/nachrichten\\\/ich-bin-ein-professioneller-gaertner-und-diese-1-natuerliche-zutat-ist-wichtig-um-japanischen-ahorns-im-sommer-zu-helfen-und-gibt-ihnen-auch-eine-lebendige-herbstfarbe\\\/#primaryimage\"},\"thumbnailUrl\":\"https:\\\/\\\/www.strassenweb.de\\\/nachrichten\\\/wp-content\\\/uploads\\\/2025\\\/06\\\/Ich-bin-ein-professioneller-Gaertner-und-diese-1-natuerliche-Zutat.jpg\",\"keywords\":[\"Ahorns\",\"Auch\",\"bin\",\"diese\",\"ein\",\"eine\",\"G\u00e4rtner\",\"gibt\",\"helfen\",\"Herbstfarbe\",\"ich\",\"ihnen\",\"ist\",\"japanischen\",\"lebendige\",\"nat\u00fcrliche\",\"professioneller\",\"Sommer\",\"und\",\"wichtig\",\"Zutat\"],\"articleSection\":[\"Haus &amp; Garten\"],\"inLanguage\":\"de\"},{\"@type\":\"WebPage\",\"@id\":\"https:\\\/\\\/www.strassenweb.de\\\/nachrichten\\\/ich-bin-ein-professioneller-gaertner-und-diese-1-natuerliche-zutat-ist-wichtig-um-japanischen-ahorns-im-sommer-zu-helfen-und-gibt-ihnen-auch-eine-lebendige-herbstfarbe\\\/\",\"url\":\"https:\\\/\\\/www.strassenweb.de\\\/nachrichten\\\/ich-bin-ein-professioneller-gaertner-und-diese-1-natuerliche-zutat-ist-wichtig-um-japanischen-ahorns-im-sommer-zu-helfen-und-gibt-ihnen-auch-eine-lebendige-herbstfarbe\\\/\",\"name\":\"Ich bin ein professioneller G\u00e4rtner, und diese 1 nat\u00fcrliche Zutat ist wichtig, um japanischen Ahorns im Sommer zu helfen - und gibt Ihnen auch eine lebendige Herbstfarbe - Nachrichten - Stra\u00dfenweb\",\"isPartOf\":{\"@id\":\"https:\\\/\\\/www.strassenweb.de\\\/nachrichten\\\/#website\"},\"primaryImageOfPage\":{\"@id\":\"https:\\\/\\\/www.strassenweb.de\\\/nachrichten\\\/ich-bin-ein-professioneller-gaertner-und-diese-1-natuerliche-zutat-ist-wichtig-um-japanischen-ahorns-im-sommer-zu-helfen-und-gibt-ihnen-auch-eine-lebendige-herbstfarbe\\\/#primaryimage\"},\"image\":{\"@id\":\"https:\\\/\\\/www.strassenweb.de\\\/nachrichten\\\/ich-bin-ein-professioneller-gaertner-und-diese-1-natuerliche-zutat-ist-wichtig-um-japanischen-ahorns-im-sommer-zu-helfen-und-gibt-ihnen-auch-eine-lebendige-herbstfarbe\\\/#primaryimage\"},\"thumbnailUrl\":\"https:\\\/\\\/www.strassenweb.de\\\/nachrichten\\\/wp-content\\\/uploads\\\/2025\\\/06\\\/Ich-bin-ein-professioneller-Gaertner-und-diese-1-natuerliche-Zutat.jpg\",\"datePublished\":\"2025-06-23T19:48:12+00:00\",\"dateModified\":\"2025-06-23T19:48:13+00:00\",\"breadcrumb\":{\"@id\":\"https:\\\/\\\/www.strassenweb.de\\\/nachrichten\\\/ich-bin-ein-professioneller-gaertner-und-diese-1-natuerliche-zutat-ist-wichtig-um-japanischen-ahorns-im-sommer-zu-helfen-und-gibt-ihnen-auch-eine-lebendige-herbstfarbe\\\/#breadcrumb\"},\"inLanguage\":\"de\",\"potentialAction\":[{\"@type\":\"ReadAction\",\"target\":[\"https:\\\/\\\/www.strassenweb.de\\\/nachrichten\\\/ich-bin-ein-professioneller-gaertner-und-diese-1-natuerliche-zutat-ist-wichtig-um-japanischen-ahorns-im-sommer-zu-helfen-und-gibt-ihnen-auch-eine-lebendige-herbstfarbe\\\/\"]}]},{\"@type\":\"ImageObject\",\"inLanguage\":\"de\",\"@id\":\"https:\\\/\\\/www.strassenweb.de\\\/nachrichten\\\/ich-bin-ein-professioneller-gaertner-und-diese-1-natuerliche-zutat-ist-wichtig-um-japanischen-ahorns-im-sommer-zu-helfen-und-gibt-ihnen-auch-eine-lebendige-herbstfarbe\\\/#primaryimage\",\"url\":\"https:\\\/\\\/www.strassenweb.de\\\/nachrichten\\\/wp-content\\\/uploads\\\/2025\\\/06\\\/Ich-bin-ein-professioneller-Gaertner-und-diese-1-natuerliche-Zutat.jpg\",\"contentUrl\":\"https:\\\/\\\/www.strassenweb.de\\\/nachrichten\\\/wp-content\\\/uploads\\\/2025\\\/06\\\/Ich-bin-ein-professioneller-Gaertner-und-diese-1-natuerliche-Zutat.jpg\",\"width\":1600,\"height\":900,\"caption\":\"Japanese maple trees in shade of red and green, growing on the Japanese Tea Garden, designed by Kazuyuki Ishihara, seen at the RHS Chelsea Flower Show 2025\"},{\"@type\":\"BreadcrumbList\",\"@id\":\"https:\\\/\\\/www.strassenweb.de\\\/nachrichten\\\/ich-bin-ein-professioneller-gaertner-und-diese-1-natuerliche-zutat-ist-wichtig-um-japanischen-ahorns-im-sommer-zu-helfen-und-gibt-ihnen-auch-eine-lebendige-herbstfarbe\\\/#breadcrumb\",\"itemListElement\":[{\"@type\":\"ListItem\",\"position\":1,\"name\":\"Home\",\"item\":\"https:\\\/\\\/www.strassenweb.de\\\/nachrichten\\\/\"},{\"@type\":\"ListItem\",\"position\":2,\"name\":\"Ich bin ein professioneller G\u00e4rtner, und diese 1 nat\u00fcrliche Zutat ist wichtig, um japanischen Ahorns im Sommer zu helfen &#8211; und gibt Ihnen auch eine lebendige Herbstfarbe\"}]},{\"@type\":\"WebSite\",\"@id\":\"https:\\\/\\\/www.strassenweb.de\\\/nachrichten\\\/#website\",\"url\":\"https:\\\/\\\/www.strassenweb.de\\\/nachrichten\\\/\",\"name\":\"Stra\u00dfenweb\",\"description\":\"Stra\u00dfenverzeichnis f\u00fcr Deutschland\",\"publisher\":{\"@id\":\"https:\\\/\\\/www.strassenweb.de\\\/nachrichten\\\/#organization\"},\"potentialAction\":[{\"@type\":\"SearchAction\",\"target\":{\"@type\":\"EntryPoint\",\"urlTemplate\":\"https:\\\/\\\/www.strassenweb.de\\\/nachrichten\\\/?s={search_term_string}\"},\"query-input\":{\"@type\":\"PropertyValueSpecification\",\"valueRequired\":true,\"valueName\":\"search_term_string\"}}],\"inLanguage\":\"de\"},{\"@type\":\"Organization\",\"@id\":\"https:\\\/\\\/www.strassenweb.de\\\/nachrichten\\\/#organization\",\"name\":\"Stra\u00dfenweb\",\"url\":\"https:\\\/\\\/www.strassenweb.de\\\/nachrichten\\\/\",\"logo\":{\"@type\":\"ImageObject\",\"inLanguage\":\"de\",\"@id\":\"https:\\\/\\\/www.strassenweb.de\\\/nachrichten\\\/#\\\/schema\\\/logo\\\/image\\\/\",\"url\":\"https:\\\/\\\/www.strassenweb.de\\\/nachrichten\\\/wp-content\\\/uploads\\\/2024\\\/09\\\/cropped-favicon.png\",\"contentUrl\":\"https:\\\/\\\/www.strassenweb.de\\\/nachrichten\\\/wp-content\\\/uploads\\\/2024\\\/09\\\/cropped-favicon.png\",\"width\":512,\"height\":512,\"caption\":\"Stra\u00dfenweb\"},\"image\":{\"@id\":\"https:\\\/\\\/www.strassenweb.de\\\/nachrichten\\\/#\\\/schema\\\/logo\\\/image\\\/\"},\"sameAs\":[\"https:\\\/\\\/www.facebook.com\\\/strassenweb\\\/\"]},{\"@type\":\"Person\",\"@id\":\"https:\\\/\\\/www.strassenweb.de\\\/nachrichten\\\/#\\\/schema\\\/person\\\/87c9c9067f1211da429a744dc5a5aa41\",\"name\":\"Robert Hoffmann\",\"image\":{\"@type\":\"ImageObject\",\"inLanguage\":\"de\",\"@id\":\"https:\\\/\\\/www.strassenweb.de\\\/nachrichten\\\/wp-content\\\/uploads\\\/2024\\\/09\\\/strassenweb-150x150.jpg\",\"url\":\"https:\\\/\\\/www.strassenweb.de\\\/nachrichten\\\/wp-content\\\/uploads\\\/2024\\\/09\\\/strassenweb-150x150.jpg\",\"contentUrl\":\"https:\\\/\\\/www.strassenweb.de\\\/nachrichten\\\/wp-content\\\/uploads\\\/2024\\\/09\\\/strassenweb-150x150.jpg\",\"caption\":\"Robert Hoffmann\"},\"description\":\"Ich hei\u00dfe Robert Hoffmann und ich bin ein leidenschaftlicher Verfechter von \u00d6kologie und Biodiversit\u00e4t. Seit meiner Kindheit in den W\u00e4ldern Bayerns f\u00fchle ich mich mit der Natur verbunden und bin entschlossen, sie zu sch\u00fctzen. Heute widme ich mein Leben der Sensibilisierung anderer f\u00fcr die Bedeutung des Umweltschutzes f\u00fcr zuk\u00fcnftige Generationen.\",\"sameAs\":[\"https:\\\/\\\/www.strassenweb.de\\\/\"]}]}<\/script>\n<!-- \/ Yoast SEO plugin. -->","yoast_head_json":{"title":"Ich bin ein professioneller G\u00e4rtner, und diese 1 nat\u00fcrliche Zutat ist wichtig, um japanischen Ahorns im Sommer zu helfen - und gibt Ihnen auch eine lebendige Herbstfarbe - Nachrichten - Stra\u00dfenweb","robots":{"index":"index","follow":"follow","max-snippet":"max-snippet:-1","max-image-preview":"max-image-preview:large","max-video-preview":"max-video-preview:-1"},"canonical":"https:\/\/www.strassenweb.de\/nachrichten\/ich-bin-ein-professioneller-gaertner-und-diese-1-natuerliche-zutat-ist-wichtig-um-japanischen-ahorns-im-sommer-zu-helfen-und-gibt-ihnen-auch-eine-lebendige-herbstfarbe\/","og_locale":"de_DE","og_type":"article","og_title":"Ich bin ein professioneller G\u00e4rtner, und diese 1 nat\u00fcrliche Zutat ist wichtig, um japanischen Ahorns im Sommer zu helfen - und gibt Ihnen auch eine lebendige Herbstfarbe - Nachrichten - Stra\u00dfenweb","og_description":"Japanische Maples sind f\u00fcr mich einige der besten (und einfachsten) B\u00e4ume, die in Hinterh\u00f6fen wachsen. Aber w\u00e4hrend sie wartungsarmer in langen, hei\u00dfen Sommer sind, k\u00f6nnen","og_url":"https:\/\/www.strassenweb.de\/nachrichten\/ich-bin-ein-professioneller-gaertner-und-diese-1-natuerliche-zutat-ist-wichtig-um-japanischen-ahorns-im-sommer-zu-helfen-und-gibt-ihnen-auch-eine-lebendige-herbstfarbe\/","og_site_name":"Stra\u00dfenweb","article_publisher":"https:\/\/www.facebook.com\/strassenweb\/","article_published_time":"2025-06-23T19:48:12+00:00","article_modified_time":"2025-06-23T19:48:13+00:00","og_image":[{"width":1600,"height":900,"url":"https:\/\/www.strassenweb.de\/nachrichten\/wp-content\/uploads\/2025\/06\/Ich-bin-ein-professioneller-Gaertner-und-diese-1-natuerliche-Zutat.jpg","type":"image\/jpeg"}],"author":"Robert Hoffmann","twitter_card":"summary_large_image","twitter_misc":{"Verfasst von":"Robert Hoffmann","Gesch\u00e4tzte Lesezeit":"3\u00a0Minuten"},"schema":{"@context":"https:\/\/schema.org","@graph":[{"@type":"Article","@id":"https:\/\/www.strassenweb.de\/nachrichten\/ich-bin-ein-professioneller-gaertner-und-diese-1-natuerliche-zutat-ist-wichtig-um-japanischen-ahorns-im-sommer-zu-helfen-und-gibt-ihnen-auch-eine-lebendige-herbstfarbe\/#article","isPartOf":{"@id":"https:\/\/www.strassenweb.de\/nachrichten\/ich-bin-ein-professioneller-gaertner-und-diese-1-natuerliche-zutat-ist-wichtig-um-japanischen-ahorns-im-sommer-zu-helfen-und-gibt-ihnen-auch-eine-lebendige-herbstfarbe\/"},"author":{"name":"Robert Hoffmann","@id":"https:\/\/www.strassenweb.de\/nachrichten\/#\/schema\/person\/87c9c9067f1211da429a744dc5a5aa41"},"headline":"Ich bin ein professioneller G\u00e4rtner, und diese 1 nat\u00fcrliche Zutat ist wichtig, um japanischen Ahorns im Sommer zu helfen &#8211; und gibt Ihnen auch eine lebendige Herbstfarbe","datePublished":"2025-06-23T19:48:12+00:00","dateModified":"2025-06-23T19:48:13+00:00","mainEntityOfPage":{"@id":"https:\/\/www.strassenweb.de\/nachrichten\/ich-bin-ein-professioneller-gaertner-und-diese-1-natuerliche-zutat-ist-wichtig-um-japanischen-ahorns-im-sommer-zu-helfen-und-gibt-ihnen-auch-eine-lebendige-herbstfarbe\/"},"wordCount":718,"publisher":{"@id":"https:\/\/www.strassenweb.de\/nachrichten\/#organization"},"image":{"@id":"https:\/\/www.strassenweb.de\/nachrichten\/ich-bin-ein-professioneller-gaertner-und-diese-1-natuerliche-zutat-ist-wichtig-um-japanischen-ahorns-im-sommer-zu-helfen-und-gibt-ihnen-auch-eine-lebendige-herbstfarbe\/#primaryimage"},"thumbnailUrl":"https:\/\/www.strassenweb.de\/nachrichten\/wp-content\/uploads\/2025\/06\/Ich-bin-ein-professioneller-Gaertner-und-diese-1-natuerliche-Zutat.jpg","keywords":["Ahorns","Auch","bin","diese","ein","eine","G\u00e4rtner","gibt","helfen","Herbstfarbe","ich","ihnen","ist","japanischen","lebendige","nat\u00fcrliche","professioneller","Sommer","und","wichtig","Zutat"],"articleSection":["Haus &amp; Garten"],"inLanguage":"de"},{"@type":"WebPage","@id":"https:\/\/www.strassenweb.de\/nachrichten\/ich-bin-ein-professioneller-gaertner-und-diese-1-natuerliche-zutat-ist-wichtig-um-japanischen-ahorns-im-sommer-zu-helfen-und-gibt-ihnen-auch-eine-lebendige-herbstfarbe\/","url":"https:\/\/www.strassenweb.de\/nachrichten\/ich-bin-ein-professioneller-gaertner-und-diese-1-natuerliche-zutat-ist-wichtig-um-japanischen-ahorns-im-sommer-zu-helfen-und-gibt-ihnen-auch-eine-lebendige-herbstfarbe\/","name":"Ich bin ein professioneller G\u00e4rtner, und diese 1 nat\u00fcrliche Zutat ist wichtig, um japanischen Ahorns im Sommer zu helfen - und gibt Ihnen auch eine lebendige Herbstfarbe - Nachrichten - Stra\u00dfenweb","isPartOf":{"@id":"https:\/\/www.strassenweb.de\/nachrichten\/#website"},"primaryImageOfPage":{"@id":"https:\/\/www.strassenweb.de\/nachrichten\/ich-bin-ein-professioneller-gaertner-und-diese-1-natuerliche-zutat-ist-wichtig-um-japanischen-ahorns-im-sommer-zu-helfen-und-gibt-ihnen-auch-eine-lebendige-herbstfarbe\/#primaryimage"},"image":{"@id":"https:\/\/www.strassenweb.de\/nachrichten\/ich-bin-ein-professioneller-gaertner-und-diese-1-natuerliche-zutat-ist-wichtig-um-japanischen-ahorns-im-sommer-zu-helfen-und-gibt-ihnen-auch-eine-lebendige-herbstfarbe\/#primaryimage"},"thumbnailUrl":"https:\/\/www.strassenweb.de\/nachrichten\/wp-content\/uploads\/2025\/06\/Ich-bin-ein-professioneller-Gaertner-und-diese-1-natuerliche-Zutat.jpg","datePublished":"2025-06-23T19:48:12+00:00","dateModified":"2025-06-23T19:48:13+00:00","breadcrumb":{"@id":"https:\/\/www.strassenweb.de\/nachrichten\/ich-bin-ein-professioneller-gaertner-und-diese-1-natuerliche-zutat-ist-wichtig-um-japanischen-ahorns-im-sommer-zu-helfen-und-gibt-ihnen-auch-eine-lebendige-herbstfarbe\/#breadcrumb"},"inLanguage":"de","potentialAction":[{"@type":"ReadAction","target":["https:\/\/www.strassenweb.de\/nachrichten\/ich-bin-ein-professioneller-gaertner-und-diese-1-natuerliche-zutat-ist-wichtig-um-japanischen-ahorns-im-sommer-zu-helfen-und-gibt-ihnen-auch-eine-lebendige-herbstfarbe\/"]}]},{"@type":"ImageObject","inLanguage":"de","@id":"https:\/\/www.strassenweb.de\/nachrichten\/ich-bin-ein-professioneller-gaertner-und-diese-1-natuerliche-zutat-ist-wichtig-um-japanischen-ahorns-im-sommer-zu-helfen-und-gibt-ihnen-auch-eine-lebendige-herbstfarbe\/#primaryimage","url":"https:\/\/www.strassenweb.de\/nachrichten\/wp-content\/uploads\/2025\/06\/Ich-bin-ein-professioneller-Gaertner-und-diese-1-natuerliche-Zutat.jpg","contentUrl":"https:\/\/www.strassenweb.de\/nachrichten\/wp-content\/uploads\/2025\/06\/Ich-bin-ein-professioneller-Gaertner-und-diese-1-natuerliche-Zutat.jpg","width":1600,"height":900,"caption":"Japanese maple trees in shade of red and green, growing on the Japanese Tea Garden, designed by Kazuyuki Ishihara, seen at the RHS Chelsea Flower Show 2025"},{"@type":"BreadcrumbList","@id":"https:\/\/www.strassenweb.de\/nachrichten\/ich-bin-ein-professioneller-gaertner-und-diese-1-natuerliche-zutat-ist-wichtig-um-japanischen-ahorns-im-sommer-zu-helfen-und-gibt-ihnen-auch-eine-lebendige-herbstfarbe\/#breadcrumb","itemListElement":[{"@type":"ListItem","position":1,"name":"Home","item":"https:\/\/www.strassenweb.de\/nachrichten\/"},{"@type":"ListItem","position":2,"name":"Ich bin ein professioneller G\u00e4rtner, und diese 1 nat\u00fcrliche Zutat ist wichtig, um japanischen Ahorns im Sommer zu helfen &#8211; und gibt Ihnen auch eine lebendige Herbstfarbe"}]},{"@type":"WebSite","@id":"https:\/\/www.strassenweb.de\/nachrichten\/#website","url":"https:\/\/www.strassenweb.de\/nachrichten\/","name":"Stra\u00dfenweb","description":"Stra\u00dfenverzeichnis f\u00fcr Deutschland","publisher":{"@id":"https:\/\/www.strassenweb.de\/nachrichten\/#organization"},"potentialAction":[{"@type":"SearchAction","target":{"@type":"EntryPoint","urlTemplate":"https:\/\/www.strassenweb.de\/nachrichten\/?s={search_term_string}"},"query-input":{"@type":"PropertyValueSpecification","valueRequired":true,"valueName":"search_term_string"}}],"inLanguage":"de"},{"@type":"Organization","@id":"https:\/\/www.strassenweb.de\/nachrichten\/#organization","name":"Stra\u00dfenweb","url":"https:\/\/www.strassenweb.de\/nachrichten\/","logo":{"@type":"ImageObject","inLanguage":"de","@id":"https:\/\/www.strassenweb.de\/nachrichten\/#\/schema\/logo\/image\/","url":"https:\/\/www.strassenweb.de\/nachrichten\/wp-content\/uploads\/2024\/09\/cropped-favicon.png","contentUrl":"https:\/\/www.strassenweb.de\/nachrichten\/wp-content\/uploads\/2024\/09\/cropped-favicon.png","width":512,"height":512,"caption":"Stra\u00dfenweb"},"image":{"@id":"https:\/\/www.strassenweb.de\/nachrichten\/#\/schema\/logo\/image\/"},"sameAs":["https:\/\/www.facebook.com\/strassenweb\/"]},{"@type":"Person","@id":"https:\/\/www.strassenweb.de\/nachrichten\/#\/schema\/person\/87c9c9067f1211da429a744dc5a5aa41","name":"Robert Hoffmann","image":{"@type":"ImageObject","inLanguage":"de","@id":"https:\/\/www.strassenweb.de\/nachrichten\/wp-content\/uploads\/2024\/09\/strassenweb-150x150.jpg","url":"https:\/\/www.strassenweb.de\/nachrichten\/wp-content\/uploads\/2024\/09\/strassenweb-150x150.jpg","contentUrl":"https:\/\/www.strassenweb.de\/nachrichten\/wp-content\/uploads\/2024\/09\/strassenweb-150x150.jpg","caption":"Robert Hoffmann"},"description":"Ich hei\u00dfe Robert Hoffmann und ich bin ein leidenschaftlicher Verfechter von \u00d6kologie und Biodiversit\u00e4t. Seit meiner Kindheit in den W\u00e4ldern Bayerns f\u00fchle ich mich mit der Natur verbunden und bin entschlossen, sie zu sch\u00fctzen. Heute widme ich mein Leben der Sensibilisierung anderer f\u00fcr die Bedeutung des Umweltschutzes f\u00fcr zuk\u00fcnftige Generationen.","sameAs":["https:\/\/www.strassenweb.de\/"]}]}},"_links":{"self":[{"href":"https:\/\/www.strassenweb.de\/nachrichten\/wp-json\/wp\/v2\/posts\/5852","targetHints":{"allow":["GET"]}}],"collection":[{"href":"https:\/\/www.strassenweb.de\/nachrichten\/wp-json\/wp\/v2\/posts"}],"about":[{"href":"https:\/\/www.strassenweb.de\/nachrichten\/wp-json\/wp\/v2\/types\/post"}],"author":[{"embeddable":true,"href":"https:\/\/www.strassenweb.de\/nachrichten\/wp-json\/wp\/v2\/users\/1"}],"replies":[{"embeddable":true,"href":"https:\/\/www.strassenweb.de\/nachrichten\/wp-json\/wp\/v2\/comments?post=5852"}],"version-history":[{"count":0,"href":"https:\/\/www.strassenweb.de\/nachrichten\/wp-json\/wp\/v2\/posts\/5852\/revisions"}],"wp:featuredmedia":[{"embeddable":true,"href":"https:\/\/www.strassenweb.de\/nachrichten\/wp-json\/wp\/v2\/media\/5853"}],"wp:attachment":[{"href":"https:\/\/www.strassenweb.de\/nachrichten\/wp-json\/wp\/v2\/media?parent=5852"}],"wp:term":[{"taxonomy":"category","embeddable":true,"href":"https:\/\/www.strassenweb.de\/nachrichten\/wp-json\/wp\/v2\/categories?post=5852"},{"taxonomy":"post_tag","embeddable":true,"href":"https:\/\/www.strassenweb.de\/nachrichten\/wp-json\/wp\/v2\/tags?post=5852"}],"curies":[{"name":"wp","href":"https:\/\/api.w.org\/{rel}","templated":true}]}}