{"id":5849,"date":"2025-06-23T18:43:08","date_gmt":"2025-06-23T16:43:08","guid":{"rendered":"https:\/\/www.strassenweb.de\/nachrichten\/koennten-baeume-wissen-wann-die-sommersonnenwende-ist\/"},"modified":"2025-06-23T18:43:09","modified_gmt":"2025-06-23T16:43:09","slug":"koennten-baeume-wissen-wann-die-sommersonnenwende-ist","status":"publish","type":"post","link":"https:\/\/www.strassenweb.de\/nachrichten\/koennten-baeume-wissen-wann-die-sommersonnenwende-ist\/","title":{"rendered":"K\u00f6nnten B\u00e4ume wissen, wann die Sommersonnenwende ist?"},"content":{"rendered":"<p>Die Menschen feiern seit der pr\u00e4historischen Zeit die Sommersonnenwende mit aufw\u00e4ndigen Ritualen. Aber Menschen sind nicht die einzige Arten, die Mark 21. Juni als besondere Zeit nimmt. Studien zeigen, dass die Sommersonnenwende auch f\u00fcr Pflanzen ein wichtiger Hinweis ist.<\/p>\n<p>J\u00fcngste Studien, einschlie\u00dflich eines meiner eigenen, haben vorgeschlagen, dass B\u00e4ume den l\u00e4ngsten Tag des Jahres als Schl\u00fcsselmarker f\u00fcr ihre Wachstums- und Fortpflanzungszyklen verwenden k\u00f6nnen. Die Sonnenwende scheint sich wie eine Kalendererinnerung f\u00fcr B\u00e4ume zu verhalten.<\/p>\n<p>Zum Beispiel verlangsamen B\u00e4ume bei der Sonnenwende, die an kalten Orten wachsen, die Schaffung neuer Holzzellen und fokussiert ihre Energie auf die bereits gebildeten, aber dennoch unvollst\u00e4ndigen Zellen. Dies stellt sicher, dass B\u00e4ume Zeit haben, die Zellkonstruktion vor den Winterhits abzuschlie\u00dfen. Unvollst\u00e4ndige Zellen werden durch Einfrieren der Wintertemperaturen besch\u00e4digt, wodurch sie im folgenden Jahr f\u00fcr den Wassertransport nutzlos werden.<\/p>\n<p>In \u00e4hnlicher Weise verwenden B\u00e4ume die Sonnenwende, um die \u201eAuswicklung\u201c oder Seneszenz ihrer Bl\u00e4tter zur Vorbereitung auf den Herbst zu fein. Seneszenz erm\u00f6glicht es dem Baum, kritische N\u00e4hrstoffe aus den Bl\u00e4ttern zu reabsorten, bevor er f\u00e4llt. Dieser Vorgang ist zeitlich festgelegt, um das Sonnenlicht zu fr\u00fch auszubilden, um es zu fr\u00fch zu verbl\u00fcfft, da es zu sp\u00e4t bleibt und N\u00e4hrstoffe verliert, wenn immer noch gr\u00fcne Bl\u00e4tter durch Herbstfrost get\u00f6tet werden.<\/p>\n<figure class=\"wp-block-image\"><\/figure>\n<p>Satellitenbeobachtungen von W\u00e4ldern und kontrollierten Experimenten in Gew\u00e4chsh\u00e4usern zeigen, dass w\u00e4rmere Temperaturen unmittelbar vor der Sonnenwende den Beginn der Blattbr\u00e4unung zu Beginn des Herbstes verursachen. Im Gegensatz dazu verlangsamen w\u00e4rmere Temperaturen kurz nach der Sonnenwende den Seneszenzprozess.<\/p>\n<p>Dies bedeutet eine l\u00e4ngere \u00dcbergangszeit von gr\u00fcn bis vollst\u00e4ndig braunen Bl\u00e4ttern. Mit dieser Feinabstimmung k\u00f6nnen B\u00e4ume die Zeit der Photosynthese in Jahren verl\u00e4ngern, wenn die Temperaturen l\u00e4nger w\u00e4rmer bleiben, sodass sie diese g\u00fcnstigen Bedingungen nicht verpassen.<\/p>\n<p>Aber nicht alle Wissenschaftler sind \u00fcberzeugt. Aus evolution\u00e4rer Sicht ist die Sonnenwende m\u00f6glicherweise nicht der beste saisonale Marker f\u00fcr das Timing dieser \u00dcberg\u00e4nge. Zum Beispiel erscheinen in W\u00e4ldern im hohen Norden erst Anfang Juni, nur Tage vor der Sonnenwende, und die Vegetationsperiode kann sich bis sp\u00e4t in den Oktober erstrecken. In diesen W\u00e4ldern ist es f\u00fcr B\u00e4ume, die gerade erst f\u00fcr das Jahr zu wachsen begonnen haben, nur f\u00fcr das Jahr mit der Sonnenwende, um den Verwicklungsprozess zu initiieren.<\/p>\n<p>Trotzdem besteht mehr Konsens \u00fcber Pflanzen, die die Sonnenwende zur Synchronisierung der Reproduktion verwenden.<\/p>\n<p>In vielen Pflanzen, insbesondere von B\u00e4umen aus den gem\u00e4\u00dfigten Mid-Latitudes, variiert die Anzahl der Samen, die sie produzieren, von Jahr zu Jahr dramatisch, die als Masting bezeichnet werden. Ein gro\u00dfer europ\u00e4ischer Buchenbaum kann in einem Sto\u00dff\u00e4ngerjahr (ein \u201eMastereignis\u201c) Hunderttausende von Samen produzieren und in anderen Jahren insgesamt darauf hinweisen.<\/p>\n<p>Buchenb\u00e4ume variieren ihre j\u00e4hrliche Saatgutproduktion im Schritt, oft in kontinentaler Ebene. Sie tun dies, um die Effizienz ihrer Reproduktion zu erh\u00f6hen.<\/p>\n<figure class=\"wp-block-image\"><img decoding=\"async\" src=\"https:\/\/www.strassenweb.de\/nachrichten\/wp-content\/uploads\/2025\/06\/1750696988_638_Koennten-Baeume-wissen-wann-die-Sommersonnenwende-ist.0&#038;q=45&#038;auto=format&#038;w=754&#038;fit=clip.jpeg\" alt=\"Buchenwald mit einem alten Baum im Sonnenlicht\"><\/figure>\n<p>Eine kleine Motte, <em>Cydia Fagiglandana<\/em>legt seine Eier in Buchenbl\u00fcten. Wenn die Maden schl\u00fcpfen, essen und zerst\u00f6ren sie die sich entwickelnden Samen. Zyklen von Hungersnot und Sto\u00dff\u00e4nger tragen dazu, ihre Samen vor diesen Motten zu sch\u00fctzen.<\/p>\n<p>Gro\u00dfbritannienb\u00e4ume verlieren normalerweise weniger als 5% ihrer Samen an <em>Cydia<\/em> Weil die Zyklen die Motten in niedrige Zahlen hungern, die f\u00fcr Mastjahre bereit sind. Wenn B\u00e4ume jedoch nicht synchron sind, kann der Samenverlust auf \u00fcber 40%zunehmen.<\/p>\n<p>Seit Jahrzehnten wissen wir, dass Beech -Mast -Events im Jahr nach einem warmen Sommer stattfinden. Diese w\u00e4rmeren Temperaturen f\u00fchren zu einem Anstieg der Bildung von Bl\u00fctenknospen. Mehr Bl\u00fctenknospen f\u00fchren normalerweise zu einer gr\u00f6\u00dferen Ernte von Samen im Herbst.<\/p>\n<p>Wissenschaftler haben lange verwirrt, wie Buchenb\u00e4ume in ganz Europa das gleiche saisonale Fenster verwenden, um Mastereignisse zu kontrollieren. Ihre Saatgutproduktion wird durch die Temperaturen Ende Juni und Anfang Juli bestimmt, unabh\u00e4ngig davon, wo sie in Europa wachsen. Aber wie kann ein Buchenbaum das Datum wissen?<\/p>\n<p>In der 2024 -Studie meines Teams haben wir gezeigt, dass sie die Sonnenwende als saisonale Marker verwenden. Sobald die Tage nach der Sonnenwende verk\u00fcrzt werden, scheinen Buchen in ganz Europa die Temperatur gleichzeitig zu sp\u00fcren.<\/p>\n<p>\u00dcberall, wo die Temperaturen in den Wochen nach der Sonnenwende \u00fcberdurchschnittlich sind, k\u00f6nnen im n\u00e4chsten Jahr ein Mastereignis erwarten. Die Wetterbedingungen in den Wochen vor der Sonnenwende scheinen dagegen irrelevant zu sein. Wie auf Wetterkarten zu sehen ist, treten warme und k\u00fchle Zaubers gleichzeitig \u00fcber gro\u00dfe Bereiche auf.<\/p>\n<p>Dies erm\u00f6glicht es Buchen, die Synchronit\u00e4t ihrer Reproduktion zu maximieren, unabh\u00e4ngig davon, ob dies in ein Mastjahr (warme Temperaturen) investiert oder f\u00fcr ein Jahr auf die Fortpflanzung verzichtet (niedrige Temperaturen). Die Verwendung eines festen Markers wie die Sonnenwende ist der Schl\u00fcssel zum Erreichen dieser Synchronit\u00e4t und der daraus resultierenden Vorteile.<\/p>\n<figure class=\"wp-block-image\"><img decoding=\"async\" src=\"https:\/\/www.strassenweb.de\/nachrichten\/wp-content\/uploads\/2025\/06\/Koennten-Baeume-wissen-wann-die-Sommersonnenwende-ist.0&#038;q=45&#038;auto=format&#038;w=754&#038;fit=clip.png\" alt=\"Vier Karten Europas zeigen, wie Mastereignisse synchronisiert sind\"><\/figure>\n<p>Die Beweise f\u00fcr dieses Ph\u00e4nomen stammen aus Beobachtungen in Dutzenden von W\u00e4ldern in ganz Europa. Meine Forschungsgruppe arbeitet jedoch mit etwa einem Dutzend anderen Gruppen in Europa zusammen, um diesen Effekt zu testen, indem die Temperatur von Buchenzweigen vor und nach der Sonnenwende an verschiedenen Standorten manipuliert wird. Die laufenden Forschungen, an denen ich beteiligt bin, scheint zu zeigen, dass bl\u00fchende Gene bei der Sommersonnenwende aktiviert werden.<\/p>\n<p>Studien zu den zirkadianen Rhythmen von Pflanzen zeigen auch, dass sie Mechanismen in ihren Molek\u00fclen haben, die es ihnen erm\u00f6glichen, winzige Ver\u00e4nderungen in der Tagesl\u00e4nge zu erkennen und zu reagieren. Dies ist die Grundlage f\u00fcr diese au\u00dfergew\u00f6hnliche Skala der synchronisierten Reproduktion.<\/p>\n<p>Wenn das Wetter im n\u00e4chsten Monat oder so warm ist, besteht eine gute Chance, dass Buchenb\u00e4ume in Ihrer Umgebung im n\u00e4chsten Herbst schwere Saatgutpflanzen haben. Dar\u00fcber hinaus werden B\u00e4ume in ganz Gro\u00dfbritannien und in Nord- und Mitteleuropa wahrscheinlich dasselbe tun.<\/p>\n<p>Andrew Hacket-Pain, Senior Dozent der School of Environmental Sciences, <em>Universit\u00e4t Liverpool<\/em><\/p>\n<p>  wird aus dem Gespr\u00e4ch unter einer Creative Commons -Lizenz neu ver\u00f6ffentlicht.<\/p>\n","protected":false},"excerpt":{"rendered":"<p>Die Menschen feiern seit der pr\u00e4historischen Zeit die Sommersonnenwende mit aufw\u00e4ndigen Ritualen. Aber Menschen sind nicht die einzige Arten, die Mark 21. Juni als besondere<\/p>\n","protected":false},"author":1,"featured_media":5850,"comment_status":"closed","ping_status":"","sticky":false,"template":"","format":"standard","meta":{"footnotes":""},"categories":[101],"tags":[443,9,15,674,8212,131,2774],"class_list":["post-5849","post","type-post","status-publish","format-standard","has-post-thumbnail","hentry","category-oekologie","tag-baeume","tag-die","tag-ist","tag-koennten","tag-sommersonnenwende","tag-wann","tag-wissen","generate-columns","tablet-grid-50","mobile-grid-100","grid-parent","grid-50"],"yoast_head":"<!-- This site is optimized with the Yoast SEO plugin v27.3 - https:\/\/yoast.com\/product\/yoast-seo-wordpress\/ -->\n<title>K\u00f6nnten B\u00e4ume wissen, wann die Sommersonnenwende ist? - Nachrichten - Stra\u00dfenweb<\/title>\n<meta name=\"robots\" content=\"index, follow, max-snippet:-1, max-image-preview:large, max-video-preview:-1\" \/>\n<link rel=\"canonical\" href=\"https:\/\/www.strassenweb.de\/nachrichten\/koennten-baeume-wissen-wann-die-sommersonnenwende-ist\/\" \/>\n<meta property=\"og:locale\" content=\"de_DE\" \/>\n<meta property=\"og:type\" content=\"article\" \/>\n<meta property=\"og:title\" content=\"K\u00f6nnten B\u00e4ume wissen, wann die Sommersonnenwende ist? - Nachrichten - Stra\u00dfenweb\" \/>\n<meta property=\"og:description\" content=\"Die Menschen feiern seit der pr\u00e4historischen Zeit die Sommersonnenwende mit aufw\u00e4ndigen Ritualen. Aber Menschen sind nicht die einzige Arten, die Mark 21. Juni als besondere\" \/>\n<meta property=\"og:url\" content=\"https:\/\/www.strassenweb.de\/nachrichten\/koennten-baeume-wissen-wann-die-sommersonnenwende-ist\/\" \/>\n<meta property=\"og:site_name\" content=\"Stra\u00dfenweb\" \/>\n<meta property=\"article:publisher\" content=\"https:\/\/www.facebook.com\/strassenweb\/\" \/>\n<meta property=\"article:published_time\" content=\"2025-06-23T16:43:08+00:00\" \/>\n<meta property=\"article:modified_time\" content=\"2025-06-23T16:43:09+00:00\" \/>\n<meta property=\"og:image\" content=\"https:\/\/www.strassenweb.de\/nachrichten\/wp-content\/uploads\/2025\/06\/Koennten-Baeume-wissen-wann-die-Sommersonnenwende-ist.jpg\" \/>\n\t<meta property=\"og:image:width\" content=\"900\" \/>\n\t<meta property=\"og:image:height\" content=\"506\" \/>\n\t<meta property=\"og:image:type\" content=\"image\/jpeg\" \/>\n<meta name=\"author\" content=\"Robert Hoffmann\" \/>\n<meta name=\"twitter:card\" content=\"summary_large_image\" \/>\n<meta name=\"twitter:label1\" content=\"Verfasst von\" \/>\n\t<meta name=\"twitter:data1\" content=\"Robert Hoffmann\" \/>\n\t<meta name=\"twitter:label2\" content=\"Gesch\u00e4tzte Lesezeit\" \/>\n\t<meta name=\"twitter:data2\" content=\"5\u00a0Minuten\" \/>\n<script type=\"application\/ld+json\" class=\"yoast-schema-graph\">{\"@context\":\"https:\\\/\\\/schema.org\",\"@graph\":[{\"@type\":\"Article\",\"@id\":\"https:\\\/\\\/www.strassenweb.de\\\/nachrichten\\\/koennten-baeume-wissen-wann-die-sommersonnenwende-ist\\\/#article\",\"isPartOf\":{\"@id\":\"https:\\\/\\\/www.strassenweb.de\\\/nachrichten\\\/koennten-baeume-wissen-wann-die-sommersonnenwende-ist\\\/\"},\"author\":{\"name\":\"Robert Hoffmann\",\"@id\":\"https:\\\/\\\/www.strassenweb.de\\\/nachrichten\\\/#\\\/schema\\\/person\\\/87c9c9067f1211da429a744dc5a5aa41\"},\"headline\":\"K\u00f6nnten B\u00e4ume wissen, wann die Sommersonnenwende ist?\",\"datePublished\":\"2025-06-23T16:43:08+00:00\",\"dateModified\":\"2025-06-23T16:43:09+00:00\",\"mainEntityOfPage\":{\"@id\":\"https:\\\/\\\/www.strassenweb.de\\\/nachrichten\\\/koennten-baeume-wissen-wann-die-sommersonnenwende-ist\\\/\"},\"wordCount\":1021,\"publisher\":{\"@id\":\"https:\\\/\\\/www.strassenweb.de\\\/nachrichten\\\/#organization\"},\"image\":{\"@id\":\"https:\\\/\\\/www.strassenweb.de\\\/nachrichten\\\/koennten-baeume-wissen-wann-die-sommersonnenwende-ist\\\/#primaryimage\"},\"thumbnailUrl\":\"https:\\\/\\\/www.strassenweb.de\\\/nachrichten\\\/wp-content\\\/uploads\\\/2025\\\/06\\\/Koennten-Baeume-wissen-wann-die-Sommersonnenwende-ist.jpg\",\"keywords\":[\"B\u00e4ume\",\"die\",\"ist\",\"k\u00f6nnten\",\"Sommersonnenwende\",\"Wann\",\"wissen\"],\"articleSection\":[\"\u00d6kologie\"],\"inLanguage\":\"de\"},{\"@type\":\"WebPage\",\"@id\":\"https:\\\/\\\/www.strassenweb.de\\\/nachrichten\\\/koennten-baeume-wissen-wann-die-sommersonnenwende-ist\\\/\",\"url\":\"https:\\\/\\\/www.strassenweb.de\\\/nachrichten\\\/koennten-baeume-wissen-wann-die-sommersonnenwende-ist\\\/\",\"name\":\"K\u00f6nnten B\u00e4ume wissen, wann die Sommersonnenwende ist? - Nachrichten - Stra\u00dfenweb\",\"isPartOf\":{\"@id\":\"https:\\\/\\\/www.strassenweb.de\\\/nachrichten\\\/#website\"},\"primaryImageOfPage\":{\"@id\":\"https:\\\/\\\/www.strassenweb.de\\\/nachrichten\\\/koennten-baeume-wissen-wann-die-sommersonnenwende-ist\\\/#primaryimage\"},\"image\":{\"@id\":\"https:\\\/\\\/www.strassenweb.de\\\/nachrichten\\\/koennten-baeume-wissen-wann-die-sommersonnenwende-ist\\\/#primaryimage\"},\"thumbnailUrl\":\"https:\\\/\\\/www.strassenweb.de\\\/nachrichten\\\/wp-content\\\/uploads\\\/2025\\\/06\\\/Koennten-Baeume-wissen-wann-die-Sommersonnenwende-ist.jpg\",\"datePublished\":\"2025-06-23T16:43:08+00:00\",\"dateModified\":\"2025-06-23T16:43:09+00:00\",\"breadcrumb\":{\"@id\":\"https:\\\/\\\/www.strassenweb.de\\\/nachrichten\\\/koennten-baeume-wissen-wann-die-sommersonnenwende-ist\\\/#breadcrumb\"},\"inLanguage\":\"de\",\"potentialAction\":[{\"@type\":\"ReadAction\",\"target\":[\"https:\\\/\\\/www.strassenweb.de\\\/nachrichten\\\/koennten-baeume-wissen-wann-die-sommersonnenwende-ist\\\/\"]}]},{\"@type\":\"ImageObject\",\"inLanguage\":\"de\",\"@id\":\"https:\\\/\\\/www.strassenweb.de\\\/nachrichten\\\/koennten-baeume-wissen-wann-die-sommersonnenwende-ist\\\/#primaryimage\",\"url\":\"https:\\\/\\\/www.strassenweb.de\\\/nachrichten\\\/wp-content\\\/uploads\\\/2025\\\/06\\\/Koennten-Baeume-wissen-wann-die-Sommersonnenwende-ist.jpg\",\"contentUrl\":\"https:\\\/\\\/www.strassenweb.de\\\/nachrichten\\\/wp-content\\\/uploads\\\/2025\\\/06\\\/Koennten-Baeume-wissen-wann-die-Sommersonnenwende-ist.jpg\",\"width\":900,\"height\":506,\"caption\":\"Could trees know when the summer solstice\u00a0is?\"},{\"@type\":\"BreadcrumbList\",\"@id\":\"https:\\\/\\\/www.strassenweb.de\\\/nachrichten\\\/koennten-baeume-wissen-wann-die-sommersonnenwende-ist\\\/#breadcrumb\",\"itemListElement\":[{\"@type\":\"ListItem\",\"position\":1,\"name\":\"Home\",\"item\":\"https:\\\/\\\/www.strassenweb.de\\\/nachrichten\\\/\"},{\"@type\":\"ListItem\",\"position\":2,\"name\":\"K\u00f6nnten B\u00e4ume wissen, wann die Sommersonnenwende ist?\"}]},{\"@type\":\"WebSite\",\"@id\":\"https:\\\/\\\/www.strassenweb.de\\\/nachrichten\\\/#website\",\"url\":\"https:\\\/\\\/www.strassenweb.de\\\/nachrichten\\\/\",\"name\":\"Stra\u00dfenweb\",\"description\":\"Stra\u00dfenverzeichnis f\u00fcr Deutschland\",\"publisher\":{\"@id\":\"https:\\\/\\\/www.strassenweb.de\\\/nachrichten\\\/#organization\"},\"potentialAction\":[{\"@type\":\"SearchAction\",\"target\":{\"@type\":\"EntryPoint\",\"urlTemplate\":\"https:\\\/\\\/www.strassenweb.de\\\/nachrichten\\\/?s={search_term_string}\"},\"query-input\":{\"@type\":\"PropertyValueSpecification\",\"valueRequired\":true,\"valueName\":\"search_term_string\"}}],\"inLanguage\":\"de\"},{\"@type\":\"Organization\",\"@id\":\"https:\\\/\\\/www.strassenweb.de\\\/nachrichten\\\/#organization\",\"name\":\"Stra\u00dfenweb\",\"url\":\"https:\\\/\\\/www.strassenweb.de\\\/nachrichten\\\/\",\"logo\":{\"@type\":\"ImageObject\",\"inLanguage\":\"de\",\"@id\":\"https:\\\/\\\/www.strassenweb.de\\\/nachrichten\\\/#\\\/schema\\\/logo\\\/image\\\/\",\"url\":\"https:\\\/\\\/www.strassenweb.de\\\/nachrichten\\\/wp-content\\\/uploads\\\/2024\\\/09\\\/cropped-favicon.png\",\"contentUrl\":\"https:\\\/\\\/www.strassenweb.de\\\/nachrichten\\\/wp-content\\\/uploads\\\/2024\\\/09\\\/cropped-favicon.png\",\"width\":512,\"height\":512,\"caption\":\"Stra\u00dfenweb\"},\"image\":{\"@id\":\"https:\\\/\\\/www.strassenweb.de\\\/nachrichten\\\/#\\\/schema\\\/logo\\\/image\\\/\"},\"sameAs\":[\"https:\\\/\\\/www.facebook.com\\\/strassenweb\\\/\"]},{\"@type\":\"Person\",\"@id\":\"https:\\\/\\\/www.strassenweb.de\\\/nachrichten\\\/#\\\/schema\\\/person\\\/87c9c9067f1211da429a744dc5a5aa41\",\"name\":\"Robert Hoffmann\",\"image\":{\"@type\":\"ImageObject\",\"inLanguage\":\"de\",\"@id\":\"https:\\\/\\\/www.strassenweb.de\\\/nachrichten\\\/wp-content\\\/uploads\\\/2024\\\/09\\\/strassenweb-150x150.jpg\",\"url\":\"https:\\\/\\\/www.strassenweb.de\\\/nachrichten\\\/wp-content\\\/uploads\\\/2024\\\/09\\\/strassenweb-150x150.jpg\",\"contentUrl\":\"https:\\\/\\\/www.strassenweb.de\\\/nachrichten\\\/wp-content\\\/uploads\\\/2024\\\/09\\\/strassenweb-150x150.jpg\",\"caption\":\"Robert Hoffmann\"},\"description\":\"Ich hei\u00dfe Robert Hoffmann und ich bin ein leidenschaftlicher Verfechter von \u00d6kologie und Biodiversit\u00e4t. Seit meiner Kindheit in den W\u00e4ldern Bayerns f\u00fchle ich mich mit der Natur verbunden und bin entschlossen, sie zu sch\u00fctzen. Heute widme ich mein Leben der Sensibilisierung anderer f\u00fcr die Bedeutung des Umweltschutzes f\u00fcr zuk\u00fcnftige Generationen.\",\"sameAs\":[\"https:\\\/\\\/www.strassenweb.de\\\/\"]}]}<\/script>\n<!-- \/ Yoast SEO plugin. -->","yoast_head_json":{"title":"K\u00f6nnten B\u00e4ume wissen, wann die Sommersonnenwende ist? - Nachrichten - Stra\u00dfenweb","robots":{"index":"index","follow":"follow","max-snippet":"max-snippet:-1","max-image-preview":"max-image-preview:large","max-video-preview":"max-video-preview:-1"},"canonical":"https:\/\/www.strassenweb.de\/nachrichten\/koennten-baeume-wissen-wann-die-sommersonnenwende-ist\/","og_locale":"de_DE","og_type":"article","og_title":"K\u00f6nnten B\u00e4ume wissen, wann die Sommersonnenwende ist? - Nachrichten - Stra\u00dfenweb","og_description":"Die Menschen feiern seit der pr\u00e4historischen Zeit die Sommersonnenwende mit aufw\u00e4ndigen Ritualen. Aber Menschen sind nicht die einzige Arten, die Mark 21. Juni als besondere","og_url":"https:\/\/www.strassenweb.de\/nachrichten\/koennten-baeume-wissen-wann-die-sommersonnenwende-ist\/","og_site_name":"Stra\u00dfenweb","article_publisher":"https:\/\/www.facebook.com\/strassenweb\/","article_published_time":"2025-06-23T16:43:08+00:00","article_modified_time":"2025-06-23T16:43:09+00:00","og_image":[{"width":900,"height":506,"url":"https:\/\/www.strassenweb.de\/nachrichten\/wp-content\/uploads\/2025\/06\/Koennten-Baeume-wissen-wann-die-Sommersonnenwende-ist.jpg","type":"image\/jpeg"}],"author":"Robert Hoffmann","twitter_card":"summary_large_image","twitter_misc":{"Verfasst von":"Robert Hoffmann","Gesch\u00e4tzte Lesezeit":"5\u00a0Minuten"},"schema":{"@context":"https:\/\/schema.org","@graph":[{"@type":"Article","@id":"https:\/\/www.strassenweb.de\/nachrichten\/koennten-baeume-wissen-wann-die-sommersonnenwende-ist\/#article","isPartOf":{"@id":"https:\/\/www.strassenweb.de\/nachrichten\/koennten-baeume-wissen-wann-die-sommersonnenwende-ist\/"},"author":{"name":"Robert Hoffmann","@id":"https:\/\/www.strassenweb.de\/nachrichten\/#\/schema\/person\/87c9c9067f1211da429a744dc5a5aa41"},"headline":"K\u00f6nnten B\u00e4ume wissen, wann die Sommersonnenwende ist?","datePublished":"2025-06-23T16:43:08+00:00","dateModified":"2025-06-23T16:43:09+00:00","mainEntityOfPage":{"@id":"https:\/\/www.strassenweb.de\/nachrichten\/koennten-baeume-wissen-wann-die-sommersonnenwende-ist\/"},"wordCount":1021,"publisher":{"@id":"https:\/\/www.strassenweb.de\/nachrichten\/#organization"},"image":{"@id":"https:\/\/www.strassenweb.de\/nachrichten\/koennten-baeume-wissen-wann-die-sommersonnenwende-ist\/#primaryimage"},"thumbnailUrl":"https:\/\/www.strassenweb.de\/nachrichten\/wp-content\/uploads\/2025\/06\/Koennten-Baeume-wissen-wann-die-Sommersonnenwende-ist.jpg","keywords":["B\u00e4ume","die","ist","k\u00f6nnten","Sommersonnenwende","Wann","wissen"],"articleSection":["\u00d6kologie"],"inLanguage":"de"},{"@type":"WebPage","@id":"https:\/\/www.strassenweb.de\/nachrichten\/koennten-baeume-wissen-wann-die-sommersonnenwende-ist\/","url":"https:\/\/www.strassenweb.de\/nachrichten\/koennten-baeume-wissen-wann-die-sommersonnenwende-ist\/","name":"K\u00f6nnten B\u00e4ume wissen, wann die Sommersonnenwende ist? - Nachrichten - Stra\u00dfenweb","isPartOf":{"@id":"https:\/\/www.strassenweb.de\/nachrichten\/#website"},"primaryImageOfPage":{"@id":"https:\/\/www.strassenweb.de\/nachrichten\/koennten-baeume-wissen-wann-die-sommersonnenwende-ist\/#primaryimage"},"image":{"@id":"https:\/\/www.strassenweb.de\/nachrichten\/koennten-baeume-wissen-wann-die-sommersonnenwende-ist\/#primaryimage"},"thumbnailUrl":"https:\/\/www.strassenweb.de\/nachrichten\/wp-content\/uploads\/2025\/06\/Koennten-Baeume-wissen-wann-die-Sommersonnenwende-ist.jpg","datePublished":"2025-06-23T16:43:08+00:00","dateModified":"2025-06-23T16:43:09+00:00","breadcrumb":{"@id":"https:\/\/www.strassenweb.de\/nachrichten\/koennten-baeume-wissen-wann-die-sommersonnenwende-ist\/#breadcrumb"},"inLanguage":"de","potentialAction":[{"@type":"ReadAction","target":["https:\/\/www.strassenweb.de\/nachrichten\/koennten-baeume-wissen-wann-die-sommersonnenwende-ist\/"]}]},{"@type":"ImageObject","inLanguage":"de","@id":"https:\/\/www.strassenweb.de\/nachrichten\/koennten-baeume-wissen-wann-die-sommersonnenwende-ist\/#primaryimage","url":"https:\/\/www.strassenweb.de\/nachrichten\/wp-content\/uploads\/2025\/06\/Koennten-Baeume-wissen-wann-die-Sommersonnenwende-ist.jpg","contentUrl":"https:\/\/www.strassenweb.de\/nachrichten\/wp-content\/uploads\/2025\/06\/Koennten-Baeume-wissen-wann-die-Sommersonnenwende-ist.jpg","width":900,"height":506,"caption":"Could trees know when the summer solstice\u00a0is?"},{"@type":"BreadcrumbList","@id":"https:\/\/www.strassenweb.de\/nachrichten\/koennten-baeume-wissen-wann-die-sommersonnenwende-ist\/#breadcrumb","itemListElement":[{"@type":"ListItem","position":1,"name":"Home","item":"https:\/\/www.strassenweb.de\/nachrichten\/"},{"@type":"ListItem","position":2,"name":"K\u00f6nnten B\u00e4ume wissen, wann die Sommersonnenwende ist?"}]},{"@type":"WebSite","@id":"https:\/\/www.strassenweb.de\/nachrichten\/#website","url":"https:\/\/www.strassenweb.de\/nachrichten\/","name":"Stra\u00dfenweb","description":"Stra\u00dfenverzeichnis f\u00fcr Deutschland","publisher":{"@id":"https:\/\/www.strassenweb.de\/nachrichten\/#organization"},"potentialAction":[{"@type":"SearchAction","target":{"@type":"EntryPoint","urlTemplate":"https:\/\/www.strassenweb.de\/nachrichten\/?s={search_term_string}"},"query-input":{"@type":"PropertyValueSpecification","valueRequired":true,"valueName":"search_term_string"}}],"inLanguage":"de"},{"@type":"Organization","@id":"https:\/\/www.strassenweb.de\/nachrichten\/#organization","name":"Stra\u00dfenweb","url":"https:\/\/www.strassenweb.de\/nachrichten\/","logo":{"@type":"ImageObject","inLanguage":"de","@id":"https:\/\/www.strassenweb.de\/nachrichten\/#\/schema\/logo\/image\/","url":"https:\/\/www.strassenweb.de\/nachrichten\/wp-content\/uploads\/2024\/09\/cropped-favicon.png","contentUrl":"https:\/\/www.strassenweb.de\/nachrichten\/wp-content\/uploads\/2024\/09\/cropped-favicon.png","width":512,"height":512,"caption":"Stra\u00dfenweb"},"image":{"@id":"https:\/\/www.strassenweb.de\/nachrichten\/#\/schema\/logo\/image\/"},"sameAs":["https:\/\/www.facebook.com\/strassenweb\/"]},{"@type":"Person","@id":"https:\/\/www.strassenweb.de\/nachrichten\/#\/schema\/person\/87c9c9067f1211da429a744dc5a5aa41","name":"Robert Hoffmann","image":{"@type":"ImageObject","inLanguage":"de","@id":"https:\/\/www.strassenweb.de\/nachrichten\/wp-content\/uploads\/2024\/09\/strassenweb-150x150.jpg","url":"https:\/\/www.strassenweb.de\/nachrichten\/wp-content\/uploads\/2024\/09\/strassenweb-150x150.jpg","contentUrl":"https:\/\/www.strassenweb.de\/nachrichten\/wp-content\/uploads\/2024\/09\/strassenweb-150x150.jpg","caption":"Robert Hoffmann"},"description":"Ich hei\u00dfe Robert Hoffmann und ich bin ein leidenschaftlicher Verfechter von \u00d6kologie und Biodiversit\u00e4t. Seit meiner Kindheit in den W\u00e4ldern Bayerns f\u00fchle ich mich mit der Natur verbunden und bin entschlossen, sie zu sch\u00fctzen. Heute widme ich mein Leben der Sensibilisierung anderer f\u00fcr die Bedeutung des Umweltschutzes f\u00fcr zuk\u00fcnftige Generationen.","sameAs":["https:\/\/www.strassenweb.de\/"]}]}},"_links":{"self":[{"href":"https:\/\/www.strassenweb.de\/nachrichten\/wp-json\/wp\/v2\/posts\/5849","targetHints":{"allow":["GET"]}}],"collection":[{"href":"https:\/\/www.strassenweb.de\/nachrichten\/wp-json\/wp\/v2\/posts"}],"about":[{"href":"https:\/\/www.strassenweb.de\/nachrichten\/wp-json\/wp\/v2\/types\/post"}],"author":[{"embeddable":true,"href":"https:\/\/www.strassenweb.de\/nachrichten\/wp-json\/wp\/v2\/users\/1"}],"replies":[{"embeddable":true,"href":"https:\/\/www.strassenweb.de\/nachrichten\/wp-json\/wp\/v2\/comments?post=5849"}],"version-history":[{"count":0,"href":"https:\/\/www.strassenweb.de\/nachrichten\/wp-json\/wp\/v2\/posts\/5849\/revisions"}],"wp:featuredmedia":[{"embeddable":true,"href":"https:\/\/www.strassenweb.de\/nachrichten\/wp-json\/wp\/v2\/media\/5850"}],"wp:attachment":[{"href":"https:\/\/www.strassenweb.de\/nachrichten\/wp-json\/wp\/v2\/media?parent=5849"}],"wp:term":[{"taxonomy":"category","embeddable":true,"href":"https:\/\/www.strassenweb.de\/nachrichten\/wp-json\/wp\/v2\/categories?post=5849"},{"taxonomy":"post_tag","embeddable":true,"href":"https:\/\/www.strassenweb.de\/nachrichten\/wp-json\/wp\/v2\/tags?post=5849"}],"curies":[{"name":"wp","href":"https:\/\/api.w.org\/{rel}","templated":true}]}}