{"id":5819,"date":"2025-06-22T09:40:03","date_gmt":"2025-06-22T07:40:03","guid":{"rendered":"https:\/\/www.strassenweb.de\/nachrichten\/ich-habe-mich-mit-invasiven-renommierten-pflanzen-als-professioneller-gaertner-befasst-und-das-sind-5-pflanzen-die-ich-in-meinen-betten-oder-grenzen-nie-wieder-wachsen-werde\/"},"modified":"2025-06-22T09:40:04","modified_gmt":"2025-06-22T07:40:04","slug":"ich-habe-mich-mit-invasiven-renommierten-pflanzen-als-professioneller-gaertner-befasst-und-das-sind-5-pflanzen-die-ich-in-meinen-betten-oder-grenzen-nie-wieder-wachsen-werde","status":"publish","type":"post","link":"https:\/\/www.strassenweb.de\/nachrichten\/ich-habe-mich-mit-invasiven-renommierten-pflanzen-als-professioneller-gaertner-befasst-und-das-sind-5-pflanzen-die-ich-in-meinen-betten-oder-grenzen-nie-wieder-wachsen-werde\/","title":{"rendered":"Ich habe mich mit invasiven, renommierten Pflanzen als professioneller G\u00e4rtner befasst, und das sind 5 Pflanzen, die ich in meinen Betten oder Grenzen nie wieder wachsen werde"},"content":{"rendered":"<div id=\"article-body\" class=\"article__body \">\n<p>Ich habe in meinen Jahren als professioneller G\u00e4rtner eine Menge Dinge gesehen, und zum Gl\u00fcck war es die meiste Zeit, dass es eine durch und durch angenehme Karriere war. Es ist ein herrlicher Beruf, aber manchmal kann es ein Test der Geduld sein, wenn Sie sich mit zweifelhaften Pflanzentscheidungen befassen m\u00fcssen.<\/p>\n<div id=\"ad-unit-1\" class=\"ad-unit\"><\/div>\n<p>Als ich sowohl in gro\u00dfen, historischen \u00f6ffentlichen G\u00e4rten in Gro\u00dfbritannien als auch in privaten K\u00fccheng\u00e4rten arbeitete, neigte ich zu einer Vielzahl von Pflanzen, sowohl dekorativ als auch essbar. Dies beinhaltete den Umgang mit invasiven Pflanzen, schlechteren Arten und solchen, die nach dem Einrichten schwer zu entfernen sind.<\/p>\n<p>Diese Erfahrungen haben mir wertvolle Lektionen \u00fcber die Auswahl der richtigen Pflanzen und das Wissen, welche zu vermeiden, gelehrt. Ich habe f\u00fcnf Pflanzen ausgew\u00e4hlt, die ich nie wieder pflanzen w\u00fcrde, angesichts dessen, was ich wei\u00df, und erkl\u00e4ren, warum das Hinzuf\u00fcgen von ihnen zu Ihren Blumenbeeten oder Gem\u00fcseg\u00e4rten ein Fehler w\u00e4re. Ich frage mich, ob eine derjenigen, die ich k\u00e4mpfte, bis heute in diesen G\u00e4rten ist.<\/p>\n<div class=\"van_vid_carousel\">\n<div class=\"van_vid_carousel__padding\">\n<div class=\"van_vid_carousel__container\"><\/div>\n<\/div>\n<\/div>\n<aside data-component-name=\"Recirculation:ArticleRiver\" data-nosnippet class=\"pt-3 pb-4 mb-4 border-b border-solid border-(#333)\">\n<span class=\"\nafter:content-('') after:flex-1 after:ml-4 after:my-(0.7rem) after:border-t-(#333) after:border-t after:border-solid\nbefore:content-('') before:flex-1 before:mr-4 before:my-(0.7rem) before:border-t-(#333) before:border-t before:border-solid\nfont-article-heading pb-3 !text-base font-bold uppercase sm:text-sm text-(#333) flex\"><\/p>\n<p>Sie m\u00f6gen m\u00f6gen<br \/>\n<\/span><\/p>\n<ul class=\"flex flex-col gap-3 m-0\">\n<li class=\"m-0 list-none\" name=\"recirculation-inline\" data-analytics-id=\"recirculation-inline-1\" analytics-label=\"adviser:related\">\n<picture data-new-v2-image=\"true\" class=\"w-(--article-river-thumbnail-width,60px) flex-shrink-0\"><source type=\"image\/webp\"  ><\/source><\/p>\n<\/picture>\n<span class=\"hover:text-inherit font-article-heading text-base text-(#333) leading-5 content-center\">G\u00e4rtner warnte vor dem Anbau dieser 5 invasiven Kr\u00e4uter &#8211; und was zu tun ist, wenn Sie sie in Ihrem Garten behalten m\u00f6chten<\/span><\/p>\n<\/li>\n<li class=\"m-0 list-none\" name=\"recirculation-inline\" data-analytics-id=\"recirculation-inline-2\" analytics-label=\"adviser:related\">\n<picture data-new-v2-image=\"true\" class=\"w-(--article-river-thumbnail-width,60px) flex-shrink-0\"><source type=\"image\/webp\"  ><\/source><br \/>\n<img decoding=\"async\" alt=\"Die wei\u00dfen Bl\u00fcten des schwarzen Heuschreckenbaums oder Robinia in einer sonnigen Grenze\"   loading=\"lazy\" data-new-v2-image=\"true\" src=\"https:\/\/www.strassenweb.de\/nachrichten\/wp-content\/uploads\/2025\/06\/SEJmQ7fYAGtYorQX4vNMm7.jpg\" data-pin-media=\"https:\/\/www.strassenweb.de\/nachrichten\/wp-content\/uploads\/2025\/06\/SEJmQ7fYAGtYorQX4vNMm7.jpg\" data-pin-nopin=\"true\" class=\"aspect-(--img-listing-aspect-ratio,16\/9) object-cover w-(--article-river-thumbnail-width,60px) flex-shrink-0\">\n<\/picture>\n<span class=\"hover:text-inherit font-article-heading text-base text-(#333) leading-5 content-center\">5 Pflanzen mit Dornen und Stacheln, um sie in Familieng\u00e4rten zu vermeiden &#8211; sowie die sichereren Alternativen, stattdessen zu wachsen<\/span><\/p>\n<\/li>\n<li class=\"m-0 list-none\" name=\"recirculation-inline\" data-analytics-id=\"recirculation-inline-3\" analytics-label=\"adviser:related\">\n<picture data-new-v2-image=\"true\" class=\"w-(--article-river-thumbnail-width,60px) flex-shrink-0\"><source type=\"image\/webp\"  ><\/source><br \/>\n<img decoding=\"async\" alt=\"Riese Reed Grass, Arundo Donax, eine invasive Pflanze, die im Sommer mit blauem Himmel bestraft wird\"   loading=\"lazy\" data-new-v2-image=\"true\" src=\"https:\/\/www.strassenweb.de\/nachrichten\/wp-content\/uploads\/2025\/06\/kPPd42fZPUJcjVZLhfjRG3.jpg\" data-pin-media=\"https:\/\/www.strassenweb.de\/nachrichten\/wp-content\/uploads\/2025\/06\/kPPd42fZPUJcjVZLhfjRG3.jpg\" data-pin-nopin=\"true\" class=\"aspect-(--img-listing-aspect-ratio,16\/9) object-cover w-(--article-river-thumbnail-width,60px) flex-shrink-0\">\n<\/picture>\n<span class=\"hover:text-inherit font-article-heading text-base text-(#333) leading-5 content-center\">5 Pflanzen, die illegal sind, um in Kalifornien zu wachsen &#8211; wie man diese invasiven Arten in Ihrem Garten kontrolliert, sowie die einheimischen Alternativen, die stattdessen verwendet werden sollen<\/span><\/p>\n<\/li>\n<\/ul>\n<\/aside>\n<figure class=\"van-image-figure inline-layout \" data-bordeaux-image-check>\n<div class=\"image-full-width-wrapper\">\n<div class=\"image-widthsetter\" style=\"max-width:2000px;\"><\/div>\n<\/div>\n<\/figure>\n<h2 id=\"5-plants-i-d-never-grow-again-3\">5 Pflanzen, die ich nie wieder wachsen w\u00fcrde<\/h2>\n<aside data-block-type=\"embed\" data-render-type=\"fte\" data-skip=\"dealsy\" data-widget-type=\"seasonal\" class=\"hawk-base\"><\/aside>\n<p>Leider gibt es problematische Anlagen aller Art, von invasiven Kletterern bis hin zu invasiven Gl\u00fchbirnen und vielem mehr dazwischen.<\/p>\n<div id=\"ad-unit-2\" class=\"ad-unit\"><\/div>\n<p>Viele potenziell problematische Pflanzen sind auch in Gartenzentren, Baumschulen und online erh\u00e4ltlich. Es kann also leicht sein, das Leben unabsichtlich schwierig zu machen, da diese Pflanzen energisch wachsen und m\u00f6glicherweise au\u00dfer Kontrolle geraten k\u00f6nnen.<\/p>\n<p>Hier sind f\u00fcnf Pflanzen, die ich nie wieder wachsen w\u00fcrde, und raten von der Pflanzung sowie einige bessere Optionen, die sie ber\u00fccksichtigen sollten.<\/p>\n<h3 class=\"article-body__section\" id=\"section-1-japanese-anemone\"><span>1. Japanische Anemone<\/span><\/h3>\n<figure class=\"van-image-figure inline-layout \" data-bordeaux-image-check>\n<div class=\"image-full-width-wrapper\">\n<div class=\"image-widthsetter\" style=\"max-width:2400px;\"><\/div>\n<\/div>\n<\/figure>\n<p>Japanische Anemonen sind beliebte Stauden im Herbstbl\u00fcten, um Blumenbeeten mit ihren rosa und wei\u00dfen Bl\u00fcten das Interesse der sp\u00e4ten Saison zu verleihen.<\/p>\n<p>W\u00e4hrend sie bet\u00f6rend sind, haben sie eine aggressive Ausbreitungsgewohnheit, wenn sie sich etablieren. Die Pflanzen breiten sich durch unterirdische Rhizome aus und k\u00f6nnen invasive Stauden werden, die ihrem Raum auswachsen und andere Pflanzen dominieren.<\/p>\n<p>Es ist auch ein Doppel-Whamm-Angriff von japanischen Anemonen. Zus\u00e4tzlich zu ihren Ausbreitungsrhizomen setzten sich auch die Pflanzen selbst, um neue Pflanzen zu produzieren und ihre Anwesenheit zu erweitern.<\/p>\n<p>Japanische Anemonen gedeihen in voller Sonne und reichhaltigem Boden. Wenn ihre idealen Anforderungen erf\u00fcllt werden, wachsen sie problemlos und k\u00f6nnen schnell au\u00dfer Kontrolle geraten. Klumpen m\u00fcssen regelm\u00e4\u00dfig angehoben und geteilt werden, um die Ausbreitung zu kontrollieren.<\/p>\n<p>Und da japanische Anemonen von allen im Boden hinterlassenen Wurzelst\u00fccken nachwachsen k\u00f6nnen, k\u00f6nnen sie nach dem Einrichten schwer zu entfernen sein.<\/p>\n<p>Eine einheimische Alternative zu den japanischen Anemonen kann der New England Aster sein, der Massen von Blumen der Sp\u00e4tsaison produziert und in den US-amerikanischen Hardiness-Zonen 3-8 angebaut werden kann. Sie k\u00f6nnen lebende Pflanzen wie diese &#8222;Purple Dome&#8220; New England Aster in Nature Hills bekommen.<\/p>\n<h3 class=\"article-body__section\" id=\"section-2-chinese-lantern\"><span>2. Chinesische Laterne<\/span><\/h3>\n<figure class=\"van-image-figure inline-layout \" data-bordeaux-image-check>\n<div class=\"image-full-width-wrapper\">\n<div class=\"image-widthsetter\" style=\"max-width:2000px;\"><\/div>\n<\/div>\n<\/figure>\n<p>Chinesische Laternenpflanzen (<em>Physalis alkekengi<\/em>) sind Stauden, die im Sommer wei\u00dfe Bl\u00fcten produzieren, aber nach den markanten Papierabdeckungen bekannt und benannt sind, in die sich die Bl\u00fcten entwickeln, um die orange-roten Beeren im Herbst zu umgeben.<\/p>\n<p>Sie sind einzigartige, attraktive Pflanzen f\u00fcr jedes Bl\u00fctenbett, und die K\u00f6pfe sind spektakul\u00e4r wie getrocknete Bl\u00fcten. Die Pflanzen breiten sich jedoch schnell durch unterirdische Rhizome aus.<\/p>\n<p>Die Klumpen k\u00f6nnen einen Bereich erweitern und dominieren, und neue Pflanzen k\u00f6nnen weit von dem urspr\u00fcnglichen Klumpen entfernt auftauchen. Sie m\u00f6chten die K\u00f6pfe auf der Pflanze lassen, um es zu genie\u00dfen, aber dies versch\u00e4rft auch das Risiko von unerw\u00fcnschten zus\u00e4tzlichen Pflanzen, da chinesische Laternenpflanzen sich leicht selbst ver\u00e4rgern k\u00f6nnen.<\/p>\n<p>Eine andere der Physalis -Gattung, die ich auch gegen Pflanzen raten w\u00fcrde, ist Cape GooseBerry (<em>Physalis Peruviana<\/em>). Es kann sich in w\u00e4rmerem Klima schnell ausbreiten und ist eine produktive Selbstverseiderin, wobei jede Pflanze Hunderte von Samen zerstreuen kann, die viele Jahre im Boden lebensf\u00e4hig sind.<\/p>\n<h3 class=\"article-body__section\" id=\"section-3-horseradish\"><span>3. Meerrettich<\/span><\/h3>\n<figure class=\"van-image-figure inline-layout \" data-bordeaux-image-check>\n<div class=\"image-full-width-wrapper\">\n<div class=\"image-widthsetter\" style=\"max-width:2000px;\"><\/div>\n<\/div>\n<\/figure>\n<p>Als ich ein Gem\u00fcseg\u00e4rtner f\u00fcr ein Restaurant war, war Meerrettich eine Ernte im ummauerten K\u00fcchengarten. Ich habe aus erster Hand gesehen, wie kr\u00e4ftig es war und wie schwierig es ist, loszuwerden, wenn Sie wollen.<\/p>\n<p>Es wurden viele Klumpen im Garten gepflanzt. Ich entschied, dass das meiste unn\u00f6tig war und wollte, dass es entfernt wurde. Egal wie oft ich gegraben und dachte, ich h\u00e4tte das letzte Mal gesehen, da tauchte es wieder auf.<\/p>\n<p>Hier ist der Grund. Meerrettich ist ein kr\u00e4ftiger Z\u00fcchter; Es produziert tiefe und ausbreitende Wurzeln (die 10 Fu\u00df hoch erreichen k\u00f6nnen, wenn der Klumpen mehrere Jahre lang ungest\u00f6rt bleibt) und kann aus einem beliebigen Abschnitt der Wurzel im Boden, selbst die kleinsten St\u00fccke, nachwachsen. Es macht Meerrettich zu einem Albtraum, um einmal im Boden etabliert zu werden.<\/p>\n<p>Wenn Sie Meerrettich regelm\u00e4\u00dfig ernten, k\u00f6nnen Sie sich auf dem Laufenden halten. Aber wir haben nicht ann\u00e4hernd genug geerntet, um eine Delle in den Klumpen zu machen. Wenn Sie Meerrettich wachsen m\u00f6chten, ist es sicherer, es in Beh\u00e4ltern zu kultivieren.<\/p>\n<h3 class=\"article-body__section\" id=\"section-4-cherry-laurel\"><span>4. Cherry Laurel<\/span><\/h3>\n<figure class=\"van-image-figure inline-layout \" data-bordeaux-image-check>\n<div class=\"image-full-width-wrapper\">\n<div class=\"image-widthsetter\" style=\"max-width:2000px;\"><\/div>\n<\/div>\n<\/figure>\n<p>Cherry Laurel ist ein harter, schnell wachsender Strauch, der bis zu drei Fu\u00df pro Jahr wachsen kann. Es ist unter vielen G\u00e4rtnern beliebt f\u00fcr eine Privatsph\u00e4re oder einen Bildschirm. Es kann jedoch ein echter Schl\u00e4ger werden, sofern nicht regelm\u00e4\u00dfig verwaltet.<\/p>\n<p>Zu diesem Management geh\u00f6ren regelm\u00e4\u00dfig Lorbeer, um ihn enthalten zu halten, und verhindern, dass der Strauch dichte Klumpen bildet, die anderen Pflanzen aus Licht, Raum und N\u00e4hrstoffen entziehen.<\/p>\n<p>Ich w\u00fcrde nie Cherry Laurel pflanzen, da ich w\u00e4hrend meiner Gartenkarriere Laurel -Str\u00e4ucher lange Zeitr\u00e4ume verbracht habe. In einem historischen Garten, in dem ich gearbeitet habe, gab es mehrere gro\u00dfe Abschnitte von Laurel, und wir haben jedes Jahr einige Monate damit verbracht, sie mit der Hand mit Beschneidungsscheren zu schneiden.<\/p>\n<p>Cherry Laurel ist nicht nur eine invasive Hedge -Pflanze, die auch viele Beeren produziert, und diese sind f\u00fcr Haustiere giftig. Als Hundebesitzer vermeide ich Pflanzen, die f\u00fcr Hunde giftig sind, und entscheide mich stattdessen f\u00fcr hundfreundliche Pflanzen.<\/p>\n<p>Anstelle von Cherry Laurel kann Thuja Plicata, auch als Western Red Cedar bekannt, immergr\u00fcne Screening bieten und gleichzeitig f\u00fcr Haustiere sicher sind. Sie k\u00f6nnen in Walmart lebende Dhuja Plicata -Pflanzen bekommen.<\/p>\n<h3 class=\"article-body__section\" id=\"section-mint\"><span>Minze<\/span><\/h3>\n<figure class=\"van-image-figure inline-layout \" data-bordeaux-image-check>\n<div class=\"image-full-width-wrapper\">\n<div class=\"image-widthsetter\" style=\"max-width:2400px;\"><\/div>\n<\/div>\n<\/figure>\n<p>Dies ist kein Szenario, in dem ich Minze gepflanzt habe, sondern eine Erinnerung an den Erben eines Gartens, in dem jemand Minze in Grenzen gepflanzt hatte, und der Spa\u00df, der sich daraus ergab, ihn zu beseitigen. Wenn Sie sich des Rufs von Mint bewusst sind, k\u00f6nnen Sie bereits erraten, wohin dies geht.<\/p>\n<p>Es gab mehrere Abschnitte mit M\u00fcnzgrenzen in Grenzen um einen ummauerten Garten, der von einem Vorg\u00e4nger gepflanzt wurde. Diese verschiedenen Klumpen hatten sich im Laufe der Zeit verbreitet und begannen, die Pflanzen um sie herum zu \u00fcberw\u00e4ltigen. W\u00e4hrend der Geruch und die Anzahl der Best\u00e4uber, die die Minze einbrachte, beeindruckend waren, waren die Klumpen nichts als \u00c4rger und mussten gehen.<\/p>\n<p>Was vorging, war viel Graben und Sieben durch den Boden. Es war anstrengend, die Klumpen zu entfernen und jedes letzte St\u00fcck Wurzeln sorgf\u00e4ltig auszugraben, um die Pflanze daran zu hindern, wieder aufzutauchen.<\/p>\n<p>Sie h\u00f6ren immer G\u00e4rtner, die Ihnen sagen, dass Minze eine invasive Pflanze ist, die sich schnell ausbreitet, und Sie sollten ihnen zuh\u00f6ren. Denken Sie nicht, dass es auch in einer kleinen Ecke in Ordnung sein wird, da Minze von langwierigen L\u00e4ufern verbreitet werden kann, um neue Bereiche zu \u00fcbernehmen.<\/p>\n<p>Wenn Sie Minze wachsen m\u00f6chten, pflanzen Sie es in einen Topf. Egal, ob Sie diesen Beh\u00e4lter in einem speziellen Kr\u00e4utergarten aufbewahren oder den Topf in den Boden pflanzen, um die M\u00fcnze enthalten zu halten, er verhindert, dass sich das Kraut an Orten ausbreitet und auftaucht, an die Sie es nicht wollen.<\/p>\n<hr>\n<p>Eine besondere Erw\u00e4hnung von Bambus, da Sie Anlagen nicht erw\u00e4hnen k\u00f6nnen, sollten Sie niemals ohne Bambus diskutieren. Ich habe es nie gepflanzt und musste mich nie wirklich in einem Garten damit befassen, aber ich wei\u00df, dass die Gefahren real sind.<\/p>\n<p>Wenn Sie Bambus anbauen m\u00f6chten, pflanzen Sie es in gro\u00dfen Beh\u00e4ltern oder erstellen Sie Barrieren, um sich zu verhindern, dass Bambus ausbreitet. Diese Vorsichtsma\u00dfnahmen sind von entscheidender Bedeutung, da sich der Bambus leider energisch ausbreitet, Bereiche \u00fcbernimmt und an unerw\u00fcnschten Orten auftaucht. Und es kann schwierig sein, loszuwerden, also achten Sie auf.<\/p>\n<h2 id=\"essential-gardening-kit-3\">Essential Gardening Kit<\/h2>\n<div class=\"product-container hero-product-container product-block-no-wrap\">\n<div class=\"product-block-row\"><\/div>\n<div class=\"product-block-row\"><\/div>\n<div class=\"product-block-row\"><\/div>\n<\/div>\n<div class=\"block\" id=\"articleTag\" data-component-name=\"PostArticleLinks\">\n<div class=\"border-b border-b-black border-solid py-2.5 text-black font-bold uppercase\">Themen<\/div>\n<nav class=\"py-2.5 flex gap-2.5 flex-wrap\" data-analytics-id=\"article-tag\">\n<p>Gem\u00fcse Stauden Str\u00e4ucher<br \/>\n<\/nav>\n<\/div>\n<\/div>\n","protected":false},"excerpt":{"rendered":"<p>Ich habe in meinen Jahren als professioneller G\u00e4rtner eine Menge Dinge gesehen, und zum Gl\u00fcck war es die meiste Zeit, dass es eine durch und<\/p>\n","protected":false},"author":1,"featured_media":5820,"comment_status":"closed","ping_status":"","sticky":false,"template":"","format":"standard","meta":{"footnotes":""},"categories":[118],"tags":[935,8192,6572,112,9,2098,93,823,129,7257,1096,1122,146,460,60,246,6299,8191,58,37,2035,1865,1440],"class_list":["post-5819","post","type-post","status-publish","format-standard","has-post-thumbnail","hentry","category-haus-garten","tag-als","tag-befasst","tag-betten","tag-das","tag-die","tag-gaertner","tag-grenzen","tag-habe","tag-ich","tag-invasiven","tag-meinen","tag-mich","tag-mit","tag-nie","tag-oder","tag-pflanzen","tag-professioneller","tag-renommierten","tag-sind","tag-und","tag-wachsen","tag-werde","tag-wieder","generate-columns","tablet-grid-50","mobile-grid-100","grid-parent","grid-50"],"yoast_head":"<!-- This site is optimized with the Yoast SEO plugin v27.3 - https:\/\/yoast.com\/product\/yoast-seo-wordpress\/ -->\n<title>Ich habe mich mit invasiven, renommierten Pflanzen als professioneller G\u00e4rtner befasst, und das sind 5 Pflanzen, die ich in meinen Betten oder Grenzen nie wieder wachsen werde - Nachrichten - Stra\u00dfenweb<\/title>\n<meta name=\"robots\" content=\"index, follow, max-snippet:-1, max-image-preview:large, max-video-preview:-1\" \/>\n<link rel=\"canonical\" href=\"https:\/\/www.strassenweb.de\/nachrichten\/ich-habe-mich-mit-invasiven-renommierten-pflanzen-als-professioneller-gaertner-befasst-und-das-sind-5-pflanzen-die-ich-in-meinen-betten-oder-grenzen-nie-wieder-wachsen-werde\/\" \/>\n<meta property=\"og:locale\" content=\"de_DE\" \/>\n<meta property=\"og:type\" content=\"article\" \/>\n<meta property=\"og:title\" content=\"Ich habe mich mit invasiven, renommierten Pflanzen als professioneller G\u00e4rtner befasst, und das sind 5 Pflanzen, die ich in meinen Betten oder Grenzen nie wieder wachsen werde - Nachrichten - Stra\u00dfenweb\" \/>\n<meta property=\"og:description\" content=\"Ich habe in meinen Jahren als professioneller G\u00e4rtner eine Menge Dinge gesehen, und zum Gl\u00fcck war es die meiste Zeit, dass es eine durch und\" \/>\n<meta property=\"og:url\" content=\"https:\/\/www.strassenweb.de\/nachrichten\/ich-habe-mich-mit-invasiven-renommierten-pflanzen-als-professioneller-gaertner-befasst-und-das-sind-5-pflanzen-die-ich-in-meinen-betten-oder-grenzen-nie-wieder-wachsen-werde\/\" \/>\n<meta property=\"og:site_name\" content=\"Stra\u00dfenweb\" \/>\n<meta property=\"article:publisher\" content=\"https:\/\/www.facebook.com\/strassenweb\/\" \/>\n<meta property=\"article:published_time\" content=\"2025-06-22T07:40:03+00:00\" \/>\n<meta property=\"article:modified_time\" content=\"2025-06-22T07:40:04+00:00\" \/>\n<meta property=\"og:image\" content=\"https:\/\/www.strassenweb.de\/nachrichten\/wp-content\/uploads\/2025\/06\/Ich-habe-mich-mit-invasiven-renommierten-Pflanzen-als-professioneller-Gaertner.jpg\" \/>\n\t<meta property=\"og:image:width\" content=\"1600\" \/>\n\t<meta property=\"og:image:height\" content=\"900\" \/>\n\t<meta property=\"og:image:type\" content=\"image\/jpeg\" \/>\n<meta name=\"author\" content=\"Robert Hoffmann\" \/>\n<meta name=\"twitter:card\" content=\"summary_large_image\" \/>\n<meta name=\"twitter:label1\" content=\"Verfasst von\" \/>\n\t<meta name=\"twitter:data1\" content=\"Robert Hoffmann\" \/>\n\t<meta name=\"twitter:label2\" content=\"Gesch\u00e4tzte Lesezeit\" \/>\n\t<meta name=\"twitter:data2\" content=\"7\u00a0Minuten\" \/>\n<script type=\"application\/ld+json\" class=\"yoast-schema-graph\">{\"@context\":\"https:\\\/\\\/schema.org\",\"@graph\":[{\"@type\":\"Article\",\"@id\":\"https:\\\/\\\/www.strassenweb.de\\\/nachrichten\\\/ich-habe-mich-mit-invasiven-renommierten-pflanzen-als-professioneller-gaertner-befasst-und-das-sind-5-pflanzen-die-ich-in-meinen-betten-oder-grenzen-nie-wieder-wachsen-werde\\\/#article\",\"isPartOf\":{\"@id\":\"https:\\\/\\\/www.strassenweb.de\\\/nachrichten\\\/ich-habe-mich-mit-invasiven-renommierten-pflanzen-als-professioneller-gaertner-befasst-und-das-sind-5-pflanzen-die-ich-in-meinen-betten-oder-grenzen-nie-wieder-wachsen-werde\\\/\"},\"author\":{\"name\":\"Robert Hoffmann\",\"@id\":\"https:\\\/\\\/www.strassenweb.de\\\/nachrichten\\\/#\\\/schema\\\/person\\\/87c9c9067f1211da429a744dc5a5aa41\"},\"headline\":\"Ich habe mich mit invasiven, renommierten Pflanzen als professioneller G\u00e4rtner befasst, und das sind 5 Pflanzen, die ich in meinen Betten oder Grenzen nie wieder wachsen werde\",\"datePublished\":\"2025-06-22T07:40:03+00:00\",\"dateModified\":\"2025-06-22T07:40:04+00:00\",\"mainEntityOfPage\":{\"@id\":\"https:\\\/\\\/www.strassenweb.de\\\/nachrichten\\\/ich-habe-mich-mit-invasiven-renommierten-pflanzen-als-professioneller-gaertner-befasst-und-das-sind-5-pflanzen-die-ich-in-meinen-betten-oder-grenzen-nie-wieder-wachsen-werde\\\/\"},\"wordCount\":1525,\"publisher\":{\"@id\":\"https:\\\/\\\/www.strassenweb.de\\\/nachrichten\\\/#organization\"},\"image\":{\"@id\":\"https:\\\/\\\/www.strassenweb.de\\\/nachrichten\\\/ich-habe-mich-mit-invasiven-renommierten-pflanzen-als-professioneller-gaertner-befasst-und-das-sind-5-pflanzen-die-ich-in-meinen-betten-oder-grenzen-nie-wieder-wachsen-werde\\\/#primaryimage\"},\"thumbnailUrl\":\"https:\\\/\\\/www.strassenweb.de\\\/nachrichten\\\/wp-content\\\/uploads\\\/2025\\\/06\\\/Ich-habe-mich-mit-invasiven-renommierten-Pflanzen-als-professioneller-Gaertner.jpg\",\"keywords\":[\"als\",\"befasst\",\"Betten\",\"das\",\"die\",\"G\u00e4rtner\",\"Grenzen\",\"habe\",\"ich\",\"invasiven\",\"meinen\",\"mich\",\"mit\",\"nie\",\"oder\",\"Pflanzen\",\"professioneller\",\"renommierten\",\"sind\",\"und\",\"wachsen\",\"werde\",\"wieder\"],\"articleSection\":[\"Haus &amp; Garten\"],\"inLanguage\":\"de\"},{\"@type\":\"WebPage\",\"@id\":\"https:\\\/\\\/www.strassenweb.de\\\/nachrichten\\\/ich-habe-mich-mit-invasiven-renommierten-pflanzen-als-professioneller-gaertner-befasst-und-das-sind-5-pflanzen-die-ich-in-meinen-betten-oder-grenzen-nie-wieder-wachsen-werde\\\/\",\"url\":\"https:\\\/\\\/www.strassenweb.de\\\/nachrichten\\\/ich-habe-mich-mit-invasiven-renommierten-pflanzen-als-professioneller-gaertner-befasst-und-das-sind-5-pflanzen-die-ich-in-meinen-betten-oder-grenzen-nie-wieder-wachsen-werde\\\/\",\"name\":\"Ich habe mich mit invasiven, renommierten Pflanzen als professioneller G\u00e4rtner befasst, und das sind 5 Pflanzen, die ich in meinen Betten oder Grenzen nie wieder wachsen werde - Nachrichten - Stra\u00dfenweb\",\"isPartOf\":{\"@id\":\"https:\\\/\\\/www.strassenweb.de\\\/nachrichten\\\/#website\"},\"primaryImageOfPage\":{\"@id\":\"https:\\\/\\\/www.strassenweb.de\\\/nachrichten\\\/ich-habe-mich-mit-invasiven-renommierten-pflanzen-als-professioneller-gaertner-befasst-und-das-sind-5-pflanzen-die-ich-in-meinen-betten-oder-grenzen-nie-wieder-wachsen-werde\\\/#primaryimage\"},\"image\":{\"@id\":\"https:\\\/\\\/www.strassenweb.de\\\/nachrichten\\\/ich-habe-mich-mit-invasiven-renommierten-pflanzen-als-professioneller-gaertner-befasst-und-das-sind-5-pflanzen-die-ich-in-meinen-betten-oder-grenzen-nie-wieder-wachsen-werde\\\/#primaryimage\"},\"thumbnailUrl\":\"https:\\\/\\\/www.strassenweb.de\\\/nachrichten\\\/wp-content\\\/uploads\\\/2025\\\/06\\\/Ich-habe-mich-mit-invasiven-renommierten-Pflanzen-als-professioneller-Gaertner.jpg\",\"datePublished\":\"2025-06-22T07:40:03+00:00\",\"dateModified\":\"2025-06-22T07:40:04+00:00\",\"breadcrumb\":{\"@id\":\"https:\\\/\\\/www.strassenweb.de\\\/nachrichten\\\/ich-habe-mich-mit-invasiven-renommierten-pflanzen-als-professioneller-gaertner-befasst-und-das-sind-5-pflanzen-die-ich-in-meinen-betten-oder-grenzen-nie-wieder-wachsen-werde\\\/#breadcrumb\"},\"inLanguage\":\"de\",\"potentialAction\":[{\"@type\":\"ReadAction\",\"target\":[\"https:\\\/\\\/www.strassenweb.de\\\/nachrichten\\\/ich-habe-mich-mit-invasiven-renommierten-pflanzen-als-professioneller-gaertner-befasst-und-das-sind-5-pflanzen-die-ich-in-meinen-betten-oder-grenzen-nie-wieder-wachsen-werde\\\/\"]}]},{\"@type\":\"ImageObject\",\"inLanguage\":\"de\",\"@id\":\"https:\\\/\\\/www.strassenweb.de\\\/nachrichten\\\/ich-habe-mich-mit-invasiven-renommierten-pflanzen-als-professioneller-gaertner-befasst-und-das-sind-5-pflanzen-die-ich-in-meinen-betten-oder-grenzen-nie-wieder-wachsen-werde\\\/#primaryimage\",\"url\":\"https:\\\/\\\/www.strassenweb.de\\\/nachrichten\\\/wp-content\\\/uploads\\\/2025\\\/06\\\/Ich-habe-mich-mit-invasiven-renommierten-Pflanzen-als-professioneller-Gaertner.jpg\",\"contentUrl\":\"https:\\\/\\\/www.strassenweb.de\\\/nachrichten\\\/wp-content\\\/uploads\\\/2025\\\/06\\\/Ich-habe-mich-mit-invasiven-renommierten-Pflanzen-als-professioneller-Gaertner.jpg\",\"width\":1600,\"height\":900,\"caption\":\"English garden in summer\"},{\"@type\":\"BreadcrumbList\",\"@id\":\"https:\\\/\\\/www.strassenweb.de\\\/nachrichten\\\/ich-habe-mich-mit-invasiven-renommierten-pflanzen-als-professioneller-gaertner-befasst-und-das-sind-5-pflanzen-die-ich-in-meinen-betten-oder-grenzen-nie-wieder-wachsen-werde\\\/#breadcrumb\",\"itemListElement\":[{\"@type\":\"ListItem\",\"position\":1,\"name\":\"Home\",\"item\":\"https:\\\/\\\/www.strassenweb.de\\\/nachrichten\\\/\"},{\"@type\":\"ListItem\",\"position\":2,\"name\":\"Ich habe mich mit invasiven, renommierten Pflanzen als professioneller G\u00e4rtner befasst, und das sind 5 Pflanzen, die ich in meinen Betten oder Grenzen nie wieder wachsen werde\"}]},{\"@type\":\"WebSite\",\"@id\":\"https:\\\/\\\/www.strassenweb.de\\\/nachrichten\\\/#website\",\"url\":\"https:\\\/\\\/www.strassenweb.de\\\/nachrichten\\\/\",\"name\":\"Stra\u00dfenweb\",\"description\":\"Stra\u00dfenverzeichnis f\u00fcr Deutschland\",\"publisher\":{\"@id\":\"https:\\\/\\\/www.strassenweb.de\\\/nachrichten\\\/#organization\"},\"potentialAction\":[{\"@type\":\"SearchAction\",\"target\":{\"@type\":\"EntryPoint\",\"urlTemplate\":\"https:\\\/\\\/www.strassenweb.de\\\/nachrichten\\\/?s={search_term_string}\"},\"query-input\":{\"@type\":\"PropertyValueSpecification\",\"valueRequired\":true,\"valueName\":\"search_term_string\"}}],\"inLanguage\":\"de\"},{\"@type\":\"Organization\",\"@id\":\"https:\\\/\\\/www.strassenweb.de\\\/nachrichten\\\/#organization\",\"name\":\"Stra\u00dfenweb\",\"url\":\"https:\\\/\\\/www.strassenweb.de\\\/nachrichten\\\/\",\"logo\":{\"@type\":\"ImageObject\",\"inLanguage\":\"de\",\"@id\":\"https:\\\/\\\/www.strassenweb.de\\\/nachrichten\\\/#\\\/schema\\\/logo\\\/image\\\/\",\"url\":\"https:\\\/\\\/www.strassenweb.de\\\/nachrichten\\\/wp-content\\\/uploads\\\/2024\\\/09\\\/cropped-favicon.png\",\"contentUrl\":\"https:\\\/\\\/www.strassenweb.de\\\/nachrichten\\\/wp-content\\\/uploads\\\/2024\\\/09\\\/cropped-favicon.png\",\"width\":512,\"height\":512,\"caption\":\"Stra\u00dfenweb\"},\"image\":{\"@id\":\"https:\\\/\\\/www.strassenweb.de\\\/nachrichten\\\/#\\\/schema\\\/logo\\\/image\\\/\"},\"sameAs\":[\"https:\\\/\\\/www.facebook.com\\\/strassenweb\\\/\"]},{\"@type\":\"Person\",\"@id\":\"https:\\\/\\\/www.strassenweb.de\\\/nachrichten\\\/#\\\/schema\\\/person\\\/87c9c9067f1211da429a744dc5a5aa41\",\"name\":\"Robert Hoffmann\",\"image\":{\"@type\":\"ImageObject\",\"inLanguage\":\"de\",\"@id\":\"https:\\\/\\\/www.strassenweb.de\\\/nachrichten\\\/wp-content\\\/uploads\\\/2024\\\/09\\\/strassenweb-150x150.jpg\",\"url\":\"https:\\\/\\\/www.strassenweb.de\\\/nachrichten\\\/wp-content\\\/uploads\\\/2024\\\/09\\\/strassenweb-150x150.jpg\",\"contentUrl\":\"https:\\\/\\\/www.strassenweb.de\\\/nachrichten\\\/wp-content\\\/uploads\\\/2024\\\/09\\\/strassenweb-150x150.jpg\",\"caption\":\"Robert Hoffmann\"},\"description\":\"Ich hei\u00dfe Robert Hoffmann und ich bin ein leidenschaftlicher Verfechter von \u00d6kologie und Biodiversit\u00e4t. Seit meiner Kindheit in den W\u00e4ldern Bayerns f\u00fchle ich mich mit der Natur verbunden und bin entschlossen, sie zu sch\u00fctzen. Heute widme ich mein Leben der Sensibilisierung anderer f\u00fcr die Bedeutung des Umweltschutzes f\u00fcr zuk\u00fcnftige Generationen.\",\"sameAs\":[\"https:\\\/\\\/www.strassenweb.de\\\/\"]}]}<\/script>\n<!-- \/ Yoast SEO plugin. -->","yoast_head_json":{"title":"Ich habe mich mit invasiven, renommierten Pflanzen als professioneller G\u00e4rtner befasst, und das sind 5 Pflanzen, die ich in meinen Betten oder Grenzen nie wieder wachsen werde - Nachrichten - Stra\u00dfenweb","robots":{"index":"index","follow":"follow","max-snippet":"max-snippet:-1","max-image-preview":"max-image-preview:large","max-video-preview":"max-video-preview:-1"},"canonical":"https:\/\/www.strassenweb.de\/nachrichten\/ich-habe-mich-mit-invasiven-renommierten-pflanzen-als-professioneller-gaertner-befasst-und-das-sind-5-pflanzen-die-ich-in-meinen-betten-oder-grenzen-nie-wieder-wachsen-werde\/","og_locale":"de_DE","og_type":"article","og_title":"Ich habe mich mit invasiven, renommierten Pflanzen als professioneller G\u00e4rtner befasst, und das sind 5 Pflanzen, die ich in meinen Betten oder Grenzen nie wieder wachsen werde - Nachrichten - Stra\u00dfenweb","og_description":"Ich habe in meinen Jahren als professioneller G\u00e4rtner eine Menge Dinge gesehen, und zum Gl\u00fcck war es die meiste Zeit, dass es eine durch und","og_url":"https:\/\/www.strassenweb.de\/nachrichten\/ich-habe-mich-mit-invasiven-renommierten-pflanzen-als-professioneller-gaertner-befasst-und-das-sind-5-pflanzen-die-ich-in-meinen-betten-oder-grenzen-nie-wieder-wachsen-werde\/","og_site_name":"Stra\u00dfenweb","article_publisher":"https:\/\/www.facebook.com\/strassenweb\/","article_published_time":"2025-06-22T07:40:03+00:00","article_modified_time":"2025-06-22T07:40:04+00:00","og_image":[{"width":1600,"height":900,"url":"https:\/\/www.strassenweb.de\/nachrichten\/wp-content\/uploads\/2025\/06\/Ich-habe-mich-mit-invasiven-renommierten-Pflanzen-als-professioneller-Gaertner.jpg","type":"image\/jpeg"}],"author":"Robert Hoffmann","twitter_card":"summary_large_image","twitter_misc":{"Verfasst von":"Robert Hoffmann","Gesch\u00e4tzte Lesezeit":"7\u00a0Minuten"},"schema":{"@context":"https:\/\/schema.org","@graph":[{"@type":"Article","@id":"https:\/\/www.strassenweb.de\/nachrichten\/ich-habe-mich-mit-invasiven-renommierten-pflanzen-als-professioneller-gaertner-befasst-und-das-sind-5-pflanzen-die-ich-in-meinen-betten-oder-grenzen-nie-wieder-wachsen-werde\/#article","isPartOf":{"@id":"https:\/\/www.strassenweb.de\/nachrichten\/ich-habe-mich-mit-invasiven-renommierten-pflanzen-als-professioneller-gaertner-befasst-und-das-sind-5-pflanzen-die-ich-in-meinen-betten-oder-grenzen-nie-wieder-wachsen-werde\/"},"author":{"name":"Robert Hoffmann","@id":"https:\/\/www.strassenweb.de\/nachrichten\/#\/schema\/person\/87c9c9067f1211da429a744dc5a5aa41"},"headline":"Ich habe mich mit invasiven, renommierten Pflanzen als professioneller G\u00e4rtner befasst, und das sind 5 Pflanzen, die ich in meinen Betten oder Grenzen nie wieder wachsen werde","datePublished":"2025-06-22T07:40:03+00:00","dateModified":"2025-06-22T07:40:04+00:00","mainEntityOfPage":{"@id":"https:\/\/www.strassenweb.de\/nachrichten\/ich-habe-mich-mit-invasiven-renommierten-pflanzen-als-professioneller-gaertner-befasst-und-das-sind-5-pflanzen-die-ich-in-meinen-betten-oder-grenzen-nie-wieder-wachsen-werde\/"},"wordCount":1525,"publisher":{"@id":"https:\/\/www.strassenweb.de\/nachrichten\/#organization"},"image":{"@id":"https:\/\/www.strassenweb.de\/nachrichten\/ich-habe-mich-mit-invasiven-renommierten-pflanzen-als-professioneller-gaertner-befasst-und-das-sind-5-pflanzen-die-ich-in-meinen-betten-oder-grenzen-nie-wieder-wachsen-werde\/#primaryimage"},"thumbnailUrl":"https:\/\/www.strassenweb.de\/nachrichten\/wp-content\/uploads\/2025\/06\/Ich-habe-mich-mit-invasiven-renommierten-Pflanzen-als-professioneller-Gaertner.jpg","keywords":["als","befasst","Betten","das","die","G\u00e4rtner","Grenzen","habe","ich","invasiven","meinen","mich","mit","nie","oder","Pflanzen","professioneller","renommierten","sind","und","wachsen","werde","wieder"],"articleSection":["Haus &amp; Garten"],"inLanguage":"de"},{"@type":"WebPage","@id":"https:\/\/www.strassenweb.de\/nachrichten\/ich-habe-mich-mit-invasiven-renommierten-pflanzen-als-professioneller-gaertner-befasst-und-das-sind-5-pflanzen-die-ich-in-meinen-betten-oder-grenzen-nie-wieder-wachsen-werde\/","url":"https:\/\/www.strassenweb.de\/nachrichten\/ich-habe-mich-mit-invasiven-renommierten-pflanzen-als-professioneller-gaertner-befasst-und-das-sind-5-pflanzen-die-ich-in-meinen-betten-oder-grenzen-nie-wieder-wachsen-werde\/","name":"Ich habe mich mit invasiven, renommierten Pflanzen als professioneller G\u00e4rtner befasst, und das sind 5 Pflanzen, die ich in meinen Betten oder Grenzen nie wieder wachsen werde - Nachrichten - Stra\u00dfenweb","isPartOf":{"@id":"https:\/\/www.strassenweb.de\/nachrichten\/#website"},"primaryImageOfPage":{"@id":"https:\/\/www.strassenweb.de\/nachrichten\/ich-habe-mich-mit-invasiven-renommierten-pflanzen-als-professioneller-gaertner-befasst-und-das-sind-5-pflanzen-die-ich-in-meinen-betten-oder-grenzen-nie-wieder-wachsen-werde\/#primaryimage"},"image":{"@id":"https:\/\/www.strassenweb.de\/nachrichten\/ich-habe-mich-mit-invasiven-renommierten-pflanzen-als-professioneller-gaertner-befasst-und-das-sind-5-pflanzen-die-ich-in-meinen-betten-oder-grenzen-nie-wieder-wachsen-werde\/#primaryimage"},"thumbnailUrl":"https:\/\/www.strassenweb.de\/nachrichten\/wp-content\/uploads\/2025\/06\/Ich-habe-mich-mit-invasiven-renommierten-Pflanzen-als-professioneller-Gaertner.jpg","datePublished":"2025-06-22T07:40:03+00:00","dateModified":"2025-06-22T07:40:04+00:00","breadcrumb":{"@id":"https:\/\/www.strassenweb.de\/nachrichten\/ich-habe-mich-mit-invasiven-renommierten-pflanzen-als-professioneller-gaertner-befasst-und-das-sind-5-pflanzen-die-ich-in-meinen-betten-oder-grenzen-nie-wieder-wachsen-werde\/#breadcrumb"},"inLanguage":"de","potentialAction":[{"@type":"ReadAction","target":["https:\/\/www.strassenweb.de\/nachrichten\/ich-habe-mich-mit-invasiven-renommierten-pflanzen-als-professioneller-gaertner-befasst-und-das-sind-5-pflanzen-die-ich-in-meinen-betten-oder-grenzen-nie-wieder-wachsen-werde\/"]}]},{"@type":"ImageObject","inLanguage":"de","@id":"https:\/\/www.strassenweb.de\/nachrichten\/ich-habe-mich-mit-invasiven-renommierten-pflanzen-als-professioneller-gaertner-befasst-und-das-sind-5-pflanzen-die-ich-in-meinen-betten-oder-grenzen-nie-wieder-wachsen-werde\/#primaryimage","url":"https:\/\/www.strassenweb.de\/nachrichten\/wp-content\/uploads\/2025\/06\/Ich-habe-mich-mit-invasiven-renommierten-Pflanzen-als-professioneller-Gaertner.jpg","contentUrl":"https:\/\/www.strassenweb.de\/nachrichten\/wp-content\/uploads\/2025\/06\/Ich-habe-mich-mit-invasiven-renommierten-Pflanzen-als-professioneller-Gaertner.jpg","width":1600,"height":900,"caption":"English garden in summer"},{"@type":"BreadcrumbList","@id":"https:\/\/www.strassenweb.de\/nachrichten\/ich-habe-mich-mit-invasiven-renommierten-pflanzen-als-professioneller-gaertner-befasst-und-das-sind-5-pflanzen-die-ich-in-meinen-betten-oder-grenzen-nie-wieder-wachsen-werde\/#breadcrumb","itemListElement":[{"@type":"ListItem","position":1,"name":"Home","item":"https:\/\/www.strassenweb.de\/nachrichten\/"},{"@type":"ListItem","position":2,"name":"Ich habe mich mit invasiven, renommierten Pflanzen als professioneller G\u00e4rtner befasst, und das sind 5 Pflanzen, die ich in meinen Betten oder Grenzen nie wieder wachsen werde"}]},{"@type":"WebSite","@id":"https:\/\/www.strassenweb.de\/nachrichten\/#website","url":"https:\/\/www.strassenweb.de\/nachrichten\/","name":"Stra\u00dfenweb","description":"Stra\u00dfenverzeichnis f\u00fcr Deutschland","publisher":{"@id":"https:\/\/www.strassenweb.de\/nachrichten\/#organization"},"potentialAction":[{"@type":"SearchAction","target":{"@type":"EntryPoint","urlTemplate":"https:\/\/www.strassenweb.de\/nachrichten\/?s={search_term_string}"},"query-input":{"@type":"PropertyValueSpecification","valueRequired":true,"valueName":"search_term_string"}}],"inLanguage":"de"},{"@type":"Organization","@id":"https:\/\/www.strassenweb.de\/nachrichten\/#organization","name":"Stra\u00dfenweb","url":"https:\/\/www.strassenweb.de\/nachrichten\/","logo":{"@type":"ImageObject","inLanguage":"de","@id":"https:\/\/www.strassenweb.de\/nachrichten\/#\/schema\/logo\/image\/","url":"https:\/\/www.strassenweb.de\/nachrichten\/wp-content\/uploads\/2024\/09\/cropped-favicon.png","contentUrl":"https:\/\/www.strassenweb.de\/nachrichten\/wp-content\/uploads\/2024\/09\/cropped-favicon.png","width":512,"height":512,"caption":"Stra\u00dfenweb"},"image":{"@id":"https:\/\/www.strassenweb.de\/nachrichten\/#\/schema\/logo\/image\/"},"sameAs":["https:\/\/www.facebook.com\/strassenweb\/"]},{"@type":"Person","@id":"https:\/\/www.strassenweb.de\/nachrichten\/#\/schema\/person\/87c9c9067f1211da429a744dc5a5aa41","name":"Robert Hoffmann","image":{"@type":"ImageObject","inLanguage":"de","@id":"https:\/\/www.strassenweb.de\/nachrichten\/wp-content\/uploads\/2024\/09\/strassenweb-150x150.jpg","url":"https:\/\/www.strassenweb.de\/nachrichten\/wp-content\/uploads\/2024\/09\/strassenweb-150x150.jpg","contentUrl":"https:\/\/www.strassenweb.de\/nachrichten\/wp-content\/uploads\/2024\/09\/strassenweb-150x150.jpg","caption":"Robert Hoffmann"},"description":"Ich hei\u00dfe Robert Hoffmann und ich bin ein leidenschaftlicher Verfechter von \u00d6kologie und Biodiversit\u00e4t. Seit meiner Kindheit in den W\u00e4ldern Bayerns f\u00fchle ich mich mit der Natur verbunden und bin entschlossen, sie zu sch\u00fctzen. Heute widme ich mein Leben der Sensibilisierung anderer f\u00fcr die Bedeutung des Umweltschutzes f\u00fcr zuk\u00fcnftige Generationen.","sameAs":["https:\/\/www.strassenweb.de\/"]}]}},"_links":{"self":[{"href":"https:\/\/www.strassenweb.de\/nachrichten\/wp-json\/wp\/v2\/posts\/5819","targetHints":{"allow":["GET"]}}],"collection":[{"href":"https:\/\/www.strassenweb.de\/nachrichten\/wp-json\/wp\/v2\/posts"}],"about":[{"href":"https:\/\/www.strassenweb.de\/nachrichten\/wp-json\/wp\/v2\/types\/post"}],"author":[{"embeddable":true,"href":"https:\/\/www.strassenweb.de\/nachrichten\/wp-json\/wp\/v2\/users\/1"}],"replies":[{"embeddable":true,"href":"https:\/\/www.strassenweb.de\/nachrichten\/wp-json\/wp\/v2\/comments?post=5819"}],"version-history":[{"count":0,"href":"https:\/\/www.strassenweb.de\/nachrichten\/wp-json\/wp\/v2\/posts\/5819\/revisions"}],"wp:featuredmedia":[{"embeddable":true,"href":"https:\/\/www.strassenweb.de\/nachrichten\/wp-json\/wp\/v2\/media\/5820"}],"wp:attachment":[{"href":"https:\/\/www.strassenweb.de\/nachrichten\/wp-json\/wp\/v2\/media?parent=5819"}],"wp:term":[{"taxonomy":"category","embeddable":true,"href":"https:\/\/www.strassenweb.de\/nachrichten\/wp-json\/wp\/v2\/categories?post=5819"},{"taxonomy":"post_tag","embeddable":true,"href":"https:\/\/www.strassenweb.de\/nachrichten\/wp-json\/wp\/v2\/tags?post=5819"}],"curies":[{"name":"wp","href":"https:\/\/api.w.org\/{rel}","templated":true}]}}