{"id":5816,"date":"2025-06-22T05:46:08","date_gmt":"2025-06-22T03:46:08","guid":{"rendered":"https:\/\/www.strassenweb.de\/nachrichten\/letztes-jahr-hat-drew-barrymore-ihren-bisher-skulpturalsten-akzentstuhl-entworfen-und-jetzt-ist-es-noch-besser-hier-ist-der-grund-warum\/"},"modified":"2025-06-22T05:46:08","modified_gmt":"2025-06-22T03:46:08","slug":"letztes-jahr-hat-drew-barrymore-ihren-bisher-skulpturalsten-akzentstuhl-entworfen-und-jetzt-ist-es-noch-besser-hier-ist-der-grund-warum","status":"publish","type":"post","link":"https:\/\/www.strassenweb.de\/nachrichten\/letztes-jahr-hat-drew-barrymore-ihren-bisher-skulpturalsten-akzentstuhl-entworfen-und-jetzt-ist-es-noch-besser-hier-ist-der-grund-warum\/","title":{"rendered":"Letztes Jahr hat Drew Barrymore ihren bisher skulpturalsten Akzentstuhl entworfen, und jetzt ist es noch besser &#8211; hier ist der Grund, warum"},"content":{"rendered":"<div id=\"article-body\" class=\"article__body \">\n<p>Drew Barrymores sch\u00f6ne Linie ist schnell zu einem Fan-Favoriten unter denjenigen geworden, die nach trendigen, aber zeitlosen, erschwinglichen und dennoch hochwertigen Haushaltswaren suchen. Diejenigen, die sich kennenlernen, werden sich freuen, herauszufinden, dass der immer beliebte Teddy-Stuhl jetzt in einer neuen Farbe erh\u00e4ltlich ist.<\/p>\n<div id=\"ad-unit-1\" class=\"ad-unit\"><\/div>\n<p>Der vielseitige, skulpturale Akzentstuhl, den wir zuvor f\u00fcr seine 70er-Jahre-inspirierten Stuhl ins Leben gerufen haben, <em>Butterscotch Shearling<\/em> Ausgabe, hat gerade in einem deb\u00fctiert <em>Creme Tweed <\/em>Farbton (erh\u00e4ltlich bei Walmart) &#8211; und nat\u00fcrlich sind wir besessen.<\/p>\n<aside data-block-type=\"embed\" data-render-type=\"fte\" data-skip=\"dealsy\" data-widget-type=\"seasonal\" class=\"hawk-base\"><\/aside>\n<p>Die Dekoration mit einem solchen neutralen Farbton ist perfekt f\u00fcr traditionelle und zeitgen\u00f6ssische Wohnbereiche und beweist, dass ein Akzentstuhl wirklich ein Anker in jedem Raum sein kann.<\/p>\n<div class=\"van_vid_carousel\">\n<div class=\"van_vid_carousel__padding\">\n<div class=\"van_vid_carousel__container\"><\/div>\n<\/div>\n<\/div>\n<aside data-component-name=\"Recirculation:ArticleRiver\" data-nosnippet class=\"pt-3 pb-4 mb-4 border-b border-solid border-(#333)\">\n<span class=\"\nafter:content-('') after:flex-1 after:ml-4 after:my-(0.7rem) after:border-t-(#333) after:border-t after:border-solid\nbefore:content-('') before:flex-1 before:mr-4 before:my-(0.7rem) before:border-t-(#333) before:border-t before:border-solid\nfont-article-heading pb-3 !text-base font-bold uppercase sm:text-sm text-(#333) flex\"><\/p>\n<p>Sie m\u00f6gen m\u00f6gen<br \/>\n<\/span><\/p>\n<ul class=\"flex flex-col gap-3 m-0\">\n<li class=\"m-0 list-none\" name=\"recirculation-inline\" data-analytics-id=\"recirculation-inline-1\" analytics-label=\"adviser:related\">\n<picture data-new-v2-image=\"true\" class=\"w-(--article-river-thumbnail-width,60px) flex-shrink-0\"><source type=\"image\/webp\"  ><\/source><\/p>\n<\/picture>\n<span class=\"hover:text-inherit font-article-heading text-base text-(#333) leading-5 content-center\">Drew Barrymores gestreiftes Sofa ist ihr bisher eleganteste Design &#8211; es sickert p\u00fcnktlich zum Sommer 2025 die Eleganz von East Hampton (und kostet unter 384 US -Dollar). <\/span><\/p>\n<\/li>\n<li class=\"m-0 list-none\" name=\"recirculation-inline\" data-analytics-id=\"recirculation-inline-2\" analytics-label=\"adviser:related\">\n<picture data-new-v2-image=\"true\" class=\"w-(--article-river-thumbnail-width,60px) flex-shrink-0\"><source type=\"image\/webp\"  ><\/source><br \/>\n<img decoding=\"async\" alt=\"Drew Barrymore\"   loading=\"lazy\" data-new-v2-image=\"true\" src=\"https:\/\/www.strassenweb.de\/nachrichten\/wp-content\/uploads\/2024\/11\/QzX23KamqhtrEbJ3juzeRX.jpg\" data-pin-media=\"https:\/\/www.strassenweb.de\/nachrichten\/wp-content\/uploads\/2024\/11\/QzX23KamqhtrEbJ3juzeRX.jpg\" data-pin-nopin=\"true\" class=\"aspect-(--img-listing-aspect-ratio,16\/9) object-cover w-(--article-river-thumbnail-width,60px) flex-shrink-0\">\n<\/picture>\n<span class=\"hover:text-inherit font-article-heading text-base text-(#333) leading-5 content-center\">Es war unm\u00f6glich, einen schicken Counterhocker zu finden, bis Drew Barrymore ein St\u00fcck aus der Mitte des Jahrhunderts entwarf, das Ihre Sitzprobleme l\u00f6sen wird<\/span><\/p>\n<\/li>\n<li class=\"m-0 list-none\" name=\"recirculation-inline\" data-analytics-id=\"recirculation-inline-3\" analytics-label=\"adviser:related\">\n<picture data-new-v2-image=\"true\" class=\"w-(--article-river-thumbnail-width,60px) flex-shrink-0\"><source type=\"image\/webp\"  ><\/source><br \/>\n<img decoding=\"async\" alt=\"Martha Stewart\"   loading=\"lazy\" data-new-v2-image=\"true\" src=\"https:\/\/www.strassenweb.de\/nachrichten\/wp-content\/uploads\/2025\/05\/rnzho2YbjY25YLV5MmuttK.jpg\" data-pin-media=\"https:\/\/www.strassenweb.de\/nachrichten\/wp-content\/uploads\/2025\/05\/rnzho2YbjY25YLV5MmuttK.jpg\" data-pin-nopin=\"true\" class=\"aspect-(--img-listing-aspect-ratio,16\/9) object-cover w-(--article-river-thumbnail-width,60px) flex-shrink-0\">\n<\/picture>\n<span class=\"hover:text-inherit font-article-heading text-base text-(#333) leading-5 content-center\">Martha Stewart hat einen hoch entwickelten Akzentstuhl geschaffen, der von ihrem ber\u00fchmtesten Zuhause inspiriert wurde &#8211; er ist tief in Amazon (und unter 400 US -Dollar) versteckt.<\/span><\/p>\n<\/li>\n<\/ul>\n<\/aside>\n<div class=\"product-container horizontal-product-container\">\n<div class=\"product-block-row\"><\/div>\n<\/div>\n<p>Experten zufolge passt diese neue Variation des Stuhls gut zu einem zeitlosen Farbschema, was es zu einem fehlgeschlagenen Kauf macht.<\/p>\n<div id=\"ad-unit-2\" class=\"ad-unit\"><\/div>\n<p>&#8222;Neutrale Farben sind klassisch und gehen nie aus der Mode&#8220;, erkl\u00e4rt Designerin Nina Lichtentstein. &#8222;Sie bieten eine anspruchsvolle Grundlage, die sich mit Ihrem Geschmack entwickeln kann und es Ihnen erm\u00f6glicht, Ihr Dekor einfach mit neuen Zubeh\u00f6r und Akzenten zu aktualisieren.&#8220;<\/p>\n<p>Andere sagen, dass die Suche nach neutralen Farbt\u00f6nen mit W\u00e4rmeschichten darunter ist eine fantastische M\u00f6glichkeit, sich einladend zu f\u00fchlen.<\/p>\n<p>&#8222;Wenn Sie ein gem\u00fctliches Zuhause anstreben, w\u00e4hlen Sie Schatten mit warmen Untert\u00f6nen&#8220;, schl\u00e4gt Michael Rolland, Gesch\u00e4ftsf\u00fchrer bei <u>Der Lackschuppen<\/u>&#8222;Subtile Hinweise von Rot in diesen Farben werden ein Gef\u00fchl der W\u00e4rme verleihen und eine&#8220; Schlupfheit &#8222;erzeugen, die nicht von h\u00e4rteren oder k\u00fchleren T\u00f6nen angeboten wird.&#8220;<\/p>\n<div id=\"slice-container-newsletterForm-articleInbodyContent-wf6hXSL5Ezw36ivABGda2b\" class=\"slice-container newsletter-inbodyContent-slice newsletterForm-articleInbodyContent-wf6hXSL5Ezw36ivABGda2b slice-container-newsletterForm\"><\/div>\n<p>In diesem Sinne w\u00fcrde dieses Sofa gut mit anderen warmen Neutralen wie Br\u00e4unen und Braunen aussehen.<\/p>\n<h3 class=\"article-body__section\" id=\"section-shop-our-drew-barrymore-furniture-favorites\"><span>Kaufen Sie unsere Drew Barrymore M\u00f6belfavoriten ein<\/span><\/h3>\n<div class=\"product-container hero-product-container product-block-no-wrap\">\n<div class=\"product-block-row\"><\/div>\n<div class=\"product-block-row\"><\/div>\n<div class=\"product-block-row\"><\/div>\n<\/div>\n<hr>\n<div class=\"block\" id=\"articleTag\" data-component-name=\"PostArticleLinks\">\n<div class=\"border-b border-b-black border-solid py-2.5 text-black font-bold uppercase\">Themen<\/div>\n<nav class=\"py-2.5 flex gap-2.5 flex-wrap\" data-analytics-id=\"article-tag\">\n<p>Drew Barrymore<br \/>\n<\/nav>\n<\/div>\n<\/div>\n","protected":false},"excerpt":{"rendered":"<p>Drew Barrymores sch\u00f6ne Linie ist schnell zu einem Fan-Favoriten unter denjenigen geworden, die nach trendigen, aber zeitlosen, erschwinglichen und dennoch hochwertigen Haushaltswaren suchen. Diejenigen, die<\/p>\n","protected":false},"author":1,"featured_media":5817,"comment_status":"closed","ping_status":"","sticky":false,"template":"","format":"standard","meta":{"footnotes":""},"categories":[118],"tags":[5228,1757,3995,2124,81,1756,4399,458,189,163,325,15,384,1272,8189,2659,8190,37,744],"class_list":["post-5816","post","type-post","status-publish","format-standard","has-post-thumbnail","hentry","category-haus-garten","tag-akzentstuhl","tag-barrymore","tag-besser","tag-bisher","tag-der","tag-drew","tag-entworfen","tag-grund","tag-hat","tag-hier","tag-ihren","tag-ist","tag-jahr","tag-jetzt","tag-letztes","tag-noch","tag-skulpturalsten","tag-und","tag-warum","generate-columns","tablet-grid-50","mobile-grid-100","grid-parent","grid-50"],"yoast_head":"<!-- This site is optimized with the Yoast SEO plugin v27.3 - https:\/\/yoast.com\/product\/yoast-seo-wordpress\/ -->\n<title>Letztes Jahr hat Drew Barrymore ihren bisher skulpturalsten Akzentstuhl entworfen, und jetzt ist es noch besser - hier ist der Grund, warum - Nachrichten - Stra\u00dfenweb<\/title>\n<meta name=\"robots\" content=\"index, follow, max-snippet:-1, max-image-preview:large, max-video-preview:-1\" \/>\n<link rel=\"canonical\" href=\"https:\/\/www.strassenweb.de\/nachrichten\/letztes-jahr-hat-drew-barrymore-ihren-bisher-skulpturalsten-akzentstuhl-entworfen-und-jetzt-ist-es-noch-besser-hier-ist-der-grund-warum\/\" \/>\n<meta property=\"og:locale\" content=\"de_DE\" \/>\n<meta property=\"og:type\" content=\"article\" \/>\n<meta property=\"og:title\" content=\"Letztes Jahr hat Drew Barrymore ihren bisher skulpturalsten Akzentstuhl entworfen, und jetzt ist es noch besser - hier ist der Grund, warum - Nachrichten - Stra\u00dfenweb\" \/>\n<meta property=\"og:description\" content=\"Drew Barrymores sch\u00f6ne Linie ist schnell zu einem Fan-Favoriten unter denjenigen geworden, die nach trendigen, aber zeitlosen, erschwinglichen und dennoch hochwertigen Haushaltswaren suchen. Diejenigen, die\" \/>\n<meta property=\"og:url\" content=\"https:\/\/www.strassenweb.de\/nachrichten\/letztes-jahr-hat-drew-barrymore-ihren-bisher-skulpturalsten-akzentstuhl-entworfen-und-jetzt-ist-es-noch-besser-hier-ist-der-grund-warum\/\" \/>\n<meta property=\"og:site_name\" content=\"Stra\u00dfenweb\" \/>\n<meta property=\"article:publisher\" content=\"https:\/\/www.facebook.com\/strassenweb\/\" \/>\n<meta property=\"article:published_time\" content=\"2025-06-22T03:46:08+00:00\" \/>\n<meta property=\"og:image\" content=\"https:\/\/www.strassenweb.de\/nachrichten\/wp-content\/uploads\/2025\/06\/Letztes-Jahr-hat-Drew-Barrymore-ihren-bisher-skulpturalsten-Akzentstuhl-entworfen.jpg\" \/>\n\t<meta property=\"og:image:width\" content=\"1600\" \/>\n\t<meta property=\"og:image:height\" content=\"900\" \/>\n\t<meta property=\"og:image:type\" content=\"image\/jpeg\" \/>\n<meta name=\"author\" content=\"Robert Hoffmann\" \/>\n<meta name=\"twitter:card\" content=\"summary_large_image\" \/>\n<meta name=\"twitter:label1\" content=\"Verfasst von\" \/>\n\t<meta name=\"twitter:data1\" content=\"Robert Hoffmann\" \/>\n\t<meta name=\"twitter:label2\" content=\"Gesch\u00e4tzte Lesezeit\" \/>\n\t<meta name=\"twitter:data2\" content=\"2\u00a0Minuten\" \/>\n<script type=\"application\/ld+json\" class=\"yoast-schema-graph\">{\"@context\":\"https:\\\/\\\/schema.org\",\"@graph\":[{\"@type\":\"Article\",\"@id\":\"https:\\\/\\\/www.strassenweb.de\\\/nachrichten\\\/letztes-jahr-hat-drew-barrymore-ihren-bisher-skulpturalsten-akzentstuhl-entworfen-und-jetzt-ist-es-noch-besser-hier-ist-der-grund-warum\\\/#article\",\"isPartOf\":{\"@id\":\"https:\\\/\\\/www.strassenweb.de\\\/nachrichten\\\/letztes-jahr-hat-drew-barrymore-ihren-bisher-skulpturalsten-akzentstuhl-entworfen-und-jetzt-ist-es-noch-besser-hier-ist-der-grund-warum\\\/\"},\"author\":{\"name\":\"Robert Hoffmann\",\"@id\":\"https:\\\/\\\/www.strassenweb.de\\\/nachrichten\\\/#\\\/schema\\\/person\\\/87c9c9067f1211da429a744dc5a5aa41\"},\"headline\":\"Letztes Jahr hat Drew Barrymore ihren bisher skulpturalsten Akzentstuhl entworfen, und jetzt ist es noch besser &#8211; hier ist der Grund, warum\",\"datePublished\":\"2025-06-22T03:46:08+00:00\",\"mainEntityOfPage\":{\"@id\":\"https:\\\/\\\/www.strassenweb.de\\\/nachrichten\\\/letztes-jahr-hat-drew-barrymore-ihren-bisher-skulpturalsten-akzentstuhl-entworfen-und-jetzt-ist-es-noch-besser-hier-ist-der-grund-warum\\\/\"},\"wordCount\":391,\"publisher\":{\"@id\":\"https:\\\/\\\/www.strassenweb.de\\\/nachrichten\\\/#organization\"},\"image\":{\"@id\":\"https:\\\/\\\/www.strassenweb.de\\\/nachrichten\\\/letztes-jahr-hat-drew-barrymore-ihren-bisher-skulpturalsten-akzentstuhl-entworfen-und-jetzt-ist-es-noch-besser-hier-ist-der-grund-warum\\\/#primaryimage\"},\"thumbnailUrl\":\"https:\\\/\\\/www.strassenweb.de\\\/nachrichten\\\/wp-content\\\/uploads\\\/2025\\\/06\\\/Letztes-Jahr-hat-Drew-Barrymore-ihren-bisher-skulpturalsten-Akzentstuhl-entworfen.jpg\",\"keywords\":[\"Akzentstuhl\",\"Barrymore\",\"besser\",\"bisher\",\"der\",\"Drew\",\"entworfen\",\"Grund\",\"hat\",\"hier\",\"ihren\",\"ist\",\"Jahr\",\"jetzt\",\"Letztes\",\"noch\",\"skulpturalsten\",\"und\",\"warum\"],\"articleSection\":[\"Haus &amp; Garten\"],\"inLanguage\":\"de\"},{\"@type\":\"WebPage\",\"@id\":\"https:\\\/\\\/www.strassenweb.de\\\/nachrichten\\\/letztes-jahr-hat-drew-barrymore-ihren-bisher-skulpturalsten-akzentstuhl-entworfen-und-jetzt-ist-es-noch-besser-hier-ist-der-grund-warum\\\/\",\"url\":\"https:\\\/\\\/www.strassenweb.de\\\/nachrichten\\\/letztes-jahr-hat-drew-barrymore-ihren-bisher-skulpturalsten-akzentstuhl-entworfen-und-jetzt-ist-es-noch-besser-hier-ist-der-grund-warum\\\/\",\"name\":\"Letztes Jahr hat Drew Barrymore ihren bisher skulpturalsten Akzentstuhl entworfen, und jetzt ist es noch besser - hier ist der Grund, warum - Nachrichten - Stra\u00dfenweb\",\"isPartOf\":{\"@id\":\"https:\\\/\\\/www.strassenweb.de\\\/nachrichten\\\/#website\"},\"primaryImageOfPage\":{\"@id\":\"https:\\\/\\\/www.strassenweb.de\\\/nachrichten\\\/letztes-jahr-hat-drew-barrymore-ihren-bisher-skulpturalsten-akzentstuhl-entworfen-und-jetzt-ist-es-noch-besser-hier-ist-der-grund-warum\\\/#primaryimage\"},\"image\":{\"@id\":\"https:\\\/\\\/www.strassenweb.de\\\/nachrichten\\\/letztes-jahr-hat-drew-barrymore-ihren-bisher-skulpturalsten-akzentstuhl-entworfen-und-jetzt-ist-es-noch-besser-hier-ist-der-grund-warum\\\/#primaryimage\"},\"thumbnailUrl\":\"https:\\\/\\\/www.strassenweb.de\\\/nachrichten\\\/wp-content\\\/uploads\\\/2025\\\/06\\\/Letztes-Jahr-hat-Drew-Barrymore-ihren-bisher-skulpturalsten-Akzentstuhl-entworfen.jpg\",\"datePublished\":\"2025-06-22T03:46:08+00:00\",\"breadcrumb\":{\"@id\":\"https:\\\/\\\/www.strassenweb.de\\\/nachrichten\\\/letztes-jahr-hat-drew-barrymore-ihren-bisher-skulpturalsten-akzentstuhl-entworfen-und-jetzt-ist-es-noch-besser-hier-ist-der-grund-warum\\\/#breadcrumb\"},\"inLanguage\":\"de\",\"potentialAction\":[{\"@type\":\"ReadAction\",\"target\":[\"https:\\\/\\\/www.strassenweb.de\\\/nachrichten\\\/letztes-jahr-hat-drew-barrymore-ihren-bisher-skulpturalsten-akzentstuhl-entworfen-und-jetzt-ist-es-noch-besser-hier-ist-der-grund-warum\\\/\"]}]},{\"@type\":\"ImageObject\",\"inLanguage\":\"de\",\"@id\":\"https:\\\/\\\/www.strassenweb.de\\\/nachrichten\\\/letztes-jahr-hat-drew-barrymore-ihren-bisher-skulpturalsten-akzentstuhl-entworfen-und-jetzt-ist-es-noch-besser-hier-ist-der-grund-warum\\\/#primaryimage\",\"url\":\"https:\\\/\\\/www.strassenweb.de\\\/nachrichten\\\/wp-content\\\/uploads\\\/2025\\\/06\\\/Letztes-Jahr-hat-Drew-Barrymore-ihren-bisher-skulpturalsten-Akzentstuhl-entworfen.jpg\",\"contentUrl\":\"https:\\\/\\\/www.strassenweb.de\\\/nachrichten\\\/wp-content\\\/uploads\\\/2025\\\/06\\\/Letztes-Jahr-hat-Drew-Barrymore-ihren-bisher-skulpturalsten-Akzentstuhl-entworfen.jpg\",\"width\":1600,\"height\":900,\"caption\":\"Drew Barrymore and large fabric coffee table in cream\"},{\"@type\":\"BreadcrumbList\",\"@id\":\"https:\\\/\\\/www.strassenweb.de\\\/nachrichten\\\/letztes-jahr-hat-drew-barrymore-ihren-bisher-skulpturalsten-akzentstuhl-entworfen-und-jetzt-ist-es-noch-besser-hier-ist-der-grund-warum\\\/#breadcrumb\",\"itemListElement\":[{\"@type\":\"ListItem\",\"position\":1,\"name\":\"Home\",\"item\":\"https:\\\/\\\/www.strassenweb.de\\\/nachrichten\\\/\"},{\"@type\":\"ListItem\",\"position\":2,\"name\":\"Letztes Jahr hat Drew Barrymore ihren bisher skulpturalsten Akzentstuhl entworfen, und jetzt ist es noch besser &#8211; hier ist der Grund, warum\"}]},{\"@type\":\"WebSite\",\"@id\":\"https:\\\/\\\/www.strassenweb.de\\\/nachrichten\\\/#website\",\"url\":\"https:\\\/\\\/www.strassenweb.de\\\/nachrichten\\\/\",\"name\":\"Stra\u00dfenweb\",\"description\":\"Stra\u00dfenverzeichnis f\u00fcr Deutschland\",\"publisher\":{\"@id\":\"https:\\\/\\\/www.strassenweb.de\\\/nachrichten\\\/#organization\"},\"potentialAction\":[{\"@type\":\"SearchAction\",\"target\":{\"@type\":\"EntryPoint\",\"urlTemplate\":\"https:\\\/\\\/www.strassenweb.de\\\/nachrichten\\\/?s={search_term_string}\"},\"query-input\":{\"@type\":\"PropertyValueSpecification\",\"valueRequired\":true,\"valueName\":\"search_term_string\"}}],\"inLanguage\":\"de\"},{\"@type\":\"Organization\",\"@id\":\"https:\\\/\\\/www.strassenweb.de\\\/nachrichten\\\/#organization\",\"name\":\"Stra\u00dfenweb\",\"url\":\"https:\\\/\\\/www.strassenweb.de\\\/nachrichten\\\/\",\"logo\":{\"@type\":\"ImageObject\",\"inLanguage\":\"de\",\"@id\":\"https:\\\/\\\/www.strassenweb.de\\\/nachrichten\\\/#\\\/schema\\\/logo\\\/image\\\/\",\"url\":\"https:\\\/\\\/www.strassenweb.de\\\/nachrichten\\\/wp-content\\\/uploads\\\/2024\\\/09\\\/cropped-favicon.png\",\"contentUrl\":\"https:\\\/\\\/www.strassenweb.de\\\/nachrichten\\\/wp-content\\\/uploads\\\/2024\\\/09\\\/cropped-favicon.png\",\"width\":512,\"height\":512,\"caption\":\"Stra\u00dfenweb\"},\"image\":{\"@id\":\"https:\\\/\\\/www.strassenweb.de\\\/nachrichten\\\/#\\\/schema\\\/logo\\\/image\\\/\"},\"sameAs\":[\"https:\\\/\\\/www.facebook.com\\\/strassenweb\\\/\"]},{\"@type\":\"Person\",\"@id\":\"https:\\\/\\\/www.strassenweb.de\\\/nachrichten\\\/#\\\/schema\\\/person\\\/87c9c9067f1211da429a744dc5a5aa41\",\"name\":\"Robert Hoffmann\",\"image\":{\"@type\":\"ImageObject\",\"inLanguage\":\"de\",\"@id\":\"https:\\\/\\\/www.strassenweb.de\\\/nachrichten\\\/wp-content\\\/uploads\\\/2024\\\/09\\\/strassenweb-150x150.jpg\",\"url\":\"https:\\\/\\\/www.strassenweb.de\\\/nachrichten\\\/wp-content\\\/uploads\\\/2024\\\/09\\\/strassenweb-150x150.jpg\",\"contentUrl\":\"https:\\\/\\\/www.strassenweb.de\\\/nachrichten\\\/wp-content\\\/uploads\\\/2024\\\/09\\\/strassenweb-150x150.jpg\",\"caption\":\"Robert Hoffmann\"},\"description\":\"Ich hei\u00dfe Robert Hoffmann und ich bin ein leidenschaftlicher Verfechter von \u00d6kologie und Biodiversit\u00e4t. Seit meiner Kindheit in den W\u00e4ldern Bayerns f\u00fchle ich mich mit der Natur verbunden und bin entschlossen, sie zu sch\u00fctzen. Heute widme ich mein Leben der Sensibilisierung anderer f\u00fcr die Bedeutung des Umweltschutzes f\u00fcr zuk\u00fcnftige Generationen.\",\"sameAs\":[\"https:\\\/\\\/www.strassenweb.de\\\/\"]}]}<\/script>\n<!-- \/ Yoast SEO plugin. -->","yoast_head_json":{"title":"Letztes Jahr hat Drew Barrymore ihren bisher skulpturalsten Akzentstuhl entworfen, und jetzt ist es noch besser - hier ist der Grund, warum - Nachrichten - Stra\u00dfenweb","robots":{"index":"index","follow":"follow","max-snippet":"max-snippet:-1","max-image-preview":"max-image-preview:large","max-video-preview":"max-video-preview:-1"},"canonical":"https:\/\/www.strassenweb.de\/nachrichten\/letztes-jahr-hat-drew-barrymore-ihren-bisher-skulpturalsten-akzentstuhl-entworfen-und-jetzt-ist-es-noch-besser-hier-ist-der-grund-warum\/","og_locale":"de_DE","og_type":"article","og_title":"Letztes Jahr hat Drew Barrymore ihren bisher skulpturalsten Akzentstuhl entworfen, und jetzt ist es noch besser - hier ist der Grund, warum - Nachrichten - Stra\u00dfenweb","og_description":"Drew Barrymores sch\u00f6ne Linie ist schnell zu einem Fan-Favoriten unter denjenigen geworden, die nach trendigen, aber zeitlosen, erschwinglichen und dennoch hochwertigen Haushaltswaren suchen. Diejenigen, die","og_url":"https:\/\/www.strassenweb.de\/nachrichten\/letztes-jahr-hat-drew-barrymore-ihren-bisher-skulpturalsten-akzentstuhl-entworfen-und-jetzt-ist-es-noch-besser-hier-ist-der-grund-warum\/","og_site_name":"Stra\u00dfenweb","article_publisher":"https:\/\/www.facebook.com\/strassenweb\/","article_published_time":"2025-06-22T03:46:08+00:00","og_image":[{"width":1600,"height":900,"url":"https:\/\/www.strassenweb.de\/nachrichten\/wp-content\/uploads\/2025\/06\/Letztes-Jahr-hat-Drew-Barrymore-ihren-bisher-skulpturalsten-Akzentstuhl-entworfen.jpg","type":"image\/jpeg"}],"author":"Robert Hoffmann","twitter_card":"summary_large_image","twitter_misc":{"Verfasst von":"Robert Hoffmann","Gesch\u00e4tzte Lesezeit":"2\u00a0Minuten"},"schema":{"@context":"https:\/\/schema.org","@graph":[{"@type":"Article","@id":"https:\/\/www.strassenweb.de\/nachrichten\/letztes-jahr-hat-drew-barrymore-ihren-bisher-skulpturalsten-akzentstuhl-entworfen-und-jetzt-ist-es-noch-besser-hier-ist-der-grund-warum\/#article","isPartOf":{"@id":"https:\/\/www.strassenweb.de\/nachrichten\/letztes-jahr-hat-drew-barrymore-ihren-bisher-skulpturalsten-akzentstuhl-entworfen-und-jetzt-ist-es-noch-besser-hier-ist-der-grund-warum\/"},"author":{"name":"Robert Hoffmann","@id":"https:\/\/www.strassenweb.de\/nachrichten\/#\/schema\/person\/87c9c9067f1211da429a744dc5a5aa41"},"headline":"Letztes Jahr hat Drew Barrymore ihren bisher skulpturalsten Akzentstuhl entworfen, und jetzt ist es noch besser &#8211; hier ist der Grund, warum","datePublished":"2025-06-22T03:46:08+00:00","mainEntityOfPage":{"@id":"https:\/\/www.strassenweb.de\/nachrichten\/letztes-jahr-hat-drew-barrymore-ihren-bisher-skulpturalsten-akzentstuhl-entworfen-und-jetzt-ist-es-noch-besser-hier-ist-der-grund-warum\/"},"wordCount":391,"publisher":{"@id":"https:\/\/www.strassenweb.de\/nachrichten\/#organization"},"image":{"@id":"https:\/\/www.strassenweb.de\/nachrichten\/letztes-jahr-hat-drew-barrymore-ihren-bisher-skulpturalsten-akzentstuhl-entworfen-und-jetzt-ist-es-noch-besser-hier-ist-der-grund-warum\/#primaryimage"},"thumbnailUrl":"https:\/\/www.strassenweb.de\/nachrichten\/wp-content\/uploads\/2025\/06\/Letztes-Jahr-hat-Drew-Barrymore-ihren-bisher-skulpturalsten-Akzentstuhl-entworfen.jpg","keywords":["Akzentstuhl","Barrymore","besser","bisher","der","Drew","entworfen","Grund","hat","hier","ihren","ist","Jahr","jetzt","Letztes","noch","skulpturalsten","und","warum"],"articleSection":["Haus &amp; Garten"],"inLanguage":"de"},{"@type":"WebPage","@id":"https:\/\/www.strassenweb.de\/nachrichten\/letztes-jahr-hat-drew-barrymore-ihren-bisher-skulpturalsten-akzentstuhl-entworfen-und-jetzt-ist-es-noch-besser-hier-ist-der-grund-warum\/","url":"https:\/\/www.strassenweb.de\/nachrichten\/letztes-jahr-hat-drew-barrymore-ihren-bisher-skulpturalsten-akzentstuhl-entworfen-und-jetzt-ist-es-noch-besser-hier-ist-der-grund-warum\/","name":"Letztes Jahr hat Drew Barrymore ihren bisher skulpturalsten Akzentstuhl entworfen, und jetzt ist es noch besser - hier ist der Grund, warum - Nachrichten - Stra\u00dfenweb","isPartOf":{"@id":"https:\/\/www.strassenweb.de\/nachrichten\/#website"},"primaryImageOfPage":{"@id":"https:\/\/www.strassenweb.de\/nachrichten\/letztes-jahr-hat-drew-barrymore-ihren-bisher-skulpturalsten-akzentstuhl-entworfen-und-jetzt-ist-es-noch-besser-hier-ist-der-grund-warum\/#primaryimage"},"image":{"@id":"https:\/\/www.strassenweb.de\/nachrichten\/letztes-jahr-hat-drew-barrymore-ihren-bisher-skulpturalsten-akzentstuhl-entworfen-und-jetzt-ist-es-noch-besser-hier-ist-der-grund-warum\/#primaryimage"},"thumbnailUrl":"https:\/\/www.strassenweb.de\/nachrichten\/wp-content\/uploads\/2025\/06\/Letztes-Jahr-hat-Drew-Barrymore-ihren-bisher-skulpturalsten-Akzentstuhl-entworfen.jpg","datePublished":"2025-06-22T03:46:08+00:00","breadcrumb":{"@id":"https:\/\/www.strassenweb.de\/nachrichten\/letztes-jahr-hat-drew-barrymore-ihren-bisher-skulpturalsten-akzentstuhl-entworfen-und-jetzt-ist-es-noch-besser-hier-ist-der-grund-warum\/#breadcrumb"},"inLanguage":"de","potentialAction":[{"@type":"ReadAction","target":["https:\/\/www.strassenweb.de\/nachrichten\/letztes-jahr-hat-drew-barrymore-ihren-bisher-skulpturalsten-akzentstuhl-entworfen-und-jetzt-ist-es-noch-besser-hier-ist-der-grund-warum\/"]}]},{"@type":"ImageObject","inLanguage":"de","@id":"https:\/\/www.strassenweb.de\/nachrichten\/letztes-jahr-hat-drew-barrymore-ihren-bisher-skulpturalsten-akzentstuhl-entworfen-und-jetzt-ist-es-noch-besser-hier-ist-der-grund-warum\/#primaryimage","url":"https:\/\/www.strassenweb.de\/nachrichten\/wp-content\/uploads\/2025\/06\/Letztes-Jahr-hat-Drew-Barrymore-ihren-bisher-skulpturalsten-Akzentstuhl-entworfen.jpg","contentUrl":"https:\/\/www.strassenweb.de\/nachrichten\/wp-content\/uploads\/2025\/06\/Letztes-Jahr-hat-Drew-Barrymore-ihren-bisher-skulpturalsten-Akzentstuhl-entworfen.jpg","width":1600,"height":900,"caption":"Drew Barrymore and large fabric coffee table in cream"},{"@type":"BreadcrumbList","@id":"https:\/\/www.strassenweb.de\/nachrichten\/letztes-jahr-hat-drew-barrymore-ihren-bisher-skulpturalsten-akzentstuhl-entworfen-und-jetzt-ist-es-noch-besser-hier-ist-der-grund-warum\/#breadcrumb","itemListElement":[{"@type":"ListItem","position":1,"name":"Home","item":"https:\/\/www.strassenweb.de\/nachrichten\/"},{"@type":"ListItem","position":2,"name":"Letztes Jahr hat Drew Barrymore ihren bisher skulpturalsten Akzentstuhl entworfen, und jetzt ist es noch besser &#8211; hier ist der Grund, warum"}]},{"@type":"WebSite","@id":"https:\/\/www.strassenweb.de\/nachrichten\/#website","url":"https:\/\/www.strassenweb.de\/nachrichten\/","name":"Stra\u00dfenweb","description":"Stra\u00dfenverzeichnis f\u00fcr Deutschland","publisher":{"@id":"https:\/\/www.strassenweb.de\/nachrichten\/#organization"},"potentialAction":[{"@type":"SearchAction","target":{"@type":"EntryPoint","urlTemplate":"https:\/\/www.strassenweb.de\/nachrichten\/?s={search_term_string}"},"query-input":{"@type":"PropertyValueSpecification","valueRequired":true,"valueName":"search_term_string"}}],"inLanguage":"de"},{"@type":"Organization","@id":"https:\/\/www.strassenweb.de\/nachrichten\/#organization","name":"Stra\u00dfenweb","url":"https:\/\/www.strassenweb.de\/nachrichten\/","logo":{"@type":"ImageObject","inLanguage":"de","@id":"https:\/\/www.strassenweb.de\/nachrichten\/#\/schema\/logo\/image\/","url":"https:\/\/www.strassenweb.de\/nachrichten\/wp-content\/uploads\/2024\/09\/cropped-favicon.png","contentUrl":"https:\/\/www.strassenweb.de\/nachrichten\/wp-content\/uploads\/2024\/09\/cropped-favicon.png","width":512,"height":512,"caption":"Stra\u00dfenweb"},"image":{"@id":"https:\/\/www.strassenweb.de\/nachrichten\/#\/schema\/logo\/image\/"},"sameAs":["https:\/\/www.facebook.com\/strassenweb\/"]},{"@type":"Person","@id":"https:\/\/www.strassenweb.de\/nachrichten\/#\/schema\/person\/87c9c9067f1211da429a744dc5a5aa41","name":"Robert Hoffmann","image":{"@type":"ImageObject","inLanguage":"de","@id":"https:\/\/www.strassenweb.de\/nachrichten\/wp-content\/uploads\/2024\/09\/strassenweb-150x150.jpg","url":"https:\/\/www.strassenweb.de\/nachrichten\/wp-content\/uploads\/2024\/09\/strassenweb-150x150.jpg","contentUrl":"https:\/\/www.strassenweb.de\/nachrichten\/wp-content\/uploads\/2024\/09\/strassenweb-150x150.jpg","caption":"Robert Hoffmann"},"description":"Ich hei\u00dfe Robert Hoffmann und ich bin ein leidenschaftlicher Verfechter von \u00d6kologie und Biodiversit\u00e4t. Seit meiner Kindheit in den W\u00e4ldern Bayerns f\u00fchle ich mich mit der Natur verbunden und bin entschlossen, sie zu sch\u00fctzen. Heute widme ich mein Leben der Sensibilisierung anderer f\u00fcr die Bedeutung des Umweltschutzes f\u00fcr zuk\u00fcnftige Generationen.","sameAs":["https:\/\/www.strassenweb.de\/"]}]}},"_links":{"self":[{"href":"https:\/\/www.strassenweb.de\/nachrichten\/wp-json\/wp\/v2\/posts\/5816","targetHints":{"allow":["GET"]}}],"collection":[{"href":"https:\/\/www.strassenweb.de\/nachrichten\/wp-json\/wp\/v2\/posts"}],"about":[{"href":"https:\/\/www.strassenweb.de\/nachrichten\/wp-json\/wp\/v2\/types\/post"}],"author":[{"embeddable":true,"href":"https:\/\/www.strassenweb.de\/nachrichten\/wp-json\/wp\/v2\/users\/1"}],"replies":[{"embeddable":true,"href":"https:\/\/www.strassenweb.de\/nachrichten\/wp-json\/wp\/v2\/comments?post=5816"}],"version-history":[{"count":0,"href":"https:\/\/www.strassenweb.de\/nachrichten\/wp-json\/wp\/v2\/posts\/5816\/revisions"}],"wp:featuredmedia":[{"embeddable":true,"href":"https:\/\/www.strassenweb.de\/nachrichten\/wp-json\/wp\/v2\/media\/5817"}],"wp:attachment":[{"href":"https:\/\/www.strassenweb.de\/nachrichten\/wp-json\/wp\/v2\/media?parent=5816"}],"wp:term":[{"taxonomy":"category","embeddable":true,"href":"https:\/\/www.strassenweb.de\/nachrichten\/wp-json\/wp\/v2\/categories?post=5816"},{"taxonomy":"post_tag","embeddable":true,"href":"https:\/\/www.strassenweb.de\/nachrichten\/wp-json\/wp\/v2\/tags?post=5816"}],"curies":[{"name":"wp","href":"https:\/\/api.w.org\/{rel}","templated":true}]}}