{"id":5768,"date":"2025-06-19T17:43:20","date_gmt":"2025-06-19T15:43:20","guid":{"rendered":"https:\/\/www.strassenweb.de\/nachrichten\/diese-klassische-farbe-ist-der-unbesungene-held-von-jamie-lee-curtis-eingang-ich-war-so-gelangweilt-ihn-zu-sehen-bis-ihr-raum-meine-meinung-aenderte\/"},"modified":"2025-06-19T17:43:21","modified_gmt":"2025-06-19T15:43:21","slug":"diese-klassische-farbe-ist-der-unbesungene-held-von-jamie-lee-curtis-eingang-ich-war-so-gelangweilt-ihn-zu-sehen-bis-ihr-raum-meine-meinung-aenderte","status":"publish","type":"post","link":"https:\/\/www.strassenweb.de\/nachrichten\/diese-klassische-farbe-ist-der-unbesungene-held-von-jamie-lee-curtis-eingang-ich-war-so-gelangweilt-ihn-zu-sehen-bis-ihr-raum-meine-meinung-aenderte\/","title":{"rendered":"Diese klassische Farbe ist der unbesungene Held von Jamie Lee Curtis &#8218;Eingang &#8211; ich war so gelangweilt, ihn zu sehen, bis ihr Raum meine Meinung \u00e4nderte"},"content":{"rendered":"<div id=\"article-body\" class=\"article__body \">\n<p>Wenn Sie mich zu Beginn 2025 fragen w\u00fcrden, welche Farbe ich in einem Eingangsweg gesehen habe, h\u00e4tte ich eine schnelle Antwort gehabt: Wei\u00df. Ich h\u00e4tte zwar nie gedacht, dass dieser Farbton etwas besonders falsch ist, aber ich schaute selten einen wei\u00dfen Raum und f\u00fchlte mich total inspiriert. Dann entdeckte ich den Eingang von Jamie Lee Curtis und sie erinnerte mich an seine Kraft.<\/p>\n<div id=\"ad-unit-1\" class=\"ad-unit\"><\/div>\n<p>In ihrem spanischen kolonialen Wiederbelebungsvilla in Santa Monica hat Jamie auf die zeitlosste Weise mit Wei\u00df geschm\u00fcckt. Dieses klassische Neutral erg\u00e4nzt das architektonische Verm\u00f6gen ihres Hauses &#8211; von den gekr\u00fcmmten B\u00f6gen bis zur dunklen Holztreppe und dem verzierten Eisengel\u00e4nder, das die s\u00fcdurop\u00e4ische \u00c4sthetik perfektioniert.<\/p>\n<aside data-block-type=\"embed\" data-render-type=\"fte\" data-skip=\"dealsy\" data-widget-type=\"seasonal\" class=\"hawk-base\"><\/aside>\n<p>Ohne die wei\u00dfen bemalten W\u00e4nde w\u00fcrde sich dieser Raum v\u00f6llig anders anf\u00fchlen. Es w\u00fcrde das traditionelle Ambiente im spanischen Stil fehlen, das das Zuhause so einzigartig macht. Es ist die perfekte Basisfarbe f\u00fcr einen solchen Eingangsbereich und es ist die Pfect -Erinnerung daran, wie vielseitig der Farbton ist und warum er ein ewiger Klassiker ist.<\/p>\n<div class=\"van_vid_carousel\">\n<div class=\"van_vid_carousel__padding\">\n<div class=\"van_vid_carousel__container\"><\/div>\n<\/div>\n<\/div>\n<aside data-component-name=\"Recirculation:ArticleRiver\" data-nosnippet class=\"pt-3 pb-4 mb-4 border-b border-solid border-(#333)\">\n<span class=\"\nafter:content-('') after:flex-1 after:ml-4 after:my-(0.7rem) after:border-t-(#333) after:border-t after:border-solid\nbefore:content-('') before:flex-1 before:mr-4 before:my-(0.7rem) before:border-t-(#333) before:border-t before:border-solid\nfont-article-heading pb-3 !text-base font-bold uppercase sm:text-sm text-(#333) flex\"><\/p>\n<p>Sie m\u00f6gen m\u00f6gen<br \/>\n<\/span><\/p>\n<ul class=\"flex flex-col gap-3 m-0\">\n<li class=\"m-0 list-none\" name=\"recirculation-inline\" data-analytics-id=\"recirculation-inline-1\" analytics-label=\"adviser:related\">\n<picture data-new-v2-image=\"true\" class=\"w-(--article-river-thumbnail-width,60px) flex-shrink-0\"><source type=\"image\/webp\"  ><\/source><\/p>\n<\/picture>\n<span class=\"hover:text-inherit font-article-heading text-base text-(#333) leading-5 content-center\">Es ist 2025, ich akzeptiere, dass Schwarzwei\u00df die einzige Farbkombination ist, die Sie f\u00fcr Ihren Eingang ben\u00f6tigen &#8211; LeBron James &#8218;Raum ist bisher mein Favorit <\/span><\/p>\n<\/li>\n<li class=\"m-0 list-none\" name=\"recirculation-inline\" data-analytics-id=\"recirculation-inline-2\" analytics-label=\"adviser:related\">\n<picture data-new-v2-image=\"true\" class=\"w-(--article-river-thumbnail-width,60px) flex-shrink-0\"><source type=\"image\/webp\"  ><\/source><br \/>\n<img decoding=\"async\" alt=\"Cardi b\"   loading=\"lazy\" data-new-v2-image=\"true\" src=\"https:\/\/www.strassenweb.de\/nachrichten\/wp-content\/uploads\/2025\/06\/GM4MSmwmaWhWUniFBeZn7F.jpg\" data-pin-media=\"https:\/\/www.strassenweb.de\/nachrichten\/wp-content\/uploads\/2025\/06\/GM4MSmwmaWhWUniFBeZn7F.jpg\" data-pin-nopin=\"true\" class=\"aspect-(--img-listing-aspect-ratio,16\/9) object-cover w-(--article-river-thumbnail-width,60px) flex-shrink-0\">\n<\/picture>\n<span class=\"hover:text-inherit font-article-heading text-base text-(#333) leading-5 content-center\">Halten Sie den Pinsel &#8211; die Farbkombination im Eingang von Cardi B \u00fcberzeugt Sie, dass klassische T\u00f6ne immer am besten sind <\/span><\/p>\n<\/li>\n<li class=\"m-0 list-none\" name=\"recirculation-inline\" data-analytics-id=\"recirculation-inline-3\" analytics-label=\"adviser:related\">\n<picture data-new-v2-image=\"true\" class=\"w-(--article-river-thumbnail-width,60px) flex-shrink-0\"><source type=\"image\/webp\"  ><\/source><br \/>\n<img decoding=\"async\" alt=\"Kourtney Kardashian\"   loading=\"lazy\" data-new-v2-image=\"true\" src=\"https:\/\/www.strassenweb.de\/nachrichten\/wp-content\/uploads\/2025\/05\/GtGgts2oeBS4f9aAt8aRAk.jpg\" data-pin-media=\"https:\/\/www.strassenweb.de\/nachrichten\/wp-content\/uploads\/2025\/05\/GtGgts2oeBS4f9aAt8aRAk.jpg\" data-pin-nopin=\"true\" class=\"aspect-(--img-listing-aspect-ratio,16\/9) object-cover w-(--article-river-thumbnail-width,60px) flex-shrink-0\">\n<\/picture>\n<span class=\"hover:text-inherit font-article-heading text-base text-(#333) leading-5 content-center\">Ich war \u00fcberzeugt, dass diese Farbkombination \u00fcberbeansprucht wurde, bis ich sie in Kourtney Kardashians Eingangsweg sah &#8211; es ist so schick und absolut zeitlos <\/span><\/p>\n<\/li>\n<\/ul>\n<\/aside>\n<div class=\"instagram-embed\">\n<blockquote class=\"instagram-media\" data-instgrm-captioned data-instgrm-version=\"6\" style=\"width:99.375%; width:-webkit-calc(100% - 2px); width:calc(100% - 2px);\">\n<p>Ein Beitrag von Jamie Lee Curtis (@jamieleecurtis)<\/p>\n<p>Ein Foto von on <\/p>\n<\/blockquote>\n<\/div>\n<h2 id=\"shop-the-white-spanish-colonial-style-look-3\">Kaufen Sie den wei\u00dfen spanischen Kolonialstil-Look ein<\/h2>\n<div class=\"product-container hero-product-container product-block-no-wrap\">\n<div class=\"product-block-row\"><\/div>\n<div class=\"product-block-row\"><\/div>\n<div class=\"product-block-row\"><\/div>\n<\/div>\n<p>Bei der Untersuchung der Eingangsfarbe von Jamie ist es leicht zu verstehen, warum Designer wiederholt zu diesem Farbton zur\u00fcckkehren. Unter ihnen befindet sich Eunice Weckesse, der Direktor und Gr\u00fcnder von Crown the Cool Studios, der sagt, dass White einen \u201ealten Charme\u201c hat, der in einem spanischen Wiederbelebungshaus wie Jamie besonders sch\u00f6n ist.<\/p>\n<div id=\"ad-unit-2\" class=\"ad-unit\"><\/div>\n<p>&#8218;Wei\u00df ist grundlegend. Es ist nicht nur ein Mangel an Farbe, es ist eine Kulisse f\u00fcr das Geschichtenerz\u00e4hlen. In einem spanischen Wiederbelebungshaus, in dem Sie oft reiche Holzt\u00f6ne, komplizierte Eisenarbeiten und strukturierte Stuck finden, einen wei\u00dfen Eingang \u201c, sagt Eunice.<\/p>\n<p>Neben seiner \u00c4sthetik hat dieser Farbton praktische, k\u00fchlende Eigenschaften, was ihn zu einer besonders vorteilhaften Wahl f\u00fcr H\u00e4user in einem hei\u00dfen Klima macht.<\/p>\n<p>\u201eEs balanciert den Zerrten mit Einfachheit, hebt architektonische Merkmale wie B\u00f6gen, Nischen und Fliesen hervor und ruft ein Gef\u00fchl der Ruhe vor dem sensorischen Reichtum des Restes des Hauses hervor. In spanischen Wiederbelebungsheimen, in denen Innenh\u00f6fe und sonnenverw\u00f6hnte R\u00e4ume \u00fcblich sind, verbessert Wei\u00df diese mediterrane Luftigkeit. Historisch gesehen waren wei\u00dfe W\u00e4nde im mediterranen Klima praktisch (k\u00fchlend, reflektierend), aber sie wurden auch Symbol f\u00fcr Reinheit, Tradition und W\u00e4rme \u201c, erkl\u00e4rt Eunice.<\/p>\n<div id=\"slice-container-newsletterForm-articleInbodyContent-NnRjbrgT3pVKPELXw4wymG\" class=\"slice-container newsletter-inbodyContent-slice newsletterForm-articleInbodyContent-NnRjbrgT3pVKPELXw4wymG slice-container-newsletterForm\"><\/div>\n<p>&#8222;Ein wei\u00dfer Eingang in diesem Zusammenhang: Echoes Old-World Charm, ehrt nat\u00fcrliche Materialien wie Terra Cotta und Wood, h\u00e4lt das Haus in sonnenverw\u00f6hnlicher Authentizit\u00e4t verwurzelt.&#8220;<\/p>\n<p>Jamies Eingang hat mich an die wahre Kraft dieses Farbtons erinnert. Es ist Erdung, klassisch und niemals Vanille.<\/p>\n<hr>\n<\/div>\n<p><script async src=\"\/\/www.instagram.com\/embed.js\"><\/script><\/p>\n","protected":false},"excerpt":{"rendered":"<p>Wenn Sie mich zu Beginn 2025 fragen w\u00fcrden, welche Farbe ich in einem Eingangsweg gesehen habe, h\u00e4tte ich eine schnelle Antwort gehabt: Wei\u00df. Ich h\u00e4tte<\/p>\n","protected":false},"author":1,"featured_media":5322,"comment_status":"closed","ping_status":"","sticky":false,"template":"","format":"standard","meta":{"footnotes":""},"categories":[118],"tags":[3434,180,7643,81,143,5061,1202,6070,8154,129,634,170,15,7642,2478,4479,1054,3369,182,1559,8153,21,1495],"class_list":["post-5768","post","type-post","status-publish","format-standard","has-post-thumbnail","hentry","category-haus-garten","tag-aenderte","tag-bis","tag-curtis","tag-der","tag-diese","tag-eingang","tag-farbe","tag-gelangweilt","tag-held","tag-ich","tag-ihn","tag-ihr","tag-ist","tag-jamie","tag-klassische","tag-lee","tag-meine","tag-meinung","tag-raum","tag-sehen","tag-unbesungene","tag-von","tag-war","generate-columns","tablet-grid-50","mobile-grid-100","grid-parent","grid-50"],"yoast_head":"<!-- This site is optimized with the Yoast SEO plugin v27.3 - https:\/\/yoast.com\/product\/yoast-seo-wordpress\/ -->\n<title>Diese klassische Farbe ist der unbesungene Held von Jamie Lee Curtis &#039;Eingang - ich war so gelangweilt, ihn zu sehen, bis ihr Raum meine Meinung \u00e4nderte - Nachrichten - Stra\u00dfenweb<\/title>\n<meta name=\"robots\" content=\"index, follow, max-snippet:-1, max-image-preview:large, max-video-preview:-1\" \/>\n<link rel=\"canonical\" href=\"https:\/\/www.strassenweb.de\/nachrichten\/diese-klassische-farbe-ist-der-unbesungene-held-von-jamie-lee-curtis-eingang-ich-war-so-gelangweilt-ihn-zu-sehen-bis-ihr-raum-meine-meinung-aenderte\/\" \/>\n<meta property=\"og:locale\" content=\"de_DE\" \/>\n<meta property=\"og:type\" content=\"article\" \/>\n<meta property=\"og:title\" content=\"Diese klassische Farbe ist der unbesungene Held von Jamie Lee Curtis &#039;Eingang - ich war so gelangweilt, ihn zu sehen, bis ihr Raum meine Meinung \u00e4nderte - Nachrichten - Stra\u00dfenweb\" \/>\n<meta property=\"og:description\" content=\"Wenn Sie mich zu Beginn 2025 fragen w\u00fcrden, welche Farbe ich in einem Eingangsweg gesehen habe, h\u00e4tte ich eine schnelle Antwort gehabt: Wei\u00df. Ich h\u00e4tte\" \/>\n<meta property=\"og:url\" content=\"https:\/\/www.strassenweb.de\/nachrichten\/diese-klassische-farbe-ist-der-unbesungene-held-von-jamie-lee-curtis-eingang-ich-war-so-gelangweilt-ihn-zu-sehen-bis-ihr-raum-meine-meinung-aenderte\/\" \/>\n<meta property=\"og:site_name\" content=\"Stra\u00dfenweb\" \/>\n<meta property=\"article:publisher\" content=\"https:\/\/www.facebook.com\/strassenweb\/\" \/>\n<meta property=\"article:published_time\" content=\"2025-06-19T15:43:20+00:00\" \/>\n<meta property=\"article:modified_time\" content=\"2025-06-19T15:43:21+00:00\" \/>\n<meta property=\"og:image\" content=\"https:\/\/www.strassenweb.de\/nachrichten\/wp-content\/uploads\/2025\/05\/2wtDENstwyEeLy3xvVLU4h.jpg\" \/>\n\t<meta property=\"og:image:width\" content=\"1600\" \/>\n\t<meta property=\"og:image:height\" content=\"900\" \/>\n\t<meta property=\"og:image:type\" content=\"image\/jpeg\" \/>\n<meta name=\"author\" content=\"Robert Hoffmann\" \/>\n<meta name=\"twitter:card\" content=\"summary_large_image\" \/>\n<meta name=\"twitter:label1\" content=\"Verfasst von\" \/>\n\t<meta name=\"twitter:data1\" content=\"Robert Hoffmann\" \/>\n\t<meta name=\"twitter:label2\" content=\"Gesch\u00e4tzte Lesezeit\" \/>\n\t<meta name=\"twitter:data2\" content=\"3\u00a0Minuten\" \/>\n<script type=\"application\/ld+json\" class=\"yoast-schema-graph\">{\"@context\":\"https:\\\/\\\/schema.org\",\"@graph\":[{\"@type\":\"Article\",\"@id\":\"https:\\\/\\\/www.strassenweb.de\\\/nachrichten\\\/diese-klassische-farbe-ist-der-unbesungene-held-von-jamie-lee-curtis-eingang-ich-war-so-gelangweilt-ihn-zu-sehen-bis-ihr-raum-meine-meinung-aenderte\\\/#article\",\"isPartOf\":{\"@id\":\"https:\\\/\\\/www.strassenweb.de\\\/nachrichten\\\/diese-klassische-farbe-ist-der-unbesungene-held-von-jamie-lee-curtis-eingang-ich-war-so-gelangweilt-ihn-zu-sehen-bis-ihr-raum-meine-meinung-aenderte\\\/\"},\"author\":{\"name\":\"Robert Hoffmann\",\"@id\":\"https:\\\/\\\/www.strassenweb.de\\\/nachrichten\\\/#\\\/schema\\\/person\\\/87c9c9067f1211da429a744dc5a5aa41\"},\"headline\":\"Diese klassische Farbe ist der unbesungene Held von Jamie Lee Curtis &#8218;Eingang &#8211; ich war so gelangweilt, ihn zu sehen, bis ihr Raum meine Meinung \u00e4nderte\",\"datePublished\":\"2025-06-19T15:43:20+00:00\",\"dateModified\":\"2025-06-19T15:43:21+00:00\",\"mainEntityOfPage\":{\"@id\":\"https:\\\/\\\/www.strassenweb.de\\\/nachrichten\\\/diese-klassische-farbe-ist-der-unbesungene-held-von-jamie-lee-curtis-eingang-ich-war-so-gelangweilt-ihn-zu-sehen-bis-ihr-raum-meine-meinung-aenderte\\\/\"},\"wordCount\":555,\"publisher\":{\"@id\":\"https:\\\/\\\/www.strassenweb.de\\\/nachrichten\\\/#organization\"},\"image\":{\"@id\":\"https:\\\/\\\/www.strassenweb.de\\\/nachrichten\\\/diese-klassische-farbe-ist-der-unbesungene-held-von-jamie-lee-curtis-eingang-ich-war-so-gelangweilt-ihn-zu-sehen-bis-ihr-raum-meine-meinung-aenderte\\\/#primaryimage\"},\"thumbnailUrl\":\"https:\\\/\\\/www.strassenweb.de\\\/nachrichten\\\/wp-content\\\/uploads\\\/2025\\\/05\\\/2wtDENstwyEeLy3xvVLU4h.jpg\",\"keywords\":[\"\u00e4nderte\",\"bis\",\"Curtis\",\"der\",\"diese\",\"Eingang\",\"Farbe\",\"Gelangweilt\",\"Held\",\"ich\",\"ihn\",\"Ihr\",\"ist\",\"Jamie\",\"klassische\",\"Lee\",\"meine\",\"Meinung\",\"Raum\",\"sehen\",\"unbesungene\",\"von\",\"war\"],\"articleSection\":[\"Haus &amp; Garten\"],\"inLanguage\":\"de\"},{\"@type\":\"WebPage\",\"@id\":\"https:\\\/\\\/www.strassenweb.de\\\/nachrichten\\\/diese-klassische-farbe-ist-der-unbesungene-held-von-jamie-lee-curtis-eingang-ich-war-so-gelangweilt-ihn-zu-sehen-bis-ihr-raum-meine-meinung-aenderte\\\/\",\"url\":\"https:\\\/\\\/www.strassenweb.de\\\/nachrichten\\\/diese-klassische-farbe-ist-der-unbesungene-held-von-jamie-lee-curtis-eingang-ich-war-so-gelangweilt-ihn-zu-sehen-bis-ihr-raum-meine-meinung-aenderte\\\/\",\"name\":\"Diese klassische Farbe ist der unbesungene Held von Jamie Lee Curtis 'Eingang - ich war so gelangweilt, ihn zu sehen, bis ihr Raum meine Meinung \u00e4nderte - Nachrichten - Stra\u00dfenweb\",\"isPartOf\":{\"@id\":\"https:\\\/\\\/www.strassenweb.de\\\/nachrichten\\\/#website\"},\"primaryImageOfPage\":{\"@id\":\"https:\\\/\\\/www.strassenweb.de\\\/nachrichten\\\/diese-klassische-farbe-ist-der-unbesungene-held-von-jamie-lee-curtis-eingang-ich-war-so-gelangweilt-ihn-zu-sehen-bis-ihr-raum-meine-meinung-aenderte\\\/#primaryimage\"},\"image\":{\"@id\":\"https:\\\/\\\/www.strassenweb.de\\\/nachrichten\\\/diese-klassische-farbe-ist-der-unbesungene-held-von-jamie-lee-curtis-eingang-ich-war-so-gelangweilt-ihn-zu-sehen-bis-ihr-raum-meine-meinung-aenderte\\\/#primaryimage\"},\"thumbnailUrl\":\"https:\\\/\\\/www.strassenweb.de\\\/nachrichten\\\/wp-content\\\/uploads\\\/2025\\\/05\\\/2wtDENstwyEeLy3xvVLU4h.jpg\",\"datePublished\":\"2025-06-19T15:43:20+00:00\",\"dateModified\":\"2025-06-19T15:43:21+00:00\",\"breadcrumb\":{\"@id\":\"https:\\\/\\\/www.strassenweb.de\\\/nachrichten\\\/diese-klassische-farbe-ist-der-unbesungene-held-von-jamie-lee-curtis-eingang-ich-war-so-gelangweilt-ihn-zu-sehen-bis-ihr-raum-meine-meinung-aenderte\\\/#breadcrumb\"},\"inLanguage\":\"de\",\"potentialAction\":[{\"@type\":\"ReadAction\",\"target\":[\"https:\\\/\\\/www.strassenweb.de\\\/nachrichten\\\/diese-klassische-farbe-ist-der-unbesungene-held-von-jamie-lee-curtis-eingang-ich-war-so-gelangweilt-ihn-zu-sehen-bis-ihr-raum-meine-meinung-aenderte\\\/\"]}]},{\"@type\":\"ImageObject\",\"inLanguage\":\"de\",\"@id\":\"https:\\\/\\\/www.strassenweb.de\\\/nachrichten\\\/diese-klassische-farbe-ist-der-unbesungene-held-von-jamie-lee-curtis-eingang-ich-war-so-gelangweilt-ihn-zu-sehen-bis-ihr-raum-meine-meinung-aenderte\\\/#primaryimage\",\"url\":\"https:\\\/\\\/www.strassenweb.de\\\/nachrichten\\\/wp-content\\\/uploads\\\/2025\\\/05\\\/2wtDENstwyEeLy3xvVLU4h.jpg\",\"contentUrl\":\"https:\\\/\\\/www.strassenweb.de\\\/nachrichten\\\/wp-content\\\/uploads\\\/2025\\\/05\\\/2wtDENstwyEeLy3xvVLU4h.jpg\",\"width\":1600,\"height\":900,\"caption\":\"Jamie Lee Curtis\"},{\"@type\":\"BreadcrumbList\",\"@id\":\"https:\\\/\\\/www.strassenweb.de\\\/nachrichten\\\/diese-klassische-farbe-ist-der-unbesungene-held-von-jamie-lee-curtis-eingang-ich-war-so-gelangweilt-ihn-zu-sehen-bis-ihr-raum-meine-meinung-aenderte\\\/#breadcrumb\",\"itemListElement\":[{\"@type\":\"ListItem\",\"position\":1,\"name\":\"Home\",\"item\":\"https:\\\/\\\/www.strassenweb.de\\\/nachrichten\\\/\"},{\"@type\":\"ListItem\",\"position\":2,\"name\":\"Diese klassische Farbe ist der unbesungene Held von Jamie Lee Curtis &#8218;Eingang &#8211; ich war so gelangweilt, ihn zu sehen, bis ihr Raum meine Meinung \u00e4nderte\"}]},{\"@type\":\"WebSite\",\"@id\":\"https:\\\/\\\/www.strassenweb.de\\\/nachrichten\\\/#website\",\"url\":\"https:\\\/\\\/www.strassenweb.de\\\/nachrichten\\\/\",\"name\":\"Stra\u00dfenweb\",\"description\":\"Stra\u00dfenverzeichnis f\u00fcr Deutschland\",\"publisher\":{\"@id\":\"https:\\\/\\\/www.strassenweb.de\\\/nachrichten\\\/#organization\"},\"potentialAction\":[{\"@type\":\"SearchAction\",\"target\":{\"@type\":\"EntryPoint\",\"urlTemplate\":\"https:\\\/\\\/www.strassenweb.de\\\/nachrichten\\\/?s={search_term_string}\"},\"query-input\":{\"@type\":\"PropertyValueSpecification\",\"valueRequired\":true,\"valueName\":\"search_term_string\"}}],\"inLanguage\":\"de\"},{\"@type\":\"Organization\",\"@id\":\"https:\\\/\\\/www.strassenweb.de\\\/nachrichten\\\/#organization\",\"name\":\"Stra\u00dfenweb\",\"url\":\"https:\\\/\\\/www.strassenweb.de\\\/nachrichten\\\/\",\"logo\":{\"@type\":\"ImageObject\",\"inLanguage\":\"de\",\"@id\":\"https:\\\/\\\/www.strassenweb.de\\\/nachrichten\\\/#\\\/schema\\\/logo\\\/image\\\/\",\"url\":\"https:\\\/\\\/www.strassenweb.de\\\/nachrichten\\\/wp-content\\\/uploads\\\/2024\\\/09\\\/cropped-favicon.png\",\"contentUrl\":\"https:\\\/\\\/www.strassenweb.de\\\/nachrichten\\\/wp-content\\\/uploads\\\/2024\\\/09\\\/cropped-favicon.png\",\"width\":512,\"height\":512,\"caption\":\"Stra\u00dfenweb\"},\"image\":{\"@id\":\"https:\\\/\\\/www.strassenweb.de\\\/nachrichten\\\/#\\\/schema\\\/logo\\\/image\\\/\"},\"sameAs\":[\"https:\\\/\\\/www.facebook.com\\\/strassenweb\\\/\"]},{\"@type\":\"Person\",\"@id\":\"https:\\\/\\\/www.strassenweb.de\\\/nachrichten\\\/#\\\/schema\\\/person\\\/87c9c9067f1211da429a744dc5a5aa41\",\"name\":\"Robert Hoffmann\",\"image\":{\"@type\":\"ImageObject\",\"inLanguage\":\"de\",\"@id\":\"https:\\\/\\\/www.strassenweb.de\\\/nachrichten\\\/wp-content\\\/uploads\\\/2024\\\/09\\\/strassenweb-150x150.jpg\",\"url\":\"https:\\\/\\\/www.strassenweb.de\\\/nachrichten\\\/wp-content\\\/uploads\\\/2024\\\/09\\\/strassenweb-150x150.jpg\",\"contentUrl\":\"https:\\\/\\\/www.strassenweb.de\\\/nachrichten\\\/wp-content\\\/uploads\\\/2024\\\/09\\\/strassenweb-150x150.jpg\",\"caption\":\"Robert Hoffmann\"},\"description\":\"Ich hei\u00dfe Robert Hoffmann und ich bin ein leidenschaftlicher Verfechter von \u00d6kologie und Biodiversit\u00e4t. Seit meiner Kindheit in den W\u00e4ldern Bayerns f\u00fchle ich mich mit der Natur verbunden und bin entschlossen, sie zu sch\u00fctzen. Heute widme ich mein Leben der Sensibilisierung anderer f\u00fcr die Bedeutung des Umweltschutzes f\u00fcr zuk\u00fcnftige Generationen.\",\"sameAs\":[\"https:\\\/\\\/www.strassenweb.de\\\/\"]}]}<\/script>\n<!-- \/ Yoast SEO plugin. -->","yoast_head_json":{"title":"Diese klassische Farbe ist der unbesungene Held von Jamie Lee Curtis 'Eingang - ich war so gelangweilt, ihn zu sehen, bis ihr Raum meine Meinung \u00e4nderte - Nachrichten - Stra\u00dfenweb","robots":{"index":"index","follow":"follow","max-snippet":"max-snippet:-1","max-image-preview":"max-image-preview:large","max-video-preview":"max-video-preview:-1"},"canonical":"https:\/\/www.strassenweb.de\/nachrichten\/diese-klassische-farbe-ist-der-unbesungene-held-von-jamie-lee-curtis-eingang-ich-war-so-gelangweilt-ihn-zu-sehen-bis-ihr-raum-meine-meinung-aenderte\/","og_locale":"de_DE","og_type":"article","og_title":"Diese klassische Farbe ist der unbesungene Held von Jamie Lee Curtis 'Eingang - ich war so gelangweilt, ihn zu sehen, bis ihr Raum meine Meinung \u00e4nderte - Nachrichten - Stra\u00dfenweb","og_description":"Wenn Sie mich zu Beginn 2025 fragen w\u00fcrden, welche Farbe ich in einem Eingangsweg gesehen habe, h\u00e4tte ich eine schnelle Antwort gehabt: Wei\u00df. Ich h\u00e4tte","og_url":"https:\/\/www.strassenweb.de\/nachrichten\/diese-klassische-farbe-ist-der-unbesungene-held-von-jamie-lee-curtis-eingang-ich-war-so-gelangweilt-ihn-zu-sehen-bis-ihr-raum-meine-meinung-aenderte\/","og_site_name":"Stra\u00dfenweb","article_publisher":"https:\/\/www.facebook.com\/strassenweb\/","article_published_time":"2025-06-19T15:43:20+00:00","article_modified_time":"2025-06-19T15:43:21+00:00","og_image":[{"width":1600,"height":900,"url":"https:\/\/www.strassenweb.de\/nachrichten\/wp-content\/uploads\/2025\/05\/2wtDENstwyEeLy3xvVLU4h.jpg","type":"image\/jpeg"}],"author":"Robert Hoffmann","twitter_card":"summary_large_image","twitter_misc":{"Verfasst von":"Robert Hoffmann","Gesch\u00e4tzte Lesezeit":"3\u00a0Minuten"},"schema":{"@context":"https:\/\/schema.org","@graph":[{"@type":"Article","@id":"https:\/\/www.strassenweb.de\/nachrichten\/diese-klassische-farbe-ist-der-unbesungene-held-von-jamie-lee-curtis-eingang-ich-war-so-gelangweilt-ihn-zu-sehen-bis-ihr-raum-meine-meinung-aenderte\/#article","isPartOf":{"@id":"https:\/\/www.strassenweb.de\/nachrichten\/diese-klassische-farbe-ist-der-unbesungene-held-von-jamie-lee-curtis-eingang-ich-war-so-gelangweilt-ihn-zu-sehen-bis-ihr-raum-meine-meinung-aenderte\/"},"author":{"name":"Robert Hoffmann","@id":"https:\/\/www.strassenweb.de\/nachrichten\/#\/schema\/person\/87c9c9067f1211da429a744dc5a5aa41"},"headline":"Diese klassische Farbe ist der unbesungene Held von Jamie Lee Curtis &#8218;Eingang &#8211; ich war so gelangweilt, ihn zu sehen, bis ihr Raum meine Meinung \u00e4nderte","datePublished":"2025-06-19T15:43:20+00:00","dateModified":"2025-06-19T15:43:21+00:00","mainEntityOfPage":{"@id":"https:\/\/www.strassenweb.de\/nachrichten\/diese-klassische-farbe-ist-der-unbesungene-held-von-jamie-lee-curtis-eingang-ich-war-so-gelangweilt-ihn-zu-sehen-bis-ihr-raum-meine-meinung-aenderte\/"},"wordCount":555,"publisher":{"@id":"https:\/\/www.strassenweb.de\/nachrichten\/#organization"},"image":{"@id":"https:\/\/www.strassenweb.de\/nachrichten\/diese-klassische-farbe-ist-der-unbesungene-held-von-jamie-lee-curtis-eingang-ich-war-so-gelangweilt-ihn-zu-sehen-bis-ihr-raum-meine-meinung-aenderte\/#primaryimage"},"thumbnailUrl":"https:\/\/www.strassenweb.de\/nachrichten\/wp-content\/uploads\/2025\/05\/2wtDENstwyEeLy3xvVLU4h.jpg","keywords":["\u00e4nderte","bis","Curtis","der","diese","Eingang","Farbe","Gelangweilt","Held","ich","ihn","Ihr","ist","Jamie","klassische","Lee","meine","Meinung","Raum","sehen","unbesungene","von","war"],"articleSection":["Haus &amp; Garten"],"inLanguage":"de"},{"@type":"WebPage","@id":"https:\/\/www.strassenweb.de\/nachrichten\/diese-klassische-farbe-ist-der-unbesungene-held-von-jamie-lee-curtis-eingang-ich-war-so-gelangweilt-ihn-zu-sehen-bis-ihr-raum-meine-meinung-aenderte\/","url":"https:\/\/www.strassenweb.de\/nachrichten\/diese-klassische-farbe-ist-der-unbesungene-held-von-jamie-lee-curtis-eingang-ich-war-so-gelangweilt-ihn-zu-sehen-bis-ihr-raum-meine-meinung-aenderte\/","name":"Diese klassische Farbe ist der unbesungene Held von Jamie Lee Curtis 'Eingang - ich war so gelangweilt, ihn zu sehen, bis ihr Raum meine Meinung \u00e4nderte - Nachrichten - Stra\u00dfenweb","isPartOf":{"@id":"https:\/\/www.strassenweb.de\/nachrichten\/#website"},"primaryImageOfPage":{"@id":"https:\/\/www.strassenweb.de\/nachrichten\/diese-klassische-farbe-ist-der-unbesungene-held-von-jamie-lee-curtis-eingang-ich-war-so-gelangweilt-ihn-zu-sehen-bis-ihr-raum-meine-meinung-aenderte\/#primaryimage"},"image":{"@id":"https:\/\/www.strassenweb.de\/nachrichten\/diese-klassische-farbe-ist-der-unbesungene-held-von-jamie-lee-curtis-eingang-ich-war-so-gelangweilt-ihn-zu-sehen-bis-ihr-raum-meine-meinung-aenderte\/#primaryimage"},"thumbnailUrl":"https:\/\/www.strassenweb.de\/nachrichten\/wp-content\/uploads\/2025\/05\/2wtDENstwyEeLy3xvVLU4h.jpg","datePublished":"2025-06-19T15:43:20+00:00","dateModified":"2025-06-19T15:43:21+00:00","breadcrumb":{"@id":"https:\/\/www.strassenweb.de\/nachrichten\/diese-klassische-farbe-ist-der-unbesungene-held-von-jamie-lee-curtis-eingang-ich-war-so-gelangweilt-ihn-zu-sehen-bis-ihr-raum-meine-meinung-aenderte\/#breadcrumb"},"inLanguage":"de","potentialAction":[{"@type":"ReadAction","target":["https:\/\/www.strassenweb.de\/nachrichten\/diese-klassische-farbe-ist-der-unbesungene-held-von-jamie-lee-curtis-eingang-ich-war-so-gelangweilt-ihn-zu-sehen-bis-ihr-raum-meine-meinung-aenderte\/"]}]},{"@type":"ImageObject","inLanguage":"de","@id":"https:\/\/www.strassenweb.de\/nachrichten\/diese-klassische-farbe-ist-der-unbesungene-held-von-jamie-lee-curtis-eingang-ich-war-so-gelangweilt-ihn-zu-sehen-bis-ihr-raum-meine-meinung-aenderte\/#primaryimage","url":"https:\/\/www.strassenweb.de\/nachrichten\/wp-content\/uploads\/2025\/05\/2wtDENstwyEeLy3xvVLU4h.jpg","contentUrl":"https:\/\/www.strassenweb.de\/nachrichten\/wp-content\/uploads\/2025\/05\/2wtDENstwyEeLy3xvVLU4h.jpg","width":1600,"height":900,"caption":"Jamie Lee Curtis"},{"@type":"BreadcrumbList","@id":"https:\/\/www.strassenweb.de\/nachrichten\/diese-klassische-farbe-ist-der-unbesungene-held-von-jamie-lee-curtis-eingang-ich-war-so-gelangweilt-ihn-zu-sehen-bis-ihr-raum-meine-meinung-aenderte\/#breadcrumb","itemListElement":[{"@type":"ListItem","position":1,"name":"Home","item":"https:\/\/www.strassenweb.de\/nachrichten\/"},{"@type":"ListItem","position":2,"name":"Diese klassische Farbe ist der unbesungene Held von Jamie Lee Curtis &#8218;Eingang &#8211; ich war so gelangweilt, ihn zu sehen, bis ihr Raum meine Meinung \u00e4nderte"}]},{"@type":"WebSite","@id":"https:\/\/www.strassenweb.de\/nachrichten\/#website","url":"https:\/\/www.strassenweb.de\/nachrichten\/","name":"Stra\u00dfenweb","description":"Stra\u00dfenverzeichnis f\u00fcr Deutschland","publisher":{"@id":"https:\/\/www.strassenweb.de\/nachrichten\/#organization"},"potentialAction":[{"@type":"SearchAction","target":{"@type":"EntryPoint","urlTemplate":"https:\/\/www.strassenweb.de\/nachrichten\/?s={search_term_string}"},"query-input":{"@type":"PropertyValueSpecification","valueRequired":true,"valueName":"search_term_string"}}],"inLanguage":"de"},{"@type":"Organization","@id":"https:\/\/www.strassenweb.de\/nachrichten\/#organization","name":"Stra\u00dfenweb","url":"https:\/\/www.strassenweb.de\/nachrichten\/","logo":{"@type":"ImageObject","inLanguage":"de","@id":"https:\/\/www.strassenweb.de\/nachrichten\/#\/schema\/logo\/image\/","url":"https:\/\/www.strassenweb.de\/nachrichten\/wp-content\/uploads\/2024\/09\/cropped-favicon.png","contentUrl":"https:\/\/www.strassenweb.de\/nachrichten\/wp-content\/uploads\/2024\/09\/cropped-favicon.png","width":512,"height":512,"caption":"Stra\u00dfenweb"},"image":{"@id":"https:\/\/www.strassenweb.de\/nachrichten\/#\/schema\/logo\/image\/"},"sameAs":["https:\/\/www.facebook.com\/strassenweb\/"]},{"@type":"Person","@id":"https:\/\/www.strassenweb.de\/nachrichten\/#\/schema\/person\/87c9c9067f1211da429a744dc5a5aa41","name":"Robert Hoffmann","image":{"@type":"ImageObject","inLanguage":"de","@id":"https:\/\/www.strassenweb.de\/nachrichten\/wp-content\/uploads\/2024\/09\/strassenweb-150x150.jpg","url":"https:\/\/www.strassenweb.de\/nachrichten\/wp-content\/uploads\/2024\/09\/strassenweb-150x150.jpg","contentUrl":"https:\/\/www.strassenweb.de\/nachrichten\/wp-content\/uploads\/2024\/09\/strassenweb-150x150.jpg","caption":"Robert Hoffmann"},"description":"Ich hei\u00dfe Robert Hoffmann und ich bin ein leidenschaftlicher Verfechter von \u00d6kologie und Biodiversit\u00e4t. Seit meiner Kindheit in den W\u00e4ldern Bayerns f\u00fchle ich mich mit der Natur verbunden und bin entschlossen, sie zu sch\u00fctzen. Heute widme ich mein Leben der Sensibilisierung anderer f\u00fcr die Bedeutung des Umweltschutzes f\u00fcr zuk\u00fcnftige Generationen.","sameAs":["https:\/\/www.strassenweb.de\/"]}]}},"_links":{"self":[{"href":"https:\/\/www.strassenweb.de\/nachrichten\/wp-json\/wp\/v2\/posts\/5768","targetHints":{"allow":["GET"]}}],"collection":[{"href":"https:\/\/www.strassenweb.de\/nachrichten\/wp-json\/wp\/v2\/posts"}],"about":[{"href":"https:\/\/www.strassenweb.de\/nachrichten\/wp-json\/wp\/v2\/types\/post"}],"author":[{"embeddable":true,"href":"https:\/\/www.strassenweb.de\/nachrichten\/wp-json\/wp\/v2\/users\/1"}],"replies":[{"embeddable":true,"href":"https:\/\/www.strassenweb.de\/nachrichten\/wp-json\/wp\/v2\/comments?post=5768"}],"version-history":[{"count":0,"href":"https:\/\/www.strassenweb.de\/nachrichten\/wp-json\/wp\/v2\/posts\/5768\/revisions"}],"wp:featuredmedia":[{"embeddable":true,"href":"https:\/\/www.strassenweb.de\/nachrichten\/wp-json\/wp\/v2\/media\/5322"}],"wp:attachment":[{"href":"https:\/\/www.strassenweb.de\/nachrichten\/wp-json\/wp\/v2\/media?parent=5768"}],"wp:term":[{"taxonomy":"category","embeddable":true,"href":"https:\/\/www.strassenweb.de\/nachrichten\/wp-json\/wp\/v2\/categories?post=5768"},{"taxonomy":"post_tag","embeddable":true,"href":"https:\/\/www.strassenweb.de\/nachrichten\/wp-json\/wp\/v2\/tags?post=5768"}],"curies":[{"name":"wp","href":"https:\/\/api.w.org\/{rel}","templated":true}]}}