{"id":5750,"date":"2025-06-18T21:39:39","date_gmt":"2025-06-18T19:39:39","guid":{"rendered":"https:\/\/www.strassenweb.de\/nachrichten\/kate-hudson-hat-gerade-meine-kochgeschirrspeicher-leiden-geloest-ihre-loesung-wird-meine-zukuenftige-kueche-beeinflussen-hat-aber-wurzeln-im-18-jahrhundert\/"},"modified":"2025-06-18T21:39:40","modified_gmt":"2025-06-18T19:39:40","slug":"kate-hudson-hat-gerade-meine-kochgeschirrspeicher-leiden-geloest-ihre-loesung-wird-meine-zukuenftige-kueche-beeinflussen-hat-aber-wurzeln-im-18-jahrhundert","status":"publish","type":"post","link":"https:\/\/www.strassenweb.de\/nachrichten\/kate-hudson-hat-gerade-meine-kochgeschirrspeicher-leiden-geloest-ihre-loesung-wird-meine-zukuenftige-kueche-beeinflussen-hat-aber-wurzeln-im-18-jahrhundert\/","title":{"rendered":"Kate Hudson hat gerade meine Kochgeschirrspeicher -Leiden gel\u00f6st &#8211; ihre L\u00f6sung wird meine zuk\u00fcnftige K\u00fcche beeinflussen (hat aber Wurzeln im 18. Jahrhundert)"},"content":{"rendered":"<div id=\"article-body\" class=\"article__body \">\n<p>Was hat Kate Hudsons La Kitchen mit einer Landesschule aus dem 18. Jahrhundert gemeinsam? Sie k\u00f6nnten nicht viel erwarten, aber ihr Kupferkochgeschirrspeicher ist die Ausnahme.<\/p>\n<div id=\"ad-unit-1\" class=\"ad-unit\"><\/div>\n<p>Hier auf dem Promi -Schreibtisch haben wir jahrelang ohnm\u00e4chtig \u00fcber Kates K\u00fcche verbracht, von ihrem seidblauen, bemalten Schr\u00e4nken bis zu ihrem mosaischen Fliesenr\u00fcckschlag. W\u00e4hrend der Trend des Topfh\u00e4ngers weiter umgestaltet wird, wie wir \u00fcber die Lagerung von K\u00fcchen denken, dachten wir, es sei Zeit f\u00fcr ihr h\u00e4ngendes Kochgeschirr, im Mittelpunkt zu stehen.<\/p>\n<aside data-block-type=\"embed\" data-render-type=\"fte\" data-skip=\"dealsy\" data-widget-type=\"seasonal\" class=\"hawk-base\"><\/aside>\n<p>Die fr\u00fchesten Beispiele f\u00fcr Topfregale, \u00e4hnlich wie bei Kates, stammen aus den fr\u00fchen 1700er Jahren, waren jedoch im 19. Jahrhundert besonders beliebt, insbesondere in gro\u00dfen K\u00fcchen und Bauernh\u00e4usern in gro\u00dfen Nachlass.<\/p>\n<div class=\"van_vid_carousel\">\n<div class=\"van_vid_carousel__padding\">\n<div class=\"van_vid_carousel__container\"><\/div>\n<\/div>\n<\/div>\n<aside data-component-name=\"Recirculation:ArticleRiver\" data-nosnippet class=\"pt-3 pb-4 mb-4 border-b border-solid border-(#333)\">\n<span class=\"\nafter:content-('') after:flex-1 after:ml-4 after:my-(0.7rem) after:border-t-(#333) after:border-t after:border-solid\nbefore:content-('') before:flex-1 before:mr-4 before:my-(0.7rem) before:border-t-(#333) before:border-t before:border-solid\nfont-article-heading pb-3 !text-base font-bold uppercase sm:text-sm text-(#333) flex\"><\/p>\n<p>Sie m\u00f6gen m\u00f6gen<br \/>\n<\/span><\/p>\n<ul class=\"flex flex-col gap-3 m-0\">\n<li class=\"m-0 list-none\" name=\"recirculation-inline\" data-analytics-id=\"recirculation-inline-1\" analytics-label=\"adviser:related\">\n<picture data-new-v2-image=\"true\" class=\"w-(--article-river-thumbnail-width,60px) flex-shrink-0\"><source type=\"image\/webp\"  ><\/source><\/p>\n<\/picture>\n<span class=\"hover:text-inherit font-article-heading text-base text-(#333) leading-5 content-center\">Dieser Topfspeicher aus dem 17. Jahrhundert ist das kl\u00fcgste Feature in Meghan Markles K\u00fcche &#8211; er nutzt den \u201etoten\u201c Raum, von dem ich nie wusste <\/span><\/p>\n<\/li>\n<li class=\"m-0 list-none\" name=\"recirculation-inline\" data-analytics-id=\"recirculation-inline-2\" analytics-label=\"adviser:related\">\n<picture data-new-v2-image=\"true\" class=\"w-(--article-river-thumbnail-width,60px) flex-shrink-0\"><source type=\"image\/webp\"  ><\/source><br \/>\n<img decoding=\"async\" alt=\"Martha Stewart\"   loading=\"lazy\" data-new-v2-image=\"true\" src=\"https:\/\/www.strassenweb.de\/nachrichten\/wp-content\/uploads\/2025\/06\/xheJrd6JWsZGyKwQ2zq4XA.jpg\" data-pin-media=\"https:\/\/www.strassenweb.de\/nachrichten\/wp-content\/uploads\/2025\/06\/xheJrd6JWsZGyKwQ2zq4XA.jpg\" data-pin-nopin=\"true\" class=\"aspect-(--img-listing-aspect-ratio,16\/9) object-cover w-(--article-river-thumbnail-width,60px) flex-shrink-0\">\n<\/picture>\n<span class=\"hover:text-inherit font-article-heading text-base text-(#333) leading-5 content-center\">Ich kann nicht genug von Martha Stewarts K\u00fcche aus den 70ern bekommen &#8211; die Art und Weise, wie sie die Lagerung in Kunst verwandelt, ist wundersch\u00f6n, aber \u00fcberraschend reproduzierbar<\/span><\/p>\n<\/li>\n<li class=\"m-0 list-none\" name=\"recirculation-inline\" data-analytics-id=\"recirculation-inline-3\" analytics-label=\"adviser:related\">\n<picture data-new-v2-image=\"true\" class=\"w-(--article-river-thumbnail-width,60px) flex-shrink-0\"><source type=\"image\/webp\"  ><\/source><br \/>\n<img decoding=\"async\" alt=\"Anne Hathaway\"   loading=\"lazy\" data-new-v2-image=\"true\" src=\"https:\/\/www.strassenweb.de\/nachrichten\/wp-content\/uploads\/2024\/10\/LzcEdqZHJL9piD6ox9EEbF.jpg\" data-pin-media=\"https:\/\/www.strassenweb.de\/nachrichten\/wp-content\/uploads\/2024\/10\/LzcEdqZHJL9piD6ox9EEbF.jpg\" data-pin-nopin=\"true\" class=\"aspect-(--img-listing-aspect-ratio,16\/9) object-cover w-(--article-river-thumbnail-width,60px) flex-shrink-0\">\n<\/picture>\n<span class=\"hover:text-inherit font-article-heading text-base text-(#333) leading-5 content-center\">Anne Hathaways &#8218;Uber-moderne&#8216; K\u00fcchenregal ist das Zeug von minimalistischen Tr\u00e4umen-es ist der besten Kunstgalerien wert<\/span><\/p>\n<\/li>\n<\/ul>\n<\/aside>\n<p>Schneller Vorlauf in die moderne Zeit, und diese Funktion ist nicht nur funktional, sondern auch dekorativ. Im Falle meiner eigenen K\u00fcche wird es intelligent den \u201etoten\u201c Raum \u00fcber meiner Insel nutzen, wobei ein Gebiet, von dem ich nie wusste, dass es existiert.<\/p>\n<div id=\"ad-unit-2\" class=\"ad-unit\"><\/div>\n<p>Es ist ein Beweis daf\u00fcr, dass moderne K\u00fcchentrends in einer Zeit manchmal Wurzeln haben &#8211; da diese Merkmale aus einem bestimmten Grund den Test der Zeit bestanden haben.<\/p>\n<div class=\"instagram-embed\">\n<blockquote class=\"instagram-media\" data-instgrm-captioned data-instgrm-version=\"6\" style=\"width:99.375%; width:-webkit-calc(100% - 2px); width:calc(100% - 2px);\">\n<p>Ein Beitrag, der von Kate Hudson (@katehudson) geteilt wurde<\/p>\n<p>Ein Foto von on <\/p>\n<\/blockquote>\n<\/div>\n<h2 id=\"shop-the-look-3\">Kaufen Sie den Look ein<\/h2>\n<div class=\"product-container hero-product-container product-block-no-wrap\">\n<div class=\"product-block-row\"><\/div>\n<div class=\"product-block-row\"><\/div>\n<div class=\"product-block-row\"><\/div>\n<\/div>\n<p>Kates Pot Rack erg\u00e4nzt den Rest ihrer K\u00fcche wundersch\u00f6n, aber wenn es um das Styling in Ihrem eigenen Zuhause geht, gibt es kein Recht oder falsch.<\/p>\n<p>W\u00e4hrend dieses Feature oft mit einem franz\u00f6sischen Landstil verbunden ist, kann sie in einem ultra-intensiven Raum (Victoria Beckham in ihrer Londoner Stadtk\u00fcche, zu Ihrer Information, genauso sch\u00f6n aussehen, genauso sch\u00f6n aussehen. Wie Designer erkl\u00e4ren, funktionieren Topfregal in kleinen K\u00fcchen gut, wo sie die Augen nach oben zeichnen und sich sowohl ger\u00e4umig als auch erdenkend f\u00fchlen.<\/p>\n<div id=\"slice-container-newsletterForm-articleInbodyContent-2ju3HyBXC9iMjHMQz8QutK\" class=\"slice-container newsletter-inbodyContent-slice newsletterForm-articleInbodyContent-2ju3HyBXC9iMjHMQz8QutK slice-container-newsletterForm\"><\/div>\n<p>&#8218;Ein Topfregal \u00fcber einer K\u00fccheninsel zieht das Auge nach oben, f\u00fcgt die H\u00f6he hinzu und erzeugt ein Strukturgef\u00fchl, das die Insel im Raum erden kann. In einem offenen Layout kann dies die K\u00fcche definierter f\u00fchlen, ohne dass Partitionen oder zus\u00e4tzliche M\u00f6bel erforderlich sind \u201c, kommentiert Gareth Davies, der Designdirektor bei <u>Klassische Innenr\u00e4ume.<\/u><\/p>\n<div class=\"instagram-embed\">\n<blockquote class=\"instagram-media\" data-instgrm-captioned data-instgrm-version=\"6\" style=\"width:99.375%; width:-webkit-calc(100% - 2px); width:calc(100% - 2px);\">\n<p>Ein Beitrag, der von Kate Hudson (@katehudson) geteilt wurde<\/p>\n<p>Ein Foto von on <\/p>\n<\/blockquote>\n<\/div>\n<p>Er f\u00e4hrt fort: \u201eAus praktischer Sicht f\u00f6rdert ein Topfregal einen einfachen Zugang zu Ihrem am h\u00e4ufigsten verwendeten Kochgeschirr, wodurch der Kochenfluss effizienter gestaltet wird. Es gibt auch den Schrankraum frei und hilft dem Rest der K\u00fcche, ordentlich zu bleiben. Bei nachdenklich gut ausgew\u00e4hlter St\u00fccke und komplement\u00e4rer Beleuchtung wird es zu einer eigenen Funktion. Anstelle einer Speicherl\u00f6sung verleiht es Charakter, W\u00e4rme und ein gelebtes Gef\u00fchl dem Herzen des Hauses. &#8218;<\/p>\n<p>F\u00fcr den perfekten Ausgangspunkt habe ich Kates Raum gespeichert. Mit dieser Funktion ist es jedoch schwierig, falsch zu gehen.<\/p>\n<hr>\n<div class=\"block\" id=\"articleTag\" data-component-name=\"PostArticleLinks\">\n<div class=\"border-b border-b-black border-solid py-2.5 text-black font-bold uppercase\">Themen<\/div>\n<nav class=\"py-2.5 flex gap-2.5 flex-wrap\" data-analytics-id=\"article-tag\">\n<p>Kate Hudson<br \/>\n<\/nav>\n<\/div>\n<\/div>\n<p><script async src=\"\/\/www.instagram.com\/embed.js\"><\/script><\/p>\n","protected":false},"excerpt":{"rendered":"<p>Was hat Kate Hudsons La Kitchen mit einer Landesschule aus dem 18. Jahrhundert gemeinsam? Sie k\u00f6nnten nicht viel erwarten, aber ihr Kupferkochgeschirrspeicher ist die Ausnahme.<\/p>\n","protected":false},"author":1,"featured_media":5751,"comment_status":"closed","ping_status":"","sticky":false,"template":"","format":"standard","meta":{"footnotes":""},"categories":[118],"tags":[357,3575,2321,495,189,8133,225,4927,3053,8134,468,4457,1759,1054,71,1849,8135],"class_list":["post-5750","post","type-post","status-publish","format-standard","has-post-thumbnail","hentry","category-haus-garten","tag-aber","tag-beeinflussen","tag-geloest","tag-gerade","tag-hat","tag-hudson","tag-ihre","tag-jahrhundert","tag-kate","tag-kochgeschirrspeicher","tag-kueche","tag-leiden","tag-loesung","tag-meine","tag-wird","tag-wurzeln","tag-zukuenftige","generate-columns","tablet-grid-50","mobile-grid-100","grid-parent","grid-50"],"yoast_head":"<!-- This site is optimized with the Yoast SEO plugin v27.3 - https:\/\/yoast.com\/product\/yoast-seo-wordpress\/ -->\n<title>Kate Hudson hat gerade meine Kochgeschirrspeicher -Leiden gel\u00f6st - ihre L\u00f6sung wird meine zuk\u00fcnftige K\u00fcche beeinflussen (hat aber Wurzeln im 18. Jahrhundert) - Nachrichten - Stra\u00dfenweb<\/title>\n<meta name=\"robots\" content=\"index, follow, max-snippet:-1, max-image-preview:large, max-video-preview:-1\" \/>\n<link rel=\"canonical\" href=\"https:\/\/www.strassenweb.de\/nachrichten\/kate-hudson-hat-gerade-meine-kochgeschirrspeicher-leiden-geloest-ihre-loesung-wird-meine-zukuenftige-kueche-beeinflussen-hat-aber-wurzeln-im-18-jahrhundert\/\" \/>\n<meta property=\"og:locale\" content=\"de_DE\" \/>\n<meta property=\"og:type\" content=\"article\" \/>\n<meta property=\"og:title\" content=\"Kate Hudson hat gerade meine Kochgeschirrspeicher -Leiden gel\u00f6st - ihre L\u00f6sung wird meine zuk\u00fcnftige K\u00fcche beeinflussen (hat aber Wurzeln im 18. Jahrhundert) - Nachrichten - Stra\u00dfenweb\" \/>\n<meta property=\"og:description\" content=\"Was hat Kate Hudsons La Kitchen mit einer Landesschule aus dem 18. Jahrhundert gemeinsam? Sie k\u00f6nnten nicht viel erwarten, aber ihr Kupferkochgeschirrspeicher ist die Ausnahme.\" \/>\n<meta property=\"og:url\" content=\"https:\/\/www.strassenweb.de\/nachrichten\/kate-hudson-hat-gerade-meine-kochgeschirrspeicher-leiden-geloest-ihre-loesung-wird-meine-zukuenftige-kueche-beeinflussen-hat-aber-wurzeln-im-18-jahrhundert\/\" \/>\n<meta property=\"og:site_name\" content=\"Stra\u00dfenweb\" \/>\n<meta property=\"article:publisher\" content=\"https:\/\/www.facebook.com\/strassenweb\/\" \/>\n<meta property=\"article:published_time\" content=\"2025-06-18T19:39:39+00:00\" \/>\n<meta property=\"article:modified_time\" content=\"2025-06-18T19:39:40+00:00\" \/>\n<meta property=\"og:image\" content=\"https:\/\/www.strassenweb.de\/nachrichten\/wp-content\/uploads\/2025\/06\/Kate-Hudson-hat-gerade-meine-Kochgeschirrspeicher-Leiden-geloest-ihre.jpg\" \/>\n\t<meta property=\"og:image:width\" content=\"1600\" \/>\n\t<meta property=\"og:image:height\" content=\"900\" \/>\n\t<meta property=\"og:image:type\" content=\"image\/jpeg\" \/>\n<meta name=\"author\" content=\"Robert Hoffmann\" \/>\n<meta name=\"twitter:card\" content=\"summary_large_image\" \/>\n<meta name=\"twitter:label1\" content=\"Verfasst von\" \/>\n\t<meta name=\"twitter:data1\" content=\"Robert Hoffmann\" \/>\n\t<meta name=\"twitter:label2\" content=\"Gesch\u00e4tzte Lesezeit\" \/>\n\t<meta name=\"twitter:data2\" content=\"3\u00a0Minuten\" \/>\n<script type=\"application\/ld+json\" class=\"yoast-schema-graph\">{\"@context\":\"https:\\\/\\\/schema.org\",\"@graph\":[{\"@type\":\"Article\",\"@id\":\"https:\\\/\\\/www.strassenweb.de\\\/nachrichten\\\/kate-hudson-hat-gerade-meine-kochgeschirrspeicher-leiden-geloest-ihre-loesung-wird-meine-zukuenftige-kueche-beeinflussen-hat-aber-wurzeln-im-18-jahrhundert\\\/#article\",\"isPartOf\":{\"@id\":\"https:\\\/\\\/www.strassenweb.de\\\/nachrichten\\\/kate-hudson-hat-gerade-meine-kochgeschirrspeicher-leiden-geloest-ihre-loesung-wird-meine-zukuenftige-kueche-beeinflussen-hat-aber-wurzeln-im-18-jahrhundert\\\/\"},\"author\":{\"name\":\"Robert Hoffmann\",\"@id\":\"https:\\\/\\\/www.strassenweb.de\\\/nachrichten\\\/#\\\/schema\\\/person\\\/87c9c9067f1211da429a744dc5a5aa41\"},\"headline\":\"Kate Hudson hat gerade meine Kochgeschirrspeicher -Leiden gel\u00f6st &#8211; ihre L\u00f6sung wird meine zuk\u00fcnftige K\u00fcche beeinflussen (hat aber Wurzeln im 18. Jahrhundert)\",\"datePublished\":\"2025-06-18T19:39:39+00:00\",\"dateModified\":\"2025-06-18T19:39:40+00:00\",\"mainEntityOfPage\":{\"@id\":\"https:\\\/\\\/www.strassenweb.de\\\/nachrichten\\\/kate-hudson-hat-gerade-meine-kochgeschirrspeicher-leiden-geloest-ihre-loesung-wird-meine-zukuenftige-kueche-beeinflussen-hat-aber-wurzeln-im-18-jahrhundert\\\/\"},\"wordCount\":585,\"publisher\":{\"@id\":\"https:\\\/\\\/www.strassenweb.de\\\/nachrichten\\\/#organization\"},\"image\":{\"@id\":\"https:\\\/\\\/www.strassenweb.de\\\/nachrichten\\\/kate-hudson-hat-gerade-meine-kochgeschirrspeicher-leiden-geloest-ihre-loesung-wird-meine-zukuenftige-kueche-beeinflussen-hat-aber-wurzeln-im-18-jahrhundert\\\/#primaryimage\"},\"thumbnailUrl\":\"https:\\\/\\\/www.strassenweb.de\\\/nachrichten\\\/wp-content\\\/uploads\\\/2025\\\/06\\\/Kate-Hudson-hat-gerade-meine-Kochgeschirrspeicher-Leiden-geloest-ihre.jpg\",\"keywords\":[\"aber\",\"beeinflussen\",\"gel\u00f6st\",\"gerade\",\"hat\",\"Hudson\",\"ihre\",\"Jahrhundert\",\"Kate\",\"Kochgeschirrspeicher\",\"K\u00fcche\",\"Leiden\",\"L\u00f6sung\",\"meine\",\"wird\",\"Wurzeln\",\"zuk\u00fcnftige\"],\"articleSection\":[\"Haus &amp; Garten\"],\"inLanguage\":\"de\"},{\"@type\":\"WebPage\",\"@id\":\"https:\\\/\\\/www.strassenweb.de\\\/nachrichten\\\/kate-hudson-hat-gerade-meine-kochgeschirrspeicher-leiden-geloest-ihre-loesung-wird-meine-zukuenftige-kueche-beeinflussen-hat-aber-wurzeln-im-18-jahrhundert\\\/\",\"url\":\"https:\\\/\\\/www.strassenweb.de\\\/nachrichten\\\/kate-hudson-hat-gerade-meine-kochgeschirrspeicher-leiden-geloest-ihre-loesung-wird-meine-zukuenftige-kueche-beeinflussen-hat-aber-wurzeln-im-18-jahrhundert\\\/\",\"name\":\"Kate Hudson hat gerade meine Kochgeschirrspeicher -Leiden gel\u00f6st - ihre L\u00f6sung wird meine zuk\u00fcnftige K\u00fcche beeinflussen (hat aber Wurzeln im 18. Jahrhundert) - Nachrichten - Stra\u00dfenweb\",\"isPartOf\":{\"@id\":\"https:\\\/\\\/www.strassenweb.de\\\/nachrichten\\\/#website\"},\"primaryImageOfPage\":{\"@id\":\"https:\\\/\\\/www.strassenweb.de\\\/nachrichten\\\/kate-hudson-hat-gerade-meine-kochgeschirrspeicher-leiden-geloest-ihre-loesung-wird-meine-zukuenftige-kueche-beeinflussen-hat-aber-wurzeln-im-18-jahrhundert\\\/#primaryimage\"},\"image\":{\"@id\":\"https:\\\/\\\/www.strassenweb.de\\\/nachrichten\\\/kate-hudson-hat-gerade-meine-kochgeschirrspeicher-leiden-geloest-ihre-loesung-wird-meine-zukuenftige-kueche-beeinflussen-hat-aber-wurzeln-im-18-jahrhundert\\\/#primaryimage\"},\"thumbnailUrl\":\"https:\\\/\\\/www.strassenweb.de\\\/nachrichten\\\/wp-content\\\/uploads\\\/2025\\\/06\\\/Kate-Hudson-hat-gerade-meine-Kochgeschirrspeicher-Leiden-geloest-ihre.jpg\",\"datePublished\":\"2025-06-18T19:39:39+00:00\",\"dateModified\":\"2025-06-18T19:39:40+00:00\",\"breadcrumb\":{\"@id\":\"https:\\\/\\\/www.strassenweb.de\\\/nachrichten\\\/kate-hudson-hat-gerade-meine-kochgeschirrspeicher-leiden-geloest-ihre-loesung-wird-meine-zukuenftige-kueche-beeinflussen-hat-aber-wurzeln-im-18-jahrhundert\\\/#breadcrumb\"},\"inLanguage\":\"de\",\"potentialAction\":[{\"@type\":\"ReadAction\",\"target\":[\"https:\\\/\\\/www.strassenweb.de\\\/nachrichten\\\/kate-hudson-hat-gerade-meine-kochgeschirrspeicher-leiden-geloest-ihre-loesung-wird-meine-zukuenftige-kueche-beeinflussen-hat-aber-wurzeln-im-18-jahrhundert\\\/\"]}]},{\"@type\":\"ImageObject\",\"inLanguage\":\"de\",\"@id\":\"https:\\\/\\\/www.strassenweb.de\\\/nachrichten\\\/kate-hudson-hat-gerade-meine-kochgeschirrspeicher-leiden-geloest-ihre-loesung-wird-meine-zukuenftige-kueche-beeinflussen-hat-aber-wurzeln-im-18-jahrhundert\\\/#primaryimage\",\"url\":\"https:\\\/\\\/www.strassenweb.de\\\/nachrichten\\\/wp-content\\\/uploads\\\/2025\\\/06\\\/Kate-Hudson-hat-gerade-meine-Kochgeschirrspeicher-Leiden-geloest-ihre.jpg\",\"contentUrl\":\"https:\\\/\\\/www.strassenweb.de\\\/nachrichten\\\/wp-content\\\/uploads\\\/2025\\\/06\\\/Kate-Hudson-hat-gerade-meine-Kochgeschirrspeicher-Leiden-geloest-ihre.jpg\",\"width\":1600,\"height\":900,\"caption\":\"Kate Hudson\"},{\"@type\":\"BreadcrumbList\",\"@id\":\"https:\\\/\\\/www.strassenweb.de\\\/nachrichten\\\/kate-hudson-hat-gerade-meine-kochgeschirrspeicher-leiden-geloest-ihre-loesung-wird-meine-zukuenftige-kueche-beeinflussen-hat-aber-wurzeln-im-18-jahrhundert\\\/#breadcrumb\",\"itemListElement\":[{\"@type\":\"ListItem\",\"position\":1,\"name\":\"Home\",\"item\":\"https:\\\/\\\/www.strassenweb.de\\\/nachrichten\\\/\"},{\"@type\":\"ListItem\",\"position\":2,\"name\":\"Kate Hudson hat gerade meine Kochgeschirrspeicher -Leiden gel\u00f6st &#8211; ihre L\u00f6sung wird meine zuk\u00fcnftige K\u00fcche beeinflussen (hat aber Wurzeln im 18. Jahrhundert)\"}]},{\"@type\":\"WebSite\",\"@id\":\"https:\\\/\\\/www.strassenweb.de\\\/nachrichten\\\/#website\",\"url\":\"https:\\\/\\\/www.strassenweb.de\\\/nachrichten\\\/\",\"name\":\"Stra\u00dfenweb\",\"description\":\"Stra\u00dfenverzeichnis f\u00fcr Deutschland\",\"publisher\":{\"@id\":\"https:\\\/\\\/www.strassenweb.de\\\/nachrichten\\\/#organization\"},\"potentialAction\":[{\"@type\":\"SearchAction\",\"target\":{\"@type\":\"EntryPoint\",\"urlTemplate\":\"https:\\\/\\\/www.strassenweb.de\\\/nachrichten\\\/?s={search_term_string}\"},\"query-input\":{\"@type\":\"PropertyValueSpecification\",\"valueRequired\":true,\"valueName\":\"search_term_string\"}}],\"inLanguage\":\"de\"},{\"@type\":\"Organization\",\"@id\":\"https:\\\/\\\/www.strassenweb.de\\\/nachrichten\\\/#organization\",\"name\":\"Stra\u00dfenweb\",\"url\":\"https:\\\/\\\/www.strassenweb.de\\\/nachrichten\\\/\",\"logo\":{\"@type\":\"ImageObject\",\"inLanguage\":\"de\",\"@id\":\"https:\\\/\\\/www.strassenweb.de\\\/nachrichten\\\/#\\\/schema\\\/logo\\\/image\\\/\",\"url\":\"https:\\\/\\\/www.strassenweb.de\\\/nachrichten\\\/wp-content\\\/uploads\\\/2024\\\/09\\\/cropped-favicon.png\",\"contentUrl\":\"https:\\\/\\\/www.strassenweb.de\\\/nachrichten\\\/wp-content\\\/uploads\\\/2024\\\/09\\\/cropped-favicon.png\",\"width\":512,\"height\":512,\"caption\":\"Stra\u00dfenweb\"},\"image\":{\"@id\":\"https:\\\/\\\/www.strassenweb.de\\\/nachrichten\\\/#\\\/schema\\\/logo\\\/image\\\/\"},\"sameAs\":[\"https:\\\/\\\/www.facebook.com\\\/strassenweb\\\/\"]},{\"@type\":\"Person\",\"@id\":\"https:\\\/\\\/www.strassenweb.de\\\/nachrichten\\\/#\\\/schema\\\/person\\\/87c9c9067f1211da429a744dc5a5aa41\",\"name\":\"Robert Hoffmann\",\"image\":{\"@type\":\"ImageObject\",\"inLanguage\":\"de\",\"@id\":\"https:\\\/\\\/www.strassenweb.de\\\/nachrichten\\\/wp-content\\\/uploads\\\/2024\\\/09\\\/strassenweb-150x150.jpg\",\"url\":\"https:\\\/\\\/www.strassenweb.de\\\/nachrichten\\\/wp-content\\\/uploads\\\/2024\\\/09\\\/strassenweb-150x150.jpg\",\"contentUrl\":\"https:\\\/\\\/www.strassenweb.de\\\/nachrichten\\\/wp-content\\\/uploads\\\/2024\\\/09\\\/strassenweb-150x150.jpg\",\"caption\":\"Robert Hoffmann\"},\"description\":\"Ich hei\u00dfe Robert Hoffmann und ich bin ein leidenschaftlicher Verfechter von \u00d6kologie und Biodiversit\u00e4t. Seit meiner Kindheit in den W\u00e4ldern Bayerns f\u00fchle ich mich mit der Natur verbunden und bin entschlossen, sie zu sch\u00fctzen. Heute widme ich mein Leben der Sensibilisierung anderer f\u00fcr die Bedeutung des Umweltschutzes f\u00fcr zuk\u00fcnftige Generationen.\",\"sameAs\":[\"https:\\\/\\\/www.strassenweb.de\\\/\"]}]}<\/script>\n<!-- \/ Yoast SEO plugin. -->","yoast_head_json":{"title":"Kate Hudson hat gerade meine Kochgeschirrspeicher -Leiden gel\u00f6st - ihre L\u00f6sung wird meine zuk\u00fcnftige K\u00fcche beeinflussen (hat aber Wurzeln im 18. Jahrhundert) - Nachrichten - Stra\u00dfenweb","robots":{"index":"index","follow":"follow","max-snippet":"max-snippet:-1","max-image-preview":"max-image-preview:large","max-video-preview":"max-video-preview:-1"},"canonical":"https:\/\/www.strassenweb.de\/nachrichten\/kate-hudson-hat-gerade-meine-kochgeschirrspeicher-leiden-geloest-ihre-loesung-wird-meine-zukuenftige-kueche-beeinflussen-hat-aber-wurzeln-im-18-jahrhundert\/","og_locale":"de_DE","og_type":"article","og_title":"Kate Hudson hat gerade meine Kochgeschirrspeicher -Leiden gel\u00f6st - ihre L\u00f6sung wird meine zuk\u00fcnftige K\u00fcche beeinflussen (hat aber Wurzeln im 18. Jahrhundert) - Nachrichten - Stra\u00dfenweb","og_description":"Was hat Kate Hudsons La Kitchen mit einer Landesschule aus dem 18. Jahrhundert gemeinsam? Sie k\u00f6nnten nicht viel erwarten, aber ihr Kupferkochgeschirrspeicher ist die Ausnahme.","og_url":"https:\/\/www.strassenweb.de\/nachrichten\/kate-hudson-hat-gerade-meine-kochgeschirrspeicher-leiden-geloest-ihre-loesung-wird-meine-zukuenftige-kueche-beeinflussen-hat-aber-wurzeln-im-18-jahrhundert\/","og_site_name":"Stra\u00dfenweb","article_publisher":"https:\/\/www.facebook.com\/strassenweb\/","article_published_time":"2025-06-18T19:39:39+00:00","article_modified_time":"2025-06-18T19:39:40+00:00","og_image":[{"width":1600,"height":900,"url":"https:\/\/www.strassenweb.de\/nachrichten\/wp-content\/uploads\/2025\/06\/Kate-Hudson-hat-gerade-meine-Kochgeschirrspeicher-Leiden-geloest-ihre.jpg","type":"image\/jpeg"}],"author":"Robert Hoffmann","twitter_card":"summary_large_image","twitter_misc":{"Verfasst von":"Robert Hoffmann","Gesch\u00e4tzte Lesezeit":"3\u00a0Minuten"},"schema":{"@context":"https:\/\/schema.org","@graph":[{"@type":"Article","@id":"https:\/\/www.strassenweb.de\/nachrichten\/kate-hudson-hat-gerade-meine-kochgeschirrspeicher-leiden-geloest-ihre-loesung-wird-meine-zukuenftige-kueche-beeinflussen-hat-aber-wurzeln-im-18-jahrhundert\/#article","isPartOf":{"@id":"https:\/\/www.strassenweb.de\/nachrichten\/kate-hudson-hat-gerade-meine-kochgeschirrspeicher-leiden-geloest-ihre-loesung-wird-meine-zukuenftige-kueche-beeinflussen-hat-aber-wurzeln-im-18-jahrhundert\/"},"author":{"name":"Robert Hoffmann","@id":"https:\/\/www.strassenweb.de\/nachrichten\/#\/schema\/person\/87c9c9067f1211da429a744dc5a5aa41"},"headline":"Kate Hudson hat gerade meine Kochgeschirrspeicher -Leiden gel\u00f6st &#8211; ihre L\u00f6sung wird meine zuk\u00fcnftige K\u00fcche beeinflussen (hat aber Wurzeln im 18. Jahrhundert)","datePublished":"2025-06-18T19:39:39+00:00","dateModified":"2025-06-18T19:39:40+00:00","mainEntityOfPage":{"@id":"https:\/\/www.strassenweb.de\/nachrichten\/kate-hudson-hat-gerade-meine-kochgeschirrspeicher-leiden-geloest-ihre-loesung-wird-meine-zukuenftige-kueche-beeinflussen-hat-aber-wurzeln-im-18-jahrhundert\/"},"wordCount":585,"publisher":{"@id":"https:\/\/www.strassenweb.de\/nachrichten\/#organization"},"image":{"@id":"https:\/\/www.strassenweb.de\/nachrichten\/kate-hudson-hat-gerade-meine-kochgeschirrspeicher-leiden-geloest-ihre-loesung-wird-meine-zukuenftige-kueche-beeinflussen-hat-aber-wurzeln-im-18-jahrhundert\/#primaryimage"},"thumbnailUrl":"https:\/\/www.strassenweb.de\/nachrichten\/wp-content\/uploads\/2025\/06\/Kate-Hudson-hat-gerade-meine-Kochgeschirrspeicher-Leiden-geloest-ihre.jpg","keywords":["aber","beeinflussen","gel\u00f6st","gerade","hat","Hudson","ihre","Jahrhundert","Kate","Kochgeschirrspeicher","K\u00fcche","Leiden","L\u00f6sung","meine","wird","Wurzeln","zuk\u00fcnftige"],"articleSection":["Haus &amp; Garten"],"inLanguage":"de"},{"@type":"WebPage","@id":"https:\/\/www.strassenweb.de\/nachrichten\/kate-hudson-hat-gerade-meine-kochgeschirrspeicher-leiden-geloest-ihre-loesung-wird-meine-zukuenftige-kueche-beeinflussen-hat-aber-wurzeln-im-18-jahrhundert\/","url":"https:\/\/www.strassenweb.de\/nachrichten\/kate-hudson-hat-gerade-meine-kochgeschirrspeicher-leiden-geloest-ihre-loesung-wird-meine-zukuenftige-kueche-beeinflussen-hat-aber-wurzeln-im-18-jahrhundert\/","name":"Kate Hudson hat gerade meine Kochgeschirrspeicher -Leiden gel\u00f6st - ihre L\u00f6sung wird meine zuk\u00fcnftige K\u00fcche beeinflussen (hat aber Wurzeln im 18. Jahrhundert) - Nachrichten - Stra\u00dfenweb","isPartOf":{"@id":"https:\/\/www.strassenweb.de\/nachrichten\/#website"},"primaryImageOfPage":{"@id":"https:\/\/www.strassenweb.de\/nachrichten\/kate-hudson-hat-gerade-meine-kochgeschirrspeicher-leiden-geloest-ihre-loesung-wird-meine-zukuenftige-kueche-beeinflussen-hat-aber-wurzeln-im-18-jahrhundert\/#primaryimage"},"image":{"@id":"https:\/\/www.strassenweb.de\/nachrichten\/kate-hudson-hat-gerade-meine-kochgeschirrspeicher-leiden-geloest-ihre-loesung-wird-meine-zukuenftige-kueche-beeinflussen-hat-aber-wurzeln-im-18-jahrhundert\/#primaryimage"},"thumbnailUrl":"https:\/\/www.strassenweb.de\/nachrichten\/wp-content\/uploads\/2025\/06\/Kate-Hudson-hat-gerade-meine-Kochgeschirrspeicher-Leiden-geloest-ihre.jpg","datePublished":"2025-06-18T19:39:39+00:00","dateModified":"2025-06-18T19:39:40+00:00","breadcrumb":{"@id":"https:\/\/www.strassenweb.de\/nachrichten\/kate-hudson-hat-gerade-meine-kochgeschirrspeicher-leiden-geloest-ihre-loesung-wird-meine-zukuenftige-kueche-beeinflussen-hat-aber-wurzeln-im-18-jahrhundert\/#breadcrumb"},"inLanguage":"de","potentialAction":[{"@type":"ReadAction","target":["https:\/\/www.strassenweb.de\/nachrichten\/kate-hudson-hat-gerade-meine-kochgeschirrspeicher-leiden-geloest-ihre-loesung-wird-meine-zukuenftige-kueche-beeinflussen-hat-aber-wurzeln-im-18-jahrhundert\/"]}]},{"@type":"ImageObject","inLanguage":"de","@id":"https:\/\/www.strassenweb.de\/nachrichten\/kate-hudson-hat-gerade-meine-kochgeschirrspeicher-leiden-geloest-ihre-loesung-wird-meine-zukuenftige-kueche-beeinflussen-hat-aber-wurzeln-im-18-jahrhundert\/#primaryimage","url":"https:\/\/www.strassenweb.de\/nachrichten\/wp-content\/uploads\/2025\/06\/Kate-Hudson-hat-gerade-meine-Kochgeschirrspeicher-Leiden-geloest-ihre.jpg","contentUrl":"https:\/\/www.strassenweb.de\/nachrichten\/wp-content\/uploads\/2025\/06\/Kate-Hudson-hat-gerade-meine-Kochgeschirrspeicher-Leiden-geloest-ihre.jpg","width":1600,"height":900,"caption":"Kate Hudson"},{"@type":"BreadcrumbList","@id":"https:\/\/www.strassenweb.de\/nachrichten\/kate-hudson-hat-gerade-meine-kochgeschirrspeicher-leiden-geloest-ihre-loesung-wird-meine-zukuenftige-kueche-beeinflussen-hat-aber-wurzeln-im-18-jahrhundert\/#breadcrumb","itemListElement":[{"@type":"ListItem","position":1,"name":"Home","item":"https:\/\/www.strassenweb.de\/nachrichten\/"},{"@type":"ListItem","position":2,"name":"Kate Hudson hat gerade meine Kochgeschirrspeicher -Leiden gel\u00f6st &#8211; ihre L\u00f6sung wird meine zuk\u00fcnftige K\u00fcche beeinflussen (hat aber Wurzeln im 18. Jahrhundert)"}]},{"@type":"WebSite","@id":"https:\/\/www.strassenweb.de\/nachrichten\/#website","url":"https:\/\/www.strassenweb.de\/nachrichten\/","name":"Stra\u00dfenweb","description":"Stra\u00dfenverzeichnis f\u00fcr Deutschland","publisher":{"@id":"https:\/\/www.strassenweb.de\/nachrichten\/#organization"},"potentialAction":[{"@type":"SearchAction","target":{"@type":"EntryPoint","urlTemplate":"https:\/\/www.strassenweb.de\/nachrichten\/?s={search_term_string}"},"query-input":{"@type":"PropertyValueSpecification","valueRequired":true,"valueName":"search_term_string"}}],"inLanguage":"de"},{"@type":"Organization","@id":"https:\/\/www.strassenweb.de\/nachrichten\/#organization","name":"Stra\u00dfenweb","url":"https:\/\/www.strassenweb.de\/nachrichten\/","logo":{"@type":"ImageObject","inLanguage":"de","@id":"https:\/\/www.strassenweb.de\/nachrichten\/#\/schema\/logo\/image\/","url":"https:\/\/www.strassenweb.de\/nachrichten\/wp-content\/uploads\/2024\/09\/cropped-favicon.png","contentUrl":"https:\/\/www.strassenweb.de\/nachrichten\/wp-content\/uploads\/2024\/09\/cropped-favicon.png","width":512,"height":512,"caption":"Stra\u00dfenweb"},"image":{"@id":"https:\/\/www.strassenweb.de\/nachrichten\/#\/schema\/logo\/image\/"},"sameAs":["https:\/\/www.facebook.com\/strassenweb\/"]},{"@type":"Person","@id":"https:\/\/www.strassenweb.de\/nachrichten\/#\/schema\/person\/87c9c9067f1211da429a744dc5a5aa41","name":"Robert Hoffmann","image":{"@type":"ImageObject","inLanguage":"de","@id":"https:\/\/www.strassenweb.de\/nachrichten\/wp-content\/uploads\/2024\/09\/strassenweb-150x150.jpg","url":"https:\/\/www.strassenweb.de\/nachrichten\/wp-content\/uploads\/2024\/09\/strassenweb-150x150.jpg","contentUrl":"https:\/\/www.strassenweb.de\/nachrichten\/wp-content\/uploads\/2024\/09\/strassenweb-150x150.jpg","caption":"Robert Hoffmann"},"description":"Ich hei\u00dfe Robert Hoffmann und ich bin ein leidenschaftlicher Verfechter von \u00d6kologie und Biodiversit\u00e4t. Seit meiner Kindheit in den W\u00e4ldern Bayerns f\u00fchle ich mich mit der Natur verbunden und bin entschlossen, sie zu sch\u00fctzen. Heute widme ich mein Leben der Sensibilisierung anderer f\u00fcr die Bedeutung des Umweltschutzes f\u00fcr zuk\u00fcnftige Generationen.","sameAs":["https:\/\/www.strassenweb.de\/"]}]}},"_links":{"self":[{"href":"https:\/\/www.strassenweb.de\/nachrichten\/wp-json\/wp\/v2\/posts\/5750","targetHints":{"allow":["GET"]}}],"collection":[{"href":"https:\/\/www.strassenweb.de\/nachrichten\/wp-json\/wp\/v2\/posts"}],"about":[{"href":"https:\/\/www.strassenweb.de\/nachrichten\/wp-json\/wp\/v2\/types\/post"}],"author":[{"embeddable":true,"href":"https:\/\/www.strassenweb.de\/nachrichten\/wp-json\/wp\/v2\/users\/1"}],"replies":[{"embeddable":true,"href":"https:\/\/www.strassenweb.de\/nachrichten\/wp-json\/wp\/v2\/comments?post=5750"}],"version-history":[{"count":0,"href":"https:\/\/www.strassenweb.de\/nachrichten\/wp-json\/wp\/v2\/posts\/5750\/revisions"}],"wp:featuredmedia":[{"embeddable":true,"href":"https:\/\/www.strassenweb.de\/nachrichten\/wp-json\/wp\/v2\/media\/5751"}],"wp:attachment":[{"href":"https:\/\/www.strassenweb.de\/nachrichten\/wp-json\/wp\/v2\/media?parent=5750"}],"wp:term":[{"taxonomy":"category","embeddable":true,"href":"https:\/\/www.strassenweb.de\/nachrichten\/wp-json\/wp\/v2\/categories?post=5750"},{"taxonomy":"post_tag","embeddable":true,"href":"https:\/\/www.strassenweb.de\/nachrichten\/wp-json\/wp\/v2\/tags?post=5750"}],"curies":[{"name":"wp","href":"https:\/\/api.w.org\/{rel}","templated":true}]}}