{"id":5747,"date":"2025-06-18T18:39:53","date_gmt":"2025-06-18T16:39:53","guid":{"rendered":"https:\/\/www.strassenweb.de\/nachrichten\/lost-for-woertern-ein-feature-dokumentarfilm-geschrieben-und-inszeniert-byhannah-papacek-harper\/"},"modified":"2025-06-18T18:39:53","modified_gmt":"2025-06-18T16:39:53","slug":"lost-for-woertern-ein-feature-dokumentarfilm-geschrieben-und-inszeniert-byhannah-papacek-harper","status":"publish","type":"post","link":"https:\/\/www.strassenweb.de\/nachrichten\/lost-for-woertern-ein-feature-dokumentarfilm-geschrieben-und-inszeniert-byhannah-papacek-harper\/","title":{"rendered":"Lost for W\u00f6rtern &#8211; ein Feature -Dokumentarfilm geschrieben und inszeniert Byhannah Papacek Harper"},"content":{"rendered":"<h5 class=\"wp-block-heading\"><em>Basierend auf den verlorenen Worten, dem Buch von Robert Macfarlane &#038; Jackie Morris<\/em><\/h5>\n<h5 class=\"wp-block-heading\">UK Premiere am 21. Juni im Sheffield Docfest. <\/h5>\n<p><em>Inspiriert von dem illustrierten Buch The Lost Words von Robert Macfarlane und Jackie Morris, <strong>F\u00fcr Worte verloren<\/strong> ist eine poetische und wissenschaftliche Odyssee im gesamten Vereinigten K\u00f6nigreich. Es feiert unsere Beziehung zur Natur, indem es verschiedene Stimmen hervorhebt, von Wissenschaftlern und K\u00fcnstlern bis hin zu Kindern und Einzelpersonen, die mit Alzheimer leben. Der Film untersucht das Verschwinden des naturbezogenen Wortschatzes zwischen j\u00fcngeren Generationen, der Erinnerung an Landschaften und der \u00dcbertragung zwischen den Generationen und in Frage der Verbindungen zwischen Sprache, Umwelt und Kultur.<\/em><\/p>\n<h5 class=\"wp-block-heading\">EINF\u00dcHRUNG<\/h5>\n<p>Die verlorenen Worte wurden als Reaktion auf mehr als vierzig naturnamens, die 2007 im Oxford Youth Dictionary fehlten. Diese Namen waren: Otter, Fox, Dachs, Bluebell, Farn, Elster &#8230; und viele weitere Worte, um die Natur zu qualifizieren, mit der wir unser t\u00e4gliches Leben in der n\u00f6rdlichen Hemisph\u00e4re teilen.<\/p>\n<p>Die Angst war, dass Kinder sie f\u00fcr immer verlieren w\u00fcrden und wie k\u00f6nnen wir uns darum k\u00fcmmern, wenn wir nicht nennen k\u00f6nnen?<\/p>\n<p>Zu diesem Zeitpunkt werden die verlorenen Worte, die von Robert Macfarlane und Jackie Morris ins Leben gerufen wurden, zu einem sch\u00f6nen illustrierten Buch, das Kinder und Erwachsene gleicherma\u00dfen ber\u00fchrte.<\/p>\n<p>Seit der Ver\u00f6ffentlichung der Lost Words im Oktober 2017 hat dieses Buch einen transformativen Effekt auf alle, die es begegnet sind. Es als &#8222;kulturelles Ph\u00e4nomen&#8220; im Guardian beschrieben und ist ein gro\u00dfer Bestseller geworden, hat in Tausenden von Schulen in ganz Gro\u00dfbritannien Wurzeln gewonnen, als sofortiger Klassiker gef\u00f6rdert, zahlreiche Preise gewonnen und viele kreative Denker inspiriert, jung und alt. Es wurde 2017 als eines der beliebtesten B\u00fccher Gro\u00dfbritanniens aller Zeiten in der Natur in die engere Wahl gezogen.<\/p>\n<p>Sein einf\u00fchlsamer Ansatz hatte die Herzen vieler gefangen genommen, die durch Schulen in Gro\u00dfbritannien verteilt und als wundersch\u00f6ner Subversion in dieser Welt gearbeitet haben, wo wir uns zu oft vergessen.<\/p>\n<p>Ein kreativer Dokumentarfilm verloren f\u00fcr Worte, bringt diese \u00c4sthetik auf den Bildschirm, um einen tiefen Eintauchen in die Landschaft zu erhalten.<\/p>\n<p><em>Trailer: <\/em><em>https:\/\/vimeo.com\/1062750142\/fe20bbe849<\/em><\/p>\n<p><em>Link -Website: <\/em><em>https:\/\/www.lostforwords.fr\/<\/em><\/p>\n<p><em>Auszug: <\/em>https:\/\/vimeo.com\/1072120133\/e7be193165<\/p>\n<h5 class=\"wp-block-heading\">ZUSAMMENFASSUNG<\/h5>\n<p>Lost for Words ist eine poetische und wissenschaftliche Odyssee im gesamten Vereinigten K\u00f6nigreich.<br \/>Es feiert unsere Beziehung zur Natur durch verschiedene Stimmen und ver\u00e4ndert unsere anthropozentrische Sichtweise aktiv mit einem poetischen und wissenschaftlichen Ansatz.<\/p>\n<p>Lost f\u00fcr Worte beginnt mit einer Reise in Gro\u00dfbritannien, die Landschaften, Gemeinschaften und ihre Verbindungen zur Natur darstellen. Unser Projekt befasst sich mit den bekanntesten globalen Fragen unserer Zeit, beginnend mit der Entwicklung und dem Verschwinden der Namen der Natur aus der Sprache junger und zuk\u00fcnftiger Generationen. Durch diese Linse befassen wir uns mit dringenden Bedenken wie Klimawandel, Zerst\u00f6rung der Lebensr\u00e4ume und Aussterben der Bev\u00f6lkerungsverlagerung. Unser Ansatz ist einf\u00fchlsam und nicht katastrophaler und vermeidet alarmistische Erz\u00e4hlungen zur F\u00f6rderung des kollektiven Handelns.<\/p>\n<p>Unser Film taucht die Zuschauer in den Charakter und die Essenz der nat\u00fcrlichen Landschaften Gro\u00dfbritanniens ein und zeigt verschiedene britische Gemeinden, die ihre nat\u00fcrliche Umgebung wiederentdecken und erneuern. Anstatt globale Landschaften zu pr\u00e4sentieren, konzentrieren wir uns auf eine lokale Umgebung, um Menschen in eine Intimit\u00e4t mit der Natur zu ziehen und Fragen zu stellen, die zunehmend f\u00fcr alle auf diesem Planeten dr\u00e4ngen.<\/p>\n<p>Wenn wir die historische Beziehung der Menschheit zur Natur untersuchen, untersuchen wir Themen wie Landbesitz, Kolonialisierung und sprachliche Imperialismus. Wir verst\u00e4rken Stimmen, die die ungleiche Leistungsdynamik in der Naturschutzgeschichte in Frage stellen und verschiedene Perspektiven einladen, diese Erz\u00e4hlung neu zu schreiben und Stimmen zu betrachten, die seit langem zum Schweigen gebracht wurden.<\/p>\n<p>Zentral f\u00fcr unser Geschichtenerz\u00e4hlen ist unsere Wahl der unterrepr\u00e4sentierten Stimmen als Protagonisten: Kinder, Alzheimer -Patienten, weibliche Forscher, Sozialarbeiter und K\u00fcnstler mit unterschiedlichem Hintergrund. Dieser Ansatz befasst sich mit der Zug\u00e4nglichkeit von Nature unter marginalisierten sozio\u00f6konomischen Gruppen und inspiriert gleichzeitig die Zuschauer in allen demografischen Daten, um sich mit den Teilnehmern auf dem Bildschirm zu identifizieren.<\/p>\n<p>Unser Film ist eine Einladung, eine neue Beziehung zum Nature aufzubauen und den Dialog zu entfalten, wie man sich wieder damit verbindet. Es provoziert Fragen sowohl im Betrachter als auch im Protagonisten. Zusammen fragen wir uns: Was ist unsere Zukunft? Wie k\u00f6nnen wir es formen? Wie betrachten wir die Bed\u00fcrfnisse der nichtmenschlichen Welt?<\/p>\n<h5 class=\"wp-block-heading\">Protagonisten<\/h5>\n<p>Giles Sommerwill, Geologe<br \/>Rachel Walcott, Geologe<br \/>Seckkou Keita, Musiker<br \/>Matthew Bannister, Sender<br \/>Jenny Culbertson, Linguistin<br \/>Simon Kirby, Linguist<br \/>Claudia Wedepohl, Archivarin<br \/>Neil Bell, Bryologe<br \/>Michelle Hart, Wissenschaftler David Bell, Biologe<br \/>Nick Fraser, Pal\u00e4obiologe<br \/>Ashleigh Whiffin, Entomologe<br \/>James Bulley, Soundk\u00fcnstler<br \/>Daniel Jones, Soundk\u00fcnstler Kinder von Rankinson<br \/>Lorna Sloan, P\u00e4dagogin<br \/>Bewohner von Osborne Care Home<br \/>Karen Papacek, K\u00fcnstler<br \/>Robert MacFarlane, Schriftsteller<br \/>Mitglieder des Handelns zur Erhaltung, Wohlt\u00e4tigkeitsorganisation<br \/>Jackie Morris, K\u00fcnstler<br \/>Arran -Fu\u00dfwegbauer<br \/>Alex Kent, Kartograph<br \/>Amanda Thomson, K\u00fcnstlerin<br \/>Merlin Sheldrake, Biologe<br \/>Shenaz Khimji-Wallbank, Naturforscher Chris Wallbank, K\u00fcnstler<br \/>Bethany Porter, Musiker<br \/>Rachel Newton, Musiker<br \/>Leonie Paterson, Archivarin<br \/>Karine Polwart, Musiker<br \/>Diane Nelson, Linguistin<br \/>Joanne Laird, P\u00e4dagoge<br \/>Klasse von 2023 Edinburgh Montessori Arts School<br \/>Kinder von Y Login Fach School<br \/>Stephanie Januchowski-Hartley, K\u00fcnstlerin und Wissenschaftlerin<br \/>Kernholz -Community -Chor<br \/>Chris Crawley, Aktivist<br \/>Jan Marr, Aktivist<br \/>Colin Belton, Gartenbau<br \/>Hannah Atkin, Taxonomist<br \/>Sadie Barber, Gartenbau<br \/>Paul Powlesland, Rechtsanwalt<br \/>Dora Zoi, K\u00fcnstlerin<br \/>Baby Seren<br \/>Kinder von Rutherglenn<\/p>\n<p>Lost for Words wurde aus dem Wunsch geboren, die Natur auf kreative Weise mit der Natur zu verbinden, zu verstehen und zu f\u00fchlen. Ich wollte das Kindheitstreak finden, das wieder engagierte Handeln sch\u00f6n machen kann.<\/p>\n<p>W\u00e4hrend der Lockdown 2020 stolperte ich \u00fcber das international anerkannte Buch:<\/p>\n<p>Die verlorenen Worte; Zu der Zeit, als wir alle langsamer wurden und \u00fcber unsere Auswirkungen nachdachten.<br \/>Dieses Buch feierte gemeinsame Naturnamen, die aus dem Oxford Junior Dictionary herausgenommen worden waren, jetzt aber ein zweites Leben erhielten.<\/p>\n<p>Nach allem, was ich sah, wurde Katastrophe in die Faser jedes Projekts \u00fcber unsere tats\u00e4chliche Krise geschrieben. Es war die Freundlichkeit und Hoffnung in den verlorenen Worten, die mich als einzigartig auftraten. Ich wollte mich von diesem Ansatz inspirieren, um unsere Art, in der Welt zu leben, in Frage zu stellen.<\/p>\n<p>Meine Beziehung zu den Autoren machte deutlich, dass sie mich dieses Projekt anvertrauen wollten, weil sie von der Sensibilit\u00e4t des Vorschlags ber\u00fchrt wurden. Dies setzte mich auf eine menschliche Suche nach Wissenschaftlern, Forschern, K\u00fcnstlern und vielen anderen, die ihre Beziehung zu mir mit mir teilen wollten.<\/p>\n<p>Ich machte mich mit einem Team auf den Weg, ich m\u00f6chte eine gegebene Landschaft zeigen und die Stimmen derer ausleihen, die es bewohnen, um dem Zuschauer zu helfen, Empathie f\u00fcr die mehr als menschliche Welt in einer Zeit zu finden, in der es so dringend ist, dies zu tun.<\/p>\n<p class=\"has-text-align-right\">&#8211; Hannah Papacek Harper<\/p>\n<hr class=\"wp-block-separator has-alpha-channel-opacity\">\n<p>UK Premiere am 21. Juni im Sheffield Docfest. <\/p>\n<p>Website: https:\/\/www.lostforwords.fr\/<\/p>\n<p>E -Mail: LostForwordsfilm@gmail.com<\/p>\n<p>Instagram: https:\/\/www.instagram.com\/lost_for_words_film\/<\/p>\n<p><script async src=\"\/\/www.instagram.com\/embed.js\"><\/script><\/p>\n","protected":false},"excerpt":{"rendered":"<p>Basierend auf den verlorenen Worten, dem Buch von Robert Macfarlane &#038; Jackie Morris UK Premiere am 21. Juni im Sheffield Docfest. Inspiriert von dem illustrierten<\/p>\n","protected":false},"author":1,"featured_media":5748,"comment_status":"closed","ping_status":"","sticky":false,"template":"","format":"standard","meta":{"footnotes":""},"categories":[101],"tags":[8130,8128,43,4544,192,8132,8129,8126,8131,37,8127],"class_list":["post-5747","post","type-post","status-publish","format-standard","has-post-thumbnail","hentry","category-oekologie","tag-byhannah","tag-dokumentarfilm","tag-ein","tag-feature","tag-geschrieben","tag-harper","tag-inszeniert","tag-lost","tag-papacek","tag-und","tag-woertern","generate-columns","tablet-grid-50","mobile-grid-100","grid-parent","grid-50"],"yoast_head":"<!-- This site is optimized with the Yoast SEO plugin v27.3 - https:\/\/yoast.com\/product\/yoast-seo-wordpress\/ -->\n<title>Lost for W\u00f6rtern - ein Feature -Dokumentarfilm geschrieben und inszeniert Byhannah Papacek Harper - Nachrichten - Stra\u00dfenweb<\/title>\n<meta name=\"robots\" content=\"index, follow, max-snippet:-1, max-image-preview:large, max-video-preview:-1\" \/>\n<link rel=\"canonical\" href=\"https:\/\/www.strassenweb.de\/nachrichten\/lost-for-woertern-ein-feature-dokumentarfilm-geschrieben-und-inszeniert-byhannah-papacek-harper\/\" \/>\n<meta property=\"og:locale\" content=\"de_DE\" \/>\n<meta property=\"og:type\" content=\"article\" \/>\n<meta property=\"og:title\" content=\"Lost for W\u00f6rtern - ein Feature -Dokumentarfilm geschrieben und inszeniert Byhannah Papacek Harper - Nachrichten - Stra\u00dfenweb\" \/>\n<meta property=\"og:description\" content=\"Basierend auf den verlorenen Worten, dem Buch von Robert Macfarlane &#038; Jackie Morris UK Premiere am 21. Juni im Sheffield Docfest. Inspiriert von dem illustrierten\" \/>\n<meta property=\"og:url\" content=\"https:\/\/www.strassenweb.de\/nachrichten\/lost-for-woertern-ein-feature-dokumentarfilm-geschrieben-und-inszeniert-byhannah-papacek-harper\/\" \/>\n<meta property=\"og:site_name\" content=\"Stra\u00dfenweb\" \/>\n<meta property=\"article:publisher\" content=\"https:\/\/www.facebook.com\/strassenweb\/\" \/>\n<meta property=\"article:published_time\" content=\"2025-06-18T16:39:53+00:00\" \/>\n<meta property=\"og:image\" content=\"https:\/\/www.strassenweb.de\/nachrichten\/wp-content\/uploads\/2025\/06\/Lost-for-Woertern-ein-Feature-Dokumentarfilm-geschrieben-und-inszeniert.jpg\" \/>\n\t<meta property=\"og:image:width\" content=\"900\" \/>\n\t<meta property=\"og:image:height\" content=\"637\" \/>\n\t<meta property=\"og:image:type\" content=\"image\/jpeg\" \/>\n<meta name=\"author\" content=\"Robert Hoffmann\" \/>\n<meta name=\"twitter:card\" content=\"summary_large_image\" \/>\n<meta name=\"twitter:label1\" content=\"Verfasst von\" \/>\n\t<meta name=\"twitter:data1\" content=\"Robert Hoffmann\" \/>\n\t<meta name=\"twitter:label2\" content=\"Gesch\u00e4tzte Lesezeit\" \/>\n\t<meta name=\"twitter:data2\" content=\"6\u00a0Minuten\" \/>\n<script type=\"application\/ld+json\" class=\"yoast-schema-graph\">{\"@context\":\"https:\\\/\\\/schema.org\",\"@graph\":[{\"@type\":\"Article\",\"@id\":\"https:\\\/\\\/www.strassenweb.de\\\/nachrichten\\\/lost-for-woertern-ein-feature-dokumentarfilm-geschrieben-und-inszeniert-byhannah-papacek-harper\\\/#article\",\"isPartOf\":{\"@id\":\"https:\\\/\\\/www.strassenweb.de\\\/nachrichten\\\/lost-for-woertern-ein-feature-dokumentarfilm-geschrieben-und-inszeniert-byhannah-papacek-harper\\\/\"},\"author\":{\"name\":\"Robert Hoffmann\",\"@id\":\"https:\\\/\\\/www.strassenweb.de\\\/nachrichten\\\/#\\\/schema\\\/person\\\/87c9c9067f1211da429a744dc5a5aa41\"},\"headline\":\"Lost for W\u00f6rtern &#8211; ein Feature -Dokumentarfilm geschrieben und inszeniert Byhannah Papacek Harper\",\"datePublished\":\"2025-06-18T16:39:53+00:00\",\"mainEntityOfPage\":{\"@id\":\"https:\\\/\\\/www.strassenweb.de\\\/nachrichten\\\/lost-for-woertern-ein-feature-dokumentarfilm-geschrieben-und-inszeniert-byhannah-papacek-harper\\\/\"},\"wordCount\":1139,\"publisher\":{\"@id\":\"https:\\\/\\\/www.strassenweb.de\\\/nachrichten\\\/#organization\"},\"image\":{\"@id\":\"https:\\\/\\\/www.strassenweb.de\\\/nachrichten\\\/lost-for-woertern-ein-feature-dokumentarfilm-geschrieben-und-inszeniert-byhannah-papacek-harper\\\/#primaryimage\"},\"thumbnailUrl\":\"https:\\\/\\\/www.strassenweb.de\\\/nachrichten\\\/wp-content\\\/uploads\\\/2025\\\/06\\\/Lost-for-Woertern-ein-Feature-Dokumentarfilm-geschrieben-und-inszeniert.jpg\",\"keywords\":[\"Byhannah\",\"Dokumentarfilm\",\"ein\",\"Feature\",\"geschrieben\",\"Harper\",\"inszeniert\",\"Lost\",\"Papacek\",\"und\",\"W\u00f6rtern\"],\"articleSection\":[\"\u00d6kologie\"],\"inLanguage\":\"de\"},{\"@type\":\"WebPage\",\"@id\":\"https:\\\/\\\/www.strassenweb.de\\\/nachrichten\\\/lost-for-woertern-ein-feature-dokumentarfilm-geschrieben-und-inszeniert-byhannah-papacek-harper\\\/\",\"url\":\"https:\\\/\\\/www.strassenweb.de\\\/nachrichten\\\/lost-for-woertern-ein-feature-dokumentarfilm-geschrieben-und-inszeniert-byhannah-papacek-harper\\\/\",\"name\":\"Lost for W\u00f6rtern - ein Feature -Dokumentarfilm geschrieben und inszeniert Byhannah Papacek Harper - Nachrichten - Stra\u00dfenweb\",\"isPartOf\":{\"@id\":\"https:\\\/\\\/www.strassenweb.de\\\/nachrichten\\\/#website\"},\"primaryImageOfPage\":{\"@id\":\"https:\\\/\\\/www.strassenweb.de\\\/nachrichten\\\/lost-for-woertern-ein-feature-dokumentarfilm-geschrieben-und-inszeniert-byhannah-papacek-harper\\\/#primaryimage\"},\"image\":{\"@id\":\"https:\\\/\\\/www.strassenweb.de\\\/nachrichten\\\/lost-for-woertern-ein-feature-dokumentarfilm-geschrieben-und-inszeniert-byhannah-papacek-harper\\\/#primaryimage\"},\"thumbnailUrl\":\"https:\\\/\\\/www.strassenweb.de\\\/nachrichten\\\/wp-content\\\/uploads\\\/2025\\\/06\\\/Lost-for-Woertern-ein-Feature-Dokumentarfilm-geschrieben-und-inszeniert.jpg\",\"datePublished\":\"2025-06-18T16:39:53+00:00\",\"breadcrumb\":{\"@id\":\"https:\\\/\\\/www.strassenweb.de\\\/nachrichten\\\/lost-for-woertern-ein-feature-dokumentarfilm-geschrieben-und-inszeniert-byhannah-papacek-harper\\\/#breadcrumb\"},\"inLanguage\":\"de\",\"potentialAction\":[{\"@type\":\"ReadAction\",\"target\":[\"https:\\\/\\\/www.strassenweb.de\\\/nachrichten\\\/lost-for-woertern-ein-feature-dokumentarfilm-geschrieben-und-inszeniert-byhannah-papacek-harper\\\/\"]}]},{\"@type\":\"ImageObject\",\"inLanguage\":\"de\",\"@id\":\"https:\\\/\\\/www.strassenweb.de\\\/nachrichten\\\/lost-for-woertern-ein-feature-dokumentarfilm-geschrieben-und-inszeniert-byhannah-papacek-harper\\\/#primaryimage\",\"url\":\"https:\\\/\\\/www.strassenweb.de\\\/nachrichten\\\/wp-content\\\/uploads\\\/2025\\\/06\\\/Lost-for-Woertern-ein-Feature-Dokumentarfilm-geschrieben-und-inszeniert.jpg\",\"contentUrl\":\"https:\\\/\\\/www.strassenweb.de\\\/nachrichten\\\/wp-content\\\/uploads\\\/2025\\\/06\\\/Lost-for-Woertern-ein-Feature-Dokumentarfilm-geschrieben-und-inszeniert.jpg\",\"width\":900,\"height\":637,\"caption\":\"LOST FOR WORDS \u2013 a feature documentary written and directed byHannah Papacek Harper\"},{\"@type\":\"BreadcrumbList\",\"@id\":\"https:\\\/\\\/www.strassenweb.de\\\/nachrichten\\\/lost-for-woertern-ein-feature-dokumentarfilm-geschrieben-und-inszeniert-byhannah-papacek-harper\\\/#breadcrumb\",\"itemListElement\":[{\"@type\":\"ListItem\",\"position\":1,\"name\":\"Home\",\"item\":\"https:\\\/\\\/www.strassenweb.de\\\/nachrichten\\\/\"},{\"@type\":\"ListItem\",\"position\":2,\"name\":\"Lost for W\u00f6rtern &#8211; ein Feature -Dokumentarfilm geschrieben und inszeniert Byhannah Papacek Harper\"}]},{\"@type\":\"WebSite\",\"@id\":\"https:\\\/\\\/www.strassenweb.de\\\/nachrichten\\\/#website\",\"url\":\"https:\\\/\\\/www.strassenweb.de\\\/nachrichten\\\/\",\"name\":\"Stra\u00dfenweb\",\"description\":\"Stra\u00dfenverzeichnis f\u00fcr Deutschland\",\"publisher\":{\"@id\":\"https:\\\/\\\/www.strassenweb.de\\\/nachrichten\\\/#organization\"},\"potentialAction\":[{\"@type\":\"SearchAction\",\"target\":{\"@type\":\"EntryPoint\",\"urlTemplate\":\"https:\\\/\\\/www.strassenweb.de\\\/nachrichten\\\/?s={search_term_string}\"},\"query-input\":{\"@type\":\"PropertyValueSpecification\",\"valueRequired\":true,\"valueName\":\"search_term_string\"}}],\"inLanguage\":\"de\"},{\"@type\":\"Organization\",\"@id\":\"https:\\\/\\\/www.strassenweb.de\\\/nachrichten\\\/#organization\",\"name\":\"Stra\u00dfenweb\",\"url\":\"https:\\\/\\\/www.strassenweb.de\\\/nachrichten\\\/\",\"logo\":{\"@type\":\"ImageObject\",\"inLanguage\":\"de\",\"@id\":\"https:\\\/\\\/www.strassenweb.de\\\/nachrichten\\\/#\\\/schema\\\/logo\\\/image\\\/\",\"url\":\"https:\\\/\\\/www.strassenweb.de\\\/nachrichten\\\/wp-content\\\/uploads\\\/2024\\\/09\\\/cropped-favicon.png\",\"contentUrl\":\"https:\\\/\\\/www.strassenweb.de\\\/nachrichten\\\/wp-content\\\/uploads\\\/2024\\\/09\\\/cropped-favicon.png\",\"width\":512,\"height\":512,\"caption\":\"Stra\u00dfenweb\"},\"image\":{\"@id\":\"https:\\\/\\\/www.strassenweb.de\\\/nachrichten\\\/#\\\/schema\\\/logo\\\/image\\\/\"},\"sameAs\":[\"https:\\\/\\\/www.facebook.com\\\/strassenweb\\\/\"]},{\"@type\":\"Person\",\"@id\":\"https:\\\/\\\/www.strassenweb.de\\\/nachrichten\\\/#\\\/schema\\\/person\\\/87c9c9067f1211da429a744dc5a5aa41\",\"name\":\"Robert Hoffmann\",\"image\":{\"@type\":\"ImageObject\",\"inLanguage\":\"de\",\"@id\":\"https:\\\/\\\/www.strassenweb.de\\\/nachrichten\\\/wp-content\\\/uploads\\\/2024\\\/09\\\/strassenweb-150x150.jpg\",\"url\":\"https:\\\/\\\/www.strassenweb.de\\\/nachrichten\\\/wp-content\\\/uploads\\\/2024\\\/09\\\/strassenweb-150x150.jpg\",\"contentUrl\":\"https:\\\/\\\/www.strassenweb.de\\\/nachrichten\\\/wp-content\\\/uploads\\\/2024\\\/09\\\/strassenweb-150x150.jpg\",\"caption\":\"Robert Hoffmann\"},\"description\":\"Ich hei\u00dfe Robert Hoffmann und ich bin ein leidenschaftlicher Verfechter von \u00d6kologie und Biodiversit\u00e4t. Seit meiner Kindheit in den W\u00e4ldern Bayerns f\u00fchle ich mich mit der Natur verbunden und bin entschlossen, sie zu sch\u00fctzen. Heute widme ich mein Leben der Sensibilisierung anderer f\u00fcr die Bedeutung des Umweltschutzes f\u00fcr zuk\u00fcnftige Generationen.\",\"sameAs\":[\"https:\\\/\\\/www.strassenweb.de\\\/\"]}]}<\/script>\n<!-- \/ Yoast SEO plugin. -->","yoast_head_json":{"title":"Lost for W\u00f6rtern - ein Feature -Dokumentarfilm geschrieben und inszeniert Byhannah Papacek Harper - Nachrichten - Stra\u00dfenweb","robots":{"index":"index","follow":"follow","max-snippet":"max-snippet:-1","max-image-preview":"max-image-preview:large","max-video-preview":"max-video-preview:-1"},"canonical":"https:\/\/www.strassenweb.de\/nachrichten\/lost-for-woertern-ein-feature-dokumentarfilm-geschrieben-und-inszeniert-byhannah-papacek-harper\/","og_locale":"de_DE","og_type":"article","og_title":"Lost for W\u00f6rtern - ein Feature -Dokumentarfilm geschrieben und inszeniert Byhannah Papacek Harper - Nachrichten - Stra\u00dfenweb","og_description":"Basierend auf den verlorenen Worten, dem Buch von Robert Macfarlane &#038; Jackie Morris UK Premiere am 21. Juni im Sheffield Docfest. Inspiriert von dem illustrierten","og_url":"https:\/\/www.strassenweb.de\/nachrichten\/lost-for-woertern-ein-feature-dokumentarfilm-geschrieben-und-inszeniert-byhannah-papacek-harper\/","og_site_name":"Stra\u00dfenweb","article_publisher":"https:\/\/www.facebook.com\/strassenweb\/","article_published_time":"2025-06-18T16:39:53+00:00","og_image":[{"width":900,"height":637,"url":"https:\/\/www.strassenweb.de\/nachrichten\/wp-content\/uploads\/2025\/06\/Lost-for-Woertern-ein-Feature-Dokumentarfilm-geschrieben-und-inszeniert.jpg","type":"image\/jpeg"}],"author":"Robert Hoffmann","twitter_card":"summary_large_image","twitter_misc":{"Verfasst von":"Robert Hoffmann","Gesch\u00e4tzte Lesezeit":"6\u00a0Minuten"},"schema":{"@context":"https:\/\/schema.org","@graph":[{"@type":"Article","@id":"https:\/\/www.strassenweb.de\/nachrichten\/lost-for-woertern-ein-feature-dokumentarfilm-geschrieben-und-inszeniert-byhannah-papacek-harper\/#article","isPartOf":{"@id":"https:\/\/www.strassenweb.de\/nachrichten\/lost-for-woertern-ein-feature-dokumentarfilm-geschrieben-und-inszeniert-byhannah-papacek-harper\/"},"author":{"name":"Robert Hoffmann","@id":"https:\/\/www.strassenweb.de\/nachrichten\/#\/schema\/person\/87c9c9067f1211da429a744dc5a5aa41"},"headline":"Lost for W\u00f6rtern &#8211; ein Feature -Dokumentarfilm geschrieben und inszeniert Byhannah Papacek Harper","datePublished":"2025-06-18T16:39:53+00:00","mainEntityOfPage":{"@id":"https:\/\/www.strassenweb.de\/nachrichten\/lost-for-woertern-ein-feature-dokumentarfilm-geschrieben-und-inszeniert-byhannah-papacek-harper\/"},"wordCount":1139,"publisher":{"@id":"https:\/\/www.strassenweb.de\/nachrichten\/#organization"},"image":{"@id":"https:\/\/www.strassenweb.de\/nachrichten\/lost-for-woertern-ein-feature-dokumentarfilm-geschrieben-und-inszeniert-byhannah-papacek-harper\/#primaryimage"},"thumbnailUrl":"https:\/\/www.strassenweb.de\/nachrichten\/wp-content\/uploads\/2025\/06\/Lost-for-Woertern-ein-Feature-Dokumentarfilm-geschrieben-und-inszeniert.jpg","keywords":["Byhannah","Dokumentarfilm","ein","Feature","geschrieben","Harper","inszeniert","Lost","Papacek","und","W\u00f6rtern"],"articleSection":["\u00d6kologie"],"inLanguage":"de"},{"@type":"WebPage","@id":"https:\/\/www.strassenweb.de\/nachrichten\/lost-for-woertern-ein-feature-dokumentarfilm-geschrieben-und-inszeniert-byhannah-papacek-harper\/","url":"https:\/\/www.strassenweb.de\/nachrichten\/lost-for-woertern-ein-feature-dokumentarfilm-geschrieben-und-inszeniert-byhannah-papacek-harper\/","name":"Lost for W\u00f6rtern - ein Feature -Dokumentarfilm geschrieben und inszeniert Byhannah Papacek Harper - Nachrichten - Stra\u00dfenweb","isPartOf":{"@id":"https:\/\/www.strassenweb.de\/nachrichten\/#website"},"primaryImageOfPage":{"@id":"https:\/\/www.strassenweb.de\/nachrichten\/lost-for-woertern-ein-feature-dokumentarfilm-geschrieben-und-inszeniert-byhannah-papacek-harper\/#primaryimage"},"image":{"@id":"https:\/\/www.strassenweb.de\/nachrichten\/lost-for-woertern-ein-feature-dokumentarfilm-geschrieben-und-inszeniert-byhannah-papacek-harper\/#primaryimage"},"thumbnailUrl":"https:\/\/www.strassenweb.de\/nachrichten\/wp-content\/uploads\/2025\/06\/Lost-for-Woertern-ein-Feature-Dokumentarfilm-geschrieben-und-inszeniert.jpg","datePublished":"2025-06-18T16:39:53+00:00","breadcrumb":{"@id":"https:\/\/www.strassenweb.de\/nachrichten\/lost-for-woertern-ein-feature-dokumentarfilm-geschrieben-und-inszeniert-byhannah-papacek-harper\/#breadcrumb"},"inLanguage":"de","potentialAction":[{"@type":"ReadAction","target":["https:\/\/www.strassenweb.de\/nachrichten\/lost-for-woertern-ein-feature-dokumentarfilm-geschrieben-und-inszeniert-byhannah-papacek-harper\/"]}]},{"@type":"ImageObject","inLanguage":"de","@id":"https:\/\/www.strassenweb.de\/nachrichten\/lost-for-woertern-ein-feature-dokumentarfilm-geschrieben-und-inszeniert-byhannah-papacek-harper\/#primaryimage","url":"https:\/\/www.strassenweb.de\/nachrichten\/wp-content\/uploads\/2025\/06\/Lost-for-Woertern-ein-Feature-Dokumentarfilm-geschrieben-und-inszeniert.jpg","contentUrl":"https:\/\/www.strassenweb.de\/nachrichten\/wp-content\/uploads\/2025\/06\/Lost-for-Woertern-ein-Feature-Dokumentarfilm-geschrieben-und-inszeniert.jpg","width":900,"height":637,"caption":"LOST FOR WORDS \u2013 a feature documentary written and directed byHannah Papacek Harper"},{"@type":"BreadcrumbList","@id":"https:\/\/www.strassenweb.de\/nachrichten\/lost-for-woertern-ein-feature-dokumentarfilm-geschrieben-und-inszeniert-byhannah-papacek-harper\/#breadcrumb","itemListElement":[{"@type":"ListItem","position":1,"name":"Home","item":"https:\/\/www.strassenweb.de\/nachrichten\/"},{"@type":"ListItem","position":2,"name":"Lost for W\u00f6rtern &#8211; ein Feature -Dokumentarfilm geschrieben und inszeniert Byhannah Papacek Harper"}]},{"@type":"WebSite","@id":"https:\/\/www.strassenweb.de\/nachrichten\/#website","url":"https:\/\/www.strassenweb.de\/nachrichten\/","name":"Stra\u00dfenweb","description":"Stra\u00dfenverzeichnis f\u00fcr Deutschland","publisher":{"@id":"https:\/\/www.strassenweb.de\/nachrichten\/#organization"},"potentialAction":[{"@type":"SearchAction","target":{"@type":"EntryPoint","urlTemplate":"https:\/\/www.strassenweb.de\/nachrichten\/?s={search_term_string}"},"query-input":{"@type":"PropertyValueSpecification","valueRequired":true,"valueName":"search_term_string"}}],"inLanguage":"de"},{"@type":"Organization","@id":"https:\/\/www.strassenweb.de\/nachrichten\/#organization","name":"Stra\u00dfenweb","url":"https:\/\/www.strassenweb.de\/nachrichten\/","logo":{"@type":"ImageObject","inLanguage":"de","@id":"https:\/\/www.strassenweb.de\/nachrichten\/#\/schema\/logo\/image\/","url":"https:\/\/www.strassenweb.de\/nachrichten\/wp-content\/uploads\/2024\/09\/cropped-favicon.png","contentUrl":"https:\/\/www.strassenweb.de\/nachrichten\/wp-content\/uploads\/2024\/09\/cropped-favicon.png","width":512,"height":512,"caption":"Stra\u00dfenweb"},"image":{"@id":"https:\/\/www.strassenweb.de\/nachrichten\/#\/schema\/logo\/image\/"},"sameAs":["https:\/\/www.facebook.com\/strassenweb\/"]},{"@type":"Person","@id":"https:\/\/www.strassenweb.de\/nachrichten\/#\/schema\/person\/87c9c9067f1211da429a744dc5a5aa41","name":"Robert Hoffmann","image":{"@type":"ImageObject","inLanguage":"de","@id":"https:\/\/www.strassenweb.de\/nachrichten\/wp-content\/uploads\/2024\/09\/strassenweb-150x150.jpg","url":"https:\/\/www.strassenweb.de\/nachrichten\/wp-content\/uploads\/2024\/09\/strassenweb-150x150.jpg","contentUrl":"https:\/\/www.strassenweb.de\/nachrichten\/wp-content\/uploads\/2024\/09\/strassenweb-150x150.jpg","caption":"Robert Hoffmann"},"description":"Ich hei\u00dfe Robert Hoffmann und ich bin ein leidenschaftlicher Verfechter von \u00d6kologie und Biodiversit\u00e4t. Seit meiner Kindheit in den W\u00e4ldern Bayerns f\u00fchle ich mich mit der Natur verbunden und bin entschlossen, sie zu sch\u00fctzen. Heute widme ich mein Leben der Sensibilisierung anderer f\u00fcr die Bedeutung des Umweltschutzes f\u00fcr zuk\u00fcnftige Generationen.","sameAs":["https:\/\/www.strassenweb.de\/"]}]}},"_links":{"self":[{"href":"https:\/\/www.strassenweb.de\/nachrichten\/wp-json\/wp\/v2\/posts\/5747","targetHints":{"allow":["GET"]}}],"collection":[{"href":"https:\/\/www.strassenweb.de\/nachrichten\/wp-json\/wp\/v2\/posts"}],"about":[{"href":"https:\/\/www.strassenweb.de\/nachrichten\/wp-json\/wp\/v2\/types\/post"}],"author":[{"embeddable":true,"href":"https:\/\/www.strassenweb.de\/nachrichten\/wp-json\/wp\/v2\/users\/1"}],"replies":[{"embeddable":true,"href":"https:\/\/www.strassenweb.de\/nachrichten\/wp-json\/wp\/v2\/comments?post=5747"}],"version-history":[{"count":0,"href":"https:\/\/www.strassenweb.de\/nachrichten\/wp-json\/wp\/v2\/posts\/5747\/revisions"}],"wp:featuredmedia":[{"embeddable":true,"href":"https:\/\/www.strassenweb.de\/nachrichten\/wp-json\/wp\/v2\/media\/5748"}],"wp:attachment":[{"href":"https:\/\/www.strassenweb.de\/nachrichten\/wp-json\/wp\/v2\/media?parent=5747"}],"wp:term":[{"taxonomy":"category","embeddable":true,"href":"https:\/\/www.strassenweb.de\/nachrichten\/wp-json\/wp\/v2\/categories?post=5747"},{"taxonomy":"post_tag","embeddable":true,"href":"https:\/\/www.strassenweb.de\/nachrichten\/wp-json\/wp\/v2\/tags?post=5747"}],"curies":[{"name":"wp","href":"https:\/\/api.w.org\/{rel}","templated":true}]}}