{"id":5741,"date":"2025-06-18T13:40:07","date_gmt":"2025-06-18T11:40:07","guid":{"rendered":"https:\/\/www.strassenweb.de\/nachrichten\/heute-ist-der-letzte-tag-amerikaner-die-defekte-kuehlschraenke-dieser-drei-marken-besitzen-koennen\/"},"modified":"2025-06-18T13:40:07","modified_gmt":"2025-06-18T11:40:07","slug":"heute-ist-der-letzte-tag-amerikaner-die-defekte-kuehlschraenke-dieser-drei-marken-besitzen-koennen","status":"publish","type":"post","link":"https:\/\/www.strassenweb.de\/nachrichten\/heute-ist-der-letzte-tag-amerikaner-die-defekte-kuehlschraenke-dieser-drei-marken-besitzen-koennen\/","title":{"rendered":"Heute ist der letzte Tag Amerikaner, die defekte K\u00fchlschr\u00e4nke dieser drei Marken besitzen k\u00f6nnen"},"content":{"rendered":"<div id=\"article-body\" class=\"article__body \">\n<p>Whirlpool zahlt Eigent\u00fcmer von drei seiner K\u00fchlschrankmarken, darunter KitchenAid und Maytag bis zu 300 US -Dollar, nachdem festgestellt wurde, dass sie gef\u00e4hrdet sind, Frost zu entwickeln, die die K\u00fchlung beeintr\u00e4chtigen: Und heute ist der letzte Tag, an dem Sie Ihren Anspruch geltend machen k\u00f6nnen.<\/p>\n<div id=\"ad-unit-1\" class=\"ad-unit\"><\/div>\n<p>Der in Michigan ans\u00e4ssige Hersteller stimmte einer Einigung zu, die Anspr\u00fcche zu l\u00f6sen, dass Einheiten, die zwischen 2012 und 2019 hergestellt oder verkauft wurden, fehlerhaft sind.<\/p>\n<aside data-block-type=\"embed\" data-render-type=\"fte\" data-skip=\"dealsy\" data-widget-type=\"seasonal\" class=\"hawk-base\"><\/aside>\n<p>Hier werden wir erkl\u00e4ren, wie Sie wissen, ob Sie in Anspruch nehmen k\u00f6nnen, um Ihren besten K\u00fchlschrank zu beanspruchen, wie viel Sie in Entsch\u00e4digung schulden k\u00f6nnten und wie Sie heute einen Anspruch geltend machen k\u00f6nnen. Dies ist die Frist f\u00fcr Anspr\u00fcche.<\/p>\n<div class=\"van_vid_carousel\">\n<div class=\"van_vid_carousel__padding\">\n<div class=\"van_vid_carousel__container\"><\/div>\n<\/div>\n<\/div>\n<aside data-component-name=\"Recirculation:ArticleRiver\" data-nosnippet class=\"pt-3 pb-4 mb-4 border-b border-solid border-(#333)\">\n<span class=\"\nafter:content-('') after:flex-1 after:ml-4 after:my-(0.7rem) after:border-t-(#333) after:border-t after:border-solid\nbefore:content-('') before:flex-1 before:mr-4 before:my-(0.7rem) before:border-t-(#333) before:border-t before:border-solid\nfont-article-heading pb-3 !text-base font-bold uppercase sm:text-sm text-(#333) flex\"><\/p>\n<p>Sie m\u00f6gen m\u00f6gen<br \/>\n<\/span><\/p>\n<ul class=\"flex flex-col gap-3 m-0\">\n<li class=\"m-0 list-none\" name=\"recirculation-inline\" data-analytics-id=\"recirculation-inline-1\" analytics-label=\"adviser:related\">\n<picture class=\"w-(--article-river-thumbnail-width,60px) flex-shrink-0\"><source type=\"image\/webp\"  ><\/source>\n<picture><source type=\"image\/webp\"  ><\/source><\/picture>\n<\/picture>\n<span class=\"hover:text-inherit font-article-heading text-base text-(#333) leading-5 content-center\">Die 5 schlimmsten Dinge, die Sie mit Ihrem K\u00fchlschrank tun k\u00f6nnen &#8211; diese werden die Energiekosten erh\u00f6hen und zu teuren und bedauerlichen Reparaturen f\u00fchren<\/span><\/p>\n<\/li>\n<li class=\"m-0 list-none\" name=\"recirculation-inline\" data-analytics-id=\"recirculation-inline-2\" analytics-label=\"adviser:related\">\n<picture class=\"w-(--article-river-thumbnail-width,60px) flex-shrink-0\"><source type=\"image\/webp\"  ><\/source>\n<picture><source type=\"image\/webp\"  ><\/source><img decoding=\"async\" alt=\"Eine helle Holzk\u00fcche mit Marmorinsel und Holzst\u00fchle, wei\u00dfe W\u00e4nde, h\u00e4ngende Anh\u00e4ngerlampen, ein verstrichener K\u00fchlschrank und einen Holzboden\" class=\"aspect-(--img-listing-aspect-ratio,16\/9) object-cover w-(--article-river-thumbnail-width,60px) flex-shrink-0\"   loading=\"lazy\" src=\"https:\/\/www.strassenweb.de\/nachrichten\/wp-content\/uploads\/2025\/06\/JngQrrF9BALAUJxUGRa6eS.jpg\" data-pin-media=\"https:\/\/www.strassenweb.de\/nachrichten\/wp-content\/uploads\/2025\/06\/JngQrrF9BALAUJxUGRa6eS.jpg\"><\/picture>\n<\/picture>\n<span class=\"hover:text-inherit font-article-heading text-base text-(#333) leading-5 content-center\">Die drei schlimmsten Dinge, die Sie mit Ihrem Gefrierschrank tun k\u00f6nnen &#8211; diese werden Sie auf die schnelle Strecke zum kostspieligen fr\u00fchen Ersatz bringen<\/span><\/p>\n<\/li>\n<li class=\"m-0 list-none\" name=\"recirculation-inline\" data-analytics-id=\"recirculation-inline-3\" analytics-label=\"adviser:related\">\n<picture class=\"w-(--article-river-thumbnail-width,60px) flex-shrink-0\"><source type=\"image\/webp\"  ><\/source>\n<picture><source type=\"image\/webp\"  ><\/source><img decoding=\"async\" alt=\"Eine wei\u00dfe K\u00fcche mit blassen beigen Fliesen, eine wei\u00dfe Insel mit Marmorarbeitsplatte und blaue Anh\u00e4ngerlampen. Rechts befindet sich ein h\u00f6lzerner Esstisch mit wei\u00dfen St\u00fchlen. Gro\u00dfe helle Fenster umgeben die W\u00e4nde.\" class=\"aspect-(--img-listing-aspect-ratio,16\/9) object-cover w-(--article-river-thumbnail-width,60px) flex-shrink-0\"   loading=\"lazy\" src=\"https:\/\/www.strassenweb.de\/nachrichten\/wp-content\/uploads\/2025\/05\/Xundv7M4ok3ouPb4MtynFT.jpg\" data-pin-media=\"https:\/\/www.strassenweb.de\/nachrichten\/wp-content\/uploads\/2025\/05\/Xundv7M4ok3ouPb4MtynFT.jpg\"><\/picture>\n<\/picture>\n<span class=\"hover:text-inherit font-article-heading text-base text-(#333) leading-5 content-center\">Ich bin ein professioneller Reiniger, und dieser 1 g\u00e4ngige Fehler in der K\u00fcchenreinigung k\u00f6nnte Sie 100 US -Dollar kosten. Hier erfahren Sie, wie Sie eine kr\u00e4ftige Rechnung vermeiden k\u00f6nnen<\/span><\/p>\n<\/li>\n<\/ul>\n<\/aside>\n<h2 id=\"how-does-this-defect-affect-some-whirlpool-fridges-3\">Wie wirkt sich dieser Defekt auf einige Whirlpool -K\u00fchlschr\u00e4nke aus?<\/h2>\n<p>Dennis Godynik, Lead -Appliance -Experte bei Comfort Appliance Repair in Tennessee, erkl\u00e4rt: \u201eDiese Modelle k\u00f6nnen \u00fcberm\u00e4\u00dfige Frostansammlungen auf den Verdampferspulen entwickeln, die Luftstrom blockieren, die K\u00fchlleistung beeintr\u00e4chtigen und das Risiko verw\u00f6hnt.<\/p>\n<div id=\"ad-unit-2\" class=\"ad-unit\"><\/div>\n<p>Dies kann wiederum Schwierigkeiten haben, zu behaupten, wie kalt ein K\u00fchlschrank sein sollte, und einen neuen K\u00fchlschrank zu kaufen, nachdem es Warnschilder erkennen muss. Es ist an der Zeit, alte Ger\u00e4te zu ersetzen.<\/p>\n<h3 class=\"article-body__section\" id=\"section-how-to-check-your-eligibility-and-make-a-claim\"><span>So \u00fcberpr\u00fcfen Sie Ihre Berechtigung und erheben einen Anspruch<\/span><\/h3>\n<p>Um zu pr\u00fcfen, ob Sie m\u00f6glicherweise behauptet werden k\u00f6nnen, wurde den Verbrauchern aufgefordert, nach der seriellen Anzahl ihres Modells auf der speziellen Siedlungswebsite zu suchen.<\/p>\n<p>Elad Nevizada, Inhaber von Global Solutions Appliance Repair, ber\u00e4t die offizielle Website der Marke. Geben Sie Ihr Modell und Ihre Seriennummer ein, laden Sie die Reparaturdokumentation, falls verf\u00fcgbar, eine kurze Beschreibung des Defekts hoch.<\/p>\n<div id=\"slice-container-newsletterForm-articleInbodyContent-yc9cgGQBY4xHHpkaUf4weQ\" class=\"slice-container newsletter-inbodyContent-slice newsletterForm-articleInbodyContent-yc9cgGQBY4xHHpkaUf4weQ slice-container-newsletterForm\"><\/div>\n<p>&#8222;Anspr\u00fcche werden h\u00e4ufig auch ohne Einnahmen angenommen, dokumentierte Reparaturen k\u00f6nnen jedoch die Erstattung erh\u00f6hen.&#8220;<\/p>\n<p>Der Betrag, den Sie m\u00f6glicherweise zur\u00fcckbeanspruchen k\u00f6nnen, unterscheidet sich auch je nach Alter Ihres K\u00fchlschranks zum Zeitpunkt der Reparatur.<\/p>\n<p>Der maximale verf\u00fcgbare Betrag betr\u00e4gt 300 US -Dollar (oder 75% des Kaufpreises, je nachdem, was weniger ist, sagt Appliance -Experte Dennis) f\u00fcr fr\u00fchere Reparaturen oder Ersetzungen, die gilt, wenn Ihr Modell zum Zeitpunkt der Reparatur ein bis drei Jahre alt war.<\/p>\n<p>Wenn Ihr Modell vier bis sechs Jahre alt war, k\u00f6nnen Sie bis zu 225 US -Dollar oder 45% des Kaufpreises beanspruchen. Wenn Ihr Modell sieben bis acht Jahre alt war, k\u00f6nnen Sie eine Wohnung 150 US -Dollar beanspruchen.<\/p>\n<p>Die meisten Antragsteller k\u00f6nnen jeweils rund 70 US -Dollar erwarten.<\/p>\n<p>Das Online -Anspruchsformular muss vor dem 18. Juni 2025 mit einem g\u00fcltigen Anspruch ausgef\u00fcllt werden. Beeilen Sie sich noch heute, bevor das Fenster f\u00fcr Anspr\u00fcche schlie\u00dft.<\/p>\n<h2 class=\"article-body__section\" id=\"section-meet-our-experts\"><span>Treffen Sie unsere Experten<\/span><\/h2>\n<hr>\n<p>Wenn Sie einen Kauf t\u00e4tigen m\u00fcssen, ist es hilfreich, die beste Zeit f\u00fcr den Kauf eines K\u00fchlschranks zu kennen. Laut Branchenexperten und da ein K\u00fchlschrank eines der Dinge ist, die Sie niemals billig kaufen sollten, streben Sie September bis Dezember an, wenn neue Modelle ver\u00f6ffentlicht werden und alte in der Regel reduziert werden.<\/p>\n<\/div>\n","protected":false},"excerpt":{"rendered":"<p>Whirlpool zahlt Eigent\u00fcmer von drei seiner K\u00fchlschrankmarken, darunter KitchenAid und Maytag bis zu 300 US -Dollar, nachdem festgestellt wurde, dass sie gef\u00e4hrdet sind, Frost zu<\/p>\n","protected":false},"author":1,"featured_media":5742,"comment_status":"closed","ping_status":"","sticky":false,"template":"","format":"standard","meta":{"footnotes":""},"categories":[118],"tags":[8121,5201,8122,81,9,1554,851,614,15,689,8123,2365,4616,4325],"class_list":["post-5741","post","type-post","status-publish","format-standard","has-post-thumbnail","hentry","category-haus-garten","tag-amerikaner","tag-besitzen","tag-defekte","tag-der","tag-die","tag-dieser","tag-drei","tag-heute","tag-ist","tag-koennen","tag-kuehlschraenke","tag-letzte","tag-marken","tag-tag","generate-columns","tablet-grid-50","mobile-grid-100","grid-parent","grid-50"],"yoast_head":"<!-- This site is optimized with the Yoast SEO plugin v27.3 - https:\/\/yoast.com\/product\/yoast-seo-wordpress\/ -->\n<title>Heute ist der letzte Tag Amerikaner, die defekte K\u00fchlschr\u00e4nke dieser drei Marken besitzen k\u00f6nnen - Nachrichten - Stra\u00dfenweb<\/title>\n<meta name=\"robots\" content=\"index, follow, max-snippet:-1, max-image-preview:large, max-video-preview:-1\" \/>\n<link rel=\"canonical\" href=\"https:\/\/www.strassenweb.de\/nachrichten\/heute-ist-der-letzte-tag-amerikaner-die-defekte-kuehlschraenke-dieser-drei-marken-besitzen-koennen\/\" \/>\n<meta property=\"og:locale\" content=\"de_DE\" \/>\n<meta property=\"og:type\" content=\"article\" \/>\n<meta property=\"og:title\" content=\"Heute ist der letzte Tag Amerikaner, die defekte K\u00fchlschr\u00e4nke dieser drei Marken besitzen k\u00f6nnen - Nachrichten - Stra\u00dfenweb\" \/>\n<meta property=\"og:description\" content=\"Whirlpool zahlt Eigent\u00fcmer von drei seiner K\u00fchlschrankmarken, darunter KitchenAid und Maytag bis zu 300 US -Dollar, nachdem festgestellt wurde, dass sie gef\u00e4hrdet sind, Frost zu\" \/>\n<meta property=\"og:url\" content=\"https:\/\/www.strassenweb.de\/nachrichten\/heute-ist-der-letzte-tag-amerikaner-die-defekte-kuehlschraenke-dieser-drei-marken-besitzen-koennen\/\" \/>\n<meta property=\"og:site_name\" content=\"Stra\u00dfenweb\" \/>\n<meta property=\"article:publisher\" content=\"https:\/\/www.facebook.com\/strassenweb\/\" \/>\n<meta property=\"article:published_time\" content=\"2025-06-18T11:40:07+00:00\" \/>\n<meta property=\"og:image\" content=\"https:\/\/www.strassenweb.de\/nachrichten\/wp-content\/uploads\/2025\/06\/Heute-ist-der-letzte-Tag-Amerikaner-die-defekte-Kuehlschraenke-dieser.jpg\" \/>\n\t<meta property=\"og:image:width\" content=\"1600\" \/>\n\t<meta property=\"og:image:height\" content=\"900\" \/>\n\t<meta property=\"og:image:type\" content=\"image\/jpeg\" \/>\n<meta name=\"author\" content=\"Robert Hoffmann\" \/>\n<meta name=\"twitter:card\" content=\"summary_large_image\" \/>\n<meta name=\"twitter:label1\" content=\"Verfasst von\" \/>\n\t<meta name=\"twitter:data1\" content=\"Robert Hoffmann\" \/>\n\t<meta name=\"twitter:label2\" content=\"Gesch\u00e4tzte Lesezeit\" \/>\n\t<meta name=\"twitter:data2\" content=\"3\u00a0Minuten\" \/>\n<script type=\"application\/ld+json\" class=\"yoast-schema-graph\">{\"@context\":\"https:\\\/\\\/schema.org\",\"@graph\":[{\"@type\":\"Article\",\"@id\":\"https:\\\/\\\/www.strassenweb.de\\\/nachrichten\\\/heute-ist-der-letzte-tag-amerikaner-die-defekte-kuehlschraenke-dieser-drei-marken-besitzen-koennen\\\/#article\",\"isPartOf\":{\"@id\":\"https:\\\/\\\/www.strassenweb.de\\\/nachrichten\\\/heute-ist-der-letzte-tag-amerikaner-die-defekte-kuehlschraenke-dieser-drei-marken-besitzen-koennen\\\/\"},\"author\":{\"name\":\"Robert Hoffmann\",\"@id\":\"https:\\\/\\\/www.strassenweb.de\\\/nachrichten\\\/#\\\/schema\\\/person\\\/87c9c9067f1211da429a744dc5a5aa41\"},\"headline\":\"Heute ist der letzte Tag Amerikaner, die defekte K\u00fchlschr\u00e4nke dieser drei Marken besitzen k\u00f6nnen\",\"datePublished\":\"2025-06-18T11:40:07+00:00\",\"mainEntityOfPage\":{\"@id\":\"https:\\\/\\\/www.strassenweb.de\\\/nachrichten\\\/heute-ist-der-letzte-tag-amerikaner-die-defekte-kuehlschraenke-dieser-drei-marken-besitzen-koennen\\\/\"},\"wordCount\":614,\"publisher\":{\"@id\":\"https:\\\/\\\/www.strassenweb.de\\\/nachrichten\\\/#organization\"},\"image\":{\"@id\":\"https:\\\/\\\/www.strassenweb.de\\\/nachrichten\\\/heute-ist-der-letzte-tag-amerikaner-die-defekte-kuehlschraenke-dieser-drei-marken-besitzen-koennen\\\/#primaryimage\"},\"thumbnailUrl\":\"https:\\\/\\\/www.strassenweb.de\\\/nachrichten\\\/wp-content\\\/uploads\\\/2025\\\/06\\\/Heute-ist-der-letzte-Tag-Amerikaner-die-defekte-Kuehlschraenke-dieser.jpg\",\"keywords\":[\"Amerikaner\",\"besitzen\",\"defekte\",\"der\",\"die\",\"dieser\",\"drei\",\"heute\",\"ist\",\"k\u00f6nnen\",\"K\u00fchlschr\u00e4nke\",\"letzte\",\"Marken\",\"Tag\"],\"articleSection\":[\"Haus &amp; Garten\"],\"inLanguage\":\"de\"},{\"@type\":\"WebPage\",\"@id\":\"https:\\\/\\\/www.strassenweb.de\\\/nachrichten\\\/heute-ist-der-letzte-tag-amerikaner-die-defekte-kuehlschraenke-dieser-drei-marken-besitzen-koennen\\\/\",\"url\":\"https:\\\/\\\/www.strassenweb.de\\\/nachrichten\\\/heute-ist-der-letzte-tag-amerikaner-die-defekte-kuehlschraenke-dieser-drei-marken-besitzen-koennen\\\/\",\"name\":\"Heute ist der letzte Tag Amerikaner, die defekte K\u00fchlschr\u00e4nke dieser drei Marken besitzen k\u00f6nnen - Nachrichten - Stra\u00dfenweb\",\"isPartOf\":{\"@id\":\"https:\\\/\\\/www.strassenweb.de\\\/nachrichten\\\/#website\"},\"primaryImageOfPage\":{\"@id\":\"https:\\\/\\\/www.strassenweb.de\\\/nachrichten\\\/heute-ist-der-letzte-tag-amerikaner-die-defekte-kuehlschraenke-dieser-drei-marken-besitzen-koennen\\\/#primaryimage\"},\"image\":{\"@id\":\"https:\\\/\\\/www.strassenweb.de\\\/nachrichten\\\/heute-ist-der-letzte-tag-amerikaner-die-defekte-kuehlschraenke-dieser-drei-marken-besitzen-koennen\\\/#primaryimage\"},\"thumbnailUrl\":\"https:\\\/\\\/www.strassenweb.de\\\/nachrichten\\\/wp-content\\\/uploads\\\/2025\\\/06\\\/Heute-ist-der-letzte-Tag-Amerikaner-die-defekte-Kuehlschraenke-dieser.jpg\",\"datePublished\":\"2025-06-18T11:40:07+00:00\",\"breadcrumb\":{\"@id\":\"https:\\\/\\\/www.strassenweb.de\\\/nachrichten\\\/heute-ist-der-letzte-tag-amerikaner-die-defekte-kuehlschraenke-dieser-drei-marken-besitzen-koennen\\\/#breadcrumb\"},\"inLanguage\":\"de\",\"potentialAction\":[{\"@type\":\"ReadAction\",\"target\":[\"https:\\\/\\\/www.strassenweb.de\\\/nachrichten\\\/heute-ist-der-letzte-tag-amerikaner-die-defekte-kuehlschraenke-dieser-drei-marken-besitzen-koennen\\\/\"]}]},{\"@type\":\"ImageObject\",\"inLanguage\":\"de\",\"@id\":\"https:\\\/\\\/www.strassenweb.de\\\/nachrichten\\\/heute-ist-der-letzte-tag-amerikaner-die-defekte-kuehlschraenke-dieser-drei-marken-besitzen-koennen\\\/#primaryimage\",\"url\":\"https:\\\/\\\/www.strassenweb.de\\\/nachrichten\\\/wp-content\\\/uploads\\\/2025\\\/06\\\/Heute-ist-der-letzte-Tag-Amerikaner-die-defekte-Kuehlschraenke-dieser.jpg\",\"contentUrl\":\"https:\\\/\\\/www.strassenweb.de\\\/nachrichten\\\/wp-content\\\/uploads\\\/2025\\\/06\\\/Heute-ist-der-letzte-Tag-Amerikaner-die-defekte-Kuehlschraenke-dieser.jpg\",\"width\":1600,\"height\":900,\"caption\":\"A white and blue kitchen with wooden flooring. In the centre is a large dining table with blue velvet chairs, with gold legs. Behind is a white kitchen island with blue pendant lamps above, and white and blue cabinets behind that. To the left is a large silver fridge freezer, and to the right is a white mantelpiece with framed artwork above, a green sideboard, and a black and gold lamp with a white lampshade.\"},{\"@type\":\"BreadcrumbList\",\"@id\":\"https:\\\/\\\/www.strassenweb.de\\\/nachrichten\\\/heute-ist-der-letzte-tag-amerikaner-die-defekte-kuehlschraenke-dieser-drei-marken-besitzen-koennen\\\/#breadcrumb\",\"itemListElement\":[{\"@type\":\"ListItem\",\"position\":1,\"name\":\"Home\",\"item\":\"https:\\\/\\\/www.strassenweb.de\\\/nachrichten\\\/\"},{\"@type\":\"ListItem\",\"position\":2,\"name\":\"Heute ist der letzte Tag Amerikaner, die defekte K\u00fchlschr\u00e4nke dieser drei Marken besitzen k\u00f6nnen\"}]},{\"@type\":\"WebSite\",\"@id\":\"https:\\\/\\\/www.strassenweb.de\\\/nachrichten\\\/#website\",\"url\":\"https:\\\/\\\/www.strassenweb.de\\\/nachrichten\\\/\",\"name\":\"Stra\u00dfenweb\",\"description\":\"Stra\u00dfenverzeichnis f\u00fcr Deutschland\",\"publisher\":{\"@id\":\"https:\\\/\\\/www.strassenweb.de\\\/nachrichten\\\/#organization\"},\"potentialAction\":[{\"@type\":\"SearchAction\",\"target\":{\"@type\":\"EntryPoint\",\"urlTemplate\":\"https:\\\/\\\/www.strassenweb.de\\\/nachrichten\\\/?s={search_term_string}\"},\"query-input\":{\"@type\":\"PropertyValueSpecification\",\"valueRequired\":true,\"valueName\":\"search_term_string\"}}],\"inLanguage\":\"de\"},{\"@type\":\"Organization\",\"@id\":\"https:\\\/\\\/www.strassenweb.de\\\/nachrichten\\\/#organization\",\"name\":\"Stra\u00dfenweb\",\"url\":\"https:\\\/\\\/www.strassenweb.de\\\/nachrichten\\\/\",\"logo\":{\"@type\":\"ImageObject\",\"inLanguage\":\"de\",\"@id\":\"https:\\\/\\\/www.strassenweb.de\\\/nachrichten\\\/#\\\/schema\\\/logo\\\/image\\\/\",\"url\":\"https:\\\/\\\/www.strassenweb.de\\\/nachrichten\\\/wp-content\\\/uploads\\\/2024\\\/09\\\/cropped-favicon.png\",\"contentUrl\":\"https:\\\/\\\/www.strassenweb.de\\\/nachrichten\\\/wp-content\\\/uploads\\\/2024\\\/09\\\/cropped-favicon.png\",\"width\":512,\"height\":512,\"caption\":\"Stra\u00dfenweb\"},\"image\":{\"@id\":\"https:\\\/\\\/www.strassenweb.de\\\/nachrichten\\\/#\\\/schema\\\/logo\\\/image\\\/\"},\"sameAs\":[\"https:\\\/\\\/www.facebook.com\\\/strassenweb\\\/\"]},{\"@type\":\"Person\",\"@id\":\"https:\\\/\\\/www.strassenweb.de\\\/nachrichten\\\/#\\\/schema\\\/person\\\/87c9c9067f1211da429a744dc5a5aa41\",\"name\":\"Robert Hoffmann\",\"image\":{\"@type\":\"ImageObject\",\"inLanguage\":\"de\",\"@id\":\"https:\\\/\\\/www.strassenweb.de\\\/nachrichten\\\/wp-content\\\/uploads\\\/2024\\\/09\\\/strassenweb-150x150.jpg\",\"url\":\"https:\\\/\\\/www.strassenweb.de\\\/nachrichten\\\/wp-content\\\/uploads\\\/2024\\\/09\\\/strassenweb-150x150.jpg\",\"contentUrl\":\"https:\\\/\\\/www.strassenweb.de\\\/nachrichten\\\/wp-content\\\/uploads\\\/2024\\\/09\\\/strassenweb-150x150.jpg\",\"caption\":\"Robert Hoffmann\"},\"description\":\"Ich hei\u00dfe Robert Hoffmann und ich bin ein leidenschaftlicher Verfechter von \u00d6kologie und Biodiversit\u00e4t. Seit meiner Kindheit in den W\u00e4ldern Bayerns f\u00fchle ich mich mit der Natur verbunden und bin entschlossen, sie zu sch\u00fctzen. Heute widme ich mein Leben der Sensibilisierung anderer f\u00fcr die Bedeutung des Umweltschutzes f\u00fcr zuk\u00fcnftige Generationen.\",\"sameAs\":[\"https:\\\/\\\/www.strassenweb.de\\\/\"]}]}<\/script>\n<!-- \/ Yoast SEO plugin. -->","yoast_head_json":{"title":"Heute ist der letzte Tag Amerikaner, die defekte K\u00fchlschr\u00e4nke dieser drei Marken besitzen k\u00f6nnen - Nachrichten - Stra\u00dfenweb","robots":{"index":"index","follow":"follow","max-snippet":"max-snippet:-1","max-image-preview":"max-image-preview:large","max-video-preview":"max-video-preview:-1"},"canonical":"https:\/\/www.strassenweb.de\/nachrichten\/heute-ist-der-letzte-tag-amerikaner-die-defekte-kuehlschraenke-dieser-drei-marken-besitzen-koennen\/","og_locale":"de_DE","og_type":"article","og_title":"Heute ist der letzte Tag Amerikaner, die defekte K\u00fchlschr\u00e4nke dieser drei Marken besitzen k\u00f6nnen - Nachrichten - Stra\u00dfenweb","og_description":"Whirlpool zahlt Eigent\u00fcmer von drei seiner K\u00fchlschrankmarken, darunter KitchenAid und Maytag bis zu 300 US -Dollar, nachdem festgestellt wurde, dass sie gef\u00e4hrdet sind, Frost zu","og_url":"https:\/\/www.strassenweb.de\/nachrichten\/heute-ist-der-letzte-tag-amerikaner-die-defekte-kuehlschraenke-dieser-drei-marken-besitzen-koennen\/","og_site_name":"Stra\u00dfenweb","article_publisher":"https:\/\/www.facebook.com\/strassenweb\/","article_published_time":"2025-06-18T11:40:07+00:00","og_image":[{"width":1600,"height":900,"url":"https:\/\/www.strassenweb.de\/nachrichten\/wp-content\/uploads\/2025\/06\/Heute-ist-der-letzte-Tag-Amerikaner-die-defekte-Kuehlschraenke-dieser.jpg","type":"image\/jpeg"}],"author":"Robert Hoffmann","twitter_card":"summary_large_image","twitter_misc":{"Verfasst von":"Robert Hoffmann","Gesch\u00e4tzte Lesezeit":"3\u00a0Minuten"},"schema":{"@context":"https:\/\/schema.org","@graph":[{"@type":"Article","@id":"https:\/\/www.strassenweb.de\/nachrichten\/heute-ist-der-letzte-tag-amerikaner-die-defekte-kuehlschraenke-dieser-drei-marken-besitzen-koennen\/#article","isPartOf":{"@id":"https:\/\/www.strassenweb.de\/nachrichten\/heute-ist-der-letzte-tag-amerikaner-die-defekte-kuehlschraenke-dieser-drei-marken-besitzen-koennen\/"},"author":{"name":"Robert Hoffmann","@id":"https:\/\/www.strassenweb.de\/nachrichten\/#\/schema\/person\/87c9c9067f1211da429a744dc5a5aa41"},"headline":"Heute ist der letzte Tag Amerikaner, die defekte K\u00fchlschr\u00e4nke dieser drei Marken besitzen k\u00f6nnen","datePublished":"2025-06-18T11:40:07+00:00","mainEntityOfPage":{"@id":"https:\/\/www.strassenweb.de\/nachrichten\/heute-ist-der-letzte-tag-amerikaner-die-defekte-kuehlschraenke-dieser-drei-marken-besitzen-koennen\/"},"wordCount":614,"publisher":{"@id":"https:\/\/www.strassenweb.de\/nachrichten\/#organization"},"image":{"@id":"https:\/\/www.strassenweb.de\/nachrichten\/heute-ist-der-letzte-tag-amerikaner-die-defekte-kuehlschraenke-dieser-drei-marken-besitzen-koennen\/#primaryimage"},"thumbnailUrl":"https:\/\/www.strassenweb.de\/nachrichten\/wp-content\/uploads\/2025\/06\/Heute-ist-der-letzte-Tag-Amerikaner-die-defekte-Kuehlschraenke-dieser.jpg","keywords":["Amerikaner","besitzen","defekte","der","die","dieser","drei","heute","ist","k\u00f6nnen","K\u00fchlschr\u00e4nke","letzte","Marken","Tag"],"articleSection":["Haus &amp; Garten"],"inLanguage":"de"},{"@type":"WebPage","@id":"https:\/\/www.strassenweb.de\/nachrichten\/heute-ist-der-letzte-tag-amerikaner-die-defekte-kuehlschraenke-dieser-drei-marken-besitzen-koennen\/","url":"https:\/\/www.strassenweb.de\/nachrichten\/heute-ist-der-letzte-tag-amerikaner-die-defekte-kuehlschraenke-dieser-drei-marken-besitzen-koennen\/","name":"Heute ist der letzte Tag Amerikaner, die defekte K\u00fchlschr\u00e4nke dieser drei Marken besitzen k\u00f6nnen - Nachrichten - Stra\u00dfenweb","isPartOf":{"@id":"https:\/\/www.strassenweb.de\/nachrichten\/#website"},"primaryImageOfPage":{"@id":"https:\/\/www.strassenweb.de\/nachrichten\/heute-ist-der-letzte-tag-amerikaner-die-defekte-kuehlschraenke-dieser-drei-marken-besitzen-koennen\/#primaryimage"},"image":{"@id":"https:\/\/www.strassenweb.de\/nachrichten\/heute-ist-der-letzte-tag-amerikaner-die-defekte-kuehlschraenke-dieser-drei-marken-besitzen-koennen\/#primaryimage"},"thumbnailUrl":"https:\/\/www.strassenweb.de\/nachrichten\/wp-content\/uploads\/2025\/06\/Heute-ist-der-letzte-Tag-Amerikaner-die-defekte-Kuehlschraenke-dieser.jpg","datePublished":"2025-06-18T11:40:07+00:00","breadcrumb":{"@id":"https:\/\/www.strassenweb.de\/nachrichten\/heute-ist-der-letzte-tag-amerikaner-die-defekte-kuehlschraenke-dieser-drei-marken-besitzen-koennen\/#breadcrumb"},"inLanguage":"de","potentialAction":[{"@type":"ReadAction","target":["https:\/\/www.strassenweb.de\/nachrichten\/heute-ist-der-letzte-tag-amerikaner-die-defekte-kuehlschraenke-dieser-drei-marken-besitzen-koennen\/"]}]},{"@type":"ImageObject","inLanguage":"de","@id":"https:\/\/www.strassenweb.de\/nachrichten\/heute-ist-der-letzte-tag-amerikaner-die-defekte-kuehlschraenke-dieser-drei-marken-besitzen-koennen\/#primaryimage","url":"https:\/\/www.strassenweb.de\/nachrichten\/wp-content\/uploads\/2025\/06\/Heute-ist-der-letzte-Tag-Amerikaner-die-defekte-Kuehlschraenke-dieser.jpg","contentUrl":"https:\/\/www.strassenweb.de\/nachrichten\/wp-content\/uploads\/2025\/06\/Heute-ist-der-letzte-Tag-Amerikaner-die-defekte-Kuehlschraenke-dieser.jpg","width":1600,"height":900,"caption":"A white and blue kitchen with wooden flooring. In the centre is a large dining table with blue velvet chairs, with gold legs. Behind is a white kitchen island with blue pendant lamps above, and white and blue cabinets behind that. To the left is a large silver fridge freezer, and to the right is a white mantelpiece with framed artwork above, a green sideboard, and a black and gold lamp with a white lampshade."},{"@type":"BreadcrumbList","@id":"https:\/\/www.strassenweb.de\/nachrichten\/heute-ist-der-letzte-tag-amerikaner-die-defekte-kuehlschraenke-dieser-drei-marken-besitzen-koennen\/#breadcrumb","itemListElement":[{"@type":"ListItem","position":1,"name":"Home","item":"https:\/\/www.strassenweb.de\/nachrichten\/"},{"@type":"ListItem","position":2,"name":"Heute ist der letzte Tag Amerikaner, die defekte K\u00fchlschr\u00e4nke dieser drei Marken besitzen k\u00f6nnen"}]},{"@type":"WebSite","@id":"https:\/\/www.strassenweb.de\/nachrichten\/#website","url":"https:\/\/www.strassenweb.de\/nachrichten\/","name":"Stra\u00dfenweb","description":"Stra\u00dfenverzeichnis f\u00fcr Deutschland","publisher":{"@id":"https:\/\/www.strassenweb.de\/nachrichten\/#organization"},"potentialAction":[{"@type":"SearchAction","target":{"@type":"EntryPoint","urlTemplate":"https:\/\/www.strassenweb.de\/nachrichten\/?s={search_term_string}"},"query-input":{"@type":"PropertyValueSpecification","valueRequired":true,"valueName":"search_term_string"}}],"inLanguage":"de"},{"@type":"Organization","@id":"https:\/\/www.strassenweb.de\/nachrichten\/#organization","name":"Stra\u00dfenweb","url":"https:\/\/www.strassenweb.de\/nachrichten\/","logo":{"@type":"ImageObject","inLanguage":"de","@id":"https:\/\/www.strassenweb.de\/nachrichten\/#\/schema\/logo\/image\/","url":"https:\/\/www.strassenweb.de\/nachrichten\/wp-content\/uploads\/2024\/09\/cropped-favicon.png","contentUrl":"https:\/\/www.strassenweb.de\/nachrichten\/wp-content\/uploads\/2024\/09\/cropped-favicon.png","width":512,"height":512,"caption":"Stra\u00dfenweb"},"image":{"@id":"https:\/\/www.strassenweb.de\/nachrichten\/#\/schema\/logo\/image\/"},"sameAs":["https:\/\/www.facebook.com\/strassenweb\/"]},{"@type":"Person","@id":"https:\/\/www.strassenweb.de\/nachrichten\/#\/schema\/person\/87c9c9067f1211da429a744dc5a5aa41","name":"Robert Hoffmann","image":{"@type":"ImageObject","inLanguage":"de","@id":"https:\/\/www.strassenweb.de\/nachrichten\/wp-content\/uploads\/2024\/09\/strassenweb-150x150.jpg","url":"https:\/\/www.strassenweb.de\/nachrichten\/wp-content\/uploads\/2024\/09\/strassenweb-150x150.jpg","contentUrl":"https:\/\/www.strassenweb.de\/nachrichten\/wp-content\/uploads\/2024\/09\/strassenweb-150x150.jpg","caption":"Robert Hoffmann"},"description":"Ich hei\u00dfe Robert Hoffmann und ich bin ein leidenschaftlicher Verfechter von \u00d6kologie und Biodiversit\u00e4t. Seit meiner Kindheit in den W\u00e4ldern Bayerns f\u00fchle ich mich mit der Natur verbunden und bin entschlossen, sie zu sch\u00fctzen. Heute widme ich mein Leben der Sensibilisierung anderer f\u00fcr die Bedeutung des Umweltschutzes f\u00fcr zuk\u00fcnftige Generationen.","sameAs":["https:\/\/www.strassenweb.de\/"]}]}},"_links":{"self":[{"href":"https:\/\/www.strassenweb.de\/nachrichten\/wp-json\/wp\/v2\/posts\/5741","targetHints":{"allow":["GET"]}}],"collection":[{"href":"https:\/\/www.strassenweb.de\/nachrichten\/wp-json\/wp\/v2\/posts"}],"about":[{"href":"https:\/\/www.strassenweb.de\/nachrichten\/wp-json\/wp\/v2\/types\/post"}],"author":[{"embeddable":true,"href":"https:\/\/www.strassenweb.de\/nachrichten\/wp-json\/wp\/v2\/users\/1"}],"replies":[{"embeddable":true,"href":"https:\/\/www.strassenweb.de\/nachrichten\/wp-json\/wp\/v2\/comments?post=5741"}],"version-history":[{"count":0,"href":"https:\/\/www.strassenweb.de\/nachrichten\/wp-json\/wp\/v2\/posts\/5741\/revisions"}],"wp:featuredmedia":[{"embeddable":true,"href":"https:\/\/www.strassenweb.de\/nachrichten\/wp-json\/wp\/v2\/media\/5742"}],"wp:attachment":[{"href":"https:\/\/www.strassenweb.de\/nachrichten\/wp-json\/wp\/v2\/media?parent=5741"}],"wp:term":[{"taxonomy":"category","embeddable":true,"href":"https:\/\/www.strassenweb.de\/nachrichten\/wp-json\/wp\/v2\/categories?post=5741"},{"taxonomy":"post_tag","embeddable":true,"href":"https:\/\/www.strassenweb.de\/nachrichten\/wp-json\/wp\/v2\/tags?post=5741"}],"curies":[{"name":"wp","href":"https:\/\/api.w.org\/{rel}","templated":true}]}}