{"id":5727,"date":"2025-06-17T17:44:11","date_gmt":"2025-06-17T15:44:11","guid":{"rendered":"https:\/\/www.strassenweb.de\/nachrichten\/einige-designer-wechseln-von-mischmaterialkuechen-ab-aber-eva-longoria-macht-einen-fall-der-schwer-zu-ignorieren-ist-es-verbindet-funktion-und-stil-perfekt\/"},"modified":"2025-06-17T17:44:13","modified_gmt":"2025-06-17T15:44:13","slug":"einige-designer-wechseln-von-mischmaterialkuechen-ab-aber-eva-longoria-macht-einen-fall-der-schwer-zu-ignorieren-ist-es-verbindet-funktion-und-stil-perfekt","status":"publish","type":"post","link":"https:\/\/www.strassenweb.de\/nachrichten\/einige-designer-wechseln-von-mischmaterialkuechen-ab-aber-eva-longoria-macht-einen-fall-der-schwer-zu-ignorieren-ist-es-verbindet-funktion-und-stil-perfekt\/","title":{"rendered":"Einige Designer wechseln von Mischmaterialk\u00fcchen ab, aber Eva Longoria macht einen Fall, der schwer zu ignorieren ist-es verbindet Funktion und Stil perfekt"},"content":{"rendered":"<div id=\"article-body\" class=\"article__body \">\n<p>Die wohl polarisierendste Designauswahl, die Sie in der K\u00fcche treffen k\u00f6nnen: Mischmaterialien werden oft geliebt oder verabscheut. Eva Longoria geh\u00f6rt zu denjenigen, die f\u00fcr unterschiedliche Materialien ein Unfallfall vornehmen &#8211; von ihren Metallger\u00e4ten der Branchenqualit\u00e4t bis zu ihren Holzkabinen Tand Marmor -Arbeitsplatten.<\/p>\n<div id=\"ad-unit-1\" class=\"ad-unit\"><\/div>\n<p>Wenn Sie nach einer Blaupause suchen, wie es geht <u>wie man Materialien mischt und angeht<\/u> Evas Raum ist einer meiner Favoriten. Trotz der kontrastierenden Texturen und Farben f\u00fchlt es sich unglaublich zusammenhaltend an, und die metallischen Merkmale scheinen das schlanke, glatte Holz zu verbessern.<\/p>\n<aside data-block-type=\"embed\" data-render-type=\"fte\" data-skip=\"dealsy\" data-widget-type=\"seasonal\" class=\"hawk-base\"><\/aside>\n<p>Insgesamt f\u00fchlt sich die Kombination von Texturen zeitgem\u00e4\u00df und schick an, aber vor allem stellen sie sicher, dass ihr Raum sehr funktionsf\u00e4hig ist. Sie hat die besten Materialien f\u00fcr jedes Feature ausgew\u00e4hlt und sichergestellt, dass ihre K\u00fcche nicht mit unvermeidlicher Verschlei\u00df altert. Es ist schwer, damit zu streiten.<\/p>\n<div id=\"desktop-in-article\" class=\"in-article ad-unit\">\n<div id=\"desktop-taboola-mid-article\"><\/div>\n<\/div>\n<div id=\"mobile-in-article\" class=\"in-article ad-unit\">\n<div id=\"mobile-taboola-mid-article\"><\/div>\n<\/div>\n<div class=\"van_vid_carousel\">\n<div class=\"van_vid_carousel__padding\">\n<div class=\"van_vid_carousel__container\"><\/div>\n<\/div>\n<\/div>\n<aside data-component-name=\"Recirculation:ArticleRiver\" data-nosnippet class=\"pt-3 pb-4 mb-4 border-b border-solid border-(#333)\">\n<span class=\"\nafter:content-('') after:flex-1 after:ml-4 after:my-(0.7rem) after:border-t-(#333) after:border-t after:border-solid\nbefore:content-('') before:flex-1 before:mr-4 before:my-(0.7rem) before:border-t-(#333) before:border-t before:border-solid\nfont-article-heading pb-3 !text-base font-bold uppercase sm:text-sm text-(#333) flex\"><\/p>\n<p>Sie m\u00f6gen m\u00f6gen<br \/>\n<\/span><\/p>\n<ul class=\"flex flex-col gap-3 m-0\">\n<li class=\"m-0 list-none\" name=\"recirculation-inline\" data-analytics-id=\"recirculation-inline-1\" analytics-label=\"adviser:related\">\n<picture class=\"aspect-(--img-listing-aspect-ratio,16\/9) object-cover w-(--article-river-thumbnail-width,60px) flex-shrink-0\"><source type=\"image\/webp\"  ><\/source><\/p>\n<\/picture>\n<span class=\"font-article-heading text-base text-(#333) leading-5 content-center\">Die Marmork\u00fcche von Denise Richards tippt in eine dauerhafte Design -\u00c4sthetik, die f\u00fcr 2025 gr\u00f6\u00dfer als je zuvor ist &#8211; Experten lieben ihre Vielseitigkeit und sein &#8222;Luxus -Finish&#8220;.<\/span><\/p>\n<\/li>\n<li class=\"m-0 list-none\" name=\"recirculation-inline\" data-analytics-id=\"recirculation-inline-2\" analytics-label=\"adviser:related\">\n<picture class=\"aspect-(--img-listing-aspect-ratio,16\/9) object-cover w-(--article-river-thumbnail-width,60px) flex-shrink-0\"><source type=\"image\/webp\"  ><\/source><br \/>\n<img decoding=\"async\" alt=\"Wie man W\u00e4lder in einer K\u00fcche mischt\"   loading=\"lazy\" data-new-v2-image=\"true\" src=\"https:\/\/www.strassenweb.de\/nachrichten\/wp-content\/uploads\/2025\/06\/FFwZEQA7bHka7Kt8SaAEDP.jpg\" data-pin-media=\"https:\/\/www.strassenweb.de\/nachrichten\/wp-content\/uploads\/2025\/06\/FFwZEQA7bHka7Kt8SaAEDP.jpg\" data-pin-nopin=\"true\">\n<\/picture>\n<span class=\"font-article-heading text-base text-(#333) leading-5 content-center\">Denken Sie dar\u00fcber nach, Holzt\u00f6ne in Ihrer K\u00fcche zu mischen? Laut Innenarchitekten geht es laut Innenarchitekten so geschmackvoll, es zu machen<\/span><\/p>\n<\/li>\n<li class=\"m-0 list-none\" name=\"recirculation-inline\" data-analytics-id=\"recirculation-inline-3\" analytics-label=\"adviser:related\">\n<picture class=\"aspect-(--img-listing-aspect-ratio,16\/9) object-cover w-(--article-river-thumbnail-width,60px) flex-shrink-0\"><source type=\"image\/webp\"  ><\/source><br \/>\n<img decoding=\"async\" alt=\"Andrew Walker\"   loading=\"lazy\" data-new-v2-image=\"true\" src=\"https:\/\/www.strassenweb.de\/nachrichten\/wp-content\/uploads\/2025\/06\/QBCu2drLZRfi3S324vMR9M.jpg\" data-pin-media=\"https:\/\/www.strassenweb.de\/nachrichten\/wp-content\/uploads\/2025\/06\/QBCu2drLZRfi3S324vMR9M.jpg\" data-pin-nopin=\"true\">\n<\/picture>\n<span class=\"font-article-heading text-base text-(#333) leading-5 content-center\">Andrew Walkers Holzschr\u00e4nke haben mich dazu gebracht, das Konzept einer klassischen neutralen K\u00fcche zu \u00fcberdenken &#8211; sie sind einfach, ohne sich zu minimal zu f\u00fchlen<\/span><\/p>\n<\/li>\n<\/ul>\n<\/aside>\n<div class=\"instagram-embed\">\n<blockquote class=\"instagram-media\" data-instgrm-captioned data-instgrm-version=\"6\" style=\"width:99.375%; width:-webkit-calc(100% - 2px); width:calc(100% - 2px);\">\n<p>Ein Beitrag von Eva Longoria Baston (@evalongoria)<\/p>\n<p>Ein Foto von on <\/p>\n<\/blockquote>\n<\/div>\n<h2 id=\"shop-the-mixed-material-kitchen-edit-3\">Kaufen Sie die gemischte Materialk\u00fcchenbearbeitung ein<\/h2>\n<div class=\"product-container hero-product-container product-block-no-wrap\">\n<div class=\"product-block-row\"><\/div>\n<div class=\"product-block-row\"><\/div>\n<div class=\"product-block-row\"><\/div>\n<\/div>\n<p>W\u00e4hrend Evas K\u00fcchenstil oft diskutiert wird, sind sich viele Designer einig, dass die Kombination von Materialien, insbesondere Metallen, zu den schicksten Dingen geh\u00f6rt, die Sie in Ihrer K\u00fcche tun k\u00f6nnen. Charlie Smallbone, der Gr\u00fcnder von Ledbury Studio, geh\u00f6rt zu denjenigen, die Evas Beispiel f\u00fcr Langlebigkeit und Stil folgen.<\/p>\n<div id=\"ad-unit-2\" class=\"ad-unit\"><\/div>\n<p>\u201eObwohl einige Designer sich vor dem Mischen von Metallen scheuen, ermutige ich, verschiedene Oberfl\u00e4chen zu mischen, um einen dynamischeren und optisch interessanteren Raum zu schaffen. Eine sorgf\u00e4ltig kuratierte Kombination-wie gealterte Zinnroppboards neben kupferfronten K\u00fcchenschr\u00e4nken-f\u00fcgt Tiefe und Kontrast hinzu, die sich vom \u00fcberm\u00e4\u00dfig koordinierten, &#8222;Matchy-Matchy&#8220; -Stipp-K\u00fcchen-Look entfernen. Stattdessen schafft es ein vielseitigeres, personalisierteres Design, das den individuellen Stil wirklich widerspiegelt \u201c, kommentiert Charlie.<\/p>\n<p>W\u00e4hrend Eva es einfach aussehen l\u00e4sst, erfordert das Geheimnis der SUCSESS -Planung.<\/p>\n<p>Die Auswahl des richtigen Finishs f\u00fcr jeden Bereich ist unerl\u00e4sslich. &#8222;Living Metalle&#8220; &#8211; die im Laufe der Zeit eine nat\u00fcrliche Patina entwickeln &#8211; sind ideal f\u00fcr Schrankt\u00fcren oder Insel -Au\u00dfensachen, wo sie ohne \u00fcberm\u00e4\u00dfige Verschlei\u00df sch\u00f6n reifen k\u00f6nnen. In Hochnutzungsbereichen wie Arbeitsplatten oder Senken sind versiegelte Oberfl\u00e4chen jedoch eine bessere Wahl, die unerw\u00fcnschte Verf\u00e4rbungen verhindern und die langfristige Haltbarkeit sicherstellen \u201c, r\u00e4t Charlie.<\/p>\n<div id=\"slice-container-newsletterForm-articleInbodyContent-WFpYTKwBuB24JjCDU5iFnL\" class=\"slice-container newsletter-inbodyContent-slice newsletterForm-articleInbodyContent-WFpYTKwBuB24JjCDU5iFnL slice-container-newsletterForm\"><\/div>\n<p>Im Zweifelsfall kehren Sie als die perfekte Inspirationsquelle in Evas Raum zur\u00fcck. Es ist die ultimative Mischung aus drei sch\u00f6nen Texturen, die alle den Test der Zeit bestehen.<\/p>\n<hr>\n<div class=\"block\" id=\"articleTag\" data-component-name=\"PostArticleLinks\">\n<div class=\"border-b border-b-black border-solid py-2.5 text-black font-bold uppercase\">Themen<\/div>\n<nav class=\"py-2.5 flex gap-2.5 flex-wrap\" data-analytics-id=\"article-tag\">\n<p>Eva Longoria<br \/>\n<\/nav>\n<\/div>\n<\/div>\n<p><script async src=\"\/\/www.instagram.com\/embed.js\"><\/script><\/p>\n","protected":false},"excerpt":{"rendered":"<p>Die wohl polarisierendste Designauswahl, die Sie in der K\u00fcche treffen k\u00f6nnen: Mischmaterialien werden oft geliebt oder verabscheut. Eva Longoria geh\u00f6rt zu denjenigen, die f\u00fcr unterschiedliche<\/p>\n","protected":false},"author":1,"featured_media":5728,"comment_status":"closed","ping_status":"","sticky":false,"template":"","format":"standard","meta":{"footnotes":""},"categories":[118],"tags":[357,81,216,166,2740,2016,2484,4635,8111,5058,8110,939,8109,393,4632,322,37,3079,21,5392],"class_list":["post-5727","post","type-post","status-publish","format-standard","has-post-thumbnail","hentry","category-haus-garten","tag-aber","tag-der","tag-designer","tag-einen","tag-einige","tag-eva","tag-fall","tag-funktion","tag-ignorieren","tag-istes","tag-longoria","tag-macht","tag-mischmaterialkuechen","tag-perfekt","tag-schwer","tag-stil","tag-und","tag-verbindet","tag-von","tag-wechseln","generate-columns","tablet-grid-50","mobile-grid-100","grid-parent","grid-50"],"yoast_head":"<!-- This site is optimized with the Yoast SEO plugin v27.3 - https:\/\/yoast.com\/product\/yoast-seo-wordpress\/ -->\n<title>Einige Designer wechseln von Mischmaterialk\u00fcchen ab, aber Eva Longoria macht einen Fall, der schwer zu ignorieren ist-es verbindet Funktion und Stil perfekt - Nachrichten - Stra\u00dfenweb<\/title>\n<meta name=\"robots\" content=\"index, follow, max-snippet:-1, max-image-preview:large, max-video-preview:-1\" \/>\n<link rel=\"canonical\" href=\"https:\/\/www.strassenweb.de\/nachrichten\/einige-designer-wechseln-von-mischmaterialkuechen-ab-aber-eva-longoria-macht-einen-fall-der-schwer-zu-ignorieren-ist-es-verbindet-funktion-und-stil-perfekt\/\" \/>\n<meta property=\"og:locale\" content=\"de_DE\" \/>\n<meta property=\"og:type\" content=\"article\" \/>\n<meta property=\"og:title\" content=\"Einige Designer wechseln von Mischmaterialk\u00fcchen ab, aber Eva Longoria macht einen Fall, der schwer zu ignorieren ist-es verbindet Funktion und Stil perfekt - Nachrichten - Stra\u00dfenweb\" \/>\n<meta property=\"og:description\" content=\"Die wohl polarisierendste Designauswahl, die Sie in der K\u00fcche treffen k\u00f6nnen: Mischmaterialien werden oft geliebt oder verabscheut. Eva Longoria geh\u00f6rt zu denjenigen, die f\u00fcr unterschiedliche\" \/>\n<meta property=\"og:url\" content=\"https:\/\/www.strassenweb.de\/nachrichten\/einige-designer-wechseln-von-mischmaterialkuechen-ab-aber-eva-longoria-macht-einen-fall-der-schwer-zu-ignorieren-ist-es-verbindet-funktion-und-stil-perfekt\/\" \/>\n<meta property=\"og:site_name\" content=\"Stra\u00dfenweb\" \/>\n<meta property=\"article:publisher\" content=\"https:\/\/www.facebook.com\/strassenweb\/\" \/>\n<meta property=\"article:published_time\" content=\"2025-06-17T15:44:11+00:00\" \/>\n<meta property=\"article:modified_time\" content=\"2025-06-17T15:44:13+00:00\" \/>\n<meta property=\"og:image\" content=\"https:\/\/www.strassenweb.de\/nachrichten\/wp-content\/uploads\/2025\/06\/Einige-Designer-wechseln-von-Mischmaterialkuechen-ab-aber-Eva-Longoria-macht-scaled.jpg\" \/>\n\t<meta property=\"og:image:width\" content=\"2560\" \/>\n\t<meta property=\"og:image:height\" content=\"1440\" \/>\n\t<meta property=\"og:image:type\" content=\"image\/jpeg\" \/>\n<meta name=\"author\" content=\"Robert Hoffmann\" \/>\n<meta name=\"twitter:card\" content=\"summary_large_image\" \/>\n<meta name=\"twitter:label1\" content=\"Verfasst von\" \/>\n\t<meta name=\"twitter:data1\" content=\"Robert Hoffmann\" \/>\n\t<meta name=\"twitter:label2\" content=\"Gesch\u00e4tzte Lesezeit\" \/>\n\t<meta name=\"twitter:data2\" content=\"2\u00a0Minuten\" \/>\n<script type=\"application\/ld+json\" class=\"yoast-schema-graph\">{\"@context\":\"https:\\\/\\\/schema.org\",\"@graph\":[{\"@type\":\"Article\",\"@id\":\"https:\\\/\\\/www.strassenweb.de\\\/nachrichten\\\/einige-designer-wechseln-von-mischmaterialkuechen-ab-aber-eva-longoria-macht-einen-fall-der-schwer-zu-ignorieren-ist-es-verbindet-funktion-und-stil-perfekt\\\/#article\",\"isPartOf\":{\"@id\":\"https:\\\/\\\/www.strassenweb.de\\\/nachrichten\\\/einige-designer-wechseln-von-mischmaterialkuechen-ab-aber-eva-longoria-macht-einen-fall-der-schwer-zu-ignorieren-ist-es-verbindet-funktion-und-stil-perfekt\\\/\"},\"author\":{\"name\":\"Robert Hoffmann\",\"@id\":\"https:\\\/\\\/www.strassenweb.de\\\/nachrichten\\\/#\\\/schema\\\/person\\\/87c9c9067f1211da429a744dc5a5aa41\"},\"headline\":\"Einige Designer wechseln von Mischmaterialk\u00fcchen ab, aber Eva Longoria macht einen Fall, der schwer zu ignorieren ist-es verbindet Funktion und Stil perfekt\",\"datePublished\":\"2025-06-17T15:44:11+00:00\",\"dateModified\":\"2025-06-17T15:44:13+00:00\",\"mainEntityOfPage\":{\"@id\":\"https:\\\/\\\/www.strassenweb.de\\\/nachrichten\\\/einige-designer-wechseln-von-mischmaterialkuechen-ab-aber-eva-longoria-macht-einen-fall-der-schwer-zu-ignorieren-ist-es-verbindet-funktion-und-stil-perfekt\\\/\"},\"wordCount\":521,\"publisher\":{\"@id\":\"https:\\\/\\\/www.strassenweb.de\\\/nachrichten\\\/#organization\"},\"image\":{\"@id\":\"https:\\\/\\\/www.strassenweb.de\\\/nachrichten\\\/einige-designer-wechseln-von-mischmaterialkuechen-ab-aber-eva-longoria-macht-einen-fall-der-schwer-zu-ignorieren-ist-es-verbindet-funktion-und-stil-perfekt\\\/#primaryimage\"},\"thumbnailUrl\":\"https:\\\/\\\/www.strassenweb.de\\\/nachrichten\\\/wp-content\\\/uploads\\\/2025\\\/06\\\/Einige-Designer-wechseln-von-Mischmaterialkuechen-ab-aber-Eva-Longoria-macht-scaled.jpg\",\"keywords\":[\"aber\",\"der\",\"Designer\",\"einen\",\"einige\",\"Eva\",\"Fall\",\"Funktion\",\"ignorieren\",\"istes\",\"Longoria\",\"macht\",\"Mischmaterialk\u00fcchen\",\"perfekt\",\"schwer\",\"Stil\",\"und\",\"verbindet\",\"von\",\"wechseln\"],\"articleSection\":[\"Haus &amp; Garten\"],\"inLanguage\":\"de\"},{\"@type\":\"WebPage\",\"@id\":\"https:\\\/\\\/www.strassenweb.de\\\/nachrichten\\\/einige-designer-wechseln-von-mischmaterialkuechen-ab-aber-eva-longoria-macht-einen-fall-der-schwer-zu-ignorieren-ist-es-verbindet-funktion-und-stil-perfekt\\\/\",\"url\":\"https:\\\/\\\/www.strassenweb.de\\\/nachrichten\\\/einige-designer-wechseln-von-mischmaterialkuechen-ab-aber-eva-longoria-macht-einen-fall-der-schwer-zu-ignorieren-ist-es-verbindet-funktion-und-stil-perfekt\\\/\",\"name\":\"Einige Designer wechseln von Mischmaterialk\u00fcchen ab, aber Eva Longoria macht einen Fall, der schwer zu ignorieren ist-es verbindet Funktion und Stil perfekt - Nachrichten - Stra\u00dfenweb\",\"isPartOf\":{\"@id\":\"https:\\\/\\\/www.strassenweb.de\\\/nachrichten\\\/#website\"},\"primaryImageOfPage\":{\"@id\":\"https:\\\/\\\/www.strassenweb.de\\\/nachrichten\\\/einige-designer-wechseln-von-mischmaterialkuechen-ab-aber-eva-longoria-macht-einen-fall-der-schwer-zu-ignorieren-ist-es-verbindet-funktion-und-stil-perfekt\\\/#primaryimage\"},\"image\":{\"@id\":\"https:\\\/\\\/www.strassenweb.de\\\/nachrichten\\\/einige-designer-wechseln-von-mischmaterialkuechen-ab-aber-eva-longoria-macht-einen-fall-der-schwer-zu-ignorieren-ist-es-verbindet-funktion-und-stil-perfekt\\\/#primaryimage\"},\"thumbnailUrl\":\"https:\\\/\\\/www.strassenweb.de\\\/nachrichten\\\/wp-content\\\/uploads\\\/2025\\\/06\\\/Einige-Designer-wechseln-von-Mischmaterialkuechen-ab-aber-Eva-Longoria-macht-scaled.jpg\",\"datePublished\":\"2025-06-17T15:44:11+00:00\",\"dateModified\":\"2025-06-17T15:44:13+00:00\",\"breadcrumb\":{\"@id\":\"https:\\\/\\\/www.strassenweb.de\\\/nachrichten\\\/einige-designer-wechseln-von-mischmaterialkuechen-ab-aber-eva-longoria-macht-einen-fall-der-schwer-zu-ignorieren-ist-es-verbindet-funktion-und-stil-perfekt\\\/#breadcrumb\"},\"inLanguage\":\"de\",\"potentialAction\":[{\"@type\":\"ReadAction\",\"target\":[\"https:\\\/\\\/www.strassenweb.de\\\/nachrichten\\\/einige-designer-wechseln-von-mischmaterialkuechen-ab-aber-eva-longoria-macht-einen-fall-der-schwer-zu-ignorieren-ist-es-verbindet-funktion-und-stil-perfekt\\\/\"]}]},{\"@type\":\"ImageObject\",\"inLanguage\":\"de\",\"@id\":\"https:\\\/\\\/www.strassenweb.de\\\/nachrichten\\\/einige-designer-wechseln-von-mischmaterialkuechen-ab-aber-eva-longoria-macht-einen-fall-der-schwer-zu-ignorieren-ist-es-verbindet-funktion-und-stil-perfekt\\\/#primaryimage\",\"url\":\"https:\\\/\\\/www.strassenweb.de\\\/nachrichten\\\/wp-content\\\/uploads\\\/2025\\\/06\\\/Einige-Designer-wechseln-von-Mischmaterialkuechen-ab-aber-Eva-Longoria-macht-scaled.jpg\",\"contentUrl\":\"https:\\\/\\\/www.strassenweb.de\\\/nachrichten\\\/wp-content\\\/uploads\\\/2025\\\/06\\\/Einige-Designer-wechseln-von-Mischmaterialkuechen-ab-aber-Eva-Longoria-macht-scaled.jpg\",\"width\":2560,\"height\":1440,\"caption\":\"Eva Longoria\"},{\"@type\":\"BreadcrumbList\",\"@id\":\"https:\\\/\\\/www.strassenweb.de\\\/nachrichten\\\/einige-designer-wechseln-von-mischmaterialkuechen-ab-aber-eva-longoria-macht-einen-fall-der-schwer-zu-ignorieren-ist-es-verbindet-funktion-und-stil-perfekt\\\/#breadcrumb\",\"itemListElement\":[{\"@type\":\"ListItem\",\"position\":1,\"name\":\"Home\",\"item\":\"https:\\\/\\\/www.strassenweb.de\\\/nachrichten\\\/\"},{\"@type\":\"ListItem\",\"position\":2,\"name\":\"Einige Designer wechseln von Mischmaterialk\u00fcchen ab, aber Eva Longoria macht einen Fall, der schwer zu ignorieren ist-es verbindet Funktion und Stil perfekt\"}]},{\"@type\":\"WebSite\",\"@id\":\"https:\\\/\\\/www.strassenweb.de\\\/nachrichten\\\/#website\",\"url\":\"https:\\\/\\\/www.strassenweb.de\\\/nachrichten\\\/\",\"name\":\"Stra\u00dfenweb\",\"description\":\"Stra\u00dfenverzeichnis f\u00fcr Deutschland\",\"publisher\":{\"@id\":\"https:\\\/\\\/www.strassenweb.de\\\/nachrichten\\\/#organization\"},\"potentialAction\":[{\"@type\":\"SearchAction\",\"target\":{\"@type\":\"EntryPoint\",\"urlTemplate\":\"https:\\\/\\\/www.strassenweb.de\\\/nachrichten\\\/?s={search_term_string}\"},\"query-input\":{\"@type\":\"PropertyValueSpecification\",\"valueRequired\":true,\"valueName\":\"search_term_string\"}}],\"inLanguage\":\"de\"},{\"@type\":\"Organization\",\"@id\":\"https:\\\/\\\/www.strassenweb.de\\\/nachrichten\\\/#organization\",\"name\":\"Stra\u00dfenweb\",\"url\":\"https:\\\/\\\/www.strassenweb.de\\\/nachrichten\\\/\",\"logo\":{\"@type\":\"ImageObject\",\"inLanguage\":\"de\",\"@id\":\"https:\\\/\\\/www.strassenweb.de\\\/nachrichten\\\/#\\\/schema\\\/logo\\\/image\\\/\",\"url\":\"https:\\\/\\\/www.strassenweb.de\\\/nachrichten\\\/wp-content\\\/uploads\\\/2024\\\/09\\\/cropped-favicon.png\",\"contentUrl\":\"https:\\\/\\\/www.strassenweb.de\\\/nachrichten\\\/wp-content\\\/uploads\\\/2024\\\/09\\\/cropped-favicon.png\",\"width\":512,\"height\":512,\"caption\":\"Stra\u00dfenweb\"},\"image\":{\"@id\":\"https:\\\/\\\/www.strassenweb.de\\\/nachrichten\\\/#\\\/schema\\\/logo\\\/image\\\/\"},\"sameAs\":[\"https:\\\/\\\/www.facebook.com\\\/strassenweb\\\/\"]},{\"@type\":\"Person\",\"@id\":\"https:\\\/\\\/www.strassenweb.de\\\/nachrichten\\\/#\\\/schema\\\/person\\\/87c9c9067f1211da429a744dc5a5aa41\",\"name\":\"Robert Hoffmann\",\"image\":{\"@type\":\"ImageObject\",\"inLanguage\":\"de\",\"@id\":\"https:\\\/\\\/www.strassenweb.de\\\/nachrichten\\\/wp-content\\\/uploads\\\/2024\\\/09\\\/strassenweb-150x150.jpg\",\"url\":\"https:\\\/\\\/www.strassenweb.de\\\/nachrichten\\\/wp-content\\\/uploads\\\/2024\\\/09\\\/strassenweb-150x150.jpg\",\"contentUrl\":\"https:\\\/\\\/www.strassenweb.de\\\/nachrichten\\\/wp-content\\\/uploads\\\/2024\\\/09\\\/strassenweb-150x150.jpg\",\"caption\":\"Robert Hoffmann\"},\"description\":\"Ich hei\u00dfe Robert Hoffmann und ich bin ein leidenschaftlicher Verfechter von \u00d6kologie und Biodiversit\u00e4t. Seit meiner Kindheit in den W\u00e4ldern Bayerns f\u00fchle ich mich mit der Natur verbunden und bin entschlossen, sie zu sch\u00fctzen. Heute widme ich mein Leben der Sensibilisierung anderer f\u00fcr die Bedeutung des Umweltschutzes f\u00fcr zuk\u00fcnftige Generationen.\",\"sameAs\":[\"https:\\\/\\\/www.strassenweb.de\\\/\"]}]}<\/script>\n<!-- \/ Yoast SEO plugin. -->","yoast_head_json":{"title":"Einige Designer wechseln von Mischmaterialk\u00fcchen ab, aber Eva Longoria macht einen Fall, der schwer zu ignorieren ist-es verbindet Funktion und Stil perfekt - Nachrichten - Stra\u00dfenweb","robots":{"index":"index","follow":"follow","max-snippet":"max-snippet:-1","max-image-preview":"max-image-preview:large","max-video-preview":"max-video-preview:-1"},"canonical":"https:\/\/www.strassenweb.de\/nachrichten\/einige-designer-wechseln-von-mischmaterialkuechen-ab-aber-eva-longoria-macht-einen-fall-der-schwer-zu-ignorieren-ist-es-verbindet-funktion-und-stil-perfekt\/","og_locale":"de_DE","og_type":"article","og_title":"Einige Designer wechseln von Mischmaterialk\u00fcchen ab, aber Eva Longoria macht einen Fall, der schwer zu ignorieren ist-es verbindet Funktion und Stil perfekt - Nachrichten - Stra\u00dfenweb","og_description":"Die wohl polarisierendste Designauswahl, die Sie in der K\u00fcche treffen k\u00f6nnen: Mischmaterialien werden oft geliebt oder verabscheut. Eva Longoria geh\u00f6rt zu denjenigen, die f\u00fcr unterschiedliche","og_url":"https:\/\/www.strassenweb.de\/nachrichten\/einige-designer-wechseln-von-mischmaterialkuechen-ab-aber-eva-longoria-macht-einen-fall-der-schwer-zu-ignorieren-ist-es-verbindet-funktion-und-stil-perfekt\/","og_site_name":"Stra\u00dfenweb","article_publisher":"https:\/\/www.facebook.com\/strassenweb\/","article_published_time":"2025-06-17T15:44:11+00:00","article_modified_time":"2025-06-17T15:44:13+00:00","og_image":[{"width":2560,"height":1440,"url":"https:\/\/www.strassenweb.de\/nachrichten\/wp-content\/uploads\/2025\/06\/Einige-Designer-wechseln-von-Mischmaterialkuechen-ab-aber-Eva-Longoria-macht-scaled.jpg","type":"image\/jpeg"}],"author":"Robert Hoffmann","twitter_card":"summary_large_image","twitter_misc":{"Verfasst von":"Robert Hoffmann","Gesch\u00e4tzte Lesezeit":"2\u00a0Minuten"},"schema":{"@context":"https:\/\/schema.org","@graph":[{"@type":"Article","@id":"https:\/\/www.strassenweb.de\/nachrichten\/einige-designer-wechseln-von-mischmaterialkuechen-ab-aber-eva-longoria-macht-einen-fall-der-schwer-zu-ignorieren-ist-es-verbindet-funktion-und-stil-perfekt\/#article","isPartOf":{"@id":"https:\/\/www.strassenweb.de\/nachrichten\/einige-designer-wechseln-von-mischmaterialkuechen-ab-aber-eva-longoria-macht-einen-fall-der-schwer-zu-ignorieren-ist-es-verbindet-funktion-und-stil-perfekt\/"},"author":{"name":"Robert Hoffmann","@id":"https:\/\/www.strassenweb.de\/nachrichten\/#\/schema\/person\/87c9c9067f1211da429a744dc5a5aa41"},"headline":"Einige Designer wechseln von Mischmaterialk\u00fcchen ab, aber Eva Longoria macht einen Fall, der schwer zu ignorieren ist-es verbindet Funktion und Stil perfekt","datePublished":"2025-06-17T15:44:11+00:00","dateModified":"2025-06-17T15:44:13+00:00","mainEntityOfPage":{"@id":"https:\/\/www.strassenweb.de\/nachrichten\/einige-designer-wechseln-von-mischmaterialkuechen-ab-aber-eva-longoria-macht-einen-fall-der-schwer-zu-ignorieren-ist-es-verbindet-funktion-und-stil-perfekt\/"},"wordCount":521,"publisher":{"@id":"https:\/\/www.strassenweb.de\/nachrichten\/#organization"},"image":{"@id":"https:\/\/www.strassenweb.de\/nachrichten\/einige-designer-wechseln-von-mischmaterialkuechen-ab-aber-eva-longoria-macht-einen-fall-der-schwer-zu-ignorieren-ist-es-verbindet-funktion-und-stil-perfekt\/#primaryimage"},"thumbnailUrl":"https:\/\/www.strassenweb.de\/nachrichten\/wp-content\/uploads\/2025\/06\/Einige-Designer-wechseln-von-Mischmaterialkuechen-ab-aber-Eva-Longoria-macht-scaled.jpg","keywords":["aber","der","Designer","einen","einige","Eva","Fall","Funktion","ignorieren","istes","Longoria","macht","Mischmaterialk\u00fcchen","perfekt","schwer","Stil","und","verbindet","von","wechseln"],"articleSection":["Haus &amp; Garten"],"inLanguage":"de"},{"@type":"WebPage","@id":"https:\/\/www.strassenweb.de\/nachrichten\/einige-designer-wechseln-von-mischmaterialkuechen-ab-aber-eva-longoria-macht-einen-fall-der-schwer-zu-ignorieren-ist-es-verbindet-funktion-und-stil-perfekt\/","url":"https:\/\/www.strassenweb.de\/nachrichten\/einige-designer-wechseln-von-mischmaterialkuechen-ab-aber-eva-longoria-macht-einen-fall-der-schwer-zu-ignorieren-ist-es-verbindet-funktion-und-stil-perfekt\/","name":"Einige Designer wechseln von Mischmaterialk\u00fcchen ab, aber Eva Longoria macht einen Fall, der schwer zu ignorieren ist-es verbindet Funktion und Stil perfekt - Nachrichten - Stra\u00dfenweb","isPartOf":{"@id":"https:\/\/www.strassenweb.de\/nachrichten\/#website"},"primaryImageOfPage":{"@id":"https:\/\/www.strassenweb.de\/nachrichten\/einige-designer-wechseln-von-mischmaterialkuechen-ab-aber-eva-longoria-macht-einen-fall-der-schwer-zu-ignorieren-ist-es-verbindet-funktion-und-stil-perfekt\/#primaryimage"},"image":{"@id":"https:\/\/www.strassenweb.de\/nachrichten\/einige-designer-wechseln-von-mischmaterialkuechen-ab-aber-eva-longoria-macht-einen-fall-der-schwer-zu-ignorieren-ist-es-verbindet-funktion-und-stil-perfekt\/#primaryimage"},"thumbnailUrl":"https:\/\/www.strassenweb.de\/nachrichten\/wp-content\/uploads\/2025\/06\/Einige-Designer-wechseln-von-Mischmaterialkuechen-ab-aber-Eva-Longoria-macht-scaled.jpg","datePublished":"2025-06-17T15:44:11+00:00","dateModified":"2025-06-17T15:44:13+00:00","breadcrumb":{"@id":"https:\/\/www.strassenweb.de\/nachrichten\/einige-designer-wechseln-von-mischmaterialkuechen-ab-aber-eva-longoria-macht-einen-fall-der-schwer-zu-ignorieren-ist-es-verbindet-funktion-und-stil-perfekt\/#breadcrumb"},"inLanguage":"de","potentialAction":[{"@type":"ReadAction","target":["https:\/\/www.strassenweb.de\/nachrichten\/einige-designer-wechseln-von-mischmaterialkuechen-ab-aber-eva-longoria-macht-einen-fall-der-schwer-zu-ignorieren-ist-es-verbindet-funktion-und-stil-perfekt\/"]}]},{"@type":"ImageObject","inLanguage":"de","@id":"https:\/\/www.strassenweb.de\/nachrichten\/einige-designer-wechseln-von-mischmaterialkuechen-ab-aber-eva-longoria-macht-einen-fall-der-schwer-zu-ignorieren-ist-es-verbindet-funktion-und-stil-perfekt\/#primaryimage","url":"https:\/\/www.strassenweb.de\/nachrichten\/wp-content\/uploads\/2025\/06\/Einige-Designer-wechseln-von-Mischmaterialkuechen-ab-aber-Eva-Longoria-macht-scaled.jpg","contentUrl":"https:\/\/www.strassenweb.de\/nachrichten\/wp-content\/uploads\/2025\/06\/Einige-Designer-wechseln-von-Mischmaterialkuechen-ab-aber-Eva-Longoria-macht-scaled.jpg","width":2560,"height":1440,"caption":"Eva Longoria"},{"@type":"BreadcrumbList","@id":"https:\/\/www.strassenweb.de\/nachrichten\/einige-designer-wechseln-von-mischmaterialkuechen-ab-aber-eva-longoria-macht-einen-fall-der-schwer-zu-ignorieren-ist-es-verbindet-funktion-und-stil-perfekt\/#breadcrumb","itemListElement":[{"@type":"ListItem","position":1,"name":"Home","item":"https:\/\/www.strassenweb.de\/nachrichten\/"},{"@type":"ListItem","position":2,"name":"Einige Designer wechseln von Mischmaterialk\u00fcchen ab, aber Eva Longoria macht einen Fall, der schwer zu ignorieren ist-es verbindet Funktion und Stil perfekt"}]},{"@type":"WebSite","@id":"https:\/\/www.strassenweb.de\/nachrichten\/#website","url":"https:\/\/www.strassenweb.de\/nachrichten\/","name":"Stra\u00dfenweb","description":"Stra\u00dfenverzeichnis f\u00fcr Deutschland","publisher":{"@id":"https:\/\/www.strassenweb.de\/nachrichten\/#organization"},"potentialAction":[{"@type":"SearchAction","target":{"@type":"EntryPoint","urlTemplate":"https:\/\/www.strassenweb.de\/nachrichten\/?s={search_term_string}"},"query-input":{"@type":"PropertyValueSpecification","valueRequired":true,"valueName":"search_term_string"}}],"inLanguage":"de"},{"@type":"Organization","@id":"https:\/\/www.strassenweb.de\/nachrichten\/#organization","name":"Stra\u00dfenweb","url":"https:\/\/www.strassenweb.de\/nachrichten\/","logo":{"@type":"ImageObject","inLanguage":"de","@id":"https:\/\/www.strassenweb.de\/nachrichten\/#\/schema\/logo\/image\/","url":"https:\/\/www.strassenweb.de\/nachrichten\/wp-content\/uploads\/2024\/09\/cropped-favicon.png","contentUrl":"https:\/\/www.strassenweb.de\/nachrichten\/wp-content\/uploads\/2024\/09\/cropped-favicon.png","width":512,"height":512,"caption":"Stra\u00dfenweb"},"image":{"@id":"https:\/\/www.strassenweb.de\/nachrichten\/#\/schema\/logo\/image\/"},"sameAs":["https:\/\/www.facebook.com\/strassenweb\/"]},{"@type":"Person","@id":"https:\/\/www.strassenweb.de\/nachrichten\/#\/schema\/person\/87c9c9067f1211da429a744dc5a5aa41","name":"Robert Hoffmann","image":{"@type":"ImageObject","inLanguage":"de","@id":"https:\/\/www.strassenweb.de\/nachrichten\/wp-content\/uploads\/2024\/09\/strassenweb-150x150.jpg","url":"https:\/\/www.strassenweb.de\/nachrichten\/wp-content\/uploads\/2024\/09\/strassenweb-150x150.jpg","contentUrl":"https:\/\/www.strassenweb.de\/nachrichten\/wp-content\/uploads\/2024\/09\/strassenweb-150x150.jpg","caption":"Robert Hoffmann"},"description":"Ich hei\u00dfe Robert Hoffmann und ich bin ein leidenschaftlicher Verfechter von \u00d6kologie und Biodiversit\u00e4t. Seit meiner Kindheit in den W\u00e4ldern Bayerns f\u00fchle ich mich mit der Natur verbunden und bin entschlossen, sie zu sch\u00fctzen. Heute widme ich mein Leben der Sensibilisierung anderer f\u00fcr die Bedeutung des Umweltschutzes f\u00fcr zuk\u00fcnftige Generationen.","sameAs":["https:\/\/www.strassenweb.de\/"]}]}},"_links":{"self":[{"href":"https:\/\/www.strassenweb.de\/nachrichten\/wp-json\/wp\/v2\/posts\/5727","targetHints":{"allow":["GET"]}}],"collection":[{"href":"https:\/\/www.strassenweb.de\/nachrichten\/wp-json\/wp\/v2\/posts"}],"about":[{"href":"https:\/\/www.strassenweb.de\/nachrichten\/wp-json\/wp\/v2\/types\/post"}],"author":[{"embeddable":true,"href":"https:\/\/www.strassenweb.de\/nachrichten\/wp-json\/wp\/v2\/users\/1"}],"replies":[{"embeddable":true,"href":"https:\/\/www.strassenweb.de\/nachrichten\/wp-json\/wp\/v2\/comments?post=5727"}],"version-history":[{"count":0,"href":"https:\/\/www.strassenweb.de\/nachrichten\/wp-json\/wp\/v2\/posts\/5727\/revisions"}],"wp:featuredmedia":[{"embeddable":true,"href":"https:\/\/www.strassenweb.de\/nachrichten\/wp-json\/wp\/v2\/media\/5728"}],"wp:attachment":[{"href":"https:\/\/www.strassenweb.de\/nachrichten\/wp-json\/wp\/v2\/media?parent=5727"}],"wp:term":[{"taxonomy":"category","embeddable":true,"href":"https:\/\/www.strassenweb.de\/nachrichten\/wp-json\/wp\/v2\/categories?post=5727"},{"taxonomy":"post_tag","embeddable":true,"href":"https:\/\/www.strassenweb.de\/nachrichten\/wp-json\/wp\/v2\/tags?post=5727"}],"curies":[{"name":"wp","href":"https:\/\/api.w.org\/{rel}","templated":true}]}}