{"id":5702,"date":"2025-06-16T14:39:59","date_gmt":"2025-06-16T12:39:59","guid":{"rendered":"https:\/\/www.strassenweb.de\/nachrichten\/cuckoos-auf-die-meilen-bei-migration-auf-den-markt\/"},"modified":"2025-06-16T14:39:59","modified_gmt":"2025-06-16T12:39:59","slug":"cuckoos-auf-die-meilen-bei-migration-auf-den-markt","status":"publish","type":"post","link":"https:\/\/www.strassenweb.de\/nachrichten\/cuckoos-auf-die-meilen-bei-migration-auf-den-markt\/","title":{"rendered":"Cuckoos auf die Meilen bei Migration auf den Markt"},"content":{"rendered":"<h5 class=\"wp-block-heading\"><strong>Die Satellitentechnologie hilft Wissenschaftlern aus dem British Trust for Ornithology (BTO), um den Druck, dem die Zuchtkucker Gro\u00dfbritanniens ausgesetzt ist, besser zu verstehen, wenn sie j\u00e4hrliche Migrationen von 16.000 km nach Zentralafrika und zur\u00fcck machen.<\/strong><\/h5>\n<p>Kuckucke sind ein weit verbreiteter und vertrauter Vogel in weiten Teilen Gro\u00dfbritanniens, und viele Menschen k\u00f6nnen das ber\u00fchmte Onomatopoei -Lied erkennen, aber leider haben wir seit 1995 mehr als ein Drittel unserer Zuchtkucker verloren.<\/p>\n<p>Forscher aus BTO haben sich mit allen Aspekten dieses Lebens dieser charakterfulischen V\u00f6gel befasst und versucht, die Ursachen hinter diesen anhaltenden und in Bezug auf R\u00fcckg\u00e4nge besser zu verstehen.<\/p>\n<p>Seit 2011 sind mehr als 130 Cuckoos aus Gro\u00dfbritannien und Irland mit hochmodernen Tags ausgestattet, die von Satelliten vorhanden sein k\u00f6nnen. Basierend auf der H\u00e4ufigkeit der Signale, die die Tags \u00fcbertragen, k\u00f6nnen Wissenschaftler den Routen der V\u00f6gel in Echtzeit folgen, sodass sie m\u00f6glicherweise erhebliche Hindernisse und Herausforderungen identifizieren k\u00f6nnen, denen diese bemerkenswerten Reisenden mit ihren epischen Kreuzkontinentalreisen konfrontiert sind. In dieser Fr\u00fchling wurden weitere sechs V\u00f6gel mit diesen Tags ausgestattet.<\/p>\n<p>Und in diesem Jahr hat BTO zum ersten Mal eine Reihe von hochkar\u00e4tigen GPS -Tags zu einer zus\u00e4tzlichen Stichprobe von f\u00fcnf Kuckucken eingesetzt, mit denen die Experten die Routen und den Lebensraum der V\u00f6gel in noch feineren Details sehen k\u00f6nnen. Diese innovativen Tags, die Standorte aufzeichnen und \u00fcber das Mobiltelefonnetz heruntergeladen werden k\u00f6nnen, wurden im Rahmen des Projekts &#8218;Migratelane&#8216;, finanziert vom B\u00fcro Fran\u00e7ais de la Biodiversit\u00e9, und vom Paris Natural History Museum, das die potenziellen Auswirkungen auf die Migration von V\u00f6geln vorgeschlagenen Windparks auf dem English Channel und Bay von Biskay von Bay of Biscay beurteilen soll. Mit diesen neuen Tags k\u00f6nnen BTO -Wissenschaftler auch die lokalen Bewegungen und den Einsatz von Kuckucken in Gro\u00dfbritannien w\u00e4hrend der Brutzeit und kurz vor der Migration betrachten.<\/p>\n<p>Letztendlich sollten die Daten, die aus den neuen Tags gesammelt wurden, Natursch\u00fctzer helfen, zu verstehen, wie sie in ihren Brutgr\u00fcnden am besten einen Lebensraum f\u00fcr einen Qualit\u00e4tsraum bieten k\u00f6nnen, insbesondere in den Tieflanden, in denen ihre Lebensmittelversorgung (weitgehend Raupen) in den letzten Jahren stark verschlechtert wurden. Es ist auch zu hoffen, dass dies den V\u00f6geln einen \u201eVorsprung\u201c verleiht, der das \u00dcberleben und die Migrationsleistung der V\u00f6gel in ihrem komplexen j\u00e4hrlichen Zyklus unterst\u00fctzt, der \u00fcber Italien einen Rundweg von 16.000 km zum Kongo -Becken und zur\u00fcck beinhaltet.<\/p>\n<p>Fr\u00fchere BTO -Arbeiten haben gezeigt, dass diese V\u00f6gel Schwierigkeiten haben, mit dem Klimawandel entlang dieser Migrationsroute Schritt zu halten, und es ist zu hoffen, dass die Bereitstellung besserer F\u00fctterungsbedingungen f\u00fcr sie, bevor sie sich aus dem Gro\u00dfbritannien auf den Weg machen, diesen Druck lindern. Dies wird wahrscheinlich am besten durch Lauffeldstudien zusammen mit den Tracking -Arbeiten erreicht, sodass die Beurteilung dessen, was die Kuckucke in verschiedenen Lebensr\u00e4umen essen, und ob das Vorhandensein und die F\u00fclle bestimmter Beutearten mit der anschlie\u00dfenden Migrationsleistung und dem \u00dcberleben verbunden sind.<\/p>\n<p>Zu den vielen wichtigen Entdeckungen des bisherigen Kuckuck -Tracking -Projekts geh\u00f6rt die Feststellung, dass zwei verschiedene Migrationsrouten in tropischem Afrika zu den gleichen \u00dcberwinterungsgebieten gelangen. Alle in Schottland markierten Kuckucke und andere Gebiete von Upland Britain und Irland nehmen nach der Brutzeit \u00fcber Italien eine \u00f6stliche Route \u00fcber Italien. Diese V\u00f6gel haben eine deutlich h\u00f6here \u00dcberlebensrate als diejenigen, die die westliche Route durch Spanien einnehmen.<\/p>\n<p>Kuckucke aus anderer Stelle in Gro\u00dfbritannien k\u00f6nnen beide Routen einnehmen. Die Untersuchungen haben jedoch gezeigt, dass Kuckucke aus Tiefland England, die eine westliche Route einschlagen, die niedrigsten \u00dcberlebensraten aufweisen, insbesondere die V\u00f6gel, die die Brutst\u00e4tten sp\u00e4ter verlassen. Es wird angenommen, dass die Qualit\u00e4t des Lebensraums aus den Brutgr\u00fcnden und in den fr\u00fchen Stadien der Migration f\u00fcr den Zustand der V\u00f6gel von entscheidender Bedeutung ist, wenn sie ihre R\u00fcckfahrten unternehmen.<\/p>\n<p>Die markierten V\u00f6gel werden hoffentlich mehr unsch\u00e4tzbare Erkenntnisse liefern und weiter beleuchten, um die besorgniserregenden R\u00fcckg\u00e4nge unserer Kuckucke zu beleuchten. Mit einem besseren Verst\u00e4ndnis k\u00f6nnen Natursch\u00fctzer ihre Zukunft sch\u00fctzen, damit zuk\u00fcnftige Generationen diesen legend\u00e4ren und sofort erkennbaren &#8222;Cuck-Coo&#8220; -Sound f\u00fcr viele Sommer h\u00f6ren k\u00f6nnen.<\/p>\n<p><strong>Dr. Chris Hewson, leitender Wissenschaftler des Projekts, sagte:<\/strong> \u201eEs ist fantastisch zu sehen, dass sechs weitere Kuckucks mit Satellitentags, die zus\u00e4tzlich zu den f\u00fcnf Kuckucken, die zum ersten Mal mit GPS -Tags ausgestattet sind, mit GPS -Tags ausgestattet sind. Zusammen werden diese Proben von V\u00f6geln Informationen liefern, die uns helfen, uns zu genau zu verstehen. Der Kuckuck, der ank\u00fcndigt, dass der Fr\u00fchling angekommen ist. \u201c<\/p>\n<p>Folgen Sie dem Fortschritt der Kuckucke und erfahren Sie mehr \u00fcber die einzelnen V\u00f6gel unter www.bto.org\/cuckoos<\/p>\n<p><strong>Die Kuckucks -Satelliten -Tags f\u00fcr dieses Projekt wurden gro\u00dfz\u00fcgig finanziert und von einer Reihe von einzelnen Spendern benannt.<\/strong><\/p>\n<ul class=\"wp-block-list\">\n<li><strong>normannisch<\/strong>markiert in Inversaiid, wurde von einem privaten Spender finanziert<\/li>\n<li><strong>Aschok<\/strong>markiert in Suffolk, wurde von Xenolith Ltd gesponsert<\/li>\n<li><strong>Arthur<\/strong>markiert in Suffolk, wurde von einem privaten Spender finanziert<\/li>\n<li><strong>Frederic<\/strong>markiert in Norfolk, wurde von einem privaten Spender finanziert<\/li>\n<li><strong>Jim<\/strong>wurde in West Sussex markiert wurde von einem privaten Spender finanziert<\/li>\n<li><strong>Wingston<\/strong>wurde in West Sussex markiert und von Cuckoo Broadband finanziert<\/li>\n<\/ul>\n<hr class=\"wp-block-separator has-alpha-channel-opacity\">\n<p><em>Hauptfotokredit: Kuckuck von Edmund Fellowes, BTO.<\/em><\/p>\n","protected":false},"excerpt":{"rendered":"<p>Die Satellitentechnologie hilft Wissenschaftlern aus dem British Trust for Ornithology (BTO), um den Druck, dem die Zuchtkucker Gro\u00dfbritanniens ausgesetzt ist, besser zu verstehen, wenn sie<\/p>\n","protected":false},"author":1,"featured_media":5703,"comment_status":"closed","ping_status":"","sticky":false,"template":"","format":"standard","meta":{"footnotes":""},"categories":[101],"tags":[46,152,8073,78,9,567,8074,44],"class_list":["post-5702","post","type-post","status-publish","format-standard","has-post-thumbnail","hentry","category-oekologie","tag-auf","tag-bei","tag-cuckoos","tag-den","tag-die","tag-markt","tag-meilen","tag-migration","generate-columns","tablet-grid-50","mobile-grid-100","grid-parent","grid-50"],"yoast_head":"<!-- This site is optimized with the Yoast SEO plugin v27.3 - https:\/\/yoast.com\/product\/yoast-seo-wordpress\/ -->\n<title>Cuckoos auf die Meilen bei Migration auf den Markt - Nachrichten - Stra\u00dfenweb<\/title>\n<meta name=\"robots\" content=\"index, follow, max-snippet:-1, max-image-preview:large, max-video-preview:-1\" \/>\n<link rel=\"canonical\" href=\"https:\/\/www.strassenweb.de\/nachrichten\/cuckoos-auf-die-meilen-bei-migration-auf-den-markt\/\" \/>\n<meta property=\"og:locale\" content=\"de_DE\" \/>\n<meta property=\"og:type\" content=\"article\" \/>\n<meta property=\"og:title\" content=\"Cuckoos auf die Meilen bei Migration auf den Markt - Nachrichten - Stra\u00dfenweb\" \/>\n<meta property=\"og:description\" content=\"Die Satellitentechnologie hilft Wissenschaftlern aus dem British Trust for Ornithology (BTO), um den Druck, dem die Zuchtkucker Gro\u00dfbritanniens ausgesetzt ist, besser zu verstehen, wenn sie\" \/>\n<meta property=\"og:url\" content=\"https:\/\/www.strassenweb.de\/nachrichten\/cuckoos-auf-die-meilen-bei-migration-auf-den-markt\/\" \/>\n<meta property=\"og:site_name\" content=\"Stra\u00dfenweb\" \/>\n<meta property=\"article:publisher\" content=\"https:\/\/www.facebook.com\/strassenweb\/\" \/>\n<meta property=\"article:published_time\" content=\"2025-06-16T12:39:59+00:00\" \/>\n<meta property=\"og:image\" content=\"https:\/\/www.strassenweb.de\/nachrichten\/wp-content\/uploads\/2025\/06\/Cuckoos-auf-die-Meilen-bei-Migration-auf-den-Markt.jpg\" \/>\n\t<meta property=\"og:image:width\" content=\"900\" \/>\n\t<meta property=\"og:image:height\" content=\"614\" \/>\n\t<meta property=\"og:image:type\" content=\"image\/jpeg\" \/>\n<meta name=\"author\" content=\"Robert Hoffmann\" \/>\n<meta name=\"twitter:card\" content=\"summary_large_image\" \/>\n<meta name=\"twitter:label1\" content=\"Verfasst von\" \/>\n\t<meta name=\"twitter:data1\" content=\"Robert Hoffmann\" \/>\n\t<meta name=\"twitter:label2\" content=\"Gesch\u00e4tzte Lesezeit\" \/>\n\t<meta name=\"twitter:data2\" content=\"4\u00a0Minuten\" \/>\n<script type=\"application\/ld+json\" class=\"yoast-schema-graph\">{\"@context\":\"https:\\\/\\\/schema.org\",\"@graph\":[{\"@type\":\"Article\",\"@id\":\"https:\\\/\\\/www.strassenweb.de\\\/nachrichten\\\/cuckoos-auf-die-meilen-bei-migration-auf-den-markt\\\/#article\",\"isPartOf\":{\"@id\":\"https:\\\/\\\/www.strassenweb.de\\\/nachrichten\\\/cuckoos-auf-die-meilen-bei-migration-auf-den-markt\\\/\"},\"author\":{\"name\":\"Robert Hoffmann\",\"@id\":\"https:\\\/\\\/www.strassenweb.de\\\/nachrichten\\\/#\\\/schema\\\/person\\\/87c9c9067f1211da429a744dc5a5aa41\"},\"headline\":\"Cuckoos auf die Meilen bei Migration auf den Markt\",\"datePublished\":\"2025-06-16T12:39:59+00:00\",\"mainEntityOfPage\":{\"@id\":\"https:\\\/\\\/www.strassenweb.de\\\/nachrichten\\\/cuckoos-auf-die-meilen-bei-migration-auf-den-markt\\\/\"},\"wordCount\":893,\"publisher\":{\"@id\":\"https:\\\/\\\/www.strassenweb.de\\\/nachrichten\\\/#organization\"},\"image\":{\"@id\":\"https:\\\/\\\/www.strassenweb.de\\\/nachrichten\\\/cuckoos-auf-die-meilen-bei-migration-auf-den-markt\\\/#primaryimage\"},\"thumbnailUrl\":\"https:\\\/\\\/www.strassenweb.de\\\/nachrichten\\\/wp-content\\\/uploads\\\/2025\\\/06\\\/Cuckoos-auf-die-Meilen-bei-Migration-auf-den-Markt.jpg\",\"keywords\":[\"auf\",\"Bei\",\"Cuckoos\",\"den\",\"die\",\"Markt\",\"Meilen\",\"Migration\"],\"articleSection\":[\"\u00d6kologie\"],\"inLanguage\":\"de\"},{\"@type\":\"WebPage\",\"@id\":\"https:\\\/\\\/www.strassenweb.de\\\/nachrichten\\\/cuckoos-auf-die-meilen-bei-migration-auf-den-markt\\\/\",\"url\":\"https:\\\/\\\/www.strassenweb.de\\\/nachrichten\\\/cuckoos-auf-die-meilen-bei-migration-auf-den-markt\\\/\",\"name\":\"Cuckoos auf die Meilen bei Migration auf den Markt - Nachrichten - Stra\u00dfenweb\",\"isPartOf\":{\"@id\":\"https:\\\/\\\/www.strassenweb.de\\\/nachrichten\\\/#website\"},\"primaryImageOfPage\":{\"@id\":\"https:\\\/\\\/www.strassenweb.de\\\/nachrichten\\\/cuckoos-auf-die-meilen-bei-migration-auf-den-markt\\\/#primaryimage\"},\"image\":{\"@id\":\"https:\\\/\\\/www.strassenweb.de\\\/nachrichten\\\/cuckoos-auf-die-meilen-bei-migration-auf-den-markt\\\/#primaryimage\"},\"thumbnailUrl\":\"https:\\\/\\\/www.strassenweb.de\\\/nachrichten\\\/wp-content\\\/uploads\\\/2025\\\/06\\\/Cuckoos-auf-die-Meilen-bei-Migration-auf-den-Markt.jpg\",\"datePublished\":\"2025-06-16T12:39:59+00:00\",\"breadcrumb\":{\"@id\":\"https:\\\/\\\/www.strassenweb.de\\\/nachrichten\\\/cuckoos-auf-die-meilen-bei-migration-auf-den-markt\\\/#breadcrumb\"},\"inLanguage\":\"de\",\"potentialAction\":[{\"@type\":\"ReadAction\",\"target\":[\"https:\\\/\\\/www.strassenweb.de\\\/nachrichten\\\/cuckoos-auf-die-meilen-bei-migration-auf-den-markt\\\/\"]}]},{\"@type\":\"ImageObject\",\"inLanguage\":\"de\",\"@id\":\"https:\\\/\\\/www.strassenweb.de\\\/nachrichten\\\/cuckoos-auf-die-meilen-bei-migration-auf-den-markt\\\/#primaryimage\",\"url\":\"https:\\\/\\\/www.strassenweb.de\\\/nachrichten\\\/wp-content\\\/uploads\\\/2025\\\/06\\\/Cuckoos-auf-die-Meilen-bei-Migration-auf-den-Markt.jpg\",\"contentUrl\":\"https:\\\/\\\/www.strassenweb.de\\\/nachrichten\\\/wp-content\\\/uploads\\\/2025\\\/06\\\/Cuckoos-auf-die-Meilen-bei-Migration-auf-den-Markt.jpg\",\"width\":900,\"height\":614,\"caption\":\"Cuckoos clock up the miles on migration\"},{\"@type\":\"BreadcrumbList\",\"@id\":\"https:\\\/\\\/www.strassenweb.de\\\/nachrichten\\\/cuckoos-auf-die-meilen-bei-migration-auf-den-markt\\\/#breadcrumb\",\"itemListElement\":[{\"@type\":\"ListItem\",\"position\":1,\"name\":\"Home\",\"item\":\"https:\\\/\\\/www.strassenweb.de\\\/nachrichten\\\/\"},{\"@type\":\"ListItem\",\"position\":2,\"name\":\"Cuckoos auf die Meilen bei Migration auf den Markt\"}]},{\"@type\":\"WebSite\",\"@id\":\"https:\\\/\\\/www.strassenweb.de\\\/nachrichten\\\/#website\",\"url\":\"https:\\\/\\\/www.strassenweb.de\\\/nachrichten\\\/\",\"name\":\"Stra\u00dfenweb\",\"description\":\"Stra\u00dfenverzeichnis f\u00fcr Deutschland\",\"publisher\":{\"@id\":\"https:\\\/\\\/www.strassenweb.de\\\/nachrichten\\\/#organization\"},\"potentialAction\":[{\"@type\":\"SearchAction\",\"target\":{\"@type\":\"EntryPoint\",\"urlTemplate\":\"https:\\\/\\\/www.strassenweb.de\\\/nachrichten\\\/?s={search_term_string}\"},\"query-input\":{\"@type\":\"PropertyValueSpecification\",\"valueRequired\":true,\"valueName\":\"search_term_string\"}}],\"inLanguage\":\"de\"},{\"@type\":\"Organization\",\"@id\":\"https:\\\/\\\/www.strassenweb.de\\\/nachrichten\\\/#organization\",\"name\":\"Stra\u00dfenweb\",\"url\":\"https:\\\/\\\/www.strassenweb.de\\\/nachrichten\\\/\",\"logo\":{\"@type\":\"ImageObject\",\"inLanguage\":\"de\",\"@id\":\"https:\\\/\\\/www.strassenweb.de\\\/nachrichten\\\/#\\\/schema\\\/logo\\\/image\\\/\",\"url\":\"https:\\\/\\\/www.strassenweb.de\\\/nachrichten\\\/wp-content\\\/uploads\\\/2024\\\/09\\\/cropped-favicon.png\",\"contentUrl\":\"https:\\\/\\\/www.strassenweb.de\\\/nachrichten\\\/wp-content\\\/uploads\\\/2024\\\/09\\\/cropped-favicon.png\",\"width\":512,\"height\":512,\"caption\":\"Stra\u00dfenweb\"},\"image\":{\"@id\":\"https:\\\/\\\/www.strassenweb.de\\\/nachrichten\\\/#\\\/schema\\\/logo\\\/image\\\/\"},\"sameAs\":[\"https:\\\/\\\/www.facebook.com\\\/strassenweb\\\/\"]},{\"@type\":\"Person\",\"@id\":\"https:\\\/\\\/www.strassenweb.de\\\/nachrichten\\\/#\\\/schema\\\/person\\\/87c9c9067f1211da429a744dc5a5aa41\",\"name\":\"Robert Hoffmann\",\"image\":{\"@type\":\"ImageObject\",\"inLanguage\":\"de\",\"@id\":\"https:\\\/\\\/www.strassenweb.de\\\/nachrichten\\\/wp-content\\\/uploads\\\/2024\\\/09\\\/strassenweb-150x150.jpg\",\"url\":\"https:\\\/\\\/www.strassenweb.de\\\/nachrichten\\\/wp-content\\\/uploads\\\/2024\\\/09\\\/strassenweb-150x150.jpg\",\"contentUrl\":\"https:\\\/\\\/www.strassenweb.de\\\/nachrichten\\\/wp-content\\\/uploads\\\/2024\\\/09\\\/strassenweb-150x150.jpg\",\"caption\":\"Robert Hoffmann\"},\"description\":\"Ich hei\u00dfe Robert Hoffmann und ich bin ein leidenschaftlicher Verfechter von \u00d6kologie und Biodiversit\u00e4t. Seit meiner Kindheit in den W\u00e4ldern Bayerns f\u00fchle ich mich mit der Natur verbunden und bin entschlossen, sie zu sch\u00fctzen. Heute widme ich mein Leben der Sensibilisierung anderer f\u00fcr die Bedeutung des Umweltschutzes f\u00fcr zuk\u00fcnftige Generationen.\",\"sameAs\":[\"https:\\\/\\\/www.strassenweb.de\\\/\"]}]}<\/script>\n<!-- \/ Yoast SEO plugin. -->","yoast_head_json":{"title":"Cuckoos auf die Meilen bei Migration auf den Markt - Nachrichten - Stra\u00dfenweb","robots":{"index":"index","follow":"follow","max-snippet":"max-snippet:-1","max-image-preview":"max-image-preview:large","max-video-preview":"max-video-preview:-1"},"canonical":"https:\/\/www.strassenweb.de\/nachrichten\/cuckoos-auf-die-meilen-bei-migration-auf-den-markt\/","og_locale":"de_DE","og_type":"article","og_title":"Cuckoos auf die Meilen bei Migration auf den Markt - Nachrichten - Stra\u00dfenweb","og_description":"Die Satellitentechnologie hilft Wissenschaftlern aus dem British Trust for Ornithology (BTO), um den Druck, dem die Zuchtkucker Gro\u00dfbritanniens ausgesetzt ist, besser zu verstehen, wenn sie","og_url":"https:\/\/www.strassenweb.de\/nachrichten\/cuckoos-auf-die-meilen-bei-migration-auf-den-markt\/","og_site_name":"Stra\u00dfenweb","article_publisher":"https:\/\/www.facebook.com\/strassenweb\/","article_published_time":"2025-06-16T12:39:59+00:00","og_image":[{"width":900,"height":614,"url":"https:\/\/www.strassenweb.de\/nachrichten\/wp-content\/uploads\/2025\/06\/Cuckoos-auf-die-Meilen-bei-Migration-auf-den-Markt.jpg","type":"image\/jpeg"}],"author":"Robert Hoffmann","twitter_card":"summary_large_image","twitter_misc":{"Verfasst von":"Robert Hoffmann","Gesch\u00e4tzte Lesezeit":"4\u00a0Minuten"},"schema":{"@context":"https:\/\/schema.org","@graph":[{"@type":"Article","@id":"https:\/\/www.strassenweb.de\/nachrichten\/cuckoos-auf-die-meilen-bei-migration-auf-den-markt\/#article","isPartOf":{"@id":"https:\/\/www.strassenweb.de\/nachrichten\/cuckoos-auf-die-meilen-bei-migration-auf-den-markt\/"},"author":{"name":"Robert Hoffmann","@id":"https:\/\/www.strassenweb.de\/nachrichten\/#\/schema\/person\/87c9c9067f1211da429a744dc5a5aa41"},"headline":"Cuckoos auf die Meilen bei Migration auf den Markt","datePublished":"2025-06-16T12:39:59+00:00","mainEntityOfPage":{"@id":"https:\/\/www.strassenweb.de\/nachrichten\/cuckoos-auf-die-meilen-bei-migration-auf-den-markt\/"},"wordCount":893,"publisher":{"@id":"https:\/\/www.strassenweb.de\/nachrichten\/#organization"},"image":{"@id":"https:\/\/www.strassenweb.de\/nachrichten\/cuckoos-auf-die-meilen-bei-migration-auf-den-markt\/#primaryimage"},"thumbnailUrl":"https:\/\/www.strassenweb.de\/nachrichten\/wp-content\/uploads\/2025\/06\/Cuckoos-auf-die-Meilen-bei-Migration-auf-den-Markt.jpg","keywords":["auf","Bei","Cuckoos","den","die","Markt","Meilen","Migration"],"articleSection":["\u00d6kologie"],"inLanguage":"de"},{"@type":"WebPage","@id":"https:\/\/www.strassenweb.de\/nachrichten\/cuckoos-auf-die-meilen-bei-migration-auf-den-markt\/","url":"https:\/\/www.strassenweb.de\/nachrichten\/cuckoos-auf-die-meilen-bei-migration-auf-den-markt\/","name":"Cuckoos auf die Meilen bei Migration auf den Markt - Nachrichten - Stra\u00dfenweb","isPartOf":{"@id":"https:\/\/www.strassenweb.de\/nachrichten\/#website"},"primaryImageOfPage":{"@id":"https:\/\/www.strassenweb.de\/nachrichten\/cuckoos-auf-die-meilen-bei-migration-auf-den-markt\/#primaryimage"},"image":{"@id":"https:\/\/www.strassenweb.de\/nachrichten\/cuckoos-auf-die-meilen-bei-migration-auf-den-markt\/#primaryimage"},"thumbnailUrl":"https:\/\/www.strassenweb.de\/nachrichten\/wp-content\/uploads\/2025\/06\/Cuckoos-auf-die-Meilen-bei-Migration-auf-den-Markt.jpg","datePublished":"2025-06-16T12:39:59+00:00","breadcrumb":{"@id":"https:\/\/www.strassenweb.de\/nachrichten\/cuckoos-auf-die-meilen-bei-migration-auf-den-markt\/#breadcrumb"},"inLanguage":"de","potentialAction":[{"@type":"ReadAction","target":["https:\/\/www.strassenweb.de\/nachrichten\/cuckoos-auf-die-meilen-bei-migration-auf-den-markt\/"]}]},{"@type":"ImageObject","inLanguage":"de","@id":"https:\/\/www.strassenweb.de\/nachrichten\/cuckoos-auf-die-meilen-bei-migration-auf-den-markt\/#primaryimage","url":"https:\/\/www.strassenweb.de\/nachrichten\/wp-content\/uploads\/2025\/06\/Cuckoos-auf-die-Meilen-bei-Migration-auf-den-Markt.jpg","contentUrl":"https:\/\/www.strassenweb.de\/nachrichten\/wp-content\/uploads\/2025\/06\/Cuckoos-auf-die-Meilen-bei-Migration-auf-den-Markt.jpg","width":900,"height":614,"caption":"Cuckoos clock up the miles on migration"},{"@type":"BreadcrumbList","@id":"https:\/\/www.strassenweb.de\/nachrichten\/cuckoos-auf-die-meilen-bei-migration-auf-den-markt\/#breadcrumb","itemListElement":[{"@type":"ListItem","position":1,"name":"Home","item":"https:\/\/www.strassenweb.de\/nachrichten\/"},{"@type":"ListItem","position":2,"name":"Cuckoos auf die Meilen bei Migration auf den Markt"}]},{"@type":"WebSite","@id":"https:\/\/www.strassenweb.de\/nachrichten\/#website","url":"https:\/\/www.strassenweb.de\/nachrichten\/","name":"Stra\u00dfenweb","description":"Stra\u00dfenverzeichnis f\u00fcr Deutschland","publisher":{"@id":"https:\/\/www.strassenweb.de\/nachrichten\/#organization"},"potentialAction":[{"@type":"SearchAction","target":{"@type":"EntryPoint","urlTemplate":"https:\/\/www.strassenweb.de\/nachrichten\/?s={search_term_string}"},"query-input":{"@type":"PropertyValueSpecification","valueRequired":true,"valueName":"search_term_string"}}],"inLanguage":"de"},{"@type":"Organization","@id":"https:\/\/www.strassenweb.de\/nachrichten\/#organization","name":"Stra\u00dfenweb","url":"https:\/\/www.strassenweb.de\/nachrichten\/","logo":{"@type":"ImageObject","inLanguage":"de","@id":"https:\/\/www.strassenweb.de\/nachrichten\/#\/schema\/logo\/image\/","url":"https:\/\/www.strassenweb.de\/nachrichten\/wp-content\/uploads\/2024\/09\/cropped-favicon.png","contentUrl":"https:\/\/www.strassenweb.de\/nachrichten\/wp-content\/uploads\/2024\/09\/cropped-favicon.png","width":512,"height":512,"caption":"Stra\u00dfenweb"},"image":{"@id":"https:\/\/www.strassenweb.de\/nachrichten\/#\/schema\/logo\/image\/"},"sameAs":["https:\/\/www.facebook.com\/strassenweb\/"]},{"@type":"Person","@id":"https:\/\/www.strassenweb.de\/nachrichten\/#\/schema\/person\/87c9c9067f1211da429a744dc5a5aa41","name":"Robert Hoffmann","image":{"@type":"ImageObject","inLanguage":"de","@id":"https:\/\/www.strassenweb.de\/nachrichten\/wp-content\/uploads\/2024\/09\/strassenweb-150x150.jpg","url":"https:\/\/www.strassenweb.de\/nachrichten\/wp-content\/uploads\/2024\/09\/strassenweb-150x150.jpg","contentUrl":"https:\/\/www.strassenweb.de\/nachrichten\/wp-content\/uploads\/2024\/09\/strassenweb-150x150.jpg","caption":"Robert Hoffmann"},"description":"Ich hei\u00dfe Robert Hoffmann und ich bin ein leidenschaftlicher Verfechter von \u00d6kologie und Biodiversit\u00e4t. Seit meiner Kindheit in den W\u00e4ldern Bayerns f\u00fchle ich mich mit der Natur verbunden und bin entschlossen, sie zu sch\u00fctzen. Heute widme ich mein Leben der Sensibilisierung anderer f\u00fcr die Bedeutung des Umweltschutzes f\u00fcr zuk\u00fcnftige Generationen.","sameAs":["https:\/\/www.strassenweb.de\/"]}]}},"_links":{"self":[{"href":"https:\/\/www.strassenweb.de\/nachrichten\/wp-json\/wp\/v2\/posts\/5702","targetHints":{"allow":["GET"]}}],"collection":[{"href":"https:\/\/www.strassenweb.de\/nachrichten\/wp-json\/wp\/v2\/posts"}],"about":[{"href":"https:\/\/www.strassenweb.de\/nachrichten\/wp-json\/wp\/v2\/types\/post"}],"author":[{"embeddable":true,"href":"https:\/\/www.strassenweb.de\/nachrichten\/wp-json\/wp\/v2\/users\/1"}],"replies":[{"embeddable":true,"href":"https:\/\/www.strassenweb.de\/nachrichten\/wp-json\/wp\/v2\/comments?post=5702"}],"version-history":[{"count":0,"href":"https:\/\/www.strassenweb.de\/nachrichten\/wp-json\/wp\/v2\/posts\/5702\/revisions"}],"wp:featuredmedia":[{"embeddable":true,"href":"https:\/\/www.strassenweb.de\/nachrichten\/wp-json\/wp\/v2\/media\/5703"}],"wp:attachment":[{"href":"https:\/\/www.strassenweb.de\/nachrichten\/wp-json\/wp\/v2\/media?parent=5702"}],"wp:term":[{"taxonomy":"category","embeddable":true,"href":"https:\/\/www.strassenweb.de\/nachrichten\/wp-json\/wp\/v2\/categories?post=5702"},{"taxonomy":"post_tag","embeddable":true,"href":"https:\/\/www.strassenweb.de\/nachrichten\/wp-json\/wp\/v2\/tags?post=5702"}],"curies":[{"name":"wp","href":"https:\/\/api.w.org\/{rel}","templated":true}]}}