{"id":570,"date":"2024-10-03T21:52:54","date_gmt":"2024-10-03T19:52:54","guid":{"rendered":"https:\/\/www.strassenweb.de\/nachrichten\/der-jaehrliche-nationale-preis-der-wohltaetigkeitsorganisation-wuerdigt-engagement-und-engagement-fuer-dachse\/"},"modified":"2024-10-03T21:52:55","modified_gmt":"2024-10-03T19:52:55","slug":"der-jaehrliche-nationale-preis-der-wohltaetigkeitsorganisation-wuerdigt-engagement-und-engagement-fuer-dachse","status":"publish","type":"post","link":"https:\/\/www.strassenweb.de\/nachrichten\/der-jaehrliche-nationale-preis-der-wohltaetigkeitsorganisation-wuerdigt-engagement-und-engagement-fuer-dachse\/","title":{"rendered":"Der j\u00e4hrliche nationale Preis der Wohlt\u00e4tigkeitsorganisation w\u00fcrdigt Engagement und Engagement f\u00fcr Dachse"},"content":{"rendered":"<p><strong>Nina Scotland von der Essex Badger Protection Group erh\u00e4lt den National Award f\u00fcr herausragende Dienste f\u00fcr Dachse.<\/strong><\/p>\n<p>Am 6. Juli 2024 \u00fcberreichte die Wildtieraktivistin Dr. Alice Brough beim Badger Trust Symposium der in Billericay lebenden Nina Scotland von der Essex Badger Protection Group den nationalen John Taylor Award f\u00fcr herausragende Dienste f\u00fcr Dachse.<\/p>\n<p>Nina wurde f\u00fcr ihr anhaltendes Engagement f\u00fcr die Gruppe sowie ihre Unterst\u00fctzung und ihr Engagement f\u00fcr Dachse und ihre Lebensr\u00e4ume nominiert.<\/p>\n<p>Nina ist seit \u00fcber einem Jahrzehnt Mitglied der Dachsgruppe und ein gesch\u00e4tztes Ausschussmitglied, das die Rolle der Schatzmeisterin \u00fcbernimmt. Ihr Engagement hat dazu gef\u00fchrt, dass die Mitgliederzahl der Gruppe auf \u00fcber 140 Mitglieder angewachsen ist und unter ihrer F\u00fchrung sind auch die Finanzen der Gruppe gewachsen. Sie ist an vielen anderen Aspekten der Gruppenarbeit beteiligt, unter anderem am Schreiben und Bearbeiten des Newsletters der Gruppe. <\/p>\n<p>Dies sind wichtige Positionen in der Gruppe, und Nina ist darin hervorragend, aber ihre wahre Leidenschaft ist es, Dachsen \u201eauf dem Feld\u201c zu helfen.<\/p>\n<p>Seit ihrer Mitgliedschaft hat Nina \u00fcber 60 neue Sets aufgenommen und \u00fcberwacht diese weiterhin. In den letzten vier Jahren ist Nina zur Koordinatorin f\u00fcr k\u00fcnstliche Bauten geworden und hat durch Netzwerkarbeit und Ausdauer Orte gefunden, an denen sie k\u00fcnstliche Bauten f\u00fcr verwaiste Dachsjunge bauen kann. Unter ihrer Projektleitung, ihrem Enthusiasmus und ihrer harten Arbeit hat die Gruppe mittlerweile \u00fcber 50 Dachsjunge in acht k\u00fcnstlichen K\u00e4figen freigelassen. Nina ist die treibende Kraft f\u00fcr diese Siedlungsbauten und Jungtierfreisetzungen.<\/p>\n<p>Ninas harte Arbeit beim Aufbau wichtiger Beziehungen vor Ort hat auch dazu gef\u00fchrt, dass sie eine gesch\u00e4tzte Freiwillige f\u00fcr das South Essex Wildlife Hospital geworden ist und sich in der Handaufzucht von Jungen engagiert. <\/p>\n<p>Ninas Engagement geht \u00fcber ihre direkte Beteiligung an den Aktivit\u00e4ten der Gruppe hinaus. Sie engagiert sich daf\u00fcr, andere Mitglieder der Gruppe und der \u00f6rtlichen Gemeinschaft \u00fcber die Bedeutung des Dachsschutzes aufzukl\u00e4ren und zu inspirieren. Ihre Bereitschaft, jeden Aspekt der Aktivit\u00e4ten der Gruppe zu unterst\u00fctzen, ist eine Quelle der Inspiration f\u00fcr alle, die sich f\u00fcr den Dachsschutz engagieren. <\/p>\n<p>Peter Hambly, Gesch\u00e4ftsf\u00fchrer von Badger Trust, sagte:<\/p>\n<p>\u201eBadger Trust freut sich, Ninas jahrelange harte Arbeit und ihr Engagement f\u00fcr Dachse und ihre Lebensr\u00e4ume mit dem nationalen John Taylor Award zu w\u00fcrdigen.\u201c <\/p>\n<p>\u201eNinas anhaltender Enthusiasmus und ihre Leidenschaft sind der Grund, warum sie diesen Preis gewonnen hat. Ihre herausragende Arbeit f\u00fcr Dachse, insbesondere ihre au\u00dfergew\u00f6hnlichen Bem\u00fchungen, f\u00fcr \u00fcber 50 verwaiste Jungtiere ein neues Zuhause zu finden und zu schaffen, inspiriert Dachssch\u00fctzer auf der ganzen Welt.\u201c<\/p>\n<h2 class=\"wp-block-heading\">\u00dcber den John Taylor Award<\/h2>\n<p>Der John Taylor Award wird j\u00e4hrlich an eine Person verliehen, die herausragendes Engagement und Engagement f\u00fcr Dachse gezeigt hat. Der Preis ist nach John Taylor benannt, einem Gr\u00fcndungsmitglied und ersten Vorsitzenden der National Federation of Badger Groups (NFBG). <\/p>\n<p>John Taylor widmete sich Dachsen, Naturschutz und menschlichen sozialen Themen. Als stellvertretender Vorsitzender der damaligen Surrey Badger Protection Society mobilisierte er auf ihrem Kongress im Jahr 1985 die Unterst\u00fctzung f\u00fcr die Idee einer nationalen Organisation. John verf\u00fcgte \u00fcber die organisatorischen und personellen F\u00e4higkeiten, um Menschen zur Gr\u00fcndung der NFBG zu vereinen, die mittlerweile zur nationalen Wohlt\u00e4tigkeitsorganisation geworden ist Badger Trust. <\/p>\n<p>Badger Trust w\u00fcrdigt John Taylors Engagement und seine Leidenschaft f\u00fcr Dachse und benennt diese Auszeichnung nach ihm.<\/p>\n<p>Badger Trust suchte Nominierungen aus dem ganzen Land, und der Gewinner wurde von einer Jury unter der Leitung von Gesch\u00e4ftsf\u00fchrer Peter Hambly ausgew\u00e4hlt.<\/p>\n","protected":false},"excerpt":{"rendered":"<p>Nina Scotland von der Essex Badger Protection Group erh\u00e4lt den National Award f\u00fcr herausragende Dienste f\u00fcr Dachse. Am 6. Juli 2024 \u00fcberreichte die Wildtieraktivistin Dr.<\/p>\n","protected":false},"author":1,"featured_media":198,"comment_status":"closed","ping_status":"","sticky":false,"template":"","format":"standard","meta":{"footnotes":""},"categories":[101],"tags":[1139,81,1138,55,1134,1079,1135,37,1136,1137],"class_list":["post-570","post","type-post","status-publish","format-standard","has-post-thumbnail","hentry","category-oekologie","tag-dachse","tag-der","tag-engagement","tag-fuer","tag-jaehrliche","tag-nationale","tag-preis","tag-und","tag-wohltaetigkeitsorganisation","tag-wuerdigt","generate-columns","tablet-grid-50","mobile-grid-100","grid-parent","grid-50"],"yoast_head":"<!-- This site is optimized with the Yoast SEO plugin v27.3 - https:\/\/yoast.com\/product\/yoast-seo-wordpress\/ -->\n<title>Der j\u00e4hrliche nationale Preis der Wohlt\u00e4tigkeitsorganisation w\u00fcrdigt Engagement und Engagement f\u00fcr Dachse - Nachrichten - Stra\u00dfenweb<\/title>\n<meta name=\"robots\" content=\"index, follow, max-snippet:-1, max-image-preview:large, max-video-preview:-1\" \/>\n<link rel=\"canonical\" href=\"https:\/\/www.strassenweb.de\/nachrichten\/der-jaehrliche-nationale-preis-der-wohltaetigkeitsorganisation-wuerdigt-engagement-und-engagement-fuer-dachse\/\" \/>\n<meta property=\"og:locale\" content=\"de_DE\" \/>\n<meta property=\"og:type\" content=\"article\" \/>\n<meta property=\"og:title\" content=\"Der j\u00e4hrliche nationale Preis der Wohlt\u00e4tigkeitsorganisation w\u00fcrdigt Engagement und Engagement f\u00fcr Dachse - Nachrichten - Stra\u00dfenweb\" \/>\n<meta property=\"og:description\" content=\"Nina Scotland von der Essex Badger Protection Group erh\u00e4lt den National Award f\u00fcr herausragende Dienste f\u00fcr Dachse. Am 6. Juli 2024 \u00fcberreichte die Wildtieraktivistin Dr.\" \/>\n<meta property=\"og:url\" content=\"https:\/\/www.strassenweb.de\/nachrichten\/der-jaehrliche-nationale-preis-der-wohltaetigkeitsorganisation-wuerdigt-engagement-und-engagement-fuer-dachse\/\" \/>\n<meta property=\"og:site_name\" content=\"Stra\u00dfenweb\" \/>\n<meta property=\"article:publisher\" content=\"https:\/\/www.facebook.com\/strassenweb\/\" \/>\n<meta property=\"article:published_time\" content=\"2024-10-03T19:52:54+00:00\" \/>\n<meta property=\"article:modified_time\" content=\"2024-10-03T19:52:55+00:00\" \/>\n<meta property=\"og:image\" content=\"https:\/\/www.strassenweb.de\/nachrichten\/wp-content\/uploads\/2024\/09\/Erste-Reaktion-des-Badger-Trust-auf-die-Regierungserklaerung-zum-Plan.jpg\" \/>\n\t<meta property=\"og:image:width\" content=\"900\" \/>\n\t<meta property=\"og:image:height\" content=\"600\" \/>\n\t<meta property=\"og:image:type\" content=\"image\/jpeg\" \/>\n<meta name=\"author\" content=\"Robert Hoffmann\" \/>\n<meta name=\"twitter:card\" content=\"summary_large_image\" \/>\n<meta name=\"twitter:label1\" content=\"Verfasst von\" \/>\n\t<meta name=\"twitter:data1\" content=\"Robert Hoffmann\" \/>\n\t<meta name=\"twitter:label2\" content=\"Gesch\u00e4tzte Lesezeit\" \/>\n\t<meta name=\"twitter:data2\" content=\"3\u00a0Minuten\" \/>\n<script type=\"application\/ld+json\" class=\"yoast-schema-graph\">{\"@context\":\"https:\\\/\\\/schema.org\",\"@graph\":[{\"@type\":\"Article\",\"@id\":\"https:\\\/\\\/www.strassenweb.de\\\/nachrichten\\\/der-jaehrliche-nationale-preis-der-wohltaetigkeitsorganisation-wuerdigt-engagement-und-engagement-fuer-dachse\\\/#article\",\"isPartOf\":{\"@id\":\"https:\\\/\\\/www.strassenweb.de\\\/nachrichten\\\/der-jaehrliche-nationale-preis-der-wohltaetigkeitsorganisation-wuerdigt-engagement-und-engagement-fuer-dachse\\\/\"},\"author\":{\"name\":\"Robert Hoffmann\",\"@id\":\"https:\\\/\\\/www.strassenweb.de\\\/nachrichten\\\/#\\\/schema\\\/person\\\/87c9c9067f1211da429a744dc5a5aa41\"},\"headline\":\"Der j\u00e4hrliche nationale Preis der Wohlt\u00e4tigkeitsorganisation w\u00fcrdigt Engagement und Engagement f\u00fcr Dachse\",\"datePublished\":\"2024-10-03T19:52:54+00:00\",\"dateModified\":\"2024-10-03T19:52:55+00:00\",\"mainEntityOfPage\":{\"@id\":\"https:\\\/\\\/www.strassenweb.de\\\/nachrichten\\\/der-jaehrliche-nationale-preis-der-wohltaetigkeitsorganisation-wuerdigt-engagement-und-engagement-fuer-dachse\\\/\"},\"wordCount\":611,\"publisher\":{\"@id\":\"https:\\\/\\\/www.strassenweb.de\\\/nachrichten\\\/#organization\"},\"image\":{\"@id\":\"https:\\\/\\\/www.strassenweb.de\\\/nachrichten\\\/der-jaehrliche-nationale-preis-der-wohltaetigkeitsorganisation-wuerdigt-engagement-und-engagement-fuer-dachse\\\/#primaryimage\"},\"thumbnailUrl\":\"https:\\\/\\\/www.strassenweb.de\\\/nachrichten\\\/wp-content\\\/uploads\\\/2024\\\/09\\\/Erste-Reaktion-des-Badger-Trust-auf-die-Regierungserklaerung-zum-Plan.jpg\",\"keywords\":[\"Dachse\",\"der\",\"Engagement\",\"f\u00fcr\",\"j\u00e4hrliche\",\"Nationale\",\"Preis\",\"und\",\"Wohlt\u00e4tigkeitsorganisation\",\"w\u00fcrdigt\"],\"articleSection\":[\"\u00d6kologie\"],\"inLanguage\":\"de\"},{\"@type\":\"WebPage\",\"@id\":\"https:\\\/\\\/www.strassenweb.de\\\/nachrichten\\\/der-jaehrliche-nationale-preis-der-wohltaetigkeitsorganisation-wuerdigt-engagement-und-engagement-fuer-dachse\\\/\",\"url\":\"https:\\\/\\\/www.strassenweb.de\\\/nachrichten\\\/der-jaehrliche-nationale-preis-der-wohltaetigkeitsorganisation-wuerdigt-engagement-und-engagement-fuer-dachse\\\/\",\"name\":\"Der j\u00e4hrliche nationale Preis der Wohlt\u00e4tigkeitsorganisation w\u00fcrdigt Engagement und Engagement f\u00fcr Dachse - Nachrichten - Stra\u00dfenweb\",\"isPartOf\":{\"@id\":\"https:\\\/\\\/www.strassenweb.de\\\/nachrichten\\\/#website\"},\"primaryImageOfPage\":{\"@id\":\"https:\\\/\\\/www.strassenweb.de\\\/nachrichten\\\/der-jaehrliche-nationale-preis-der-wohltaetigkeitsorganisation-wuerdigt-engagement-und-engagement-fuer-dachse\\\/#primaryimage\"},\"image\":{\"@id\":\"https:\\\/\\\/www.strassenweb.de\\\/nachrichten\\\/der-jaehrliche-nationale-preis-der-wohltaetigkeitsorganisation-wuerdigt-engagement-und-engagement-fuer-dachse\\\/#primaryimage\"},\"thumbnailUrl\":\"https:\\\/\\\/www.strassenweb.de\\\/nachrichten\\\/wp-content\\\/uploads\\\/2024\\\/09\\\/Erste-Reaktion-des-Badger-Trust-auf-die-Regierungserklaerung-zum-Plan.jpg\",\"datePublished\":\"2024-10-03T19:52:54+00:00\",\"dateModified\":\"2024-10-03T19:52:55+00:00\",\"breadcrumb\":{\"@id\":\"https:\\\/\\\/www.strassenweb.de\\\/nachrichten\\\/der-jaehrliche-nationale-preis-der-wohltaetigkeitsorganisation-wuerdigt-engagement-und-engagement-fuer-dachse\\\/#breadcrumb\"},\"inLanguage\":\"de\",\"potentialAction\":[{\"@type\":\"ReadAction\",\"target\":[\"https:\\\/\\\/www.strassenweb.de\\\/nachrichten\\\/der-jaehrliche-nationale-preis-der-wohltaetigkeitsorganisation-wuerdigt-engagement-und-engagement-fuer-dachse\\\/\"]}]},{\"@type\":\"ImageObject\",\"inLanguage\":\"de\",\"@id\":\"https:\\\/\\\/www.strassenweb.de\\\/nachrichten\\\/der-jaehrliche-nationale-preis-der-wohltaetigkeitsorganisation-wuerdigt-engagement-und-engagement-fuer-dachse\\\/#primaryimage\",\"url\":\"https:\\\/\\\/www.strassenweb.de\\\/nachrichten\\\/wp-content\\\/uploads\\\/2024\\\/09\\\/Erste-Reaktion-des-Badger-Trust-auf-die-Regierungserklaerung-zum-Plan.jpg\",\"contentUrl\":\"https:\\\/\\\/www.strassenweb.de\\\/nachrichten\\\/wp-content\\\/uploads\\\/2024\\\/09\\\/Erste-Reaktion-des-Badger-Trust-auf-die-Regierungserklaerung-zum-Plan.jpg\",\"width\":900,\"height\":600,\"caption\":\"Initial Response to Government Statement on bTB eradication plan from Badger Trust\"},{\"@type\":\"BreadcrumbList\",\"@id\":\"https:\\\/\\\/www.strassenweb.de\\\/nachrichten\\\/der-jaehrliche-nationale-preis-der-wohltaetigkeitsorganisation-wuerdigt-engagement-und-engagement-fuer-dachse\\\/#breadcrumb\",\"itemListElement\":[{\"@type\":\"ListItem\",\"position\":1,\"name\":\"Home\",\"item\":\"https:\\\/\\\/www.strassenweb.de\\\/nachrichten\\\/\"},{\"@type\":\"ListItem\",\"position\":2,\"name\":\"Der j\u00e4hrliche nationale Preis der Wohlt\u00e4tigkeitsorganisation w\u00fcrdigt Engagement und Engagement f\u00fcr Dachse\"}]},{\"@type\":\"WebSite\",\"@id\":\"https:\\\/\\\/www.strassenweb.de\\\/nachrichten\\\/#website\",\"url\":\"https:\\\/\\\/www.strassenweb.de\\\/nachrichten\\\/\",\"name\":\"Stra\u00dfenweb\",\"description\":\"Stra\u00dfenverzeichnis f\u00fcr Deutschland\",\"publisher\":{\"@id\":\"https:\\\/\\\/www.strassenweb.de\\\/nachrichten\\\/#organization\"},\"potentialAction\":[{\"@type\":\"SearchAction\",\"target\":{\"@type\":\"EntryPoint\",\"urlTemplate\":\"https:\\\/\\\/www.strassenweb.de\\\/nachrichten\\\/?s={search_term_string}\"},\"query-input\":{\"@type\":\"PropertyValueSpecification\",\"valueRequired\":true,\"valueName\":\"search_term_string\"}}],\"inLanguage\":\"de\"},{\"@type\":\"Organization\",\"@id\":\"https:\\\/\\\/www.strassenweb.de\\\/nachrichten\\\/#organization\",\"name\":\"Stra\u00dfenweb\",\"url\":\"https:\\\/\\\/www.strassenweb.de\\\/nachrichten\\\/\",\"logo\":{\"@type\":\"ImageObject\",\"inLanguage\":\"de\",\"@id\":\"https:\\\/\\\/www.strassenweb.de\\\/nachrichten\\\/#\\\/schema\\\/logo\\\/image\\\/\",\"url\":\"https:\\\/\\\/www.strassenweb.de\\\/nachrichten\\\/wp-content\\\/uploads\\\/2024\\\/09\\\/cropped-favicon.png\",\"contentUrl\":\"https:\\\/\\\/www.strassenweb.de\\\/nachrichten\\\/wp-content\\\/uploads\\\/2024\\\/09\\\/cropped-favicon.png\",\"width\":512,\"height\":512,\"caption\":\"Stra\u00dfenweb\"},\"image\":{\"@id\":\"https:\\\/\\\/www.strassenweb.de\\\/nachrichten\\\/#\\\/schema\\\/logo\\\/image\\\/\"},\"sameAs\":[\"https:\\\/\\\/www.facebook.com\\\/strassenweb\\\/\"]},{\"@type\":\"Person\",\"@id\":\"https:\\\/\\\/www.strassenweb.de\\\/nachrichten\\\/#\\\/schema\\\/person\\\/87c9c9067f1211da429a744dc5a5aa41\",\"name\":\"Robert Hoffmann\",\"image\":{\"@type\":\"ImageObject\",\"inLanguage\":\"de\",\"@id\":\"https:\\\/\\\/www.strassenweb.de\\\/nachrichten\\\/wp-content\\\/uploads\\\/2024\\\/09\\\/strassenweb-150x150.jpg\",\"url\":\"https:\\\/\\\/www.strassenweb.de\\\/nachrichten\\\/wp-content\\\/uploads\\\/2024\\\/09\\\/strassenweb-150x150.jpg\",\"contentUrl\":\"https:\\\/\\\/www.strassenweb.de\\\/nachrichten\\\/wp-content\\\/uploads\\\/2024\\\/09\\\/strassenweb-150x150.jpg\",\"caption\":\"Robert Hoffmann\"},\"description\":\"Ich hei\u00dfe Robert Hoffmann und ich bin ein leidenschaftlicher Verfechter von \u00d6kologie und Biodiversit\u00e4t. Seit meiner Kindheit in den W\u00e4ldern Bayerns f\u00fchle ich mich mit der Natur verbunden und bin entschlossen, sie zu sch\u00fctzen. Heute widme ich mein Leben der Sensibilisierung anderer f\u00fcr die Bedeutung des Umweltschutzes f\u00fcr zuk\u00fcnftige Generationen.\",\"sameAs\":[\"https:\\\/\\\/www.strassenweb.de\\\/\"]}]}<\/script>\n<!-- \/ Yoast SEO plugin. -->","yoast_head_json":{"title":"Der j\u00e4hrliche nationale Preis der Wohlt\u00e4tigkeitsorganisation w\u00fcrdigt Engagement und Engagement f\u00fcr Dachse - Nachrichten - Stra\u00dfenweb","robots":{"index":"index","follow":"follow","max-snippet":"max-snippet:-1","max-image-preview":"max-image-preview:large","max-video-preview":"max-video-preview:-1"},"canonical":"https:\/\/www.strassenweb.de\/nachrichten\/der-jaehrliche-nationale-preis-der-wohltaetigkeitsorganisation-wuerdigt-engagement-und-engagement-fuer-dachse\/","og_locale":"de_DE","og_type":"article","og_title":"Der j\u00e4hrliche nationale Preis der Wohlt\u00e4tigkeitsorganisation w\u00fcrdigt Engagement und Engagement f\u00fcr Dachse - Nachrichten - Stra\u00dfenweb","og_description":"Nina Scotland von der Essex Badger Protection Group erh\u00e4lt den National Award f\u00fcr herausragende Dienste f\u00fcr Dachse. Am 6. Juli 2024 \u00fcberreichte die Wildtieraktivistin Dr.","og_url":"https:\/\/www.strassenweb.de\/nachrichten\/der-jaehrliche-nationale-preis-der-wohltaetigkeitsorganisation-wuerdigt-engagement-und-engagement-fuer-dachse\/","og_site_name":"Stra\u00dfenweb","article_publisher":"https:\/\/www.facebook.com\/strassenweb\/","article_published_time":"2024-10-03T19:52:54+00:00","article_modified_time":"2024-10-03T19:52:55+00:00","og_image":[{"width":900,"height":600,"url":"https:\/\/www.strassenweb.de\/nachrichten\/wp-content\/uploads\/2024\/09\/Erste-Reaktion-des-Badger-Trust-auf-die-Regierungserklaerung-zum-Plan.jpg","type":"image\/jpeg"}],"author":"Robert Hoffmann","twitter_card":"summary_large_image","twitter_misc":{"Verfasst von":"Robert Hoffmann","Gesch\u00e4tzte Lesezeit":"3\u00a0Minuten"},"schema":{"@context":"https:\/\/schema.org","@graph":[{"@type":"Article","@id":"https:\/\/www.strassenweb.de\/nachrichten\/der-jaehrliche-nationale-preis-der-wohltaetigkeitsorganisation-wuerdigt-engagement-und-engagement-fuer-dachse\/#article","isPartOf":{"@id":"https:\/\/www.strassenweb.de\/nachrichten\/der-jaehrliche-nationale-preis-der-wohltaetigkeitsorganisation-wuerdigt-engagement-und-engagement-fuer-dachse\/"},"author":{"name":"Robert Hoffmann","@id":"https:\/\/www.strassenweb.de\/nachrichten\/#\/schema\/person\/87c9c9067f1211da429a744dc5a5aa41"},"headline":"Der j\u00e4hrliche nationale Preis der Wohlt\u00e4tigkeitsorganisation w\u00fcrdigt Engagement und Engagement f\u00fcr Dachse","datePublished":"2024-10-03T19:52:54+00:00","dateModified":"2024-10-03T19:52:55+00:00","mainEntityOfPage":{"@id":"https:\/\/www.strassenweb.de\/nachrichten\/der-jaehrliche-nationale-preis-der-wohltaetigkeitsorganisation-wuerdigt-engagement-und-engagement-fuer-dachse\/"},"wordCount":611,"publisher":{"@id":"https:\/\/www.strassenweb.de\/nachrichten\/#organization"},"image":{"@id":"https:\/\/www.strassenweb.de\/nachrichten\/der-jaehrliche-nationale-preis-der-wohltaetigkeitsorganisation-wuerdigt-engagement-und-engagement-fuer-dachse\/#primaryimage"},"thumbnailUrl":"https:\/\/www.strassenweb.de\/nachrichten\/wp-content\/uploads\/2024\/09\/Erste-Reaktion-des-Badger-Trust-auf-die-Regierungserklaerung-zum-Plan.jpg","keywords":["Dachse","der","Engagement","f\u00fcr","j\u00e4hrliche","Nationale","Preis","und","Wohlt\u00e4tigkeitsorganisation","w\u00fcrdigt"],"articleSection":["\u00d6kologie"],"inLanguage":"de"},{"@type":"WebPage","@id":"https:\/\/www.strassenweb.de\/nachrichten\/der-jaehrliche-nationale-preis-der-wohltaetigkeitsorganisation-wuerdigt-engagement-und-engagement-fuer-dachse\/","url":"https:\/\/www.strassenweb.de\/nachrichten\/der-jaehrliche-nationale-preis-der-wohltaetigkeitsorganisation-wuerdigt-engagement-und-engagement-fuer-dachse\/","name":"Der j\u00e4hrliche nationale Preis der Wohlt\u00e4tigkeitsorganisation w\u00fcrdigt Engagement und Engagement f\u00fcr Dachse - Nachrichten - Stra\u00dfenweb","isPartOf":{"@id":"https:\/\/www.strassenweb.de\/nachrichten\/#website"},"primaryImageOfPage":{"@id":"https:\/\/www.strassenweb.de\/nachrichten\/der-jaehrliche-nationale-preis-der-wohltaetigkeitsorganisation-wuerdigt-engagement-und-engagement-fuer-dachse\/#primaryimage"},"image":{"@id":"https:\/\/www.strassenweb.de\/nachrichten\/der-jaehrliche-nationale-preis-der-wohltaetigkeitsorganisation-wuerdigt-engagement-und-engagement-fuer-dachse\/#primaryimage"},"thumbnailUrl":"https:\/\/www.strassenweb.de\/nachrichten\/wp-content\/uploads\/2024\/09\/Erste-Reaktion-des-Badger-Trust-auf-die-Regierungserklaerung-zum-Plan.jpg","datePublished":"2024-10-03T19:52:54+00:00","dateModified":"2024-10-03T19:52:55+00:00","breadcrumb":{"@id":"https:\/\/www.strassenweb.de\/nachrichten\/der-jaehrliche-nationale-preis-der-wohltaetigkeitsorganisation-wuerdigt-engagement-und-engagement-fuer-dachse\/#breadcrumb"},"inLanguage":"de","potentialAction":[{"@type":"ReadAction","target":["https:\/\/www.strassenweb.de\/nachrichten\/der-jaehrliche-nationale-preis-der-wohltaetigkeitsorganisation-wuerdigt-engagement-und-engagement-fuer-dachse\/"]}]},{"@type":"ImageObject","inLanguage":"de","@id":"https:\/\/www.strassenweb.de\/nachrichten\/der-jaehrliche-nationale-preis-der-wohltaetigkeitsorganisation-wuerdigt-engagement-und-engagement-fuer-dachse\/#primaryimage","url":"https:\/\/www.strassenweb.de\/nachrichten\/wp-content\/uploads\/2024\/09\/Erste-Reaktion-des-Badger-Trust-auf-die-Regierungserklaerung-zum-Plan.jpg","contentUrl":"https:\/\/www.strassenweb.de\/nachrichten\/wp-content\/uploads\/2024\/09\/Erste-Reaktion-des-Badger-Trust-auf-die-Regierungserklaerung-zum-Plan.jpg","width":900,"height":600,"caption":"Initial Response to Government Statement on bTB eradication plan from Badger Trust"},{"@type":"BreadcrumbList","@id":"https:\/\/www.strassenweb.de\/nachrichten\/der-jaehrliche-nationale-preis-der-wohltaetigkeitsorganisation-wuerdigt-engagement-und-engagement-fuer-dachse\/#breadcrumb","itemListElement":[{"@type":"ListItem","position":1,"name":"Home","item":"https:\/\/www.strassenweb.de\/nachrichten\/"},{"@type":"ListItem","position":2,"name":"Der j\u00e4hrliche nationale Preis der Wohlt\u00e4tigkeitsorganisation w\u00fcrdigt Engagement und Engagement f\u00fcr Dachse"}]},{"@type":"WebSite","@id":"https:\/\/www.strassenweb.de\/nachrichten\/#website","url":"https:\/\/www.strassenweb.de\/nachrichten\/","name":"Stra\u00dfenweb","description":"Stra\u00dfenverzeichnis f\u00fcr Deutschland","publisher":{"@id":"https:\/\/www.strassenweb.de\/nachrichten\/#organization"},"potentialAction":[{"@type":"SearchAction","target":{"@type":"EntryPoint","urlTemplate":"https:\/\/www.strassenweb.de\/nachrichten\/?s={search_term_string}"},"query-input":{"@type":"PropertyValueSpecification","valueRequired":true,"valueName":"search_term_string"}}],"inLanguage":"de"},{"@type":"Organization","@id":"https:\/\/www.strassenweb.de\/nachrichten\/#organization","name":"Stra\u00dfenweb","url":"https:\/\/www.strassenweb.de\/nachrichten\/","logo":{"@type":"ImageObject","inLanguage":"de","@id":"https:\/\/www.strassenweb.de\/nachrichten\/#\/schema\/logo\/image\/","url":"https:\/\/www.strassenweb.de\/nachrichten\/wp-content\/uploads\/2024\/09\/cropped-favicon.png","contentUrl":"https:\/\/www.strassenweb.de\/nachrichten\/wp-content\/uploads\/2024\/09\/cropped-favicon.png","width":512,"height":512,"caption":"Stra\u00dfenweb"},"image":{"@id":"https:\/\/www.strassenweb.de\/nachrichten\/#\/schema\/logo\/image\/"},"sameAs":["https:\/\/www.facebook.com\/strassenweb\/"]},{"@type":"Person","@id":"https:\/\/www.strassenweb.de\/nachrichten\/#\/schema\/person\/87c9c9067f1211da429a744dc5a5aa41","name":"Robert Hoffmann","image":{"@type":"ImageObject","inLanguage":"de","@id":"https:\/\/www.strassenweb.de\/nachrichten\/wp-content\/uploads\/2024\/09\/strassenweb-150x150.jpg","url":"https:\/\/www.strassenweb.de\/nachrichten\/wp-content\/uploads\/2024\/09\/strassenweb-150x150.jpg","contentUrl":"https:\/\/www.strassenweb.de\/nachrichten\/wp-content\/uploads\/2024\/09\/strassenweb-150x150.jpg","caption":"Robert Hoffmann"},"description":"Ich hei\u00dfe Robert Hoffmann und ich bin ein leidenschaftlicher Verfechter von \u00d6kologie und Biodiversit\u00e4t. Seit meiner Kindheit in den W\u00e4ldern Bayerns f\u00fchle ich mich mit der Natur verbunden und bin entschlossen, sie zu sch\u00fctzen. Heute widme ich mein Leben der Sensibilisierung anderer f\u00fcr die Bedeutung des Umweltschutzes f\u00fcr zuk\u00fcnftige Generationen.","sameAs":["https:\/\/www.strassenweb.de\/"]}]}},"_links":{"self":[{"href":"https:\/\/www.strassenweb.de\/nachrichten\/wp-json\/wp\/v2\/posts\/570","targetHints":{"allow":["GET"]}}],"collection":[{"href":"https:\/\/www.strassenweb.de\/nachrichten\/wp-json\/wp\/v2\/posts"}],"about":[{"href":"https:\/\/www.strassenweb.de\/nachrichten\/wp-json\/wp\/v2\/types\/post"}],"author":[{"embeddable":true,"href":"https:\/\/www.strassenweb.de\/nachrichten\/wp-json\/wp\/v2\/users\/1"}],"replies":[{"embeddable":true,"href":"https:\/\/www.strassenweb.de\/nachrichten\/wp-json\/wp\/v2\/comments?post=570"}],"version-history":[{"count":0,"href":"https:\/\/www.strassenweb.de\/nachrichten\/wp-json\/wp\/v2\/posts\/570\/revisions"}],"wp:featuredmedia":[{"embeddable":true,"href":"https:\/\/www.strassenweb.de\/nachrichten\/wp-json\/wp\/v2\/media\/198"}],"wp:attachment":[{"href":"https:\/\/www.strassenweb.de\/nachrichten\/wp-json\/wp\/v2\/media?parent=570"}],"wp:term":[{"taxonomy":"category","embeddable":true,"href":"https:\/\/www.strassenweb.de\/nachrichten\/wp-json\/wp\/v2\/categories?post=570"},{"taxonomy":"post_tag","embeddable":true,"href":"https:\/\/www.strassenweb.de\/nachrichten\/wp-json\/wp\/v2\/tags?post=570"}],"curies":[{"name":"wp","href":"https:\/\/api.w.org\/{rel}","templated":true}]}}