{"id":5693,"date":"2025-06-16T05:42:14","date_gmt":"2025-06-16T03:42:14","guid":{"rendered":"https:\/\/www.strassenweb.de\/nachrichten\/ich-dachte-ich-waere-ueber-diese-anti-trend-farbe-aber-audrey-hepburns-new-yorker-wohnung-beweist-dass-es-die-beste-wahl-fuer-kleine-kuechen-ist\/"},"modified":"2025-06-16T05:42:15","modified_gmt":"2025-06-16T03:42:15","slug":"ich-dachte-ich-waere-ueber-diese-anti-trend-farbe-aber-audrey-hepburns-new-yorker-wohnung-beweist-dass-es-die-beste-wahl-fuer-kleine-kuechen-ist","status":"publish","type":"post","link":"https:\/\/www.strassenweb.de\/nachrichten\/ich-dachte-ich-waere-ueber-diese-anti-trend-farbe-aber-audrey-hepburns-new-yorker-wohnung-beweist-dass-es-die-beste-wahl-fuer-kleine-kuechen-ist\/","title":{"rendered":"Ich dachte, ich w\u00e4re \u00fcber diese Anti-Trend-Farbe, aber Audrey Hepburns New Yorker Wohnung beweist, dass es die beste Wahl f\u00fcr kleine K\u00fcchen ist"},"content":{"rendered":"<p><\/p>\n<div id=\"article-body\" class=\"article__body \">\n<p>Ich habe den gr\u00f6\u00dften Teil meines Erwachsenenlebens in einer Gro\u00dfstadt gelebt. Zuerst New York und dann London. Was die meisten Menschen betrifft, hat eine gro\u00dfe Stadt f\u00fcr mich immer dazu gedacht, in einer kleinen Wohnung mit einer winzigen K\u00fcche zu leben.<\/p>\n<div id=\"ad-unit-1\" class=\"ad-unit\"><\/div>\n<p>Archivbilder zeigen, dass selbst Audrey Hepburn Platz f\u00fcr den Zugang zum Big Apple geopfert hat. Ein Bild von 1954 enth\u00fcllt, dass die <em>Fr\u00fchst\u00fcck bei Tiffany&#8217;s<\/em> Die Schauspielerin kochte den gr\u00f6\u00dften Teil ihres Kochens in einer ultra-nackigen Galeere-K\u00fcche. Trotz der niedrigen Quadratmeterzahl des Raums erscheint ihre K\u00fcche hell und weitl\u00e4ufig. Eine Farbe ist schuld: wei\u00df.<\/p>\n<p>Ich gebe zu, ich war noch nie ein Fan von wei\u00dfen K\u00fcchenideen. Mein Innenarchitekturstil ist maximalistisch und farbenfroh; Ich liebe Drucke, Texturen und Bric-a-brac auf jeder Oberfl\u00e4che. Die Kombination schien immer zu steril und glatt zu sein, ohne dass eine Spur von Pers\u00f6nlichkeit.<\/p>\n<div id=\"desktop-in-article\" class=\"in-article ad-unit\">\n<div id=\"desktop-taboola-mid-article\"><\/div>\n<\/div>\n<div id=\"mobile-in-article\" class=\"in-article ad-unit\">\n<div id=\"mobile-taboola-mid-article\"><\/div>\n<\/div>\n<div class=\"van_vid_carousel\">\n<div class=\"van_vid_carousel__padding\">\n<div class=\"van_vid_carousel__container\"><\/div>\n<\/div>\n<\/div>\n<aside data-component-name=\"Recirculation:ArticleRiver\" format=\"inline\" data-nosnippet>\n<span class=\"bg-secondary-500 text-white text-lg font-bold uppercase py-1 px-2 leading-(1.625rem) sm:leading-(6px) sm:text-sm\"><\/p>\n<p>Sie m\u00f6gen m\u00f6gen<br \/>\n<\/span><\/p>\n<ul class=\"flex flex-col my-2 list-outside ms-5 bg-none\">\n<li class=\"m-0 mb-2\" name=\"recirculation-inline\" data-analytics-id=\"recirculation-inline-1\" analytics-label=\"adviser:related\">\n<p>Ich dachte, ich w\u00e4re \u00fcber wei\u00dfe K\u00fcchen, aber die Schr\u00e4nke von Brooke Shields erinnerten mich daran, warum es eine wirklich zeitlose Farbauswahl ist<\/p>\n<\/li>\n<li class=\"m-0 mb-2\" name=\"recirculation-inline\" data-analytics-id=\"recirculation-inline-2\" analytics-label=\"adviser:related\">\n<p>Eine m\u00fcde K\u00fcche wurde in den klassischsten Raum neu interpretiert &#8211; und sie beweist<\/p>\n<\/li>\n<li class=\"m-0 mb-2\" name=\"recirculation-inline\" data-analytics-id=\"recirculation-inline-3\" analytics-label=\"adviser:related\">\n<p>Hilaria und Alec Baldwins K\u00fcchenschrankfarbe ist auffallend einfach &#8211; der hellende Farbton ist ein Klassiker aus einem Grund<\/p>\n<\/li>\n<\/ul>\n<\/aside>\n<figure class=\"van-image-figure inline-layout \" data-bordeaux-image-check>\n<div class=\"image-full-width-wrapper\">\n<div class=\"image-widthsetter\" style=\"max-width:2000px;\"><\/div>\n<\/div>\n<\/figure>\n<div class=\"product-container hero-product-container product-block-no-wrap\">\n<div class=\"product-block-row\"><\/div>\n<div class=\"product-block-row\"><\/div>\n<div class=\"product-block-row\"><\/div>\n<\/div>\n<aside data-block-type=\"embed\" data-render-type=\"fte\" data-skip=\"dealsy\" data-widget-type=\"seasonal\" class=\"hawk-base\"><\/aside>\n<p>Selbst ich muss jedoch besitzen, dass die Farbe perfekt f\u00fcr Audreys kleine K\u00fcche, reformierte Hasser, die ich bin. Die langen wei\u00dfen Schr\u00e4nke zeichnen das Auge und betonen die beeindruckende H\u00f6he des Raumes und nicht die schmale Breite. Ihre wei\u00dfen gefliesten Arbeitsplatten sehen auch mit einer gro\u00dfen Vase sauber und expansiv aus. Sogar die wei\u00dfe Verkleidung und die Fensterl\u00e4den am Fenster erhellen und vergr\u00f6\u00dfern den Raum. Es zeigt, dass es keine bessere Farbe als Wei\u00df gibt, wenn Sie eine kleine K\u00fcche dekorieren.<\/p>\n<div id=\"ad-unit-2\" class=\"ad-unit\"><\/div>\n<p>Audreys Raum enth\u00e4lt eine weitere ebenso wichtige Lektion, n\u00e4mlich, dass ein evokatives Dekor ein wesentlicher Bestandteil der kleinen wei\u00dfen K\u00fcche ist, die interessant aussehen. Die Schauspielerin verwendet eine mit Iris gef\u00fcllte niedrige Vase, aber jede Art von Blumenarrangement ist eine gro\u00dfartige Erg\u00e4nzung.<\/p>\n<p>Abh\u00e4ngig von Ihrem Stil k\u00f6nnen Sie eine Vielzahl von Arbeitsplatten -Ausstattung wie interessante Salz- und Pfeffersch\u00fcttler, h\u00fcbsche Geschirrt\u00fccher und ein Marmor -Schneidebrett verwenden, um Ihre G\u00e4ste zu bet\u00e4uben. Alle diese Akzente sorgen f\u00fcr Interesse, ohne den dringend ben\u00f6tigten Raum zu minimieren.<\/p>\n<hr>\n<p>Von hier aus werde ich meine Schr\u00e4nke wei\u00df lackieren, solange ich in einer kleinen Wohnung lebe. Wenn Audrey Hepburn es tut, kann es nicht zu falsch sein.<\/p>\n<div id=\"slice-container-newsletterForm-articleInbodyContent-8yazA8ZUeKS4gL3MYpyw6D\" class=\"slice-container newsletter-inbodyContent-slice newsletterForm-articleInbodyContent-8yazA8ZUeKS4gL3MYpyw6D slice-container-newsletterForm\"><\/div>\n<hr>\n<\/div>\n","protected":false},"excerpt":{"rendered":"<p>Ich habe den gr\u00f6\u00dften Teil meines Erwachsenenlebens in einer Gro\u00dfstadt gelebt. Zuerst New York und dann London. Was die meisten Menschen betrifft, hat eine gro\u00dfe<\/p>\n","protected":false},"author":1,"featured_media":5694,"comment_status":"closed","ping_status":"","sticky":false,"template":"","format":"standard","meta":{"footnotes":""},"categories":[118],"tags":[357,8062,4477,201,2037,174,51,9,143,55,5349,129,15,1672,992,260,202,8061,1125,7722],"class_list":["post-5693","post","type-post","status-publish","format-standard","has-post-thumbnail","hentry","category-haus-garten","tag-aber","tag-antitrendfarbe","tag-audrey","tag-beste","tag-beweist","tag-dachte","tag-dass","tag-die","tag-diese","tag-fuer","tag-hepburns","tag-ich","tag-ist","tag-kleine","tag-kuechen","tag-ueber","tag-wahl","tag-waere","tag-wohnung","tag-yorker","generate-columns","tablet-grid-50","mobile-grid-100","grid-parent","grid-50"],"yoast_head":"<!-- This site is optimized with the Yoast SEO plugin v27.3 - https:\/\/yoast.com\/product\/yoast-seo-wordpress\/ -->\n<title>Ich dachte, ich w\u00e4re \u00fcber diese Anti-Trend-Farbe, aber Audrey Hepburns New Yorker Wohnung beweist, dass es die beste Wahl f\u00fcr kleine K\u00fcchen ist - Nachrichten - Stra\u00dfenweb<\/title>\n<meta name=\"robots\" content=\"index, follow, max-snippet:-1, max-image-preview:large, max-video-preview:-1\" \/>\n<link rel=\"canonical\" href=\"https:\/\/www.strassenweb.de\/nachrichten\/ich-dachte-ich-waere-ueber-diese-anti-trend-farbe-aber-audrey-hepburns-new-yorker-wohnung-beweist-dass-es-die-beste-wahl-fuer-kleine-kuechen-ist\/\" \/>\n<meta property=\"og:locale\" content=\"de_DE\" \/>\n<meta property=\"og:type\" content=\"article\" \/>\n<meta property=\"og:title\" content=\"Ich dachte, ich w\u00e4re \u00fcber diese Anti-Trend-Farbe, aber Audrey Hepburns New Yorker Wohnung beweist, dass es die beste Wahl f\u00fcr kleine K\u00fcchen ist - Nachrichten - Stra\u00dfenweb\" \/>\n<meta property=\"og:description\" content=\"Ich habe den gr\u00f6\u00dften Teil meines Erwachsenenlebens in einer Gro\u00dfstadt gelebt. Zuerst New York und dann London. Was die meisten Menschen betrifft, hat eine gro\u00dfe\" \/>\n<meta property=\"og:url\" content=\"https:\/\/www.strassenweb.de\/nachrichten\/ich-dachte-ich-waere-ueber-diese-anti-trend-farbe-aber-audrey-hepburns-new-yorker-wohnung-beweist-dass-es-die-beste-wahl-fuer-kleine-kuechen-ist\/\" \/>\n<meta property=\"og:site_name\" content=\"Stra\u00dfenweb\" \/>\n<meta property=\"article:publisher\" content=\"https:\/\/www.facebook.com\/strassenweb\/\" \/>\n<meta property=\"article:published_time\" content=\"2025-06-16T03:42:14+00:00\" \/>\n<meta property=\"article:modified_time\" content=\"2025-06-16T03:42:15+00:00\" \/>\n<meta property=\"og:image\" content=\"https:\/\/www.strassenweb.de\/nachrichten\/wp-content\/uploads\/2025\/06\/5cc5HrT6VGB9rVY4TN5VDQ.jpg\" \/>\n\t<meta property=\"og:image:width\" content=\"1600\" \/>\n\t<meta property=\"og:image:height\" content=\"900\" \/>\n\t<meta property=\"og:image:type\" content=\"image\/jpeg\" \/>\n<meta name=\"author\" content=\"Robert Hoffmann\" \/>\n<meta name=\"twitter:card\" content=\"summary_large_image\" \/>\n<meta name=\"twitter:label1\" content=\"Verfasst von\" \/>\n\t<meta name=\"twitter:data1\" content=\"Robert Hoffmann\" \/>\n\t<meta name=\"twitter:label2\" content=\"Gesch\u00e4tzte Lesezeit\" \/>\n\t<meta name=\"twitter:data2\" content=\"2\u00a0Minuten\" \/>\n<script type=\"application\/ld+json\" class=\"yoast-schema-graph\">{\"@context\":\"https:\\\/\\\/schema.org\",\"@graph\":[{\"@type\":\"Article\",\"@id\":\"https:\\\/\\\/www.strassenweb.de\\\/nachrichten\\\/ich-dachte-ich-waere-ueber-diese-anti-trend-farbe-aber-audrey-hepburns-new-yorker-wohnung-beweist-dass-es-die-beste-wahl-fuer-kleine-kuechen-ist\\\/#article\",\"isPartOf\":{\"@id\":\"https:\\\/\\\/www.strassenweb.de\\\/nachrichten\\\/ich-dachte-ich-waere-ueber-diese-anti-trend-farbe-aber-audrey-hepburns-new-yorker-wohnung-beweist-dass-es-die-beste-wahl-fuer-kleine-kuechen-ist\\\/\"},\"author\":{\"name\":\"Robert Hoffmann\",\"@id\":\"https:\\\/\\\/www.strassenweb.de\\\/nachrichten\\\/#\\\/schema\\\/person\\\/87c9c9067f1211da429a744dc5a5aa41\"},\"headline\":\"Ich dachte, ich w\u00e4re \u00fcber diese Anti-Trend-Farbe, aber Audrey Hepburns New Yorker Wohnung beweist, dass es die beste Wahl f\u00fcr kleine K\u00fcchen ist\",\"datePublished\":\"2025-06-16T03:42:14+00:00\",\"dateModified\":\"2025-06-16T03:42:15+00:00\",\"mainEntityOfPage\":{\"@id\":\"https:\\\/\\\/www.strassenweb.de\\\/nachrichten\\\/ich-dachte-ich-waere-ueber-diese-anti-trend-farbe-aber-audrey-hepburns-new-yorker-wohnung-beweist-dass-es-die-beste-wahl-fuer-kleine-kuechen-ist\\\/\"},\"wordCount\":467,\"publisher\":{\"@id\":\"https:\\\/\\\/www.strassenweb.de\\\/nachrichten\\\/#organization\"},\"image\":{\"@id\":\"https:\\\/\\\/www.strassenweb.de\\\/nachrichten\\\/ich-dachte-ich-waere-ueber-diese-anti-trend-farbe-aber-audrey-hepburns-new-yorker-wohnung-beweist-dass-es-die-beste-wahl-fuer-kleine-kuechen-ist\\\/#primaryimage\"},\"thumbnailUrl\":\"https:\\\/\\\/www.strassenweb.de\\\/nachrichten\\\/wp-content\\\/uploads\\\/2025\\\/06\\\/5cc5HrT6VGB9rVY4TN5VDQ.jpg\",\"keywords\":[\"aber\",\"AntiTrendFarbe\",\"Audrey\",\"beste\",\"beweist\",\"dachte\",\"dass\",\"die\",\"diese\",\"f\u00fcr\",\"Hepburns\",\"ich\",\"ist\",\"kleine\",\"K\u00fcchen\",\"\u00fcber\",\"Wahl\",\"w\u00e4re\",\"Wohnung\",\"Yorker\"],\"articleSection\":[\"Haus &amp; Garten\"],\"inLanguage\":\"de\"},{\"@type\":\"WebPage\",\"@id\":\"https:\\\/\\\/www.strassenweb.de\\\/nachrichten\\\/ich-dachte-ich-waere-ueber-diese-anti-trend-farbe-aber-audrey-hepburns-new-yorker-wohnung-beweist-dass-es-die-beste-wahl-fuer-kleine-kuechen-ist\\\/\",\"url\":\"https:\\\/\\\/www.strassenweb.de\\\/nachrichten\\\/ich-dachte-ich-waere-ueber-diese-anti-trend-farbe-aber-audrey-hepburns-new-yorker-wohnung-beweist-dass-es-die-beste-wahl-fuer-kleine-kuechen-ist\\\/\",\"name\":\"Ich dachte, ich w\u00e4re \u00fcber diese Anti-Trend-Farbe, aber Audrey Hepburns New Yorker Wohnung beweist, dass es die beste Wahl f\u00fcr kleine K\u00fcchen ist - Nachrichten - Stra\u00dfenweb\",\"isPartOf\":{\"@id\":\"https:\\\/\\\/www.strassenweb.de\\\/nachrichten\\\/#website\"},\"primaryImageOfPage\":{\"@id\":\"https:\\\/\\\/www.strassenweb.de\\\/nachrichten\\\/ich-dachte-ich-waere-ueber-diese-anti-trend-farbe-aber-audrey-hepburns-new-yorker-wohnung-beweist-dass-es-die-beste-wahl-fuer-kleine-kuechen-ist\\\/#primaryimage\"},\"image\":{\"@id\":\"https:\\\/\\\/www.strassenweb.de\\\/nachrichten\\\/ich-dachte-ich-waere-ueber-diese-anti-trend-farbe-aber-audrey-hepburns-new-yorker-wohnung-beweist-dass-es-die-beste-wahl-fuer-kleine-kuechen-ist\\\/#primaryimage\"},\"thumbnailUrl\":\"https:\\\/\\\/www.strassenweb.de\\\/nachrichten\\\/wp-content\\\/uploads\\\/2025\\\/06\\\/5cc5HrT6VGB9rVY4TN5VDQ.jpg\",\"datePublished\":\"2025-06-16T03:42:14+00:00\",\"dateModified\":\"2025-06-16T03:42:15+00:00\",\"breadcrumb\":{\"@id\":\"https:\\\/\\\/www.strassenweb.de\\\/nachrichten\\\/ich-dachte-ich-waere-ueber-diese-anti-trend-farbe-aber-audrey-hepburns-new-yorker-wohnung-beweist-dass-es-die-beste-wahl-fuer-kleine-kuechen-ist\\\/#breadcrumb\"},\"inLanguage\":\"de\",\"potentialAction\":[{\"@type\":\"ReadAction\",\"target\":[\"https:\\\/\\\/www.strassenweb.de\\\/nachrichten\\\/ich-dachte-ich-waere-ueber-diese-anti-trend-farbe-aber-audrey-hepburns-new-yorker-wohnung-beweist-dass-es-die-beste-wahl-fuer-kleine-kuechen-ist\\\/\"]}]},{\"@type\":\"ImageObject\",\"inLanguage\":\"de\",\"@id\":\"https:\\\/\\\/www.strassenweb.de\\\/nachrichten\\\/ich-dachte-ich-waere-ueber-diese-anti-trend-farbe-aber-audrey-hepburns-new-yorker-wohnung-beweist-dass-es-die-beste-wahl-fuer-kleine-kuechen-ist\\\/#primaryimage\",\"url\":\"https:\\\/\\\/www.strassenweb.de\\\/nachrichten\\\/wp-content\\\/uploads\\\/2025\\\/06\\\/5cc5HrT6VGB9rVY4TN5VDQ.jpg\",\"contentUrl\":\"https:\\\/\\\/www.strassenweb.de\\\/nachrichten\\\/wp-content\\\/uploads\\\/2025\\\/06\\\/5cc5HrT6VGB9rVY4TN5VDQ.jpg\",\"width\":1600,\"height\":900,\"caption\":\"audrey hepburn on a black background\"},{\"@type\":\"BreadcrumbList\",\"@id\":\"https:\\\/\\\/www.strassenweb.de\\\/nachrichten\\\/ich-dachte-ich-waere-ueber-diese-anti-trend-farbe-aber-audrey-hepburns-new-yorker-wohnung-beweist-dass-es-die-beste-wahl-fuer-kleine-kuechen-ist\\\/#breadcrumb\",\"itemListElement\":[{\"@type\":\"ListItem\",\"position\":1,\"name\":\"Home\",\"item\":\"https:\\\/\\\/www.strassenweb.de\\\/nachrichten\\\/\"},{\"@type\":\"ListItem\",\"position\":2,\"name\":\"Ich dachte, ich w\u00e4re \u00fcber diese Anti-Trend-Farbe, aber Audrey Hepburns New Yorker Wohnung beweist, dass es die beste Wahl f\u00fcr kleine K\u00fcchen ist\"}]},{\"@type\":\"WebSite\",\"@id\":\"https:\\\/\\\/www.strassenweb.de\\\/nachrichten\\\/#website\",\"url\":\"https:\\\/\\\/www.strassenweb.de\\\/nachrichten\\\/\",\"name\":\"Stra\u00dfenweb\",\"description\":\"Stra\u00dfenverzeichnis f\u00fcr Deutschland\",\"publisher\":{\"@id\":\"https:\\\/\\\/www.strassenweb.de\\\/nachrichten\\\/#organization\"},\"potentialAction\":[{\"@type\":\"SearchAction\",\"target\":{\"@type\":\"EntryPoint\",\"urlTemplate\":\"https:\\\/\\\/www.strassenweb.de\\\/nachrichten\\\/?s={search_term_string}\"},\"query-input\":{\"@type\":\"PropertyValueSpecification\",\"valueRequired\":true,\"valueName\":\"search_term_string\"}}],\"inLanguage\":\"de\"},{\"@type\":\"Organization\",\"@id\":\"https:\\\/\\\/www.strassenweb.de\\\/nachrichten\\\/#organization\",\"name\":\"Stra\u00dfenweb\",\"url\":\"https:\\\/\\\/www.strassenweb.de\\\/nachrichten\\\/\",\"logo\":{\"@type\":\"ImageObject\",\"inLanguage\":\"de\",\"@id\":\"https:\\\/\\\/www.strassenweb.de\\\/nachrichten\\\/#\\\/schema\\\/logo\\\/image\\\/\",\"url\":\"https:\\\/\\\/www.strassenweb.de\\\/nachrichten\\\/wp-content\\\/uploads\\\/2024\\\/09\\\/cropped-favicon.png\",\"contentUrl\":\"https:\\\/\\\/www.strassenweb.de\\\/nachrichten\\\/wp-content\\\/uploads\\\/2024\\\/09\\\/cropped-favicon.png\",\"width\":512,\"height\":512,\"caption\":\"Stra\u00dfenweb\"},\"image\":{\"@id\":\"https:\\\/\\\/www.strassenweb.de\\\/nachrichten\\\/#\\\/schema\\\/logo\\\/image\\\/\"},\"sameAs\":[\"https:\\\/\\\/www.facebook.com\\\/strassenweb\\\/\"]},{\"@type\":\"Person\",\"@id\":\"https:\\\/\\\/www.strassenweb.de\\\/nachrichten\\\/#\\\/schema\\\/person\\\/87c9c9067f1211da429a744dc5a5aa41\",\"name\":\"Robert Hoffmann\",\"image\":{\"@type\":\"ImageObject\",\"inLanguage\":\"de\",\"@id\":\"https:\\\/\\\/www.strassenweb.de\\\/nachrichten\\\/wp-content\\\/uploads\\\/2024\\\/09\\\/strassenweb-150x150.jpg\",\"url\":\"https:\\\/\\\/www.strassenweb.de\\\/nachrichten\\\/wp-content\\\/uploads\\\/2024\\\/09\\\/strassenweb-150x150.jpg\",\"contentUrl\":\"https:\\\/\\\/www.strassenweb.de\\\/nachrichten\\\/wp-content\\\/uploads\\\/2024\\\/09\\\/strassenweb-150x150.jpg\",\"caption\":\"Robert Hoffmann\"},\"description\":\"Ich hei\u00dfe Robert Hoffmann und ich bin ein leidenschaftlicher Verfechter von \u00d6kologie und Biodiversit\u00e4t. Seit meiner Kindheit in den W\u00e4ldern Bayerns f\u00fchle ich mich mit der Natur verbunden und bin entschlossen, sie zu sch\u00fctzen. Heute widme ich mein Leben der Sensibilisierung anderer f\u00fcr die Bedeutung des Umweltschutzes f\u00fcr zuk\u00fcnftige Generationen.\",\"sameAs\":[\"https:\\\/\\\/www.strassenweb.de\\\/\"]}]}<\/script>\n<!-- \/ Yoast SEO plugin. -->","yoast_head_json":{"title":"Ich dachte, ich w\u00e4re \u00fcber diese Anti-Trend-Farbe, aber Audrey Hepburns New Yorker Wohnung beweist, dass es die beste Wahl f\u00fcr kleine K\u00fcchen ist - Nachrichten - Stra\u00dfenweb","robots":{"index":"index","follow":"follow","max-snippet":"max-snippet:-1","max-image-preview":"max-image-preview:large","max-video-preview":"max-video-preview:-1"},"canonical":"https:\/\/www.strassenweb.de\/nachrichten\/ich-dachte-ich-waere-ueber-diese-anti-trend-farbe-aber-audrey-hepburns-new-yorker-wohnung-beweist-dass-es-die-beste-wahl-fuer-kleine-kuechen-ist\/","og_locale":"de_DE","og_type":"article","og_title":"Ich dachte, ich w\u00e4re \u00fcber diese Anti-Trend-Farbe, aber Audrey Hepburns New Yorker Wohnung beweist, dass es die beste Wahl f\u00fcr kleine K\u00fcchen ist - Nachrichten - Stra\u00dfenweb","og_description":"Ich habe den gr\u00f6\u00dften Teil meines Erwachsenenlebens in einer Gro\u00dfstadt gelebt. Zuerst New York und dann London. Was die meisten Menschen betrifft, hat eine gro\u00dfe","og_url":"https:\/\/www.strassenweb.de\/nachrichten\/ich-dachte-ich-waere-ueber-diese-anti-trend-farbe-aber-audrey-hepburns-new-yorker-wohnung-beweist-dass-es-die-beste-wahl-fuer-kleine-kuechen-ist\/","og_site_name":"Stra\u00dfenweb","article_publisher":"https:\/\/www.facebook.com\/strassenweb\/","article_published_time":"2025-06-16T03:42:14+00:00","article_modified_time":"2025-06-16T03:42:15+00:00","og_image":[{"width":1600,"height":900,"url":"https:\/\/www.strassenweb.de\/nachrichten\/wp-content\/uploads\/2025\/06\/5cc5HrT6VGB9rVY4TN5VDQ.jpg","type":"image\/jpeg"}],"author":"Robert Hoffmann","twitter_card":"summary_large_image","twitter_misc":{"Verfasst von":"Robert Hoffmann","Gesch\u00e4tzte Lesezeit":"2\u00a0Minuten"},"schema":{"@context":"https:\/\/schema.org","@graph":[{"@type":"Article","@id":"https:\/\/www.strassenweb.de\/nachrichten\/ich-dachte-ich-waere-ueber-diese-anti-trend-farbe-aber-audrey-hepburns-new-yorker-wohnung-beweist-dass-es-die-beste-wahl-fuer-kleine-kuechen-ist\/#article","isPartOf":{"@id":"https:\/\/www.strassenweb.de\/nachrichten\/ich-dachte-ich-waere-ueber-diese-anti-trend-farbe-aber-audrey-hepburns-new-yorker-wohnung-beweist-dass-es-die-beste-wahl-fuer-kleine-kuechen-ist\/"},"author":{"name":"Robert Hoffmann","@id":"https:\/\/www.strassenweb.de\/nachrichten\/#\/schema\/person\/87c9c9067f1211da429a744dc5a5aa41"},"headline":"Ich dachte, ich w\u00e4re \u00fcber diese Anti-Trend-Farbe, aber Audrey Hepburns New Yorker Wohnung beweist, dass es die beste Wahl f\u00fcr kleine K\u00fcchen ist","datePublished":"2025-06-16T03:42:14+00:00","dateModified":"2025-06-16T03:42:15+00:00","mainEntityOfPage":{"@id":"https:\/\/www.strassenweb.de\/nachrichten\/ich-dachte-ich-waere-ueber-diese-anti-trend-farbe-aber-audrey-hepburns-new-yorker-wohnung-beweist-dass-es-die-beste-wahl-fuer-kleine-kuechen-ist\/"},"wordCount":467,"publisher":{"@id":"https:\/\/www.strassenweb.de\/nachrichten\/#organization"},"image":{"@id":"https:\/\/www.strassenweb.de\/nachrichten\/ich-dachte-ich-waere-ueber-diese-anti-trend-farbe-aber-audrey-hepburns-new-yorker-wohnung-beweist-dass-es-die-beste-wahl-fuer-kleine-kuechen-ist\/#primaryimage"},"thumbnailUrl":"https:\/\/www.strassenweb.de\/nachrichten\/wp-content\/uploads\/2025\/06\/5cc5HrT6VGB9rVY4TN5VDQ.jpg","keywords":["aber","AntiTrendFarbe","Audrey","beste","beweist","dachte","dass","die","diese","f\u00fcr","Hepburns","ich","ist","kleine","K\u00fcchen","\u00fcber","Wahl","w\u00e4re","Wohnung","Yorker"],"articleSection":["Haus &amp; Garten"],"inLanguage":"de"},{"@type":"WebPage","@id":"https:\/\/www.strassenweb.de\/nachrichten\/ich-dachte-ich-waere-ueber-diese-anti-trend-farbe-aber-audrey-hepburns-new-yorker-wohnung-beweist-dass-es-die-beste-wahl-fuer-kleine-kuechen-ist\/","url":"https:\/\/www.strassenweb.de\/nachrichten\/ich-dachte-ich-waere-ueber-diese-anti-trend-farbe-aber-audrey-hepburns-new-yorker-wohnung-beweist-dass-es-die-beste-wahl-fuer-kleine-kuechen-ist\/","name":"Ich dachte, ich w\u00e4re \u00fcber diese Anti-Trend-Farbe, aber Audrey Hepburns New Yorker Wohnung beweist, dass es die beste Wahl f\u00fcr kleine K\u00fcchen ist - Nachrichten - Stra\u00dfenweb","isPartOf":{"@id":"https:\/\/www.strassenweb.de\/nachrichten\/#website"},"primaryImageOfPage":{"@id":"https:\/\/www.strassenweb.de\/nachrichten\/ich-dachte-ich-waere-ueber-diese-anti-trend-farbe-aber-audrey-hepburns-new-yorker-wohnung-beweist-dass-es-die-beste-wahl-fuer-kleine-kuechen-ist\/#primaryimage"},"image":{"@id":"https:\/\/www.strassenweb.de\/nachrichten\/ich-dachte-ich-waere-ueber-diese-anti-trend-farbe-aber-audrey-hepburns-new-yorker-wohnung-beweist-dass-es-die-beste-wahl-fuer-kleine-kuechen-ist\/#primaryimage"},"thumbnailUrl":"https:\/\/www.strassenweb.de\/nachrichten\/wp-content\/uploads\/2025\/06\/5cc5HrT6VGB9rVY4TN5VDQ.jpg","datePublished":"2025-06-16T03:42:14+00:00","dateModified":"2025-06-16T03:42:15+00:00","breadcrumb":{"@id":"https:\/\/www.strassenweb.de\/nachrichten\/ich-dachte-ich-waere-ueber-diese-anti-trend-farbe-aber-audrey-hepburns-new-yorker-wohnung-beweist-dass-es-die-beste-wahl-fuer-kleine-kuechen-ist\/#breadcrumb"},"inLanguage":"de","potentialAction":[{"@type":"ReadAction","target":["https:\/\/www.strassenweb.de\/nachrichten\/ich-dachte-ich-waere-ueber-diese-anti-trend-farbe-aber-audrey-hepburns-new-yorker-wohnung-beweist-dass-es-die-beste-wahl-fuer-kleine-kuechen-ist\/"]}]},{"@type":"ImageObject","inLanguage":"de","@id":"https:\/\/www.strassenweb.de\/nachrichten\/ich-dachte-ich-waere-ueber-diese-anti-trend-farbe-aber-audrey-hepburns-new-yorker-wohnung-beweist-dass-es-die-beste-wahl-fuer-kleine-kuechen-ist\/#primaryimage","url":"https:\/\/www.strassenweb.de\/nachrichten\/wp-content\/uploads\/2025\/06\/5cc5HrT6VGB9rVY4TN5VDQ.jpg","contentUrl":"https:\/\/www.strassenweb.de\/nachrichten\/wp-content\/uploads\/2025\/06\/5cc5HrT6VGB9rVY4TN5VDQ.jpg","width":1600,"height":900,"caption":"audrey hepburn on a black background"},{"@type":"BreadcrumbList","@id":"https:\/\/www.strassenweb.de\/nachrichten\/ich-dachte-ich-waere-ueber-diese-anti-trend-farbe-aber-audrey-hepburns-new-yorker-wohnung-beweist-dass-es-die-beste-wahl-fuer-kleine-kuechen-ist\/#breadcrumb","itemListElement":[{"@type":"ListItem","position":1,"name":"Home","item":"https:\/\/www.strassenweb.de\/nachrichten\/"},{"@type":"ListItem","position":2,"name":"Ich dachte, ich w\u00e4re \u00fcber diese Anti-Trend-Farbe, aber Audrey Hepburns New Yorker Wohnung beweist, dass es die beste Wahl f\u00fcr kleine K\u00fcchen ist"}]},{"@type":"WebSite","@id":"https:\/\/www.strassenweb.de\/nachrichten\/#website","url":"https:\/\/www.strassenweb.de\/nachrichten\/","name":"Stra\u00dfenweb","description":"Stra\u00dfenverzeichnis f\u00fcr Deutschland","publisher":{"@id":"https:\/\/www.strassenweb.de\/nachrichten\/#organization"},"potentialAction":[{"@type":"SearchAction","target":{"@type":"EntryPoint","urlTemplate":"https:\/\/www.strassenweb.de\/nachrichten\/?s={search_term_string}"},"query-input":{"@type":"PropertyValueSpecification","valueRequired":true,"valueName":"search_term_string"}}],"inLanguage":"de"},{"@type":"Organization","@id":"https:\/\/www.strassenweb.de\/nachrichten\/#organization","name":"Stra\u00dfenweb","url":"https:\/\/www.strassenweb.de\/nachrichten\/","logo":{"@type":"ImageObject","inLanguage":"de","@id":"https:\/\/www.strassenweb.de\/nachrichten\/#\/schema\/logo\/image\/","url":"https:\/\/www.strassenweb.de\/nachrichten\/wp-content\/uploads\/2024\/09\/cropped-favicon.png","contentUrl":"https:\/\/www.strassenweb.de\/nachrichten\/wp-content\/uploads\/2024\/09\/cropped-favicon.png","width":512,"height":512,"caption":"Stra\u00dfenweb"},"image":{"@id":"https:\/\/www.strassenweb.de\/nachrichten\/#\/schema\/logo\/image\/"},"sameAs":["https:\/\/www.facebook.com\/strassenweb\/"]},{"@type":"Person","@id":"https:\/\/www.strassenweb.de\/nachrichten\/#\/schema\/person\/87c9c9067f1211da429a744dc5a5aa41","name":"Robert Hoffmann","image":{"@type":"ImageObject","inLanguage":"de","@id":"https:\/\/www.strassenweb.de\/nachrichten\/wp-content\/uploads\/2024\/09\/strassenweb-150x150.jpg","url":"https:\/\/www.strassenweb.de\/nachrichten\/wp-content\/uploads\/2024\/09\/strassenweb-150x150.jpg","contentUrl":"https:\/\/www.strassenweb.de\/nachrichten\/wp-content\/uploads\/2024\/09\/strassenweb-150x150.jpg","caption":"Robert Hoffmann"},"description":"Ich hei\u00dfe Robert Hoffmann und ich bin ein leidenschaftlicher Verfechter von \u00d6kologie und Biodiversit\u00e4t. Seit meiner Kindheit in den W\u00e4ldern Bayerns f\u00fchle ich mich mit der Natur verbunden und bin entschlossen, sie zu sch\u00fctzen. Heute widme ich mein Leben der Sensibilisierung anderer f\u00fcr die Bedeutung des Umweltschutzes f\u00fcr zuk\u00fcnftige Generationen.","sameAs":["https:\/\/www.strassenweb.de\/"]}]}},"_links":{"self":[{"href":"https:\/\/www.strassenweb.de\/nachrichten\/wp-json\/wp\/v2\/posts\/5693","targetHints":{"allow":["GET"]}}],"collection":[{"href":"https:\/\/www.strassenweb.de\/nachrichten\/wp-json\/wp\/v2\/posts"}],"about":[{"href":"https:\/\/www.strassenweb.de\/nachrichten\/wp-json\/wp\/v2\/types\/post"}],"author":[{"embeddable":true,"href":"https:\/\/www.strassenweb.de\/nachrichten\/wp-json\/wp\/v2\/users\/1"}],"replies":[{"embeddable":true,"href":"https:\/\/www.strassenweb.de\/nachrichten\/wp-json\/wp\/v2\/comments?post=5693"}],"version-history":[{"count":0,"href":"https:\/\/www.strassenweb.de\/nachrichten\/wp-json\/wp\/v2\/posts\/5693\/revisions"}],"wp:featuredmedia":[{"embeddable":true,"href":"https:\/\/www.strassenweb.de\/nachrichten\/wp-json\/wp\/v2\/media\/5694"}],"wp:attachment":[{"href":"https:\/\/www.strassenweb.de\/nachrichten\/wp-json\/wp\/v2\/media?parent=5693"}],"wp:term":[{"taxonomy":"category","embeddable":true,"href":"https:\/\/www.strassenweb.de\/nachrichten\/wp-json\/wp\/v2\/categories?post=5693"},{"taxonomy":"post_tag","embeddable":true,"href":"https:\/\/www.strassenweb.de\/nachrichten\/wp-json\/wp\/v2\/tags?post=5693"}],"curies":[{"name":"wp","href":"https:\/\/api.w.org\/{rel}","templated":true}]}}