{"id":5679,"date":"2025-06-15T09:39:14","date_gmt":"2025-06-15T07:39:14","guid":{"rendered":"https:\/\/www.strassenweb.de\/nachrichten\/ja-noch-guy-fieri-hat-jetzt-einen-kalten-sprung-jeder-promi-verbessert-seinen-garten-mit-diesen-wannen-im-scandi-stil-und-sie-sollten-es-auch\/"},"modified":"2025-06-15T09:39:14","modified_gmt":"2025-06-15T07:39:14","slug":"ja-noch-guy-fieri-hat-jetzt-einen-kalten-sprung-jeder-promi-verbessert-seinen-garten-mit-diesen-wannen-im-scandi-stil-und-sie-sollten-es-auch","status":"publish","type":"post","link":"https:\/\/www.strassenweb.de\/nachrichten\/ja-noch-guy-fieri-hat-jetzt-einen-kalten-sprung-jeder-promi-verbessert-seinen-garten-mit-diesen-wannen-im-scandi-stil-und-sie-sollten-es-auch\/","title":{"rendered":"Ja, noch Guy Fieri hat jetzt einen kalten Sprung-jeder Promi verbessert seinen Garten mit diesen Wannen im Scandi-Stil, und Sie sollten es auch"},"content":{"rendered":"<p><\/p>\n<div id=\"article-body\" class=\"article__body \">\n<p>Guy Fieri, auch bekannt als B\u00fcrgermeister von Flavortown, ist nicht der Vorname, der uns in den Sinn kommt, wenn wir dar\u00fcber nachdenken, &#8222;Designing for Wellness&#8220; zu denken, aber der Gastronomen macht genau das mit seinem kalten Sprung in der Renutherapie.<\/p>\n<div id=\"ad-unit-1\" class=\"ad-unit\"><\/div>\n<p>Die Marke Kalttherapie teilte ein Video von Guy Fieri, der in einen Kaltsturz im Scandi-Stil sprang, der voller nat\u00fcrlicher Holzverkleidung ist. Er sagt der Kamera: &#8222;Ich habe seit ungef\u00e4hr anderthalb Jahren kalt, ich habe es in den gesamten Strecken, mit dem Fass, mit dem Eis, mit den Homade-Gefrierger\u00e4ten gemacht, aber das ist das Beste der Besten.&#8220; Es ist klar, dass er leidenschaftlich genug ist, um es als dauerhafte Facette seines Hinterhofdekors zu integrieren.<\/p>\n<aside data-block-type=\"embed\" data-render-type=\"fte\" data-skip=\"dealsy\" data-widget-type=\"seasonal\" class=\"hawk-base\"><\/aside>\n<p>Der Scandi-Wellness-Trend erscheint in den Au\u00dfenr\u00e4umen einiger der ber\u00fchmtesten und ges\u00fcndesten Menschen, die wir seit Anfang 2023 kennen. David Beckham, Mark Wahlberg, Orlando Bloom und Julianne Hough geh\u00f6ren zu den vielen, die eine Kaltwanne in ihren Hinterh\u00f6fen gebaut haben. Guy ist nur der letzte, der sich ihren Reihen anschlie\u00dft.<\/p>\n<div id=\"desktop-in-article\" class=\"in-article ad-unit\">\n<div id=\"desktop-taboola-mid-article\"><\/div>\n<\/div>\n<div id=\"mobile-in-article\" class=\"in-article ad-unit\">\n<div id=\"mobile-taboola-mid-article\"><\/div>\n<\/div>\n<div class=\"van_vid_carousel\">\n<div class=\"van_vid_carousel__padding\">\n<div class=\"van_vid_carousel__container\"><\/div>\n<\/div>\n<\/div>\n<aside data-component-name=\"Recirculation:ArticleRiver\" format=\"inline\" data-nosnippet>\n<span class=\"bg-secondary-500 text-white text-lg font-bold uppercase py-1 px-2 leading-(1.625rem) sm:leading-(6px) sm:text-sm\"><\/p>\n<p>Sie m\u00f6gen m\u00f6gen<br \/>\n<\/span><\/p>\n<ul class=\"flex flex-col my-2 list-outside ms-5 bg-none\">\n<li class=\"m-0 mb-2\" name=\"recirculation-inline\" data-analytics-id=\"recirculation-inline-1\" analytics-label=\"adviser:related\">\n<p>Mark Wahlberg stilft seine R\u00fcckenterrasse mit einem alten \u00e4gyptischen Wellnessritual, das so gut aussieht, wie es sich anf\u00fchlt &#8211; es reduziert Entz\u00fcndungen und steigert die Energie<\/p>\n<\/li>\n<li class=\"m-0 mb-2\" name=\"recirculation-inline\" data-analytics-id=\"recirculation-inline-2\" analytics-label=\"adviser:related\">\n<p>Julianne Houghs skandinavisch inspiriertes Wellnessbereich ist atemberaubend schick-das auff\u00e4llige Design ist eine brillante M\u00f6glichkeit, um Konsistenz in Ihrer Gesundheitsreise zu schaffen<\/p>\n<\/li>\n<li class=\"m-0 mb-2\" name=\"recirculation-inline\" data-analytics-id=\"recirculation-inline-3\" analytics-label=\"adviser:related\">\n<p>Colman Domingos gesunkene Wanne erinnert an ein altes r\u00f6misches Ritual &#8211; es wird als \u201eimmersives\u201c Spa -Trend in modernen Badezimmern wiedergegeben<\/p>\n<\/li>\n<\/ul>\n<\/aside>\n<div class=\"instagram-embed\">\n<blockquote class=\"instagram-media\" data-instgrm-captioned data-instgrm-version=\"6\" style=\"width:99.375%; width:-webkit-calc(100% - 2px); width:calc(100% - 2px);\">\n<p>Ein Beitrag, der von Renu Therapy (@Renutherapie) geteilt wird<\/p>\n<p>Ein Foto von on <\/p>\n<\/blockquote>\n<\/div>\n<h3 class=\"article-body__section\" id=\"section-shop-the-wellness-edit\"><span>Kaufen Sie die Wellness -Bearbeitung ein<\/span><\/h3>\n<div class=\"product-container hero-product-container product-block-no-wrap\">\n<div class=\"product-block-row\"><\/div>\n<div class=\"product-block-row\"><\/div>\n<div class=\"product-block-row\"><\/div>\n<\/div>\n<p>Angesichts der gesundheitlichen Vorteile eines Hinterhof -Spa ist es leicht zu erkennen, warum Guy teilnimmt. Dr. Trevor Cates, naturheilkundlicher Arzt am Spa Dr. Dr. Ein t\u00e4glicher Kaltsprung kann die Durchblutung steigern, Entz\u00fcndungen verringern und die Widerstandsf\u00e4higkeit sowohl im Nerven- als auch im Immunsystem unterst\u00fctzen. &#8218;<\/p>\n<div id=\"ad-unit-2\" class=\"ad-unit\"><\/div>\n<p>Sie f\u00e4hrt fort: &#8218;Es ist eine bew\u00e4hrte Praxis, besonders wenn sie mit Hitze wie einer Heimsiuna, einer warmen Dusche oder einer Bewegung gepaart wird, bevor sie zur K\u00e4lte umgeht. Ich erinnere die Patienten immer daran: \u00dcbersteuerung Ihrer Zeit in der K\u00e4lte nicht. Sogar 30 Sekunden bis ein paar Minuten sind ausreichend.<\/p>\n<div class=\"instagram-embed\">\n<blockquote class=\"instagram-media\" data-instgrm-captioned data-instgrm-version=\"6\" style=\"width:99.375%; width:-webkit-calc(100% - 2px); width:calc(100% - 2px);\">\n<p>Ein Beitrag, der von Renu Therapy (@Renutherapie) geteilt wird<\/p>\n<p>Ein Foto von on <\/p>\n<\/blockquote>\n<\/div>\n<p>Zus\u00e4tzlich zu den Wohlt\u00e4tigkeitsvorteilen des Wohlbefindens ist ein gut ausgew\u00e4hlter Kaltsprung eine gro\u00dfartige M\u00f6glichkeit, Ihr Gartendekor zu erh\u00f6hen.<\/p>\n<p>Dr. Cates r\u00e4t: \u201eEin wundersch\u00f6n gestalteter kalter Sprung, wie die Holzsorten im Scandi-Stil, verbessert nicht nur die \u00c4sthetik Ihres Au\u00dfenbereichs, sondern kann auch h\u00e4ufiger nutzen. Ich empfehle den Patienten oft, ihre Duschen mit einer kalten Wassertastung zu beenden, um \u00e4hnliche Vorteile zu erzielen, und ein kaltes Sprung f\u00fchrt dies auf die n\u00e4chste Stufe. Wenn es einladend aussieht, wird es Teil Ihres Lebensstils, nicht nur zu einem Wellness -Tool. &#8218;<\/p>\n<div id=\"slice-container-newsletterForm-articleInbodyContent-6JQE25HLsemzVmkKVpNrx3\" class=\"slice-container newsletter-inbodyContent-slice newsletterForm-articleInbodyContent-6JQE25HLsemzVmkKVpNrx3 slice-container-newsletterForm\"><\/div>\n<p>Dar\u00fcber hinaus erh\u00f6ht ein Spa zu Hause, das Ihre Wahrscheinlichkeit, sich mit n\u00fctzlichen Wellness-Praktiken zu befassen, erheblich zu erh\u00f6hen.<\/p>\n<p>&#8222;Bequemlichkeit ist der Schl\u00fcssel&#8220;, sagt Dr. Cates. Wenn Sie nur wenige Schritte von Ihrer T\u00fcr entfernt haben, werden Barrieren entfernt und hilft, sie in Ihre regul\u00e4re Routine aufzubauen. Diese einfache Zugang unterst\u00fctzt Konsistenz, was einer der wichtigsten Aspekte jeder Wellnesspraxis ist. Der Schl\u00fcssel ist, eine konsistente Zeit zu planen, damit es zu einem Ritual wird, auf das Sie sich freuen. &#8218;<\/p>\n<hr>\n<p>Die Trends der Prominenten sind zyklisch, aber aufgrund seiner Zeit, die Tradition und Designvorteile geehrt hat, ist das kalte Einbruch bis zu halten. Wenn sogar der B\u00fcrgermeister von Flavortown es tut, wei\u00dft du, dass es gro\u00df ist.<\/p>\n<\/div>\n<p><script async src=\"\/\/www.instagram.com\/embed.js\"><\/script><\/p>\n","protected":false},"excerpt":{"rendered":"<p>Guy Fieri, auch bekannt als B\u00fcrgermeister von Flavortown, ist nicht der Vorname, der uns in den Sinn kommt, wenn wir dar\u00fcber nachdenken, &#8222;Designing for Wellness&#8220;<\/p>\n","protected":false},"author":1,"featured_media":5680,"comment_status":"closed","ping_status":"","sticky":false,"template":"","format":"standard","meta":{"footnotes":""},"categories":[118],"tags":[436,208,166,8042,320,8041,189,1272,2863,146,2659,8044,8046,41,165,560,8043,37,4016,8045],"class_list":["post-5679","post","type-post","status-publish","format-standard","has-post-thumbnail","hentry","category-haus-garten","tag-auch","tag-diesen","tag-einen","tag-fieri","tag-garten","tag-guy","tag-hat","tag-jetzt","tag-kalten","tag-mit","tag-noch","tag-promi","tag-scandistil","tag-seinen","tag-sie","tag-sollten","tag-sprungjeder","tag-und","tag-verbessert","tag-wannen","generate-columns","tablet-grid-50","mobile-grid-100","grid-parent","grid-50"],"yoast_head":"<!-- This site is optimized with the Yoast SEO plugin v27.3 - https:\/\/yoast.com\/product\/yoast-seo-wordpress\/ -->\n<title>Ja, noch Guy Fieri hat jetzt einen kalten Sprung-jeder Promi verbessert seinen Garten mit diesen Wannen im Scandi-Stil, und Sie sollten es auch - Nachrichten - Stra\u00dfenweb<\/title>\n<meta name=\"robots\" content=\"index, follow, max-snippet:-1, max-image-preview:large, max-video-preview:-1\" \/>\n<link rel=\"canonical\" href=\"https:\/\/www.strassenweb.de\/nachrichten\/ja-noch-guy-fieri-hat-jetzt-einen-kalten-sprung-jeder-promi-verbessert-seinen-garten-mit-diesen-wannen-im-scandi-stil-und-sie-sollten-es-auch\/\" \/>\n<meta property=\"og:locale\" content=\"de_DE\" \/>\n<meta property=\"og:type\" content=\"article\" \/>\n<meta property=\"og:title\" content=\"Ja, noch Guy Fieri hat jetzt einen kalten Sprung-jeder Promi verbessert seinen Garten mit diesen Wannen im Scandi-Stil, und Sie sollten es auch - Nachrichten - Stra\u00dfenweb\" \/>\n<meta property=\"og:description\" content=\"Guy Fieri, auch bekannt als B\u00fcrgermeister von Flavortown, ist nicht der Vorname, der uns in den Sinn kommt, wenn wir dar\u00fcber nachdenken, &#8222;Designing for Wellness&#8220;\" \/>\n<meta property=\"og:url\" content=\"https:\/\/www.strassenweb.de\/nachrichten\/ja-noch-guy-fieri-hat-jetzt-einen-kalten-sprung-jeder-promi-verbessert-seinen-garten-mit-diesen-wannen-im-scandi-stil-und-sie-sollten-es-auch\/\" \/>\n<meta property=\"og:site_name\" content=\"Stra\u00dfenweb\" \/>\n<meta property=\"article:publisher\" content=\"https:\/\/www.facebook.com\/strassenweb\/\" \/>\n<meta property=\"article:published_time\" content=\"2025-06-15T07:39:14+00:00\" \/>\n<meta property=\"og:image\" content=\"https:\/\/www.strassenweb.de\/nachrichten\/wp-content\/uploads\/2025\/06\/THBNFX6gWnUZfqWgtKXe7G.jpg\" \/>\n\t<meta property=\"og:image:width\" content=\"1600\" \/>\n\t<meta property=\"og:image:height\" content=\"900\" \/>\n\t<meta property=\"og:image:type\" content=\"image\/jpeg\" \/>\n<meta name=\"author\" content=\"Robert Hoffmann\" \/>\n<meta name=\"twitter:card\" content=\"summary_large_image\" \/>\n<meta name=\"twitter:label1\" content=\"Verfasst von\" \/>\n\t<meta name=\"twitter:data1\" content=\"Robert Hoffmann\" \/>\n\t<meta name=\"twitter:label2\" content=\"Gesch\u00e4tzte Lesezeit\" \/>\n\t<meta name=\"twitter:data2\" content=\"3\u00a0Minuten\" \/>\n<script type=\"application\/ld+json\" class=\"yoast-schema-graph\">{\"@context\":\"https:\\\/\\\/schema.org\",\"@graph\":[{\"@type\":\"Article\",\"@id\":\"https:\\\/\\\/www.strassenweb.de\\\/nachrichten\\\/ja-noch-guy-fieri-hat-jetzt-einen-kalten-sprung-jeder-promi-verbessert-seinen-garten-mit-diesen-wannen-im-scandi-stil-und-sie-sollten-es-auch\\\/#article\",\"isPartOf\":{\"@id\":\"https:\\\/\\\/www.strassenweb.de\\\/nachrichten\\\/ja-noch-guy-fieri-hat-jetzt-einen-kalten-sprung-jeder-promi-verbessert-seinen-garten-mit-diesen-wannen-im-scandi-stil-und-sie-sollten-es-auch\\\/\"},\"author\":{\"name\":\"Robert Hoffmann\",\"@id\":\"https:\\\/\\\/www.strassenweb.de\\\/nachrichten\\\/#\\\/schema\\\/person\\\/87c9c9067f1211da429a744dc5a5aa41\"},\"headline\":\"Ja, noch Guy Fieri hat jetzt einen kalten Sprung-jeder Promi verbessert seinen Garten mit diesen Wannen im Scandi-Stil, und Sie sollten es auch\",\"datePublished\":\"2025-06-15T07:39:14+00:00\",\"mainEntityOfPage\":{\"@id\":\"https:\\\/\\\/www.strassenweb.de\\\/nachrichten\\\/ja-noch-guy-fieri-hat-jetzt-einen-kalten-sprung-jeder-promi-verbessert-seinen-garten-mit-diesen-wannen-im-scandi-stil-und-sie-sollten-es-auch\\\/\"},\"wordCount\":634,\"publisher\":{\"@id\":\"https:\\\/\\\/www.strassenweb.de\\\/nachrichten\\\/#organization\"},\"image\":{\"@id\":\"https:\\\/\\\/www.strassenweb.de\\\/nachrichten\\\/ja-noch-guy-fieri-hat-jetzt-einen-kalten-sprung-jeder-promi-verbessert-seinen-garten-mit-diesen-wannen-im-scandi-stil-und-sie-sollten-es-auch\\\/#primaryimage\"},\"thumbnailUrl\":\"https:\\\/\\\/www.strassenweb.de\\\/nachrichten\\\/wp-content\\\/uploads\\\/2025\\\/06\\\/THBNFX6gWnUZfqWgtKXe7G.jpg\",\"keywords\":[\"Auch\",\"diesen\",\"einen\",\"Fieri\",\"Garten\",\"Guy\",\"hat\",\"jetzt\",\"kalten\",\"mit\",\"noch\",\"Promi\",\"ScandiStil\",\"seinen\",\"Sie\",\"sollten\",\"Sprungjeder\",\"und\",\"verbessert\",\"Wannen\"],\"articleSection\":[\"Haus &amp; Garten\"],\"inLanguage\":\"de\"},{\"@type\":\"WebPage\",\"@id\":\"https:\\\/\\\/www.strassenweb.de\\\/nachrichten\\\/ja-noch-guy-fieri-hat-jetzt-einen-kalten-sprung-jeder-promi-verbessert-seinen-garten-mit-diesen-wannen-im-scandi-stil-und-sie-sollten-es-auch\\\/\",\"url\":\"https:\\\/\\\/www.strassenweb.de\\\/nachrichten\\\/ja-noch-guy-fieri-hat-jetzt-einen-kalten-sprung-jeder-promi-verbessert-seinen-garten-mit-diesen-wannen-im-scandi-stil-und-sie-sollten-es-auch\\\/\",\"name\":\"Ja, noch Guy Fieri hat jetzt einen kalten Sprung-jeder Promi verbessert seinen Garten mit diesen Wannen im Scandi-Stil, und Sie sollten es auch - Nachrichten - Stra\u00dfenweb\",\"isPartOf\":{\"@id\":\"https:\\\/\\\/www.strassenweb.de\\\/nachrichten\\\/#website\"},\"primaryImageOfPage\":{\"@id\":\"https:\\\/\\\/www.strassenweb.de\\\/nachrichten\\\/ja-noch-guy-fieri-hat-jetzt-einen-kalten-sprung-jeder-promi-verbessert-seinen-garten-mit-diesen-wannen-im-scandi-stil-und-sie-sollten-es-auch\\\/#primaryimage\"},\"image\":{\"@id\":\"https:\\\/\\\/www.strassenweb.de\\\/nachrichten\\\/ja-noch-guy-fieri-hat-jetzt-einen-kalten-sprung-jeder-promi-verbessert-seinen-garten-mit-diesen-wannen-im-scandi-stil-und-sie-sollten-es-auch\\\/#primaryimage\"},\"thumbnailUrl\":\"https:\\\/\\\/www.strassenweb.de\\\/nachrichten\\\/wp-content\\\/uploads\\\/2025\\\/06\\\/THBNFX6gWnUZfqWgtKXe7G.jpg\",\"datePublished\":\"2025-06-15T07:39:14+00:00\",\"breadcrumb\":{\"@id\":\"https:\\\/\\\/www.strassenweb.de\\\/nachrichten\\\/ja-noch-guy-fieri-hat-jetzt-einen-kalten-sprung-jeder-promi-verbessert-seinen-garten-mit-diesen-wannen-im-scandi-stil-und-sie-sollten-es-auch\\\/#breadcrumb\"},\"inLanguage\":\"de\",\"potentialAction\":[{\"@type\":\"ReadAction\",\"target\":[\"https:\\\/\\\/www.strassenweb.de\\\/nachrichten\\\/ja-noch-guy-fieri-hat-jetzt-einen-kalten-sprung-jeder-promi-verbessert-seinen-garten-mit-diesen-wannen-im-scandi-stil-und-sie-sollten-es-auch\\\/\"]}]},{\"@type\":\"ImageObject\",\"inLanguage\":\"de\",\"@id\":\"https:\\\/\\\/www.strassenweb.de\\\/nachrichten\\\/ja-noch-guy-fieri-hat-jetzt-einen-kalten-sprung-jeder-promi-verbessert-seinen-garten-mit-diesen-wannen-im-scandi-stil-und-sie-sollten-es-auch\\\/#primaryimage\",\"url\":\"https:\\\/\\\/www.strassenweb.de\\\/nachrichten\\\/wp-content\\\/uploads\\\/2025\\\/06\\\/THBNFX6gWnUZfqWgtKXe7G.jpg\",\"contentUrl\":\"https:\\\/\\\/www.strassenweb.de\\\/nachrichten\\\/wp-content\\\/uploads\\\/2025\\\/06\\\/THBNFX6gWnUZfqWgtKXe7G.jpg\",\"width\":1600,\"height\":900,\"caption\":\"guy fieri on a plain background\"},{\"@type\":\"BreadcrumbList\",\"@id\":\"https:\\\/\\\/www.strassenweb.de\\\/nachrichten\\\/ja-noch-guy-fieri-hat-jetzt-einen-kalten-sprung-jeder-promi-verbessert-seinen-garten-mit-diesen-wannen-im-scandi-stil-und-sie-sollten-es-auch\\\/#breadcrumb\",\"itemListElement\":[{\"@type\":\"ListItem\",\"position\":1,\"name\":\"Home\",\"item\":\"https:\\\/\\\/www.strassenweb.de\\\/nachrichten\\\/\"},{\"@type\":\"ListItem\",\"position\":2,\"name\":\"Ja, noch Guy Fieri hat jetzt einen kalten Sprung-jeder Promi verbessert seinen Garten mit diesen Wannen im Scandi-Stil, und Sie sollten es auch\"}]},{\"@type\":\"WebSite\",\"@id\":\"https:\\\/\\\/www.strassenweb.de\\\/nachrichten\\\/#website\",\"url\":\"https:\\\/\\\/www.strassenweb.de\\\/nachrichten\\\/\",\"name\":\"Stra\u00dfenweb\",\"description\":\"Stra\u00dfenverzeichnis f\u00fcr Deutschland\",\"publisher\":{\"@id\":\"https:\\\/\\\/www.strassenweb.de\\\/nachrichten\\\/#organization\"},\"potentialAction\":[{\"@type\":\"SearchAction\",\"target\":{\"@type\":\"EntryPoint\",\"urlTemplate\":\"https:\\\/\\\/www.strassenweb.de\\\/nachrichten\\\/?s={search_term_string}\"},\"query-input\":{\"@type\":\"PropertyValueSpecification\",\"valueRequired\":true,\"valueName\":\"search_term_string\"}}],\"inLanguage\":\"de\"},{\"@type\":\"Organization\",\"@id\":\"https:\\\/\\\/www.strassenweb.de\\\/nachrichten\\\/#organization\",\"name\":\"Stra\u00dfenweb\",\"url\":\"https:\\\/\\\/www.strassenweb.de\\\/nachrichten\\\/\",\"logo\":{\"@type\":\"ImageObject\",\"inLanguage\":\"de\",\"@id\":\"https:\\\/\\\/www.strassenweb.de\\\/nachrichten\\\/#\\\/schema\\\/logo\\\/image\\\/\",\"url\":\"https:\\\/\\\/www.strassenweb.de\\\/nachrichten\\\/wp-content\\\/uploads\\\/2024\\\/09\\\/cropped-favicon.png\",\"contentUrl\":\"https:\\\/\\\/www.strassenweb.de\\\/nachrichten\\\/wp-content\\\/uploads\\\/2024\\\/09\\\/cropped-favicon.png\",\"width\":512,\"height\":512,\"caption\":\"Stra\u00dfenweb\"},\"image\":{\"@id\":\"https:\\\/\\\/www.strassenweb.de\\\/nachrichten\\\/#\\\/schema\\\/logo\\\/image\\\/\"},\"sameAs\":[\"https:\\\/\\\/www.facebook.com\\\/strassenweb\\\/\"]},{\"@type\":\"Person\",\"@id\":\"https:\\\/\\\/www.strassenweb.de\\\/nachrichten\\\/#\\\/schema\\\/person\\\/87c9c9067f1211da429a744dc5a5aa41\",\"name\":\"Robert Hoffmann\",\"image\":{\"@type\":\"ImageObject\",\"inLanguage\":\"de\",\"@id\":\"https:\\\/\\\/www.strassenweb.de\\\/nachrichten\\\/wp-content\\\/uploads\\\/2024\\\/09\\\/strassenweb-150x150.jpg\",\"url\":\"https:\\\/\\\/www.strassenweb.de\\\/nachrichten\\\/wp-content\\\/uploads\\\/2024\\\/09\\\/strassenweb-150x150.jpg\",\"contentUrl\":\"https:\\\/\\\/www.strassenweb.de\\\/nachrichten\\\/wp-content\\\/uploads\\\/2024\\\/09\\\/strassenweb-150x150.jpg\",\"caption\":\"Robert Hoffmann\"},\"description\":\"Ich hei\u00dfe Robert Hoffmann und ich bin ein leidenschaftlicher Verfechter von \u00d6kologie und Biodiversit\u00e4t. Seit meiner Kindheit in den W\u00e4ldern Bayerns f\u00fchle ich mich mit der Natur verbunden und bin entschlossen, sie zu sch\u00fctzen. Heute widme ich mein Leben der Sensibilisierung anderer f\u00fcr die Bedeutung des Umweltschutzes f\u00fcr zuk\u00fcnftige Generationen.\",\"sameAs\":[\"https:\\\/\\\/www.strassenweb.de\\\/\"]}]}<\/script>\n<!-- \/ Yoast SEO plugin. -->","yoast_head_json":{"title":"Ja, noch Guy Fieri hat jetzt einen kalten Sprung-jeder Promi verbessert seinen Garten mit diesen Wannen im Scandi-Stil, und Sie sollten es auch - Nachrichten - Stra\u00dfenweb","robots":{"index":"index","follow":"follow","max-snippet":"max-snippet:-1","max-image-preview":"max-image-preview:large","max-video-preview":"max-video-preview:-1"},"canonical":"https:\/\/www.strassenweb.de\/nachrichten\/ja-noch-guy-fieri-hat-jetzt-einen-kalten-sprung-jeder-promi-verbessert-seinen-garten-mit-diesen-wannen-im-scandi-stil-und-sie-sollten-es-auch\/","og_locale":"de_DE","og_type":"article","og_title":"Ja, noch Guy Fieri hat jetzt einen kalten Sprung-jeder Promi verbessert seinen Garten mit diesen Wannen im Scandi-Stil, und Sie sollten es auch - Nachrichten - Stra\u00dfenweb","og_description":"Guy Fieri, auch bekannt als B\u00fcrgermeister von Flavortown, ist nicht der Vorname, der uns in den Sinn kommt, wenn wir dar\u00fcber nachdenken, &#8222;Designing for Wellness&#8220;","og_url":"https:\/\/www.strassenweb.de\/nachrichten\/ja-noch-guy-fieri-hat-jetzt-einen-kalten-sprung-jeder-promi-verbessert-seinen-garten-mit-diesen-wannen-im-scandi-stil-und-sie-sollten-es-auch\/","og_site_name":"Stra\u00dfenweb","article_publisher":"https:\/\/www.facebook.com\/strassenweb\/","article_published_time":"2025-06-15T07:39:14+00:00","og_image":[{"width":1600,"height":900,"url":"https:\/\/www.strassenweb.de\/nachrichten\/wp-content\/uploads\/2025\/06\/THBNFX6gWnUZfqWgtKXe7G.jpg","type":"image\/jpeg"}],"author":"Robert Hoffmann","twitter_card":"summary_large_image","twitter_misc":{"Verfasst von":"Robert Hoffmann","Gesch\u00e4tzte Lesezeit":"3\u00a0Minuten"},"schema":{"@context":"https:\/\/schema.org","@graph":[{"@type":"Article","@id":"https:\/\/www.strassenweb.de\/nachrichten\/ja-noch-guy-fieri-hat-jetzt-einen-kalten-sprung-jeder-promi-verbessert-seinen-garten-mit-diesen-wannen-im-scandi-stil-und-sie-sollten-es-auch\/#article","isPartOf":{"@id":"https:\/\/www.strassenweb.de\/nachrichten\/ja-noch-guy-fieri-hat-jetzt-einen-kalten-sprung-jeder-promi-verbessert-seinen-garten-mit-diesen-wannen-im-scandi-stil-und-sie-sollten-es-auch\/"},"author":{"name":"Robert Hoffmann","@id":"https:\/\/www.strassenweb.de\/nachrichten\/#\/schema\/person\/87c9c9067f1211da429a744dc5a5aa41"},"headline":"Ja, noch Guy Fieri hat jetzt einen kalten Sprung-jeder Promi verbessert seinen Garten mit diesen Wannen im Scandi-Stil, und Sie sollten es auch","datePublished":"2025-06-15T07:39:14+00:00","mainEntityOfPage":{"@id":"https:\/\/www.strassenweb.de\/nachrichten\/ja-noch-guy-fieri-hat-jetzt-einen-kalten-sprung-jeder-promi-verbessert-seinen-garten-mit-diesen-wannen-im-scandi-stil-und-sie-sollten-es-auch\/"},"wordCount":634,"publisher":{"@id":"https:\/\/www.strassenweb.de\/nachrichten\/#organization"},"image":{"@id":"https:\/\/www.strassenweb.de\/nachrichten\/ja-noch-guy-fieri-hat-jetzt-einen-kalten-sprung-jeder-promi-verbessert-seinen-garten-mit-diesen-wannen-im-scandi-stil-und-sie-sollten-es-auch\/#primaryimage"},"thumbnailUrl":"https:\/\/www.strassenweb.de\/nachrichten\/wp-content\/uploads\/2025\/06\/THBNFX6gWnUZfqWgtKXe7G.jpg","keywords":["Auch","diesen","einen","Fieri","Garten","Guy","hat","jetzt","kalten","mit","noch","Promi","ScandiStil","seinen","Sie","sollten","Sprungjeder","und","verbessert","Wannen"],"articleSection":["Haus &amp; Garten"],"inLanguage":"de"},{"@type":"WebPage","@id":"https:\/\/www.strassenweb.de\/nachrichten\/ja-noch-guy-fieri-hat-jetzt-einen-kalten-sprung-jeder-promi-verbessert-seinen-garten-mit-diesen-wannen-im-scandi-stil-und-sie-sollten-es-auch\/","url":"https:\/\/www.strassenweb.de\/nachrichten\/ja-noch-guy-fieri-hat-jetzt-einen-kalten-sprung-jeder-promi-verbessert-seinen-garten-mit-diesen-wannen-im-scandi-stil-und-sie-sollten-es-auch\/","name":"Ja, noch Guy Fieri hat jetzt einen kalten Sprung-jeder Promi verbessert seinen Garten mit diesen Wannen im Scandi-Stil, und Sie sollten es auch - Nachrichten - Stra\u00dfenweb","isPartOf":{"@id":"https:\/\/www.strassenweb.de\/nachrichten\/#website"},"primaryImageOfPage":{"@id":"https:\/\/www.strassenweb.de\/nachrichten\/ja-noch-guy-fieri-hat-jetzt-einen-kalten-sprung-jeder-promi-verbessert-seinen-garten-mit-diesen-wannen-im-scandi-stil-und-sie-sollten-es-auch\/#primaryimage"},"image":{"@id":"https:\/\/www.strassenweb.de\/nachrichten\/ja-noch-guy-fieri-hat-jetzt-einen-kalten-sprung-jeder-promi-verbessert-seinen-garten-mit-diesen-wannen-im-scandi-stil-und-sie-sollten-es-auch\/#primaryimage"},"thumbnailUrl":"https:\/\/www.strassenweb.de\/nachrichten\/wp-content\/uploads\/2025\/06\/THBNFX6gWnUZfqWgtKXe7G.jpg","datePublished":"2025-06-15T07:39:14+00:00","breadcrumb":{"@id":"https:\/\/www.strassenweb.de\/nachrichten\/ja-noch-guy-fieri-hat-jetzt-einen-kalten-sprung-jeder-promi-verbessert-seinen-garten-mit-diesen-wannen-im-scandi-stil-und-sie-sollten-es-auch\/#breadcrumb"},"inLanguage":"de","potentialAction":[{"@type":"ReadAction","target":["https:\/\/www.strassenweb.de\/nachrichten\/ja-noch-guy-fieri-hat-jetzt-einen-kalten-sprung-jeder-promi-verbessert-seinen-garten-mit-diesen-wannen-im-scandi-stil-und-sie-sollten-es-auch\/"]}]},{"@type":"ImageObject","inLanguage":"de","@id":"https:\/\/www.strassenweb.de\/nachrichten\/ja-noch-guy-fieri-hat-jetzt-einen-kalten-sprung-jeder-promi-verbessert-seinen-garten-mit-diesen-wannen-im-scandi-stil-und-sie-sollten-es-auch\/#primaryimage","url":"https:\/\/www.strassenweb.de\/nachrichten\/wp-content\/uploads\/2025\/06\/THBNFX6gWnUZfqWgtKXe7G.jpg","contentUrl":"https:\/\/www.strassenweb.de\/nachrichten\/wp-content\/uploads\/2025\/06\/THBNFX6gWnUZfqWgtKXe7G.jpg","width":1600,"height":900,"caption":"guy fieri on a plain background"},{"@type":"BreadcrumbList","@id":"https:\/\/www.strassenweb.de\/nachrichten\/ja-noch-guy-fieri-hat-jetzt-einen-kalten-sprung-jeder-promi-verbessert-seinen-garten-mit-diesen-wannen-im-scandi-stil-und-sie-sollten-es-auch\/#breadcrumb","itemListElement":[{"@type":"ListItem","position":1,"name":"Home","item":"https:\/\/www.strassenweb.de\/nachrichten\/"},{"@type":"ListItem","position":2,"name":"Ja, noch Guy Fieri hat jetzt einen kalten Sprung-jeder Promi verbessert seinen Garten mit diesen Wannen im Scandi-Stil, und Sie sollten es auch"}]},{"@type":"WebSite","@id":"https:\/\/www.strassenweb.de\/nachrichten\/#website","url":"https:\/\/www.strassenweb.de\/nachrichten\/","name":"Stra\u00dfenweb","description":"Stra\u00dfenverzeichnis f\u00fcr Deutschland","publisher":{"@id":"https:\/\/www.strassenweb.de\/nachrichten\/#organization"},"potentialAction":[{"@type":"SearchAction","target":{"@type":"EntryPoint","urlTemplate":"https:\/\/www.strassenweb.de\/nachrichten\/?s={search_term_string}"},"query-input":{"@type":"PropertyValueSpecification","valueRequired":true,"valueName":"search_term_string"}}],"inLanguage":"de"},{"@type":"Organization","@id":"https:\/\/www.strassenweb.de\/nachrichten\/#organization","name":"Stra\u00dfenweb","url":"https:\/\/www.strassenweb.de\/nachrichten\/","logo":{"@type":"ImageObject","inLanguage":"de","@id":"https:\/\/www.strassenweb.de\/nachrichten\/#\/schema\/logo\/image\/","url":"https:\/\/www.strassenweb.de\/nachrichten\/wp-content\/uploads\/2024\/09\/cropped-favicon.png","contentUrl":"https:\/\/www.strassenweb.de\/nachrichten\/wp-content\/uploads\/2024\/09\/cropped-favicon.png","width":512,"height":512,"caption":"Stra\u00dfenweb"},"image":{"@id":"https:\/\/www.strassenweb.de\/nachrichten\/#\/schema\/logo\/image\/"},"sameAs":["https:\/\/www.facebook.com\/strassenweb\/"]},{"@type":"Person","@id":"https:\/\/www.strassenweb.de\/nachrichten\/#\/schema\/person\/87c9c9067f1211da429a744dc5a5aa41","name":"Robert Hoffmann","image":{"@type":"ImageObject","inLanguage":"de","@id":"https:\/\/www.strassenweb.de\/nachrichten\/wp-content\/uploads\/2024\/09\/strassenweb-150x150.jpg","url":"https:\/\/www.strassenweb.de\/nachrichten\/wp-content\/uploads\/2024\/09\/strassenweb-150x150.jpg","contentUrl":"https:\/\/www.strassenweb.de\/nachrichten\/wp-content\/uploads\/2024\/09\/strassenweb-150x150.jpg","caption":"Robert Hoffmann"},"description":"Ich hei\u00dfe Robert Hoffmann und ich bin ein leidenschaftlicher Verfechter von \u00d6kologie und Biodiversit\u00e4t. Seit meiner Kindheit in den W\u00e4ldern Bayerns f\u00fchle ich mich mit der Natur verbunden und bin entschlossen, sie zu sch\u00fctzen. Heute widme ich mein Leben der Sensibilisierung anderer f\u00fcr die Bedeutung des Umweltschutzes f\u00fcr zuk\u00fcnftige Generationen.","sameAs":["https:\/\/www.strassenweb.de\/"]}]}},"_links":{"self":[{"href":"https:\/\/www.strassenweb.de\/nachrichten\/wp-json\/wp\/v2\/posts\/5679","targetHints":{"allow":["GET"]}}],"collection":[{"href":"https:\/\/www.strassenweb.de\/nachrichten\/wp-json\/wp\/v2\/posts"}],"about":[{"href":"https:\/\/www.strassenweb.de\/nachrichten\/wp-json\/wp\/v2\/types\/post"}],"author":[{"embeddable":true,"href":"https:\/\/www.strassenweb.de\/nachrichten\/wp-json\/wp\/v2\/users\/1"}],"replies":[{"embeddable":true,"href":"https:\/\/www.strassenweb.de\/nachrichten\/wp-json\/wp\/v2\/comments?post=5679"}],"version-history":[{"count":0,"href":"https:\/\/www.strassenweb.de\/nachrichten\/wp-json\/wp\/v2\/posts\/5679\/revisions"}],"wp:featuredmedia":[{"embeddable":true,"href":"https:\/\/www.strassenweb.de\/nachrichten\/wp-json\/wp\/v2\/media\/5680"}],"wp:attachment":[{"href":"https:\/\/www.strassenweb.de\/nachrichten\/wp-json\/wp\/v2\/media?parent=5679"}],"wp:term":[{"taxonomy":"category","embeddable":true,"href":"https:\/\/www.strassenweb.de\/nachrichten\/wp-json\/wp\/v2\/categories?post=5679"},{"taxonomy":"post_tag","embeddable":true,"href":"https:\/\/www.strassenweb.de\/nachrichten\/wp-json\/wp\/v2\/tags?post=5679"}],"curies":[{"name":"wp","href":"https:\/\/api.w.org\/{rel}","templated":true}]}}