{"id":567,"date":"2024-10-03T20:50:32","date_gmt":"2024-10-03T18:50:32","guid":{"rendered":"https:\/\/www.strassenweb.de\/nachrichten\/ich-habe-mich-bewusst-dafuer-entschieden-meine-wohnung-nicht-zu-dekorieren-diese-fuenf-schnellen-tricks-waren-alles-was-ich-brauchte-damit-ich-mich-wie-zu-hause-fuehle\/"},"modified":"2024-10-03T20:50:37","modified_gmt":"2024-10-03T18:50:37","slug":"ich-habe-mich-bewusst-dafuer-entschieden-meine-wohnung-nicht-zu-dekorieren-diese-fuenf-schnellen-tricks-waren-alles-was-ich-brauchte-damit-ich-mich-wie-zu-hause-fuehle","status":"publish","type":"post","link":"https:\/\/www.strassenweb.de\/nachrichten\/ich-habe-mich-bewusst-dafuer-entschieden-meine-wohnung-nicht-zu-dekorieren-diese-fuenf-schnellen-tricks-waren-alles-was-ich-brauchte-damit-ich-mich-wie-zu-hause-fuehle\/","title":{"rendered":"Ich habe mich bewusst daf\u00fcr entschieden, meine Wohnung nicht zu dekorieren \u2013 diese f\u00fcnf schnellen Tricks waren alles, was ich brauchte, damit ich mich wie zu Hause f\u00fchle"},"content":{"rendered":"<p><\/p>\n<div id=\"article-body\" class=\"article__body \">\n<p>Ich bin vor Kurzem in ein Mietobjekt gezogen, nachdem ich fast 20 Jahre lang Eigent\u00fcmerin der H\u00e4user war, in denen ich gelebt habe. Wir haben unser letztes Haus verkauft \u2013 ein umfangreiches Renovierungsprojekt \u2013, haben aber noch nicht das Zuhause gefunden, das wir unser Eigen nennen wollen inzwischen in eine Mietwohnung gerutscht.<\/p>\n<div id=\"ad-unit-1\" class=\"ad-unit\"><\/div>\n<p>Obwohl es sich um ein 200 Jahre altes Haus handelt, wurde der Gro\u00dfteil des Charakters entfernt. Die Eigent\u00fcmer betreiben es seit Jahren als Mietobjekt, streichen die R\u00e4ume wei\u00df oder grau, w\u00e4hlen neutrale K\u00fcchenschr\u00e4nke und gestalten es so universell ansprechend und pflegeleicht wie m\u00f6glich.<\/p>\n<aside class=\"hawk-nest\" data-render-type=\"fte\" data-skip=\"dealsy\" data-widget-type=\"seasonal\">\n<div class=\"hawk-master-widget-hawk-base-wrapper\"><\/div>\n<\/aside>\n<p>Und obwohl wir mindestens ein Jahr hier bleiben werden, habe ich beschlossen, es nicht zu dekorieren und mit den zu hellen Wei\u00dft\u00f6nen und den zu lila Graut\u00f6nen zu leben. Warum? Denn es gab so viele andere Tricks, die ich umsetzen konnte, ohne dass ich etwas dekorieren musste, und daf\u00fcr sorgte, dass sich dieses Haus wie zu Hause anf\u00fchlte. So k\u00f6nnen Sie es auch tun.<\/p>\n<div id=\"desktop-in-article\" class=\"in-article ad-unit\">\n<div id=\"desktop-taboola-mid-article\"><\/div>\n<\/div>\n<div id=\"mobile-in-article\" class=\"in-article ad-unit\">\n<div id=\"mobile-taboola-mid-article\"><\/div>\n<\/div>\n<h3 class=\"article-body__section\" id=\"section-1-styling-the-sofa\"><span>1. Das Sofa stylen<\/span><\/h3>\n<figure class=\"van-image-figure inline-layout \" data-bordeaux-image-check>\n<div class=\"image-full-width-wrapper\">\n<div class=\"image-widthsetter\" style=\"max-width:2000px;\"><\/div>\n<\/div>\n<\/figure>\n<p>Am Tag unseres Einzugs machte ich mir Gedanken dar\u00fcber, wie viel getan werden musste. Wie ich das Innere der Schr\u00e4nke reinigen musste, bevor ich unsere Utensilien und Zutaten wegr\u00e4umen konnte (willkommen beim Mieten, Leute!). Mein Mann war im Wohnzimmer, stellte unser Ecksofa an die richtige Stelle und platzierte kunstvoll Kissen dar\u00fcber. Unsere Kissen. Es schien keine Priorit\u00e4t zu haben, aber die Gestaltung des Sofas lie\u00df einen kalten Raum sofort warm erscheinen und das Haus f\u00fchlte sich wie ein Zuhause an.<\/p>\n<div class=\"van_vid_carousel\">\n<div class=\"van_vid_carousel__padding\">\n<div class=\"van_vid_carousel__container\"><\/div>\n<\/div>\n<\/div>\n<p>\u201eAlles, was \u00dcppigkeit schafft, ist eine gute Idee\u201c, sagt die in Florida ans\u00e4ssige Designerin Lisa Gilmore von Lisa Gilmore Design, die selbst in ihrer Mietwohnung wohnt. \u201eWie alles, was man mitnehmen kann, und es ist preiswert.\u201c Eine \u00dcberladung an Kissen war der erste \u2013 und \u00fcberraschend wirksamste \u2013 Schritt.<\/p>\n<div id=\"ad-unit-2\" class=\"ad-unit\"><\/div>\n<h3 class=\"article-body__section\" id=\"section-2-using-books-as-art\"><span>2. B\u00fccher als Kunst nutzen<\/span><\/h3>\n<figure class=\"van-image-figure inline-layout \" data-bordeaux-image-check>\n<div class=\"image-full-width-wrapper\">\n<div class=\"image-widthsetter\" style=\"max-width:2752px;\"><\/div>\n<\/div>\n<\/figure>\n<p>Ich w\u00fcrde in diesem Haus nicht einmal meine B\u00fccher auspacken. Ich bin selbst ein Kindle-Fan und bevorzuge Regale, in denen ein paar kunstvolle Gegenst\u00e4nde Platz finden, statt einer Heimbibliothek. Ich denke immer, dass sie so ruhiger sind. Aber eigentlich sind die B\u00fccher, die ich besitze, Sch\u00f6nheiten auf dem Kaffeetisch, fast eigenst\u00e4ndige Kunstwerke, die ich im Laufe der Jahre gesammelt und geliebt habe.<\/p>\n<p>\u201eIch habe eine peinliche Menge an Bildb\u00e4nden\u201c, sagt Lisa. \u201eUnd nicht viel Platz f\u00fcr sie.\u201c Und so fing ich an, eine offene Bibliothek einzurichten (am Rand meines Wohnzimmers), in der ich die B\u00fccher, die ich gerade lese, stapele, damit ich sie leichter erreichen kann.\u2018<\/p>\n<p>Wie Sie oben sehen k\u00f6nnen, hat Lisa die charaktervollen S\u00e4ulen genutzt, um ihre Lieblingsb\u00fccher dort unterzubringen. \u201eIch ordne sie st\u00e4ndig neu an\u201c, sagt sie. Indem Sie B\u00fccher zur Schau stellen, aber vor allem an den R\u00e4ndern und nicht im Weg, k\u00f6nnen Sie in Ihrem Leihbuch die Geschichte dar\u00fcber erz\u00e4hlen, wer Sie sind und woran Sie interessiert sind.<\/p>\n<h3 class=\"article-body__section\" id=\"section-3-grouping-plants-in-pot-colonies\"><span>3. Gruppierung von Pflanzen in Topfkolonien<\/span><\/h3>\n<figure class=\"van-image-figure inline-layout \" data-bordeaux-image-check>\n<div class=\"image-full-width-wrapper\">\n<div class=\"image-widthsetter\" style=\"max-width:2000px;\"><\/div>\n<\/div>\n<\/figure>\n<p>Zimmerpflanzen sind die Geheimwaffe eines Mieters. Warum? \u201eSie erzeugen unterschiedliche Gef\u00fchle und erm\u00f6glichen es einem, sehr experimentierfreudig zu sein\u201c, sagt Lisa. Sie ist eine bekennende Mutter von Pflanzen in ihrer eigenen Wohnung und genie\u00dft es, sie im Raum zu bewegen, aufzuh\u00e4ngen und auf Hocker zu stellen. \u201eIch mag es, wenn ich eines auf einen antiken Hocker lege\u201c, sagt sie und f\u00fcgt hinzu, dass sie wie Kissen ein Gef\u00fchl von \u00dcppigkeit vermitteln.<\/p>\n<p>F\u00fcr mich waren unsere Pflanzen eine einfachere und effektivere M\u00f6glichkeit, die Mietwohnung wie ein Zuhause wirken zu lassen, als die Zimmerfarbe zu \u00e4ndern. Die Farne und Philodendren, die jetzt in einer \u201eTopfkolonie\u201c in verschiedenen Ecken rund um das Haus gruppiert sind, wurden aus unserem alten Haus mitgebracht und von uns gepflegt. Sie sind Teil unserer Geschichte. Nicht jede Pflanze, die wir besa\u00dfen, hat \u00fcberlebt und das ist auch Teil unserer Geschichte.<\/p>\n<h3 class=\"article-body__section\" id=\"section-4-changing-some-of-the-light-fittings\"><span>4. Austausch (einiger) der Leuchten<\/span><\/h3>\n<figure class=\"van-image-figure inline-layout \" data-bordeaux-image-check>\n<div class=\"image-full-width-wrapper\">\n<div class=\"image-widthsetter\" style=\"max-width:1110px;\"><\/div>\n<\/div>\n<\/figure>\n<p>Ich werde mit den grellen Scheinwerfern an der K\u00fcchendecke und den Wandlampen leben, die ein zu kaltes Licht ins Wohnzimmer werfen (wir schalten sie einfach nicht ein und bevorzugen stattdessen unsere Tisch- und Stehlampen). Aber einfach die Sonnenbrillen durch solche auszutauschen, die ich selbst ausgesucht hatte, machte einen gewaltigen Unterschied, und dies zu tun f\u00fchlte sich wie ein Aha-Moment an (entschuldigen Sie das Wortspiel). Die L\u00f6sung war so einfach und ich kann sie mitnehmen, wenn ich hingehe.<\/p>\n<p>\u201eEs ist keine gro\u00dfe Sache, einen Kronleuchter auszutauschen und den des Besitzers in einer Kiste in der Garage oder hinten in einem Schrank aufzubewahren\u201c, sagt Lisa, was sie auch in ihrem Esszimmer getan hat, das hier zu sehen ist. Solange Sie es vor Ihrer Abreise wieder umstellen k\u00f6nnen, ist dieser kleine Akt der Personalisierung von gro\u00dfer Bedeutung.<\/p>\n<h3 class=\"article-body__section\" id=\"section-5-propping-up-an-art-collection\"><span>5. Aufbau einer Kunstsammlung<\/span><\/h3>\n<figure class=\"van-image-figure inline-layout \" data-bordeaux-image-check>\n<div class=\"image-full-width-wrapper\">\n<div class=\"image-widthsetter\" style=\"max-width:1140px;\"><\/div>\n<\/div>\n<\/figure>\n<p>\u201eKunst ist eine weitere Sache, die man \u00fcberall hin mitnehmen kann\u201c, sagt Lisa. \u201eIch habe mich im Laufe der Jahre darauf konzentriert, in Kunstwerke zu investieren, die mich angesprochen haben.\u201c Einige sind Originalst\u00fccke von K\u00fcnstlern, andere finde ich auf Reisen, wie zum Beispiel aus dem YSL-Museum in Marokko. Ich bringe einen Druck zur\u00fcck und lasse ihn einrahmen. Diese Kunst ist Teil Ihrer Geschichte.\u2018<\/p>\n<p>Besser noch, Lisa weist darauf hin, dass man beim Dekorieren mit Kunst diese nicht an die Wand nageln muss und die Kunstwerke oft auf Regalen oder Kaminen gruppiert. \u201eEin Profi-Tipp ist, das gr\u00f6\u00dfere Gem\u00e4lde unten zu platzieren und dann das kleinere einfach oben zu platzieren.\u201c \u201eEs entsteht eine lustige Vignette, f\u00fcllt den Raum besser aus und sorgt f\u00fcr etwas Skurriles\u201c, sagt sie.<\/p>\n<div class=\"product-container hero-product-container product-block-no-wrap\"><\/div>\n<hr>\n<p>Nachdem wir gerade diese f\u00fcnf kleinen Dinge getan haben, f\u00fchlt sich das Zuhause nicht mehr wie unser Zuhause f\u00fcr immer an (es k\u00f6nnte und wird nie so sein), aber es f\u00fchlt sich wie unseres an. Und es war so einfach zu machen. Und das ist der Trick bei einem Mietwagen: Konzentrieren Sie sich auf die kleinen Tricks, die den gr\u00f6\u00dften Unterschied machen.<\/p>\n<\/div>\n","protected":false},"excerpt":{"rendered":"<p>Ich bin vor Kurzem in ein Mietobjekt gezogen, nachdem ich fast 20 Jahre lang Eigent\u00fcmerin der H\u00e4user war, in denen ich gelebt habe. Wir haben<\/p>\n","protected":false},"author":1,"featured_media":568,"comment_status":"closed","ping_status":"","sticky":false,"template":"","format":"standard","meta":{"footnotes":""},"categories":[118],"tags":[157,1123,1131,932,598,1126,143,1124,1133,1127,823,1132,129,1054,1122,61,1128,1129,1130,26,1125],"class_list":["post-567","post","type-post","status-publish","format-standard","has-post-thumbnail","hentry","category-haus-garten","tag-alles","tag-bewusst","tag-brauchte","tag-dafuer","tag-damit","tag-dekorieren","tag-diese","tag-entschieden","tag-fuehle","tag-fuenf","tag-habe","tag-hause","tag-ich","tag-meine","tag-mich","tag-nicht","tag-schnellen","tag-tricks","tag-waren","tag-wie","tag-wohnung","generate-columns","tablet-grid-50","mobile-grid-100","grid-parent","grid-50"],"yoast_head":"<!-- This site is optimized with the Yoast SEO plugin v27.3 - https:\/\/yoast.com\/product\/yoast-seo-wordpress\/ -->\n<title>Ich habe mich bewusst daf\u00fcr entschieden, meine Wohnung nicht zu dekorieren \u2013 diese f\u00fcnf schnellen Tricks waren alles, was ich brauchte, damit ich mich wie zu Hause f\u00fchle - Nachrichten - Stra\u00dfenweb<\/title>\n<meta name=\"robots\" content=\"index, follow, max-snippet:-1, max-image-preview:large, max-video-preview:-1\" \/>\n<link rel=\"canonical\" href=\"https:\/\/www.strassenweb.de\/nachrichten\/ich-habe-mich-bewusst-dafuer-entschieden-meine-wohnung-nicht-zu-dekorieren-diese-fuenf-schnellen-tricks-waren-alles-was-ich-brauchte-damit-ich-mich-wie-zu-hause-fuehle\/\" \/>\n<meta property=\"og:locale\" content=\"de_DE\" \/>\n<meta property=\"og:type\" content=\"article\" \/>\n<meta property=\"og:title\" content=\"Ich habe mich bewusst daf\u00fcr entschieden, meine Wohnung nicht zu dekorieren \u2013 diese f\u00fcnf schnellen Tricks waren alles, was ich brauchte, damit ich mich wie zu Hause f\u00fchle - Nachrichten - Stra\u00dfenweb\" \/>\n<meta property=\"og:description\" content=\"Ich bin vor Kurzem in ein Mietobjekt gezogen, nachdem ich fast 20 Jahre lang Eigent\u00fcmerin der H\u00e4user war, in denen ich gelebt habe. Wir haben\" \/>\n<meta property=\"og:url\" content=\"https:\/\/www.strassenweb.de\/nachrichten\/ich-habe-mich-bewusst-dafuer-entschieden-meine-wohnung-nicht-zu-dekorieren-diese-fuenf-schnellen-tricks-waren-alles-was-ich-brauchte-damit-ich-mich-wie-zu-hause-fuehle\/\" \/>\n<meta property=\"og:site_name\" content=\"Stra\u00dfenweb\" \/>\n<meta property=\"article:publisher\" content=\"https:\/\/www.facebook.com\/strassenweb\/\" \/>\n<meta property=\"article:published_time\" content=\"2024-10-03T18:50:32+00:00\" \/>\n<meta property=\"article:modified_time\" content=\"2024-10-03T18:50:37+00:00\" \/>\n<meta property=\"og:image\" content=\"https:\/\/www.strassenweb.de\/nachrichten\/wp-content\/uploads\/2024\/10\/Ich-habe-mich-bewusst-dafuer-entschieden-meine-Wohnung-nicht-zu.png\" \/>\n\t<meta property=\"og:image:width\" content=\"1200\" \/>\n\t<meta property=\"og:image:height\" content=\"723\" \/>\n\t<meta property=\"og:image:type\" content=\"image\/png\" \/>\n<meta name=\"author\" content=\"Robert Hoffmann\" \/>\n<meta name=\"twitter:card\" content=\"summary_large_image\" \/>\n<meta name=\"twitter:label1\" content=\"Verfasst von\" \/>\n\t<meta name=\"twitter:data1\" content=\"Robert Hoffmann\" \/>\n\t<meta name=\"twitter:label2\" content=\"Gesch\u00e4tzte Lesezeit\" \/>\n\t<meta name=\"twitter:data2\" content=\"5\u00a0Minuten\" \/>\n<script type=\"application\/ld+json\" class=\"yoast-schema-graph\">{\"@context\":\"https:\\\/\\\/schema.org\",\"@graph\":[{\"@type\":\"Article\",\"@id\":\"https:\\\/\\\/www.strassenweb.de\\\/nachrichten\\\/ich-habe-mich-bewusst-dafuer-entschieden-meine-wohnung-nicht-zu-dekorieren-diese-fuenf-schnellen-tricks-waren-alles-was-ich-brauchte-damit-ich-mich-wie-zu-hause-fuehle\\\/#article\",\"isPartOf\":{\"@id\":\"https:\\\/\\\/www.strassenweb.de\\\/nachrichten\\\/ich-habe-mich-bewusst-dafuer-entschieden-meine-wohnung-nicht-zu-dekorieren-diese-fuenf-schnellen-tricks-waren-alles-was-ich-brauchte-damit-ich-mich-wie-zu-hause-fuehle\\\/\"},\"author\":{\"name\":\"Robert Hoffmann\",\"@id\":\"https:\\\/\\\/www.strassenweb.de\\\/nachrichten\\\/#\\\/schema\\\/person\\\/87c9c9067f1211da429a744dc5a5aa41\"},\"headline\":\"Ich habe mich bewusst daf\u00fcr entschieden, meine Wohnung nicht zu dekorieren \u2013 diese f\u00fcnf schnellen Tricks waren alles, was ich brauchte, damit ich mich wie zu Hause f\u00fchle\",\"datePublished\":\"2024-10-03T18:50:32+00:00\",\"dateModified\":\"2024-10-03T18:50:37+00:00\",\"mainEntityOfPage\":{\"@id\":\"https:\\\/\\\/www.strassenweb.de\\\/nachrichten\\\/ich-habe-mich-bewusst-dafuer-entschieden-meine-wohnung-nicht-zu-dekorieren-diese-fuenf-schnellen-tricks-waren-alles-was-ich-brauchte-damit-ich-mich-wie-zu-hause-fuehle\\\/\"},\"wordCount\":1026,\"publisher\":{\"@id\":\"https:\\\/\\\/www.strassenweb.de\\\/nachrichten\\\/#organization\"},\"image\":{\"@id\":\"https:\\\/\\\/www.strassenweb.de\\\/nachrichten\\\/ich-habe-mich-bewusst-dafuer-entschieden-meine-wohnung-nicht-zu-dekorieren-diese-fuenf-schnellen-tricks-waren-alles-was-ich-brauchte-damit-ich-mich-wie-zu-hause-fuehle\\\/#primaryimage\"},\"thumbnailUrl\":\"https:\\\/\\\/www.strassenweb.de\\\/nachrichten\\\/wp-content\\\/uploads\\\/2024\\\/10\\\/Ich-habe-mich-bewusst-dafuer-entschieden-meine-Wohnung-nicht-zu.png\",\"keywords\":[\"alles\",\"bewusst\",\"brauchte\",\"daf\u00fcr\",\"damit\",\"dekorieren\",\"diese\",\"entschieden\",\"f\u00fchle\",\"f\u00fcnf\",\"habe\",\"Hause\",\"ich\",\"meine\",\"mich\",\"nicht\",\"schnellen\",\"Tricks\",\"waren\",\"Wie\",\"Wohnung\"],\"articleSection\":[\"Haus &amp; Garten\"],\"inLanguage\":\"de\"},{\"@type\":\"WebPage\",\"@id\":\"https:\\\/\\\/www.strassenweb.de\\\/nachrichten\\\/ich-habe-mich-bewusst-dafuer-entschieden-meine-wohnung-nicht-zu-dekorieren-diese-fuenf-schnellen-tricks-waren-alles-was-ich-brauchte-damit-ich-mich-wie-zu-hause-fuehle\\\/\",\"url\":\"https:\\\/\\\/www.strassenweb.de\\\/nachrichten\\\/ich-habe-mich-bewusst-dafuer-entschieden-meine-wohnung-nicht-zu-dekorieren-diese-fuenf-schnellen-tricks-waren-alles-was-ich-brauchte-damit-ich-mich-wie-zu-hause-fuehle\\\/\",\"name\":\"Ich habe mich bewusst daf\u00fcr entschieden, meine Wohnung nicht zu dekorieren \u2013 diese f\u00fcnf schnellen Tricks waren alles, was ich brauchte, damit ich mich wie zu Hause f\u00fchle - Nachrichten - Stra\u00dfenweb\",\"isPartOf\":{\"@id\":\"https:\\\/\\\/www.strassenweb.de\\\/nachrichten\\\/#website\"},\"primaryImageOfPage\":{\"@id\":\"https:\\\/\\\/www.strassenweb.de\\\/nachrichten\\\/ich-habe-mich-bewusst-dafuer-entschieden-meine-wohnung-nicht-zu-dekorieren-diese-fuenf-schnellen-tricks-waren-alles-was-ich-brauchte-damit-ich-mich-wie-zu-hause-fuehle\\\/#primaryimage\"},\"image\":{\"@id\":\"https:\\\/\\\/www.strassenweb.de\\\/nachrichten\\\/ich-habe-mich-bewusst-dafuer-entschieden-meine-wohnung-nicht-zu-dekorieren-diese-fuenf-schnellen-tricks-waren-alles-was-ich-brauchte-damit-ich-mich-wie-zu-hause-fuehle\\\/#primaryimage\"},\"thumbnailUrl\":\"https:\\\/\\\/www.strassenweb.de\\\/nachrichten\\\/wp-content\\\/uploads\\\/2024\\\/10\\\/Ich-habe-mich-bewusst-dafuer-entschieden-meine-Wohnung-nicht-zu.png\",\"datePublished\":\"2024-10-03T18:50:32+00:00\",\"dateModified\":\"2024-10-03T18:50:37+00:00\",\"breadcrumb\":{\"@id\":\"https:\\\/\\\/www.strassenweb.de\\\/nachrichten\\\/ich-habe-mich-bewusst-dafuer-entschieden-meine-wohnung-nicht-zu-dekorieren-diese-fuenf-schnellen-tricks-waren-alles-was-ich-brauchte-damit-ich-mich-wie-zu-hause-fuehle\\\/#breadcrumb\"},\"inLanguage\":\"de\",\"potentialAction\":[{\"@type\":\"ReadAction\",\"target\":[\"https:\\\/\\\/www.strassenweb.de\\\/nachrichten\\\/ich-habe-mich-bewusst-dafuer-entschieden-meine-wohnung-nicht-zu-dekorieren-diese-fuenf-schnellen-tricks-waren-alles-was-ich-brauchte-damit-ich-mich-wie-zu-hause-fuehle\\\/\"]}]},{\"@type\":\"ImageObject\",\"inLanguage\":\"de\",\"@id\":\"https:\\\/\\\/www.strassenweb.de\\\/nachrichten\\\/ich-habe-mich-bewusst-dafuer-entschieden-meine-wohnung-nicht-zu-dekorieren-diese-fuenf-schnellen-tricks-waren-alles-was-ich-brauchte-damit-ich-mich-wie-zu-hause-fuehle\\\/#primaryimage\",\"url\":\"https:\\\/\\\/www.strassenweb.de\\\/nachrichten\\\/wp-content\\\/uploads\\\/2024\\\/10\\\/Ich-habe-mich-bewusst-dafuer-entschieden-meine-Wohnung-nicht-zu.png\",\"contentUrl\":\"https:\\\/\\\/www.strassenweb.de\\\/nachrichten\\\/wp-content\\\/uploads\\\/2024\\\/10\\\/Ich-habe-mich-bewusst-dafuer-entschieden-meine-Wohnung-nicht-zu.png\",\"width\":1200,\"height\":723,\"caption\":\"Ich habe mich bewusst daf\u00fcr entschieden, meine Wohnung nicht zu dekorieren \u2013 diese f\u00fcnf schnellen Tricks waren alles, was ich brauchte, damit ich mich wie zu Hause f\u00fchle\"},{\"@type\":\"BreadcrumbList\",\"@id\":\"https:\\\/\\\/www.strassenweb.de\\\/nachrichten\\\/ich-habe-mich-bewusst-dafuer-entschieden-meine-wohnung-nicht-zu-dekorieren-diese-fuenf-schnellen-tricks-waren-alles-was-ich-brauchte-damit-ich-mich-wie-zu-hause-fuehle\\\/#breadcrumb\",\"itemListElement\":[{\"@type\":\"ListItem\",\"position\":1,\"name\":\"Home\",\"item\":\"https:\\\/\\\/www.strassenweb.de\\\/nachrichten\\\/\"},{\"@type\":\"ListItem\",\"position\":2,\"name\":\"Ich habe mich bewusst daf\u00fcr entschieden, meine Wohnung nicht zu dekorieren \u2013 diese f\u00fcnf schnellen Tricks waren alles, was ich brauchte, damit ich mich wie zu Hause f\u00fchle\"}]},{\"@type\":\"WebSite\",\"@id\":\"https:\\\/\\\/www.strassenweb.de\\\/nachrichten\\\/#website\",\"url\":\"https:\\\/\\\/www.strassenweb.de\\\/nachrichten\\\/\",\"name\":\"Stra\u00dfenweb\",\"description\":\"Stra\u00dfenverzeichnis f\u00fcr Deutschland\",\"publisher\":{\"@id\":\"https:\\\/\\\/www.strassenweb.de\\\/nachrichten\\\/#organization\"},\"potentialAction\":[{\"@type\":\"SearchAction\",\"target\":{\"@type\":\"EntryPoint\",\"urlTemplate\":\"https:\\\/\\\/www.strassenweb.de\\\/nachrichten\\\/?s={search_term_string}\"},\"query-input\":{\"@type\":\"PropertyValueSpecification\",\"valueRequired\":true,\"valueName\":\"search_term_string\"}}],\"inLanguage\":\"de\"},{\"@type\":\"Organization\",\"@id\":\"https:\\\/\\\/www.strassenweb.de\\\/nachrichten\\\/#organization\",\"name\":\"Stra\u00dfenweb\",\"url\":\"https:\\\/\\\/www.strassenweb.de\\\/nachrichten\\\/\",\"logo\":{\"@type\":\"ImageObject\",\"inLanguage\":\"de\",\"@id\":\"https:\\\/\\\/www.strassenweb.de\\\/nachrichten\\\/#\\\/schema\\\/logo\\\/image\\\/\",\"url\":\"https:\\\/\\\/www.strassenweb.de\\\/nachrichten\\\/wp-content\\\/uploads\\\/2024\\\/09\\\/cropped-favicon.png\",\"contentUrl\":\"https:\\\/\\\/www.strassenweb.de\\\/nachrichten\\\/wp-content\\\/uploads\\\/2024\\\/09\\\/cropped-favicon.png\",\"width\":512,\"height\":512,\"caption\":\"Stra\u00dfenweb\"},\"image\":{\"@id\":\"https:\\\/\\\/www.strassenweb.de\\\/nachrichten\\\/#\\\/schema\\\/logo\\\/image\\\/\"},\"sameAs\":[\"https:\\\/\\\/www.facebook.com\\\/strassenweb\\\/\"]},{\"@type\":\"Person\",\"@id\":\"https:\\\/\\\/www.strassenweb.de\\\/nachrichten\\\/#\\\/schema\\\/person\\\/87c9c9067f1211da429a744dc5a5aa41\",\"name\":\"Robert Hoffmann\",\"image\":{\"@type\":\"ImageObject\",\"inLanguage\":\"de\",\"@id\":\"https:\\\/\\\/www.strassenweb.de\\\/nachrichten\\\/wp-content\\\/uploads\\\/2024\\\/09\\\/strassenweb-150x150.jpg\",\"url\":\"https:\\\/\\\/www.strassenweb.de\\\/nachrichten\\\/wp-content\\\/uploads\\\/2024\\\/09\\\/strassenweb-150x150.jpg\",\"contentUrl\":\"https:\\\/\\\/www.strassenweb.de\\\/nachrichten\\\/wp-content\\\/uploads\\\/2024\\\/09\\\/strassenweb-150x150.jpg\",\"caption\":\"Robert Hoffmann\"},\"description\":\"Ich hei\u00dfe Robert Hoffmann und ich bin ein leidenschaftlicher Verfechter von \u00d6kologie und Biodiversit\u00e4t. Seit meiner Kindheit in den W\u00e4ldern Bayerns f\u00fchle ich mich mit der Natur verbunden und bin entschlossen, sie zu sch\u00fctzen. Heute widme ich mein Leben der Sensibilisierung anderer f\u00fcr die Bedeutung des Umweltschutzes f\u00fcr zuk\u00fcnftige Generationen.\",\"sameAs\":[\"https:\\\/\\\/www.strassenweb.de\\\/\"]}]}<\/script>\n<!-- \/ Yoast SEO plugin. -->","yoast_head_json":{"title":"Ich habe mich bewusst daf\u00fcr entschieden, meine Wohnung nicht zu dekorieren \u2013 diese f\u00fcnf schnellen Tricks waren alles, was ich brauchte, damit ich mich wie zu Hause f\u00fchle - Nachrichten - Stra\u00dfenweb","robots":{"index":"index","follow":"follow","max-snippet":"max-snippet:-1","max-image-preview":"max-image-preview:large","max-video-preview":"max-video-preview:-1"},"canonical":"https:\/\/www.strassenweb.de\/nachrichten\/ich-habe-mich-bewusst-dafuer-entschieden-meine-wohnung-nicht-zu-dekorieren-diese-fuenf-schnellen-tricks-waren-alles-was-ich-brauchte-damit-ich-mich-wie-zu-hause-fuehle\/","og_locale":"de_DE","og_type":"article","og_title":"Ich habe mich bewusst daf\u00fcr entschieden, meine Wohnung nicht zu dekorieren \u2013 diese f\u00fcnf schnellen Tricks waren alles, was ich brauchte, damit ich mich wie zu Hause f\u00fchle - Nachrichten - Stra\u00dfenweb","og_description":"Ich bin vor Kurzem in ein Mietobjekt gezogen, nachdem ich fast 20 Jahre lang Eigent\u00fcmerin der H\u00e4user war, in denen ich gelebt habe. Wir haben","og_url":"https:\/\/www.strassenweb.de\/nachrichten\/ich-habe-mich-bewusst-dafuer-entschieden-meine-wohnung-nicht-zu-dekorieren-diese-fuenf-schnellen-tricks-waren-alles-was-ich-brauchte-damit-ich-mich-wie-zu-hause-fuehle\/","og_site_name":"Stra\u00dfenweb","article_publisher":"https:\/\/www.facebook.com\/strassenweb\/","article_published_time":"2024-10-03T18:50:32+00:00","article_modified_time":"2024-10-03T18:50:37+00:00","og_image":[{"width":1200,"height":723,"url":"https:\/\/www.strassenweb.de\/nachrichten\/wp-content\/uploads\/2024\/10\/Ich-habe-mich-bewusst-dafuer-entschieden-meine-Wohnung-nicht-zu.png","type":"image\/png"}],"author":"Robert Hoffmann","twitter_card":"summary_large_image","twitter_misc":{"Verfasst von":"Robert Hoffmann","Gesch\u00e4tzte Lesezeit":"5\u00a0Minuten"},"schema":{"@context":"https:\/\/schema.org","@graph":[{"@type":"Article","@id":"https:\/\/www.strassenweb.de\/nachrichten\/ich-habe-mich-bewusst-dafuer-entschieden-meine-wohnung-nicht-zu-dekorieren-diese-fuenf-schnellen-tricks-waren-alles-was-ich-brauchte-damit-ich-mich-wie-zu-hause-fuehle\/#article","isPartOf":{"@id":"https:\/\/www.strassenweb.de\/nachrichten\/ich-habe-mich-bewusst-dafuer-entschieden-meine-wohnung-nicht-zu-dekorieren-diese-fuenf-schnellen-tricks-waren-alles-was-ich-brauchte-damit-ich-mich-wie-zu-hause-fuehle\/"},"author":{"name":"Robert Hoffmann","@id":"https:\/\/www.strassenweb.de\/nachrichten\/#\/schema\/person\/87c9c9067f1211da429a744dc5a5aa41"},"headline":"Ich habe mich bewusst daf\u00fcr entschieden, meine Wohnung nicht zu dekorieren \u2013 diese f\u00fcnf schnellen Tricks waren alles, was ich brauchte, damit ich mich wie zu Hause f\u00fchle","datePublished":"2024-10-03T18:50:32+00:00","dateModified":"2024-10-03T18:50:37+00:00","mainEntityOfPage":{"@id":"https:\/\/www.strassenweb.de\/nachrichten\/ich-habe-mich-bewusst-dafuer-entschieden-meine-wohnung-nicht-zu-dekorieren-diese-fuenf-schnellen-tricks-waren-alles-was-ich-brauchte-damit-ich-mich-wie-zu-hause-fuehle\/"},"wordCount":1026,"publisher":{"@id":"https:\/\/www.strassenweb.de\/nachrichten\/#organization"},"image":{"@id":"https:\/\/www.strassenweb.de\/nachrichten\/ich-habe-mich-bewusst-dafuer-entschieden-meine-wohnung-nicht-zu-dekorieren-diese-fuenf-schnellen-tricks-waren-alles-was-ich-brauchte-damit-ich-mich-wie-zu-hause-fuehle\/#primaryimage"},"thumbnailUrl":"https:\/\/www.strassenweb.de\/nachrichten\/wp-content\/uploads\/2024\/10\/Ich-habe-mich-bewusst-dafuer-entschieden-meine-Wohnung-nicht-zu.png","keywords":["alles","bewusst","brauchte","daf\u00fcr","damit","dekorieren","diese","entschieden","f\u00fchle","f\u00fcnf","habe","Hause","ich","meine","mich","nicht","schnellen","Tricks","waren","Wie","Wohnung"],"articleSection":["Haus &amp; Garten"],"inLanguage":"de"},{"@type":"WebPage","@id":"https:\/\/www.strassenweb.de\/nachrichten\/ich-habe-mich-bewusst-dafuer-entschieden-meine-wohnung-nicht-zu-dekorieren-diese-fuenf-schnellen-tricks-waren-alles-was-ich-brauchte-damit-ich-mich-wie-zu-hause-fuehle\/","url":"https:\/\/www.strassenweb.de\/nachrichten\/ich-habe-mich-bewusst-dafuer-entschieden-meine-wohnung-nicht-zu-dekorieren-diese-fuenf-schnellen-tricks-waren-alles-was-ich-brauchte-damit-ich-mich-wie-zu-hause-fuehle\/","name":"Ich habe mich bewusst daf\u00fcr entschieden, meine Wohnung nicht zu dekorieren \u2013 diese f\u00fcnf schnellen Tricks waren alles, was ich brauchte, damit ich mich wie zu Hause f\u00fchle - Nachrichten - Stra\u00dfenweb","isPartOf":{"@id":"https:\/\/www.strassenweb.de\/nachrichten\/#website"},"primaryImageOfPage":{"@id":"https:\/\/www.strassenweb.de\/nachrichten\/ich-habe-mich-bewusst-dafuer-entschieden-meine-wohnung-nicht-zu-dekorieren-diese-fuenf-schnellen-tricks-waren-alles-was-ich-brauchte-damit-ich-mich-wie-zu-hause-fuehle\/#primaryimage"},"image":{"@id":"https:\/\/www.strassenweb.de\/nachrichten\/ich-habe-mich-bewusst-dafuer-entschieden-meine-wohnung-nicht-zu-dekorieren-diese-fuenf-schnellen-tricks-waren-alles-was-ich-brauchte-damit-ich-mich-wie-zu-hause-fuehle\/#primaryimage"},"thumbnailUrl":"https:\/\/www.strassenweb.de\/nachrichten\/wp-content\/uploads\/2024\/10\/Ich-habe-mich-bewusst-dafuer-entschieden-meine-Wohnung-nicht-zu.png","datePublished":"2024-10-03T18:50:32+00:00","dateModified":"2024-10-03T18:50:37+00:00","breadcrumb":{"@id":"https:\/\/www.strassenweb.de\/nachrichten\/ich-habe-mich-bewusst-dafuer-entschieden-meine-wohnung-nicht-zu-dekorieren-diese-fuenf-schnellen-tricks-waren-alles-was-ich-brauchte-damit-ich-mich-wie-zu-hause-fuehle\/#breadcrumb"},"inLanguage":"de","potentialAction":[{"@type":"ReadAction","target":["https:\/\/www.strassenweb.de\/nachrichten\/ich-habe-mich-bewusst-dafuer-entschieden-meine-wohnung-nicht-zu-dekorieren-diese-fuenf-schnellen-tricks-waren-alles-was-ich-brauchte-damit-ich-mich-wie-zu-hause-fuehle\/"]}]},{"@type":"ImageObject","inLanguage":"de","@id":"https:\/\/www.strassenweb.de\/nachrichten\/ich-habe-mich-bewusst-dafuer-entschieden-meine-wohnung-nicht-zu-dekorieren-diese-fuenf-schnellen-tricks-waren-alles-was-ich-brauchte-damit-ich-mich-wie-zu-hause-fuehle\/#primaryimage","url":"https:\/\/www.strassenweb.de\/nachrichten\/wp-content\/uploads\/2024\/10\/Ich-habe-mich-bewusst-dafuer-entschieden-meine-Wohnung-nicht-zu.png","contentUrl":"https:\/\/www.strassenweb.de\/nachrichten\/wp-content\/uploads\/2024\/10\/Ich-habe-mich-bewusst-dafuer-entschieden-meine-Wohnung-nicht-zu.png","width":1200,"height":723,"caption":"Ich habe mich bewusst daf\u00fcr entschieden, meine Wohnung nicht zu dekorieren \u2013 diese f\u00fcnf schnellen Tricks waren alles, was ich brauchte, damit ich mich wie zu Hause f\u00fchle"},{"@type":"BreadcrumbList","@id":"https:\/\/www.strassenweb.de\/nachrichten\/ich-habe-mich-bewusst-dafuer-entschieden-meine-wohnung-nicht-zu-dekorieren-diese-fuenf-schnellen-tricks-waren-alles-was-ich-brauchte-damit-ich-mich-wie-zu-hause-fuehle\/#breadcrumb","itemListElement":[{"@type":"ListItem","position":1,"name":"Home","item":"https:\/\/www.strassenweb.de\/nachrichten\/"},{"@type":"ListItem","position":2,"name":"Ich habe mich bewusst daf\u00fcr entschieden, meine Wohnung nicht zu dekorieren \u2013 diese f\u00fcnf schnellen Tricks waren alles, was ich brauchte, damit ich mich wie zu Hause f\u00fchle"}]},{"@type":"WebSite","@id":"https:\/\/www.strassenweb.de\/nachrichten\/#website","url":"https:\/\/www.strassenweb.de\/nachrichten\/","name":"Stra\u00dfenweb","description":"Stra\u00dfenverzeichnis f\u00fcr Deutschland","publisher":{"@id":"https:\/\/www.strassenweb.de\/nachrichten\/#organization"},"potentialAction":[{"@type":"SearchAction","target":{"@type":"EntryPoint","urlTemplate":"https:\/\/www.strassenweb.de\/nachrichten\/?s={search_term_string}"},"query-input":{"@type":"PropertyValueSpecification","valueRequired":true,"valueName":"search_term_string"}}],"inLanguage":"de"},{"@type":"Organization","@id":"https:\/\/www.strassenweb.de\/nachrichten\/#organization","name":"Stra\u00dfenweb","url":"https:\/\/www.strassenweb.de\/nachrichten\/","logo":{"@type":"ImageObject","inLanguage":"de","@id":"https:\/\/www.strassenweb.de\/nachrichten\/#\/schema\/logo\/image\/","url":"https:\/\/www.strassenweb.de\/nachrichten\/wp-content\/uploads\/2024\/09\/cropped-favicon.png","contentUrl":"https:\/\/www.strassenweb.de\/nachrichten\/wp-content\/uploads\/2024\/09\/cropped-favicon.png","width":512,"height":512,"caption":"Stra\u00dfenweb"},"image":{"@id":"https:\/\/www.strassenweb.de\/nachrichten\/#\/schema\/logo\/image\/"},"sameAs":["https:\/\/www.facebook.com\/strassenweb\/"]},{"@type":"Person","@id":"https:\/\/www.strassenweb.de\/nachrichten\/#\/schema\/person\/87c9c9067f1211da429a744dc5a5aa41","name":"Robert Hoffmann","image":{"@type":"ImageObject","inLanguage":"de","@id":"https:\/\/www.strassenweb.de\/nachrichten\/wp-content\/uploads\/2024\/09\/strassenweb-150x150.jpg","url":"https:\/\/www.strassenweb.de\/nachrichten\/wp-content\/uploads\/2024\/09\/strassenweb-150x150.jpg","contentUrl":"https:\/\/www.strassenweb.de\/nachrichten\/wp-content\/uploads\/2024\/09\/strassenweb-150x150.jpg","caption":"Robert Hoffmann"},"description":"Ich hei\u00dfe Robert Hoffmann und ich bin ein leidenschaftlicher Verfechter von \u00d6kologie und Biodiversit\u00e4t. Seit meiner Kindheit in den W\u00e4ldern Bayerns f\u00fchle ich mich mit der Natur verbunden und bin entschlossen, sie zu sch\u00fctzen. Heute widme ich mein Leben der Sensibilisierung anderer f\u00fcr die Bedeutung des Umweltschutzes f\u00fcr zuk\u00fcnftige Generationen.","sameAs":["https:\/\/www.strassenweb.de\/"]}]}},"_links":{"self":[{"href":"https:\/\/www.strassenweb.de\/nachrichten\/wp-json\/wp\/v2\/posts\/567","targetHints":{"allow":["GET"]}}],"collection":[{"href":"https:\/\/www.strassenweb.de\/nachrichten\/wp-json\/wp\/v2\/posts"}],"about":[{"href":"https:\/\/www.strassenweb.de\/nachrichten\/wp-json\/wp\/v2\/types\/post"}],"author":[{"embeddable":true,"href":"https:\/\/www.strassenweb.de\/nachrichten\/wp-json\/wp\/v2\/users\/1"}],"replies":[{"embeddable":true,"href":"https:\/\/www.strassenweb.de\/nachrichten\/wp-json\/wp\/v2\/comments?post=567"}],"version-history":[{"count":0,"href":"https:\/\/www.strassenweb.de\/nachrichten\/wp-json\/wp\/v2\/posts\/567\/revisions"}],"wp:featuredmedia":[{"embeddable":true,"href":"https:\/\/www.strassenweb.de\/nachrichten\/wp-json\/wp\/v2\/media\/568"}],"wp:attachment":[{"href":"https:\/\/www.strassenweb.de\/nachrichten\/wp-json\/wp\/v2\/media?parent=567"}],"wp:term":[{"taxonomy":"category","embeddable":true,"href":"https:\/\/www.strassenweb.de\/nachrichten\/wp-json\/wp\/v2\/categories?post=567"},{"taxonomy":"post_tag","embeddable":true,"href":"https:\/\/www.strassenweb.de\/nachrichten\/wp-json\/wp\/v2\/tags?post=567"}],"curies":[{"name":"wp","href":"https:\/\/api.w.org\/{rel}","templated":true}]}}