{"id":5664,"date":"2025-06-14T13:40:41","date_gmt":"2025-06-14T11:40:41","guid":{"rendered":"https:\/\/www.strassenweb.de\/nachrichten\/ich-suchte-nach-einer-moeglichkeit-meine-kleine-terrasse-fuer-das-sommer-hosting-zu-zone\/"},"modified":"2025-06-14T13:40:43","modified_gmt":"2025-06-14T11:40:43","slug":"ich-suchte-nach-einer-moeglichkeit-meine-kleine-terrasse-fuer-das-sommer-hosting-zu-zone","status":"publish","type":"post","link":"https:\/\/www.strassenweb.de\/nachrichten\/ich-suchte-nach-einer-moeglichkeit-meine-kleine-terrasse-fuer-das-sommer-hosting-zu-zone\/","title":{"rendered":"Ich suchte nach einer M\u00f6glichkeit, meine kleine Terrasse f\u00fcr das Sommer-Hosting zu &#8218;Zone&#8216;"},"content":{"rendered":"<p><\/p>\n<div id=\"article-body\" class=\"article__body \">\n<p>Als ich in einer winzigen Wohnung lebte, hatte ich Frieden mit der Tatsache, dass das Hosting im Freien mit seinen Herausforderungen einhergehen w\u00fcrde &#8211; insbesondere, wenn es darum ging, im gleichen Raum zu essen, Kontakte zu kn\u00fcpfen und zu entspannen. So wie ich es vorziehen w\u00fcrde, meinen Esstisch von meinem Sofa innen getrennt zu halten, schien es einfach nicht m\u00f6glich zu sein, sie auf meiner Terrasse auseinander zu halten, bis Anne Hathaway die L\u00f6sung zur Verf\u00fcgung stellte.<\/p>\n<div id=\"ad-unit-1\" class=\"ad-unit\"><\/div>\n<p>Die Schauspielerin, zusammen mit ihrem Ehemann, dem Schmuckdesigner Adam Shulman, und dem Jeffrey Erb Landscape Design, zonierte intelligent ihre fr\u00fchere <u>Balkongarten <\/u>mit Pergolen verwenden. Trotz seiner NYC-Postleitzahl (was bedeutet, dass Platz f\u00fcr eine Pr\u00e4mie ist) gelang es dem Team, seine Open-Plan-Terrasse aufzubrechen und unterschiedliche &#8222;Zonen&#8220; zu schaffen-eines f\u00fcr das Essen an einem Tisch und eine, um Gespr\u00e4che \u00fcber bequeme Sitzpl\u00e4tze zu genie\u00dfen.<\/p>\n<aside data-block-type=\"embed\" data-render-type=\"fte\" data-skip=\"dealsy\" data-widget-type=\"seasonal\" class=\"hawk-base\"><\/aside>\n<p>F\u00fcr mich Annes <u>Terrassenidee <\/u>Erinnert an das Gef\u00fchl von zwei getrennten R\u00e4umen drau\u00dfen: einem Esszimmer und einem Wohnzimmer, die beide koexistieren und sich auf diesem Balkon irgendwie auseinander f\u00fchlen.<\/p>\n<div id=\"desktop-in-article\" class=\"in-article ad-unit\">\n<div id=\"desktop-taboola-mid-article\"><\/div>\n<\/div>\n<div id=\"mobile-in-article\" class=\"in-article ad-unit\">\n<div id=\"mobile-taboola-mid-article\"><\/div>\n<\/div>\n<div class=\"van_vid_carousel\">\n<div class=\"van_vid_carousel__padding\">\n<div class=\"van_vid_carousel__container\"><\/div>\n<\/div>\n<\/div>\n<aside data-component-name=\"Recirculation:ArticleRiver\" format=\"inline\" data-nosnippet>\n<span class=\"bg-secondary-500 text-white text-lg font-bold uppercase py-1 px-2 leading-(1.625rem) sm:leading-(6px) sm:text-sm\"><\/p>\n<p>Sie m\u00f6gen m\u00f6gen<br \/>\n<\/span><\/p>\n<ul class=\"flex flex-col my-2 list-outside ms-5 bg-none\">\n<li class=\"m-0 mb-2\" name=\"recirculation-inline\" data-analytics-id=\"recirculation-inline-1\" analytics-label=\"adviser:related\">\n<p>Der kleine, urbane Garten in Anne Hathaways NYC Home Masters Schatten, Privatsph\u00e4re und Terrassenberichterstattung auf sehr moderne Weise &#8211; es ist das Beste, was ich je gesehen habe<\/p>\n<\/li>\n<li class=\"m-0 mb-2\" name=\"recirculation-inline\" data-analytics-id=\"recirculation-inline-2\" analytics-label=\"adviser:related\">\n<p>Pamela Anderson erh\u00f6ht ihren Garten mit dieser europ\u00e4ischen Struktur &#8211; und sie werden \u00fcberall f\u00fcr den Sommer 2025 sein<\/p>\n<\/li>\n<li class=\"m-0 mb-2\" name=\"recirculation-inline\" data-analytics-id=\"recirculation-inline-3\" analytics-label=\"adviser:related\">\n<p>Mila Kunis und Ashton Kutchers Wohnzimmer im Innen- und Au\u00dfenbereich tr\u00e4umen von Sommerabenden-dies wird ein Muss f\u00fcr 2025 sein Muss<\/p>\n<\/li>\n<\/ul>\n<\/aside>\n<div class=\"instagram-embed\">\n<blockquote class=\"instagram-media\" data-instgrm-captioned data-instgrm-version=\"6\" style=\"width:99.375%; width:-webkit-calc(100% - 2px); width:calc(100% - 2px);\">\n<p>Ein Beitrag von Gramercy Design (@gramercydesign)<\/p>\n<p>Ein Foto von on <\/p>\n<\/blockquote>\n<\/div>\n<h2 id=\"shop-the-look-3\">Kaufen Sie den Look ein<\/h2>\n<div class=\"product-container hero-product-container product-block-no-wrap\">\n<div class=\"product-block-row\"><\/div>\n<div class=\"product-block-row\"><\/div>\n<div class=\"product-block-row\"><\/div>\n<\/div>\n<p>Annes Terrasse ist das erste Mal, dass ich eine solche Zonierung in einem st\u00e4dtischen Raum stattfindet. Wie Experten erkl\u00e4rt, k\u00f6nnen Sie jedoch ihre Methode auf einer Terrasse oder Terrasse nachbilden. Beginnen Sie mit einer schattigen Pergola (wie sie es getan hat) und w\u00e4hlen Sie dann Ihre M\u00f6bel von dort aus.<\/p>\n<div id=\"ad-unit-2\" class=\"ad-unit\"><\/div>\n<p>&#8222;Die moderne Pergola hat in den letzten Jahren einen Anstieg der Popularit\u00e4t erlebt, das von seinen innovativen Merkmalen, schlanken Designs und der F\u00e4higkeit, Ihren Wohnraum in den Garten auszudehnen, angetrieben&#8220;, kommentiert Reilly Gray, der Mitbegr\u00fcnder von Suns Lifestyle.<\/p>\n<p>&#8222;Sie erm\u00f6glichen es Ihnen nicht nur, Zonen im Garten zu erstellen, die bei freistehender Freizeit ganzj\u00e4hrig verwendet werden k\u00f6nnen, sondern sie sind auch eine praktische Alternative zu bi-gefalteten Jalousien, wenn sie in Ihr Grundst\u00fcck eingebaut werden, was dazu beitr\u00e4gt, Hitze und Blendung in den Sommermonaten zu regulieren, ohne das Licht im Winter in den Innenr\u00e4umen zu beeinflussen.&#8220;<\/p>\n<p>Wenn es darum geht, die richtige Struktur f\u00fcr Ihren Au\u00dfenbereich zu finden, m\u00fcssen einige wichtige \u00dcberlegungen ber\u00fccksichtigt werden. Beginnen Sie mit der Suche nach dem Material, das Ihrer Umgebung standh\u00e4lt, und nutzen Sie die gew\u00fcnschte \u00c4sthetik dabei.<\/p>\n<div id=\"slice-container-newsletterForm-articleInbodyContent-QWiomhN9EjznxZYN5tuN7i\" class=\"slice-container newsletter-inbodyContent-slice newsletterForm-articleInbodyContent-QWiomhN9EjznxZYN5tuN7i slice-container-newsletterForm\"><\/div>\n<p>&#8222;Zum Beispiel wird ein dekorativer Holzrahmen ein traditionelleres Gef\u00fchl verleihen (und mehr Wartung erfordern), w\u00e4hrend ein von 100% Aluminium ein modernes Finish veranstalten wird, w\u00e4hrend er robuster, wartungsarm, rostfreundlicher und f\u00fcr den Einsatz geeignet ist&#8220;, sagt Reilly.<\/p>\n<p>&#8218;Aluminium dauert auch viel l\u00e4nger als Holz, und das Problem mit Holzpergolas ist, sobald das Holz nass wird. Es kann auf den M\u00f6beln unten Saft tropfen lassen, was M\u00f6bel ruinieren kann. Das pulverbeschichtete Aluminium wird niemals verblassen und f\u00fcr immer gleich aussehen. Das Holz wird sich fast augenblicklich \u00e4ndern, nachdem es installiert wurde. &#8218;<\/p>\n<p>Wenn Sie Holz in Ihren Raum einf\u00fchren m\u00f6chten, kann es immer noch sch\u00f6n aussehen, aber Sie m\u00fcssen nur erwarten, dass sich es \u00e4ndert. In meinem Fall halte ich mich jedoch an Annes Beispiel und entscheide mich f\u00fcr eine schwarze Aluminiumoption, die den Elementen standh\u00e4lt und dabei meine Hosting -Leiden l\u00f6st.<\/p>\n<hr>\n<div class=\"block\" id=\"articleTag\" data-component-name=\"PostArticleLinks\">\n<div class=\"border-b border-b-black border-solid py-2.5 text-black font-bold uppercase\">Themen<\/div>\n<nav class=\"py-2.5 flex gap-2.5 flex-wrap\" data-analytics-id=\"article-tag\">\n<p>Anne Hathaway<br \/>\n<\/nav>\n<\/div>\n<\/div>\n<p><script async src=\"\/\/www.instagram.com\/embed.js\"><\/script><\/p>\n","protected":false},"excerpt":{"rendered":"<p>Als ich in einer winzigen Wohnung lebte, hatte ich Frieden mit der Tatsache, dass das Hosting im Freien mit seinen Herausforderungen einhergehen w\u00fcrde &#8211; insbesondere,<\/p>\n","protected":false},"author":1,"featured_media":5665,"comment_status":"closed","ping_status":"","sticky":false,"template":"","format":"standard","meta":{"footnotes":""},"categories":[118],"tags":[112,303,55,129,1672,1054,916,341,8021,8020,2491,8022],"class_list":["post-5664","post","type-post","status-publish","format-standard","has-post-thumbnail","hentry","category-haus-garten","tag-das","tag-einer","tag-fuer","tag-ich","tag-kleine","tag-meine","tag-moeglichkeit","tag-nach","tag-sommerhosting","tag-suchte","tag-terrasse","tag-zone","generate-columns","tablet-grid-50","mobile-grid-100","grid-parent","grid-50"],"yoast_head":"<!-- This site is optimized with the Yoast SEO plugin v27.3 - https:\/\/yoast.com\/product\/yoast-seo-wordpress\/ -->\n<title>Ich suchte nach einer M\u00f6glichkeit, meine kleine Terrasse f\u00fcr das Sommer-Hosting zu &#039;Zone&#039; - Nachrichten - Stra\u00dfenweb<\/title>\n<meta name=\"robots\" content=\"index, follow, max-snippet:-1, max-image-preview:large, max-video-preview:-1\" \/>\n<link rel=\"canonical\" href=\"https:\/\/www.strassenweb.de\/nachrichten\/ich-suchte-nach-einer-moeglichkeit-meine-kleine-terrasse-fuer-das-sommer-hosting-zu-zone\/\" \/>\n<meta property=\"og:locale\" content=\"de_DE\" \/>\n<meta property=\"og:type\" content=\"article\" \/>\n<meta property=\"og:title\" content=\"Ich suchte nach einer M\u00f6glichkeit, meine kleine Terrasse f\u00fcr das Sommer-Hosting zu &#039;Zone&#039; - Nachrichten - Stra\u00dfenweb\" \/>\n<meta property=\"og:description\" content=\"Als ich in einer winzigen Wohnung lebte, hatte ich Frieden mit der Tatsache, dass das Hosting im Freien mit seinen Herausforderungen einhergehen w\u00fcrde &#8211; insbesondere,\" \/>\n<meta property=\"og:url\" content=\"https:\/\/www.strassenweb.de\/nachrichten\/ich-suchte-nach-einer-moeglichkeit-meine-kleine-terrasse-fuer-das-sommer-hosting-zu-zone\/\" \/>\n<meta property=\"og:site_name\" content=\"Stra\u00dfenweb\" \/>\n<meta property=\"article:publisher\" content=\"https:\/\/www.facebook.com\/strassenweb\/\" \/>\n<meta property=\"article:published_time\" content=\"2025-06-14T11:40:41+00:00\" \/>\n<meta property=\"article:modified_time\" content=\"2025-06-14T11:40:43+00:00\" \/>\n<meta property=\"og:image\" content=\"https:\/\/www.strassenweb.de\/nachrichten\/wp-content\/uploads\/2025\/06\/ei7paPmtacFYsShpfLHeii-scaled.jpg\" \/>\n\t<meta property=\"og:image:width\" content=\"2560\" \/>\n\t<meta property=\"og:image:height\" content=\"1440\" \/>\n\t<meta property=\"og:image:type\" content=\"image\/jpeg\" \/>\n<meta name=\"author\" content=\"Robert Hoffmann\" \/>\n<meta name=\"twitter:card\" content=\"summary_large_image\" \/>\n<meta name=\"twitter:label1\" content=\"Verfasst von\" \/>\n\t<meta name=\"twitter:data1\" content=\"Robert Hoffmann\" \/>\n\t<meta name=\"twitter:label2\" content=\"Gesch\u00e4tzte Lesezeit\" \/>\n\t<meta name=\"twitter:data2\" content=\"3\u00a0Minuten\" \/>\n<script type=\"application\/ld+json\" class=\"yoast-schema-graph\">{\"@context\":\"https:\\\/\\\/schema.org\",\"@graph\":[{\"@type\":\"Article\",\"@id\":\"https:\\\/\\\/www.strassenweb.de\\\/nachrichten\\\/ich-suchte-nach-einer-moeglichkeit-meine-kleine-terrasse-fuer-das-sommer-hosting-zu-zone\\\/#article\",\"isPartOf\":{\"@id\":\"https:\\\/\\\/www.strassenweb.de\\\/nachrichten\\\/ich-suchte-nach-einer-moeglichkeit-meine-kleine-terrasse-fuer-das-sommer-hosting-zu-zone\\\/\"},\"author\":{\"name\":\"Robert Hoffmann\",\"@id\":\"https:\\\/\\\/www.strassenweb.de\\\/nachrichten\\\/#\\\/schema\\\/person\\\/87c9c9067f1211da429a744dc5a5aa41\"},\"headline\":\"Ich suchte nach einer M\u00f6glichkeit, meine kleine Terrasse f\u00fcr das Sommer-Hosting zu &#8218;Zone&#8216;\",\"datePublished\":\"2025-06-14T11:40:41+00:00\",\"dateModified\":\"2025-06-14T11:40:43+00:00\",\"mainEntityOfPage\":{\"@id\":\"https:\\\/\\\/www.strassenweb.de\\\/nachrichten\\\/ich-suchte-nach-einer-moeglichkeit-meine-kleine-terrasse-fuer-das-sommer-hosting-zu-zone\\\/\"},\"wordCount\":652,\"publisher\":{\"@id\":\"https:\\\/\\\/www.strassenweb.de\\\/nachrichten\\\/#organization\"},\"image\":{\"@id\":\"https:\\\/\\\/www.strassenweb.de\\\/nachrichten\\\/ich-suchte-nach-einer-moeglichkeit-meine-kleine-terrasse-fuer-das-sommer-hosting-zu-zone\\\/#primaryimage\"},\"thumbnailUrl\":\"https:\\\/\\\/www.strassenweb.de\\\/nachrichten\\\/wp-content\\\/uploads\\\/2025\\\/06\\\/ei7paPmtacFYsShpfLHeii-scaled.jpg\",\"keywords\":[\"das\",\"einer\",\"f\u00fcr\",\"ich\",\"kleine\",\"meine\",\"M\u00f6glichkeit\",\"Nach\",\"SommerHosting\",\"suchte\",\"Terrasse\",\"Zone\"],\"articleSection\":[\"Haus &amp; Garten\"],\"inLanguage\":\"de\"},{\"@type\":\"WebPage\",\"@id\":\"https:\\\/\\\/www.strassenweb.de\\\/nachrichten\\\/ich-suchte-nach-einer-moeglichkeit-meine-kleine-terrasse-fuer-das-sommer-hosting-zu-zone\\\/\",\"url\":\"https:\\\/\\\/www.strassenweb.de\\\/nachrichten\\\/ich-suchte-nach-einer-moeglichkeit-meine-kleine-terrasse-fuer-das-sommer-hosting-zu-zone\\\/\",\"name\":\"Ich suchte nach einer M\u00f6glichkeit, meine kleine Terrasse f\u00fcr das Sommer-Hosting zu 'Zone' - Nachrichten - Stra\u00dfenweb\",\"isPartOf\":{\"@id\":\"https:\\\/\\\/www.strassenweb.de\\\/nachrichten\\\/#website\"},\"primaryImageOfPage\":{\"@id\":\"https:\\\/\\\/www.strassenweb.de\\\/nachrichten\\\/ich-suchte-nach-einer-moeglichkeit-meine-kleine-terrasse-fuer-das-sommer-hosting-zu-zone\\\/#primaryimage\"},\"image\":{\"@id\":\"https:\\\/\\\/www.strassenweb.de\\\/nachrichten\\\/ich-suchte-nach-einer-moeglichkeit-meine-kleine-terrasse-fuer-das-sommer-hosting-zu-zone\\\/#primaryimage\"},\"thumbnailUrl\":\"https:\\\/\\\/www.strassenweb.de\\\/nachrichten\\\/wp-content\\\/uploads\\\/2025\\\/06\\\/ei7paPmtacFYsShpfLHeii-scaled.jpg\",\"datePublished\":\"2025-06-14T11:40:41+00:00\",\"dateModified\":\"2025-06-14T11:40:43+00:00\",\"breadcrumb\":{\"@id\":\"https:\\\/\\\/www.strassenweb.de\\\/nachrichten\\\/ich-suchte-nach-einer-moeglichkeit-meine-kleine-terrasse-fuer-das-sommer-hosting-zu-zone\\\/#breadcrumb\"},\"inLanguage\":\"de\",\"potentialAction\":[{\"@type\":\"ReadAction\",\"target\":[\"https:\\\/\\\/www.strassenweb.de\\\/nachrichten\\\/ich-suchte-nach-einer-moeglichkeit-meine-kleine-terrasse-fuer-das-sommer-hosting-zu-zone\\\/\"]}]},{\"@type\":\"ImageObject\",\"inLanguage\":\"de\",\"@id\":\"https:\\\/\\\/www.strassenweb.de\\\/nachrichten\\\/ich-suchte-nach-einer-moeglichkeit-meine-kleine-terrasse-fuer-das-sommer-hosting-zu-zone\\\/#primaryimage\",\"url\":\"https:\\\/\\\/www.strassenweb.de\\\/nachrichten\\\/wp-content\\\/uploads\\\/2025\\\/06\\\/ei7paPmtacFYsShpfLHeii-scaled.jpg\",\"contentUrl\":\"https:\\\/\\\/www.strassenweb.de\\\/nachrichten\\\/wp-content\\\/uploads\\\/2025\\\/06\\\/ei7paPmtacFYsShpfLHeii-scaled.jpg\",\"width\":2560,\"height\":1440,\"caption\":\"Anne Hathaway\"},{\"@type\":\"BreadcrumbList\",\"@id\":\"https:\\\/\\\/www.strassenweb.de\\\/nachrichten\\\/ich-suchte-nach-einer-moeglichkeit-meine-kleine-terrasse-fuer-das-sommer-hosting-zu-zone\\\/#breadcrumb\",\"itemListElement\":[{\"@type\":\"ListItem\",\"position\":1,\"name\":\"Home\",\"item\":\"https:\\\/\\\/www.strassenweb.de\\\/nachrichten\\\/\"},{\"@type\":\"ListItem\",\"position\":2,\"name\":\"Ich suchte nach einer M\u00f6glichkeit, meine kleine Terrasse f\u00fcr das Sommer-Hosting zu &#8218;Zone&#8216;\"}]},{\"@type\":\"WebSite\",\"@id\":\"https:\\\/\\\/www.strassenweb.de\\\/nachrichten\\\/#website\",\"url\":\"https:\\\/\\\/www.strassenweb.de\\\/nachrichten\\\/\",\"name\":\"Stra\u00dfenweb\",\"description\":\"Stra\u00dfenverzeichnis f\u00fcr Deutschland\",\"publisher\":{\"@id\":\"https:\\\/\\\/www.strassenweb.de\\\/nachrichten\\\/#organization\"},\"potentialAction\":[{\"@type\":\"SearchAction\",\"target\":{\"@type\":\"EntryPoint\",\"urlTemplate\":\"https:\\\/\\\/www.strassenweb.de\\\/nachrichten\\\/?s={search_term_string}\"},\"query-input\":{\"@type\":\"PropertyValueSpecification\",\"valueRequired\":true,\"valueName\":\"search_term_string\"}}],\"inLanguage\":\"de\"},{\"@type\":\"Organization\",\"@id\":\"https:\\\/\\\/www.strassenweb.de\\\/nachrichten\\\/#organization\",\"name\":\"Stra\u00dfenweb\",\"url\":\"https:\\\/\\\/www.strassenweb.de\\\/nachrichten\\\/\",\"logo\":{\"@type\":\"ImageObject\",\"inLanguage\":\"de\",\"@id\":\"https:\\\/\\\/www.strassenweb.de\\\/nachrichten\\\/#\\\/schema\\\/logo\\\/image\\\/\",\"url\":\"https:\\\/\\\/www.strassenweb.de\\\/nachrichten\\\/wp-content\\\/uploads\\\/2024\\\/09\\\/cropped-favicon.png\",\"contentUrl\":\"https:\\\/\\\/www.strassenweb.de\\\/nachrichten\\\/wp-content\\\/uploads\\\/2024\\\/09\\\/cropped-favicon.png\",\"width\":512,\"height\":512,\"caption\":\"Stra\u00dfenweb\"},\"image\":{\"@id\":\"https:\\\/\\\/www.strassenweb.de\\\/nachrichten\\\/#\\\/schema\\\/logo\\\/image\\\/\"},\"sameAs\":[\"https:\\\/\\\/www.facebook.com\\\/strassenweb\\\/\"]},{\"@type\":\"Person\",\"@id\":\"https:\\\/\\\/www.strassenweb.de\\\/nachrichten\\\/#\\\/schema\\\/person\\\/87c9c9067f1211da429a744dc5a5aa41\",\"name\":\"Robert Hoffmann\",\"image\":{\"@type\":\"ImageObject\",\"inLanguage\":\"de\",\"@id\":\"https:\\\/\\\/www.strassenweb.de\\\/nachrichten\\\/wp-content\\\/uploads\\\/2024\\\/09\\\/strassenweb-150x150.jpg\",\"url\":\"https:\\\/\\\/www.strassenweb.de\\\/nachrichten\\\/wp-content\\\/uploads\\\/2024\\\/09\\\/strassenweb-150x150.jpg\",\"contentUrl\":\"https:\\\/\\\/www.strassenweb.de\\\/nachrichten\\\/wp-content\\\/uploads\\\/2024\\\/09\\\/strassenweb-150x150.jpg\",\"caption\":\"Robert Hoffmann\"},\"description\":\"Ich hei\u00dfe Robert Hoffmann und ich bin ein leidenschaftlicher Verfechter von \u00d6kologie und Biodiversit\u00e4t. Seit meiner Kindheit in den W\u00e4ldern Bayerns f\u00fchle ich mich mit der Natur verbunden und bin entschlossen, sie zu sch\u00fctzen. Heute widme ich mein Leben der Sensibilisierung anderer f\u00fcr die Bedeutung des Umweltschutzes f\u00fcr zuk\u00fcnftige Generationen.\",\"sameAs\":[\"https:\\\/\\\/www.strassenweb.de\\\/\"]}]}<\/script>\n<!-- \/ Yoast SEO plugin. -->","yoast_head_json":{"title":"Ich suchte nach einer M\u00f6glichkeit, meine kleine Terrasse f\u00fcr das Sommer-Hosting zu 'Zone' - Nachrichten - Stra\u00dfenweb","robots":{"index":"index","follow":"follow","max-snippet":"max-snippet:-1","max-image-preview":"max-image-preview:large","max-video-preview":"max-video-preview:-1"},"canonical":"https:\/\/www.strassenweb.de\/nachrichten\/ich-suchte-nach-einer-moeglichkeit-meine-kleine-terrasse-fuer-das-sommer-hosting-zu-zone\/","og_locale":"de_DE","og_type":"article","og_title":"Ich suchte nach einer M\u00f6glichkeit, meine kleine Terrasse f\u00fcr das Sommer-Hosting zu 'Zone' - Nachrichten - Stra\u00dfenweb","og_description":"Als ich in einer winzigen Wohnung lebte, hatte ich Frieden mit der Tatsache, dass das Hosting im Freien mit seinen Herausforderungen einhergehen w\u00fcrde &#8211; insbesondere,","og_url":"https:\/\/www.strassenweb.de\/nachrichten\/ich-suchte-nach-einer-moeglichkeit-meine-kleine-terrasse-fuer-das-sommer-hosting-zu-zone\/","og_site_name":"Stra\u00dfenweb","article_publisher":"https:\/\/www.facebook.com\/strassenweb\/","article_published_time":"2025-06-14T11:40:41+00:00","article_modified_time":"2025-06-14T11:40:43+00:00","og_image":[{"width":2560,"height":1440,"url":"https:\/\/www.strassenweb.de\/nachrichten\/wp-content\/uploads\/2025\/06\/ei7paPmtacFYsShpfLHeii-scaled.jpg","type":"image\/jpeg"}],"author":"Robert Hoffmann","twitter_card":"summary_large_image","twitter_misc":{"Verfasst von":"Robert Hoffmann","Gesch\u00e4tzte Lesezeit":"3\u00a0Minuten"},"schema":{"@context":"https:\/\/schema.org","@graph":[{"@type":"Article","@id":"https:\/\/www.strassenweb.de\/nachrichten\/ich-suchte-nach-einer-moeglichkeit-meine-kleine-terrasse-fuer-das-sommer-hosting-zu-zone\/#article","isPartOf":{"@id":"https:\/\/www.strassenweb.de\/nachrichten\/ich-suchte-nach-einer-moeglichkeit-meine-kleine-terrasse-fuer-das-sommer-hosting-zu-zone\/"},"author":{"name":"Robert Hoffmann","@id":"https:\/\/www.strassenweb.de\/nachrichten\/#\/schema\/person\/87c9c9067f1211da429a744dc5a5aa41"},"headline":"Ich suchte nach einer M\u00f6glichkeit, meine kleine Terrasse f\u00fcr das Sommer-Hosting zu &#8218;Zone&#8216;","datePublished":"2025-06-14T11:40:41+00:00","dateModified":"2025-06-14T11:40:43+00:00","mainEntityOfPage":{"@id":"https:\/\/www.strassenweb.de\/nachrichten\/ich-suchte-nach-einer-moeglichkeit-meine-kleine-terrasse-fuer-das-sommer-hosting-zu-zone\/"},"wordCount":652,"publisher":{"@id":"https:\/\/www.strassenweb.de\/nachrichten\/#organization"},"image":{"@id":"https:\/\/www.strassenweb.de\/nachrichten\/ich-suchte-nach-einer-moeglichkeit-meine-kleine-terrasse-fuer-das-sommer-hosting-zu-zone\/#primaryimage"},"thumbnailUrl":"https:\/\/www.strassenweb.de\/nachrichten\/wp-content\/uploads\/2025\/06\/ei7paPmtacFYsShpfLHeii-scaled.jpg","keywords":["das","einer","f\u00fcr","ich","kleine","meine","M\u00f6glichkeit","Nach","SommerHosting","suchte","Terrasse","Zone"],"articleSection":["Haus &amp; Garten"],"inLanguage":"de"},{"@type":"WebPage","@id":"https:\/\/www.strassenweb.de\/nachrichten\/ich-suchte-nach-einer-moeglichkeit-meine-kleine-terrasse-fuer-das-sommer-hosting-zu-zone\/","url":"https:\/\/www.strassenweb.de\/nachrichten\/ich-suchte-nach-einer-moeglichkeit-meine-kleine-terrasse-fuer-das-sommer-hosting-zu-zone\/","name":"Ich suchte nach einer M\u00f6glichkeit, meine kleine Terrasse f\u00fcr das Sommer-Hosting zu 'Zone' - Nachrichten - Stra\u00dfenweb","isPartOf":{"@id":"https:\/\/www.strassenweb.de\/nachrichten\/#website"},"primaryImageOfPage":{"@id":"https:\/\/www.strassenweb.de\/nachrichten\/ich-suchte-nach-einer-moeglichkeit-meine-kleine-terrasse-fuer-das-sommer-hosting-zu-zone\/#primaryimage"},"image":{"@id":"https:\/\/www.strassenweb.de\/nachrichten\/ich-suchte-nach-einer-moeglichkeit-meine-kleine-terrasse-fuer-das-sommer-hosting-zu-zone\/#primaryimage"},"thumbnailUrl":"https:\/\/www.strassenweb.de\/nachrichten\/wp-content\/uploads\/2025\/06\/ei7paPmtacFYsShpfLHeii-scaled.jpg","datePublished":"2025-06-14T11:40:41+00:00","dateModified":"2025-06-14T11:40:43+00:00","breadcrumb":{"@id":"https:\/\/www.strassenweb.de\/nachrichten\/ich-suchte-nach-einer-moeglichkeit-meine-kleine-terrasse-fuer-das-sommer-hosting-zu-zone\/#breadcrumb"},"inLanguage":"de","potentialAction":[{"@type":"ReadAction","target":["https:\/\/www.strassenweb.de\/nachrichten\/ich-suchte-nach-einer-moeglichkeit-meine-kleine-terrasse-fuer-das-sommer-hosting-zu-zone\/"]}]},{"@type":"ImageObject","inLanguage":"de","@id":"https:\/\/www.strassenweb.de\/nachrichten\/ich-suchte-nach-einer-moeglichkeit-meine-kleine-terrasse-fuer-das-sommer-hosting-zu-zone\/#primaryimage","url":"https:\/\/www.strassenweb.de\/nachrichten\/wp-content\/uploads\/2025\/06\/ei7paPmtacFYsShpfLHeii-scaled.jpg","contentUrl":"https:\/\/www.strassenweb.de\/nachrichten\/wp-content\/uploads\/2025\/06\/ei7paPmtacFYsShpfLHeii-scaled.jpg","width":2560,"height":1440,"caption":"Anne Hathaway"},{"@type":"BreadcrumbList","@id":"https:\/\/www.strassenweb.de\/nachrichten\/ich-suchte-nach-einer-moeglichkeit-meine-kleine-terrasse-fuer-das-sommer-hosting-zu-zone\/#breadcrumb","itemListElement":[{"@type":"ListItem","position":1,"name":"Home","item":"https:\/\/www.strassenweb.de\/nachrichten\/"},{"@type":"ListItem","position":2,"name":"Ich suchte nach einer M\u00f6glichkeit, meine kleine Terrasse f\u00fcr das Sommer-Hosting zu &#8218;Zone&#8216;"}]},{"@type":"WebSite","@id":"https:\/\/www.strassenweb.de\/nachrichten\/#website","url":"https:\/\/www.strassenweb.de\/nachrichten\/","name":"Stra\u00dfenweb","description":"Stra\u00dfenverzeichnis f\u00fcr Deutschland","publisher":{"@id":"https:\/\/www.strassenweb.de\/nachrichten\/#organization"},"potentialAction":[{"@type":"SearchAction","target":{"@type":"EntryPoint","urlTemplate":"https:\/\/www.strassenweb.de\/nachrichten\/?s={search_term_string}"},"query-input":{"@type":"PropertyValueSpecification","valueRequired":true,"valueName":"search_term_string"}}],"inLanguage":"de"},{"@type":"Organization","@id":"https:\/\/www.strassenweb.de\/nachrichten\/#organization","name":"Stra\u00dfenweb","url":"https:\/\/www.strassenweb.de\/nachrichten\/","logo":{"@type":"ImageObject","inLanguage":"de","@id":"https:\/\/www.strassenweb.de\/nachrichten\/#\/schema\/logo\/image\/","url":"https:\/\/www.strassenweb.de\/nachrichten\/wp-content\/uploads\/2024\/09\/cropped-favicon.png","contentUrl":"https:\/\/www.strassenweb.de\/nachrichten\/wp-content\/uploads\/2024\/09\/cropped-favicon.png","width":512,"height":512,"caption":"Stra\u00dfenweb"},"image":{"@id":"https:\/\/www.strassenweb.de\/nachrichten\/#\/schema\/logo\/image\/"},"sameAs":["https:\/\/www.facebook.com\/strassenweb\/"]},{"@type":"Person","@id":"https:\/\/www.strassenweb.de\/nachrichten\/#\/schema\/person\/87c9c9067f1211da429a744dc5a5aa41","name":"Robert Hoffmann","image":{"@type":"ImageObject","inLanguage":"de","@id":"https:\/\/www.strassenweb.de\/nachrichten\/wp-content\/uploads\/2024\/09\/strassenweb-150x150.jpg","url":"https:\/\/www.strassenweb.de\/nachrichten\/wp-content\/uploads\/2024\/09\/strassenweb-150x150.jpg","contentUrl":"https:\/\/www.strassenweb.de\/nachrichten\/wp-content\/uploads\/2024\/09\/strassenweb-150x150.jpg","caption":"Robert Hoffmann"},"description":"Ich hei\u00dfe Robert Hoffmann und ich bin ein leidenschaftlicher Verfechter von \u00d6kologie und Biodiversit\u00e4t. Seit meiner Kindheit in den W\u00e4ldern Bayerns f\u00fchle ich mich mit der Natur verbunden und bin entschlossen, sie zu sch\u00fctzen. Heute widme ich mein Leben der Sensibilisierung anderer f\u00fcr die Bedeutung des Umweltschutzes f\u00fcr zuk\u00fcnftige Generationen.","sameAs":["https:\/\/www.strassenweb.de\/"]}]}},"_links":{"self":[{"href":"https:\/\/www.strassenweb.de\/nachrichten\/wp-json\/wp\/v2\/posts\/5664","targetHints":{"allow":["GET"]}}],"collection":[{"href":"https:\/\/www.strassenweb.de\/nachrichten\/wp-json\/wp\/v2\/posts"}],"about":[{"href":"https:\/\/www.strassenweb.de\/nachrichten\/wp-json\/wp\/v2\/types\/post"}],"author":[{"embeddable":true,"href":"https:\/\/www.strassenweb.de\/nachrichten\/wp-json\/wp\/v2\/users\/1"}],"replies":[{"embeddable":true,"href":"https:\/\/www.strassenweb.de\/nachrichten\/wp-json\/wp\/v2\/comments?post=5664"}],"version-history":[{"count":0,"href":"https:\/\/www.strassenweb.de\/nachrichten\/wp-json\/wp\/v2\/posts\/5664\/revisions"}],"wp:featuredmedia":[{"embeddable":true,"href":"https:\/\/www.strassenweb.de\/nachrichten\/wp-json\/wp\/v2\/media\/5665"}],"wp:attachment":[{"href":"https:\/\/www.strassenweb.de\/nachrichten\/wp-json\/wp\/v2\/media?parent=5664"}],"wp:term":[{"taxonomy":"category","embeddable":true,"href":"https:\/\/www.strassenweb.de\/nachrichten\/wp-json\/wp\/v2\/categories?post=5664"},{"taxonomy":"post_tag","embeddable":true,"href":"https:\/\/www.strassenweb.de\/nachrichten\/wp-json\/wp\/v2\/tags?post=5664"}],"curies":[{"name":"wp","href":"https:\/\/api.w.org\/{rel}","templated":true}]}}