{"id":5658,"date":"2025-06-14T05:44:09","date_gmt":"2025-06-14T03:44:09","guid":{"rendered":"https:\/\/www.strassenweb.de\/nachrichten\/audrey-hepburn-nannte-dieses-georgian-brentwood-house-home-jetzt-ist-es-zum-ersten-mal-seit-34-jahren-auf-dem-markt\/"},"modified":"2025-06-14T05:44:10","modified_gmt":"2025-06-14T03:44:10","slug":"audrey-hepburn-nannte-dieses-georgian-brentwood-house-home-jetzt-ist-es-zum-ersten-mal-seit-34-jahren-auf-dem-markt","status":"publish","type":"post","link":"https:\/\/www.strassenweb.de\/nachrichten\/audrey-hepburn-nannte-dieses-georgian-brentwood-house-home-jetzt-ist-es-zum-ersten-mal-seit-34-jahren-auf-dem-markt\/","title":{"rendered":"Audrey Hepburn nannte dieses Georgian Brentwood House Home &#8211; jetzt ist es zum ersten Mal seit 34 Jahren auf dem Markt"},"content":{"rendered":"<p><\/p>\n<div id=\"article-body\" class=\"article__body \">\n<p>Hin und wieder trifft ein Hollywood -Eigentum, das reich an Geschichte und Erbe ist, auf den Markt, und als Redakteur im Promi -Stil bin ich immer fasziniert von der Art und Weise, wie sich eine Immobilie mit ihren Eigent\u00fcmern entwickelt.<\/p>\n<div id=\"ad-unit-1\" class=\"ad-unit\"><\/div>\n<p>Dies gilt f\u00fcr eine Eigenschaft, die Audrey Hepburn, Deborah Kerr und Edwin und Mildred Knopf, Bruder und Schw\u00e4gerin des Verlags Alfred Knopf, unter seinen Besitzern z\u00e4hlt.<\/p>\n<p>Der Build von 1939, ein georgianisches Grundst\u00fcck mit s\u00fcdlichen Details in Brentwood, Kalifornien, \u00fcberspannt eine weitl\u00e4ufige 31.163 Quadratfu\u00df, mit f\u00fcnf Schlafzimmern, sechseinhalb Schlafzimmern und einem \u00fcppigen Garten mit einem Pool. Zum ersten Mal seit 34 Jahren (f\u00fcr knapp 11 Millionen US-Dollar) k\u00f6nnen wir sehen, warum dieses Haus bei hochkar\u00e4tigen Bewohnern so beliebt ist. Schauen wir uns genauer an.<\/p>\n<div id=\"desktop-in-article\" class=\"in-article ad-unit\">\n<div id=\"desktop-taboola-mid-article\"><\/div>\n<\/div>\n<div id=\"mobile-in-article\" class=\"in-article ad-unit\">\n<div id=\"mobile-taboola-mid-article\"><\/div>\n<\/div>\n<div class=\"van_vid_carousel\">\n<div class=\"van_vid_carousel__padding\">\n<div class=\"van_vid_carousel__container\"><\/div>\n<\/div>\n<\/div>\n<aside data-component-name=\"Recirculation:ArticleRiver\" format=\"inline\" data-nosnippet>\n<span class=\"bg-secondary-500 text-white text-lg font-bold uppercase py-1 px-2 leading-(1.625rem) sm:leading-(6px) sm:text-sm\"><\/p>\n<p>Sie m\u00f6gen m\u00f6gen<br \/>\n<\/span><\/p>\n<ul class=\"flex flex-col my-2 list-outside ms-5 bg-none\">\n<li class=\"m-0 mb-2\" name=\"recirculation-inline\" data-analytics-id=\"recirculation-inline-1\" analytics-label=\"adviser:related\">\n<p>Audrey Hepburns legend\u00e4res Fr\u00fchst\u00fcck in Tiffanys Stadthaus verk\u00f6rpert eine luxuri\u00f6se zeitgen\u00f6ssische \u00c4sthetik &#8211; es ist f\u00fcr 15 Millionen Dollar gelistet<\/p>\n<\/li>\n<li class=\"m-0 mb-2\" name=\"recirculation-inline\" data-analytics-id=\"recirculation-inline-2\" analytics-label=\"adviser:related\">\n<p>Stanley Kubricks viktorianisches Zuhause ist ein Schatz eklektischer britischer Antiquit\u00e4ten und Accessoires &#8211; und jetzt auf dem Markt<\/p>\n<\/li>\n<li class=\"m-0 mb-2\" name=\"recirculation-inline\" data-analytics-id=\"recirculation-inline-3\" analytics-label=\"adviser:related\">\n<p>Grace Kellys ehemaliges Wohnzimmer setzte den Blaupause f\u00fcr ruhige Luxus &#8211; Sie k\u00f6nnen ihr NYC -Immobilie erkunden (gelistet f\u00fcr 3,25 Millionen US -Dollar).<\/p>\n<\/li>\n<\/ul>\n<\/aside>\n<figure class=\"van-image-figure inline-layout \" data-bordeaux-image-check>\n<div class=\"image-full-width-wrapper\">\n<div class=\"image-widthsetter\" style=\"max-width:2000px;\"><\/div>\n<\/div>\n<\/figure>\n<p>Der Empfangsraum mischt warme, traditionelle St\u00fccke mit zeitgen\u00f6ssischen Details f\u00fcr einen einladenden und ansprechenden Raum. Vom persischen Teppich bis zum Marmorkamin bis zum antiken Couchtisch ist der Raum optisch ansprechend und perfekt f\u00fcr kleine und gro\u00dfe Versammlungen.<\/p>\n<div id=\"ad-unit-2\" class=\"ad-unit\"><\/div>\n<figure class=\"van-image-figure inline-layout \" data-bordeaux-image-check>\n<div class=\"image-full-width-wrapper\">\n<div class=\"image-widthsetter\" style=\"max-width:2000px;\"><\/div>\n<\/div>\n<\/figure>\n<p>Der formelle Esszimmer ist ziemlich spektakul\u00e4r, mit handbemaltem, rot-wei\u00dfer Gracie-Tapete um den Holztisch. Ein Kronleuchter im Lanternstil ist ein atemberaubender Akzent, der dem Raum ein Volumen verleiht.<\/p>\n<figure class=\"van-image-figure inline-layout \" data-bordeaux-image-check>\n<div class=\"image-full-width-wrapper\">\n<div class=\"image-widthsetter\" style=\"max-width:2000px;\"><\/div>\n<\/div>\n<\/figure>\n<p>Dieses Haus hat sicherlich keine Angst, mit Farbe zu spielen, wie wir im gr\u00fcnen Bankett -Sitzbereich sehen k\u00f6nnen. Die Mischung aus Skala mit Checker -Drucken, von den klassischen gefliesten B\u00f6den bis zum geometrischen Tapeten, sorgt f\u00fcr einen entz\u00fcckenden Raum. Die klare Sitzpl\u00e4tze f\u00fcgt ein modernes Element hinzu.<\/p>\n<figure class=\"van-image-figure inline-layout \" data-bordeaux-image-check>\n<div class=\"image-full-width-wrapper\">\n<div class=\"image-widthsetter\" style=\"max-width:2000px;\"><\/div>\n<\/div>\n<\/figure>\n<p>Die K\u00fcche des K\u00fcchenchefs ist zeitgem\u00e4\u00df, mit Edelstahlger\u00e4ten und Gartenansichtsfenstern, die viel Licht durchscheinen lassen. Die antike Holzregaleinheit ist der perfekte Ort, um wertvolle Gerichte und Waren zu zeigen.<\/p>\n<div id=\"slice-container-newsletterForm-articleInbodyContent-YuBgCe4BmwWVKceRqoMYeh\" class=\"slice-container newsletter-inbodyContent-slice newsletterForm-articleInbodyContent-YuBgCe4BmwWVKceRqoMYeh slice-container-newsletterForm\"><\/div>\n<figure class=\"van-image-figure inline-layout \" data-bordeaux-image-check>\n<div class=\"image-full-width-wrapper\">\n<div class=\"image-widthsetter\" style=\"max-width:2000px;\"><\/div>\n<\/div>\n<\/figure>\n<p>Das Schlafzimmer mischt inzwischen weiche Neutrale (einschlie\u00dflich der diesj\u00e4hrigen IT -Farbe, Buttergelb) mit eleganten Details wie dem Kristallleuchter.<\/p>\n<h3 class=\"article-body__section\" id=\"section-shop-the-luxe-butter-yellow-bedroom-edit\"><span>Kaufen Sie das luxuriale Butter -gelbes Schlafzimmer ein<\/span><\/h3>\n<div class=\"product-container hero-product-container product-block-no-wrap\">\n<div class=\"product-block-row\"><\/div>\n<div class=\"product-block-row\"><\/div>\n<div class=\"product-block-row\"><\/div>\n<\/div>\n<figure class=\"van-image-figure inline-layout \" data-bordeaux-image-check>\n<div class=\"image-full-width-wrapper\">\n<div class=\"image-widthsetter\" style=\"max-width:2000px;\"><\/div>\n<\/div>\n<\/figure>\n<p>Nichts sagt Entspannung wie eine einrei\u00dfende Wanne, und dieses Badezimmer mit schlanker Wanne und Waschtisch -Sitzgelegenheiten ist ein sch\u00f6ner Raum, um sich zu verw\u00f6hnen.<\/p>\n<figure class=\"van-image-figure inline-layout \" data-bordeaux-image-check>\n<div class=\"image-full-width-wrapper\">\n<div class=\"image-widthsetter\" style=\"max-width:2000px;\"><\/div>\n<\/div>\n<\/figure>\n<p>Der begehbare Kleiderschrank ist ein ziemlich schicker Raum, mit einem Kristallleuchter \u00fcber einer \u00fcber eine Lagerung gef\u00fcllten Insel, w\u00e4hrend gespiegelte T\u00fcren dort sehr praktisch anprobieren.<\/p>\n<figure class=\"van-image-figure inline-layout \" data-bordeaux-image-check>\n<div class=\"image-full-width-wrapper\">\n<div class=\"image-widthsetter\" style=\"max-width:2000px;\"><\/div>\n<\/div>\n<\/figure>\n<p>Schlie\u00dflich ist der Sitzbereich im Freien praktisch zum Essen im Freien mit einem Esstisch, gepolsterten Sitzen und Lounge -St\u00fchlen hergestellt.<\/p>\n<hr>\n<aside data-block-type=\"embed\" data-render-type=\"fte\" data-skip=\"dealsy\" data-widget-type=\"seasonal\" class=\"hawk-base\"><\/aside>\n<p><em>Diese Eigenschaft ist mit Jennifer Montague, Graham Larson und Spencer Burmester von Sotheby&#8217;s International Realty aufgef\u00fchrt.<\/em><\/p>\n<hr>\n<\/div>\n","protected":false},"excerpt":{"rendered":"<p>Hin und wieder trifft ein Hollywood -Eigentum, das reich an Geschichte und Erbe ist, auf den Markt, und als Redakteur im Promi -Stil bin ich<\/p>\n","protected":false},"author":1,"featured_media":5659,"comment_status":"closed","ping_status":"","sticky":false,"template":"","format":"standard","meta":{"footnotes":""},"categories":[118],"tags":[4477,46,8013,91,531,1189,8012,4478,2135,618,15,608,1272,1190,567,5236,836,67],"class_list":["post-5658","post","type-post","status-publish","format-standard","has-post-thumbnail","hentry","category-haus-garten","tag-audrey","tag-auf","tag-brentwood","tag-dem","tag-dieses","tag-ersten","tag-georgian","tag-hepburn","tag-home","tag-house","tag-ist","tag-jahren","tag-jetzt","tag-mal","tag-markt","tag-nannte","tag-seit","tag-zum","generate-columns","tablet-grid-50","mobile-grid-100","grid-parent","grid-50"],"yoast_head":"<!-- This site is optimized with the Yoast SEO plugin v27.3 - https:\/\/yoast.com\/product\/yoast-seo-wordpress\/ -->\n<title>Audrey Hepburn nannte dieses Georgian Brentwood House Home - jetzt ist es zum ersten Mal seit 34 Jahren auf dem Markt - Nachrichten - Stra\u00dfenweb<\/title>\n<meta name=\"robots\" content=\"index, follow, max-snippet:-1, max-image-preview:large, max-video-preview:-1\" \/>\n<link rel=\"canonical\" href=\"https:\/\/www.strassenweb.de\/nachrichten\/audrey-hepburn-nannte-dieses-georgian-brentwood-house-home-jetzt-ist-es-zum-ersten-mal-seit-34-jahren-auf-dem-markt\/\" \/>\n<meta property=\"og:locale\" content=\"de_DE\" \/>\n<meta property=\"og:type\" content=\"article\" \/>\n<meta property=\"og:title\" content=\"Audrey Hepburn nannte dieses Georgian Brentwood House Home - jetzt ist es zum ersten Mal seit 34 Jahren auf dem Markt - Nachrichten - Stra\u00dfenweb\" \/>\n<meta property=\"og:description\" content=\"Hin und wieder trifft ein Hollywood -Eigentum, das reich an Geschichte und Erbe ist, auf den Markt, und als Redakteur im Promi -Stil bin ich\" \/>\n<meta property=\"og:url\" content=\"https:\/\/www.strassenweb.de\/nachrichten\/audrey-hepburn-nannte-dieses-georgian-brentwood-house-home-jetzt-ist-es-zum-ersten-mal-seit-34-jahren-auf-dem-markt\/\" \/>\n<meta property=\"og:site_name\" content=\"Stra\u00dfenweb\" \/>\n<meta property=\"article:publisher\" content=\"https:\/\/www.facebook.com\/strassenweb\/\" \/>\n<meta property=\"article:published_time\" content=\"2025-06-14T03:44:09+00:00\" \/>\n<meta property=\"article:modified_time\" content=\"2025-06-14T03:44:10+00:00\" \/>\n<meta property=\"og:image\" content=\"https:\/\/www.strassenweb.de\/nachrichten\/wp-content\/uploads\/2025\/06\/2cXEPZkeDYqsfZ5ckmYcbF.jpg\" \/>\n\t<meta property=\"og:image:width\" content=\"1600\" \/>\n\t<meta property=\"og:image:height\" content=\"900\" \/>\n\t<meta property=\"og:image:type\" content=\"image\/jpeg\" \/>\n<meta name=\"author\" content=\"Robert Hoffmann\" \/>\n<meta name=\"twitter:card\" content=\"summary_large_image\" \/>\n<meta name=\"twitter:label1\" content=\"Verfasst von\" \/>\n\t<meta name=\"twitter:data1\" content=\"Robert Hoffmann\" \/>\n\t<meta name=\"twitter:label2\" content=\"Gesch\u00e4tzte Lesezeit\" \/>\n\t<meta name=\"twitter:data2\" content=\"2\u00a0Minuten\" \/>\n<script type=\"application\/ld+json\" class=\"yoast-schema-graph\">{\"@context\":\"https:\\\/\\\/schema.org\",\"@graph\":[{\"@type\":\"Article\",\"@id\":\"https:\\\/\\\/www.strassenweb.de\\\/nachrichten\\\/audrey-hepburn-nannte-dieses-georgian-brentwood-house-home-jetzt-ist-es-zum-ersten-mal-seit-34-jahren-auf-dem-markt\\\/#article\",\"isPartOf\":{\"@id\":\"https:\\\/\\\/www.strassenweb.de\\\/nachrichten\\\/audrey-hepburn-nannte-dieses-georgian-brentwood-house-home-jetzt-ist-es-zum-ersten-mal-seit-34-jahren-auf-dem-markt\\\/\"},\"author\":{\"name\":\"Robert Hoffmann\",\"@id\":\"https:\\\/\\\/www.strassenweb.de\\\/nachrichten\\\/#\\\/schema\\\/person\\\/87c9c9067f1211da429a744dc5a5aa41\"},\"headline\":\"Audrey Hepburn nannte dieses Georgian Brentwood House Home &#8211; jetzt ist es zum ersten Mal seit 34 Jahren auf dem Markt\",\"datePublished\":\"2025-06-14T03:44:09+00:00\",\"dateModified\":\"2025-06-14T03:44:10+00:00\",\"mainEntityOfPage\":{\"@id\":\"https:\\\/\\\/www.strassenweb.de\\\/nachrichten\\\/audrey-hepburn-nannte-dieses-georgian-brentwood-house-home-jetzt-ist-es-zum-ersten-mal-seit-34-jahren-auf-dem-markt\\\/\"},\"wordCount\":506,\"publisher\":{\"@id\":\"https:\\\/\\\/www.strassenweb.de\\\/nachrichten\\\/#organization\"},\"image\":{\"@id\":\"https:\\\/\\\/www.strassenweb.de\\\/nachrichten\\\/audrey-hepburn-nannte-dieses-georgian-brentwood-house-home-jetzt-ist-es-zum-ersten-mal-seit-34-jahren-auf-dem-markt\\\/#primaryimage\"},\"thumbnailUrl\":\"https:\\\/\\\/www.strassenweb.de\\\/nachrichten\\\/wp-content\\\/uploads\\\/2025\\\/06\\\/2cXEPZkeDYqsfZ5ckmYcbF.jpg\",\"keywords\":[\"Audrey\",\"auf\",\"Brentwood\",\"dem\",\"dieses\",\"ersten\",\"Georgian\",\"Hepburn\",\"home\",\"House\",\"ist\",\"Jahren\",\"jetzt\",\"Mal\",\"Markt\",\"nannte\",\"seit\",\"zum\"],\"articleSection\":[\"Haus &amp; Garten\"],\"inLanguage\":\"de\"},{\"@type\":\"WebPage\",\"@id\":\"https:\\\/\\\/www.strassenweb.de\\\/nachrichten\\\/audrey-hepburn-nannte-dieses-georgian-brentwood-house-home-jetzt-ist-es-zum-ersten-mal-seit-34-jahren-auf-dem-markt\\\/\",\"url\":\"https:\\\/\\\/www.strassenweb.de\\\/nachrichten\\\/audrey-hepburn-nannte-dieses-georgian-brentwood-house-home-jetzt-ist-es-zum-ersten-mal-seit-34-jahren-auf-dem-markt\\\/\",\"name\":\"Audrey Hepburn nannte dieses Georgian Brentwood House Home - jetzt ist es zum ersten Mal seit 34 Jahren auf dem Markt - Nachrichten - Stra\u00dfenweb\",\"isPartOf\":{\"@id\":\"https:\\\/\\\/www.strassenweb.de\\\/nachrichten\\\/#website\"},\"primaryImageOfPage\":{\"@id\":\"https:\\\/\\\/www.strassenweb.de\\\/nachrichten\\\/audrey-hepburn-nannte-dieses-georgian-brentwood-house-home-jetzt-ist-es-zum-ersten-mal-seit-34-jahren-auf-dem-markt\\\/#primaryimage\"},\"image\":{\"@id\":\"https:\\\/\\\/www.strassenweb.de\\\/nachrichten\\\/audrey-hepburn-nannte-dieses-georgian-brentwood-house-home-jetzt-ist-es-zum-ersten-mal-seit-34-jahren-auf-dem-markt\\\/#primaryimage\"},\"thumbnailUrl\":\"https:\\\/\\\/www.strassenweb.de\\\/nachrichten\\\/wp-content\\\/uploads\\\/2025\\\/06\\\/2cXEPZkeDYqsfZ5ckmYcbF.jpg\",\"datePublished\":\"2025-06-14T03:44:09+00:00\",\"dateModified\":\"2025-06-14T03:44:10+00:00\",\"breadcrumb\":{\"@id\":\"https:\\\/\\\/www.strassenweb.de\\\/nachrichten\\\/audrey-hepburn-nannte-dieses-georgian-brentwood-house-home-jetzt-ist-es-zum-ersten-mal-seit-34-jahren-auf-dem-markt\\\/#breadcrumb\"},\"inLanguage\":\"de\",\"potentialAction\":[{\"@type\":\"ReadAction\",\"target\":[\"https:\\\/\\\/www.strassenweb.de\\\/nachrichten\\\/audrey-hepburn-nannte-dieses-georgian-brentwood-house-home-jetzt-ist-es-zum-ersten-mal-seit-34-jahren-auf-dem-markt\\\/\"]}]},{\"@type\":\"ImageObject\",\"inLanguage\":\"de\",\"@id\":\"https:\\\/\\\/www.strassenweb.de\\\/nachrichten\\\/audrey-hepburn-nannte-dieses-georgian-brentwood-house-home-jetzt-ist-es-zum-ersten-mal-seit-34-jahren-auf-dem-markt\\\/#primaryimage\",\"url\":\"https:\\\/\\\/www.strassenweb.de\\\/nachrichten\\\/wp-content\\\/uploads\\\/2025\\\/06\\\/2cXEPZkeDYqsfZ5ckmYcbF.jpg\",\"contentUrl\":\"https:\\\/\\\/www.strassenweb.de\\\/nachrichten\\\/wp-content\\\/uploads\\\/2025\\\/06\\\/2cXEPZkeDYqsfZ5ckmYcbF.jpg\",\"width\":1600,\"height\":900,\"caption\":\"Audrey Hepburn&amp;#039;s former house\"},{\"@type\":\"BreadcrumbList\",\"@id\":\"https:\\\/\\\/www.strassenweb.de\\\/nachrichten\\\/audrey-hepburn-nannte-dieses-georgian-brentwood-house-home-jetzt-ist-es-zum-ersten-mal-seit-34-jahren-auf-dem-markt\\\/#breadcrumb\",\"itemListElement\":[{\"@type\":\"ListItem\",\"position\":1,\"name\":\"Home\",\"item\":\"https:\\\/\\\/www.strassenweb.de\\\/nachrichten\\\/\"},{\"@type\":\"ListItem\",\"position\":2,\"name\":\"Audrey Hepburn nannte dieses Georgian Brentwood House Home &#8211; jetzt ist es zum ersten Mal seit 34 Jahren auf dem Markt\"}]},{\"@type\":\"WebSite\",\"@id\":\"https:\\\/\\\/www.strassenweb.de\\\/nachrichten\\\/#website\",\"url\":\"https:\\\/\\\/www.strassenweb.de\\\/nachrichten\\\/\",\"name\":\"Stra\u00dfenweb\",\"description\":\"Stra\u00dfenverzeichnis f\u00fcr Deutschland\",\"publisher\":{\"@id\":\"https:\\\/\\\/www.strassenweb.de\\\/nachrichten\\\/#organization\"},\"potentialAction\":[{\"@type\":\"SearchAction\",\"target\":{\"@type\":\"EntryPoint\",\"urlTemplate\":\"https:\\\/\\\/www.strassenweb.de\\\/nachrichten\\\/?s={search_term_string}\"},\"query-input\":{\"@type\":\"PropertyValueSpecification\",\"valueRequired\":true,\"valueName\":\"search_term_string\"}}],\"inLanguage\":\"de\"},{\"@type\":\"Organization\",\"@id\":\"https:\\\/\\\/www.strassenweb.de\\\/nachrichten\\\/#organization\",\"name\":\"Stra\u00dfenweb\",\"url\":\"https:\\\/\\\/www.strassenweb.de\\\/nachrichten\\\/\",\"logo\":{\"@type\":\"ImageObject\",\"inLanguage\":\"de\",\"@id\":\"https:\\\/\\\/www.strassenweb.de\\\/nachrichten\\\/#\\\/schema\\\/logo\\\/image\\\/\",\"url\":\"https:\\\/\\\/www.strassenweb.de\\\/nachrichten\\\/wp-content\\\/uploads\\\/2024\\\/09\\\/cropped-favicon.png\",\"contentUrl\":\"https:\\\/\\\/www.strassenweb.de\\\/nachrichten\\\/wp-content\\\/uploads\\\/2024\\\/09\\\/cropped-favicon.png\",\"width\":512,\"height\":512,\"caption\":\"Stra\u00dfenweb\"},\"image\":{\"@id\":\"https:\\\/\\\/www.strassenweb.de\\\/nachrichten\\\/#\\\/schema\\\/logo\\\/image\\\/\"},\"sameAs\":[\"https:\\\/\\\/www.facebook.com\\\/strassenweb\\\/\"]},{\"@type\":\"Person\",\"@id\":\"https:\\\/\\\/www.strassenweb.de\\\/nachrichten\\\/#\\\/schema\\\/person\\\/87c9c9067f1211da429a744dc5a5aa41\",\"name\":\"Robert Hoffmann\",\"image\":{\"@type\":\"ImageObject\",\"inLanguage\":\"de\",\"@id\":\"https:\\\/\\\/www.strassenweb.de\\\/nachrichten\\\/wp-content\\\/uploads\\\/2024\\\/09\\\/strassenweb-150x150.jpg\",\"url\":\"https:\\\/\\\/www.strassenweb.de\\\/nachrichten\\\/wp-content\\\/uploads\\\/2024\\\/09\\\/strassenweb-150x150.jpg\",\"contentUrl\":\"https:\\\/\\\/www.strassenweb.de\\\/nachrichten\\\/wp-content\\\/uploads\\\/2024\\\/09\\\/strassenweb-150x150.jpg\",\"caption\":\"Robert Hoffmann\"},\"description\":\"Ich hei\u00dfe Robert Hoffmann und ich bin ein leidenschaftlicher Verfechter von \u00d6kologie und Biodiversit\u00e4t. Seit meiner Kindheit in den W\u00e4ldern Bayerns f\u00fchle ich mich mit der Natur verbunden und bin entschlossen, sie zu sch\u00fctzen. Heute widme ich mein Leben der Sensibilisierung anderer f\u00fcr die Bedeutung des Umweltschutzes f\u00fcr zuk\u00fcnftige Generationen.\",\"sameAs\":[\"https:\\\/\\\/www.strassenweb.de\\\/\"]}]}<\/script>\n<!-- \/ Yoast SEO plugin. -->","yoast_head_json":{"title":"Audrey Hepburn nannte dieses Georgian Brentwood House Home - jetzt ist es zum ersten Mal seit 34 Jahren auf dem Markt - Nachrichten - Stra\u00dfenweb","robots":{"index":"index","follow":"follow","max-snippet":"max-snippet:-1","max-image-preview":"max-image-preview:large","max-video-preview":"max-video-preview:-1"},"canonical":"https:\/\/www.strassenweb.de\/nachrichten\/audrey-hepburn-nannte-dieses-georgian-brentwood-house-home-jetzt-ist-es-zum-ersten-mal-seit-34-jahren-auf-dem-markt\/","og_locale":"de_DE","og_type":"article","og_title":"Audrey Hepburn nannte dieses Georgian Brentwood House Home - jetzt ist es zum ersten Mal seit 34 Jahren auf dem Markt - Nachrichten - Stra\u00dfenweb","og_description":"Hin und wieder trifft ein Hollywood -Eigentum, das reich an Geschichte und Erbe ist, auf den Markt, und als Redakteur im Promi -Stil bin ich","og_url":"https:\/\/www.strassenweb.de\/nachrichten\/audrey-hepburn-nannte-dieses-georgian-brentwood-house-home-jetzt-ist-es-zum-ersten-mal-seit-34-jahren-auf-dem-markt\/","og_site_name":"Stra\u00dfenweb","article_publisher":"https:\/\/www.facebook.com\/strassenweb\/","article_published_time":"2025-06-14T03:44:09+00:00","article_modified_time":"2025-06-14T03:44:10+00:00","og_image":[{"width":1600,"height":900,"url":"https:\/\/www.strassenweb.de\/nachrichten\/wp-content\/uploads\/2025\/06\/2cXEPZkeDYqsfZ5ckmYcbF.jpg","type":"image\/jpeg"}],"author":"Robert Hoffmann","twitter_card":"summary_large_image","twitter_misc":{"Verfasst von":"Robert Hoffmann","Gesch\u00e4tzte Lesezeit":"2\u00a0Minuten"},"schema":{"@context":"https:\/\/schema.org","@graph":[{"@type":"Article","@id":"https:\/\/www.strassenweb.de\/nachrichten\/audrey-hepburn-nannte-dieses-georgian-brentwood-house-home-jetzt-ist-es-zum-ersten-mal-seit-34-jahren-auf-dem-markt\/#article","isPartOf":{"@id":"https:\/\/www.strassenweb.de\/nachrichten\/audrey-hepburn-nannte-dieses-georgian-brentwood-house-home-jetzt-ist-es-zum-ersten-mal-seit-34-jahren-auf-dem-markt\/"},"author":{"name":"Robert Hoffmann","@id":"https:\/\/www.strassenweb.de\/nachrichten\/#\/schema\/person\/87c9c9067f1211da429a744dc5a5aa41"},"headline":"Audrey Hepburn nannte dieses Georgian Brentwood House Home &#8211; jetzt ist es zum ersten Mal seit 34 Jahren auf dem Markt","datePublished":"2025-06-14T03:44:09+00:00","dateModified":"2025-06-14T03:44:10+00:00","mainEntityOfPage":{"@id":"https:\/\/www.strassenweb.de\/nachrichten\/audrey-hepburn-nannte-dieses-georgian-brentwood-house-home-jetzt-ist-es-zum-ersten-mal-seit-34-jahren-auf-dem-markt\/"},"wordCount":506,"publisher":{"@id":"https:\/\/www.strassenweb.de\/nachrichten\/#organization"},"image":{"@id":"https:\/\/www.strassenweb.de\/nachrichten\/audrey-hepburn-nannte-dieses-georgian-brentwood-house-home-jetzt-ist-es-zum-ersten-mal-seit-34-jahren-auf-dem-markt\/#primaryimage"},"thumbnailUrl":"https:\/\/www.strassenweb.de\/nachrichten\/wp-content\/uploads\/2025\/06\/2cXEPZkeDYqsfZ5ckmYcbF.jpg","keywords":["Audrey","auf","Brentwood","dem","dieses","ersten","Georgian","Hepburn","home","House","ist","Jahren","jetzt","Mal","Markt","nannte","seit","zum"],"articleSection":["Haus &amp; Garten"],"inLanguage":"de"},{"@type":"WebPage","@id":"https:\/\/www.strassenweb.de\/nachrichten\/audrey-hepburn-nannte-dieses-georgian-brentwood-house-home-jetzt-ist-es-zum-ersten-mal-seit-34-jahren-auf-dem-markt\/","url":"https:\/\/www.strassenweb.de\/nachrichten\/audrey-hepburn-nannte-dieses-georgian-brentwood-house-home-jetzt-ist-es-zum-ersten-mal-seit-34-jahren-auf-dem-markt\/","name":"Audrey Hepburn nannte dieses Georgian Brentwood House Home - jetzt ist es zum ersten Mal seit 34 Jahren auf dem Markt - Nachrichten - Stra\u00dfenweb","isPartOf":{"@id":"https:\/\/www.strassenweb.de\/nachrichten\/#website"},"primaryImageOfPage":{"@id":"https:\/\/www.strassenweb.de\/nachrichten\/audrey-hepburn-nannte-dieses-georgian-brentwood-house-home-jetzt-ist-es-zum-ersten-mal-seit-34-jahren-auf-dem-markt\/#primaryimage"},"image":{"@id":"https:\/\/www.strassenweb.de\/nachrichten\/audrey-hepburn-nannte-dieses-georgian-brentwood-house-home-jetzt-ist-es-zum-ersten-mal-seit-34-jahren-auf-dem-markt\/#primaryimage"},"thumbnailUrl":"https:\/\/www.strassenweb.de\/nachrichten\/wp-content\/uploads\/2025\/06\/2cXEPZkeDYqsfZ5ckmYcbF.jpg","datePublished":"2025-06-14T03:44:09+00:00","dateModified":"2025-06-14T03:44:10+00:00","breadcrumb":{"@id":"https:\/\/www.strassenweb.de\/nachrichten\/audrey-hepburn-nannte-dieses-georgian-brentwood-house-home-jetzt-ist-es-zum-ersten-mal-seit-34-jahren-auf-dem-markt\/#breadcrumb"},"inLanguage":"de","potentialAction":[{"@type":"ReadAction","target":["https:\/\/www.strassenweb.de\/nachrichten\/audrey-hepburn-nannte-dieses-georgian-brentwood-house-home-jetzt-ist-es-zum-ersten-mal-seit-34-jahren-auf-dem-markt\/"]}]},{"@type":"ImageObject","inLanguage":"de","@id":"https:\/\/www.strassenweb.de\/nachrichten\/audrey-hepburn-nannte-dieses-georgian-brentwood-house-home-jetzt-ist-es-zum-ersten-mal-seit-34-jahren-auf-dem-markt\/#primaryimage","url":"https:\/\/www.strassenweb.de\/nachrichten\/wp-content\/uploads\/2025\/06\/2cXEPZkeDYqsfZ5ckmYcbF.jpg","contentUrl":"https:\/\/www.strassenweb.de\/nachrichten\/wp-content\/uploads\/2025\/06\/2cXEPZkeDYqsfZ5ckmYcbF.jpg","width":1600,"height":900,"caption":"Audrey Hepburn&amp;#039;s former house"},{"@type":"BreadcrumbList","@id":"https:\/\/www.strassenweb.de\/nachrichten\/audrey-hepburn-nannte-dieses-georgian-brentwood-house-home-jetzt-ist-es-zum-ersten-mal-seit-34-jahren-auf-dem-markt\/#breadcrumb","itemListElement":[{"@type":"ListItem","position":1,"name":"Home","item":"https:\/\/www.strassenweb.de\/nachrichten\/"},{"@type":"ListItem","position":2,"name":"Audrey Hepburn nannte dieses Georgian Brentwood House Home &#8211; jetzt ist es zum ersten Mal seit 34 Jahren auf dem Markt"}]},{"@type":"WebSite","@id":"https:\/\/www.strassenweb.de\/nachrichten\/#website","url":"https:\/\/www.strassenweb.de\/nachrichten\/","name":"Stra\u00dfenweb","description":"Stra\u00dfenverzeichnis f\u00fcr Deutschland","publisher":{"@id":"https:\/\/www.strassenweb.de\/nachrichten\/#organization"},"potentialAction":[{"@type":"SearchAction","target":{"@type":"EntryPoint","urlTemplate":"https:\/\/www.strassenweb.de\/nachrichten\/?s={search_term_string}"},"query-input":{"@type":"PropertyValueSpecification","valueRequired":true,"valueName":"search_term_string"}}],"inLanguage":"de"},{"@type":"Organization","@id":"https:\/\/www.strassenweb.de\/nachrichten\/#organization","name":"Stra\u00dfenweb","url":"https:\/\/www.strassenweb.de\/nachrichten\/","logo":{"@type":"ImageObject","inLanguage":"de","@id":"https:\/\/www.strassenweb.de\/nachrichten\/#\/schema\/logo\/image\/","url":"https:\/\/www.strassenweb.de\/nachrichten\/wp-content\/uploads\/2024\/09\/cropped-favicon.png","contentUrl":"https:\/\/www.strassenweb.de\/nachrichten\/wp-content\/uploads\/2024\/09\/cropped-favicon.png","width":512,"height":512,"caption":"Stra\u00dfenweb"},"image":{"@id":"https:\/\/www.strassenweb.de\/nachrichten\/#\/schema\/logo\/image\/"},"sameAs":["https:\/\/www.facebook.com\/strassenweb\/"]},{"@type":"Person","@id":"https:\/\/www.strassenweb.de\/nachrichten\/#\/schema\/person\/87c9c9067f1211da429a744dc5a5aa41","name":"Robert Hoffmann","image":{"@type":"ImageObject","inLanguage":"de","@id":"https:\/\/www.strassenweb.de\/nachrichten\/wp-content\/uploads\/2024\/09\/strassenweb-150x150.jpg","url":"https:\/\/www.strassenweb.de\/nachrichten\/wp-content\/uploads\/2024\/09\/strassenweb-150x150.jpg","contentUrl":"https:\/\/www.strassenweb.de\/nachrichten\/wp-content\/uploads\/2024\/09\/strassenweb-150x150.jpg","caption":"Robert Hoffmann"},"description":"Ich hei\u00dfe Robert Hoffmann und ich bin ein leidenschaftlicher Verfechter von \u00d6kologie und Biodiversit\u00e4t. Seit meiner Kindheit in den W\u00e4ldern Bayerns f\u00fchle ich mich mit der Natur verbunden und bin entschlossen, sie zu sch\u00fctzen. Heute widme ich mein Leben der Sensibilisierung anderer f\u00fcr die Bedeutung des Umweltschutzes f\u00fcr zuk\u00fcnftige Generationen.","sameAs":["https:\/\/www.strassenweb.de\/"]}]}},"_links":{"self":[{"href":"https:\/\/www.strassenweb.de\/nachrichten\/wp-json\/wp\/v2\/posts\/5658","targetHints":{"allow":["GET"]}}],"collection":[{"href":"https:\/\/www.strassenweb.de\/nachrichten\/wp-json\/wp\/v2\/posts"}],"about":[{"href":"https:\/\/www.strassenweb.de\/nachrichten\/wp-json\/wp\/v2\/types\/post"}],"author":[{"embeddable":true,"href":"https:\/\/www.strassenweb.de\/nachrichten\/wp-json\/wp\/v2\/users\/1"}],"replies":[{"embeddable":true,"href":"https:\/\/www.strassenweb.de\/nachrichten\/wp-json\/wp\/v2\/comments?post=5658"}],"version-history":[{"count":0,"href":"https:\/\/www.strassenweb.de\/nachrichten\/wp-json\/wp\/v2\/posts\/5658\/revisions"}],"wp:featuredmedia":[{"embeddable":true,"href":"https:\/\/www.strassenweb.de\/nachrichten\/wp-json\/wp\/v2\/media\/5659"}],"wp:attachment":[{"href":"https:\/\/www.strassenweb.de\/nachrichten\/wp-json\/wp\/v2\/media?parent=5658"}],"wp:term":[{"taxonomy":"category","embeddable":true,"href":"https:\/\/www.strassenweb.de\/nachrichten\/wp-json\/wp\/v2\/categories?post=5658"},{"taxonomy":"post_tag","embeddable":true,"href":"https:\/\/www.strassenweb.de\/nachrichten\/wp-json\/wp\/v2\/tags?post=5658"}],"curies":[{"name":"wp","href":"https:\/\/api.w.org\/{rel}","templated":true}]}}