{"id":565,"date":"2024-10-03T18:09:19","date_gmt":"2024-10-03T16:09:19","guid":{"rendered":"https:\/\/www.strassenweb.de\/nachrichten\/badger-trust-ist-bereit-dem-neuen-defra-aussenminister-steve-reed-zu-helfen\/"},"modified":"2024-10-03T18:09:20","modified_gmt":"2024-10-03T16:09:20","slug":"badger-trust-ist-bereit-dem-neuen-defra-aussenminister-steve-reed-zu-helfen","status":"publish","type":"post","link":"https:\/\/www.strassenweb.de\/nachrichten\/badger-trust-ist-bereit-dem-neuen-defra-aussenminister-steve-reed-zu-helfen\/","title":{"rendered":"Badger Trust ist bereit, dem neuen DEFRA-Au\u00dfenminister Steve Reed zu helfen"},"content":{"rendered":"<p><strong>Die nationale Dachs-Wohlt\u00e4tigkeitsorganisation bietet Hilfe und Unterst\u00fctzung bei der Umsetzung der Manifest-Verpflichtung der Labour-Partei, \u201eder ineffektiven Dachs-Keulung ein Ende zu setzen\u201c.<\/strong><\/p>\n<p>Badger Trust hat an Steve Reed MP, den neuen Minister f\u00fcr Umwelt, Ern\u00e4hrung und l\u00e4ndliche Angelegenheiten, geschrieben und angeboten, mit der Regierung zusammenzuarbeiten, um die Dachs-T\u00f6tung sofort zu beenden. Das Labour-Manifest bezeichnete die Dachs-T\u00f6tung als \u201ewirkungslos\u201c. Wir sind uns einig. Rindertuberkulose ist eine haupts\u00e4chlich von Rindern \u00fcbertragene Krankheit, wobei Dachse aus politischen Gr\u00fcnden als S\u00fcndenb\u00f6cke gelten. In Wales und Schottland werden Dachse nicht get\u00f6tet, doch England verschwendet weiterhin Geld und Dachseleben, anstatt sich auf die Bewirtschaftung der Rinderherden zu konzentrieren.<\/p>\n<h2 class=\"wp-block-heading\">Die erg\u00e4nzende Keulung, die intensive Keulung und die Beratung zu \u201eendlosen Keulungen\u201c.<\/h2>\n<p>Die von der letzten Regierung angeordnete zus\u00e4tzliche Keulung begann am 1. Juni 2024 und dauert bis Januar 2025. Tausende Dachse werden bei dieser Keulung get\u00f6tet, obwohl Defra noch nicht bekannt gegeben hat, wie viele und welche Gebiete genau gekeult werden. Diese T\u00f6tung wird fortgesetzt, obwohl die wissenschaftliche Leitung von Natural England (Lizenzbeh\u00f6rde) empfohlen hat, sie zu stoppen, da sie sich nicht auf die bTB-Raten bei Rindern auswirken w\u00fcrde. Badger Trust und Wild Justice haben derzeit auch einen Vorabbrief bei Defra \u00fcber die zus\u00e4tzliche Keulung eingegangen und wir erwarten eine Antwort bis zum 19. Juli 2024, bevor wir \u00fcber die n\u00e4chsten Schritte entscheiden. <\/p>\n<p>Die intensive Keulung soll Ende August 2024 beginnen und auch bis Januar 2025 dauern. Auch dies wird zum Tod Tausender Dachse f\u00fchren. Dar\u00fcber hinaus warten wir auf das Ergebnis einer k\u00fcrzlich von der letzten Regierung durchgef\u00fchrten Dachs-T\u00f6tungskonsultation, in der endlose Dachs-T\u00f6tungen gefordert werden.  <\/p>\n<p>Dennoch hat die Labour-Regierung zugegeben, dass das T\u00f6ten von Dachsen \u201ewirkungslos\u201c sei. Wir stimmen zu, und deshalb haben wir Steve Reed geschrieben, um die T\u00f6tung sofort zu stoppen. Das T\u00f6ten sollte beendet und abgelehnt werden, da es im Widerspruch zur neuen Regierungspolitik steht.<\/p>\n<h2 class=\"wp-block-heading\">Gemeinsam gegen Rindertuberkulose vorgehen<\/h2>\n<p>In unserer bahnbrechenden Publikation \u201eTackling bTB Together\u201c, die Anfang des Jahres ver\u00f6ffentlicht wurde, haben wir die weiteren M\u00f6glichkeiten aufgezeigt. Die Zukunft liegt im Umgang mit der Krankheit in der Herde. Unabh\u00e4ngige Wissenschaftler und verschiedene Studien unterst\u00fctzen diesen Ansatz seit dem urspr\u00fcnglichen Randomized Badger Cull-Test in den Jahren 2008\u20132010.  <\/p>\n<p>Peter Hambly, Gesch\u00e4ftsf\u00fchrer von Badger Trust, kommentierte: <\/p>\n<p>\u201eEs ist Zeit, die Dinge in Ordnung zu bringen. Das Labour-Manifest bezeichnete die Dachsbek\u00e4mpfung zu Recht als unwirksam. Wir sind uns einig, und jetzt ist es an der Zeit, dem ein Ende zu setzen, bevor noch mehr Dachse get\u00f6tet werden. Wir wollen mit dieser Regierung zusammenarbeiten, damit dies sofort geschieht.  <\/p>\n<p>Niemand sollte noch mehr Dachse und ihre Jungen abschlachten, die nur S\u00fcndenb\u00f6cke bei der unerbittlichen Ausbreitung der Rindertb von Rind zu Rind sind. Die Regierung muss die Dachs-T\u00f6tung sofort beenden. Wir m\u00fcssen aufh\u00f6ren, das Geld der Steuerzahler und Landwirte f\u00fcr diesen unethischen, ineffektiven und unmenschlichen Angriff auf die Natur zu verschwenden.\u201c<\/p>\n<h2 class=\"wp-block-heading\">Wie geht es weiter mit den Dachsen und der Keulung?<\/h2>\n<p>Badger Trust hat eine geplant <strong>Beenden Sie den Aktionstag zur Dachst\u00f6tung <\/strong>f\u00fcr<strong> 3. September 2024 in London<\/strong>. Wir werden uns mit anderen zusammenschlie\u00dfen, um bei DEFRA Zehntausende Unterschriften gegen die Dachs-T\u00f6tung zu \u00fcberreichen. Au\u00dferdem wird es eine Massenlobby neuer Abgeordneter und eine friedliche Demonstration vor dem Parlament geben. <\/p>\n<p>Badger Trust hofft, dass dieser Tag nicht n\u00f6tig ist und dass die Keulung bis zu diesem Datum beendet sein wird. Die Wohlt\u00e4tigkeitsorganisation ist bereit, die Regierung auf jede erdenkliche Weise zu unterst\u00fctzen, um dieses gemeinsame Ziel zu erreichen.<\/p>\n","protected":false},"excerpt":{"rendered":"<p>Die nationale Dachs-Wohlt\u00e4tigkeitsorganisation bietet Hilfe und Unterst\u00fctzung bei der Umsetzung der Manifest-Verpflichtung der Labour-Partei, \u201eder ineffektiven Dachs-Keulung ein Ende zu setzen\u201c. Badger Trust hat an<\/p>\n","protected":false},"author":1,"featured_media":222,"comment_status":"closed","ping_status":"","sticky":false,"template":"","format":"standard","meta":{"footnotes":""},"categories":[101],"tags":[289,1118,1119,91,470,15,494,1121,1120,290],"class_list":["post-565","post","type-post","status-publish","format-standard","has-post-thumbnail","hentry","category-oekologie","tag-badger","tag-bereit","tag-defraaussenminister","tag-dem","tag-helfen","tag-ist","tag-neuen","tag-reed","tag-steve","tag-trust","generate-columns","tablet-grid-50","mobile-grid-100","grid-parent","grid-50"],"yoast_head":"<!-- This site is optimized with the Yoast SEO plugin v27.3 - https:\/\/yoast.com\/product\/yoast-seo-wordpress\/ -->\n<title>Badger Trust ist bereit, dem neuen DEFRA-Au\u00dfenminister Steve Reed zu helfen - Nachrichten - Stra\u00dfenweb<\/title>\n<meta name=\"robots\" content=\"index, follow, max-snippet:-1, max-image-preview:large, max-video-preview:-1\" \/>\n<link rel=\"canonical\" href=\"https:\/\/www.strassenweb.de\/nachrichten\/badger-trust-ist-bereit-dem-neuen-defra-aussenminister-steve-reed-zu-helfen\/\" \/>\n<meta property=\"og:locale\" content=\"de_DE\" \/>\n<meta property=\"og:type\" content=\"article\" \/>\n<meta property=\"og:title\" content=\"Badger Trust ist bereit, dem neuen DEFRA-Au\u00dfenminister Steve Reed zu helfen - Nachrichten - Stra\u00dfenweb\" \/>\n<meta property=\"og:description\" content=\"Die nationale Dachs-Wohlt\u00e4tigkeitsorganisation bietet Hilfe und Unterst\u00fctzung bei der Umsetzung der Manifest-Verpflichtung der Labour-Partei, \u201eder ineffektiven Dachs-Keulung ein Ende zu setzen\u201c. Badger Trust hat an\" \/>\n<meta property=\"og:url\" content=\"https:\/\/www.strassenweb.de\/nachrichten\/badger-trust-ist-bereit-dem-neuen-defra-aussenminister-steve-reed-zu-helfen\/\" \/>\n<meta property=\"og:site_name\" content=\"Stra\u00dfenweb\" \/>\n<meta property=\"article:publisher\" content=\"https:\/\/www.facebook.com\/strassenweb\/\" \/>\n<meta property=\"article:published_time\" content=\"2024-10-03T16:09:19+00:00\" \/>\n<meta property=\"article:modified_time\" content=\"2024-10-03T16:09:20+00:00\" \/>\n<meta property=\"og:image\" content=\"https:\/\/www.strassenweb.de\/nachrichten\/wp-content\/uploads\/2024\/09\/INFORMATIONEN-ZUR-DEMONSTRATION-ZUR-BEENDIGUNG-DER-DACHS-ABSCHLUSS-AM-DIENSTAG-3.jpg\" \/>\n\t<meta property=\"og:image:width\" content=\"900\" \/>\n\t<meta property=\"og:image:height\" content=\"600\" \/>\n\t<meta property=\"og:image:type\" content=\"image\/jpeg\" \/>\n<meta name=\"author\" content=\"Robert Hoffmann\" \/>\n<meta name=\"twitter:card\" content=\"summary_large_image\" \/>\n<meta name=\"twitter:label1\" content=\"Verfasst von\" \/>\n\t<meta name=\"twitter:data1\" content=\"Robert Hoffmann\" \/>\n\t<meta name=\"twitter:label2\" content=\"Gesch\u00e4tzte Lesezeit\" \/>\n\t<meta name=\"twitter:data2\" content=\"3\u00a0Minuten\" \/>\n<script type=\"application\/ld+json\" class=\"yoast-schema-graph\">{\"@context\":\"https:\\\/\\\/schema.org\",\"@graph\":[{\"@type\":\"Article\",\"@id\":\"https:\\\/\\\/www.strassenweb.de\\\/nachrichten\\\/badger-trust-ist-bereit-dem-neuen-defra-aussenminister-steve-reed-zu-helfen\\\/#article\",\"isPartOf\":{\"@id\":\"https:\\\/\\\/www.strassenweb.de\\\/nachrichten\\\/badger-trust-ist-bereit-dem-neuen-defra-aussenminister-steve-reed-zu-helfen\\\/\"},\"author\":{\"name\":\"Robert Hoffmann\",\"@id\":\"https:\\\/\\\/www.strassenweb.de\\\/nachrichten\\\/#\\\/schema\\\/person\\\/87c9c9067f1211da429a744dc5a5aa41\"},\"headline\":\"Badger Trust ist bereit, dem neuen DEFRA-Au\u00dfenminister Steve Reed zu helfen\",\"datePublished\":\"2024-10-03T16:09:19+00:00\",\"dateModified\":\"2024-10-03T16:09:20+00:00\",\"mainEntityOfPage\":{\"@id\":\"https:\\\/\\\/www.strassenweb.de\\\/nachrichten\\\/badger-trust-ist-bereit-dem-neuen-defra-aussenminister-steve-reed-zu-helfen\\\/\"},\"wordCount\":611,\"publisher\":{\"@id\":\"https:\\\/\\\/www.strassenweb.de\\\/nachrichten\\\/#organization\"},\"image\":{\"@id\":\"https:\\\/\\\/www.strassenweb.de\\\/nachrichten\\\/badger-trust-ist-bereit-dem-neuen-defra-aussenminister-steve-reed-zu-helfen\\\/#primaryimage\"},\"thumbnailUrl\":\"https:\\\/\\\/www.strassenweb.de\\\/nachrichten\\\/wp-content\\\/uploads\\\/2024\\\/09\\\/INFORMATIONEN-ZUR-DEMONSTRATION-ZUR-BEENDIGUNG-DER-DACHS-ABSCHLUSS-AM-DIENSTAG-3.jpg\",\"keywords\":[\"Badger\",\"bereit\",\"DEFRAAu\u00dfenminister\",\"dem\",\"helfen\",\"ist\",\"neuen\",\"Reed\",\"Steve\",\"Trust\"],\"articleSection\":[\"\u00d6kologie\"],\"inLanguage\":\"de\"},{\"@type\":\"WebPage\",\"@id\":\"https:\\\/\\\/www.strassenweb.de\\\/nachrichten\\\/badger-trust-ist-bereit-dem-neuen-defra-aussenminister-steve-reed-zu-helfen\\\/\",\"url\":\"https:\\\/\\\/www.strassenweb.de\\\/nachrichten\\\/badger-trust-ist-bereit-dem-neuen-defra-aussenminister-steve-reed-zu-helfen\\\/\",\"name\":\"Badger Trust ist bereit, dem neuen DEFRA-Au\u00dfenminister Steve Reed zu helfen - Nachrichten - Stra\u00dfenweb\",\"isPartOf\":{\"@id\":\"https:\\\/\\\/www.strassenweb.de\\\/nachrichten\\\/#website\"},\"primaryImageOfPage\":{\"@id\":\"https:\\\/\\\/www.strassenweb.de\\\/nachrichten\\\/badger-trust-ist-bereit-dem-neuen-defra-aussenminister-steve-reed-zu-helfen\\\/#primaryimage\"},\"image\":{\"@id\":\"https:\\\/\\\/www.strassenweb.de\\\/nachrichten\\\/badger-trust-ist-bereit-dem-neuen-defra-aussenminister-steve-reed-zu-helfen\\\/#primaryimage\"},\"thumbnailUrl\":\"https:\\\/\\\/www.strassenweb.de\\\/nachrichten\\\/wp-content\\\/uploads\\\/2024\\\/09\\\/INFORMATIONEN-ZUR-DEMONSTRATION-ZUR-BEENDIGUNG-DER-DACHS-ABSCHLUSS-AM-DIENSTAG-3.jpg\",\"datePublished\":\"2024-10-03T16:09:19+00:00\",\"dateModified\":\"2024-10-03T16:09:20+00:00\",\"breadcrumb\":{\"@id\":\"https:\\\/\\\/www.strassenweb.de\\\/nachrichten\\\/badger-trust-ist-bereit-dem-neuen-defra-aussenminister-steve-reed-zu-helfen\\\/#breadcrumb\"},\"inLanguage\":\"de\",\"potentialAction\":[{\"@type\":\"ReadAction\",\"target\":[\"https:\\\/\\\/www.strassenweb.de\\\/nachrichten\\\/badger-trust-ist-bereit-dem-neuen-defra-aussenminister-steve-reed-zu-helfen\\\/\"]}]},{\"@type\":\"ImageObject\",\"inLanguage\":\"de\",\"@id\":\"https:\\\/\\\/www.strassenweb.de\\\/nachrichten\\\/badger-trust-ist-bereit-dem-neuen-defra-aussenminister-steve-reed-zu-helfen\\\/#primaryimage\",\"url\":\"https:\\\/\\\/www.strassenweb.de\\\/nachrichten\\\/wp-content\\\/uploads\\\/2024\\\/09\\\/INFORMATIONEN-ZUR-DEMONSTRATION-ZUR-BEENDIGUNG-DER-DACHS-ABSCHLUSS-AM-DIENSTAG-3.jpg\",\"contentUrl\":\"https:\\\/\\\/www.strassenweb.de\\\/nachrichten\\\/wp-content\\\/uploads\\\/2024\\\/09\\\/INFORMATIONEN-ZUR-DEMONSTRATION-ZUR-BEENDIGUNG-DER-DACHS-ABSCHLUSS-AM-DIENSTAG-3.jpg\",\"width\":900,\"height\":600,\"caption\":\"National Day of Action Against the Badger Cull called for Tuesday, 3 September 2024\"},{\"@type\":\"BreadcrumbList\",\"@id\":\"https:\\\/\\\/www.strassenweb.de\\\/nachrichten\\\/badger-trust-ist-bereit-dem-neuen-defra-aussenminister-steve-reed-zu-helfen\\\/#breadcrumb\",\"itemListElement\":[{\"@type\":\"ListItem\",\"position\":1,\"name\":\"Home\",\"item\":\"https:\\\/\\\/www.strassenweb.de\\\/nachrichten\\\/\"},{\"@type\":\"ListItem\",\"position\":2,\"name\":\"Badger Trust ist bereit, dem neuen DEFRA-Au\u00dfenminister Steve Reed zu helfen\"}]},{\"@type\":\"WebSite\",\"@id\":\"https:\\\/\\\/www.strassenweb.de\\\/nachrichten\\\/#website\",\"url\":\"https:\\\/\\\/www.strassenweb.de\\\/nachrichten\\\/\",\"name\":\"Stra\u00dfenweb\",\"description\":\"Stra\u00dfenverzeichnis f\u00fcr Deutschland\",\"publisher\":{\"@id\":\"https:\\\/\\\/www.strassenweb.de\\\/nachrichten\\\/#organization\"},\"potentialAction\":[{\"@type\":\"SearchAction\",\"target\":{\"@type\":\"EntryPoint\",\"urlTemplate\":\"https:\\\/\\\/www.strassenweb.de\\\/nachrichten\\\/?s={search_term_string}\"},\"query-input\":{\"@type\":\"PropertyValueSpecification\",\"valueRequired\":true,\"valueName\":\"search_term_string\"}}],\"inLanguage\":\"de\"},{\"@type\":\"Organization\",\"@id\":\"https:\\\/\\\/www.strassenweb.de\\\/nachrichten\\\/#organization\",\"name\":\"Stra\u00dfenweb\",\"url\":\"https:\\\/\\\/www.strassenweb.de\\\/nachrichten\\\/\",\"logo\":{\"@type\":\"ImageObject\",\"inLanguage\":\"de\",\"@id\":\"https:\\\/\\\/www.strassenweb.de\\\/nachrichten\\\/#\\\/schema\\\/logo\\\/image\\\/\",\"url\":\"https:\\\/\\\/www.strassenweb.de\\\/nachrichten\\\/wp-content\\\/uploads\\\/2024\\\/09\\\/cropped-favicon.png\",\"contentUrl\":\"https:\\\/\\\/www.strassenweb.de\\\/nachrichten\\\/wp-content\\\/uploads\\\/2024\\\/09\\\/cropped-favicon.png\",\"width\":512,\"height\":512,\"caption\":\"Stra\u00dfenweb\"},\"image\":{\"@id\":\"https:\\\/\\\/www.strassenweb.de\\\/nachrichten\\\/#\\\/schema\\\/logo\\\/image\\\/\"},\"sameAs\":[\"https:\\\/\\\/www.facebook.com\\\/strassenweb\\\/\"]},{\"@type\":\"Person\",\"@id\":\"https:\\\/\\\/www.strassenweb.de\\\/nachrichten\\\/#\\\/schema\\\/person\\\/87c9c9067f1211da429a744dc5a5aa41\",\"name\":\"Robert Hoffmann\",\"image\":{\"@type\":\"ImageObject\",\"inLanguage\":\"de\",\"@id\":\"https:\\\/\\\/www.strassenweb.de\\\/nachrichten\\\/wp-content\\\/uploads\\\/2024\\\/09\\\/strassenweb-150x150.jpg\",\"url\":\"https:\\\/\\\/www.strassenweb.de\\\/nachrichten\\\/wp-content\\\/uploads\\\/2024\\\/09\\\/strassenweb-150x150.jpg\",\"contentUrl\":\"https:\\\/\\\/www.strassenweb.de\\\/nachrichten\\\/wp-content\\\/uploads\\\/2024\\\/09\\\/strassenweb-150x150.jpg\",\"caption\":\"Robert Hoffmann\"},\"description\":\"Ich hei\u00dfe Robert Hoffmann und ich bin ein leidenschaftlicher Verfechter von \u00d6kologie und Biodiversit\u00e4t. Seit meiner Kindheit in den W\u00e4ldern Bayerns f\u00fchle ich mich mit der Natur verbunden und bin entschlossen, sie zu sch\u00fctzen. Heute widme ich mein Leben der Sensibilisierung anderer f\u00fcr die Bedeutung des Umweltschutzes f\u00fcr zuk\u00fcnftige Generationen.\",\"sameAs\":[\"https:\\\/\\\/www.strassenweb.de\\\/\"]}]}<\/script>\n<!-- \/ Yoast SEO plugin. -->","yoast_head_json":{"title":"Badger Trust ist bereit, dem neuen DEFRA-Au\u00dfenminister Steve Reed zu helfen - Nachrichten - Stra\u00dfenweb","robots":{"index":"index","follow":"follow","max-snippet":"max-snippet:-1","max-image-preview":"max-image-preview:large","max-video-preview":"max-video-preview:-1"},"canonical":"https:\/\/www.strassenweb.de\/nachrichten\/badger-trust-ist-bereit-dem-neuen-defra-aussenminister-steve-reed-zu-helfen\/","og_locale":"de_DE","og_type":"article","og_title":"Badger Trust ist bereit, dem neuen DEFRA-Au\u00dfenminister Steve Reed zu helfen - Nachrichten - Stra\u00dfenweb","og_description":"Die nationale Dachs-Wohlt\u00e4tigkeitsorganisation bietet Hilfe und Unterst\u00fctzung bei der Umsetzung der Manifest-Verpflichtung der Labour-Partei, \u201eder ineffektiven Dachs-Keulung ein Ende zu setzen\u201c. Badger Trust hat an","og_url":"https:\/\/www.strassenweb.de\/nachrichten\/badger-trust-ist-bereit-dem-neuen-defra-aussenminister-steve-reed-zu-helfen\/","og_site_name":"Stra\u00dfenweb","article_publisher":"https:\/\/www.facebook.com\/strassenweb\/","article_published_time":"2024-10-03T16:09:19+00:00","article_modified_time":"2024-10-03T16:09:20+00:00","og_image":[{"width":900,"height":600,"url":"https:\/\/www.strassenweb.de\/nachrichten\/wp-content\/uploads\/2024\/09\/INFORMATIONEN-ZUR-DEMONSTRATION-ZUR-BEENDIGUNG-DER-DACHS-ABSCHLUSS-AM-DIENSTAG-3.jpg","type":"image\/jpeg"}],"author":"Robert Hoffmann","twitter_card":"summary_large_image","twitter_misc":{"Verfasst von":"Robert Hoffmann","Gesch\u00e4tzte Lesezeit":"3\u00a0Minuten"},"schema":{"@context":"https:\/\/schema.org","@graph":[{"@type":"Article","@id":"https:\/\/www.strassenweb.de\/nachrichten\/badger-trust-ist-bereit-dem-neuen-defra-aussenminister-steve-reed-zu-helfen\/#article","isPartOf":{"@id":"https:\/\/www.strassenweb.de\/nachrichten\/badger-trust-ist-bereit-dem-neuen-defra-aussenminister-steve-reed-zu-helfen\/"},"author":{"name":"Robert Hoffmann","@id":"https:\/\/www.strassenweb.de\/nachrichten\/#\/schema\/person\/87c9c9067f1211da429a744dc5a5aa41"},"headline":"Badger Trust ist bereit, dem neuen DEFRA-Au\u00dfenminister Steve Reed zu helfen","datePublished":"2024-10-03T16:09:19+00:00","dateModified":"2024-10-03T16:09:20+00:00","mainEntityOfPage":{"@id":"https:\/\/www.strassenweb.de\/nachrichten\/badger-trust-ist-bereit-dem-neuen-defra-aussenminister-steve-reed-zu-helfen\/"},"wordCount":611,"publisher":{"@id":"https:\/\/www.strassenweb.de\/nachrichten\/#organization"},"image":{"@id":"https:\/\/www.strassenweb.de\/nachrichten\/badger-trust-ist-bereit-dem-neuen-defra-aussenminister-steve-reed-zu-helfen\/#primaryimage"},"thumbnailUrl":"https:\/\/www.strassenweb.de\/nachrichten\/wp-content\/uploads\/2024\/09\/INFORMATIONEN-ZUR-DEMONSTRATION-ZUR-BEENDIGUNG-DER-DACHS-ABSCHLUSS-AM-DIENSTAG-3.jpg","keywords":["Badger","bereit","DEFRAAu\u00dfenminister","dem","helfen","ist","neuen","Reed","Steve","Trust"],"articleSection":["\u00d6kologie"],"inLanguage":"de"},{"@type":"WebPage","@id":"https:\/\/www.strassenweb.de\/nachrichten\/badger-trust-ist-bereit-dem-neuen-defra-aussenminister-steve-reed-zu-helfen\/","url":"https:\/\/www.strassenweb.de\/nachrichten\/badger-trust-ist-bereit-dem-neuen-defra-aussenminister-steve-reed-zu-helfen\/","name":"Badger Trust ist bereit, dem neuen DEFRA-Au\u00dfenminister Steve Reed zu helfen - Nachrichten - Stra\u00dfenweb","isPartOf":{"@id":"https:\/\/www.strassenweb.de\/nachrichten\/#website"},"primaryImageOfPage":{"@id":"https:\/\/www.strassenweb.de\/nachrichten\/badger-trust-ist-bereit-dem-neuen-defra-aussenminister-steve-reed-zu-helfen\/#primaryimage"},"image":{"@id":"https:\/\/www.strassenweb.de\/nachrichten\/badger-trust-ist-bereit-dem-neuen-defra-aussenminister-steve-reed-zu-helfen\/#primaryimage"},"thumbnailUrl":"https:\/\/www.strassenweb.de\/nachrichten\/wp-content\/uploads\/2024\/09\/INFORMATIONEN-ZUR-DEMONSTRATION-ZUR-BEENDIGUNG-DER-DACHS-ABSCHLUSS-AM-DIENSTAG-3.jpg","datePublished":"2024-10-03T16:09:19+00:00","dateModified":"2024-10-03T16:09:20+00:00","breadcrumb":{"@id":"https:\/\/www.strassenweb.de\/nachrichten\/badger-trust-ist-bereit-dem-neuen-defra-aussenminister-steve-reed-zu-helfen\/#breadcrumb"},"inLanguage":"de","potentialAction":[{"@type":"ReadAction","target":["https:\/\/www.strassenweb.de\/nachrichten\/badger-trust-ist-bereit-dem-neuen-defra-aussenminister-steve-reed-zu-helfen\/"]}]},{"@type":"ImageObject","inLanguage":"de","@id":"https:\/\/www.strassenweb.de\/nachrichten\/badger-trust-ist-bereit-dem-neuen-defra-aussenminister-steve-reed-zu-helfen\/#primaryimage","url":"https:\/\/www.strassenweb.de\/nachrichten\/wp-content\/uploads\/2024\/09\/INFORMATIONEN-ZUR-DEMONSTRATION-ZUR-BEENDIGUNG-DER-DACHS-ABSCHLUSS-AM-DIENSTAG-3.jpg","contentUrl":"https:\/\/www.strassenweb.de\/nachrichten\/wp-content\/uploads\/2024\/09\/INFORMATIONEN-ZUR-DEMONSTRATION-ZUR-BEENDIGUNG-DER-DACHS-ABSCHLUSS-AM-DIENSTAG-3.jpg","width":900,"height":600,"caption":"National Day of Action Against the Badger Cull called for Tuesday, 3 September 2024"},{"@type":"BreadcrumbList","@id":"https:\/\/www.strassenweb.de\/nachrichten\/badger-trust-ist-bereit-dem-neuen-defra-aussenminister-steve-reed-zu-helfen\/#breadcrumb","itemListElement":[{"@type":"ListItem","position":1,"name":"Home","item":"https:\/\/www.strassenweb.de\/nachrichten\/"},{"@type":"ListItem","position":2,"name":"Badger Trust ist bereit, dem neuen DEFRA-Au\u00dfenminister Steve Reed zu helfen"}]},{"@type":"WebSite","@id":"https:\/\/www.strassenweb.de\/nachrichten\/#website","url":"https:\/\/www.strassenweb.de\/nachrichten\/","name":"Stra\u00dfenweb","description":"Stra\u00dfenverzeichnis f\u00fcr Deutschland","publisher":{"@id":"https:\/\/www.strassenweb.de\/nachrichten\/#organization"},"potentialAction":[{"@type":"SearchAction","target":{"@type":"EntryPoint","urlTemplate":"https:\/\/www.strassenweb.de\/nachrichten\/?s={search_term_string}"},"query-input":{"@type":"PropertyValueSpecification","valueRequired":true,"valueName":"search_term_string"}}],"inLanguage":"de"},{"@type":"Organization","@id":"https:\/\/www.strassenweb.de\/nachrichten\/#organization","name":"Stra\u00dfenweb","url":"https:\/\/www.strassenweb.de\/nachrichten\/","logo":{"@type":"ImageObject","inLanguage":"de","@id":"https:\/\/www.strassenweb.de\/nachrichten\/#\/schema\/logo\/image\/","url":"https:\/\/www.strassenweb.de\/nachrichten\/wp-content\/uploads\/2024\/09\/cropped-favicon.png","contentUrl":"https:\/\/www.strassenweb.de\/nachrichten\/wp-content\/uploads\/2024\/09\/cropped-favicon.png","width":512,"height":512,"caption":"Stra\u00dfenweb"},"image":{"@id":"https:\/\/www.strassenweb.de\/nachrichten\/#\/schema\/logo\/image\/"},"sameAs":["https:\/\/www.facebook.com\/strassenweb\/"]},{"@type":"Person","@id":"https:\/\/www.strassenweb.de\/nachrichten\/#\/schema\/person\/87c9c9067f1211da429a744dc5a5aa41","name":"Robert Hoffmann","image":{"@type":"ImageObject","inLanguage":"de","@id":"https:\/\/www.strassenweb.de\/nachrichten\/wp-content\/uploads\/2024\/09\/strassenweb-150x150.jpg","url":"https:\/\/www.strassenweb.de\/nachrichten\/wp-content\/uploads\/2024\/09\/strassenweb-150x150.jpg","contentUrl":"https:\/\/www.strassenweb.de\/nachrichten\/wp-content\/uploads\/2024\/09\/strassenweb-150x150.jpg","caption":"Robert Hoffmann"},"description":"Ich hei\u00dfe Robert Hoffmann und ich bin ein leidenschaftlicher Verfechter von \u00d6kologie und Biodiversit\u00e4t. Seit meiner Kindheit in den W\u00e4ldern Bayerns f\u00fchle ich mich mit der Natur verbunden und bin entschlossen, sie zu sch\u00fctzen. Heute widme ich mein Leben der Sensibilisierung anderer f\u00fcr die Bedeutung des Umweltschutzes f\u00fcr zuk\u00fcnftige Generationen.","sameAs":["https:\/\/www.strassenweb.de\/"]}]}},"_links":{"self":[{"href":"https:\/\/www.strassenweb.de\/nachrichten\/wp-json\/wp\/v2\/posts\/565","targetHints":{"allow":["GET"]}}],"collection":[{"href":"https:\/\/www.strassenweb.de\/nachrichten\/wp-json\/wp\/v2\/posts"}],"about":[{"href":"https:\/\/www.strassenweb.de\/nachrichten\/wp-json\/wp\/v2\/types\/post"}],"author":[{"embeddable":true,"href":"https:\/\/www.strassenweb.de\/nachrichten\/wp-json\/wp\/v2\/users\/1"}],"replies":[{"embeddable":true,"href":"https:\/\/www.strassenweb.de\/nachrichten\/wp-json\/wp\/v2\/comments?post=565"}],"version-history":[{"count":0,"href":"https:\/\/www.strassenweb.de\/nachrichten\/wp-json\/wp\/v2\/posts\/565\/revisions"}],"wp:featuredmedia":[{"embeddable":true,"href":"https:\/\/www.strassenweb.de\/nachrichten\/wp-json\/wp\/v2\/media\/222"}],"wp:attachment":[{"href":"https:\/\/www.strassenweb.de\/nachrichten\/wp-json\/wp\/v2\/media?parent=565"}],"wp:term":[{"taxonomy":"category","embeddable":true,"href":"https:\/\/www.strassenweb.de\/nachrichten\/wp-json\/wp\/v2\/categories?post=565"},{"taxonomy":"post_tag","embeddable":true,"href":"https:\/\/www.strassenweb.de\/nachrichten\/wp-json\/wp\/v2\/tags?post=565"}],"curies":[{"name":"wp","href":"https:\/\/api.w.org\/{rel}","templated":true}]}}