{"id":5641,"date":"2025-06-13T13:39:58","date_gmt":"2025-06-13T11:39:58","guid":{"rendered":"https:\/\/www.strassenweb.de\/nachrichten\/dieses-charmante-aldi-gitter-ist-ideal-fuer-das-klettern-von-pflanzen-in-winzigen-staedtischen-raeumen-sie-wird-staedtische-balkonen-und-innenhoefe-in-ueppige-gruene-haefen-verwandeln\/"},"modified":"2025-06-13T13:39:59","modified_gmt":"2025-06-13T11:39:59","slug":"dieses-charmante-aldi-gitter-ist-ideal-fuer-das-klettern-von-pflanzen-in-winzigen-staedtischen-raeumen-sie-wird-staedtische-balkonen-und-innenhoefe-in-ueppige-gruene-haefen-verwandeln","status":"publish","type":"post","link":"https:\/\/www.strassenweb.de\/nachrichten\/dieses-charmante-aldi-gitter-ist-ideal-fuer-das-klettern-von-pflanzen-in-winzigen-staedtischen-raeumen-sie-wird-staedtische-balkonen-und-innenhoefe-in-ueppige-gruene-haefen-verwandeln\/","title":{"rendered":"Dieses charmante Aldi -Gitter ist ideal f\u00fcr das Klettern von Pflanzen in winzigen st\u00e4dtischen R\u00e4umen &#8211; sie wird st\u00e4dtische Balkonen und Innenh\u00f6fe in \u00fcppige, gr\u00fcne H\u00e4fen verwandeln"},"content":{"rendered":"<p><\/p>\n<div id=\"article-body\" class=\"article__body \">\n<p>F\u00fcr diejenigen von uns mit winzigen Fu\u00dfspuren des Au\u00dfenraums oder schmalen Stadtbalkonen ist es nicht immer einfach, viele Pflanzen zu z\u00fcchten oder dieses oft geschnittene Gef\u00fchl der Abgeschiedenheit innerhalb der Natur zu schaffen. Alles, was Sie brauchen, hat jedoch das richtige Kit und Aldi&#8217;s Middle Gang wieder einen der besten Gartenfunde von 2025 bedient: ein atemberaubendes Gitter f\u00fcr Klettern, die perfekt f\u00fcr kleine R\u00e4ume sind.<\/p>\n<div id=\"ad-unit-1\" class=\"ad-unit\"><\/div>\n<p>Aldi&#8217;s Belavi Square Bird Trellis ist eine gro\u00dfartige L\u00f6sung, um einen vertikalen Garten zu schaffen und gleichzeitig Platz f\u00fcr ein gem\u00fctliches Esset oder sogar mehr Topfpflanzen zu sparen. Mit nur 12 Zoll breit ist es die perfekte Unterst\u00fctzung f\u00fcr Kletterpflanzen in T\u00f6pfen.<\/p>\n<p>Dar\u00fcber hinaus ist dieses Gitter ein Snip mit 8,99 US -Dollar, der es m\u00f6glich macht, eine kosteng\u00fcnstige Anzeige von Weinreben zu erstellen. Die eleganten und subtilen Vogeldetails erg\u00e4nzen weiche Pflanzen und einen H\u00fcttengartenstil, w\u00e4hrend die schwarze Farbe gleichzeitig moderner und gut f\u00fcr einen st\u00e4dtischen Gartenbereich geeignet ist.<\/p>\n<div id=\"desktop-in-article\" class=\"in-article ad-unit\">\n<div id=\"desktop-taboola-mid-article\"><\/div>\n<\/div>\n<div id=\"mobile-in-article\" class=\"in-article ad-unit\">\n<div id=\"mobile-taboola-mid-article\"><\/div>\n<\/div>\n<div class=\"van_vid_carousel\">\n<div class=\"van_vid_carousel__padding\">\n<div class=\"van_vid_carousel__container\"><\/div>\n<\/div>\n<\/div>\n<aside data-component-name=\"Recirculation:ArticleRiver\" format=\"inline\" data-nosnippet>\n<span class=\"bg-secondary-500 text-white text-lg font-bold uppercase py-1 px-2 leading-(1.625rem) sm:leading-(6px) sm:text-sm\"><\/p>\n<p>Sie m\u00f6gen m\u00f6gen<br \/>\n<\/span><\/p>\n<ul class=\"flex flex-col my-2 list-outside ms-5 bg-none\">\n<li class=\"m-0 mb-2\" name=\"recirculation-inline\" data-analytics-id=\"recirculation-inline-1\" analytics-label=\"adviser:related\">\n<p>Aldi hat gerade den perfekten h\u00e4ngenden Pflanzer f\u00fcr kleine G\u00e4rten auf den Markt gebracht, und es ist eine clevere M\u00f6glichkeit, auf einem Zaun oder Balkon Privatsph\u00e4re und Schatten zu schaffen<\/p>\n<\/li>\n<li class=\"m-0 mb-2\" name=\"recirculation-inline\" data-analytics-id=\"recirculation-inline-2\" analytics-label=\"adviser:related\">\n<p>Aldi-Ausverkauf 35 US-Dollar erh\u00f6htes Bett Pflanzer ist das Beste f\u00fcr kleine G\u00e4rten und winzige Wohnungen-Sie m\u00f6chten es nur fr\u00fcher gekauft haben<\/p>\n<\/li>\n<li class=\"m-0 mb-2\" name=\"recirculation-inline\" data-analytics-id=\"recirculation-inline-3\" analytics-label=\"adviser:related\">\n<p>Das neueste Gartenpflanzer-Display von Aldi verspricht, nicht genutzte Ecken und winzige R\u00e4ume in ein mit Blumen gef\u00fcllter Paradies zu verwandeln. Ich gehe davon aus, dass es diese Woche ausverkauft wird<\/p>\n<\/li>\n<\/ul>\n<\/aside>\n<figure class=\"van-image-figure inline-layout \" data-bordeaux-image-check>\n<div class=\"image-full-width-wrapper\">\n<div class=\"image-widthsetter\" style=\"max-width:2000px;\"><\/div>\n<\/div>\n<\/figure>\n<p>Es gibt so viele Verwendungszwecke f\u00fcr ein Gitter in einem winzigen Raum, egal ob Sie eines der besten Kletterrosen, Zugduftreben wie Glyesia oder sogar vertikal anbauen m\u00f6chten.<\/p>\n<div id=\"ad-unit-2\" class=\"ad-unit\"><\/div>\n<aside data-block-type=\"embed\" data-render-type=\"fte\" data-skip=\"dealsy\" data-widget-type=\"seasonal\" class=\"hawk-base\"><\/aside>\n<p>Das Beste an Aldi&#8217;s Gitter ist, dass es nur 12&#215;28,6 Zoll misst, sodass Sie es f\u00fcr eine Kletterpflanze-Unterst\u00fctzung in einem Containergarten verwenden k\u00f6nnen. Es ist klein genug, um in Balkong\u00e4rten zu verwenden und eine raumsparende L\u00f6sung durch vertikales Anbau zu bieten.<\/p>\n<p>Versuchen Sie, zwei oder drei dieser Gitter zusammen zu positionieren, um einen Bildschirm f\u00fcr eine schnelle Privatsph\u00e4re von Garten zu erstellen.<\/p>\n<p>Nat\u00fcrlich m\u00fcssen Sie bei der Verwendung eines Gitters ein Kit verwenden, das Sie f\u00fcr ein erfolgreiches Wachstum verwenden m\u00fcssen.<\/p>\n<div id=\"slice-container-newsletterForm-articleInbodyContent-yNJw7dVnLkHZRJEnwv4PTJ\" class=\"slice-container newsletter-inbodyContent-slice newsletterForm-articleInbodyContent-yNJw7dVnLkHZRJEnwv4PTJ slice-container-newsletterForm\"><\/div>\n<p>Beispielsweise ben\u00f6tigen Sie wichtige Schnittwerkzeuge (wie diese Beschneidungsschere von Amazon), um Ihre Kletterer ordentlich und gewartet zu halten. Denken Sie daran, die Pflegeanforderungen der Pflanzen, die Sie auf dem Gitter wachsen, zu erforschen, um zu vermeiden, dass Beschneidungsfehler gemacht werden.<\/p>\n<h2 id=\"find-the-perfect-trellis-for-your-outside-space-3\">Finden Sie das perfekte Gitter f\u00fcr Ihren Au\u00dfenraum<\/h2>\n<div class=\"product-container hero-product-container product-block-no-wrap\">\n<div class=\"product-block-row\"><\/div>\n<div class=\"product-block-row\"><\/div>\n<div class=\"product-block-row\"><\/div>\n<\/div>\n<hr>\n<p>M\u00f6glicherweise ben\u00f6tigen Sie auch einige Pflanzenbindungen (von Amazon), um Ihre Pflanzen in den Gitter zu trainieren, sie sind jedoch nicht zu eng, da sie Stiele einschneiden und besch\u00e4digen k\u00f6nnen.<\/p>\n<p>In der Produktbeschreibung hei\u00dft es, dass die Aldi-Gitter in der Produktbeschreibung rostresistent ist, was es zu einem dauerhaften Merkmal f\u00fcr Ihren Garten macht, der jahrelang dauern wird.<\/p>\n<\/div>\n","protected":false},"excerpt":{"rendered":"<p>F\u00fcr diejenigen von uns mit winzigen Fu\u00dfspuren des Au\u00dfenraums oder schmalen Stadtbalkonen ist es nicht immer einfach, viele Pflanzen zu z\u00fcchten oder dieses oft geschnittene<\/p>\n","protected":false},"author":1,"featured_media":5642,"comment_status":"closed","ping_status":"","sticky":false,"template":"","format":"standard","meta":{"footnotes":""},"categories":[118],"tags":[7295,7994,6138,112,531,55,7922,1327,7996,2936,7995,15,7993,246,3736,165,6583,5827,37,5369,1140,21,1531,71],"class_list":["post-5641","post","type-post","status-publish","format-standard","has-post-thumbnail","hentry","category-haus-garten","tag-aldi","tag-balkonen","tag-charmante","tag-das","tag-dieses","tag-fuer","tag-gitter","tag-gruene","tag-haefen","tag-ideal","tag-innenhoefe","tag-ist","tag-klettern","tag-pflanzen","tag-raeumen","tag-sie","tag-staedtische","tag-staedtischen","tag-und","tag-ueppige","tag-verwandeln","tag-von","tag-winzigen","tag-wird","generate-columns","tablet-grid-50","mobile-grid-100","grid-parent","grid-50"],"yoast_head":"<!-- This site is optimized with the Yoast SEO plugin v27.3 - https:\/\/yoast.com\/product\/yoast-seo-wordpress\/ -->\n<title>Dieses charmante Aldi -Gitter ist ideal f\u00fcr das Klettern von Pflanzen in winzigen st\u00e4dtischen R\u00e4umen - sie wird st\u00e4dtische Balkonen und Innenh\u00f6fe in \u00fcppige, gr\u00fcne H\u00e4fen verwandeln - Nachrichten - Stra\u00dfenweb<\/title>\n<meta name=\"robots\" content=\"index, follow, max-snippet:-1, max-image-preview:large, max-video-preview:-1\" \/>\n<link rel=\"canonical\" href=\"https:\/\/www.strassenweb.de\/nachrichten\/dieses-charmante-aldi-gitter-ist-ideal-fuer-das-klettern-von-pflanzen-in-winzigen-staedtischen-raeumen-sie-wird-staedtische-balkonen-und-innenhoefe-in-ueppige-gruene-haefen-verwandeln\/\" \/>\n<meta property=\"og:locale\" content=\"de_DE\" \/>\n<meta property=\"og:type\" content=\"article\" \/>\n<meta property=\"og:title\" content=\"Dieses charmante Aldi -Gitter ist ideal f\u00fcr das Klettern von Pflanzen in winzigen st\u00e4dtischen R\u00e4umen - sie wird st\u00e4dtische Balkonen und Innenh\u00f6fe in \u00fcppige, gr\u00fcne H\u00e4fen verwandeln - Nachrichten - Stra\u00dfenweb\" \/>\n<meta property=\"og:description\" content=\"F\u00fcr diejenigen von uns mit winzigen Fu\u00dfspuren des Au\u00dfenraums oder schmalen Stadtbalkonen ist es nicht immer einfach, viele Pflanzen zu z\u00fcchten oder dieses oft geschnittene\" \/>\n<meta property=\"og:url\" content=\"https:\/\/www.strassenweb.de\/nachrichten\/dieses-charmante-aldi-gitter-ist-ideal-fuer-das-klettern-von-pflanzen-in-winzigen-staedtischen-raeumen-sie-wird-staedtische-balkonen-und-innenhoefe-in-ueppige-gruene-haefen-verwandeln\/\" \/>\n<meta property=\"og:site_name\" content=\"Stra\u00dfenweb\" \/>\n<meta property=\"article:publisher\" content=\"https:\/\/www.facebook.com\/strassenweb\/\" \/>\n<meta property=\"article:published_time\" content=\"2025-06-13T11:39:58+00:00\" \/>\n<meta property=\"article:modified_time\" content=\"2025-06-13T11:39:59+00:00\" \/>\n<meta property=\"og:image\" content=\"https:\/\/www.strassenweb.de\/nachrichten\/wp-content\/uploads\/2025\/06\/A2Zhgg6N9f835qCe5ZSMS7.jpg\" \/>\n\t<meta property=\"og:image:width\" content=\"1600\" \/>\n\t<meta property=\"og:image:height\" content=\"900\" \/>\n\t<meta property=\"og:image:type\" content=\"image\/jpeg\" \/>\n<meta name=\"author\" content=\"Robert Hoffmann\" \/>\n<meta name=\"twitter:card\" content=\"summary_large_image\" \/>\n<meta name=\"twitter:label1\" content=\"Verfasst von\" \/>\n\t<meta name=\"twitter:data1\" content=\"Robert Hoffmann\" \/>\n\t<meta name=\"twitter:label2\" content=\"Gesch\u00e4tzte Lesezeit\" \/>\n\t<meta name=\"twitter:data2\" content=\"3\u00a0Minuten\" \/>\n<script type=\"application\/ld+json\" class=\"yoast-schema-graph\">{\"@context\":\"https:\\\/\\\/schema.org\",\"@graph\":[{\"@type\":\"Article\",\"@id\":\"https:\\\/\\\/www.strassenweb.de\\\/nachrichten\\\/dieses-charmante-aldi-gitter-ist-ideal-fuer-das-klettern-von-pflanzen-in-winzigen-staedtischen-raeumen-sie-wird-staedtische-balkonen-und-innenhoefe-in-ueppige-gruene-haefen-verwandeln\\\/#article\",\"isPartOf\":{\"@id\":\"https:\\\/\\\/www.strassenweb.de\\\/nachrichten\\\/dieses-charmante-aldi-gitter-ist-ideal-fuer-das-klettern-von-pflanzen-in-winzigen-staedtischen-raeumen-sie-wird-staedtische-balkonen-und-innenhoefe-in-ueppige-gruene-haefen-verwandeln\\\/\"},\"author\":{\"name\":\"Robert Hoffmann\",\"@id\":\"https:\\\/\\\/www.strassenweb.de\\\/nachrichten\\\/#\\\/schema\\\/person\\\/87c9c9067f1211da429a744dc5a5aa41\"},\"headline\":\"Dieses charmante Aldi -Gitter ist ideal f\u00fcr das Klettern von Pflanzen in winzigen st\u00e4dtischen R\u00e4umen &#8211; sie wird st\u00e4dtische Balkonen und Innenh\u00f6fe in \u00fcppige, gr\u00fcne H\u00e4fen verwandeln\",\"datePublished\":\"2025-06-13T11:39:58+00:00\",\"dateModified\":\"2025-06-13T11:39:59+00:00\",\"mainEntityOfPage\":{\"@id\":\"https:\\\/\\\/www.strassenweb.de\\\/nachrichten\\\/dieses-charmante-aldi-gitter-ist-ideal-fuer-das-klettern-von-pflanzen-in-winzigen-staedtischen-raeumen-sie-wird-staedtische-balkonen-und-innenhoefe-in-ueppige-gruene-haefen-verwandeln\\\/\"},\"wordCount\":542,\"publisher\":{\"@id\":\"https:\\\/\\\/www.strassenweb.de\\\/nachrichten\\\/#organization\"},\"image\":{\"@id\":\"https:\\\/\\\/www.strassenweb.de\\\/nachrichten\\\/dieses-charmante-aldi-gitter-ist-ideal-fuer-das-klettern-von-pflanzen-in-winzigen-staedtischen-raeumen-sie-wird-staedtische-balkonen-und-innenhoefe-in-ueppige-gruene-haefen-verwandeln\\\/#primaryimage\"},\"thumbnailUrl\":\"https:\\\/\\\/www.strassenweb.de\\\/nachrichten\\\/wp-content\\\/uploads\\\/2025\\\/06\\\/A2Zhgg6N9f835qCe5ZSMS7.jpg\",\"keywords\":[\"Aldi\",\"Balkonen\",\"charmante\",\"das\",\"dieses\",\"f\u00fcr\",\"Gitter\",\"gr\u00fcne\",\"H\u00e4fen\",\"ideal\",\"Innenh\u00f6fe\",\"ist\",\"Klettern\",\"Pflanzen\",\"R\u00e4umen\",\"Sie\",\"St\u00e4dtische\",\"st\u00e4dtischen\",\"und\",\"\u00fcppige\",\"Verwandeln\",\"von\",\"winzigen\",\"wird\"],\"articleSection\":[\"Haus &amp; Garten\"],\"inLanguage\":\"de\"},{\"@type\":\"WebPage\",\"@id\":\"https:\\\/\\\/www.strassenweb.de\\\/nachrichten\\\/dieses-charmante-aldi-gitter-ist-ideal-fuer-das-klettern-von-pflanzen-in-winzigen-staedtischen-raeumen-sie-wird-staedtische-balkonen-und-innenhoefe-in-ueppige-gruene-haefen-verwandeln\\\/\",\"url\":\"https:\\\/\\\/www.strassenweb.de\\\/nachrichten\\\/dieses-charmante-aldi-gitter-ist-ideal-fuer-das-klettern-von-pflanzen-in-winzigen-staedtischen-raeumen-sie-wird-staedtische-balkonen-und-innenhoefe-in-ueppige-gruene-haefen-verwandeln\\\/\",\"name\":\"Dieses charmante Aldi -Gitter ist ideal f\u00fcr das Klettern von Pflanzen in winzigen st\u00e4dtischen R\u00e4umen - sie wird st\u00e4dtische Balkonen und Innenh\u00f6fe in \u00fcppige, gr\u00fcne H\u00e4fen verwandeln - Nachrichten - Stra\u00dfenweb\",\"isPartOf\":{\"@id\":\"https:\\\/\\\/www.strassenweb.de\\\/nachrichten\\\/#website\"},\"primaryImageOfPage\":{\"@id\":\"https:\\\/\\\/www.strassenweb.de\\\/nachrichten\\\/dieses-charmante-aldi-gitter-ist-ideal-fuer-das-klettern-von-pflanzen-in-winzigen-staedtischen-raeumen-sie-wird-staedtische-balkonen-und-innenhoefe-in-ueppige-gruene-haefen-verwandeln\\\/#primaryimage\"},\"image\":{\"@id\":\"https:\\\/\\\/www.strassenweb.de\\\/nachrichten\\\/dieses-charmante-aldi-gitter-ist-ideal-fuer-das-klettern-von-pflanzen-in-winzigen-staedtischen-raeumen-sie-wird-staedtische-balkonen-und-innenhoefe-in-ueppige-gruene-haefen-verwandeln\\\/#primaryimage\"},\"thumbnailUrl\":\"https:\\\/\\\/www.strassenweb.de\\\/nachrichten\\\/wp-content\\\/uploads\\\/2025\\\/06\\\/A2Zhgg6N9f835qCe5ZSMS7.jpg\",\"datePublished\":\"2025-06-13T11:39:58+00:00\",\"dateModified\":\"2025-06-13T11:39:59+00:00\",\"breadcrumb\":{\"@id\":\"https:\\\/\\\/www.strassenweb.de\\\/nachrichten\\\/dieses-charmante-aldi-gitter-ist-ideal-fuer-das-klettern-von-pflanzen-in-winzigen-staedtischen-raeumen-sie-wird-staedtische-balkonen-und-innenhoefe-in-ueppige-gruene-haefen-verwandeln\\\/#breadcrumb\"},\"inLanguage\":\"de\",\"potentialAction\":[{\"@type\":\"ReadAction\",\"target\":[\"https:\\\/\\\/www.strassenweb.de\\\/nachrichten\\\/dieses-charmante-aldi-gitter-ist-ideal-fuer-das-klettern-von-pflanzen-in-winzigen-staedtischen-raeumen-sie-wird-staedtische-balkonen-und-innenhoefe-in-ueppige-gruene-haefen-verwandeln\\\/\"]}]},{\"@type\":\"ImageObject\",\"inLanguage\":\"de\",\"@id\":\"https:\\\/\\\/www.strassenweb.de\\\/nachrichten\\\/dieses-charmante-aldi-gitter-ist-ideal-fuer-das-klettern-von-pflanzen-in-winzigen-staedtischen-raeumen-sie-wird-staedtische-balkonen-und-innenhoefe-in-ueppige-gruene-haefen-verwandeln\\\/#primaryimage\",\"url\":\"https:\\\/\\\/www.strassenweb.de\\\/nachrichten\\\/wp-content\\\/uploads\\\/2025\\\/06\\\/A2Zhgg6N9f835qCe5ZSMS7.jpg\",\"contentUrl\":\"https:\\\/\\\/www.strassenweb.de\\\/nachrichten\\\/wp-content\\\/uploads\\\/2025\\\/06\\\/A2Zhgg6N9f835qCe5ZSMS7.jpg\",\"width\":1600,\"height\":900,\"caption\":\"ALDI trellis\"},{\"@type\":\"BreadcrumbList\",\"@id\":\"https:\\\/\\\/www.strassenweb.de\\\/nachrichten\\\/dieses-charmante-aldi-gitter-ist-ideal-fuer-das-klettern-von-pflanzen-in-winzigen-staedtischen-raeumen-sie-wird-staedtische-balkonen-und-innenhoefe-in-ueppige-gruene-haefen-verwandeln\\\/#breadcrumb\",\"itemListElement\":[{\"@type\":\"ListItem\",\"position\":1,\"name\":\"Home\",\"item\":\"https:\\\/\\\/www.strassenweb.de\\\/nachrichten\\\/\"},{\"@type\":\"ListItem\",\"position\":2,\"name\":\"Dieses charmante Aldi -Gitter ist ideal f\u00fcr das Klettern von Pflanzen in winzigen st\u00e4dtischen R\u00e4umen &#8211; sie wird st\u00e4dtische Balkonen und Innenh\u00f6fe in \u00fcppige, gr\u00fcne H\u00e4fen verwandeln\"}]},{\"@type\":\"WebSite\",\"@id\":\"https:\\\/\\\/www.strassenweb.de\\\/nachrichten\\\/#website\",\"url\":\"https:\\\/\\\/www.strassenweb.de\\\/nachrichten\\\/\",\"name\":\"Stra\u00dfenweb\",\"description\":\"Stra\u00dfenverzeichnis f\u00fcr Deutschland\",\"publisher\":{\"@id\":\"https:\\\/\\\/www.strassenweb.de\\\/nachrichten\\\/#organization\"},\"potentialAction\":[{\"@type\":\"SearchAction\",\"target\":{\"@type\":\"EntryPoint\",\"urlTemplate\":\"https:\\\/\\\/www.strassenweb.de\\\/nachrichten\\\/?s={search_term_string}\"},\"query-input\":{\"@type\":\"PropertyValueSpecification\",\"valueRequired\":true,\"valueName\":\"search_term_string\"}}],\"inLanguage\":\"de\"},{\"@type\":\"Organization\",\"@id\":\"https:\\\/\\\/www.strassenweb.de\\\/nachrichten\\\/#organization\",\"name\":\"Stra\u00dfenweb\",\"url\":\"https:\\\/\\\/www.strassenweb.de\\\/nachrichten\\\/\",\"logo\":{\"@type\":\"ImageObject\",\"inLanguage\":\"de\",\"@id\":\"https:\\\/\\\/www.strassenweb.de\\\/nachrichten\\\/#\\\/schema\\\/logo\\\/image\\\/\",\"url\":\"https:\\\/\\\/www.strassenweb.de\\\/nachrichten\\\/wp-content\\\/uploads\\\/2024\\\/09\\\/cropped-favicon.png\",\"contentUrl\":\"https:\\\/\\\/www.strassenweb.de\\\/nachrichten\\\/wp-content\\\/uploads\\\/2024\\\/09\\\/cropped-favicon.png\",\"width\":512,\"height\":512,\"caption\":\"Stra\u00dfenweb\"},\"image\":{\"@id\":\"https:\\\/\\\/www.strassenweb.de\\\/nachrichten\\\/#\\\/schema\\\/logo\\\/image\\\/\"},\"sameAs\":[\"https:\\\/\\\/www.facebook.com\\\/strassenweb\\\/\"]},{\"@type\":\"Person\",\"@id\":\"https:\\\/\\\/www.strassenweb.de\\\/nachrichten\\\/#\\\/schema\\\/person\\\/87c9c9067f1211da429a744dc5a5aa41\",\"name\":\"Robert Hoffmann\",\"image\":{\"@type\":\"ImageObject\",\"inLanguage\":\"de\",\"@id\":\"https:\\\/\\\/www.strassenweb.de\\\/nachrichten\\\/wp-content\\\/uploads\\\/2024\\\/09\\\/strassenweb-150x150.jpg\",\"url\":\"https:\\\/\\\/www.strassenweb.de\\\/nachrichten\\\/wp-content\\\/uploads\\\/2024\\\/09\\\/strassenweb-150x150.jpg\",\"contentUrl\":\"https:\\\/\\\/www.strassenweb.de\\\/nachrichten\\\/wp-content\\\/uploads\\\/2024\\\/09\\\/strassenweb-150x150.jpg\",\"caption\":\"Robert Hoffmann\"},\"description\":\"Ich hei\u00dfe Robert Hoffmann und ich bin ein leidenschaftlicher Verfechter von \u00d6kologie und Biodiversit\u00e4t. Seit meiner Kindheit in den W\u00e4ldern Bayerns f\u00fchle ich mich mit der Natur verbunden und bin entschlossen, sie zu sch\u00fctzen. Heute widme ich mein Leben der Sensibilisierung anderer f\u00fcr die Bedeutung des Umweltschutzes f\u00fcr zuk\u00fcnftige Generationen.\",\"sameAs\":[\"https:\\\/\\\/www.strassenweb.de\\\/\"]}]}<\/script>\n<!-- \/ Yoast SEO plugin. -->","yoast_head_json":{"title":"Dieses charmante Aldi -Gitter ist ideal f\u00fcr das Klettern von Pflanzen in winzigen st\u00e4dtischen R\u00e4umen - sie wird st\u00e4dtische Balkonen und Innenh\u00f6fe in \u00fcppige, gr\u00fcne H\u00e4fen verwandeln - Nachrichten - Stra\u00dfenweb","robots":{"index":"index","follow":"follow","max-snippet":"max-snippet:-1","max-image-preview":"max-image-preview:large","max-video-preview":"max-video-preview:-1"},"canonical":"https:\/\/www.strassenweb.de\/nachrichten\/dieses-charmante-aldi-gitter-ist-ideal-fuer-das-klettern-von-pflanzen-in-winzigen-staedtischen-raeumen-sie-wird-staedtische-balkonen-und-innenhoefe-in-ueppige-gruene-haefen-verwandeln\/","og_locale":"de_DE","og_type":"article","og_title":"Dieses charmante Aldi -Gitter ist ideal f\u00fcr das Klettern von Pflanzen in winzigen st\u00e4dtischen R\u00e4umen - sie wird st\u00e4dtische Balkonen und Innenh\u00f6fe in \u00fcppige, gr\u00fcne H\u00e4fen verwandeln - Nachrichten - Stra\u00dfenweb","og_description":"F\u00fcr diejenigen von uns mit winzigen Fu\u00dfspuren des Au\u00dfenraums oder schmalen Stadtbalkonen ist es nicht immer einfach, viele Pflanzen zu z\u00fcchten oder dieses oft geschnittene","og_url":"https:\/\/www.strassenweb.de\/nachrichten\/dieses-charmante-aldi-gitter-ist-ideal-fuer-das-klettern-von-pflanzen-in-winzigen-staedtischen-raeumen-sie-wird-staedtische-balkonen-und-innenhoefe-in-ueppige-gruene-haefen-verwandeln\/","og_site_name":"Stra\u00dfenweb","article_publisher":"https:\/\/www.facebook.com\/strassenweb\/","article_published_time":"2025-06-13T11:39:58+00:00","article_modified_time":"2025-06-13T11:39:59+00:00","og_image":[{"width":1600,"height":900,"url":"https:\/\/www.strassenweb.de\/nachrichten\/wp-content\/uploads\/2025\/06\/A2Zhgg6N9f835qCe5ZSMS7.jpg","type":"image\/jpeg"}],"author":"Robert Hoffmann","twitter_card":"summary_large_image","twitter_misc":{"Verfasst von":"Robert Hoffmann","Gesch\u00e4tzte Lesezeit":"3\u00a0Minuten"},"schema":{"@context":"https:\/\/schema.org","@graph":[{"@type":"Article","@id":"https:\/\/www.strassenweb.de\/nachrichten\/dieses-charmante-aldi-gitter-ist-ideal-fuer-das-klettern-von-pflanzen-in-winzigen-staedtischen-raeumen-sie-wird-staedtische-balkonen-und-innenhoefe-in-ueppige-gruene-haefen-verwandeln\/#article","isPartOf":{"@id":"https:\/\/www.strassenweb.de\/nachrichten\/dieses-charmante-aldi-gitter-ist-ideal-fuer-das-klettern-von-pflanzen-in-winzigen-staedtischen-raeumen-sie-wird-staedtische-balkonen-und-innenhoefe-in-ueppige-gruene-haefen-verwandeln\/"},"author":{"name":"Robert Hoffmann","@id":"https:\/\/www.strassenweb.de\/nachrichten\/#\/schema\/person\/87c9c9067f1211da429a744dc5a5aa41"},"headline":"Dieses charmante Aldi -Gitter ist ideal f\u00fcr das Klettern von Pflanzen in winzigen st\u00e4dtischen R\u00e4umen &#8211; sie wird st\u00e4dtische Balkonen und Innenh\u00f6fe in \u00fcppige, gr\u00fcne H\u00e4fen verwandeln","datePublished":"2025-06-13T11:39:58+00:00","dateModified":"2025-06-13T11:39:59+00:00","mainEntityOfPage":{"@id":"https:\/\/www.strassenweb.de\/nachrichten\/dieses-charmante-aldi-gitter-ist-ideal-fuer-das-klettern-von-pflanzen-in-winzigen-staedtischen-raeumen-sie-wird-staedtische-balkonen-und-innenhoefe-in-ueppige-gruene-haefen-verwandeln\/"},"wordCount":542,"publisher":{"@id":"https:\/\/www.strassenweb.de\/nachrichten\/#organization"},"image":{"@id":"https:\/\/www.strassenweb.de\/nachrichten\/dieses-charmante-aldi-gitter-ist-ideal-fuer-das-klettern-von-pflanzen-in-winzigen-staedtischen-raeumen-sie-wird-staedtische-balkonen-und-innenhoefe-in-ueppige-gruene-haefen-verwandeln\/#primaryimage"},"thumbnailUrl":"https:\/\/www.strassenweb.de\/nachrichten\/wp-content\/uploads\/2025\/06\/A2Zhgg6N9f835qCe5ZSMS7.jpg","keywords":["Aldi","Balkonen","charmante","das","dieses","f\u00fcr","Gitter","gr\u00fcne","H\u00e4fen","ideal","Innenh\u00f6fe","ist","Klettern","Pflanzen","R\u00e4umen","Sie","St\u00e4dtische","st\u00e4dtischen","und","\u00fcppige","Verwandeln","von","winzigen","wird"],"articleSection":["Haus &amp; Garten"],"inLanguage":"de"},{"@type":"WebPage","@id":"https:\/\/www.strassenweb.de\/nachrichten\/dieses-charmante-aldi-gitter-ist-ideal-fuer-das-klettern-von-pflanzen-in-winzigen-staedtischen-raeumen-sie-wird-staedtische-balkonen-und-innenhoefe-in-ueppige-gruene-haefen-verwandeln\/","url":"https:\/\/www.strassenweb.de\/nachrichten\/dieses-charmante-aldi-gitter-ist-ideal-fuer-das-klettern-von-pflanzen-in-winzigen-staedtischen-raeumen-sie-wird-staedtische-balkonen-und-innenhoefe-in-ueppige-gruene-haefen-verwandeln\/","name":"Dieses charmante Aldi -Gitter ist ideal f\u00fcr das Klettern von Pflanzen in winzigen st\u00e4dtischen R\u00e4umen - sie wird st\u00e4dtische Balkonen und Innenh\u00f6fe in \u00fcppige, gr\u00fcne H\u00e4fen verwandeln - Nachrichten - Stra\u00dfenweb","isPartOf":{"@id":"https:\/\/www.strassenweb.de\/nachrichten\/#website"},"primaryImageOfPage":{"@id":"https:\/\/www.strassenweb.de\/nachrichten\/dieses-charmante-aldi-gitter-ist-ideal-fuer-das-klettern-von-pflanzen-in-winzigen-staedtischen-raeumen-sie-wird-staedtische-balkonen-und-innenhoefe-in-ueppige-gruene-haefen-verwandeln\/#primaryimage"},"image":{"@id":"https:\/\/www.strassenweb.de\/nachrichten\/dieses-charmante-aldi-gitter-ist-ideal-fuer-das-klettern-von-pflanzen-in-winzigen-staedtischen-raeumen-sie-wird-staedtische-balkonen-und-innenhoefe-in-ueppige-gruene-haefen-verwandeln\/#primaryimage"},"thumbnailUrl":"https:\/\/www.strassenweb.de\/nachrichten\/wp-content\/uploads\/2025\/06\/A2Zhgg6N9f835qCe5ZSMS7.jpg","datePublished":"2025-06-13T11:39:58+00:00","dateModified":"2025-06-13T11:39:59+00:00","breadcrumb":{"@id":"https:\/\/www.strassenweb.de\/nachrichten\/dieses-charmante-aldi-gitter-ist-ideal-fuer-das-klettern-von-pflanzen-in-winzigen-staedtischen-raeumen-sie-wird-staedtische-balkonen-und-innenhoefe-in-ueppige-gruene-haefen-verwandeln\/#breadcrumb"},"inLanguage":"de","potentialAction":[{"@type":"ReadAction","target":["https:\/\/www.strassenweb.de\/nachrichten\/dieses-charmante-aldi-gitter-ist-ideal-fuer-das-klettern-von-pflanzen-in-winzigen-staedtischen-raeumen-sie-wird-staedtische-balkonen-und-innenhoefe-in-ueppige-gruene-haefen-verwandeln\/"]}]},{"@type":"ImageObject","inLanguage":"de","@id":"https:\/\/www.strassenweb.de\/nachrichten\/dieses-charmante-aldi-gitter-ist-ideal-fuer-das-klettern-von-pflanzen-in-winzigen-staedtischen-raeumen-sie-wird-staedtische-balkonen-und-innenhoefe-in-ueppige-gruene-haefen-verwandeln\/#primaryimage","url":"https:\/\/www.strassenweb.de\/nachrichten\/wp-content\/uploads\/2025\/06\/A2Zhgg6N9f835qCe5ZSMS7.jpg","contentUrl":"https:\/\/www.strassenweb.de\/nachrichten\/wp-content\/uploads\/2025\/06\/A2Zhgg6N9f835qCe5ZSMS7.jpg","width":1600,"height":900,"caption":"ALDI trellis"},{"@type":"BreadcrumbList","@id":"https:\/\/www.strassenweb.de\/nachrichten\/dieses-charmante-aldi-gitter-ist-ideal-fuer-das-klettern-von-pflanzen-in-winzigen-staedtischen-raeumen-sie-wird-staedtische-balkonen-und-innenhoefe-in-ueppige-gruene-haefen-verwandeln\/#breadcrumb","itemListElement":[{"@type":"ListItem","position":1,"name":"Home","item":"https:\/\/www.strassenweb.de\/nachrichten\/"},{"@type":"ListItem","position":2,"name":"Dieses charmante Aldi -Gitter ist ideal f\u00fcr das Klettern von Pflanzen in winzigen st\u00e4dtischen R\u00e4umen &#8211; sie wird st\u00e4dtische Balkonen und Innenh\u00f6fe in \u00fcppige, gr\u00fcne H\u00e4fen verwandeln"}]},{"@type":"WebSite","@id":"https:\/\/www.strassenweb.de\/nachrichten\/#website","url":"https:\/\/www.strassenweb.de\/nachrichten\/","name":"Stra\u00dfenweb","description":"Stra\u00dfenverzeichnis f\u00fcr Deutschland","publisher":{"@id":"https:\/\/www.strassenweb.de\/nachrichten\/#organization"},"potentialAction":[{"@type":"SearchAction","target":{"@type":"EntryPoint","urlTemplate":"https:\/\/www.strassenweb.de\/nachrichten\/?s={search_term_string}"},"query-input":{"@type":"PropertyValueSpecification","valueRequired":true,"valueName":"search_term_string"}}],"inLanguage":"de"},{"@type":"Organization","@id":"https:\/\/www.strassenweb.de\/nachrichten\/#organization","name":"Stra\u00dfenweb","url":"https:\/\/www.strassenweb.de\/nachrichten\/","logo":{"@type":"ImageObject","inLanguage":"de","@id":"https:\/\/www.strassenweb.de\/nachrichten\/#\/schema\/logo\/image\/","url":"https:\/\/www.strassenweb.de\/nachrichten\/wp-content\/uploads\/2024\/09\/cropped-favicon.png","contentUrl":"https:\/\/www.strassenweb.de\/nachrichten\/wp-content\/uploads\/2024\/09\/cropped-favicon.png","width":512,"height":512,"caption":"Stra\u00dfenweb"},"image":{"@id":"https:\/\/www.strassenweb.de\/nachrichten\/#\/schema\/logo\/image\/"},"sameAs":["https:\/\/www.facebook.com\/strassenweb\/"]},{"@type":"Person","@id":"https:\/\/www.strassenweb.de\/nachrichten\/#\/schema\/person\/87c9c9067f1211da429a744dc5a5aa41","name":"Robert Hoffmann","image":{"@type":"ImageObject","inLanguage":"de","@id":"https:\/\/www.strassenweb.de\/nachrichten\/wp-content\/uploads\/2024\/09\/strassenweb-150x150.jpg","url":"https:\/\/www.strassenweb.de\/nachrichten\/wp-content\/uploads\/2024\/09\/strassenweb-150x150.jpg","contentUrl":"https:\/\/www.strassenweb.de\/nachrichten\/wp-content\/uploads\/2024\/09\/strassenweb-150x150.jpg","caption":"Robert Hoffmann"},"description":"Ich hei\u00dfe Robert Hoffmann und ich bin ein leidenschaftlicher Verfechter von \u00d6kologie und Biodiversit\u00e4t. Seit meiner Kindheit in den W\u00e4ldern Bayerns f\u00fchle ich mich mit der Natur verbunden und bin entschlossen, sie zu sch\u00fctzen. Heute widme ich mein Leben der Sensibilisierung anderer f\u00fcr die Bedeutung des Umweltschutzes f\u00fcr zuk\u00fcnftige Generationen.","sameAs":["https:\/\/www.strassenweb.de\/"]}]}},"_links":{"self":[{"href":"https:\/\/www.strassenweb.de\/nachrichten\/wp-json\/wp\/v2\/posts\/5641","targetHints":{"allow":["GET"]}}],"collection":[{"href":"https:\/\/www.strassenweb.de\/nachrichten\/wp-json\/wp\/v2\/posts"}],"about":[{"href":"https:\/\/www.strassenweb.de\/nachrichten\/wp-json\/wp\/v2\/types\/post"}],"author":[{"embeddable":true,"href":"https:\/\/www.strassenweb.de\/nachrichten\/wp-json\/wp\/v2\/users\/1"}],"replies":[{"embeddable":true,"href":"https:\/\/www.strassenweb.de\/nachrichten\/wp-json\/wp\/v2\/comments?post=5641"}],"version-history":[{"count":0,"href":"https:\/\/www.strassenweb.de\/nachrichten\/wp-json\/wp\/v2\/posts\/5641\/revisions"}],"wp:featuredmedia":[{"embeddable":true,"href":"https:\/\/www.strassenweb.de\/nachrichten\/wp-json\/wp\/v2\/media\/5642"}],"wp:attachment":[{"href":"https:\/\/www.strassenweb.de\/nachrichten\/wp-json\/wp\/v2\/media?parent=5641"}],"wp:term":[{"taxonomy":"category","embeddable":true,"href":"https:\/\/www.strassenweb.de\/nachrichten\/wp-json\/wp\/v2\/categories?post=5641"},{"taxonomy":"post_tag","embeddable":true,"href":"https:\/\/www.strassenweb.de\/nachrichten\/wp-json\/wp\/v2\/tags?post=5641"}],"curies":[{"name":"wp","href":"https:\/\/api.w.org\/{rel}","templated":true}]}}