{"id":5617,"date":"2025-06-12T13:41:19","date_gmt":"2025-06-12T11:41:19","guid":{"rendered":"https:\/\/www.strassenweb.de\/nachrichten\/vor-und-danach-wie-designer-ein-verkehrtes-eigentum-im-tudor-stil-genommen-haben-und-es-in-ein-charakteristisches-zuhause-verwandelten\/"},"modified":"2025-06-12T13:41:20","modified_gmt":"2025-06-12T11:41:20","slug":"vor-und-danach-wie-designer-ein-verkehrtes-eigentum-im-tudor-stil-genommen-haben-und-es-in-ein-charakteristisches-zuhause-verwandelten","status":"publish","type":"post","link":"https:\/\/www.strassenweb.de\/nachrichten\/vor-und-danach-wie-designer-ein-verkehrtes-eigentum-im-tudor-stil-genommen-haben-und-es-in-ein-charakteristisches-zuhause-verwandelten\/","title":{"rendered":"Vor und danach: Wie Designer ein verkehrtes Eigentum im Tudor-Stil genommen haben und es in ein charakteristisches Zuhause verwandelten"},"content":{"rendered":"<div id=\"article-body\" class=\"article__body \">\n<p>Umbau historischer H\u00e4user <em>geschmackvoll<\/em> und sympathisch ist eine F\u00e4higkeit. So oft hatten diese alten Immobilien viele Leben und haben viele weniger geschmackvolle \u00dcberholungen unterzogen, die das Abziehen erfordern, um die urspr\u00fcngliche Sch\u00f6nheit des Geb\u00e4udes zu enth\u00fcllen. Es ist eine Herausforderung, die das Team bei Kaminski + Pew gegen\u00fcbersteht, als sie sich mit diesem Heimathaus im Tudor-Umweltvertretert ansahen, aber eine, die sie mehr als ausger\u00fcstet waren, um sie anzugehen.<\/p>\n<div id=\"ad-unit-1\" class=\"ad-unit\"><\/div>\n<p>Das Team ist auf diese Art von Hausdesign spezialisiert, erweckt historische H\u00e4user wieder zum Leben und renoviert die urspr\u00fcnglichen Merkmale zu ihrem fr\u00fcheren Ruhm. Daher war das Traumprojekt, dieses auf dem Kopf stehende Haus in ein Haus zu verwandeln, das f\u00fcr ein \u00e4lteres Ehepaar geeignet ist, das im Alter von Zeitalter arbeiten wollte.<\/p>\n<aside data-block-type=\"embed\" data-render-type=\"fte\" data-skip=\"dealsy\" data-widget-type=\"seasonal\" class=\"hawk-base\"><\/aside>\n<p>Hier sprechen die Gr\u00fcnder der Firma, Kevin Kaminski und Alexis Pew, uns, wie sie das Haus neu interpretierten.<\/p>\n<div id=\"desktop-in-article\" class=\"in-article ad-unit\">\n<div id=\"desktop-taboola-mid-article\"><\/div>\n<\/div>\n<div id=\"mobile-in-article\" class=\"in-article ad-unit\">\n<div id=\"mobile-taboola-mid-article\"><\/div>\n<\/div>\n<div class=\"van_vid_carousel\">\n<div class=\"van_vid_carousel__padding\">\n<div class=\"van_vid_carousel__container\"><\/div>\n<\/div>\n<\/div>\n<aside data-component-name=\"Recirculation:ArticleRiver\" format=\"inline\" data-nosnippet>\n<span class=\"bg-secondary-500 text-white text-lg font-bold uppercase py-1 px-2 leading-(1.625rem) sm:leading-(6px) sm:text-sm\"><\/p>\n<p>Sie m\u00f6gen m\u00f6gen<br \/>\n<\/span><\/p>\n<ul class=\"flex flex-col my-2 list-outside ms-5 bg-none\">\n<li class=\"m-0 mb-2\" name=\"recirculation-inline\" data-analytics-id=\"recirculation-inline-1\" analytics-label=\"adviser:related\">\n<p>Dieses 100-j\u00e4hrige Haus im Tudor-\u00dcberarbeitungsstil in Minneapolis wurde nachdenklich, um sowohl seine Geschichte als auch die Forderungen des modernen Familienlebens nachdenklich zu ehren<\/p>\n<\/li>\n<li class=\"m-0 mb-2\" name=\"recirculation-inline\" data-analytics-id=\"recirculation-inline-2\" analytics-label=\"adviser:related\">\n<p>Dieser Designer verwandelte ein historisches Eigentum im Tudor-Stil mit dramatischen gotischen Details in ein ruhig luxuri\u00f6ses Familienhaus, das seine Vergangenheit immer noch ehrt<\/p>\n<\/li>\n<li class=\"m-0 mb-2\" name=\"recirculation-inline\" data-analytics-id=\"recirculation-inline-3\" analytics-label=\"adviser:related\">\n<p>Das \u00c4u\u00dfere gibt Uber Modern, aber in den Innenr\u00e4umen dreht sich alles um den Charme von Land<\/p>\n<\/li>\n<\/ul>\n<\/aside>\n<h2 id=\"before-3\">Vor<\/h2>\n<div id=\"slice-container-imageGallery-Wka87sffAvJVdJUJ6vdmpL-g6gTkuNEkpIcXgYOTxThjqeWrHyrO8tl\" class=\"slice-container imageGallery-wrapper imageGallery-Wka87sffAvJVdJUJ6vdmpL-g6gTkuNEkpIcXgYOTxThjqeWrHyrO8tl slice-container-imageGallery\">\n<div data-hydrate=\"true\" class=\"inline-gallery first-slide-only\">\n<div class=\"inline-gallery__count\">Bild <!-- -->1<!-- --> von <!-- -->2<\/div>\n<div class=\"inline-gallery__arrows show\">\n<div class=\"arrows__arrows-inner\">\n<div data-testid=\"arrow-click-left\" class=\"arrows__left disable\" data-analytics-id=\"gallery-see-more\"><svg xmlns=\"http:\/\/www.w3.org\/2000\/svg\" viewbox=\"0 0 32 32\" width=\"32\" height=\"32\"><path d=\"M4.2 0l25.6 16.011L4.2 32V0z\"><\/path><\/svg><\/div>\n<div data-testid=\"arrow-click-right\" class=\"arrows__right \" data-analytics-id=\"gallery-see-more\"><svg xmlns=\"http:\/\/www.w3.org\/2000\/svg\" viewbox=\"0 0 32 32\" width=\"32\" height=\"32\"><path d=\"M4.2 0l25.6 16.011L4.2 32V0z\"><\/path><\/svg><\/div>\n<\/div>\n<\/div>\n<div style=\"overflow-x:hidden\" class=\"inline-gallery__items\">\n<div style=\"-webkit-flex-direction:row;flex-direction:row;-webkit-transition:all 0s ease 0s;transition:all 0s ease 0s;-webkit-transform:translate(0%, 0);transform:translate(0%, 0);direction:ltr;display:flex;will-change:transform\" class=\"react-swipeable-view-container\">\n<div style=\"width:100%;-webkit-flex-shrink:0;flex-shrink:0;overflow:auto\" aria-hidden=\"false\" data-swipeable=\"true\">\n<div class=\"items__item\">\n<div class=\"item__image-cont\">\n<div class=\"image-cont__image\">\n<figure class=\"image-wrapped__wrapper\" data-bordeaux-image-check=\"false\">\n<div class=\"image-wrapped__widthsetter\" style=\"max-width:2400px\">\n<div class=\"image-wrapped__aspect-padding\" style=\"padding-bottom:83.33333333333334%\">\n<div style=\"display:contents\"><picture data-hydrate=\"true\"><source class=\"image-wrapped__image image__image\" type=\"image\/webp\"   data-normal=\"https:\/\/www.strassenweb.de\/nachrichten\/wp-content\/uploads\/2025\/06\/A7ohQbEnhWprXAB5fnAHAe.jpg\" data-original-mos=\"https:\/\/www.strassenweb.de\/nachrichten\/wp-content\/uploads\/2025\/06\/A7ohQbEnhWprXAB5fnAHAe.jpg\" data-pin-media=\"https:\/\/www.strassenweb.de\/nachrichten\/wp-content\/uploads\/2025\/06\/A7ohQbEnhWprXAB5fnAHAe.jpg\" data-pin-nopin=\"true\" data-slice-image=\"true\"><\/source><source class=\"image-wrapped__image image__image\" type=\"image\/jpeg\"   data-normal=\"https:\/\/www.strassenweb.de\/nachrichten\/wp-content\/uploads\/2025\/06\/A7ohQbEnhWprXAB5fnAHAe.jpg\" data-original-mos=\"https:\/\/www.strassenweb.de\/nachrichten\/wp-content\/uploads\/2025\/06\/A7ohQbEnhWprXAB5fnAHAe.jpg\" data-pin-media=\"https:\/\/www.strassenweb.de\/nachrichten\/wp-content\/uploads\/2025\/06\/A7ohQbEnhWprXAB5fnAHAe.jpg\" data-pin-nopin=\"true\" data-slice-image=\"true\"><\/source><\/picture><\/div>\n<\/div>\n<\/div>\n<\/figure>\n<\/div>\n<p><button class=\"image-cont__expand\" data-testid=\"expandButton\" data-analytics-id=\"gallery-expand-image\"><svg xmlns=\"http:\/\/www.w3.org\/2000\/svg\" width=\"32\" height=\"32\" viewbox=\"0 0 32 32\"><path d=\"M31.557 12.067L31.773 0 19.791.213l.05 3.216 6.225-.115-7.347 7.39 2.422 2.434 7.34-7.382-.108 6.213 3.184.098zM.215 19.903L0 31.97l11.984-.213-.05-3.217-6.225.113 7.348-7.388-2.42-2.436-7.34 7.383L3.402 20l-3.187-.098zM20.004 31.704L32 32.001l-.293-12.059-3.195.03.154 6.263-7.396-7.44-2.407 2.42 7.389 7.43-6.174-.148-.074 3.207zM12.213.33L.22.034l.293 12.059 3.195-.032-.152-6.26 7.394 7.438 2.404-2.418L5.967 3.39l6.174.15.072-3.209z\"><\/path><\/svg><\/button><\/div>\n<div class=\"item__description\"><\/div>\n<\/div>\n<\/div>\n<div style=\"width:100%;-webkit-flex-shrink:0;flex-shrink:0;overflow:auto\" aria-hidden=\"true\" data-swipeable=\"true\">\n<div class=\"items__item\">\n<div class=\"item__image-cont\">\n<div class=\"image-cont__image\">\n<figure class=\"image-wrapped__wrapper\" data-bordeaux-image-check=\"false\">\n<div class=\"image-wrapped__widthsetter\" style=\"max-width:2000px\">\n<div class=\"image-wrapped__aspect-padding\" style=\"padding-bottom:120%\">\n<div style=\"display:contents\"><picture data-hydrate=\"true\"><source class=\"image-wrapped__image image__image\" type=\"image\/webp\"   data-normal=\"https:\/\/www.strassenweb.de\/nachrichten\/wp-content\/uploads\/2025\/06\/S2qECBooKzHUMHEmakfRzd.jpg\" data-original-mos=\"https:\/\/www.strassenweb.de\/nachrichten\/wp-content\/uploads\/2025\/06\/S2qECBooKzHUMHEmakfRzd.jpg\" data-pin-media=\"https:\/\/www.strassenweb.de\/nachrichten\/wp-content\/uploads\/2025\/06\/S2qECBooKzHUMHEmakfRzd.jpg\" data-pin-nopin=\"true\" data-slice-image=\"true\"><\/source><source class=\"image-wrapped__image image__image\" type=\"image\/jpeg\"   data-normal=\"https:\/\/www.strassenweb.de\/nachrichten\/wp-content\/uploads\/2025\/06\/S2qECBooKzHUMHEmakfRzd.jpg\" data-original-mos=\"https:\/\/www.strassenweb.de\/nachrichten\/wp-content\/uploads\/2025\/06\/S2qECBooKzHUMHEmakfRzd.jpg\" data-pin-media=\"https:\/\/www.strassenweb.de\/nachrichten\/wp-content\/uploads\/2025\/06\/S2qECBooKzHUMHEmakfRzd.jpg\" data-pin-nopin=\"true\" data-slice-image=\"true\"><\/source><img decoding=\"async\" alt=\"Vor dem Bild eines Eingangs mit einer Wendeltreppe\"   class=\"image-wrapped__image image__image\" loading=\"lazy\" data-normal=\"https:\/\/www.strassenweb.de\/nachrichten\/wp-content\/uploads\/2025\/06\/S2qECBooKzHUMHEmakfRzd.jpg\" src=\"https:\/\/www.strassenweb.de\/nachrichten\/wp-content\/uploads\/2025\/06\/S2qECBooKzHUMHEmakfRzd.jpg\" data-pin-media=\"https:\/\/www.strassenweb.de\/nachrichten\/wp-content\/uploads\/2025\/06\/S2qECBooKzHUMHEmakfRzd.jpg\" data-pin-nopin=\"true\" data-slice-image=\"true\"><\/picture><\/div>\n<\/div>\n<\/div>\n<\/figure>\n<\/div>\n<p><button class=\"image-cont__expand\" data-testid=\"expandButton\" data-analytics-id=\"gallery-expand-image\"><svg xmlns=\"http:\/\/www.w3.org\/2000\/svg\" width=\"32\" height=\"32\" viewbox=\"0 0 32 32\"><path d=\"M31.557 12.067L31.773 0 19.791.213l.05 3.216 6.225-.115-7.347 7.39 2.422 2.434 7.34-7.382-.108 6.213 3.184.098zM.215 19.903L0 31.97l11.984-.213-.05-3.217-6.225.113 7.348-7.388-2.42-2.436-7.34 7.383L3.402 20l-3.187-.098zM20.004 31.704L32 32.001l-.293-12.059-3.195.03.154 6.263-7.396-7.44-2.407 2.42 7.389 7.43-6.174-.148-.074 3.207zM12.213.33L.22.034l.293 12.059 3.195-.032-.152-6.26 7.394 7.438 2.404-2.418L5.967 3.39l6.174.15.072-3.209z\"><\/path><\/svg><\/button><\/div>\n<div class=\"item__description\"><\/div>\n<\/div>\n<\/div>\n<\/div>\n<\/div>\n<\/div>\n<\/div>\n<p>&#8222;Das Haus war urspr\u00fcnglich das Kutschenhaus f\u00fcr ein viel gr\u00f6\u00dferes Anwesen&#8220;, erkl\u00e4rt Kevin. Im Laufe der Jahre wurde das Nachlass abgelehnt und das Kutschenhaus zu einem eigenen Eigentum. Das Haus wurde im Tudor -Revival -Stil von GW und WD Hewitt entworfen und 1902 gebaut. Das Haus hat im Laufe der Jahre viele Leben gehabt, und als die derzeitigen Eigent\u00fcmer die Immobilie kauften, war es etwas abgenutzt, aber viele der urspr\u00fcnglichen Details blieben vorhanden. &#8218;<\/p>\n<div id=\"ad-unit-2\" class=\"ad-unit\"><\/div>\n<h2 id=\"after-3\">Nach<\/h2>\n<figure class=\"van-image-figure inline-layout \" data-bordeaux-image-check>\n<div class=\"image-full-width-wrapper\">\n<div class=\"image-widthsetter\" style=\"max-width:2000px;\"><\/div>\n<\/div>\n<\/figure>\n<p>&#8218;Unsere Kunden sind k\u00fcrzlich von Iowa nach Philadelphia gezogen, um ihren erwachsenen Kindern (und jetzt Enkelkinder!) N\u00e4hlich zu sein. Sie wollten die Geschichte und Details der Struktur respektieren und gleichzeitig ein einladendes Zuhause f\u00fcr Familie und Freunde schaffen. &#8218;<\/p>\n<p>Als das Team das Projekt \u00fcbernahm, war es ein auf dem Kopf stehender Haus mit einem Studio im ersten Stock und allen Wohnr\u00e4umen im Obergeschoss. &#8222;Wir wurden gebracht, um das gesamte Erdgeschoss des Hauses zu renovieren&#8220;, sagt Alexis.<\/p>\n<p>&#8218;Der Raum wurde zuletzt als Tanzstudio genutzt, und der Besitzer lebte nur im zweiten Stock. Die Kunden wollten die K\u00fcche in das Erdgeschoss bringen, eine schlecht platzierte Wendeltreppe zugunsten einer sichereren Option entfernen und ein Schlafzimmer und ein Badezimmer in das Erdgeschoss hinzuf\u00fcgen, damit das Altern an Ort und Stelle ist. &#8218;<\/p>\n<figure class=\"van-image-figure inline-layout \" data-bordeaux-image-check>\n<div class=\"image-full-width-wrapper\">\n<div class=\"image-widthsetter\" style=\"max-width:2000px;\"><\/div>\n<\/div>\n<\/figure>\n<p>&#8218;Wir waren wegen des charmanten Charakters des Hauses in das Projekt angezogen, gepaart mit einem ebenso charmanten Kunden, der sich am Designprozess sehr erfreut. Von Anfang an wurden unsere Ziele ausgerichtet, was f\u00fcr ein erfolgreiches Projekt von entscheidender Bedeutung ist. &#8218;<\/p>\n<p>\u201eWir haben dieses Projekt gestartet, als wir jedes Projekt beginnen &#8211; indem wir die vorhandenen Details katalogisieren. Gl\u00fccklicherweise hatte dieses Haus viele sch\u00f6ne Originaldetails: Diamantgitterfenster, schwere Mauerwerk, Blechdeckel, sanft abgerundete Gipsw\u00e4nde und ein erheblicher Holzverzinsung. Wir haben diese Details als Ausgangspunkt verwendet, um unsere Entwurfsentscheidungen zu informieren. Die meisten Details waren in gutem Zustand, so dass dieses Projekt haupts\u00e4chlich mit fr\u00fcheren unempfindlichen Renovierungsarbeiten r\u00fcckg\u00e4ngig gemacht wurde. &#8218;<\/p>\n<p>\u201eObwohl wir nicht original original sind, haben wir auch den vorhandenen Holzboden eine satte Kastanienfarbe geschliffen und gef\u00e4rbt, um dem Raum ein wenig Raffinesse zu verleihen. Wir haben Trimmprofile \u00fcbereinstimmend und in besch\u00e4digten oder fehlenden Abschnitten gepatcht. Wir haben die Wainscotten umgebaut und die Zinndecke nach Bedarf abgestimmt. Das Ziel war es, die neue Arbeit nicht von den Bestehenden zu unterscheiden. &#8218;<\/p>\n<figure class=\"van-image-figure inline-layout \" data-bordeaux-image-check>\n<div class=\"image-full-width-wrapper\">\n<div class=\"image-widthsetter\" style=\"max-width:2400px;\"><\/div>\n<\/div>\n<\/figure>\n<p>Das Hauptziel des Projekts war es, den Wohnraum wieder nach unten zu bringen. Im Erdgeschoss des Hauses gab es nicht wirklich viel, sodass das Team herausfinden musste, wie man in eine K\u00fcche, einen Wohnraum, ein Esszimmer und ein Badezimmer in den gro\u00dfen offenen Raum passte.<\/p>\n<p>&#8222;Der Raum war v\u00f6llig offen&#8220;, sagt Kevin. &#8218;Der urspr\u00fcngliche Bau des Kutschenhauss verwendete Stahl, um gro\u00dfe offene Spannweiten zu erzielen. Dies passte zum j\u00fcngsten Gebrauch des Geb\u00e4udes, ein Tanzstudio, f\u00fchlte sich aber ein bisschen \u00fcbergro\u00df f\u00fcr ein Paar an. &#8218;<\/p>\n<p>&#8218;Das Hinzuf\u00fcgen einer K\u00fcche im Erdgeschoss war entscheidend f\u00fcr das Ziel des Kunden, einst\u00f6ckiges Leben zu erhalten, und trug dazu bei, dass der Raum intimer war. Wir f\u00fcgten zwei bescheidene Fl\u00fcgelw\u00e4nde und eine sanfte gew\u00f6lbte \u00d6ffnung hinzu, um eine Schwelle zwischen der richtigen K\u00fcche und dem Wohn-\/ Esszimmer zu schaffen. Wir modifizierten die Zinndecke und die Wainscotting, damit sich der \u00dcbergang so anf\u00fchlt, als w\u00e4re er immer da. &#8218;<\/p>\n<figure class=\"van-image-figure inline-layout \" data-bordeaux-image-check>\n<div class=\"image-full-width-wrapper\">\n<div class=\"image-widthsetter\" style=\"max-width:2400px;\"><\/div>\n<\/div>\n<\/figure>\n<p>&#8218;Die K\u00fcchenschr\u00e4nke sind Rookwood rot von Sherwin-Williams. Als wir urspr\u00fcnglich eine rote K\u00fcche vorgeschlagen hatten, war der Kunde verst\u00e4ndlicherweise z\u00f6gernd. Sie stellten sich etwas neutraleres vor. Das Dach des Hauses ist in einem roten Schindel gekleidet, und die Haust\u00fcr wurde ebenfalls tiefrot gestrichen. Nachdem wir die Entwurfslogik beschrieben hatten, etwas Rot ins Haus zu bringen, stimmten sie schnell zu. &#8218;<\/p>\n<p>&#8218;Die K\u00fcchenarbeitsplatte hat das Aussehen von Speisestein, aber es ist ein Ledergranit. Wir begannen mit Soapstone, drehten sich aber auf ein Granitmaterial, da es vergleichsweise nur wenig bis gar keine Wartung erfordert und zu einem besseren Preis kommt. &#8218;<\/p>\n<figure class=\"van-image-figure inline-layout \" data-bordeaux-image-check>\n<div class=\"image-full-width-wrapper\">\n<div class=\"image-widthsetter\" style=\"max-width:2000px;\"><\/div>\n<\/div>\n<\/figure>\n<p>&#8218;Der K\u00fcchentisch wurde bei einer \u00f6rtlichen Auktion gekauft. Die St\u00fchle stammen aus Fourhands. Der Anh\u00e4nger stammt aus visuellem Komfort und die Wandlinge stammen von Hudson Valley Lighting. Die K\u00fcche war individuell ausgestattet. Der Wasserhahn stammt aus Rohl, die Sp\u00fcle stammt aus Kohler und die Ger\u00e4te sind Bosch neben dem Wolf -Induktionskochfeld. &#8218;<\/p>\n<figure class=\"van-image-figure inline-layout \" data-bordeaux-image-check>\n<div class=\"image-full-width-wrapper\">\n<div class=\"image-widthsetter\" style=\"max-width:2000px;\"><\/div>\n<\/div>\n<\/figure>\n<p>Nat\u00fcrlich sind alte H\u00e4user mit Herausforderungen verbunden. Tats\u00e4chlich sind es oft die besten Dinge in alten H\u00e4usern, die <em>Sind<\/em> die Herausforderungen.<\/p>\n<p>Wie Alexis erkl\u00e4rt: \u201eDie urspr\u00fcngliche Zinndecke war ein gro\u00dfes, und das vorhandene urspr\u00fcngliche Feature war ein Luxus. Wir lieben die Textur und skalieren sie dem Raum, aber Zinndecken sind furchtbar unvers\u00f6hnlich. &#8218;<\/p>\n<p>\u201eAls wir das Projekt starteten, betrafen zwei Deckenanh\u00e4nger den Hauptwohnbereich. Wir haben diskret mehrere neue Oberfl\u00e4chenbeleuchtung hinzugef\u00fcgt, indem wir neue Draht zwischen den Deckenbalken \u00fcber der Dose fischten. Gl\u00fccklicherweise konnten wir einen Hersteller finden, der immer noch \u00e4hnliche Profile und einen Installateur erzeugt, um die neue Arbeit nahtlos mit dem Bestehenden zu machen. Der Auftragnehmer hat hervorragende Arbeit geleistet und es ist schwer zu sagen, was neu ist und was Original ist. Zum Beispiel sind die Fl\u00fcgelw\u00e4nde die K\u00fcche und die Kapuze neu. &#8218;<\/p>\n<figure class=\"van-image-figure inline-layout \" data-bordeaux-image-check>\n<div class=\"image-full-width-wrapper\">\n<div class=\"image-widthsetter\" style=\"max-width:2000px;\"><\/div>\n<\/div>\n<\/figure>\n<p>&#8222;Wir mussten auch eine schlecht gelegene Wendeltreppe entfernen und einen neuen Zirkulationspfad zum zweiten Stock schaffen&#8220;, f\u00fcgt Alexis hinzu. &#8218;Der Vorbesitzer f\u00fcgte eine schmale kreisf\u00f6rmige Treppe in der Mitte des Eingangsvorraums hinzu. Es war die einzige M\u00f6glichkeit, auf den zweiten Stock zuzugreifen, und der Kunde musste sich ducken, um beim Betreten des Hauses daran vorbeizugehen. Wir entfernten die Wendeltreppe, steckten die Zinndecke und bauten eine gn\u00e4digere Treppe vom Eingang. &#8218;<\/p>\n<figure class=\"van-image-figure inline-layout \" data-bordeaux-image-check>\n<div class=\"image-full-width-wrapper\">\n<div class=\"image-widthsetter\" style=\"max-width:2000px;\"><\/div>\n<\/div>\n<\/figure>\n<h2 id=\"shop-the-look-3\">Kaufen Sie den Look ein<\/h2>\n<div class=\"product-container hero-product-container product-block-no-wrap\">\n<div class=\"product-block-row\"><\/div>\n<div class=\"product-block-row\"><\/div>\n<div class=\"product-block-row\"><\/div>\n<\/div>\n<hr>\n<p>&#8222;Warm und einladend&#8220; beschreibt das Team das fertige Projekt. &#8222;Wir wollten einen Raum entwerfen, der die Vergangenheit anerkennt, w\u00e4hrend wir uns gleicherma\u00dfen frisch und zeitgem\u00e4\u00df f\u00fchlen.&#8220;<\/p>\n<\/div>\n","protected":false},"excerpt":{"rendered":"<p>Umbau historischer H\u00e4user geschmackvoll und sympathisch ist eine F\u00e4higkeit. So oft hatten diese alten Immobilien viele Leben und haben viele weniger geschmackvolle \u00dcberholungen unterzogen, die<\/p>\n","protected":false},"author":1,"featured_media":5618,"comment_status":"closed","ping_status":"","sticky":false,"template":"","format":"standard","meta":{"footnotes":""},"categories":[118],"tags":[7967,7963,216,5355,43,7966,469,7965,37,7964,4373,524,26,171],"class_list":["post-5617","post","type-post","status-publish","format-standard","has-post-thumbnail","hentry","category-haus-garten","tag-charakteristisches","tag-danach","tag-designer","tag-eigentum","tag-ein","tag-genommen","tag-haben","tag-tudorstil","tag-und","tag-verkehrtes","tag-verwandelten","tag-vor","tag-wie","tag-zuhause","generate-columns","tablet-grid-50","mobile-grid-100","grid-parent","grid-50"],"yoast_head":"<!-- This site is optimized with the Yoast SEO plugin v27.3 - https:\/\/yoast.com\/product\/yoast-seo-wordpress\/ -->\n<title>Vor und danach: Wie Designer ein verkehrtes Eigentum im Tudor-Stil genommen haben und es in ein charakteristisches Zuhause verwandelten - Nachrichten - Stra\u00dfenweb<\/title>\n<meta name=\"robots\" content=\"index, follow, max-snippet:-1, max-image-preview:large, max-video-preview:-1\" \/>\n<link rel=\"canonical\" href=\"https:\/\/www.strassenweb.de\/nachrichten\/vor-und-danach-wie-designer-ein-verkehrtes-eigentum-im-tudor-stil-genommen-haben-und-es-in-ein-charakteristisches-zuhause-verwandelten\/\" \/>\n<meta property=\"og:locale\" content=\"de_DE\" \/>\n<meta property=\"og:type\" content=\"article\" \/>\n<meta property=\"og:title\" content=\"Vor und danach: Wie Designer ein verkehrtes Eigentum im Tudor-Stil genommen haben und es in ein charakteristisches Zuhause verwandelten - Nachrichten - Stra\u00dfenweb\" \/>\n<meta property=\"og:description\" content=\"Umbau historischer H\u00e4user geschmackvoll und sympathisch ist eine F\u00e4higkeit. So oft hatten diese alten Immobilien viele Leben und haben viele weniger geschmackvolle \u00dcberholungen unterzogen, die\" \/>\n<meta property=\"og:url\" content=\"https:\/\/www.strassenweb.de\/nachrichten\/vor-und-danach-wie-designer-ein-verkehrtes-eigentum-im-tudor-stil-genommen-haben-und-es-in-ein-charakteristisches-zuhause-verwandelten\/\" \/>\n<meta property=\"og:site_name\" content=\"Stra\u00dfenweb\" \/>\n<meta property=\"article:publisher\" content=\"https:\/\/www.facebook.com\/strassenweb\/\" \/>\n<meta property=\"article:published_time\" content=\"2025-06-12T11:41:19+00:00\" \/>\n<meta property=\"article:modified_time\" content=\"2025-06-12T11:41:20+00:00\" \/>\n<meta property=\"og:image\" content=\"https:\/\/www.strassenweb.de\/nachrichten\/wp-content\/uploads\/2025\/06\/Vor-und-danach-Wie-Designer-ein-verkehrtes-Eigentum-im-Tudor-Stil.jpg\" \/>\n\t<meta property=\"og:image:width\" content=\"1600\" \/>\n\t<meta property=\"og:image:height\" content=\"900\" \/>\n\t<meta property=\"og:image:type\" content=\"image\/jpeg\" \/>\n<meta name=\"author\" content=\"Robert Hoffmann\" \/>\n<meta name=\"twitter:card\" content=\"summary_large_image\" \/>\n<meta name=\"twitter:label1\" content=\"Verfasst von\" \/>\n\t<meta name=\"twitter:data1\" content=\"Robert Hoffmann\" \/>\n\t<meta name=\"twitter:label2\" content=\"Gesch\u00e4tzte Lesezeit\" \/>\n\t<meta name=\"twitter:data2\" content=\"6\u00a0Minuten\" \/>\n<script type=\"application\/ld+json\" class=\"yoast-schema-graph\">{\"@context\":\"https:\\\/\\\/schema.org\",\"@graph\":[{\"@type\":\"Article\",\"@id\":\"https:\\\/\\\/www.strassenweb.de\\\/nachrichten\\\/vor-und-danach-wie-designer-ein-verkehrtes-eigentum-im-tudor-stil-genommen-haben-und-es-in-ein-charakteristisches-zuhause-verwandelten\\\/#article\",\"isPartOf\":{\"@id\":\"https:\\\/\\\/www.strassenweb.de\\\/nachrichten\\\/vor-und-danach-wie-designer-ein-verkehrtes-eigentum-im-tudor-stil-genommen-haben-und-es-in-ein-charakteristisches-zuhause-verwandelten\\\/\"},\"author\":{\"name\":\"Robert Hoffmann\",\"@id\":\"https:\\\/\\\/www.strassenweb.de\\\/nachrichten\\\/#\\\/schema\\\/person\\\/87c9c9067f1211da429a744dc5a5aa41\"},\"headline\":\"Vor und danach: Wie Designer ein verkehrtes Eigentum im Tudor-Stil genommen haben und es in ein charakteristisches Zuhause verwandelten\",\"datePublished\":\"2025-06-12T11:41:19+00:00\",\"dateModified\":\"2025-06-12T11:41:20+00:00\",\"mainEntityOfPage\":{\"@id\":\"https:\\\/\\\/www.strassenweb.de\\\/nachrichten\\\/vor-und-danach-wie-designer-ein-verkehrtes-eigentum-im-tudor-stil-genommen-haben-und-es-in-ein-charakteristisches-zuhause-verwandelten\\\/\"},\"wordCount\":1228,\"publisher\":{\"@id\":\"https:\\\/\\\/www.strassenweb.de\\\/nachrichten\\\/#organization\"},\"image\":{\"@id\":\"https:\\\/\\\/www.strassenweb.de\\\/nachrichten\\\/vor-und-danach-wie-designer-ein-verkehrtes-eigentum-im-tudor-stil-genommen-haben-und-es-in-ein-charakteristisches-zuhause-verwandelten\\\/#primaryimage\"},\"thumbnailUrl\":\"https:\\\/\\\/www.strassenweb.de\\\/nachrichten\\\/wp-content\\\/uploads\\\/2025\\\/06\\\/Vor-und-danach-Wie-Designer-ein-verkehrtes-Eigentum-im-Tudor-Stil.jpg\",\"keywords\":[\"charakteristisches\",\"danach\",\"Designer\",\"Eigentum\",\"ein\",\"genommen\",\"haben\",\"TudorStil\",\"und\",\"verkehrtes\",\"verwandelten\",\"vor\",\"Wie\",\"Zuhause\"],\"articleSection\":[\"Haus &amp; Garten\"],\"inLanguage\":\"de\"},{\"@type\":\"WebPage\",\"@id\":\"https:\\\/\\\/www.strassenweb.de\\\/nachrichten\\\/vor-und-danach-wie-designer-ein-verkehrtes-eigentum-im-tudor-stil-genommen-haben-und-es-in-ein-charakteristisches-zuhause-verwandelten\\\/\",\"url\":\"https:\\\/\\\/www.strassenweb.de\\\/nachrichten\\\/vor-und-danach-wie-designer-ein-verkehrtes-eigentum-im-tudor-stil-genommen-haben-und-es-in-ein-charakteristisches-zuhause-verwandelten\\\/\",\"name\":\"Vor und danach: Wie Designer ein verkehrtes Eigentum im Tudor-Stil genommen haben und es in ein charakteristisches Zuhause verwandelten - Nachrichten - Stra\u00dfenweb\",\"isPartOf\":{\"@id\":\"https:\\\/\\\/www.strassenweb.de\\\/nachrichten\\\/#website\"},\"primaryImageOfPage\":{\"@id\":\"https:\\\/\\\/www.strassenweb.de\\\/nachrichten\\\/vor-und-danach-wie-designer-ein-verkehrtes-eigentum-im-tudor-stil-genommen-haben-und-es-in-ein-charakteristisches-zuhause-verwandelten\\\/#primaryimage\"},\"image\":{\"@id\":\"https:\\\/\\\/www.strassenweb.de\\\/nachrichten\\\/vor-und-danach-wie-designer-ein-verkehrtes-eigentum-im-tudor-stil-genommen-haben-und-es-in-ein-charakteristisches-zuhause-verwandelten\\\/#primaryimage\"},\"thumbnailUrl\":\"https:\\\/\\\/www.strassenweb.de\\\/nachrichten\\\/wp-content\\\/uploads\\\/2025\\\/06\\\/Vor-und-danach-Wie-Designer-ein-verkehrtes-Eigentum-im-Tudor-Stil.jpg\",\"datePublished\":\"2025-06-12T11:41:19+00:00\",\"dateModified\":\"2025-06-12T11:41:20+00:00\",\"breadcrumb\":{\"@id\":\"https:\\\/\\\/www.strassenweb.de\\\/nachrichten\\\/vor-und-danach-wie-designer-ein-verkehrtes-eigentum-im-tudor-stil-genommen-haben-und-es-in-ein-charakteristisches-zuhause-verwandelten\\\/#breadcrumb\"},\"inLanguage\":\"de\",\"potentialAction\":[{\"@type\":\"ReadAction\",\"target\":[\"https:\\\/\\\/www.strassenweb.de\\\/nachrichten\\\/vor-und-danach-wie-designer-ein-verkehrtes-eigentum-im-tudor-stil-genommen-haben-und-es-in-ein-charakteristisches-zuhause-verwandelten\\\/\"]}]},{\"@type\":\"ImageObject\",\"inLanguage\":\"de\",\"@id\":\"https:\\\/\\\/www.strassenweb.de\\\/nachrichten\\\/vor-und-danach-wie-designer-ein-verkehrtes-eigentum-im-tudor-stil-genommen-haben-und-es-in-ein-charakteristisches-zuhause-verwandelten\\\/#primaryimage\",\"url\":\"https:\\\/\\\/www.strassenweb.de\\\/nachrichten\\\/wp-content\\\/uploads\\\/2025\\\/06\\\/Vor-und-danach-Wie-Designer-ein-verkehrtes-Eigentum-im-Tudor-Stil.jpg\",\"contentUrl\":\"https:\\\/\\\/www.strassenweb.de\\\/nachrichten\\\/wp-content\\\/uploads\\\/2025\\\/06\\\/Vor-und-danach-Wie-Designer-ein-verkehrtes-Eigentum-im-Tudor-Stil.jpg\",\"width\":1600,\"height\":900,\"caption\":\"Open plan kitchen and diner with red cabinets and cream walls with dark countertop and a dark wooden island\"},{\"@type\":\"BreadcrumbList\",\"@id\":\"https:\\\/\\\/www.strassenweb.de\\\/nachrichten\\\/vor-und-danach-wie-designer-ein-verkehrtes-eigentum-im-tudor-stil-genommen-haben-und-es-in-ein-charakteristisches-zuhause-verwandelten\\\/#breadcrumb\",\"itemListElement\":[{\"@type\":\"ListItem\",\"position\":1,\"name\":\"Home\",\"item\":\"https:\\\/\\\/www.strassenweb.de\\\/nachrichten\\\/\"},{\"@type\":\"ListItem\",\"position\":2,\"name\":\"Vor und danach: Wie Designer ein verkehrtes Eigentum im Tudor-Stil genommen haben und es in ein charakteristisches Zuhause verwandelten\"}]},{\"@type\":\"WebSite\",\"@id\":\"https:\\\/\\\/www.strassenweb.de\\\/nachrichten\\\/#website\",\"url\":\"https:\\\/\\\/www.strassenweb.de\\\/nachrichten\\\/\",\"name\":\"Stra\u00dfenweb\",\"description\":\"Stra\u00dfenverzeichnis f\u00fcr Deutschland\",\"publisher\":{\"@id\":\"https:\\\/\\\/www.strassenweb.de\\\/nachrichten\\\/#organization\"},\"potentialAction\":[{\"@type\":\"SearchAction\",\"target\":{\"@type\":\"EntryPoint\",\"urlTemplate\":\"https:\\\/\\\/www.strassenweb.de\\\/nachrichten\\\/?s={search_term_string}\"},\"query-input\":{\"@type\":\"PropertyValueSpecification\",\"valueRequired\":true,\"valueName\":\"search_term_string\"}}],\"inLanguage\":\"de\"},{\"@type\":\"Organization\",\"@id\":\"https:\\\/\\\/www.strassenweb.de\\\/nachrichten\\\/#organization\",\"name\":\"Stra\u00dfenweb\",\"url\":\"https:\\\/\\\/www.strassenweb.de\\\/nachrichten\\\/\",\"logo\":{\"@type\":\"ImageObject\",\"inLanguage\":\"de\",\"@id\":\"https:\\\/\\\/www.strassenweb.de\\\/nachrichten\\\/#\\\/schema\\\/logo\\\/image\\\/\",\"url\":\"https:\\\/\\\/www.strassenweb.de\\\/nachrichten\\\/wp-content\\\/uploads\\\/2024\\\/09\\\/cropped-favicon.png\",\"contentUrl\":\"https:\\\/\\\/www.strassenweb.de\\\/nachrichten\\\/wp-content\\\/uploads\\\/2024\\\/09\\\/cropped-favicon.png\",\"width\":512,\"height\":512,\"caption\":\"Stra\u00dfenweb\"},\"image\":{\"@id\":\"https:\\\/\\\/www.strassenweb.de\\\/nachrichten\\\/#\\\/schema\\\/logo\\\/image\\\/\"},\"sameAs\":[\"https:\\\/\\\/www.facebook.com\\\/strassenweb\\\/\"]},{\"@type\":\"Person\",\"@id\":\"https:\\\/\\\/www.strassenweb.de\\\/nachrichten\\\/#\\\/schema\\\/person\\\/87c9c9067f1211da429a744dc5a5aa41\",\"name\":\"Robert Hoffmann\",\"image\":{\"@type\":\"ImageObject\",\"inLanguage\":\"de\",\"@id\":\"https:\\\/\\\/www.strassenweb.de\\\/nachrichten\\\/wp-content\\\/uploads\\\/2024\\\/09\\\/strassenweb-150x150.jpg\",\"url\":\"https:\\\/\\\/www.strassenweb.de\\\/nachrichten\\\/wp-content\\\/uploads\\\/2024\\\/09\\\/strassenweb-150x150.jpg\",\"contentUrl\":\"https:\\\/\\\/www.strassenweb.de\\\/nachrichten\\\/wp-content\\\/uploads\\\/2024\\\/09\\\/strassenweb-150x150.jpg\",\"caption\":\"Robert Hoffmann\"},\"description\":\"Ich hei\u00dfe Robert Hoffmann und ich bin ein leidenschaftlicher Verfechter von \u00d6kologie und Biodiversit\u00e4t. Seit meiner Kindheit in den W\u00e4ldern Bayerns f\u00fchle ich mich mit der Natur verbunden und bin entschlossen, sie zu sch\u00fctzen. Heute widme ich mein Leben der Sensibilisierung anderer f\u00fcr die Bedeutung des Umweltschutzes f\u00fcr zuk\u00fcnftige Generationen.\",\"sameAs\":[\"https:\\\/\\\/www.strassenweb.de\\\/\"]}]}<\/script>\n<!-- \/ Yoast SEO plugin. -->","yoast_head_json":{"title":"Vor und danach: Wie Designer ein verkehrtes Eigentum im Tudor-Stil genommen haben und es in ein charakteristisches Zuhause verwandelten - Nachrichten - Stra\u00dfenweb","robots":{"index":"index","follow":"follow","max-snippet":"max-snippet:-1","max-image-preview":"max-image-preview:large","max-video-preview":"max-video-preview:-1"},"canonical":"https:\/\/www.strassenweb.de\/nachrichten\/vor-und-danach-wie-designer-ein-verkehrtes-eigentum-im-tudor-stil-genommen-haben-und-es-in-ein-charakteristisches-zuhause-verwandelten\/","og_locale":"de_DE","og_type":"article","og_title":"Vor und danach: Wie Designer ein verkehrtes Eigentum im Tudor-Stil genommen haben und es in ein charakteristisches Zuhause verwandelten - Nachrichten - Stra\u00dfenweb","og_description":"Umbau historischer H\u00e4user geschmackvoll und sympathisch ist eine F\u00e4higkeit. So oft hatten diese alten Immobilien viele Leben und haben viele weniger geschmackvolle \u00dcberholungen unterzogen, die","og_url":"https:\/\/www.strassenweb.de\/nachrichten\/vor-und-danach-wie-designer-ein-verkehrtes-eigentum-im-tudor-stil-genommen-haben-und-es-in-ein-charakteristisches-zuhause-verwandelten\/","og_site_name":"Stra\u00dfenweb","article_publisher":"https:\/\/www.facebook.com\/strassenweb\/","article_published_time":"2025-06-12T11:41:19+00:00","article_modified_time":"2025-06-12T11:41:20+00:00","og_image":[{"width":1600,"height":900,"url":"https:\/\/www.strassenweb.de\/nachrichten\/wp-content\/uploads\/2025\/06\/Vor-und-danach-Wie-Designer-ein-verkehrtes-Eigentum-im-Tudor-Stil.jpg","type":"image\/jpeg"}],"author":"Robert Hoffmann","twitter_card":"summary_large_image","twitter_misc":{"Verfasst von":"Robert Hoffmann","Gesch\u00e4tzte Lesezeit":"6\u00a0Minuten"},"schema":{"@context":"https:\/\/schema.org","@graph":[{"@type":"Article","@id":"https:\/\/www.strassenweb.de\/nachrichten\/vor-und-danach-wie-designer-ein-verkehrtes-eigentum-im-tudor-stil-genommen-haben-und-es-in-ein-charakteristisches-zuhause-verwandelten\/#article","isPartOf":{"@id":"https:\/\/www.strassenweb.de\/nachrichten\/vor-und-danach-wie-designer-ein-verkehrtes-eigentum-im-tudor-stil-genommen-haben-und-es-in-ein-charakteristisches-zuhause-verwandelten\/"},"author":{"name":"Robert Hoffmann","@id":"https:\/\/www.strassenweb.de\/nachrichten\/#\/schema\/person\/87c9c9067f1211da429a744dc5a5aa41"},"headline":"Vor und danach: Wie Designer ein verkehrtes Eigentum im Tudor-Stil genommen haben und es in ein charakteristisches Zuhause verwandelten","datePublished":"2025-06-12T11:41:19+00:00","dateModified":"2025-06-12T11:41:20+00:00","mainEntityOfPage":{"@id":"https:\/\/www.strassenweb.de\/nachrichten\/vor-und-danach-wie-designer-ein-verkehrtes-eigentum-im-tudor-stil-genommen-haben-und-es-in-ein-charakteristisches-zuhause-verwandelten\/"},"wordCount":1228,"publisher":{"@id":"https:\/\/www.strassenweb.de\/nachrichten\/#organization"},"image":{"@id":"https:\/\/www.strassenweb.de\/nachrichten\/vor-und-danach-wie-designer-ein-verkehrtes-eigentum-im-tudor-stil-genommen-haben-und-es-in-ein-charakteristisches-zuhause-verwandelten\/#primaryimage"},"thumbnailUrl":"https:\/\/www.strassenweb.de\/nachrichten\/wp-content\/uploads\/2025\/06\/Vor-und-danach-Wie-Designer-ein-verkehrtes-Eigentum-im-Tudor-Stil.jpg","keywords":["charakteristisches","danach","Designer","Eigentum","ein","genommen","haben","TudorStil","und","verkehrtes","verwandelten","vor","Wie","Zuhause"],"articleSection":["Haus &amp; Garten"],"inLanguage":"de"},{"@type":"WebPage","@id":"https:\/\/www.strassenweb.de\/nachrichten\/vor-und-danach-wie-designer-ein-verkehrtes-eigentum-im-tudor-stil-genommen-haben-und-es-in-ein-charakteristisches-zuhause-verwandelten\/","url":"https:\/\/www.strassenweb.de\/nachrichten\/vor-und-danach-wie-designer-ein-verkehrtes-eigentum-im-tudor-stil-genommen-haben-und-es-in-ein-charakteristisches-zuhause-verwandelten\/","name":"Vor und danach: Wie Designer ein verkehrtes Eigentum im Tudor-Stil genommen haben und es in ein charakteristisches Zuhause verwandelten - Nachrichten - Stra\u00dfenweb","isPartOf":{"@id":"https:\/\/www.strassenweb.de\/nachrichten\/#website"},"primaryImageOfPage":{"@id":"https:\/\/www.strassenweb.de\/nachrichten\/vor-und-danach-wie-designer-ein-verkehrtes-eigentum-im-tudor-stil-genommen-haben-und-es-in-ein-charakteristisches-zuhause-verwandelten\/#primaryimage"},"image":{"@id":"https:\/\/www.strassenweb.de\/nachrichten\/vor-und-danach-wie-designer-ein-verkehrtes-eigentum-im-tudor-stil-genommen-haben-und-es-in-ein-charakteristisches-zuhause-verwandelten\/#primaryimage"},"thumbnailUrl":"https:\/\/www.strassenweb.de\/nachrichten\/wp-content\/uploads\/2025\/06\/Vor-und-danach-Wie-Designer-ein-verkehrtes-Eigentum-im-Tudor-Stil.jpg","datePublished":"2025-06-12T11:41:19+00:00","dateModified":"2025-06-12T11:41:20+00:00","breadcrumb":{"@id":"https:\/\/www.strassenweb.de\/nachrichten\/vor-und-danach-wie-designer-ein-verkehrtes-eigentum-im-tudor-stil-genommen-haben-und-es-in-ein-charakteristisches-zuhause-verwandelten\/#breadcrumb"},"inLanguage":"de","potentialAction":[{"@type":"ReadAction","target":["https:\/\/www.strassenweb.de\/nachrichten\/vor-und-danach-wie-designer-ein-verkehrtes-eigentum-im-tudor-stil-genommen-haben-und-es-in-ein-charakteristisches-zuhause-verwandelten\/"]}]},{"@type":"ImageObject","inLanguage":"de","@id":"https:\/\/www.strassenweb.de\/nachrichten\/vor-und-danach-wie-designer-ein-verkehrtes-eigentum-im-tudor-stil-genommen-haben-und-es-in-ein-charakteristisches-zuhause-verwandelten\/#primaryimage","url":"https:\/\/www.strassenweb.de\/nachrichten\/wp-content\/uploads\/2025\/06\/Vor-und-danach-Wie-Designer-ein-verkehrtes-Eigentum-im-Tudor-Stil.jpg","contentUrl":"https:\/\/www.strassenweb.de\/nachrichten\/wp-content\/uploads\/2025\/06\/Vor-und-danach-Wie-Designer-ein-verkehrtes-Eigentum-im-Tudor-Stil.jpg","width":1600,"height":900,"caption":"Open plan kitchen and diner with red cabinets and cream walls with dark countertop and a dark wooden island"},{"@type":"BreadcrumbList","@id":"https:\/\/www.strassenweb.de\/nachrichten\/vor-und-danach-wie-designer-ein-verkehrtes-eigentum-im-tudor-stil-genommen-haben-und-es-in-ein-charakteristisches-zuhause-verwandelten\/#breadcrumb","itemListElement":[{"@type":"ListItem","position":1,"name":"Home","item":"https:\/\/www.strassenweb.de\/nachrichten\/"},{"@type":"ListItem","position":2,"name":"Vor und danach: Wie Designer ein verkehrtes Eigentum im Tudor-Stil genommen haben und es in ein charakteristisches Zuhause verwandelten"}]},{"@type":"WebSite","@id":"https:\/\/www.strassenweb.de\/nachrichten\/#website","url":"https:\/\/www.strassenweb.de\/nachrichten\/","name":"Stra\u00dfenweb","description":"Stra\u00dfenverzeichnis f\u00fcr Deutschland","publisher":{"@id":"https:\/\/www.strassenweb.de\/nachrichten\/#organization"},"potentialAction":[{"@type":"SearchAction","target":{"@type":"EntryPoint","urlTemplate":"https:\/\/www.strassenweb.de\/nachrichten\/?s={search_term_string}"},"query-input":{"@type":"PropertyValueSpecification","valueRequired":true,"valueName":"search_term_string"}}],"inLanguage":"de"},{"@type":"Organization","@id":"https:\/\/www.strassenweb.de\/nachrichten\/#organization","name":"Stra\u00dfenweb","url":"https:\/\/www.strassenweb.de\/nachrichten\/","logo":{"@type":"ImageObject","inLanguage":"de","@id":"https:\/\/www.strassenweb.de\/nachrichten\/#\/schema\/logo\/image\/","url":"https:\/\/www.strassenweb.de\/nachrichten\/wp-content\/uploads\/2024\/09\/cropped-favicon.png","contentUrl":"https:\/\/www.strassenweb.de\/nachrichten\/wp-content\/uploads\/2024\/09\/cropped-favicon.png","width":512,"height":512,"caption":"Stra\u00dfenweb"},"image":{"@id":"https:\/\/www.strassenweb.de\/nachrichten\/#\/schema\/logo\/image\/"},"sameAs":["https:\/\/www.facebook.com\/strassenweb\/"]},{"@type":"Person","@id":"https:\/\/www.strassenweb.de\/nachrichten\/#\/schema\/person\/87c9c9067f1211da429a744dc5a5aa41","name":"Robert Hoffmann","image":{"@type":"ImageObject","inLanguage":"de","@id":"https:\/\/www.strassenweb.de\/nachrichten\/wp-content\/uploads\/2024\/09\/strassenweb-150x150.jpg","url":"https:\/\/www.strassenweb.de\/nachrichten\/wp-content\/uploads\/2024\/09\/strassenweb-150x150.jpg","contentUrl":"https:\/\/www.strassenweb.de\/nachrichten\/wp-content\/uploads\/2024\/09\/strassenweb-150x150.jpg","caption":"Robert Hoffmann"},"description":"Ich hei\u00dfe Robert Hoffmann und ich bin ein leidenschaftlicher Verfechter von \u00d6kologie und Biodiversit\u00e4t. Seit meiner Kindheit in den W\u00e4ldern Bayerns f\u00fchle ich mich mit der Natur verbunden und bin entschlossen, sie zu sch\u00fctzen. Heute widme ich mein Leben der Sensibilisierung anderer f\u00fcr die Bedeutung des Umweltschutzes f\u00fcr zuk\u00fcnftige Generationen.","sameAs":["https:\/\/www.strassenweb.de\/"]}]}},"_links":{"self":[{"href":"https:\/\/www.strassenweb.de\/nachrichten\/wp-json\/wp\/v2\/posts\/5617","targetHints":{"allow":["GET"]}}],"collection":[{"href":"https:\/\/www.strassenweb.de\/nachrichten\/wp-json\/wp\/v2\/posts"}],"about":[{"href":"https:\/\/www.strassenweb.de\/nachrichten\/wp-json\/wp\/v2\/types\/post"}],"author":[{"embeddable":true,"href":"https:\/\/www.strassenweb.de\/nachrichten\/wp-json\/wp\/v2\/users\/1"}],"replies":[{"embeddable":true,"href":"https:\/\/www.strassenweb.de\/nachrichten\/wp-json\/wp\/v2\/comments?post=5617"}],"version-history":[{"count":0,"href":"https:\/\/www.strassenweb.de\/nachrichten\/wp-json\/wp\/v2\/posts\/5617\/revisions"}],"wp:featuredmedia":[{"embeddable":true,"href":"https:\/\/www.strassenweb.de\/nachrichten\/wp-json\/wp\/v2\/media\/5618"}],"wp:attachment":[{"href":"https:\/\/www.strassenweb.de\/nachrichten\/wp-json\/wp\/v2\/media?parent=5617"}],"wp:term":[{"taxonomy":"category","embeddable":true,"href":"https:\/\/www.strassenweb.de\/nachrichten\/wp-json\/wp\/v2\/categories?post=5617"},{"taxonomy":"post_tag","embeddable":true,"href":"https:\/\/www.strassenweb.de\/nachrichten\/wp-json\/wp\/v2\/tags?post=5617"}],"curies":[{"name":"wp","href":"https:\/\/api.w.org\/{rel}","templated":true}]}}